{"id":200551,"date":"2020-05-12T14:22:02","date_gmt":"2020-05-12T14:22:02","guid":{"rendered":"https:\/\/www.meydan.tv\/article\/celilabad-sakinleri-rayona-gelen-yardimlar-kasiblara-catmir\/"},"modified":"2020-05-12T14:22:02","modified_gmt":"2020-05-12T14:22:02","slug":"celilabad-sakinleri-rayona-gelen-yardimlar-kasiblara-catmir","status":"publish","type":"post","link":"https:\/\/www.meydan.tv\/az\/article\/celilabad-sakinleri-rayona-gelen-yardimlar-kasiblara-catmir\/","title":{"rendered":"C\u0259lilabad sakinl\u0259ri: Rayona g\u0259l\u0259n yard\u0131mlar kas\u0131blara \u00e7atm\u0131r"},"content":{"rendered":"<p>\n  <i><br \/>\n    \u201cHeyd\u0259r \u018fliyev Fondunun ehtiyacl\u0131 ail\u0259l\u0259r \u00fc\u00e7\u00fcn g\u00f6nd\u0259rdiyi yard\u0131mlar\u0131 m\u0259murlar \u00f6z aralar\u0131nda b\u00f6l\u00fc\u015fd\u00fcr\u00fcrl\u0259r\u201d<br \/>\n  <\/i>\n<\/p>\n<p>\n  \u201cC\u0259lilabad rayonunda yard\u0131m almaq \u00fc\u00e7\u00fcn kas\u0131b yox, ya YAP \u00fczv\u00fc olmal\u0131san, ya arxan hans\u0131sa m\u0259mura ba\u011fl\u0131 olmal\u0131d\u0131r, ya da hakimiyy\u0259t\u0259, m\u0259mura qar\u015f\u0131 h\u0259dsiz yaltaq olmal\u0131san. Karantin ba\u015flanandan yard\u0131mlar bel\u0259l\u0259rin\u0259 paylan\u0131l\u0131r, kas\u0131b, m\u0259zlum k\u0259narda qal\u0131r\u201d.\n<\/p>\n<p>\n  C\u0259lilabad sakinl\u0259ri iddia edirl\u0259r ki, Heyd\u0259r \u018fliyev Fondu t\u0259r\u0259find\u0259n rayona v\u0259 k\u0259ndl\u0259r\u0259 g\u00f6nd\u0259ril\u0259n \u0259rzaq yard\u0131mlar\u0131 v\u0259zif\u0259li \u015f\u0259xsl\u0259rin yax\u0131nlar\u0131na paylan\u0131l\u0131r. Rayon sakini Sam\u0259ddin M\u0259mm\u0259dov Meydan TV-y\u0259 dan\u0131\u015f\u0131r ki, onun q\u0131z\u0131 3 u\u015fa\u011f\u0131 t\u0259kba\u015f\u0131na v\u0259 \u00e7\u0259tinlikl\u0259r i\u00e7\u0259risind\u0259 saxlay\u0131r. Ancaq bu ail\u0259y\u0259 yard\u0131m ba\u011flamalar\u0131ndan pay d\u00fc\u015fm\u0259yib.\n<\/p>\n<p>\n  <b><br \/>\n    \u201c3 u\u015faql\u0131 t\u0259k anaya n\u0259 \u0259rzaq verilir, n\u0259 d\u0259 190 manat&#8230;\u201d<br \/>\n  <\/b>\n<\/p>\n<p>\n  \u201cEhtiyacl\u0131 ail\u0259l\u0259r ad\u0131na g\u00f6nd\u0259ril\u0259n yard\u0131mlar imkan\u0131 olan \u015f\u0259xsl\u0259r aras\u0131nda b\u00f6l\u00fc\u015fd\u00fcr\u00fcl\u00fcr. Buna g\u00f6r\u0259 \u015eil\u0259v\u0259ng\u0259 k\u0259nd icra n\u00fcmay\u0259nd\u0259si d\u0259 i\u015fd\u0259n \u00e7\u0131xar\u0131ld\u0131, cinay\u0259t m\u0259suliyy\u0259tin\u0259 c\u0259lb olundu, h\u0259tta 1-2 g\u00fcn polisd\u0259 d\u0259 saxlan\u0131ld\u0131. Ancaq n\u0259 faydas\u0131? Dig\u0259r icra n\u00fcmay\u0259nd\u0259l\u0259ri yen\u0259 \u00f6z i\u015find\u0259dir. Sad\u0259c\u0259, 1-2 n\u0259f\u0259ri tutmaqla xalq\u0131n g\u00f6z\u00fcn\u0259 k\u00fcl \u00fcf\u00fcr\u00fcrl\u0259r. Yax\u0131n k\u0259ndl\u0259rd\u0259 tan\u0131d\u0131\u011f\u0131m ail\u0259l\u0259r var, ac\u0131ndan \u00f6l\u00fcr, ancaq qap\u0131lar\u0131 yard\u0131m qutusu paylayanlar t\u0259r\u0259find\u0259n birc\u0259 d\u0259f\u0259 d\u0259 d\u00f6y\u00fclm\u0259yib. \u015e\u0259xs\u0259n m\u0259nim k\u00fcr\u0259k\u0259nim h\u0259bsd\u0259dir, q\u0131z\u0131m 3 azya\u015fl\u0131 \u00f6vlad\u0131n\u0131 t\u0259k saxlay\u0131r, u\u015faqlardan biri serebral iflicd\u0259n \u0259ziyy\u0259t \u00e7\u0259kir, q\u0131z\u0131m i\u015fl\u0259mir v\u0259 o \u0259rza\u011fa da, o 190 manata da \u00e7ox ehtiyac\u0131 vard\u0131, he\u00e7 birini verm\u0259dil\u0259r. Sad\u0259c\u0259 \u0259halid\u0259 o q\u0259d\u0259r polis xofu yarad\u0131blar ki, adamlar s\u0259sl\u0259rini \u00e7\u0131xar\u0131b dey\u0259 bilmirl\u0259r ki, bu qutu niy\u0259 kas\u0131b\u0131n yox, imkanl\u0131n\u0131n qap\u0131s\u0131na getdi&#8230;\u201d, &#8211; Sam\u0259ddin M\u0259mm\u0259dov deyir.\n<\/p>\n<p>\n  <b><br \/>\n    \u201cKaz\u0131mabadda da yard\u0131mlar m\u0259nims\u0259nilir\u201d<br \/>\n  <\/b>\n<\/p>\n<p>\n  Rayonun Kaz\u0131mabad k\u0259nd sakini Anar A\u011fayev deyir ki, bu k\u0259ndd\u0259 d\u0259 eyni durumdur:\n<\/p>\n<p>\n  \u201cHeyd\u0259r \u018fliyev Fondu t\u0259r\u0259find\u0259n g\u00f6nd\u0259ril\u0259n yard\u0131m ba\u011flamalar\u0131 gec\u0259l\u0259r v\u0259zif\u0259li \u015f\u0259xsl\u0259rin qohum-\u0259qr\u0259balar\u0131n\u0131n evin\u0259 \u00f6t\u00fcr\u00fcl\u00fcr. K\u0259nd\u0259 yolunuz d\u00fc\u015fs\u0259, burda ham\u0131n\u0131n \u00fcr\u0259yi doludur, ba\u015f ver\u0259nl\u0259ri sakinl\u0259r siz\u0259 yerli-yerind\u0259 dan\u0131\u015far. \u0130\u015fl\u0259m\u0259y\u0259n, he\u00e7 bir g\u0259liri olmayan azt\u0259minatl\u0131 ail\u0259l\u0259r k\u0259narda qal\u0131b, alt\u0131nda 40-50 min manatl\u0131q ma\u015f\u0131n\u0131 olanlar evl\u0259rin\u0259 \u0259rzaq ba\u011flamalar\u0131 da\u015f\u0131y\u0131r\u201d.\n<\/p>\n<p>\n  C\u0259lilabad Rayon \u0130cra Hakimiyy\u0259tind\u0259n is\u0259 Meydan TV-y\u0259 bildirilib ki, deyil\u0259nl\u0259r \u0259sass\u0131zd\u0131r:\n<\/p>\n<p>\n  \u201cH\u0259m Heyd\u0259r \u018fliyev Fondu, h\u0259m d\u0259 icra hakimiyy\u0259ti x\u00fcsusi karantin rejiminin t\u0259tbiq olundu\u011fu d\u00f6vrd\u0259 rayonda diqq\u0259t v\u0259 qay\u011f\u0131ya ehtiyac\u0131 olan azt\u0259minatl\u0131 ail\u0259l\u0259r\u0259 maddi v\u0259 m\u0259n\u0259vi d\u0259st\u0259k g\u00f6st\u0259rilm\u0259si istiqam\u0259tind\u0259 sosial aksiya ke\u00e7irir. Bir ne\u00e7\u0259 g\u00fcn \u0259vv\u0259l is\u0259 G\u00f6yt\u0259p\u0259d\u0259 v\u0259 Privolnoye k\u0259ndind\u0259 ya\u015fayan rus xalq\u0131n\u0131n n\u00fcmay\u0259nd\u0259l\u0259ri d\u0259 daxil olmaqla 250 ail\u0259 ziyar\u0259t edildi, onlara \u0259rzaq m\u0259hsullar\u0131ndan ibar\u0259t sovqatlar payland\u0131. Bu aksiyalar karantin rejimi bit\u0259n\u0259d\u0259k davam ed\u0259c\u0259k\u201d.\n<\/p>\n<p>\n  Onu da bildirdil\u0259r ki, may\u0131n 4-d\u0259 C\u0259lilabad Rayon \u0130cra Hakimiyy\u0259tinin ba\u015f\u00e7\u0131s\u0131 Namiq Zeynalov inzibati \u0259razi dair\u0259l\u0259ri \u00fczr\u0259 n\u00fcmay\u0259nd\u0259l\u0259rin i\u015ftirak\u0131 il\u0259 videoformatda m\u00fc\u015favir\u0259 ke\u00e7irib. O, icra n\u00fcmay\u0259nd\u0259l\u0259rin\u0259 azt\u0259minatl\u0131 ail\u0259l\u0259r\u0259 \u0259rzaq ba\u011flamalar\u0131n\u0131n paylan\u0131lmas\u0131nda diqq\u0259tli olmaq, \u015f\u0259ffafl\u0131\u011f\u0131 qorunmaqla ba\u011fl\u0131 x\u0259b\u0259rdarl\u0131q edib.\n<\/p>\n<p>\n  Karantin d\u00f6vr\u00fcnd\u0259 Heyd\u0259r \u018fliyev Fondu t\u0259r\u0259find\u0259n b\u00f6lg\u0259l\u0259rd\u0259ki azt\u0259minatl\u0131 ail\u0259l\u0259r\u0259 g\u00f6nd\u0259ril\u0259n \u0259rzaq yard\u0131mlar\u0131n\u0131n yax\u0131n qohumlara paylanmas\u0131 il\u0259 ba\u011fl\u0131 bir ne\u00e7\u0259 g\u00fcn \u0259vv\u0259l C\u0259lilabad\u0131n \u015eil\u0259v\u0259ng\u0259 k\u0259nd icra n\u00fcmay\u0259nd\u0259si Ba\u011f\u0131r \u015eir\u0259liyev, Z\u0259rdab\u0131n M\u0259mm\u0259dqas\u0131ml\u0131 k\u0259nd icra n\u00fcmay\u0259nd\u0259sinin m\u00fcavini M\u0259taf Mikay\u0131lov tutduqlar\u0131 v\u0259zif\u0259l\u0259rind\u0259n azad edilib. H\u0259r ikisi bar\u0259sind\u0259 ya\u015fad\u0131qlar\u0131 \u0259razi \u00fczr\u0259 prokurorluqlarda cinay\u0259t i\u015fi ba\u015flan\u0131b. Ba\u015f Prokurorlu\u011fun m\u0259tbuat xidm\u0259ti bununla ba\u011fl\u0131 may\u0131n \u0259vv\u0259lind\u0259 yayd\u0131\u011f\u0131 m\u0259lumatda qeyd edib ki, haz\u0131rda h\u0259min i\u015fl\u0259r \u00fczr\u0259 t\u0259qsirli \u015f\u0259xsl\u0259rin dair\u0259sinin m\u00fc\u0259yy\u0259nl\u0259\u015fdiril\u0259r\u0259k m\u0259suliyy\u0259t\u0259 c\u0259lb edilm\u0259l\u0259ri istiqam\u0259tind\u0259 istintaq-\u0259m\u0259liyyat t\u0259dbirl\u0259ri davam etdirilir.\n<\/p>\n<p>\n  Ba\u015f Prokurorluq bu q\u0259bild\u0259n olan qanunazidd hallarla \u00fczl\u0259\u015f\u0259n v\u0259t\u0259nda\u015flara m\u00fcraci\u0259t ed\u0259r\u0259k \u201c961\u201d n\u00f6mr\u0259li \u201c\u00c7a\u011fr\u0131 M\u0259rk\u0259zi\u201dn\u0259 m\u0259lumat verm\u0259l\u0259rini xahi\u015f edib.<\/p>\n","protected":false},"excerpt":{"rendered":"<p>Onu da bildirdil\u0259r ki, may\u0131n 4-d\u0259 C\u0259lilabad Rayon \u0130cra Hakimiyy\u0259tinin ba\u015f\u00e7\u0131s\u0131 Namiq Zeynalov inzibati \u0259razi dair\u0259l\u0259ri \u00fczr\u0259 n\u00fcmay\u0259nd\u0259l\u0259rin i\u015ftirak\u0131 il\u0259 videoformatda m\u00fc\u015favir\u0259 ke\u00e7irib.<\/p>\n","protected":false},"author":11,"featured_media":141683,"comment_status":"closed","ping_status":"open","sticky":false,"template":"","format":"standard","meta":{"_acf_changed":false,"_sitemap_exclude":false,"_sitemap_priority":"","_sitemap_frequency":"","footnotes":""},"categories":[60],"tags":[],"class_list":["post-200551","post","type-post","status-publish","format-standard","has-post-thumbnail","hentry","category-bolge","infinite-scroll-item","generate-columns","tablet-grid-50","mobile-grid-100","grid-parent","grid-33","no-featured-image-padding"],"acf":[],"yoast_head":"<!-- This site is optimized with the Yoast SEO plugin v27.5 - https:\/\/yoast.com\/product\/yoast-seo-wordpress\/ -->\n<title>C\u0259lilabad sakinl\u0259ri: Rayona g\u0259l\u0259n yard\u0131mlar kas\u0131blara \u00e7atm\u0131r - MEYDAN.TV<\/title>\n<meta name=\"robots\" content=\"index, follow, max-snippet:-1, max-image-preview:large, max-video-preview:-1\" \/>\n<link rel=\"canonical\" href=\"https:\/\/www.meydan.tv\/az\/article\/celilabad-sakinleri-rayona-gelen-yardimlar-kasiblara-catmir\/\" \/>\n<meta property=\"og:locale\" content=\"az_AZ\" \/>\n<meta property=\"og:type\" content=\"article\" \/>\n<meta property=\"og:title\" content=\"C\u0259lilabad sakinl\u0259ri: Rayona g\u0259l\u0259n yard\u0131mlar kas\u0131blara \u00e7atm\u0131r - MEYDAN.TV\" \/>\n<meta property=\"og:description\" content=\"Onu da bildirdil\u0259r ki, may\u0131n 4-d\u0259 C\u0259lilabad Rayon \u0130cra Hakimiyy\u0259tinin ba\u015f\u00e7\u0131s\u0131 Namiq Zeynalov inzibati \u0259razi dair\u0259l\u0259ri \u00fczr\u0259 n\u00fcmay\u0259nd\u0259l\u0259rin i\u015ftirak\u0131 il\u0259 videoformatda m\u00fc\u015favir\u0259 ke\u00e7irib.\" \/>\n<meta property=\"og:url\" content=\"https:\/\/www.meydan.tv\/az\/article\/celilabad-sakinleri-rayona-gelen-yardimlar-kasiblara-catmir\/\" \/>\n<meta property=\"og:site_name\" content=\"MEYDAN.TV\" \/>\n<meta property=\"article:published_time\" content=\"2020-05-12T14:22:02+00:00\" \/>\n<meta property=\"og:image\" content=\"https:\/\/www.meydan.tv\/wp-content\/uploads\/image_from_ios_3_gbswqrb.jpg\" \/>\n\t<meta property=\"og:image:width\" content=\"720\" \/>\n\t<meta property=\"og:image:height\" content=\"720\" \/>\n\t<meta property=\"og:image:type\" content=\"image\/jpeg\" \/>\n<meta name=\"author\" content=\"user-manager\" \/>\n<meta name=\"twitter:card\" content=\"summary_large_image\" \/>\n<script type=\"application\/ld+json\" class=\"yoast-schema-graph\">{\"@context\":\"https:\\\/\\\/schema.org\",\"@graph\":[{\"@type\":\"Article\",\"@id\":\"https:\\\/\\\/www.meydan.tv\\\/az\\\/article\\\/celilabad-sakinleri-rayona-gelen-yardimlar-kasiblara-catmir\\\/#article\",\"isPartOf\":{\"@id\":\"https:\\\/\\\/www.meydan.tv\\\/az\\\/article\\\/celilabad-sakinleri-rayona-gelen-yardimlar-kasiblara-catmir\\\/\"},\"author\":{\"name\":\"user-manager\",\"@id\":\"https:\\\/\\\/www.meydan.tv\\\/az\\\/#\\\/schema\\\/person\\\/10d11eccf6da3662cf5fdab9806ea91a\"},\"headline\":\"C\u0259lilabad sakinl\u0259ri: Rayona g\u0259l\u0259n yard\u0131mlar kas\u0131blara \u00e7atm\u0131r\",\"datePublished\":\"2020-05-12T14:22:02+00:00\",\"mainEntityOfPage\":{\"@id\":\"https:\\\/\\\/www.meydan.tv\\\/az\\\/article\\\/celilabad-sakinleri-rayona-gelen-yardimlar-kasiblara-catmir\\\/\"},\"wordCount\":923,\"publisher\":{\"@id\":\"https:\\\/\\\/www.meydan.tv\\\/az\\\/#organization\"},\"image\":{\"@id\":\"https:\\\/\\\/www.meydan.tv\\\/az\\\/article\\\/celilabad-sakinleri-rayona-gelen-yardimlar-kasiblara-catmir\\\/#primaryimage\"},\"thumbnailUrl\":\"https:\\\/\\\/www.meydan.tv\\\/wp-content\\\/uploads\\\/image_from_ios_3_gbswqrb.jpg\",\"articleSection\":[\"B\u00f6lg\u0259\"],\"inLanguage\":\"az\"},{\"@type\":\"WebPage\",\"@id\":\"https:\\\/\\\/www.meydan.tv\\\/az\\\/article\\\/celilabad-sakinleri-rayona-gelen-yardimlar-kasiblara-catmir\\\/\",\"url\":\"https:\\\/\\\/www.meydan.tv\\\/az\\\/article\\\/celilabad-sakinleri-rayona-gelen-yardimlar-kasiblara-catmir\\\/\",\"name\":\"C\u0259lilabad sakinl\u0259ri: Rayona g\u0259l\u0259n yard\u0131mlar kas\u0131blara \u00e7atm\u0131r - MEYDAN.TV\",\"isPartOf\":{\"@id\":\"https:\\\/\\\/www.meydan.tv\\\/az\\\/#website\"},\"primaryImageOfPage\":{\"@id\":\"https:\\\/\\\/www.meydan.tv\\\/az\\\/article\\\/celilabad-sakinleri-rayona-gelen-yardimlar-kasiblara-catmir\\\/#primaryimage\"},\"image\":{\"@id\":\"https:\\\/\\\/www.meydan.tv\\\/az\\\/article\\\/celilabad-sakinleri-rayona-gelen-yardimlar-kasiblara-catmir\\\/#primaryimage\"},\"thumbnailUrl\":\"https:\\\/\\\/www.meydan.tv\\\/wp-content\\\/uploads\\\/image_from_ios_3_gbswqrb.jpg\",\"datePublished\":\"2020-05-12T14:22:02+00:00\",\"breadcrumb\":{\"@id\":\"https:\\\/\\\/www.meydan.tv\\\/az\\\/article\\\/celilabad-sakinleri-rayona-gelen-yardimlar-kasiblara-catmir\\\/#breadcrumb\"},\"inLanguage\":\"az\",\"potentialAction\":[{\"@type\":\"ReadAction\",\"target\":[\"https:\\\/\\\/www.meydan.tv\\\/az\\\/article\\\/celilabad-sakinleri-rayona-gelen-yardimlar-kasiblara-catmir\\\/\"]}]},{\"@type\":\"ImageObject\",\"inLanguage\":\"az\",\"@id\":\"https:\\\/\\\/www.meydan.tv\\\/az\\\/article\\\/celilabad-sakinleri-rayona-gelen-yardimlar-kasiblara-catmir\\\/#primaryimage\",\"url\":\"https:\\\/\\\/www.meydan.tv\\\/wp-content\\\/uploads\\\/image_from_ios_3_gbswqrb.jpg\",\"contentUrl\":\"https:\\\/\\\/www.meydan.tv\\\/wp-content\\\/uploads\\\/image_from_ios_3_gbswqrb.jpg\",\"width\":720,\"height\":720,\"caption\":\"Source: Specify Source\"},{\"@type\":\"BreadcrumbList\",\"@id\":\"https:\\\/\\\/www.meydan.tv\\\/az\\\/article\\\/celilabad-sakinleri-rayona-gelen-yardimlar-kasiblara-catmir\\\/#breadcrumb\",\"itemListElement\":[{\"@type\":\"ListItem\",\"position\":1,\"name\":\"Ana s\u0259hif\u0259\",\"item\":\"https:\\\/\\\/www.meydan.tv\\\/az\\\/\"},{\"@type\":\"ListItem\",\"position\":2,\"name\":\"B\u00f6lg\u0259\",\"item\":\"https:\\\/\\\/www.meydan.tv\\\/az\\\/section\\\/bolge\\\/\"},{\"@type\":\"ListItem\",\"position\":3,\"name\":\"C\u0259lilabad sakinl\u0259ri: Rayona g\u0259l\u0259n yard\u0131mlar kas\u0131blara \u00e7atm\u0131r\"}]},{\"@type\":\"WebSite\",\"@id\":\"https:\\\/\\\/www.meydan.tv\\\/az\\\/#website\",\"url\":\"https:\\\/\\\/www.meydan.tv\\\/az\\\/\",\"name\":\"MEYDAN.TV\",\"description\":\"Meydan TV Az\u0259rbaycan\u0131n media m\u0259kan\u0131ndak\u0131 alternativ s\u0259sidir\",\"publisher\":{\"@id\":\"https:\\\/\\\/www.meydan.tv\\\/az\\\/#organization\"},\"potentialAction\":[{\"@type\":\"SearchAction\",\"target\":{\"@type\":\"EntryPoint\",\"urlTemplate\":\"https:\\\/\\\/www.meydan.tv\\\/az\\\/?s={search_term_string}\"},\"query-input\":{\"@type\":\"PropertyValueSpecification\",\"valueRequired\":true,\"valueName\":\"search_term_string\"}}],\"inLanguage\":\"az\"},{\"@type\":\"Organization\",\"@id\":\"https:\\\/\\\/www.meydan.tv\\\/az\\\/#organization\",\"name\":\"Meydan TV\",\"url\":\"https:\\\/\\\/www.meydan.tv\\\/az\\\/\",\"logo\":{\"@type\":\"ImageObject\",\"inLanguage\":\"az\",\"@id\":\"https:\\\/\\\/www.meydan.tv\\\/az\\\/#\\\/schema\\\/logo\\\/image\\\/\",\"url\":\"https:\\\/\\\/www.meydan.tv\\\/wp-content\\\/uploads\\\/2021\\\/07\\\/meydan-logo.svg\",\"contentUrl\":\"https:\\\/\\\/www.meydan.tv\\\/wp-content\\\/uploads\\\/2021\\\/07\\\/meydan-logo.svg\",\"width\":195,\"height\":46,\"caption\":\"Meydan TV\"},\"image\":{\"@id\":\"https:\\\/\\\/www.meydan.tv\\\/az\\\/#\\\/schema\\\/logo\\\/image\\\/\"}},{\"@type\":\"Person\",\"@id\":\"https:\\\/\\\/www.meydan.tv\\\/az\\\/#\\\/schema\\\/person\\\/10d11eccf6da3662cf5fdab9806ea91a\",\"name\":\"user-manager\"}]}<\/script>\n<!-- \/ Yoast SEO plugin. -->","yoast_head_json":{"title":"C\u0259lilabad sakinl\u0259ri: Rayona g\u0259l\u0259n yard\u0131mlar kas\u0131blara \u00e7atm\u0131r - MEYDAN.TV","robots":{"index":"index","follow":"follow","max-snippet":"max-snippet:-1","max-image-preview":"max-image-preview:large","max-video-preview":"max-video-preview:-1"},"canonical":"https:\/\/www.meydan.tv\/az\/article\/celilabad-sakinleri-rayona-gelen-yardimlar-kasiblara-catmir\/","og_locale":"az_AZ","og_type":"article","og_title":"C\u0259lilabad sakinl\u0259ri: Rayona g\u0259l\u0259n yard\u0131mlar kas\u0131blara \u00e7atm\u0131r - MEYDAN.TV","og_description":"Onu da bildirdil\u0259r ki, may\u0131n 4-d\u0259 C\u0259lilabad Rayon \u0130cra Hakimiyy\u0259tinin ba\u015f\u00e7\u0131s\u0131 Namiq Zeynalov inzibati \u0259razi dair\u0259l\u0259ri \u00fczr\u0259 n\u00fcmay\u0259nd\u0259l\u0259rin i\u015ftirak\u0131 il\u0259 videoformatda m\u00fc\u015favir\u0259 ke\u00e7irib.","og_url":"https:\/\/www.meydan.tv\/az\/article\/celilabad-sakinleri-rayona-gelen-yardimlar-kasiblara-catmir\/","og_site_name":"MEYDAN.TV","article_published_time":"2020-05-12T14:22:02+00:00","og_image":[{"width":720,"height":720,"url":"https:\/\/www.meydan.tv\/wp-content\/uploads\/image_from_ios_3_gbswqrb.jpg","type":"image\/jpeg"}],"author":"user-manager","twitter_card":"summary_large_image","schema":{"@context":"https:\/\/schema.org","@graph":[{"@type":"Article","@id":"https:\/\/www.meydan.tv\/az\/article\/celilabad-sakinleri-rayona-gelen-yardimlar-kasiblara-catmir\/#article","isPartOf":{"@id":"https:\/\/www.meydan.tv\/az\/article\/celilabad-sakinleri-rayona-gelen-yardimlar-kasiblara-catmir\/"},"author":{"name":"user-manager","@id":"https:\/\/www.meydan.tv\/az\/#\/schema\/person\/10d11eccf6da3662cf5fdab9806ea91a"},"headline":"C\u0259lilabad sakinl\u0259ri: Rayona g\u0259l\u0259n yard\u0131mlar kas\u0131blara \u00e7atm\u0131r","datePublished":"2020-05-12T14:22:02+00:00","mainEntityOfPage":{"@id":"https:\/\/www.meydan.tv\/az\/article\/celilabad-sakinleri-rayona-gelen-yardimlar-kasiblara-catmir\/"},"wordCount":923,"publisher":{"@id":"https:\/\/www.meydan.tv\/az\/#organization"},"image":{"@id":"https:\/\/www.meydan.tv\/az\/article\/celilabad-sakinleri-rayona-gelen-yardimlar-kasiblara-catmir\/#primaryimage"},"thumbnailUrl":"https:\/\/www.meydan.tv\/wp-content\/uploads\/image_from_ios_3_gbswqrb.jpg","articleSection":["B\u00f6lg\u0259"],"inLanguage":"az"},{"@type":"WebPage","@id":"https:\/\/www.meydan.tv\/az\/article\/celilabad-sakinleri-rayona-gelen-yardimlar-kasiblara-catmir\/","url":"https:\/\/www.meydan.tv\/az\/article\/celilabad-sakinleri-rayona-gelen-yardimlar-kasiblara-catmir\/","name":"C\u0259lilabad sakinl\u0259ri: Rayona g\u0259l\u0259n yard\u0131mlar kas\u0131blara \u00e7atm\u0131r - MEYDAN.TV","isPartOf":{"@id":"https:\/\/www.meydan.tv\/az\/#website"},"primaryImageOfPage":{"@id":"https:\/\/www.meydan.tv\/az\/article\/celilabad-sakinleri-rayona-gelen-yardimlar-kasiblara-catmir\/#primaryimage"},"image":{"@id":"https:\/\/www.meydan.tv\/az\/article\/celilabad-sakinleri-rayona-gelen-yardimlar-kasiblara-catmir\/#primaryimage"},"thumbnailUrl":"https:\/\/www.meydan.tv\/wp-content\/uploads\/image_from_ios_3_gbswqrb.jpg","datePublished":"2020-05-12T14:22:02+00:00","breadcrumb":{"@id":"https:\/\/www.meydan.tv\/az\/article\/celilabad-sakinleri-rayona-gelen-yardimlar-kasiblara-catmir\/#breadcrumb"},"inLanguage":"az","potentialAction":[{"@type":"ReadAction","target":["https:\/\/www.meydan.tv\/az\/article\/celilabad-sakinleri-rayona-gelen-yardimlar-kasiblara-catmir\/"]}]},{"@type":"ImageObject","inLanguage":"az","@id":"https:\/\/www.meydan.tv\/az\/article\/celilabad-sakinleri-rayona-gelen-yardimlar-kasiblara-catmir\/#primaryimage","url":"https:\/\/www.meydan.tv\/wp-content\/uploads\/image_from_ios_3_gbswqrb.jpg","contentUrl":"https:\/\/www.meydan.tv\/wp-content\/uploads\/image_from_ios_3_gbswqrb.jpg","width":720,"height":720,"caption":"Source: Specify Source"},{"@type":"BreadcrumbList","@id":"https:\/\/www.meydan.tv\/az\/article\/celilabad-sakinleri-rayona-gelen-yardimlar-kasiblara-catmir\/#breadcrumb","itemListElement":[{"@type":"ListItem","position":1,"name":"Ana s\u0259hif\u0259","item":"https:\/\/www.meydan.tv\/az\/"},{"@type":"ListItem","position":2,"name":"B\u00f6lg\u0259","item":"https:\/\/www.meydan.tv\/az\/section\/bolge\/"},{"@type":"ListItem","position":3,"name":"C\u0259lilabad sakinl\u0259ri: Rayona g\u0259l\u0259n yard\u0131mlar kas\u0131blara \u00e7atm\u0131r"}]},{"@type":"WebSite","@id":"https:\/\/www.meydan.tv\/az\/#website","url":"https:\/\/www.meydan.tv\/az\/","name":"MEYDAN.TV","description":"Meydan TV Az\u0259rbaycan\u0131n media m\u0259kan\u0131ndak\u0131 alternativ s\u0259sidir","publisher":{"@id":"https:\/\/www.meydan.tv\/az\/#organization"},"potentialAction":[{"@type":"SearchAction","target":{"@type":"EntryPoint","urlTemplate":"https:\/\/www.meydan.tv\/az\/?s={search_term_string}"},"query-input":{"@type":"PropertyValueSpecification","valueRequired":true,"valueName":"search_term_string"}}],"inLanguage":"az"},{"@type":"Organization","@id":"https:\/\/www.meydan.tv\/az\/#organization","name":"Meydan TV","url":"https:\/\/www.meydan.tv\/az\/","logo":{"@type":"ImageObject","inLanguage":"az","@id":"https:\/\/www.meydan.tv\/az\/#\/schema\/logo\/image\/","url":"https:\/\/www.meydan.tv\/wp-content\/uploads\/2021\/07\/meydan-logo.svg","contentUrl":"https:\/\/www.meydan.tv\/wp-content\/uploads\/2021\/07\/meydan-logo.svg","width":195,"height":46,"caption":"Meydan TV"},"image":{"@id":"https:\/\/www.meydan.tv\/az\/#\/schema\/logo\/image\/"}},{"@type":"Person","@id":"https:\/\/www.meydan.tv\/az\/#\/schema\/person\/10d11eccf6da3662cf5fdab9806ea91a","name":"user-manager"}]}},"_links":{"self":[{"href":"https:\/\/www.meydan.tv\/az\/wp-json\/wp\/v2\/posts\/200551","targetHints":{"allow":["GET"]}}],"collection":[{"href":"https:\/\/www.meydan.tv\/az\/wp-json\/wp\/v2\/posts"}],"about":[{"href":"https:\/\/www.meydan.tv\/az\/wp-json\/wp\/v2\/types\/post"}],"author":[{"embeddable":true,"href":"https:\/\/www.meydan.tv\/az\/wp-json\/wp\/v2\/users\/11"}],"replies":[{"embeddable":true,"href":"https:\/\/www.meydan.tv\/az\/wp-json\/wp\/v2\/comments?post=200551"}],"version-history":[{"count":0,"href":"https:\/\/www.meydan.tv\/az\/wp-json\/wp\/v2\/posts\/200551\/revisions"}],"wp:featuredmedia":[{"embeddable":true,"href":"https:\/\/www.meydan.tv\/az\/wp-json\/wp\/v2\/media\/141683"}],"wp:attachment":[{"href":"https:\/\/www.meydan.tv\/az\/wp-json\/wp\/v2\/media?parent=200551"}],"wp:term":[{"taxonomy":"category","embeddable":true,"href":"https:\/\/www.meydan.tv\/az\/wp-json\/wp\/v2\/categories?post=200551"},{"taxonomy":"post_tag","embeddable":true,"href":"https:\/\/www.meydan.tv\/az\/wp-json\/wp\/v2\/tags?post=200551"}],"curies":[{"name":"wp","href":"https:\/\/api.w.org\/{rel}","templated":true}]}}