{"id":200550,"date":"2020-05-12T13:35:39","date_gmt":"2020-05-12T13:35:39","guid":{"rendered":"https:\/\/www.meydan.tv\/article\/nazir-muavini-4-ayliq-hebs-edildi\/"},"modified":"2020-05-12T13:35:39","modified_gmt":"2020-05-12T13:35:39","slug":"nazir-muavini-4-ayliq-hebs-edildi","status":"publish","type":"post","link":"https:\/\/www.meydan.tv\/az\/article\/nazir-muavini-4-ayliq-hebs-edildi\/","title":{"rendered":"Nazir m\u00fcavini 4 ayl\u0131q h\u0259bs edildi"},"content":{"rendered":"<p>\n  <i><br \/>\n    Onlara veril\u0259n ittihamlar m\u0259lum oldu<br \/>\n  <\/i>\n<\/p>\n<p>\n  Bir g\u00fcn \u0259vv\u0259l h\u0259bs olunan iki m\u0259mur &#8211; M\u0259d\u0259niyy\u0259t nazirinin m\u00fcavini Rafiq Bayramov v\u0259 nazirliyinin tabeliyind\u0259ki M\u0259d\u0259ni \u0130rsin Qorunmas\u0131, \u0130nki\u015faf\u0131 v\u0259 B\u0259rpas\u0131 \u00fczr\u0259 D\u00f6vl\u0259t Xidm\u0259tinin r\u0259isi Zakir Sultanov may\u0131n 9-da m\u0259hk\u0259m\u0259 qar\u015f\u0131s\u0131na \u00e7\u0131xar\u0131l\u0131b. S\u0259bail Rayon M\u0259hk\u0259m\u0259sind\u0259 onlar\u0131n istintaq d\u00f6vr\u00fcnd\u0259 h\u0259bsd\u0259 saxlanmas\u0131 \u00fc\u00e7\u00fcn veril\u0259n t\u0259qdimata bax\u0131l\u0131b. Hakim \u015eahin Abdullayev t\u0259qdimat\u0131 t\u0259min edib v\u0259 adlar\u0131 \u00e7\u0259kil\u0259n h\u0259r iki \u015f\u0259xs bar\u0259sind\u0259 ilkin istintaq d\u00f6vr\u00fc \u00fc\u00e7\u00fcn 4 ayl\u0131q h\u0259bs-q\u0259timkan t\u0259dbiri se\u00e7ilib.\n<\/p>\n<p>\n  Meydan TV-nin \u0259ld\u0259 etdiyi m\u0259lumata g\u00f6r\u0259, h\u0259m R.Bayramov, h\u0259m d\u0259 Z.Sultanov Cinay\u0259t M\u0259c\u0259ll\u0259sinin 179.3.2 (k\u00fclli miqdarda m\u0259nims\u0259m\u0259 v\u0259 israfetm\u0259) v\u0259 308.2 (v\u0259zif\u0259 s\u0259lahiyy\u0259tl\u0259rind\u0259n sui-istifad\u0259 etm\u0259 a\u011f\u0131r n\u0259tic\u0259l\u0259r\u0259 s\u0259b\u0259b olduqda) madd\u0259l\u0259ril\u0259 ittiham ir\u0259li s\u00fcr\u00fcl\u00fcb.\n<\/p>\n<p>\n  Cinay\u0259t M\u0259c\u0259ll\u0259sinin 179.3.2 madd\u0259sind\u0259 5 ild\u0259n 10 il\u0259 q\u0259d\u0259r, 308.2 madd\u0259sind\u0259 is\u0259 3 ild\u0259n 7 il\u0259 q\u0259d\u0259r azadl\u0131qdan m\u0259hrumetm\u0259 c\u0259zas\u0131 n\u0259z\u0259rd\u0259 tutulub.\n<\/p>\n<p>\n  Nazir m\u00fcavini v\u0259 xidm\u0259t r\u0259isi may\u0131n 8-d\u0259 D\u00f6vl\u0259t T\u0259hl\u00fck\u0259sizliyi Xidm\u0259ti (DTX) \u0259m\u0259kda\u015flar\u0131n\u0131n ke\u00e7irdiyi \u0259m\u0259liyyat n\u0259tic\u0259sind\u0259 h\u0259bs olunub. Onlar\u0131n i\u015fi \u00fczr\u0259 istintaq DTX-n\u0131n istintaq idar\u0259sind\u0259 apar\u0131l\u0131b. Bu m\u0259murlar da, onlardan \u00f6nc\u0259 h\u0259bs edil\u0259n sabiq icra ba\u015f\u00e7\u0131lar\u0131 da DTX-n\u0131n istintaq t\u0259cridxanas\u0131nda saxlan\u0131l\u0131r.\n<\/p>\n<p>\n  Prezident \u0130lham \u018fliyev nazir m\u00fcavini R.Bayramov v\u0259 xidm\u0259t r\u0259isi Z.Sultanovun h\u0259bsind\u0259n sonra onlar\u0131n v\u0259zif\u0259l\u0259rind\u0259n azad edilm\u0259si haqda may\u0131n 9-da s\u0259r\u0259ncamlar imzalay\u0131b.<\/p>\n","protected":false},"excerpt":{"rendered":"<p>Cinay\u0259t M\u0259c\u0259ll\u0259sinin 179.3.2 madd\u0259sind\u0259 5 ild\u0259n 10 il\u0259 q\u0259d\u0259r, 308.2 madd\u0259sind\u0259 is\u0259 3 ild\u0259n 7 il\u0259 q\u0259d\u0259r azadl\u0131qdan m\u0259hrumetm\u0259 c\u0259zas\u0131 n\u0259z\u0259rd\u0259 tutulub.<\/p>\n","protected":false},"author":11,"featured_media":141536,"comment_status":"closed","ping_status":"open","sticky":false,"template":"","format":"standard","meta":{"_acf_changed":false,"_sitemap_exclude":false,"_sitemap_priority":"","_sitemap_frequency":"","footnotes":""},"categories":[59],"tags":[],"class_list":["post-200550","post","type-post","status-publish","format-standard","has-post-thumbnail","hentry","category-siyaset","infinite-scroll-item","generate-columns","tablet-grid-50","mobile-grid-100","grid-parent","grid-33","no-featured-image-padding"],"acf":[],"yoast_head":"<!-- This site is optimized with the Yoast SEO plugin v27.4 - https:\/\/yoast.com\/product\/yoast-seo-wordpress\/ -->\n<title>Nazir m\u00fcavini 4 ayl\u0131q h\u0259bs edildi - MEYDAN.TV<\/title>\n<meta name=\"robots\" content=\"index, follow, max-snippet:-1, max-image-preview:large, max-video-preview:-1\" \/>\n<link rel=\"canonical\" href=\"https:\/\/www.meydan.tv\/az\/article\/nazir-muavini-4-ayliq-hebs-edildi\/\" \/>\n<meta property=\"og:locale\" content=\"az_AZ\" \/>\n<meta property=\"og:type\" content=\"article\" \/>\n<meta property=\"og:title\" content=\"Nazir m\u00fcavini 4 ayl\u0131q h\u0259bs edildi - MEYDAN.TV\" \/>\n<meta property=\"og:description\" content=\"Cinay\u0259t M\u0259c\u0259ll\u0259sinin 179.3.2 madd\u0259sind\u0259 5 ild\u0259n 10 il\u0259 q\u0259d\u0259r, 308.2 madd\u0259sind\u0259 is\u0259 3 ild\u0259n 7 il\u0259 q\u0259d\u0259r azadl\u0131qdan m\u0259hrumetm\u0259 c\u0259zas\u0131 n\u0259z\u0259rd\u0259 tutulub.\" \/>\n<meta property=\"og:url\" content=\"https:\/\/www.meydan.tv\/az\/article\/nazir-muavini-4-ayliq-hebs-edildi\/\" \/>\n<meta property=\"og:site_name\" content=\"MEYDAN.TV\" \/>\n<meta property=\"article:published_time\" content=\"2020-05-12T13:35:39+00:00\" \/>\n<meta property=\"og:image\" content=\"https:\/\/www.meydan.tv\/wp-content\/uploads\/2020-05-08_131146.jpg\" \/>\n\t<meta property=\"og:image:width\" content=\"865\" \/>\n\t<meta property=\"og:image:height\" content=\"480\" \/>\n\t<meta property=\"og:image:type\" content=\"image\/jpeg\" \/>\n<meta name=\"author\" content=\"user-manager\" \/>\n<meta name=\"twitter:card\" content=\"summary_large_image\" \/>\n<script type=\"application\/ld+json\" class=\"yoast-schema-graph\">{\"@context\":\"https:\\\/\\\/schema.org\",\"@graph\":[{\"@type\":\"Article\",\"@id\":\"https:\\\/\\\/www.meydan.tv\\\/az\\\/article\\\/nazir-muavini-4-ayliq-hebs-edildi\\\/#article\",\"isPartOf\":{\"@id\":\"https:\\\/\\\/www.meydan.tv\\\/az\\\/article\\\/nazir-muavini-4-ayliq-hebs-edildi\\\/\"},\"author\":{\"name\":\"user-manager\",\"@id\":\"https:\\\/\\\/www.meydan.tv\\\/az\\\/#\\\/schema\\\/person\\\/10d11eccf6da3662cf5fdab9806ea91a\"},\"headline\":\"Nazir m\u00fcavini 4 ayl\u0131q h\u0259bs edildi\",\"datePublished\":\"2020-05-12T13:35:39+00:00\",\"mainEntityOfPage\":{\"@id\":\"https:\\\/\\\/www.meydan.tv\\\/az\\\/article\\\/nazir-muavini-4-ayliq-hebs-edildi\\\/\"},\"wordCount\":334,\"publisher\":{\"@id\":\"https:\\\/\\\/www.meydan.tv\\\/az\\\/#organization\"},\"image\":{\"@id\":\"https:\\\/\\\/www.meydan.tv\\\/az\\\/article\\\/nazir-muavini-4-ayliq-hebs-edildi\\\/#primaryimage\"},\"thumbnailUrl\":\"https:\\\/\\\/www.meydan.tv\\\/wp-content\\\/uploads\\\/2020-05-08_131146.jpg\",\"articleSection\":[\"Siyas\u0259t\"],\"inLanguage\":\"az\"},{\"@type\":\"WebPage\",\"@id\":\"https:\\\/\\\/www.meydan.tv\\\/az\\\/article\\\/nazir-muavini-4-ayliq-hebs-edildi\\\/\",\"url\":\"https:\\\/\\\/www.meydan.tv\\\/az\\\/article\\\/nazir-muavini-4-ayliq-hebs-edildi\\\/\",\"name\":\"Nazir m\u00fcavini 4 ayl\u0131q h\u0259bs edildi - MEYDAN.TV\",\"isPartOf\":{\"@id\":\"https:\\\/\\\/www.meydan.tv\\\/az\\\/#website\"},\"primaryImageOfPage\":{\"@id\":\"https:\\\/\\\/www.meydan.tv\\\/az\\\/article\\\/nazir-muavini-4-ayliq-hebs-edildi\\\/#primaryimage\"},\"image\":{\"@id\":\"https:\\\/\\\/www.meydan.tv\\\/az\\\/article\\\/nazir-muavini-4-ayliq-hebs-edildi\\\/#primaryimage\"},\"thumbnailUrl\":\"https:\\\/\\\/www.meydan.tv\\\/wp-content\\\/uploads\\\/2020-05-08_131146.jpg\",\"datePublished\":\"2020-05-12T13:35:39+00:00\",\"breadcrumb\":{\"@id\":\"https:\\\/\\\/www.meydan.tv\\\/az\\\/article\\\/nazir-muavini-4-ayliq-hebs-edildi\\\/#breadcrumb\"},\"inLanguage\":\"az\",\"potentialAction\":[{\"@type\":\"ReadAction\",\"target\":[\"https:\\\/\\\/www.meydan.tv\\\/az\\\/article\\\/nazir-muavini-4-ayliq-hebs-edildi\\\/\"]}]},{\"@type\":\"ImageObject\",\"inLanguage\":\"az\",\"@id\":\"https:\\\/\\\/www.meydan.tv\\\/az\\\/article\\\/nazir-muavini-4-ayliq-hebs-edildi\\\/#primaryimage\",\"url\":\"https:\\\/\\\/www.meydan.tv\\\/wp-content\\\/uploads\\\/2020-05-08_131146.jpg\",\"contentUrl\":\"https:\\\/\\\/www.meydan.tv\\\/wp-content\\\/uploads\\\/2020-05-08_131146.jpg\",\"width\":865,\"height\":480,\"caption\":\"Source: Foto: google.az\"},{\"@type\":\"BreadcrumbList\",\"@id\":\"https:\\\/\\\/www.meydan.tv\\\/az\\\/article\\\/nazir-muavini-4-ayliq-hebs-edildi\\\/#breadcrumb\",\"itemListElement\":[{\"@type\":\"ListItem\",\"position\":1,\"name\":\"Ana s\u0259hif\u0259\",\"item\":\"https:\\\/\\\/www.meydan.tv\\\/az\\\/\"},{\"@type\":\"ListItem\",\"position\":2,\"name\":\"Siyas\u0259t\",\"item\":\"https:\\\/\\\/www.meydan.tv\\\/az\\\/section\\\/siyaset\\\/\"},{\"@type\":\"ListItem\",\"position\":3,\"name\":\"Nazir m\u00fcavini 4 ayl\u0131q h\u0259bs edildi\"}]},{\"@type\":\"WebSite\",\"@id\":\"https:\\\/\\\/www.meydan.tv\\\/az\\\/#website\",\"url\":\"https:\\\/\\\/www.meydan.tv\\\/az\\\/\",\"name\":\"MEYDAN.TV\",\"description\":\"Meydan TV Az\u0259rbaycan\u0131n media m\u0259kan\u0131ndak\u0131 alternativ s\u0259sidir\",\"publisher\":{\"@id\":\"https:\\\/\\\/www.meydan.tv\\\/az\\\/#organization\"},\"potentialAction\":[{\"@type\":\"SearchAction\",\"target\":{\"@type\":\"EntryPoint\",\"urlTemplate\":\"https:\\\/\\\/www.meydan.tv\\\/az\\\/?s={search_term_string}\"},\"query-input\":{\"@type\":\"PropertyValueSpecification\",\"valueRequired\":true,\"valueName\":\"search_term_string\"}}],\"inLanguage\":\"az\"},{\"@type\":\"Organization\",\"@id\":\"https:\\\/\\\/www.meydan.tv\\\/az\\\/#organization\",\"name\":\"Meydan TV\",\"url\":\"https:\\\/\\\/www.meydan.tv\\\/az\\\/\",\"logo\":{\"@type\":\"ImageObject\",\"inLanguage\":\"az\",\"@id\":\"https:\\\/\\\/www.meydan.tv\\\/az\\\/#\\\/schema\\\/logo\\\/image\\\/\",\"url\":\"https:\\\/\\\/www.meydan.tv\\\/wp-content\\\/uploads\\\/2021\\\/07\\\/meydan-logo.svg\",\"contentUrl\":\"https:\\\/\\\/www.meydan.tv\\\/wp-content\\\/uploads\\\/2021\\\/07\\\/meydan-logo.svg\",\"width\":195,\"height\":46,\"caption\":\"Meydan TV\"},\"image\":{\"@id\":\"https:\\\/\\\/www.meydan.tv\\\/az\\\/#\\\/schema\\\/logo\\\/image\\\/\"}},{\"@type\":\"Person\",\"@id\":\"https:\\\/\\\/www.meydan.tv\\\/az\\\/#\\\/schema\\\/person\\\/10d11eccf6da3662cf5fdab9806ea91a\",\"name\":\"user-manager\"}]}<\/script>\n<!-- \/ Yoast SEO plugin. -->","yoast_head_json":{"title":"Nazir m\u00fcavini 4 ayl\u0131q h\u0259bs edildi - MEYDAN.TV","robots":{"index":"index","follow":"follow","max-snippet":"max-snippet:-1","max-image-preview":"max-image-preview:large","max-video-preview":"max-video-preview:-1"},"canonical":"https:\/\/www.meydan.tv\/az\/article\/nazir-muavini-4-ayliq-hebs-edildi\/","og_locale":"az_AZ","og_type":"article","og_title":"Nazir m\u00fcavini 4 ayl\u0131q h\u0259bs edildi - MEYDAN.TV","og_description":"Cinay\u0259t M\u0259c\u0259ll\u0259sinin 179.3.2 madd\u0259sind\u0259 5 ild\u0259n 10 il\u0259 q\u0259d\u0259r, 308.2 madd\u0259sind\u0259 is\u0259 3 ild\u0259n 7 il\u0259 q\u0259d\u0259r azadl\u0131qdan m\u0259hrumetm\u0259 c\u0259zas\u0131 n\u0259z\u0259rd\u0259 tutulub.","og_url":"https:\/\/www.meydan.tv\/az\/article\/nazir-muavini-4-ayliq-hebs-edildi\/","og_site_name":"MEYDAN.TV","article_published_time":"2020-05-12T13:35:39+00:00","og_image":[{"width":865,"height":480,"url":"https:\/\/www.meydan.tv\/wp-content\/uploads\/2020-05-08_131146.jpg","type":"image\/jpeg"}],"author":"user-manager","twitter_card":"summary_large_image","schema":{"@context":"https:\/\/schema.org","@graph":[{"@type":"Article","@id":"https:\/\/www.meydan.tv\/az\/article\/nazir-muavini-4-ayliq-hebs-edildi\/#article","isPartOf":{"@id":"https:\/\/www.meydan.tv\/az\/article\/nazir-muavini-4-ayliq-hebs-edildi\/"},"author":{"name":"user-manager","@id":"https:\/\/www.meydan.tv\/az\/#\/schema\/person\/10d11eccf6da3662cf5fdab9806ea91a"},"headline":"Nazir m\u00fcavini 4 ayl\u0131q h\u0259bs edildi","datePublished":"2020-05-12T13:35:39+00:00","mainEntityOfPage":{"@id":"https:\/\/www.meydan.tv\/az\/article\/nazir-muavini-4-ayliq-hebs-edildi\/"},"wordCount":334,"publisher":{"@id":"https:\/\/www.meydan.tv\/az\/#organization"},"image":{"@id":"https:\/\/www.meydan.tv\/az\/article\/nazir-muavini-4-ayliq-hebs-edildi\/#primaryimage"},"thumbnailUrl":"https:\/\/www.meydan.tv\/wp-content\/uploads\/2020-05-08_131146.jpg","articleSection":["Siyas\u0259t"],"inLanguage":"az"},{"@type":"WebPage","@id":"https:\/\/www.meydan.tv\/az\/article\/nazir-muavini-4-ayliq-hebs-edildi\/","url":"https:\/\/www.meydan.tv\/az\/article\/nazir-muavini-4-ayliq-hebs-edildi\/","name":"Nazir m\u00fcavini 4 ayl\u0131q h\u0259bs edildi - MEYDAN.TV","isPartOf":{"@id":"https:\/\/www.meydan.tv\/az\/#website"},"primaryImageOfPage":{"@id":"https:\/\/www.meydan.tv\/az\/article\/nazir-muavini-4-ayliq-hebs-edildi\/#primaryimage"},"image":{"@id":"https:\/\/www.meydan.tv\/az\/article\/nazir-muavini-4-ayliq-hebs-edildi\/#primaryimage"},"thumbnailUrl":"https:\/\/www.meydan.tv\/wp-content\/uploads\/2020-05-08_131146.jpg","datePublished":"2020-05-12T13:35:39+00:00","breadcrumb":{"@id":"https:\/\/www.meydan.tv\/az\/article\/nazir-muavini-4-ayliq-hebs-edildi\/#breadcrumb"},"inLanguage":"az","potentialAction":[{"@type":"ReadAction","target":["https:\/\/www.meydan.tv\/az\/article\/nazir-muavini-4-ayliq-hebs-edildi\/"]}]},{"@type":"ImageObject","inLanguage":"az","@id":"https:\/\/www.meydan.tv\/az\/article\/nazir-muavini-4-ayliq-hebs-edildi\/#primaryimage","url":"https:\/\/www.meydan.tv\/wp-content\/uploads\/2020-05-08_131146.jpg","contentUrl":"https:\/\/www.meydan.tv\/wp-content\/uploads\/2020-05-08_131146.jpg","width":865,"height":480,"caption":"Source: Foto: google.az"},{"@type":"BreadcrumbList","@id":"https:\/\/www.meydan.tv\/az\/article\/nazir-muavini-4-ayliq-hebs-edildi\/#breadcrumb","itemListElement":[{"@type":"ListItem","position":1,"name":"Ana s\u0259hif\u0259","item":"https:\/\/www.meydan.tv\/az\/"},{"@type":"ListItem","position":2,"name":"Siyas\u0259t","item":"https:\/\/www.meydan.tv\/az\/section\/siyaset\/"},{"@type":"ListItem","position":3,"name":"Nazir m\u00fcavini 4 ayl\u0131q h\u0259bs edildi"}]},{"@type":"WebSite","@id":"https:\/\/www.meydan.tv\/az\/#website","url":"https:\/\/www.meydan.tv\/az\/","name":"MEYDAN.TV","description":"Meydan TV Az\u0259rbaycan\u0131n media m\u0259kan\u0131ndak\u0131 alternativ s\u0259sidir","publisher":{"@id":"https:\/\/www.meydan.tv\/az\/#organization"},"potentialAction":[{"@type":"SearchAction","target":{"@type":"EntryPoint","urlTemplate":"https:\/\/www.meydan.tv\/az\/?s={search_term_string}"},"query-input":{"@type":"PropertyValueSpecification","valueRequired":true,"valueName":"search_term_string"}}],"inLanguage":"az"},{"@type":"Organization","@id":"https:\/\/www.meydan.tv\/az\/#organization","name":"Meydan TV","url":"https:\/\/www.meydan.tv\/az\/","logo":{"@type":"ImageObject","inLanguage":"az","@id":"https:\/\/www.meydan.tv\/az\/#\/schema\/logo\/image\/","url":"https:\/\/www.meydan.tv\/wp-content\/uploads\/2021\/07\/meydan-logo.svg","contentUrl":"https:\/\/www.meydan.tv\/wp-content\/uploads\/2021\/07\/meydan-logo.svg","width":195,"height":46,"caption":"Meydan TV"},"image":{"@id":"https:\/\/www.meydan.tv\/az\/#\/schema\/logo\/image\/"}},{"@type":"Person","@id":"https:\/\/www.meydan.tv\/az\/#\/schema\/person\/10d11eccf6da3662cf5fdab9806ea91a","name":"user-manager"}]}},"_links":{"self":[{"href":"https:\/\/www.meydan.tv\/az\/wp-json\/wp\/v2\/posts\/200550","targetHints":{"allow":["GET"]}}],"collection":[{"href":"https:\/\/www.meydan.tv\/az\/wp-json\/wp\/v2\/posts"}],"about":[{"href":"https:\/\/www.meydan.tv\/az\/wp-json\/wp\/v2\/types\/post"}],"author":[{"embeddable":true,"href":"https:\/\/www.meydan.tv\/az\/wp-json\/wp\/v2\/users\/11"}],"replies":[{"embeddable":true,"href":"https:\/\/www.meydan.tv\/az\/wp-json\/wp\/v2\/comments?post=200550"}],"version-history":[{"count":0,"href":"https:\/\/www.meydan.tv\/az\/wp-json\/wp\/v2\/posts\/200550\/revisions"}],"wp:featuredmedia":[{"embeddable":true,"href":"https:\/\/www.meydan.tv\/az\/wp-json\/wp\/v2\/media\/141536"}],"wp:attachment":[{"href":"https:\/\/www.meydan.tv\/az\/wp-json\/wp\/v2\/media?parent=200550"}],"wp:term":[{"taxonomy":"category","embeddable":true,"href":"https:\/\/www.meydan.tv\/az\/wp-json\/wp\/v2\/categories?post=200550"},{"taxonomy":"post_tag","embeddable":true,"href":"https:\/\/www.meydan.tv\/az\/wp-json\/wp\/v2\/tags?post=200550"}],"curies":[{"name":"wp","href":"https:\/\/api.w.org\/{rel}","templated":true}]}}