{"id":200534,"date":"2020-05-11T13:09:25","date_gmt":"2020-05-11T13:09:25","guid":{"rendered":"https:\/\/www.meydan.tv\/article\/agir-veziyyetde-olan-usagimi-hekime-apardim-isden-cixarildim\/"},"modified":"2020-05-11T13:09:25","modified_gmt":"2020-05-11T13:09:25","slug":"agir-veziyyetde-olan-usagimi-hekime-apardim-isden-cixarildim","status":"publish","type":"post","link":"https:\/\/www.meydan.tv\/az\/article\/agir-veziyyetde-olan-usagimi-hekime-apardim-isden-cixarildim\/","title":{"rendered":"\u201cA\u011f\u0131r v\u0259ziyy\u0259td\u0259 olan u\u015fa\u011f\u0131m\u0131 h\u0259kim\u0259 apard\u0131m, i\u015fd\u0259n \u00e7\u0131xar\u0131ld\u0131m\u201d"},"content":{"rendered":"<p>\n  <i><br \/>\n    \u201cAz\u0259r A\u011fazad\u0259 dedi ki, s\u0259nin u\u015fa\u011f\u0131n\u0131 m\u0259n x\u0259st\u0259 etm\u0259mi\u015f\u0259m\u201d<br \/>\n  <\/i>\n<\/p>\n<p>\n  \u015eirvan \u015f\u0259h\u0259r sakini Ad\u0259m H\u0259s\u0259nov haqs\u0131zl\u0131qla \u00fczl\u0259\u015fdiyini deyir.\n<\/p>\n<p>\n  \u015eikay\u0259t\u00e7i Meydan TV-y\u0259 bildirib ki, 2017-ci ild\u0259 \u00e7iling\u0259r kimi \u00e7al\u0131\u015fd\u0131\u011f\u0131 \u201cGilan Seramik\u201d zavodundan i\u015fd\u0259n qovulub. Buna s\u0259b\u0259b is\u0259 u\u015faq serebral iflic x\u0259st\u0259liyind\u0259n \u0259ziyy\u0259t \u00e7\u0259k\u0259n q\u0131z\u0131n\u0131 h\u0259kim\u0259 aparmas\u0131na g\u00f6r\u0259 bir g\u00fcn i\u015f\u0259 getm\u0259m\u0259si olub:\n<\/p>\n<p>\n  \u201c2017-ci il avqustun 18-d\u0259 u\u015fa\u011f\u0131m\u0131n v\u0259ziyy\u0259ti a\u011f\u0131rla\u015fd\u0131, t\u0259cili Bak\u0131ya apard\u0131m. Q\u0131z\u0131m 5 sayl\u0131 \u015e\u0259h\u0259r Kliniki X\u0259st\u0259xanas\u0131na yerl\u0259\u015fdirildi. X\u0259st\u0259xanadan \u00e7\u0131xanda ka\u011f\u0131z ald\u0131m ki, i\u015f yerimd\u0259 t\u0259qdim edim. \u00c7\u00fcnki u\u015fa\u011f\u0131 h\u0259kim\u0259 aparanda i\u015fd\u0259n icaz\u0259 almaq imkan\u0131m olmam\u0131\u015fd\u0131. Lakin i\u015fd\u0259 t\u0259hl\u00fck\u0259sizlik xidm\u0259tinin \u0259m\u0259kda\u015f\u0131 m\u0259ni i\u00e7\u0259ri buraxmad\u0131. Dedi ki, kadrlar \u015f\u00f6b\u0259sind\u0259n Az\u0259r A\u011fazad\u0259 g\u00f6st\u0259ri\u015f verib, s\u0259ni i\u015fd\u0259n \u00e7\u0131xar\u0131blar. Orada xeyli g\u00f6zl\u0259dim, daha sonra Az\u0259r A\u011fazad\u0259y\u0259 z\u0259ng etdim. Dedim ki, m\u0259ni i\u00e7\u0259ri buraxm\u0131rlar. Cavab\u0131nda bildirdi ki, orada g\u00f6zl\u0259, g\u0259lir\u0259m. Bir sahat g\u00f6zl\u0259y\u0259nd\u0259n sonra g\u0259ldi, m\u0259ni q\u0259buluna \u00e7a\u011f\u0131rd\u0131. Ona v\u0259ziyy\u0259ti izah etdim, x\u0259st\u0259 u\u015fa\u011f\u0131m\u0131n ka\u011f\u0131z\u0131n\u0131 g\u00f6st\u0259rdim, he\u00e7 baxmad\u0131. \u00c7ox xahi\u015f etdim, yalvar\u0131b-yaxard\u0131m, dedi ki, m\u00fcmk\u00fcn deyil, s\u0259ni i\u015fd\u0259n \u00e7\u0131xar\u0131r\u0131q. M\u0259n ona etiraz etdim ki, bir g\u00fcn\u0259 g\u00f6r\u0259 adam\u0131 i\u015fd\u0259n \u00e7\u0131xarmazlar, qanunda bel\u0259 \u015fey yoxdur. Dedim, maa\u015f\u0131mdan k\u0259s, raz\u0131la\u015fmad\u0131. Daha sonra m\u0259n\u0259 t\u0259zyiq g\u00f6st\u0259r\u0259r\u0259k, \u0259riz\u0259 yaz\u0131b, i\u015fd\u0259n \u00e7\u0131xard\u0131lar. Dedil\u0259r ki, \u0259riz\u0259 yazmasan, s\u0259nin \u0259m\u0259k kitab\u00e7an\u0131 l\u0259k\u0259l\u0259y\u0259c\u0259yik. He\u00e7 n\u0259yin \u00fcst\u00fcnd\u0259, bir g\u00fcnd\u0259n \u00f6tr\u00fc i\u015fd\u0259n \u00e7\u0131xard\u0131lar\u201d.\n<\/p>\n<figure class=\"wp-block-image size-large\">\n  <img decoding=\"async\" src=\"https:\/\/www.meydan.tv\/az\/img-20200510-wa0001-jpg\/\" alt=\"img-20200510-wa0001.jpg\" class=\"wp-image-141602\"\/><figcaption>\n    Ad\u0259m H\u0259s\u0259nov<br \/>\n  <\/figcaption><\/figure>\n<p>\n  \u015eikay\u0259t\u00e7inin s\u00f6zl\u0259rin\u0259 g\u00f6r\u0259, i\u015fl\u0259diyi m\u00fcdd\u0259t \u0259rzind\u0259 r\u0259hb\u0259rlikl\u0259 aras\u0131nda problem olmay\u0131b:\n<\/p>\n<p>\n  \u201cM\u0259n zavodun f\u0259aliyy\u0259t\u0259 ba\u015flad\u0131\u011f\u0131 ilk g\u00fcnl\u0259rd\u0259n orada i\u015fl\u0259mi\u015f\u0259m. 2013-c\u00fc ild\u0259 Prezident \u0130lham \u018fliyev zavodun a\u00e7\u0131l\u0131\u015f\u0131na g\u0259l\u0259nd\u0259 orada olmu\u015fam. \u0130\u015fl\u0259diyim m\u00fcdd\u0259td\u0259 he\u00e7 bir n\u00f6qsan\u0131m olmay\u0131b. \u0130\u015f\u0259 g\u00f6t\u00fcr\u00fcl\u0259n zaman m\u00fcqavil\u0259 d\u0259 ba\u011flam\u0131\u015fd\u0131m, i\u015fd\u0259n \u00e7\u0131xaranda, h\u0259tta ona da baxmad\u0131lar. \u018fm\u0259khaqq\u0131m 370 manat idi, bu pulla birt\u0259h\u0259r dolan\u0131rd\u0131q\u201d.\n<\/p>\n<p>\n  Haz\u0131rda H\u0259s\u0259novlar ail\u0259sind\u0259 he\u00e7 kim i\u015fl\u0259mir. Ail\u0259ni sa\u011flaml\u0131q imkanlar\u0131 m\u0259hdud u\u015faqlar\u0131na g\u00f6r\u0259 veril\u0259n ayl\u0131q 200 manat m\u00fcavin\u0259tl\u0259 saxlay\u0131rlar. \u015eikay\u0259t\u00e7inin h\u0259yat yolda\u015f\u0131 Ruh\u0259ngiz H\u0259s\u0259nova deyir ki, x\u0259st\u0259 u\u015faqlar\u0131n\u0131n m\u00fcalic\u0259si v\u0259 ail\u0259ni doland\u0131rmaq \u00fc\u00e7\u00fcn ayda 200 manat b\u0259s etmir:\n<\/p>\n<figure class=\"wp-block-image size-large\">\n  <img decoding=\"async\" src=\"https:\/\/www.meydan.tv\/az\/img-20200501-wa0038-jpg\/\" alt=\"img-20200501-wa0038.jpg\" class=\"wp-image-141590\"\/><figcaption>\n    5 sayl\u0131 \u015f\u0259h\u0259r klinik x\u0259st\u0259xanas\u0131ndan aray\u0131\u015f<br \/>\n  <\/figcaption><\/figure>\n<p>\n  \u201cU\u015fa\u011fa veril\u0259n 200 manat pensiya il\u0259 d\u0259 ail\u0259ni doland\u0131rmaq olmur. Haz\u0131rda yolda\u015f\u0131m i\u015fsizdir. M\u0259n d\u0259 u\u015faq x\u0259st\u0259 oldu\u011fu \u00fc\u00e7\u00fcn he\u00e7 bir yerd\u0259 i\u015fl\u0259mir\u0259m. Bu d\u0259qiq\u0259 v\u0259ziyy\u0259timiz \u00e7ox g\u0259rgindir. U\u015fa\u011f\u0131n h\u0259r g\u00fcn a\u011fr\u0131lar\u0131 tutur. \u0130yn\u0259-d\u0259rman\u0131n\u0131 \u00e7atd\u0131rmaq olmur. Karantin\u0259 g\u00f6r\u0259 icaz\u0259 d\u0259 yoxdur ki, Bak\u0131ya h\u0259kim\u0259 aparaq. Buradak\u0131 x\u0259st\u0259xanaya apar\u0131ram. Yolda\u015f\u0131m\u0131 i\u015fd\u0259n \u00e7\u0131xard\u0131lar. M\u0259n bir h\u0259ft\u0259 g\u00f6z\u00fcm\u00fcn ya\u015f\u0131n\u0131 tokd\u00fcm. Validiynl\u0259rim A\u011fsu rayonunda ya\u015fay\u0131r. Z\u0259ng etdim, g\u0259ldil\u0259r. Birg\u0259 Az\u0259r m\u00fc\u0259llimin q\u0259buluna getdik. A\u011flad\u0131m, dedim, x\u0259st\u0259 u\u015fa\u011f\u0131m var, yolda\u015f\u0131m\u0131 niy\u0259 i\u015fd\u0259n \u00e7\u0131xarm\u0131san? Dedi ki, i\u015f\u0259 g\u0259lm\u0259diyi \u00fc\u00e7\u00fcn \u00e7\u0131xarm\u0131\u015fam: \u201cGedin, hara ist\u0259yirsiz, \u015fikay\u0259t edin. M\u0259nim \u00fcst\u00fcm\u0259 g\u0259lib a\u011flama. S\u0259nin u\u015fa\u011f\u0131n\u0131 m\u0259n x\u0259st\u0259 etm\u0259mi\u015f\u0259m. M\u0259nim d\u0259 u\u015fa\u011f\u0131m x\u0259st\u0259dir, n\u0259 olsun:\u201d Cavab\u0131nda ona dedim ki, m\u0259n a\u011flam\u0131ram ki, s\u0259n m\u0259n\u0259 pul ver\u0259s\u0259n, \u00e7\u00f6r\u0259k ver\u0259s\u0259n. Yolda\u015f\u0131m, a\u011f\u0131r i\u015fd\u0259 i\u015fl\u0259yir ki, x\u0259st\u0259 u\u015fa\u011f\u0131n\u0131 iyn\u0259-d\u0259rman\u0131n\u0131 ala bil\u0259k. Lakin yalvarma\u011f\u0131ma, g\u00f6z ya\u015f\u0131ma \u0259h\u0259miyy\u0259t ver\u0259n olmad\u0131. Bundan sonra bir il atam\u0131n t\u0259qa\u00fcd kart\u0131 m\u0259nd\u0259 qald\u0131, ail\u0259ni doland\u0131rd\u0131q. Haz\u0131rda \u0259rza\u011fa v\u0259 iyn\u0259-d\u0259rmana ehtiyac\u0131m\u0131z var. H\u0259kim\u0259 getm\u0259k laz\u0131md\u0131r, \u00e7atd\u0131ra bilmirik\u201d.\n<\/p>\n<p>\n  Ad\u0259m H\u0259s\u0259nov deyir ki, d\u0259f\u0259l\u0259rl\u0259 aidiyy\u0259tli qurumlara m\u0259ktub yaz\u0131b, lakin n\u0259tic\u0259siz qal\u0131b. Ail\u0259 ba\u015f\u00e7\u0131s\u0131n\u0131n yegan\u0259 ist\u0259yi t\u0259krar i\u015fin\u0259 b\u0259rpa olunmaqd\u0131r.\n<\/p>\n<p>\n  \u201cGilan Seramik\u201d Zavodundan Meydan TV-y\u0259 m\u0259s\u0259l\u0259ni ara\u015fd\u0131racaqlar\u0131 deyils\u0259 d\u0259, sonradan telefon z\u0259ngl\u0259rin\u0259 cavab verilm\u0259yib.\n<\/p>\n<figure class=\"wp-block-image size-large\">\n  <img decoding=\"async\" src=\"https:\/\/www.meydan.tv\/az\/img-20200501-wa0037-jpg\/\" alt=\"img-20200501-wa0037.jpg\" class=\"wp-image-141605\"\/><figcaption>\n    \u018fm\u0259k M\u00fcf\u0259tti\u015fliyinin caavab m\u0259ktubu<br \/>\n  <\/figcaption><\/figure>\n<figure class=\"wp-block-image size-large\">\n  <img decoding=\"async\" src=\"https:\/\/www.meydan.tv\/az\/img-20200501-wa0036-jpg\/\" alt=\"img-20200501-wa0036.jpg\" class=\"wp-image-141587\"\/><figcaption>\n    \u018fm\u0259k m\u00fcqavil\u0259si<br \/>\n  <\/figcaption><\/figure>\n","protected":false},"excerpt":{"rendered":"<p>\u201cU\u015fa\u011fa veril\u0259n 200 manat pensiya il\u0259 d\u0259 ail\u0259ni doland\u0131rmaq olmur&#8221;<\/p>\n","protected":false},"author":11,"featured_media":141608,"comment_status":"closed","ping_status":"open","sticky":false,"template":"","format":"standard","meta":{"_acf_changed":false,"_sitemap_exclude":false,"_sitemap_priority":"","_sitemap_frequency":"","footnotes":""},"categories":[60],"tags":[],"class_list":["post-200534","post","type-post","status-publish","format-standard","has-post-thumbnail","hentry","category-bolge","infinite-scroll-item","generate-columns","tablet-grid-50","mobile-grid-100","grid-parent","grid-33","no-featured-image-padding"],"acf":[],"yoast_head":"<!-- This site is optimized with the Yoast SEO plugin v27.5 - https:\/\/yoast.com\/product\/yoast-seo-wordpress\/ -->\n<title>\u201cA\u011f\u0131r v\u0259ziyy\u0259td\u0259 olan u\u015fa\u011f\u0131m\u0131 h\u0259kim\u0259 apard\u0131m, i\u015fd\u0259n \u00e7\u0131xar\u0131ld\u0131m\u201d - MEYDAN.TV<\/title>\n<meta name=\"robots\" content=\"index, follow, max-snippet:-1, max-image-preview:large, max-video-preview:-1\" \/>\n<link rel=\"canonical\" href=\"https:\/\/www.meydan.tv\/az\/article\/agir-veziyyetde-olan-usagimi-hekime-apardim-isden-cixarildim\/\" \/>\n<meta property=\"og:locale\" content=\"az_AZ\" \/>\n<meta property=\"og:type\" content=\"article\" \/>\n<meta property=\"og:title\" content=\"\u201cA\u011f\u0131r v\u0259ziyy\u0259td\u0259 olan u\u015fa\u011f\u0131m\u0131 h\u0259kim\u0259 apard\u0131m, i\u015fd\u0259n \u00e7\u0131xar\u0131ld\u0131m\u201d - MEYDAN.TV\" \/>\n<meta property=\"og:description\" content=\"\u201cU\u015fa\u011fa veril\u0259n 200 manat pensiya il\u0259 d\u0259 ail\u0259ni doland\u0131rmaq olmur&quot;\" \/>\n<meta property=\"og:url\" content=\"https:\/\/www.meydan.tv\/az\/article\/agir-veziyyetde-olan-usagimi-hekime-apardim-isden-cixarildim\/\" \/>\n<meta property=\"og:site_name\" content=\"MEYDAN.TV\" \/>\n<meta property=\"article:published_time\" content=\"2020-05-11T13:09:25+00:00\" \/>\n<meta property=\"og:image\" content=\"https:\/\/www.meydan.tv\/wp-content\/uploads\/f98a6158_1429711906.jpg\" \/>\n\t<meta property=\"og:image:width\" content=\"1462\" \/>\n\t<meta property=\"og:image:height\" content=\"480\" \/>\n\t<meta property=\"og:image:type\" content=\"image\/jpeg\" \/>\n<meta name=\"author\" content=\"user-manager\" \/>\n<meta name=\"twitter:card\" content=\"summary_large_image\" \/>\n<script type=\"application\/ld+json\" class=\"yoast-schema-graph\">{\"@context\":\"https:\\\/\\\/schema.org\",\"@graph\":[{\"@type\":\"Article\",\"@id\":\"https:\\\/\\\/www.meydan.tv\\\/az\\\/article\\\/agir-veziyyetde-olan-usagimi-hekime-apardim-isden-cixarildim\\\/#article\",\"isPartOf\":{\"@id\":\"https:\\\/\\\/www.meydan.tv\\\/az\\\/article\\\/agir-veziyyetde-olan-usagimi-hekime-apardim-isden-cixarildim\\\/\"},\"author\":{\"name\":\"user-manager\",\"@id\":\"https:\\\/\\\/www.meydan.tv\\\/az\\\/#\\\/schema\\\/person\\\/10d11eccf6da3662cf5fdab9806ea91a\"},\"headline\":\"\u201cA\u011f\u0131r v\u0259ziyy\u0259td\u0259 olan u\u015fa\u011f\u0131m\u0131 h\u0259kim\u0259 apard\u0131m, i\u015fd\u0259n \u00e7\u0131xar\u0131ld\u0131m\u201d\",\"datePublished\":\"2020-05-11T13:09:25+00:00\",\"mainEntityOfPage\":{\"@id\":\"https:\\\/\\\/www.meydan.tv\\\/az\\\/article\\\/agir-veziyyetde-olan-usagimi-hekime-apardim-isden-cixarildim\\\/\"},\"wordCount\":924,\"publisher\":{\"@id\":\"https:\\\/\\\/www.meydan.tv\\\/az\\\/#organization\"},\"image\":{\"@id\":\"https:\\\/\\\/www.meydan.tv\\\/az\\\/article\\\/agir-veziyyetde-olan-usagimi-hekime-apardim-isden-cixarildim\\\/#primaryimage\"},\"thumbnailUrl\":\"https:\\\/\\\/www.meydan.tv\\\/wp-content\\\/uploads\\\/f98a6158_1429711906.jpg\",\"articleSection\":[\"B\u00f6lg\u0259\"],\"inLanguage\":\"az\"},{\"@type\":\"WebPage\",\"@id\":\"https:\\\/\\\/www.meydan.tv\\\/az\\\/article\\\/agir-veziyyetde-olan-usagimi-hekime-apardim-isden-cixarildim\\\/\",\"url\":\"https:\\\/\\\/www.meydan.tv\\\/az\\\/article\\\/agir-veziyyetde-olan-usagimi-hekime-apardim-isden-cixarildim\\\/\",\"name\":\"\u201cA\u011f\u0131r v\u0259ziyy\u0259td\u0259 olan u\u015fa\u011f\u0131m\u0131 h\u0259kim\u0259 apard\u0131m, i\u015fd\u0259n \u00e7\u0131xar\u0131ld\u0131m\u201d - MEYDAN.TV\",\"isPartOf\":{\"@id\":\"https:\\\/\\\/www.meydan.tv\\\/az\\\/#website\"},\"primaryImageOfPage\":{\"@id\":\"https:\\\/\\\/www.meydan.tv\\\/az\\\/article\\\/agir-veziyyetde-olan-usagimi-hekime-apardim-isden-cixarildim\\\/#primaryimage\"},\"image\":{\"@id\":\"https:\\\/\\\/www.meydan.tv\\\/az\\\/article\\\/agir-veziyyetde-olan-usagimi-hekime-apardim-isden-cixarildim\\\/#primaryimage\"},\"thumbnailUrl\":\"https:\\\/\\\/www.meydan.tv\\\/wp-content\\\/uploads\\\/f98a6158_1429711906.jpg\",\"datePublished\":\"2020-05-11T13:09:25+00:00\",\"breadcrumb\":{\"@id\":\"https:\\\/\\\/www.meydan.tv\\\/az\\\/article\\\/agir-veziyyetde-olan-usagimi-hekime-apardim-isden-cixarildim\\\/#breadcrumb\"},\"inLanguage\":\"az\",\"potentialAction\":[{\"@type\":\"ReadAction\",\"target\":[\"https:\\\/\\\/www.meydan.tv\\\/az\\\/article\\\/agir-veziyyetde-olan-usagimi-hekime-apardim-isden-cixarildim\\\/\"]}]},{\"@type\":\"ImageObject\",\"inLanguage\":\"az\",\"@id\":\"https:\\\/\\\/www.meydan.tv\\\/az\\\/article\\\/agir-veziyyetde-olan-usagimi-hekime-apardim-isden-cixarildim\\\/#primaryimage\",\"url\":\"https:\\\/\\\/www.meydan.tv\\\/wp-content\\\/uploads\\\/f98a6158_1429711906.jpg\",\"contentUrl\":\"https:\\\/\\\/www.meydan.tv\\\/wp-content\\\/uploads\\\/f98a6158_1429711906.jpg\",\"width\":1462,\"height\":480,\"caption\":\"Source: Foto: google.az\"},{\"@type\":\"BreadcrumbList\",\"@id\":\"https:\\\/\\\/www.meydan.tv\\\/az\\\/article\\\/agir-veziyyetde-olan-usagimi-hekime-apardim-isden-cixarildim\\\/#breadcrumb\",\"itemListElement\":[{\"@type\":\"ListItem\",\"position\":1,\"name\":\"Ana s\u0259hif\u0259\",\"item\":\"https:\\\/\\\/www.meydan.tv\\\/az\\\/\"},{\"@type\":\"ListItem\",\"position\":2,\"name\":\"B\u00f6lg\u0259\",\"item\":\"https:\\\/\\\/www.meydan.tv\\\/az\\\/section\\\/bolge\\\/\"},{\"@type\":\"ListItem\",\"position\":3,\"name\":\"\u201cA\u011f\u0131r v\u0259ziyy\u0259td\u0259 olan u\u015fa\u011f\u0131m\u0131 h\u0259kim\u0259 apard\u0131m, i\u015fd\u0259n \u00e7\u0131xar\u0131ld\u0131m\u201d\"}]},{\"@type\":\"WebSite\",\"@id\":\"https:\\\/\\\/www.meydan.tv\\\/az\\\/#website\",\"url\":\"https:\\\/\\\/www.meydan.tv\\\/az\\\/\",\"name\":\"MEYDAN.TV\",\"description\":\"Meydan TV Az\u0259rbaycan\u0131n media m\u0259kan\u0131ndak\u0131 alternativ s\u0259sidir\",\"publisher\":{\"@id\":\"https:\\\/\\\/www.meydan.tv\\\/az\\\/#organization\"},\"potentialAction\":[{\"@type\":\"SearchAction\",\"target\":{\"@type\":\"EntryPoint\",\"urlTemplate\":\"https:\\\/\\\/www.meydan.tv\\\/az\\\/?s={search_term_string}\"},\"query-input\":{\"@type\":\"PropertyValueSpecification\",\"valueRequired\":true,\"valueName\":\"search_term_string\"}}],\"inLanguage\":\"az\"},{\"@type\":\"Organization\",\"@id\":\"https:\\\/\\\/www.meydan.tv\\\/az\\\/#organization\",\"name\":\"Meydan TV\",\"url\":\"https:\\\/\\\/www.meydan.tv\\\/az\\\/\",\"logo\":{\"@type\":\"ImageObject\",\"inLanguage\":\"az\",\"@id\":\"https:\\\/\\\/www.meydan.tv\\\/az\\\/#\\\/schema\\\/logo\\\/image\\\/\",\"url\":\"https:\\\/\\\/www.meydan.tv\\\/wp-content\\\/uploads\\\/2021\\\/07\\\/meydan-logo.svg\",\"contentUrl\":\"https:\\\/\\\/www.meydan.tv\\\/wp-content\\\/uploads\\\/2021\\\/07\\\/meydan-logo.svg\",\"width\":195,\"height\":46,\"caption\":\"Meydan TV\"},\"image\":{\"@id\":\"https:\\\/\\\/www.meydan.tv\\\/az\\\/#\\\/schema\\\/logo\\\/image\\\/\"}},{\"@type\":\"Person\",\"@id\":\"https:\\\/\\\/www.meydan.tv\\\/az\\\/#\\\/schema\\\/person\\\/10d11eccf6da3662cf5fdab9806ea91a\",\"name\":\"user-manager\"}]}<\/script>\n<!-- \/ Yoast SEO plugin. -->","yoast_head_json":{"title":"\u201cA\u011f\u0131r v\u0259ziyy\u0259td\u0259 olan u\u015fa\u011f\u0131m\u0131 h\u0259kim\u0259 apard\u0131m, i\u015fd\u0259n \u00e7\u0131xar\u0131ld\u0131m\u201d - MEYDAN.TV","robots":{"index":"index","follow":"follow","max-snippet":"max-snippet:-1","max-image-preview":"max-image-preview:large","max-video-preview":"max-video-preview:-1"},"canonical":"https:\/\/www.meydan.tv\/az\/article\/agir-veziyyetde-olan-usagimi-hekime-apardim-isden-cixarildim\/","og_locale":"az_AZ","og_type":"article","og_title":"\u201cA\u011f\u0131r v\u0259ziyy\u0259td\u0259 olan u\u015fa\u011f\u0131m\u0131 h\u0259kim\u0259 apard\u0131m, i\u015fd\u0259n \u00e7\u0131xar\u0131ld\u0131m\u201d - MEYDAN.TV","og_description":"\u201cU\u015fa\u011fa veril\u0259n 200 manat pensiya il\u0259 d\u0259 ail\u0259ni doland\u0131rmaq olmur\"","og_url":"https:\/\/www.meydan.tv\/az\/article\/agir-veziyyetde-olan-usagimi-hekime-apardim-isden-cixarildim\/","og_site_name":"MEYDAN.TV","article_published_time":"2020-05-11T13:09:25+00:00","og_image":[{"width":1462,"height":480,"url":"https:\/\/www.meydan.tv\/wp-content\/uploads\/f98a6158_1429711906.jpg","type":"image\/jpeg"}],"author":"user-manager","twitter_card":"summary_large_image","schema":{"@context":"https:\/\/schema.org","@graph":[{"@type":"Article","@id":"https:\/\/www.meydan.tv\/az\/article\/agir-veziyyetde-olan-usagimi-hekime-apardim-isden-cixarildim\/#article","isPartOf":{"@id":"https:\/\/www.meydan.tv\/az\/article\/agir-veziyyetde-olan-usagimi-hekime-apardim-isden-cixarildim\/"},"author":{"name":"user-manager","@id":"https:\/\/www.meydan.tv\/az\/#\/schema\/person\/10d11eccf6da3662cf5fdab9806ea91a"},"headline":"\u201cA\u011f\u0131r v\u0259ziyy\u0259td\u0259 olan u\u015fa\u011f\u0131m\u0131 h\u0259kim\u0259 apard\u0131m, i\u015fd\u0259n \u00e7\u0131xar\u0131ld\u0131m\u201d","datePublished":"2020-05-11T13:09:25+00:00","mainEntityOfPage":{"@id":"https:\/\/www.meydan.tv\/az\/article\/agir-veziyyetde-olan-usagimi-hekime-apardim-isden-cixarildim\/"},"wordCount":924,"publisher":{"@id":"https:\/\/www.meydan.tv\/az\/#organization"},"image":{"@id":"https:\/\/www.meydan.tv\/az\/article\/agir-veziyyetde-olan-usagimi-hekime-apardim-isden-cixarildim\/#primaryimage"},"thumbnailUrl":"https:\/\/www.meydan.tv\/wp-content\/uploads\/f98a6158_1429711906.jpg","articleSection":["B\u00f6lg\u0259"],"inLanguage":"az"},{"@type":"WebPage","@id":"https:\/\/www.meydan.tv\/az\/article\/agir-veziyyetde-olan-usagimi-hekime-apardim-isden-cixarildim\/","url":"https:\/\/www.meydan.tv\/az\/article\/agir-veziyyetde-olan-usagimi-hekime-apardim-isden-cixarildim\/","name":"\u201cA\u011f\u0131r v\u0259ziyy\u0259td\u0259 olan u\u015fa\u011f\u0131m\u0131 h\u0259kim\u0259 apard\u0131m, i\u015fd\u0259n \u00e7\u0131xar\u0131ld\u0131m\u201d - MEYDAN.TV","isPartOf":{"@id":"https:\/\/www.meydan.tv\/az\/#website"},"primaryImageOfPage":{"@id":"https:\/\/www.meydan.tv\/az\/article\/agir-veziyyetde-olan-usagimi-hekime-apardim-isden-cixarildim\/#primaryimage"},"image":{"@id":"https:\/\/www.meydan.tv\/az\/article\/agir-veziyyetde-olan-usagimi-hekime-apardim-isden-cixarildim\/#primaryimage"},"thumbnailUrl":"https:\/\/www.meydan.tv\/wp-content\/uploads\/f98a6158_1429711906.jpg","datePublished":"2020-05-11T13:09:25+00:00","breadcrumb":{"@id":"https:\/\/www.meydan.tv\/az\/article\/agir-veziyyetde-olan-usagimi-hekime-apardim-isden-cixarildim\/#breadcrumb"},"inLanguage":"az","potentialAction":[{"@type":"ReadAction","target":["https:\/\/www.meydan.tv\/az\/article\/agir-veziyyetde-olan-usagimi-hekime-apardim-isden-cixarildim\/"]}]},{"@type":"ImageObject","inLanguage":"az","@id":"https:\/\/www.meydan.tv\/az\/article\/agir-veziyyetde-olan-usagimi-hekime-apardim-isden-cixarildim\/#primaryimage","url":"https:\/\/www.meydan.tv\/wp-content\/uploads\/f98a6158_1429711906.jpg","contentUrl":"https:\/\/www.meydan.tv\/wp-content\/uploads\/f98a6158_1429711906.jpg","width":1462,"height":480,"caption":"Source: Foto: google.az"},{"@type":"BreadcrumbList","@id":"https:\/\/www.meydan.tv\/az\/article\/agir-veziyyetde-olan-usagimi-hekime-apardim-isden-cixarildim\/#breadcrumb","itemListElement":[{"@type":"ListItem","position":1,"name":"Ana s\u0259hif\u0259","item":"https:\/\/www.meydan.tv\/az\/"},{"@type":"ListItem","position":2,"name":"B\u00f6lg\u0259","item":"https:\/\/www.meydan.tv\/az\/section\/bolge\/"},{"@type":"ListItem","position":3,"name":"\u201cA\u011f\u0131r v\u0259ziyy\u0259td\u0259 olan u\u015fa\u011f\u0131m\u0131 h\u0259kim\u0259 apard\u0131m, i\u015fd\u0259n \u00e7\u0131xar\u0131ld\u0131m\u201d"}]},{"@type":"WebSite","@id":"https:\/\/www.meydan.tv\/az\/#website","url":"https:\/\/www.meydan.tv\/az\/","name":"MEYDAN.TV","description":"Meydan TV Az\u0259rbaycan\u0131n media m\u0259kan\u0131ndak\u0131 alternativ s\u0259sidir","publisher":{"@id":"https:\/\/www.meydan.tv\/az\/#organization"},"potentialAction":[{"@type":"SearchAction","target":{"@type":"EntryPoint","urlTemplate":"https:\/\/www.meydan.tv\/az\/?s={search_term_string}"},"query-input":{"@type":"PropertyValueSpecification","valueRequired":true,"valueName":"search_term_string"}}],"inLanguage":"az"},{"@type":"Organization","@id":"https:\/\/www.meydan.tv\/az\/#organization","name":"Meydan TV","url":"https:\/\/www.meydan.tv\/az\/","logo":{"@type":"ImageObject","inLanguage":"az","@id":"https:\/\/www.meydan.tv\/az\/#\/schema\/logo\/image\/","url":"https:\/\/www.meydan.tv\/wp-content\/uploads\/2021\/07\/meydan-logo.svg","contentUrl":"https:\/\/www.meydan.tv\/wp-content\/uploads\/2021\/07\/meydan-logo.svg","width":195,"height":46,"caption":"Meydan TV"},"image":{"@id":"https:\/\/www.meydan.tv\/az\/#\/schema\/logo\/image\/"}},{"@type":"Person","@id":"https:\/\/www.meydan.tv\/az\/#\/schema\/person\/10d11eccf6da3662cf5fdab9806ea91a","name":"user-manager"}]}},"_links":{"self":[{"href":"https:\/\/www.meydan.tv\/az\/wp-json\/wp\/v2\/posts\/200534","targetHints":{"allow":["GET"]}}],"collection":[{"href":"https:\/\/www.meydan.tv\/az\/wp-json\/wp\/v2\/posts"}],"about":[{"href":"https:\/\/www.meydan.tv\/az\/wp-json\/wp\/v2\/types\/post"}],"author":[{"embeddable":true,"href":"https:\/\/www.meydan.tv\/az\/wp-json\/wp\/v2\/users\/11"}],"replies":[{"embeddable":true,"href":"https:\/\/www.meydan.tv\/az\/wp-json\/wp\/v2\/comments?post=200534"}],"version-history":[{"count":0,"href":"https:\/\/www.meydan.tv\/az\/wp-json\/wp\/v2\/posts\/200534\/revisions"}],"wp:featuredmedia":[{"embeddable":true,"href":"https:\/\/www.meydan.tv\/az\/wp-json\/wp\/v2\/media\/141608"}],"wp:attachment":[{"href":"https:\/\/www.meydan.tv\/az\/wp-json\/wp\/v2\/media?parent=200534"}],"wp:term":[{"taxonomy":"category","embeddable":true,"href":"https:\/\/www.meydan.tv\/az\/wp-json\/wp\/v2\/categories?post=200534"},{"taxonomy":"post_tag","embeddable":true,"href":"https:\/\/www.meydan.tv\/az\/wp-json\/wp\/v2\/tags?post=200534"}],"curies":[{"name":"wp","href":"https:\/\/api.w.org\/{rel}","templated":true}]}}