{"id":200499,"date":"2020-05-07T15:43:15","date_gmt":"2020-05-07T15:43:15","guid":{"rendered":"https:\/\/www.meydan.tv\/article\/elil-olandan-sonra-heyat-yoldasim-terk-etdi\/"},"modified":"2020-05-07T15:43:15","modified_gmt":"2020-05-07T15:43:15","slug":"elil-olandan-sonra-heyat-yoldasim-terk-etdi","status":"publish","type":"post","link":"https:\/\/www.meydan.tv\/az\/article\/elil-olandan-sonra-heyat-yoldasim-terk-etdi\/","title":{"rendered":"\u201c\u018flil olandan sonra h\u0259yat yolda\u015f\u0131m t\u0259rk etdi\u201d"},"content":{"rendered":"<p>\n  <i><br \/>\n    Azya\u015fl\u0131 \u00f6vlad\u0131 il\u0259 qalan ana k\u00f6m\u0259k ist\u0259yir<br \/>\n  <\/i>\n<\/p>\n<p>\n  \u201c3 ya\u015fl\u0131 o\u011flumla qalm\u0131\u015fam \u00e7ar\u0259siz. Yolda\u015f\u0131m at\u0131b gedib. Anamla ya\u015fay\u0131ram. O, \u0259qli problemli, m\u0259n d\u0259 \u0259lil. U\u015faq qal\u0131b bax\u0131ms\u0131z. Pulum olsa, normal m\u00fcalic\u0259 olunsam, b\u0259lk\u0259 h\u0259r \u015fey yax\u015f\u0131 olar. Ancaq yoxdur\u201d.\n<\/p>\n<p>\n  38 ya\u015fl\u0131 G\u0259nc\u0259 sakini \u00dclviyy\u0259 Al\u0131yeva bel\u0259 deyir. Ba\u015f\u0131na g\u0259l\u0259nl\u0259ri Meydan TV-y\u0259 dan\u0131\u015fan \u00dclviyy\u0259 4 il \u0259vv\u0259l ail\u0259sinin ist\u0259yi il\u0259 bibisi o\u011flu il\u0259 evl\u0259ndirildiyini s\u00f6yl\u0259yir. Deyir, ilk zamanlarda h\u0259r \u015fey qaydas\u0131nda olub. Ancaq Az\u0259rbaycan mentalitetind\u0259n ir\u0259li g\u0259l\u0259n qaydalar zamanla onlar\u0131 rahat buraxmay\u0131b:\n<\/p>\n<p>\n  \u201cH\u0259r k\u0259s, qohum, qon\u015fu, dost-tan\u0131\u015f, h\u0259tta 10 d\u0259qiq\u0259 \u0259vv\u0259l tan\u0131d\u0131\u011f\u0131n adam da u\u015fa\u011f\u0131n olub-olmad\u0131\u011f\u0131n\u0131 soru\u015fur. Bizim d\u0259 u\u015fa\u011f\u0131m\u0131z olmurdu. Bir ne\u00e7\u0259 d\u0259f\u0259 h\u0259kim\u0259 d\u0259 getmi\u015fdik. Ax\u0131rda ayr\u0131ld\u0131q. Bilirsiniz d\u0259, bizd\u0259 ail\u0259 u\u015faq \u00fcz\u0259rind\u0259 qurulur. U\u015faq olmursa, ail\u0259 d\u0259 olmur v\u0259 sonu ayr\u0131l\u0131qla bitir\u201d.\n<\/p>\n<p>\n  \u00dclviyy\u0259 Al\u0131yeva ke\u00e7mi\u015f h\u0259yat yolda\u015f\u0131ndan ayr\u0131landan sonra ikinci d\u0259f\u0259 ail\u0259 h\u0259yat\u0131 qurub. Deyir, ikinci h\u0259yat yolda\u015f\u0131 il\u0259 ail\u0259 h\u0259yat\u0131 u\u011furlu al\u0131n\u0131b. Bir m\u00fcdd\u0259t sonra hamil\u0259 qal\u0131b:\n<\/p>\n<p>\n  \u201cBazara getm\u0259k \u00fc\u00e7\u00fcn evd\u0259n \u00e7\u0131xm\u0131\u015fd\u0131m. Qarn\u0131m da xeyli b\u00f6y\u00fck idi. Ke\u00e7mi\u015f yolda\u015f\u0131m qar\u015f\u0131m\u0131 k\u0259sdi. Ondan ayr\u0131lma\u011f\u0131m\u0131n hesab\u0131n\u0131 sorma\u011fa ba\u015flad\u0131. Niy\u0259 evl\u0259ndiyim, ba\u015fqas\u0131ndan hamil\u0259 qald\u0131\u011f\u0131mla ba\u011fl\u0131 m\u0259ni g\u00fcnahland\u0131rd\u0131. Sonra da cibind\u0259n b\u0131\u00e7aq \u00e7\u0131xar\u0131b m\u0259n\u0259 x\u0259sar\u0259tl\u0259r yetirm\u0259y\u0259 ba\u015flad\u0131\u201d.\n<\/p>\n<p>\n  \u00dclviyy\u0259 Al\u0131yeva deyir ki, \u0259trafda insanlar\u0131n \u00e7ox olmas\u0131na g\u00f6r\u0259 b\u0259xti g\u0259tirib. \u018fg\u0259r insanlar g\u0259lib ona yard\u0131m etm\u0259s\u0259ydil\u0259r, indi h\u0259yatda olmazd\u0131. O, 4 b\u0131\u00e7aq z\u0259rb\u0259si il\u0259 can\u0131n\u0131 qurtara bilib:\n<\/p>\n<p>\n  \u201cYax\u015f\u0131 ki, o z\u0259rb\u0259l\u0259rin he\u00e7 biri qar\u0131n nahiy\u0259m\u0259 d\u0259ym\u0259yib. Yoxsa u\u015faq el\u0259 qarn\u0131mda \u00f6l\u0259rdi. Amma h\u0259yat\u0131ma kifay\u0259t q\u0259d\u0259r t\u0259siri oldu. B\u0131\u00e7aq z\u0259rb\u0259l\u0259rind\u0259n biri boynuma, biri \u00e7iynim\u0259, dig\u0259ri qoluma v\u0259 \u0259traf\u0131na d\u0259yib. X\u0259st\u0259xanada yaralar\u0131m sa\u011falandan sonra normal idim. Zamanla qolum g\u00fcc\u00fcn\u00fc itirdi v\u0259 yava\u015f-yava\u015f onur\u011fama ke\u00e7m\u0259y\u0259 ba\u015flad\u0131. \u0130ndi o h\u0259dd\u0259 g\u0259lib \u00e7atm\u0131\u015fam ki, daha yeriy\u0259 bilmir\u0259m\u201d.\n<\/p>\n<figure class=\"wp-block-image size-large\">\n  <img decoding=\"async\" src=\"https:\/\/www.meydan.tv\/az\/20200507_153751-jpg\/\" alt=\"20200507_153751.jpg\" class=\"wp-image-141488\"\/><figcaption>\n    \u201c3 ya\u015fl\u0131 o\u011flumla qalm\u0131\u015fam \u00e7ar\u0259siz&#8221;.<br \/>\n  <\/figcaption><\/figure>\n<p>\n  \u00dclviyy\u0259 Al\u0131yevan\u0131 b\u0131\u00e7aqlayan ke\u00e7mi\u015f h\u0259yat yolda\u015f\u0131 o hadis\u0259d\u0259n d\u0259rhal sonra intihar edib v\u0259 \u00f6l\u00fcb. \u00dclviyy\u0259 is\u0259 \u0259lil olub. Yerim\u0259 qabiliyy\u0259tini itirib. Deyir, buna g\u00f6r\u0259 ona t\u0259qa\u00fcd k\u0259sibl\u0259r. Ancaq m\u00fcalic\u0259sin\u0259 x\u0259rcl\u0259y\u0259 bilmir. \u00c7\u00fcnki \u00f6hd\u0259sind\u0259 3 ya\u015fl\u0131 k\u00f6rp\u0259si v\u0259 \u0259qli problemli olan anas\u0131 var. Pensiyas\u0131n\u0131n ham\u0131s\u0131 yem\u0259k v\u0259 kommunal x\u0259rcl\u0259r\u0259 gedir. N\u0259tic\u0259d\u0259 m\u00fcalic\u0259sin\u0259 he\u00e7 n\u0259 qalm\u0131r:\n<\/p>\n<p>\n  \u201cM\u00fcalic\u0259 olunmaq, az da olsa, yerim\u0259k ist\u0259yir\u0259m. Ancaq imkan\u0131m yoxdur. Anam da bu g\u00fcn var, sabah yoxdur. X\u0259st\u0259 v\u0259 ya\u015fl\u0131d\u0131r. M\u0259n yeriy\u0259 bilm\u0259s\u0259m, g\u00fcn\u00fc-g\u00fcnd\u0259n pisl\u0259\u015f\u0259-pisl\u0259\u015f\u0259 gets\u0259m, u\u015fa\u011f\u0131ma kim baxacaq? Pensiya al\u0131ram, \u00fcnvanl\u0131 sosial yard\u0131m da vers\u0259l\u0259r, he\u00e7 olmasa ayda bir d\u0259f\u0259 h\u0259kim\u0259 ged\u0259 bil\u0259r\u0259m. Lakin ala bilmir\u0259m\u201d.\n<\/p>\n<p>\n  \u00dclviyy\u0259 deyir ki, bu duruma d\u00fc\u015f\u0259nd\u0259n sonra ikinci h\u0259yat yolda\u015f\u0131 da onu t\u0259rk edib. \u0130ndi harada oldu\u011funu bilmir. Bibisi o\u011fluna g\u0259linc\u0259, deyir, h\u0259m \u00f6z\u00fcn\u00fc, h\u0259m d\u0259 onu b\u0259db\u0259xt etdi:\n<\/p>\n<p>\n  \u201cO \u00f6ld\u00fc getdi, qald\u0131m m\u0259n, z\u0259lil\u0259m. \u00c7ox yox, bir az aya\u011f\u0131m a\u00e7\u0131lsa, u\u015fa\u011f\u0131m\u0131 t\u0259min ed\u0259r\u0259m. N\u0259 q\u0259d\u0259r anam baxacaq? H\u0259qiq\u0259t\u0259n \u00e7\u0259tindir. Pensiyadan \u0259lav\u0259 k\u00f6m\u0259yim olsa, m\u00fcalic\u0259 olunaram\u201d.\n<\/p>\n<p>\n  \u00dclviyy\u0259 Al\u0131yevan\u0131 d\u00f6vl\u0259t x\u0259st\u0259xanalar\u0131ndak\u0131 m\u00fcalic\u0259 qane etmir. Deyir, xeyri yoxdur. O, fizioterapiya v\u0259 ciddi m\u00fcalic\u0259 kursu ke\u00e7m\u0259k ist\u0259yir. Onun \u00fc\u00e7\u00fcn d\u0259 Bak\u0131ya getm\u0259li oldu\u011funu s\u00f6yl\u0259yir. Buna is\u0259 imkan\u0131 \u00e7atm\u0131r.\n<\/p>\n<p>\n  D\u00f6vl\u0259t Sosial M\u00fcdafi\u0259 Fondunun (DSMF) G\u0259nc\u0259 \u015f\u0259h\u0259r Nizami rayon \u015f\u00f6b\u0259sind\u0259n bildiribl\u0259r ki, v\u0259t\u0259nda\u015f onlara online m\u00fcraci\u0259t ed\u0259 bil\u0259r. M\u00fcraci\u0259tin\u0259 bax\u0131lacaq v\u0259 qiym\u0259tl\u0259ndiril\u0259c\u0259k. \u018fg\u0259r h\u0259qiq\u0259t\u0259n d\u0259 ona sosial yard\u0131m d\u00fc\u015f\u00fcrs\u0259, t\u0259min edil\u0259c\u0259k:\n<\/p>\n<p>\n  \u201c\u0130nternet imkan\u0131 m\u0259hduddursa, o zaman idar\u0259y\u0259 g\u0259lsin. Burada ona k\u00f6m\u0259k edil\u0259r\u201d.<\/p>\n","protected":false},"excerpt":{"rendered":"<p>&#8220;\u00c7ox yox, bir az aya\u011f\u0131m a\u00e7\u0131lsa, u\u015fa\u011f\u0131m\u0131 t\u0259min ed\u0259r\u0259m&#8221;.<\/p>\n","protected":false},"author":11,"featured_media":141491,"comment_status":"closed","ping_status":"open","sticky":false,"template":"","format":"standard","meta":{"_acf_changed":false,"_sitemap_exclude":false,"_sitemap_priority":"","_sitemap_frequency":"","footnotes":""},"categories":[60],"tags":[],"class_list":["post-200499","post","type-post","status-publish","format-standard","has-post-thumbnail","hentry","category-bolge","infinite-scroll-item","generate-columns","tablet-grid-50","mobile-grid-100","grid-parent","grid-33","no-featured-image-padding"],"acf":[],"yoast_head":"<!-- This site is optimized with the Yoast SEO plugin v27.5 - https:\/\/yoast.com\/product\/yoast-seo-wordpress\/ -->\n<title>\u201c\u018flil olandan sonra h\u0259yat yolda\u015f\u0131m t\u0259rk etdi\u201d - MEYDAN.TV<\/title>\n<meta name=\"robots\" content=\"index, follow, max-snippet:-1, max-image-preview:large, max-video-preview:-1\" \/>\n<link rel=\"canonical\" href=\"https:\/\/www.meydan.tv\/az\/article\/elil-olandan-sonra-heyat-yoldasim-terk-etdi\/\" \/>\n<meta property=\"og:locale\" content=\"az_AZ\" \/>\n<meta property=\"og:type\" content=\"article\" \/>\n<meta property=\"og:title\" content=\"\u201c\u018flil olandan sonra h\u0259yat yolda\u015f\u0131m t\u0259rk etdi\u201d - MEYDAN.TV\" \/>\n<meta property=\"og:description\" content=\"&quot;\u00c7ox yox, bir az aya\u011f\u0131m a\u00e7\u0131lsa, u\u015fa\u011f\u0131m\u0131 t\u0259min ed\u0259r\u0259m&quot;.\" \/>\n<meta property=\"og:url\" content=\"https:\/\/www.meydan.tv\/az\/article\/elil-olandan-sonra-heyat-yoldasim-terk-etdi\/\" \/>\n<meta property=\"og:site_name\" content=\"MEYDAN.TV\" \/>\n<meta property=\"article:published_time\" content=\"2020-05-07T15:43:15+00:00\" \/>\n<meta property=\"og:image\" content=\"https:\/\/www.meydan.tv\/wp-content\/uploads\/image_from_ios_3_kot6a3e-scaled.jpg\" \/>\n\t<meta property=\"og:image:width\" content=\"2560\" \/>\n\t<meta property=\"og:image:height\" content=\"1920\" \/>\n\t<meta property=\"og:image:type\" content=\"image\/jpeg\" \/>\n<meta name=\"author\" content=\"user-manager\" \/>\n<meta name=\"twitter:card\" content=\"summary_large_image\" \/>\n<script type=\"application\/ld+json\" class=\"yoast-schema-graph\">{\"@context\":\"https:\\\/\\\/schema.org\",\"@graph\":[{\"@type\":\"Article\",\"@id\":\"https:\\\/\\\/www.meydan.tv\\\/az\\\/article\\\/elil-olandan-sonra-heyat-yoldasim-terk-etdi\\\/#article\",\"isPartOf\":{\"@id\":\"https:\\\/\\\/www.meydan.tv\\\/az\\\/article\\\/elil-olandan-sonra-heyat-yoldasim-terk-etdi\\\/\"},\"author\":{\"name\":\"user-manager\",\"@id\":\"https:\\\/\\\/www.meydan.tv\\\/az\\\/#\\\/schema\\\/person\\\/10d11eccf6da3662cf5fdab9806ea91a\"},\"headline\":\"\u201c\u018flil olandan sonra h\u0259yat yolda\u015f\u0131m t\u0259rk etdi\u201d\",\"datePublished\":\"2020-05-07T15:43:15+00:00\",\"mainEntityOfPage\":{\"@id\":\"https:\\\/\\\/www.meydan.tv\\\/az\\\/article\\\/elil-olandan-sonra-heyat-yoldasim-terk-etdi\\\/\"},\"wordCount\":828,\"publisher\":{\"@id\":\"https:\\\/\\\/www.meydan.tv\\\/az\\\/#organization\"},\"image\":{\"@id\":\"https:\\\/\\\/www.meydan.tv\\\/az\\\/article\\\/elil-olandan-sonra-heyat-yoldasim-terk-etdi\\\/#primaryimage\"},\"thumbnailUrl\":\"https:\\\/\\\/www.meydan.tv\\\/wp-content\\\/uploads\\\/image_from_ios_3_kot6a3e-scaled.jpg\",\"articleSection\":[\"B\u00f6lg\u0259\"],\"inLanguage\":\"az\"},{\"@type\":\"WebPage\",\"@id\":\"https:\\\/\\\/www.meydan.tv\\\/az\\\/article\\\/elil-olandan-sonra-heyat-yoldasim-terk-etdi\\\/\",\"url\":\"https:\\\/\\\/www.meydan.tv\\\/az\\\/article\\\/elil-olandan-sonra-heyat-yoldasim-terk-etdi\\\/\",\"name\":\"\u201c\u018flil olandan sonra h\u0259yat yolda\u015f\u0131m t\u0259rk etdi\u201d - MEYDAN.TV\",\"isPartOf\":{\"@id\":\"https:\\\/\\\/www.meydan.tv\\\/az\\\/#website\"},\"primaryImageOfPage\":{\"@id\":\"https:\\\/\\\/www.meydan.tv\\\/az\\\/article\\\/elil-olandan-sonra-heyat-yoldasim-terk-etdi\\\/#primaryimage\"},\"image\":{\"@id\":\"https:\\\/\\\/www.meydan.tv\\\/az\\\/article\\\/elil-olandan-sonra-heyat-yoldasim-terk-etdi\\\/#primaryimage\"},\"thumbnailUrl\":\"https:\\\/\\\/www.meydan.tv\\\/wp-content\\\/uploads\\\/image_from_ios_3_kot6a3e-scaled.jpg\",\"datePublished\":\"2020-05-07T15:43:15+00:00\",\"breadcrumb\":{\"@id\":\"https:\\\/\\\/www.meydan.tv\\\/az\\\/article\\\/elil-olandan-sonra-heyat-yoldasim-terk-etdi\\\/#breadcrumb\"},\"inLanguage\":\"az\",\"potentialAction\":[{\"@type\":\"ReadAction\",\"target\":[\"https:\\\/\\\/www.meydan.tv\\\/az\\\/article\\\/elil-olandan-sonra-heyat-yoldasim-terk-etdi\\\/\"]}]},{\"@type\":\"ImageObject\",\"inLanguage\":\"az\",\"@id\":\"https:\\\/\\\/www.meydan.tv\\\/az\\\/article\\\/elil-olandan-sonra-heyat-yoldasim-terk-etdi\\\/#primaryimage\",\"url\":\"https:\\\/\\\/www.meydan.tv\\\/wp-content\\\/uploads\\\/image_from_ios_3_kot6a3e-scaled.jpg\",\"contentUrl\":\"https:\\\/\\\/www.meydan.tv\\\/wp-content\\\/uploads\\\/image_from_ios_3_kot6a3e-scaled.jpg\",\"width\":2560,\"height\":1920,\"caption\":\"Source: Specify Source\"},{\"@type\":\"BreadcrumbList\",\"@id\":\"https:\\\/\\\/www.meydan.tv\\\/az\\\/article\\\/elil-olandan-sonra-heyat-yoldasim-terk-etdi\\\/#breadcrumb\",\"itemListElement\":[{\"@type\":\"ListItem\",\"position\":1,\"name\":\"Ana s\u0259hif\u0259\",\"item\":\"https:\\\/\\\/www.meydan.tv\\\/az\\\/\"},{\"@type\":\"ListItem\",\"position\":2,\"name\":\"B\u00f6lg\u0259\",\"item\":\"https:\\\/\\\/www.meydan.tv\\\/az\\\/section\\\/bolge\\\/\"},{\"@type\":\"ListItem\",\"position\":3,\"name\":\"\u201c\u018flil olandan sonra h\u0259yat yolda\u015f\u0131m t\u0259rk etdi\u201d\"}]},{\"@type\":\"WebSite\",\"@id\":\"https:\\\/\\\/www.meydan.tv\\\/az\\\/#website\",\"url\":\"https:\\\/\\\/www.meydan.tv\\\/az\\\/\",\"name\":\"MEYDAN.TV\",\"description\":\"Meydan TV Az\u0259rbaycan\u0131n media m\u0259kan\u0131ndak\u0131 alternativ s\u0259sidir\",\"publisher\":{\"@id\":\"https:\\\/\\\/www.meydan.tv\\\/az\\\/#organization\"},\"potentialAction\":[{\"@type\":\"SearchAction\",\"target\":{\"@type\":\"EntryPoint\",\"urlTemplate\":\"https:\\\/\\\/www.meydan.tv\\\/az\\\/?s={search_term_string}\"},\"query-input\":{\"@type\":\"PropertyValueSpecification\",\"valueRequired\":true,\"valueName\":\"search_term_string\"}}],\"inLanguage\":\"az\"},{\"@type\":\"Organization\",\"@id\":\"https:\\\/\\\/www.meydan.tv\\\/az\\\/#organization\",\"name\":\"Meydan TV\",\"url\":\"https:\\\/\\\/www.meydan.tv\\\/az\\\/\",\"logo\":{\"@type\":\"ImageObject\",\"inLanguage\":\"az\",\"@id\":\"https:\\\/\\\/www.meydan.tv\\\/az\\\/#\\\/schema\\\/logo\\\/image\\\/\",\"url\":\"https:\\\/\\\/www.meydan.tv\\\/wp-content\\\/uploads\\\/2021\\\/07\\\/meydan-logo.svg\",\"contentUrl\":\"https:\\\/\\\/www.meydan.tv\\\/wp-content\\\/uploads\\\/2021\\\/07\\\/meydan-logo.svg\",\"width\":195,\"height\":46,\"caption\":\"Meydan TV\"},\"image\":{\"@id\":\"https:\\\/\\\/www.meydan.tv\\\/az\\\/#\\\/schema\\\/logo\\\/image\\\/\"}},{\"@type\":\"Person\",\"@id\":\"https:\\\/\\\/www.meydan.tv\\\/az\\\/#\\\/schema\\\/person\\\/10d11eccf6da3662cf5fdab9806ea91a\",\"name\":\"user-manager\"}]}<\/script>\n<!-- \/ Yoast SEO plugin. -->","yoast_head_json":{"title":"\u201c\u018flil olandan sonra h\u0259yat yolda\u015f\u0131m t\u0259rk etdi\u201d - MEYDAN.TV","robots":{"index":"index","follow":"follow","max-snippet":"max-snippet:-1","max-image-preview":"max-image-preview:large","max-video-preview":"max-video-preview:-1"},"canonical":"https:\/\/www.meydan.tv\/az\/article\/elil-olandan-sonra-heyat-yoldasim-terk-etdi\/","og_locale":"az_AZ","og_type":"article","og_title":"\u201c\u018flil olandan sonra h\u0259yat yolda\u015f\u0131m t\u0259rk etdi\u201d - MEYDAN.TV","og_description":"\"\u00c7ox yox, bir az aya\u011f\u0131m a\u00e7\u0131lsa, u\u015fa\u011f\u0131m\u0131 t\u0259min ed\u0259r\u0259m\".","og_url":"https:\/\/www.meydan.tv\/az\/article\/elil-olandan-sonra-heyat-yoldasim-terk-etdi\/","og_site_name":"MEYDAN.TV","article_published_time":"2020-05-07T15:43:15+00:00","og_image":[{"width":2560,"height":1920,"url":"https:\/\/www.meydan.tv\/wp-content\/uploads\/image_from_ios_3_kot6a3e-scaled.jpg","type":"image\/jpeg"}],"author":"user-manager","twitter_card":"summary_large_image","schema":{"@context":"https:\/\/schema.org","@graph":[{"@type":"Article","@id":"https:\/\/www.meydan.tv\/az\/article\/elil-olandan-sonra-heyat-yoldasim-terk-etdi\/#article","isPartOf":{"@id":"https:\/\/www.meydan.tv\/az\/article\/elil-olandan-sonra-heyat-yoldasim-terk-etdi\/"},"author":{"name":"user-manager","@id":"https:\/\/www.meydan.tv\/az\/#\/schema\/person\/10d11eccf6da3662cf5fdab9806ea91a"},"headline":"\u201c\u018flil olandan sonra h\u0259yat yolda\u015f\u0131m t\u0259rk etdi\u201d","datePublished":"2020-05-07T15:43:15+00:00","mainEntityOfPage":{"@id":"https:\/\/www.meydan.tv\/az\/article\/elil-olandan-sonra-heyat-yoldasim-terk-etdi\/"},"wordCount":828,"publisher":{"@id":"https:\/\/www.meydan.tv\/az\/#organization"},"image":{"@id":"https:\/\/www.meydan.tv\/az\/article\/elil-olandan-sonra-heyat-yoldasim-terk-etdi\/#primaryimage"},"thumbnailUrl":"https:\/\/www.meydan.tv\/wp-content\/uploads\/image_from_ios_3_kot6a3e-scaled.jpg","articleSection":["B\u00f6lg\u0259"],"inLanguage":"az"},{"@type":"WebPage","@id":"https:\/\/www.meydan.tv\/az\/article\/elil-olandan-sonra-heyat-yoldasim-terk-etdi\/","url":"https:\/\/www.meydan.tv\/az\/article\/elil-olandan-sonra-heyat-yoldasim-terk-etdi\/","name":"\u201c\u018flil olandan sonra h\u0259yat yolda\u015f\u0131m t\u0259rk etdi\u201d - MEYDAN.TV","isPartOf":{"@id":"https:\/\/www.meydan.tv\/az\/#website"},"primaryImageOfPage":{"@id":"https:\/\/www.meydan.tv\/az\/article\/elil-olandan-sonra-heyat-yoldasim-terk-etdi\/#primaryimage"},"image":{"@id":"https:\/\/www.meydan.tv\/az\/article\/elil-olandan-sonra-heyat-yoldasim-terk-etdi\/#primaryimage"},"thumbnailUrl":"https:\/\/www.meydan.tv\/wp-content\/uploads\/image_from_ios_3_kot6a3e-scaled.jpg","datePublished":"2020-05-07T15:43:15+00:00","breadcrumb":{"@id":"https:\/\/www.meydan.tv\/az\/article\/elil-olandan-sonra-heyat-yoldasim-terk-etdi\/#breadcrumb"},"inLanguage":"az","potentialAction":[{"@type":"ReadAction","target":["https:\/\/www.meydan.tv\/az\/article\/elil-olandan-sonra-heyat-yoldasim-terk-etdi\/"]}]},{"@type":"ImageObject","inLanguage":"az","@id":"https:\/\/www.meydan.tv\/az\/article\/elil-olandan-sonra-heyat-yoldasim-terk-etdi\/#primaryimage","url":"https:\/\/www.meydan.tv\/wp-content\/uploads\/image_from_ios_3_kot6a3e-scaled.jpg","contentUrl":"https:\/\/www.meydan.tv\/wp-content\/uploads\/image_from_ios_3_kot6a3e-scaled.jpg","width":2560,"height":1920,"caption":"Source: Specify Source"},{"@type":"BreadcrumbList","@id":"https:\/\/www.meydan.tv\/az\/article\/elil-olandan-sonra-heyat-yoldasim-terk-etdi\/#breadcrumb","itemListElement":[{"@type":"ListItem","position":1,"name":"Ana s\u0259hif\u0259","item":"https:\/\/www.meydan.tv\/az\/"},{"@type":"ListItem","position":2,"name":"B\u00f6lg\u0259","item":"https:\/\/www.meydan.tv\/az\/section\/bolge\/"},{"@type":"ListItem","position":3,"name":"\u201c\u018flil olandan sonra h\u0259yat yolda\u015f\u0131m t\u0259rk etdi\u201d"}]},{"@type":"WebSite","@id":"https:\/\/www.meydan.tv\/az\/#website","url":"https:\/\/www.meydan.tv\/az\/","name":"MEYDAN.TV","description":"Meydan TV Az\u0259rbaycan\u0131n media m\u0259kan\u0131ndak\u0131 alternativ s\u0259sidir","publisher":{"@id":"https:\/\/www.meydan.tv\/az\/#organization"},"potentialAction":[{"@type":"SearchAction","target":{"@type":"EntryPoint","urlTemplate":"https:\/\/www.meydan.tv\/az\/?s={search_term_string}"},"query-input":{"@type":"PropertyValueSpecification","valueRequired":true,"valueName":"search_term_string"}}],"inLanguage":"az"},{"@type":"Organization","@id":"https:\/\/www.meydan.tv\/az\/#organization","name":"Meydan TV","url":"https:\/\/www.meydan.tv\/az\/","logo":{"@type":"ImageObject","inLanguage":"az","@id":"https:\/\/www.meydan.tv\/az\/#\/schema\/logo\/image\/","url":"https:\/\/www.meydan.tv\/wp-content\/uploads\/2021\/07\/meydan-logo.svg","contentUrl":"https:\/\/www.meydan.tv\/wp-content\/uploads\/2021\/07\/meydan-logo.svg","width":195,"height":46,"caption":"Meydan TV"},"image":{"@id":"https:\/\/www.meydan.tv\/az\/#\/schema\/logo\/image\/"}},{"@type":"Person","@id":"https:\/\/www.meydan.tv\/az\/#\/schema\/person\/10d11eccf6da3662cf5fdab9806ea91a","name":"user-manager"}]}},"_links":{"self":[{"href":"https:\/\/www.meydan.tv\/az\/wp-json\/wp\/v2\/posts\/200499","targetHints":{"allow":["GET"]}}],"collection":[{"href":"https:\/\/www.meydan.tv\/az\/wp-json\/wp\/v2\/posts"}],"about":[{"href":"https:\/\/www.meydan.tv\/az\/wp-json\/wp\/v2\/types\/post"}],"author":[{"embeddable":true,"href":"https:\/\/www.meydan.tv\/az\/wp-json\/wp\/v2\/users\/11"}],"replies":[{"embeddable":true,"href":"https:\/\/www.meydan.tv\/az\/wp-json\/wp\/v2\/comments?post=200499"}],"version-history":[{"count":0,"href":"https:\/\/www.meydan.tv\/az\/wp-json\/wp\/v2\/posts\/200499\/revisions"}],"wp:featuredmedia":[{"embeddable":true,"href":"https:\/\/www.meydan.tv\/az\/wp-json\/wp\/v2\/media\/141491"}],"wp:attachment":[{"href":"https:\/\/www.meydan.tv\/az\/wp-json\/wp\/v2\/media?parent=200499"}],"wp:term":[{"taxonomy":"category","embeddable":true,"href":"https:\/\/www.meydan.tv\/az\/wp-json\/wp\/v2\/categories?post=200499"},{"taxonomy":"post_tag","embeddable":true,"href":"https:\/\/www.meydan.tv\/az\/wp-json\/wp\/v2\/tags?post=200499"}],"curies":[{"name":"wp","href":"https:\/\/api.w.org\/{rel}","templated":true}]}}