{"id":200484,"date":"2020-05-06T20:02:56","date_gmt":"2020-05-06T20:02:56","guid":{"rendered":"https:\/\/www.meydan.tv\/article\/vilyam-haciyev-haqq-yerini-tapacaq\/"},"modified":"2020-05-06T20:02:56","modified_gmt":"2020-05-06T20:02:56","slug":"vilyam-haciyev-haqq-yerini-tapacaq","status":"publish","type":"post","link":"https:\/\/www.meydan.tv\/az\/article\/vilyam-haciyev-haqq-yerini-tapacaq\/","title":{"rendered":"Vilyam Hac\u0131yev: Haqq yerini tapacaq"},"content":{"rendered":"<p>\n  <i><br \/>\n    Sabiq icra ba\u015f\u00e7\u0131s\u0131 haqq\u0131nda h\u0259bs-q\u0259timkan t\u0259dbiri se\u00e7ildi<br \/>\n  <\/i>\n<\/p>\n<p>\n  \u0130mi\u015flinin ke\u00e7mi\u015f icra ba\u015f\u00e7\u0131s\u0131 Vilyam Hac\u0131yev bar\u0259sind\u0259 ilkin istintaq d\u00f6vr\u00fc \u00fc\u00e7\u00fcn 4 ayl\u0131q h\u0259bs-q\u0259timkan t\u0259dbiri se\u00e7ilib. May\u0131n 6-da ax\u015fam saat 19 rad\u0259l\u0259rind\u0259 S\u0259bail Rayon M\u0259hk\u0259m\u0259sind\u0259 hakim M\u0259din\u0259 Ba\u011f\u0131rova bu bar\u0259d\u0259 q\u0259rar \u00e7\u0131xar\u0131b.\n<\/p>\n<p>\n  Qapal\u0131 ke\u00e7iril\u0259n m\u0259hk\u0259m\u0259 prosesind\u0259 V.Hac\u0131yev \u00f6z\u00fc d\u0259 i\u015ftirak edib. Onu m\u0259hk\u0259m\u0259y\u0259 D\u00f6vl\u0259t T\u0259hl\u00fck\u0259sizliyi Xidm\u0259tinin (DTX) \u0259m\u0259kda\u015flar\u0131 g\u0259tirib.\n<\/p>\n<p>\n  V.Hac\u0131yev haqq\u0131nda h\u0259bs q\u0259rar\u0131 se\u00e7ilm\u0259si \u00fc\u00e7\u00fcn istintaq orqan\u0131n\u0131n m\u0259hk\u0259m\u0259y\u0259 t\u0259qdimat\u0131ndan m\u0259lum olub ki, ona qar\u015f\u0131 Cinay\u0259t M\u0259c\u0259ll\u0259sinin 308.2 (v\u0259zif\u0259 s\u0259lahiyy\u0259tl\u0259rind\u0259n sui-istifad\u0259 etm\u0259 a\u011f\u0131r n\u0259tic\u0259l\u0259r\u0259 s\u0259b\u0259b olduqda), 179.3.2 (k\u00fclli miqdarda m\u0259nims\u0259m\u0259 v\u0259 ya israfetm\u0259) v\u0259 311.3 (k\u00fclli miqdarda r\u00fc\u015fv\u0259t alma) madd\u0259l\u0259ril\u0259 ittihamlar ir\u0259li s\u00fcr\u00fcl\u00fcb.\n<\/p>\n<p>\n  Meydan TV-nin \u0259ld\u0259 etdiyi m\u0259lumata g\u00f6r\u0259, sabiq icra ba\u015f\u00e7\u0131s\u0131na d\u00f6vl\u0259t hesab\u0131na v\u0259kil t\u0259yin edilib. H\u0259r\u00e7\u0259nd, d\u00f6vl\u0259t hesab\u0131na h\u00fcquqi yard\u0131m\u0131n mahiyy\u0259ti budur ki, \u015f\u0259xsin \u00f6z\u00fcn\u0259 v\u0259kil tutma\u011fa maddi imkan\u0131 yoxdursa, o, h\u00fcquqi bax\u0131mdan m\u00fcdafi\u0259siz qalmas\u0131n.\n<\/p>\n<p>\n  V.Hac\u0131yevin ittihamlar\u0131 q\u0259bul edib-etm\u0259diyi m\u0259lum deyil. Amma o, m\u0259hk\u0259m\u0259 binas\u0131ndan \u00e7\u0131xar\u0131lark\u0259n orada g\u00f6zl\u0259y\u0259n yax\u0131nlar\u0131na q\u0131saca bunlar\u0131 deyib: \u201cBu g\u00fcnl\u0259r ke\u00e7\u0259c\u0259k. H\u0259r \u015fey yax\u015f\u0131 olacaq. Haqq yerini tapacaq&#8230;\u201d\n<\/p>\n<p>\n  V.Hac\u0131yev may\u0131n 5-d\u0259 DTX \u0259m\u0259kda\u015flar\u0131n\u0131n ke\u00e7irdiyi \u0259m\u0259liyyat zaman\u0131 saxlan\u0131l\u0131b. May\u0131n 6-da h\u0259m\u00e7inin prezident \u0130lham \u018fliyev onun \u0130mi\u015fli rayon \u0130cra Hakimiyy\u0259tinin ba\u015f\u00e7\u0131s\u0131 v\u0259zif\u0259sind\u0259n azad edilm\u0259si bar\u0259d\u0259 s\u0259r\u0259ncam imzalay\u0131b.\n<\/p>\n<p>\n  Az\u0259rbaycanda icra ba\u015f\u00e7\u0131lar\u0131n\u0131n h\u0259bs dal\u011fas\u0131 \u00f6t\u0259n ilin dekabr\u0131ndan ba\u015flay\u0131b. \u0130lk h\u0259bs edil\u0259nl\u0259r A\u011fstafa rayonunun icra ba\u015f\u00e7\u0131s\u0131 Nizam\u0259ddin Quliyev v\u0259 Yevlax\u0131n sabiq icra ba\u015f\u00e7\u0131s\u0131 Qoca S\u0259m\u0259dov olub.\n<\/p>\n<p>\n  Bu ilin fevral\u0131nda Neft\u00e7alan\u0131n, bir h\u0259ft\u0259 \u00f6nc\u0259 is\u0259 Bil\u0259suvar\u0131n icra ba\u015f\u00e7\u0131s\u0131 h\u0259bs edilib. Onlar\u0131n ham\u0131s\u0131 DTX \u0259m\u0259kda\u015flar\u0131n\u0131n ke\u00e7irdiyi x\u00fcsusi \u0259m\u0259liyyat n\u0259tic\u0259sind\u0259 h\u0259bs olunub.\n<\/p>\n<p>\n  Sabiq icra ba\u015f\u00e7\u0131lar\u0131n\u0131n i\u015fi \u00fczr\u0259 istintaq ara\u015fd\u0131rmalar\u0131 da DTX-da apar\u0131l\u0131r. Onlar DTX-n\u0131n istintaq t\u0259cridxanas\u0131nda saxlan\u0131l\u0131rlar.\n<\/p>\n<p>\n  Korrupsiya, v\u0259zif\u0259 cinay\u0259tl\u0259rind\u0259 ittiham olunan V.Hac\u0131yev 2017-ci ilin avqustunda Prezident t\u0259r\u0259find\u0259n \u201cV\u0259t\u0259n\u0259 xidm\u0259t\u0259 g\u00f6r\u0259&quot; ordeni il\u0259 t\u0259ltif edilib.\n<\/p>\n<p>\n  Yevlax\u0131n h\u0259bsd\u0259 olan sabiq icra ba\u015f\u00e7\u0131s\u0131 Q.S\u0259m\u0259dova da tutulmam\u0131\u015fdan iki ay \u0259vv\u0259l &#8211; 2019-cu ilin oktyabr\u0131nda \u201cV\u0259t\u0259n\u0259 xidm\u0259t\u0259 g\u00f6r\u0259\u201d ordeni verilmi\u015fdi.\n<\/p>\n<p>\n  A\u011fstafan\u0131n sabiq icra ba\u015f\u00e7\u0131s\u0131 N.Quliyev\u0259 is\u0259 Prezident 2014-c\u00fc ilin sentyabr\u0131nda \u201c\u015e\u00f6hr\u0259t\u201d ordeni verib.<\/p>\n","protected":false},"excerpt":{"rendered":"<p>Sabiq icra ba\u015f\u00e7\u0131s\u0131 haqq\u0131nda h\u0259bs-q\u0259timkan t\u0259dbiri se\u00e7ildi<\/p>\n","protected":false},"author":11,"featured_media":141458,"comment_status":"closed","ping_status":"open","sticky":false,"template":"","format":"standard","meta":{"_acf_changed":false,"_sitemap_exclude":false,"_sitemap_priority":"","_sitemap_frequency":"","footnotes":""},"categories":[56],"tags":[],"class_list":["post-200484","post","type-post","status-publish","format-standard","has-post-thumbnail","hentry","category-xeberler","infinite-scroll-item","generate-columns","tablet-grid-50","mobile-grid-100","grid-parent","grid-33","no-featured-image-padding"],"acf":[],"yoast_head":"<!-- This site is optimized with the Yoast SEO plugin v27.4 - https:\/\/yoast.com\/product\/yoast-seo-wordpress\/ -->\n<title>Vilyam Hac\u0131yev: Haqq yerini tapacaq - MEYDAN.TV<\/title>\n<meta name=\"robots\" content=\"index, follow, max-snippet:-1, max-image-preview:large, max-video-preview:-1\" \/>\n<link rel=\"canonical\" href=\"https:\/\/www.meydan.tv\/az\/article\/vilyam-haciyev-haqq-yerini-tapacaq\/\" \/>\n<meta property=\"og:locale\" content=\"az_AZ\" \/>\n<meta property=\"og:type\" content=\"article\" \/>\n<meta property=\"og:title\" content=\"Vilyam Hac\u0131yev: Haqq yerini tapacaq - MEYDAN.TV\" \/>\n<meta property=\"og:description\" content=\"Sabiq icra ba\u015f\u00e7\u0131s\u0131 haqq\u0131nda h\u0259bs-q\u0259timkan t\u0259dbiri se\u00e7ildi\" \/>\n<meta property=\"og:url\" content=\"https:\/\/www.meydan.tv\/az\/article\/vilyam-haciyev-haqq-yerini-tapacaq\/\" \/>\n<meta property=\"og:site_name\" content=\"MEYDAN.TV\" \/>\n<meta property=\"article:published_time\" content=\"2020-05-06T20:02:56+00:00\" \/>\n<meta property=\"og:image\" content=\"https:\/\/www.meydan.tv\/wp-content\/uploads\/screenshot_3_w4bs6ss.png\" \/>\n\t<meta property=\"og:image:width\" content=\"939\" \/>\n\t<meta property=\"og:image:height\" content=\"611\" \/>\n\t<meta property=\"og:image:type\" content=\"image\/png\" \/>\n<meta name=\"author\" content=\"user-manager\" \/>\n<meta name=\"twitter:card\" content=\"summary_large_image\" \/>\n<script type=\"application\/ld+json\" class=\"yoast-schema-graph\">{\"@context\":\"https:\\\/\\\/schema.org\",\"@graph\":[{\"@type\":\"Article\",\"@id\":\"https:\\\/\\\/www.meydan.tv\\\/az\\\/article\\\/vilyam-haciyev-haqq-yerini-tapacaq\\\/#article\",\"isPartOf\":{\"@id\":\"https:\\\/\\\/www.meydan.tv\\\/az\\\/article\\\/vilyam-haciyev-haqq-yerini-tapacaq\\\/\"},\"author\":{\"name\":\"user-manager\",\"@id\":\"https:\\\/\\\/www.meydan.tv\\\/az\\\/#\\\/schema\\\/person\\\/10d11eccf6da3662cf5fdab9806ea91a\"},\"headline\":\"Vilyam Hac\u0131yev: Haqq yerini tapacaq\",\"datePublished\":\"2020-05-06T20:02:56+00:00\",\"mainEntityOfPage\":{\"@id\":\"https:\\\/\\\/www.meydan.tv\\\/az\\\/article\\\/vilyam-haciyev-haqq-yerini-tapacaq\\\/\"},\"wordCount\":554,\"publisher\":{\"@id\":\"https:\\\/\\\/www.meydan.tv\\\/az\\\/#organization\"},\"image\":{\"@id\":\"https:\\\/\\\/www.meydan.tv\\\/az\\\/article\\\/vilyam-haciyev-haqq-yerini-tapacaq\\\/#primaryimage\"},\"thumbnailUrl\":\"https:\\\/\\\/www.meydan.tv\\\/wp-content\\\/uploads\\\/screenshot_3_w4bs6ss.png\",\"articleSection\":[\"X\u0259b\u0259rl\u0259r\"],\"inLanguage\":\"az\"},{\"@type\":\"WebPage\",\"@id\":\"https:\\\/\\\/www.meydan.tv\\\/az\\\/article\\\/vilyam-haciyev-haqq-yerini-tapacaq\\\/\",\"url\":\"https:\\\/\\\/www.meydan.tv\\\/az\\\/article\\\/vilyam-haciyev-haqq-yerini-tapacaq\\\/\",\"name\":\"Vilyam Hac\u0131yev: Haqq yerini tapacaq - MEYDAN.TV\",\"isPartOf\":{\"@id\":\"https:\\\/\\\/www.meydan.tv\\\/az\\\/#website\"},\"primaryImageOfPage\":{\"@id\":\"https:\\\/\\\/www.meydan.tv\\\/az\\\/article\\\/vilyam-haciyev-haqq-yerini-tapacaq\\\/#primaryimage\"},\"image\":{\"@id\":\"https:\\\/\\\/www.meydan.tv\\\/az\\\/article\\\/vilyam-haciyev-haqq-yerini-tapacaq\\\/#primaryimage\"},\"thumbnailUrl\":\"https:\\\/\\\/www.meydan.tv\\\/wp-content\\\/uploads\\\/screenshot_3_w4bs6ss.png\",\"datePublished\":\"2020-05-06T20:02:56+00:00\",\"breadcrumb\":{\"@id\":\"https:\\\/\\\/www.meydan.tv\\\/az\\\/article\\\/vilyam-haciyev-haqq-yerini-tapacaq\\\/#breadcrumb\"},\"inLanguage\":\"az\",\"potentialAction\":[{\"@type\":\"ReadAction\",\"target\":[\"https:\\\/\\\/www.meydan.tv\\\/az\\\/article\\\/vilyam-haciyev-haqq-yerini-tapacaq\\\/\"]}]},{\"@type\":\"ImageObject\",\"inLanguage\":\"az\",\"@id\":\"https:\\\/\\\/www.meydan.tv\\\/az\\\/article\\\/vilyam-haciyev-haqq-yerini-tapacaq\\\/#primaryimage\",\"url\":\"https:\\\/\\\/www.meydan.tv\\\/wp-content\\\/uploads\\\/screenshot_3_w4bs6ss.png\",\"contentUrl\":\"https:\\\/\\\/www.meydan.tv\\\/wp-content\\\/uploads\\\/screenshot_3_w4bs6ss.png\",\"width\":939,\"height\":611,\"caption\":\"Source: Meydan Tv\"},{\"@type\":\"BreadcrumbList\",\"@id\":\"https:\\\/\\\/www.meydan.tv\\\/az\\\/article\\\/vilyam-haciyev-haqq-yerini-tapacaq\\\/#breadcrumb\",\"itemListElement\":[{\"@type\":\"ListItem\",\"position\":1,\"name\":\"Ana s\u0259hif\u0259\",\"item\":\"https:\\\/\\\/www.meydan.tv\\\/az\\\/\"},{\"@type\":\"ListItem\",\"position\":2,\"name\":\"X\u0259b\u0259rl\u0259r\",\"item\":\"https:\\\/\\\/www.meydan.tv\\\/az\\\/section\\\/xeberler\\\/\"},{\"@type\":\"ListItem\",\"position\":3,\"name\":\"Vilyam Hac\u0131yev: Haqq yerini tapacaq\"}]},{\"@type\":\"WebSite\",\"@id\":\"https:\\\/\\\/www.meydan.tv\\\/az\\\/#website\",\"url\":\"https:\\\/\\\/www.meydan.tv\\\/az\\\/\",\"name\":\"MEYDAN.TV\",\"description\":\"Meydan TV Az\u0259rbaycan\u0131n media m\u0259kan\u0131ndak\u0131 alternativ s\u0259sidir\",\"publisher\":{\"@id\":\"https:\\\/\\\/www.meydan.tv\\\/az\\\/#organization\"},\"potentialAction\":[{\"@type\":\"SearchAction\",\"target\":{\"@type\":\"EntryPoint\",\"urlTemplate\":\"https:\\\/\\\/www.meydan.tv\\\/az\\\/?s={search_term_string}\"},\"query-input\":{\"@type\":\"PropertyValueSpecification\",\"valueRequired\":true,\"valueName\":\"search_term_string\"}}],\"inLanguage\":\"az\"},{\"@type\":\"Organization\",\"@id\":\"https:\\\/\\\/www.meydan.tv\\\/az\\\/#organization\",\"name\":\"Meydan TV\",\"url\":\"https:\\\/\\\/www.meydan.tv\\\/az\\\/\",\"logo\":{\"@type\":\"ImageObject\",\"inLanguage\":\"az\",\"@id\":\"https:\\\/\\\/www.meydan.tv\\\/az\\\/#\\\/schema\\\/logo\\\/image\\\/\",\"url\":\"https:\\\/\\\/www.meydan.tv\\\/wp-content\\\/uploads\\\/2021\\\/07\\\/meydan-logo.svg\",\"contentUrl\":\"https:\\\/\\\/www.meydan.tv\\\/wp-content\\\/uploads\\\/2021\\\/07\\\/meydan-logo.svg\",\"width\":195,\"height\":46,\"caption\":\"Meydan TV\"},\"image\":{\"@id\":\"https:\\\/\\\/www.meydan.tv\\\/az\\\/#\\\/schema\\\/logo\\\/image\\\/\"}},{\"@type\":\"Person\",\"@id\":\"https:\\\/\\\/www.meydan.tv\\\/az\\\/#\\\/schema\\\/person\\\/10d11eccf6da3662cf5fdab9806ea91a\",\"name\":\"user-manager\"}]}<\/script>\n<!-- \/ Yoast SEO plugin. -->","yoast_head_json":{"title":"Vilyam Hac\u0131yev: Haqq yerini tapacaq - MEYDAN.TV","robots":{"index":"index","follow":"follow","max-snippet":"max-snippet:-1","max-image-preview":"max-image-preview:large","max-video-preview":"max-video-preview:-1"},"canonical":"https:\/\/www.meydan.tv\/az\/article\/vilyam-haciyev-haqq-yerini-tapacaq\/","og_locale":"az_AZ","og_type":"article","og_title":"Vilyam Hac\u0131yev: Haqq yerini tapacaq - MEYDAN.TV","og_description":"Sabiq icra ba\u015f\u00e7\u0131s\u0131 haqq\u0131nda h\u0259bs-q\u0259timkan t\u0259dbiri se\u00e7ildi","og_url":"https:\/\/www.meydan.tv\/az\/article\/vilyam-haciyev-haqq-yerini-tapacaq\/","og_site_name":"MEYDAN.TV","article_published_time":"2020-05-06T20:02:56+00:00","og_image":[{"width":939,"height":611,"url":"https:\/\/www.meydan.tv\/wp-content\/uploads\/screenshot_3_w4bs6ss.png","type":"image\/png"}],"author":"user-manager","twitter_card":"summary_large_image","schema":{"@context":"https:\/\/schema.org","@graph":[{"@type":"Article","@id":"https:\/\/www.meydan.tv\/az\/article\/vilyam-haciyev-haqq-yerini-tapacaq\/#article","isPartOf":{"@id":"https:\/\/www.meydan.tv\/az\/article\/vilyam-haciyev-haqq-yerini-tapacaq\/"},"author":{"name":"user-manager","@id":"https:\/\/www.meydan.tv\/az\/#\/schema\/person\/10d11eccf6da3662cf5fdab9806ea91a"},"headline":"Vilyam Hac\u0131yev: Haqq yerini tapacaq","datePublished":"2020-05-06T20:02:56+00:00","mainEntityOfPage":{"@id":"https:\/\/www.meydan.tv\/az\/article\/vilyam-haciyev-haqq-yerini-tapacaq\/"},"wordCount":554,"publisher":{"@id":"https:\/\/www.meydan.tv\/az\/#organization"},"image":{"@id":"https:\/\/www.meydan.tv\/az\/article\/vilyam-haciyev-haqq-yerini-tapacaq\/#primaryimage"},"thumbnailUrl":"https:\/\/www.meydan.tv\/wp-content\/uploads\/screenshot_3_w4bs6ss.png","articleSection":["X\u0259b\u0259rl\u0259r"],"inLanguage":"az"},{"@type":"WebPage","@id":"https:\/\/www.meydan.tv\/az\/article\/vilyam-haciyev-haqq-yerini-tapacaq\/","url":"https:\/\/www.meydan.tv\/az\/article\/vilyam-haciyev-haqq-yerini-tapacaq\/","name":"Vilyam Hac\u0131yev: Haqq yerini tapacaq - MEYDAN.TV","isPartOf":{"@id":"https:\/\/www.meydan.tv\/az\/#website"},"primaryImageOfPage":{"@id":"https:\/\/www.meydan.tv\/az\/article\/vilyam-haciyev-haqq-yerini-tapacaq\/#primaryimage"},"image":{"@id":"https:\/\/www.meydan.tv\/az\/article\/vilyam-haciyev-haqq-yerini-tapacaq\/#primaryimage"},"thumbnailUrl":"https:\/\/www.meydan.tv\/wp-content\/uploads\/screenshot_3_w4bs6ss.png","datePublished":"2020-05-06T20:02:56+00:00","breadcrumb":{"@id":"https:\/\/www.meydan.tv\/az\/article\/vilyam-haciyev-haqq-yerini-tapacaq\/#breadcrumb"},"inLanguage":"az","potentialAction":[{"@type":"ReadAction","target":["https:\/\/www.meydan.tv\/az\/article\/vilyam-haciyev-haqq-yerini-tapacaq\/"]}]},{"@type":"ImageObject","inLanguage":"az","@id":"https:\/\/www.meydan.tv\/az\/article\/vilyam-haciyev-haqq-yerini-tapacaq\/#primaryimage","url":"https:\/\/www.meydan.tv\/wp-content\/uploads\/screenshot_3_w4bs6ss.png","contentUrl":"https:\/\/www.meydan.tv\/wp-content\/uploads\/screenshot_3_w4bs6ss.png","width":939,"height":611,"caption":"Source: Meydan Tv"},{"@type":"BreadcrumbList","@id":"https:\/\/www.meydan.tv\/az\/article\/vilyam-haciyev-haqq-yerini-tapacaq\/#breadcrumb","itemListElement":[{"@type":"ListItem","position":1,"name":"Ana s\u0259hif\u0259","item":"https:\/\/www.meydan.tv\/az\/"},{"@type":"ListItem","position":2,"name":"X\u0259b\u0259rl\u0259r","item":"https:\/\/www.meydan.tv\/az\/section\/xeberler\/"},{"@type":"ListItem","position":3,"name":"Vilyam Hac\u0131yev: Haqq yerini tapacaq"}]},{"@type":"WebSite","@id":"https:\/\/www.meydan.tv\/az\/#website","url":"https:\/\/www.meydan.tv\/az\/","name":"MEYDAN.TV","description":"Meydan TV Az\u0259rbaycan\u0131n media m\u0259kan\u0131ndak\u0131 alternativ s\u0259sidir","publisher":{"@id":"https:\/\/www.meydan.tv\/az\/#organization"},"potentialAction":[{"@type":"SearchAction","target":{"@type":"EntryPoint","urlTemplate":"https:\/\/www.meydan.tv\/az\/?s={search_term_string}"},"query-input":{"@type":"PropertyValueSpecification","valueRequired":true,"valueName":"search_term_string"}}],"inLanguage":"az"},{"@type":"Organization","@id":"https:\/\/www.meydan.tv\/az\/#organization","name":"Meydan TV","url":"https:\/\/www.meydan.tv\/az\/","logo":{"@type":"ImageObject","inLanguage":"az","@id":"https:\/\/www.meydan.tv\/az\/#\/schema\/logo\/image\/","url":"https:\/\/www.meydan.tv\/wp-content\/uploads\/2021\/07\/meydan-logo.svg","contentUrl":"https:\/\/www.meydan.tv\/wp-content\/uploads\/2021\/07\/meydan-logo.svg","width":195,"height":46,"caption":"Meydan TV"},"image":{"@id":"https:\/\/www.meydan.tv\/az\/#\/schema\/logo\/image\/"}},{"@type":"Person","@id":"https:\/\/www.meydan.tv\/az\/#\/schema\/person\/10d11eccf6da3662cf5fdab9806ea91a","name":"user-manager"}]}},"_links":{"self":[{"href":"https:\/\/www.meydan.tv\/az\/wp-json\/wp\/v2\/posts\/200484","targetHints":{"allow":["GET"]}}],"collection":[{"href":"https:\/\/www.meydan.tv\/az\/wp-json\/wp\/v2\/posts"}],"about":[{"href":"https:\/\/www.meydan.tv\/az\/wp-json\/wp\/v2\/types\/post"}],"author":[{"embeddable":true,"href":"https:\/\/www.meydan.tv\/az\/wp-json\/wp\/v2\/users\/11"}],"replies":[{"embeddable":true,"href":"https:\/\/www.meydan.tv\/az\/wp-json\/wp\/v2\/comments?post=200484"}],"version-history":[{"count":0,"href":"https:\/\/www.meydan.tv\/az\/wp-json\/wp\/v2\/posts\/200484\/revisions"}],"wp:featuredmedia":[{"embeddable":true,"href":"https:\/\/www.meydan.tv\/az\/wp-json\/wp\/v2\/media\/141458"}],"wp:attachment":[{"href":"https:\/\/www.meydan.tv\/az\/wp-json\/wp\/v2\/media?parent=200484"}],"wp:term":[{"taxonomy":"category","embeddable":true,"href":"https:\/\/www.meydan.tv\/az\/wp-json\/wp\/v2\/categories?post=200484"},{"taxonomy":"post_tag","embeddable":true,"href":"https:\/\/www.meydan.tv\/az\/wp-json\/wp\/v2\/tags?post=200484"}],"curies":[{"name":"wp","href":"https:\/\/api.w.org\/{rel}","templated":true}]}}