{"id":200439,"date":"2020-05-04T14:24:06","date_gmt":"2020-05-04T14:24:06","guid":{"rendered":"https:\/\/www.meydan.tv\/article\/goycay-sakini-yayda-delik-desiklerden-eve-ilan-girir\/"},"modified":"2020-05-04T14:24:06","modified_gmt":"2020-05-04T14:24:06","slug":"goycay-sakini-yayda-delik-desiklerden-eve-ilan-girir","status":"publish","type":"post","link":"https:\/\/www.meydan.tv\/az\/article\/goycay-sakini-yayda-delik-desiklerden-eve-ilan-girir\/","title":{"rendered":"G\u00f6y\u00e7ay sakini: Yayda d\u0259lik-de\u015fikl\u0259rd\u0259n ev\u0259 ilan girir"},"content":{"rendered":"<p>\n  <i><br \/>\n    \u015e\u0259hid anas\u0131 deyir, tezlikl\u0259 ev \u0259sasl\u0131 t\u0259mir olunmasa, azya\u015fl\u0131 n\u0259v\u0259l\u0259ri da\u015f-k\u0259s\u0259k alt\u0131nda qala bil\u0259r<br \/>\n  <\/i>\n<\/p>\n<p>\n  \u201cEvin d\u00f6\u015f\u0259m\u0259sind\u0259, tavan\u0131nda, divarlar\u0131nda o q\u0259d\u0259r d\u0259lik-de\u015fik var ki, \u0259sas\u0259n d\u0259 yay vaxt\u0131 ilandan tutmu\u015f h\u0259r c\u00fcr z\u0259h\u0259rli h\u0259\u015f\u0259rat evin i\u00e7in\u0259 gir\u0259 bilir. U\u015faqlar evd\u0259 qorxu i\u00e7ind\u0259 ya\u015fay\u0131r\u201d.\n<\/p>\n<p>\n  G\u00f6y\u00e7ay rayon sakini \u015e\u0259rqiy\u0259 Feyziyeva Meydan TV-y\u0259 q\u0131z\u0131 \u015e\u0259f\u0259q M\u0259mm\u0259dovan\u0131n \u00fc\u00e7 azya\u015fl\u0131 \u00f6vlad\u0131yla ya\u015fad\u0131\u011f\u0131 m\u0259nzilin \u015f\u0259raitind\u0259n dan\u0131\u015f\u0131r. Deyir, \u015e\u0259f\u0259q M\u0259mm\u0259dovan\u0131n h\u0259yat yolda\u015f\u0131 v\u0259fat ed\u0259nd\u0259n sonra ana x\u0259st\u0259likd\u0259n \u0259ziyy\u0259t \u00e7\u0259k\u0259n \u00f6vladlar\u0131yla q\u0259zal\u0131, \u015f\u0259raitsiz m\u0259nzild\u0259 ba\u015f-ba\u015fa qal\u0131b. Ail\u0259nin durumunu a\u011f\u0131rla\u015fd\u0131ran s\u0259b\u0259bl\u0259rd\u0259n biri d\u0259 el\u0259 m\u0259nzilin q\u0259zal\u0131 v\u0259ziyy\u0259td\u0259 olmas\u0131d\u0131r.\n<\/p>\n<p>\n  <b><br \/>\n    \u201cR\u00fctub\u0259t, n\u0259mi\u015flik u\u015faqlar\u0131n v\u0259ziyy\u0259tini a\u011f\u0131rla\u015fd\u0131r\u0131r\u201d<br \/>\n  <\/b>\n<\/p>\n<p>\n  \u201cG\u00f6y\u00e7ay Rayon \u0130cra Hakimiyy\u0259ti binas\u0131n\u0131n yax\u0131nl\u0131\u011f\u0131nda \u201ckomkoz evl\u0259ri\u201d deyil\u0259n evl\u0259rd\u0259n birind\u0259 ya\u015fay\u0131rlar. Maddi durumlar\u0131 \u00e7ox a\u011f\u0131rd\u0131r. X\u0259st\u0259 \u00f6vladlar\u0131yla ya\u015fad\u0131\u011f\u0131 evin q\u0259zal\u0131 olmas\u0131 da bir ayr\u0131 d\u0259rddir. R\u00fctub\u0259t, n\u0259mi\u015flik x\u0259st\u0259 u\u015faqlar\u0131n s\u0259hh\u0259tini daha da a\u011f\u0131rla\u015fd\u0131r\u0131r. Evin d\u00f6\u015f\u0259m\u0259sind\u0259, divarlar\u0131nda o q\u0259d\u0259r d\u0259lik-de\u015fik var ki, yay vaxt\u0131 ilandan tutmu\u015f h\u0259r c\u00fcr z\u0259h\u0259rli h\u0259\u015f\u0259rat evin i\u00e7in\u0259 gir\u0259 bilir. U\u015faqlar evd\u0259 qorxu i\u00e7ind\u0259 ya\u015fay\u0131r\u201d, &#8211; \u015e\u0259rqiyy\u0259 Feyziyeva s\u00f6yl\u0259yir.\n<\/p>\n<figure class=\"wp-block-image size-large\">\n  <img decoding=\"async\" src=\"https:\/\/www.meydan.tv\/az\/image_from_ios-4-jpg-130\/\" alt=\"image_from_ios (4).jpg\" class=\"wp-image-141356\"\/><figcaption>\n    &#8220;U\u015faqlar evd\u0259 qorxu i\u00e7ind\u0259 ya\u015fay\u0131r&#8221;<br \/>\n  <\/figcaption><\/figure>\n<p>\n  O, d\u0259f\u0259l\u0259rl\u0259 G\u00f6y\u00e7ay Rayon \u0130cra Hakimiyy\u0259tin\u0259 getdiyini, \u00f6t\u0259n il is\u0259 ba\u015f\u00e7\u0131n\u0131n q\u0259bulunda oldu\u011funu deyir:\n<\/p>\n<p>\n  \u201c\u0130cra hakimiyy\u0259tinin ba\u015f\u00e7\u0131s\u0131 Mehdi S\u0259limzad\u0259nin q\u0259buluna girm\u0259k ist\u0259yirdim, a\u015fa\u011f\u0131 m\u0259rt\u0259b\u0259d\u0259 memarl\u0131q \u015f\u00f6b\u0259sinin m\u00fcdirinin k\u00f6m\u0259k\u00e7isi m\u0259ni \u015firin dil\u0259 tutdu, dedi, ay xala, h\u0259r \u015fey\u0259 g\u00f6r\u0259 ba\u015f\u00e7\u0131n\u0131 narahat etm\u0259y\u0259 n\u0259 ehtiyac var, problemini \u00f6z\u00fcm\u00fcz h\u0259ll ed\u0259rik. Ota\u011f\u0131na d\u0259v\u0259t el\u0259di, m\u0259nim yan\u0131mda rayonun M\u0259nzil \u0130stimar \u0130dar\u0259sin\u0259 z\u0259ng vurdu, kiminl\u0259s\u0259 dan\u0131\u015fd\u0131, m\u0259n\u0259 d\u0259 tap\u015f\u0131rd\u0131 ki, \u201cget idar\u0259nin r\u0259isi Ayaz S\u0259f\u0259r\u0259liyevin yan\u0131na, o s\u0259n\u0259 n\u0259 k\u00f6m\u0259klik laz\u0131md\u0131rsa, ed\u0259c\u0259k. Ayaz S\u0259f\u0259r\u0259liyevin yan\u0131na getdim, o da \u015firin v\u0259dl\u0259r verib yola sald\u0131\u201d.\n<\/p>\n<p>\n  <b><br \/>\n    \u201cPensiyamla 5 kis\u0259 sement, torpaq ald\u0131m\u201d<br \/>\n  <\/b>\n<\/p>\n<p>\n  \u015e\u0259rqiy\u0259 Feyziyeva deyir, sonradan daha d\u00f6rd d\u0259f\u0259 idar\u0259 r\u0259isinin yan\u0131nda olub, r\u0259is bir d\u0259f\u0259 \u00f6z i\u015f\u00e7il\u0259rini q\u0259zal\u0131 ev\u0259 bax\u0131\u015f ke\u00e7irm\u0259y\u0259 d\u0259 g\u00f6nd\u0259rib. \u015e\u0259rqiy\u0259 Feyziyevaya s\u00f6z verib ki, 2020-ci ilin yanvar\u0131nda m\u0259nzil \u0259sasl\u0131 t\u0259mir olunacaq:\n<\/p>\n<p>\n  \u201cN\u0259tic\u0259d\u0259, aldand\u0131\u011f\u0131m\u0131 ba\u015fa d\u00fc\u015f\u00fcb \u00f6z pensiyamla q\u0131z\u0131m\u0131n ya\u015fad\u0131\u011f\u0131 evin tamamil\u0259 da\u011f\u0131lmamas\u0131 \u00fc\u00e7\u00fcn 5 kis\u0259 sement, torpaq al\u0131b bacard\u0131\u011f\u0131m q\u0259d\u0259r b\u0259rkitm\u0259 i\u015fl\u0259ri g\u00f6rd\u00fcm. Ancaq bu da yet\u0259rli deyil, ev \u0259sasl\u0131 t\u0259mir olunmal\u0131d\u0131r ki, u\u015faqlar\u0131n ba\u015f\u0131na u\u00e7mas\u0131n\u201d.\n<\/p>\n<figure class=\"wp-block-image size-large\">\n  <img decoding=\"async\" src=\"https:\/\/www.meydan.tv\/az\/image_from_ios-6-jpg-81\/\" alt=\"image_from_ios (6).jpg\" class=\"wp-image-141362\"\/><figcaption>\n    &#8220;Ev \u0259sasl\u0131 t\u0259mir olunmal\u0131d\u0131r ki, u\u015faqlar\u0131n ba\u015f\u0131na u\u00e7mas\u0131n\u201d.<br \/>\n  <\/figcaption><\/figure>\n<p>\n  \u015e\u0259rqiy\u0259 Feyziyevan\u0131n bir o\u011flu 1992-ci ild\u0259 Qaraba\u011f d\u00f6y\u00fc\u015fl\u0259rind\u0259 \u015f\u0259hid olub. \u015e\u0259hid anas\u0131 olaraq m\u0259murlar t\u0259r\u0259find\u0259n g\u00f6rd\u00fcy\u00fc m\u00fcnasib\u0259t onu m\u0259yus edib.\n<\/p>\n<p>\n  <b><br \/>\n    Bir c\u00fcml\u0259lik cavablar: \u201c&#8230; M\u00fcraci\u0259tiniz\u0259 bax\u0131l\u0131r\u201d<br \/>\n  <\/b>\n<\/p>\n<p>\n  El\u0259 \u015f\u0259hid anas\u0131 kimi \u00f6lk\u0259 ba\u015f\u00e7\u0131s\u0131na da m\u00fcraci\u0259t edib:\n<\/p>\n<p>\n  \u201cC\u0259nab Prezident! \u00dcm\u00fcd edir\u0259m ki, Meydan TV vasit\u0259siyl\u0259 siz\u0259 \u00fcnvanlad\u0131\u011f\u0131m m\u00fcraci\u0259tim n\u0259tic\u0259siz qalmaz. Bundan \u0259vv\u0259l d\u0259 siz\u0259 d\u0259f\u0259l\u0259rl\u0259 m\u0259ktub g\u00f6nd\u0259rmi\u015fdim. Ancaq n\u0259d\u0259ns\u0259, h\u0259r d\u0259f\u0259 g\u00f6nd\u0259rdiyim m\u0259ktublar\u0131n cavab\u0131 G\u00f6y\u00e7ay Rayon \u0130cra Hakimiyy\u0259tind\u0259n g\u0259lir. H\u0259r d\u0259f\u0259 d\u0259 bu m\u0259ktublarda yaln\u0131z bir c\u00fcml\u0259 yaz\u0131l\u0131r: \u201c&#8230; m\u00fcraci\u0259tiniz\u0259 bax\u0131l\u0131r\u201d. Ona g\u00f6r\u0259 d\u0259 q\u0259rara ald\u0131m ki, bu d\u0259f\u0259 siz\u0259 media vast\u0259sil\u0259 d\u0259rdimi \u00e7atd\u0131r\u0131m. \u00d6vlad\u0131 bu torpa\u011f\u0131n b\u00fct\u00f6vl\u00fcy\u00fc u\u011frunda can\u0131ndan ke\u00e7mi\u015f \u015f\u0259hid anas\u0131 kimi Sizd\u0259n xahi\u015f edir\u0259m, q\u0131z\u0131m\u0131n t\u0259kba\u015f\u0131na, min \u0259zabla b\u00f6y\u00fctm\u0259kd\u0259 oldu\u011fu \u00fc\u00e7 azya\u015fl\u0131 balas\u0131n\u0131n q\u0259zal\u0131 evd\u0259 da\u015f-k\u0259s\u0259k alt\u0131nda qalmas\u0131na imkan verm\u0259yin. O u\u015faqlardan biri 18 ya\u015f\u0131na \u00e7atanda yen\u0259 d\u0259 v\u0259t\u0259ni qorumaq \u00fc\u00e7\u00fcn laz\u0131m olacaq\u201d.\n<\/p>\n<figure class=\"wp-block-image size-large\">\n  <img decoding=\"async\" src=\"https:\/\/www.meydan.tv\/az\/image_from_ios-5-jpg-96\/\" alt=\"image_from_ios (5).jpg\" class=\"wp-image-141359\"\/><figcaption>\n    &#8220;R\u00fctub\u0259t, n\u0259mi\u015flik x\u0259st\u0259 u\u015faqlar\u0131n s\u0259hh\u0259tini daha da a\u011f\u0131rla\u015fd\u0131r\u0131r&#8221;.<br \/>\n  <\/figcaption><\/figure>\n<p>\n  G\u00f6y\u00e7ay Rayon \u0130cra Hakimiyy\u0259tind\u0259n Meydan TV-y\u0259 bildirilib ki, b\u00fcdc\u0259d\u0259 v\u0259t\u0259nda\u015flar\u0131n m\u0259nzil t\u0259miri \u00fc\u00e7\u00fcn v\u0259sait n\u0259z\u0259rd\u0259 tutulmay\u0131b. \u015e\u0259f\u0259q M\u0259mm\u0259dovan\u0131n m\u0259nzilini t\u0259mir etm\u0259k d\u0259 M\u0259nzil \u0130stismar \u0130dar\u0259sinin v\u0259zif\u0259sin\u0259 daxil deyil. M\u00fcharib\u0259 \u0259lill\u0259ri v\u0259 \u015f\u0259hid ail\u0259l\u0259rinin m\u0259nzil \u015f\u0259raitinin yax\u015f\u0131la\u015fd\u0131r\u0131lmas\u0131 il\u0259 aidiyy\u0259ti \u00fczr\u0259 \u018fm\u0259k v\u0259 \u018fhalinin Sosial M\u00fcdafi\u0259si Nazirliyi m\u0259\u015f\u011ful olur. \u015e\u0259hid ail\u0259si h\u0259min quruma m\u00fcraci\u0259t etm\u0259lidir.\n<\/p>\n<figure class=\"wp-block-image size-large\">\n  <img decoding=\"async\" src=\"https:\/\/www.meydan.tv\/az\/image_from_ios-3-jpg-94\/\" alt=\"image_from_ios (3).jpg\" class=\"wp-image-141350\"\/><figcaption>\n    \u015e\u0259rqiy\u0259 Feyziyevan\u0131n bir o\u011flu 1992-ci ild\u0259 Qaraba\u011f d\u00f6y\u00fc\u015fl\u0259rind\u0259 \u015f\u0259hid olub<br \/>\n  <\/figcaption><\/figure>\n","protected":false},"excerpt":{"rendered":"<p>El\u0259 \u015f\u0259hid anas\u0131 kimi \u00f6lk\u0259 ba\u015f\u00e7\u0131s\u0131na da m\u00fcraci\u0259t edib<\/p>\n","protected":false},"author":11,"featured_media":141365,"comment_status":"closed","ping_status":"open","sticky":false,"template":"","format":"standard","meta":{"_acf_changed":false,"_sitemap_exclude":false,"_sitemap_priority":"","_sitemap_frequency":"","footnotes":""},"categories":[60],"tags":[],"class_list":["post-200439","post","type-post","status-publish","format-standard","has-post-thumbnail","hentry","category-bolge","infinite-scroll-item","generate-columns","tablet-grid-50","mobile-grid-100","grid-parent","grid-33","no-featured-image-padding"],"acf":[],"yoast_head":"<!-- This site is optimized with the Yoast SEO plugin v27.5 - https:\/\/yoast.com\/product\/yoast-seo-wordpress\/ -->\n<title>G\u00f6y\u00e7ay sakini: Yayda d\u0259lik-de\u015fikl\u0259rd\u0259n ev\u0259 ilan girir - MEYDAN.TV<\/title>\n<meta name=\"robots\" content=\"index, follow, max-snippet:-1, max-image-preview:large, max-video-preview:-1\" \/>\n<link rel=\"canonical\" href=\"https:\/\/www.meydan.tv\/az\/article\/goycay-sakini-yayda-delik-desiklerden-eve-ilan-girir\/\" \/>\n<meta property=\"og:locale\" content=\"az_AZ\" \/>\n<meta property=\"og:type\" content=\"article\" \/>\n<meta property=\"og:title\" content=\"G\u00f6y\u00e7ay sakini: Yayda d\u0259lik-de\u015fikl\u0259rd\u0259n ev\u0259 ilan girir - MEYDAN.TV\" \/>\n<meta property=\"og:description\" content=\"El\u0259 \u015f\u0259hid anas\u0131 kimi \u00f6lk\u0259 ba\u015f\u00e7\u0131s\u0131na da m\u00fcraci\u0259t edib\" \/>\n<meta property=\"og:url\" content=\"https:\/\/www.meydan.tv\/az\/article\/goycay-sakini-yayda-delik-desiklerden-eve-ilan-girir\/\" \/>\n<meta property=\"og:site_name\" content=\"MEYDAN.TV\" \/>\n<meta property=\"article:published_time\" content=\"2020-05-04T14:24:06+00:00\" \/>\n<meta property=\"og:image\" content=\"https:\/\/www.meydan.tv\/wp-content\/uploads\/image_from_ios_7_idn6sxd.jpg\" \/>\n\t<meta property=\"og:image:width\" content=\"1032\" \/>\n\t<meta property=\"og:image:height\" content=\"774\" \/>\n\t<meta property=\"og:image:type\" content=\"image\/jpeg\" \/>\n<meta name=\"author\" content=\"user-manager\" \/>\n<meta name=\"twitter:card\" content=\"summary_large_image\" \/>\n<script type=\"application\/ld+json\" class=\"yoast-schema-graph\">{\"@context\":\"https:\\\/\\\/schema.org\",\"@graph\":[{\"@type\":\"Article\",\"@id\":\"https:\\\/\\\/www.meydan.tv\\\/az\\\/article\\\/goycay-sakini-yayda-delik-desiklerden-eve-ilan-girir\\\/#article\",\"isPartOf\":{\"@id\":\"https:\\\/\\\/www.meydan.tv\\\/az\\\/article\\\/goycay-sakini-yayda-delik-desiklerden-eve-ilan-girir\\\/\"},\"author\":{\"name\":\"user-manager\",\"@id\":\"https:\\\/\\\/www.meydan.tv\\\/az\\\/#\\\/schema\\\/person\\\/10d11eccf6da3662cf5fdab9806ea91a\"},\"headline\":\"G\u00f6y\u00e7ay sakini: Yayda d\u0259lik-de\u015fikl\u0259rd\u0259n ev\u0259 ilan girir\",\"datePublished\":\"2020-05-04T14:24:06+00:00\",\"mainEntityOfPage\":{\"@id\":\"https:\\\/\\\/www.meydan.tv\\\/az\\\/article\\\/goycay-sakini-yayda-delik-desiklerden-eve-ilan-girir\\\/\"},\"wordCount\":979,\"publisher\":{\"@id\":\"https:\\\/\\\/www.meydan.tv\\\/az\\\/#organization\"},\"image\":{\"@id\":\"https:\\\/\\\/www.meydan.tv\\\/az\\\/article\\\/goycay-sakini-yayda-delik-desiklerden-eve-ilan-girir\\\/#primaryimage\"},\"thumbnailUrl\":\"https:\\\/\\\/www.meydan.tv\\\/wp-content\\\/uploads\\\/image_from_ios_7_idn6sxd.jpg\",\"articleSection\":[\"B\u00f6lg\u0259\"],\"inLanguage\":\"az\"},{\"@type\":\"WebPage\",\"@id\":\"https:\\\/\\\/www.meydan.tv\\\/az\\\/article\\\/goycay-sakini-yayda-delik-desiklerden-eve-ilan-girir\\\/\",\"url\":\"https:\\\/\\\/www.meydan.tv\\\/az\\\/article\\\/goycay-sakini-yayda-delik-desiklerden-eve-ilan-girir\\\/\",\"name\":\"G\u00f6y\u00e7ay sakini: Yayda d\u0259lik-de\u015fikl\u0259rd\u0259n ev\u0259 ilan girir - MEYDAN.TV\",\"isPartOf\":{\"@id\":\"https:\\\/\\\/www.meydan.tv\\\/az\\\/#website\"},\"primaryImageOfPage\":{\"@id\":\"https:\\\/\\\/www.meydan.tv\\\/az\\\/article\\\/goycay-sakini-yayda-delik-desiklerden-eve-ilan-girir\\\/#primaryimage\"},\"image\":{\"@id\":\"https:\\\/\\\/www.meydan.tv\\\/az\\\/article\\\/goycay-sakini-yayda-delik-desiklerden-eve-ilan-girir\\\/#primaryimage\"},\"thumbnailUrl\":\"https:\\\/\\\/www.meydan.tv\\\/wp-content\\\/uploads\\\/image_from_ios_7_idn6sxd.jpg\",\"datePublished\":\"2020-05-04T14:24:06+00:00\",\"breadcrumb\":{\"@id\":\"https:\\\/\\\/www.meydan.tv\\\/az\\\/article\\\/goycay-sakini-yayda-delik-desiklerden-eve-ilan-girir\\\/#breadcrumb\"},\"inLanguage\":\"az\",\"potentialAction\":[{\"@type\":\"ReadAction\",\"target\":[\"https:\\\/\\\/www.meydan.tv\\\/az\\\/article\\\/goycay-sakini-yayda-delik-desiklerden-eve-ilan-girir\\\/\"]}]},{\"@type\":\"ImageObject\",\"inLanguage\":\"az\",\"@id\":\"https:\\\/\\\/www.meydan.tv\\\/az\\\/article\\\/goycay-sakini-yayda-delik-desiklerden-eve-ilan-girir\\\/#primaryimage\",\"url\":\"https:\\\/\\\/www.meydan.tv\\\/wp-content\\\/uploads\\\/image_from_ios_7_idn6sxd.jpg\",\"contentUrl\":\"https:\\\/\\\/www.meydan.tv\\\/wp-content\\\/uploads\\\/image_from_ios_7_idn6sxd.jpg\",\"width\":1032,\"height\":774,\"caption\":\"Source: Specify Source\"},{\"@type\":\"BreadcrumbList\",\"@id\":\"https:\\\/\\\/www.meydan.tv\\\/az\\\/article\\\/goycay-sakini-yayda-delik-desiklerden-eve-ilan-girir\\\/#breadcrumb\",\"itemListElement\":[{\"@type\":\"ListItem\",\"position\":1,\"name\":\"Ana s\u0259hif\u0259\",\"item\":\"https:\\\/\\\/www.meydan.tv\\\/az\\\/\"},{\"@type\":\"ListItem\",\"position\":2,\"name\":\"B\u00f6lg\u0259\",\"item\":\"https:\\\/\\\/www.meydan.tv\\\/az\\\/section\\\/bolge\\\/\"},{\"@type\":\"ListItem\",\"position\":3,\"name\":\"G\u00f6y\u00e7ay sakini: Yayda d\u0259lik-de\u015fikl\u0259rd\u0259n ev\u0259 ilan girir\"}]},{\"@type\":\"WebSite\",\"@id\":\"https:\\\/\\\/www.meydan.tv\\\/az\\\/#website\",\"url\":\"https:\\\/\\\/www.meydan.tv\\\/az\\\/\",\"name\":\"MEYDAN.TV\",\"description\":\"Meydan TV Az\u0259rbaycan\u0131n media m\u0259kan\u0131ndak\u0131 alternativ s\u0259sidir\",\"publisher\":{\"@id\":\"https:\\\/\\\/www.meydan.tv\\\/az\\\/#organization\"},\"potentialAction\":[{\"@type\":\"SearchAction\",\"target\":{\"@type\":\"EntryPoint\",\"urlTemplate\":\"https:\\\/\\\/www.meydan.tv\\\/az\\\/?s={search_term_string}\"},\"query-input\":{\"@type\":\"PropertyValueSpecification\",\"valueRequired\":true,\"valueName\":\"search_term_string\"}}],\"inLanguage\":\"az\"},{\"@type\":\"Organization\",\"@id\":\"https:\\\/\\\/www.meydan.tv\\\/az\\\/#organization\",\"name\":\"Meydan TV\",\"url\":\"https:\\\/\\\/www.meydan.tv\\\/az\\\/\",\"logo\":{\"@type\":\"ImageObject\",\"inLanguage\":\"az\",\"@id\":\"https:\\\/\\\/www.meydan.tv\\\/az\\\/#\\\/schema\\\/logo\\\/image\\\/\",\"url\":\"https:\\\/\\\/www.meydan.tv\\\/wp-content\\\/uploads\\\/2021\\\/07\\\/meydan-logo.svg\",\"contentUrl\":\"https:\\\/\\\/www.meydan.tv\\\/wp-content\\\/uploads\\\/2021\\\/07\\\/meydan-logo.svg\",\"width\":195,\"height\":46,\"caption\":\"Meydan TV\"},\"image\":{\"@id\":\"https:\\\/\\\/www.meydan.tv\\\/az\\\/#\\\/schema\\\/logo\\\/image\\\/\"}},{\"@type\":\"Person\",\"@id\":\"https:\\\/\\\/www.meydan.tv\\\/az\\\/#\\\/schema\\\/person\\\/10d11eccf6da3662cf5fdab9806ea91a\",\"name\":\"user-manager\"}]}<\/script>\n<!-- \/ Yoast SEO plugin. -->","yoast_head_json":{"title":"G\u00f6y\u00e7ay sakini: Yayda d\u0259lik-de\u015fikl\u0259rd\u0259n ev\u0259 ilan girir - MEYDAN.TV","robots":{"index":"index","follow":"follow","max-snippet":"max-snippet:-1","max-image-preview":"max-image-preview:large","max-video-preview":"max-video-preview:-1"},"canonical":"https:\/\/www.meydan.tv\/az\/article\/goycay-sakini-yayda-delik-desiklerden-eve-ilan-girir\/","og_locale":"az_AZ","og_type":"article","og_title":"G\u00f6y\u00e7ay sakini: Yayda d\u0259lik-de\u015fikl\u0259rd\u0259n ev\u0259 ilan girir - MEYDAN.TV","og_description":"El\u0259 \u015f\u0259hid anas\u0131 kimi \u00f6lk\u0259 ba\u015f\u00e7\u0131s\u0131na da m\u00fcraci\u0259t edib","og_url":"https:\/\/www.meydan.tv\/az\/article\/goycay-sakini-yayda-delik-desiklerden-eve-ilan-girir\/","og_site_name":"MEYDAN.TV","article_published_time":"2020-05-04T14:24:06+00:00","og_image":[{"width":1032,"height":774,"url":"https:\/\/www.meydan.tv\/wp-content\/uploads\/image_from_ios_7_idn6sxd.jpg","type":"image\/jpeg"}],"author":"user-manager","twitter_card":"summary_large_image","schema":{"@context":"https:\/\/schema.org","@graph":[{"@type":"Article","@id":"https:\/\/www.meydan.tv\/az\/article\/goycay-sakini-yayda-delik-desiklerden-eve-ilan-girir\/#article","isPartOf":{"@id":"https:\/\/www.meydan.tv\/az\/article\/goycay-sakini-yayda-delik-desiklerden-eve-ilan-girir\/"},"author":{"name":"user-manager","@id":"https:\/\/www.meydan.tv\/az\/#\/schema\/person\/10d11eccf6da3662cf5fdab9806ea91a"},"headline":"G\u00f6y\u00e7ay sakini: Yayda d\u0259lik-de\u015fikl\u0259rd\u0259n ev\u0259 ilan girir","datePublished":"2020-05-04T14:24:06+00:00","mainEntityOfPage":{"@id":"https:\/\/www.meydan.tv\/az\/article\/goycay-sakini-yayda-delik-desiklerden-eve-ilan-girir\/"},"wordCount":979,"publisher":{"@id":"https:\/\/www.meydan.tv\/az\/#organization"},"image":{"@id":"https:\/\/www.meydan.tv\/az\/article\/goycay-sakini-yayda-delik-desiklerden-eve-ilan-girir\/#primaryimage"},"thumbnailUrl":"https:\/\/www.meydan.tv\/wp-content\/uploads\/image_from_ios_7_idn6sxd.jpg","articleSection":["B\u00f6lg\u0259"],"inLanguage":"az"},{"@type":"WebPage","@id":"https:\/\/www.meydan.tv\/az\/article\/goycay-sakini-yayda-delik-desiklerden-eve-ilan-girir\/","url":"https:\/\/www.meydan.tv\/az\/article\/goycay-sakini-yayda-delik-desiklerden-eve-ilan-girir\/","name":"G\u00f6y\u00e7ay sakini: Yayda d\u0259lik-de\u015fikl\u0259rd\u0259n ev\u0259 ilan girir - MEYDAN.TV","isPartOf":{"@id":"https:\/\/www.meydan.tv\/az\/#website"},"primaryImageOfPage":{"@id":"https:\/\/www.meydan.tv\/az\/article\/goycay-sakini-yayda-delik-desiklerden-eve-ilan-girir\/#primaryimage"},"image":{"@id":"https:\/\/www.meydan.tv\/az\/article\/goycay-sakini-yayda-delik-desiklerden-eve-ilan-girir\/#primaryimage"},"thumbnailUrl":"https:\/\/www.meydan.tv\/wp-content\/uploads\/image_from_ios_7_idn6sxd.jpg","datePublished":"2020-05-04T14:24:06+00:00","breadcrumb":{"@id":"https:\/\/www.meydan.tv\/az\/article\/goycay-sakini-yayda-delik-desiklerden-eve-ilan-girir\/#breadcrumb"},"inLanguage":"az","potentialAction":[{"@type":"ReadAction","target":["https:\/\/www.meydan.tv\/az\/article\/goycay-sakini-yayda-delik-desiklerden-eve-ilan-girir\/"]}]},{"@type":"ImageObject","inLanguage":"az","@id":"https:\/\/www.meydan.tv\/az\/article\/goycay-sakini-yayda-delik-desiklerden-eve-ilan-girir\/#primaryimage","url":"https:\/\/www.meydan.tv\/wp-content\/uploads\/image_from_ios_7_idn6sxd.jpg","contentUrl":"https:\/\/www.meydan.tv\/wp-content\/uploads\/image_from_ios_7_idn6sxd.jpg","width":1032,"height":774,"caption":"Source: Specify Source"},{"@type":"BreadcrumbList","@id":"https:\/\/www.meydan.tv\/az\/article\/goycay-sakini-yayda-delik-desiklerden-eve-ilan-girir\/#breadcrumb","itemListElement":[{"@type":"ListItem","position":1,"name":"Ana s\u0259hif\u0259","item":"https:\/\/www.meydan.tv\/az\/"},{"@type":"ListItem","position":2,"name":"B\u00f6lg\u0259","item":"https:\/\/www.meydan.tv\/az\/section\/bolge\/"},{"@type":"ListItem","position":3,"name":"G\u00f6y\u00e7ay sakini: Yayda d\u0259lik-de\u015fikl\u0259rd\u0259n ev\u0259 ilan girir"}]},{"@type":"WebSite","@id":"https:\/\/www.meydan.tv\/az\/#website","url":"https:\/\/www.meydan.tv\/az\/","name":"MEYDAN.TV","description":"Meydan TV Az\u0259rbaycan\u0131n media m\u0259kan\u0131ndak\u0131 alternativ s\u0259sidir","publisher":{"@id":"https:\/\/www.meydan.tv\/az\/#organization"},"potentialAction":[{"@type":"SearchAction","target":{"@type":"EntryPoint","urlTemplate":"https:\/\/www.meydan.tv\/az\/?s={search_term_string}"},"query-input":{"@type":"PropertyValueSpecification","valueRequired":true,"valueName":"search_term_string"}}],"inLanguage":"az"},{"@type":"Organization","@id":"https:\/\/www.meydan.tv\/az\/#organization","name":"Meydan TV","url":"https:\/\/www.meydan.tv\/az\/","logo":{"@type":"ImageObject","inLanguage":"az","@id":"https:\/\/www.meydan.tv\/az\/#\/schema\/logo\/image\/","url":"https:\/\/www.meydan.tv\/wp-content\/uploads\/2021\/07\/meydan-logo.svg","contentUrl":"https:\/\/www.meydan.tv\/wp-content\/uploads\/2021\/07\/meydan-logo.svg","width":195,"height":46,"caption":"Meydan TV"},"image":{"@id":"https:\/\/www.meydan.tv\/az\/#\/schema\/logo\/image\/"}},{"@type":"Person","@id":"https:\/\/www.meydan.tv\/az\/#\/schema\/person\/10d11eccf6da3662cf5fdab9806ea91a","name":"user-manager"}]}},"_links":{"self":[{"href":"https:\/\/www.meydan.tv\/az\/wp-json\/wp\/v2\/posts\/200439","targetHints":{"allow":["GET"]}}],"collection":[{"href":"https:\/\/www.meydan.tv\/az\/wp-json\/wp\/v2\/posts"}],"about":[{"href":"https:\/\/www.meydan.tv\/az\/wp-json\/wp\/v2\/types\/post"}],"author":[{"embeddable":true,"href":"https:\/\/www.meydan.tv\/az\/wp-json\/wp\/v2\/users\/11"}],"replies":[{"embeddable":true,"href":"https:\/\/www.meydan.tv\/az\/wp-json\/wp\/v2\/comments?post=200439"}],"version-history":[{"count":0,"href":"https:\/\/www.meydan.tv\/az\/wp-json\/wp\/v2\/posts\/200439\/revisions"}],"wp:featuredmedia":[{"embeddable":true,"href":"https:\/\/www.meydan.tv\/az\/wp-json\/wp\/v2\/media\/141365"}],"wp:attachment":[{"href":"https:\/\/www.meydan.tv\/az\/wp-json\/wp\/v2\/media?parent=200439"}],"wp:term":[{"taxonomy":"category","embeddable":true,"href":"https:\/\/www.meydan.tv\/az\/wp-json\/wp\/v2\/categories?post=200439"},{"taxonomy":"post_tag","embeddable":true,"href":"https:\/\/www.meydan.tv\/az\/wp-json\/wp\/v2\/tags?post=200439"}],"curies":[{"name":"wp","href":"https:\/\/api.w.org\/{rel}","templated":true}]}}