{"id":200393,"date":"2020-04-30T18:45:29","date_gmt":"2020-04-30T18:45:29","guid":{"rendered":"https:\/\/www.meydan.tv\/article\/semkirde-umidini-yardima-baglayan-aile\/"},"modified":"2020-04-30T18:45:29","modified_gmt":"2020-04-30T18:45:29","slug":"semkirde-umidini-yardima-baglayan-aile","status":"publish","type":"post","link":"https:\/\/www.meydan.tv\/az\/article\/semkirde-umidini-yardima-baglayan-aile\/","title":{"rendered":"\u015e\u0259mkird\u0259: \u00dcmidini yard\u0131ma ba\u011flayan ail\u0259"},"content":{"rendered":"<p>\n  <i><br \/>\n    Karantin g\u00fcnl\u0259rind\u0259 i\u015fsizlik daha bir ail\u0259ni acl\u0131qla \u00fcz-\u00fcz\u0259 qoyub<br \/>\n  <\/i>\n<\/p>\n<p>\n  \u015e\u0259mkird\u0259 d\u0259miryolu stansiyas\u0131n\u0131n yax\u0131nl\u0131\u011f\u0131ndak\u0131 yar\u0131mtikilid\u0259 ya\u015fayan Q\u0259mb\u0259rovlar ail\u0259sind\u0259 he\u00e7 kim i\u015fl\u0259mir. Rasim Q\u0259mb\u0259rov \u0259vv\u0259ll\u0259r g\u00fcn\u0259muzd i\u015f tapa bilirdis\u0259, karantin g\u00fcnl\u0259rind\u0259 evd\u0259 qalma\u011fa m\u0259cburdur.\n<\/p>\n<p>\n  <b><br \/>\n    \u201cH\u0259kiml\u0259r\u0259 5-10 manat verm\u0259s\u0259n, can yand\u0131rm\u0131rlar\u201d<br \/>\n  <\/b>\n<\/p>\n<p>\n  Ail\u0259nin yegan\u0259 d\u0259rdi i\u015fsizlik deyil. Rasimin 18 ya\u015fl\u0131 q\u0131z\u0131 Rasim\u0259, 12 ya\u015fl\u0131 o\u011flu Nazim do\u011fulandan serebral iflic x\u0259st\u0259liyind\u0259n \u0259ziyy\u0259t \u00e7\u0259kir. U\u015faqlar n\u0259zar\u0259t, x\u00fcsusi diqq\u0259t olmadan ya\u015faya bilmirl\u0259r. Nazim, he\u00e7 olmasa, h\u0259rd\u0259n \u0259yl\u0259\u015fir, Rasim\u0259 h\u0259mi\u015f\u0259 uzanmal\u0131 olur. Rasimin h\u0259yat yolda\u015f\u0131 b\u00fct\u00fcn g\u00fcn\u00fcn\u00fc x\u0259st\u0259 u\u015faqlara baxma\u011fa h\u0259sr edir.\n<\/p>\n<p>\n  \u201cT\u0259k bacarm\u0131r, qay\u0131nanam da k\u00f6m\u0259y\u0259 g\u0259lir. H\u0259kim s\u0259hl\u0259nkarl\u0131\u011f\u0131 oldu, h\u0259r ikisi q\u00fcsurlu do\u011fuldu. Bax\u0131n, \u00fc\u00e7\u00fcnc\u00fc u\u015fa\u011f\u0131m bel\u0259 deyil. Bir ya\u015f\u0131 var, g\u0259zm\u0259y\u0259 ba\u015flay\u0131b\u201d, &#8211; Rasim dan\u0131\u015f\u0131r.\n<\/p>\n<p>\n  Ail\u0259nin bu ill\u0259r \u0259rzind\u0259 u\u015faqlar\u0131n m\u00fcalic\u0259si il\u0259 m\u0259\u015f\u011ful olma\u011fa imkan\u0131 \u00e7atmay\u0131b. Rasim deyir ki, \u0259vv\u0259ll\u0259r \u00fc\u00e7 aydan bir Nazimi Bak\u0131ya &#8211; U\u015faq B\u0259rpa M\u00fcalic\u0259 M\u0259rk\u0259zin\u0259 g\u0259tirirl\u0259rmi\u015f. Bir ildir buna da g\u00fccl\u0259ri yetmir: \u201cG\u00f6nd\u0259ri\u015fl\u0259 gedirdik. Amma yen\u0259 m\u00fc\u0259yy\u0259n x\u0259rcimiz \u00e7\u0131x\u0131rd\u0131. Bilirsiz d\u0259, h\u0259kiml\u0259r\u0259 5-10 manat verm\u0259s\u0259n, can yand\u0131rm\u0131rlar. Q\u0131z\u0131mda g\u0259rginlik \u00e7oxdu. Onu d\u0259rmanla saxlay\u0131r\u0131q. D\u0259rman olmasa, sakitl\u0259\u015fmir. \u00c7ox narahat olur. D\u00fcz\u00fc, d\u0259rmanlar\u0131n \u00e7oxunu burdak\u0131 x\u0259st\u0259xana verir\u201d.\n<\/p>\n<p>\n  <b><br \/>\n    \u201cTamamil\u0259 i\u015fsiz qalm\u0131\u015fam\u201d<br \/>\n  <\/b>\n<\/p>\n<p>\n  Rasimin dan\u0131\u015fd\u0131\u011f\u0131na g\u00f6r\u0259, bir ne\u00e7\u0259 g\u00fcn \u0259vv\u0259l ail\u0259sin\u0259 \u0259rzaq yard\u0131m\u0131 edilib. \u015e\u0259mkir sakini bu ill\u0259r \u0259rzind\u0259 ilk d\u0259f\u0259 bel\u0259 \u015fey g\u00f6rd\u00fcy\u00fcn\u00fc deyir. \u201cCavan u\u015faqlar idi. Dedil\u0259r ki, 1 il 7 ayd\u0131 xeyriyy\u0259 c\u0259miyy\u0259ti yarad\u0131blar. Bizim kimi imkans\u0131z ail\u0259l\u0259r\u0259 ba\u015f \u00e7\u0259kib \u0259rzaq yard\u0131m\u0131 el\u0259yirl\u0259r. \u0130ki kilo \u0259t, pendir, \u00e7\u00f6r\u0259k, yumurta, makaron, vermi\u015fel, ya\u011f g\u0259tirmi\u015fdil\u0259r. Biz t\u0259sad\u00fcfi hallarda \u0259t al\u0131rd\u0131q. Yen\u0259 sa\u011f olsunlar, bel\u0259 savab i\u015f g\u00f6r\u00fcrl\u0259r. U\u015fa\u011fa \u0259lil arabas\u0131 verm\u0259k d\u0259 ist\u0259yirl\u0259r\u201d, &#8211; 48 ya\u015fl\u0131 m\u00fcsahibimiz dan\u0131\u015f\u0131r.\n<\/p>\n<p>\n  Rasimin he\u00e7 vaxt daimi i\u015fi olmay\u0131b. Ad\u0259t\u0259n, g\u00fcn\u0259muzd f\u0259hl\u0259 i\u015fi il\u0259 ev\u0259 pul g\u0259tirm\u0259y\u0259 \u00e7al\u0131\u015f\u0131rm\u0131\u015f: \u201cAd\u0259t\u0259n, divar h\u00f6r\u0259n ustalar\u0131n \u0259linin alt\u0131nda i\u015fl\u0259yirdim. Bel\u0259c\u0259, 5-10 manat qazan\u0131rd\u0131m. \u0130ndi o da yoxdu. Tamamil\u0259 i\u015fsiz qalm\u0131\u015fam. H\u0259m d\u0259 \u00e7ar\u0259siz v\u0259ziyy\u0259td\u0259\u201d.\n<\/p>\n<p>\n  Ail\u0259y\u0259 \u0259lil \u00f6vladlara g\u00f6r\u0259 m\u00fcavin\u0259t, 266 manat sosial yard\u0131m verilir, amma bu, yaln\u0131z ac\u0131ndan \u00f6lm\u0259m\u0259y\u0259 yetir. \u00c7\u00fcnki ev\u0259 g\u0259l\u0259n pulun 476 manat\u0131 kredit\u0259 gedir. Rasim niy\u0259 kredit g\u00f6t\u00fcrd\u00fcy\u00fcn\u00fc izah edir: \u201c\u018fvv\u0259l qald\u0131\u011f\u0131m\u0131z daxma u\u00e7du. Ya\u011f\u0131\u015f o q\u0259d\u0259r vurmu\u015fdu ki, aynab\u0259nd tab g\u0259tirm\u0259di. Qohum-\u0259qr\u0259ban\u0131n yaz\u0131\u011f\u0131 g\u0259ldi, dedil\u0259r ki, sizin \u00fc\u00e7\u00fcn n\u0259s\u0259 tik\u0259k. Ya\u015fama\u011fa yerimiz qalmam\u0131\u015fd\u0131. Tikinti materiallar\u0131 \u00fc\u00e7\u00fcn m\u0259cburiyy\u0259td\u0259n kredit g\u00f6t\u00fcrm\u0259li oldum. Bir illikdi, c\u0259mi 5 ay\u0131n\u0131 \u00f6d\u0259mi\u015f\u0259m. Kredit b\u00f6y\u00fck y\u00fck\u0259 \u00e7evrilib\u201d. Yax\u0131nlar\u0131n k\u00f6m\u0259yi il\u0259 mi\u015far da\u015f\u0131 il\u0259 divarlar h\u00f6r\u00fcl\u00fcb. Amma ev yen\u0259 d\u0259 ya\u015famal\u0131 halda deyil. Ail\u0259nin is\u0259 bundan art\u0131\u011f\u0131n\u0131 etm\u0259y\u0259 maddi g\u00fcc\u00fc yoxdur. \u0130ndi onlar \u0259n adi ehtiyaclar\u0131 da \u00f6d\u0259y\u0259 bilmirl\u0259r. Rasim deyir ki, qohum-\u0259qr\u0259ba olmasa, ac\u0131ndan \u00f6l\u0259rl\u0259r: &quot;190 manat yard\u0131m\u0131 almaq \u015fans\u0131m\u0131z da yoxdur. Sosial yard\u0131m\u0131 b\u0259han\u0259 el\u0259yirl\u0259r\u201d. \u0130ndi Q\u0259mb\u0259rovlar ail\u0259si \u00fcmidini bir d\u0259f\u0259 k\u00f6m\u0259kl\u0259rin\u0259 yeti\u015fmi\u015f h\u0259min cavanlara ba\u011flay\u0131b. D\u00fc\u015f\u00fcn\u00fcrl\u0259r, b\u0259lk\u0259 bir daha g\u0259ldil\u0259r&#8230;\n<\/p>\n<figure class=\"wp-block-image size-large\">\n  <img decoding=\"async\" src=\"https:\/\/www.meydan.tv\/az\/image-from-ios-3-jpg-6\/\" alt=\"Image from iOS (3).jpg\" class=\"wp-image-141221\"\/><figcaption>\n    Rasim Q\u0259mb\u0259rov<br \/>\n  <\/figcaption><\/figure>\n<figure class=\"wp-block-image size-large\">\n  <img decoding=\"async\" src=\"https:\/\/www.meydan.tv\/az\/untitled-design-2-png-16\/\" alt=\"Untitled design (2).png\" class=\"wp-image-141224\"\/><figcaption>\n    Rasim\u0259<br \/>\n  <\/figcaption><\/figure>\n","protected":false},"excerpt":{"rendered":"<p>Karantin g\u00fcnl\u0259rind\u0259 i\u015fsizlik daha bir ail\u0259ni acl\u0131qla \u00fcz-\u00fcz\u0259 qoyub<\/p>\n","protected":false},"author":11,"featured_media":141218,"comment_status":"closed","ping_status":"open","sticky":false,"template":"","format":"standard","meta":{"_acf_changed":false,"_sitemap_exclude":false,"_sitemap_priority":"","_sitemap_frequency":"","footnotes":""},"categories":[60],"tags":[],"class_list":["post-200393","post","type-post","status-publish","format-standard","has-post-thumbnail","hentry","category-bolge","infinite-scroll-item","generate-columns","tablet-grid-50","mobile-grid-100","grid-parent","grid-33","no-featured-image-padding"],"acf":[],"yoast_head":"<!-- This site is optimized with the Yoast SEO plugin v27.5 - https:\/\/yoast.com\/product\/yoast-seo-wordpress\/ -->\n<title>\u015e\u0259mkird\u0259: \u00dcmidini yard\u0131ma ba\u011flayan ail\u0259 - MEYDAN.TV<\/title>\n<meta name=\"robots\" content=\"index, follow, max-snippet:-1, max-image-preview:large, max-video-preview:-1\" \/>\n<link rel=\"canonical\" href=\"https:\/\/www.meydan.tv\/az\/article\/semkirde-umidini-yardima-baglayan-aile\/\" \/>\n<meta property=\"og:locale\" content=\"az_AZ\" \/>\n<meta property=\"og:type\" content=\"article\" \/>\n<meta property=\"og:title\" content=\"\u015e\u0259mkird\u0259: \u00dcmidini yard\u0131ma ba\u011flayan ail\u0259 - MEYDAN.TV\" \/>\n<meta property=\"og:description\" content=\"Karantin g\u00fcnl\u0259rind\u0259 i\u015fsizlik daha bir ail\u0259ni acl\u0131qla \u00fcz-\u00fcz\u0259 qoyub\" \/>\n<meta property=\"og:url\" content=\"https:\/\/www.meydan.tv\/az\/article\/semkirde-umidini-yardima-baglayan-aile\/\" \/>\n<meta property=\"og:site_name\" content=\"MEYDAN.TV\" \/>\n<meta property=\"article:published_time\" content=\"2020-04-30T18:45:29+00:00\" \/>\n<meta property=\"og:image\" content=\"https:\/\/www.meydan.tv\/wp-content\/uploads\/image_from_ios_2_yw9shpr.jpg\" \/>\n\t<meta property=\"og:image:width\" content=\"1280\" \/>\n\t<meta property=\"og:image:height\" content=\"590\" \/>\n\t<meta property=\"og:image:type\" content=\"image\/jpeg\" \/>\n<meta name=\"author\" content=\"user-manager\" \/>\n<meta name=\"twitter:card\" content=\"summary_large_image\" \/>\n<script type=\"application\/ld+json\" class=\"yoast-schema-graph\">{\"@context\":\"https:\\\/\\\/schema.org\",\"@graph\":[{\"@type\":\"Article\",\"@id\":\"https:\\\/\\\/www.meydan.tv\\\/az\\\/article\\\/semkirde-umidini-yardima-baglayan-aile\\\/#article\",\"isPartOf\":{\"@id\":\"https:\\\/\\\/www.meydan.tv\\\/az\\\/article\\\/semkirde-umidini-yardima-baglayan-aile\\\/\"},\"author\":{\"name\":\"user-manager\",\"@id\":\"https:\\\/\\\/www.meydan.tv\\\/az\\\/#\\\/schema\\\/person\\\/10d11eccf6da3662cf5fdab9806ea91a\"},\"headline\":\"\u015e\u0259mkird\u0259: \u00dcmidini yard\u0131ma ba\u011flayan ail\u0259\",\"datePublished\":\"2020-04-30T18:45:29+00:00\",\"mainEntityOfPage\":{\"@id\":\"https:\\\/\\\/www.meydan.tv\\\/az\\\/article\\\/semkirde-umidini-yardima-baglayan-aile\\\/\"},\"wordCount\":728,\"publisher\":{\"@id\":\"https:\\\/\\\/www.meydan.tv\\\/az\\\/#organization\"},\"image\":{\"@id\":\"https:\\\/\\\/www.meydan.tv\\\/az\\\/article\\\/semkirde-umidini-yardima-baglayan-aile\\\/#primaryimage\"},\"thumbnailUrl\":\"https:\\\/\\\/www.meydan.tv\\\/wp-content\\\/uploads\\\/image_from_ios_2_yw9shpr.jpg\",\"articleSection\":[\"B\u00f6lg\u0259\"],\"inLanguage\":\"az\"},{\"@type\":\"WebPage\",\"@id\":\"https:\\\/\\\/www.meydan.tv\\\/az\\\/article\\\/semkirde-umidini-yardima-baglayan-aile\\\/\",\"url\":\"https:\\\/\\\/www.meydan.tv\\\/az\\\/article\\\/semkirde-umidini-yardima-baglayan-aile\\\/\",\"name\":\"\u015e\u0259mkird\u0259: \u00dcmidini yard\u0131ma ba\u011flayan ail\u0259 - MEYDAN.TV\",\"isPartOf\":{\"@id\":\"https:\\\/\\\/www.meydan.tv\\\/az\\\/#website\"},\"primaryImageOfPage\":{\"@id\":\"https:\\\/\\\/www.meydan.tv\\\/az\\\/article\\\/semkirde-umidini-yardima-baglayan-aile\\\/#primaryimage\"},\"image\":{\"@id\":\"https:\\\/\\\/www.meydan.tv\\\/az\\\/article\\\/semkirde-umidini-yardima-baglayan-aile\\\/#primaryimage\"},\"thumbnailUrl\":\"https:\\\/\\\/www.meydan.tv\\\/wp-content\\\/uploads\\\/image_from_ios_2_yw9shpr.jpg\",\"datePublished\":\"2020-04-30T18:45:29+00:00\",\"breadcrumb\":{\"@id\":\"https:\\\/\\\/www.meydan.tv\\\/az\\\/article\\\/semkirde-umidini-yardima-baglayan-aile\\\/#breadcrumb\"},\"inLanguage\":\"az\",\"potentialAction\":[{\"@type\":\"ReadAction\",\"target\":[\"https:\\\/\\\/www.meydan.tv\\\/az\\\/article\\\/semkirde-umidini-yardima-baglayan-aile\\\/\"]}]},{\"@type\":\"ImageObject\",\"inLanguage\":\"az\",\"@id\":\"https:\\\/\\\/www.meydan.tv\\\/az\\\/article\\\/semkirde-umidini-yardima-baglayan-aile\\\/#primaryimage\",\"url\":\"https:\\\/\\\/www.meydan.tv\\\/wp-content\\\/uploads\\\/image_from_ios_2_yw9shpr.jpg\",\"contentUrl\":\"https:\\\/\\\/www.meydan.tv\\\/wp-content\\\/uploads\\\/image_from_ios_2_yw9shpr.jpg\",\"width\":1280,\"height\":590,\"caption\":\"Source: Meydan Tv\"},{\"@type\":\"BreadcrumbList\",\"@id\":\"https:\\\/\\\/www.meydan.tv\\\/az\\\/article\\\/semkirde-umidini-yardima-baglayan-aile\\\/#breadcrumb\",\"itemListElement\":[{\"@type\":\"ListItem\",\"position\":1,\"name\":\"Ana s\u0259hif\u0259\",\"item\":\"https:\\\/\\\/www.meydan.tv\\\/az\\\/\"},{\"@type\":\"ListItem\",\"position\":2,\"name\":\"B\u00f6lg\u0259\",\"item\":\"https:\\\/\\\/www.meydan.tv\\\/az\\\/section\\\/bolge\\\/\"},{\"@type\":\"ListItem\",\"position\":3,\"name\":\"\u015e\u0259mkird\u0259: \u00dcmidini yard\u0131ma ba\u011flayan ail\u0259\"}]},{\"@type\":\"WebSite\",\"@id\":\"https:\\\/\\\/www.meydan.tv\\\/az\\\/#website\",\"url\":\"https:\\\/\\\/www.meydan.tv\\\/az\\\/\",\"name\":\"MEYDAN.TV\",\"description\":\"Meydan TV Az\u0259rbaycan\u0131n media m\u0259kan\u0131ndak\u0131 alternativ s\u0259sidir\",\"publisher\":{\"@id\":\"https:\\\/\\\/www.meydan.tv\\\/az\\\/#organization\"},\"potentialAction\":[{\"@type\":\"SearchAction\",\"target\":{\"@type\":\"EntryPoint\",\"urlTemplate\":\"https:\\\/\\\/www.meydan.tv\\\/az\\\/?s={search_term_string}\"},\"query-input\":{\"@type\":\"PropertyValueSpecification\",\"valueRequired\":true,\"valueName\":\"search_term_string\"}}],\"inLanguage\":\"az\"},{\"@type\":\"Organization\",\"@id\":\"https:\\\/\\\/www.meydan.tv\\\/az\\\/#organization\",\"name\":\"Meydan TV\",\"url\":\"https:\\\/\\\/www.meydan.tv\\\/az\\\/\",\"logo\":{\"@type\":\"ImageObject\",\"inLanguage\":\"az\",\"@id\":\"https:\\\/\\\/www.meydan.tv\\\/az\\\/#\\\/schema\\\/logo\\\/image\\\/\",\"url\":\"https:\\\/\\\/www.meydan.tv\\\/wp-content\\\/uploads\\\/2021\\\/07\\\/meydan-logo.svg\",\"contentUrl\":\"https:\\\/\\\/www.meydan.tv\\\/wp-content\\\/uploads\\\/2021\\\/07\\\/meydan-logo.svg\",\"width\":195,\"height\":46,\"caption\":\"Meydan TV\"},\"image\":{\"@id\":\"https:\\\/\\\/www.meydan.tv\\\/az\\\/#\\\/schema\\\/logo\\\/image\\\/\"}},{\"@type\":\"Person\",\"@id\":\"https:\\\/\\\/www.meydan.tv\\\/az\\\/#\\\/schema\\\/person\\\/10d11eccf6da3662cf5fdab9806ea91a\",\"name\":\"user-manager\"}]}<\/script>\n<!-- \/ Yoast SEO plugin. -->","yoast_head_json":{"title":"\u015e\u0259mkird\u0259: \u00dcmidini yard\u0131ma ba\u011flayan ail\u0259 - MEYDAN.TV","robots":{"index":"index","follow":"follow","max-snippet":"max-snippet:-1","max-image-preview":"max-image-preview:large","max-video-preview":"max-video-preview:-1"},"canonical":"https:\/\/www.meydan.tv\/az\/article\/semkirde-umidini-yardima-baglayan-aile\/","og_locale":"az_AZ","og_type":"article","og_title":"\u015e\u0259mkird\u0259: \u00dcmidini yard\u0131ma ba\u011flayan ail\u0259 - MEYDAN.TV","og_description":"Karantin g\u00fcnl\u0259rind\u0259 i\u015fsizlik daha bir ail\u0259ni acl\u0131qla \u00fcz-\u00fcz\u0259 qoyub","og_url":"https:\/\/www.meydan.tv\/az\/article\/semkirde-umidini-yardima-baglayan-aile\/","og_site_name":"MEYDAN.TV","article_published_time":"2020-04-30T18:45:29+00:00","og_image":[{"width":1280,"height":590,"url":"https:\/\/www.meydan.tv\/wp-content\/uploads\/image_from_ios_2_yw9shpr.jpg","type":"image\/jpeg"}],"author":"user-manager","twitter_card":"summary_large_image","schema":{"@context":"https:\/\/schema.org","@graph":[{"@type":"Article","@id":"https:\/\/www.meydan.tv\/az\/article\/semkirde-umidini-yardima-baglayan-aile\/#article","isPartOf":{"@id":"https:\/\/www.meydan.tv\/az\/article\/semkirde-umidini-yardima-baglayan-aile\/"},"author":{"name":"user-manager","@id":"https:\/\/www.meydan.tv\/az\/#\/schema\/person\/10d11eccf6da3662cf5fdab9806ea91a"},"headline":"\u015e\u0259mkird\u0259: \u00dcmidini yard\u0131ma ba\u011flayan ail\u0259","datePublished":"2020-04-30T18:45:29+00:00","mainEntityOfPage":{"@id":"https:\/\/www.meydan.tv\/az\/article\/semkirde-umidini-yardima-baglayan-aile\/"},"wordCount":728,"publisher":{"@id":"https:\/\/www.meydan.tv\/az\/#organization"},"image":{"@id":"https:\/\/www.meydan.tv\/az\/article\/semkirde-umidini-yardima-baglayan-aile\/#primaryimage"},"thumbnailUrl":"https:\/\/www.meydan.tv\/wp-content\/uploads\/image_from_ios_2_yw9shpr.jpg","articleSection":["B\u00f6lg\u0259"],"inLanguage":"az"},{"@type":"WebPage","@id":"https:\/\/www.meydan.tv\/az\/article\/semkirde-umidini-yardima-baglayan-aile\/","url":"https:\/\/www.meydan.tv\/az\/article\/semkirde-umidini-yardima-baglayan-aile\/","name":"\u015e\u0259mkird\u0259: \u00dcmidini yard\u0131ma ba\u011flayan ail\u0259 - MEYDAN.TV","isPartOf":{"@id":"https:\/\/www.meydan.tv\/az\/#website"},"primaryImageOfPage":{"@id":"https:\/\/www.meydan.tv\/az\/article\/semkirde-umidini-yardima-baglayan-aile\/#primaryimage"},"image":{"@id":"https:\/\/www.meydan.tv\/az\/article\/semkirde-umidini-yardima-baglayan-aile\/#primaryimage"},"thumbnailUrl":"https:\/\/www.meydan.tv\/wp-content\/uploads\/image_from_ios_2_yw9shpr.jpg","datePublished":"2020-04-30T18:45:29+00:00","breadcrumb":{"@id":"https:\/\/www.meydan.tv\/az\/article\/semkirde-umidini-yardima-baglayan-aile\/#breadcrumb"},"inLanguage":"az","potentialAction":[{"@type":"ReadAction","target":["https:\/\/www.meydan.tv\/az\/article\/semkirde-umidini-yardima-baglayan-aile\/"]}]},{"@type":"ImageObject","inLanguage":"az","@id":"https:\/\/www.meydan.tv\/az\/article\/semkirde-umidini-yardima-baglayan-aile\/#primaryimage","url":"https:\/\/www.meydan.tv\/wp-content\/uploads\/image_from_ios_2_yw9shpr.jpg","contentUrl":"https:\/\/www.meydan.tv\/wp-content\/uploads\/image_from_ios_2_yw9shpr.jpg","width":1280,"height":590,"caption":"Source: Meydan Tv"},{"@type":"BreadcrumbList","@id":"https:\/\/www.meydan.tv\/az\/article\/semkirde-umidini-yardima-baglayan-aile\/#breadcrumb","itemListElement":[{"@type":"ListItem","position":1,"name":"Ana s\u0259hif\u0259","item":"https:\/\/www.meydan.tv\/az\/"},{"@type":"ListItem","position":2,"name":"B\u00f6lg\u0259","item":"https:\/\/www.meydan.tv\/az\/section\/bolge\/"},{"@type":"ListItem","position":3,"name":"\u015e\u0259mkird\u0259: \u00dcmidini yard\u0131ma ba\u011flayan ail\u0259"}]},{"@type":"WebSite","@id":"https:\/\/www.meydan.tv\/az\/#website","url":"https:\/\/www.meydan.tv\/az\/","name":"MEYDAN.TV","description":"Meydan TV Az\u0259rbaycan\u0131n media m\u0259kan\u0131ndak\u0131 alternativ s\u0259sidir","publisher":{"@id":"https:\/\/www.meydan.tv\/az\/#organization"},"potentialAction":[{"@type":"SearchAction","target":{"@type":"EntryPoint","urlTemplate":"https:\/\/www.meydan.tv\/az\/?s={search_term_string}"},"query-input":{"@type":"PropertyValueSpecification","valueRequired":true,"valueName":"search_term_string"}}],"inLanguage":"az"},{"@type":"Organization","@id":"https:\/\/www.meydan.tv\/az\/#organization","name":"Meydan TV","url":"https:\/\/www.meydan.tv\/az\/","logo":{"@type":"ImageObject","inLanguage":"az","@id":"https:\/\/www.meydan.tv\/az\/#\/schema\/logo\/image\/","url":"https:\/\/www.meydan.tv\/wp-content\/uploads\/2021\/07\/meydan-logo.svg","contentUrl":"https:\/\/www.meydan.tv\/wp-content\/uploads\/2021\/07\/meydan-logo.svg","width":195,"height":46,"caption":"Meydan TV"},"image":{"@id":"https:\/\/www.meydan.tv\/az\/#\/schema\/logo\/image\/"}},{"@type":"Person","@id":"https:\/\/www.meydan.tv\/az\/#\/schema\/person\/10d11eccf6da3662cf5fdab9806ea91a","name":"user-manager"}]}},"_links":{"self":[{"href":"https:\/\/www.meydan.tv\/az\/wp-json\/wp\/v2\/posts\/200393","targetHints":{"allow":["GET"]}}],"collection":[{"href":"https:\/\/www.meydan.tv\/az\/wp-json\/wp\/v2\/posts"}],"about":[{"href":"https:\/\/www.meydan.tv\/az\/wp-json\/wp\/v2\/types\/post"}],"author":[{"embeddable":true,"href":"https:\/\/www.meydan.tv\/az\/wp-json\/wp\/v2\/users\/11"}],"replies":[{"embeddable":true,"href":"https:\/\/www.meydan.tv\/az\/wp-json\/wp\/v2\/comments?post=200393"}],"version-history":[{"count":0,"href":"https:\/\/www.meydan.tv\/az\/wp-json\/wp\/v2\/posts\/200393\/revisions"}],"wp:featuredmedia":[{"embeddable":true,"href":"https:\/\/www.meydan.tv\/az\/wp-json\/wp\/v2\/media\/141218"}],"wp:attachment":[{"href":"https:\/\/www.meydan.tv\/az\/wp-json\/wp\/v2\/media?parent=200393"}],"wp:term":[{"taxonomy":"category","embeddable":true,"href":"https:\/\/www.meydan.tv\/az\/wp-json\/wp\/v2\/categories?post=200393"},{"taxonomy":"post_tag","embeddable":true,"href":"https:\/\/www.meydan.tv\/az\/wp-json\/wp\/v2\/tags?post=200393"}],"curies":[{"name":"wp","href":"https:\/\/api.w.org\/{rel}","templated":true}]}}