{"id":200389,"date":"2020-04-30T16:46:41","date_gmt":"2020-04-30T16:46:41","guid":{"rendered":"https:\/\/www.meydan.tv\/article\/agstafanin-xetai-kendine-yaz-gelse-de-yonca-bitmek-bilmir\/"},"modified":"2020-04-30T16:46:41","modified_gmt":"2020-04-30T16:46:41","slug":"agstafanin-xetai-kendine-yaz-gelse-de-yonca-bitmek-bilmir","status":"publish","type":"post","link":"https:\/\/www.meydan.tv\/az\/article\/agstafanin-xetai-kendine-yaz-gelse-de-yonca-bitmek-bilmir\/","title":{"rendered":"A\u011fstafan\u0131n X\u0259tai k\u0259ndin\u0259 yaz g\u0259ls\u0259 d\u0259, yonca bitm\u0259k bilmir"},"content":{"rendered":"<p>\n  <i><br \/>\n    Sakinl\u0259r deyir, su varl\u0131lar\u0131n tax\u0131l sah\u0259l\u0259rin\u0259 ax\u0131d\u0131l\u0131r, sad\u0259 k\u0259ndlil\u0259r yonca sah\u0259l\u0259rini suvara bilmir, hektarlarla yonca sah\u0259l\u0259ri quruyur<br \/>\n  <\/i>\n<\/p>\n<p>\n  \u201c\u0130ki il \u0259vv\u0259l Meydan TV-y\u0259 \u015fikay\u0259t etdik, su problemimiz i\u015f\u0131qland\u0131r\u0131ld\u0131, h\u0259llini tapd\u0131. Bu il yen\u0259 susuz qalm\u0131\u015f\u0131q. Yen\u0259 yonca sah\u0259l\u0259rimiz yan\u0131r. Rayondak\u0131 Suvarma \u0130dar\u0259si m\u0259nim sah\u0259min yan\u0131\u0131ndan ke\u00e7ir, aralar\u0131nda 20 metr m\u0259saf\u0259 yoxdur, su o kanaldan y\u00f6nl\u0259ndirilir, m\u0259nim sah\u0259md\u0259n o t\u0259r\u0259f\u0259 \u0259kilmi\u015f hans\u0131sa varl\u0131n\u0131n a\u011faclar\u0131, yoncas\u0131 suvar\u0131l\u0131r, bimir\u0259m\u201d.\n<\/p>\n<p>\n  A\u011fstafan\u0131n X\u0259tai k\u0259nd sakini \u0130lqar Mustafayev bel\u0259 deyir.\n<\/p>\n<p>\n  <b><br \/>\n    \u201cYonca g\u00f6z\u00fcm\u00fcn qar\u015f\u0131s\u0131nda m\u0259hv olur\u201d<br \/>\n  <\/b>\n<\/p>\n<p>\n  \u0130lqar Mustafayev Meydan TV-y\u0259 dan\u0131\u015f\u0131r ki, ill\u0259rdir k\u0259ndd\u0259 suvarma problemi var. Daha do\u011frusu, k\u0259ndd\u0259 suvarma \u00fc\u00e7\u00fcn su var, ancaq g\u0259lib sad\u0259 k\u0259ndlinin \u0259kin sah\u0259sin\u0259 \u00e7atm\u0131r. S\u0259b\u0259b imkanl\u0131 \u015f\u0259xsl\u0259rin Suvarma \u0130dar\u0259sin\u0259 g\u00f6r\u00fcm-bax\u0131m edib, suyun s\u0259mtini \u00f6z sah\u0259l\u0259rin\u0259 y\u00f6nl\u0259ndirm\u0259l\u0259ridir. Onun dem\u0259sin\u0259 g\u00f6r\u0259, 2018-ci ilin avqustunda k\u0259nd sakinl\u0259ri Meydan TV-y\u0259 \u015fikay\u0259t etdikd\u0259n sonra problem h\u0259llini tap\u0131bm\u0131\u015f. Ancaq bir m\u00fcdd\u0259tdir ki, sad\u0259 k\u0259ndlil\u0259rin \u0259kin sah\u0259l\u0259ri yen\u0259 susuz qal\u0131b:\n<\/p>\n<p>\n  \u201cBununla ne\u00e7\u0259nci d\u0259f\u0259dir ki, \u0259kdiyim yonca g\u00f6z\u00fcm\u00fcn qar\u015f\u0131s\u0131nda m\u0259hv olur, 1 ayd\u0131r yen\u0259 suyu k\u0259sibl\u0259r dey\u0259, sah\u0259d\u0259 quruma prosesi gedir. Kanaldan bir az k\u0259nardak\u0131 a\u011facl\u0131q, ondan o t\u0259r\u0259f\u0259 d\u0259 tax\u0131l sah\u0259si var. Bu sah\u0259l\u0259r \u0259vv\u0259ll\u0259r Su \u0130dar\u0259sind\u0259 i\u015fl\u0259mi\u015f, indi d\u0259 idar\u0259 il\u0259 m\u00f6hk\u0259m ba\u011flar\u0131 olan \u018fl\u0259sg\u0259r adl\u0131 \u015f\u0259xs\u0259 m\u0259xsusdur. Kanal\u0131n suyu h\u0259min a\u011facl\u0131\u011fa v\u0259 tax\u0131l sah\u0259sin\u0259 ax\u0131d\u0131l\u0131r. Kanala t\u0259r\u0259f g\u0259l\u0259nd\u0259 m\u0259nim yonca sah\u0259mdir, g\u00fcnb\u0259g\u00fcn quruyub \u0259ld\u0259n gedir\u201d.\n<\/p>\n<p>\n  <b><br \/>\n    \u201cYonca yoxdursa, heyvandarl\u0131q da yoxdur\u201d<br \/>\n  <\/b>\n<\/p>\n<p>\n  \u0130lqar Mustafayev deyir, 5 hektar \u0259razid\u0259 \u0259kdiyi yonca il\u0259 h\u0259m heyvanlar\u0131n\u0131 saxlay\u0131r:\n<\/p>\n<p>\n  \u201cYonca presinin biri 7 manatd\u0131r, mal-qaraya al\u0131b \u00e7atd\u0131rmaq olmur. Varl\u0131 tax\u0131l \u0259kib sat\u0131r, biz d\u0259 yonca \u0259kib h\u0259m heyvanlar\u0131m\u0131za yem t\u0259dar\u00fck\u00fc g\u00f6r\u00fcr\u00fck, h\u0259m d\u0259 sat\u0131b ail\u0259mizi doland\u0131r\u0131r\u0131q. \u00d6lk\u0259nin ba\u015f\u00e7\u0131s\u0131 m\u0259mura tap\u015f\u0131r\u0131r ki, k\u0259ndliy\u0259 \u015f\u0259rait yarat, in\u0259yini saxlas\u0131n, qoyununu otars\u0131n, taxl\u0131n\u0131, yoncas\u0131n\u0131 \u0259ksin. M\u0259murlarsa acg\u00f6zl\u00fck edir, ist\u0259yirl\u0259r ki, h\u0259r \u015fey onlara qals\u0131n, tax\u0131l da, yonca da, su da, torpaq da, heyvan da&#8230;. \u018fkin vaxt\u0131 \u00e7at\u0131r, texnika, g\u00fcbr\u0259, su eyni adamlara verilir, suvarma vaxt\u0131 \u00e7at\u0131r, kanal\u0131n suyu eyni adamlar\u0131n sah\u0259sin\u0259 ax\u0131d\u0131l\u0131r, bi\u00e7in vaxt\u0131 \u00e7at\u0131r, texnika eyni adamlar\u0131n sah\u0259sind\u0259 \u00e7al\u0131\u015f\u0131r. Bizim kimi kas\u0131blar da ac\u0131ndan q\u0131r\u0131l\u0131r. Sonra da deyirl\u0259r, torpa\u011f\u0131n var, \u00fcnvanl\u0131 sosial yard\u0131m d\u00fc\u015fm\u00fcr, torpa\u011f\u0131n var, 190 manat d\u00fc\u015fm\u00fcr&#8230; 5-10 sot torpa\u011f\u0131 at\u0131blar k\u0259ndlinin qaba\u011f\u0131na ki, d\u00f6vl\u0259td\u0259n he\u00e7 n\u0259 ist\u0259m\u0259sin, imtina el\u0259m\u0259k \u00fc\u00e7\u00fcn \u0259ll\u0259rind\u0259 b\u0259han\u0259 olsun. K\u0259ndli torpaq yeyib dolanas\u0131 deyil ki&#8230; Su versin, texnika versin, b\u0259rab\u0259r imkanlar yarats\u0131n, k\u0259ndli d\u0259 ac qalmas\u0131n. M\u0259nim bu il d\u0259 sah\u0259d\u0259n yonca g\u00f6t\u00fcr\u0259 bilm\u0259m\u0259yim bu il d\u0259 ail\u0259likc\u0259 \u00e7\u00f6r\u0259ksiz qalma\u011f\u0131m dem\u0259kdir. O yonca olmasa, heyvandarl\u0131qla da m\u0259\u015f\u011ful ola bilm\u0259y\u0259c\u0259m, heyvanlar\u0131m\u0131 d\u0259y\u0259r-d\u0259ym\u0259zin\u0259 satmal\u0131 olacam ki, ac\u0131ndan \u00f6lm\u0259sinl\u0259r. Budur fermer\u0259, k\u0259ndliy\u0259 qay\u011f\u0131?\u201d\n<\/p>\n<figure class=\"wp-block-image size-large\">\n  <img decoding=\"async\" src=\"https:\/\/www.meydan.tv\/az\/reg_agstafa_su_problemi_ilqar_mustafayev-jpg\/\" alt=\"reg_agstafa_su_problemi_ilqar_mustafayev.jpg\" class=\"wp-image-141182\"\/><figcaption>\n    \u0130lqar Mustafayevin aylarla suvara bilm\u0259diyi yonca sah\u0259si<br \/>\n  <\/figcaption><\/figure>\n<p>\n  <b><br \/>\n    \u0130dar\u0259: \u201cHaz\u0131rda tax\u0131l sah\u0259l\u0259ri suvar\u0131l\u0131r\u201d<br \/>\n  <\/b>\n<\/p>\n<p>\n  A\u011fstafa Rayon Suvarma \u0130dar\u0259sind\u0259n Meydan TV-y\u0259 bildirilib ki, \u0259kin sah\u0259l\u0259rinin suvar\u0131lmas\u0131n\u0131n \u0259n q\u0131z\u011f\u0131n vaxt\u0131 oldu\u011fundan, suvarma suyu sah\u0259l\u0259r\u0259 n\u00f6vb\u0259li qaydada verilir. Haz\u0131rda k\u0259ndd\u0259 tax\u0131l sah\u0259l\u0259ri suvar\u0131l\u0131r, sonra n\u00f6vb\u0259 yoncaya \u00e7atacaq. \u018fl\u0259sg\u0259r adl\u0131 \u015f\u0259xs\u0259 g\u0259linc\u0259, idar\u0259d\u0259n bildirilib ki, bel\u0259 bir adam tan\u0131m\u0131rlar. \u0130lqar Mustafayevs\u0259 idar\u0259nin dedikl\u0259ri il\u0259 raz\u0131la\u015fm\u0131r. O, bildirir ki, haz\u0131rda da yonca sah\u0259l\u0259ri suvar\u0131lan imkanl\u0131 \u015f\u0259xsl\u0259r var:\n<\/p>\n<p>\n  \u201cG\u00f6r\u00fcrs\u00fcn\u00fcz, biz\u0259 \u00e7atanda deyirl\u0259r, yoncaya tez-tez su verm\u0259k olmaz, idar\u0259 m\u0259n\u0259 deyir, s\u0259nin sah\u0259n\u0259 su \u0259n tezi 6 aydan sonra veril\u0259c\u0259k. Halbuki, imkanl\u0131lar\u0131n yonca sah\u0259l\u0259ri ild\u0259 az\u0131 5 d\u0259f\u0259 suvar\u0131l\u0131r. El\u0259 normas\u0131 da budur \u2013 ild\u0259 \u0259n az\u0131 5 d\u0259f\u0259 suvar\u0131lmal\u0131d\u0131r. Qon\u015fuluqdak\u0131 Poylu k\u0259ndind\u0259 bir vergi m\u0259muru var, hektarlarla yonca sah\u0259si var, vaxtl\u0131-vaxt\u0131nda suvar\u0131l\u0131r. Art\u0131q sah\u0259d\u0259n ikinci bi\u00e7imi etm\u0259y\u0259 haz\u0131rla\u015f\u0131r, m\u0259n h\u0259l\u0259 birinci bi\u00e7imi etm\u0259mi\u015f\u0259m, yoncalar da quruyur. Pulu, v\u0259zif\u0259si olmayanlar da h\u0259r g\u00fcn quruyan yoncaya tama\u015fa ed\u0259-ed\u0259 qal\u0131rlar. K\u0259ndli \u00fc\u00e7\u00fcn ya\u015famaq \u00e7\u0259tindir, bu \u00e7\u0259tinliyin b\u00f6y\u00fck hiss\u0259sini d\u0259 m\u0259murlar yarad\u0131r. K\u0259ndli borca-x\u0259rc\u0259 d\u00fc\u015f\u00fcb sah\u0259 \u0259kir ki, ba\u015f\u0131n\u0131 doland\u0131rs\u0131n, m\u0259mur \u0259ng\u0259ll\u0259r yarad\u0131b h\u0259r \u015feyi alt-\u00fcst edir. Yoncalar torpaqdan yenic\u0259 qalx\u0131b, k\u00f6rp\u0259dir, ancaq 1 ayd\u0131r suvara bilmir\u0259m, t\u0259l\u0259f olur\u201d.\n<\/p>\n<p>\n  \u0130lqar Mustafayev h\u0259r g\u00fcn yonca sah\u0259si il\u0259 10-15 metr aral\u0131dak\u0131 su kanal\u0131n\u0131n aras\u0131nda vurnuxur. Bir g\u00f6z\u00fc su kanal\u0131ndan varl\u0131lar\u0131n torpaqlar\u0131na ax\u0131b ged\u0259n suda, bir g\u00f6z\u00fc g\u00fcnb\u0259g\u00fcn t\u0259l\u0259f olan yoncada qal\u0131b. \u00c7ar\u0259 tapm\u0131r ki, tapm\u0131r&#8230; Deyir, k\u0259ndd\u0259 \u0259kin sah\u0259si m\u0259hv olan t\u0259kc\u0259 o deyil, xeyli \u0259kin\u00e7i \u0259lini hektarlarla sah\u0259d\u0259n \u00fcz\u00fcb. Tax\u0131l\u0131, t\u0259r\u0259v\u0259zi yanan kim, heyvanlar\u0131 yemsiz, susuz qalan kim&#8230; K\u0259nd sakinl\u0259ri d\u0259f\u0259l\u0259rl\u0259 K\u0259nd T\u0259s\u0259rr\u00fcfat\u0131 Nazirliyin\u0259, Prezident\u0259 m\u00fcraci\u0259t edibl\u0259r, ancaq faydas\u0131 olmay\u0131b.<\/p>\n","protected":false},"excerpt":{"rendered":"<p>\u201cG\u00f6r\u00fcrs\u00fcn\u00fcz, biz\u0259 \u00e7atanda deyirl\u0259r, yoncaya tez-tez su verm\u0259k olmaz, idar\u0259 m\u0259n\u0259 deyir, s\u0259nin sah\u0259n\u0259 su \u0259n tezi 6 aydan sonra veril\u0259c\u0259k&#8221;.<\/p>\n","protected":false},"author":11,"featured_media":141185,"comment_status":"closed","ping_status":"open","sticky":false,"template":"","format":"standard","meta":{"_acf_changed":false,"_sitemap_exclude":false,"_sitemap_priority":"","_sitemap_frequency":"","footnotes":""},"categories":[60],"tags":[],"class_list":["post-200389","post","type-post","status-publish","format-standard","has-post-thumbnail","hentry","category-bolge","infinite-scroll-item","generate-columns","tablet-grid-50","mobile-grid-100","grid-parent","grid-33","no-featured-image-padding"],"acf":[],"yoast_head":"<!-- This site is optimized with the Yoast SEO plugin v27.5 - https:\/\/yoast.com\/product\/yoast-seo-wordpress\/ -->\n<title>A\u011fstafan\u0131n X\u0259tai k\u0259ndin\u0259 yaz g\u0259ls\u0259 d\u0259, yonca bitm\u0259k bilmir - MEYDAN.TV<\/title>\n<meta name=\"robots\" content=\"index, follow, max-snippet:-1, max-image-preview:large, max-video-preview:-1\" \/>\n<link rel=\"canonical\" href=\"https:\/\/www.meydan.tv\/az\/article\/agstafanin-xetai-kendine-yaz-gelse-de-yonca-bitmek-bilmir\/\" \/>\n<meta property=\"og:locale\" content=\"az_AZ\" \/>\n<meta property=\"og:type\" content=\"article\" \/>\n<meta property=\"og:title\" content=\"A\u011fstafan\u0131n X\u0259tai k\u0259ndin\u0259 yaz g\u0259ls\u0259 d\u0259, yonca bitm\u0259k bilmir - MEYDAN.TV\" \/>\n<meta property=\"og:description\" content=\"\u201cG\u00f6r\u00fcrs\u00fcn\u00fcz, biz\u0259 \u00e7atanda deyirl\u0259r, yoncaya tez-tez su verm\u0259k olmaz, idar\u0259 m\u0259n\u0259 deyir, s\u0259nin sah\u0259n\u0259 su \u0259n tezi 6 aydan sonra veril\u0259c\u0259k&quot;.\" \/>\n<meta property=\"og:url\" content=\"https:\/\/www.meydan.tv\/az\/article\/agstafanin-xetai-kendine-yaz-gelse-de-yonca-bitmek-bilmir\/\" \/>\n<meta property=\"og:site_name\" content=\"MEYDAN.TV\" \/>\n<meta property=\"article:published_time\" content=\"2020-04-30T16:46:41+00:00\" \/>\n<meta property=\"og:image\" content=\"https:\/\/www.meydan.tv\/wp-content\/uploads\/reg_agstafa_ilqar_mustafayeve_mexsus_yonca_sahesi.jpg\" \/>\n\t<meta property=\"og:image:width\" content=\"1024\" \/>\n\t<meta property=\"og:image:height\" content=\"768\" \/>\n\t<meta property=\"og:image:type\" content=\"image\/jpeg\" \/>\n<meta name=\"author\" content=\"user-manager\" \/>\n<meta name=\"twitter:card\" content=\"summary_large_image\" \/>\n<script type=\"application\/ld+json\" class=\"yoast-schema-graph\">{\"@context\":\"https:\\\/\\\/schema.org\",\"@graph\":[{\"@type\":\"Article\",\"@id\":\"https:\\\/\\\/www.meydan.tv\\\/az\\\/article\\\/agstafanin-xetai-kendine-yaz-gelse-de-yonca-bitmek-bilmir\\\/#article\",\"isPartOf\":{\"@id\":\"https:\\\/\\\/www.meydan.tv\\\/az\\\/article\\\/agstafanin-xetai-kendine-yaz-gelse-de-yonca-bitmek-bilmir\\\/\"},\"author\":{\"name\":\"user-manager\",\"@id\":\"https:\\\/\\\/www.meydan.tv\\\/az\\\/#\\\/schema\\\/person\\\/10d11eccf6da3662cf5fdab9806ea91a\"},\"headline\":\"A\u011fstafan\u0131n X\u0259tai k\u0259ndin\u0259 yaz g\u0259ls\u0259 d\u0259, yonca bitm\u0259k bilmir\",\"datePublished\":\"2020-04-30T16:46:41+00:00\",\"mainEntityOfPage\":{\"@id\":\"https:\\\/\\\/www.meydan.tv\\\/az\\\/article\\\/agstafanin-xetai-kendine-yaz-gelse-de-yonca-bitmek-bilmir\\\/\"},\"wordCount\":1092,\"publisher\":{\"@id\":\"https:\\\/\\\/www.meydan.tv\\\/az\\\/#organization\"},\"image\":{\"@id\":\"https:\\\/\\\/www.meydan.tv\\\/az\\\/article\\\/agstafanin-xetai-kendine-yaz-gelse-de-yonca-bitmek-bilmir\\\/#primaryimage\"},\"thumbnailUrl\":\"https:\\\/\\\/www.meydan.tv\\\/wp-content\\\/uploads\\\/reg_agstafa_ilqar_mustafayeve_mexsus_yonca_sahesi.jpg\",\"articleSection\":[\"B\u00f6lg\u0259\"],\"inLanguage\":\"az\"},{\"@type\":\"WebPage\",\"@id\":\"https:\\\/\\\/www.meydan.tv\\\/az\\\/article\\\/agstafanin-xetai-kendine-yaz-gelse-de-yonca-bitmek-bilmir\\\/\",\"url\":\"https:\\\/\\\/www.meydan.tv\\\/az\\\/article\\\/agstafanin-xetai-kendine-yaz-gelse-de-yonca-bitmek-bilmir\\\/\",\"name\":\"A\u011fstafan\u0131n X\u0259tai k\u0259ndin\u0259 yaz g\u0259ls\u0259 d\u0259, yonca bitm\u0259k bilmir - MEYDAN.TV\",\"isPartOf\":{\"@id\":\"https:\\\/\\\/www.meydan.tv\\\/az\\\/#website\"},\"primaryImageOfPage\":{\"@id\":\"https:\\\/\\\/www.meydan.tv\\\/az\\\/article\\\/agstafanin-xetai-kendine-yaz-gelse-de-yonca-bitmek-bilmir\\\/#primaryimage\"},\"image\":{\"@id\":\"https:\\\/\\\/www.meydan.tv\\\/az\\\/article\\\/agstafanin-xetai-kendine-yaz-gelse-de-yonca-bitmek-bilmir\\\/#primaryimage\"},\"thumbnailUrl\":\"https:\\\/\\\/www.meydan.tv\\\/wp-content\\\/uploads\\\/reg_agstafa_ilqar_mustafayeve_mexsus_yonca_sahesi.jpg\",\"datePublished\":\"2020-04-30T16:46:41+00:00\",\"breadcrumb\":{\"@id\":\"https:\\\/\\\/www.meydan.tv\\\/az\\\/article\\\/agstafanin-xetai-kendine-yaz-gelse-de-yonca-bitmek-bilmir\\\/#breadcrumb\"},\"inLanguage\":\"az\",\"potentialAction\":[{\"@type\":\"ReadAction\",\"target\":[\"https:\\\/\\\/www.meydan.tv\\\/az\\\/article\\\/agstafanin-xetai-kendine-yaz-gelse-de-yonca-bitmek-bilmir\\\/\"]}]},{\"@type\":\"ImageObject\",\"inLanguage\":\"az\",\"@id\":\"https:\\\/\\\/www.meydan.tv\\\/az\\\/article\\\/agstafanin-xetai-kendine-yaz-gelse-de-yonca-bitmek-bilmir\\\/#primaryimage\",\"url\":\"https:\\\/\\\/www.meydan.tv\\\/wp-content\\\/uploads\\\/reg_agstafa_ilqar_mustafayeve_mexsus_yonca_sahesi.jpg\",\"contentUrl\":\"https:\\\/\\\/www.meydan.tv\\\/wp-content\\\/uploads\\\/reg_agstafa_ilqar_mustafayeve_mexsus_yonca_sahesi.jpg\",\"width\":1024,\"height\":768,\"caption\":\"Source: Specify Source\"},{\"@type\":\"BreadcrumbList\",\"@id\":\"https:\\\/\\\/www.meydan.tv\\\/az\\\/article\\\/agstafanin-xetai-kendine-yaz-gelse-de-yonca-bitmek-bilmir\\\/#breadcrumb\",\"itemListElement\":[{\"@type\":\"ListItem\",\"position\":1,\"name\":\"Ana s\u0259hif\u0259\",\"item\":\"https:\\\/\\\/www.meydan.tv\\\/az\\\/\"},{\"@type\":\"ListItem\",\"position\":2,\"name\":\"B\u00f6lg\u0259\",\"item\":\"https:\\\/\\\/www.meydan.tv\\\/az\\\/section\\\/bolge\\\/\"},{\"@type\":\"ListItem\",\"position\":3,\"name\":\"A\u011fstafan\u0131n X\u0259tai k\u0259ndin\u0259 yaz g\u0259ls\u0259 d\u0259, yonca bitm\u0259k bilmir\"}]},{\"@type\":\"WebSite\",\"@id\":\"https:\\\/\\\/www.meydan.tv\\\/az\\\/#website\",\"url\":\"https:\\\/\\\/www.meydan.tv\\\/az\\\/\",\"name\":\"MEYDAN.TV\",\"description\":\"Meydan TV Az\u0259rbaycan\u0131n media m\u0259kan\u0131ndak\u0131 alternativ s\u0259sidir\",\"publisher\":{\"@id\":\"https:\\\/\\\/www.meydan.tv\\\/az\\\/#organization\"},\"potentialAction\":[{\"@type\":\"SearchAction\",\"target\":{\"@type\":\"EntryPoint\",\"urlTemplate\":\"https:\\\/\\\/www.meydan.tv\\\/az\\\/?s={search_term_string}\"},\"query-input\":{\"@type\":\"PropertyValueSpecification\",\"valueRequired\":true,\"valueName\":\"search_term_string\"}}],\"inLanguage\":\"az\"},{\"@type\":\"Organization\",\"@id\":\"https:\\\/\\\/www.meydan.tv\\\/az\\\/#organization\",\"name\":\"Meydan TV\",\"url\":\"https:\\\/\\\/www.meydan.tv\\\/az\\\/\",\"logo\":{\"@type\":\"ImageObject\",\"inLanguage\":\"az\",\"@id\":\"https:\\\/\\\/www.meydan.tv\\\/az\\\/#\\\/schema\\\/logo\\\/image\\\/\",\"url\":\"https:\\\/\\\/www.meydan.tv\\\/wp-content\\\/uploads\\\/2021\\\/07\\\/meydan-logo.svg\",\"contentUrl\":\"https:\\\/\\\/www.meydan.tv\\\/wp-content\\\/uploads\\\/2021\\\/07\\\/meydan-logo.svg\",\"width\":195,\"height\":46,\"caption\":\"Meydan TV\"},\"image\":{\"@id\":\"https:\\\/\\\/www.meydan.tv\\\/az\\\/#\\\/schema\\\/logo\\\/image\\\/\"}},{\"@type\":\"Person\",\"@id\":\"https:\\\/\\\/www.meydan.tv\\\/az\\\/#\\\/schema\\\/person\\\/10d11eccf6da3662cf5fdab9806ea91a\",\"name\":\"user-manager\"}]}<\/script>\n<!-- \/ Yoast SEO plugin. -->","yoast_head_json":{"title":"A\u011fstafan\u0131n X\u0259tai k\u0259ndin\u0259 yaz g\u0259ls\u0259 d\u0259, yonca bitm\u0259k bilmir - MEYDAN.TV","robots":{"index":"index","follow":"follow","max-snippet":"max-snippet:-1","max-image-preview":"max-image-preview:large","max-video-preview":"max-video-preview:-1"},"canonical":"https:\/\/www.meydan.tv\/az\/article\/agstafanin-xetai-kendine-yaz-gelse-de-yonca-bitmek-bilmir\/","og_locale":"az_AZ","og_type":"article","og_title":"A\u011fstafan\u0131n X\u0259tai k\u0259ndin\u0259 yaz g\u0259ls\u0259 d\u0259, yonca bitm\u0259k bilmir - MEYDAN.TV","og_description":"\u201cG\u00f6r\u00fcrs\u00fcn\u00fcz, biz\u0259 \u00e7atanda deyirl\u0259r, yoncaya tez-tez su verm\u0259k olmaz, idar\u0259 m\u0259n\u0259 deyir, s\u0259nin sah\u0259n\u0259 su \u0259n tezi 6 aydan sonra veril\u0259c\u0259k\".","og_url":"https:\/\/www.meydan.tv\/az\/article\/agstafanin-xetai-kendine-yaz-gelse-de-yonca-bitmek-bilmir\/","og_site_name":"MEYDAN.TV","article_published_time":"2020-04-30T16:46:41+00:00","og_image":[{"width":1024,"height":768,"url":"https:\/\/www.meydan.tv\/wp-content\/uploads\/reg_agstafa_ilqar_mustafayeve_mexsus_yonca_sahesi.jpg","type":"image\/jpeg"}],"author":"user-manager","twitter_card":"summary_large_image","schema":{"@context":"https:\/\/schema.org","@graph":[{"@type":"Article","@id":"https:\/\/www.meydan.tv\/az\/article\/agstafanin-xetai-kendine-yaz-gelse-de-yonca-bitmek-bilmir\/#article","isPartOf":{"@id":"https:\/\/www.meydan.tv\/az\/article\/agstafanin-xetai-kendine-yaz-gelse-de-yonca-bitmek-bilmir\/"},"author":{"name":"user-manager","@id":"https:\/\/www.meydan.tv\/az\/#\/schema\/person\/10d11eccf6da3662cf5fdab9806ea91a"},"headline":"A\u011fstafan\u0131n X\u0259tai k\u0259ndin\u0259 yaz g\u0259ls\u0259 d\u0259, yonca bitm\u0259k bilmir","datePublished":"2020-04-30T16:46:41+00:00","mainEntityOfPage":{"@id":"https:\/\/www.meydan.tv\/az\/article\/agstafanin-xetai-kendine-yaz-gelse-de-yonca-bitmek-bilmir\/"},"wordCount":1092,"publisher":{"@id":"https:\/\/www.meydan.tv\/az\/#organization"},"image":{"@id":"https:\/\/www.meydan.tv\/az\/article\/agstafanin-xetai-kendine-yaz-gelse-de-yonca-bitmek-bilmir\/#primaryimage"},"thumbnailUrl":"https:\/\/www.meydan.tv\/wp-content\/uploads\/reg_agstafa_ilqar_mustafayeve_mexsus_yonca_sahesi.jpg","articleSection":["B\u00f6lg\u0259"],"inLanguage":"az"},{"@type":"WebPage","@id":"https:\/\/www.meydan.tv\/az\/article\/agstafanin-xetai-kendine-yaz-gelse-de-yonca-bitmek-bilmir\/","url":"https:\/\/www.meydan.tv\/az\/article\/agstafanin-xetai-kendine-yaz-gelse-de-yonca-bitmek-bilmir\/","name":"A\u011fstafan\u0131n X\u0259tai k\u0259ndin\u0259 yaz g\u0259ls\u0259 d\u0259, yonca bitm\u0259k bilmir - MEYDAN.TV","isPartOf":{"@id":"https:\/\/www.meydan.tv\/az\/#website"},"primaryImageOfPage":{"@id":"https:\/\/www.meydan.tv\/az\/article\/agstafanin-xetai-kendine-yaz-gelse-de-yonca-bitmek-bilmir\/#primaryimage"},"image":{"@id":"https:\/\/www.meydan.tv\/az\/article\/agstafanin-xetai-kendine-yaz-gelse-de-yonca-bitmek-bilmir\/#primaryimage"},"thumbnailUrl":"https:\/\/www.meydan.tv\/wp-content\/uploads\/reg_agstafa_ilqar_mustafayeve_mexsus_yonca_sahesi.jpg","datePublished":"2020-04-30T16:46:41+00:00","breadcrumb":{"@id":"https:\/\/www.meydan.tv\/az\/article\/agstafanin-xetai-kendine-yaz-gelse-de-yonca-bitmek-bilmir\/#breadcrumb"},"inLanguage":"az","potentialAction":[{"@type":"ReadAction","target":["https:\/\/www.meydan.tv\/az\/article\/agstafanin-xetai-kendine-yaz-gelse-de-yonca-bitmek-bilmir\/"]}]},{"@type":"ImageObject","inLanguage":"az","@id":"https:\/\/www.meydan.tv\/az\/article\/agstafanin-xetai-kendine-yaz-gelse-de-yonca-bitmek-bilmir\/#primaryimage","url":"https:\/\/www.meydan.tv\/wp-content\/uploads\/reg_agstafa_ilqar_mustafayeve_mexsus_yonca_sahesi.jpg","contentUrl":"https:\/\/www.meydan.tv\/wp-content\/uploads\/reg_agstafa_ilqar_mustafayeve_mexsus_yonca_sahesi.jpg","width":1024,"height":768,"caption":"Source: Specify Source"},{"@type":"BreadcrumbList","@id":"https:\/\/www.meydan.tv\/az\/article\/agstafanin-xetai-kendine-yaz-gelse-de-yonca-bitmek-bilmir\/#breadcrumb","itemListElement":[{"@type":"ListItem","position":1,"name":"Ana s\u0259hif\u0259","item":"https:\/\/www.meydan.tv\/az\/"},{"@type":"ListItem","position":2,"name":"B\u00f6lg\u0259","item":"https:\/\/www.meydan.tv\/az\/section\/bolge\/"},{"@type":"ListItem","position":3,"name":"A\u011fstafan\u0131n X\u0259tai k\u0259ndin\u0259 yaz g\u0259ls\u0259 d\u0259, yonca bitm\u0259k bilmir"}]},{"@type":"WebSite","@id":"https:\/\/www.meydan.tv\/az\/#website","url":"https:\/\/www.meydan.tv\/az\/","name":"MEYDAN.TV","description":"Meydan TV Az\u0259rbaycan\u0131n media m\u0259kan\u0131ndak\u0131 alternativ s\u0259sidir","publisher":{"@id":"https:\/\/www.meydan.tv\/az\/#organization"},"potentialAction":[{"@type":"SearchAction","target":{"@type":"EntryPoint","urlTemplate":"https:\/\/www.meydan.tv\/az\/?s={search_term_string}"},"query-input":{"@type":"PropertyValueSpecification","valueRequired":true,"valueName":"search_term_string"}}],"inLanguage":"az"},{"@type":"Organization","@id":"https:\/\/www.meydan.tv\/az\/#organization","name":"Meydan TV","url":"https:\/\/www.meydan.tv\/az\/","logo":{"@type":"ImageObject","inLanguage":"az","@id":"https:\/\/www.meydan.tv\/az\/#\/schema\/logo\/image\/","url":"https:\/\/www.meydan.tv\/wp-content\/uploads\/2021\/07\/meydan-logo.svg","contentUrl":"https:\/\/www.meydan.tv\/wp-content\/uploads\/2021\/07\/meydan-logo.svg","width":195,"height":46,"caption":"Meydan TV"},"image":{"@id":"https:\/\/www.meydan.tv\/az\/#\/schema\/logo\/image\/"}},{"@type":"Person","@id":"https:\/\/www.meydan.tv\/az\/#\/schema\/person\/10d11eccf6da3662cf5fdab9806ea91a","name":"user-manager"}]}},"_links":{"self":[{"href":"https:\/\/www.meydan.tv\/az\/wp-json\/wp\/v2\/posts\/200389","targetHints":{"allow":["GET"]}}],"collection":[{"href":"https:\/\/www.meydan.tv\/az\/wp-json\/wp\/v2\/posts"}],"about":[{"href":"https:\/\/www.meydan.tv\/az\/wp-json\/wp\/v2\/types\/post"}],"author":[{"embeddable":true,"href":"https:\/\/www.meydan.tv\/az\/wp-json\/wp\/v2\/users\/11"}],"replies":[{"embeddable":true,"href":"https:\/\/www.meydan.tv\/az\/wp-json\/wp\/v2\/comments?post=200389"}],"version-history":[{"count":0,"href":"https:\/\/www.meydan.tv\/az\/wp-json\/wp\/v2\/posts\/200389\/revisions"}],"wp:featuredmedia":[{"embeddable":true,"href":"https:\/\/www.meydan.tv\/az\/wp-json\/wp\/v2\/media\/141185"}],"wp:attachment":[{"href":"https:\/\/www.meydan.tv\/az\/wp-json\/wp\/v2\/media?parent=200389"}],"wp:term":[{"taxonomy":"category","embeddable":true,"href":"https:\/\/www.meydan.tv\/az\/wp-json\/wp\/v2\/categories?post=200389"},{"taxonomy":"post_tag","embeddable":true,"href":"https:\/\/www.meydan.tv\/az\/wp-json\/wp\/v2\/tags?post=200389"}],"curies":[{"name":"wp","href":"https:\/\/api.w.org\/{rel}","templated":true}]}}