{"id":200342,"date":"2020-04-28T12:09:22","date_gmt":"2020-04-28T12:09:22","guid":{"rendered":"https:\/\/www.meydan.tv\/article\/tikeband-sakini-memurlar-6-usagin-heyati-ile-oynayir\/"},"modified":"2020-04-28T12:09:22","modified_gmt":"2020-04-28T12:09:22","slug":"tikeband-sakini-memurlar-6-usagin-heyati-ile-oynayir","status":"publish","type":"post","link":"https:\/\/www.meydan.tv\/az\/article\/tikeband-sakini-memurlar-6-usagin-heyati-ile-oynayir\/","title":{"rendered":"Tik\u0259band sakini: M\u0259murlar 6 u\u015fa\u011f\u0131n h\u0259yat\u0131 il\u0259 oynay\u0131r"},"content":{"rendered":"<p>\n  <i><br \/>\n    K\u0259ndd\u0259 i\u00e7\u0259risind\u0259 6 u\u015faq b\u00f6y\u00fcy\u0259n bir ev g\u00fcnb\u0259g\u00fcn \u00e7\u00f6k\u00fcr<br \/>\n  <\/i>\n<\/p>\n<p>\n  \u201c\u00d6t\u0259n ilin oktyabr\u0131nda F\u00f6vq\u0259lad\u0259 Hallar Nazirliyinin n\u00fcmay\u0259nd\u0259l\u0259ri g\u0259lib ev\u0259 bax\u0131\u015f ke\u00e7irdil\u0259r, aktla\u015fd\u0131rd\u0131lar, bir \u0259laq\u0259 n\u00f6mr\u0259si verdil\u0259r ki, h\u0259min n\u00f6mr\u0259yl\u0259 \u0259laq\u0259 saxlayaq. O g\u00fcn \u2013 bu g\u00fcn, n\u0259 g\u0259l\u0259n var, n\u0259 ged\u0259n, verdikl\u0259ri n\u00f6mr\u0259y\u0259 d\u0259 6 ayd\u0131r ki, z\u0259ng \u00e7atm\u0131r\u201d.\n<\/p>\n<p>\n  Lerik rayonunun Tik\u0259band k\u0259nd sakini R\u00f6v\u015f\u0259n Cahangirov Meydan TV-y\u0259 dan\u0131\u015f\u0131r ki, ya\u015fad\u0131qlar\u0131 ev 21 ildir ki, q\u0259zal\u0131 v\u0259ziyy\u0259td\u0259dir. D\u0259f\u0259l\u0259rl\u0259 Lerik Rayon \u0130cra Hakimiyy\u0259tin\u0259, F\u00f6vq\u0259lad\u0259 Hallar Nazirliyin\u0259 m\u00fcraci\u0259t ets\u0259l\u0259r d\u0259, faydas\u0131 olmay\u0131b. 9 n\u0259f\u0259rlik ail\u0259 d\u0259 can\u0131n\u0131 di\u015fin\u0259 tutub, q\u0259zal\u0131 evd\u0259 ya\u015fama\u011fa davam edir.\n<\/p>\n<p>\n  <b><br \/>\n    \u201cO vaxt \u00e7ad\u0131rdan q\u0259zal\u0131 ev\u0259 qay\u0131td\u0131q\u201d<br \/>\n  <\/b>\n<\/p>\n<p>\n  \u201cBu ev ilk d\u0259f\u0259 1999-cu ild\u0259 z\u0259lz\u0259l\u0259d\u0259n z\u0259r\u0259r \u00e7\u0259kdi. H\u0259min il m\u0259n h\u0259rbi xidm\u0259t\u0259 yolland\u0131m, n\u00f6vb\u0259ti ild\u0259 atam d\u00fcnyas\u0131n\u0131 d\u0259yi\u015fdi. M\u0259n h\u0259rbi xidm\u0259td\u0259n qay\u0131td\u0131qdan sonra evimizin t\u0259mir-b\u0259rpas\u0131na pul ayr\u0131l\u0131b-ayr\u0131lmad\u0131\u011f\u0131n\u0131 d\u0259qiql\u0259\u015fdir\u0259 bilm\u0259dim. Birc\u0259 onu bilir\u0259m ki, 1999-cu ild\u0259 z\u0259lz\u0259l\u0259 olanda evi q\u0259zal\u0131 v\u0259ziyy\u0259t\u0259 d\u00fc\u015f\u0259nl\u0259r\u0259 \u00e7ad\u0131r vermi\u015fdil\u0259r, ail\u0259l\u0259r \u00e7ad\u0131rlara yel\u015f\u0259\u015fmi\u015fdil\u0259r. Bizim d\u0259 ail\u0259miz\u0259 \u00e7ad\u0131r verilmi\u015fdi v\u0259 bir m\u00fcdd\u0259t \u00e7ad\u0131rda ya\u015fam\u0131\u015f\u0131q. Sonra soyuqlar d\u00fc\u015fd\u00fc, ev d\u0259 tikilm\u0259di dey\u0259, m\u0259cbur qal\u0131b q\u0259zal\u0131 ev\u0259 t\u0259z\u0259d\u0259n yerl\u0259\u015fdik. Sonradansa bildim ki, \u00e7ad\u0131ra k\u00f6\u00e7\u00fcr\u00fcl\u0259nl\u0259r\u0259 t\u0259z\u0259 ev tikilib, m\u0259n\u0259 dedil\u0259r ki, s\u0259n h\u0259rbi xidm\u0259td\u0259 oldun, atan v\u0259fat etdi, m\u0259murlar da f\u00fcrs\u0259t bilib, sizin \u00fc\u00e7\u00fcn ev tikintisin\u0259 ayr\u0131lm\u0131\u015f pulu m\u0259nims\u0259yib. Sonrak\u0131 z\u0259lz\u0259l\u0259l\u0259r, ya\u011f\u0131nt\u0131lar evi h\u0259r d\u0259f\u0259 daha da b\u0259rbad v\u0259ziyy\u0259t\u0259 sald\u0131\u201d.\n<\/p>\n<figure class=\"wp-block-image size-large\">\n  <img decoding=\"async\" src=\"https:\/\/www.meydan.tv\/az\/reg_lerik_tikebend_qezali_ev_3-jpg\/\" alt=\"reg_lerik_tikebend_qezali_ev_3.jpg\" class=\"wp-image-141042\"\/><figcaption>\n    &#8220;Sonrak\u0131 z\u0259lz\u0259l\u0259l\u0259r, ya\u011f\u0131nt\u0131lar evi h\u0259r d\u0259f\u0259 daha da b\u0259rbad v\u0259ziyy\u0259t\u0259 sald\u0131\u201d<br \/>\n  <\/figcaption><\/figure>\n<p>\n  <b><br \/>\n    \u201c21 illik m\u00fcraci\u0259tl\u0259rd\u0259n sonra n\u0259hay\u0259t, g\u0259ldil\u0259r\u201d<br \/>\n  <\/b>\n<\/p>\n<p>\n  Ev sahibinin s\u00f6zl\u0259rin\u0259 g\u00f6r\u0259, 1947-ci ild\u0259 tikilmi\u015f v\u0259 d\u0259f\u0259l\u0259rl\u0259 t\u0259bii f\u0259lak\u0259tl\u0259rd\u0259n q\u0259zaya u\u011frayan ev 2018-ci ild\u0259 L\u0259nk\u0259randa ba\u015f vermi\u015f z\u0259lz\u0259l\u0259d\u0259n tamamil\u0259 yarars\u0131z v\u0259ziyy\u0259t\u0259 d\u00fc\u015f\u00fcb:\n<\/p>\n<p>\n  \u201c2018-ci ilin avqustunda bizd\u0259n t\u0259xmin\u0259n 20-30 kilometr aral\u0131da \u2013 L\u0259nk\u0259ran \u0259razisind\u0259 ba\u015f ver\u0259n z\u0259lz\u0259l\u0259nin dal\u011fas\u0131 k\u0259ndimiz\u0259 d\u0259 \u00e7atd\u0131. Q\u0259zal\u0131 evl\u0259ri bir az da silk\u0259l\u0259di. H\u0259min gec\u0259ni \u00e7\u00f6ld\u0259 qald\u0131q. Yen\u0259 aidiyy\u0259ti qurumlara m\u00fcraci\u0259t etdik, s\u0259simiz he\u00e7 yer\u0259 \u00e7atmad\u0131 v\u0259 bu d\u0259f\u0259 d\u0259 ail\u0259likc\u0259 q\u0259zal\u0131 ev\u0259 girm\u0259li olduq. 21 illik m\u00fcraci\u0259tl\u0259rd\u0259n sonra n\u0259hay\u0259t, ke\u00e7\u0259n ilin oktyabr\u0131nda F\u00f6vq\u0259lad\u0259 Hallar Komissiyas\u0131n\u0131n n\u00fcmay\u0259nd\u0259l\u0259ri g\u0259lib baxd\u0131lar, dedil\u0259r, bu ev t\u0259hl\u00fck\u0259lidir, ya\u015famaq olmaz. Ail\u0259mizin alt\u0131 \u00fczv\u00fc azya\u015fl\u0131d\u0131r. Onlardan 5-i m\u0259kt\u0259blidir. T\u0259hl\u00fck\u0259li dedikl\u0259ri evd\u0259 6 u\u015faq yat\u0131b-durur. Ya\u011f\u0131\u015f ya\u011fan kimi ev\u0259 su dolur. Evin \u00f6z\u00fcl\u00fc da\u011f\u0131l\u0131b dey\u0259, y\u00fcng\u00fclc\u0259 bir silk\u0259l\u0259nm\u0259 d\u0259 t\u0259sirini g\u00f6st\u0259rir, evi u\u00e7maq v\u0259ziyy\u0259tin\u0259 \u00e7atd\u0131r\u0131r. Bu ev da\u011f\u0131lsa, alt\u0131 u\u015faq da\u015f-k\u0259s\u0259k alt\u0131nda qalacaq\u201d.\n<\/p>\n<p>\n  \u015eikay\u0259t\u00e7inin dem\u0259sin\u0259 g\u00f6r\u0259, bir d\u0259 k\u0259nd\u0259 h\u0259r d\u0259f\u0259 deputat se\u00e7kil\u0259ri \u0259r\u0259f\u0259sind\u0259 namiz\u0259dl\u0259r g\u0259lir, q\u0259zal\u0131 evl\u0259rl\u0259 maraqlan\u0131r, \u201cm\u0259n deputat se\u00e7ils\u0259m\u201d deyib, v\u0259dl\u0259r v\u0259 il uzunu z\u0259ngl\u0259r\u0259 qapal\u0131 olan bir \u0259laq\u0259 n\u00f6mr\u0259si verib, gedirl\u0259r.\n<\/p>\n<figure class=\"wp-block-image size-large\">\n  <img decoding=\"async\" src=\"https:\/\/www.meydan.tv\/az\/reg_lerik_tikebend_qezali_ev_2-jpg\/\" alt=\"reg_lerik_tikebend_qezali_ev_2.jpg\" class=\"wp-image-141053\"\/><figcaption>\n    &#8220;Bu ev da\u011f\u0131lsa, alt\u0131 u\u015faq da\u015f-k\u0259s\u0259k alt\u0131nda qalacaq\u201d<br \/>\n  <\/figcaption><\/figure>\n<p>\n  Lerik Rayon \u0130cra Hakimiyy\u0259tind\u0259n Meydan TV-y\u0259 bildirilib ki, ail\u0259 \u00fczv\u00fc Nazil\u0259 D\u0259d\u0259canova evin q\u0259zal\u0131 olmas\u0131 s\u0259b\u0259bind\u0259n yeni evin tikilm\u0259si \u00fc\u00e7\u00fcn h\u0259m bu, h\u0259m d\u0259 ba\u015fqa qurumlara m\u00fcraci\u0259t edib. Xan\u0131ma bildirilib ki, icra hakimiyy\u0259ti q\u0259zan\u0131 aradan qald\u0131ran, ev tik\u0259n qurum deyil. Ail\u0259y\u0259 aidiyy\u0259ti \u00fczr\u0259 F\u00f6vq\u0259lad\u0259 Hallar Nazirliyin\u0259 m\u00fcraci\u0259t etm\u0259k t\u00f6vsiy\u0259 olunub.\n<\/p>\n<p>\n  \u0130cra hakimiyy\u0259tinin 3 il \u0259vv\u0259l ail\u0259y\u0259 yazd\u0131\u011f\u0131 m\u0259kltubda is\u0259 qeyd olunur ki, ev t\u0259bii f\u0259lak\u0259td\u0259n q\u0259zal\u0131 v\u0259ziyy\u0259t\u0259 d\u00fc\u015fm\u0259yib, istismar m\u00fcdd\u0259tini ba\u015fa vurdu\u011funa g\u00f6r\u0259 q\u00fcsurlar yaran\u0131b.\n<\/p>\n<p>\n  F\u00f6vqal\u0259d\u0259 Hallar Nazirliyinin Tikintid\u0259 T\u0259hl\u00fck\u0259sizliy\u0259 N\u0259zar\u0259t D\u00f6vl\u0259t Agentliyinin ail\u0259y\u0259 g\u00f6nd\u0259rdiyi m\u0259ktubda da eyni fikirl\u0259r yaz\u0131l\u0131b. Ail\u0259y\u0259 bildirilib ki, evin q\u0259zal\u0131 v\u0259ziyy\u0259t\u0259 d\u00fc\u015fm\u0259sinin t\u0259bii f\u0259lak\u0259tl\u0259rl\u0259 \u0259laq\u0259si m\u00fc\u0259yy\u0259n edilm\u0259diyi \u00fc\u00e7\u00fcn ev m\u00fclkiyy\u0259t\u00e7inin \u00f6z\u00fc t\u0259r\u0259find\u0259n t\u0259mir-b\u0259rpa olunmal\u0131d\u0131r.\n<\/p>\n<figure class=\"wp-block-image size-large\">\n  <img decoding=\"async\" src=\"https:\/\/www.meydan.tv\/az\/reg_lerik_tikebend_sened_icra_hakimiyyeti_720-jpg\/\" alt=\"reg_lerik_tikebend_sened_icra_hakimiyyeti_720.jpg\" class=\"wp-image-141056\"\/><figcaption>\n    Lerik \u0130H-nin cavab\u0131<br \/>\n  <\/figcaption><\/figure>\n<figure class=\"wp-block-image size-large\">\n  <img decoding=\"async\" src=\"https:\/\/www.meydan.tv\/az\/reg_lerik_tikebend_qezali_ev_1-jpg\/\" alt=\"reg_lerik_tikebend_qezali_ev_1.jpg\" class=\"wp-image-141041\"\/><figcaption>\n    &#8220;O g\u00fcn \u2013 bu g\u00fcn, n\u0259 g\u0259l\u0259n var, n\u0259 ged\u0259n, verdikl\u0259ri n\u00f6mr\u0259y\u0259 d\u0259 6 ayd\u0131r ki, z\u0259ng \u00e7atm\u0131r\u201d.<br \/>\n  <\/figcaption><\/figure>\n","protected":false},"excerpt":{"rendered":"<p>&#8220;O g\u00fcn \u2013 bu g\u00fcn, n\u0259 g\u0259l\u0259n var, n\u0259 ged\u0259n, verdikl\u0259ri n\u00f6mr\u0259y\u0259 d\u0259 6 ayd\u0131r ki, z\u0259ng \u00e7atm\u0131r\u201d.<\/p>\n","protected":false},"author":11,"featured_media":141050,"comment_status":"closed","ping_status":"open","sticky":false,"template":"","format":"standard","meta":{"_acf_changed":false,"_sitemap_exclude":false,"_sitemap_priority":"","_sitemap_frequency":"","footnotes":""},"categories":[60],"tags":[],"class_list":["post-200342","post","type-post","status-publish","format-standard","has-post-thumbnail","hentry","category-bolge","infinite-scroll-item","generate-columns","tablet-grid-50","mobile-grid-100","grid-parent","grid-33","no-featured-image-padding"],"acf":[],"yoast_head":"<!-- This site is optimized with the Yoast SEO plugin v27.5 - https:\/\/yoast.com\/product\/yoast-seo-wordpress\/ -->\n<title>Tik\u0259band sakini: M\u0259murlar 6 u\u015fa\u011f\u0131n h\u0259yat\u0131 il\u0259 oynay\u0131r - MEYDAN.TV<\/title>\n<meta name=\"robots\" content=\"index, follow, max-snippet:-1, max-image-preview:large, max-video-preview:-1\" \/>\n<link rel=\"canonical\" href=\"https:\/\/www.meydan.tv\/az\/article\/tikeband-sakini-memurlar-6-usagin-heyati-ile-oynayir\/\" \/>\n<meta property=\"og:locale\" content=\"az_AZ\" \/>\n<meta property=\"og:type\" content=\"article\" \/>\n<meta property=\"og:title\" content=\"Tik\u0259band sakini: M\u0259murlar 6 u\u015fa\u011f\u0131n h\u0259yat\u0131 il\u0259 oynay\u0131r - MEYDAN.TV\" \/>\n<meta property=\"og:description\" content=\"&quot;O g\u00fcn \u2013 bu g\u00fcn, n\u0259 g\u0259l\u0259n var, n\u0259 ged\u0259n, verdikl\u0259ri n\u00f6mr\u0259y\u0259 d\u0259 6 ayd\u0131r ki, z\u0259ng \u00e7atm\u0131r\u201d.\" \/>\n<meta property=\"og:url\" content=\"https:\/\/www.meydan.tv\/az\/article\/tikeband-sakini-memurlar-6-usagin-heyati-ile-oynayir\/\" \/>\n<meta property=\"og:site_name\" content=\"MEYDAN.TV\" \/>\n<meta property=\"article:published_time\" content=\"2020-04-28T12:09:22+00:00\" \/>\n<meta property=\"og:image\" content=\"https:\/\/www.meydan.tv\/wp-content\/uploads\/reg_lerik_tikebend_ev_rovshan_cahangirov.jpg\" \/>\n\t<meta property=\"og:image:width\" content=\"1280\" \/>\n\t<meta property=\"og:image:height\" content=\"960\" \/>\n\t<meta property=\"og:image:type\" content=\"image\/jpeg\" \/>\n<meta name=\"author\" content=\"user-manager\" \/>\n<meta name=\"twitter:card\" content=\"summary_large_image\" \/>\n<script type=\"application\/ld+json\" class=\"yoast-schema-graph\">{\"@context\":\"https:\\\/\\\/schema.org\",\"@graph\":[{\"@type\":\"Article\",\"@id\":\"https:\\\/\\\/www.meydan.tv\\\/az\\\/article\\\/tikeband-sakini-memurlar-6-usagin-heyati-ile-oynayir\\\/#article\",\"isPartOf\":{\"@id\":\"https:\\\/\\\/www.meydan.tv\\\/az\\\/article\\\/tikeband-sakini-memurlar-6-usagin-heyati-ile-oynayir\\\/\"},\"author\":{\"name\":\"user-manager\",\"@id\":\"https:\\\/\\\/www.meydan.tv\\\/az\\\/#\\\/schema\\\/person\\\/10d11eccf6da3662cf5fdab9806ea91a\"},\"headline\":\"Tik\u0259band sakini: M\u0259murlar 6 u\u015fa\u011f\u0131n h\u0259yat\u0131 il\u0259 oynay\u0131r\",\"datePublished\":\"2020-04-28T12:09:22+00:00\",\"mainEntityOfPage\":{\"@id\":\"https:\\\/\\\/www.meydan.tv\\\/az\\\/article\\\/tikeband-sakini-memurlar-6-usagin-heyati-ile-oynayir\\\/\"},\"wordCount\":955,\"publisher\":{\"@id\":\"https:\\\/\\\/www.meydan.tv\\\/az\\\/#organization\"},\"image\":{\"@id\":\"https:\\\/\\\/www.meydan.tv\\\/az\\\/article\\\/tikeband-sakini-memurlar-6-usagin-heyati-ile-oynayir\\\/#primaryimage\"},\"thumbnailUrl\":\"https:\\\/\\\/www.meydan.tv\\\/wp-content\\\/uploads\\\/reg_lerik_tikebend_ev_rovshan_cahangirov.jpg\",\"articleSection\":[\"B\u00f6lg\u0259\"],\"inLanguage\":\"az\"},{\"@type\":\"WebPage\",\"@id\":\"https:\\\/\\\/www.meydan.tv\\\/az\\\/article\\\/tikeband-sakini-memurlar-6-usagin-heyati-ile-oynayir\\\/\",\"url\":\"https:\\\/\\\/www.meydan.tv\\\/az\\\/article\\\/tikeband-sakini-memurlar-6-usagin-heyati-ile-oynayir\\\/\",\"name\":\"Tik\u0259band sakini: M\u0259murlar 6 u\u015fa\u011f\u0131n h\u0259yat\u0131 il\u0259 oynay\u0131r - MEYDAN.TV\",\"isPartOf\":{\"@id\":\"https:\\\/\\\/www.meydan.tv\\\/az\\\/#website\"},\"primaryImageOfPage\":{\"@id\":\"https:\\\/\\\/www.meydan.tv\\\/az\\\/article\\\/tikeband-sakini-memurlar-6-usagin-heyati-ile-oynayir\\\/#primaryimage\"},\"image\":{\"@id\":\"https:\\\/\\\/www.meydan.tv\\\/az\\\/article\\\/tikeband-sakini-memurlar-6-usagin-heyati-ile-oynayir\\\/#primaryimage\"},\"thumbnailUrl\":\"https:\\\/\\\/www.meydan.tv\\\/wp-content\\\/uploads\\\/reg_lerik_tikebend_ev_rovshan_cahangirov.jpg\",\"datePublished\":\"2020-04-28T12:09:22+00:00\",\"breadcrumb\":{\"@id\":\"https:\\\/\\\/www.meydan.tv\\\/az\\\/article\\\/tikeband-sakini-memurlar-6-usagin-heyati-ile-oynayir\\\/#breadcrumb\"},\"inLanguage\":\"az\",\"potentialAction\":[{\"@type\":\"ReadAction\",\"target\":[\"https:\\\/\\\/www.meydan.tv\\\/az\\\/article\\\/tikeband-sakini-memurlar-6-usagin-heyati-ile-oynayir\\\/\"]}]},{\"@type\":\"ImageObject\",\"inLanguage\":\"az\",\"@id\":\"https:\\\/\\\/www.meydan.tv\\\/az\\\/article\\\/tikeband-sakini-memurlar-6-usagin-heyati-ile-oynayir\\\/#primaryimage\",\"url\":\"https:\\\/\\\/www.meydan.tv\\\/wp-content\\\/uploads\\\/reg_lerik_tikebend_ev_rovshan_cahangirov.jpg\",\"contentUrl\":\"https:\\\/\\\/www.meydan.tv\\\/wp-content\\\/uploads\\\/reg_lerik_tikebend_ev_rovshan_cahangirov.jpg\",\"width\":1280,\"height\":960,\"caption\":\"Source: Specify Source\"},{\"@type\":\"BreadcrumbList\",\"@id\":\"https:\\\/\\\/www.meydan.tv\\\/az\\\/article\\\/tikeband-sakini-memurlar-6-usagin-heyati-ile-oynayir\\\/#breadcrumb\",\"itemListElement\":[{\"@type\":\"ListItem\",\"position\":1,\"name\":\"Ana s\u0259hif\u0259\",\"item\":\"https:\\\/\\\/www.meydan.tv\\\/az\\\/\"},{\"@type\":\"ListItem\",\"position\":2,\"name\":\"B\u00f6lg\u0259\",\"item\":\"https:\\\/\\\/www.meydan.tv\\\/az\\\/section\\\/bolge\\\/\"},{\"@type\":\"ListItem\",\"position\":3,\"name\":\"Tik\u0259band sakini: M\u0259murlar 6 u\u015fa\u011f\u0131n h\u0259yat\u0131 il\u0259 oynay\u0131r\"}]},{\"@type\":\"WebSite\",\"@id\":\"https:\\\/\\\/www.meydan.tv\\\/az\\\/#website\",\"url\":\"https:\\\/\\\/www.meydan.tv\\\/az\\\/\",\"name\":\"MEYDAN.TV\",\"description\":\"Meydan TV Az\u0259rbaycan\u0131n media m\u0259kan\u0131ndak\u0131 alternativ s\u0259sidir\",\"publisher\":{\"@id\":\"https:\\\/\\\/www.meydan.tv\\\/az\\\/#organization\"},\"potentialAction\":[{\"@type\":\"SearchAction\",\"target\":{\"@type\":\"EntryPoint\",\"urlTemplate\":\"https:\\\/\\\/www.meydan.tv\\\/az\\\/?s={search_term_string}\"},\"query-input\":{\"@type\":\"PropertyValueSpecification\",\"valueRequired\":true,\"valueName\":\"search_term_string\"}}],\"inLanguage\":\"az\"},{\"@type\":\"Organization\",\"@id\":\"https:\\\/\\\/www.meydan.tv\\\/az\\\/#organization\",\"name\":\"Meydan TV\",\"url\":\"https:\\\/\\\/www.meydan.tv\\\/az\\\/\",\"logo\":{\"@type\":\"ImageObject\",\"inLanguage\":\"az\",\"@id\":\"https:\\\/\\\/www.meydan.tv\\\/az\\\/#\\\/schema\\\/logo\\\/image\\\/\",\"url\":\"https:\\\/\\\/www.meydan.tv\\\/wp-content\\\/uploads\\\/2021\\\/07\\\/meydan-logo.svg\",\"contentUrl\":\"https:\\\/\\\/www.meydan.tv\\\/wp-content\\\/uploads\\\/2021\\\/07\\\/meydan-logo.svg\",\"width\":195,\"height\":46,\"caption\":\"Meydan TV\"},\"image\":{\"@id\":\"https:\\\/\\\/www.meydan.tv\\\/az\\\/#\\\/schema\\\/logo\\\/image\\\/\"}},{\"@type\":\"Person\",\"@id\":\"https:\\\/\\\/www.meydan.tv\\\/az\\\/#\\\/schema\\\/person\\\/10d11eccf6da3662cf5fdab9806ea91a\",\"name\":\"user-manager\"}]}<\/script>\n<!-- \/ Yoast SEO plugin. -->","yoast_head_json":{"title":"Tik\u0259band sakini: M\u0259murlar 6 u\u015fa\u011f\u0131n h\u0259yat\u0131 il\u0259 oynay\u0131r - MEYDAN.TV","robots":{"index":"index","follow":"follow","max-snippet":"max-snippet:-1","max-image-preview":"max-image-preview:large","max-video-preview":"max-video-preview:-1"},"canonical":"https:\/\/www.meydan.tv\/az\/article\/tikeband-sakini-memurlar-6-usagin-heyati-ile-oynayir\/","og_locale":"az_AZ","og_type":"article","og_title":"Tik\u0259band sakini: M\u0259murlar 6 u\u015fa\u011f\u0131n h\u0259yat\u0131 il\u0259 oynay\u0131r - MEYDAN.TV","og_description":"\"O g\u00fcn \u2013 bu g\u00fcn, n\u0259 g\u0259l\u0259n var, n\u0259 ged\u0259n, verdikl\u0259ri n\u00f6mr\u0259y\u0259 d\u0259 6 ayd\u0131r ki, z\u0259ng \u00e7atm\u0131r\u201d.","og_url":"https:\/\/www.meydan.tv\/az\/article\/tikeband-sakini-memurlar-6-usagin-heyati-ile-oynayir\/","og_site_name":"MEYDAN.TV","article_published_time":"2020-04-28T12:09:22+00:00","og_image":[{"width":1280,"height":960,"url":"https:\/\/www.meydan.tv\/wp-content\/uploads\/reg_lerik_tikebend_ev_rovshan_cahangirov.jpg","type":"image\/jpeg"}],"author":"user-manager","twitter_card":"summary_large_image","schema":{"@context":"https:\/\/schema.org","@graph":[{"@type":"Article","@id":"https:\/\/www.meydan.tv\/az\/article\/tikeband-sakini-memurlar-6-usagin-heyati-ile-oynayir\/#article","isPartOf":{"@id":"https:\/\/www.meydan.tv\/az\/article\/tikeband-sakini-memurlar-6-usagin-heyati-ile-oynayir\/"},"author":{"name":"user-manager","@id":"https:\/\/www.meydan.tv\/az\/#\/schema\/person\/10d11eccf6da3662cf5fdab9806ea91a"},"headline":"Tik\u0259band sakini: M\u0259murlar 6 u\u015fa\u011f\u0131n h\u0259yat\u0131 il\u0259 oynay\u0131r","datePublished":"2020-04-28T12:09:22+00:00","mainEntityOfPage":{"@id":"https:\/\/www.meydan.tv\/az\/article\/tikeband-sakini-memurlar-6-usagin-heyati-ile-oynayir\/"},"wordCount":955,"publisher":{"@id":"https:\/\/www.meydan.tv\/az\/#organization"},"image":{"@id":"https:\/\/www.meydan.tv\/az\/article\/tikeband-sakini-memurlar-6-usagin-heyati-ile-oynayir\/#primaryimage"},"thumbnailUrl":"https:\/\/www.meydan.tv\/wp-content\/uploads\/reg_lerik_tikebend_ev_rovshan_cahangirov.jpg","articleSection":["B\u00f6lg\u0259"],"inLanguage":"az"},{"@type":"WebPage","@id":"https:\/\/www.meydan.tv\/az\/article\/tikeband-sakini-memurlar-6-usagin-heyati-ile-oynayir\/","url":"https:\/\/www.meydan.tv\/az\/article\/tikeband-sakini-memurlar-6-usagin-heyati-ile-oynayir\/","name":"Tik\u0259band sakini: M\u0259murlar 6 u\u015fa\u011f\u0131n h\u0259yat\u0131 il\u0259 oynay\u0131r - MEYDAN.TV","isPartOf":{"@id":"https:\/\/www.meydan.tv\/az\/#website"},"primaryImageOfPage":{"@id":"https:\/\/www.meydan.tv\/az\/article\/tikeband-sakini-memurlar-6-usagin-heyati-ile-oynayir\/#primaryimage"},"image":{"@id":"https:\/\/www.meydan.tv\/az\/article\/tikeband-sakini-memurlar-6-usagin-heyati-ile-oynayir\/#primaryimage"},"thumbnailUrl":"https:\/\/www.meydan.tv\/wp-content\/uploads\/reg_lerik_tikebend_ev_rovshan_cahangirov.jpg","datePublished":"2020-04-28T12:09:22+00:00","breadcrumb":{"@id":"https:\/\/www.meydan.tv\/az\/article\/tikeband-sakini-memurlar-6-usagin-heyati-ile-oynayir\/#breadcrumb"},"inLanguage":"az","potentialAction":[{"@type":"ReadAction","target":["https:\/\/www.meydan.tv\/az\/article\/tikeband-sakini-memurlar-6-usagin-heyati-ile-oynayir\/"]}]},{"@type":"ImageObject","inLanguage":"az","@id":"https:\/\/www.meydan.tv\/az\/article\/tikeband-sakini-memurlar-6-usagin-heyati-ile-oynayir\/#primaryimage","url":"https:\/\/www.meydan.tv\/wp-content\/uploads\/reg_lerik_tikebend_ev_rovshan_cahangirov.jpg","contentUrl":"https:\/\/www.meydan.tv\/wp-content\/uploads\/reg_lerik_tikebend_ev_rovshan_cahangirov.jpg","width":1280,"height":960,"caption":"Source: Specify Source"},{"@type":"BreadcrumbList","@id":"https:\/\/www.meydan.tv\/az\/article\/tikeband-sakini-memurlar-6-usagin-heyati-ile-oynayir\/#breadcrumb","itemListElement":[{"@type":"ListItem","position":1,"name":"Ana s\u0259hif\u0259","item":"https:\/\/www.meydan.tv\/az\/"},{"@type":"ListItem","position":2,"name":"B\u00f6lg\u0259","item":"https:\/\/www.meydan.tv\/az\/section\/bolge\/"},{"@type":"ListItem","position":3,"name":"Tik\u0259band sakini: M\u0259murlar 6 u\u015fa\u011f\u0131n h\u0259yat\u0131 il\u0259 oynay\u0131r"}]},{"@type":"WebSite","@id":"https:\/\/www.meydan.tv\/az\/#website","url":"https:\/\/www.meydan.tv\/az\/","name":"MEYDAN.TV","description":"Meydan TV Az\u0259rbaycan\u0131n media m\u0259kan\u0131ndak\u0131 alternativ s\u0259sidir","publisher":{"@id":"https:\/\/www.meydan.tv\/az\/#organization"},"potentialAction":[{"@type":"SearchAction","target":{"@type":"EntryPoint","urlTemplate":"https:\/\/www.meydan.tv\/az\/?s={search_term_string}"},"query-input":{"@type":"PropertyValueSpecification","valueRequired":true,"valueName":"search_term_string"}}],"inLanguage":"az"},{"@type":"Organization","@id":"https:\/\/www.meydan.tv\/az\/#organization","name":"Meydan TV","url":"https:\/\/www.meydan.tv\/az\/","logo":{"@type":"ImageObject","inLanguage":"az","@id":"https:\/\/www.meydan.tv\/az\/#\/schema\/logo\/image\/","url":"https:\/\/www.meydan.tv\/wp-content\/uploads\/2021\/07\/meydan-logo.svg","contentUrl":"https:\/\/www.meydan.tv\/wp-content\/uploads\/2021\/07\/meydan-logo.svg","width":195,"height":46,"caption":"Meydan TV"},"image":{"@id":"https:\/\/www.meydan.tv\/az\/#\/schema\/logo\/image\/"}},{"@type":"Person","@id":"https:\/\/www.meydan.tv\/az\/#\/schema\/person\/10d11eccf6da3662cf5fdab9806ea91a","name":"user-manager"}]}},"_links":{"self":[{"href":"https:\/\/www.meydan.tv\/az\/wp-json\/wp\/v2\/posts\/200342","targetHints":{"allow":["GET"]}}],"collection":[{"href":"https:\/\/www.meydan.tv\/az\/wp-json\/wp\/v2\/posts"}],"about":[{"href":"https:\/\/www.meydan.tv\/az\/wp-json\/wp\/v2\/types\/post"}],"author":[{"embeddable":true,"href":"https:\/\/www.meydan.tv\/az\/wp-json\/wp\/v2\/users\/11"}],"replies":[{"embeddable":true,"href":"https:\/\/www.meydan.tv\/az\/wp-json\/wp\/v2\/comments?post=200342"}],"version-history":[{"count":0,"href":"https:\/\/www.meydan.tv\/az\/wp-json\/wp\/v2\/posts\/200342\/revisions"}],"wp:featuredmedia":[{"embeddable":true,"href":"https:\/\/www.meydan.tv\/az\/wp-json\/wp\/v2\/media\/141050"}],"wp:attachment":[{"href":"https:\/\/www.meydan.tv\/az\/wp-json\/wp\/v2\/media?parent=200342"}],"wp:term":[{"taxonomy":"category","embeddable":true,"href":"https:\/\/www.meydan.tv\/az\/wp-json\/wp\/v2\/categories?post=200342"},{"taxonomy":"post_tag","embeddable":true,"href":"https:\/\/www.meydan.tv\/az\/wp-json\/wp\/v2\/tags?post=200342"}],"curies":[{"name":"wp","href":"https:\/\/api.w.org\/{rel}","templated":true}]}}