{"id":200340,"date":"2020-04-28T11:46:55","date_gmt":"2020-04-28T11:46:55","guid":{"rendered":"https:\/\/www.meydan.tv\/article\/erken-nikah-kimsesiz-qalan-korpeler\/"},"modified":"2020-04-28T11:46:55","modified_gmt":"2020-04-28T11:46:55","slug":"erken-nikah-kimsesiz-qalan-korpeler","status":"publish","type":"post","link":"https:\/\/www.meydan.tv\/az\/article\/erken-nikah-kimsesiz-qalan-korpeler\/","title":{"rendered":"Erk\u0259n nikah, kims\u0259siz qalan k\u00f6rp\u0259l\u0259r&#8230;"},"content":{"rendered":"<p>\n  <i><br \/>\n    R\u00f6v\u015f\u0259n \u015e\u0259milov ona veril\u0259n ittihamlarla raz\u0131la\u015fm\u0131r<br \/>\n  <\/i>\n<\/p>\n<p>\n  Baharla R\u00f6v\u015f\u0259n be\u015f il \u0259vv\u0259l evl\u0259n\u0259nd\u0259 q\u0131z\u0131n 15, o\u011flan\u0131n is\u0259 20 ya\u015f\u0131 olub. \u0130ndi biri m\u0259zardad\u0131r, o biri is\u0259 h\u0259bsxanada&#8230;\n<\/p>\n<p>\n  Bahar \u00f6t\u0259n il avqustun 22-d\u0259 B\u0259rd\u0259d\u0259 Me\u015f\u0259\u00e7ilik \u0130nstitutunun \u0259razisind\u0259 m\u0259skunla\u015fd\u0131qlar\u0131 evd\u0259 \u00f6z\u00fcn\u00fc asaraq intihar edib. Onun \u00f6l\u00fcm\u00fcn\u0259 g\u00f6r\u0259 bir g\u00fcn sonra R\u00f6v\u015f\u0259ni h\u0259bs edibl\u0259r. Birg\u0259 nikahdan olan iki k\u00f6rp\u0259 is\u0259 R\u00f6v\u015f\u0259nin ana\u015f\u0131 \u015e\u00fc\u015f\u0259 \u015e\u0259milovan\u0131n himay\u0259sind\u0259 qal\u0131b.\n<\/p>\n<p>\n  B\u0259rd\u0259 Rayon M\u0259hk\u0259m\u0259sinin h\u00f6km\u00fcyl\u0259 R\u00f6v\u015f\u0259n \u015e\u0259milova 5 il h\u0259bs c\u0259zas\u0131 k\u0259silib. O, Cinay\u0259t M\u0259c\u0259ll\u0259sinin 125 (\u00f6z\u00fcn\u00fc \u00f6ld\u00fcrm\u0259 h\u0259ddin\u0259 \u00e7atd\u0131rma) v\u0259 152.1 (16 ya\u015f\u0131na \u00e7atmayan adamla cinsi \u0259laq\u0259d\u0259 olma v\u0259 ya seksual xarakterli h\u0259r\u0259k\u0259tl\u0259r etm\u0259) madd\u0259l\u0259ril\u0259 t\u0259qsirli bilinib.\n<\/p>\n<p>\n  Bahar\u0131n meyiti m\u00fcayin\u0259 edil\u0259nd\u0259 \u00fcz\u0259rind\u0259 x\u0259sar\u0259tl\u0259r olub &#8211; g\u00f6z\u00fcn\u00fcn \u0259traf\u0131nda, bald\u0131r nahiy\u0259sind\u0259, \u0259linin \u00fcst\u00fcnd\u0259&#8230; Ara\u015fd\u0131rmalar zaman\u0131 m\u0259lum olub ki, 2018-ci ild\u0259n ail\u0259d\u0259 m\u00fct\u0259madi s\u00f6z-s\u00f6hb\u0259t olub, Bahar d\u00f6y\u00fcl\u00fcb, t\u0259hqir edilib. Hadis\u0259 g\u00fcn\u00fc s\u0259h\u0259r saat 9 rad\u0259l\u0259rind\u0259 d\u0259 yen\u0259 d\u00f6y\u00fcl\u00fcb, anas\u0131n\u0131n \u00fcnvan\u0131na a\u011f\u0131r s\u00f6zl\u0259r deyilib. Ax\u015fam saat 9-da da \u00f6z\u00fcn\u00fc as\u0131b. Bu \u00fczd\u0259n d\u0259 \u0259ri R\u00f6v\u015f\u0259n \u015e\u0259milov d\u0259rhal h\u0259bs edilib.\n<\/p>\n<p>\n  R\u00f6v\u015f\u0259n\u0259 veril\u0259n ikinci ittihama g\u0259linc\u0259, A\u011fcab\u0259di sakini olan Bahar \u018fliyeva 2000-ci il mart\u0131n 24-d\u0259 do\u011fulub. O, \u0259sl\u0259n Qubadl\u0131 rayonundan olan 1995-ci il t\u0259v\u0259ll\u00fcdl\u00fc R\u00f6v\u015f\u0259n \u015e\u0259milovla 2015-ci ilin aprelind\u0259 evl\u0259nib. Bundan sonra 2016-c\u0131 il mart\u0131n 24-d\u0259 Bahar\u0131n 16 ya\u015f\u0131 tamam olana q\u0259d\u0259rki d\u00f6vrd\u0259 onlar\u0131n aras\u0131nda faktiki \u0259r-arvad m\u00fcnasib\u0259tl\u0259ri \u201cyetkinlik ya\u015f\u0131na \u00e7atmayan \u015f\u0259xsl\u0259 cinsi \u0259laq\u0259d\u0259 olma\u201d kimi qiym\u0259tl\u0259ndirilib.\n<\/p>\n<p>\n  R\u00f6v\u015f\u0259n \u015e\u0259milov Bahar\u0131 d\u00f6yd\u00fcy\u00fcn\u00fc etiraf edir, bundan \u00e7ox pe\u015fman oldu\u011funu deyir. Amma cinay\u0259t i\u015finin materiallar\u0131nda aralar\u0131ndak\u0131 g\u0259rginliyin \u00e7ox \u015fi\u015firdildiyini iddia edir. Onu intihar h\u0259ddin\u0259 \u00e7atd\u0131rmas\u0131 haqda ittihamla da raz\u0131la\u015fm\u0131r. O, B\u0259rd\u0259 Rayon M\u0259hk\u0259m\u0259sinin 5 illik h\u0259bs h\u00f6km\u00fcnd\u0259n \u015fikay\u0259t verib. Xahi\u015f edib ki, Cinay\u0259t M\u0259c\u0259ll\u0259sinin 125-ci madd\u0259sil\u0259 veril\u0259n ittiham 128-ci (q\u0259sd\u0259n sa\u011flaml\u0131\u011fa y\u00fcng\u00fcl z\u0259r\u0259r vurma) madd\u0259y\u0259 t\u00f6vsif olunsun. V\u0259kili Ramiz Abdullayev d\u0259 \u015fikay\u0259tind\u0259 yaz\u0131b ki, n\u0259 istintaq, n\u0259 d\u0259 B\u0259rd\u0259 Rayon M\u0259hk\u0259m\u0259si h\u0259rt\u0259r\u0259fli ara\u015fd\u0131rma apar\u0131b. M\u0259s\u0259l\u0259n, Bahar atas\u0131 \u018fhliman \u018fliyevin \u00f6l\u00fcm\u00fcnd\u0259n sonra da intihar etm\u0259k ist\u0259yib, bu bar\u0259d\u0259 \u0259lyazmas\u0131 da var, amma onu ara\u015fd\u0131rmay\u0131blar.\n<\/p>\n<p>\n  R\u00f6v\u015f\u0259n ikinci ittiham\u0131 da q\u0259bul etmir. O bildirib ki, niyy\u0259t azya\u015fl\u0131yla cinsi \u0259laq\u0259 ola bilm\u0259zdi. \u00c7\u00fcnki h\u0259r \u015fey el ad\u0259ti il\u0259 ba\u015f tutub. H\u0259r iki t\u0259r\u0259fin raz\u0131l\u0131\u011f\u0131 olub, o c\u00fcml\u0259d\u0259n Bahar\u0131n valideynl\u0259rinin d\u0259. R\u00f6v\u015f\u0259n deyib ki, m\u0259hz Baharla evl\u0259nm\u0259k ist\u0259yib. Q\u0131z\u0131n ya\u015f\u0131n\u0131n \u0259h\u0259miyy\u0259ti olmay\u0131b.\n<\/p>\n<p>\n  R\u00f6v\u015f\u0259n \u015e\u0259milov apelyasiya \u015fikay\u0259tind\u0259 m\u0259hk\u0259m\u0259d\u0259n m\u0259rh\u0259m\u0259t dil\u0259yib. O, \u015f\u0259rti c\u0259za verilm\u0259sini ist\u0259yib.\n<\/p>\n<p>\n  Bahar \u018fliyevan\u0131n anas\u0131 \u015eamama \u0130bi\u015fova deyir ki, q\u0131z\u0131n\u0131n \u00f6l\u00fcm\u00fcnd\u0259 R\u00f6v\u015f\u0259nin g\u00fcnahkar oldu\u011funu d\u00fc\u015f\u00fcn\u00fcr. Amma ana ke\u00e7mi\u015f k\u00fcr\u0259k\u0259nini ba\u011f\u0131\u015flamaq q\u0259rar\u0131na g\u0259lib. M\u0259hk\u0259m\u0259y\u0259 d\u0259 R\u00f6v\u015f\u0259n\u0259 qar\u015f\u0131 \u015fikay\u0259tinin, he\u00e7 bir t\u0259l\u0259binin olmamas\u0131 bar\u0259d\u0259 \u0259riz\u0259 verib. N\u0259n\u0259 azya\u015fl\u0131 iki n\u0259v\u0259ni n\u0259z\u0259r\u0259 al\u0131b, onun \u015f\u0259rti c\u0259za il\u0259 azadl\u0131\u011fa burax\u0131lmas\u0131na da etiraz etm\u0259yib.\n<\/p>\n<p>\n  Amma G\u0259nc\u0259 Apelyasiya M\u0259hk\u0259m\u0259si \u015fikay\u0259ti t\u0259min etm\u0259yib. B\u0259rd\u0259 Rayon M\u0259hk\u0259m\u0259sinin 5 illik h\u0259bs h\u00f6km\u00fc q\u00fcvv\u0259d\u0259 qal\u0131b.\n<\/p>\n<p>\n  \u0130ki k\u00f6rp\u0259 anas\u0131z, atas\u0131z b\u00f6y\u00fcy\u00fcr. K\u0259ndird\u0259n as\u0131l\u0131 qalan anan\u0131n n\u0259f\u0259sini bir daha hiss etm\u0259k m\u00fcmk\u00fcn olmayacaq. C\u0259za \u00e7\u0259k\u0259n atan\u0131n xeyli m\u00fcdd\u0259tdir onlara \u0259li \u00e7atm\u0131r. G\u00f6r\u00fcn\u00fcr, h\u0259l\u0259 uzun m\u00fcdd\u0259t bel\u0259 olacaq. H\u0259yat sanki \u0259n b\u00f6y\u00fck c\u0259zan\u0131 bu u\u015faqlara verib&#8230;<\/p>\n","protected":false},"excerpt":{"rendered":"<p>Bahar\u0131n meyiti m\u00fcayin\u0259 edil\u0259nd\u0259 \u00fcz\u0259rind\u0259 x\u0259sar\u0259tl\u0259r olub &#8211; g\u00f6z\u00fcn\u00fcn \u0259traf\u0131nda, bald\u0131r nahiy\u0259sind\u0259, \u0259linin \u00fcst\u00fcnd\u0259&#8230;<\/p>\n","protected":false},"author":11,"featured_media":141047,"comment_status":"closed","ping_status":"open","sticky":false,"template":"","format":"standard","meta":{"_acf_changed":false,"_sitemap_exclude":false,"_sitemap_priority":"","_sitemap_frequency":"","footnotes":""},"categories":[60],"tags":[],"class_list":["post-200340","post","type-post","status-publish","format-standard","has-post-thumbnail","hentry","category-bolge","infinite-scroll-item","generate-columns","tablet-grid-50","mobile-grid-100","grid-parent","grid-33","no-featured-image-padding"],"acf":[],"yoast_head":"<!-- This site is optimized with the Yoast SEO plugin v27.5 - https:\/\/yoast.com\/product\/yoast-seo-wordpress\/ -->\n<title>Erk\u0259n nikah, kims\u0259siz qalan k\u00f6rp\u0259l\u0259r... - MEYDAN.TV<\/title>\n<meta name=\"robots\" content=\"index, follow, max-snippet:-1, max-image-preview:large, max-video-preview:-1\" \/>\n<link rel=\"canonical\" href=\"https:\/\/www.meydan.tv\/az\/article\/erken-nikah-kimsesiz-qalan-korpeler\/\" \/>\n<meta property=\"og:locale\" content=\"az_AZ\" \/>\n<meta property=\"og:type\" content=\"article\" \/>\n<meta property=\"og:title\" content=\"Erk\u0259n nikah, kims\u0259siz qalan k\u00f6rp\u0259l\u0259r... - MEYDAN.TV\" \/>\n<meta property=\"og:description\" content=\"Bahar\u0131n meyiti m\u00fcayin\u0259 edil\u0259nd\u0259 \u00fcz\u0259rind\u0259 x\u0259sar\u0259tl\u0259r olub - g\u00f6z\u00fcn\u00fcn \u0259traf\u0131nda, bald\u0131r nahiy\u0259sind\u0259, \u0259linin \u00fcst\u00fcnd\u0259...\" \/>\n<meta property=\"og:url\" content=\"https:\/\/www.meydan.tv\/az\/article\/erken-nikah-kimsesiz-qalan-korpeler\/\" \/>\n<meta property=\"og:site_name\" content=\"MEYDAN.TV\" \/>\n<meta property=\"article:published_time\" content=\"2020-04-28T11:46:55+00:00\" \/>\n<meta property=\"og:image\" content=\"https:\/\/www.meydan.tv\/wp-content\/uploads\/genc_-scaled.jpg\" \/>\n\t<meta property=\"og:image:width\" content=\"2560\" \/>\n\t<meta property=\"og:image:height\" content=\"1707\" \/>\n\t<meta property=\"og:image:type\" content=\"image\/jpeg\" \/>\n<meta name=\"author\" content=\"user-manager\" \/>\n<meta name=\"twitter:card\" content=\"summary_large_image\" \/>\n<script type=\"application\/ld+json\" class=\"yoast-schema-graph\">{\"@context\":\"https:\\\/\\\/schema.org\",\"@graph\":[{\"@type\":\"Article\",\"@id\":\"https:\\\/\\\/www.meydan.tv\\\/az\\\/article\\\/erken-nikah-kimsesiz-qalan-korpeler\\\/#article\",\"isPartOf\":{\"@id\":\"https:\\\/\\\/www.meydan.tv\\\/az\\\/article\\\/erken-nikah-kimsesiz-qalan-korpeler\\\/\"},\"author\":{\"name\":\"user-manager\",\"@id\":\"https:\\\/\\\/www.meydan.tv\\\/az\\\/#\\\/schema\\\/person\\\/10d11eccf6da3662cf5fdab9806ea91a\"},\"headline\":\"Erk\u0259n nikah, kims\u0259siz qalan k\u00f6rp\u0259l\u0259r&#8230;\",\"datePublished\":\"2020-04-28T11:46:55+00:00\",\"mainEntityOfPage\":{\"@id\":\"https:\\\/\\\/www.meydan.tv\\\/az\\\/article\\\/erken-nikah-kimsesiz-qalan-korpeler\\\/\"},\"wordCount\":812,\"publisher\":{\"@id\":\"https:\\\/\\\/www.meydan.tv\\\/az\\\/#organization\"},\"image\":{\"@id\":\"https:\\\/\\\/www.meydan.tv\\\/az\\\/article\\\/erken-nikah-kimsesiz-qalan-korpeler\\\/#primaryimage\"},\"thumbnailUrl\":\"https:\\\/\\\/www.meydan.tv\\\/wp-content\\\/uploads\\\/genc_-scaled.jpg\",\"articleSection\":[\"B\u00f6lg\u0259\"],\"inLanguage\":\"az\"},{\"@type\":\"WebPage\",\"@id\":\"https:\\\/\\\/www.meydan.tv\\\/az\\\/article\\\/erken-nikah-kimsesiz-qalan-korpeler\\\/\",\"url\":\"https:\\\/\\\/www.meydan.tv\\\/az\\\/article\\\/erken-nikah-kimsesiz-qalan-korpeler\\\/\",\"name\":\"Erk\u0259n nikah, kims\u0259siz qalan k\u00f6rp\u0259l\u0259r... - MEYDAN.TV\",\"isPartOf\":{\"@id\":\"https:\\\/\\\/www.meydan.tv\\\/az\\\/#website\"},\"primaryImageOfPage\":{\"@id\":\"https:\\\/\\\/www.meydan.tv\\\/az\\\/article\\\/erken-nikah-kimsesiz-qalan-korpeler\\\/#primaryimage\"},\"image\":{\"@id\":\"https:\\\/\\\/www.meydan.tv\\\/az\\\/article\\\/erken-nikah-kimsesiz-qalan-korpeler\\\/#primaryimage\"},\"thumbnailUrl\":\"https:\\\/\\\/www.meydan.tv\\\/wp-content\\\/uploads\\\/genc_-scaled.jpg\",\"datePublished\":\"2020-04-28T11:46:55+00:00\",\"breadcrumb\":{\"@id\":\"https:\\\/\\\/www.meydan.tv\\\/az\\\/article\\\/erken-nikah-kimsesiz-qalan-korpeler\\\/#breadcrumb\"},\"inLanguage\":\"az\",\"potentialAction\":[{\"@type\":\"ReadAction\",\"target\":[\"https:\\\/\\\/www.meydan.tv\\\/az\\\/article\\\/erken-nikah-kimsesiz-qalan-korpeler\\\/\"]}]},{\"@type\":\"ImageObject\",\"inLanguage\":\"az\",\"@id\":\"https:\\\/\\\/www.meydan.tv\\\/az\\\/article\\\/erken-nikah-kimsesiz-qalan-korpeler\\\/#primaryimage\",\"url\":\"https:\\\/\\\/www.meydan.tv\\\/wp-content\\\/uploads\\\/genc_-scaled.jpg\",\"contentUrl\":\"https:\\\/\\\/www.meydan.tv\\\/wp-content\\\/uploads\\\/genc_-scaled.jpg\",\"width\":2560,\"height\":1707,\"caption\":\"Source: Specify Source\"},{\"@type\":\"BreadcrumbList\",\"@id\":\"https:\\\/\\\/www.meydan.tv\\\/az\\\/article\\\/erken-nikah-kimsesiz-qalan-korpeler\\\/#breadcrumb\",\"itemListElement\":[{\"@type\":\"ListItem\",\"position\":1,\"name\":\"Ana s\u0259hif\u0259\",\"item\":\"https:\\\/\\\/www.meydan.tv\\\/az\\\/\"},{\"@type\":\"ListItem\",\"position\":2,\"name\":\"B\u00f6lg\u0259\",\"item\":\"https:\\\/\\\/www.meydan.tv\\\/az\\\/section\\\/bolge\\\/\"},{\"@type\":\"ListItem\",\"position\":3,\"name\":\"Erk\u0259n nikah, kims\u0259siz qalan k\u00f6rp\u0259l\u0259r&#8230;\"}]},{\"@type\":\"WebSite\",\"@id\":\"https:\\\/\\\/www.meydan.tv\\\/az\\\/#website\",\"url\":\"https:\\\/\\\/www.meydan.tv\\\/az\\\/\",\"name\":\"MEYDAN.TV\",\"description\":\"Meydan TV Az\u0259rbaycan\u0131n media m\u0259kan\u0131ndak\u0131 alternativ s\u0259sidir\",\"publisher\":{\"@id\":\"https:\\\/\\\/www.meydan.tv\\\/az\\\/#organization\"},\"potentialAction\":[{\"@type\":\"SearchAction\",\"target\":{\"@type\":\"EntryPoint\",\"urlTemplate\":\"https:\\\/\\\/www.meydan.tv\\\/az\\\/?s={search_term_string}\"},\"query-input\":{\"@type\":\"PropertyValueSpecification\",\"valueRequired\":true,\"valueName\":\"search_term_string\"}}],\"inLanguage\":\"az\"},{\"@type\":\"Organization\",\"@id\":\"https:\\\/\\\/www.meydan.tv\\\/az\\\/#organization\",\"name\":\"Meydan TV\",\"url\":\"https:\\\/\\\/www.meydan.tv\\\/az\\\/\",\"logo\":{\"@type\":\"ImageObject\",\"inLanguage\":\"az\",\"@id\":\"https:\\\/\\\/www.meydan.tv\\\/az\\\/#\\\/schema\\\/logo\\\/image\\\/\",\"url\":\"https:\\\/\\\/www.meydan.tv\\\/wp-content\\\/uploads\\\/2021\\\/07\\\/meydan-logo.svg\",\"contentUrl\":\"https:\\\/\\\/www.meydan.tv\\\/wp-content\\\/uploads\\\/2021\\\/07\\\/meydan-logo.svg\",\"width\":195,\"height\":46,\"caption\":\"Meydan TV\"},\"image\":{\"@id\":\"https:\\\/\\\/www.meydan.tv\\\/az\\\/#\\\/schema\\\/logo\\\/image\\\/\"}},{\"@type\":\"Person\",\"@id\":\"https:\\\/\\\/www.meydan.tv\\\/az\\\/#\\\/schema\\\/person\\\/10d11eccf6da3662cf5fdab9806ea91a\",\"name\":\"user-manager\"}]}<\/script>\n<!-- \/ Yoast SEO plugin. -->","yoast_head_json":{"title":"Erk\u0259n nikah, kims\u0259siz qalan k\u00f6rp\u0259l\u0259r... - MEYDAN.TV","robots":{"index":"index","follow":"follow","max-snippet":"max-snippet:-1","max-image-preview":"max-image-preview:large","max-video-preview":"max-video-preview:-1"},"canonical":"https:\/\/www.meydan.tv\/az\/article\/erken-nikah-kimsesiz-qalan-korpeler\/","og_locale":"az_AZ","og_type":"article","og_title":"Erk\u0259n nikah, kims\u0259siz qalan k\u00f6rp\u0259l\u0259r... - MEYDAN.TV","og_description":"Bahar\u0131n meyiti m\u00fcayin\u0259 edil\u0259nd\u0259 \u00fcz\u0259rind\u0259 x\u0259sar\u0259tl\u0259r olub - g\u00f6z\u00fcn\u00fcn \u0259traf\u0131nda, bald\u0131r nahiy\u0259sind\u0259, \u0259linin \u00fcst\u00fcnd\u0259...","og_url":"https:\/\/www.meydan.tv\/az\/article\/erken-nikah-kimsesiz-qalan-korpeler\/","og_site_name":"MEYDAN.TV","article_published_time":"2020-04-28T11:46:55+00:00","og_image":[{"width":2560,"height":1707,"url":"https:\/\/www.meydan.tv\/wp-content\/uploads\/genc_-scaled.jpg","type":"image\/jpeg"}],"author":"user-manager","twitter_card":"summary_large_image","schema":{"@context":"https:\/\/schema.org","@graph":[{"@type":"Article","@id":"https:\/\/www.meydan.tv\/az\/article\/erken-nikah-kimsesiz-qalan-korpeler\/#article","isPartOf":{"@id":"https:\/\/www.meydan.tv\/az\/article\/erken-nikah-kimsesiz-qalan-korpeler\/"},"author":{"name":"user-manager","@id":"https:\/\/www.meydan.tv\/az\/#\/schema\/person\/10d11eccf6da3662cf5fdab9806ea91a"},"headline":"Erk\u0259n nikah, kims\u0259siz qalan k\u00f6rp\u0259l\u0259r&#8230;","datePublished":"2020-04-28T11:46:55+00:00","mainEntityOfPage":{"@id":"https:\/\/www.meydan.tv\/az\/article\/erken-nikah-kimsesiz-qalan-korpeler\/"},"wordCount":812,"publisher":{"@id":"https:\/\/www.meydan.tv\/az\/#organization"},"image":{"@id":"https:\/\/www.meydan.tv\/az\/article\/erken-nikah-kimsesiz-qalan-korpeler\/#primaryimage"},"thumbnailUrl":"https:\/\/www.meydan.tv\/wp-content\/uploads\/genc_-scaled.jpg","articleSection":["B\u00f6lg\u0259"],"inLanguage":"az"},{"@type":"WebPage","@id":"https:\/\/www.meydan.tv\/az\/article\/erken-nikah-kimsesiz-qalan-korpeler\/","url":"https:\/\/www.meydan.tv\/az\/article\/erken-nikah-kimsesiz-qalan-korpeler\/","name":"Erk\u0259n nikah, kims\u0259siz qalan k\u00f6rp\u0259l\u0259r... - MEYDAN.TV","isPartOf":{"@id":"https:\/\/www.meydan.tv\/az\/#website"},"primaryImageOfPage":{"@id":"https:\/\/www.meydan.tv\/az\/article\/erken-nikah-kimsesiz-qalan-korpeler\/#primaryimage"},"image":{"@id":"https:\/\/www.meydan.tv\/az\/article\/erken-nikah-kimsesiz-qalan-korpeler\/#primaryimage"},"thumbnailUrl":"https:\/\/www.meydan.tv\/wp-content\/uploads\/genc_-scaled.jpg","datePublished":"2020-04-28T11:46:55+00:00","breadcrumb":{"@id":"https:\/\/www.meydan.tv\/az\/article\/erken-nikah-kimsesiz-qalan-korpeler\/#breadcrumb"},"inLanguage":"az","potentialAction":[{"@type":"ReadAction","target":["https:\/\/www.meydan.tv\/az\/article\/erken-nikah-kimsesiz-qalan-korpeler\/"]}]},{"@type":"ImageObject","inLanguage":"az","@id":"https:\/\/www.meydan.tv\/az\/article\/erken-nikah-kimsesiz-qalan-korpeler\/#primaryimage","url":"https:\/\/www.meydan.tv\/wp-content\/uploads\/genc_-scaled.jpg","contentUrl":"https:\/\/www.meydan.tv\/wp-content\/uploads\/genc_-scaled.jpg","width":2560,"height":1707,"caption":"Source: Specify Source"},{"@type":"BreadcrumbList","@id":"https:\/\/www.meydan.tv\/az\/article\/erken-nikah-kimsesiz-qalan-korpeler\/#breadcrumb","itemListElement":[{"@type":"ListItem","position":1,"name":"Ana s\u0259hif\u0259","item":"https:\/\/www.meydan.tv\/az\/"},{"@type":"ListItem","position":2,"name":"B\u00f6lg\u0259","item":"https:\/\/www.meydan.tv\/az\/section\/bolge\/"},{"@type":"ListItem","position":3,"name":"Erk\u0259n nikah, kims\u0259siz qalan k\u00f6rp\u0259l\u0259r&#8230;"}]},{"@type":"WebSite","@id":"https:\/\/www.meydan.tv\/az\/#website","url":"https:\/\/www.meydan.tv\/az\/","name":"MEYDAN.TV","description":"Meydan TV Az\u0259rbaycan\u0131n media m\u0259kan\u0131ndak\u0131 alternativ s\u0259sidir","publisher":{"@id":"https:\/\/www.meydan.tv\/az\/#organization"},"potentialAction":[{"@type":"SearchAction","target":{"@type":"EntryPoint","urlTemplate":"https:\/\/www.meydan.tv\/az\/?s={search_term_string}"},"query-input":{"@type":"PropertyValueSpecification","valueRequired":true,"valueName":"search_term_string"}}],"inLanguage":"az"},{"@type":"Organization","@id":"https:\/\/www.meydan.tv\/az\/#organization","name":"Meydan TV","url":"https:\/\/www.meydan.tv\/az\/","logo":{"@type":"ImageObject","inLanguage":"az","@id":"https:\/\/www.meydan.tv\/az\/#\/schema\/logo\/image\/","url":"https:\/\/www.meydan.tv\/wp-content\/uploads\/2021\/07\/meydan-logo.svg","contentUrl":"https:\/\/www.meydan.tv\/wp-content\/uploads\/2021\/07\/meydan-logo.svg","width":195,"height":46,"caption":"Meydan TV"},"image":{"@id":"https:\/\/www.meydan.tv\/az\/#\/schema\/logo\/image\/"}},{"@type":"Person","@id":"https:\/\/www.meydan.tv\/az\/#\/schema\/person\/10d11eccf6da3662cf5fdab9806ea91a","name":"user-manager"}]}},"_links":{"self":[{"href":"https:\/\/www.meydan.tv\/az\/wp-json\/wp\/v2\/posts\/200340","targetHints":{"allow":["GET"]}}],"collection":[{"href":"https:\/\/www.meydan.tv\/az\/wp-json\/wp\/v2\/posts"}],"about":[{"href":"https:\/\/www.meydan.tv\/az\/wp-json\/wp\/v2\/types\/post"}],"author":[{"embeddable":true,"href":"https:\/\/www.meydan.tv\/az\/wp-json\/wp\/v2\/users\/11"}],"replies":[{"embeddable":true,"href":"https:\/\/www.meydan.tv\/az\/wp-json\/wp\/v2\/comments?post=200340"}],"version-history":[{"count":0,"href":"https:\/\/www.meydan.tv\/az\/wp-json\/wp\/v2\/posts\/200340\/revisions"}],"wp:featuredmedia":[{"embeddable":true,"href":"https:\/\/www.meydan.tv\/az\/wp-json\/wp\/v2\/media\/141047"}],"wp:attachment":[{"href":"https:\/\/www.meydan.tv\/az\/wp-json\/wp\/v2\/media?parent=200340"}],"wp:term":[{"taxonomy":"category","embeddable":true,"href":"https:\/\/www.meydan.tv\/az\/wp-json\/wp\/v2\/categories?post=200340"},{"taxonomy":"post_tag","embeddable":true,"href":"https:\/\/www.meydan.tv\/az\/wp-json\/wp\/v2\/tags?post=200340"}],"curies":[{"name":"wp","href":"https:\/\/api.w.org\/{rel}","templated":true}]}}