{"id":200336,"date":"2020-04-27T15:31:58","date_gmt":"2020-04-27T15:31:58","guid":{"rendered":"https:\/\/www.meydan.tv\/article\/tebii-felaketden-zerer-gormus-sexsler-evlerinin-tikintisinden-narazidir\/"},"modified":"2020-04-27T15:31:58","modified_gmt":"2020-04-27T15:31:58","slug":"tebii-felaketden-zerer-gormus-sexsler-evlerinin-tikintisinden-narazidir","status":"publish","type":"post","link":"https:\/\/www.meydan.tv\/az\/article\/tebii-felaketden-zerer-gormus-sexsler-evlerinin-tikintisinden-narazidir\/","title":{"rendered":"T\u0259bii f\u0259lak\u0259td\u0259n z\u0259r\u0259r g\u00f6rm\u00fc\u015f \u015f\u0259xsl\u0259r evl\u0259rinin tikintisind\u0259n naraz\u0131d\u0131r"},"content":{"rendered":"<p>\n  <i><br \/>\n    \u201cA\u011fsuda \u00e7ox adam\u0131n evini yar\u0131m\u00e7\u0131q qoyublar\u201d<br \/>\n  <\/i>\n<\/p>\n<p>\n  \u00d6t\u0259n il fevral\u0131n 5-d\u0259 episentri A\u011fsu rayonu olan 6 ball\u0131q z\u0259lz\u0259l\u0259d\u0259n sonra orada q\u0259zal\u0131 v\u0259ziyy\u0259t\u0259 d\u00fc\u015f\u0259n f\u0259rdi evl\u0259rin t\u0259miri il\u0259 ba\u011fl\u0131 apar\u0131lan i\u015fl\u0259rd\u0259 n\u00f6qsanlar\u0131n oldu\u011fu deyilir.\n<\/p>\n<p>\n  A\u011fsu sakinl\u0259rinin s\u00f6zl\u0259rin\u0259 g\u00f6r\u0259, t\u0259mir olunan evl\u0259rin \u0259ks\u0259riyy\u0259tinin ya tikintisi ba\u015fa \u00e7atd\u0131r\u0131lmay\u0131b, ya da f\u0259hl\u0259l\u0259rin \u0259m\u0259khaqq\u0131 tam \u00f6d\u0259nilm\u0259diyi \u00fc\u00e7\u00fcn onlar i\u015fi yar\u0131m\u00e7\u0131q qoyublar. Ev sahibl\u0259ri d\u0259f\u0259l\u0259rl\u0259 aidiyy\u0259ti \u00fczr\u0259 m\u00fcraci\u0259tl\u0259r ets\u0259 d\u0259, bildiribl\u0259r ki, \u015fikay\u0259tl\u0259rin\u0259 bax\u0131lm\u0131r.\n<\/p>\n<p>\n  \u00d6t\u0259n il Murad Soltanovun q\u0259zal\u0131 v\u0259ziyy\u0259td\u0259 olan evi F\u00f6vq\u0259lad\u0259 Hallar Nazirliyi t\u0259r\u0259find\u0259n s\u00f6k\u00fcl\u0259r\u0259k yenid\u0259n tikilib. F\u0259rdi ya\u015fay\u0131\u015f m\u0259nzili alt\u0131 ay \u00f6nc\u0259 istifad\u0259y\u0259 verilib. Murad Soltanov deyir ki, \u00f6t\u0259n ilin ortalar\u0131nda tikil\u0259n evin d\u00f6\u015f\u0259m\u0259si \u015fi\u015fib, tavan\u0131 s\u00f6k\u00fcl\u00fcb, divarlarda \u00e7atlar yaran\u0131b:\n<\/p>\n<p>\n  \u201cM\u0259n ev t\u0259miri ustas\u0131yam. Evim tikil\u0259n zaman Rusiyada idim. G\u0259l\u0259nd\u0259 d\u0259 g\u00f6rd\u00fcm ki, evi yalandan tikibl\u0259r. D\u00f6vl\u0259t r\u00fcsumunu \u00f6d\u0259yib, qaz v\u0259 i\u015f\u0131\u011f\u0131, h\u0259m\u00e7inin kanalizasiya sistemini \u00e7\u0259kdirm\u0259y\u0259 pulum olmad\u0131. Qon\u015fudan i\u015f\u0131q x\u0259tti \u00e7\u0259kmi\u015fdim, bir ota\u011f\u0131 onunla i\u015f\u0131qland\u0131r\u0131rd\u0131q. Rayonda i\u015f tapmaq m\u00fcmk\u00fcn deyildi, ail\u0259mi doland\u0131ra bilmirdim. Bak\u0131ya g\u0259ldim, haz\u0131rda \u00fc\u00e7 \u00f6vlad\u0131m, h\u0259yat yolda\u015f\u0131m v\u0259 x\u0259st\u0259 anamla birlikd\u0259 Digah q\u0259s\u0259b\u0259sind\u0259 120 manatl\u0131q evd\u0259 kiray\u0259 ya\u015fay\u0131ram. Yeni ild\u0259 ev\u0259 ged\u0259nd\u0259 qap\u0131lar\u0131 a\u00e7a bilmirdim. D\u00f6\u015f\u0259m\u0259l\u0259r nec\u0259 yuxar\u0131 qalx\u0131bsa, d\u0259niz l\u0259p\u0259l\u0259rin\u0259 b\u0259nz\u0259yir. G\u0259r\u0259k d\u00f6\u015f\u0259m\u0259y\u0259 5-6 y\u00fcz kiloqram a\u011f\u0131rl\u0131\u011f\u0131nda n\u0259s\u0259 qoyasan ki, a\u015fa\u011f\u0131 yats\u0131n. Bazaya getdim, dedil\u0259r ki, s\u0259n s\u0259hv dan\u0131\u015f\u0131rsan, orada ya\u015fay\u0131\u015f olmay\u0131b dey\u0259 d\u00f6\u015f\u0259m\u0259 n\u0259mi\u015flikd\u0259n \u015fi\u015fib. Onlar\u0131n m\u0259ntiqiyl\u0259 yana\u015fsaq, g\u0259r\u0259k tikil\u0259n v\u0259 ill\u0259rl\u0259 ya\u015fay\u0131\u015f\u0131 olmayan evl\u0259rin d\u00f6\u015f\u0259m\u0259si \u015fi\u015fm\u0259lidir. \u0130\u015f icra\u00e7\u0131s\u0131na s\u00fcbut ed\u0259 bilm\u0259dim ki, 3-4 taxtaya bir mismar vurulub. Evi ba\u015fdansovdu i\u015fl\u0259yibl\u0259r. Ustalar\u0131 da q\u0131namal\u0131 deyil. Tikinti material\u0131n\u0131 az verirdil\u0259r. Onlar\u0131n \u0259m\u0259khaqlar\u0131n\u0131 vermirdil\u0259r. M\u00fcxt\u0259lif b\u0259han\u0259l\u0259r g\u0259tirirdil\u0259r, ustalar\u0131 bezdirir, yalandan i\u015fl\u0259rind\u0259 q\u00fcsur axtar\u0131b be\u015f y\u00fcz \u0259v\u0259zin\u0259 iki y\u00fcz manat ver\u0259r\u0259k, pullar\u0131n\u0131 k\u0259sirdil\u0259r. Ustalar da i\u015fi yar\u0131m\u00e7\u0131q qoyub gedirdil\u0259r. A\u011fsuda \u00e7ox adam\u0131n evini yar\u0131m\u00e7\u0131q qoyublar, ya da ba\u015fdangetdi tikibl\u0259r. \u0130ndiy\u0259d\u0259k tikdikl\u0259ri evl\u0259rin \u0259ks\u0259riyy\u0259tind\u0259n \u015fikay\u0259t edirl\u0259r\u201d.\n<\/p>\n<figure class=\"wp-block-image size-large\">\n  <img decoding=\"async\" src=\"https:\/\/www.meydan.tv\/az\/radim_q__mb__rovun_evi-jpeg\/\" alt=\"radim_q__mb__rovun_evi.jpeg\" class=\"wp-image-141020\"\/><figcaption>\n    &#8220;Evi ba\u015fdansovdu i\u015fl\u0259yibl\u0259r&#8221;<br \/>\n  <\/figcaption><\/figure>\n<p>\n  A\u011fsu rayonu K\u0259l\u0259\u011fayl\u0131 sakini Radim Q\u0259mb\u0259rov da anoloji v\u0259ziyy\u0259tl\u0259 \u00fcz-\u00fcz\u0259dir. Onun evi \u00f6t\u0259n il iyulun 26-da elektrik naqill\u0259rinin q\u0131saqapanmas\u0131 n\u0259tic\u0259sind\u0259 yanm\u0131\u015fd\u0131. F\u00f6vq\u0259lad\u0259 Hallar Nazirliyi t\u0259r\u0259find\u0259n ail\u0259 \u00fc\u00e7\u00fcn yeni ev in\u015fa olunsa da, tikinti i\u015fl\u0259ri yar\u0131m\u00e7\u0131q qoyulub. Haz\u0131rda evin n\u0259 qap\u0131s\u0131, n\u0259 d\u0259 p\u0259nc\u0259r\u0259l\u0259ri var:\n<\/p>\n<p>\n  \u201cEvimiz yanandan sonra aylarla \u00e7ad\u0131rda ya\u015fad\u0131q. D\u0259f\u0259l\u0259rl\u0259 aidiyy\u0259tli orqanlara m\u00fcraci\u0259t ets\u0259k d\u0259, \u015fikay\u0259timiz\u0259 m\u0259h\u0259l qoymad\u0131lar. Uzun m\u00fcbariz\u0259d\u0259n sonra 2019-cu ilin sentyabr ay\u0131n\u0131n sonlar\u0131nda evin tikintisin\u0259 ba\u015flan\u0131ld\u0131. Tikinti davam ed\u0259n m\u00fcdd\u0259td\u0259 i\u015fl\u0259y\u0259n f\u0259hl\u0259l\u0259rin pullar\u0131 gecikdirilirdi. Gecikm\u0259 il\u0259 yana\u015f\u0131, h\u0259r ay puldan y\u00fcz-iki y\u00fcz manat k\u0259sirdil\u0259r. Evimiz \u00f6t\u0259n ilin dekabr\u0131nda t\u0259hvil verilm\u0259li idi. Lakin Z\u0259lz\u0259l\u0259 b\u00f6lg\u0259si \u00fczr\u0259 Q\u0259rargah f\u0259hl\u0259l\u0259rin \u0259m\u0259khaqlar\u0131n\u0131 gecikdirdiyi \u00fc\u00e7\u00fcn onlar da i\u015fi yar\u0131m\u00e7\u0131q qoymu\u015fdular. Sonradan pulun bir hiss\u0259sini \u00f6d\u0259s\u0259l\u0259r d\u0259, biz\u0259 tikinti materiallar\u0131 verm\u0259dil\u0259r. Evi tikib, d\u0259hlizin tikintisini yar\u0131da saxlad\u0131lar. Haz\u0131rda d\u0259hlizin \u00f6n hiss\u0259sinin be\u015f c\u0259rg\u0259 h\u00f6rg\u00fcs\u00fc yar\u0131m\u00e7\u0131q qal\u0131b. Evin qap\u0131 v\u0259 p\u0259nc\u0259r\u0259l\u0259rini d\u0259 qoymay\u0131blar. M\u0259n\u0259 dedil\u0259r ki, layih\u0259d\u0259 bel\u0259 verilib. Biz onu yuxar\u0131ya kimi h\u00f6r\u0259 bilm\u0259rik. Ya\u011f\u0131\u015f ya\u011fanda ham\u0131s\u0131 taxta d\u00f6\u015f\u0259m\u0259y\u0259 ya\u011f\u0131r. M\u0259cbur olub d\u00f6\u015f\u0259m\u0259y\u0259 sellofan s\u0259ririk. Evin tavan\u0131n\u0131 v\u0259 d\u00f6\u015f\u0259m\u0259sini vuran ustaya is\u0259 doxsan manat borclar\u0131 vard\u0131, verm\u0259dil\u0259r. K\u0259rpici, sementi v\u0259 \u0259sas qap\u0131-p\u0259nc\u0259r\u0259l\u0259ri vers\u0259l\u0259r, yax\u015f\u0131 olard\u0131. M\u0259nim imkan\u0131m yoxdur, onlar da i\u015fi yar\u0131m\u00e7\u0131q qoyub gedibl\u0259r. T\u0259xmin\u0259n ayyar\u0131m bundan \u00f6nc\u0259 Hafiz m\u00fc\u0259llim\u0259 m\u00fcraci\u0259t etdim, dedi ki, bizlik deyil, i\u015fimiz bura q\u0259d\u0259rdir\u201d.\n<\/p>\n<figure class=\"wp-block-image size-large\">\n  <img decoding=\"async\" src=\"https:\/\/www.meydan.tv\/az\/murad_soltanovun_evi-2-jpeg\/\" alt=\"murad_soltanovun_evi-2.jpeg\" class=\"wp-image-141014\"\/><figcaption>\n    &#8220;Evin qap\u0131 v\u0259 p\u0259nc\u0259r\u0259l\u0259rini d\u0259 qoymay\u0131blar&#8221;<br \/>\n  <\/figcaption><\/figure>\n<p>\n  Z\u0259lz\u0259l\u0259 b\u00f6lg\u0259sind\u0259 tikinti i\u015fl\u0259rini h\u0259yata ke\u00e7ir\u0259n \u015firk\u0259tin m\u0259sul n\u00fcmay\u0259nd\u0259si Hafiz adl\u0131 \u015f\u0259xs Meydan TV-y\u0259 a\u00e7\u0131qlamas\u0131nda bildirib ki, koronavirusla \u0259laq\u0259dar olaraq haz\u0131rda i\u015fl\u0259r dayand\u0131r\u0131l\u0131b:\n<\/p>\n<p>\n  \u201cRadim Q\u0259mb\u0259rovun evi yand\u0131\u011f\u0131 \u00fc\u00e7\u00fcn onlara y\u00fcz faiz qap\u0131 v\u0259 p\u0259nc\u0259r\u0259 d\u00fc\u015f\u00fcr v\u0259 veril\u0259c\u0259k. Haz\u0131rda bizd\u0259 A\u011fsu rayonu \u00fczr\u0259 d\u00f6rd yanan ev var. Onlar\u0131n ham\u0131s\u0131na qap\u0131-p\u0259nc\u0259r\u0259 veril\u0259c\u0259k. Murad Soltanova g\u0259linc\u0259, ola bilsin ki, onun evin\u0259 g\u0259tiril\u0259n taxtalar ya\u015f olub. Bununla ba\u011fl\u0131 may\u0131n 4-d\u0259n sonra F\u00f6vq\u0259lad\u0259 Hallar Nazirliyinin Z\u0259lz\u0259l\u0259 b\u00f6lg\u0259si \u00fczr\u0259 Q\u0259rargah\u0131na m\u00fcraci\u0259t etsin, \u015fikay\u0259tin\u0259 bax\u0131lacaq\u201d.\n<\/p>\n<p>\n  \u00d6t\u0259n il fevral\u0131n 5-d\u0259 Pirqulu stansiyas\u0131ndan 7 km c\u0259nubda A\u011fsu \u0259razisind\u0259 4,4 bal g\u00fcc\u00fcnd\u0259 z\u0259lz\u0259l\u0259 qeyd\u0259 al\u0131n\u0131b. H\u0259min z\u0259lz\u0259l\u0259 episentrd\u0259 5 bala yax\u0131n, \u0259traf rayonlarda 4,3 bala q\u0259d\u0259r hiss olunub. H\u0259min g\u00fcn Pirqulu stansiyas\u0131ndan 9 km c\u0259nub-q\u0259rbd\u0259 \u0130smay\u0131ll\u0131 \u0259razisind\u0259 z\u0259lz\u0259l\u0259 qeyd\u0259 al\u0131n\u0131b. Fevral\u0131n 9-da v\u0259 11-d\u0259 d\u0259 Pirqulu stansiyas\u0131ndan 8 v\u0259 9 km c\u0259nub-q\u0259rbd\u0259 v\u0259 q\u0259rbd\u0259 yeralt\u0131 t\u0259kanlar ba\u015f verib.\n<\/p>\n<figure class=\"wp-block-image size-large\">\n  <img decoding=\"async\" src=\"https:\/\/www.meydan.tv\/az\/radim_q__mb__rovun_evi-3-jpeg\/\" alt=\"radim_q__mb__rovun_evi-3.jpeg\" class=\"wp-image-141023\"\/><figcaption>\n    &#8220;Haz\u0131rda d\u0259hlizin \u00f6n hiss\u0259sinin be\u015f c\u0259rg\u0259 h\u00f6rg\u00fcs\u00fc yar\u0131m\u00e7\u0131q qal\u0131b&#8221;<br \/>\n  <\/figcaption><\/figure>\n<p>\n  Prezident \u0130lham \u018fliyevin s\u0259r\u0259ncam\u0131na \u0259sas\u0259n, indiy\u0259d\u0259k d\u00f6vl\u0259t b\u00fcdc\u0259sind\u0259n t\u0259bii f\u0259lak\u0259td\u0259n z\u0259r\u0259r g\u00f6rm\u00fc\u015f rayonlara \u00fcmumilikd\u0259 7 milyon manat ayr\u0131l\u0131b.\n<\/p>\n<p>\n  A\u011fsu Rayon \u0130cra Hakimiyy\u0259tinin Memarl\u0131q v\u0259 in\u015faat \u015f\u00f6b\u0259sinin m\u00fcdiri Mir\u0259li Qurbanovun Meydan TV-y\u0259 verdiyi m\u0259lumata g\u00f6r\u0259, rayon \u00fczr\u0259 \u00fcmumilikd\u0259 2104 evin t\u0259mir, b\u0259rpa v\u0259 tikintisi n\u0259z\u0259rd\u0259 tutulub. \u0130ndiy\u0259d\u0259k 642 ev haz\u0131r olaraq t\u0259hvil verilib. Tikinti i\u015fl\u0259ri bu ilin sonlar\u0131na kimi davam etdiril\u0259c\u0259k\n<\/p>\n<figure class=\"wp-block-image size-large\">\n  <img decoding=\"async\" src=\"https:\/\/www.meydan.tv\/az\/radim_q__mb__rovun_evi-1-jpeg\/\" alt=\"radim_q__mb__rovun_evi-1.jpeg\" class=\"wp-image-141011\"\/><figcaption>\n    &#8220;Evi tikib, d\u0259hlizin tikintisini yar\u0131da saxlad\u0131lar&#8221;<br \/>\n  <\/figcaption><\/figure>\n","protected":false},"excerpt":{"rendered":"<p>&#8220;A\u011fsuda \u00e7ox adam\u0131n evini yar\u0131m\u00e7\u0131q qoyublar, ya da ba\u015fdangetdi tikibl\u0259r&#8221;<\/p>\n","protected":false},"author":11,"featured_media":141017,"comment_status":"closed","ping_status":"open","sticky":false,"template":"","format":"standard","meta":{"_acf_changed":false,"_sitemap_exclude":false,"_sitemap_priority":"","_sitemap_frequency":"","footnotes":""},"categories":[60],"tags":[],"class_list":["post-200336","post","type-post","status-publish","format-standard","has-post-thumbnail","hentry","category-bolge","infinite-scroll-item","generate-columns","tablet-grid-50","mobile-grid-100","grid-parent","grid-33","no-featured-image-padding"],"acf":[],"yoast_head":"<!-- This site is optimized with the Yoast SEO plugin v27.5 - https:\/\/yoast.com\/product\/yoast-seo-wordpress\/ -->\n<title>T\u0259bii f\u0259lak\u0259td\u0259n z\u0259r\u0259r g\u00f6rm\u00fc\u015f \u015f\u0259xsl\u0259r evl\u0259rinin tikintisind\u0259n naraz\u0131d\u0131r - MEYDAN.TV<\/title>\n<meta name=\"robots\" content=\"index, follow, max-snippet:-1, max-image-preview:large, max-video-preview:-1\" \/>\n<link rel=\"canonical\" href=\"https:\/\/www.meydan.tv\/az\/article\/tebii-felaketden-zerer-gormus-sexsler-evlerinin-tikintisinden-narazidir\/\" \/>\n<meta property=\"og:locale\" content=\"az_AZ\" \/>\n<meta property=\"og:type\" content=\"article\" \/>\n<meta property=\"og:title\" content=\"T\u0259bii f\u0259lak\u0259td\u0259n z\u0259r\u0259r g\u00f6rm\u00fc\u015f \u015f\u0259xsl\u0259r evl\u0259rinin tikintisind\u0259n naraz\u0131d\u0131r - MEYDAN.TV\" \/>\n<meta property=\"og:description\" content=\"&quot;A\u011fsuda \u00e7ox adam\u0131n evini yar\u0131m\u00e7\u0131q qoyublar, ya da ba\u015fdangetdi tikibl\u0259r&quot;\" \/>\n<meta property=\"og:url\" content=\"https:\/\/www.meydan.tv\/az\/article\/tebii-felaketden-zerer-gormus-sexsler-evlerinin-tikintisinden-narazidir\/\" \/>\n<meta property=\"og:site_name\" content=\"MEYDAN.TV\" \/>\n<meta property=\"article:published_time\" content=\"2020-04-27T15:31:58+00:00\" \/>\n<meta property=\"og:image\" content=\"https:\/\/www.meydan.tv\/wp-content\/uploads\/murad_soltanovun_evi.jpeg\" \/>\n\t<meta property=\"og:image:width\" content=\"949\" \/>\n\t<meta property=\"og:image:height\" content=\"1170\" \/>\n\t<meta property=\"og:image:type\" content=\"image\/jpeg\" \/>\n<meta name=\"author\" content=\"user-manager\" \/>\n<meta name=\"twitter:card\" content=\"summary_large_image\" \/>\n<script type=\"application\/ld+json\" class=\"yoast-schema-graph\">{\"@context\":\"https:\\\/\\\/schema.org\",\"@graph\":[{\"@type\":\"Article\",\"@id\":\"https:\\\/\\\/www.meydan.tv\\\/az\\\/article\\\/tebii-felaketden-zerer-gormus-sexsler-evlerinin-tikintisinden-narazidir\\\/#article\",\"isPartOf\":{\"@id\":\"https:\\\/\\\/www.meydan.tv\\\/az\\\/article\\\/tebii-felaketden-zerer-gormus-sexsler-evlerinin-tikintisinden-narazidir\\\/\"},\"author\":{\"name\":\"user-manager\",\"@id\":\"https:\\\/\\\/www.meydan.tv\\\/az\\\/#\\\/schema\\\/person\\\/10d11eccf6da3662cf5fdab9806ea91a\"},\"headline\":\"T\u0259bii f\u0259lak\u0259td\u0259n z\u0259r\u0259r g\u00f6rm\u00fc\u015f \u015f\u0259xsl\u0259r evl\u0259rinin tikintisind\u0259n naraz\u0131d\u0131r\",\"datePublished\":\"2020-04-27T15:31:58+00:00\",\"mainEntityOfPage\":{\"@id\":\"https:\\\/\\\/www.meydan.tv\\\/az\\\/article\\\/tebii-felaketden-zerer-gormus-sexsler-evlerinin-tikintisinden-narazidir\\\/\"},\"wordCount\":1256,\"publisher\":{\"@id\":\"https:\\\/\\\/www.meydan.tv\\\/az\\\/#organization\"},\"image\":{\"@id\":\"https:\\\/\\\/www.meydan.tv\\\/az\\\/article\\\/tebii-felaketden-zerer-gormus-sexsler-evlerinin-tikintisinden-narazidir\\\/#primaryimage\"},\"thumbnailUrl\":\"https:\\\/\\\/www.meydan.tv\\\/wp-content\\\/uploads\\\/murad_soltanovun_evi.jpeg\",\"articleSection\":[\"B\u00f6lg\u0259\"],\"inLanguage\":\"az\"},{\"@type\":\"WebPage\",\"@id\":\"https:\\\/\\\/www.meydan.tv\\\/az\\\/article\\\/tebii-felaketden-zerer-gormus-sexsler-evlerinin-tikintisinden-narazidir\\\/\",\"url\":\"https:\\\/\\\/www.meydan.tv\\\/az\\\/article\\\/tebii-felaketden-zerer-gormus-sexsler-evlerinin-tikintisinden-narazidir\\\/\",\"name\":\"T\u0259bii f\u0259lak\u0259td\u0259n z\u0259r\u0259r g\u00f6rm\u00fc\u015f \u015f\u0259xsl\u0259r evl\u0259rinin tikintisind\u0259n naraz\u0131d\u0131r - MEYDAN.TV\",\"isPartOf\":{\"@id\":\"https:\\\/\\\/www.meydan.tv\\\/az\\\/#website\"},\"primaryImageOfPage\":{\"@id\":\"https:\\\/\\\/www.meydan.tv\\\/az\\\/article\\\/tebii-felaketden-zerer-gormus-sexsler-evlerinin-tikintisinden-narazidir\\\/#primaryimage\"},\"image\":{\"@id\":\"https:\\\/\\\/www.meydan.tv\\\/az\\\/article\\\/tebii-felaketden-zerer-gormus-sexsler-evlerinin-tikintisinden-narazidir\\\/#primaryimage\"},\"thumbnailUrl\":\"https:\\\/\\\/www.meydan.tv\\\/wp-content\\\/uploads\\\/murad_soltanovun_evi.jpeg\",\"datePublished\":\"2020-04-27T15:31:58+00:00\",\"breadcrumb\":{\"@id\":\"https:\\\/\\\/www.meydan.tv\\\/az\\\/article\\\/tebii-felaketden-zerer-gormus-sexsler-evlerinin-tikintisinden-narazidir\\\/#breadcrumb\"},\"inLanguage\":\"az\",\"potentialAction\":[{\"@type\":\"ReadAction\",\"target\":[\"https:\\\/\\\/www.meydan.tv\\\/az\\\/article\\\/tebii-felaketden-zerer-gormus-sexsler-evlerinin-tikintisinden-narazidir\\\/\"]}]},{\"@type\":\"ImageObject\",\"inLanguage\":\"az\",\"@id\":\"https:\\\/\\\/www.meydan.tv\\\/az\\\/article\\\/tebii-felaketden-zerer-gormus-sexsler-evlerinin-tikintisinden-narazidir\\\/#primaryimage\",\"url\":\"https:\\\/\\\/www.meydan.tv\\\/wp-content\\\/uploads\\\/murad_soltanovun_evi.jpeg\",\"contentUrl\":\"https:\\\/\\\/www.meydan.tv\\\/wp-content\\\/uploads\\\/murad_soltanovun_evi.jpeg\",\"width\":949,\"height\":1170,\"caption\":\"Source: Specify Source\"},{\"@type\":\"BreadcrumbList\",\"@id\":\"https:\\\/\\\/www.meydan.tv\\\/az\\\/article\\\/tebii-felaketden-zerer-gormus-sexsler-evlerinin-tikintisinden-narazidir\\\/#breadcrumb\",\"itemListElement\":[{\"@type\":\"ListItem\",\"position\":1,\"name\":\"Ana s\u0259hif\u0259\",\"item\":\"https:\\\/\\\/www.meydan.tv\\\/az\\\/\"},{\"@type\":\"ListItem\",\"position\":2,\"name\":\"B\u00f6lg\u0259\",\"item\":\"https:\\\/\\\/www.meydan.tv\\\/az\\\/section\\\/bolge\\\/\"},{\"@type\":\"ListItem\",\"position\":3,\"name\":\"T\u0259bii f\u0259lak\u0259td\u0259n z\u0259r\u0259r g\u00f6rm\u00fc\u015f \u015f\u0259xsl\u0259r evl\u0259rinin tikintisind\u0259n naraz\u0131d\u0131r\"}]},{\"@type\":\"WebSite\",\"@id\":\"https:\\\/\\\/www.meydan.tv\\\/az\\\/#website\",\"url\":\"https:\\\/\\\/www.meydan.tv\\\/az\\\/\",\"name\":\"MEYDAN.TV\",\"description\":\"Meydan TV Az\u0259rbaycan\u0131n media m\u0259kan\u0131ndak\u0131 alternativ s\u0259sidir\",\"publisher\":{\"@id\":\"https:\\\/\\\/www.meydan.tv\\\/az\\\/#organization\"},\"potentialAction\":[{\"@type\":\"SearchAction\",\"target\":{\"@type\":\"EntryPoint\",\"urlTemplate\":\"https:\\\/\\\/www.meydan.tv\\\/az\\\/?s={search_term_string}\"},\"query-input\":{\"@type\":\"PropertyValueSpecification\",\"valueRequired\":true,\"valueName\":\"search_term_string\"}}],\"inLanguage\":\"az\"},{\"@type\":\"Organization\",\"@id\":\"https:\\\/\\\/www.meydan.tv\\\/az\\\/#organization\",\"name\":\"Meydan TV\",\"url\":\"https:\\\/\\\/www.meydan.tv\\\/az\\\/\",\"logo\":{\"@type\":\"ImageObject\",\"inLanguage\":\"az\",\"@id\":\"https:\\\/\\\/www.meydan.tv\\\/az\\\/#\\\/schema\\\/logo\\\/image\\\/\",\"url\":\"https:\\\/\\\/www.meydan.tv\\\/wp-content\\\/uploads\\\/2021\\\/07\\\/meydan-logo.svg\",\"contentUrl\":\"https:\\\/\\\/www.meydan.tv\\\/wp-content\\\/uploads\\\/2021\\\/07\\\/meydan-logo.svg\",\"width\":195,\"height\":46,\"caption\":\"Meydan TV\"},\"image\":{\"@id\":\"https:\\\/\\\/www.meydan.tv\\\/az\\\/#\\\/schema\\\/logo\\\/image\\\/\"}},{\"@type\":\"Person\",\"@id\":\"https:\\\/\\\/www.meydan.tv\\\/az\\\/#\\\/schema\\\/person\\\/10d11eccf6da3662cf5fdab9806ea91a\",\"name\":\"user-manager\"}]}<\/script>\n<!-- \/ Yoast SEO plugin. -->","yoast_head_json":{"title":"T\u0259bii f\u0259lak\u0259td\u0259n z\u0259r\u0259r g\u00f6rm\u00fc\u015f \u015f\u0259xsl\u0259r evl\u0259rinin tikintisind\u0259n naraz\u0131d\u0131r - MEYDAN.TV","robots":{"index":"index","follow":"follow","max-snippet":"max-snippet:-1","max-image-preview":"max-image-preview:large","max-video-preview":"max-video-preview:-1"},"canonical":"https:\/\/www.meydan.tv\/az\/article\/tebii-felaketden-zerer-gormus-sexsler-evlerinin-tikintisinden-narazidir\/","og_locale":"az_AZ","og_type":"article","og_title":"T\u0259bii f\u0259lak\u0259td\u0259n z\u0259r\u0259r g\u00f6rm\u00fc\u015f \u015f\u0259xsl\u0259r evl\u0259rinin tikintisind\u0259n naraz\u0131d\u0131r - MEYDAN.TV","og_description":"\"A\u011fsuda \u00e7ox adam\u0131n evini yar\u0131m\u00e7\u0131q qoyublar, ya da ba\u015fdangetdi tikibl\u0259r\"","og_url":"https:\/\/www.meydan.tv\/az\/article\/tebii-felaketden-zerer-gormus-sexsler-evlerinin-tikintisinden-narazidir\/","og_site_name":"MEYDAN.TV","article_published_time":"2020-04-27T15:31:58+00:00","og_image":[{"width":949,"height":1170,"url":"https:\/\/www.meydan.tv\/wp-content\/uploads\/murad_soltanovun_evi.jpeg","type":"image\/jpeg"}],"author":"user-manager","twitter_card":"summary_large_image","schema":{"@context":"https:\/\/schema.org","@graph":[{"@type":"Article","@id":"https:\/\/www.meydan.tv\/az\/article\/tebii-felaketden-zerer-gormus-sexsler-evlerinin-tikintisinden-narazidir\/#article","isPartOf":{"@id":"https:\/\/www.meydan.tv\/az\/article\/tebii-felaketden-zerer-gormus-sexsler-evlerinin-tikintisinden-narazidir\/"},"author":{"name":"user-manager","@id":"https:\/\/www.meydan.tv\/az\/#\/schema\/person\/10d11eccf6da3662cf5fdab9806ea91a"},"headline":"T\u0259bii f\u0259lak\u0259td\u0259n z\u0259r\u0259r g\u00f6rm\u00fc\u015f \u015f\u0259xsl\u0259r evl\u0259rinin tikintisind\u0259n naraz\u0131d\u0131r","datePublished":"2020-04-27T15:31:58+00:00","mainEntityOfPage":{"@id":"https:\/\/www.meydan.tv\/az\/article\/tebii-felaketden-zerer-gormus-sexsler-evlerinin-tikintisinden-narazidir\/"},"wordCount":1256,"publisher":{"@id":"https:\/\/www.meydan.tv\/az\/#organization"},"image":{"@id":"https:\/\/www.meydan.tv\/az\/article\/tebii-felaketden-zerer-gormus-sexsler-evlerinin-tikintisinden-narazidir\/#primaryimage"},"thumbnailUrl":"https:\/\/www.meydan.tv\/wp-content\/uploads\/murad_soltanovun_evi.jpeg","articleSection":["B\u00f6lg\u0259"],"inLanguage":"az"},{"@type":"WebPage","@id":"https:\/\/www.meydan.tv\/az\/article\/tebii-felaketden-zerer-gormus-sexsler-evlerinin-tikintisinden-narazidir\/","url":"https:\/\/www.meydan.tv\/az\/article\/tebii-felaketden-zerer-gormus-sexsler-evlerinin-tikintisinden-narazidir\/","name":"T\u0259bii f\u0259lak\u0259td\u0259n z\u0259r\u0259r g\u00f6rm\u00fc\u015f \u015f\u0259xsl\u0259r evl\u0259rinin tikintisind\u0259n naraz\u0131d\u0131r - MEYDAN.TV","isPartOf":{"@id":"https:\/\/www.meydan.tv\/az\/#website"},"primaryImageOfPage":{"@id":"https:\/\/www.meydan.tv\/az\/article\/tebii-felaketden-zerer-gormus-sexsler-evlerinin-tikintisinden-narazidir\/#primaryimage"},"image":{"@id":"https:\/\/www.meydan.tv\/az\/article\/tebii-felaketden-zerer-gormus-sexsler-evlerinin-tikintisinden-narazidir\/#primaryimage"},"thumbnailUrl":"https:\/\/www.meydan.tv\/wp-content\/uploads\/murad_soltanovun_evi.jpeg","datePublished":"2020-04-27T15:31:58+00:00","breadcrumb":{"@id":"https:\/\/www.meydan.tv\/az\/article\/tebii-felaketden-zerer-gormus-sexsler-evlerinin-tikintisinden-narazidir\/#breadcrumb"},"inLanguage":"az","potentialAction":[{"@type":"ReadAction","target":["https:\/\/www.meydan.tv\/az\/article\/tebii-felaketden-zerer-gormus-sexsler-evlerinin-tikintisinden-narazidir\/"]}]},{"@type":"ImageObject","inLanguage":"az","@id":"https:\/\/www.meydan.tv\/az\/article\/tebii-felaketden-zerer-gormus-sexsler-evlerinin-tikintisinden-narazidir\/#primaryimage","url":"https:\/\/www.meydan.tv\/wp-content\/uploads\/murad_soltanovun_evi.jpeg","contentUrl":"https:\/\/www.meydan.tv\/wp-content\/uploads\/murad_soltanovun_evi.jpeg","width":949,"height":1170,"caption":"Source: Specify Source"},{"@type":"BreadcrumbList","@id":"https:\/\/www.meydan.tv\/az\/article\/tebii-felaketden-zerer-gormus-sexsler-evlerinin-tikintisinden-narazidir\/#breadcrumb","itemListElement":[{"@type":"ListItem","position":1,"name":"Ana s\u0259hif\u0259","item":"https:\/\/www.meydan.tv\/az\/"},{"@type":"ListItem","position":2,"name":"B\u00f6lg\u0259","item":"https:\/\/www.meydan.tv\/az\/section\/bolge\/"},{"@type":"ListItem","position":3,"name":"T\u0259bii f\u0259lak\u0259td\u0259n z\u0259r\u0259r g\u00f6rm\u00fc\u015f \u015f\u0259xsl\u0259r evl\u0259rinin tikintisind\u0259n naraz\u0131d\u0131r"}]},{"@type":"WebSite","@id":"https:\/\/www.meydan.tv\/az\/#website","url":"https:\/\/www.meydan.tv\/az\/","name":"MEYDAN.TV","description":"Meydan TV Az\u0259rbaycan\u0131n media m\u0259kan\u0131ndak\u0131 alternativ s\u0259sidir","publisher":{"@id":"https:\/\/www.meydan.tv\/az\/#organization"},"potentialAction":[{"@type":"SearchAction","target":{"@type":"EntryPoint","urlTemplate":"https:\/\/www.meydan.tv\/az\/?s={search_term_string}"},"query-input":{"@type":"PropertyValueSpecification","valueRequired":true,"valueName":"search_term_string"}}],"inLanguage":"az"},{"@type":"Organization","@id":"https:\/\/www.meydan.tv\/az\/#organization","name":"Meydan TV","url":"https:\/\/www.meydan.tv\/az\/","logo":{"@type":"ImageObject","inLanguage":"az","@id":"https:\/\/www.meydan.tv\/az\/#\/schema\/logo\/image\/","url":"https:\/\/www.meydan.tv\/wp-content\/uploads\/2021\/07\/meydan-logo.svg","contentUrl":"https:\/\/www.meydan.tv\/wp-content\/uploads\/2021\/07\/meydan-logo.svg","width":195,"height":46,"caption":"Meydan TV"},"image":{"@id":"https:\/\/www.meydan.tv\/az\/#\/schema\/logo\/image\/"}},{"@type":"Person","@id":"https:\/\/www.meydan.tv\/az\/#\/schema\/person\/10d11eccf6da3662cf5fdab9806ea91a","name":"user-manager"}]}},"_links":{"self":[{"href":"https:\/\/www.meydan.tv\/az\/wp-json\/wp\/v2\/posts\/200336","targetHints":{"allow":["GET"]}}],"collection":[{"href":"https:\/\/www.meydan.tv\/az\/wp-json\/wp\/v2\/posts"}],"about":[{"href":"https:\/\/www.meydan.tv\/az\/wp-json\/wp\/v2\/types\/post"}],"author":[{"embeddable":true,"href":"https:\/\/www.meydan.tv\/az\/wp-json\/wp\/v2\/users\/11"}],"replies":[{"embeddable":true,"href":"https:\/\/www.meydan.tv\/az\/wp-json\/wp\/v2\/comments?post=200336"}],"version-history":[{"count":0,"href":"https:\/\/www.meydan.tv\/az\/wp-json\/wp\/v2\/posts\/200336\/revisions"}],"wp:featuredmedia":[{"embeddable":true,"href":"https:\/\/www.meydan.tv\/az\/wp-json\/wp\/v2\/media\/141017"}],"wp:attachment":[{"href":"https:\/\/www.meydan.tv\/az\/wp-json\/wp\/v2\/media?parent=200336"}],"wp:term":[{"taxonomy":"category","embeddable":true,"href":"https:\/\/www.meydan.tv\/az\/wp-json\/wp\/v2\/categories?post=200336"},{"taxonomy":"post_tag","embeddable":true,"href":"https:\/\/www.meydan.tv\/az\/wp-json\/wp\/v2\/tags?post=200336"}],"curies":[{"name":"wp","href":"https:\/\/api.w.org\/{rel}","templated":true}]}}