{"id":200329,"date":"2020-04-27T14:25:50","date_gmt":"2020-04-27T14:25:50","guid":{"rendered":"https:\/\/www.meydan.tv\/article\/yogunbulaqlilar-dagdan-dusub-geri-qayidan-cerimelenir\/"},"modified":"2020-04-27T14:25:50","modified_gmt":"2020-04-27T14:25:50","slug":"yogunbulaqlilar-dagdan-dusub-geri-qayidan-cerimelenir","status":"publish","type":"post","link":"https:\/\/www.meydan.tv\/az\/article\/yogunbulaqlilar-dagdan-dusub-geri-qayidan-cerimelenir\/","title":{"rendered":"Yo\u011funbulaql\u0131lar: Da\u011fdan d\u00fc\u015f\u00fcb, geri qay\u0131dan c\u0259rim\u0259l\u0259nir\u201d"},"content":{"rendered":"<p>\n  <i><br \/>\n    K\u0259nd sakinl\u0259ri hesab edirl\u0259r ki, da\u011f k\u0259ndl\u0259rind\u0259 ya\u015fayanlar\u0131n ya\u015fay\u0131\u015f yerinin t\u0259rk edilm\u0259si \u00fc\u00e7\u00fcn icaz\u0259 m\u00fcdd\u0259ti uzad\u0131lmal\u0131d\u0131r<br \/>\n  <\/i>\n<\/p>\n<p>\n  \u201cK\u0259nd sakinl\u0259ri ismar\u0131c yaz\u0131b, vaxt g\u00f6t\u00fcr\u00fcr, ancaq da\u011fdan a\u015fa\u011f\u0131 d\u00fc\u015f\u00fcb rayon m\u0259rk\u0259zin\u0259 getm\u0259k, bazarl\u0131q etm\u0259k, x\u0259st\u0259xana, po\u00e7t i\u015fl\u0259ri xeyli vaxt apar\u0131r. \u0130\u015fl\u0259rimizi bitirib k\u0259nd\u0259 qay\u0131danda yolda tutub c\u0259rim\u0259l\u0259yirl\u0259r\u201d.\n<\/p>\n<p>\n  Tovuzun Yo\u011funbulaq k\u0259nd sakini A\u011famir M\u0259mm\u0259dov Meydan TV-y\u0259 dan\u0131\u015f\u0131r ki, ya\u015fad\u0131\u011f\u0131 k\u0259ndd\u0259 xeyli insan karantin rejimini pozmaqla \u0259laq\u0259li c\u0259rim\u0259l\u0259nib. K\u0259nd sakinl\u0259ri bu c\u0259rim\u0259l\u0259rl\u0259 raz\u0131la\u015fm\u0131r. Onlar bunu ya\u015fay\u0131\u015f yerini t\u0259rk etm\u0259k \u00fc\u00e7\u00fcn veril\u0259n m\u00fcdd\u0259tin azl\u0131\u011f\u0131 il\u0259 \u0259sasland\u0131r\u0131rlar. D\u00fc\u015f\u00fcn\u00fcrl\u0259r ki, h\u00f6kum\u0259t da\u011f k\u0259ndl\u0259rind\u0259 ya\u015fayanlar\u0131n ya\u015fay\u0131\u015f yerini t\u0259rk etm\u0259si il\u0259 ba\u011fl\u0131 icaz\u0259 m\u00fcdd\u0259tini uzatmal\u0131d\u0131r:\n<\/p>\n<p>\n  <b><br \/>\n    \u201cVaxt\u0131n \u00e7ox hiss\u0259si b\u0259rbad yolla h\u0259r\u0259k\u0259timiz\u0259 s\u0259rf olunur\u201d<br \/>\n  <\/b>\n<\/p>\n<p>\n  \u201cRayon m\u0259rk\u0259zind\u0259 ya\u015fayan \u00e7\u0131x\u0131b bazarl\u0131\u011f\u0131n\u0131 edib, girir evin\u0259&#8230; Biziml\u0259 rayon m\u0259rk\u0259zi aras\u0131nda xeyli m\u0259saf\u0259 var. 2 saat idi, indi bu g\u00fcnd\u0259n 3 saat oldu, bu vaxt\u0131n \u00e7ox hiss\u0259si el\u0259 bizim yol gedib-g\u0259lm\u0259yimiz\u0259 s\u0259rf olunur. \u00c7\u00fcnki yollar\u0131m\u0131z da b\u0259rbadd\u0131r, t\u0259miri yar\u0131m\u00e7\u0131q qal\u0131b. Bu is\u0259 yolda l\u0259ngim\u0259yimizin \u0259sas s\u0259b\u0259bl\u0259rind\u0259n biridir. O g\u00fcn biri getdi 190 manat\u0131 alma\u011fa, po\u00e7tda n\u00f6vb\u0259d\u0259 ili\u015fib qald\u0131, geri qay\u0131danda tutub c\u0259rim\u0259l\u0259dil\u0259r. B\u0259db\u0259xt o\u011flunun ald\u0131\u011f\u0131 190 manat\u0131n 100 manat\u0131 c\u0259rim\u0259y\u0259 ged\u0259c\u0259k. Bu yax\u0131nlarda \u00f6z\u00fcn\u00fcz Sar\u0131tala k\u0259ndind\u0259 oldunuz, g\u00f6rd\u00fcn\u00fcz ki, x\u0259st\u0259xanam\u0131z yox, aptekimiz yox&#8230; K\u0259ndlimiz q\u0131z\u0131n\u0131 x\u0259st\u0259xanaya apard\u0131, x\u0259st\u0259xana yaln\u0131z x\u0259st\u0259y\u0259 g\u00f6r\u0259 aray\u0131\u015f verdi, geri qay\u0131danda saxlay\u0131b yan\u0131ndak\u0131 anas\u0131n\u0131 da, qarda\u015f\u0131n\u0131 da c\u0259rim\u0259l\u0259dil\u0259r. Aptek yoxdur, birinin ba\u015f\u0131, o birinin qarn\u0131 a\u011fr\u0131yanda, m\u0259cburdular ki, \u0259n yax\u0131nl\u0131\u011f\u0131m\u0131zda yerl\u0259\u015f\u0259n Qovlara getsinl\u0259r. Orayla da m\u0259saf\u0259miz o t\u0259r\u0259f-bu t\u0259r\u0259f 60 kilometrdir. K\u0259ndd\u0259 bankomat yoxdur, anam\u0131n pensiyas\u0131 \u00fc\u00e7\u00fcn rayon m\u0259rk\u0259zin\u0259 getm\u0259li oldum, orda da uzun-uzad\u0131 n\u00f6vb\u0259 vard\u0131, geri qay\u0131danda partizan kimi gizl\u0259n\u0259-gizl\u0259n\u0259, alternativ yollar axtara-axtara qay\u0131td\u0131m ki, polis saxlay\u0131b anam\u0131n 230 manat pensiyas\u0131n\u0131n yar\u0131s\u0131n\u0131 c\u0259rim\u0259y\u0259 tutmas\u0131n. Biz t\u0259l\u0259b edirik ki, h\u00f6kum\u0259t da\u011f k\u0259ndl\u0259rind\u0259 ya\u015fayan insanlar\u0131 karantin d\u00f6vr\u00fcnd\u0259 y\u00fckl\u0259diyi c\u0259rim\u0259l\u0259rd\u0259n azad etsin\u201d.\n<\/p>\n<p>\n  <b><br \/>\n    \u201cK\u0259ndli torpaq yesin?\u201d<br \/>\n  <\/b>\n<\/p>\n<p>\n  K\u0259nd sakinl\u0259rini narahat ed\u0259n m\u0259s\u0259l\u0259l\u0259rd\u0259n biri d\u0259 karantin d\u00f6vr\u00fcnd\u0259 190 manat bird\u0259f\u0259lik yard\u0131m \u00fc\u00e7\u00fcn etdikl\u0259ri m\u00fcraci\u0259tl\u0259r\u0259 g\u00f6r\u0259dir:\n<\/p>\n<p>\n  \u201cK\u0259ndin yar\u0131s\u0131 yerli-dibli cavab almay\u0131b, yar\u0131s\u0131na da cavab g\u0259lib ki, pay torpa\u011f\u0131n var, s\u0259n\u0259 d\u00fc\u015fm\u00fcr&#8230; Tutaq ki, m\u0259nim 5-10 sot pay torpa\u011f\u0131m var, ba\u015f\u0131n\u0131za d\u00f6n\u00fcm, bu torpa\u011f\u0131 3 g\u00fcn\u00fcn i\u00e7ind\u0259 \u0259kib, bec\u0259rib, m\u0259hsul toplay\u0131b satas\u0131 deyil\u0259m ki, o pulla \u00e7\u00f6r\u0259k alam. \u018fg\u0259r bu yard\u0131m karantin d\u00f6vr\u00fcnd\u0259 ac qalmamaq \u00fc\u00e7\u00fcn verilirs\u0259, bunun torpaqla n\u0259 \u0259laq\u0259si? K\u0259ndli torpaq yey\u0259si deyil ki&#8230;\u201d\n<\/p>\n<figure class=\"wp-block-image size-large\">\n  <img decoding=\"async\" src=\"https:\/\/www.meydan.tv\/az\/reg_yogunbulaq_kendi-jpg\/\" alt=\"reg_yogunbulaq_kendi.jpg\" class=\"wp-image-140999\"\/><figcaption>\n    K\u0259nd sakinl\u0259rini narahat ed\u0259n m\u0259s\u0259l\u0259l\u0259rd\u0259n biri d\u0259 karantin d\u00f6vr\u00fcnd\u0259 190 manat bird\u0259f\u0259lik yard\u0131m \u00fc\u00e7\u00fcn etdikl\u0259ri m\u00fcraci\u0259tl\u0259r\u0259 g\u00f6r\u0259dir<br \/>\n  <\/figcaption><\/figure>\n<p>\n  <b><br \/>\n    \u201c\u0130nsanlar\u0131 c\u0259rim\u0259yl\u0259 y\u00fckl\u0259m\u0259kl\u0259 m\u0259s\u0259l\u0259 h\u0259ll olmur\u201d<br \/>\n  <\/b>\n<\/p>\n<p>\n  K\u0259nd sakinl\u0259ri c\u0259rim\u0259 m\u0259s\u0259l\u0259siyl\u0259 ba\u011fl\u0131 Tovuz rayon \u0130cra Hakimiyy\u0259tin\u0259 m\u00fcraci\u0259t etdikl\u0259rini deyirl\u0259r:\n<\/p>\n<p>\n  \u201cM\u00fcraci\u0259t etmi\u015fik ki, d\u0259niz s\u0259viyy\u0259sind\u0259n 2400 metr h\u00fcnd\u00fcrl\u00fckd\u0259, rayon m\u0259rk\u0259zind\u0259n 45 kilometr aral\u0131da yerl\u0259\u015firik. He\u00e7 olmasa icra hakimiyy\u0259ti Bak\u0131ya aidiyy\u0259ti qurumlara m\u0259ktub g\u00f6nd\u0259rsin, m\u00fcraci\u0259t el\u0259sin, da\u011f k\u0259ndind\u0259 ya\u015fayanlar\u0131n v\u0259ziyy\u0259tl\u0259rinin n\u0259z\u0259r\u0259 al\u0131nmas\u0131n\u0131 xahi\u015f el\u0259sin. K\u0259ndlinin g\u0259lir yeri yox, torpa\u011f\u0131 bir qisim insan \u0259kib-bec\u0259rir, m\u0259hsul g\u00f6t\u00fcr\u00fcr, \u00f6r\u00fc\u015f sah\u0259l\u0259rimiz z\u0259bt olunub, sabah bu c\u0259rim\u0259l\u0259ri nec\u0259 \u00f6d\u0259y\u0259c\u0259yik? \u0130nsanlar\u0131 y\u00fckl\u0259m\u0259kl\u0259 m\u0259s\u0259l\u0259 h\u0259ll olmur. Vaxt\u0131nda k\u0259ndd\u0259 normal \u015f\u0259raiti olan x\u0259st\u0259xana tiks\u0259ydil\u0259r, indi bel\u0259 bir vaxtda q\u0131\u00e7\u0131m\u0131z\u0131 s\u0131nd\u0131r\u0131b oturard\u0131q k\u0259ndimizd\u0259, x\u0259st\u0259miz olanda rayon m\u0259rk\u0259zin\u0259 \u00fcz tutmazd\u0131q, aptek, bir-iki market a\u00e7sayd\u0131lar, adamlar alacaqlar\u0131 \u00fc\u00e7\u00fcn 45 kilometr o t\u0259r\u0259f\u0259 getm\u0259zdi. Vaxt\u0131nda g\u0259tirib k\u0259ndin iki yerin\u0259 bankomat qura\u015fd\u0131rsayd\u0131lar, indi \u0259hali pensiya \u00fc\u00e7\u00fcn rayon m\u0259rk\u0259zin\u0259 ax\u0131\u015fmazd\u0131, c\u0259rim\u0259l\u0259nm\u0259zdi\u201d.\n<\/p>\n<p>\n  Tovuz Rayon \u0130cra Hakimiyy\u0259tind\u0259n bildirilib ki, bu m\u0259s\u0259l\u0259l\u0259r qurumun s\u0259lahiyy\u0259tl\u0259rin\u0259 aid olmad\u0131\u011f\u0131na g\u00f6r\u0259 m\u00fcdaxil\u0259 etm\u0259k imkanlar\u0131 yoxdur. Bunun \u00fc\u00e7\u00fcn v\u0259t\u0259nda\u015flar \u00f6zl\u0259ri m\u00fcvafiq qurumlara m\u00fcraci\u0259t ed\u0259 bil\u0259rl\u0259r.\n<\/p>\n<p>\n  Tovuz Rayon Polis \u015e\u00f6b\u0259sind\u0259n bildirilib ki, polis \u00f6hd\u0259sin\u0259 d\u00fc\u015f\u0259n q\u0259rar\u0131 icra edir. C\u0259rim\u0259d\u0259n naraz\u0131l\u0131\u011f\u0131 olan v\u0259t\u0259nda\u015f m\u0259hk\u0259m\u0259y\u0259 m\u00fcraci\u0259t ed\u0259 bil\u0259r.\n<\/p>\n<p>\n  Nazirl\u0259r Kabinetinin 18 aprel 2020-ci il 144 sayl\u0131 q\u0259rar\u0131 il\u0259 \u00f6lk\u0259 \u0259razisind\u0259 t\u0259tbiq olunan x\u00fcsusi karantin rejiminin m\u00fcdd\u0259ti may\u0131n 4-d\u0259k uzad\u0131l\u0131b. Aprelin 27-d\u0259n is\u0259 m\u0259hdudiyy\u0259tl\u0259rin bir qismi yum\u015fald\u0131l\u0131b. Bu yum\u015falmalardan biri d\u0259 8103 n\u00f6mr\u0259sin\u0259 SMS m\u0259lumat g\u00f6nd\u0259ril\u0259rk\u0259n g\u0259l\u0259n icaz\u0259 m\u00fcdd\u0259tinin 2 saatdan 3 saatad\u0259k art\u0131r\u0131lmas\u0131d\u0131r.<\/p>\n","protected":false},"excerpt":{"rendered":"<p>\u201cHe\u00e7 olmasa icra hakimiyy\u0259ti Bak\u0131ya aidiyy\u0259ti qurumlara m\u0259ktub g\u00f6nd\u0259rsin, m\u00fcraci\u0259t el\u0259sin, da\u011f k\u0259ndind\u0259 ya\u015fayanlar\u0131n v\u0259ziyy\u0259tl\u0259rinin n\u0259z\u0259r\u0259 al\u0131nmas\u0131n\u0131 xahi\u015f el\u0259sin&#8221;<\/p>\n","protected":false},"author":11,"featured_media":140996,"comment_status":"closed","ping_status":"open","sticky":false,"template":"","format":"standard","meta":{"_acf_changed":false,"_sitemap_exclude":false,"_sitemap_priority":"","_sitemap_frequency":"","footnotes":""},"categories":[60],"tags":[],"class_list":["post-200329","post","type-post","status-publish","format-standard","has-post-thumbnail","hentry","category-bolge","infinite-scroll-item","generate-columns","tablet-grid-50","mobile-grid-100","grid-parent","grid-33","no-featured-image-padding"],"acf":[],"yoast_head":"<!-- This site is optimized with the Yoast SEO plugin v27.5 - https:\/\/yoast.com\/product\/yoast-seo-wordpress\/ -->\n<title>Yo\u011funbulaql\u0131lar: Da\u011fdan d\u00fc\u015f\u00fcb, geri qay\u0131dan c\u0259rim\u0259l\u0259nir\u201d - MEYDAN.TV<\/title>\n<meta name=\"robots\" content=\"index, follow, max-snippet:-1, max-image-preview:large, max-video-preview:-1\" \/>\n<link rel=\"canonical\" href=\"https:\/\/www.meydan.tv\/az\/article\/yogunbulaqlilar-dagdan-dusub-geri-qayidan-cerimelenir\/\" \/>\n<meta property=\"og:locale\" content=\"az_AZ\" \/>\n<meta property=\"og:type\" content=\"article\" \/>\n<meta property=\"og:title\" content=\"Yo\u011funbulaql\u0131lar: Da\u011fdan d\u00fc\u015f\u00fcb, geri qay\u0131dan c\u0259rim\u0259l\u0259nir\u201d - MEYDAN.TV\" \/>\n<meta property=\"og:description\" content=\"\u201cHe\u00e7 olmasa icra hakimiyy\u0259ti Bak\u0131ya aidiyy\u0259ti qurumlara m\u0259ktub g\u00f6nd\u0259rsin, m\u00fcraci\u0259t el\u0259sin, da\u011f k\u0259ndind\u0259 ya\u015fayanlar\u0131n v\u0259ziyy\u0259tl\u0259rinin n\u0259z\u0259r\u0259 al\u0131nmas\u0131n\u0131 xahi\u015f el\u0259sin&quot;\" \/>\n<meta property=\"og:url\" content=\"https:\/\/www.meydan.tv\/az\/article\/yogunbulaqlilar-dagdan-dusub-geri-qayidan-cerimelenir\/\" \/>\n<meta property=\"og:site_name\" content=\"MEYDAN.TV\" \/>\n<meta property=\"article:published_time\" content=\"2020-04-27T14:25:50+00:00\" \/>\n<meta property=\"og:image\" content=\"https:\/\/www.meydan.tv\/wp-content\/uploads\/reg_yogunbulaq_kendi_1.jpg\" \/>\n\t<meta property=\"og:image:width\" content=\"1024\" \/>\n\t<meta property=\"og:image:height\" content=\"768\" \/>\n\t<meta property=\"og:image:type\" content=\"image\/jpeg\" \/>\n<meta name=\"author\" content=\"user-manager\" \/>\n<meta name=\"twitter:card\" content=\"summary_large_image\" \/>\n<script type=\"application\/ld+json\" class=\"yoast-schema-graph\">{\"@context\":\"https:\\\/\\\/schema.org\",\"@graph\":[{\"@type\":\"Article\",\"@id\":\"https:\\\/\\\/www.meydan.tv\\\/az\\\/article\\\/yogunbulaqlilar-dagdan-dusub-geri-qayidan-cerimelenir\\\/#article\",\"isPartOf\":{\"@id\":\"https:\\\/\\\/www.meydan.tv\\\/az\\\/article\\\/yogunbulaqlilar-dagdan-dusub-geri-qayidan-cerimelenir\\\/\"},\"author\":{\"name\":\"user-manager\",\"@id\":\"https:\\\/\\\/www.meydan.tv\\\/az\\\/#\\\/schema\\\/person\\\/10d11eccf6da3662cf5fdab9806ea91a\"},\"headline\":\"Yo\u011funbulaql\u0131lar: Da\u011fdan d\u00fc\u015f\u00fcb, geri qay\u0131dan c\u0259rim\u0259l\u0259nir\u201d\",\"datePublished\":\"2020-04-27T14:25:50+00:00\",\"mainEntityOfPage\":{\"@id\":\"https:\\\/\\\/www.meydan.tv\\\/az\\\/article\\\/yogunbulaqlilar-dagdan-dusub-geri-qayidan-cerimelenir\\\/\"},\"wordCount\":1066,\"publisher\":{\"@id\":\"https:\\\/\\\/www.meydan.tv\\\/az\\\/#organization\"},\"image\":{\"@id\":\"https:\\\/\\\/www.meydan.tv\\\/az\\\/article\\\/yogunbulaqlilar-dagdan-dusub-geri-qayidan-cerimelenir\\\/#primaryimage\"},\"thumbnailUrl\":\"https:\\\/\\\/www.meydan.tv\\\/wp-content\\\/uploads\\\/reg_yogunbulaq_kendi_1.jpg\",\"articleSection\":[\"B\u00f6lg\u0259\"],\"inLanguage\":\"az\"},{\"@type\":\"WebPage\",\"@id\":\"https:\\\/\\\/www.meydan.tv\\\/az\\\/article\\\/yogunbulaqlilar-dagdan-dusub-geri-qayidan-cerimelenir\\\/\",\"url\":\"https:\\\/\\\/www.meydan.tv\\\/az\\\/article\\\/yogunbulaqlilar-dagdan-dusub-geri-qayidan-cerimelenir\\\/\",\"name\":\"Yo\u011funbulaql\u0131lar: Da\u011fdan d\u00fc\u015f\u00fcb, geri qay\u0131dan c\u0259rim\u0259l\u0259nir\u201d - MEYDAN.TV\",\"isPartOf\":{\"@id\":\"https:\\\/\\\/www.meydan.tv\\\/az\\\/#website\"},\"primaryImageOfPage\":{\"@id\":\"https:\\\/\\\/www.meydan.tv\\\/az\\\/article\\\/yogunbulaqlilar-dagdan-dusub-geri-qayidan-cerimelenir\\\/#primaryimage\"},\"image\":{\"@id\":\"https:\\\/\\\/www.meydan.tv\\\/az\\\/article\\\/yogunbulaqlilar-dagdan-dusub-geri-qayidan-cerimelenir\\\/#primaryimage\"},\"thumbnailUrl\":\"https:\\\/\\\/www.meydan.tv\\\/wp-content\\\/uploads\\\/reg_yogunbulaq_kendi_1.jpg\",\"datePublished\":\"2020-04-27T14:25:50+00:00\",\"breadcrumb\":{\"@id\":\"https:\\\/\\\/www.meydan.tv\\\/az\\\/article\\\/yogunbulaqlilar-dagdan-dusub-geri-qayidan-cerimelenir\\\/#breadcrumb\"},\"inLanguage\":\"az\",\"potentialAction\":[{\"@type\":\"ReadAction\",\"target\":[\"https:\\\/\\\/www.meydan.tv\\\/az\\\/article\\\/yogunbulaqlilar-dagdan-dusub-geri-qayidan-cerimelenir\\\/\"]}]},{\"@type\":\"ImageObject\",\"inLanguage\":\"az\",\"@id\":\"https:\\\/\\\/www.meydan.tv\\\/az\\\/article\\\/yogunbulaqlilar-dagdan-dusub-geri-qayidan-cerimelenir\\\/#primaryimage\",\"url\":\"https:\\\/\\\/www.meydan.tv\\\/wp-content\\\/uploads\\\/reg_yogunbulaq_kendi_1.jpg\",\"contentUrl\":\"https:\\\/\\\/www.meydan.tv\\\/wp-content\\\/uploads\\\/reg_yogunbulaq_kendi_1.jpg\",\"width\":1024,\"height\":768,\"caption\":\"Source: Specify Source\"},{\"@type\":\"BreadcrumbList\",\"@id\":\"https:\\\/\\\/www.meydan.tv\\\/az\\\/article\\\/yogunbulaqlilar-dagdan-dusub-geri-qayidan-cerimelenir\\\/#breadcrumb\",\"itemListElement\":[{\"@type\":\"ListItem\",\"position\":1,\"name\":\"Ana s\u0259hif\u0259\",\"item\":\"https:\\\/\\\/www.meydan.tv\\\/az\\\/\"},{\"@type\":\"ListItem\",\"position\":2,\"name\":\"B\u00f6lg\u0259\",\"item\":\"https:\\\/\\\/www.meydan.tv\\\/az\\\/section\\\/bolge\\\/\"},{\"@type\":\"ListItem\",\"position\":3,\"name\":\"Yo\u011funbulaql\u0131lar: Da\u011fdan d\u00fc\u015f\u00fcb, geri qay\u0131dan c\u0259rim\u0259l\u0259nir\u201d\"}]},{\"@type\":\"WebSite\",\"@id\":\"https:\\\/\\\/www.meydan.tv\\\/az\\\/#website\",\"url\":\"https:\\\/\\\/www.meydan.tv\\\/az\\\/\",\"name\":\"MEYDAN.TV\",\"description\":\"Meydan TV Az\u0259rbaycan\u0131n media m\u0259kan\u0131ndak\u0131 alternativ s\u0259sidir\",\"publisher\":{\"@id\":\"https:\\\/\\\/www.meydan.tv\\\/az\\\/#organization\"},\"potentialAction\":[{\"@type\":\"SearchAction\",\"target\":{\"@type\":\"EntryPoint\",\"urlTemplate\":\"https:\\\/\\\/www.meydan.tv\\\/az\\\/?s={search_term_string}\"},\"query-input\":{\"@type\":\"PropertyValueSpecification\",\"valueRequired\":true,\"valueName\":\"search_term_string\"}}],\"inLanguage\":\"az\"},{\"@type\":\"Organization\",\"@id\":\"https:\\\/\\\/www.meydan.tv\\\/az\\\/#organization\",\"name\":\"Meydan TV\",\"url\":\"https:\\\/\\\/www.meydan.tv\\\/az\\\/\",\"logo\":{\"@type\":\"ImageObject\",\"inLanguage\":\"az\",\"@id\":\"https:\\\/\\\/www.meydan.tv\\\/az\\\/#\\\/schema\\\/logo\\\/image\\\/\",\"url\":\"https:\\\/\\\/www.meydan.tv\\\/wp-content\\\/uploads\\\/2021\\\/07\\\/meydan-logo.svg\",\"contentUrl\":\"https:\\\/\\\/www.meydan.tv\\\/wp-content\\\/uploads\\\/2021\\\/07\\\/meydan-logo.svg\",\"width\":195,\"height\":46,\"caption\":\"Meydan TV\"},\"image\":{\"@id\":\"https:\\\/\\\/www.meydan.tv\\\/az\\\/#\\\/schema\\\/logo\\\/image\\\/\"}},{\"@type\":\"Person\",\"@id\":\"https:\\\/\\\/www.meydan.tv\\\/az\\\/#\\\/schema\\\/person\\\/10d11eccf6da3662cf5fdab9806ea91a\",\"name\":\"user-manager\"}]}<\/script>\n<!-- \/ Yoast SEO plugin. -->","yoast_head_json":{"title":"Yo\u011funbulaql\u0131lar: Da\u011fdan d\u00fc\u015f\u00fcb, geri qay\u0131dan c\u0259rim\u0259l\u0259nir\u201d - MEYDAN.TV","robots":{"index":"index","follow":"follow","max-snippet":"max-snippet:-1","max-image-preview":"max-image-preview:large","max-video-preview":"max-video-preview:-1"},"canonical":"https:\/\/www.meydan.tv\/az\/article\/yogunbulaqlilar-dagdan-dusub-geri-qayidan-cerimelenir\/","og_locale":"az_AZ","og_type":"article","og_title":"Yo\u011funbulaql\u0131lar: Da\u011fdan d\u00fc\u015f\u00fcb, geri qay\u0131dan c\u0259rim\u0259l\u0259nir\u201d - MEYDAN.TV","og_description":"\u201cHe\u00e7 olmasa icra hakimiyy\u0259ti Bak\u0131ya aidiyy\u0259ti qurumlara m\u0259ktub g\u00f6nd\u0259rsin, m\u00fcraci\u0259t el\u0259sin, da\u011f k\u0259ndind\u0259 ya\u015fayanlar\u0131n v\u0259ziyy\u0259tl\u0259rinin n\u0259z\u0259r\u0259 al\u0131nmas\u0131n\u0131 xahi\u015f el\u0259sin\"","og_url":"https:\/\/www.meydan.tv\/az\/article\/yogunbulaqlilar-dagdan-dusub-geri-qayidan-cerimelenir\/","og_site_name":"MEYDAN.TV","article_published_time":"2020-04-27T14:25:50+00:00","og_image":[{"width":1024,"height":768,"url":"https:\/\/www.meydan.tv\/wp-content\/uploads\/reg_yogunbulaq_kendi_1.jpg","type":"image\/jpeg"}],"author":"user-manager","twitter_card":"summary_large_image","schema":{"@context":"https:\/\/schema.org","@graph":[{"@type":"Article","@id":"https:\/\/www.meydan.tv\/az\/article\/yogunbulaqlilar-dagdan-dusub-geri-qayidan-cerimelenir\/#article","isPartOf":{"@id":"https:\/\/www.meydan.tv\/az\/article\/yogunbulaqlilar-dagdan-dusub-geri-qayidan-cerimelenir\/"},"author":{"name":"user-manager","@id":"https:\/\/www.meydan.tv\/az\/#\/schema\/person\/10d11eccf6da3662cf5fdab9806ea91a"},"headline":"Yo\u011funbulaql\u0131lar: Da\u011fdan d\u00fc\u015f\u00fcb, geri qay\u0131dan c\u0259rim\u0259l\u0259nir\u201d","datePublished":"2020-04-27T14:25:50+00:00","mainEntityOfPage":{"@id":"https:\/\/www.meydan.tv\/az\/article\/yogunbulaqlilar-dagdan-dusub-geri-qayidan-cerimelenir\/"},"wordCount":1066,"publisher":{"@id":"https:\/\/www.meydan.tv\/az\/#organization"},"image":{"@id":"https:\/\/www.meydan.tv\/az\/article\/yogunbulaqlilar-dagdan-dusub-geri-qayidan-cerimelenir\/#primaryimage"},"thumbnailUrl":"https:\/\/www.meydan.tv\/wp-content\/uploads\/reg_yogunbulaq_kendi_1.jpg","articleSection":["B\u00f6lg\u0259"],"inLanguage":"az"},{"@type":"WebPage","@id":"https:\/\/www.meydan.tv\/az\/article\/yogunbulaqlilar-dagdan-dusub-geri-qayidan-cerimelenir\/","url":"https:\/\/www.meydan.tv\/az\/article\/yogunbulaqlilar-dagdan-dusub-geri-qayidan-cerimelenir\/","name":"Yo\u011funbulaql\u0131lar: Da\u011fdan d\u00fc\u015f\u00fcb, geri qay\u0131dan c\u0259rim\u0259l\u0259nir\u201d - MEYDAN.TV","isPartOf":{"@id":"https:\/\/www.meydan.tv\/az\/#website"},"primaryImageOfPage":{"@id":"https:\/\/www.meydan.tv\/az\/article\/yogunbulaqlilar-dagdan-dusub-geri-qayidan-cerimelenir\/#primaryimage"},"image":{"@id":"https:\/\/www.meydan.tv\/az\/article\/yogunbulaqlilar-dagdan-dusub-geri-qayidan-cerimelenir\/#primaryimage"},"thumbnailUrl":"https:\/\/www.meydan.tv\/wp-content\/uploads\/reg_yogunbulaq_kendi_1.jpg","datePublished":"2020-04-27T14:25:50+00:00","breadcrumb":{"@id":"https:\/\/www.meydan.tv\/az\/article\/yogunbulaqlilar-dagdan-dusub-geri-qayidan-cerimelenir\/#breadcrumb"},"inLanguage":"az","potentialAction":[{"@type":"ReadAction","target":["https:\/\/www.meydan.tv\/az\/article\/yogunbulaqlilar-dagdan-dusub-geri-qayidan-cerimelenir\/"]}]},{"@type":"ImageObject","inLanguage":"az","@id":"https:\/\/www.meydan.tv\/az\/article\/yogunbulaqlilar-dagdan-dusub-geri-qayidan-cerimelenir\/#primaryimage","url":"https:\/\/www.meydan.tv\/wp-content\/uploads\/reg_yogunbulaq_kendi_1.jpg","contentUrl":"https:\/\/www.meydan.tv\/wp-content\/uploads\/reg_yogunbulaq_kendi_1.jpg","width":1024,"height":768,"caption":"Source: Specify Source"},{"@type":"BreadcrumbList","@id":"https:\/\/www.meydan.tv\/az\/article\/yogunbulaqlilar-dagdan-dusub-geri-qayidan-cerimelenir\/#breadcrumb","itemListElement":[{"@type":"ListItem","position":1,"name":"Ana s\u0259hif\u0259","item":"https:\/\/www.meydan.tv\/az\/"},{"@type":"ListItem","position":2,"name":"B\u00f6lg\u0259","item":"https:\/\/www.meydan.tv\/az\/section\/bolge\/"},{"@type":"ListItem","position":3,"name":"Yo\u011funbulaql\u0131lar: Da\u011fdan d\u00fc\u015f\u00fcb, geri qay\u0131dan c\u0259rim\u0259l\u0259nir\u201d"}]},{"@type":"WebSite","@id":"https:\/\/www.meydan.tv\/az\/#website","url":"https:\/\/www.meydan.tv\/az\/","name":"MEYDAN.TV","description":"Meydan TV Az\u0259rbaycan\u0131n media m\u0259kan\u0131ndak\u0131 alternativ s\u0259sidir","publisher":{"@id":"https:\/\/www.meydan.tv\/az\/#organization"},"potentialAction":[{"@type":"SearchAction","target":{"@type":"EntryPoint","urlTemplate":"https:\/\/www.meydan.tv\/az\/?s={search_term_string}"},"query-input":{"@type":"PropertyValueSpecification","valueRequired":true,"valueName":"search_term_string"}}],"inLanguage":"az"},{"@type":"Organization","@id":"https:\/\/www.meydan.tv\/az\/#organization","name":"Meydan TV","url":"https:\/\/www.meydan.tv\/az\/","logo":{"@type":"ImageObject","inLanguage":"az","@id":"https:\/\/www.meydan.tv\/az\/#\/schema\/logo\/image\/","url":"https:\/\/www.meydan.tv\/wp-content\/uploads\/2021\/07\/meydan-logo.svg","contentUrl":"https:\/\/www.meydan.tv\/wp-content\/uploads\/2021\/07\/meydan-logo.svg","width":195,"height":46,"caption":"Meydan TV"},"image":{"@id":"https:\/\/www.meydan.tv\/az\/#\/schema\/logo\/image\/"}},{"@type":"Person","@id":"https:\/\/www.meydan.tv\/az\/#\/schema\/person\/10d11eccf6da3662cf5fdab9806ea91a","name":"user-manager"}]}},"_links":{"self":[{"href":"https:\/\/www.meydan.tv\/az\/wp-json\/wp\/v2\/posts\/200329","targetHints":{"allow":["GET"]}}],"collection":[{"href":"https:\/\/www.meydan.tv\/az\/wp-json\/wp\/v2\/posts"}],"about":[{"href":"https:\/\/www.meydan.tv\/az\/wp-json\/wp\/v2\/types\/post"}],"author":[{"embeddable":true,"href":"https:\/\/www.meydan.tv\/az\/wp-json\/wp\/v2\/users\/11"}],"replies":[{"embeddable":true,"href":"https:\/\/www.meydan.tv\/az\/wp-json\/wp\/v2\/comments?post=200329"}],"version-history":[{"count":0,"href":"https:\/\/www.meydan.tv\/az\/wp-json\/wp\/v2\/posts\/200329\/revisions"}],"wp:featuredmedia":[{"embeddable":true,"href":"https:\/\/www.meydan.tv\/az\/wp-json\/wp\/v2\/media\/140996"}],"wp:attachment":[{"href":"https:\/\/www.meydan.tv\/az\/wp-json\/wp\/v2\/media?parent=200329"}],"wp:term":[{"taxonomy":"category","embeddable":true,"href":"https:\/\/www.meydan.tv\/az\/wp-json\/wp\/v2\/categories?post=200329"},{"taxonomy":"post_tag","embeddable":true,"href":"https:\/\/www.meydan.tv\/az\/wp-json\/wp\/v2\/tags?post=200329"}],"curies":[{"name":"wp","href":"https:\/\/api.w.org\/{rel}","templated":true}]}}