{"id":200303,"date":"2020-04-24T14:00:39","date_gmt":"2020-04-24T14:00:39","guid":{"rendered":"https:\/\/www.meydan.tv\/article\/pensiyamiz-kirayehaqqina-gedir-ozumuz-ac-qaliriq\/"},"modified":"2020-04-24T14:00:39","modified_gmt":"2020-04-24T14:00:39","slug":"pensiyamiz-kirayehaqqina-gedir-ozumuz-ac-qaliriq","status":"publish","type":"post","link":"https:\/\/www.meydan.tv\/az\/article\/pensiyamiz-kirayehaqqina-gedir-ozumuz-ac-qaliriq\/","title":{"rendered":"\u201cPensiyam\u0131z kiray\u0259haqq\u0131na gedir, \u00f6z\u00fcm\u00fcz ac qal\u0131r\u0131q\u201d"},"content":{"rendered":"<p>\n  <i><br \/>\n    Karantin g\u00fcn\u0259muzd i\u015fl\u0259rd\u0259n \u00e7\u00f6r\u0259kpulu \u0259ld\u0259 ed\u0259n ail\u0259y\u0259 \u201cq\u0259nim k\u0259silib\u201d<br \/>\n  <\/i>\n<\/p>\n<p>\n  \u201cEvin kiray\u0259sinin vaxt\u0131 ke\u00e7ib, ev sahibi kiray\u0259ni t\u0259l\u0259b edir. 190 manat\u0131 ala bilm\u0259dik, imtina g\u0259ldi, \u00e7\u00fcnki \u0259lilliy\u0259 g\u00f6r\u0259 pensiya al\u0131ram. \u00dcnvanl\u0131 sosial yard\u0131m\u0131 da k\u0259sibl\u0259r\u201d.\n<\/p>\n<p>\n  X\u0131rdalan sakini Zaur \u018fl\u0259\u015fr\u0259fov bel\u0259 deyir.\n<\/p>\n<p>\n  \u018fl\u0259\u015fr\u0259fovlar ail\u0259si X\u0131rdalanda k\u00f6hn\u0259, bir h\u0259y\u0259td\u0259 balaca bir daxmada kiray\u0259d\u0259 ya\u015fay\u0131r. H\u0259y\u0259td\u0259 kiray\u0259d\u0259 qalan ba\u015fqa qon\u015fular da var. Ancaq dey\u0259s\u0259n \u0259n \u015f\u0259raitsiz, y\u00f6nd\u0259msiz otaq el\u0259 bu \u0259lil ail\u0259nin b\u0259xtin\u0259 d\u00fc\u015f\u00fcb. Yar\u0131qaranl\u0131q, s\u0259rb\u0259st h\u0259r\u0259k\u0259t \u00fc\u00e7\u00fcn narahat bu otaqda 3 n\u0259f\u0259r ya\u015fay\u0131r \u2013 3-c\u00fc qrup \u0259lilliyi olan Zaur, 1-ci qrup \u0259lilliyi olan evin xan\u0131m\u0131 v\u0259 3 ya\u015f\u0131nda q\u0131z \u00f6vladlar\u0131&#8230; Ail\u0259 karantin g\u00fcnl\u0259rind\u0259 x\u00fcsusil\u0259 \u00e7\u0259tin durumda qal\u0131b.\n<\/p>\n<p>\n  <b><br \/>\n    \u201cBel\u0259 vaxt\u0131m\u0131zda sosial yard\u0131m\u0131 da k\u0259sdil\u0259r\u201d<br \/>\n  <\/b>\n<\/p>\n<p>\n  Zaur \u018fl\u0259\u015fr\u0259fov Meydan TV-y\u0259 dan\u0131\u015f\u0131r:\n<\/p>\n<p>\n  \u201cG\u00f6rd\u00fcy\u00fcn\u00fcz kimi, 4-5 kvadratl\u0131q sah\u0259si olan \u015f\u0259raitsiz otaqda ya\u015fay\u0131r\u0131q. N\u0259mi\u015flikdir, \u015f\u0259raitsizdir. Bu ota\u011fa g\u00f6r\u0259 150 manat kiray\u0259pulu veririk. Dolan\u0131\u015f\u0131\u011f\u0131m\u0131z \u00e7\u0259tindir. Pensiyadan ba\u015fqa g\u0259lirimiz yoxdur. Karantin\u0259 q\u0259d\u0259r orda-burda f\u0259hl\u0259lik edib g\u00fcnd\u0259lik d\u0259rman, \u00e7\u00f6r\u0259k pulunu birt\u0259h\u0259r qazan\u0131rd\u0131m. Pensiya il\u0259 d\u0259 kiray\u0259ni \u00f6d\u0259yirdik. \u0130ndi karantin\u0259 g\u00f6r\u0259 o da yoxdur. \u00dcnvanl\u0131 sosial yard\u0131m al\u0131rd\u0131q, mart\u0131n sonunda onun da vaxt\u0131 bitdi, k\u0259sdil\u0259r. \u018fm\u0259k v\u0259 \u018fhalinin Sosial M\u00fcdafi\u0259si Nazirliyin\u0259 z\u0259ng vurub xahi\u015f etdim ki, he\u00e7 olmasa indiki durumda yard\u0131m\u0131 k\u0259sm\u0259sinl\u0259r. Dedim, karantindir, i\u015f yoxdur, kiray\u0259d\u0259 qal\u0131r\u0131q, \u0259lil ail\u0259siyik, evd\u0259 x\u0259st\u0259 u\u015faq var. He\u00e7 bir cavab ala bilm\u0259dim. Bax, qalm\u0131\u015f\u0131q bel\u0259&#8230; U\u015fa\u011fa yem\u0259k d\u0259 ala bilmirik. 190 manata g\u00f6r\u0259 qeydiyyatdan ke\u00e7mi\u015fik, \u0259lil pensiyas\u0131 ald\u0131\u011f\u0131m\u0131za g\u00f6r\u0259 onu da vermirl\u0259r\u201d.\n<\/p>\n<figure class=\"wp-block-image size-large\">\n  <img decoding=\"async\" src=\"https:\/\/www.meydan.tv\/az\/image_from_ios-1-jpg-131\/\" alt=\"image_from_ios (1).jpg\" class=\"wp-image-140897\"\/><figcaption>\n    Zaur \u018fl\u0259\u015fr\u0259fov<br \/>\n  <\/figcaption><\/figure>\n<p>\n  <b><br \/>\n    \u201cLaz\u0131ms\u0131z v\u0259 bahal\u0131 reseptl\u0259r belimizi q\u0131r\u0131r\u201d<br \/>\n  <\/b>\n<\/p>\n<p>\n  Zaur \u018fl\u0259\u015fr\u0259fov masan\u0131n \u00fcst\u00fcn\u0259 a\u011fz\u0131nacan dolu d\u0259rman torbalar\u0131 y\u0131\u011f\u0131r, deyir, onsuz da \u00e7\u0259tin\u0259 d\u00fc\u015fd\u00fckl\u0259ri bel\u0259 durumlarda bir az da s\u0259hiyy\u0259 i\u015f\u00e7il\u0259ri laz\u0131ms\u0131z v\u0259 bahal\u0131 d\u0259rman reseptl\u0259ri yazmaqla \u201ccanlar\u0131n\u0131 al\u0131r\u201d. Zaur \u018fl\u0259\u015fr\u0259fov s\u00f6z\u00fcn\u0259 davam edir:\n<\/p>\n<p>\n  \u201cH\u0259kim\u0259 gedirik, pul ist\u0259yir. Deyirs\u0259n, d\u00f6vl\u0259tin poliklinikas\u0131nda i\u015fl\u0259yirs\u0259n, deyir \u201cd\u00f6vl\u0259t m\u0259n\u0259 150 manat maa\u015f verir\u201d. Bu yax\u0131nlarda bir h\u0259kim 300 manatl\u0131q d\u0259rman yazd\u0131, ordan-burdan borca girib reseptd\u0259ki d\u0259rmanlar\u0131 birt\u0259h\u0259r ald\u0131m. Eyni poliklinikan\u0131n dig\u0259r h\u0259kimi resept\u0259 bax\u0131b atd\u0131 k\u0259nara, dedi, bur d\u0259rmanlar s\u0259n\u0259 g\u00f6r\u0259 deyil, q\u0259bul ed\u0259rs\u0259n, z\u0259r\u0259r \u00e7\u0259k\u0259rs\u0259n. \u00d6z\u00fc ba\u015fqa bir resept yazd\u0131. Bax\u0131n bu d\u0259rmanlara, h\u0259r\u0259si bir tirba d\u0259rman ald\u0131r\u0131b&#8230;\u201d\n<\/p>\n<p>\n  <b><br \/>\n    \u201c\u018fslind\u0259 biz\u0259 sosial i\u015f\u00e7i ayr\u0131lmal\u0131d\u0131r\u201d<br \/>\n  <\/b>\n<\/p>\n<p>\n  Sonra p\u0259nc\u0259r\u0259nin \u00e7\u0259r\u00e7iv\u0259sin\u0259 vurulmu\u015f mismardan as\u0131lan torban\u0131, daha sonra \u015fkaf\u0131n arxas\u0131ndak\u0131 torban\u0131 g\u0259tirir:\n<\/p>\n<p>\n  \u201cBu u\u015fa\u011f\u0131n d\u0259rmanlar\u0131d\u0131r, bu da H\u00fcsniyy\u0259nin (h\u0259yat yolda\u015f\u0131d\u0131r). Bax\u0131n, biz d\u0259rmanla qidalan\u0131r\u0131q, ham\u0131s\u0131 da baha-baha&#8230; \u00dcst\u0259lik d\u0259, dediyim kimi, 150 manat ev kiray\u0259si&#8230; Daha \u0259rzaqdan, yem\u0259kd\u0259n dan\u0131\u015fm\u0131ram. X\u0259st\u0259 adamlar \u00e7ox vaxt b\u00fct\u00fcn sutkan\u0131 yaln\u0131z yavan \u00e7\u00f6r\u0259kl\u0259 qidalan\u0131r. U\u015fa\u011f\u0131n ciddi x\u0259st\u0259liyi olmasa da, \u00e7ox z\u0259ifdir. M\u0259n karantin\u0259 q\u0259d\u0259r g\u00fcn\u0259muzd i\u015f tap\u0131b i\u015fl\u0259y\u0259nd\u0259, u\u015faq H\u00fcsniyy\u0259nin \u00fcmidin\u0259 qal\u0131r, o is\u0259 dediyim kimi, serebral iflicd\u0259n \u0259ziyy\u0259t \u00e7\u0259kir, \u00f6z\u00fcn\u0259 baxan laz\u0131md\u0131r, u\u015fa\u011fa baxa bilmir dey\u0259, u\u015fa\u011f\u0131 h\u0259l\u0259 d\u0259 pampersd\u0259 saxlay\u0131r\u0131q. Ana-ata \u0259lildir, \u0259slind\u0259 bizim ail\u0259 \u00fc\u00e7\u00fcn sosial i\u015f\u00e7i ayr\u0131lmal\u0131d\u0131r, ancaq kim\u0259 dey\u0259s\u0259n, Az\u0259rbaycand\u0131r da&#8230; He\u00e7 kim he\u00e7 kimin kitab\u0131n\u0131 oxumur bu \u00f6lk\u0259d\u0259&#8230;\u201d\n<\/p>\n<p>\n  X\u0131rdalan \u015e\u0259h\u0259r \u0130cra N\u00fcmay\u0259nd\u0259liyind\u0259n Meydan TV-y\u0259 bildirilib ki, \u0259lil ail\u0259nin probleml\u0259ri il\u0259 aidiyy\u0259ti \u00fczr\u0259 \u018fm\u0259k v\u0259 \u018fhalinin Sosial M\u00fcdafi\u0259si Nazirliyi m\u0259\u015f\u011ful olur. Ail\u0259y\u0259 yard\u0131m \u00fc\u00e7\u00fcn is\u0259 b\u00fcdc\u0259d\u0259 maliyy\u0259 n\u0259z\u0259rd\u0259 tutulmay\u0131b.\n<\/p>\n<p>\n  \u018fm\u0259k v\u0259 \u018fhalinin Sosial M\u00fcdafi\u0259si Nazirliyind\u0259n bildirilib ki, \u00fcnvanl\u0131 sosial yard\u0131m\u0131n m\u00fcdd\u0259ti ba\u015fa \u00e7at\u0131bsa, v\u0259t\u0259nda\u015f elektron qaydada t\u0259krar m\u00fcraci\u0259t etm\u0259lidir.<\/p>\n","protected":false},"excerpt":{"rendered":"<p>&#8220;Bax\u0131n, biz d\u0259rmanla qidalan\u0131r\u0131q, ham\u0131s\u0131 da baha-baha&#8230; &#8220;<\/p>\n","protected":false},"author":11,"featured_media":140894,"comment_status":"closed","ping_status":"open","sticky":false,"template":"","format":"standard","meta":{"_acf_changed":false,"_sitemap_exclude":false,"_sitemap_priority":"","_sitemap_frequency":"","footnotes":""},"categories":[60],"tags":[],"class_list":["post-200303","post","type-post","status-publish","format-standard","has-post-thumbnail","hentry","category-bolge","infinite-scroll-item","generate-columns","tablet-grid-50","mobile-grid-100","grid-parent","grid-33","no-featured-image-padding"],"acf":[],"yoast_head":"<!-- This site is optimized with the Yoast SEO plugin v27.5 - https:\/\/yoast.com\/product\/yoast-seo-wordpress\/ -->\n<title>\u201cPensiyam\u0131z kiray\u0259haqq\u0131na gedir, \u00f6z\u00fcm\u00fcz ac qal\u0131r\u0131q\u201d - MEYDAN.TV<\/title>\n<meta name=\"robots\" content=\"index, follow, max-snippet:-1, max-image-preview:large, max-video-preview:-1\" \/>\n<link rel=\"canonical\" href=\"https:\/\/www.meydan.tv\/az\/article\/pensiyamiz-kirayehaqqina-gedir-ozumuz-ac-qaliriq\/\" \/>\n<meta property=\"og:locale\" content=\"az_AZ\" \/>\n<meta property=\"og:type\" content=\"article\" \/>\n<meta property=\"og:title\" content=\"\u201cPensiyam\u0131z kiray\u0259haqq\u0131na gedir, \u00f6z\u00fcm\u00fcz ac qal\u0131r\u0131q\u201d - MEYDAN.TV\" \/>\n<meta property=\"og:description\" content=\"&quot;Bax\u0131n, biz d\u0259rmanla qidalan\u0131r\u0131q, ham\u0131s\u0131 da baha-baha... &quot;\" \/>\n<meta property=\"og:url\" content=\"https:\/\/www.meydan.tv\/az\/article\/pensiyamiz-kirayehaqqina-gedir-ozumuz-ac-qaliriq\/\" \/>\n<meta property=\"og:site_name\" content=\"MEYDAN.TV\" \/>\n<meta property=\"article:published_time\" content=\"2020-04-24T14:00:39+00:00\" \/>\n<meta property=\"og:image\" content=\"https:\/\/www.meydan.tv\/wp-content\/uploads\/20200424_135537.jpg\" \/>\n\t<meta property=\"og:image:width\" content=\"1968\" \/>\n\t<meta property=\"og:image:height\" content=\"1654\" \/>\n\t<meta property=\"og:image:type\" content=\"image\/jpeg\" \/>\n<meta name=\"author\" content=\"user-manager\" \/>\n<meta name=\"twitter:card\" content=\"summary_large_image\" \/>\n<script type=\"application\/ld+json\" class=\"yoast-schema-graph\">{\"@context\":\"https:\\\/\\\/schema.org\",\"@graph\":[{\"@type\":\"Article\",\"@id\":\"https:\\\/\\\/www.meydan.tv\\\/az\\\/article\\\/pensiyamiz-kirayehaqqina-gedir-ozumuz-ac-qaliriq\\\/#article\",\"isPartOf\":{\"@id\":\"https:\\\/\\\/www.meydan.tv\\\/az\\\/article\\\/pensiyamiz-kirayehaqqina-gedir-ozumuz-ac-qaliriq\\\/\"},\"author\":{\"name\":\"user-manager\",\"@id\":\"https:\\\/\\\/www.meydan.tv\\\/az\\\/#\\\/schema\\\/person\\\/10d11eccf6da3662cf5fdab9806ea91a\"},\"headline\":\"\u201cPensiyam\u0131z kiray\u0259haqq\u0131na gedir, \u00f6z\u00fcm\u00fcz ac qal\u0131r\u0131q\u201d\",\"datePublished\":\"2020-04-24T14:00:39+00:00\",\"mainEntityOfPage\":{\"@id\":\"https:\\\/\\\/www.meydan.tv\\\/az\\\/article\\\/pensiyamiz-kirayehaqqina-gedir-ozumuz-ac-qaliriq\\\/\"},\"wordCount\":826,\"publisher\":{\"@id\":\"https:\\\/\\\/www.meydan.tv\\\/az\\\/#organization\"},\"image\":{\"@id\":\"https:\\\/\\\/www.meydan.tv\\\/az\\\/article\\\/pensiyamiz-kirayehaqqina-gedir-ozumuz-ac-qaliriq\\\/#primaryimage\"},\"thumbnailUrl\":\"https:\\\/\\\/www.meydan.tv\\\/wp-content\\\/uploads\\\/20200424_135537.jpg\",\"articleSection\":[\"B\u00f6lg\u0259\"],\"inLanguage\":\"az\"},{\"@type\":\"WebPage\",\"@id\":\"https:\\\/\\\/www.meydan.tv\\\/az\\\/article\\\/pensiyamiz-kirayehaqqina-gedir-ozumuz-ac-qaliriq\\\/\",\"url\":\"https:\\\/\\\/www.meydan.tv\\\/az\\\/article\\\/pensiyamiz-kirayehaqqina-gedir-ozumuz-ac-qaliriq\\\/\",\"name\":\"\u201cPensiyam\u0131z kiray\u0259haqq\u0131na gedir, \u00f6z\u00fcm\u00fcz ac qal\u0131r\u0131q\u201d - MEYDAN.TV\",\"isPartOf\":{\"@id\":\"https:\\\/\\\/www.meydan.tv\\\/az\\\/#website\"},\"primaryImageOfPage\":{\"@id\":\"https:\\\/\\\/www.meydan.tv\\\/az\\\/article\\\/pensiyamiz-kirayehaqqina-gedir-ozumuz-ac-qaliriq\\\/#primaryimage\"},\"image\":{\"@id\":\"https:\\\/\\\/www.meydan.tv\\\/az\\\/article\\\/pensiyamiz-kirayehaqqina-gedir-ozumuz-ac-qaliriq\\\/#primaryimage\"},\"thumbnailUrl\":\"https:\\\/\\\/www.meydan.tv\\\/wp-content\\\/uploads\\\/20200424_135537.jpg\",\"datePublished\":\"2020-04-24T14:00:39+00:00\",\"breadcrumb\":{\"@id\":\"https:\\\/\\\/www.meydan.tv\\\/az\\\/article\\\/pensiyamiz-kirayehaqqina-gedir-ozumuz-ac-qaliriq\\\/#breadcrumb\"},\"inLanguage\":\"az\",\"potentialAction\":[{\"@type\":\"ReadAction\",\"target\":[\"https:\\\/\\\/www.meydan.tv\\\/az\\\/article\\\/pensiyamiz-kirayehaqqina-gedir-ozumuz-ac-qaliriq\\\/\"]}]},{\"@type\":\"ImageObject\",\"inLanguage\":\"az\",\"@id\":\"https:\\\/\\\/www.meydan.tv\\\/az\\\/article\\\/pensiyamiz-kirayehaqqina-gedir-ozumuz-ac-qaliriq\\\/#primaryimage\",\"url\":\"https:\\\/\\\/www.meydan.tv\\\/wp-content\\\/uploads\\\/20200424_135537.jpg\",\"contentUrl\":\"https:\\\/\\\/www.meydan.tv\\\/wp-content\\\/uploads\\\/20200424_135537.jpg\",\"width\":1968,\"height\":1654,\"caption\":\"Source: Specify Source\"},{\"@type\":\"BreadcrumbList\",\"@id\":\"https:\\\/\\\/www.meydan.tv\\\/az\\\/article\\\/pensiyamiz-kirayehaqqina-gedir-ozumuz-ac-qaliriq\\\/#breadcrumb\",\"itemListElement\":[{\"@type\":\"ListItem\",\"position\":1,\"name\":\"Ana s\u0259hif\u0259\",\"item\":\"https:\\\/\\\/www.meydan.tv\\\/az\\\/\"},{\"@type\":\"ListItem\",\"position\":2,\"name\":\"B\u00f6lg\u0259\",\"item\":\"https:\\\/\\\/www.meydan.tv\\\/az\\\/section\\\/bolge\\\/\"},{\"@type\":\"ListItem\",\"position\":3,\"name\":\"\u201cPensiyam\u0131z kiray\u0259haqq\u0131na gedir, \u00f6z\u00fcm\u00fcz ac qal\u0131r\u0131q\u201d\"}]},{\"@type\":\"WebSite\",\"@id\":\"https:\\\/\\\/www.meydan.tv\\\/az\\\/#website\",\"url\":\"https:\\\/\\\/www.meydan.tv\\\/az\\\/\",\"name\":\"MEYDAN.TV\",\"description\":\"Meydan TV Az\u0259rbaycan\u0131n media m\u0259kan\u0131ndak\u0131 alternativ s\u0259sidir\",\"publisher\":{\"@id\":\"https:\\\/\\\/www.meydan.tv\\\/az\\\/#organization\"},\"potentialAction\":[{\"@type\":\"SearchAction\",\"target\":{\"@type\":\"EntryPoint\",\"urlTemplate\":\"https:\\\/\\\/www.meydan.tv\\\/az\\\/?s={search_term_string}\"},\"query-input\":{\"@type\":\"PropertyValueSpecification\",\"valueRequired\":true,\"valueName\":\"search_term_string\"}}],\"inLanguage\":\"az\"},{\"@type\":\"Organization\",\"@id\":\"https:\\\/\\\/www.meydan.tv\\\/az\\\/#organization\",\"name\":\"Meydan TV\",\"url\":\"https:\\\/\\\/www.meydan.tv\\\/az\\\/\",\"logo\":{\"@type\":\"ImageObject\",\"inLanguage\":\"az\",\"@id\":\"https:\\\/\\\/www.meydan.tv\\\/az\\\/#\\\/schema\\\/logo\\\/image\\\/\",\"url\":\"https:\\\/\\\/www.meydan.tv\\\/wp-content\\\/uploads\\\/2021\\\/07\\\/meydan-logo.svg\",\"contentUrl\":\"https:\\\/\\\/www.meydan.tv\\\/wp-content\\\/uploads\\\/2021\\\/07\\\/meydan-logo.svg\",\"width\":195,\"height\":46,\"caption\":\"Meydan TV\"},\"image\":{\"@id\":\"https:\\\/\\\/www.meydan.tv\\\/az\\\/#\\\/schema\\\/logo\\\/image\\\/\"}},{\"@type\":\"Person\",\"@id\":\"https:\\\/\\\/www.meydan.tv\\\/az\\\/#\\\/schema\\\/person\\\/10d11eccf6da3662cf5fdab9806ea91a\",\"name\":\"user-manager\"}]}<\/script>\n<!-- \/ Yoast SEO plugin. -->","yoast_head_json":{"title":"\u201cPensiyam\u0131z kiray\u0259haqq\u0131na gedir, \u00f6z\u00fcm\u00fcz ac qal\u0131r\u0131q\u201d - MEYDAN.TV","robots":{"index":"index","follow":"follow","max-snippet":"max-snippet:-1","max-image-preview":"max-image-preview:large","max-video-preview":"max-video-preview:-1"},"canonical":"https:\/\/www.meydan.tv\/az\/article\/pensiyamiz-kirayehaqqina-gedir-ozumuz-ac-qaliriq\/","og_locale":"az_AZ","og_type":"article","og_title":"\u201cPensiyam\u0131z kiray\u0259haqq\u0131na gedir, \u00f6z\u00fcm\u00fcz ac qal\u0131r\u0131q\u201d - MEYDAN.TV","og_description":"\"Bax\u0131n, biz d\u0259rmanla qidalan\u0131r\u0131q, ham\u0131s\u0131 da baha-baha... \"","og_url":"https:\/\/www.meydan.tv\/az\/article\/pensiyamiz-kirayehaqqina-gedir-ozumuz-ac-qaliriq\/","og_site_name":"MEYDAN.TV","article_published_time":"2020-04-24T14:00:39+00:00","og_image":[{"width":1968,"height":1654,"url":"https:\/\/www.meydan.tv\/wp-content\/uploads\/20200424_135537.jpg","type":"image\/jpeg"}],"author":"user-manager","twitter_card":"summary_large_image","schema":{"@context":"https:\/\/schema.org","@graph":[{"@type":"Article","@id":"https:\/\/www.meydan.tv\/az\/article\/pensiyamiz-kirayehaqqina-gedir-ozumuz-ac-qaliriq\/#article","isPartOf":{"@id":"https:\/\/www.meydan.tv\/az\/article\/pensiyamiz-kirayehaqqina-gedir-ozumuz-ac-qaliriq\/"},"author":{"name":"user-manager","@id":"https:\/\/www.meydan.tv\/az\/#\/schema\/person\/10d11eccf6da3662cf5fdab9806ea91a"},"headline":"\u201cPensiyam\u0131z kiray\u0259haqq\u0131na gedir, \u00f6z\u00fcm\u00fcz ac qal\u0131r\u0131q\u201d","datePublished":"2020-04-24T14:00:39+00:00","mainEntityOfPage":{"@id":"https:\/\/www.meydan.tv\/az\/article\/pensiyamiz-kirayehaqqina-gedir-ozumuz-ac-qaliriq\/"},"wordCount":826,"publisher":{"@id":"https:\/\/www.meydan.tv\/az\/#organization"},"image":{"@id":"https:\/\/www.meydan.tv\/az\/article\/pensiyamiz-kirayehaqqina-gedir-ozumuz-ac-qaliriq\/#primaryimage"},"thumbnailUrl":"https:\/\/www.meydan.tv\/wp-content\/uploads\/20200424_135537.jpg","articleSection":["B\u00f6lg\u0259"],"inLanguage":"az"},{"@type":"WebPage","@id":"https:\/\/www.meydan.tv\/az\/article\/pensiyamiz-kirayehaqqina-gedir-ozumuz-ac-qaliriq\/","url":"https:\/\/www.meydan.tv\/az\/article\/pensiyamiz-kirayehaqqina-gedir-ozumuz-ac-qaliriq\/","name":"\u201cPensiyam\u0131z kiray\u0259haqq\u0131na gedir, \u00f6z\u00fcm\u00fcz ac qal\u0131r\u0131q\u201d - MEYDAN.TV","isPartOf":{"@id":"https:\/\/www.meydan.tv\/az\/#website"},"primaryImageOfPage":{"@id":"https:\/\/www.meydan.tv\/az\/article\/pensiyamiz-kirayehaqqina-gedir-ozumuz-ac-qaliriq\/#primaryimage"},"image":{"@id":"https:\/\/www.meydan.tv\/az\/article\/pensiyamiz-kirayehaqqina-gedir-ozumuz-ac-qaliriq\/#primaryimage"},"thumbnailUrl":"https:\/\/www.meydan.tv\/wp-content\/uploads\/20200424_135537.jpg","datePublished":"2020-04-24T14:00:39+00:00","breadcrumb":{"@id":"https:\/\/www.meydan.tv\/az\/article\/pensiyamiz-kirayehaqqina-gedir-ozumuz-ac-qaliriq\/#breadcrumb"},"inLanguage":"az","potentialAction":[{"@type":"ReadAction","target":["https:\/\/www.meydan.tv\/az\/article\/pensiyamiz-kirayehaqqina-gedir-ozumuz-ac-qaliriq\/"]}]},{"@type":"ImageObject","inLanguage":"az","@id":"https:\/\/www.meydan.tv\/az\/article\/pensiyamiz-kirayehaqqina-gedir-ozumuz-ac-qaliriq\/#primaryimage","url":"https:\/\/www.meydan.tv\/wp-content\/uploads\/20200424_135537.jpg","contentUrl":"https:\/\/www.meydan.tv\/wp-content\/uploads\/20200424_135537.jpg","width":1968,"height":1654,"caption":"Source: Specify Source"},{"@type":"BreadcrumbList","@id":"https:\/\/www.meydan.tv\/az\/article\/pensiyamiz-kirayehaqqina-gedir-ozumuz-ac-qaliriq\/#breadcrumb","itemListElement":[{"@type":"ListItem","position":1,"name":"Ana s\u0259hif\u0259","item":"https:\/\/www.meydan.tv\/az\/"},{"@type":"ListItem","position":2,"name":"B\u00f6lg\u0259","item":"https:\/\/www.meydan.tv\/az\/section\/bolge\/"},{"@type":"ListItem","position":3,"name":"\u201cPensiyam\u0131z kiray\u0259haqq\u0131na gedir, \u00f6z\u00fcm\u00fcz ac qal\u0131r\u0131q\u201d"}]},{"@type":"WebSite","@id":"https:\/\/www.meydan.tv\/az\/#website","url":"https:\/\/www.meydan.tv\/az\/","name":"MEYDAN.TV","description":"Meydan TV Az\u0259rbaycan\u0131n media m\u0259kan\u0131ndak\u0131 alternativ s\u0259sidir","publisher":{"@id":"https:\/\/www.meydan.tv\/az\/#organization"},"potentialAction":[{"@type":"SearchAction","target":{"@type":"EntryPoint","urlTemplate":"https:\/\/www.meydan.tv\/az\/?s={search_term_string}"},"query-input":{"@type":"PropertyValueSpecification","valueRequired":true,"valueName":"search_term_string"}}],"inLanguage":"az"},{"@type":"Organization","@id":"https:\/\/www.meydan.tv\/az\/#organization","name":"Meydan TV","url":"https:\/\/www.meydan.tv\/az\/","logo":{"@type":"ImageObject","inLanguage":"az","@id":"https:\/\/www.meydan.tv\/az\/#\/schema\/logo\/image\/","url":"https:\/\/www.meydan.tv\/wp-content\/uploads\/2021\/07\/meydan-logo.svg","contentUrl":"https:\/\/www.meydan.tv\/wp-content\/uploads\/2021\/07\/meydan-logo.svg","width":195,"height":46,"caption":"Meydan TV"},"image":{"@id":"https:\/\/www.meydan.tv\/az\/#\/schema\/logo\/image\/"}},{"@type":"Person","@id":"https:\/\/www.meydan.tv\/az\/#\/schema\/person\/10d11eccf6da3662cf5fdab9806ea91a","name":"user-manager"}]}},"_links":{"self":[{"href":"https:\/\/www.meydan.tv\/az\/wp-json\/wp\/v2\/posts\/200303","targetHints":{"allow":["GET"]}}],"collection":[{"href":"https:\/\/www.meydan.tv\/az\/wp-json\/wp\/v2\/posts"}],"about":[{"href":"https:\/\/www.meydan.tv\/az\/wp-json\/wp\/v2\/types\/post"}],"author":[{"embeddable":true,"href":"https:\/\/www.meydan.tv\/az\/wp-json\/wp\/v2\/users\/11"}],"replies":[{"embeddable":true,"href":"https:\/\/www.meydan.tv\/az\/wp-json\/wp\/v2\/comments?post=200303"}],"version-history":[{"count":0,"href":"https:\/\/www.meydan.tv\/az\/wp-json\/wp\/v2\/posts\/200303\/revisions"}],"wp:featuredmedia":[{"embeddable":true,"href":"https:\/\/www.meydan.tv\/az\/wp-json\/wp\/v2\/media\/140894"}],"wp:attachment":[{"href":"https:\/\/www.meydan.tv\/az\/wp-json\/wp\/v2\/media?parent=200303"}],"wp:term":[{"taxonomy":"category","embeddable":true,"href":"https:\/\/www.meydan.tv\/az\/wp-json\/wp\/v2\/categories?post=200303"},{"taxonomy":"post_tag","embeddable":true,"href":"https:\/\/www.meydan.tv\/az\/wp-json\/wp\/v2\/tags?post=200303"}],"curies":[{"name":"wp","href":"https:\/\/api.w.org\/{rel}","templated":true}]}}