{"id":200289,"date":"2020-04-23T12:46:27","date_gmt":"2020-04-23T12:46:27","guid":{"rendered":"https:\/\/www.meydan.tv\/article\/pulsuzluqdan-evine-qaz-cekdire-bilmeyen-aile\/"},"modified":"2020-04-23T12:46:27","modified_gmt":"2020-04-23T12:46:27","slug":"pulsuzluqdan-evine-qaz-cekdire-bilmeyen-aile","status":"publish","type":"post","link":"https:\/\/www.meydan.tv\/az\/article\/pulsuzluqdan-evine-qaz-cekdire-bilmeyen-aile\/","title":{"rendered":"Pulsuzluqdan evin\u0259 qaz \u00e7\u0259kdir\u0259 bilm\u0259y\u0259n ail\u0259"},"content":{"rendered":"<p>\n  <i><br \/>\n    Balta vurmaqdan qolum el\u0259 a\u011fr\u0131y\u0131rd\u0131 ki, gec\u0259 s\u0259h\u0259r\u0259 q\u0259d\u0259r yata bilmirdim<br \/>\n  <\/i>\n<\/p>\n<p>\n  Sabirabad\u0131n X\u0259lf\u0259li k\u0259ndind\u0259 q\u0131z\u0131 v\u0259 n\u0259v\u0259si il\u0259 birlikd\u0259 ya\u015fayan \u018fzbik\u0259 Qarayevan\u0131n probleml\u0259ri \u00e7oxdur. Ya\u015fad\u0131qlar\u0131 yeri a\u011f\u0131zdolusu ev d\u0259 adland\u0131rmaq olmur.\n<\/p>\n<p>\n  Bura evd\u0259n daha \u00e7ox vaqona b\u0259nz\u0259yir. \u018fzbik\u0259 Qarayeva deyir ki, ya\u015fad\u0131qlar\u0131 yeri qohum-qon\u015funun say\u0259sind\u0259 ev hal\u0131na g\u0259tirm\u0259y\u0259 \u00e7al\u0131\u015f\u0131blar. \u00c7\u00fcnki da\u015f\u0131nan tikilidir, m\u00fcv\u0259qq\u0259ti s\u0131\u011f\u0131nacaq xarakteri da\u015f\u0131y\u0131r.\n<\/p>\n<p>\n  <b><br \/>\n    \u201c\u0130cra hakimiyy\u0259tin\u0259 \u00e7ox yalvard\u0131m\u201d<br \/>\n  <\/b>\n<\/p>\n<p>\n  \u201cD\u0259miryolu kazarmas\u0131nda ya\u015fay\u0131rd\u0131q, sonra h\u00f6kum\u0259t s\u00f6kd\u00fc. Ne\u00e7\u0259 ay qap\u0131larda qald\u0131q. H\u0259r\u0259 bir s\u00f6z dedi. \u00c7ox \u00e7\u0259tinlikl\u0259r g\u00f6rd\u00fck. Ya\u015fama\u011fa yerimiz qalmam\u0131\u015fd\u0131. Ax\u0131rda n\u0259v\u0259m atas\u0131na z\u0259ng el\u0259di ki, k\u00fc\u00e7\u0259d\u0259 qalm\u0131\u015f\u0131q, biz\u0259 he\u00e7 olmasa, \u201cfin evl\u0259ri\u201dnd\u0259n alma\u011fa k\u00f6m\u0259k el\u0259. Bu evl\u0259r taxtadand\u0131, bir yerd\u0259n ba\u015fqa yer\u0259 aparmaq olur\u201d, &#8211; qad\u0131n k\u00f6hn\u0259 g\u00fcnl\u0259ri xat\u0131rlay\u0131r.\n<\/p>\n<p>\n  Ail\u0259 ya\u015fay\u0131\u015f v\u0259ziyy\u0259tini d\u00fcz\u0259ltm\u0259k \u00fc\u00e7\u00fcn \u00e7ox \u00e7al\u0131\u015f\u0131b. \u018fzbik\u0259 Qarayeva dan\u0131\u015f\u0131r ki, h\u0259tta Sabirabad\u0131n \u0130cra Hakimiyy\u0259tin\u0259 d\u0259 gedib.\n<\/p>\n<p>\n  \u201cGedib d\u0259rdimizi dan\u0131\u015fd\u0131m. \u00c7ox yalvar\u0131b-yaxard\u0131m. Ax\u0131rda icra ba\u015f\u00e7\u0131s\u0131n\u0131n m\u00fcavini g\u0259tirib 500 manat verdi. U\u015fa\u011f\u0131n atas\u0131 da k\u00f6m\u0259k el\u0259di, \u00f6z\u00fcm d\u0259 yem\u0259dim, pul y\u0131\u011fd\u0131m, ax\u0131r ki, 1500 manata bu evi ald\u0131q. Yer olmal\u0131yd\u0131 ki, o evi qoyaq, ya\u015fayaq. Amma o yeri tapa bilm\u0259dik. Ax\u0131rda evi qarda\u015f\u0131m\u0131n h\u0259y\u0259tin\u0259 yerl\u0259\u015fdirdik, o vaxtdan da burada ya\u015fay\u0131r\u0131q\u201d.\n<\/p>\n<figure class=\"wp-block-image size-large\">\n  <img decoding=\"async\" src=\"https:\/\/www.meydan.tv\/az\/image_from_ios-3-jpg-91\/\" alt=\"image_from_ios (3).jpg\" class=\"wp-image-140831\"\/><figcaption>\n    Bura evd\u0259n daha \u00e7ox vaqona b\u0259nz\u0259yir.<br \/>\n  <\/figcaption><\/figure>\n<p>\n  <b><br \/>\n    \u201cPulum olmad\u0131 dey\u0259, qaz\u0131m da yoxdur\u201d<br \/>\n  <\/b>\n<\/p>\n<p>\n  Birotaql\u0131 \u201cev\u201dd\u0259 \u00e7ox \u0259\u015fya g\u00f6z\u0259 d\u0259ymir. \u00c7arpay\u0131, dolab, \u201c\u0259ld\u0259n d\u00fc\u015fm\u00fc\u015f\u201d divan v\u0259 bir d\u0259 soba. \u018fzbik\u0259 xan\u0131m deyir ki, q\u0131\u015f\u0131 ordan-burdan odun tap\u0131b q\u0131z\u0131nmaqla ke\u00e7iribl\u0259r:\n<\/p>\n<p>\n  \u201cQohum-qon\u015fu qurumu\u015f a\u011faclar\u0131 verir. Bir z\u00fclml\u0259 do\u011fray\u0131ram. Balta vurmaqdan qolum el\u0259 a\u011fr\u0131y\u0131rd\u0131 ki, gec\u0259 s\u0259h\u0259r\u0259 q\u0259d\u0259r yata bilmirdim. Ba\u015fqa \u00e7ar\u0259 d\u0259 yoxdur. Hardansa odun q\u0131r\u0131b g\u0259tir\u0259nd\u0259 d\u0259 c\u0259rim\u0259l\u0259yirl\u0259r. Bir Allah bilir ki, q\u0131\u015f\u0131 hans\u0131 \u0259ziyy\u0259tl\u0259rl\u0259 ba\u015fa vurduq\u201d.\n<\/p>\n<p>\n  \u018fzbik\u0259 Qarayevan\u0131n dediyin\u0259 g\u00f6r\u0259, k\u0259ndd\u0259 bir \u00e7ox ev\u0259 qaz \u00e7\u0259kilib, amma onun ail\u0259sin\u0259 \u201cyox\u201d cavab\u0131 veribl\u0259r. Sonradan \u00e7ox \u00e7al\u0131\u015fsalar da, t\u0259bii qaz problemini h\u0259ll ed\u0259 bilm\u0259yibl\u0259r:\n<\/p>\n<p>\n  \u201cQaz idar\u0259sind\u0259n g\u0259l\u0259nd\u0259 qarda\u015f\u0131m o\u011flu dedi ki, bizim \u00fc\u00e7\u00fcn d\u0259 \u00e7\u0259ksinl\u0259r. El\u0259m\u0259dil\u0259r. Pulum olmad\u0131 dey\u0259, qaz\u0131m da yoxdu\u201d.\n<\/p>\n<p>\n  S\u00f6hb\u0259timizi dinl\u0259y\u0259n \u018fzbik\u0259 xan\u0131m\u0131n qarda\u015f\u0131 o\u011flunun h\u0259yat yolda\u015f\u0131 deyir ki, qaz \u00e7\u0259kdir\u0259nd\u0259 \u00fcmumilikd\u0259 800 manat x\u0259rcl\u0259ri \u00e7\u0131x\u0131b. Dediyin\u0259 g\u00f6r\u0259, pulu da kredit g\u00f6t\u00fcr\u00fcb veribl\u0259r. Qad\u0131n h\u0259l\u0259 iki il borc \u00f6d\u0259y\u0259c\u0259kl\u0259rini bildirir. \u018fzbik\u0259 xan\u0131m bu yerd\u0259 deyir ki, onsuz da 800 manata g\u00fccl\u0259ri \u00e7atmayacaqd\u0131:\n<\/p>\n<p>\n  \u201cDeyirl\u0259r ki, qaz \u00e7\u0259kdirm\u0259k \u00fc\u00e7\u00fcn d\u00f6vl\u0259t\u0259 pul \u00f6d\u0259nilm\u0259lidir.\n<\/p>\n<figure class=\"wp-block-image size-large\">\n  <img decoding=\"async\" src=\"https:\/\/www.meydan.tv\/az\/image_from_ios-4-jpg-127\/\" alt=\"image_from_ios (4).jpg\" class=\"wp-image-140834\"\/><figcaption>\n    &#8220;Hardansa odun q\u0131r\u0131b g\u0259tir\u0259nd\u0259 d\u0259 c\u0259rim\u0259l\u0259yirl\u0259r&#8221;<br \/>\n  <\/figcaption><\/figure>\n<p>\n  <b><br \/>\n    \u201cPulsuz nec\u0259 ya\u015famaq olar?\u201d<br \/>\n  <\/b>\n<\/p>\n<p>\n  Ail\u0259nin \u00e7\u0259tinlikl\u0259 doland\u0131\u011f\u0131n\u0131 hiss etm\u0259k \u00e7\u0259tin deyil. \u018fzbik\u0259 Qarayeva deyir ki, ya\u015fay\u0131\u015f yeri d\u00fcz\u0259ltm\u0259k \u00fc\u00e7\u00fcn g\u00f6t\u00fcrd\u00fcy\u00fc kredit h\u0259l\u0259 d\u0259 bitm\u0259yib, 230 manat pensiyas\u0131n\u0131n bir hiss\u0259sini borca \u00f6d\u0259yir. Q\u0131z\u0131 bir ne\u00e7\u0259 il \u0259vv\u0259l bo\u015fan\u0131b, x\u0259st\u0259 \u00f6vlad\u0131 il\u0259 anas\u0131na s\u0131\u011f\u0131n\u0131b. Aliment d\u0259 alm\u0131rlarlar. \u018fzbik\u0259 xan\u0131m\u0131n n\u0259v\u0259sinin \u0259ziyy\u0259t \u00e7\u0259kdiyi x\u0259st\u0259likl\u0259r var, bunun da \u00f6hd\u0259sind\u0259n g\u0259lm\u0259y\u0259 \u00e7al\u0131\u015f\u0131rlar.\n<\/p>\n<p>\n  \u201cO 230 manat\u0131n bir hiss\u0259si kredit\u0259 gedir. Ba\u015fqa bir n\u0259f\u0259r ad\u0131ma pul g\u00f6t\u00fcr\u00fcb, \u00f6d\u0259m\u0259di. Yen\u0259 \u00f6z\u00fcm g\u00f6t\u00fcrs\u0259ydim, yand\u0131rmazd\u0131. Qalan hiss\u0259si d\u0259 u\u015faq\u0131n d\u0259rmanlar\u0131na, yavan \u00e7\u00f6r\u0259y\u0259 he\u00e7 \u00e7atm\u0131r. Q\u0131z\u0131m gedib c\u00fcc\u0259 zavodunda a\u011f\u0131z a\u00e7d\u0131 ki, onu i\u015f\u0259 g\u00f6t\u00fcrs\u00fcnl\u0259r. Can\u0131 \u0259l vermir. Amma yen\u0259 d\u0259 gec\u0259 qal\u0131r orda. N\u00f6vb\u0259li i\u015fin nec\u0259 a\u011f\u0131r oldu\u011funu bilirsiz. U\u015faq el\u0259-hey soru\u015fur ki, anam niy\u0259 g\u0259lm\u0259di? \u201d, &#8211; \u018fzbik\u0259 Qarayeva q\u0131z\u0131n\u0131n \u00e7ox \u0259ziyy\u0259t \u00e7\u0259km\u0259sind\u0259n dan\u0131\u015f\u0131r.\n<\/p>\n<p>\n  Ail\u0259nin v\u0259ziyy\u0259ti sosial yard\u0131m k\u0259sil\u0259nd\u0259n sonra bir az da a\u011f\u0131rla\u015f\u0131b. \u018fzbik\u0259 xan\u0131m\u0131n n\u0259v\u0259sinin 9 ya\u015f\u0131 tamam olan kimi yard\u0131m\u0131 dayand\u0131r\u0131blar:\n<\/p>\n<p>\n  \u201cGetdim idar\u0259y\u0259. Dedim, ax\u0131 b\u00fct\u00fcn s\u0259n\u0259dl\u0259ri qaydas\u0131ndad\u0131r. Doqquz ya\u015f\u0131 var bu u\u015fa\u011f\u0131n, i\u015fl\u0259yib qazanc g\u0259tir\u0259n b\u00f6y\u00fck adam deyil ki! Niy\u0259 yard\u0131m\u0131n\u0131 k\u0259sirsiz? Bel\u0259 \u00e7\u0259tin vaxtda bunsuz nec\u0259 ya\u015fayaq? \u00dcmumiyy\u0259tl\u0259, pulsuz nec\u0259 ya\u015famaq olar?\u201d.\n<\/p>\n<figure class=\"wp-block-image size-large\">\n  <img decoding=\"async\" src=\"https:\/\/www.meydan.tv\/az\/image_from_ios-1-jpg-130\/\" alt=\"image_from_ios (1).jpg\" class=\"wp-image-140825\"\/><figcaption>\n    &#8220;Pulum olmad\u0131 dey\u0259, qaz\u0131m da yoxdu\u201d.<br \/>\n  <\/figcaption><\/figure>\n<p>\n  \u018fm\u0259k v\u0259 \u018fhalinin Sosial M\u00fcdafi\u0259 Nazirliyi yan\u0131nda Sosial M\u00fcdafi\u0259 Fondunun Sabirabad rayon \u015f\u00f6b\u0259sind\u0259n m\u0259s\u0259l\u0259y\u0259 m\u00fcnasib\u0259t \u00f6yr\u0259nm\u0259k m\u00fcmk\u00fcn olmay\u0131b. Nazirliyin qaynar x\u0259ttind\u0259n is\u0259 m\u0259s\u0259l\u0259y\u0259 diqq\u0259t ay\u0131racaqlar\u0131n\u0131 bildiribl\u0259r.\n<\/p>\n<p>\n  Sabirabad Rayon \u0130cra Hakimiyy\u0259tind\u0259n is\u0259 Meydan TV-y\u0259 bildiribl\u0259r ki, v\u0259t\u0259nda\u015f quruma m\u00fcraci\u0259t ed\u0259rs\u0259, m\u00fcvafiq qurumlara y\u00f6nl\u0259ndirib probleml\u0259rin h\u0259llin\u0259 \u00e7al\u0131\u015farlar.\n<\/p>\n<figure class=\"wp-block-image size-large\">\n  <img decoding=\"async\" src=\"https:\/\/www.meydan.tv\/az\/image_from_ios-5-jpg-93\/\" alt=\"image_from_ios (5).jpg\" class=\"wp-image-140837\"\/><figcaption>\n    Ail\u0259nin v\u0259ziyy\u0259ti sosial yard\u0131m k\u0259sil\u0259nd\u0259n sonra bir az da a\u011f\u0131rla\u015f\u0131b.<br \/>\n  <\/figcaption><\/figure>\n","protected":false},"excerpt":{"rendered":"<p>\u018fzbik\u0259 Qarayeva dan\u0131\u015f\u0131r ki, h\u0259tta Sabirabad\u0131n \u0130cra Hakimiyy\u0259tin\u0259 d\u0259 gedib<\/p>\n","protected":false},"author":11,"featured_media":140852,"comment_status":"closed","ping_status":"open","sticky":false,"template":"","format":"standard","meta":{"_acf_changed":false,"_sitemap_exclude":false,"_sitemap_priority":"","_sitemap_frequency":"","footnotes":""},"categories":[60],"tags":[],"class_list":["post-200289","post","type-post","status-publish","format-standard","has-post-thumbnail","hentry","category-bolge","infinite-scroll-item","generate-columns","tablet-grid-50","mobile-grid-100","grid-parent","grid-33","no-featured-image-padding"],"acf":[],"yoast_head":"<!-- This site is optimized with the Yoast SEO plugin v27.5 - https:\/\/yoast.com\/product\/yoast-seo-wordpress\/ -->\n<title>Pulsuzluqdan evin\u0259 qaz \u00e7\u0259kdir\u0259 bilm\u0259y\u0259n ail\u0259 - MEYDAN.TV<\/title>\n<meta name=\"robots\" content=\"index, follow, max-snippet:-1, max-image-preview:large, max-video-preview:-1\" \/>\n<link rel=\"canonical\" href=\"https:\/\/www.meydan.tv\/az\/article\/pulsuzluqdan-evine-qaz-cekdire-bilmeyen-aile\/\" \/>\n<meta property=\"og:locale\" content=\"az_AZ\" \/>\n<meta property=\"og:type\" content=\"article\" \/>\n<meta property=\"og:title\" content=\"Pulsuzluqdan evin\u0259 qaz \u00e7\u0259kdir\u0259 bilm\u0259y\u0259n ail\u0259 - MEYDAN.TV\" \/>\n<meta property=\"og:description\" content=\"\u018fzbik\u0259 Qarayeva dan\u0131\u015f\u0131r ki, h\u0259tta Sabirabad\u0131n \u0130cra Hakimiyy\u0259tin\u0259 d\u0259 gedib\" \/>\n<meta property=\"og:url\" content=\"https:\/\/www.meydan.tv\/az\/article\/pulsuzluqdan-evine-qaz-cekdire-bilmeyen-aile\/\" \/>\n<meta property=\"og:site_name\" content=\"MEYDAN.TV\" \/>\n<meta property=\"article:published_time\" content=\"2020-04-23T12:46:27+00:00\" \/>\n<meta property=\"og:image\" content=\"https:\/\/www.meydan.tv\/wp-content\/uploads\/untitled_design_1_shkjvkm.png\" \/>\n\t<meta property=\"og:image:width\" content=\"1200\" \/>\n\t<meta property=\"og:image:height\" content=\"700\" \/>\n\t<meta property=\"og:image:type\" content=\"image\/png\" \/>\n<meta name=\"author\" content=\"user-manager\" \/>\n<meta name=\"twitter:card\" content=\"summary_large_image\" \/>\n<script type=\"application\/ld+json\" class=\"yoast-schema-graph\">{\"@context\":\"https:\\\/\\\/schema.org\",\"@graph\":[{\"@type\":\"Article\",\"@id\":\"https:\\\/\\\/www.meydan.tv\\\/az\\\/article\\\/pulsuzluqdan-evine-qaz-cekdire-bilmeyen-aile\\\/#article\",\"isPartOf\":{\"@id\":\"https:\\\/\\\/www.meydan.tv\\\/az\\\/article\\\/pulsuzluqdan-evine-qaz-cekdire-bilmeyen-aile\\\/\"},\"author\":{\"name\":\"user-manager\",\"@id\":\"https:\\\/\\\/www.meydan.tv\\\/az\\\/#\\\/schema\\\/person\\\/10d11eccf6da3662cf5fdab9806ea91a\"},\"headline\":\"Pulsuzluqdan evin\u0259 qaz \u00e7\u0259kdir\u0259 bilm\u0259y\u0259n ail\u0259\",\"datePublished\":\"2020-04-23T12:46:27+00:00\",\"mainEntityOfPage\":{\"@id\":\"https:\\\/\\\/www.meydan.tv\\\/az\\\/article\\\/pulsuzluqdan-evine-qaz-cekdire-bilmeyen-aile\\\/\"},\"wordCount\":996,\"publisher\":{\"@id\":\"https:\\\/\\\/www.meydan.tv\\\/az\\\/#organization\"},\"image\":{\"@id\":\"https:\\\/\\\/www.meydan.tv\\\/az\\\/article\\\/pulsuzluqdan-evine-qaz-cekdire-bilmeyen-aile\\\/#primaryimage\"},\"thumbnailUrl\":\"https:\\\/\\\/www.meydan.tv\\\/wp-content\\\/uploads\\\/untitled_design_1_shkjvkm.png\",\"articleSection\":[\"B\u00f6lg\u0259\"],\"inLanguage\":\"az\"},{\"@type\":\"WebPage\",\"@id\":\"https:\\\/\\\/www.meydan.tv\\\/az\\\/article\\\/pulsuzluqdan-evine-qaz-cekdire-bilmeyen-aile\\\/\",\"url\":\"https:\\\/\\\/www.meydan.tv\\\/az\\\/article\\\/pulsuzluqdan-evine-qaz-cekdire-bilmeyen-aile\\\/\",\"name\":\"Pulsuzluqdan evin\u0259 qaz \u00e7\u0259kdir\u0259 bilm\u0259y\u0259n ail\u0259 - MEYDAN.TV\",\"isPartOf\":{\"@id\":\"https:\\\/\\\/www.meydan.tv\\\/az\\\/#website\"},\"primaryImageOfPage\":{\"@id\":\"https:\\\/\\\/www.meydan.tv\\\/az\\\/article\\\/pulsuzluqdan-evine-qaz-cekdire-bilmeyen-aile\\\/#primaryimage\"},\"image\":{\"@id\":\"https:\\\/\\\/www.meydan.tv\\\/az\\\/article\\\/pulsuzluqdan-evine-qaz-cekdire-bilmeyen-aile\\\/#primaryimage\"},\"thumbnailUrl\":\"https:\\\/\\\/www.meydan.tv\\\/wp-content\\\/uploads\\\/untitled_design_1_shkjvkm.png\",\"datePublished\":\"2020-04-23T12:46:27+00:00\",\"breadcrumb\":{\"@id\":\"https:\\\/\\\/www.meydan.tv\\\/az\\\/article\\\/pulsuzluqdan-evine-qaz-cekdire-bilmeyen-aile\\\/#breadcrumb\"},\"inLanguage\":\"az\",\"potentialAction\":[{\"@type\":\"ReadAction\",\"target\":[\"https:\\\/\\\/www.meydan.tv\\\/az\\\/article\\\/pulsuzluqdan-evine-qaz-cekdire-bilmeyen-aile\\\/\"]}]},{\"@type\":\"ImageObject\",\"inLanguage\":\"az\",\"@id\":\"https:\\\/\\\/www.meydan.tv\\\/az\\\/article\\\/pulsuzluqdan-evine-qaz-cekdire-bilmeyen-aile\\\/#primaryimage\",\"url\":\"https:\\\/\\\/www.meydan.tv\\\/wp-content\\\/uploads\\\/untitled_design_1_shkjvkm.png\",\"contentUrl\":\"https:\\\/\\\/www.meydan.tv\\\/wp-content\\\/uploads\\\/untitled_design_1_shkjvkm.png\",\"width\":1200,\"height\":700,\"caption\":\"Source: Meydan TV\"},{\"@type\":\"BreadcrumbList\",\"@id\":\"https:\\\/\\\/www.meydan.tv\\\/az\\\/article\\\/pulsuzluqdan-evine-qaz-cekdire-bilmeyen-aile\\\/#breadcrumb\",\"itemListElement\":[{\"@type\":\"ListItem\",\"position\":1,\"name\":\"Ana s\u0259hif\u0259\",\"item\":\"https:\\\/\\\/www.meydan.tv\\\/az\\\/\"},{\"@type\":\"ListItem\",\"position\":2,\"name\":\"B\u00f6lg\u0259\",\"item\":\"https:\\\/\\\/www.meydan.tv\\\/az\\\/section\\\/bolge\\\/\"},{\"@type\":\"ListItem\",\"position\":3,\"name\":\"Pulsuzluqdan evin\u0259 qaz \u00e7\u0259kdir\u0259 bilm\u0259y\u0259n ail\u0259\"}]},{\"@type\":\"WebSite\",\"@id\":\"https:\\\/\\\/www.meydan.tv\\\/az\\\/#website\",\"url\":\"https:\\\/\\\/www.meydan.tv\\\/az\\\/\",\"name\":\"MEYDAN.TV\",\"description\":\"Meydan TV Az\u0259rbaycan\u0131n media m\u0259kan\u0131ndak\u0131 alternativ s\u0259sidir\",\"publisher\":{\"@id\":\"https:\\\/\\\/www.meydan.tv\\\/az\\\/#organization\"},\"potentialAction\":[{\"@type\":\"SearchAction\",\"target\":{\"@type\":\"EntryPoint\",\"urlTemplate\":\"https:\\\/\\\/www.meydan.tv\\\/az\\\/?s={search_term_string}\"},\"query-input\":{\"@type\":\"PropertyValueSpecification\",\"valueRequired\":true,\"valueName\":\"search_term_string\"}}],\"inLanguage\":\"az\"},{\"@type\":\"Organization\",\"@id\":\"https:\\\/\\\/www.meydan.tv\\\/az\\\/#organization\",\"name\":\"Meydan TV\",\"url\":\"https:\\\/\\\/www.meydan.tv\\\/az\\\/\",\"logo\":{\"@type\":\"ImageObject\",\"inLanguage\":\"az\",\"@id\":\"https:\\\/\\\/www.meydan.tv\\\/az\\\/#\\\/schema\\\/logo\\\/image\\\/\",\"url\":\"https:\\\/\\\/www.meydan.tv\\\/wp-content\\\/uploads\\\/2021\\\/07\\\/meydan-logo.svg\",\"contentUrl\":\"https:\\\/\\\/www.meydan.tv\\\/wp-content\\\/uploads\\\/2021\\\/07\\\/meydan-logo.svg\",\"width\":195,\"height\":46,\"caption\":\"Meydan TV\"},\"image\":{\"@id\":\"https:\\\/\\\/www.meydan.tv\\\/az\\\/#\\\/schema\\\/logo\\\/image\\\/\"}},{\"@type\":\"Person\",\"@id\":\"https:\\\/\\\/www.meydan.tv\\\/az\\\/#\\\/schema\\\/person\\\/10d11eccf6da3662cf5fdab9806ea91a\",\"name\":\"user-manager\"}]}<\/script>\n<!-- \/ Yoast SEO plugin. -->","yoast_head_json":{"title":"Pulsuzluqdan evin\u0259 qaz \u00e7\u0259kdir\u0259 bilm\u0259y\u0259n ail\u0259 - MEYDAN.TV","robots":{"index":"index","follow":"follow","max-snippet":"max-snippet:-1","max-image-preview":"max-image-preview:large","max-video-preview":"max-video-preview:-1"},"canonical":"https:\/\/www.meydan.tv\/az\/article\/pulsuzluqdan-evine-qaz-cekdire-bilmeyen-aile\/","og_locale":"az_AZ","og_type":"article","og_title":"Pulsuzluqdan evin\u0259 qaz \u00e7\u0259kdir\u0259 bilm\u0259y\u0259n ail\u0259 - MEYDAN.TV","og_description":"\u018fzbik\u0259 Qarayeva dan\u0131\u015f\u0131r ki, h\u0259tta Sabirabad\u0131n \u0130cra Hakimiyy\u0259tin\u0259 d\u0259 gedib","og_url":"https:\/\/www.meydan.tv\/az\/article\/pulsuzluqdan-evine-qaz-cekdire-bilmeyen-aile\/","og_site_name":"MEYDAN.TV","article_published_time":"2020-04-23T12:46:27+00:00","og_image":[{"width":1200,"height":700,"url":"https:\/\/www.meydan.tv\/wp-content\/uploads\/untitled_design_1_shkjvkm.png","type":"image\/png"}],"author":"user-manager","twitter_card":"summary_large_image","schema":{"@context":"https:\/\/schema.org","@graph":[{"@type":"Article","@id":"https:\/\/www.meydan.tv\/az\/article\/pulsuzluqdan-evine-qaz-cekdire-bilmeyen-aile\/#article","isPartOf":{"@id":"https:\/\/www.meydan.tv\/az\/article\/pulsuzluqdan-evine-qaz-cekdire-bilmeyen-aile\/"},"author":{"name":"user-manager","@id":"https:\/\/www.meydan.tv\/az\/#\/schema\/person\/10d11eccf6da3662cf5fdab9806ea91a"},"headline":"Pulsuzluqdan evin\u0259 qaz \u00e7\u0259kdir\u0259 bilm\u0259y\u0259n ail\u0259","datePublished":"2020-04-23T12:46:27+00:00","mainEntityOfPage":{"@id":"https:\/\/www.meydan.tv\/az\/article\/pulsuzluqdan-evine-qaz-cekdire-bilmeyen-aile\/"},"wordCount":996,"publisher":{"@id":"https:\/\/www.meydan.tv\/az\/#organization"},"image":{"@id":"https:\/\/www.meydan.tv\/az\/article\/pulsuzluqdan-evine-qaz-cekdire-bilmeyen-aile\/#primaryimage"},"thumbnailUrl":"https:\/\/www.meydan.tv\/wp-content\/uploads\/untitled_design_1_shkjvkm.png","articleSection":["B\u00f6lg\u0259"],"inLanguage":"az"},{"@type":"WebPage","@id":"https:\/\/www.meydan.tv\/az\/article\/pulsuzluqdan-evine-qaz-cekdire-bilmeyen-aile\/","url":"https:\/\/www.meydan.tv\/az\/article\/pulsuzluqdan-evine-qaz-cekdire-bilmeyen-aile\/","name":"Pulsuzluqdan evin\u0259 qaz \u00e7\u0259kdir\u0259 bilm\u0259y\u0259n ail\u0259 - MEYDAN.TV","isPartOf":{"@id":"https:\/\/www.meydan.tv\/az\/#website"},"primaryImageOfPage":{"@id":"https:\/\/www.meydan.tv\/az\/article\/pulsuzluqdan-evine-qaz-cekdire-bilmeyen-aile\/#primaryimage"},"image":{"@id":"https:\/\/www.meydan.tv\/az\/article\/pulsuzluqdan-evine-qaz-cekdire-bilmeyen-aile\/#primaryimage"},"thumbnailUrl":"https:\/\/www.meydan.tv\/wp-content\/uploads\/untitled_design_1_shkjvkm.png","datePublished":"2020-04-23T12:46:27+00:00","breadcrumb":{"@id":"https:\/\/www.meydan.tv\/az\/article\/pulsuzluqdan-evine-qaz-cekdire-bilmeyen-aile\/#breadcrumb"},"inLanguage":"az","potentialAction":[{"@type":"ReadAction","target":["https:\/\/www.meydan.tv\/az\/article\/pulsuzluqdan-evine-qaz-cekdire-bilmeyen-aile\/"]}]},{"@type":"ImageObject","inLanguage":"az","@id":"https:\/\/www.meydan.tv\/az\/article\/pulsuzluqdan-evine-qaz-cekdire-bilmeyen-aile\/#primaryimage","url":"https:\/\/www.meydan.tv\/wp-content\/uploads\/untitled_design_1_shkjvkm.png","contentUrl":"https:\/\/www.meydan.tv\/wp-content\/uploads\/untitled_design_1_shkjvkm.png","width":1200,"height":700,"caption":"Source: Meydan TV"},{"@type":"BreadcrumbList","@id":"https:\/\/www.meydan.tv\/az\/article\/pulsuzluqdan-evine-qaz-cekdire-bilmeyen-aile\/#breadcrumb","itemListElement":[{"@type":"ListItem","position":1,"name":"Ana s\u0259hif\u0259","item":"https:\/\/www.meydan.tv\/az\/"},{"@type":"ListItem","position":2,"name":"B\u00f6lg\u0259","item":"https:\/\/www.meydan.tv\/az\/section\/bolge\/"},{"@type":"ListItem","position":3,"name":"Pulsuzluqdan evin\u0259 qaz \u00e7\u0259kdir\u0259 bilm\u0259y\u0259n ail\u0259"}]},{"@type":"WebSite","@id":"https:\/\/www.meydan.tv\/az\/#website","url":"https:\/\/www.meydan.tv\/az\/","name":"MEYDAN.TV","description":"Meydan TV Az\u0259rbaycan\u0131n media m\u0259kan\u0131ndak\u0131 alternativ s\u0259sidir","publisher":{"@id":"https:\/\/www.meydan.tv\/az\/#organization"},"potentialAction":[{"@type":"SearchAction","target":{"@type":"EntryPoint","urlTemplate":"https:\/\/www.meydan.tv\/az\/?s={search_term_string}"},"query-input":{"@type":"PropertyValueSpecification","valueRequired":true,"valueName":"search_term_string"}}],"inLanguage":"az"},{"@type":"Organization","@id":"https:\/\/www.meydan.tv\/az\/#organization","name":"Meydan TV","url":"https:\/\/www.meydan.tv\/az\/","logo":{"@type":"ImageObject","inLanguage":"az","@id":"https:\/\/www.meydan.tv\/az\/#\/schema\/logo\/image\/","url":"https:\/\/www.meydan.tv\/wp-content\/uploads\/2021\/07\/meydan-logo.svg","contentUrl":"https:\/\/www.meydan.tv\/wp-content\/uploads\/2021\/07\/meydan-logo.svg","width":195,"height":46,"caption":"Meydan TV"},"image":{"@id":"https:\/\/www.meydan.tv\/az\/#\/schema\/logo\/image\/"}},{"@type":"Person","@id":"https:\/\/www.meydan.tv\/az\/#\/schema\/person\/10d11eccf6da3662cf5fdab9806ea91a","name":"user-manager"}]}},"_links":{"self":[{"href":"https:\/\/www.meydan.tv\/az\/wp-json\/wp\/v2\/posts\/200289","targetHints":{"allow":["GET"]}}],"collection":[{"href":"https:\/\/www.meydan.tv\/az\/wp-json\/wp\/v2\/posts"}],"about":[{"href":"https:\/\/www.meydan.tv\/az\/wp-json\/wp\/v2\/types\/post"}],"author":[{"embeddable":true,"href":"https:\/\/www.meydan.tv\/az\/wp-json\/wp\/v2\/users\/11"}],"replies":[{"embeddable":true,"href":"https:\/\/www.meydan.tv\/az\/wp-json\/wp\/v2\/comments?post=200289"}],"version-history":[{"count":0,"href":"https:\/\/www.meydan.tv\/az\/wp-json\/wp\/v2\/posts\/200289\/revisions"}],"wp:featuredmedia":[{"embeddable":true,"href":"https:\/\/www.meydan.tv\/az\/wp-json\/wp\/v2\/media\/140852"}],"wp:attachment":[{"href":"https:\/\/www.meydan.tv\/az\/wp-json\/wp\/v2\/media?parent=200289"}],"wp:term":[{"taxonomy":"category","embeddable":true,"href":"https:\/\/www.meydan.tv\/az\/wp-json\/wp\/v2\/categories?post=200289"},{"taxonomy":"post_tag","embeddable":true,"href":"https:\/\/www.meydan.tv\/az\/wp-json\/wp\/v2\/tags?post=200289"}],"curies":[{"name":"wp","href":"https:\/\/api.w.org\/{rel}","templated":true}]}}