{"id":200212,"date":"2020-04-19T11:55:27","date_gmt":"2020-04-19T11:55:27","guid":{"rendered":"https:\/\/www.meydan.tv\/article\/surucu-cerimeye-iradimi-bildirdim-yol-polisleri-meni-serledi\/"},"modified":"2020-04-19T11:55:27","modified_gmt":"2020-04-19T11:55:27","slug":"surucu-cerimeye-iradimi-bildirdim-yol-polisleri-meni-serledi","status":"publish","type":"post","link":"https:\/\/www.meydan.tv\/az\/article\/surucu-cerimeye-iradimi-bildirdim-yol-polisleri-meni-serledi\/","title":{"rendered":"S\u00fcr\u00fcc\u00fc: C\u0259rim\u0259y\u0259 irad\u0131m\u0131 bildirdim, yol polisl\u0259ri m\u0259ni \u015f\u0259rl\u0259di"},"content":{"rendered":"<p>\n  <i><br \/>\n    \u201cQollar\u0131m\u0131 burub ma\u015f\u0131na basd\u0131lar, dedil\u0259r, 15 sutka basaca\u011f\u0131q, ged\u0259c\u0259ks\u0259n, i\u015fd\u0259n d\u0259 \u00e7\u0131xartd\u0131raca\u011f\u0131q s\u0259ni\u201d<br \/>\n  <\/i>\n<\/p>\n<p>\n  \u201cYol polisi ratsiya il\u0259 \u0259raziy\u0259 post patrul xidm\u0259ti \u00e7a\u011f\u0131rd\u0131, 23-c\u00fc polis b\u00f6lm\u0259sinin i\u015f\u00e7il\u0259ri g\u0259ldi, m\u0259ni s\u00fcr\u00fcy\u0259-s\u00fcr\u00fcy\u0259 post-patrul ma\u015f\u0131n\u0131na t\u0259r\u0259f apard\u0131lar. S\u0259n\u0259dl\u0259rim yer\u0259 da\u011f\u0131ld\u0131, \u0259yilib y\u0131\u011fma\u011fa imkan da verm\u0259dil\u0259r. Qollar\u0131m\u0131 burub post-patrul ma\u015f\u0131n\u0131na basd\u0131lar, sanki qat\u0131 cinay\u0259tkar tutmu\u015fdular\u201d.\n<\/p>\n<p>\n  Ke\u015fl\u0259 sakini Vahid H\u0259s\u0259nli Meydan TV-y\u0259 dan\u0131\u015f\u0131r ki, aprelin 13-d\u0259 i\u015fd\u0259n ev\u0259 qay\u0131dark\u0259n el\u0259 Ke\u015fl\u0259 q\u0259s\u0259b\u0259si \u0259razisind\u0259 &#8211; Bab\u0259k prospektind\u0259n q\u0259s\u0259b\u0259y\u0259 daxil olan hiss\u0259d\u0259 qurulmu\u015f postda yol polisl\u0259ri t\u0259r\u0259find\u0259n saxlan\u0131l\u0131b. Yol polisl\u0259ri onun s\u0259n\u0259dl\u0259rini v\u0259 icaz\u0259 aray\u0131\u015f\u0131n\u0131 yoxlad\u0131qdan sonra bildiribl\u0259r ki, elektron icaz\u0259si olmad\u0131\u011f\u0131na g\u00f6r\u0259 100 manat c\u0259rim\u0259l\u0259nir.\n<\/p>\n<p>\n  <b><br \/>\n    \u201cYol polisl\u0259ri m\u0259ni q\u0259sd\u0259n provokasiyaya \u00e7\u0259kirdil\u0259r\u201d<br \/>\n  <\/b>\n<\/p>\n<p>\n  V\u0259t\u0259nda\u015f\u0131n ba\u015f\u0131na n\u0259 g\u0259libs\u0259, el\u0259 bundan sonra g\u0259lib:\n<\/p>\n<p>\n  \u201cAz\u0259rbaycan Hava Yollar\u0131\u201d Qapal\u0131 S\u0259hmdar C\u0259miyy\u0259tinin Hava Limanlar\u0131n\u0131n \u0130stismar\u0131 Ba\u015f \u0130dar\u0259sind\u0259 montyor i\u015fl\u0259yir\u0259m. \u0130dar\u0259 m\u0259n\u0259 karantin rejimind\u0259 avtomobill\u0259 s\u0259rb\u0259st h\u0259r\u0259k\u0259t etm\u0259k \u00fc\u00e7\u00fcn aray\u0131\u015f verib. M\u0259n d\u0259 ne\u00e7\u0259 g\u00fcnd\u00fcr bu aray\u0131\u015fdan istifad\u0259 edir\u0259m, he\u00e7 bir postda problemim yaranmay\u0131b. Ancaq aprelin 13-d\u0259 i\u015fd\u0259n qay\u0131dark\u0259n idar\u0259 etdiyim avtomobili qeyd etdiyim kimi, Ke\u015fl\u0259 q\u0259s\u0259b\u0259sinin Bab\u0259k prospekti istiqam\u0259tind\u0259n giri\u015find\u0259 yol polisl\u0259ri saxlad\u0131. S\u0259n\u0259dl\u0259rimi v\u0259 icaz\u0259 aray\u0131\u015f\u0131m\u0131 t\u0259qdim etdim. Yol polisi bildirdi ki, \u201celektron icaz\u0259n yoxdur, ona g\u00f6r\u0259 d\u0259 protokol yaz\u0131ram, 100 manat c\u0259rim\u0259l\u0259nirs\u0259n\u201d. M\u0259ns\u0259 bildirdim ki, Nazirl\u0259r Kabinetinin m\u00fcvafiq q\u0259rar\u0131na \u0259sas\u0259n, \u0259g\u0259r v\u0259t\u0259nda\u015f aray\u0131\u015f v\u0259 v\u0259siq\u0259 t\u0259qdim edirs\u0259, elektron icaz\u0259y\u0259 ehtiyac yoxdur. Yol polisl\u0259ri m\u0259ni c\u0259rim\u0259 yazmaqdan \u00e7ox sanki provokasiyaya \u00e7\u0259km\u0259y\u0259 \u00e7al\u0131\u015f\u0131rd\u0131lar. \u00d6zl\u0259rini t\u0259qdim etmir, s\u0259sl\u0259rini v\u0259t\u0259nda\u015f\u0131n \u00fcst\u00fcn\u0259 qald\u0131r\u0131r, \u201cs\u0259n\u201d dey\u0259 \u0259d\u0259bsizc\u0259sin\u0259 m\u00fcraci\u0259t edir, \u201cbu saat qollar\u0131n\u0131 burub apararlar, a\u011fl\u0131n ba\u015f\u0131na g\u0259l\u0259r\u201d deyib, h\u0259d\u0259-qorxu g\u0259lirl\u0259r. Dedim, v\u0259t\u0259nda\u015f bu 100 manat\u0131 k\u00fc\u00e7\u0259d\u0259n y\u0131\u011fm\u0131r ki, h\u0259r saxlad\u0131\u011f\u0131n\u0131za yeri g\u0259ldi-g\u0259lm\u0259di 100 manat y\u00fckl\u0259yib yola salas\u0131z. Ratsiyan\u0131 g\u00f6t\u00fcr\u00fcb post-patrula x\u0259b\u0259r verdil\u0259r ki, guya v\u0259t\u0259nda\u015f bunlar\u0131n postuna h\u00fccum \u00e7\u0259kib, tabesizlik g\u00f6st\u0259rir, guya \u0259lav\u0259 polis q\u00fcvv\u0259sin\u0259 ehtiyac var. Az ke\u00e7m\u0259di ki, post-patrul ma\u015f\u0131n\u0131 g\u0259lib dayand\u0131, i\u00e7\u0259risind\u0259n bir ne\u00e7\u0259 polis d\u00fc\u015fd\u00fc. M\u0259nd\u0259n v\u0259 onlardan n\u0259 ba\u015f verdiyini soru\u015fdular. Yol polisl\u0259ri yalandan bildirdil\u0259r ki, guya m\u0259n posta h\u00fccum \u00e7\u0259kib onlar\u0131 t\u0259hqir etmi\u015f\u0259m, m\u0259ns\u0259 olanlar\u0131 nec\u0259 vard\u0131sa, bildirdim. Polisl\u0259r s\u0259n\u0259dl\u0259rimi, aray\u0131\u015f\u0131m\u0131 yoxlad\u0131lar, ham\u0131s\u0131n\u0131 \u00f6z\u00fcm\u0259 qaytard\u0131lar, dedil\u0259r get, protokol da yaz\u0131lmayacaq, yol polisl\u0259rin\u0259 d\u0259 dedil\u0259r ki, v\u0259t\u0259nda\u015f haql\u0131d\u0131r\u201d.\n<\/p>\n<p>\n  <b><br \/>\n    \u201cEv\u0259 \u00e7atanda telefonuma c\u0259rim\u0259 ismar\u0131c\u0131 g\u0259ldi\u201d<br \/>\n  <\/b>\n<\/p>\n<p>\n  Vahid H\u0259s\u0259nli yoluna davam edib. Ya\u015fad\u0131\u011f\u0131 \u00fcnvana \u00e7atanda telefonuna karantin rejimini pozdu\u011funa g\u00f6r\u0259 100 manat c\u0259rim\u0259l\u0259nm\u0259si bar\u0259d\u0259 ismar\u0131c g\u0259lib. O, t\u0259krar yol polisl\u0259rinin yan\u0131na qay\u0131d\u0131b:\n<\/p>\n<p>\n  \u201cM\u0259n\u0259 bildirdil\u0259r ki, bizim i\u015fimiz protokol yazmaqd\u0131r, d\u00fczd\u00fcr, s\u0259hvdir, bunu biz ara\u015fd\u0131rm\u0131r\u0131q, bu, bizim v\u0259zif\u0259miz\u0259 daxil deyil. Dedim, z\u0259hm\u0259t olmasa m\u0259n\u0259 protokolun sur\u0259tini t\u0259qdim edin, m\u0259n o protokoldan \u015fikay\u0259t ver\u0259c\u0259m. Dedil\u0259r, aralan burdan, ba\u015f\u0131n\u0131 a\u011fr\u0131tma, get, c\u0259rim\u0259ni \u00f6d\u0259, ad\u0131n\u0131 da portala daxil etdir, tutsaq , yen\u0259 c\u0259rim\u0259l\u0259y\u0259c\u0259yik. M\u0259n d\u00f6n\u0259-d\u00f6n\u0259 bunlardan protokolu t\u0259l\u0259b etm\u0259l\u0259rini, \u00f6zl\u0259rini t\u0259qdim etm\u0259l\u0259rini ist\u0259dim. Dedim, v\u0259t\u0259nda\u015fam, m\u0259ni c\u0259rim\u0259l\u0259misiz, m\u0259n d\u0259 c\u0259rim\u0259ni qanunsuz hesab edir\u0259m, protokoldan \u015fikay\u0259t etm\u0259k m\u0259nim h\u00fcququmdur, verin protokolu, \u00e7\u0131x\u0131m gedim. Bunlar g\u00f6t\u00fcr\u00fcb yen\u0259 ratsiya il\u0259 \u0259raziy\u0259 polis \u00e7a\u011f\u0131rd\u0131lar. Yen\u0259 yalandan dedil\u0259r ki, guya posta h\u00fccum \u00e7\u0259kib, bunlar\u0131 t\u0259hqir etmi\u015f\u0259m\u201d.\n<\/p>\n<p>\n  <b><br \/>\n    \u201cS\u00fcr\u00fcd\u00fcl\u0259r, qollar\u0131m\u0131 qandallay\u0131b polis ma\u015f\u0131n\u0131na basd\u0131lar\u201d<br \/>\n  <\/b>\n<\/p>\n<p>\n  Bu d\u0259f\u0259 post-patrul \u0259m\u0259kda\u015flar\u0131 Vahid H\u0259s\u0259nlini \u0259raziy\u0259 n\u0259zar\u0259t ed\u0259n 23-c\u00fc polis b\u00f6lm\u0259sin\u0259 apar\u0131blar:\n<\/p>\n<p>\n  \u201cBu d\u0259f\u0259 he\u00e7 n\u0259 soru\u015fmad\u0131lar, he\u00e7 n\u0259 ayd\u0131nla\u015fd\u0131rmad\u0131lar, \u00e7atan kimi h\u0259r\u0259si bir t\u0259r\u0259fd\u0259n qoluma girib m\u0259ni post-patrul ma\u015f\u0131n\u0131na t\u0259r\u0259f s\u00fcr\u00fcd\u00fc. M\u0259ni s\u00fcr\u00fcd\u00fckl\u0259rin\u0259 g\u00f6r\u0259 s\u0259n\u0259dl\u0259rim d\u0259 yer\u0259 da\u011f\u0131ld\u0131, imkan verm\u0259dil\u0259r ki, \u0259yilib y\u0131\u011fam. Qollar\u0131m\u0131 burub ma\u015f\u0131na basd\u0131lar, dedil\u0259r, 15 sutka basaca\u011f\u0131q, ged\u0259c\u0259ks\u0259n, i\u015fd\u0259n d\u0259 \u00e7\u0131xartd\u0131raca\u011f\u0131q s\u0259ni&#8230; 23-c\u00fc polis b\u00f6lm\u0259sin\u0259 g\u0259tirdil\u0259r, n\u00f6vb\u0259t\u00e7i hiss\u0259y\u0259 dedil\u0259r, posta h\u00fccum edib, yol polisl\u0259rini t\u0259hqir edib, \u201coformit\u201d el\u0259yin, aparaq m\u0259hk\u0259m\u0259y\u0259&#8230; Sonra s\u0259hv etmir\u0259ms\u0259, n\u00f6vb\u0259t\u00e7i hiss\u0259nin komandiri idi, g\u0259ldi, m\u0259nd\u0259n n\u0259yin nec\u0259 ba\u015f verdiyini soru\u015fdu, m\u0259n d\u0259 oldu\u011fu kimi dan\u0131\u015fd\u0131m. Dedi, d\u0259hlizd\u0259 g\u00f6zl\u0259, g\u00f6r\u0259k n\u0259 olur. M\u0259n d\u0259hlizd\u0259 g\u00f6zl\u0259diyim m\u00fcdd\u0259td\u0259 \u015firk\u0259timizin xidm\u0259t r\u0259isi il\u0259 \u0259laq\u0259 saxlad\u0131m, dedim, \u015firk\u0259tin verdiyi icaz\u0259 aray\u0131\u015f\u0131n\u0131 v\u0259 dig\u0259r s\u0259n\u0259dl\u0259ri t\u0259qdim ets\u0259m d\u0259, c\u0259rim\u0259l\u0259yibl\u0259r, protokolu t\u0259l\u0259b etdiyim\u0259 g\u00f6r\u0259 is\u0259 \u015f\u0259rl\u0259yib, qollar\u0131m\u0131 burub, polis b\u00f6lm\u0259sin\u0259 g\u0259tiribl\u0259r. 3 saat b\u00f6lm\u0259d\u0259 saxlanm\u0131\u015fam, 3 saatdan sonra b\u00f6lm\u0259nin r\u0259isi z\u0259ng vurub i\u015f\u00e7il\u0259rin\u0259 tap\u015f\u0131r\u0131q verdi ki, izahat\u0131n\u0131 al\u0131b burax\u0131n\u201d.\n<\/p>\n<p>\n  <b><br \/>\n    \u201cDedil\u0259r, izahat\u0131 el\u0259 yaz ki, \u201cba\u015f\u0131m\u0131z a\u011fr\u0131mas\u0131n\u201d<br \/>\n  <\/b>\n<\/p>\n<p>\n  Nizami rayon 23-c\u00fc polis b\u00f6lm\u0259sind\u0259n Meydan TV-y\u0259 bildirilib ki, aprelin 13-d\u0259 Vahid H\u0259s\u0259nli yol polisinin c\u0259rim\u0259 protokoluna irad bildirdiyi \u00fc\u00e7\u00fcn aralar\u0131nda m\u00fcbahis\u0259 yaran\u0131b. O, b\u00f6lm\u0259y\u0259 d\u0259v\u0259t edilib, m\u0259s\u0259l\u0259 ayd\u0131nla\u015fd\u0131r\u0131ld\u0131qdan sonra s\u0259rb\u0259st burax\u0131l\u0131b. Vahid H\u0259s\u0259nli is\u0259 deyir, b\u00f6lm\u0259d\u0259 ondan xahi\u015f olunub ki, izahat\u0131 bir q\u0259d\u0259r \u201cyum\u015faq\u201d yazs\u0131n, qeyd etsin ki, b\u00f6lm\u0259y\u0259 d\u0259v\u0259tl\u0259 g\u0259lib, zorla g\u0259tirilm\u0259yib. Vahid H\u0259s\u0259nli s\u00f6z\u00fcn\u0259 davam edir:\n<\/p>\n<p>\n  \u201cBayaqdan qollar\u0131m\u0131 buran, m\u0259ni cinay\u0259t i\u015fi a\u00e7maqla, i\u015fd\u0259n \u00e7\u0131xartd\u0131rmaqla h\u0259d\u0259l\u0259y\u0259n polisl\u0259r \u00fc\u00e7\u00fcn d\u00f6n\u00fcb oldum \u201ca\u011fsaqqal\u201d. Dedil\u0259r, a\u011fsaqqal, s\u0259brli ol, izahat\u0131n\u0131 al\u0131b burax\u0131r\u0131q s\u0259ni. \u0130zahat yazanda da xahi\u015f el\u0259dil\u0259r orda qeyd edim ki, yol polisi protokol yaz\u0131b, m\u0259n irad\u0131m\u0131 bildirmi\u015f\u0259m, anla\u015f\u0131lmazl\u0131q yaran\u0131b, guya polis m\u0259ni b\u00f6lm\u0259y\u0259 d\u0259v\u0259t edib ki, ayd\u0131nla\u015fd\u0131r\u0131ls\u0131n, guya m\u0259n h\u0259min d\u0259v\u0259tl\u0259 \u00f6z\u00fcm b\u00f6lm\u0259y\u0259 getmi\u015f\u0259m. Dedim, m\u0259ni d\u0259v\u0259t etm\u0259misiz, s\u00fcr\u00fcy\u0259-s\u00fcr\u00fcy\u0259, qollar\u0131m\u0131 burub ma\u015f\u0131na basm\u0131s\u0131z, yer\u0259 da\u011f\u0131lan s\u0259n\u0259dl\u0259rimi toplama\u011f\u0131ma da imkan verm\u0259misiz. Dedil\u0259r, bel\u0259 yazmaqla bizim \u00fc\u00e7\u00fcn i\u015f art\u0131r\u0131rsan, \u201cba\u015fa\u011fr\u0131\u201d yarad\u0131rsan. Halbuki, 3 saat m\u0259ni b\u00f6lm\u0259d\u0259 saxlayandan sonra m\u0259hk\u0259m\u0259y\u0259 g\u00f6nd\u0259rib \u00f6zl\u0259ri m\u0259nim\u00e7\u00fcn \u201ci\u015f art\u0131racaqd\u0131lar\u201d. M\u0259n d\u0259 ba\u015f ver\u0259nl\u0259ri oldu\u011fu kimi izahat\u0131mda qeyd etdim, b\u00f6lm\u0259d\u0259n \u00e7\u0131xd\u0131m\u201d.\n<\/p>\n<p>\n  Vahid H\u0259s\u0259nli h\u00fcquqlar\u0131n\u0131 pozmu\u015f polis i\u015f\u00e7il\u0259rinin c\u0259zaland\u0131r\u0131lmas\u0131 \u00fc\u00e7\u00fcn m\u00fcraci\u0259tl\u0259rini davam etdir\u0259c\u0259yini deyir.\n<\/p>\n<figure class=\"wp-block-image size-large\">\n  <img decoding=\"async\" src=\"https:\/\/www.meydan.tv\/az\/screenshot-2020-04-17-at-15-00-15-png\/\" alt=\"Screenshot 2020-04-17 at 15.00.15.png\" class=\"wp-image-140639\"\/><figcaption>\n    Aray\u0131\u015f<br \/>\n  <\/figcaption><\/figure>\n<figure class=\"wp-block-image size-large\">\n  <img decoding=\"async\" src=\"https:\/\/www.meydan.tv\/az\/screenshot-2020-04-17-at-15-00-52-png\/\" alt=\"Screenshot 2020-04-17 at 15.00.52.png\" class=\"wp-image-140633\"\/><figcaption>\n    Aray\u0131\u015f<br \/>\n  <\/figcaption><\/figure>\n","protected":false},"excerpt":{"rendered":"<p>\u201cQollar\u0131m\u0131 burub ma\u015f\u0131na basd\u0131lar, dedil\u0259r, 15 sutka basaca\u011f\u0131q, ged\u0259c\u0259ks\u0259n, i\u015fd\u0259n d\u0259 \u00e7\u0131xartd\u0131raca\u011f\u0131q s\u0259ni\u201d<\/p>\n","protected":false},"author":11,"featured_media":140672,"comment_status":"closed","ping_status":"open","sticky":false,"template":"","format":"standard","meta":{"_acf_changed":false,"_sitemap_exclude":false,"_sitemap_priority":"","_sitemap_frequency":"","footnotes":""},"categories":[60],"tags":[],"class_list":["post-200212","post","type-post","status-publish","format-standard","has-post-thumbnail","hentry","category-bolge","infinite-scroll-item","generate-columns","tablet-grid-50","mobile-grid-100","grid-parent","grid-33","no-featured-image-padding"],"acf":[],"yoast_head":"<!-- This site is optimized with the Yoast SEO plugin v27.5 - https:\/\/yoast.com\/product\/yoast-seo-wordpress\/ -->\n<title>S\u00fcr\u00fcc\u00fc: C\u0259rim\u0259y\u0259 irad\u0131m\u0131 bildirdim, yol polisl\u0259ri m\u0259ni \u015f\u0259rl\u0259di - MEYDAN.TV<\/title>\n<meta name=\"robots\" content=\"index, follow, max-snippet:-1, max-image-preview:large, max-video-preview:-1\" \/>\n<link rel=\"canonical\" href=\"https:\/\/www.meydan.tv\/az\/article\/surucu-cerimeye-iradimi-bildirdim-yol-polisleri-meni-serledi\/\" \/>\n<meta property=\"og:locale\" content=\"az_AZ\" \/>\n<meta property=\"og:type\" content=\"article\" \/>\n<meta property=\"og:title\" content=\"S\u00fcr\u00fcc\u00fc: C\u0259rim\u0259y\u0259 irad\u0131m\u0131 bildirdim, yol polisl\u0259ri m\u0259ni \u015f\u0259rl\u0259di - MEYDAN.TV\" \/>\n<meta property=\"og:description\" content=\"\u201cQollar\u0131m\u0131 burub ma\u015f\u0131na basd\u0131lar, dedil\u0259r, 15 sutka basaca\u011f\u0131q, ged\u0259c\u0259ks\u0259n, i\u015fd\u0259n d\u0259 \u00e7\u0131xartd\u0131raca\u011f\u0131q s\u0259ni\u201d\" \/>\n<meta property=\"og:url\" content=\"https:\/\/www.meydan.tv\/az\/article\/surucu-cerimeye-iradimi-bildirdim-yol-polisleri-meni-serledi\/\" \/>\n<meta property=\"og:site_name\" content=\"MEYDAN.TV\" \/>\n<meta property=\"article:published_time\" content=\"2020-04-19T11:55:27+00:00\" \/>\n<meta property=\"og:image\" content=\"https:\/\/www.meydan.tv\/wp-content\/uploads\/rts388sm.jpg\" \/>\n\t<meta property=\"og:image:width\" content=\"1500\" \/>\n\t<meta property=\"og:image:height\" content=\"1014\" \/>\n\t<meta property=\"og:image:type\" content=\"image\/jpeg\" \/>\n<meta name=\"author\" content=\"user-manager\" \/>\n<meta name=\"twitter:card\" content=\"summary_large_image\" \/>\n<script type=\"application\/ld+json\" class=\"yoast-schema-graph\">{\"@context\":\"https:\\\/\\\/schema.org\",\"@graph\":[{\"@type\":\"Article\",\"@id\":\"https:\\\/\\\/www.meydan.tv\\\/az\\\/article\\\/surucu-cerimeye-iradimi-bildirdim-yol-polisleri-meni-serledi\\\/#article\",\"isPartOf\":{\"@id\":\"https:\\\/\\\/www.meydan.tv\\\/az\\\/article\\\/surucu-cerimeye-iradimi-bildirdim-yol-polisleri-meni-serledi\\\/\"},\"author\":{\"name\":\"user-manager\",\"@id\":\"https:\\\/\\\/www.meydan.tv\\\/az\\\/#\\\/schema\\\/person\\\/10d11eccf6da3662cf5fdab9806ea91a\"},\"headline\":\"S\u00fcr\u00fcc\u00fc: C\u0259rim\u0259y\u0259 irad\u0131m\u0131 bildirdim, yol polisl\u0259ri m\u0259ni \u015f\u0259rl\u0259di\",\"datePublished\":\"2020-04-19T11:55:27+00:00\",\"mainEntityOfPage\":{\"@id\":\"https:\\\/\\\/www.meydan.tv\\\/az\\\/article\\\/surucu-cerimeye-iradimi-bildirdim-yol-polisleri-meni-serledi\\\/\"},\"wordCount\":1456,\"publisher\":{\"@id\":\"https:\\\/\\\/www.meydan.tv\\\/az\\\/#organization\"},\"image\":{\"@id\":\"https:\\\/\\\/www.meydan.tv\\\/az\\\/article\\\/surucu-cerimeye-iradimi-bildirdim-yol-polisleri-meni-serledi\\\/#primaryimage\"},\"thumbnailUrl\":\"https:\\\/\\\/www.meydan.tv\\\/wp-content\\\/uploads\\\/rts388sm.jpg\",\"articleSection\":[\"B\u00f6lg\u0259\"],\"inLanguage\":\"az\"},{\"@type\":\"WebPage\",\"@id\":\"https:\\\/\\\/www.meydan.tv\\\/az\\\/article\\\/surucu-cerimeye-iradimi-bildirdim-yol-polisleri-meni-serledi\\\/\",\"url\":\"https:\\\/\\\/www.meydan.tv\\\/az\\\/article\\\/surucu-cerimeye-iradimi-bildirdim-yol-polisleri-meni-serledi\\\/\",\"name\":\"S\u00fcr\u00fcc\u00fc: C\u0259rim\u0259y\u0259 irad\u0131m\u0131 bildirdim, yol polisl\u0259ri m\u0259ni \u015f\u0259rl\u0259di - MEYDAN.TV\",\"isPartOf\":{\"@id\":\"https:\\\/\\\/www.meydan.tv\\\/az\\\/#website\"},\"primaryImageOfPage\":{\"@id\":\"https:\\\/\\\/www.meydan.tv\\\/az\\\/article\\\/surucu-cerimeye-iradimi-bildirdim-yol-polisleri-meni-serledi\\\/#primaryimage\"},\"image\":{\"@id\":\"https:\\\/\\\/www.meydan.tv\\\/az\\\/article\\\/surucu-cerimeye-iradimi-bildirdim-yol-polisleri-meni-serledi\\\/#primaryimage\"},\"thumbnailUrl\":\"https:\\\/\\\/www.meydan.tv\\\/wp-content\\\/uploads\\\/rts388sm.jpg\",\"datePublished\":\"2020-04-19T11:55:27+00:00\",\"breadcrumb\":{\"@id\":\"https:\\\/\\\/www.meydan.tv\\\/az\\\/article\\\/surucu-cerimeye-iradimi-bildirdim-yol-polisleri-meni-serledi\\\/#breadcrumb\"},\"inLanguage\":\"az\",\"potentialAction\":[{\"@type\":\"ReadAction\",\"target\":[\"https:\\\/\\\/www.meydan.tv\\\/az\\\/article\\\/surucu-cerimeye-iradimi-bildirdim-yol-polisleri-meni-serledi\\\/\"]}]},{\"@type\":\"ImageObject\",\"inLanguage\":\"az\",\"@id\":\"https:\\\/\\\/www.meydan.tv\\\/az\\\/article\\\/surucu-cerimeye-iradimi-bildirdim-yol-polisleri-meni-serledi\\\/#primaryimage\",\"url\":\"https:\\\/\\\/www.meydan.tv\\\/wp-content\\\/uploads\\\/rts388sm.jpg\",\"contentUrl\":\"https:\\\/\\\/www.meydan.tv\\\/wp-content\\\/uploads\\\/rts388sm.jpg\",\"width\":1500,\"height\":1014,\"caption\":\"Source: Reuters\"},{\"@type\":\"BreadcrumbList\",\"@id\":\"https:\\\/\\\/www.meydan.tv\\\/az\\\/article\\\/surucu-cerimeye-iradimi-bildirdim-yol-polisleri-meni-serledi\\\/#breadcrumb\",\"itemListElement\":[{\"@type\":\"ListItem\",\"position\":1,\"name\":\"Ana s\u0259hif\u0259\",\"item\":\"https:\\\/\\\/www.meydan.tv\\\/az\\\/\"},{\"@type\":\"ListItem\",\"position\":2,\"name\":\"B\u00f6lg\u0259\",\"item\":\"https:\\\/\\\/www.meydan.tv\\\/az\\\/section\\\/bolge\\\/\"},{\"@type\":\"ListItem\",\"position\":3,\"name\":\"S\u00fcr\u00fcc\u00fc: C\u0259rim\u0259y\u0259 irad\u0131m\u0131 bildirdim, yol polisl\u0259ri m\u0259ni \u015f\u0259rl\u0259di\"}]},{\"@type\":\"WebSite\",\"@id\":\"https:\\\/\\\/www.meydan.tv\\\/az\\\/#website\",\"url\":\"https:\\\/\\\/www.meydan.tv\\\/az\\\/\",\"name\":\"MEYDAN.TV\",\"description\":\"Meydan TV Az\u0259rbaycan\u0131n media m\u0259kan\u0131ndak\u0131 alternativ s\u0259sidir\",\"publisher\":{\"@id\":\"https:\\\/\\\/www.meydan.tv\\\/az\\\/#organization\"},\"potentialAction\":[{\"@type\":\"SearchAction\",\"target\":{\"@type\":\"EntryPoint\",\"urlTemplate\":\"https:\\\/\\\/www.meydan.tv\\\/az\\\/?s={search_term_string}\"},\"query-input\":{\"@type\":\"PropertyValueSpecification\",\"valueRequired\":true,\"valueName\":\"search_term_string\"}}],\"inLanguage\":\"az\"},{\"@type\":\"Organization\",\"@id\":\"https:\\\/\\\/www.meydan.tv\\\/az\\\/#organization\",\"name\":\"Meydan TV\",\"url\":\"https:\\\/\\\/www.meydan.tv\\\/az\\\/\",\"logo\":{\"@type\":\"ImageObject\",\"inLanguage\":\"az\",\"@id\":\"https:\\\/\\\/www.meydan.tv\\\/az\\\/#\\\/schema\\\/logo\\\/image\\\/\",\"url\":\"https:\\\/\\\/www.meydan.tv\\\/wp-content\\\/uploads\\\/2021\\\/07\\\/meydan-logo.svg\",\"contentUrl\":\"https:\\\/\\\/www.meydan.tv\\\/wp-content\\\/uploads\\\/2021\\\/07\\\/meydan-logo.svg\",\"width\":195,\"height\":46,\"caption\":\"Meydan TV\"},\"image\":{\"@id\":\"https:\\\/\\\/www.meydan.tv\\\/az\\\/#\\\/schema\\\/logo\\\/image\\\/\"}},{\"@type\":\"Person\",\"@id\":\"https:\\\/\\\/www.meydan.tv\\\/az\\\/#\\\/schema\\\/person\\\/10d11eccf6da3662cf5fdab9806ea91a\",\"name\":\"user-manager\"}]}<\/script>\n<!-- \/ Yoast SEO plugin. -->","yoast_head_json":{"title":"S\u00fcr\u00fcc\u00fc: C\u0259rim\u0259y\u0259 irad\u0131m\u0131 bildirdim, yol polisl\u0259ri m\u0259ni \u015f\u0259rl\u0259di - MEYDAN.TV","robots":{"index":"index","follow":"follow","max-snippet":"max-snippet:-1","max-image-preview":"max-image-preview:large","max-video-preview":"max-video-preview:-1"},"canonical":"https:\/\/www.meydan.tv\/az\/article\/surucu-cerimeye-iradimi-bildirdim-yol-polisleri-meni-serledi\/","og_locale":"az_AZ","og_type":"article","og_title":"S\u00fcr\u00fcc\u00fc: C\u0259rim\u0259y\u0259 irad\u0131m\u0131 bildirdim, yol polisl\u0259ri m\u0259ni \u015f\u0259rl\u0259di - MEYDAN.TV","og_description":"\u201cQollar\u0131m\u0131 burub ma\u015f\u0131na basd\u0131lar, dedil\u0259r, 15 sutka basaca\u011f\u0131q, ged\u0259c\u0259ks\u0259n, i\u015fd\u0259n d\u0259 \u00e7\u0131xartd\u0131raca\u011f\u0131q s\u0259ni\u201d","og_url":"https:\/\/www.meydan.tv\/az\/article\/surucu-cerimeye-iradimi-bildirdim-yol-polisleri-meni-serledi\/","og_site_name":"MEYDAN.TV","article_published_time":"2020-04-19T11:55:27+00:00","og_image":[{"width":1500,"height":1014,"url":"https:\/\/www.meydan.tv\/wp-content\/uploads\/rts388sm.jpg","type":"image\/jpeg"}],"author":"user-manager","twitter_card":"summary_large_image","schema":{"@context":"https:\/\/schema.org","@graph":[{"@type":"Article","@id":"https:\/\/www.meydan.tv\/az\/article\/surucu-cerimeye-iradimi-bildirdim-yol-polisleri-meni-serledi\/#article","isPartOf":{"@id":"https:\/\/www.meydan.tv\/az\/article\/surucu-cerimeye-iradimi-bildirdim-yol-polisleri-meni-serledi\/"},"author":{"name":"user-manager","@id":"https:\/\/www.meydan.tv\/az\/#\/schema\/person\/10d11eccf6da3662cf5fdab9806ea91a"},"headline":"S\u00fcr\u00fcc\u00fc: C\u0259rim\u0259y\u0259 irad\u0131m\u0131 bildirdim, yol polisl\u0259ri m\u0259ni \u015f\u0259rl\u0259di","datePublished":"2020-04-19T11:55:27+00:00","mainEntityOfPage":{"@id":"https:\/\/www.meydan.tv\/az\/article\/surucu-cerimeye-iradimi-bildirdim-yol-polisleri-meni-serledi\/"},"wordCount":1456,"publisher":{"@id":"https:\/\/www.meydan.tv\/az\/#organization"},"image":{"@id":"https:\/\/www.meydan.tv\/az\/article\/surucu-cerimeye-iradimi-bildirdim-yol-polisleri-meni-serledi\/#primaryimage"},"thumbnailUrl":"https:\/\/www.meydan.tv\/wp-content\/uploads\/rts388sm.jpg","articleSection":["B\u00f6lg\u0259"],"inLanguage":"az"},{"@type":"WebPage","@id":"https:\/\/www.meydan.tv\/az\/article\/surucu-cerimeye-iradimi-bildirdim-yol-polisleri-meni-serledi\/","url":"https:\/\/www.meydan.tv\/az\/article\/surucu-cerimeye-iradimi-bildirdim-yol-polisleri-meni-serledi\/","name":"S\u00fcr\u00fcc\u00fc: C\u0259rim\u0259y\u0259 irad\u0131m\u0131 bildirdim, yol polisl\u0259ri m\u0259ni \u015f\u0259rl\u0259di - MEYDAN.TV","isPartOf":{"@id":"https:\/\/www.meydan.tv\/az\/#website"},"primaryImageOfPage":{"@id":"https:\/\/www.meydan.tv\/az\/article\/surucu-cerimeye-iradimi-bildirdim-yol-polisleri-meni-serledi\/#primaryimage"},"image":{"@id":"https:\/\/www.meydan.tv\/az\/article\/surucu-cerimeye-iradimi-bildirdim-yol-polisleri-meni-serledi\/#primaryimage"},"thumbnailUrl":"https:\/\/www.meydan.tv\/wp-content\/uploads\/rts388sm.jpg","datePublished":"2020-04-19T11:55:27+00:00","breadcrumb":{"@id":"https:\/\/www.meydan.tv\/az\/article\/surucu-cerimeye-iradimi-bildirdim-yol-polisleri-meni-serledi\/#breadcrumb"},"inLanguage":"az","potentialAction":[{"@type":"ReadAction","target":["https:\/\/www.meydan.tv\/az\/article\/surucu-cerimeye-iradimi-bildirdim-yol-polisleri-meni-serledi\/"]}]},{"@type":"ImageObject","inLanguage":"az","@id":"https:\/\/www.meydan.tv\/az\/article\/surucu-cerimeye-iradimi-bildirdim-yol-polisleri-meni-serledi\/#primaryimage","url":"https:\/\/www.meydan.tv\/wp-content\/uploads\/rts388sm.jpg","contentUrl":"https:\/\/www.meydan.tv\/wp-content\/uploads\/rts388sm.jpg","width":1500,"height":1014,"caption":"Source: Reuters"},{"@type":"BreadcrumbList","@id":"https:\/\/www.meydan.tv\/az\/article\/surucu-cerimeye-iradimi-bildirdim-yol-polisleri-meni-serledi\/#breadcrumb","itemListElement":[{"@type":"ListItem","position":1,"name":"Ana s\u0259hif\u0259","item":"https:\/\/www.meydan.tv\/az\/"},{"@type":"ListItem","position":2,"name":"B\u00f6lg\u0259","item":"https:\/\/www.meydan.tv\/az\/section\/bolge\/"},{"@type":"ListItem","position":3,"name":"S\u00fcr\u00fcc\u00fc: C\u0259rim\u0259y\u0259 irad\u0131m\u0131 bildirdim, yol polisl\u0259ri m\u0259ni \u015f\u0259rl\u0259di"}]},{"@type":"WebSite","@id":"https:\/\/www.meydan.tv\/az\/#website","url":"https:\/\/www.meydan.tv\/az\/","name":"MEYDAN.TV","description":"Meydan TV Az\u0259rbaycan\u0131n media m\u0259kan\u0131ndak\u0131 alternativ s\u0259sidir","publisher":{"@id":"https:\/\/www.meydan.tv\/az\/#organization"},"potentialAction":[{"@type":"SearchAction","target":{"@type":"EntryPoint","urlTemplate":"https:\/\/www.meydan.tv\/az\/?s={search_term_string}"},"query-input":{"@type":"PropertyValueSpecification","valueRequired":true,"valueName":"search_term_string"}}],"inLanguage":"az"},{"@type":"Organization","@id":"https:\/\/www.meydan.tv\/az\/#organization","name":"Meydan TV","url":"https:\/\/www.meydan.tv\/az\/","logo":{"@type":"ImageObject","inLanguage":"az","@id":"https:\/\/www.meydan.tv\/az\/#\/schema\/logo\/image\/","url":"https:\/\/www.meydan.tv\/wp-content\/uploads\/2021\/07\/meydan-logo.svg","contentUrl":"https:\/\/www.meydan.tv\/wp-content\/uploads\/2021\/07\/meydan-logo.svg","width":195,"height":46,"caption":"Meydan TV"},"image":{"@id":"https:\/\/www.meydan.tv\/az\/#\/schema\/logo\/image\/"}},{"@type":"Person","@id":"https:\/\/www.meydan.tv\/az\/#\/schema\/person\/10d11eccf6da3662cf5fdab9806ea91a","name":"user-manager"}]}},"_links":{"self":[{"href":"https:\/\/www.meydan.tv\/az\/wp-json\/wp\/v2\/posts\/200212","targetHints":{"allow":["GET"]}}],"collection":[{"href":"https:\/\/www.meydan.tv\/az\/wp-json\/wp\/v2\/posts"}],"about":[{"href":"https:\/\/www.meydan.tv\/az\/wp-json\/wp\/v2\/types\/post"}],"author":[{"embeddable":true,"href":"https:\/\/www.meydan.tv\/az\/wp-json\/wp\/v2\/users\/11"}],"replies":[{"embeddable":true,"href":"https:\/\/www.meydan.tv\/az\/wp-json\/wp\/v2\/comments?post=200212"}],"version-history":[{"count":0,"href":"https:\/\/www.meydan.tv\/az\/wp-json\/wp\/v2\/posts\/200212\/revisions"}],"wp:featuredmedia":[{"embeddable":true,"href":"https:\/\/www.meydan.tv\/az\/wp-json\/wp\/v2\/media\/140672"}],"wp:attachment":[{"href":"https:\/\/www.meydan.tv\/az\/wp-json\/wp\/v2\/media?parent=200212"}],"wp:term":[{"taxonomy":"category","embeddable":true,"href":"https:\/\/www.meydan.tv\/az\/wp-json\/wp\/v2\/categories?post=200212"},{"taxonomy":"post_tag","embeddable":true,"href":"https:\/\/www.meydan.tv\/az\/wp-json\/wp\/v2\/tags?post=200212"}],"curies":[{"name":"wp","href":"https:\/\/api.w.org\/{rel}","templated":true}]}}