{"id":200142,"date":"2020-04-14T14:31:42","date_gmt":"2020-04-14T14:31:42","guid":{"rendered":"https:\/\/www.meydan.tv\/article\/gence-sakini-polis-deyir-serleyen-ne-isteyir-ver-bitsin-bu\/"},"modified":"2020-04-14T14:31:42","modified_gmt":"2020-04-14T14:31:42","slug":"gence-sakini-polis-deyir-serleyen-ne-isteyir-ver-bitsin-bu","status":"publish","type":"post","link":"https:\/\/www.meydan.tv\/az\/article\/gence-sakini-polis-deyir-serleyen-ne-isteyir-ver-bitsin-bu\/","title":{"rendered":"G\u0259nc\u0259 sakini: Polis deyir, \u015f\u0259rl\u0259y\u0259n n\u0259 ist\u0259yir, ver, bitsin bu i\u015f&#8230;"},"content":{"rendered":"<p>\n  <i><br \/>\n    Kamil Qas\u0131movun s\u00f6zl\u0259rin\u0259 g\u00f6r\u0259, sahibi oldu\u011fu telefon ma\u011fazas\u0131na g\u0259l\u0259n tan\u0131mad\u0131\u011f\u0131 \u015f\u0259xs ona b\u00f6htan at\u0131b, t\u0259hdid edib<br \/>\n  <\/i>\n<\/p>\n<p>\n  \u201cPolis\u0259 \u015fikay\u0259t etdim ki, bu adam m\u0259ni \u015f\u0259rl\u0259yir. Polis d\u0259 dedi, m\u0259s\u0259l\u0259ni \u00e7ox uzatma, n\u0259 ist\u0259yir, ver getsin, m\u0259s\u0259l\u0259 ba\u011flans\u0131n\u201d.\n<\/p>\n<p>\n  G\u0259nc\u0259 sakini Kamil Qas\u0131mov Meydan TV-y\u0259 dan\u0131\u015f\u0131r ki, bu il mart\u0131n 21-d\u0259 sahibi oldu\u011fu telefon sat\u0131\u015f\u0131 ma\u011fazas\u0131na g\u0259l\u0259n tan\u0131mad\u0131\u011f\u0131 \u015f\u0259xs ondan \u0259vv\u0259lc\u0259 \u201cNokia\u201d, daha sonra \u201c\u0130pone\u201d markal\u0131 mobil telefonlar t\u0259l\u0259b edib. Bu t\u0259l\u0259b sonradan ma\u011faza sahibinin polis\u0259 m\u00fcraci\u0259t etm\u0259sil\u0259 n\u0259tic\u0259l\u0259nib.\n<\/p>\n<p>\n  <b><br \/>\n    \u201cM\u0259lum oldu ki, b\u00f6htan at\u0131r\u201d<br \/>\n  <\/b>\n<\/p>\n<p>\n  Kamil Qas\u0131mov ba\u015f\u0131na g\u0259l\u0259nl\u0259ri dan\u0131\u015f\u0131r:\n<\/p>\n<p>\n  \u201cMa\u011fazam\u0131n bir hiss\u0259sind\u0259 el\u0259 m\u0259n\u0259 m\u0259xsus olan telefon t\u0259miri yeri f\u0259aliyy\u0259t g\u00f6st\u0259rir. Mart\u0131n 21-d\u0259 ma\u011fazaya bir n\u0259f\u0259r g\u0259ldi, dedi, bir ay \u0259vv\u0259l siz\u0259 t\u0259mir\u0259 \u201cNokia\u201d vermi\u015f\u0259m, indi g\u0259lmi\u015f\u0259m g\u00f6t\u00fcrm\u0259y\u0259&#8230; Dedim, ustan\u0131 g\u00f6zl\u0259y\u0259k, o i\u015fl\u0259r\u0259 usta bax\u0131r. Usta g\u0259ldi, m\u0259lum oldu ki, bu adam ma\u011fazaya ilk d\u0259f\u0259dir girib, biz\u0259 telefon verm\u0259yib. M\u00fcbahis\u0259 etm\u0259y\u0259 ba\u015flad\u0131, k\u00fc\u00e7\u0259 s\u00f6y\u00fc\u015fl\u0259ri s\u00f6yd\u00fc, ondan ma\u011fazan\u0131 t\u0259rk etm\u0259sini, \u0259ks halda polis\u0259 m\u0259lumat ver\u0259c\u0259yimi bildirdim. Dedim, d\u00f6vl\u0259t var, get \u015fikay\u0259t el\u0259, ara\u015fd\u0131rs\u0131nlar, g\u00f6rs\u00fcnl\u0259r s\u0259n bura telefon vermis\u0259nmi? Kim yalan dan\u0131\u015f\u0131rsa, c\u0259zas\u0131n\u0131 als\u0131n. D\u00f6vl\u0259ti d\u0259 s\u00f6yd\u00fc, polisi d\u0259&#8230; V\u0259ziyy\u0259ti bel\u0259 g\u00f6r\u0259nd\u0259 \u00f6z\u00fcm D\u0130N-in 102 xidm\u0259tin\u0259 z\u0259ng vurdum, ba\u015f ver\u0259nl\u0259rl\u0259 ba\u011fl\u0131 m\u0259lumat verdim\u201d.\n<\/p>\n<p>\n  <b><br \/>\n    \u201c\u018fvv\u0259l \u201cNokia\u201d, sonra \u201c\u0130pone\u201d t\u0259l\u0259b etdi\u201d<br \/>\n  <\/b>\n<\/p>\n<p>\n  Kamil Qas\u0131movun dem\u0259sin\u0259 g\u00f6r\u0259, ma\u011fazaya polis g\u0259lib. H\u0259min \u015f\u0259xs polisl\u0259r\u0259 bildirib ki, guya biz\u0259 t\u0259mir\u0259 \u201c\u0130pone\u201d markal\u0131 telefon verib, ancaq geri ala bilmir:\n<\/p>\n<p>\n  \u201cAdam \u0259vv\u0259l deyirdi ki, guya telefonu \u201cNokia\u201d olub, polisi g\u00f6r\u0259nd\u0259n sonra s\u00f6z\u00fcn\u00fc d\u0259yi\u015fdi, dedi, \u201c\u0130pone\u201d olub. M\u0259n d\u0259 polis\u0259 bildirdim ki, ma\u011fazada kameralar var, kameralara bax\u0131\u015f ke\u00e7irilsin, ara\u015fd\u0131r\u0131ls\u0131n, adam\u0131n h\u0259r\u0259k\u0259tl\u0259rin\u0259 h\u00fcquqi qiym\u0259t verilsin. Ma\u011fazaya g\u0259l\u0259nd\u0259n \u201c\u201cNokia\u201dm\u0131 qaytar\u0131n\u201d deyib q\u0131\u015fq\u0131ran adam indi deyir \u201ctelefonum \u201c\u0130pone\u201d idi\u201d. Polis \u0259m\u0259kda\u015flar\u0131 ikimizi d\u0259 \u015f\u00f6b\u0259y\u0259 d\u0259v\u0259t etdi ki, \u0259riz\u0259mi v\u0259 izahatlar\u0131m\u0131z\u0131 als\u0131n. H\u0259min \u015f\u0259xs el\u0259 polisin g\u00f6z\u00fcn\u00fcn qar\u015f\u0131s\u0131ndaca q\u0131\u015fq\u0131rma\u011fa ba\u015flad\u0131 ki, \u201c\u0130pone\u201d telefonumu qaytarmasalar, gec\u0259yl\u0259 od vurub ma\u011fazan\u0131 yand\u0131racam. Polis\u0259 bildirdim ki, adam m\u0259ni g\u00f6z\u00fcn\u00fcz\u00fcn qar\u015f\u0131s\u0131nda h\u0259d\u0259l\u0259yir, ma\u011fazan\u0131 yand\u0131rmas\u0131yla t\u0259hdid edir, cinay\u0259t t\u00f6r\u0259d\u0259c\u0259yini bildirir, xahi\u015f edir\u0259m, t\u0259dbir g\u00f6r\u00fcn\u201d.\n<\/p>\n<p>\n  <b><br \/>\n    \u201cPolis dedi, n\u0259 ist\u0259yir, ver, bitsin bu i\u015f\u201d<br \/>\n  <\/b>\n<\/p>\n<p>\n  \u201c\u00c7\u0131x\u0131b \u00e7\u00f6ld\u0259 s\u0259simi qald\u0131rsam, s\u00f6y\u00fc\u015f s\u00f6ys\u0259m, polis h\u0259min d\u0259qiq\u0259 qollar\u0131m\u0131 burub aparar. M\u0259n\u0259 maraql\u0131 g\u0259l\u0259n budur ki, bu adam polisin yan\u0131nda deyir, ma\u011fazan\u0131 yand\u0131racam, m\u0259ni s\u00f6ym\u0259kd\u0259 davam edir, ancaq indiy\u0259d\u0259k d\u0259 polis he\u00e7 bir t\u0259dbir g\u00f6rm\u0259yib. \u0130\u015f h\u0259l\u0259 d\u0259 ara\u015fd\u0131r\u0131l\u0131r. Kamera g\u00f6r\u00fcnt\u00fcl\u0259rini d\u0259 t\u0259qdim etmi\u015f\u0259m, bildirmi\u015f\u0259m ki, adam ma\u011fazam\u0131 yand\u0131rmaqla t\u0259hdid edib, ancaq yen\u0259 i\u015f\u0259 baxm\u0131rlar. B\u0259lk\u0259 el\u0259 sabah \u00e7\u00f6l\u0259 \u00e7\u0131xanda adam b\u0131\u00e7a\u011f\u0131 k\u00fcr\u0259yim\u0259 saplayacaq. Kimdir bu adam? Niy\u0259 ara\u015fd\u0131rm\u0131rlar? Niy\u0259 g\u00f6zl\u0259yirl\u0259r ki, kims\u0259 q\u0259tl\u0259 yetirilsin, ondan sonra h\u0259r\u0259k\u0259t\u0259 g\u0259lsinl\u0259r? Polis izahat\u0131m\u0131 ald\u0131, dedi, n\u0259 ist\u0259yir, ver, bitsin bu i\u015f&#8230; B\u0259lk\u0259 sabah bu adam g\u0259lib \u00fcz\u00fcm\u0259 duracaq ki, m\u0259n bu adama y\u00fcz min manat vermi\u015f\u0259m, ya q\u0131z\u0131l vermi\u015f\u0259m, dem\u0259li, polis m\u0259s\u0259l\u0259ni bel\u0259 h\u0259ll ed\u0259c\u0259k? Polis \u00f6z\u00fcn\u0259 \u0259ziyy\u0259t verib m\u0259s\u0259l\u0259ni ara\u015fd\u0131rmaq ist\u0259mir, deyir, n\u0259 ist\u0259yir, ver, bitsin bu i\u015f&#8230;\u201d\n<\/p>\n<p>\n  Kamil Qas\u0131mov ba\u015f\u0131na g\u0259l\u0259nl\u0259rl\u0259 v\u0259 polisin m\u0259s\u0259l\u0259y\u0259 m\u00fcnasib\u0259ti il\u0259 ba\u011fl\u0131 Daxili i\u015fl\u0259r naziri Vilay\u0259t Eyvazova m\u00fcraci\u0259t edib.\n<\/p>\n<p>\n  G\u0259nc\u0259 \u015f\u0259h\u0259ri, K\u0259p\u0259z Rayon Polis \u015e\u00f6b\u0259sind\u0259n Meydan TV-y\u0259 bildirilib ki, mart\u0131n 21-d\u0259 N\u0259simi M\u0259mm\u0259dov \u015f\u00f6b\u0259y\u0259 \u0259riz\u0259 il\u0259 m\u00fcracir\u0259t edib. V\u0259t\u0259nda\u015f bildirib ki, G\u0259nc\u0259 \u015f\u0259h\u0259ri, K\u0259p\u0259z rayonu, Z\u00fclf\u00fc Hac\u0131yev k\u00fc\u00e7\u0259si, 69 \u00fcnvanda yerl\u0259\u015f\u0259n \u201cKamil Studio\u201d telefon sat\u0131\u015f\u0131 v\u0259 t\u0259miri ma\u011fazas\u0131na t\u0259mir\u0259 verdiyi telefonunu g\u00f6t\u00fcrm\u0259y\u0259 ged\u0259nd\u0259 qaytarmay\u0131blar. Mart\u0131n 22-d\u0259 ma\u011fazan\u0131n sahibi Kamil Qas\u0131mov da polis\u0259 \u015fikay\u0259t ed\u0259r\u0259k bildirib ki, N\u0259simi M\u0259mm\u0259dov bir g\u00fcn \u0259vv\u0259l ma\u011fazaya g\u0259l\u0259r\u0259k ondan telefon t\u0259l\u0259b edib, k\u00fc\u00e7\u0259 s\u00f6y\u00fc\u015fl\u0259ri il\u0259 t\u0259hqir edib. Haz\u0131rda h\u0259r iki t\u0259r\u0259fin \u015fikay\u0259ti \u015f\u00f6b\u0259nin t\u0259hqiqat\u00e7\u0131s\u0131 Nicat M\u0259mm\u0259dovun icraat\u0131ndaqd\u0131r. Ara\u015fd\u0131rma davam edir.\n<\/p>\n<p>\n  Polis \u015f\u00f6b\u0259sind\u0259n bir t\u0259r\u0259f\u0259 dig\u0259r t\u0259r\u0259fi raz\u0131 salma\u011f\u0131 v\u0259 i\u015fin qapanmas\u0131 il\u0259 ba\u011fl\u0131 deyil\u0259nl\u0259r c\u0259f\u0259ngiyyat adland\u0131r\u0131l\u0131b.<\/p>\n","protected":false},"excerpt":{"rendered":"<p>Kamil Qas\u0131mov ba\u015f\u0131na g\u0259l\u0259nl\u0259rl\u0259 v\u0259 polisin m\u0259s\u0259l\u0259y\u0259 m\u00fcnasib\u0259ti il\u0259 ba\u011fl\u0131 Daxili i\u015fl\u0259r naziri Vilay\u0259t Eyvazova m\u00fcraci\u0259t edib<\/p>\n","protected":false},"author":11,"featured_media":140534,"comment_status":"closed","ping_status":"open","sticky":false,"template":"","format":"standard","meta":{"_acf_changed":false,"_sitemap_exclude":false,"_sitemap_priority":"","_sitemap_frequency":"","footnotes":""},"categories":[60],"tags":[],"class_list":["post-200142","post","type-post","status-publish","format-standard","has-post-thumbnail","hentry","category-bolge","infinite-scroll-item","generate-columns","tablet-grid-50","mobile-grid-100","grid-parent","grid-33","no-featured-image-padding"],"acf":[],"yoast_head":"<!-- This site is optimized with the Yoast SEO plugin v27.5 - https:\/\/yoast.com\/product\/yoast-seo-wordpress\/ -->\n<title>G\u0259nc\u0259 sakini: Polis deyir, \u015f\u0259rl\u0259y\u0259n n\u0259 ist\u0259yir, ver, bitsin bu i\u015f... - MEYDAN.TV<\/title>\n<meta name=\"robots\" content=\"index, follow, max-snippet:-1, max-image-preview:large, max-video-preview:-1\" \/>\n<link rel=\"canonical\" href=\"https:\/\/www.meydan.tv\/az\/article\/gence-sakini-polis-deyir-serleyen-ne-isteyir-ver-bitsin-bu\/\" \/>\n<meta property=\"og:locale\" content=\"az_AZ\" \/>\n<meta property=\"og:type\" content=\"article\" \/>\n<meta property=\"og:title\" content=\"G\u0259nc\u0259 sakini: Polis deyir, \u015f\u0259rl\u0259y\u0259n n\u0259 ist\u0259yir, ver, bitsin bu i\u015f... - MEYDAN.TV\" \/>\n<meta property=\"og:description\" content=\"Kamil Qas\u0131mov ba\u015f\u0131na g\u0259l\u0259nl\u0259rl\u0259 v\u0259 polisin m\u0259s\u0259l\u0259y\u0259 m\u00fcnasib\u0259ti il\u0259 ba\u011fl\u0131 Daxili i\u015fl\u0259r naziri Vilay\u0259t Eyvazova m\u00fcraci\u0259t edib\" \/>\n<meta property=\"og:url\" content=\"https:\/\/www.meydan.tv\/az\/article\/gence-sakini-polis-deyir-serleyen-ne-isteyir-ver-bitsin-bu\/\" \/>\n<meta property=\"og:site_name\" content=\"MEYDAN.TV\" \/>\n<meta property=\"article:published_time\" content=\"2020-04-14T14:31:42+00:00\" \/>\n<meta property=\"og:image\" content=\"https:\/\/www.meydan.tv\/wp-content\/uploads\/untitled9_gquxhpq.png\" \/>\n\t<meta property=\"og:image:width\" content=\"1000\" \/>\n\t<meta property=\"og:image:height\" content=\"555\" \/>\n\t<meta property=\"og:image:type\" content=\"image\/png\" \/>\n<meta name=\"author\" content=\"user-manager\" \/>\n<meta name=\"twitter:card\" content=\"summary_large_image\" \/>\n<script type=\"application\/ld+json\" class=\"yoast-schema-graph\">{\"@context\":\"https:\\\/\\\/schema.org\",\"@graph\":[{\"@type\":\"Article\",\"@id\":\"https:\\\/\\\/www.meydan.tv\\\/az\\\/article\\\/gence-sakini-polis-deyir-serleyen-ne-isteyir-ver-bitsin-bu\\\/#article\",\"isPartOf\":{\"@id\":\"https:\\\/\\\/www.meydan.tv\\\/az\\\/article\\\/gence-sakini-polis-deyir-serleyen-ne-isteyir-ver-bitsin-bu\\\/\"},\"author\":{\"name\":\"user-manager\",\"@id\":\"https:\\\/\\\/www.meydan.tv\\\/az\\\/#\\\/schema\\\/person\\\/10d11eccf6da3662cf5fdab9806ea91a\"},\"headline\":\"G\u0259nc\u0259 sakini: Polis deyir, \u015f\u0259rl\u0259y\u0259n n\u0259 ist\u0259yir, ver, bitsin bu i\u015f&#8230;\",\"datePublished\":\"2020-04-14T14:31:42+00:00\",\"mainEntityOfPage\":{\"@id\":\"https:\\\/\\\/www.meydan.tv\\\/az\\\/article\\\/gence-sakini-polis-deyir-serleyen-ne-isteyir-ver-bitsin-bu\\\/\"},\"wordCount\":979,\"publisher\":{\"@id\":\"https:\\\/\\\/www.meydan.tv\\\/az\\\/#organization\"},\"image\":{\"@id\":\"https:\\\/\\\/www.meydan.tv\\\/az\\\/article\\\/gence-sakini-polis-deyir-serleyen-ne-isteyir-ver-bitsin-bu\\\/#primaryimage\"},\"thumbnailUrl\":\"https:\\\/\\\/www.meydan.tv\\\/wp-content\\\/uploads\\\/untitled9_gquxhpq.png\",\"articleSection\":[\"B\u00f6lg\u0259\"],\"inLanguage\":\"az\"},{\"@type\":\"WebPage\",\"@id\":\"https:\\\/\\\/www.meydan.tv\\\/az\\\/article\\\/gence-sakini-polis-deyir-serleyen-ne-isteyir-ver-bitsin-bu\\\/\",\"url\":\"https:\\\/\\\/www.meydan.tv\\\/az\\\/article\\\/gence-sakini-polis-deyir-serleyen-ne-isteyir-ver-bitsin-bu\\\/\",\"name\":\"G\u0259nc\u0259 sakini: Polis deyir, \u015f\u0259rl\u0259y\u0259n n\u0259 ist\u0259yir, ver, bitsin bu i\u015f... - MEYDAN.TV\",\"isPartOf\":{\"@id\":\"https:\\\/\\\/www.meydan.tv\\\/az\\\/#website\"},\"primaryImageOfPage\":{\"@id\":\"https:\\\/\\\/www.meydan.tv\\\/az\\\/article\\\/gence-sakini-polis-deyir-serleyen-ne-isteyir-ver-bitsin-bu\\\/#primaryimage\"},\"image\":{\"@id\":\"https:\\\/\\\/www.meydan.tv\\\/az\\\/article\\\/gence-sakini-polis-deyir-serleyen-ne-isteyir-ver-bitsin-bu\\\/#primaryimage\"},\"thumbnailUrl\":\"https:\\\/\\\/www.meydan.tv\\\/wp-content\\\/uploads\\\/untitled9_gquxhpq.png\",\"datePublished\":\"2020-04-14T14:31:42+00:00\",\"breadcrumb\":{\"@id\":\"https:\\\/\\\/www.meydan.tv\\\/az\\\/article\\\/gence-sakini-polis-deyir-serleyen-ne-isteyir-ver-bitsin-bu\\\/#breadcrumb\"},\"inLanguage\":\"az\",\"potentialAction\":[{\"@type\":\"ReadAction\",\"target\":[\"https:\\\/\\\/www.meydan.tv\\\/az\\\/article\\\/gence-sakini-polis-deyir-serleyen-ne-isteyir-ver-bitsin-bu\\\/\"]}]},{\"@type\":\"ImageObject\",\"inLanguage\":\"az\",\"@id\":\"https:\\\/\\\/www.meydan.tv\\\/az\\\/article\\\/gence-sakini-polis-deyir-serleyen-ne-isteyir-ver-bitsin-bu\\\/#primaryimage\",\"url\":\"https:\\\/\\\/www.meydan.tv\\\/wp-content\\\/uploads\\\/untitled9_gquxhpq.png\",\"contentUrl\":\"https:\\\/\\\/www.meydan.tv\\\/wp-content\\\/uploads\\\/untitled9_gquxhpq.png\",\"width\":1000,\"height\":555,\"caption\":\"Source: Foto: Meydan TV\"},{\"@type\":\"BreadcrumbList\",\"@id\":\"https:\\\/\\\/www.meydan.tv\\\/az\\\/article\\\/gence-sakini-polis-deyir-serleyen-ne-isteyir-ver-bitsin-bu\\\/#breadcrumb\",\"itemListElement\":[{\"@type\":\"ListItem\",\"position\":1,\"name\":\"Ana s\u0259hif\u0259\",\"item\":\"https:\\\/\\\/www.meydan.tv\\\/az\\\/\"},{\"@type\":\"ListItem\",\"position\":2,\"name\":\"B\u00f6lg\u0259\",\"item\":\"https:\\\/\\\/www.meydan.tv\\\/az\\\/section\\\/bolge\\\/\"},{\"@type\":\"ListItem\",\"position\":3,\"name\":\"G\u0259nc\u0259 sakini: Polis deyir, \u015f\u0259rl\u0259y\u0259n n\u0259 ist\u0259yir, ver, bitsin bu i\u015f&#8230;\"}]},{\"@type\":\"WebSite\",\"@id\":\"https:\\\/\\\/www.meydan.tv\\\/az\\\/#website\",\"url\":\"https:\\\/\\\/www.meydan.tv\\\/az\\\/\",\"name\":\"MEYDAN.TV\",\"description\":\"Meydan TV Az\u0259rbaycan\u0131n media m\u0259kan\u0131ndak\u0131 alternativ s\u0259sidir\",\"publisher\":{\"@id\":\"https:\\\/\\\/www.meydan.tv\\\/az\\\/#organization\"},\"potentialAction\":[{\"@type\":\"SearchAction\",\"target\":{\"@type\":\"EntryPoint\",\"urlTemplate\":\"https:\\\/\\\/www.meydan.tv\\\/az\\\/?s={search_term_string}\"},\"query-input\":{\"@type\":\"PropertyValueSpecification\",\"valueRequired\":true,\"valueName\":\"search_term_string\"}}],\"inLanguage\":\"az\"},{\"@type\":\"Organization\",\"@id\":\"https:\\\/\\\/www.meydan.tv\\\/az\\\/#organization\",\"name\":\"Meydan TV\",\"url\":\"https:\\\/\\\/www.meydan.tv\\\/az\\\/\",\"logo\":{\"@type\":\"ImageObject\",\"inLanguage\":\"az\",\"@id\":\"https:\\\/\\\/www.meydan.tv\\\/az\\\/#\\\/schema\\\/logo\\\/image\\\/\",\"url\":\"https:\\\/\\\/www.meydan.tv\\\/wp-content\\\/uploads\\\/2021\\\/07\\\/meydan-logo.svg\",\"contentUrl\":\"https:\\\/\\\/www.meydan.tv\\\/wp-content\\\/uploads\\\/2021\\\/07\\\/meydan-logo.svg\",\"width\":195,\"height\":46,\"caption\":\"Meydan TV\"},\"image\":{\"@id\":\"https:\\\/\\\/www.meydan.tv\\\/az\\\/#\\\/schema\\\/logo\\\/image\\\/\"}},{\"@type\":\"Person\",\"@id\":\"https:\\\/\\\/www.meydan.tv\\\/az\\\/#\\\/schema\\\/person\\\/10d11eccf6da3662cf5fdab9806ea91a\",\"name\":\"user-manager\"}]}<\/script>\n<!-- \/ Yoast SEO plugin. -->","yoast_head_json":{"title":"G\u0259nc\u0259 sakini: Polis deyir, \u015f\u0259rl\u0259y\u0259n n\u0259 ist\u0259yir, ver, bitsin bu i\u015f... - MEYDAN.TV","robots":{"index":"index","follow":"follow","max-snippet":"max-snippet:-1","max-image-preview":"max-image-preview:large","max-video-preview":"max-video-preview:-1"},"canonical":"https:\/\/www.meydan.tv\/az\/article\/gence-sakini-polis-deyir-serleyen-ne-isteyir-ver-bitsin-bu\/","og_locale":"az_AZ","og_type":"article","og_title":"G\u0259nc\u0259 sakini: Polis deyir, \u015f\u0259rl\u0259y\u0259n n\u0259 ist\u0259yir, ver, bitsin bu i\u015f... - MEYDAN.TV","og_description":"Kamil Qas\u0131mov ba\u015f\u0131na g\u0259l\u0259nl\u0259rl\u0259 v\u0259 polisin m\u0259s\u0259l\u0259y\u0259 m\u00fcnasib\u0259ti il\u0259 ba\u011fl\u0131 Daxili i\u015fl\u0259r naziri Vilay\u0259t Eyvazova m\u00fcraci\u0259t edib","og_url":"https:\/\/www.meydan.tv\/az\/article\/gence-sakini-polis-deyir-serleyen-ne-isteyir-ver-bitsin-bu\/","og_site_name":"MEYDAN.TV","article_published_time":"2020-04-14T14:31:42+00:00","og_image":[{"width":1000,"height":555,"url":"https:\/\/www.meydan.tv\/wp-content\/uploads\/untitled9_gquxhpq.png","type":"image\/png"}],"author":"user-manager","twitter_card":"summary_large_image","schema":{"@context":"https:\/\/schema.org","@graph":[{"@type":"Article","@id":"https:\/\/www.meydan.tv\/az\/article\/gence-sakini-polis-deyir-serleyen-ne-isteyir-ver-bitsin-bu\/#article","isPartOf":{"@id":"https:\/\/www.meydan.tv\/az\/article\/gence-sakini-polis-deyir-serleyen-ne-isteyir-ver-bitsin-bu\/"},"author":{"name":"user-manager","@id":"https:\/\/www.meydan.tv\/az\/#\/schema\/person\/10d11eccf6da3662cf5fdab9806ea91a"},"headline":"G\u0259nc\u0259 sakini: Polis deyir, \u015f\u0259rl\u0259y\u0259n n\u0259 ist\u0259yir, ver, bitsin bu i\u015f&#8230;","datePublished":"2020-04-14T14:31:42+00:00","mainEntityOfPage":{"@id":"https:\/\/www.meydan.tv\/az\/article\/gence-sakini-polis-deyir-serleyen-ne-isteyir-ver-bitsin-bu\/"},"wordCount":979,"publisher":{"@id":"https:\/\/www.meydan.tv\/az\/#organization"},"image":{"@id":"https:\/\/www.meydan.tv\/az\/article\/gence-sakini-polis-deyir-serleyen-ne-isteyir-ver-bitsin-bu\/#primaryimage"},"thumbnailUrl":"https:\/\/www.meydan.tv\/wp-content\/uploads\/untitled9_gquxhpq.png","articleSection":["B\u00f6lg\u0259"],"inLanguage":"az"},{"@type":"WebPage","@id":"https:\/\/www.meydan.tv\/az\/article\/gence-sakini-polis-deyir-serleyen-ne-isteyir-ver-bitsin-bu\/","url":"https:\/\/www.meydan.tv\/az\/article\/gence-sakini-polis-deyir-serleyen-ne-isteyir-ver-bitsin-bu\/","name":"G\u0259nc\u0259 sakini: Polis deyir, \u015f\u0259rl\u0259y\u0259n n\u0259 ist\u0259yir, ver, bitsin bu i\u015f... - MEYDAN.TV","isPartOf":{"@id":"https:\/\/www.meydan.tv\/az\/#website"},"primaryImageOfPage":{"@id":"https:\/\/www.meydan.tv\/az\/article\/gence-sakini-polis-deyir-serleyen-ne-isteyir-ver-bitsin-bu\/#primaryimage"},"image":{"@id":"https:\/\/www.meydan.tv\/az\/article\/gence-sakini-polis-deyir-serleyen-ne-isteyir-ver-bitsin-bu\/#primaryimage"},"thumbnailUrl":"https:\/\/www.meydan.tv\/wp-content\/uploads\/untitled9_gquxhpq.png","datePublished":"2020-04-14T14:31:42+00:00","breadcrumb":{"@id":"https:\/\/www.meydan.tv\/az\/article\/gence-sakini-polis-deyir-serleyen-ne-isteyir-ver-bitsin-bu\/#breadcrumb"},"inLanguage":"az","potentialAction":[{"@type":"ReadAction","target":["https:\/\/www.meydan.tv\/az\/article\/gence-sakini-polis-deyir-serleyen-ne-isteyir-ver-bitsin-bu\/"]}]},{"@type":"ImageObject","inLanguage":"az","@id":"https:\/\/www.meydan.tv\/az\/article\/gence-sakini-polis-deyir-serleyen-ne-isteyir-ver-bitsin-bu\/#primaryimage","url":"https:\/\/www.meydan.tv\/wp-content\/uploads\/untitled9_gquxhpq.png","contentUrl":"https:\/\/www.meydan.tv\/wp-content\/uploads\/untitled9_gquxhpq.png","width":1000,"height":555,"caption":"Source: Foto: Meydan TV"},{"@type":"BreadcrumbList","@id":"https:\/\/www.meydan.tv\/az\/article\/gence-sakini-polis-deyir-serleyen-ne-isteyir-ver-bitsin-bu\/#breadcrumb","itemListElement":[{"@type":"ListItem","position":1,"name":"Ana s\u0259hif\u0259","item":"https:\/\/www.meydan.tv\/az\/"},{"@type":"ListItem","position":2,"name":"B\u00f6lg\u0259","item":"https:\/\/www.meydan.tv\/az\/section\/bolge\/"},{"@type":"ListItem","position":3,"name":"G\u0259nc\u0259 sakini: Polis deyir, \u015f\u0259rl\u0259y\u0259n n\u0259 ist\u0259yir, ver, bitsin bu i\u015f&#8230;"}]},{"@type":"WebSite","@id":"https:\/\/www.meydan.tv\/az\/#website","url":"https:\/\/www.meydan.tv\/az\/","name":"MEYDAN.TV","description":"Meydan TV Az\u0259rbaycan\u0131n media m\u0259kan\u0131ndak\u0131 alternativ s\u0259sidir","publisher":{"@id":"https:\/\/www.meydan.tv\/az\/#organization"},"potentialAction":[{"@type":"SearchAction","target":{"@type":"EntryPoint","urlTemplate":"https:\/\/www.meydan.tv\/az\/?s={search_term_string}"},"query-input":{"@type":"PropertyValueSpecification","valueRequired":true,"valueName":"search_term_string"}}],"inLanguage":"az"},{"@type":"Organization","@id":"https:\/\/www.meydan.tv\/az\/#organization","name":"Meydan TV","url":"https:\/\/www.meydan.tv\/az\/","logo":{"@type":"ImageObject","inLanguage":"az","@id":"https:\/\/www.meydan.tv\/az\/#\/schema\/logo\/image\/","url":"https:\/\/www.meydan.tv\/wp-content\/uploads\/2021\/07\/meydan-logo.svg","contentUrl":"https:\/\/www.meydan.tv\/wp-content\/uploads\/2021\/07\/meydan-logo.svg","width":195,"height":46,"caption":"Meydan TV"},"image":{"@id":"https:\/\/www.meydan.tv\/az\/#\/schema\/logo\/image\/"}},{"@type":"Person","@id":"https:\/\/www.meydan.tv\/az\/#\/schema\/person\/10d11eccf6da3662cf5fdab9806ea91a","name":"user-manager"}]}},"_links":{"self":[{"href":"https:\/\/www.meydan.tv\/az\/wp-json\/wp\/v2\/posts\/200142","targetHints":{"allow":["GET"]}}],"collection":[{"href":"https:\/\/www.meydan.tv\/az\/wp-json\/wp\/v2\/posts"}],"about":[{"href":"https:\/\/www.meydan.tv\/az\/wp-json\/wp\/v2\/types\/post"}],"author":[{"embeddable":true,"href":"https:\/\/www.meydan.tv\/az\/wp-json\/wp\/v2\/users\/11"}],"replies":[{"embeddable":true,"href":"https:\/\/www.meydan.tv\/az\/wp-json\/wp\/v2\/comments?post=200142"}],"version-history":[{"count":0,"href":"https:\/\/www.meydan.tv\/az\/wp-json\/wp\/v2\/posts\/200142\/revisions"}],"wp:featuredmedia":[{"embeddable":true,"href":"https:\/\/www.meydan.tv\/az\/wp-json\/wp\/v2\/media\/140534"}],"wp:attachment":[{"href":"https:\/\/www.meydan.tv\/az\/wp-json\/wp\/v2\/media?parent=200142"}],"wp:term":[{"taxonomy":"category","embeddable":true,"href":"https:\/\/www.meydan.tv\/az\/wp-json\/wp\/v2\/categories?post=200142"},{"taxonomy":"post_tag","embeddable":true,"href":"https:\/\/www.meydan.tv\/az\/wp-json\/wp\/v2\/tags?post=200142"}],"curies":[{"name":"wp","href":"https:\/\/api.w.org\/{rel}","templated":true}]}}