{"id":200134,"date":"2020-04-13T16:42:05","date_gmt":"2020-04-13T16:42:05","guid":{"rendered":"https:\/\/www.meydan.tv\/article\/ucar-sakini-normal-metbextde-yemek-bisirmek-nece-olur-bilmirem\/"},"modified":"2020-04-13T16:42:05","modified_gmt":"2020-04-13T16:42:05","slug":"ucar-sakini-normal-metbextde-yemek-bisirmek-nece-olur-bilmirem","status":"publish","type":"post","link":"https:\/\/www.meydan.tv\/az\/article\/ucar-sakini-normal-metbextde-yemek-bisirmek-nece-olur-bilmirem\/","title":{"rendered":"Ucar sakini: Normal m\u0259tb\u0259xtd\u0259 yem\u0259k bi\u015firm\u0259k nec\u0259 olur, bilmir\u0259m"},"content":{"rendered":"<p>\n  <i><br \/>\n    H\u0259s\u0259novlar ail\u0259si evin q\u0259zal\u0131 olmas\u0131ndan, i\u015fsizlikd\u0259n, imkans\u0131zl\u0131qdan gileylidir<br \/>\n  <\/i>\n<\/p>\n<p>\n  54 ya\u015fl\u0131 Dilb\u0259r H\u0259s\u0259novan\u0131n bu ya\u015f\u0131nacan normal m\u0259tb\u0259xi olmay\u0131b. Deyir, o ba\u015fqa m\u0259s\u0259l\u0259dir ki, bi\u015firm\u0259y\u0259 he\u00e7 normal \u0259rzaq da tapmay\u0131b. Ancaq h\u0259r qad\u0131n he\u00e7 olmasa, 4 divar\u0131 olan bir yerd\u0259 bi\u015firm\u0259k ist\u0259r yem\u0259yini:\n<\/p>\n<p>\n  \u201c\u00d6mr\u00fcm dona-dona kartof q\u0131zartmaq, makaron s\u00fczm\u0259kl\u0259 ke\u00e7ib. Makarondu, kartofdu, z\u0259r\u0259r yoxdur. He\u00e7 olmasa, qapal\u0131 bir m\u0259kan olsun\u201d.\n<\/p>\n<p>\n  Ucar\u0131n M\u0259likball\u0131 k\u0259ndinin sakini Dilb\u0259r H\u0259s\u0259novan\u0131n evi tam tikili deyil, yar\u0131m\u00e7\u0131qd\u0131r. Az qala, 30 ild\u0259n art\u0131qd\u0131r tikil\u0259n bu evi ba\u015fa \u00e7atd\u0131ra bilm\u0259yibl\u0259r. \u0130ndi is\u0259 ev q\u0259zal\u0131 v\u0259ziyy\u0259t\u0259 d\u00fc\u015f\u00fcb:\n<\/p>\n<p>\n  \u201cRayon yerind\u0259 bel\u0259dir. Bir ev tikm\u0259k 20-30 il\u0259 ba\u015fa g\u0259lir. \u00c7\u00fcnki insanlar\u0131n \u0259lin\u0259 \u00e7ox pul ke\u00e7mir ki, i\u015fini g\u00f6r\u00fcb qurtars\u0131n. Az-az edirs\u0259n, ev tamamlanmam\u0131\u015f, bir d\u0259 ay\u0131l\u0131rsan ki, art\u0131q q\u0259zal\u0131 durumdad\u0131r. Ba\u015fqa ev\u0259 ehtiyac olur. Onu da 20 il\u0259 bir evi tikib ba\u015fa vura bilm\u0259y\u0259n biri nec\u0259 als\u0131n, ya nec\u0259 tiksin? V\u0259ziyy\u0259t budur, y\u0259ni\u201d.\n<\/p>\n<p>\n  H\u0259s\u0259novlar ail\u0259si 5 n\u0259f\u0259rd\u0259n ibar\u0259tdir. Ail\u0259d\u0259 kims\u0259 i\u015fl\u0259mir. 2 n\u0259f\u0259rin \u0259lilliyi var.\n<\/p>\n<figure class=\"wp-block-image size-large\">\n  <img decoding=\"async\" src=\"https:\/\/www.meydan.tv\/az\/image_from_ios__17_-jpg\/\" alt=\"image_from_ios__17_.jpg\" class=\"wp-image-140480\"\/><figcaption>\n    &#8220;Bir ev tikm\u0259k 20-30 il\u0259 ba\u015fa g\u0259lir&#8221;<br \/>\n  <\/figcaption><\/figure>\n<p>\n  Dilb\u0259r H\u0259s\u0259nova deyir ki, onlar\u0131n pensiyas\u0131 il\u0259, \u00e7\u0259tinlikl\u0259 dolan\u0131rlar. Qalan he\u00e7 yerd\u0259n 1 q\u0259pik g\u0259lirl\u0259ri yoxdur:\n<\/p>\n<p>\n  \u201cD\u0259f\u0259l\u0259rl\u0259 sosial yard\u0131m \u00fc\u00e7\u00fcn m\u00fcraci\u0259t etdik. Gah dedil\u0259r, biz\u0259 d\u00fc\u015fm\u00fcr, gah, s\u0259n\u0259d y\u0131\u011fd\u0131rd\u0131lar, bir s\u00f6zl\u0259, qald\u0131. Mal-heyvan, \u0259kin-bi\u00e7in d\u0259 al\u0131nm\u0131r. Torpaqlar \u015forand\u0131r, heyvan ad\u0131na da birc\u0259 at\u0131m\u0131z var. U\u015faqlar onunla qon\u015fular\u0131n h\u0259y\u0259t-bacas\u0131n\u0131 t\u0259mizl\u0259yir, zibil da\u015f\u0131y\u0131rlar, v\u0259ss\u0259lam. Heyvan da saxlamaq olmur. Almaq \u00fc\u00e7\u00fcn pul laz\u0131md\u0131r. Bizd\u0259 d\u0259 o q\u0259d\u0259r pul hardand\u0131r? Yayda h\u0259y\u0259td\u0259 bostan bitkil\u0259ri \u0259kib-bec\u0259rir, birt\u0259h\u0259r yola veririk. \u018fn a\u011f\u0131r g\u00fcnl\u0259rimiz q\u0131\u015fda olur. Yand\u0131rma\u011fa odun da tapm\u0131r\u0131q. Evimizi d\u0259 g\u00f6r\u00fcrs\u00fcz, u\u00e7ub-t\u00f6k\u00fcl\u00fcr\u201d.\n<\/p>\n<p>\n  K\u0259ndd\u0259 qaz olsa da, onlar yand\u0131rm\u0131rlar. \u00c7\u00fcnki pulunu \u00f6d\u0259y\u0259 bilmirl\u0259r. Odun pe\u00e7ind\u0259n istifad\u0259 edirl\u0259r:\n<\/p>\n<p>\n  \u201cEvd\u0259 odun pe\u00e7i yand\u0131r\u0131r\u0131q. Ancaq \u0259traf\u0131n\u0131 q\u0131zd\u0131r\u0131r. H\u0259r yer d\u0259lik-de\u015fikdir \u00e7\u00fcnki. \u0130sti u\u00e7ub gedir. Ya\u011f\u0131\u015f ya\u011fanda su dam\u0131r ba\u015f\u0131m\u0131za. Qar ya\u011f\u0131r, donuruq. \u0130\u015f olsa, i\u015fl\u0259y\u0259rik, o da yoxdur. H\u0259rd\u0259n ot \u00e7al\u0131r, qon\u015fular\u0131n h\u0259y\u0259tini, ba\u011f\u0131n\u0131 t\u0259mizl\u0259yirik. Onda 2-3 manat\u0131m\u0131z olur. Qalan vaxtlar g\u0259lir yox, qazanc yox. Qal\u0131r\u0131q pis v\u0259ziyy\u0259t\u0259\u201d.\n<\/p>\n<p>\n  Dilb\u0259r H\u0259s\u0259novan\u0131n b\u00f6y\u00fck o\u011flunun onur\u011fas\u0131nda problemi var. Ki\u00e7ik o\u011flunun is\u0259 bronxlar\u0131 x\u0259st\u0259dir. Deyir, he\u00e7 birini m\u00fcalic\u0259 etdirm\u0259y\u0259 imkan\u0131 \u00e7atm\u0131r:\n<\/p>\n<p>\n  \u201cD\u0259rdl\u0259rini bilirik, amma d\u0259rman ala bilmirik. Yolda\u015f\u0131m is\u0259 \u00fcr\u0259k x\u0259st\u0259sidir, \u015f\u0259k\u0259ri var. Pensiya al\u0131r. Ortanc\u0131l u\u015fa\u011f\u0131n, q\u0131z\u0131m\u0131n da \u0259qli problemi var. 2-ci qrup \u0259lildir\u201d.\n<\/p>\n<figure class=\"wp-block-image size-large\">\n  <img decoding=\"async\" src=\"https:\/\/www.meydan.tv\/az\/image_from_ios__15_-jpg\/\" alt=\"image_from_ios__15_.jpg\" class=\"wp-image-140489\"\/><figcaption>\n    Dilb\u0259r H\u0259s\u0259nova deyir ki, onlar\u0131n pensiyas\u0131 il\u0259, \u00e7\u0259tinlikl\u0259 dolan\u0131rlar<br \/>\n  <\/figcaption><\/figure>\n<p>\n  Evin q\u0259zal\u0131 olmas\u0131 il\u0259 ba\u011fl\u0131 ail\u0259 2 d\u0259f\u0259 Ucar Rayon \u0130cra Hakimiyy\u0259tin\u0259 m\u00fcraci\u0259t edib. M\u00fcsb\u0259t cavab ala bilm\u0259yibl\u0259r:\n<\/p>\n<p>\n  \u201cDeyirl\u0259r, b\u00fcdc\u0259d\u0259 pul yoxdur. Ev laz\u0131md\u0131rsa, \u00f6z\u00fcn\u00fcz tikin. B\u0259s yax\u015f\u0131, biz n\u0259 il\u0259 tik\u0259k? Bizi i\u015fl\u0259 t\u0259min etmisinizmi? Bax\u0131n, k\u0259ndin b\u00fct\u00fcn cavanlar\u0131 avarad\u0131r. \u0130\u015f oldu gedib i\u015fl\u0259m\u0259dil\u0259r? Ya i\u015f olsa, i\u015fl\u0259yib pul qazansaq, \u00f6z\u00fcm\u00fcz\u0259 ev tikm\u0259rik? Televizorda b\u00fct\u00fcn g\u00fcn\u00fc dan\u0131\u015f\u0131rlar. Deyirl\u0259r ki, rayonlarda i\u015f yeri a\u00e7\u0131l\u0131r, camaat i\u015fl\u0259yir v\u0259 s. Han\u0131 o i\u015f yerl\u0259ri? Biz i\u015f tapa bilmirik. D\u00f6vl\u0259t insanlara birinci \u015f\u0259rait yarats\u0131n, sonra i\u015fl\u0259yib, \u00f6z\u00fcn\u00fc doland\u0131rma\u011f\u0131 t\u0259l\u0259b etsin. \u018fs\u0259bimd\u0259n daha onlar\u0131n verdiyi yalan\u00e7\u0131 x\u0259b\u0259rl\u0259r\u0259 d\u0259 baxm\u0131ram\u201d.\n<\/p>\n<p>\n  Dilb\u0259r H\u0259s\u0259nova deyir ki, k\u0259ndli a\u011fz\u0131n\u0131 a\u00e7anda deyirl\u0259r, \u201ct\u0259s\u0259rr\u00fcfatla m\u0259\u015f\u011ful olmaq laz\u0131md\u0131r\u201d. Ancaq k\u0259ndd\u0259 n\u0259 suvarma \u00fc\u00e7\u00fcn su, n\u0259 d\u0259 k\u0259ndliy\u0259 g\u00fcz\u0259\u015ft var:\n<\/p>\n<p>\n  \u201cNormal su yox, g\u00fcz\u0259\u015ft yox. Olan g\u00fcz\u0259\u015ftl\u0259rd\u0259n d\u0259 ancaq m\u0259mur t\u0259s\u0259rr\u00fcfatlar\u0131 istifad\u0259 ed\u0259 bilir. Biz\u0259 he\u00e7 n\u0259 d\u00fc\u015fm\u00fcr. Bu yaz\u0131q k\u0259ndli n\u0259 etsin? H\u0259l\u0259 m\u0259\u015f\u011fulluq m\u0259rk\u0259zin\u0259 gedib i\u015f tapan\u0131n\u0131 tan\u0131m\u0131ram. El\u0259 televizorda deyirl\u0259r ki, m\u00fcraci\u0259t edin, minl\u0259rl\u0259 i\u015f yeri a\u00e7\u0131l\u0131b. Edirik, bir xeyri yoxdur:\n<\/p>\n<p>\n  \u201cYa\u011f\u0131\u015f ya\u011fanda ba\u015f\u0131m\u0131za t\u00f6k\u00fcl\u00fcr. Evin i\u00e7i g\u00f6ll\u0259nir. P\u0259nc\u0259r\u0259l\u0259rimiz d\u0259 \u00e7\u00fcr\u00fcy\u00fcb dey\u0259, h\u0259r yerd\u0259n k\u00fcl\u0259k, hava girir. Bu q\u0259d\u0259r ya\u015f\u0131m var, m\u0259n h\u0259l\u0259 normal m\u0259tb\u0259xtd\u0259 yem\u0259k bi\u015firm\u0259k nec\u0259 olur, bilmir\u0259m. \u0130nan\u0131n, bilmir\u0259m. Ata evimd\u0259 kas\u0131bl\u0131q, ail\u0259 qurdum, yen\u0259 kas\u0131bl\u0131q. Bir g\u00fcn\u00fcm\u00fcz olmad\u0131. Evin h\u0259r yeri u\u00e7ub-t\u00f6k\u00fcl\u00fcr. \u0130\u015f yox, t\u0259s\u0259rr\u00fcfat yox, sosial yard\u0131m d\u00fc\u015fm\u00fcr. Sonra da deyirl\u0259r ki, gedin \u00f6z\u00fcn\u00fcz h\u0259ll edin probleminizi. M\u0259n oxumam\u0131\u015fam, savads\u0131zam, bilmir\u0259m. Y\u0259ni insanlar\u0131n sosial durumunun yax\u015f\u0131la\u015fmas\u0131 \u00fc\u00e7\u00fcn d\u00f6vl\u0259t n\u0259s\u0259 bir t\u0259dbir g\u00f6rm\u0259m\u0259lidir?\u201d\n<\/p>\n<figure class=\"wp-block-image size-large\">\n  <img decoding=\"async\" src=\"https:\/\/www.meydan.tv\/az\/image_from_ios__13_-jpg\/\" alt=\"image_from_ios__13_.jpg\" class=\"wp-image-140486\"\/><figcaption>\n    &#8220;K\u0259ndd\u0259 qaz olsa da, onlar yand\u0131rm\u0131rlar&#8221;.<br \/>\n  <\/figcaption><\/figure>\n<p>\n  H\u0259s\u0259novlar ail\u0259si d\u00f6vl\u0259td\u0259n ayda 300 manat al\u0131r. O da \u0259lilliy\u0259 g\u00f6r\u0259dir:\n<\/p>\n<p>\n  \u201cBununla 5 n\u0259f\u0259r dolana bilmirik. Ki\u00e7ik o\u011flum m\u0259kt\u0259blidir. H\u0259r g\u00fcn bir \u015fey laz\u0131m olur, qar\u015f\u0131laya bilmir\u0259m. \u0130\u015f d\u0259 ki, h\u0259mi\u015f\u0259 olmur. 2-3 g\u00fcnd\u0259nbir h\u0259kiml\u0259rd\u0259yik. D\u0259rman alma\u011fa pulumuz yoxdur. Qald\u0131 ev tikm\u0259y\u0259, ona is\u0259 \u00fcmumiyy\u0259tl\u0259 g\u00fcc\u00fcm\u00fcz \u00e7atm\u0131r\u201d.\n<\/p>\n<p>\n  Ucar Rayon \u0130cra Hakimiyy\u0259tinin \u00fcmumi \u015f\u00f6b\u0259sind\u0259n Meydan TV-y\u0259 rayonda m\u00f6vs\u00fcmi i\u015fl\u0259rin oldu\u011funu bildiribl\u0259r v\u0259 bununla ba\u011fl\u0131 ail\u0259nin m\u0259\u015f\u011fulluq m\u0259rk\u0259zin\u0259 m\u00fcraci\u0259t etm\u0259sini m\u0259sl\u0259h\u0259t g\u00f6r\u00fcbl\u0259r: \u201cEvl\u0259 ba\u011fl\u0131 m\u0259s\u0259l\u0259y\u0259 g\u0259linc\u0259, ax\u0131 d\u00f6vl\u0259tin el\u0259 bir proqram\u0131 yoxdur ki, biz d\u0259 pul ay\u0131r\u0131b, insanlara ev tik\u0259k. Bu g\u00fcn k\u0259ndl\u0259rd\u0259 h\u0259r 5 evd\u0259n 1-i q\u0259zald\u0131r, k\u00f6hn\u0259dir. Biz ham\u0131ya ev tik\u0259 bilm\u0259rik\u201d.\n<\/p>\n<p>\n  Ucar M\u0259\u015f\u011fulluq \u0130dar\u0259si il\u0259 son 1 h\u0259ft\u0259 \u0259rzind\u0259 \u0259laq\u0259 saxlamaq m\u00fcmk\u00fcn olmay\u0131b.\n<\/p>\n<figure class=\"wp-block-image size-large\">\n  <img decoding=\"async\" src=\"https:\/\/www.meydan.tv\/az\/image_from_ios__14_-jpg\/\" alt=\"image_from_ios__14_.jpg\" class=\"wp-image-140492\"\/><figcaption>\n    &#8220;H\u0259r g\u00fcn bir \u015fey laz\u0131m olur, qar\u015f\u0131laya bilmir\u0259m&#8221;<br \/>\n  <\/figcaption><\/figure>\n","protected":false},"excerpt":{"rendered":"<p>&#8220;Qalan he\u00e7 yerd\u0259n 1 q\u0259pik g\u0259lirl\u0259ri yoxdur&#8221;<\/p>\n","protected":false},"author":11,"featured_media":140495,"comment_status":"closed","ping_status":"open","sticky":false,"template":"","format":"standard","meta":{"_acf_changed":false,"_sitemap_exclude":false,"_sitemap_priority":"","_sitemap_frequency":"","footnotes":""},"categories":[60],"tags":[],"class_list":["post-200134","post","type-post","status-publish","format-standard","has-post-thumbnail","hentry","category-bolge","infinite-scroll-item","generate-columns","tablet-grid-50","mobile-grid-100","grid-parent","grid-33","no-featured-image-padding"],"acf":[],"yoast_head":"<!-- This site is optimized with the Yoast SEO plugin v27.5 - https:\/\/yoast.com\/product\/yoast-seo-wordpress\/ -->\n<title>Ucar sakini: Normal m\u0259tb\u0259xtd\u0259 yem\u0259k bi\u015firm\u0259k nec\u0259 olur, bilmir\u0259m - MEYDAN.TV<\/title>\n<meta name=\"robots\" content=\"index, follow, max-snippet:-1, max-image-preview:large, max-video-preview:-1\" \/>\n<link rel=\"canonical\" href=\"https:\/\/www.meydan.tv\/az\/article\/ucar-sakini-normal-metbextde-yemek-bisirmek-nece-olur-bilmirem\/\" \/>\n<meta property=\"og:locale\" content=\"az_AZ\" \/>\n<meta property=\"og:type\" content=\"article\" \/>\n<meta property=\"og:title\" content=\"Ucar sakini: Normal m\u0259tb\u0259xtd\u0259 yem\u0259k bi\u015firm\u0259k nec\u0259 olur, bilmir\u0259m - MEYDAN.TV\" \/>\n<meta property=\"og:description\" content=\"&quot;Qalan he\u00e7 yerd\u0259n 1 q\u0259pik g\u0259lirl\u0259ri yoxdur&quot;\" \/>\n<meta property=\"og:url\" content=\"https:\/\/www.meydan.tv\/az\/article\/ucar-sakini-normal-metbextde-yemek-bisirmek-nece-olur-bilmirem\/\" \/>\n<meta property=\"og:site_name\" content=\"MEYDAN.TV\" \/>\n<meta property=\"article:published_time\" content=\"2020-04-13T16:42:05+00:00\" \/>\n<meta property=\"og:image\" content=\"https:\/\/www.meydan.tv\/wp-content\/uploads\/image_from_ios__12_-scaled.jpg\" \/>\n\t<meta property=\"og:image:width\" content=\"2560\" \/>\n\t<meta property=\"og:image:height\" content=\"1920\" \/>\n\t<meta property=\"og:image:type\" content=\"image\/jpeg\" \/>\n<meta name=\"author\" content=\"user-manager\" \/>\n<meta name=\"twitter:card\" content=\"summary_large_image\" \/>\n<script type=\"application\/ld+json\" class=\"yoast-schema-graph\">{\"@context\":\"https:\\\/\\\/schema.org\",\"@graph\":[{\"@type\":\"Article\",\"@id\":\"https:\\\/\\\/www.meydan.tv\\\/az\\\/article\\\/ucar-sakini-normal-metbextde-yemek-bisirmek-nece-olur-bilmirem\\\/#article\",\"isPartOf\":{\"@id\":\"https:\\\/\\\/www.meydan.tv\\\/az\\\/article\\\/ucar-sakini-normal-metbextde-yemek-bisirmek-nece-olur-bilmirem\\\/\"},\"author\":{\"name\":\"user-manager\",\"@id\":\"https:\\\/\\\/www.meydan.tv\\\/az\\\/#\\\/schema\\\/person\\\/10d11eccf6da3662cf5fdab9806ea91a\"},\"headline\":\"Ucar sakini: Normal m\u0259tb\u0259xtd\u0259 yem\u0259k bi\u015firm\u0259k nec\u0259 olur, bilmir\u0259m\",\"datePublished\":\"2020-04-13T16:42:05+00:00\",\"mainEntityOfPage\":{\"@id\":\"https:\\\/\\\/www.meydan.tv\\\/az\\\/article\\\/ucar-sakini-normal-metbextde-yemek-bisirmek-nece-olur-bilmirem\\\/\"},\"wordCount\":1242,\"publisher\":{\"@id\":\"https:\\\/\\\/www.meydan.tv\\\/az\\\/#organization\"},\"image\":{\"@id\":\"https:\\\/\\\/www.meydan.tv\\\/az\\\/article\\\/ucar-sakini-normal-metbextde-yemek-bisirmek-nece-olur-bilmirem\\\/#primaryimage\"},\"thumbnailUrl\":\"https:\\\/\\\/www.meydan.tv\\\/wp-content\\\/uploads\\\/image_from_ios__12_-scaled.jpg\",\"articleSection\":[\"B\u00f6lg\u0259\"],\"inLanguage\":\"az\"},{\"@type\":\"WebPage\",\"@id\":\"https:\\\/\\\/www.meydan.tv\\\/az\\\/article\\\/ucar-sakini-normal-metbextde-yemek-bisirmek-nece-olur-bilmirem\\\/\",\"url\":\"https:\\\/\\\/www.meydan.tv\\\/az\\\/article\\\/ucar-sakini-normal-metbextde-yemek-bisirmek-nece-olur-bilmirem\\\/\",\"name\":\"Ucar sakini: Normal m\u0259tb\u0259xtd\u0259 yem\u0259k bi\u015firm\u0259k nec\u0259 olur, bilmir\u0259m - MEYDAN.TV\",\"isPartOf\":{\"@id\":\"https:\\\/\\\/www.meydan.tv\\\/az\\\/#website\"},\"primaryImageOfPage\":{\"@id\":\"https:\\\/\\\/www.meydan.tv\\\/az\\\/article\\\/ucar-sakini-normal-metbextde-yemek-bisirmek-nece-olur-bilmirem\\\/#primaryimage\"},\"image\":{\"@id\":\"https:\\\/\\\/www.meydan.tv\\\/az\\\/article\\\/ucar-sakini-normal-metbextde-yemek-bisirmek-nece-olur-bilmirem\\\/#primaryimage\"},\"thumbnailUrl\":\"https:\\\/\\\/www.meydan.tv\\\/wp-content\\\/uploads\\\/image_from_ios__12_-scaled.jpg\",\"datePublished\":\"2020-04-13T16:42:05+00:00\",\"breadcrumb\":{\"@id\":\"https:\\\/\\\/www.meydan.tv\\\/az\\\/article\\\/ucar-sakini-normal-metbextde-yemek-bisirmek-nece-olur-bilmirem\\\/#breadcrumb\"},\"inLanguage\":\"az\",\"potentialAction\":[{\"@type\":\"ReadAction\",\"target\":[\"https:\\\/\\\/www.meydan.tv\\\/az\\\/article\\\/ucar-sakini-normal-metbextde-yemek-bisirmek-nece-olur-bilmirem\\\/\"]}]},{\"@type\":\"ImageObject\",\"inLanguage\":\"az\",\"@id\":\"https:\\\/\\\/www.meydan.tv\\\/az\\\/article\\\/ucar-sakini-normal-metbextde-yemek-bisirmek-nece-olur-bilmirem\\\/#primaryimage\",\"url\":\"https:\\\/\\\/www.meydan.tv\\\/wp-content\\\/uploads\\\/image_from_ios__12_-scaled.jpg\",\"contentUrl\":\"https:\\\/\\\/www.meydan.tv\\\/wp-content\\\/uploads\\\/image_from_ios__12_-scaled.jpg\",\"width\":2560,\"height\":1920,\"caption\":\"Source: Foto: Meydan TV\"},{\"@type\":\"BreadcrumbList\",\"@id\":\"https:\\\/\\\/www.meydan.tv\\\/az\\\/article\\\/ucar-sakini-normal-metbextde-yemek-bisirmek-nece-olur-bilmirem\\\/#breadcrumb\",\"itemListElement\":[{\"@type\":\"ListItem\",\"position\":1,\"name\":\"Ana s\u0259hif\u0259\",\"item\":\"https:\\\/\\\/www.meydan.tv\\\/az\\\/\"},{\"@type\":\"ListItem\",\"position\":2,\"name\":\"B\u00f6lg\u0259\",\"item\":\"https:\\\/\\\/www.meydan.tv\\\/az\\\/section\\\/bolge\\\/\"},{\"@type\":\"ListItem\",\"position\":3,\"name\":\"Ucar sakini: Normal m\u0259tb\u0259xtd\u0259 yem\u0259k bi\u015firm\u0259k nec\u0259 olur, bilmir\u0259m\"}]},{\"@type\":\"WebSite\",\"@id\":\"https:\\\/\\\/www.meydan.tv\\\/az\\\/#website\",\"url\":\"https:\\\/\\\/www.meydan.tv\\\/az\\\/\",\"name\":\"MEYDAN.TV\",\"description\":\"Meydan TV Az\u0259rbaycan\u0131n media m\u0259kan\u0131ndak\u0131 alternativ s\u0259sidir\",\"publisher\":{\"@id\":\"https:\\\/\\\/www.meydan.tv\\\/az\\\/#organization\"},\"potentialAction\":[{\"@type\":\"SearchAction\",\"target\":{\"@type\":\"EntryPoint\",\"urlTemplate\":\"https:\\\/\\\/www.meydan.tv\\\/az\\\/?s={search_term_string}\"},\"query-input\":{\"@type\":\"PropertyValueSpecification\",\"valueRequired\":true,\"valueName\":\"search_term_string\"}}],\"inLanguage\":\"az\"},{\"@type\":\"Organization\",\"@id\":\"https:\\\/\\\/www.meydan.tv\\\/az\\\/#organization\",\"name\":\"Meydan TV\",\"url\":\"https:\\\/\\\/www.meydan.tv\\\/az\\\/\",\"logo\":{\"@type\":\"ImageObject\",\"inLanguage\":\"az\",\"@id\":\"https:\\\/\\\/www.meydan.tv\\\/az\\\/#\\\/schema\\\/logo\\\/image\\\/\",\"url\":\"https:\\\/\\\/www.meydan.tv\\\/wp-content\\\/uploads\\\/2021\\\/07\\\/meydan-logo.svg\",\"contentUrl\":\"https:\\\/\\\/www.meydan.tv\\\/wp-content\\\/uploads\\\/2021\\\/07\\\/meydan-logo.svg\",\"width\":195,\"height\":46,\"caption\":\"Meydan TV\"},\"image\":{\"@id\":\"https:\\\/\\\/www.meydan.tv\\\/az\\\/#\\\/schema\\\/logo\\\/image\\\/\"}},{\"@type\":\"Person\",\"@id\":\"https:\\\/\\\/www.meydan.tv\\\/az\\\/#\\\/schema\\\/person\\\/10d11eccf6da3662cf5fdab9806ea91a\",\"name\":\"user-manager\"}]}<\/script>\n<!-- \/ Yoast SEO plugin. -->","yoast_head_json":{"title":"Ucar sakini: Normal m\u0259tb\u0259xtd\u0259 yem\u0259k bi\u015firm\u0259k nec\u0259 olur, bilmir\u0259m - MEYDAN.TV","robots":{"index":"index","follow":"follow","max-snippet":"max-snippet:-1","max-image-preview":"max-image-preview:large","max-video-preview":"max-video-preview:-1"},"canonical":"https:\/\/www.meydan.tv\/az\/article\/ucar-sakini-normal-metbextde-yemek-bisirmek-nece-olur-bilmirem\/","og_locale":"az_AZ","og_type":"article","og_title":"Ucar sakini: Normal m\u0259tb\u0259xtd\u0259 yem\u0259k bi\u015firm\u0259k nec\u0259 olur, bilmir\u0259m - MEYDAN.TV","og_description":"\"Qalan he\u00e7 yerd\u0259n 1 q\u0259pik g\u0259lirl\u0259ri yoxdur\"","og_url":"https:\/\/www.meydan.tv\/az\/article\/ucar-sakini-normal-metbextde-yemek-bisirmek-nece-olur-bilmirem\/","og_site_name":"MEYDAN.TV","article_published_time":"2020-04-13T16:42:05+00:00","og_image":[{"width":2560,"height":1920,"url":"https:\/\/www.meydan.tv\/wp-content\/uploads\/image_from_ios__12_-scaled.jpg","type":"image\/jpeg"}],"author":"user-manager","twitter_card":"summary_large_image","schema":{"@context":"https:\/\/schema.org","@graph":[{"@type":"Article","@id":"https:\/\/www.meydan.tv\/az\/article\/ucar-sakini-normal-metbextde-yemek-bisirmek-nece-olur-bilmirem\/#article","isPartOf":{"@id":"https:\/\/www.meydan.tv\/az\/article\/ucar-sakini-normal-metbextde-yemek-bisirmek-nece-olur-bilmirem\/"},"author":{"name":"user-manager","@id":"https:\/\/www.meydan.tv\/az\/#\/schema\/person\/10d11eccf6da3662cf5fdab9806ea91a"},"headline":"Ucar sakini: Normal m\u0259tb\u0259xtd\u0259 yem\u0259k bi\u015firm\u0259k nec\u0259 olur, bilmir\u0259m","datePublished":"2020-04-13T16:42:05+00:00","mainEntityOfPage":{"@id":"https:\/\/www.meydan.tv\/az\/article\/ucar-sakini-normal-metbextde-yemek-bisirmek-nece-olur-bilmirem\/"},"wordCount":1242,"publisher":{"@id":"https:\/\/www.meydan.tv\/az\/#organization"},"image":{"@id":"https:\/\/www.meydan.tv\/az\/article\/ucar-sakini-normal-metbextde-yemek-bisirmek-nece-olur-bilmirem\/#primaryimage"},"thumbnailUrl":"https:\/\/www.meydan.tv\/wp-content\/uploads\/image_from_ios__12_-scaled.jpg","articleSection":["B\u00f6lg\u0259"],"inLanguage":"az"},{"@type":"WebPage","@id":"https:\/\/www.meydan.tv\/az\/article\/ucar-sakini-normal-metbextde-yemek-bisirmek-nece-olur-bilmirem\/","url":"https:\/\/www.meydan.tv\/az\/article\/ucar-sakini-normal-metbextde-yemek-bisirmek-nece-olur-bilmirem\/","name":"Ucar sakini: Normal m\u0259tb\u0259xtd\u0259 yem\u0259k bi\u015firm\u0259k nec\u0259 olur, bilmir\u0259m - MEYDAN.TV","isPartOf":{"@id":"https:\/\/www.meydan.tv\/az\/#website"},"primaryImageOfPage":{"@id":"https:\/\/www.meydan.tv\/az\/article\/ucar-sakini-normal-metbextde-yemek-bisirmek-nece-olur-bilmirem\/#primaryimage"},"image":{"@id":"https:\/\/www.meydan.tv\/az\/article\/ucar-sakini-normal-metbextde-yemek-bisirmek-nece-olur-bilmirem\/#primaryimage"},"thumbnailUrl":"https:\/\/www.meydan.tv\/wp-content\/uploads\/image_from_ios__12_-scaled.jpg","datePublished":"2020-04-13T16:42:05+00:00","breadcrumb":{"@id":"https:\/\/www.meydan.tv\/az\/article\/ucar-sakini-normal-metbextde-yemek-bisirmek-nece-olur-bilmirem\/#breadcrumb"},"inLanguage":"az","potentialAction":[{"@type":"ReadAction","target":["https:\/\/www.meydan.tv\/az\/article\/ucar-sakini-normal-metbextde-yemek-bisirmek-nece-olur-bilmirem\/"]}]},{"@type":"ImageObject","inLanguage":"az","@id":"https:\/\/www.meydan.tv\/az\/article\/ucar-sakini-normal-metbextde-yemek-bisirmek-nece-olur-bilmirem\/#primaryimage","url":"https:\/\/www.meydan.tv\/wp-content\/uploads\/image_from_ios__12_-scaled.jpg","contentUrl":"https:\/\/www.meydan.tv\/wp-content\/uploads\/image_from_ios__12_-scaled.jpg","width":2560,"height":1920,"caption":"Source: Foto: Meydan TV"},{"@type":"BreadcrumbList","@id":"https:\/\/www.meydan.tv\/az\/article\/ucar-sakini-normal-metbextde-yemek-bisirmek-nece-olur-bilmirem\/#breadcrumb","itemListElement":[{"@type":"ListItem","position":1,"name":"Ana s\u0259hif\u0259","item":"https:\/\/www.meydan.tv\/az\/"},{"@type":"ListItem","position":2,"name":"B\u00f6lg\u0259","item":"https:\/\/www.meydan.tv\/az\/section\/bolge\/"},{"@type":"ListItem","position":3,"name":"Ucar sakini: Normal m\u0259tb\u0259xtd\u0259 yem\u0259k bi\u015firm\u0259k nec\u0259 olur, bilmir\u0259m"}]},{"@type":"WebSite","@id":"https:\/\/www.meydan.tv\/az\/#website","url":"https:\/\/www.meydan.tv\/az\/","name":"MEYDAN.TV","description":"Meydan TV Az\u0259rbaycan\u0131n media m\u0259kan\u0131ndak\u0131 alternativ s\u0259sidir","publisher":{"@id":"https:\/\/www.meydan.tv\/az\/#organization"},"potentialAction":[{"@type":"SearchAction","target":{"@type":"EntryPoint","urlTemplate":"https:\/\/www.meydan.tv\/az\/?s={search_term_string}"},"query-input":{"@type":"PropertyValueSpecification","valueRequired":true,"valueName":"search_term_string"}}],"inLanguage":"az"},{"@type":"Organization","@id":"https:\/\/www.meydan.tv\/az\/#organization","name":"Meydan TV","url":"https:\/\/www.meydan.tv\/az\/","logo":{"@type":"ImageObject","inLanguage":"az","@id":"https:\/\/www.meydan.tv\/az\/#\/schema\/logo\/image\/","url":"https:\/\/www.meydan.tv\/wp-content\/uploads\/2021\/07\/meydan-logo.svg","contentUrl":"https:\/\/www.meydan.tv\/wp-content\/uploads\/2021\/07\/meydan-logo.svg","width":195,"height":46,"caption":"Meydan TV"},"image":{"@id":"https:\/\/www.meydan.tv\/az\/#\/schema\/logo\/image\/"}},{"@type":"Person","@id":"https:\/\/www.meydan.tv\/az\/#\/schema\/person\/10d11eccf6da3662cf5fdab9806ea91a","name":"user-manager"}]}},"_links":{"self":[{"href":"https:\/\/www.meydan.tv\/az\/wp-json\/wp\/v2\/posts\/200134","targetHints":{"allow":["GET"]}}],"collection":[{"href":"https:\/\/www.meydan.tv\/az\/wp-json\/wp\/v2\/posts"}],"about":[{"href":"https:\/\/www.meydan.tv\/az\/wp-json\/wp\/v2\/types\/post"}],"author":[{"embeddable":true,"href":"https:\/\/www.meydan.tv\/az\/wp-json\/wp\/v2\/users\/11"}],"replies":[{"embeddable":true,"href":"https:\/\/www.meydan.tv\/az\/wp-json\/wp\/v2\/comments?post=200134"}],"version-history":[{"count":0,"href":"https:\/\/www.meydan.tv\/az\/wp-json\/wp\/v2\/posts\/200134\/revisions"}],"wp:featuredmedia":[{"embeddable":true,"href":"https:\/\/www.meydan.tv\/az\/wp-json\/wp\/v2\/media\/140495"}],"wp:attachment":[{"href":"https:\/\/www.meydan.tv\/az\/wp-json\/wp\/v2\/media?parent=200134"}],"wp:term":[{"taxonomy":"category","embeddable":true,"href":"https:\/\/www.meydan.tv\/az\/wp-json\/wp\/v2\/categories?post=200134"},{"taxonomy":"post_tag","embeddable":true,"href":"https:\/\/www.meydan.tv\/az\/wp-json\/wp\/v2\/tags?post=200134"}],"curies":[{"name":"wp","href":"https:\/\/api.w.org\/{rel}","templated":true}]}}