{"id":200072,"date":"2020-04-08T18:41:53","date_gmt":"2020-04-08T18:41:53","guid":{"rendered":"https:\/\/www.meydan.tv\/article\/goycay-sakini-xestexananin-bas-hekimi-astma-xestelerinin-dermanini-aptekde-satdirib-menimseyir\/"},"modified":"2020-04-08T18:41:53","modified_gmt":"2020-04-08T18:41:53","slug":"goycay-sakini-xestexananin-bas-hekimi-astma-xestelerinin-dermanini-aptekde-satdirib-menimseyir","status":"publish","type":"post","link":"https:\/\/www.meydan.tv\/az\/article\/goycay-sakini-xestexananin-bas-hekimi-astma-xestelerinin-dermanini-aptekde-satdirib-menimseyir\/","title":{"rendered":"G\u00f6y\u00e7ay sakini: X\u0259st\u0259xanan\u0131n ba\u015f h\u0259kimi astma x\u0259st\u0259l\u0259rinin d\u0259rman\u0131n\u0131 aptekd\u0259 satd\u0131r\u0131b m\u0259nims\u0259yir"},"content":{"rendered":"<p>\n  <i><br \/>\n    X\u0259st\u0259xanadan: \u201cEl\u00e7in doktor \u00fcmumiyy\u0259tl\u0259 jurnalist q\u0259bul etmir, onlarla dan\u0131\u015fm\u0131r\u201d<br \/>\n  <\/i>\n<\/p>\n<p>\n  \u201cXroniki bronxial astma x\u0259st\u0259liyind\u0259n \u0259ziyy\u0259t \u00e7\u0259kir\u0259m. 2014-c\u00fc ild\u0259n m\u0259n\u0259 ikinci qrup \u0259lillik d\u0259r\u0259c\u0259si t\u0259yin edilib. Buna g\u00f6r\u0259 h\u0259r ay d\u00f6vl\u0259t b\u00fcdc\u0259si hesab\u0131na d\u0259rmanla, tibbi preparatlarla t\u0259min olunurdum. Bir il \u0259rzind\u0259 d\u0259rmanlar\u0131m\u0131 x\u0259st\u0259xanadan al\u0131rd\u0131m. \u0130ki ayd\u0131r ki, G\u00f6y\u00e7ay Rayon M\u0259rk\u0259zi X\u0259st\u0259xanas\u0131ndan d\u0259rman\u0131m\u0131 ala bilmir\u0259m. X\u0259st\u0259xanan\u0131n ba\u015f h\u0259kimi El\u00e7in Bilalov astma x\u0259st\u0259l\u0259rinin d\u0259rmanlar\u0131n\u0131 aptekl\u0259rd\u0259 sat\u0131b pulunu m\u0259nims\u0259yir\u201d.\n<\/p>\n<p>\n  G\u00f6y\u00e7ay \u015f\u0259h\u0259ri, H\u00fcs\u00fc Hac\u0131yev k\u00fc\u00e7\u0259si, ev 188 \u00fcnvan\u0131nda ya\u015fayan Rasim Mustafayev Meydan TV-y\u0259 bel\u0259 deyir. \u015eikay\u0259t\u00e7i iddia edir ki, d\u00f6vl\u0259t t\u0259r\u0259find\u0259n x\u0259st\u0259xanaya veril\u0259n \u201cErflyusal\u201d adl\u0131 d\u0259rman G\u00f6y\u00e7ay Rayon M\u0259rk\u0259zi X\u0259st\u0259xanan\u0131n daxilind\u0259ki aptekd\u0259 x\u0259st\u0259l\u0259r\u0259 55-56 manata sat\u0131l\u0131r:\n<\/p>\n<p>\n  \u201cX\u0259st\u0259xana daxilind\u0259 yerl\u0259\u015f\u0259n aptekin m\u00fcdiri Elza Hac\u0131yevad\u0131r. O, ba\u015f h\u0259kim El\u00e7in Bilalovla qudad\u0131r. Korrupsiyaya qur\u015fanm\u0131\u015f qudalar G\u00f6y\u00e7ayda ya\u015fayan a\u011f\u0131r x\u0259st\u0259l\u0259rin d\u0259rmanlar\u0131n\u0131 sat\u0131rlar. Art\u0131q iki ayd\u0131r ki, he\u00e7 bir x\u0259st\u0259y\u0259 \u201cErflyusal\u201d d\u0259rman\u0131 verilmir. H\u0259m x\u0259st\u0259xanan\u0131n daxilind\u0259 olan aptekd\u0259, h\u0259m d\u0259 k\u0259narda olan \u0259cza\u00e7\u0131larda sat\u0131l\u0131r. Haz\u0131rda b\u00fct\u00fcn d\u00fcnyada, o c\u00fcml\u0259d\u0259n Az\u0259rbaycanda koronavirusla \u0259laq\u0259dar ciddi m\u00fcbariz\u0259 apar\u0131l\u0131r, x\u00fcsusi karantin rejimi t\u0259tbiq edilib. El\u00e7in Bilalov bundan sui-istifad\u0259 edib korrupsiya cinay\u0259ti il\u0259 m\u0259\u015f\u011ful olur, x\u0259st\u0259xanan\u0131 bazara \u00e7evirib. X\u0259st\u0259l\u0259rin d\u0259rmanlar\u0131n\u0131 vermir, aptekl\u0259rd\u0259 sat\u0131b cibin\u0259 qoyur. Biz x\u0259st\u0259l\u0259r d\u0259 \u00f6l\u00fcml\u0259 \u00fcz-\u00fcz\u0259 qalm\u0131\u015f\u0131q. \u0130mkans\u0131zl\u0131qdan d\u0259rman ala bilmir\u0259m, buna g\u00f6r\u0259 s\u0259hh\u0259tim g\u00fcnd\u0259n-g\u00fcn\u0259 a\u011f\u0131rla\u015f\u0131r\u201d.\n<\/p>\n<p>\n  \u201cAdamla el\u0259 r\u0259ftar edirl\u0259r, kobud dan\u0131\u015f\u0131rlar ki, san\u0131rsan x\u0259st\u0259xana h\u00f6kum\u0259tin yox, bunlar\u0131n ata m\u00fclk\u00fcd\u00fcr\u201d, &#8211; Rasim Mustafayev bel\u0259 deyir:\n<\/p>\n<p>\n  \u201cX\u0259st\u0259xanaya gedir\u0259m, deyirl\u0259r ki, d\u0259rman yoxdur. Nec\u0259 y\u0259ni yoxdur? Mart\u0131n 27-d\u0259 x\u0259st\u0259xanaya getdim. Ba\u015f h\u0259kimin ota\u011f\u0131nda iki d\u0259f\u0259 oldum, \u00f6z\u00fc il\u0259 s\u00f6hb\u0259t etdim. O bildirdi ki, haz\u0131rda d\u0259rman yoxdur. Sonra da dedi ki, Bak\u0131ya T\u0259cili Tibbi Yard\u0131m ma\u015f\u0131n\u0131 g\u00f6nd\u0259rmi\u015f\u0259m, d\u0259rman tezlikl\u0259 g\u0259l\u0259c\u0259k. Mart\u0131n 31-d\u0259 ged\u0259nd\u0259 is\u0259 bildirdi ki, d\u0259rman yoxdur. \u015e\u0259k\u0259r d\u0259rman\u0131, astmaya qar\u015f\u0131 dig\u0259r preparat \u201cSalbutamol\u201dla t\u0259min olunuruq, amma \u201cErflyusal\u201d vermirl\u0259r. Ba\u015f h\u0259kim\u0259 dedim ki, x\u0259st\u0259y\u0259m, bura kefimd\u0259n g\u0259lmir\u0259m. Kim ki bel\u0259 x\u0259st\u0259l\u0259rin haqq\u0131n\u0131 yeyir, Allah onun balas\u0131n\u0131n ba\u015f\u0131na g\u0259tirsin\u201d.\n<\/p>\n<figure class=\"wp-block-image size-large\">\n  <img decoding=\"async\" src=\"https:\/\/www.meydan.tv\/az\/img-20200406-wa0018__1__720-jpg\/\" alt=\"img-20200406-wa0018__1__720.jpg\" class=\"wp-image-140323\"\/><figcaption>\n    ErflyuSal<br \/>\n  <\/figcaption><\/figure>\n<p>\n  \u015eikay\u0259t\u00e7i \u0259llilliy\u0259 g\u00f6r\u0259 d\u00f6vl\u0259td\u0259n 130 manat t\u0259qa\u00fcd al\u0131r. Gileyl\u0259nir ki, h\u0259min pulla iyn\u0259-d\u0259rman bir yana, he\u00e7 ail\u0259sini doland\u0131ra bilmir:\n<\/p>\n<p>\n  \u201c\u0130lb\u0259il s\u0259hh\u0259tim daha da a\u011f\u0131rla\u015f\u0131r. Azac\u0131q \u0259s\u0259bl\u0259\u015f\u0259n kimi bo\u011fuluram. \u018fslind\u0259, alt\u0131 aydan bir m\u00fcalic\u0259 olunmal\u0131yam.\n<\/p>\n<p>\n  Bu d\u0259rman \u0259sas birinci n\u00f6vb\u0259d\u0259 biz\u0259 verilm\u0259lidir. Koronavirusa yoluxma v\u0259 \u00f6l\u00fcm riski m\u0259nd\u0259 daha \u00e7oxdur. Ola bilm\u0259z ki, h\u00f6kum\u0259t bizim d\u0259rman\u0131m\u0131z\u0131 saxlas\u0131n, verm\u0259sin. \u0130ndi evd\u0259n bay\u0131ra \u00e7\u0131xa bilmir\u0259m. Bazar-d\u00fckana ehtiyatla gedir\u0259m. SMS yaz\u0131b, 2 saatl\u0131q icaz\u0259 al\u0131b, bazarl\u0131\u011f\u0131m\u0131 edib, tez ev\u0259 qay\u0131d\u0131ram. Koronavirusdan istifad\u0259 edirl\u0259r, d\u0259rmanlar\u0131 x\u0259st\u0259l\u0259r\u0259 verm\u0259yib aptekl\u0259rd\u0259 sat\u0131rlar.\n<\/p>\n<p>\n  \u00d6t\u0259n ilin noyabr\u0131nad\u0259k bazarda alver edirdim. S\u0259hh\u0259timd\u0259 a\u011f\u0131rla\u015fma oldu. H\u0259kim\u0259 getdim, bazarda i\u015fl\u0259m\u0259yi qada\u011fan etdi. Dedi ki, q\u0131\u015fda bazara \u00e7\u0131xma, s\u0259n\u0259 q\u0259tiyy\u0259n soyuq olmaz.\n<\/p>\n<p>\n  \u0130ki \u00f6vlad\u0131m var, ail\u0259d\u0259 be\u015f n\u0259f\u0259rik. M\u0259n ald\u0131\u011f\u0131m 130 manat\u0131 d\u0259rman\u0131ma verim, yoxsa dolan\u0131\u015f\u0131\u011fa, qazpuluna, i\u015fiq\u0131puluna verim? Onsuz da onlar\u0131n verdiyi \u201cSalbutamol\u201d ay \u0259rzind\u0259 \u00e7atm\u0131r. Gedib, 4-5 manat verib \u00f6z\u00fcm al\u0131ram. Ail\u0259ni anamla m\u0259nim t\u0259qa\u00fcd\u00fcm\u00fczl\u0259 zorla dolan\u0131r\u0131ram. Prezident \u0130lham \u018fliyevd\u0259n xahi\u015f edir\u0259m ki, x\u0259st\u0259l\u0259rin d\u0259rmanlar\u0131n\u0131 satd\u0131r\u0131b, m\u0259nims\u0259y\u0259n G\u00f6y\u00e7ay Rayon M\u0259rk\u0259zi X\u0259st\u0259xanas\u0131n\u0131n \u0259m\u0259ll\u0259ri n\u0259zar\u0259t\u0259 g\u00f6t\u00fcr\u00fcl\u00fcb, ara\u015fd\u0131r\u0131ls\u0131n\u201d.\n<\/p>\n<p>\n  G\u00f6y\u00e7ay Rayon M\u0259rk\u0259zi X\u0259st\u0259xanas\u0131n\u0131n ba\u015f h\u0259kimi El\u00e7in Bilalov v\u0259 m\u00fcavini L\u0259man Hac\u0131yeva Meydan TV-nin suallar\u0131n\u0131 cavabland\u0131rmaqdan imtina edib.\n<\/p>\n<p>\n  Ba\u015f h\u0259kim El\u00e7in Bilalovun k\u00f6m\u0259k\u00e7isi Meydan TV \u0259m\u0259kda\u015f\u0131na bildirib ki, xeyli m\u00fcdd\u0259tdir \u201cErflyusal\u201d d\u0259rman\u0131 yoxdur:\n<\/p>\n<p>\n  \u201cYax\u0131n be\u015f g\u00fcn \u0259rzind\u0259 x\u0259st\u0259l\u0259r h\u0259min d\u0259rmanla t\u0259min olunacaq\u201d.\n<\/p>\n<p>\n  \u00dcmumi \u015f\u00f6b\u0259nin k\u0259rg\u00fczar\u0131 Nuran\u0259 \u018fliyeva is\u0259 Meydan TV-y\u0259 \u201cEl\u00e7in doktor \u00fcmumiyy\u0259tl\u0259 jurnalist q\u0259bul etmir, onlarla dan\u0131\u015fm\u0131r\u201d, -deyib.<\/p>\n","protected":false},"excerpt":{"rendered":"<p>\u015eikay\u0259t\u00e7i \u0259llilliy\u0259 g\u00f6r\u0259 d\u00f6vl\u0259td\u0259n 130 manat t\u0259qa\u00fcd al\u0131r.<\/p>\n","protected":false},"author":11,"featured_media":140320,"comment_status":"closed","ping_status":"open","sticky":false,"template":"","format":"standard","meta":{"_acf_changed":false,"_sitemap_exclude":false,"_sitemap_priority":"","_sitemap_frequency":"","footnotes":""},"categories":[60],"tags":[],"class_list":["post-200072","post","type-post","status-publish","format-standard","has-post-thumbnail","hentry","category-bolge","infinite-scroll-item","generate-columns","tablet-grid-50","mobile-grid-100","grid-parent","grid-33","no-featured-image-padding"],"acf":[],"yoast_head":"<!-- This site is optimized with the Yoast SEO plugin v27.5 - https:\/\/yoast.com\/product\/yoast-seo-wordpress\/ -->\n<title>G\u00f6y\u00e7ay sakini: X\u0259st\u0259xanan\u0131n ba\u015f h\u0259kimi astma x\u0259st\u0259l\u0259rinin d\u0259rman\u0131n\u0131 aptekd\u0259 satd\u0131r\u0131b m\u0259nims\u0259yir - MEYDAN.TV<\/title>\n<meta name=\"robots\" content=\"index, follow, max-snippet:-1, max-image-preview:large, max-video-preview:-1\" \/>\n<link rel=\"canonical\" href=\"https:\/\/www.meydan.tv\/az\/article\/goycay-sakini-xestexananin-bas-hekimi-astma-xestelerinin-dermanini-aptekde-satdirib-menimseyir\/\" \/>\n<meta property=\"og:locale\" content=\"az_AZ\" \/>\n<meta property=\"og:type\" content=\"article\" \/>\n<meta property=\"og:title\" content=\"G\u00f6y\u00e7ay sakini: X\u0259st\u0259xanan\u0131n ba\u015f h\u0259kimi astma x\u0259st\u0259l\u0259rinin d\u0259rman\u0131n\u0131 aptekd\u0259 satd\u0131r\u0131b m\u0259nims\u0259yir - MEYDAN.TV\" \/>\n<meta property=\"og:description\" content=\"\u015eikay\u0259t\u00e7i \u0259llilliy\u0259 g\u00f6r\u0259 d\u00f6vl\u0259td\u0259n 130 manat t\u0259qa\u00fcd al\u0131r.\" \/>\n<meta property=\"og:url\" content=\"https:\/\/www.meydan.tv\/az\/article\/goycay-sakini-xestexananin-bas-hekimi-astma-xestelerinin-dermanini-aptekde-satdirib-menimseyir\/\" \/>\n<meta property=\"og:site_name\" content=\"MEYDAN.TV\" \/>\n<meta property=\"article:published_time\" content=\"2020-04-08T18:41:53+00:00\" \/>\n<meta property=\"og:image\" content=\"https:\/\/www.meydan.tv\/wp-content\/uploads\/untitled9__1__awzueck.png\" \/>\n\t<meta property=\"og:image:width\" content=\"1000\" \/>\n\t<meta property=\"og:image:height\" content=\"555\" \/>\n\t<meta property=\"og:image:type\" content=\"image\/png\" \/>\n<meta name=\"author\" content=\"user-manager\" \/>\n<meta name=\"twitter:card\" content=\"summary_large_image\" \/>\n<script type=\"application\/ld+json\" class=\"yoast-schema-graph\">{\"@context\":\"https:\\\/\\\/schema.org\",\"@graph\":[{\"@type\":\"Article\",\"@id\":\"https:\\\/\\\/www.meydan.tv\\\/az\\\/article\\\/goycay-sakini-xestexananin-bas-hekimi-astma-xestelerinin-dermanini-aptekde-satdirib-menimseyir\\\/#article\",\"isPartOf\":{\"@id\":\"https:\\\/\\\/www.meydan.tv\\\/az\\\/article\\\/goycay-sakini-xestexananin-bas-hekimi-astma-xestelerinin-dermanini-aptekde-satdirib-menimseyir\\\/\"},\"author\":{\"name\":\"user-manager\",\"@id\":\"https:\\\/\\\/www.meydan.tv\\\/az\\\/#\\\/schema\\\/person\\\/10d11eccf6da3662cf5fdab9806ea91a\"},\"headline\":\"G\u00f6y\u00e7ay sakini: X\u0259st\u0259xanan\u0131n ba\u015f h\u0259kimi astma x\u0259st\u0259l\u0259rinin d\u0259rman\u0131n\u0131 aptekd\u0259 satd\u0131r\u0131b m\u0259nims\u0259yir\",\"datePublished\":\"2020-04-08T18:41:53+00:00\",\"mainEntityOfPage\":{\"@id\":\"https:\\\/\\\/www.meydan.tv\\\/az\\\/article\\\/goycay-sakini-xestexananin-bas-hekimi-astma-xestelerinin-dermanini-aptekde-satdirib-menimseyir\\\/\"},\"wordCount\":941,\"publisher\":{\"@id\":\"https:\\\/\\\/www.meydan.tv\\\/az\\\/#organization\"},\"image\":{\"@id\":\"https:\\\/\\\/www.meydan.tv\\\/az\\\/article\\\/goycay-sakini-xestexananin-bas-hekimi-astma-xestelerinin-dermanini-aptekde-satdirib-menimseyir\\\/#primaryimage\"},\"thumbnailUrl\":\"https:\\\/\\\/www.meydan.tv\\\/wp-content\\\/uploads\\\/untitled9__1__awzueck.png\",\"articleSection\":[\"B\u00f6lg\u0259\"],\"inLanguage\":\"az\"},{\"@type\":\"WebPage\",\"@id\":\"https:\\\/\\\/www.meydan.tv\\\/az\\\/article\\\/goycay-sakini-xestexananin-bas-hekimi-astma-xestelerinin-dermanini-aptekde-satdirib-menimseyir\\\/\",\"url\":\"https:\\\/\\\/www.meydan.tv\\\/az\\\/article\\\/goycay-sakini-xestexananin-bas-hekimi-astma-xestelerinin-dermanini-aptekde-satdirib-menimseyir\\\/\",\"name\":\"G\u00f6y\u00e7ay sakini: X\u0259st\u0259xanan\u0131n ba\u015f h\u0259kimi astma x\u0259st\u0259l\u0259rinin d\u0259rman\u0131n\u0131 aptekd\u0259 satd\u0131r\u0131b m\u0259nims\u0259yir - MEYDAN.TV\",\"isPartOf\":{\"@id\":\"https:\\\/\\\/www.meydan.tv\\\/az\\\/#website\"},\"primaryImageOfPage\":{\"@id\":\"https:\\\/\\\/www.meydan.tv\\\/az\\\/article\\\/goycay-sakini-xestexananin-bas-hekimi-astma-xestelerinin-dermanini-aptekde-satdirib-menimseyir\\\/#primaryimage\"},\"image\":{\"@id\":\"https:\\\/\\\/www.meydan.tv\\\/az\\\/article\\\/goycay-sakini-xestexananin-bas-hekimi-astma-xestelerinin-dermanini-aptekde-satdirib-menimseyir\\\/#primaryimage\"},\"thumbnailUrl\":\"https:\\\/\\\/www.meydan.tv\\\/wp-content\\\/uploads\\\/untitled9__1__awzueck.png\",\"datePublished\":\"2020-04-08T18:41:53+00:00\",\"breadcrumb\":{\"@id\":\"https:\\\/\\\/www.meydan.tv\\\/az\\\/article\\\/goycay-sakini-xestexananin-bas-hekimi-astma-xestelerinin-dermanini-aptekde-satdirib-menimseyir\\\/#breadcrumb\"},\"inLanguage\":\"az\",\"potentialAction\":[{\"@type\":\"ReadAction\",\"target\":[\"https:\\\/\\\/www.meydan.tv\\\/az\\\/article\\\/goycay-sakini-xestexananin-bas-hekimi-astma-xestelerinin-dermanini-aptekde-satdirib-menimseyir\\\/\"]}]},{\"@type\":\"ImageObject\",\"inLanguage\":\"az\",\"@id\":\"https:\\\/\\\/www.meydan.tv\\\/az\\\/article\\\/goycay-sakini-xestexananin-bas-hekimi-astma-xestelerinin-dermanini-aptekde-satdirib-menimseyir\\\/#primaryimage\",\"url\":\"https:\\\/\\\/www.meydan.tv\\\/wp-content\\\/uploads\\\/untitled9__1__awzueck.png\",\"contentUrl\":\"https:\\\/\\\/www.meydan.tv\\\/wp-content\\\/uploads\\\/untitled9__1__awzueck.png\",\"width\":1000,\"height\":555,\"caption\":\"Source: Specify Source\"},{\"@type\":\"BreadcrumbList\",\"@id\":\"https:\\\/\\\/www.meydan.tv\\\/az\\\/article\\\/goycay-sakini-xestexananin-bas-hekimi-astma-xestelerinin-dermanini-aptekde-satdirib-menimseyir\\\/#breadcrumb\",\"itemListElement\":[{\"@type\":\"ListItem\",\"position\":1,\"name\":\"Ana s\u0259hif\u0259\",\"item\":\"https:\\\/\\\/www.meydan.tv\\\/az\\\/\"},{\"@type\":\"ListItem\",\"position\":2,\"name\":\"B\u00f6lg\u0259\",\"item\":\"https:\\\/\\\/www.meydan.tv\\\/az\\\/section\\\/bolge\\\/\"},{\"@type\":\"ListItem\",\"position\":3,\"name\":\"G\u00f6y\u00e7ay sakini: X\u0259st\u0259xanan\u0131n ba\u015f h\u0259kimi astma x\u0259st\u0259l\u0259rinin d\u0259rman\u0131n\u0131 aptekd\u0259 satd\u0131r\u0131b m\u0259nims\u0259yir\"}]},{\"@type\":\"WebSite\",\"@id\":\"https:\\\/\\\/www.meydan.tv\\\/az\\\/#website\",\"url\":\"https:\\\/\\\/www.meydan.tv\\\/az\\\/\",\"name\":\"MEYDAN.TV\",\"description\":\"Meydan TV Az\u0259rbaycan\u0131n media m\u0259kan\u0131ndak\u0131 alternativ s\u0259sidir\",\"publisher\":{\"@id\":\"https:\\\/\\\/www.meydan.tv\\\/az\\\/#organization\"},\"potentialAction\":[{\"@type\":\"SearchAction\",\"target\":{\"@type\":\"EntryPoint\",\"urlTemplate\":\"https:\\\/\\\/www.meydan.tv\\\/az\\\/?s={search_term_string}\"},\"query-input\":{\"@type\":\"PropertyValueSpecification\",\"valueRequired\":true,\"valueName\":\"search_term_string\"}}],\"inLanguage\":\"az\"},{\"@type\":\"Organization\",\"@id\":\"https:\\\/\\\/www.meydan.tv\\\/az\\\/#organization\",\"name\":\"Meydan TV\",\"url\":\"https:\\\/\\\/www.meydan.tv\\\/az\\\/\",\"logo\":{\"@type\":\"ImageObject\",\"inLanguage\":\"az\",\"@id\":\"https:\\\/\\\/www.meydan.tv\\\/az\\\/#\\\/schema\\\/logo\\\/image\\\/\",\"url\":\"https:\\\/\\\/www.meydan.tv\\\/wp-content\\\/uploads\\\/2021\\\/07\\\/meydan-logo.svg\",\"contentUrl\":\"https:\\\/\\\/www.meydan.tv\\\/wp-content\\\/uploads\\\/2021\\\/07\\\/meydan-logo.svg\",\"width\":195,\"height\":46,\"caption\":\"Meydan TV\"},\"image\":{\"@id\":\"https:\\\/\\\/www.meydan.tv\\\/az\\\/#\\\/schema\\\/logo\\\/image\\\/\"}},{\"@type\":\"Person\",\"@id\":\"https:\\\/\\\/www.meydan.tv\\\/az\\\/#\\\/schema\\\/person\\\/10d11eccf6da3662cf5fdab9806ea91a\",\"name\":\"user-manager\"}]}<\/script>\n<!-- \/ Yoast SEO plugin. -->","yoast_head_json":{"title":"G\u00f6y\u00e7ay sakini: X\u0259st\u0259xanan\u0131n ba\u015f h\u0259kimi astma x\u0259st\u0259l\u0259rinin d\u0259rman\u0131n\u0131 aptekd\u0259 satd\u0131r\u0131b m\u0259nims\u0259yir - MEYDAN.TV","robots":{"index":"index","follow":"follow","max-snippet":"max-snippet:-1","max-image-preview":"max-image-preview:large","max-video-preview":"max-video-preview:-1"},"canonical":"https:\/\/www.meydan.tv\/az\/article\/goycay-sakini-xestexananin-bas-hekimi-astma-xestelerinin-dermanini-aptekde-satdirib-menimseyir\/","og_locale":"az_AZ","og_type":"article","og_title":"G\u00f6y\u00e7ay sakini: X\u0259st\u0259xanan\u0131n ba\u015f h\u0259kimi astma x\u0259st\u0259l\u0259rinin d\u0259rman\u0131n\u0131 aptekd\u0259 satd\u0131r\u0131b m\u0259nims\u0259yir - MEYDAN.TV","og_description":"\u015eikay\u0259t\u00e7i \u0259llilliy\u0259 g\u00f6r\u0259 d\u00f6vl\u0259td\u0259n 130 manat t\u0259qa\u00fcd al\u0131r.","og_url":"https:\/\/www.meydan.tv\/az\/article\/goycay-sakini-xestexananin-bas-hekimi-astma-xestelerinin-dermanini-aptekde-satdirib-menimseyir\/","og_site_name":"MEYDAN.TV","article_published_time":"2020-04-08T18:41:53+00:00","og_image":[{"width":1000,"height":555,"url":"https:\/\/www.meydan.tv\/wp-content\/uploads\/untitled9__1__awzueck.png","type":"image\/png"}],"author":"user-manager","twitter_card":"summary_large_image","schema":{"@context":"https:\/\/schema.org","@graph":[{"@type":"Article","@id":"https:\/\/www.meydan.tv\/az\/article\/goycay-sakini-xestexananin-bas-hekimi-astma-xestelerinin-dermanini-aptekde-satdirib-menimseyir\/#article","isPartOf":{"@id":"https:\/\/www.meydan.tv\/az\/article\/goycay-sakini-xestexananin-bas-hekimi-astma-xestelerinin-dermanini-aptekde-satdirib-menimseyir\/"},"author":{"name":"user-manager","@id":"https:\/\/www.meydan.tv\/az\/#\/schema\/person\/10d11eccf6da3662cf5fdab9806ea91a"},"headline":"G\u00f6y\u00e7ay sakini: X\u0259st\u0259xanan\u0131n ba\u015f h\u0259kimi astma x\u0259st\u0259l\u0259rinin d\u0259rman\u0131n\u0131 aptekd\u0259 satd\u0131r\u0131b m\u0259nims\u0259yir","datePublished":"2020-04-08T18:41:53+00:00","mainEntityOfPage":{"@id":"https:\/\/www.meydan.tv\/az\/article\/goycay-sakini-xestexananin-bas-hekimi-astma-xestelerinin-dermanini-aptekde-satdirib-menimseyir\/"},"wordCount":941,"publisher":{"@id":"https:\/\/www.meydan.tv\/az\/#organization"},"image":{"@id":"https:\/\/www.meydan.tv\/az\/article\/goycay-sakini-xestexananin-bas-hekimi-astma-xestelerinin-dermanini-aptekde-satdirib-menimseyir\/#primaryimage"},"thumbnailUrl":"https:\/\/www.meydan.tv\/wp-content\/uploads\/untitled9__1__awzueck.png","articleSection":["B\u00f6lg\u0259"],"inLanguage":"az"},{"@type":"WebPage","@id":"https:\/\/www.meydan.tv\/az\/article\/goycay-sakini-xestexananin-bas-hekimi-astma-xestelerinin-dermanini-aptekde-satdirib-menimseyir\/","url":"https:\/\/www.meydan.tv\/az\/article\/goycay-sakini-xestexananin-bas-hekimi-astma-xestelerinin-dermanini-aptekde-satdirib-menimseyir\/","name":"G\u00f6y\u00e7ay sakini: X\u0259st\u0259xanan\u0131n ba\u015f h\u0259kimi astma x\u0259st\u0259l\u0259rinin d\u0259rman\u0131n\u0131 aptekd\u0259 satd\u0131r\u0131b m\u0259nims\u0259yir - MEYDAN.TV","isPartOf":{"@id":"https:\/\/www.meydan.tv\/az\/#website"},"primaryImageOfPage":{"@id":"https:\/\/www.meydan.tv\/az\/article\/goycay-sakini-xestexananin-bas-hekimi-astma-xestelerinin-dermanini-aptekde-satdirib-menimseyir\/#primaryimage"},"image":{"@id":"https:\/\/www.meydan.tv\/az\/article\/goycay-sakini-xestexananin-bas-hekimi-astma-xestelerinin-dermanini-aptekde-satdirib-menimseyir\/#primaryimage"},"thumbnailUrl":"https:\/\/www.meydan.tv\/wp-content\/uploads\/untitled9__1__awzueck.png","datePublished":"2020-04-08T18:41:53+00:00","breadcrumb":{"@id":"https:\/\/www.meydan.tv\/az\/article\/goycay-sakini-xestexananin-bas-hekimi-astma-xestelerinin-dermanini-aptekde-satdirib-menimseyir\/#breadcrumb"},"inLanguage":"az","potentialAction":[{"@type":"ReadAction","target":["https:\/\/www.meydan.tv\/az\/article\/goycay-sakini-xestexananin-bas-hekimi-astma-xestelerinin-dermanini-aptekde-satdirib-menimseyir\/"]}]},{"@type":"ImageObject","inLanguage":"az","@id":"https:\/\/www.meydan.tv\/az\/article\/goycay-sakini-xestexananin-bas-hekimi-astma-xestelerinin-dermanini-aptekde-satdirib-menimseyir\/#primaryimage","url":"https:\/\/www.meydan.tv\/wp-content\/uploads\/untitled9__1__awzueck.png","contentUrl":"https:\/\/www.meydan.tv\/wp-content\/uploads\/untitled9__1__awzueck.png","width":1000,"height":555,"caption":"Source: Specify Source"},{"@type":"BreadcrumbList","@id":"https:\/\/www.meydan.tv\/az\/article\/goycay-sakini-xestexananin-bas-hekimi-astma-xestelerinin-dermanini-aptekde-satdirib-menimseyir\/#breadcrumb","itemListElement":[{"@type":"ListItem","position":1,"name":"Ana s\u0259hif\u0259","item":"https:\/\/www.meydan.tv\/az\/"},{"@type":"ListItem","position":2,"name":"B\u00f6lg\u0259","item":"https:\/\/www.meydan.tv\/az\/section\/bolge\/"},{"@type":"ListItem","position":3,"name":"G\u00f6y\u00e7ay sakini: X\u0259st\u0259xanan\u0131n ba\u015f h\u0259kimi astma x\u0259st\u0259l\u0259rinin d\u0259rman\u0131n\u0131 aptekd\u0259 satd\u0131r\u0131b m\u0259nims\u0259yir"}]},{"@type":"WebSite","@id":"https:\/\/www.meydan.tv\/az\/#website","url":"https:\/\/www.meydan.tv\/az\/","name":"MEYDAN.TV","description":"Meydan TV Az\u0259rbaycan\u0131n media m\u0259kan\u0131ndak\u0131 alternativ s\u0259sidir","publisher":{"@id":"https:\/\/www.meydan.tv\/az\/#organization"},"potentialAction":[{"@type":"SearchAction","target":{"@type":"EntryPoint","urlTemplate":"https:\/\/www.meydan.tv\/az\/?s={search_term_string}"},"query-input":{"@type":"PropertyValueSpecification","valueRequired":true,"valueName":"search_term_string"}}],"inLanguage":"az"},{"@type":"Organization","@id":"https:\/\/www.meydan.tv\/az\/#organization","name":"Meydan TV","url":"https:\/\/www.meydan.tv\/az\/","logo":{"@type":"ImageObject","inLanguage":"az","@id":"https:\/\/www.meydan.tv\/az\/#\/schema\/logo\/image\/","url":"https:\/\/www.meydan.tv\/wp-content\/uploads\/2021\/07\/meydan-logo.svg","contentUrl":"https:\/\/www.meydan.tv\/wp-content\/uploads\/2021\/07\/meydan-logo.svg","width":195,"height":46,"caption":"Meydan TV"},"image":{"@id":"https:\/\/www.meydan.tv\/az\/#\/schema\/logo\/image\/"}},{"@type":"Person","@id":"https:\/\/www.meydan.tv\/az\/#\/schema\/person\/10d11eccf6da3662cf5fdab9806ea91a","name":"user-manager"}]}},"_links":{"self":[{"href":"https:\/\/www.meydan.tv\/az\/wp-json\/wp\/v2\/posts\/200072","targetHints":{"allow":["GET"]}}],"collection":[{"href":"https:\/\/www.meydan.tv\/az\/wp-json\/wp\/v2\/posts"}],"about":[{"href":"https:\/\/www.meydan.tv\/az\/wp-json\/wp\/v2\/types\/post"}],"author":[{"embeddable":true,"href":"https:\/\/www.meydan.tv\/az\/wp-json\/wp\/v2\/users\/11"}],"replies":[{"embeddable":true,"href":"https:\/\/www.meydan.tv\/az\/wp-json\/wp\/v2\/comments?post=200072"}],"version-history":[{"count":0,"href":"https:\/\/www.meydan.tv\/az\/wp-json\/wp\/v2\/posts\/200072\/revisions"}],"wp:featuredmedia":[{"embeddable":true,"href":"https:\/\/www.meydan.tv\/az\/wp-json\/wp\/v2\/media\/140320"}],"wp:attachment":[{"href":"https:\/\/www.meydan.tv\/az\/wp-json\/wp\/v2\/media?parent=200072"}],"wp:term":[{"taxonomy":"category","embeddable":true,"href":"https:\/\/www.meydan.tv\/az\/wp-json\/wp\/v2\/categories?post=200072"},{"taxonomy":"post_tag","embeddable":true,"href":"https:\/\/www.meydan.tv\/az\/wp-json\/wp\/v2\/tags?post=200072"}],"curies":[{"name":"wp","href":"https:\/\/api.w.org\/{rel}","templated":true}]}}