{"id":200029,"date":"2020-04-06T16:49:14","date_gmt":"2020-04-06T16:49:14","guid":{"rendered":"https:\/\/www.meydan.tv\/article\/zirzemide-yasayan-aile-bu-dunyada-caresizlikden-pis-hiss-yoxdur\/"},"modified":"2020-04-06T16:49:14","modified_gmt":"2020-04-06T16:49:14","slug":"zirzemide-yasayan-aile-bu-dunyada-caresizlikden-pis-hiss-yoxdur","status":"publish","type":"post","link":"https:\/\/www.meydan.tv\/az\/article\/zirzemide-yasayan-aile-bu-dunyada-caresizlikden-pis-hiss-yoxdur\/","title":{"rendered":"Zirz\u0259mid\u0259 ya\u015fayan ail\u0259: Bu d\u00fcnyada \u00e7ar\u0259sizlikd\u0259n pis hiss yoxdur"},"content":{"rendered":"<p>\n  <i><br \/>\n    \u201c\u018fn b\u00f6y\u00fck arzum i\u015f\u0131ql\u0131 v\u0259 quru m\u0259nzilimizin olmas\u0131d\u0131r\u201d<br \/>\n  <\/i>\n<\/p>\n<p>\n  Sad\u0131qovlar ail\u0259si 4 ild\u0259n art\u0131qd\u0131r ki, G\u0259nc\u0259nin Teymur Hac\u0131yev k\u00fc\u00e7\u0259sind\u0259 yerl\u0259\u015f\u0259n zirz\u0259mid\u0259 ya\u015fay\u0131r. 5 n\u0259f\u0259rd\u0259n ibar\u0259t ail\u0259d\u0259 3 azya\u015fl\u0131, m\u0259kt\u0259bli var.\n<\/p>\n<p>\n  Ail\u0259 ba\u015f\u00e7\u0131s\u0131 Sam\u0259ddin Sad\u0131qov \u0259vv\u0259l usta kimi i\u015fl\u0259yirmi\u015f. Bu zaman ail\u0259 kiray\u0259d\u0259 qal\u0131rm\u0131\u015f. Sonradan 2 d\u0259f\u0259 a\u011f\u0131r m\u0259d\u0259 \u0259m\u0259liyyat\u0131 ke\u00e7irib, i\u015f qabiliyy\u0259tini itirib. Bundan sonra ail\u0259 ayl\u0131q \u00f6d\u0259diyi kiray\u0259 haqq\u0131n\u0131 \u00e7atd\u0131rmay\u0131b. N\u0259tic\u0259d\u0259, t\u0259k ya\u015fayan, ya\u015fl\u0131 bir qad\u0131n evini t\u0259mizl\u0259m\u0259k, yem\u0259yini bi\u015firm\u0259k, i\u015fl\u0259rini g\u00f6rm\u0259k m\u00fcqabilind\u0259 ail\u0259y\u0259 evinin zirm\u0259sini t\u0259klif edib.\n<\/p>\n<p>\n  \u201cG\u00f6r\u00fcrs\u00fcn\u00fcz, dar\u0131sqal, n\u0259mi\u015flik v\u0259 qaranl\u0131q yerdir. U\u015faqlar\u0131n \u00fc\u00e7\u00fcn d\u0259 burada revmatizma x\u0259st\u0259liyi tap\u0131blar. G\u00fcn\u00fcn g\u00fcnorta \u00e7a\u011f\u0131 da evd\u0259 i\u015f\u0131q yand\u0131r\u0131r\u0131q. Ba\u015fqa c\u00fcr m\u00fcmk\u00fcn deyil. Elektrik x\u0259tl\u0259ri o q\u0259d\u0259r k\u00f6hn\u0259dir ki, tez-tez xarab olur. B\u0259z\u0259n g\u00fcnl\u0259rl\u0259 i\u015f\u0131qs\u0131z qal\u0131r\u0131q. Bu u\u015faqlar d\u0259rsl\u0259rini \u015fam i\u015f\u0131\u011f\u0131nda oxumal\u0131 olurlar\u201d.\n<\/p>\n<p>\n  48 ya\u015fl\u0131 ana Elmira Sad\u0131qova bel\u0259 deyir. Ana bilmir hans\u0131 problemind\u0259n dan\u0131\u015fs\u0131n. Deyir, indiy\u0259 q\u0259d\u0259r d\u0259f\u0259l\u0259rl\u0259 aidiyyat\u0131 qurumlardan k\u00f6m\u0259k ist\u0259yibl\u0259r. Dadlar\u0131na \u00e7atan olmay\u0131b. \u0130lk d\u0259f\u0259dir ki, kims\u0259 qap\u0131lar\u0131n\u0131 a\u00e7\u0131r, o da \u015fikay\u0259tl\u0259rini dinl\u0259m\u0259y\u0259:\n<\/p>\n<p>\n  \u201cBilir\u0259m, median\u0131n \u0259lind\u0259n n\u0259 g\u0259l\u0259 bil\u0259r? Ancaq \u00e7\u0259kib g\u00f6st\u0259r\u0259c\u0259k. B\u0259lk\u0259 aidiyyat\u0131 qurumlar bundan sonra bax\u0131b utana, biz\u0259 bir k\u00f6m\u0259k ed\u0259l\u0259r. \u00c7ox \u015fey ist\u0259mirik. D\u0259f\u0259l\u0259rl\u0259 Sosial M\u00fcdafi\u0259 Fonduna m\u00fcraci\u0259t etmi\u015fik. Sosial yard\u0131m \u00fc\u00e7\u00fcn yalvarm\u0131\u015f\u0131q. Vermirl\u0259r. \u0130\u015f \u00fc\u00e7\u00fcn m\u00fcraci\u0259t etmi\u015fik. Uy\u011fun i\u015f tap\u0131lm\u0131r ki, tap\u0131lm\u0131r. \u0130cra Hakimiyy\u0259tin\u0259 d\u0259 d\u00fcz 4 d\u0259f\u0259 getmi\u015fik. Onun \u00fc\u00e7\u00fc Elmar V\u0259liyevin d\u00f6vr\u00fcnd\u0259, biri d\u0259 yeni ba\u015f\u00e7\u0131 g\u0259l\u0259nd\u0259n sonra. H\u0259r d\u0259f\u0259 k\u00f6m\u0259k olacaq, deyib, yola sal\u0131blar. Bu g\u00fcn\u0259d\u0259k he\u00e7 bir k\u00f6m\u0259kl\u0259rini g\u00f6rm\u0259mi\u015fik\u201d.\n<\/p>\n<p>\n  Sam\u0259ddin Sad\u0131qov deyir ki, yax\u015f\u0131 i\u015fl\u0259y\u0259 bildiyi zamanlarda kims\u0259y\u0259 ehtiyaclar\u0131 olmay\u0131b. H\u0259tta ev almaq haqq\u0131nda da d\u00fc\u015f\u00fcn\u00fcbl\u0259r. El\u0259 ki, s\u0259hh\u0259tind\u0259 problem yaran\u0131b, h\u0259yatlar\u0131nda h\u0259r \u015fey alt-\u00fcst olub:\n<\/p>\n<p>\n  \u201cXaricd\u0259 k\u00fc\u00e7\u0259d\u0259 yatanlara da d\u00f6vl\u0259t k\u00f6m\u0259k edir. M\u0259n \u00e7ox \u015fey ist\u0259mir\u0259m. Biz\u0259 sosial yard\u0131m ay\u0131rs\u0131nlar. He\u00e7 olmasa, ev\u0259 bir q\u0259pik pul girsin. Biz d\u0259 h\u0259min puldan k\u0259nara at\u0131b \u00f6z\u00fcm\u00fcz\u0259 bir sot torpaq alaq. Ya da biz\u0259 1-c\u0259 sot torpaq versinl\u0259r, can\u0131m c\u0259h\u0259nn\u0259m, birt\u0259h\u0259r i\u015fl\u0259yib i\u00e7ind\u0259 \u00f6z\u00fcm\u00fcz\u0259 ev tik\u0259rik. Vallah, yem\u0259rik, i\u00e7m\u0259rik, n\u0259s\u0259 ed\u0259rik\u201d.\n<\/p>\n<p>\n  Elmira Sad\u0131qova \u015f\u0259raitsizlikd\u0259n, \u00e7\u0259tinlikd\u0259n bezib. Deyir, t\u0259k \u00fcmidi u\u015faqlar\u0131d\u0131r, onlar\u0131n g\u0259l\u0259c\u0259yidir:\n<\/p>\n<p>\n  \u201c\u0130nan\u0131n, \u00fc\u00e7\u00fc d\u0259 \u0259la\u00e7\u0131d\u0131r. H\u0259tta indiki qald\u0131\u011f\u0131m\u0131z yer m\u0259kt\u0259bl\u0259rin\u0259 uzaqd\u0131r. \u00c7\u0131xar\u0131b, yax\u0131nl\u0131qdak\u0131 m\u0259kt\u0259b\u0259 qoymaq ist\u0259dik. M\u00fc\u0259llim\u0259l\u0259ri qoymad\u0131, o c\u00fcr yax\u015f\u0131 \u015fagirdl\u0259ri itirm\u0259k ist\u0259m\u0259dil\u0259r. \u0130ndi uzaqdak\u0131, ke\u00e7mi\u015f m\u0259kt\u0259bl\u0259rin\u0259 gedib-g\u0259lirl\u0259r. O da ki mar\u015furt yoludur. \u00c7ox vaxt pullar\u0131 da olmur. M\u0259cbur olub, 1 saat yar\u0131m \u0259vv\u0259ld\u0259n \u00e7\u0131x\u0131b, piyada getm\u0259li olurlar. He\u00e7 olmasa avtobus bel\u0259 \u015fagirdl\u0259r \u00fc\u00e7\u00fcn pulsuz deyil. Bu \u00f6lk\u0259d\u0259 ya\u015famaq z\u00fclmd\u00fcr\u201d.\n<\/p>\n<p>\n  Elmira Sad\u0131qovan\u0131n \u0259n b\u00f6y\u00fck arzusu i\u015f\u0131ql\u0131 m\u0259nzilinin olmas\u0131d\u0131r. Deyir, lap 2 otaq olsun, ki\u00e7ik olsun, amma i\u015f\u0131ql\u0131 v\u0259 quru olsun:\n<\/p>\n<p>\n  \u201cN\u0259mi\u015flikd\u0259n bezmi\u015fik. Bax\u0131n, yerimiz, \u00e7arpay\u0131m\u0131z yoxdur. U\u015faqlara yerd\u0259n yataq sal\u0131ram. Gec\u0259l\u0259ri d\u0259h\u015f\u0259tli soyuq olur. Deyirl\u0259r: \u201cAna, bizim yerimiz sudur\u201d. Bax\u0131ram, o q\u0259d\u0259r soyuq v\u0259 n\u0259mi\u015flikdir ki, yaz\u0131q u\u015faqlar gec\u0259l\u0259ri q\u0131z\u0131na bilmirl\u0259r. Ayaqlar\u0131, s\u00fcm\u00fckl\u0259ri b\u00fct\u00fcn g\u00fcn\u00fc s\u0131z\u0131lday\u0131r. T\u0259kc\u0259, u\u015faqlarda yox, el\u0259 ham\u0131m\u0131zda\u201d.\n<\/p>\n<p>\n  Sam\u0259ddin Sad\u0131qov metal toplay\u0131b, sat\u0131r. Ail\u0259sinin g\u00fcnd\u0259lik x\u0259rcl\u0259rini bununla \u00e7\u0131xar\u0131r. Deyir, h\u0259min g\u0259lirl\u0259 n\u0259inki ev al, he\u00e7 kiray\u0259 d\u0259 \u00e7\u0131xa bilm\u0259zl\u0259r:\n<\/p>\n<p>\n  \u201c\u00c7\u00f6r\u0259y\u0259 v\u0259 kommunal x\u0259rcl\u0259r\u0259 g\u00fccl\u0259 yetir. \u0130ndi d\u0259 zirz\u0259misind\u0259 qald\u0131\u011f\u0131m\u0131z qad\u0131n deyir ki, yax\u0131nda u\u015faqlar\u0131 Rusiyadan qay\u0131dacaq. Onun da n\u0259v\u0259l\u0259ri var. Zirz\u0259mi olsa da, h\u0259y\u0259ti ki\u00e7ikdir, bir yer\u0259 a\u00e7\u0131l\u0131r. Onlar g\u0259l\u0259n\u0259 q\u0259d\u0259r bizd\u0259n bir yer tap\u0131b, \u00e7\u0131xma\u011f\u0131m\u0131z\u0131 xahi\u015f edib. Sa\u011f olsun, 4 ildir saxlay\u0131r, ona bir \u015fey dey\u0259 bilm\u0259r\u0259m. He\u00e7 kimin he\u00e7 kim\u0259 borcu yoxdur. V\u0259t\u0259nda\u015fa k\u00f6m\u0259yi d\u0259, d\u0259st\u0259yi d\u0259 d\u00f6vl\u0259t verm\u0259lidir, ayr\u0131-ayr\u0131 adamlardan n\u0259 g\u00f6zl\u0259m\u0259k olar ki? \u0130ndid\u0259n m\u0259ni d\u0259rd al\u0131b. 3 u\u015faqla hara ged\u0259k, bilmirik. He\u00e7 yerd\u0259n g\u00fcman\u0131m\u0131z yoxdur\u201d.\n<\/p>\n<p>\n  Elmira Sad\u0131qovan\u0131n g\u00f6z\u00fcn\u0259 gec\u0259l\u0259r yuxu getmir. Deyir, b\u00fct\u00fcn gec\u0259ni u\u015faqlar\u0131na n\u0259zar\u0259t edir. Son vaxtlar i\u00e7\u0259ri tez-tez si\u00e7ovul, k\u0259rt\u0259nk\u0259l\u0259 girir:\n<\/p>\n<p>\n  \u201cQorxuram, ancaq ba\u015fqa \u00e7ar\u0259miz yoxdur. M\u0259n ya\u015fam\u0131\u015fam, bilir\u0259m bu d\u00fcnyada \u00e7ar\u0259sizlikd\u0259n pis hiss yoxdur\u201d.\n<\/p>\n<p>\n  G\u0259nc\u0259 \u015e\u0259h\u0259r \u0130cra Hakimiyy\u0259tind\u0259n Meydan TV-y\u0259 ail\u0259nin v\u0259ziyy\u0259tini ara\u015fd\u0131racaqlar\u0131n\u0131 bildiribl\u0259r. Eyni zamanda, onlar\u0131n i\u015f \u00fc\u00e7\u00fcn M\u0259\u015f\u011fulluq M\u0259rk\u0259zin\u0259, sosial yard\u0131m \u00fc\u00e7\u00fcn is\u0259 Sosial M\u00fcdafi\u0259 Fonduna m\u00fcraci\u0259t etm\u0259l\u0259rini t\u00f6vsiy\u0259 edibl\u0259r.\n<\/p>\n<p>\n  Bir ne\u00e7\u0259 g\u00fcn \u0259rzind\u0259 G\u0259nc\u0259 \u015e\u0259h\u0259r D\u00f6vl\u0259t Sosial M\u00fcdafi\u0259 Fondu il\u0259 \u0259laq\u0259 saxlamaq m\u00fcmk\u00fcn olmay\u0131b. G\u00f6r\u00fcn\u00fcr, karantin rejimi t\u0259tbiq edildiyind\u0259n, i\u015fl\u0259ri dayan\u0131b. Ancaq fonddan \u0259n son ail\u0259y\u0259 veril\u0259n yaz\u0131l\u0131 cavabda onlara yard\u0131m\u0131n d\u00fc\u015fm\u0259diyi qeyd edilib. Yard\u0131m \u00fc\u00e7\u00fcn s\u0259n\u0259dl\u0259rinin qaydas\u0131nda olmad\u0131\u011f\u0131 \u0259sas g\u0259tirilib.\n<\/p>\n<p>\n  G\u0259nc\u0259 \u015e\u0259h\u0259r M\u0259\u015f\u011fulluq M\u0259rk\u0259zind\u0259n is\u0259 m\u00fcraci\u0259t edib, qeydiyyata d\u00fc\u015fm\u0259l\u0259ri s\u00f6yl\u0259nib: \u201cQeydiyyata d\u00fc\u015fs\u00fcnl\u0259r, uy\u011fun i\u015f oldu\u011fu zaman onlara x\u0259b\u0259r veril\u0259r\u201d.\n<\/p>\n<figure class=\"wp-block-image size-large\">\n  <img decoding=\"async\" src=\"https:\/\/www.meydan.tv\/az\/sameddin-sadiqov\/\" alt=\"Sam\u0259ddin Sad\u0131qov\" class=\"wp-image-140227\"\/><figcaption>\n    Sam\u0259ddin Sad\u0131qov<br \/>\n  <\/figcaption><\/figure>\n<figure class=\"wp-block-image size-large\">\n  <img decoding=\"async\" src=\"https:\/\/www.meydan.tv\/az\/elmira-sadiqova\/\" alt=\"Elmira Sad\u0131qova\" class=\"wp-image-140236\"\/><figcaption>\n    Elmira Sad\u0131qova<br \/>\n  <\/figcaption><\/figure>\n","protected":false},"excerpt":{"rendered":"<p>\u201c\u018fn b\u00f6y\u00fck arzum i\u015f\u0131ql\u0131 v\u0259 quru m\u0259nzilimizin olmas\u0131d\u0131r\u201d<\/p>\n","protected":false},"author":11,"featured_media":140224,"comment_status":"closed","ping_status":"open","sticky":false,"template":"","format":"standard","meta":{"_acf_changed":false,"_sitemap_exclude":false,"_sitemap_priority":"","_sitemap_frequency":"","footnotes":""},"categories":[60],"tags":[],"class_list":["post-200029","post","type-post","status-publish","format-standard","has-post-thumbnail","hentry","category-bolge","infinite-scroll-item","generate-columns","tablet-grid-50","mobile-grid-100","grid-parent","grid-33","no-featured-image-padding"],"acf":[],"yoast_head":"<!-- This site is optimized with the Yoast SEO plugin v27.5 - https:\/\/yoast.com\/product\/yoast-seo-wordpress\/ -->\n<title>Zirz\u0259mid\u0259 ya\u015fayan ail\u0259: Bu d\u00fcnyada \u00e7ar\u0259sizlikd\u0259n pis hiss yoxdur - MEYDAN.TV<\/title>\n<meta name=\"robots\" content=\"index, follow, max-snippet:-1, max-image-preview:large, max-video-preview:-1\" \/>\n<link rel=\"canonical\" href=\"https:\/\/www.meydan.tv\/az\/article\/zirzemide-yasayan-aile-bu-dunyada-caresizlikden-pis-hiss-yoxdur\/\" \/>\n<meta property=\"og:locale\" content=\"az_AZ\" \/>\n<meta property=\"og:type\" content=\"article\" \/>\n<meta property=\"og:title\" content=\"Zirz\u0259mid\u0259 ya\u015fayan ail\u0259: Bu d\u00fcnyada \u00e7ar\u0259sizlikd\u0259n pis hiss yoxdur - MEYDAN.TV\" \/>\n<meta property=\"og:description\" content=\"\u201c\u018fn b\u00f6y\u00fck arzum i\u015f\u0131ql\u0131 v\u0259 quru m\u0259nzilimizin olmas\u0131d\u0131r\u201d\" \/>\n<meta property=\"og:url\" content=\"https:\/\/www.meydan.tv\/az\/article\/zirzemide-yasayan-aile-bu-dunyada-caresizlikden-pis-hiss-yoxdur\/\" \/>\n<meta property=\"og:site_name\" content=\"MEYDAN.TV\" \/>\n<meta property=\"article:published_time\" content=\"2020-04-06T16:49:14+00:00\" \/>\n<meta property=\"og:image\" content=\"https:\/\/www.meydan.tv\/wp-content\/uploads\/image_from_ios_8_8-scaled.jpg\" \/>\n\t<meta property=\"og:image:width\" content=\"2560\" \/>\n\t<meta property=\"og:image:height\" content=\"1920\" \/>\n\t<meta property=\"og:image:type\" content=\"image\/jpeg\" \/>\n<meta name=\"author\" content=\"user-manager\" \/>\n<meta name=\"twitter:card\" content=\"summary_large_image\" \/>\n<script type=\"application\/ld+json\" class=\"yoast-schema-graph\">{\"@context\":\"https:\\\/\\\/schema.org\",\"@graph\":[{\"@type\":\"Article\",\"@id\":\"https:\\\/\\\/www.meydan.tv\\\/az\\\/article\\\/zirzemide-yasayan-aile-bu-dunyada-caresizlikden-pis-hiss-yoxdur\\\/#article\",\"isPartOf\":{\"@id\":\"https:\\\/\\\/www.meydan.tv\\\/az\\\/article\\\/zirzemide-yasayan-aile-bu-dunyada-caresizlikden-pis-hiss-yoxdur\\\/\"},\"author\":{\"name\":\"user-manager\",\"@id\":\"https:\\\/\\\/www.meydan.tv\\\/az\\\/#\\\/schema\\\/person\\\/10d11eccf6da3662cf5fdab9806ea91a\"},\"headline\":\"Zirz\u0259mid\u0259 ya\u015fayan ail\u0259: Bu d\u00fcnyada \u00e7ar\u0259sizlikd\u0259n pis hiss yoxdur\",\"datePublished\":\"2020-04-06T16:49:14+00:00\",\"mainEntityOfPage\":{\"@id\":\"https:\\\/\\\/www.meydan.tv\\\/az\\\/article\\\/zirzemide-yasayan-aile-bu-dunyada-caresizlikden-pis-hiss-yoxdur\\\/\"},\"wordCount\":1192,\"publisher\":{\"@id\":\"https:\\\/\\\/www.meydan.tv\\\/az\\\/#organization\"},\"image\":{\"@id\":\"https:\\\/\\\/www.meydan.tv\\\/az\\\/article\\\/zirzemide-yasayan-aile-bu-dunyada-caresizlikden-pis-hiss-yoxdur\\\/#primaryimage\"},\"thumbnailUrl\":\"https:\\\/\\\/www.meydan.tv\\\/wp-content\\\/uploads\\\/image_from_ios_8_8-scaled.jpg\",\"articleSection\":[\"B\u00f6lg\u0259\"],\"inLanguage\":\"az\"},{\"@type\":\"WebPage\",\"@id\":\"https:\\\/\\\/www.meydan.tv\\\/az\\\/article\\\/zirzemide-yasayan-aile-bu-dunyada-caresizlikden-pis-hiss-yoxdur\\\/\",\"url\":\"https:\\\/\\\/www.meydan.tv\\\/az\\\/article\\\/zirzemide-yasayan-aile-bu-dunyada-caresizlikden-pis-hiss-yoxdur\\\/\",\"name\":\"Zirz\u0259mid\u0259 ya\u015fayan ail\u0259: Bu d\u00fcnyada \u00e7ar\u0259sizlikd\u0259n pis hiss yoxdur - MEYDAN.TV\",\"isPartOf\":{\"@id\":\"https:\\\/\\\/www.meydan.tv\\\/az\\\/#website\"},\"primaryImageOfPage\":{\"@id\":\"https:\\\/\\\/www.meydan.tv\\\/az\\\/article\\\/zirzemide-yasayan-aile-bu-dunyada-caresizlikden-pis-hiss-yoxdur\\\/#primaryimage\"},\"image\":{\"@id\":\"https:\\\/\\\/www.meydan.tv\\\/az\\\/article\\\/zirzemide-yasayan-aile-bu-dunyada-caresizlikden-pis-hiss-yoxdur\\\/#primaryimage\"},\"thumbnailUrl\":\"https:\\\/\\\/www.meydan.tv\\\/wp-content\\\/uploads\\\/image_from_ios_8_8-scaled.jpg\",\"datePublished\":\"2020-04-06T16:49:14+00:00\",\"breadcrumb\":{\"@id\":\"https:\\\/\\\/www.meydan.tv\\\/az\\\/article\\\/zirzemide-yasayan-aile-bu-dunyada-caresizlikden-pis-hiss-yoxdur\\\/#breadcrumb\"},\"inLanguage\":\"az\",\"potentialAction\":[{\"@type\":\"ReadAction\",\"target\":[\"https:\\\/\\\/www.meydan.tv\\\/az\\\/article\\\/zirzemide-yasayan-aile-bu-dunyada-caresizlikden-pis-hiss-yoxdur\\\/\"]}]},{\"@type\":\"ImageObject\",\"inLanguage\":\"az\",\"@id\":\"https:\\\/\\\/www.meydan.tv\\\/az\\\/article\\\/zirzemide-yasayan-aile-bu-dunyada-caresizlikden-pis-hiss-yoxdur\\\/#primaryimage\",\"url\":\"https:\\\/\\\/www.meydan.tv\\\/wp-content\\\/uploads\\\/image_from_ios_8_8-scaled.jpg\",\"contentUrl\":\"https:\\\/\\\/www.meydan.tv\\\/wp-content\\\/uploads\\\/image_from_ios_8_8-scaled.jpg\",\"width\":2560,\"height\":1920,\"caption\":\"Source: Meydan TV\"},{\"@type\":\"BreadcrumbList\",\"@id\":\"https:\\\/\\\/www.meydan.tv\\\/az\\\/article\\\/zirzemide-yasayan-aile-bu-dunyada-caresizlikden-pis-hiss-yoxdur\\\/#breadcrumb\",\"itemListElement\":[{\"@type\":\"ListItem\",\"position\":1,\"name\":\"Ana s\u0259hif\u0259\",\"item\":\"https:\\\/\\\/www.meydan.tv\\\/az\\\/\"},{\"@type\":\"ListItem\",\"position\":2,\"name\":\"B\u00f6lg\u0259\",\"item\":\"https:\\\/\\\/www.meydan.tv\\\/az\\\/section\\\/bolge\\\/\"},{\"@type\":\"ListItem\",\"position\":3,\"name\":\"Zirz\u0259mid\u0259 ya\u015fayan ail\u0259: Bu d\u00fcnyada \u00e7ar\u0259sizlikd\u0259n pis hiss yoxdur\"}]},{\"@type\":\"WebSite\",\"@id\":\"https:\\\/\\\/www.meydan.tv\\\/az\\\/#website\",\"url\":\"https:\\\/\\\/www.meydan.tv\\\/az\\\/\",\"name\":\"MEYDAN.TV\",\"description\":\"Meydan TV Az\u0259rbaycan\u0131n media m\u0259kan\u0131ndak\u0131 alternativ s\u0259sidir\",\"publisher\":{\"@id\":\"https:\\\/\\\/www.meydan.tv\\\/az\\\/#organization\"},\"potentialAction\":[{\"@type\":\"SearchAction\",\"target\":{\"@type\":\"EntryPoint\",\"urlTemplate\":\"https:\\\/\\\/www.meydan.tv\\\/az\\\/?s={search_term_string}\"},\"query-input\":{\"@type\":\"PropertyValueSpecification\",\"valueRequired\":true,\"valueName\":\"search_term_string\"}}],\"inLanguage\":\"az\"},{\"@type\":\"Organization\",\"@id\":\"https:\\\/\\\/www.meydan.tv\\\/az\\\/#organization\",\"name\":\"Meydan TV\",\"url\":\"https:\\\/\\\/www.meydan.tv\\\/az\\\/\",\"logo\":{\"@type\":\"ImageObject\",\"inLanguage\":\"az\",\"@id\":\"https:\\\/\\\/www.meydan.tv\\\/az\\\/#\\\/schema\\\/logo\\\/image\\\/\",\"url\":\"https:\\\/\\\/www.meydan.tv\\\/wp-content\\\/uploads\\\/2021\\\/07\\\/meydan-logo.svg\",\"contentUrl\":\"https:\\\/\\\/www.meydan.tv\\\/wp-content\\\/uploads\\\/2021\\\/07\\\/meydan-logo.svg\",\"width\":195,\"height\":46,\"caption\":\"Meydan TV\"},\"image\":{\"@id\":\"https:\\\/\\\/www.meydan.tv\\\/az\\\/#\\\/schema\\\/logo\\\/image\\\/\"}},{\"@type\":\"Person\",\"@id\":\"https:\\\/\\\/www.meydan.tv\\\/az\\\/#\\\/schema\\\/person\\\/10d11eccf6da3662cf5fdab9806ea91a\",\"name\":\"user-manager\"}]}<\/script>\n<!-- \/ Yoast SEO plugin. -->","yoast_head_json":{"title":"Zirz\u0259mid\u0259 ya\u015fayan ail\u0259: Bu d\u00fcnyada \u00e7ar\u0259sizlikd\u0259n pis hiss yoxdur - MEYDAN.TV","robots":{"index":"index","follow":"follow","max-snippet":"max-snippet:-1","max-image-preview":"max-image-preview:large","max-video-preview":"max-video-preview:-1"},"canonical":"https:\/\/www.meydan.tv\/az\/article\/zirzemide-yasayan-aile-bu-dunyada-caresizlikden-pis-hiss-yoxdur\/","og_locale":"az_AZ","og_type":"article","og_title":"Zirz\u0259mid\u0259 ya\u015fayan ail\u0259: Bu d\u00fcnyada \u00e7ar\u0259sizlikd\u0259n pis hiss yoxdur - MEYDAN.TV","og_description":"\u201c\u018fn b\u00f6y\u00fck arzum i\u015f\u0131ql\u0131 v\u0259 quru m\u0259nzilimizin olmas\u0131d\u0131r\u201d","og_url":"https:\/\/www.meydan.tv\/az\/article\/zirzemide-yasayan-aile-bu-dunyada-caresizlikden-pis-hiss-yoxdur\/","og_site_name":"MEYDAN.TV","article_published_time":"2020-04-06T16:49:14+00:00","og_image":[{"width":2560,"height":1920,"url":"https:\/\/www.meydan.tv\/wp-content\/uploads\/image_from_ios_8_8-scaled.jpg","type":"image\/jpeg"}],"author":"user-manager","twitter_card":"summary_large_image","schema":{"@context":"https:\/\/schema.org","@graph":[{"@type":"Article","@id":"https:\/\/www.meydan.tv\/az\/article\/zirzemide-yasayan-aile-bu-dunyada-caresizlikden-pis-hiss-yoxdur\/#article","isPartOf":{"@id":"https:\/\/www.meydan.tv\/az\/article\/zirzemide-yasayan-aile-bu-dunyada-caresizlikden-pis-hiss-yoxdur\/"},"author":{"name":"user-manager","@id":"https:\/\/www.meydan.tv\/az\/#\/schema\/person\/10d11eccf6da3662cf5fdab9806ea91a"},"headline":"Zirz\u0259mid\u0259 ya\u015fayan ail\u0259: Bu d\u00fcnyada \u00e7ar\u0259sizlikd\u0259n pis hiss yoxdur","datePublished":"2020-04-06T16:49:14+00:00","mainEntityOfPage":{"@id":"https:\/\/www.meydan.tv\/az\/article\/zirzemide-yasayan-aile-bu-dunyada-caresizlikden-pis-hiss-yoxdur\/"},"wordCount":1192,"publisher":{"@id":"https:\/\/www.meydan.tv\/az\/#organization"},"image":{"@id":"https:\/\/www.meydan.tv\/az\/article\/zirzemide-yasayan-aile-bu-dunyada-caresizlikden-pis-hiss-yoxdur\/#primaryimage"},"thumbnailUrl":"https:\/\/www.meydan.tv\/wp-content\/uploads\/image_from_ios_8_8-scaled.jpg","articleSection":["B\u00f6lg\u0259"],"inLanguage":"az"},{"@type":"WebPage","@id":"https:\/\/www.meydan.tv\/az\/article\/zirzemide-yasayan-aile-bu-dunyada-caresizlikden-pis-hiss-yoxdur\/","url":"https:\/\/www.meydan.tv\/az\/article\/zirzemide-yasayan-aile-bu-dunyada-caresizlikden-pis-hiss-yoxdur\/","name":"Zirz\u0259mid\u0259 ya\u015fayan ail\u0259: Bu d\u00fcnyada \u00e7ar\u0259sizlikd\u0259n pis hiss yoxdur - MEYDAN.TV","isPartOf":{"@id":"https:\/\/www.meydan.tv\/az\/#website"},"primaryImageOfPage":{"@id":"https:\/\/www.meydan.tv\/az\/article\/zirzemide-yasayan-aile-bu-dunyada-caresizlikden-pis-hiss-yoxdur\/#primaryimage"},"image":{"@id":"https:\/\/www.meydan.tv\/az\/article\/zirzemide-yasayan-aile-bu-dunyada-caresizlikden-pis-hiss-yoxdur\/#primaryimage"},"thumbnailUrl":"https:\/\/www.meydan.tv\/wp-content\/uploads\/image_from_ios_8_8-scaled.jpg","datePublished":"2020-04-06T16:49:14+00:00","breadcrumb":{"@id":"https:\/\/www.meydan.tv\/az\/article\/zirzemide-yasayan-aile-bu-dunyada-caresizlikden-pis-hiss-yoxdur\/#breadcrumb"},"inLanguage":"az","potentialAction":[{"@type":"ReadAction","target":["https:\/\/www.meydan.tv\/az\/article\/zirzemide-yasayan-aile-bu-dunyada-caresizlikden-pis-hiss-yoxdur\/"]}]},{"@type":"ImageObject","inLanguage":"az","@id":"https:\/\/www.meydan.tv\/az\/article\/zirzemide-yasayan-aile-bu-dunyada-caresizlikden-pis-hiss-yoxdur\/#primaryimage","url":"https:\/\/www.meydan.tv\/wp-content\/uploads\/image_from_ios_8_8-scaled.jpg","contentUrl":"https:\/\/www.meydan.tv\/wp-content\/uploads\/image_from_ios_8_8-scaled.jpg","width":2560,"height":1920,"caption":"Source: Meydan TV"},{"@type":"BreadcrumbList","@id":"https:\/\/www.meydan.tv\/az\/article\/zirzemide-yasayan-aile-bu-dunyada-caresizlikden-pis-hiss-yoxdur\/#breadcrumb","itemListElement":[{"@type":"ListItem","position":1,"name":"Ana s\u0259hif\u0259","item":"https:\/\/www.meydan.tv\/az\/"},{"@type":"ListItem","position":2,"name":"B\u00f6lg\u0259","item":"https:\/\/www.meydan.tv\/az\/section\/bolge\/"},{"@type":"ListItem","position":3,"name":"Zirz\u0259mid\u0259 ya\u015fayan ail\u0259: Bu d\u00fcnyada \u00e7ar\u0259sizlikd\u0259n pis hiss yoxdur"}]},{"@type":"WebSite","@id":"https:\/\/www.meydan.tv\/az\/#website","url":"https:\/\/www.meydan.tv\/az\/","name":"MEYDAN.TV","description":"Meydan TV Az\u0259rbaycan\u0131n media m\u0259kan\u0131ndak\u0131 alternativ s\u0259sidir","publisher":{"@id":"https:\/\/www.meydan.tv\/az\/#organization"},"potentialAction":[{"@type":"SearchAction","target":{"@type":"EntryPoint","urlTemplate":"https:\/\/www.meydan.tv\/az\/?s={search_term_string}"},"query-input":{"@type":"PropertyValueSpecification","valueRequired":true,"valueName":"search_term_string"}}],"inLanguage":"az"},{"@type":"Organization","@id":"https:\/\/www.meydan.tv\/az\/#organization","name":"Meydan TV","url":"https:\/\/www.meydan.tv\/az\/","logo":{"@type":"ImageObject","inLanguage":"az","@id":"https:\/\/www.meydan.tv\/az\/#\/schema\/logo\/image\/","url":"https:\/\/www.meydan.tv\/wp-content\/uploads\/2021\/07\/meydan-logo.svg","contentUrl":"https:\/\/www.meydan.tv\/wp-content\/uploads\/2021\/07\/meydan-logo.svg","width":195,"height":46,"caption":"Meydan TV"},"image":{"@id":"https:\/\/www.meydan.tv\/az\/#\/schema\/logo\/image\/"}},{"@type":"Person","@id":"https:\/\/www.meydan.tv\/az\/#\/schema\/person\/10d11eccf6da3662cf5fdab9806ea91a","name":"user-manager"}]}},"_links":{"self":[{"href":"https:\/\/www.meydan.tv\/az\/wp-json\/wp\/v2\/posts\/200029","targetHints":{"allow":["GET"]}}],"collection":[{"href":"https:\/\/www.meydan.tv\/az\/wp-json\/wp\/v2\/posts"}],"about":[{"href":"https:\/\/www.meydan.tv\/az\/wp-json\/wp\/v2\/types\/post"}],"author":[{"embeddable":true,"href":"https:\/\/www.meydan.tv\/az\/wp-json\/wp\/v2\/users\/11"}],"replies":[{"embeddable":true,"href":"https:\/\/www.meydan.tv\/az\/wp-json\/wp\/v2\/comments?post=200029"}],"version-history":[{"count":0,"href":"https:\/\/www.meydan.tv\/az\/wp-json\/wp\/v2\/posts\/200029\/revisions"}],"wp:featuredmedia":[{"embeddable":true,"href":"https:\/\/www.meydan.tv\/az\/wp-json\/wp\/v2\/media\/140224"}],"wp:attachment":[{"href":"https:\/\/www.meydan.tv\/az\/wp-json\/wp\/v2\/media?parent=200029"}],"wp:term":[{"taxonomy":"category","embeddable":true,"href":"https:\/\/www.meydan.tv\/az\/wp-json\/wp\/v2\/categories?post=200029"},{"taxonomy":"post_tag","embeddable":true,"href":"https:\/\/www.meydan.tv\/az\/wp-json\/wp\/v2\/tags?post=200029"}],"curies":[{"name":"wp","href":"https:\/\/api.w.org\/{rel}","templated":true}]}}