{"id":199932,"date":"2020-03-31T19:48:41","date_gmt":"2020-03-31T19:48:41","guid":{"rendered":"https:\/\/www.meydan.tv\/article\/gence-sakini-elil-bu-seraitde-yasaya-bilmez\/"},"modified":"2020-03-31T19:48:41","modified_gmt":"2020-03-31T19:48:41","slug":"gence-sakini-elil-bu-seraitde-yasaya-bilmez","status":"publish","type":"post","link":"https:\/\/www.meydan.tv\/az\/article\/gence-sakini-elil-bu-seraitde-yasaya-bilmez\/","title":{"rendered":"G\u0259nc\u0259 sakini: \u018flil bu \u015f\u0259raitd\u0259 ya\u015faya bilm\u0259z"},"content":{"rendered":"<p>\n  <i><br \/>\n    M\u0259n\u0259 pis t\u0259sir el\u0259y\u0259n odur ki, u\u015fa\u011f\u0131ma laz\u0131m\u0131nca baxa bilmir\u0259m<br \/>\n  <\/i>\n<\/p>\n<p>\n  G\u0259nc\u0259nin K\u0259rpiczavod q\u0259s\u0259b\u0259sind\u0259 anas\u0131 v\u0259 qarda\u015f\u0131 il\u0259 ya\u015fayan X\u0259yal Qafarov do\u011fulandan serebral iflicl\u0259 m\u00fcbariz\u0259 apar\u0131r. 29 ya\u015fl\u0131 g\u0259nc yax\u0131nlar\u0131n\u0131n say\u0259sind\u0259 h\u0259yatda qalma\u011fa \u00e7al\u0131\u015f\u0131r.\n<\/p>\n<p>\n  <b><br \/>\n    Gecikmi\u015f m\u00fcalic\u0259 c\u0259hdi<br \/>\n  <\/b>\n<\/p>\n<p>\n  Q\u0259s\u0259b\u0259y\u0259 q\u0259d\u0259r uzun yol \u00f6l\u00e7m\u0259k laz\u0131m g\u0259lir. \u00c7\u00fcnki bura ictimai n\u0259yliyyat i\u015fl\u0259mir, \u00fcmid taksil\u0259r\u0259 qal\u0131r. K\u0259l\u0259-k\u00f6t\u00fcr yollar taksi s\u00fcr\u00fcc\u00fcs\u00fc il\u0259 s\u00f6hb\u0259ti uzad\u0131r. Onun sosial probleml\u0259rd\u0259n dan\u0131\u015fma\u011fa vaxt\u0131 \u00e7oxdur. Deyir ki, q\u0259pik-quru\u015fa i\u015fl\u0259yirl\u0259r&#8230;\n<\/p>\n<p>\n  Biz\u0259 X\u0259yal\u0131n xalas\u0131 Sevda Qafarova b\u0259l\u0259d\u00e7ilik edir. Sonradan g\u0259ncin anas\u0131 S\u0259ad\u0259t Qafarova dan\u0131\u015facaqd\u0131 ki, bac\u0131s\u0131 onun k\u00f6m\u0259yin\u0259 \u00e7ox g\u0259lir, h\u0259tta o\u011flunu \u00e7imizdirm\u0259y\u0259 d\u0259 \u0259l yetirir.\n<\/p>\n<p>\n  X\u0259yal do\u011fulandan x\u0259st\u0259liy\u0259 d\u00fc\u00e7ar olub. S\u0259ad\u0259t xan\u0131m xat\u0131rlay\u0131r ki, 1991-ci ild\u0259 o\u011flunu d\u00fcnyaya g\u0259tir\u0259nd\u0259 h\u0259tta otaqda i\u015f\u0131q da olmay\u0131b, do\u011fu\u015f zaman\u0131 u\u015faq x\u0259sar\u0259t al\u0131b. Yaln\u0131z X\u0259yal\u0131n 9 ya\u015f\u0131 olanda ciddi m\u00fcalic\u0259y\u0259 imkan tap\u0131blar, onu Moskvaya apar\u0131blar. Rusiya paytaxt\u0131nda h\u0259kiml\u0259r deyib ki, ail\u0259 \u00e7ox gecikib, bundan sonra u\u015fa\u011f\u0131n fiziki g\u0259l\u0259c\u0259yi i\u015f\u0131ql\u0131 g\u00f6r\u00fcnm\u00fcr.\n<\/p>\n<p>\n  \u201cBir-iki d\u0259rman yazd\u0131lar, qay\u0131d\u0131b g\u0259ldik. \u018flb\u0259tt\u0259, yax\u015f\u0131 m\u0259sl\u0259h\u0259tl\u0259r verdil\u0259r. M\u0259s\u0259l\u0259n, demi\u015fdil\u0259r ki, g\u00fccl\u00fc qidalanmal\u0131d\u0131r. Q\u0131rm\u0131z\u0131 k\u00fcr\u00fc yedirm\u0259yi t\u00f6vsiy\u0259 el\u0259mi\u015fdil\u0259r. Bizim \u00fc\u00e7\u00fcn m\u00fcmk\u00fcns\u00fcz idi. Biz \u00f6z\u00fcm\u00fcz he\u00e7 vaxt k\u00fcr\u00fc yem\u0259mi\u015fik\u201d, &#8211; S\u0259ad\u0259t xan\u0131m h\u0259min g\u00fcnl\u0259ri bel\u0259 xat\u0131rlay\u0131r.\n<\/p>\n<p>\n  <b><br \/>\n    \u201c\u00d6l\u0259n\u0259 q\u0259d\u0259r u\u015fa\u011f\u0131ma baxacam\u201d<br \/>\n  <\/b>\n<\/p>\n<p>\n  X\u0259yal\u0131n qay\u011f\u0131s\u0131na \u0259n \u00e7ox anas\u0131 il\u0259 qarda\u015f\u0131 Nadir qal\u0131r. S\u0259ad\u0259t xan\u0131m\u0131 d\u0259rd g\u00f6t\u00fcr\u00fcb ki, ki\u00e7ik o\u011flu \u0259sg\u0259rliy\u0259 ged\u0259nd\u0259n sonra b\u00f6y\u00fck y\u00fck\u00fcn \u00f6hd\u0259sind\u0259n nec\u0259 g\u0259l\u0259c\u0259k. Qad\u0131n evin i\u00e7ind\u0259 g\u0259z\u0259nd\u0259 axsad\u0131\u011f\u0131n\u0131 hiss etmi\u015fdik. Sonradan \u00f6z\u00fc dan\u0131\u015fd\u0131 ki, alt\u0131 il \u0259vv\u0259l tavandak\u0131 \u00e7il\u00e7\u0131ra\u011f\u0131 t\u0259mizl\u0259y\u0259nd\u0259 h\u00fcnd\u00fcrd\u0259n y\u0131x\u0131l\u0131b, x\u0259sar\u0259t al\u0131b. Ke\u00e7\u0259n il aya\u011f\u0131 \u015fi\u015f\u0259nd\u0259 t\u0259cili \u0259m\u0259liyyat laz\u0131m oldu\u011fu \u00fcz\u0259 \u00e7\u0131x\u0131b.\n<\/p>\n<p>\n  \u201cO vaxt \u00e7ox pis y\u0131x\u0131lm\u0131\u015fd\u0131m. H\u0259tta hu\u015fumu itirmi\u015fdim. Dedil\u0259r ki, m\u0259hz h\u0259min travmaya g\u00f6r\u0259 \u0259m\u0259liyyat olunmal\u0131yam. T\u0259xmin\u0259n bir il \u0259vv\u0259l ba\u015f tutdu. Amma bununla problem h\u0259ll olunmad\u0131. H\u0259r ay aya\u011f\u0131ma maye y\u0131\u011f\u0131l\u0131r, gedir\u0259m, x\u0259st\u0259xanada \u00e7\u0259kirl\u0259r. Maye \u00e7\u0259kil\u0259nd\u0259n sonra bir az rahatl\u0131q tap\u0131ram. Sonra yen\u0259 g\u0259zm\u0259k \u0259ziyy\u0259t verir\u201d, &#8211; S\u0259ad\u0259t xan\u0131m dan\u0131\u015fd\u0131qca k\u0259d\u0259rl\u0259nir. Qad\u0131n \u0259lil u\u015fa\u011fa baxma\u011f\u0131n \u0259ziyy\u0259tind\u0259n dan\u0131\u015f\u0131r. Y\u00fck\u00fcn a\u011f\u0131rl\u0131\u011f\u0131n\u0131 anlamaq \u00e7\u0259tin deyil: \u201cAdic\u0259 t\u0259bii ehtiyaclar\u0131n\u0131 \u00f6d\u0259m\u0259k \u00fc\u00e7\u00fcn iki n\u0259f\u0259r\u0259 ehtiyac var. G\u0259z\u0259 bilmir, s\u00fcr\u00fcn\u00fcr. M\u0259n aya\u011f\u0131m\u0131n d\u00fcz\u0259lm\u0259sini daha \u00e7ox o\u011fluma g\u00f6r\u0259 ist\u0259yir\u0259m. Sa\u011flaml\u0131\u011f\u0131m imkan ver\u0259nd\u0259 e\u015fiy\u0259 g\u0259zm\u0259y\u0259 \u00e7\u0131xar\u0131rd\u0131m. O da yaz\u0131qd\u0131, havaya \u00e7\u0131xmaq ist\u0259yir. He\u00e7 n\u0259 yox, bu u\u015fa\u011fa g\u00f6r\u0259 sa\u011flam olmal\u0131yam. M\u0259n onu ata bilm\u0259r\u0259m. \u00d6l\u0259n\u0259 q\u0259d\u0259r u\u015fa\u011f\u0131ma baxacam\u201d.\n<\/p>\n<figure class=\"wp-block-image size-large\">\n  <img decoding=\"async\" src=\"https:\/\/www.meydan.tv\/az\/image_from_ios-jpg-168\/\" alt=\"image_from_ios.jpg\" class=\"wp-image-139954\"\/><figcaption>\n    X\u0259yal\u0131n qay\u011f\u0131s\u0131na \u0259n \u00e7ox anas\u0131 il\u0259 qarda\u015f\u0131 Nadir qal\u0131r.<br \/>\n  <\/figcaption><\/figure>\n<p>\n  <b><br \/>\n    \u201cD\u00f6vl\u0259t x\u0259st\u0259xanas\u0131n\u0131n m\u0259ni sa\u011faltma\u011fa g\u00fcc\u00fc \u00e7atm\u0131r\u201d<br \/>\n  <\/b>\n<\/p>\n<p>\n  Qad\u0131n dan\u0131\u015f\u0131r ki, o\u011flunun \u00fcz\u00fcn\u00fc, sa\u00e7\u0131n\u0131 \u00f6z\u00fc q\u0131rx\u0131r: \u201cAc, kirli qoymuram. M\u0259nd\u0259n ba\u015fqa he\u00e7 kimi yax\u0131na qoymur. Dan\u0131\u015f\u0131b d\u0259rdini d\u0259 dey\u0259 bilmir. M\u0259n\u0259 pis t\u0259sir el\u0259y\u0259n odur ki, u\u015fa\u011f\u0131ma laz\u0131m\u0131nca baxa bilmir\u0259m. Adic\u0259 i\u015f\u0259 ged\u0259 bilmir\u0259m. Yar\u0131mcan qalm\u0131\u015fam\u201d.\n<\/p>\n<p>\n  Ana el\u0259 indi d\u0259 aya\u011f\u0131n\u0131n a\u011fr\u0131d\u0131\u011f\u0131n\u0131 deyir. \u00c7ox \u00e7\u0259tinlikl\u0259ri oldu\u011fundan, a\u011f\u0131r y\u00fck qald\u0131ra bilm\u0259m\u0259sind\u0259n dan\u0131\u015f\u0131r: \u201cYen\u0259 \u00fcmidimi itirmir\u0259m. Amma sanki d\u00f6vl\u0259t x\u0259st\u0259xanas\u0131n\u0131n m\u0259ni sa\u011faltma\u011fa g\u00fcc\u00fc \u00e7atm\u0131r. Yard\u0131ma \u00e7ox ehtiyac\u0131m\u0131z var. O u\u015fa\u011f\u0131n yatd\u0131\u011f\u0131 yer\u0259 bax\u0131n. \u018flil bu \u015f\u0259raitd\u0259 ya\u015faya bilm\u0259z. \u0130mkan\u0131m yoxdu ki, yax\u015f\u0131 m\u00fcalic\u0259 olunum. U\u015fa\u011f\u0131n ya\u015famas\u0131 \u00fc\u00e7\u00fcn m\u0259n sa\u011flam olmal\u0131yam. M\u0259n d\u0259 pis v\u0259ziyy\u0259td\u0259y\u0259m\u201d.\n<\/p>\n<p>\n  Sevda xan\u0131m s\u00f6hb\u0259t\u0259 qo\u015fulur. X\u0259yal\u0131n h\u0259ssasl\u0131\u011f\u0131n\u0131 qeyd edir. Deyir ki, qap\u0131 a\u00e7\u0131lan kimi bac\u0131s\u0131 o\u011flu im\u0259kl\u0259m\u0259y\u0259 ba\u015flay\u0131r, \u00e7\u00f6l\u0259 can at\u0131r. X\u0259yal\u0131 t\u0259k qoyma\u011f\u0131n t\u0259hl\u00fck\u0259sind\u0259n s\u00f6z a\u00e7\u0131l\u0131r. Ana etiraf edir ki, harasa ged\u0259nd\u0259 o\u011flunu \u00e7arpay\u0131ya ba\u011flad\u0131\u011f\u0131 vaxt da olub:\n<\/p>\n<p>\n  \u201c\u00c7ar\u0259m qalmay\u0131b. \u0130m\u0259kl\u0259yib sobaya yax\u0131nla\u015f\u0131r. \u00d6z\u00fcn\u00fc, evi yand\u0131ra bil\u0259r. Televizoru a\u015f\u0131rd\u0131r\u201d.\n<\/p>\n<p>\n  \u201cNec\u0259 dolan\u0131rs\u0131n\u0131z?\u201d sual\u0131n\u0131n tam zaman\u0131d\u0131r. Cavab da sad\u0259dir: \u201cNeyl\u0259y\u0259k, ac\u0131ndan \u00f6lm\u0259m\u0259y\u0259 \u00e7al\u0131\u015f\u0131r\u0131q. \u00c7ox \u00e7\u0259tindir&#8230;\u201d\n<\/p>\n<p>\n  Ev\u0259 ayda c\u0259mi 391 manat g\u0259lir: 250 manat birinci qrup \u0259lil\u0259 veril\u0259n m\u00fcavin\u0259t, 141 manat da sosial yard\u0131m. \u00c7atmad\u0131\u011f\u0131n\u0131 ail\u0259 \u00fczvl\u0259ri dem\u0259s\u0259 bel\u0259, bilm\u0259k \u00e7\u0259tin deyil. S\u0259ad\u0259t xan\u0131m s\u00f6zaras\u0131 deyir ki, pulun t\u0259kc\u0259 90 manat\u0131 X\u0259yal \u00fc\u00e7\u00fcn ald\u0131qlar\u0131 bez\u0259 gedir.\n<\/p>\n<p>\n  Ev t\u0259mirsiz, nimda\u015f g\u00fcnd\u0259dir. Qad\u0131n ya\u011f\u0131\u015fl\u0131 havalarda otaqlar\u0131n su i\u00e7ind\u0259 olmas\u0131n\u0131 yada sal\u0131r.\n<\/p>\n<p>\n  Ani s\u00fckut yaran\u0131r. Ana x\u0259st\u0259 o\u011fluna t\u0259r\u0259f\u0259 \u0259yilir, onun \u00fcz\u00fcnd\u0259n \u00f6p\u00fcr. X\u0259yal n\u0259s\u0259 dem\u0259y\u0259 \u00e7al\u0131\u015f\u0131r&#8230;\n<\/p>\n<figure class=\"wp-block-image size-large\">\n  <img decoding=\"async\" src=\"https:\/\/www.meydan.tv\/az\/image_from_ios-1-jpg-123\/\" alt=\"image_from_ios (1).jpg\" class=\"wp-image-139957\"\/><figcaption>\n    Ev t\u0259mirsiz, nimda\u015f g\u00fcnd\u0259dir.<br \/>\n  <\/figcaption><\/figure>\n","protected":false},"excerpt":{"rendered":"<p>Ana etiraf edir ki, harasa ged\u0259nd\u0259 o\u011flunu \u00e7arpay\u0131ya ba\u011flad\u0131\u011f\u0131 vaxt da olub<\/p>\n","protected":false},"author":11,"featured_media":139960,"comment_status":"closed","ping_status":"open","sticky":false,"template":"","format":"standard","meta":{"_acf_changed":false,"_sitemap_exclude":false,"_sitemap_priority":"","_sitemap_frequency":"","footnotes":""},"categories":[60],"tags":[],"class_list":["post-199932","post","type-post","status-publish","format-standard","has-post-thumbnail","hentry","category-bolge","infinite-scroll-item","generate-columns","tablet-grid-50","mobile-grid-100","grid-parent","grid-33","no-featured-image-padding"],"acf":[],"yoast_head":"<!-- This site is optimized with the Yoast SEO plugin v27.5 - https:\/\/yoast.com\/product\/yoast-seo-wordpress\/ -->\n<title>G\u0259nc\u0259 sakini: \u018flil bu \u015f\u0259raitd\u0259 ya\u015faya bilm\u0259z - MEYDAN.TV<\/title>\n<meta name=\"robots\" content=\"index, follow, max-snippet:-1, max-image-preview:large, max-video-preview:-1\" \/>\n<link rel=\"canonical\" href=\"https:\/\/www.meydan.tv\/az\/article\/gence-sakini-elil-bu-seraitde-yasaya-bilmez\/\" \/>\n<meta property=\"og:locale\" content=\"az_AZ\" \/>\n<meta property=\"og:type\" content=\"article\" \/>\n<meta property=\"og:title\" content=\"G\u0259nc\u0259 sakini: \u018flil bu \u015f\u0259raitd\u0259 ya\u015faya bilm\u0259z - MEYDAN.TV\" \/>\n<meta property=\"og:description\" content=\"Ana etiraf edir ki, harasa ged\u0259nd\u0259 o\u011flunu \u00e7arpay\u0131ya ba\u011flad\u0131\u011f\u0131 vaxt da olub\" \/>\n<meta property=\"og:url\" content=\"https:\/\/www.meydan.tv\/az\/article\/gence-sakini-elil-bu-seraitde-yasaya-bilmez\/\" \/>\n<meta property=\"og:site_name\" content=\"MEYDAN.TV\" \/>\n<meta property=\"article:published_time\" content=\"2020-03-31T19:48:41+00:00\" \/>\n<meta property=\"og:image\" content=\"https:\/\/www.meydan.tv\/wp-content\/uploads\/image_from_ios_2_dydcvzd.jpg\" \/>\n\t<meta property=\"og:image:width\" content=\"1280\" \/>\n\t<meta property=\"og:image:height\" content=\"956\" \/>\n\t<meta property=\"og:image:type\" content=\"image\/jpeg\" \/>\n<meta name=\"author\" content=\"user-manager\" \/>\n<meta name=\"twitter:card\" content=\"summary_large_image\" \/>\n<script type=\"application\/ld+json\" class=\"yoast-schema-graph\">{\"@context\":\"https:\\\/\\\/schema.org\",\"@graph\":[{\"@type\":\"Article\",\"@id\":\"https:\\\/\\\/www.meydan.tv\\\/az\\\/article\\\/gence-sakini-elil-bu-seraitde-yasaya-bilmez\\\/#article\",\"isPartOf\":{\"@id\":\"https:\\\/\\\/www.meydan.tv\\\/az\\\/article\\\/gence-sakini-elil-bu-seraitde-yasaya-bilmez\\\/\"},\"author\":{\"name\":\"user-manager\",\"@id\":\"https:\\\/\\\/www.meydan.tv\\\/az\\\/#\\\/schema\\\/person\\\/10d11eccf6da3662cf5fdab9806ea91a\"},\"headline\":\"G\u0259nc\u0259 sakini: \u018flil bu \u015f\u0259raitd\u0259 ya\u015faya bilm\u0259z\",\"datePublished\":\"2020-03-31T19:48:41+00:00\",\"mainEntityOfPage\":{\"@id\":\"https:\\\/\\\/www.meydan.tv\\\/az\\\/article\\\/gence-sakini-elil-bu-seraitde-yasaya-bilmez\\\/\"},\"wordCount\":1102,\"publisher\":{\"@id\":\"https:\\\/\\\/www.meydan.tv\\\/az\\\/#organization\"},\"image\":{\"@id\":\"https:\\\/\\\/www.meydan.tv\\\/az\\\/article\\\/gence-sakini-elil-bu-seraitde-yasaya-bilmez\\\/#primaryimage\"},\"thumbnailUrl\":\"https:\\\/\\\/www.meydan.tv\\\/wp-content\\\/uploads\\\/image_from_ios_2_dydcvzd.jpg\",\"articleSection\":[\"B\u00f6lg\u0259\"],\"inLanguage\":\"az\"},{\"@type\":\"WebPage\",\"@id\":\"https:\\\/\\\/www.meydan.tv\\\/az\\\/article\\\/gence-sakini-elil-bu-seraitde-yasaya-bilmez\\\/\",\"url\":\"https:\\\/\\\/www.meydan.tv\\\/az\\\/article\\\/gence-sakini-elil-bu-seraitde-yasaya-bilmez\\\/\",\"name\":\"G\u0259nc\u0259 sakini: \u018flil bu \u015f\u0259raitd\u0259 ya\u015faya bilm\u0259z - MEYDAN.TV\",\"isPartOf\":{\"@id\":\"https:\\\/\\\/www.meydan.tv\\\/az\\\/#website\"},\"primaryImageOfPage\":{\"@id\":\"https:\\\/\\\/www.meydan.tv\\\/az\\\/article\\\/gence-sakini-elil-bu-seraitde-yasaya-bilmez\\\/#primaryimage\"},\"image\":{\"@id\":\"https:\\\/\\\/www.meydan.tv\\\/az\\\/article\\\/gence-sakini-elil-bu-seraitde-yasaya-bilmez\\\/#primaryimage\"},\"thumbnailUrl\":\"https:\\\/\\\/www.meydan.tv\\\/wp-content\\\/uploads\\\/image_from_ios_2_dydcvzd.jpg\",\"datePublished\":\"2020-03-31T19:48:41+00:00\",\"breadcrumb\":{\"@id\":\"https:\\\/\\\/www.meydan.tv\\\/az\\\/article\\\/gence-sakini-elil-bu-seraitde-yasaya-bilmez\\\/#breadcrumb\"},\"inLanguage\":\"az\",\"potentialAction\":[{\"@type\":\"ReadAction\",\"target\":[\"https:\\\/\\\/www.meydan.tv\\\/az\\\/article\\\/gence-sakini-elil-bu-seraitde-yasaya-bilmez\\\/\"]}]},{\"@type\":\"ImageObject\",\"inLanguage\":\"az\",\"@id\":\"https:\\\/\\\/www.meydan.tv\\\/az\\\/article\\\/gence-sakini-elil-bu-seraitde-yasaya-bilmez\\\/#primaryimage\",\"url\":\"https:\\\/\\\/www.meydan.tv\\\/wp-content\\\/uploads\\\/image_from_ios_2_dydcvzd.jpg\",\"contentUrl\":\"https:\\\/\\\/www.meydan.tv\\\/wp-content\\\/uploads\\\/image_from_ios_2_dydcvzd.jpg\",\"width\":1280,\"height\":956,\"caption\":\"Source: Specify Source\"},{\"@type\":\"BreadcrumbList\",\"@id\":\"https:\\\/\\\/www.meydan.tv\\\/az\\\/article\\\/gence-sakini-elil-bu-seraitde-yasaya-bilmez\\\/#breadcrumb\",\"itemListElement\":[{\"@type\":\"ListItem\",\"position\":1,\"name\":\"Ana s\u0259hif\u0259\",\"item\":\"https:\\\/\\\/www.meydan.tv\\\/az\\\/\"},{\"@type\":\"ListItem\",\"position\":2,\"name\":\"B\u00f6lg\u0259\",\"item\":\"https:\\\/\\\/www.meydan.tv\\\/az\\\/section\\\/bolge\\\/\"},{\"@type\":\"ListItem\",\"position\":3,\"name\":\"G\u0259nc\u0259 sakini: \u018flil bu \u015f\u0259raitd\u0259 ya\u015faya bilm\u0259z\"}]},{\"@type\":\"WebSite\",\"@id\":\"https:\\\/\\\/www.meydan.tv\\\/az\\\/#website\",\"url\":\"https:\\\/\\\/www.meydan.tv\\\/az\\\/\",\"name\":\"MEYDAN.TV\",\"description\":\"Meydan TV Az\u0259rbaycan\u0131n media m\u0259kan\u0131ndak\u0131 alternativ s\u0259sidir\",\"publisher\":{\"@id\":\"https:\\\/\\\/www.meydan.tv\\\/az\\\/#organization\"},\"potentialAction\":[{\"@type\":\"SearchAction\",\"target\":{\"@type\":\"EntryPoint\",\"urlTemplate\":\"https:\\\/\\\/www.meydan.tv\\\/az\\\/?s={search_term_string}\"},\"query-input\":{\"@type\":\"PropertyValueSpecification\",\"valueRequired\":true,\"valueName\":\"search_term_string\"}}],\"inLanguage\":\"az\"},{\"@type\":\"Organization\",\"@id\":\"https:\\\/\\\/www.meydan.tv\\\/az\\\/#organization\",\"name\":\"Meydan TV\",\"url\":\"https:\\\/\\\/www.meydan.tv\\\/az\\\/\",\"logo\":{\"@type\":\"ImageObject\",\"inLanguage\":\"az\",\"@id\":\"https:\\\/\\\/www.meydan.tv\\\/az\\\/#\\\/schema\\\/logo\\\/image\\\/\",\"url\":\"https:\\\/\\\/www.meydan.tv\\\/wp-content\\\/uploads\\\/2021\\\/07\\\/meydan-logo.svg\",\"contentUrl\":\"https:\\\/\\\/www.meydan.tv\\\/wp-content\\\/uploads\\\/2021\\\/07\\\/meydan-logo.svg\",\"width\":195,\"height\":46,\"caption\":\"Meydan TV\"},\"image\":{\"@id\":\"https:\\\/\\\/www.meydan.tv\\\/az\\\/#\\\/schema\\\/logo\\\/image\\\/\"}},{\"@type\":\"Person\",\"@id\":\"https:\\\/\\\/www.meydan.tv\\\/az\\\/#\\\/schema\\\/person\\\/10d11eccf6da3662cf5fdab9806ea91a\",\"name\":\"user-manager\"}]}<\/script>\n<!-- \/ Yoast SEO plugin. -->","yoast_head_json":{"title":"G\u0259nc\u0259 sakini: \u018flil bu \u015f\u0259raitd\u0259 ya\u015faya bilm\u0259z - MEYDAN.TV","robots":{"index":"index","follow":"follow","max-snippet":"max-snippet:-1","max-image-preview":"max-image-preview:large","max-video-preview":"max-video-preview:-1"},"canonical":"https:\/\/www.meydan.tv\/az\/article\/gence-sakini-elil-bu-seraitde-yasaya-bilmez\/","og_locale":"az_AZ","og_type":"article","og_title":"G\u0259nc\u0259 sakini: \u018flil bu \u015f\u0259raitd\u0259 ya\u015faya bilm\u0259z - MEYDAN.TV","og_description":"Ana etiraf edir ki, harasa ged\u0259nd\u0259 o\u011flunu \u00e7arpay\u0131ya ba\u011flad\u0131\u011f\u0131 vaxt da olub","og_url":"https:\/\/www.meydan.tv\/az\/article\/gence-sakini-elil-bu-seraitde-yasaya-bilmez\/","og_site_name":"MEYDAN.TV","article_published_time":"2020-03-31T19:48:41+00:00","og_image":[{"width":1280,"height":956,"url":"https:\/\/www.meydan.tv\/wp-content\/uploads\/image_from_ios_2_dydcvzd.jpg","type":"image\/jpeg"}],"author":"user-manager","twitter_card":"summary_large_image","schema":{"@context":"https:\/\/schema.org","@graph":[{"@type":"Article","@id":"https:\/\/www.meydan.tv\/az\/article\/gence-sakini-elil-bu-seraitde-yasaya-bilmez\/#article","isPartOf":{"@id":"https:\/\/www.meydan.tv\/az\/article\/gence-sakini-elil-bu-seraitde-yasaya-bilmez\/"},"author":{"name":"user-manager","@id":"https:\/\/www.meydan.tv\/az\/#\/schema\/person\/10d11eccf6da3662cf5fdab9806ea91a"},"headline":"G\u0259nc\u0259 sakini: \u018flil bu \u015f\u0259raitd\u0259 ya\u015faya bilm\u0259z","datePublished":"2020-03-31T19:48:41+00:00","mainEntityOfPage":{"@id":"https:\/\/www.meydan.tv\/az\/article\/gence-sakini-elil-bu-seraitde-yasaya-bilmez\/"},"wordCount":1102,"publisher":{"@id":"https:\/\/www.meydan.tv\/az\/#organization"},"image":{"@id":"https:\/\/www.meydan.tv\/az\/article\/gence-sakini-elil-bu-seraitde-yasaya-bilmez\/#primaryimage"},"thumbnailUrl":"https:\/\/www.meydan.tv\/wp-content\/uploads\/image_from_ios_2_dydcvzd.jpg","articleSection":["B\u00f6lg\u0259"],"inLanguage":"az"},{"@type":"WebPage","@id":"https:\/\/www.meydan.tv\/az\/article\/gence-sakini-elil-bu-seraitde-yasaya-bilmez\/","url":"https:\/\/www.meydan.tv\/az\/article\/gence-sakini-elil-bu-seraitde-yasaya-bilmez\/","name":"G\u0259nc\u0259 sakini: \u018flil bu \u015f\u0259raitd\u0259 ya\u015faya bilm\u0259z - MEYDAN.TV","isPartOf":{"@id":"https:\/\/www.meydan.tv\/az\/#website"},"primaryImageOfPage":{"@id":"https:\/\/www.meydan.tv\/az\/article\/gence-sakini-elil-bu-seraitde-yasaya-bilmez\/#primaryimage"},"image":{"@id":"https:\/\/www.meydan.tv\/az\/article\/gence-sakini-elil-bu-seraitde-yasaya-bilmez\/#primaryimage"},"thumbnailUrl":"https:\/\/www.meydan.tv\/wp-content\/uploads\/image_from_ios_2_dydcvzd.jpg","datePublished":"2020-03-31T19:48:41+00:00","breadcrumb":{"@id":"https:\/\/www.meydan.tv\/az\/article\/gence-sakini-elil-bu-seraitde-yasaya-bilmez\/#breadcrumb"},"inLanguage":"az","potentialAction":[{"@type":"ReadAction","target":["https:\/\/www.meydan.tv\/az\/article\/gence-sakini-elil-bu-seraitde-yasaya-bilmez\/"]}]},{"@type":"ImageObject","inLanguage":"az","@id":"https:\/\/www.meydan.tv\/az\/article\/gence-sakini-elil-bu-seraitde-yasaya-bilmez\/#primaryimage","url":"https:\/\/www.meydan.tv\/wp-content\/uploads\/image_from_ios_2_dydcvzd.jpg","contentUrl":"https:\/\/www.meydan.tv\/wp-content\/uploads\/image_from_ios_2_dydcvzd.jpg","width":1280,"height":956,"caption":"Source: Specify Source"},{"@type":"BreadcrumbList","@id":"https:\/\/www.meydan.tv\/az\/article\/gence-sakini-elil-bu-seraitde-yasaya-bilmez\/#breadcrumb","itemListElement":[{"@type":"ListItem","position":1,"name":"Ana s\u0259hif\u0259","item":"https:\/\/www.meydan.tv\/az\/"},{"@type":"ListItem","position":2,"name":"B\u00f6lg\u0259","item":"https:\/\/www.meydan.tv\/az\/section\/bolge\/"},{"@type":"ListItem","position":3,"name":"G\u0259nc\u0259 sakini: \u018flil bu \u015f\u0259raitd\u0259 ya\u015faya bilm\u0259z"}]},{"@type":"WebSite","@id":"https:\/\/www.meydan.tv\/az\/#website","url":"https:\/\/www.meydan.tv\/az\/","name":"MEYDAN.TV","description":"Meydan TV Az\u0259rbaycan\u0131n media m\u0259kan\u0131ndak\u0131 alternativ s\u0259sidir","publisher":{"@id":"https:\/\/www.meydan.tv\/az\/#organization"},"potentialAction":[{"@type":"SearchAction","target":{"@type":"EntryPoint","urlTemplate":"https:\/\/www.meydan.tv\/az\/?s={search_term_string}"},"query-input":{"@type":"PropertyValueSpecification","valueRequired":true,"valueName":"search_term_string"}}],"inLanguage":"az"},{"@type":"Organization","@id":"https:\/\/www.meydan.tv\/az\/#organization","name":"Meydan TV","url":"https:\/\/www.meydan.tv\/az\/","logo":{"@type":"ImageObject","inLanguage":"az","@id":"https:\/\/www.meydan.tv\/az\/#\/schema\/logo\/image\/","url":"https:\/\/www.meydan.tv\/wp-content\/uploads\/2021\/07\/meydan-logo.svg","contentUrl":"https:\/\/www.meydan.tv\/wp-content\/uploads\/2021\/07\/meydan-logo.svg","width":195,"height":46,"caption":"Meydan TV"},"image":{"@id":"https:\/\/www.meydan.tv\/az\/#\/schema\/logo\/image\/"}},{"@type":"Person","@id":"https:\/\/www.meydan.tv\/az\/#\/schema\/person\/10d11eccf6da3662cf5fdab9806ea91a","name":"user-manager"}]}},"_links":{"self":[{"href":"https:\/\/www.meydan.tv\/az\/wp-json\/wp\/v2\/posts\/199932","targetHints":{"allow":["GET"]}}],"collection":[{"href":"https:\/\/www.meydan.tv\/az\/wp-json\/wp\/v2\/posts"}],"about":[{"href":"https:\/\/www.meydan.tv\/az\/wp-json\/wp\/v2\/types\/post"}],"author":[{"embeddable":true,"href":"https:\/\/www.meydan.tv\/az\/wp-json\/wp\/v2\/users\/11"}],"replies":[{"embeddable":true,"href":"https:\/\/www.meydan.tv\/az\/wp-json\/wp\/v2\/comments?post=199932"}],"version-history":[{"count":0,"href":"https:\/\/www.meydan.tv\/az\/wp-json\/wp\/v2\/posts\/199932\/revisions"}],"wp:featuredmedia":[{"embeddable":true,"href":"https:\/\/www.meydan.tv\/az\/wp-json\/wp\/v2\/media\/139960"}],"wp:attachment":[{"href":"https:\/\/www.meydan.tv\/az\/wp-json\/wp\/v2\/media?parent=199932"}],"wp:term":[{"taxonomy":"category","embeddable":true,"href":"https:\/\/www.meydan.tv\/az\/wp-json\/wp\/v2\/categories?post=199932"},{"taxonomy":"post_tag","embeddable":true,"href":"https:\/\/www.meydan.tv\/az\/wp-json\/wp\/v2\/tags?post=199932"}],"curies":[{"name":"wp","href":"https:\/\/api.w.org\/{rel}","templated":true}]}}