{"id":199931,"date":"2020-03-31T20:33:38","date_gmt":"2020-03-31T20:33:38","guid":{"rendered":"https:\/\/www.meydan.tv\/article\/kepez-sakini-karantin-vaxti-gelib-qazi-kesdiler\/"},"modified":"2020-03-31T20:33:38","modified_gmt":"2020-03-31T20:33:38","slug":"kepez-sakini-karantin-vaxti-gelib-qazi-kesdiler","status":"publish","type":"post","link":"https:\/\/www.meydan.tv\/az\/article\/kepez-sakini-karantin-vaxti-gelib-qazi-kesdiler\/","title":{"rendered":"K\u0259p\u0259z sakini: Karantin vaxt\u0131 g\u0259lib qaz\u0131 k\u0259sdil\u0259r"},"content":{"rendered":"<p>\n  <i><br \/>\n    \u00c7ayxanas\u0131 ba\u011flanan Tural H\u00fcseynov karantin d\u00f6vr\u00fcnd\u0259 h\u00f6kum\u0259td\u0259n yard\u0131m olunmas\u0131n\u0131 ist\u0259yir<br \/>\n  <\/i>\n<\/p>\n<p>\n  \u201cDolan\u0131\u015f\u0131\u011f\u0131m \u00e7ayxanadan idi, karantin\u0259 g\u00f6r\u0259 ba\u011fland\u0131, qald\u0131m i\u015fsiz, dolan\u0131\u015f\u0131qs\u0131z&#8230; Bu t\u0259r\u0259fd\u0259n d\u0259 qaz idar\u0259sinin i\u015f\u00e7il\u0259ri g\u0259lib qaz\u0131 k\u0259sdi. \u0130ndi neyl\u0259y\u0259k? H\u0259m soyuqdan \u00f6l\u00fcr\u00fck, h\u0259m d\u0259 ac\u0131ndan&#8230;\u201d\n<\/p>\n<p>\n  <b><br \/>\n    \u201cEvd\u0259 \u00e7\u00f6r\u0259yimiz d\u0259 yoxdur\u201d<br \/>\n  <\/b>\n<\/p>\n<p>\n  Tural H\u00fcseynov G\u0259nc\u0259 \u015f\u0259h\u0259rinin K\u0259p\u0259z rayonunda ya\u015fay\u0131r. \u00c7ay\u00e7\u0131l\u0131qla m\u0259\u015f\u011ful olur. Bir ne\u00e7\u0259 g\u00fcnd\u00fcr ki, koronavirusla ba\u011fl\u0131 \u00f6lk\u0259 \u0259razisind\u0259 elan olunmu\u015f karantin t\u0259dbirl\u0259ri daxilind\u0259 obyekt f\u0259aliyy\u0259tini dayand\u0131r\u0131b. Onsuz da qay\u011f\u0131larla z\u0259ngin olan ail\u0259nin narahtl\u0131\u011f\u0131 yegan\u0259 dolan\u0131\u015f\u0131q yeri olan obyektin ba\u011flanmas\u0131ndan sonra daha da art\u0131b. Tural H\u00fcseynov deyir, h\u00f6kum\u0259t bel\u0259 ail\u0259l\u0259r\u0259 k\u00f6m\u0259k el\u0259m\u0259s\u0259, v\u0259ziyy\u0259t daha da a\u011f\u0131rla\u015facaq:\n<\/p>\n<p>\n  \u201cAtam ya\u015fl\u0131 insand\u0131r, \u00f6z\u00fcm d\u0259 \u0259s\u0259b x\u0259st\u0259siy\u0259m, bu v\u0259ziyy\u0259t bizi daha da ruhdan sal\u0131r. Evd\u0259 \u00e7\u00f6r\u0259yimiz d\u0259 yoxdur. Dolan\u0131\u015f\u0131\u011f\u0131m\u0131z g\u00fcnd\u0259lik qapik-quru\u015fdan \u00e7\u0131x\u0131rd\u0131, ordan qazan\u0131b, ordan da \u00e7\u00f6r\u0259y\u0259, \u0259rza\u011fa verirdik, ya\u015fay\u0131rd\u0131q. \u0130ndi qazanc k\u0259silib, h\u00f6kum\u0259td\u0259n d\u0259 s\u0259s \u00e7\u0131xm\u0131r\u201d.\n<\/p>\n<p>\n  <b><br \/>\n    \u201cBu vurhavurda g\u0259lib qaz\u0131 da k\u0259sdil\u0259r\u201d<br \/>\n  <\/b>\n<\/p>\n<p>\n  H\u00fcseynovlar ail\u0259sinin daha bir problemi qaz x\u0259ttinin k\u0259silm\u0259siyl\u0259 ba\u011fl\u0131d\u0131r:\n<\/p>\n<p>\n  \u201cBu vurhavurda qaz idar\u0259si d\u0259 g\u0259lib qaz\u0131 k\u0259sib, gedib. Ail\u0259likc\u0259 soyuqdan donuruq. \u0130\u015f oras\u0131ndad\u0131r ki, bu g\u00fcn istiliksiz qalma\u011f\u0131m\u0131z\u0131n s\u0259b\u0259bkar\u0131 el\u0259 qaz idar\u0259si \u00f6z\u00fcd\u00fcr. Vaxt\u0131nda n\u0259zar\u0259t etm\u0259yibl\u0259r, klapan xarab olub, qaz havaya u\u00e7ub, ancaq s\u0259rfiyyat kimi bizim aya\u011f\u0131m\u0131za yaz\u0131blar, halbuki, dediyim kimi, i\u015fl\u0259tm\u0259mi\u015fik, n\u0259zar\u0259t\u00e7il\u0259rin s\u0259hl\u0259nkarl\u0131\u011f\u0131 \u00fcz\u00fcnd\u0259n havaya u\u00e7ub. V\u0259t\u0259nda\u015f m\u00fct\u0259x\u0259ssis deyil ki, n\u0259zar\u0259t ed\u0259, vaxt\u0131nda x\u0259b\u0259r tutub idar\u0259y\u0259 bildir\u0259&#8230; Bunun \u00fc\u00e7\u00fcn qaz idar\u0259sinin i\u015f\u00e7il\u0259ri var, z\u0259hm\u0259t \u00e7\u0259kib vaxt\u0131nda n\u0259zar\u0259t ed\u0259ydil\u0259r, qar\u015f\u0131s\u0131n\u0131 alayd\u0131lar. Adama t\u0259sir ed\u0259n odur ki, h\u0259r n\u0259 s\u0259b\u0259b olursa olsun, xalq\u0131n indiki durumunda, insanlar\u0131n onsuz da g\u0259rgin vaxt\u0131nda g\u0259lib qaz\u0131 k\u0259sirl\u0259r. Dediyim kimi, evd\u0259 ya\u015fl\u0131, x\u0259st\u0259 valideynl\u0259rim, azya\u015fl\u0131lar var\u201d.\n<\/p>\n<figure class=\"wp-block-image size-large\">\n  <img decoding=\"async\" src=\"https:\/\/www.meydan.tv\/az\/image_from_ios-4-jpg-124\/\" alt=\"image_from_ios (4).jpg\" class=\"wp-image-139966\"\/><figcaption>\n    Tural H\u00fcseynov<br \/>\n  <\/figcaption><\/figure>\n<p>\n  <b><br \/>\n    \u201cS\u0259simizi aidiyy\u0259ti qurumlara \u00e7atd\u0131r\u0131n\u201d<br \/>\n  <\/b>\n<\/p>\n<p>\n  Tural H\u00fcseynov deyir, mart\u0131n 28-d\u0259 \u201cAz\u0259riqaz\u201d\u0131n \u201cQaynar x\u0259tt\u201din\u0259 d\u0259 z\u0259ng vurub:\n<\/p>\n<p>\n  \u201cQaynar x\u0259tt\u0259 z\u0259ng vurdum, v\u0259ziyy\u0259ti ba\u015fa sald\u0131m, dedim, he\u00e7 olmasa g\u0259lib x\u0259tti birl\u0259\u015fdirsinl\u0259r, karantin m\u00fcdd\u0259ti bit\u0259n\u0259d\u0259k imkan versinl\u0259r, ba\u015f\u0131m\u0131z\u0131 birt\u0259h\u0259r saxlayaq, sonra g\u00f6r\u0259k n\u0259 olacaq. M\u0259nim indi \u201cAz\u0259riqaz\u201dla m\u0259s\u0259l\u0259 ayd\u0131nla\u015fd\u0131racaq hal\u0131m yoxdur. Z\u0259ngl\u0259rimin d\u0259 he\u00e7 bir faydas\u0131 olmad\u0131. Deyirl\u0259r, bu virus soyuqda daha da inki\u015faf edir, evimd\u0259 ya\u015fl\u0131 insanlar var, ax\u0131 onlar buna d\u00f6z\u0259 bilm\u0259zl\u0259r. Xahi\u015f edir\u0259m, s\u0259simizi aidiyy\u0259ti qurumlara \u00e7atd\u0131r\u0131n, biz\u0259 k\u00f6m\u0259k etsinl\u0259r\u201d.\n<\/p>\n<p>\n  Regional Qaz \u0130stismar \u0130dar\u0259sinin G\u0259nc\u0259 Xidm\u0259t Sah\u0259sind\u0259n bildirilib ki, Ya\u015far H\u0259sr\u0259t \u018fliyev Qarda\u015flar\u0131 k\u00fc\u00e7\u0259si bina 10, m\u0259nzil 14 \u00fcnvan\u0131na qaz\u0131n verili\u015fi s\u0259rfiyyata g\u00f6r\u0259 y\u0131\u011f\u0131lm\u0131\u015f 138 manat m\u0259bl\u0259\u011find\u0259 borca g\u00f6r\u0259 k\u0259silib. Qaz verili\u015fi dayand\u0131r\u0131lmam\u0131\u015fdan \u0259vv\u0259ls\u0259 k\u00f6hn\u0259 qaz say\u011fac\u0131nda problem oldu\u011funa g\u00f6r\u0259 yenisi il\u0259 \u0259v\u0259zl\u0259nib.\n<\/p>\n<p>\n  K\u0259p\u0259z Rayon \u0130cra Hakimiyy\u0259tind\u0259n bildirilib ki, koronavirusla ba\u011fl\u0131 \u00f6lk\u0259 \u0259razisind\u0259 elan olunmu\u015f karantin m\u00fcdd\u0259tind\u0259 qapad\u0131lm\u0131\u015f qeyri-b\u00fcdc\u0259 t\u0259\u015fkilatlar\u0131na d\u00f6vl\u0259tin sosial d\u0259st\u0259yi h\u00f6kum\u0259tin ver\u0259c\u0259yi q\u0259rarlardan as\u0131l\u0131 olacaq. Haz\u0131rda bel\u0259 bir q\u0259rar yoxdur.<\/p>\n","protected":false},"excerpt":{"rendered":"<p>&#8220;Ail\u0259likc\u0259 soyuqdan donuruq&#8221;<\/p>\n","protected":false},"author":11,"featured_media":139963,"comment_status":"closed","ping_status":"open","sticky":false,"template":"","format":"standard","meta":{"_acf_changed":false,"_sitemap_exclude":false,"_sitemap_priority":"","_sitemap_frequency":"","footnotes":""},"categories":[60],"tags":[],"class_list":["post-199931","post","type-post","status-publish","format-standard","has-post-thumbnail","hentry","category-bolge","infinite-scroll-item","generate-columns","tablet-grid-50","mobile-grid-100","grid-parent","grid-33","no-featured-image-padding"],"acf":[],"yoast_head":"<!-- This site is optimized with the Yoast SEO plugin v27.5 - https:\/\/yoast.com\/product\/yoast-seo-wordpress\/ -->\n<title>K\u0259p\u0259z sakini: Karantin vaxt\u0131 g\u0259lib qaz\u0131 k\u0259sdil\u0259r - MEYDAN.TV<\/title>\n<meta name=\"robots\" content=\"index, follow, max-snippet:-1, max-image-preview:large, max-video-preview:-1\" \/>\n<link rel=\"canonical\" href=\"https:\/\/www.meydan.tv\/az\/article\/kepez-sakini-karantin-vaxti-gelib-qazi-kesdiler\/\" \/>\n<meta property=\"og:locale\" content=\"az_AZ\" \/>\n<meta property=\"og:type\" content=\"article\" \/>\n<meta property=\"og:title\" content=\"K\u0259p\u0259z sakini: Karantin vaxt\u0131 g\u0259lib qaz\u0131 k\u0259sdil\u0259r - MEYDAN.TV\" \/>\n<meta property=\"og:description\" content=\"&quot;Ail\u0259likc\u0259 soyuqdan donuruq&quot;\" \/>\n<meta property=\"og:url\" content=\"https:\/\/www.meydan.tv\/az\/article\/kepez-sakini-karantin-vaxti-gelib-qazi-kesdiler\/\" \/>\n<meta property=\"og:site_name\" content=\"MEYDAN.TV\" \/>\n<meta property=\"article:published_time\" content=\"2020-03-31T20:33:38+00:00\" \/>\n<meta property=\"og:image\" content=\"https:\/\/www.meydan.tv\/wp-content\/uploads\/image_from_ios_3_awneimg.jpg\" \/>\n\t<meta property=\"og:image:width\" content=\"1024\" \/>\n\t<meta property=\"og:image:height\" content=\"575\" \/>\n\t<meta property=\"og:image:type\" content=\"image\/jpeg\" \/>\n<meta name=\"author\" content=\"user-manager\" \/>\n<meta name=\"twitter:card\" content=\"summary_large_image\" \/>\n<script type=\"application\/ld+json\" class=\"yoast-schema-graph\">{\"@context\":\"https:\\\/\\\/schema.org\",\"@graph\":[{\"@type\":\"Article\",\"@id\":\"https:\\\/\\\/www.meydan.tv\\\/az\\\/article\\\/kepez-sakini-karantin-vaxti-gelib-qazi-kesdiler\\\/#article\",\"isPartOf\":{\"@id\":\"https:\\\/\\\/www.meydan.tv\\\/az\\\/article\\\/kepez-sakini-karantin-vaxti-gelib-qazi-kesdiler\\\/\"},\"author\":{\"name\":\"user-manager\",\"@id\":\"https:\\\/\\\/www.meydan.tv\\\/az\\\/#\\\/schema\\\/person\\\/10d11eccf6da3662cf5fdab9806ea91a\"},\"headline\":\"K\u0259p\u0259z sakini: Karantin vaxt\u0131 g\u0259lib qaz\u0131 k\u0259sdil\u0259r\",\"datePublished\":\"2020-03-31T20:33:38+00:00\",\"mainEntityOfPage\":{\"@id\":\"https:\\\/\\\/www.meydan.tv\\\/az\\\/article\\\/kepez-sakini-karantin-vaxti-gelib-qazi-kesdiler\\\/\"},\"wordCount\":716,\"publisher\":{\"@id\":\"https:\\\/\\\/www.meydan.tv\\\/az\\\/#organization\"},\"image\":{\"@id\":\"https:\\\/\\\/www.meydan.tv\\\/az\\\/article\\\/kepez-sakini-karantin-vaxti-gelib-qazi-kesdiler\\\/#primaryimage\"},\"thumbnailUrl\":\"https:\\\/\\\/www.meydan.tv\\\/wp-content\\\/uploads\\\/image_from_ios_3_awneimg.jpg\",\"articleSection\":[\"B\u00f6lg\u0259\"],\"inLanguage\":\"az\"},{\"@type\":\"WebPage\",\"@id\":\"https:\\\/\\\/www.meydan.tv\\\/az\\\/article\\\/kepez-sakini-karantin-vaxti-gelib-qazi-kesdiler\\\/\",\"url\":\"https:\\\/\\\/www.meydan.tv\\\/az\\\/article\\\/kepez-sakini-karantin-vaxti-gelib-qazi-kesdiler\\\/\",\"name\":\"K\u0259p\u0259z sakini: Karantin vaxt\u0131 g\u0259lib qaz\u0131 k\u0259sdil\u0259r - MEYDAN.TV\",\"isPartOf\":{\"@id\":\"https:\\\/\\\/www.meydan.tv\\\/az\\\/#website\"},\"primaryImageOfPage\":{\"@id\":\"https:\\\/\\\/www.meydan.tv\\\/az\\\/article\\\/kepez-sakini-karantin-vaxti-gelib-qazi-kesdiler\\\/#primaryimage\"},\"image\":{\"@id\":\"https:\\\/\\\/www.meydan.tv\\\/az\\\/article\\\/kepez-sakini-karantin-vaxti-gelib-qazi-kesdiler\\\/#primaryimage\"},\"thumbnailUrl\":\"https:\\\/\\\/www.meydan.tv\\\/wp-content\\\/uploads\\\/image_from_ios_3_awneimg.jpg\",\"datePublished\":\"2020-03-31T20:33:38+00:00\",\"breadcrumb\":{\"@id\":\"https:\\\/\\\/www.meydan.tv\\\/az\\\/article\\\/kepez-sakini-karantin-vaxti-gelib-qazi-kesdiler\\\/#breadcrumb\"},\"inLanguage\":\"az\",\"potentialAction\":[{\"@type\":\"ReadAction\",\"target\":[\"https:\\\/\\\/www.meydan.tv\\\/az\\\/article\\\/kepez-sakini-karantin-vaxti-gelib-qazi-kesdiler\\\/\"]}]},{\"@type\":\"ImageObject\",\"inLanguage\":\"az\",\"@id\":\"https:\\\/\\\/www.meydan.tv\\\/az\\\/article\\\/kepez-sakini-karantin-vaxti-gelib-qazi-kesdiler\\\/#primaryimage\",\"url\":\"https:\\\/\\\/www.meydan.tv\\\/wp-content\\\/uploads\\\/image_from_ios_3_awneimg.jpg\",\"contentUrl\":\"https:\\\/\\\/www.meydan.tv\\\/wp-content\\\/uploads\\\/image_from_ios_3_awneimg.jpg\",\"width\":1024,\"height\":575,\"caption\":\"Source: Specify Source\"},{\"@type\":\"BreadcrumbList\",\"@id\":\"https:\\\/\\\/www.meydan.tv\\\/az\\\/article\\\/kepez-sakini-karantin-vaxti-gelib-qazi-kesdiler\\\/#breadcrumb\",\"itemListElement\":[{\"@type\":\"ListItem\",\"position\":1,\"name\":\"Ana s\u0259hif\u0259\",\"item\":\"https:\\\/\\\/www.meydan.tv\\\/az\\\/\"},{\"@type\":\"ListItem\",\"position\":2,\"name\":\"B\u00f6lg\u0259\",\"item\":\"https:\\\/\\\/www.meydan.tv\\\/az\\\/section\\\/bolge\\\/\"},{\"@type\":\"ListItem\",\"position\":3,\"name\":\"K\u0259p\u0259z sakini: Karantin vaxt\u0131 g\u0259lib qaz\u0131 k\u0259sdil\u0259r\"}]},{\"@type\":\"WebSite\",\"@id\":\"https:\\\/\\\/www.meydan.tv\\\/az\\\/#website\",\"url\":\"https:\\\/\\\/www.meydan.tv\\\/az\\\/\",\"name\":\"MEYDAN.TV\",\"description\":\"Meydan TV Az\u0259rbaycan\u0131n media m\u0259kan\u0131ndak\u0131 alternativ s\u0259sidir\",\"publisher\":{\"@id\":\"https:\\\/\\\/www.meydan.tv\\\/az\\\/#organization\"},\"potentialAction\":[{\"@type\":\"SearchAction\",\"target\":{\"@type\":\"EntryPoint\",\"urlTemplate\":\"https:\\\/\\\/www.meydan.tv\\\/az\\\/?s={search_term_string}\"},\"query-input\":{\"@type\":\"PropertyValueSpecification\",\"valueRequired\":true,\"valueName\":\"search_term_string\"}}],\"inLanguage\":\"az\"},{\"@type\":\"Organization\",\"@id\":\"https:\\\/\\\/www.meydan.tv\\\/az\\\/#organization\",\"name\":\"Meydan TV\",\"url\":\"https:\\\/\\\/www.meydan.tv\\\/az\\\/\",\"logo\":{\"@type\":\"ImageObject\",\"inLanguage\":\"az\",\"@id\":\"https:\\\/\\\/www.meydan.tv\\\/az\\\/#\\\/schema\\\/logo\\\/image\\\/\",\"url\":\"https:\\\/\\\/www.meydan.tv\\\/wp-content\\\/uploads\\\/2021\\\/07\\\/meydan-logo.svg\",\"contentUrl\":\"https:\\\/\\\/www.meydan.tv\\\/wp-content\\\/uploads\\\/2021\\\/07\\\/meydan-logo.svg\",\"width\":195,\"height\":46,\"caption\":\"Meydan TV\"},\"image\":{\"@id\":\"https:\\\/\\\/www.meydan.tv\\\/az\\\/#\\\/schema\\\/logo\\\/image\\\/\"}},{\"@type\":\"Person\",\"@id\":\"https:\\\/\\\/www.meydan.tv\\\/az\\\/#\\\/schema\\\/person\\\/10d11eccf6da3662cf5fdab9806ea91a\",\"name\":\"user-manager\"}]}<\/script>\n<!-- \/ Yoast SEO plugin. -->","yoast_head_json":{"title":"K\u0259p\u0259z sakini: Karantin vaxt\u0131 g\u0259lib qaz\u0131 k\u0259sdil\u0259r - MEYDAN.TV","robots":{"index":"index","follow":"follow","max-snippet":"max-snippet:-1","max-image-preview":"max-image-preview:large","max-video-preview":"max-video-preview:-1"},"canonical":"https:\/\/www.meydan.tv\/az\/article\/kepez-sakini-karantin-vaxti-gelib-qazi-kesdiler\/","og_locale":"az_AZ","og_type":"article","og_title":"K\u0259p\u0259z sakini: Karantin vaxt\u0131 g\u0259lib qaz\u0131 k\u0259sdil\u0259r - MEYDAN.TV","og_description":"\"Ail\u0259likc\u0259 soyuqdan donuruq\"","og_url":"https:\/\/www.meydan.tv\/az\/article\/kepez-sakini-karantin-vaxti-gelib-qazi-kesdiler\/","og_site_name":"MEYDAN.TV","article_published_time":"2020-03-31T20:33:38+00:00","og_image":[{"width":1024,"height":575,"url":"https:\/\/www.meydan.tv\/wp-content\/uploads\/image_from_ios_3_awneimg.jpg","type":"image\/jpeg"}],"author":"user-manager","twitter_card":"summary_large_image","schema":{"@context":"https:\/\/schema.org","@graph":[{"@type":"Article","@id":"https:\/\/www.meydan.tv\/az\/article\/kepez-sakini-karantin-vaxti-gelib-qazi-kesdiler\/#article","isPartOf":{"@id":"https:\/\/www.meydan.tv\/az\/article\/kepez-sakini-karantin-vaxti-gelib-qazi-kesdiler\/"},"author":{"name":"user-manager","@id":"https:\/\/www.meydan.tv\/az\/#\/schema\/person\/10d11eccf6da3662cf5fdab9806ea91a"},"headline":"K\u0259p\u0259z sakini: Karantin vaxt\u0131 g\u0259lib qaz\u0131 k\u0259sdil\u0259r","datePublished":"2020-03-31T20:33:38+00:00","mainEntityOfPage":{"@id":"https:\/\/www.meydan.tv\/az\/article\/kepez-sakini-karantin-vaxti-gelib-qazi-kesdiler\/"},"wordCount":716,"publisher":{"@id":"https:\/\/www.meydan.tv\/az\/#organization"},"image":{"@id":"https:\/\/www.meydan.tv\/az\/article\/kepez-sakini-karantin-vaxti-gelib-qazi-kesdiler\/#primaryimage"},"thumbnailUrl":"https:\/\/www.meydan.tv\/wp-content\/uploads\/image_from_ios_3_awneimg.jpg","articleSection":["B\u00f6lg\u0259"],"inLanguage":"az"},{"@type":"WebPage","@id":"https:\/\/www.meydan.tv\/az\/article\/kepez-sakini-karantin-vaxti-gelib-qazi-kesdiler\/","url":"https:\/\/www.meydan.tv\/az\/article\/kepez-sakini-karantin-vaxti-gelib-qazi-kesdiler\/","name":"K\u0259p\u0259z sakini: Karantin vaxt\u0131 g\u0259lib qaz\u0131 k\u0259sdil\u0259r - MEYDAN.TV","isPartOf":{"@id":"https:\/\/www.meydan.tv\/az\/#website"},"primaryImageOfPage":{"@id":"https:\/\/www.meydan.tv\/az\/article\/kepez-sakini-karantin-vaxti-gelib-qazi-kesdiler\/#primaryimage"},"image":{"@id":"https:\/\/www.meydan.tv\/az\/article\/kepez-sakini-karantin-vaxti-gelib-qazi-kesdiler\/#primaryimage"},"thumbnailUrl":"https:\/\/www.meydan.tv\/wp-content\/uploads\/image_from_ios_3_awneimg.jpg","datePublished":"2020-03-31T20:33:38+00:00","breadcrumb":{"@id":"https:\/\/www.meydan.tv\/az\/article\/kepez-sakini-karantin-vaxti-gelib-qazi-kesdiler\/#breadcrumb"},"inLanguage":"az","potentialAction":[{"@type":"ReadAction","target":["https:\/\/www.meydan.tv\/az\/article\/kepez-sakini-karantin-vaxti-gelib-qazi-kesdiler\/"]}]},{"@type":"ImageObject","inLanguage":"az","@id":"https:\/\/www.meydan.tv\/az\/article\/kepez-sakini-karantin-vaxti-gelib-qazi-kesdiler\/#primaryimage","url":"https:\/\/www.meydan.tv\/wp-content\/uploads\/image_from_ios_3_awneimg.jpg","contentUrl":"https:\/\/www.meydan.tv\/wp-content\/uploads\/image_from_ios_3_awneimg.jpg","width":1024,"height":575,"caption":"Source: Specify Source"},{"@type":"BreadcrumbList","@id":"https:\/\/www.meydan.tv\/az\/article\/kepez-sakini-karantin-vaxti-gelib-qazi-kesdiler\/#breadcrumb","itemListElement":[{"@type":"ListItem","position":1,"name":"Ana s\u0259hif\u0259","item":"https:\/\/www.meydan.tv\/az\/"},{"@type":"ListItem","position":2,"name":"B\u00f6lg\u0259","item":"https:\/\/www.meydan.tv\/az\/section\/bolge\/"},{"@type":"ListItem","position":3,"name":"K\u0259p\u0259z sakini: Karantin vaxt\u0131 g\u0259lib qaz\u0131 k\u0259sdil\u0259r"}]},{"@type":"WebSite","@id":"https:\/\/www.meydan.tv\/az\/#website","url":"https:\/\/www.meydan.tv\/az\/","name":"MEYDAN.TV","description":"Meydan TV Az\u0259rbaycan\u0131n media m\u0259kan\u0131ndak\u0131 alternativ s\u0259sidir","publisher":{"@id":"https:\/\/www.meydan.tv\/az\/#organization"},"potentialAction":[{"@type":"SearchAction","target":{"@type":"EntryPoint","urlTemplate":"https:\/\/www.meydan.tv\/az\/?s={search_term_string}"},"query-input":{"@type":"PropertyValueSpecification","valueRequired":true,"valueName":"search_term_string"}}],"inLanguage":"az"},{"@type":"Organization","@id":"https:\/\/www.meydan.tv\/az\/#organization","name":"Meydan TV","url":"https:\/\/www.meydan.tv\/az\/","logo":{"@type":"ImageObject","inLanguage":"az","@id":"https:\/\/www.meydan.tv\/az\/#\/schema\/logo\/image\/","url":"https:\/\/www.meydan.tv\/wp-content\/uploads\/2021\/07\/meydan-logo.svg","contentUrl":"https:\/\/www.meydan.tv\/wp-content\/uploads\/2021\/07\/meydan-logo.svg","width":195,"height":46,"caption":"Meydan TV"},"image":{"@id":"https:\/\/www.meydan.tv\/az\/#\/schema\/logo\/image\/"}},{"@type":"Person","@id":"https:\/\/www.meydan.tv\/az\/#\/schema\/person\/10d11eccf6da3662cf5fdab9806ea91a","name":"user-manager"}]}},"_links":{"self":[{"href":"https:\/\/www.meydan.tv\/az\/wp-json\/wp\/v2\/posts\/199931","targetHints":{"allow":["GET"]}}],"collection":[{"href":"https:\/\/www.meydan.tv\/az\/wp-json\/wp\/v2\/posts"}],"about":[{"href":"https:\/\/www.meydan.tv\/az\/wp-json\/wp\/v2\/types\/post"}],"author":[{"embeddable":true,"href":"https:\/\/www.meydan.tv\/az\/wp-json\/wp\/v2\/users\/11"}],"replies":[{"embeddable":true,"href":"https:\/\/www.meydan.tv\/az\/wp-json\/wp\/v2\/comments?post=199931"}],"version-history":[{"count":0,"href":"https:\/\/www.meydan.tv\/az\/wp-json\/wp\/v2\/posts\/199931\/revisions"}],"wp:featuredmedia":[{"embeddable":true,"href":"https:\/\/www.meydan.tv\/az\/wp-json\/wp\/v2\/media\/139963"}],"wp:attachment":[{"href":"https:\/\/www.meydan.tv\/az\/wp-json\/wp\/v2\/media?parent=199931"}],"wp:term":[{"taxonomy":"category","embeddable":true,"href":"https:\/\/www.meydan.tv\/az\/wp-json\/wp\/v2\/categories?post=199931"},{"taxonomy":"post_tag","embeddable":true,"href":"https:\/\/www.meydan.tv\/az\/wp-json\/wp\/v2\/tags?post=199931"}],"curies":[{"name":"wp","href":"https:\/\/api.w.org\/{rel}","templated":true}]}}