{"id":199930,"date":"2020-03-31T17:50:58","date_gmt":"2020-03-31T17:50:58","guid":{"rendered":"https:\/\/www.meydan.tv\/article\/mollakend-sakinler-kur-qiraginin-seyrengahindan-eser-elamet-qalmayib\/"},"modified":"2020-03-31T17:50:58","modified_gmt":"2020-03-31T17:50:58","slug":"mollakend-sakinler-kur-qiraginin-seyrengahindan-eser-elamet-qalmayib","status":"publish","type":"post","link":"https:\/\/www.meydan.tv\/az\/article\/mollakend-sakinler-kur-qiraginin-seyrengahindan-eser-elamet-qalmayib\/","title":{"rendered":"Mollak\u0259nd sakinl\u0259r: K\u00fcr q\u0131ra\u011f\u0131n\u0131n seyr\u0259ngah\u0131ndan \u0259s\u0259r-\u0259lam\u0259t qalmay\u0131b"},"content":{"rendered":"<p>\n  <i><br \/>\n    \u00c7ay\u0131n sahili zibilin i\u00e7ind\u0259 itib-bat\u0131r<br \/>\n  <\/i>\n<\/p>\n<p>\n  K\u00fcrd\u0259mir rayonu, Mollak\u0259nd k\u0259ndi yax\u0131nl\u0131\u011f\u0131nda, K\u00fcr \u00e7ay\u0131n\u0131n sahilboyu \u0259razisi m\u0259i\u015f\u0259t tullant\u0131lar\u0131 il\u0259 \u00e7irkl\u0259ndirilir. G\u00fcn\u00fcn m\u00fcxt\u0259lif saatlar\u0131nda b\u00f6y\u00fck ma\u015f\u0131nlarla \u0259raziy\u0259 zibil tullant\u0131lar\u0131 g\u0259tiril\u0259r\u0259k, bo\u015fald\u0131l\u0131r. Aran zonas\u0131n\u0131n yegan\u0259 i\u00e7m\u0259li su m\u0259nb\u0259yinin m\u0259i\u015f\u0259t tullant\u0131lar\u0131 il\u0259 \u00e7irkl\u0259ndirilm\u0259si yax\u0131nl\u0131qda ya\u015fayan sakinl\u0259ri d\u0259 narahat edir. Sahilboyu geni\u015f bir \u0259razi is\u0259 ac\u0131nacaql\u0131 v\u0259ziyy\u0259td\u0259dir. \u018ftrafdak\u0131 a\u011faclar\u0131n yan-y\u00f6r\u0259si i\u00e7ki butulkalar\u0131, su \u015fir\u0259si qablar\u0131, m\u00fcxt\u0259lif c\u00fcr tullant\u0131larla a\u015f\u0131b-da\u015f\u0131r.\n<\/p>\n<p>\n  \u201cArt\u0131q K\u00fcr q\u0131ra\u011f\u0131n\u0131n \u0259c\u0259b seyr\u0259ngah\u0131ndan \u0259s\u0259r-\u0259lam\u0259t qalmay\u0131b. \u00c7ay\u0131n sahili az qals\u0131n zir-zibil i\u00e7ind\u0259 itib-bat\u0131r. Bax\u0131n, t\u0259bi\u0259tin g\u00f6z\u0259l m\u0259nz\u0259r\u0259si insan \u0259li il\u0259 \u00e7irkl\u0259ndirilib, b\u0259rbad bir hala sal\u0131n\u0131b\u201d.\n<\/p>\n<p>\n  Bu s\u00f6zl\u0259ri Meydan TV-y\u0259 K\u00fcrd\u0259mir rayonu Mollak\u0259nd k\u0259ndinin sakini Vahid \u018fliyev s\u00f6yl\u0259yir. Deyir ki, k\u0259nd camaat\u0131 bundan naraz\u0131 v\u0259 narahatd\u0131r. \u015eikay\u0259t\u00e7i onu da bildirir ki, yax\u0131nl\u0131qda ya\u015fayanlar m\u0259i\u015f\u0259t tullant\u0131lar\u0131n\u0131 el\u0259 \u00e7ay\u0131n k\u0259nar\u0131na at\u0131r. S\u0259b\u0259b kimi is\u0259 orada zibil qablar\u0131n\u0131n olmamas\u0131n\u0131 g\u00f6st\u0259rirl\u0259r:\n<\/p>\n<p>\n  \u201cYax\u0131nl\u0131qda Mollak\u0259nd Mexaniki Suvarma \u0130dar\u0259si yerl\u0259\u015fir. \u018frazi onlar\u0131n balans\u0131ndad\u0131r, d\u00fc\u015f\u00fcn\u00fcr\u0259m ki, buna g\u00f6r\u0259 onlar da narahat olmal\u0131d\u0131r. He\u00e7 olmasa v\u0259ziyy\u0259t\u0259 n\u0259zar\u0259t etsinl\u0259r. Bel\u0259 nat\u0259mizlik, \u00f6zba\u015f\u0131nal\u0131q olmaz\u201d.\n<\/p>\n<figure class=\"wp-block-image size-large\">\n  <img decoding=\"async\" src=\"https:\/\/www.meydan.tv\/az\/image_from_ios-3-jpg-87\/\" alt=\"image_from_ios (3).jpg\" class=\"wp-image-139951\"\/><figcaption>\n    &#8220;Sahilboyu geni\u015f bir \u0259razi is\u0259 ac\u0131nacaql\u0131 v\u0259ziyy\u0259td\u0259dir&#8221;<br \/>\n  <\/figcaption><\/figure>\n<p>\n  \u201cBurada el\u0259 a\u011faclar var ki, n\u00f6v\u00fcn\u0259 g\u00f6r\u0259 nadir hesab olunur. Amma onlar\u0131n t\u0259n ortas\u0131nda olan b\u00f6y\u00fck bir zibilxanaya baxanda, adam dem\u0259y\u0259 s\u00f6z tapm\u0131r. Onu da deyim ki, Sar\u0131su g\u00f6l\u00fc b\u00f6l\u00fcm\u00fcn\u00fcn k\u0259nar\u0131nda olan me\u015f\u0259lik d\u0259 zibillik i\u00e7ind\u0259dir. Halbuki, h\u0259min \u0259razi qoruqdur. Sar\u0131s\u0131 Az\u0259rbaycanda X\u0259z\u0259r d\u0259nizind\u0259n sonra ikinci b\u00f6y\u00fck g\u00f6ld\u00fcr. \u00dcmimiyy\u0259tl\u0259, K\u00fcr \u00e7ay\u0131n\u0131n \u0259traf\u0131 b\u0259rbad v\u0259ziyy\u0259td\u0259dir\u201d, -El\u015f\u0259n \u018fhm\u0259dov deyir.\n<\/p>\n<p>\n  K\u0259nd sakini Nazim Mirz\u0259yev m\u00fcvafiq idar\u0259l\u0259ri ittiham edir. Deyir ki, zibil qablar\u0131 qoyulsa, m\u0259i\u015f\u0259t tullant\u0131lar\u0131 vaxtl\u0131-vaxt\u0131nda da\u015f\u0131nsa, yerli camaat zibill\u0259rini \u00e7ay sahilin\u0259 t\u00f6km\u0259y\u0259 m\u0259cbur qalmaz:\n<\/p>\n<p>\n  \u201cProblem t\u0259k burada deyil, K\u00fcr \u00e7ay\u0131n\u0131n sahilboyu \u0259razil\u0259rind\u0259 d\u0259 v\u0259ziyy\u0259t eynidir. \u018fks\u0259r hallarda tullant\u0131lar birba\u015fa \u00e7ay\u0131n i\u00e7in\u0259 t\u00f6k\u00fcl\u00fcr. Mollak\u0259nd\u0259 zibil qablar\u0131 qoyulmay\u0131b. \u018fsas\u0259n k\u0259nd sakinl\u0259ri zibili ma\u015f\u0131nlarla da\u015f\u0131y\u0131b h\u0259min \u0259raziy\u0259 t\u00f6k\u00fcr. Zibill\u0259rin sahilboyu \u0259razil\u0259rd\u0259n t\u0259mizl\u0259nm\u0259m\u0259si \u0259trafda xo\u015fag\u0259lm\u0259z iyinin yaranmas\u0131na s\u0259b\u0259b olur\u201d.\n<\/p>\n<p>\n  M\u0259s\u0259l\u0259 il\u0259 ba\u011fl\u0131 Mollak\u0259nd B\u0259l\u0259diyy\u0259sinin s\u0259dri Nof\u0259l Qas\u0131movun m\u00fcnasib\u0259tini \u00f6yr\u0259nm\u0259k m\u00fcmk\u00fcn olmay\u0131b.\n<\/p>\n<p>\n  K\u00fcrd\u0259mir Rayon \u0130cra Hakimiyy\u0259tinin \u0130nformasiya t\u0259minat\u0131 v\u0259 t\u0259hlili sektorundan bildirilib ki, h\u0259min \u0259razi il\u0259 ba\u011fl\u0131 qaynar x\u0259tt\u0259 h\u0259r hans\u0131 bir \u015fikay\u0259t daxil olmay\u0131b.\n<\/p>\n<p>\n  Qurumun \u0130ctimai-siyasi v\u0259 h\u00fcmanitar m\u0259s\u0259l\u0259l\u0259r \u015f\u00f6b\u0259sind\u0259n is\u0259 Meydan TV \u0259m\u0259kda\u015f\u0131na bildirilib ki, Mollak\u0259nd k\u0259ndi \u0259razisind\u0259 kommunal m\u00fc\u0259ssis\u0259l\u0259r kombinat\u0131 yoxdur:\n<\/p>\n<p>\n  \u201cZibil qablar\u0131 \u015f\u0259h\u0259r\u0259 v\u0259 ona yax\u0131n \u0259razil\u0259r\u0259 qoyulur. K\u0259ndd\u0259 camaat zibilini uzaqba\u015f\u0131 h\u0259y\u0259tind\u0259 toplay\u0131b yand\u0131ra bil\u0259r\u201d.\n<\/p>\n<figure class=\"wp-block-image size-large\">\n  <img decoding=\"async\" src=\"https:\/\/www.meydan.tv\/az\/image_from_ios-1-jpg-122\/\" alt=\"image_from_ios (1).jpg\" class=\"wp-image-139945\"\/><figcaption>\n    &#8220;\u00c7ay\u0131n sahili az qals\u0131n zir-zibil i\u00e7ind\u0259 itib-bat\u0131r&#8221;<br \/>\n  <\/figcaption><\/figure>\n","protected":false},"excerpt":{"rendered":"<p>&#8220;\u018frazi onlar\u0131n balans\u0131ndad\u0131r, d\u00fc\u015f\u00fcn\u00fcr\u0259m ki, buna g\u00f6r\u0259 onlar da narahat olmal\u0131d\u0131r&#8221;<\/p>\n","protected":false},"author":11,"featured_media":139939,"comment_status":"closed","ping_status":"open","sticky":false,"template":"","format":"standard","meta":{"_acf_changed":false,"_sitemap_exclude":false,"_sitemap_priority":"","_sitemap_frequency":"","footnotes":""},"categories":[60],"tags":[],"class_list":["post-199930","post","type-post","status-publish","format-standard","has-post-thumbnail","hentry","category-bolge","infinite-scroll-item","generate-columns","tablet-grid-50","mobile-grid-100","grid-parent","grid-33","no-featured-image-padding"],"acf":[],"yoast_head":"<!-- This site is optimized with the Yoast SEO plugin v27.5 - https:\/\/yoast.com\/product\/yoast-seo-wordpress\/ -->\n<title>Mollak\u0259nd sakinl\u0259r: K\u00fcr q\u0131ra\u011f\u0131n\u0131n seyr\u0259ngah\u0131ndan \u0259s\u0259r-\u0259lam\u0259t qalmay\u0131b - MEYDAN.TV<\/title>\n<meta name=\"robots\" content=\"index, follow, max-snippet:-1, max-image-preview:large, max-video-preview:-1\" \/>\n<link rel=\"canonical\" href=\"https:\/\/www.meydan.tv\/az\/article\/mollakend-sakinler-kur-qiraginin-seyrengahindan-eser-elamet-qalmayib\/\" \/>\n<meta property=\"og:locale\" content=\"az_AZ\" \/>\n<meta property=\"og:type\" content=\"article\" \/>\n<meta property=\"og:title\" content=\"Mollak\u0259nd sakinl\u0259r: K\u00fcr q\u0131ra\u011f\u0131n\u0131n seyr\u0259ngah\u0131ndan \u0259s\u0259r-\u0259lam\u0259t qalmay\u0131b - MEYDAN.TV\" \/>\n<meta property=\"og:description\" content=\"&quot;\u018frazi onlar\u0131n balans\u0131ndad\u0131r, d\u00fc\u015f\u00fcn\u00fcr\u0259m ki, buna g\u00f6r\u0259 onlar da narahat olmal\u0131d\u0131r&quot;\" \/>\n<meta property=\"og:url\" content=\"https:\/\/www.meydan.tv\/az\/article\/mollakend-sakinler-kur-qiraginin-seyrengahindan-eser-elamet-qalmayib\/\" \/>\n<meta property=\"og:site_name\" content=\"MEYDAN.TV\" \/>\n<meta property=\"article:published_time\" content=\"2020-03-31T17:50:58+00:00\" \/>\n<meta property=\"og:image\" content=\"https:\/\/www.meydan.tv\/wp-content\/uploads\/image_from_ios_zt8nylj.jpg\" \/>\n\t<meta property=\"og:image:width\" content=\"1280\" \/>\n\t<meta property=\"og:image:height\" content=\"720\" \/>\n\t<meta property=\"og:image:type\" content=\"image\/jpeg\" \/>\n<meta name=\"author\" content=\"user-manager\" \/>\n<meta name=\"twitter:card\" content=\"summary_large_image\" \/>\n<script type=\"application\/ld+json\" class=\"yoast-schema-graph\">{\"@context\":\"https:\\\/\\\/schema.org\",\"@graph\":[{\"@type\":\"Article\",\"@id\":\"https:\\\/\\\/www.meydan.tv\\\/az\\\/article\\\/mollakend-sakinler-kur-qiraginin-seyrengahindan-eser-elamet-qalmayib\\\/#article\",\"isPartOf\":{\"@id\":\"https:\\\/\\\/www.meydan.tv\\\/az\\\/article\\\/mollakend-sakinler-kur-qiraginin-seyrengahindan-eser-elamet-qalmayib\\\/\"},\"author\":{\"name\":\"user-manager\",\"@id\":\"https:\\\/\\\/www.meydan.tv\\\/az\\\/#\\\/schema\\\/person\\\/10d11eccf6da3662cf5fdab9806ea91a\"},\"headline\":\"Mollak\u0259nd sakinl\u0259r: K\u00fcr q\u0131ra\u011f\u0131n\u0131n seyr\u0259ngah\u0131ndan \u0259s\u0259r-\u0259lam\u0259t qalmay\u0131b\",\"datePublished\":\"2020-03-31T17:50:58+00:00\",\"mainEntityOfPage\":{\"@id\":\"https:\\\/\\\/www.meydan.tv\\\/az\\\/article\\\/mollakend-sakinler-kur-qiraginin-seyrengahindan-eser-elamet-qalmayib\\\/\"},\"wordCount\":682,\"publisher\":{\"@id\":\"https:\\\/\\\/www.meydan.tv\\\/az\\\/#organization\"},\"image\":{\"@id\":\"https:\\\/\\\/www.meydan.tv\\\/az\\\/article\\\/mollakend-sakinler-kur-qiraginin-seyrengahindan-eser-elamet-qalmayib\\\/#primaryimage\"},\"thumbnailUrl\":\"https:\\\/\\\/www.meydan.tv\\\/wp-content\\\/uploads\\\/image_from_ios_zt8nylj.jpg\",\"articleSection\":[\"B\u00f6lg\u0259\"],\"inLanguage\":\"az\"},{\"@type\":\"WebPage\",\"@id\":\"https:\\\/\\\/www.meydan.tv\\\/az\\\/article\\\/mollakend-sakinler-kur-qiraginin-seyrengahindan-eser-elamet-qalmayib\\\/\",\"url\":\"https:\\\/\\\/www.meydan.tv\\\/az\\\/article\\\/mollakend-sakinler-kur-qiraginin-seyrengahindan-eser-elamet-qalmayib\\\/\",\"name\":\"Mollak\u0259nd sakinl\u0259r: K\u00fcr q\u0131ra\u011f\u0131n\u0131n seyr\u0259ngah\u0131ndan \u0259s\u0259r-\u0259lam\u0259t qalmay\u0131b - MEYDAN.TV\",\"isPartOf\":{\"@id\":\"https:\\\/\\\/www.meydan.tv\\\/az\\\/#website\"},\"primaryImageOfPage\":{\"@id\":\"https:\\\/\\\/www.meydan.tv\\\/az\\\/article\\\/mollakend-sakinler-kur-qiraginin-seyrengahindan-eser-elamet-qalmayib\\\/#primaryimage\"},\"image\":{\"@id\":\"https:\\\/\\\/www.meydan.tv\\\/az\\\/article\\\/mollakend-sakinler-kur-qiraginin-seyrengahindan-eser-elamet-qalmayib\\\/#primaryimage\"},\"thumbnailUrl\":\"https:\\\/\\\/www.meydan.tv\\\/wp-content\\\/uploads\\\/image_from_ios_zt8nylj.jpg\",\"datePublished\":\"2020-03-31T17:50:58+00:00\",\"breadcrumb\":{\"@id\":\"https:\\\/\\\/www.meydan.tv\\\/az\\\/article\\\/mollakend-sakinler-kur-qiraginin-seyrengahindan-eser-elamet-qalmayib\\\/#breadcrumb\"},\"inLanguage\":\"az\",\"potentialAction\":[{\"@type\":\"ReadAction\",\"target\":[\"https:\\\/\\\/www.meydan.tv\\\/az\\\/article\\\/mollakend-sakinler-kur-qiraginin-seyrengahindan-eser-elamet-qalmayib\\\/\"]}]},{\"@type\":\"ImageObject\",\"inLanguage\":\"az\",\"@id\":\"https:\\\/\\\/www.meydan.tv\\\/az\\\/article\\\/mollakend-sakinler-kur-qiraginin-seyrengahindan-eser-elamet-qalmayib\\\/#primaryimage\",\"url\":\"https:\\\/\\\/www.meydan.tv\\\/wp-content\\\/uploads\\\/image_from_ios_zt8nylj.jpg\",\"contentUrl\":\"https:\\\/\\\/www.meydan.tv\\\/wp-content\\\/uploads\\\/image_from_ios_zt8nylj.jpg\",\"width\":1280,\"height\":720,\"caption\":\"Source: Specify Source\"},{\"@type\":\"BreadcrumbList\",\"@id\":\"https:\\\/\\\/www.meydan.tv\\\/az\\\/article\\\/mollakend-sakinler-kur-qiraginin-seyrengahindan-eser-elamet-qalmayib\\\/#breadcrumb\",\"itemListElement\":[{\"@type\":\"ListItem\",\"position\":1,\"name\":\"Ana s\u0259hif\u0259\",\"item\":\"https:\\\/\\\/www.meydan.tv\\\/az\\\/\"},{\"@type\":\"ListItem\",\"position\":2,\"name\":\"B\u00f6lg\u0259\",\"item\":\"https:\\\/\\\/www.meydan.tv\\\/az\\\/section\\\/bolge\\\/\"},{\"@type\":\"ListItem\",\"position\":3,\"name\":\"Mollak\u0259nd sakinl\u0259r: K\u00fcr q\u0131ra\u011f\u0131n\u0131n seyr\u0259ngah\u0131ndan \u0259s\u0259r-\u0259lam\u0259t qalmay\u0131b\"}]},{\"@type\":\"WebSite\",\"@id\":\"https:\\\/\\\/www.meydan.tv\\\/az\\\/#website\",\"url\":\"https:\\\/\\\/www.meydan.tv\\\/az\\\/\",\"name\":\"MEYDAN.TV\",\"description\":\"Meydan TV Az\u0259rbaycan\u0131n media m\u0259kan\u0131ndak\u0131 alternativ s\u0259sidir\",\"publisher\":{\"@id\":\"https:\\\/\\\/www.meydan.tv\\\/az\\\/#organization\"},\"potentialAction\":[{\"@type\":\"SearchAction\",\"target\":{\"@type\":\"EntryPoint\",\"urlTemplate\":\"https:\\\/\\\/www.meydan.tv\\\/az\\\/?s={search_term_string}\"},\"query-input\":{\"@type\":\"PropertyValueSpecification\",\"valueRequired\":true,\"valueName\":\"search_term_string\"}}],\"inLanguage\":\"az\"},{\"@type\":\"Organization\",\"@id\":\"https:\\\/\\\/www.meydan.tv\\\/az\\\/#organization\",\"name\":\"Meydan TV\",\"url\":\"https:\\\/\\\/www.meydan.tv\\\/az\\\/\",\"logo\":{\"@type\":\"ImageObject\",\"inLanguage\":\"az\",\"@id\":\"https:\\\/\\\/www.meydan.tv\\\/az\\\/#\\\/schema\\\/logo\\\/image\\\/\",\"url\":\"https:\\\/\\\/www.meydan.tv\\\/wp-content\\\/uploads\\\/2021\\\/07\\\/meydan-logo.svg\",\"contentUrl\":\"https:\\\/\\\/www.meydan.tv\\\/wp-content\\\/uploads\\\/2021\\\/07\\\/meydan-logo.svg\",\"width\":195,\"height\":46,\"caption\":\"Meydan TV\"},\"image\":{\"@id\":\"https:\\\/\\\/www.meydan.tv\\\/az\\\/#\\\/schema\\\/logo\\\/image\\\/\"}},{\"@type\":\"Person\",\"@id\":\"https:\\\/\\\/www.meydan.tv\\\/az\\\/#\\\/schema\\\/person\\\/10d11eccf6da3662cf5fdab9806ea91a\",\"name\":\"user-manager\"}]}<\/script>\n<!-- \/ Yoast SEO plugin. -->","yoast_head_json":{"title":"Mollak\u0259nd sakinl\u0259r: K\u00fcr q\u0131ra\u011f\u0131n\u0131n seyr\u0259ngah\u0131ndan \u0259s\u0259r-\u0259lam\u0259t qalmay\u0131b - MEYDAN.TV","robots":{"index":"index","follow":"follow","max-snippet":"max-snippet:-1","max-image-preview":"max-image-preview:large","max-video-preview":"max-video-preview:-1"},"canonical":"https:\/\/www.meydan.tv\/az\/article\/mollakend-sakinler-kur-qiraginin-seyrengahindan-eser-elamet-qalmayib\/","og_locale":"az_AZ","og_type":"article","og_title":"Mollak\u0259nd sakinl\u0259r: K\u00fcr q\u0131ra\u011f\u0131n\u0131n seyr\u0259ngah\u0131ndan \u0259s\u0259r-\u0259lam\u0259t qalmay\u0131b - MEYDAN.TV","og_description":"\"\u018frazi onlar\u0131n balans\u0131ndad\u0131r, d\u00fc\u015f\u00fcn\u00fcr\u0259m ki, buna g\u00f6r\u0259 onlar da narahat olmal\u0131d\u0131r\"","og_url":"https:\/\/www.meydan.tv\/az\/article\/mollakend-sakinler-kur-qiraginin-seyrengahindan-eser-elamet-qalmayib\/","og_site_name":"MEYDAN.TV","article_published_time":"2020-03-31T17:50:58+00:00","og_image":[{"width":1280,"height":720,"url":"https:\/\/www.meydan.tv\/wp-content\/uploads\/image_from_ios_zt8nylj.jpg","type":"image\/jpeg"}],"author":"user-manager","twitter_card":"summary_large_image","schema":{"@context":"https:\/\/schema.org","@graph":[{"@type":"Article","@id":"https:\/\/www.meydan.tv\/az\/article\/mollakend-sakinler-kur-qiraginin-seyrengahindan-eser-elamet-qalmayib\/#article","isPartOf":{"@id":"https:\/\/www.meydan.tv\/az\/article\/mollakend-sakinler-kur-qiraginin-seyrengahindan-eser-elamet-qalmayib\/"},"author":{"name":"user-manager","@id":"https:\/\/www.meydan.tv\/az\/#\/schema\/person\/10d11eccf6da3662cf5fdab9806ea91a"},"headline":"Mollak\u0259nd sakinl\u0259r: K\u00fcr q\u0131ra\u011f\u0131n\u0131n seyr\u0259ngah\u0131ndan \u0259s\u0259r-\u0259lam\u0259t qalmay\u0131b","datePublished":"2020-03-31T17:50:58+00:00","mainEntityOfPage":{"@id":"https:\/\/www.meydan.tv\/az\/article\/mollakend-sakinler-kur-qiraginin-seyrengahindan-eser-elamet-qalmayib\/"},"wordCount":682,"publisher":{"@id":"https:\/\/www.meydan.tv\/az\/#organization"},"image":{"@id":"https:\/\/www.meydan.tv\/az\/article\/mollakend-sakinler-kur-qiraginin-seyrengahindan-eser-elamet-qalmayib\/#primaryimage"},"thumbnailUrl":"https:\/\/www.meydan.tv\/wp-content\/uploads\/image_from_ios_zt8nylj.jpg","articleSection":["B\u00f6lg\u0259"],"inLanguage":"az"},{"@type":"WebPage","@id":"https:\/\/www.meydan.tv\/az\/article\/mollakend-sakinler-kur-qiraginin-seyrengahindan-eser-elamet-qalmayib\/","url":"https:\/\/www.meydan.tv\/az\/article\/mollakend-sakinler-kur-qiraginin-seyrengahindan-eser-elamet-qalmayib\/","name":"Mollak\u0259nd sakinl\u0259r: K\u00fcr q\u0131ra\u011f\u0131n\u0131n seyr\u0259ngah\u0131ndan \u0259s\u0259r-\u0259lam\u0259t qalmay\u0131b - MEYDAN.TV","isPartOf":{"@id":"https:\/\/www.meydan.tv\/az\/#website"},"primaryImageOfPage":{"@id":"https:\/\/www.meydan.tv\/az\/article\/mollakend-sakinler-kur-qiraginin-seyrengahindan-eser-elamet-qalmayib\/#primaryimage"},"image":{"@id":"https:\/\/www.meydan.tv\/az\/article\/mollakend-sakinler-kur-qiraginin-seyrengahindan-eser-elamet-qalmayib\/#primaryimage"},"thumbnailUrl":"https:\/\/www.meydan.tv\/wp-content\/uploads\/image_from_ios_zt8nylj.jpg","datePublished":"2020-03-31T17:50:58+00:00","breadcrumb":{"@id":"https:\/\/www.meydan.tv\/az\/article\/mollakend-sakinler-kur-qiraginin-seyrengahindan-eser-elamet-qalmayib\/#breadcrumb"},"inLanguage":"az","potentialAction":[{"@type":"ReadAction","target":["https:\/\/www.meydan.tv\/az\/article\/mollakend-sakinler-kur-qiraginin-seyrengahindan-eser-elamet-qalmayib\/"]}]},{"@type":"ImageObject","inLanguage":"az","@id":"https:\/\/www.meydan.tv\/az\/article\/mollakend-sakinler-kur-qiraginin-seyrengahindan-eser-elamet-qalmayib\/#primaryimage","url":"https:\/\/www.meydan.tv\/wp-content\/uploads\/image_from_ios_zt8nylj.jpg","contentUrl":"https:\/\/www.meydan.tv\/wp-content\/uploads\/image_from_ios_zt8nylj.jpg","width":1280,"height":720,"caption":"Source: Specify Source"},{"@type":"BreadcrumbList","@id":"https:\/\/www.meydan.tv\/az\/article\/mollakend-sakinler-kur-qiraginin-seyrengahindan-eser-elamet-qalmayib\/#breadcrumb","itemListElement":[{"@type":"ListItem","position":1,"name":"Ana s\u0259hif\u0259","item":"https:\/\/www.meydan.tv\/az\/"},{"@type":"ListItem","position":2,"name":"B\u00f6lg\u0259","item":"https:\/\/www.meydan.tv\/az\/section\/bolge\/"},{"@type":"ListItem","position":3,"name":"Mollak\u0259nd sakinl\u0259r: K\u00fcr q\u0131ra\u011f\u0131n\u0131n seyr\u0259ngah\u0131ndan \u0259s\u0259r-\u0259lam\u0259t qalmay\u0131b"}]},{"@type":"WebSite","@id":"https:\/\/www.meydan.tv\/az\/#website","url":"https:\/\/www.meydan.tv\/az\/","name":"MEYDAN.TV","description":"Meydan TV Az\u0259rbaycan\u0131n media m\u0259kan\u0131ndak\u0131 alternativ s\u0259sidir","publisher":{"@id":"https:\/\/www.meydan.tv\/az\/#organization"},"potentialAction":[{"@type":"SearchAction","target":{"@type":"EntryPoint","urlTemplate":"https:\/\/www.meydan.tv\/az\/?s={search_term_string}"},"query-input":{"@type":"PropertyValueSpecification","valueRequired":true,"valueName":"search_term_string"}}],"inLanguage":"az"},{"@type":"Organization","@id":"https:\/\/www.meydan.tv\/az\/#organization","name":"Meydan TV","url":"https:\/\/www.meydan.tv\/az\/","logo":{"@type":"ImageObject","inLanguage":"az","@id":"https:\/\/www.meydan.tv\/az\/#\/schema\/logo\/image\/","url":"https:\/\/www.meydan.tv\/wp-content\/uploads\/2021\/07\/meydan-logo.svg","contentUrl":"https:\/\/www.meydan.tv\/wp-content\/uploads\/2021\/07\/meydan-logo.svg","width":195,"height":46,"caption":"Meydan TV"},"image":{"@id":"https:\/\/www.meydan.tv\/az\/#\/schema\/logo\/image\/"}},{"@type":"Person","@id":"https:\/\/www.meydan.tv\/az\/#\/schema\/person\/10d11eccf6da3662cf5fdab9806ea91a","name":"user-manager"}]}},"_links":{"self":[{"href":"https:\/\/www.meydan.tv\/az\/wp-json\/wp\/v2\/posts\/199930","targetHints":{"allow":["GET"]}}],"collection":[{"href":"https:\/\/www.meydan.tv\/az\/wp-json\/wp\/v2\/posts"}],"about":[{"href":"https:\/\/www.meydan.tv\/az\/wp-json\/wp\/v2\/types\/post"}],"author":[{"embeddable":true,"href":"https:\/\/www.meydan.tv\/az\/wp-json\/wp\/v2\/users\/11"}],"replies":[{"embeddable":true,"href":"https:\/\/www.meydan.tv\/az\/wp-json\/wp\/v2\/comments?post=199930"}],"version-history":[{"count":0,"href":"https:\/\/www.meydan.tv\/az\/wp-json\/wp\/v2\/posts\/199930\/revisions"}],"wp:featuredmedia":[{"embeddable":true,"href":"https:\/\/www.meydan.tv\/az\/wp-json\/wp\/v2\/media\/139939"}],"wp:attachment":[{"href":"https:\/\/www.meydan.tv\/az\/wp-json\/wp\/v2\/media?parent=199930"}],"wp:term":[{"taxonomy":"category","embeddable":true,"href":"https:\/\/www.meydan.tv\/az\/wp-json\/wp\/v2\/categories?post=199930"},{"taxonomy":"post_tag","embeddable":true,"href":"https:\/\/www.meydan.tv\/az\/wp-json\/wp\/v2\/tags?post=199930"}],"curies":[{"name":"wp","href":"https:\/\/api.w.org\/{rel}","templated":true}]}}