{"id":199887,"date":"2020-03-29T14:03:05","date_gmt":"2020-03-29T14:03:05","guid":{"rendered":"https:\/\/www.meydan.tv\/article\/kimse-gelib-qapidan-corek-uzadanda-cox-sarsiliram\/"},"modified":"2020-03-29T14:03:05","modified_gmt":"2020-03-29T14:03:05","slug":"kimse-gelib-qapidan-corek-uzadanda-cox-sarsiliram","status":"publish","type":"post","link":"https:\/\/www.meydan.tv\/az\/article\/kimse-gelib-qapidan-corek-uzadanda-cox-sarsiliram\/","title":{"rendered":"\u201cKims\u0259 g\u0259lib qap\u0131dan \u00e7\u00f6r\u0259k uzadanda \u00e7ox sars\u0131l\u0131ram\u201d"},"content":{"rendered":"<p>\n  <i><br \/>\n    \u018fhm\u0259dovlar ail\u0259sinin u\u015faqlar\u0131 qeyri-adi x\u0259st\u0259liy\u0259 d\u00fc\u00e7ar olub<br \/>\n  <\/i>\n<\/p>\n<p>\n  G\u0259nc\u0259nin Q\u0131rm\u0131z\u0131k\u0259nd q\u0259s\u0259b\u0259sind\u0259 ya\u015fayan \u018fhm\u0259dovlar ail\u0259sind\u0259ki h\u0259r iki u\u015fa\u011f\u0131n qeyri-adi x\u0259st\u0259liy\u0259 d\u00fc\u00e7ar oldu\u011fu deyilir. M\u00fcalic\u0259y\u0259 x\u0259rcl\u0259n\u0259n pullar he\u00e7 bir fayda vermir.\n<\/p>\n<p>\n  <b><br \/>\n    \u201cU\u015faqlar\u0131n h\u0259mi\u015f\u0259 a\u011fr\u0131lar\u0131 olur\u201d<br \/>\n  <\/b>\n<\/p>\n<p>\n  Uzun yoldan sonra ail\u0259nin ya\u015fad\u0131\u011f\u0131 ev\u0259 \u00e7at\u0131r\u0131q. Bizi u\u015faqlar\u0131n anas\u0131 \u015e\u0259fiq\u0259 \u018fhm\u0259dova qar\u015f\u0131lay\u0131r. Qad\u0131n o\u011fullar\u0131n\u0131n anadang\u0259lm\u0259 b\u00f6yr\u0259k\u00fcst\u00fc v\u0259zi \u00e7at\u0131\u015fmazl\u0131\u011f\u0131ndan \u0259ziyy\u0259t \u00e7\u0259kdiyini deyir. X\u0259st\u0259liyin ad\u0131 biz\u0259 \u00e7ox \u015fey s\u00f6yl\u0259mir. Ana izah edir:\n<\/p>\n<p>\n  \u201cMind\u0259 bir rast g\u0259lin\u0259n x\u0259st\u0259likdir. B\u0259d\u0259nl\u0259rind\u0259 yetkin ki\u015fil\u0259rd\u0259 oldu\u011fu kimi t\u00fckl\u0259nm\u0259 gedir. S\u00fcm\u00fckl\u0259ri qocal\u0131r. Testeronun s\u0259viyy\u0259si \u00e7ox y\u00fcks\u0259kdi. D\u00f6rd ya\u015fl\u0131 b\u00f6y\u00fck o\u011flumun s\u0259si qal\u0131nla\u015fma\u011fa ba\u015flay\u0131b\u201d.\n<\/p>\n<p>\n  Soru\u015furuq: nec\u0259 oldu ki, h\u0259r iki u\u015faq eyni x\u0259st\u0259liy\u0259 tutuldu? \u015e\u0259fiq\u0259 hamil\u0259liyinin yax\u015f\u0131 ke\u00e7diyini deyir. Anan\u0131n fikrinc\u0259, burada h\u0259kim s\u0259hvi b\u00f6y\u00fck rol oynay\u0131b. Ona hamil\u0259liyi d\u00f6vr\u00fcnd\u0259 \u00e7oxlu hormonal d\u0259rmanlar yaz\u0131l\u0131b. \u0130kinci \u00f6vlad\u0131 Elman d\u00fcnyaya g\u0259l\u0259nd\u0259 h\u0259l\u0259 bir ya\u015f\u0131 olan Tuncay\u0131n x\u0259st\u0259liyi \u00f6z\u00fcn\u00fc g\u00f6st\u0259rm\u0259yibmi\u015f. Bel\u0259c\u0259, \u015e\u0259fiq\u0259 \u00f6z\u00fc d\u0259 bilm\u0259d\u0259n ox\u015far x\u0259st\u0259likl\u0259 iki u\u015faq d\u00fcnyaya g\u0259tirib.\n<\/p>\n<p>\n  \u201cH\u0259r ikisind\u0259 iki ya\u015f\u0131 olanda x\u0259st\u0259lik \u00fcz\u0259 \u00e7\u0131x\u0131b. Biz tez \u00fcst\u00fcn\u0259 d\u00fc\u015fd\u00fck. D\u0259rhal m\u00fcalic\u0259y\u0259 at\u0131ld\u0131q. Amma ist\u0259diyimiz n\u0259tic\u0259ni ala bilmirik. B\u00f6y\u00fck o\u011flum 3 ya\u015f 5 ayl\u0131\u011f\u0131nda dan\u0131\u015fma\u011fa ba\u015flay\u0131b. H\u0259mi\u015f\u0259 a\u011fr\u0131lar\u0131 olur. \u00c7ox aqressivdil\u0259r, da\u011f\u0131d\u0131rlar, q\u0131\u015fq\u0131r\u0131rlar. Evd\u0259 bir salamat st\u0259kan tapa bilm\u0259zsiniz. H\u0259kim deyir ki, bu u\u015faqlara he\u00e7 t\u0259pinm\u0259k d\u0259 olmaz. \u00c7\u00fcnki adrenalin \u00fcr\u0259y\u0259 iki d\u0259f\u0259 y\u00fcks\u0259k vurur. Bir n\u00f6v b\u0259d\u0259nl\u0259rind\u0259 tarazl\u0131q yaranmal\u0131d\u0131r\u201d, &#8211; ana u\u015faqlar\u0131n durumuna bir az da ayd\u0131nl\u0131q g\u0259tirir.\n<\/p>\n<p>\n  <b><br \/>\n    \u201cU\u015faqlar\u0131 ba\u011f\u00e7aya g\u00f6t\u00fcrm\u00fcrl\u0259r\u201d<br \/>\n  <\/b>\n<\/p>\n<p>\n  \u015e\u0259fiq\u0259 \u018fhm\u0259dova Bak\u0131da az-\u00e7ox g\u00fcv\u0259ndiyi h\u0259kimin s\u00f6zl\u0259rini \u00fcr\u0259k a\u011fr\u0131s\u0131yla xat\u0131rlay\u0131r. H\u0259kim deyib ki, onun u\u015faqlar\u0131 he\u00e7 vaxt m\u0259kt\u0259b\u0259 ged\u0259 bilm\u0259y\u0259c\u0259kl\u0259r:\n<\/p>\n<p>\n  \u201cBir anan\u0131n \u0259n b\u00f6y\u00fck arzusudur u\u015fa\u011f\u0131n\u0131n t\u0259hsil almas\u0131. \u0130st\u0259m\u0259zdim ki, ba\u015fqa u\u015faqlardan geri qals\u0131nlar. B\u00f6y\u00fck o\u011flum dan\u0131\u015fa bilmirdi, u\u015faqlar onu it\u0259l\u0259yirdi, vururdu, \u00e7ox pis olurdum. Oynama\u011f\u0131 da bacarm\u0131rlar. El\u0259 olur ki, \u00f6zl\u0259rin\u0259 x\u0259sar\u0259t yetirirl\u0259r. \u0130ndid\u0259n bu h\u0259qiq\u0259ti q\u0259bul el\u0259mi\u015f\u0259m ki, ya\u015f\u0131dlar\u0131ndan geri qalacaqlar. U\u015faqlar\u0131 he\u00e7 ba\u011f\u00e7aya da g\u00f6t\u00fcrm\u00fcrl\u0259r. M\u00fc\u0259llim\u0259l\u0259r deyir ki, bu u\u015faqlarla ayr\u0131ca m\u0259\u015f\u011ful olmaq laz\u0131md\u0131. \u00dcmumiyy\u0259tl\u0259, o prosesd\u0259 \u00e7ox q\u0131r\u0131ld\u0131m. Halbuki, u\u015faqlar\u0131m c\u0259miyy\u0259t\u0259 ilk add\u0131mlar\u0131n\u0131 at\u0131rd\u0131\u201d.\n<\/p>\n<p>\n  Ana \u00f6vladlar\u0131yla m\u00fcxt\u0259lif x\u0259st\u0259xanalarda yat\u0131b. \u00c7ox m\u00fcalic\u0259 metodlar\u0131 s\u0131nan\u0131ld\u0131\u011f\u0131n\u0131 deyir:\n<\/p>\n<p>\n  \u201cH\u0259kiml\u0259ri q\u0131namaq da ist\u0259mir\u0259m. \u00c7\u00fcnki bel\u0259 x\u0259st\u0259likl\u0259 tan\u0131\u015f deyill\u0259r. H\u0259r\u0259si bir m\u00fcalic\u0259 yazd\u0131. Biri dedi ki, atas\u0131 t\u00fckl\u00fcd\u00fc dey\u0259, u\u015faqlar da bel\u0259dil\u0259r. H\u0259tta xeyli m\u00fcdd\u0259t s\u0259hv m\u00fcalic\u0259 apar\u0131lmas\u0131 da m\u00fcmk\u00fcnd\u00fcr. El\u0259 d\u0259rman q\u0259bul el\u0259y\u0259 bil\u0259rl\u0259r ki, sonradan ba\u015fqa orqanlarda f\u0259sad yaradar\u201d.\n<\/p>\n<figure class=\"wp-block-image size-large\">\n  <img decoding=\"async\" src=\"https:\/\/www.meydan.tv\/az\/image_from_ios-3-jpg-86\/\" alt=\"image_from_ios (3).jpg\" class=\"wp-image-139717\"\/><figcaption>\n    \u018fhm\u0259dovlar ail\u0259sinin evi<br \/>\n  <\/figcaption><\/figure>\n<p>\n  <b><br \/>\n    \u201cS\u0259l\u0259m, borc g\u00f6t\u00fcr\u00fcr\u00fck\u201d<br \/>\n  <\/b>\n<\/p>\n<p>\n  \u015e\u0259fiq\u0259 \u018fhm\u0259dova x\u0259st\u0259liyin T\u00fcrkiy\u0259d\u0259 m\u00fcalic\u0259sinin oldu\u011funu deyir. T\u0259xmin\u0259n 9 min manata ehtiyac var. Hesab a\u00e7\u0131blar, h\u0259l\u0259lik 1700 manat y\u0131\u011f\u0131l\u0131b:\n<\/p>\n<p>\n  \u201cBizim he\u00e7 g\u00fcc\u00fcm\u00fcz yoxdu. C\u0259mi 280 manat sosial yard\u0131m al\u0131r\u0131q. Bu pulla h\u0259m m\u00fcalic\u0259 olunma\u011fa, h\u0259m kommunal x\u0259rcl\u0259ri \u00f6d\u0259m\u0259y\u0259, h\u0259m d\u0259 \u0259rzaq alma\u011fa \u00e7al\u0131\u015f\u0131r\u0131q. T\u0259bii ki, \u00e7atm\u0131r, s\u0259l\u0259m, borc g\u00f6t\u00fcr\u00fcr\u00fck. M\u0259n pe\u015f\u0259 liseyind\u0259 t\u0259hsil alm\u0131\u015fam, u\u015faqlara g\u00f6r\u0259 i\u015fl\u0259y\u0259 bilmir\u0259m. H\u0259yat yolda\u015f\u0131m is\u0259 daimi i\u015f tapa bilmir. F\u0259hl\u0259lik el\u0259yir: qum da\u015f\u0131y\u0131r, kimins\u0259 h\u0259y\u0259tind\u0259 ot t\u0259mizl\u0259yir. Q\u0259pik-quru\u015f qazan\u0131r. Ayda t\u0259kc\u0259 200 manat d\u0259rmanlara laz\u0131md\u0131r. Biz\u0259 b\u0259zi xeyirxah adamlar \u0259rzaq yard\u0131m\u0131 el\u0259yir, onun say\u0259sind\u0259 ya\u015fama\u011fa \u00e7al\u0131\u015f\u0131r\u0131q\u201d.\n<\/p>\n<p>\n  Qad\u0131n h\u0259l\u0259 he\u00e7 m\u00fcalic\u0259 x\u0259rcl\u0259rini saym\u0131r. \u0130ld\u0259 iki d\u0259f\u0259 u\u015faqlar\u0131 Bak\u0131ya aparmaq laz\u0131m g\u0259lir. Dediyin\u0259 g\u00f6r\u0259, h\u0259kim m\u00fcayin\u0259 \u00fc\u00e7\u00fcn h\u0259r u\u015fa\u011fa g\u00f6r\u0259 60 manat al\u0131r. H\u0259r d\u0259f\u0259 Bak\u0131ya 400-500 manatla getm\u0259li olurlar.\n<\/p>\n<p>\n  \u015e\u0259fiq\u0259 s\u00f6zaras\u0131 qeyd edir ki, ya\u015fad\u0131qlar\u0131 ev \u00f6zl\u0259rinin deyil. H\u0259yat yolda\u015f\u0131n\u0131n day\u0131s\u0131 verib ki, h\u0259m ya\u015fas\u0131nlar, h\u0259m d\u0259 h\u0259y\u0259t\u0259 baxs\u0131nlar, a\u011faclara qulluq etsinl\u0259r:\n<\/p>\n<p>\n  \u201cYayda bu evi satmaq ist\u0259yirl\u0259r. Harada qalaca\u011f\u0131m\u0131z\u0131 bilmirik. G\u0259nc\u0259d\u0259 130 manatdan ucuz kiray\u0259 yoxdur\u201d.\n<\/p>\n<p>\n  K\u00f6m\u0259k \u00fc\u00e7\u00fcn Heyd\u0259r \u018fliyev Fondunun r\u0259hb\u0259ri Mehriban \u018fliyevaya m\u0259ktub yaz\u0131blar, bildiri\u015f g\u0259lib, amma h\u0259r hans\u0131 cavab almay\u0131blar.\n<\/p>\n<p>\n  Ana deyir ki, kims\u0259 g\u0259lib qap\u0131da ona \u00e7\u00f6r\u0259k uzadanda \u00e7ox sars\u0131l\u0131r. \u0130ndi d\u0259 yem\u0259k \u00fc\u00e7\u00fcn he\u00e7 kim\u0259 a\u011f\u0131z a\u00e7m\u0131r, sad\u0259c\u0259, ist\u0259yir ki, u\u015faqlar\u0131n\u0131n m\u00fcalic\u0259si \u00fc\u00e7\u00fcn pul y\u0131\u011f\u0131ls\u0131n.\n<\/p>\n<p>\n  \u201c\u0130st\u0259yir\u0259m bil\u0259siz ki, ana oldu\u011fuma g\u00f6r\u0259 xo\u015fb\u0259xt\u0259m&#8230;\u201d, &#8211; lap ax\u0131rda d\u00fcnyan\u0131n \u0259n g\u00f6z\u0259l ifad\u0259l\u0259rind\u0259n birini e\u015fidirik&#8230;\n<\/p>\n<p>\n  Meydan TV Heyd\u0259r \u018fliyev Fondundan m\u00fcnasib\u0259t \u00f6yr\u0259n\u0259 bilm\u0259yib. G\u0259nc\u0259 \u015e\u0259h\u0259r \u0130cra Hakimiyy\u0259tind\u0259n is\u0259 Meydan TV-y\u0259 bildirilib ki, onlarda \u018fhm\u0259dovlar ail\u0259si il\u0259 ba\u011fl\u0131 he\u00e7 bir m\u0259lumat yoxdur.<\/p>\n","protected":false},"excerpt":{"rendered":"<p>&#8220;C\u0259mi 280 manat sosial yard\u0131m al\u0131r\u0131q&#8221;<\/p>\n","protected":false},"author":11,"featured_media":139714,"comment_status":"closed","ping_status":"open","sticky":false,"template":"","format":"standard","meta":{"_acf_changed":false,"_sitemap_exclude":false,"_sitemap_priority":"","_sitemap_frequency":"","footnotes":""},"categories":[60],"tags":[],"class_list":["post-199887","post","type-post","status-publish","format-standard","has-post-thumbnail","hentry","category-bolge","infinite-scroll-item","generate-columns","tablet-grid-50","mobile-grid-100","grid-parent","grid-33","no-featured-image-padding"],"acf":[],"yoast_head":"<!-- This site is optimized with the Yoast SEO plugin v27.5 - https:\/\/yoast.com\/product\/yoast-seo-wordpress\/ -->\n<title>\u201cKims\u0259 g\u0259lib qap\u0131dan \u00e7\u00f6r\u0259k uzadanda \u00e7ox sars\u0131l\u0131ram\u201d - MEYDAN.TV<\/title>\n<meta name=\"robots\" content=\"index, follow, max-snippet:-1, max-image-preview:large, max-video-preview:-1\" \/>\n<link rel=\"canonical\" href=\"https:\/\/www.meydan.tv\/az\/article\/kimse-gelib-qapidan-corek-uzadanda-cox-sarsiliram\/\" \/>\n<meta property=\"og:locale\" content=\"az_AZ\" \/>\n<meta property=\"og:type\" content=\"article\" \/>\n<meta property=\"og:title\" content=\"\u201cKims\u0259 g\u0259lib qap\u0131dan \u00e7\u00f6r\u0259k uzadanda \u00e7ox sars\u0131l\u0131ram\u201d - MEYDAN.TV\" \/>\n<meta property=\"og:description\" content=\"&quot;C\u0259mi 280 manat sosial yard\u0131m al\u0131r\u0131q&quot;\" \/>\n<meta property=\"og:url\" content=\"https:\/\/www.meydan.tv\/az\/article\/kimse-gelib-qapidan-corek-uzadanda-cox-sarsiliram\/\" \/>\n<meta property=\"og:site_name\" content=\"MEYDAN.TV\" \/>\n<meta property=\"article:published_time\" content=\"2020-03-29T14:03:05+00:00\" \/>\n<meta property=\"og:image\" content=\"https:\/\/www.meydan.tv\/wp-content\/uploads\/image_from_ios_2_1idfu1n.jpg\" \/>\n\t<meta property=\"og:image:width\" content=\"1280\" \/>\n\t<meta property=\"og:image:height\" content=\"956\" \/>\n\t<meta property=\"og:image:type\" content=\"image\/jpeg\" \/>\n<meta name=\"author\" content=\"user-manager\" \/>\n<meta name=\"twitter:card\" content=\"summary_large_image\" \/>\n<script type=\"application\/ld+json\" class=\"yoast-schema-graph\">{\"@context\":\"https:\\\/\\\/schema.org\",\"@graph\":[{\"@type\":\"Article\",\"@id\":\"https:\\\/\\\/www.meydan.tv\\\/az\\\/article\\\/kimse-gelib-qapidan-corek-uzadanda-cox-sarsiliram\\\/#article\",\"isPartOf\":{\"@id\":\"https:\\\/\\\/www.meydan.tv\\\/az\\\/article\\\/kimse-gelib-qapidan-corek-uzadanda-cox-sarsiliram\\\/\"},\"author\":{\"name\":\"user-manager\",\"@id\":\"https:\\\/\\\/www.meydan.tv\\\/az\\\/#\\\/schema\\\/person\\\/10d11eccf6da3662cf5fdab9806ea91a\"},\"headline\":\"\u201cKims\u0259 g\u0259lib qap\u0131dan \u00e7\u00f6r\u0259k uzadanda \u00e7ox sars\u0131l\u0131ram\u201d\",\"datePublished\":\"2020-03-29T14:03:05+00:00\",\"mainEntityOfPage\":{\"@id\":\"https:\\\/\\\/www.meydan.tv\\\/az\\\/article\\\/kimse-gelib-qapidan-corek-uzadanda-cox-sarsiliram\\\/\"},\"wordCount\":1110,\"publisher\":{\"@id\":\"https:\\\/\\\/www.meydan.tv\\\/az\\\/#organization\"},\"image\":{\"@id\":\"https:\\\/\\\/www.meydan.tv\\\/az\\\/article\\\/kimse-gelib-qapidan-corek-uzadanda-cox-sarsiliram\\\/#primaryimage\"},\"thumbnailUrl\":\"https:\\\/\\\/www.meydan.tv\\\/wp-content\\\/uploads\\\/image_from_ios_2_1idfu1n.jpg\",\"articleSection\":[\"B\u00f6lg\u0259\"],\"inLanguage\":\"az\"},{\"@type\":\"WebPage\",\"@id\":\"https:\\\/\\\/www.meydan.tv\\\/az\\\/article\\\/kimse-gelib-qapidan-corek-uzadanda-cox-sarsiliram\\\/\",\"url\":\"https:\\\/\\\/www.meydan.tv\\\/az\\\/article\\\/kimse-gelib-qapidan-corek-uzadanda-cox-sarsiliram\\\/\",\"name\":\"\u201cKims\u0259 g\u0259lib qap\u0131dan \u00e7\u00f6r\u0259k uzadanda \u00e7ox sars\u0131l\u0131ram\u201d - MEYDAN.TV\",\"isPartOf\":{\"@id\":\"https:\\\/\\\/www.meydan.tv\\\/az\\\/#website\"},\"primaryImageOfPage\":{\"@id\":\"https:\\\/\\\/www.meydan.tv\\\/az\\\/article\\\/kimse-gelib-qapidan-corek-uzadanda-cox-sarsiliram\\\/#primaryimage\"},\"image\":{\"@id\":\"https:\\\/\\\/www.meydan.tv\\\/az\\\/article\\\/kimse-gelib-qapidan-corek-uzadanda-cox-sarsiliram\\\/#primaryimage\"},\"thumbnailUrl\":\"https:\\\/\\\/www.meydan.tv\\\/wp-content\\\/uploads\\\/image_from_ios_2_1idfu1n.jpg\",\"datePublished\":\"2020-03-29T14:03:05+00:00\",\"breadcrumb\":{\"@id\":\"https:\\\/\\\/www.meydan.tv\\\/az\\\/article\\\/kimse-gelib-qapidan-corek-uzadanda-cox-sarsiliram\\\/#breadcrumb\"},\"inLanguage\":\"az\",\"potentialAction\":[{\"@type\":\"ReadAction\",\"target\":[\"https:\\\/\\\/www.meydan.tv\\\/az\\\/article\\\/kimse-gelib-qapidan-corek-uzadanda-cox-sarsiliram\\\/\"]}]},{\"@type\":\"ImageObject\",\"inLanguage\":\"az\",\"@id\":\"https:\\\/\\\/www.meydan.tv\\\/az\\\/article\\\/kimse-gelib-qapidan-corek-uzadanda-cox-sarsiliram\\\/#primaryimage\",\"url\":\"https:\\\/\\\/www.meydan.tv\\\/wp-content\\\/uploads\\\/image_from_ios_2_1idfu1n.jpg\",\"contentUrl\":\"https:\\\/\\\/www.meydan.tv\\\/wp-content\\\/uploads\\\/image_from_ios_2_1idfu1n.jpg\",\"width\":1280,\"height\":956,\"caption\":\"Source: Specify Source\"},{\"@type\":\"BreadcrumbList\",\"@id\":\"https:\\\/\\\/www.meydan.tv\\\/az\\\/article\\\/kimse-gelib-qapidan-corek-uzadanda-cox-sarsiliram\\\/#breadcrumb\",\"itemListElement\":[{\"@type\":\"ListItem\",\"position\":1,\"name\":\"Ana s\u0259hif\u0259\",\"item\":\"https:\\\/\\\/www.meydan.tv\\\/az\\\/\"},{\"@type\":\"ListItem\",\"position\":2,\"name\":\"B\u00f6lg\u0259\",\"item\":\"https:\\\/\\\/www.meydan.tv\\\/az\\\/section\\\/bolge\\\/\"},{\"@type\":\"ListItem\",\"position\":3,\"name\":\"\u201cKims\u0259 g\u0259lib qap\u0131dan \u00e7\u00f6r\u0259k uzadanda \u00e7ox sars\u0131l\u0131ram\u201d\"}]},{\"@type\":\"WebSite\",\"@id\":\"https:\\\/\\\/www.meydan.tv\\\/az\\\/#website\",\"url\":\"https:\\\/\\\/www.meydan.tv\\\/az\\\/\",\"name\":\"MEYDAN.TV\",\"description\":\"Meydan TV Az\u0259rbaycan\u0131n media m\u0259kan\u0131ndak\u0131 alternativ s\u0259sidir\",\"publisher\":{\"@id\":\"https:\\\/\\\/www.meydan.tv\\\/az\\\/#organization\"},\"potentialAction\":[{\"@type\":\"SearchAction\",\"target\":{\"@type\":\"EntryPoint\",\"urlTemplate\":\"https:\\\/\\\/www.meydan.tv\\\/az\\\/?s={search_term_string}\"},\"query-input\":{\"@type\":\"PropertyValueSpecification\",\"valueRequired\":true,\"valueName\":\"search_term_string\"}}],\"inLanguage\":\"az\"},{\"@type\":\"Organization\",\"@id\":\"https:\\\/\\\/www.meydan.tv\\\/az\\\/#organization\",\"name\":\"Meydan TV\",\"url\":\"https:\\\/\\\/www.meydan.tv\\\/az\\\/\",\"logo\":{\"@type\":\"ImageObject\",\"inLanguage\":\"az\",\"@id\":\"https:\\\/\\\/www.meydan.tv\\\/az\\\/#\\\/schema\\\/logo\\\/image\\\/\",\"url\":\"https:\\\/\\\/www.meydan.tv\\\/wp-content\\\/uploads\\\/2021\\\/07\\\/meydan-logo.svg\",\"contentUrl\":\"https:\\\/\\\/www.meydan.tv\\\/wp-content\\\/uploads\\\/2021\\\/07\\\/meydan-logo.svg\",\"width\":195,\"height\":46,\"caption\":\"Meydan TV\"},\"image\":{\"@id\":\"https:\\\/\\\/www.meydan.tv\\\/az\\\/#\\\/schema\\\/logo\\\/image\\\/\"}},{\"@type\":\"Person\",\"@id\":\"https:\\\/\\\/www.meydan.tv\\\/az\\\/#\\\/schema\\\/person\\\/10d11eccf6da3662cf5fdab9806ea91a\",\"name\":\"user-manager\"}]}<\/script>\n<!-- \/ Yoast SEO plugin. -->","yoast_head_json":{"title":"\u201cKims\u0259 g\u0259lib qap\u0131dan \u00e7\u00f6r\u0259k uzadanda \u00e7ox sars\u0131l\u0131ram\u201d - MEYDAN.TV","robots":{"index":"index","follow":"follow","max-snippet":"max-snippet:-1","max-image-preview":"max-image-preview:large","max-video-preview":"max-video-preview:-1"},"canonical":"https:\/\/www.meydan.tv\/az\/article\/kimse-gelib-qapidan-corek-uzadanda-cox-sarsiliram\/","og_locale":"az_AZ","og_type":"article","og_title":"\u201cKims\u0259 g\u0259lib qap\u0131dan \u00e7\u00f6r\u0259k uzadanda \u00e7ox sars\u0131l\u0131ram\u201d - MEYDAN.TV","og_description":"\"C\u0259mi 280 manat sosial yard\u0131m al\u0131r\u0131q\"","og_url":"https:\/\/www.meydan.tv\/az\/article\/kimse-gelib-qapidan-corek-uzadanda-cox-sarsiliram\/","og_site_name":"MEYDAN.TV","article_published_time":"2020-03-29T14:03:05+00:00","og_image":[{"width":1280,"height":956,"url":"https:\/\/www.meydan.tv\/wp-content\/uploads\/image_from_ios_2_1idfu1n.jpg","type":"image\/jpeg"}],"author":"user-manager","twitter_card":"summary_large_image","schema":{"@context":"https:\/\/schema.org","@graph":[{"@type":"Article","@id":"https:\/\/www.meydan.tv\/az\/article\/kimse-gelib-qapidan-corek-uzadanda-cox-sarsiliram\/#article","isPartOf":{"@id":"https:\/\/www.meydan.tv\/az\/article\/kimse-gelib-qapidan-corek-uzadanda-cox-sarsiliram\/"},"author":{"name":"user-manager","@id":"https:\/\/www.meydan.tv\/az\/#\/schema\/person\/10d11eccf6da3662cf5fdab9806ea91a"},"headline":"\u201cKims\u0259 g\u0259lib qap\u0131dan \u00e7\u00f6r\u0259k uzadanda \u00e7ox sars\u0131l\u0131ram\u201d","datePublished":"2020-03-29T14:03:05+00:00","mainEntityOfPage":{"@id":"https:\/\/www.meydan.tv\/az\/article\/kimse-gelib-qapidan-corek-uzadanda-cox-sarsiliram\/"},"wordCount":1110,"publisher":{"@id":"https:\/\/www.meydan.tv\/az\/#organization"},"image":{"@id":"https:\/\/www.meydan.tv\/az\/article\/kimse-gelib-qapidan-corek-uzadanda-cox-sarsiliram\/#primaryimage"},"thumbnailUrl":"https:\/\/www.meydan.tv\/wp-content\/uploads\/image_from_ios_2_1idfu1n.jpg","articleSection":["B\u00f6lg\u0259"],"inLanguage":"az"},{"@type":"WebPage","@id":"https:\/\/www.meydan.tv\/az\/article\/kimse-gelib-qapidan-corek-uzadanda-cox-sarsiliram\/","url":"https:\/\/www.meydan.tv\/az\/article\/kimse-gelib-qapidan-corek-uzadanda-cox-sarsiliram\/","name":"\u201cKims\u0259 g\u0259lib qap\u0131dan \u00e7\u00f6r\u0259k uzadanda \u00e7ox sars\u0131l\u0131ram\u201d - MEYDAN.TV","isPartOf":{"@id":"https:\/\/www.meydan.tv\/az\/#website"},"primaryImageOfPage":{"@id":"https:\/\/www.meydan.tv\/az\/article\/kimse-gelib-qapidan-corek-uzadanda-cox-sarsiliram\/#primaryimage"},"image":{"@id":"https:\/\/www.meydan.tv\/az\/article\/kimse-gelib-qapidan-corek-uzadanda-cox-sarsiliram\/#primaryimage"},"thumbnailUrl":"https:\/\/www.meydan.tv\/wp-content\/uploads\/image_from_ios_2_1idfu1n.jpg","datePublished":"2020-03-29T14:03:05+00:00","breadcrumb":{"@id":"https:\/\/www.meydan.tv\/az\/article\/kimse-gelib-qapidan-corek-uzadanda-cox-sarsiliram\/#breadcrumb"},"inLanguage":"az","potentialAction":[{"@type":"ReadAction","target":["https:\/\/www.meydan.tv\/az\/article\/kimse-gelib-qapidan-corek-uzadanda-cox-sarsiliram\/"]}]},{"@type":"ImageObject","inLanguage":"az","@id":"https:\/\/www.meydan.tv\/az\/article\/kimse-gelib-qapidan-corek-uzadanda-cox-sarsiliram\/#primaryimage","url":"https:\/\/www.meydan.tv\/wp-content\/uploads\/image_from_ios_2_1idfu1n.jpg","contentUrl":"https:\/\/www.meydan.tv\/wp-content\/uploads\/image_from_ios_2_1idfu1n.jpg","width":1280,"height":956,"caption":"Source: Specify Source"},{"@type":"BreadcrumbList","@id":"https:\/\/www.meydan.tv\/az\/article\/kimse-gelib-qapidan-corek-uzadanda-cox-sarsiliram\/#breadcrumb","itemListElement":[{"@type":"ListItem","position":1,"name":"Ana s\u0259hif\u0259","item":"https:\/\/www.meydan.tv\/az\/"},{"@type":"ListItem","position":2,"name":"B\u00f6lg\u0259","item":"https:\/\/www.meydan.tv\/az\/section\/bolge\/"},{"@type":"ListItem","position":3,"name":"\u201cKims\u0259 g\u0259lib qap\u0131dan \u00e7\u00f6r\u0259k uzadanda \u00e7ox sars\u0131l\u0131ram\u201d"}]},{"@type":"WebSite","@id":"https:\/\/www.meydan.tv\/az\/#website","url":"https:\/\/www.meydan.tv\/az\/","name":"MEYDAN.TV","description":"Meydan TV Az\u0259rbaycan\u0131n media m\u0259kan\u0131ndak\u0131 alternativ s\u0259sidir","publisher":{"@id":"https:\/\/www.meydan.tv\/az\/#organization"},"potentialAction":[{"@type":"SearchAction","target":{"@type":"EntryPoint","urlTemplate":"https:\/\/www.meydan.tv\/az\/?s={search_term_string}"},"query-input":{"@type":"PropertyValueSpecification","valueRequired":true,"valueName":"search_term_string"}}],"inLanguage":"az"},{"@type":"Organization","@id":"https:\/\/www.meydan.tv\/az\/#organization","name":"Meydan TV","url":"https:\/\/www.meydan.tv\/az\/","logo":{"@type":"ImageObject","inLanguage":"az","@id":"https:\/\/www.meydan.tv\/az\/#\/schema\/logo\/image\/","url":"https:\/\/www.meydan.tv\/wp-content\/uploads\/2021\/07\/meydan-logo.svg","contentUrl":"https:\/\/www.meydan.tv\/wp-content\/uploads\/2021\/07\/meydan-logo.svg","width":195,"height":46,"caption":"Meydan TV"},"image":{"@id":"https:\/\/www.meydan.tv\/az\/#\/schema\/logo\/image\/"}},{"@type":"Person","@id":"https:\/\/www.meydan.tv\/az\/#\/schema\/person\/10d11eccf6da3662cf5fdab9806ea91a","name":"user-manager"}]}},"_links":{"self":[{"href":"https:\/\/www.meydan.tv\/az\/wp-json\/wp\/v2\/posts\/199887","targetHints":{"allow":["GET"]}}],"collection":[{"href":"https:\/\/www.meydan.tv\/az\/wp-json\/wp\/v2\/posts"}],"about":[{"href":"https:\/\/www.meydan.tv\/az\/wp-json\/wp\/v2\/types\/post"}],"author":[{"embeddable":true,"href":"https:\/\/www.meydan.tv\/az\/wp-json\/wp\/v2\/users\/11"}],"replies":[{"embeddable":true,"href":"https:\/\/www.meydan.tv\/az\/wp-json\/wp\/v2\/comments?post=199887"}],"version-history":[{"count":0,"href":"https:\/\/www.meydan.tv\/az\/wp-json\/wp\/v2\/posts\/199887\/revisions"}],"wp:featuredmedia":[{"embeddable":true,"href":"https:\/\/www.meydan.tv\/az\/wp-json\/wp\/v2\/media\/139714"}],"wp:attachment":[{"href":"https:\/\/www.meydan.tv\/az\/wp-json\/wp\/v2\/media?parent=199887"}],"wp:term":[{"taxonomy":"category","embeddable":true,"href":"https:\/\/www.meydan.tv\/az\/wp-json\/wp\/v2\/categories?post=199887"},{"taxonomy":"post_tag","embeddable":true,"href":"https:\/\/www.meydan.tv\/az\/wp-json\/wp\/v2\/tags?post=199887"}],"curies":[{"name":"wp","href":"https:\/\/api.w.org\/{rel}","templated":true}]}}