{"id":199885,"date":"2020-03-29T13:27:29","date_gmt":"2020-03-29T13:27:29","guid":{"rendered":"https:\/\/www.meydan.tv\/article\/polis-is-gunu-deyil-deyib-cinayeti-arasdirmir\/"},"modified":"2020-03-29T13:27:29","modified_gmt":"2020-03-29T13:27:29","slug":"polis-is-gunu-deyil-deyib-cinayeti-arasdirmir","status":"publish","type":"post","link":"https:\/\/www.meydan.tv\/az\/article\/polis-is-gunu-deyil-deyib-cinayeti-arasdirmir\/","title":{"rendered":"\u201cPolis \u201ci\u015f g\u00fcn\u00fc deyil\u201d deyib, cinay\u0259ti ara\u015fd\u0131rm\u0131r\u201d"},"content":{"rendered":"<p>\n  <i><br \/>\n    Ming\u0259\u00e7evir sakini iddia edir ki, son 5 g\u00fcnd\u0259 iki d\u0259f\u0259 h\u00fccuma m\u0259ruz qal\u0131b, polis m\u0259s\u0259l\u0259ni ara\u015fd\u0131rm\u0131r<br \/>\n  <\/i>\n<\/p>\n<p>\n  \u201cD\u00fcn\u0259n vurub burnumu s\u0131nd\u0131r\u0131blar, polis\u0259 m\u00fcraci\u0259t etmi\u015f\u0259m, deyirl\u0259r, i\u015f g\u00fcn\u00fc deyil, \u0259riz\u0259ni yaz qoy, i\u015f g\u00fcn\u00fc olanda \u00f6z\u00fcm\u00fcz \u00e7a\u011f\u0131rar\u0131q. T\u0259cili yard\u0131ma m\u00fcracir\u0259t etdim, orda da eyni s\u00f6z\u00fc e\u015fitdim\u201d.\n<\/p>\n<p>\n  Ming\u0259\u00e7evir sakini Nadir \u018fliyev Meydan TV-y\u0259 dan\u0131\u015f\u0131r ki, son 5 g\u00fcn \u0259rzind\u0259 m\u00fcxt\u0259lif vaxtlarda iki d\u0259f\u0259 ayr\u0131-ayr\u0131 adamlar t\u0259r\u0259find\u0259n d\u00f6y\u00fcl\u00fcb. H\u0259r ikisind\u0259 polis\u0259 m\u00fcraci\u0259t ets\u0259 d\u0259, \u015fikay\u0259ti q\u0259bul edilm\u0259yib.\n<\/p>\n<p>\n  <b><br \/>\n    \u201cBurnum s\u0131nd\u0131r\u0131l\u0131b, h\u0259yat\u0131m t\u0259hl\u00fck\u0259d\u0259dir\u201d<br \/>\n  <\/b>\n<\/p>\n<p>\n  \u201cBirinci d\u0259f\u0259 mart\u0131n 22-d\u0259 tan\u0131mad\u0131\u011f\u0131m adamlar Ming\u0259\u00e7evird\u0259ki \u015e\u0259hidl\u0259r Xiyaban\u0131n\u0131n yax\u0131nl\u0131\u011f\u0131nda m\u0259ni \u00e7evr\u0259y\u0259 al\u0131b d\u00f6yd\u00fcl\u0259r. Polis\u0259 m\u00fcraci\u0259t etdim, polis dedi, \u0259riz\u0259ni yaz qoy, \u00f6z\u00fcm\u00fcz \u00e7a\u011f\u0131rar\u0131q. \u0130kinci d\u0259f\u0259 mart\u0131n 26-da tan\u0131d\u0131\u011f\u0131m v\u0259 narkotik istifad\u0259\u00e7isi olan \u015f\u0259xs t\u0259r\u0259find\u0259n h\u00fccuma m\u0259ruz qald\u0131m, burnum s\u0131nd\u0131r\u0131ld\u0131. Yen\u0259 polis\u0259 m\u00fcraci\u0259t etdim, dedil\u0259r, i\u015f g\u00fcn\u00fc deyil. Bel\u0259 \u00e7\u0131x\u0131r ki, v\u0259t\u0259nda\u015f v\u0259t\u0259nda\u015f\u0131 vurub \u00f6ld\u00fcrs\u0259, polis \u201ci\u015f g\u00fcn\u00fc deyil\u201d deyib, cinay\u0259ti ara\u015fd\u0131rmayacaq. M\u0259ni bu hala salan adam c\u0259zas\u0131zl\u0131qdan istifad\u0259 edib, sabah yen\u0259 m\u0259n\u0259 h\u00fccum ed\u0259, h\u0259tta \u00f6ld\u00fcr\u0259 bil\u0259r. Bu v\u0259ziyy\u0259t Ming\u0259\u00e7evird\u0259 \u0259m\u0259lli-ba\u015fl\u0131 d\u0259r\u0259b\u0259yliy\u0259 s\u0259b\u0259b olacaq\u201d.\n<\/p>\n<figure class=\"wp-block-image size-large\">\n  <img decoding=\"async\" src=\"https:\/\/www.meydan.tv\/az\/image_from_ios-1-jpg-121\/\" alt=\"image_from_ios (1).jpg\" class=\"wp-image-139711\"\/><figcaption>\n    Diaqnoz s\u0259n\u0259di<br \/>\n  <\/figcaption><\/figure>\n<p>\n  <b><br \/>\n    \u201cG\u00fccl\u0259ndirilmi\u015f i\u015f rejimind\u0259 i\u015fl\u0259yirik\u201d<br \/>\n  <\/b>\n<\/p>\n<p>\n  Ming\u0259\u00e7evir \u015e\u0259h\u0259r Polis \u015e\u00f6b\u0259sind\u0259n is\u0259 bildirilib ki, v\u0259t\u0259nda\u015f t\u0259r\u0259find\u0259n deyil\u0259nl\u0259rin \u0259sas\u0131 yoxdur. Mart\u0131n 20-d\u0259n polis g\u00fccl\u0259ndirilmi\u015f i\u015f rejimind\u0259 \u00e7al\u0131\u015f\u0131r. V\u0259t\u0259nda\u015flar t\u0259r\u0259find\u0259n \u015f\u00f6b\u0259y\u0259 daxil olan \u015fikay\u0259t \u0259riz\u0259l\u0259ri d\u0259 h\u0259mi\u015f\u0259ki qaydada v\u0259 qanuna m\u00fcvafiq \u015f\u0259kild\u0259 ara\u015fd\u0131r\u0131l\u0131r.<\/p>\n","protected":false},"excerpt":{"rendered":"<p>&#8220;Polis\u0259 m\u00fcraci\u0259t etdim, polis dedi, \u0259riz\u0259ni yaz qoy, \u00f6z\u00fcm\u00fcz \u00e7a\u011f\u0131rar\u0131q&#8221;<\/p>\n","protected":false},"author":11,"featured_media":139708,"comment_status":"closed","ping_status":"open","sticky":false,"template":"","format":"standard","meta":{"_acf_changed":false,"_sitemap_exclude":false,"_sitemap_priority":"","_sitemap_frequency":"","footnotes":""},"categories":[60],"tags":[],"class_list":["post-199885","post","type-post","status-publish","format-standard","has-post-thumbnail","hentry","category-bolge","infinite-scroll-item","generate-columns","tablet-grid-50","mobile-grid-100","grid-parent","grid-33","no-featured-image-padding"],"acf":[],"yoast_head":"<!-- This site is optimized with the Yoast SEO plugin v27.5 - https:\/\/yoast.com\/product\/yoast-seo-wordpress\/ -->\n<title>\u201cPolis \u201ci\u015f g\u00fcn\u00fc deyil\u201d deyib, cinay\u0259ti ara\u015fd\u0131rm\u0131r\u201d - MEYDAN.TV<\/title>\n<meta name=\"robots\" content=\"index, follow, max-snippet:-1, max-image-preview:large, max-video-preview:-1\" \/>\n<link rel=\"canonical\" href=\"https:\/\/www.meydan.tv\/az\/article\/polis-is-gunu-deyil-deyib-cinayeti-arasdirmir\/\" \/>\n<meta property=\"og:locale\" content=\"az_AZ\" \/>\n<meta property=\"og:type\" content=\"article\" \/>\n<meta property=\"og:title\" content=\"\u201cPolis \u201ci\u015f g\u00fcn\u00fc deyil\u201d deyib, cinay\u0259ti ara\u015fd\u0131rm\u0131r\u201d - MEYDAN.TV\" \/>\n<meta property=\"og:description\" content=\"&quot;Polis\u0259 m\u00fcraci\u0259t etdim, polis dedi, \u0259riz\u0259ni yaz qoy, \u00f6z\u00fcm\u00fcz \u00e7a\u011f\u0131rar\u0131q&quot;\" \/>\n<meta property=\"og:url\" content=\"https:\/\/www.meydan.tv\/az\/article\/polis-is-gunu-deyil-deyib-cinayeti-arasdirmir\/\" \/>\n<meta property=\"og:site_name\" content=\"MEYDAN.TV\" \/>\n<meta property=\"article:published_time\" content=\"2020-03-29T13:27:29+00:00\" \/>\n<meta property=\"og:image\" content=\"https:\/\/www.meydan.tv\/wp-content\/uploads\/image_from_ios_hz8xumv.jpg\" \/>\n\t<meta property=\"og:image:width\" content=\"1288\" \/>\n\t<meta property=\"og:image:height\" content=\"966\" \/>\n\t<meta property=\"og:image:type\" content=\"image\/jpeg\" \/>\n<meta name=\"author\" content=\"user-manager\" \/>\n<meta name=\"twitter:card\" content=\"summary_large_image\" \/>\n<script type=\"application\/ld+json\" class=\"yoast-schema-graph\">{\"@context\":\"https:\\\/\\\/schema.org\",\"@graph\":[{\"@type\":\"Article\",\"@id\":\"https:\\\/\\\/www.meydan.tv\\\/az\\\/article\\\/polis-is-gunu-deyil-deyib-cinayeti-arasdirmir\\\/#article\",\"isPartOf\":{\"@id\":\"https:\\\/\\\/www.meydan.tv\\\/az\\\/article\\\/polis-is-gunu-deyil-deyib-cinayeti-arasdirmir\\\/\"},\"author\":{\"name\":\"user-manager\",\"@id\":\"https:\\\/\\\/www.meydan.tv\\\/az\\\/#\\\/schema\\\/person\\\/10d11eccf6da3662cf5fdab9806ea91a\"},\"headline\":\"\u201cPolis \u201ci\u015f g\u00fcn\u00fc deyil\u201d deyib, cinay\u0259ti ara\u015fd\u0131rm\u0131r\u201d\",\"datePublished\":\"2020-03-29T13:27:29+00:00\",\"mainEntityOfPage\":{\"@id\":\"https:\\\/\\\/www.meydan.tv\\\/az\\\/article\\\/polis-is-gunu-deyil-deyib-cinayeti-arasdirmir\\\/\"},\"wordCount\":385,\"publisher\":{\"@id\":\"https:\\\/\\\/www.meydan.tv\\\/az\\\/#organization\"},\"image\":{\"@id\":\"https:\\\/\\\/www.meydan.tv\\\/az\\\/article\\\/polis-is-gunu-deyil-deyib-cinayeti-arasdirmir\\\/#primaryimage\"},\"thumbnailUrl\":\"https:\\\/\\\/www.meydan.tv\\\/wp-content\\\/uploads\\\/image_from_ios_hz8xumv.jpg\",\"articleSection\":[\"B\u00f6lg\u0259\"],\"inLanguage\":\"az\"},{\"@type\":\"WebPage\",\"@id\":\"https:\\\/\\\/www.meydan.tv\\\/az\\\/article\\\/polis-is-gunu-deyil-deyib-cinayeti-arasdirmir\\\/\",\"url\":\"https:\\\/\\\/www.meydan.tv\\\/az\\\/article\\\/polis-is-gunu-deyil-deyib-cinayeti-arasdirmir\\\/\",\"name\":\"\u201cPolis \u201ci\u015f g\u00fcn\u00fc deyil\u201d deyib, cinay\u0259ti ara\u015fd\u0131rm\u0131r\u201d - MEYDAN.TV\",\"isPartOf\":{\"@id\":\"https:\\\/\\\/www.meydan.tv\\\/az\\\/#website\"},\"primaryImageOfPage\":{\"@id\":\"https:\\\/\\\/www.meydan.tv\\\/az\\\/article\\\/polis-is-gunu-deyil-deyib-cinayeti-arasdirmir\\\/#primaryimage\"},\"image\":{\"@id\":\"https:\\\/\\\/www.meydan.tv\\\/az\\\/article\\\/polis-is-gunu-deyil-deyib-cinayeti-arasdirmir\\\/#primaryimage\"},\"thumbnailUrl\":\"https:\\\/\\\/www.meydan.tv\\\/wp-content\\\/uploads\\\/image_from_ios_hz8xumv.jpg\",\"datePublished\":\"2020-03-29T13:27:29+00:00\",\"breadcrumb\":{\"@id\":\"https:\\\/\\\/www.meydan.tv\\\/az\\\/article\\\/polis-is-gunu-deyil-deyib-cinayeti-arasdirmir\\\/#breadcrumb\"},\"inLanguage\":\"az\",\"potentialAction\":[{\"@type\":\"ReadAction\",\"target\":[\"https:\\\/\\\/www.meydan.tv\\\/az\\\/article\\\/polis-is-gunu-deyil-deyib-cinayeti-arasdirmir\\\/\"]}]},{\"@type\":\"ImageObject\",\"inLanguage\":\"az\",\"@id\":\"https:\\\/\\\/www.meydan.tv\\\/az\\\/article\\\/polis-is-gunu-deyil-deyib-cinayeti-arasdirmir\\\/#primaryimage\",\"url\":\"https:\\\/\\\/www.meydan.tv\\\/wp-content\\\/uploads\\\/image_from_ios_hz8xumv.jpg\",\"contentUrl\":\"https:\\\/\\\/www.meydan.tv\\\/wp-content\\\/uploads\\\/image_from_ios_hz8xumv.jpg\",\"width\":1288,\"height\":966,\"caption\":\"Source: Specify Source\"},{\"@type\":\"BreadcrumbList\",\"@id\":\"https:\\\/\\\/www.meydan.tv\\\/az\\\/article\\\/polis-is-gunu-deyil-deyib-cinayeti-arasdirmir\\\/#breadcrumb\",\"itemListElement\":[{\"@type\":\"ListItem\",\"position\":1,\"name\":\"Ana s\u0259hif\u0259\",\"item\":\"https:\\\/\\\/www.meydan.tv\\\/az\\\/\"},{\"@type\":\"ListItem\",\"position\":2,\"name\":\"B\u00f6lg\u0259\",\"item\":\"https:\\\/\\\/www.meydan.tv\\\/az\\\/section\\\/bolge\\\/\"},{\"@type\":\"ListItem\",\"position\":3,\"name\":\"\u201cPolis \u201ci\u015f g\u00fcn\u00fc deyil\u201d deyib, cinay\u0259ti ara\u015fd\u0131rm\u0131r\u201d\"}]},{\"@type\":\"WebSite\",\"@id\":\"https:\\\/\\\/www.meydan.tv\\\/az\\\/#website\",\"url\":\"https:\\\/\\\/www.meydan.tv\\\/az\\\/\",\"name\":\"MEYDAN.TV\",\"description\":\"Meydan TV Az\u0259rbaycan\u0131n media m\u0259kan\u0131ndak\u0131 alternativ s\u0259sidir\",\"publisher\":{\"@id\":\"https:\\\/\\\/www.meydan.tv\\\/az\\\/#organization\"},\"potentialAction\":[{\"@type\":\"SearchAction\",\"target\":{\"@type\":\"EntryPoint\",\"urlTemplate\":\"https:\\\/\\\/www.meydan.tv\\\/az\\\/?s={search_term_string}\"},\"query-input\":{\"@type\":\"PropertyValueSpecification\",\"valueRequired\":true,\"valueName\":\"search_term_string\"}}],\"inLanguage\":\"az\"},{\"@type\":\"Organization\",\"@id\":\"https:\\\/\\\/www.meydan.tv\\\/az\\\/#organization\",\"name\":\"Meydan TV\",\"url\":\"https:\\\/\\\/www.meydan.tv\\\/az\\\/\",\"logo\":{\"@type\":\"ImageObject\",\"inLanguage\":\"az\",\"@id\":\"https:\\\/\\\/www.meydan.tv\\\/az\\\/#\\\/schema\\\/logo\\\/image\\\/\",\"url\":\"https:\\\/\\\/www.meydan.tv\\\/wp-content\\\/uploads\\\/2021\\\/07\\\/meydan-logo.svg\",\"contentUrl\":\"https:\\\/\\\/www.meydan.tv\\\/wp-content\\\/uploads\\\/2021\\\/07\\\/meydan-logo.svg\",\"width\":195,\"height\":46,\"caption\":\"Meydan TV\"},\"image\":{\"@id\":\"https:\\\/\\\/www.meydan.tv\\\/az\\\/#\\\/schema\\\/logo\\\/image\\\/\"}},{\"@type\":\"Person\",\"@id\":\"https:\\\/\\\/www.meydan.tv\\\/az\\\/#\\\/schema\\\/person\\\/10d11eccf6da3662cf5fdab9806ea91a\",\"name\":\"user-manager\"}]}<\/script>\n<!-- \/ Yoast SEO plugin. -->","yoast_head_json":{"title":"\u201cPolis \u201ci\u015f g\u00fcn\u00fc deyil\u201d deyib, cinay\u0259ti ara\u015fd\u0131rm\u0131r\u201d - MEYDAN.TV","robots":{"index":"index","follow":"follow","max-snippet":"max-snippet:-1","max-image-preview":"max-image-preview:large","max-video-preview":"max-video-preview:-1"},"canonical":"https:\/\/www.meydan.tv\/az\/article\/polis-is-gunu-deyil-deyib-cinayeti-arasdirmir\/","og_locale":"az_AZ","og_type":"article","og_title":"\u201cPolis \u201ci\u015f g\u00fcn\u00fc deyil\u201d deyib, cinay\u0259ti ara\u015fd\u0131rm\u0131r\u201d - MEYDAN.TV","og_description":"\"Polis\u0259 m\u00fcraci\u0259t etdim, polis dedi, \u0259riz\u0259ni yaz qoy, \u00f6z\u00fcm\u00fcz \u00e7a\u011f\u0131rar\u0131q\"","og_url":"https:\/\/www.meydan.tv\/az\/article\/polis-is-gunu-deyil-deyib-cinayeti-arasdirmir\/","og_site_name":"MEYDAN.TV","article_published_time":"2020-03-29T13:27:29+00:00","og_image":[{"width":1288,"height":966,"url":"https:\/\/www.meydan.tv\/wp-content\/uploads\/image_from_ios_hz8xumv.jpg","type":"image\/jpeg"}],"author":"user-manager","twitter_card":"summary_large_image","schema":{"@context":"https:\/\/schema.org","@graph":[{"@type":"Article","@id":"https:\/\/www.meydan.tv\/az\/article\/polis-is-gunu-deyil-deyib-cinayeti-arasdirmir\/#article","isPartOf":{"@id":"https:\/\/www.meydan.tv\/az\/article\/polis-is-gunu-deyil-deyib-cinayeti-arasdirmir\/"},"author":{"name":"user-manager","@id":"https:\/\/www.meydan.tv\/az\/#\/schema\/person\/10d11eccf6da3662cf5fdab9806ea91a"},"headline":"\u201cPolis \u201ci\u015f g\u00fcn\u00fc deyil\u201d deyib, cinay\u0259ti ara\u015fd\u0131rm\u0131r\u201d","datePublished":"2020-03-29T13:27:29+00:00","mainEntityOfPage":{"@id":"https:\/\/www.meydan.tv\/az\/article\/polis-is-gunu-deyil-deyib-cinayeti-arasdirmir\/"},"wordCount":385,"publisher":{"@id":"https:\/\/www.meydan.tv\/az\/#organization"},"image":{"@id":"https:\/\/www.meydan.tv\/az\/article\/polis-is-gunu-deyil-deyib-cinayeti-arasdirmir\/#primaryimage"},"thumbnailUrl":"https:\/\/www.meydan.tv\/wp-content\/uploads\/image_from_ios_hz8xumv.jpg","articleSection":["B\u00f6lg\u0259"],"inLanguage":"az"},{"@type":"WebPage","@id":"https:\/\/www.meydan.tv\/az\/article\/polis-is-gunu-deyil-deyib-cinayeti-arasdirmir\/","url":"https:\/\/www.meydan.tv\/az\/article\/polis-is-gunu-deyil-deyib-cinayeti-arasdirmir\/","name":"\u201cPolis \u201ci\u015f g\u00fcn\u00fc deyil\u201d deyib, cinay\u0259ti ara\u015fd\u0131rm\u0131r\u201d - MEYDAN.TV","isPartOf":{"@id":"https:\/\/www.meydan.tv\/az\/#website"},"primaryImageOfPage":{"@id":"https:\/\/www.meydan.tv\/az\/article\/polis-is-gunu-deyil-deyib-cinayeti-arasdirmir\/#primaryimage"},"image":{"@id":"https:\/\/www.meydan.tv\/az\/article\/polis-is-gunu-deyil-deyib-cinayeti-arasdirmir\/#primaryimage"},"thumbnailUrl":"https:\/\/www.meydan.tv\/wp-content\/uploads\/image_from_ios_hz8xumv.jpg","datePublished":"2020-03-29T13:27:29+00:00","breadcrumb":{"@id":"https:\/\/www.meydan.tv\/az\/article\/polis-is-gunu-deyil-deyib-cinayeti-arasdirmir\/#breadcrumb"},"inLanguage":"az","potentialAction":[{"@type":"ReadAction","target":["https:\/\/www.meydan.tv\/az\/article\/polis-is-gunu-deyil-deyib-cinayeti-arasdirmir\/"]}]},{"@type":"ImageObject","inLanguage":"az","@id":"https:\/\/www.meydan.tv\/az\/article\/polis-is-gunu-deyil-deyib-cinayeti-arasdirmir\/#primaryimage","url":"https:\/\/www.meydan.tv\/wp-content\/uploads\/image_from_ios_hz8xumv.jpg","contentUrl":"https:\/\/www.meydan.tv\/wp-content\/uploads\/image_from_ios_hz8xumv.jpg","width":1288,"height":966,"caption":"Source: Specify Source"},{"@type":"BreadcrumbList","@id":"https:\/\/www.meydan.tv\/az\/article\/polis-is-gunu-deyil-deyib-cinayeti-arasdirmir\/#breadcrumb","itemListElement":[{"@type":"ListItem","position":1,"name":"Ana s\u0259hif\u0259","item":"https:\/\/www.meydan.tv\/az\/"},{"@type":"ListItem","position":2,"name":"B\u00f6lg\u0259","item":"https:\/\/www.meydan.tv\/az\/section\/bolge\/"},{"@type":"ListItem","position":3,"name":"\u201cPolis \u201ci\u015f g\u00fcn\u00fc deyil\u201d deyib, cinay\u0259ti ara\u015fd\u0131rm\u0131r\u201d"}]},{"@type":"WebSite","@id":"https:\/\/www.meydan.tv\/az\/#website","url":"https:\/\/www.meydan.tv\/az\/","name":"MEYDAN.TV","description":"Meydan TV Az\u0259rbaycan\u0131n media m\u0259kan\u0131ndak\u0131 alternativ s\u0259sidir","publisher":{"@id":"https:\/\/www.meydan.tv\/az\/#organization"},"potentialAction":[{"@type":"SearchAction","target":{"@type":"EntryPoint","urlTemplate":"https:\/\/www.meydan.tv\/az\/?s={search_term_string}"},"query-input":{"@type":"PropertyValueSpecification","valueRequired":true,"valueName":"search_term_string"}}],"inLanguage":"az"},{"@type":"Organization","@id":"https:\/\/www.meydan.tv\/az\/#organization","name":"Meydan TV","url":"https:\/\/www.meydan.tv\/az\/","logo":{"@type":"ImageObject","inLanguage":"az","@id":"https:\/\/www.meydan.tv\/az\/#\/schema\/logo\/image\/","url":"https:\/\/www.meydan.tv\/wp-content\/uploads\/2021\/07\/meydan-logo.svg","contentUrl":"https:\/\/www.meydan.tv\/wp-content\/uploads\/2021\/07\/meydan-logo.svg","width":195,"height":46,"caption":"Meydan TV"},"image":{"@id":"https:\/\/www.meydan.tv\/az\/#\/schema\/logo\/image\/"}},{"@type":"Person","@id":"https:\/\/www.meydan.tv\/az\/#\/schema\/person\/10d11eccf6da3662cf5fdab9806ea91a","name":"user-manager"}]}},"_links":{"self":[{"href":"https:\/\/www.meydan.tv\/az\/wp-json\/wp\/v2\/posts\/199885","targetHints":{"allow":["GET"]}}],"collection":[{"href":"https:\/\/www.meydan.tv\/az\/wp-json\/wp\/v2\/posts"}],"about":[{"href":"https:\/\/www.meydan.tv\/az\/wp-json\/wp\/v2\/types\/post"}],"author":[{"embeddable":true,"href":"https:\/\/www.meydan.tv\/az\/wp-json\/wp\/v2\/users\/11"}],"replies":[{"embeddable":true,"href":"https:\/\/www.meydan.tv\/az\/wp-json\/wp\/v2\/comments?post=199885"}],"version-history":[{"count":0,"href":"https:\/\/www.meydan.tv\/az\/wp-json\/wp\/v2\/posts\/199885\/revisions"}],"wp:featuredmedia":[{"embeddable":true,"href":"https:\/\/www.meydan.tv\/az\/wp-json\/wp\/v2\/media\/139708"}],"wp:attachment":[{"href":"https:\/\/www.meydan.tv\/az\/wp-json\/wp\/v2\/media?parent=199885"}],"wp:term":[{"taxonomy":"category","embeddable":true,"href":"https:\/\/www.meydan.tv\/az\/wp-json\/wp\/v2\/categories?post=199885"},{"taxonomy":"post_tag","embeddable":true,"href":"https:\/\/www.meydan.tv\/az\/wp-json\/wp\/v2\/tags?post=199885"}],"curies":[{"name":"wp","href":"https:\/\/api.w.org\/{rel}","templated":true}]}}