{"id":199861,"date":"2020-03-27T11:19:04","date_gmt":"2020-03-27T11:19:04","guid":{"rendered":"https:\/\/www.meydan.tv\/article\/qazax-dovlet-sosial-iqtisadi-kollecindeki-ozbasinaliqlarla-bagli-tedbir-gorulsun\/"},"modified":"2020-03-27T11:19:04","modified_gmt":"2020-03-27T11:19:04","slug":"qazax-dovlet-sosial-iqtisadi-kollecindeki-ozbasinaliqlarla-bagli-tedbir-gorulsun","status":"publish","type":"post","link":"https:\/\/www.meydan.tv\/az\/article\/qazax-dovlet-sosial-iqtisadi-kollecindeki-ozbasinaliqlarla-bagli-tedbir-gorulsun\/","title":{"rendered":"\u201cQazax D\u00f6vl\u0259t Sosial-\u0130qtisadi Kollecind\u0259ki \u00f6zba\u015f\u0131nal\u0131qlarla ba\u011fl\u0131 t\u0259dbir g\u00f6r\u00fcls\u00fcn\u201d"},"content":{"rendered":"<p>\n  <i><br \/>\n    Kollecin ke\u00e7mi\u015f direktor m\u00fcavini Prezident\u0259 m\u00fcraci\u0259t etdi<br \/>\n  <\/i>\n<\/p>\n<p>\n  \u201cBir ild\u0259n \u00e7oxdur ki, i\u015fsiz\u0259m. D\u0259f\u0259l\u0259rl\u0259 i\u015fl\u0259 ba\u011fl\u0131 m\u00fcxt\u0259lif qurumlara m\u00fcraci\u0259tl\u0259rim cavabs\u0131z qal\u0131b. H\u0259tta ba\u015fqa bir rayonda dig\u0259r bir m\u00fc\u0259ssis\u0259y\u0259 m\u00fcraci\u0259t etmi\u015fdim. Orada i\u015f\u00e7il\u0259r m\u0259nd\u0259n soru\u015fdu ki, siz h\u0259min qalmqall\u0131 Nicat m\u00fc\u0259llimsiniz?\u201d\n<\/p>\n<p>\n  Bu s\u00f6zl\u0259ri Meydan TV-y\u0259 2019-cu ilin yanvar\u0131nda Qazax D\u00f6vl\u0259t Sosial-\u0130qtisadi Kollecind\u0259 t\u0259dris i\u015fl\u0259ri \u00fczr\u0259 direktor m\u00fcavini v\u0259zif\u0259sind\u0259n \u0259riz\u0259 yazaraq \u00e7\u0131xan Nicat G\u00f6y\u00fc\u015fl\u00fc deyir. S\u00f6yl\u0259yir ki, kollecd\u0259 i\u015fl\u0259diyi m\u00fcdd\u0259td\u0259 bir s\u0131ra ciddi qanun pozuntular\u0131 il\u0259 \u00fczl\u0259\u015fib. Bununla ba\u011fl\u0131 kollecin direktoru El\u015fad Quliyev\u0259 irad bildirdiyi \u00fc\u00e7\u00fcn t\u0259zyiql\u0259r\u0259 m\u0259ruz qal\u0131b:\n<\/p>\n<p>\n  \u201cAz\u0259rbaycan D\u00f6vl\u0259t Memarl\u0131q v\u0259 \u0130n\u015faat Universitetinin n\u0259zdind\u0259 f\u0259aliyy\u0259t g\u00f6st\u0259r\u0259n \u0130n\u015faat Kollecind\u0259 m\u00fc\u0259llim i\u015fl\u0259yirdim. H\u0259m\u00e7inin t\u0259lim-t\u0259rbiy\u0259 i\u015fl\u0259ri \u00fczr\u0259 direktor m\u00fcavini v\u0259zif\u0259sind\u0259 \u00e7al\u0131\u015f\u0131rd\u0131m. 2017-ci il may\u0131n 31-d\u0259 ke\u00e7mi\u015f T\u0259hsil naziri Mikay\u0131l Cabbarovun (2013-2017) \u0259mri il\u0259 Qazax D\u00f6vl\u0259t Sosial-\u0130qtisadi Kollecind\u0259 t\u0259dris i\u015fl\u0259ri \u00fczr\u0259 direktor m\u00fcavini v\u0259zif\u0259sin\u0259 t\u0259yin olundum. \u0130yunun 16-dan &#8211; kollecd\u0259 f\u0259aliyy\u0259t\u0259 ba\u015flad\u0131\u011f\u0131m g\u00fcnd\u0259n bu t\u0259hsil oca\u011f\u0131nda t\u0259dris plan\u0131n\u0131n t\u0259l\u0259bl\u0259rini tam yerin\u0259 yetirm\u0259y\u0259n t\u0259l\u0259b\u0259l\u0259r\u0259 saxta diplomlar\u0131n verilm\u0259si, ixtisas\u0131 uy\u011fun g\u0259lm\u0259y\u0259n \u015f\u0259xsl\u0259rin m\u00fc\u0259llim kimi i\u015f\u0259 q\u0259bul edilm\u0259si, h\u0259m\u00e7inin t\u0259l\u0259b olunandan \u00e7ox sayda m\u00fc\u0259llim i\u015f\u0259 g\u00f6t\u00fcr\u00fcld\u00fcy\u00fc \u00fc\u00e7\u00fcn d\u0259rs saatlar\u0131n\u0131n h\u0259r hans\u0131 bir formadasa, \u0259sass\u0131z \u015f\u0259kild\u0259 \u015fi\u015firdilm\u0259si kimi qanun pozuntular\u0131 il\u0259 rastla\u015fd\u0131m. Direktorun birinci m\u00fcavinini t\u0259yin etm\u0259k s\u0259lahiyy\u0259ti T\u0259hsil nazirind\u0259dir. Direktor h\u0259min V\u00fcqar Eyyubov ad-soyadl\u0131 \u015f\u0259xsi \u00f6zba\u015f\u0131na m\u00fcavin t\u0259yin etmi\u015fdi. Bilmir\u0259m, kimin tap\u015f\u0131r\u0131\u011f\u0131 v\u0259 ist\u0259yi idis\u0259, direktor bu t\u0259yinat\u0131 \u00f6zba\u015f\u0131na h\u0259yata ke\u00e7irmi\u015fdi. Direktor 2016-c\u0131 ild\u0259 \u00f6d\u0259ni\u015fli \u0259saslarla oxuyan t\u0259l\u0259b\u0259l\u0259rin d\u0259 t\u0259qa\u00fcd ala bil\u0259c\u0259yi haqda Nazirl\u0259r Kabinetinin q\u0259rar\u0131n\u0131n qulaqard\u0131 edirdi. H\u0259m\u00e7inin onlara m\u00fchasibatl\u0131q s\u0259n\u0259dl\u0259rind\u0259 ad\u0131 olub, anbara daxil edilm\u0259y\u0259n mallar haqq\u0131nda v\u0259 daha ciddi qanun pozuntular\u0131 bar\u0259d\u0259 iradlar\u0131m\u0131 bildirdim\u201d.\n<\/p>\n<p>\n  \u015eikay\u0259t\u00e7i bildirir ki, direktorla aralar\u0131ndak\u0131 m\u00fcnasib\u0259t ilk g\u00fcnd\u0259n yax\u015f\u0131 olmay\u0131b. Zamanla v\u0259ziyy\u0259t daha g\u0259rgin xarakter al\u0131b:\n<\/p>\n<p>\n  \u201cKollec\u0259 g\u0259ldiyim ilk g\u00fcnd\u0259n direktor El\u015fad Quliyev m\u0259ni yan\u0131na \u00e7a\u011f\u0131r\u0131rd\u0131, basq\u0131lar alt\u0131nda oldu\u011funu deyirdi. S\u00f6yl\u0259yirdi ki, rayon icra hakimiyy\u0259tinin ba\u015f\u00e7\u0131s\u0131 s\u0259ni burada g\u00f6rm\u0259k ist\u0259mir. \u0130ddia edirdi ki, m\u0259n kollec\u0259 g\u0259l\u0259nd\u0259n sonra ona qar\u015f\u0131 t\u0259zyiql\u0259r var. Onu da deyim ki, direktor m\u00fcavini v\u0259zif\u0259sin\u0259 m\u0259n\u0259 q\u0259d\u0259r V\u00fcqar Eyyubov t\u0259yin olunmu\u015fdu. Onu bu v\u0259zif\u0259y\u0259 direktor \u00f6z\u00fc t\u0259yin etmi\u015fdi. Dediyin\u0259 g\u00f6r\u0259, rayon icra hakimiyy\u0259ti d\u0259 h\u0259min \u015f\u0259xsin v\u0259zif\u0259d\u0259 qalma\u011f\u0131n\u0131n t\u0259r\u0259fdar\u0131 idi.\n<\/p>\n<p>\n  Bu s\u00f6hb\u0259td\u0259n sonra T\u0259hsil Nazirliyin\u0259 m\u00fcraci\u0259t etdim, m\u0259n\u0259 basq\u0131lar oldu\u011funu bildirdim. Onlar m\u0259s\u0259l\u0259nin mahiyy\u0259tini ara\u015fd\u0131rd\u0131lar, m\u0259hz bundan sonra m\u0259n\u0259 qar\u015f\u0131 t\u0259zyiql\u0259r aradan qalxd\u0131. T\u0259hsil Nazirliyin\u0259 m\u00fcraci\u0259timd\u0259n sonra rayon icra hakimiyy\u0259tinin bir xan\u0131m \u0259m\u0259kda\u015f\u0131 kollecl\u0259 ba\u011fl\u0131 bir s\u0259n\u0259dd\u0259 k\u00f6m\u0259k etm\u0259yimi ist\u0259di. T\u0259l\u0259b\u0259l\u0259rin say\u0131 v\u0259 imtahan n\u0259tic\u0259l\u0259ri il\u0259 ba\u011fl\u0131 hesabat s\u0259n\u0259di idi. H\u0259min \u0259m\u0259kda\u015f m\u0259n\u0259 dedi ki, biz sizi ya\u015fl\u0131 bir adam bilirdik. M\u0259n sizin haqq\u0131n\u0131zda rayon icra hakimiyy\u0259ti ba\u015f\u00e7\u0131s\u0131na m\u0259lumat ver\u0259c\u0259y\u0259m. Aradan bir g\u00fcn ke\u00e7di, s\u0259h\u0259ri g\u00fcn icra ba\u015f\u00e7\u0131s\u0131n\u0131n k\u00f6m\u0259k\u00e7isi z\u0259ng vurdu ki, ba\u015f\u00e7\u0131 sizi q\u0259bul etm\u0259k ist\u0259yir. Sizin haqq\u0131n\u0131zda ba\u015f\u00e7\u0131ya yanl\u0131\u015f m\u0259lumatlar verilib. Gedib, g\u00f6r\u00fc\u015fd\u00fcm, icra ba\u015f\u00e7\u0131s\u0131 \u00f6z\u00fc d\u0259 bildirdi ki, m\u0259n\u0259 s\u0259ni 45-50 ya\u015flar\u0131nda, \u00fcst\u0259lik, r\u00fc\u015fv\u0259txor bir adam kimi t\u0259qdim etmi\u015fdil\u0259r. Y\u0259ni m\u0259ni q\u0259bul etm\u0259m\u0259yini, r\u00fc\u015fv\u0259txor bir adam\u0131n rayonda i\u015fl\u0259m\u0259yini ist\u0259m\u0259m\u0259si il\u0259 \u0259sasland\u0131rd\u0131. H\u0259min vaxtdan sonra rayon icra ba\u015f\u00e7\u0131s\u0131 il\u0259 m\u00fcn\u0259t\u0259z\u0259m g\u00f6r\u00fc\u015fl\u0259rimiz olurdu. H\u0259tta rayon s\u0259viyy\u0259sind\u0259 ke\u00e7iril\u0259n t\u0259dbirl\u0259rind\u0259 ba\u015f\u00e7\u0131 m\u0259nim d\u0259sti-x\u0259ttimi g\u00f6rm\u0259k ist\u0259di. T\u0259dbirl\u0259r\u0259 \u00e7a\u011f\u0131r\u0131ld\u0131m, iclaslara d\u0259v\u0259t olundum\u201d.\n<\/p>\n<p>\n  Nicat G\u00f6y\u00fc\u015fl\u00fc bildirir ki, t\u0259hsil naziri postunda d\u0259yi\u015fiklik edildikd\u0259n sonra yenid\u0259n ona qar\u015f\u0131 ciddi probleml\u0259r yaranma\u011fa ba\u015flay\u0131b. H\u0259tta onun haqq\u0131nda icra ba\u015f\u00e7\u0131s\u0131 R\u0259c\u0259b Baba\u015fova yanl\u0131\u015f m\u0259lumatlar \u00f6t\u00fcr\u00fcl\u00fcb:\n<\/p>\n<p>\n  \u201cKollecin direktoru El\u015fad Quliyevin basq\u0131lar\u0131 il\u0259 \u00fczl\u0259\u015fdim. O, gah deyirdi ki, Qazax Rayon \u0130cra Hakimiyy\u0259tinin ba\u015f\u00e7\u0131s\u0131 ist\u0259mir ki, s\u0259n burada f\u0259aliyy\u0259t g\u00f6st\u0259r\u0259s\u0259n, gah da s\u00f6yl\u0259yirdi ki, s\u0259nin kollecd\u0259 i\u015fl\u0259m\u0259yini T\u0259hsil Nazirliyi ist\u0259mir. M\u0259s\u0259l\u0259ni d\u0259qiql\u0259\u015fdirm\u0259k m\u0259qs\u0259dil\u0259, T\u0259hsil Nazirliyinin \u0259m\u0259kda\u015flar\u0131 il\u0259 dan\u0131\u015fanda, bel\u0259 bir iddialar\u0131n\u0131n olmad\u0131\u011f\u0131n\u0131 dedil\u0259r. Rayon icra hakimiyy\u0259tinin ba\u015f\u00e7\u0131s\u0131na d\u0259f\u0259l\u0259rl\u0259 m\u00fcraci\u0259t ets\u0259m d\u0259, q\u0259buluna d\u00fc\u015f\u0259 bilm\u0259dim. \u0130cra ba\u015f\u00e7\u0131s\u0131na haqq\u0131mda xo\u015fag\u0259lm\u0259y\u0259n, h\u0259qiq\u0259ti \u0259ks etdirm\u0259y\u0259n m\u0259lumatlar \u00f6t\u00fcrm\u00fc\u015fd\u00fcl\u0259r. Guya m\u0259n m\u00fc\u0259lliml\u0259ri t\u0259hqir etmi\u015f\u0259m, t\u0259l\u0259b\u0259l\u0259r\u0259 qar\u015f\u0131 d\u00fczg\u00fcn r\u0259ftar g\u00f6st\u0259rmir\u0259m. \u00dcmumiyy\u0259tl\u0259, insanlara yuxar\u0131dan a\u015fa\u011f\u0131 bax\u0131ram, kobudluq edir\u0259m. Ba\u015f\u00e7\u0131ya problemli adam kimi t\u0259qdim olunmu\u015famsa, birc\u0259 n\u00fcmun\u0259, fakt g\u00f6st\u0259rsinl\u0259r\u201d.\n<\/p>\n<p>\n  \u201cT\u0259k kollec v\u0259 rayon deyil, b\u00fct\u00fcn G\u0259nc\u0259basara yay\u0131lm\u0131\u015fd\u0131 ki, direktor m\u0259ni s\u0131x\u0131\u015fd\u0131r\u0131b i\u015fd\u0259n \u00e7\u0131xarmaq ist\u0259yir. Bu haqda m\u0259tbuatda yaz\u0131lar da d\u0259rc olunmu\u015fdu. Buna g\u00f6r\u0259 kollecin t\u0259l\u0259b\u0259l\u0259ri y\u0131\u011f\u0131\u015f\u0131b, imza toplayaraq T\u0259hsil Nazirliyin\u0259 m\u00fcraci\u0259t etm\u0259k ist\u0259mi\u015fdil\u0259r\u201d,- sabiq t\u0259dris i\u015fl\u0259ri \u00fczr\u0259 direktor m\u00fcavini s\u00f6yl\u0259yir:\n<\/p>\n<p>\n  \u201cBundan x\u0259b\u0259r tutub, h\u0259min t\u0259l\u0259b\u0259l\u0259ri \u00e7a\u011f\u0131r\u0131b, polisl\u0259 qorxutmu\u015fdular. T\u0259\u015fkilat\u00e7\u0131 olan t\u0259l\u0259b\u0259nin m\u0259n\u0259 qohumlu\u011fu \u00e7at\u0131r. Onu \u00e7a\u011f\u0131r\u0131b, polisl\u0259 t\u0259hdid edib, t\u0259l\u0259b\u0259l\u0259r s\u0131ras\u0131ndan xaric olunmas\u0131 il\u0259 ba\u011fl\u0131 h\u0259d\u0259l\u0259y\u0259r\u0259k izahat yazd\u0131rm\u0131\u015fd\u0131lar. Bu m\u0259s\u0259l\u0259ni t\u0259l\u0259b\u0259l\u0259rin aras\u0131nda i\u011fti\u015fa\u015f yarad\u0131rm\u0131\u015fam kimi aktla\u015fd\u0131rmaq ist\u0259yirdil\u0259r. M\u0259n h\u0259min t\u0259l\u0259b\u0259l\u0259rl\u0259 dan\u0131\u015fm\u0131\u015fam, onlar\u0131n s\u0259s yaz\u0131s\u0131 telefonumda qal\u0131b. Bir ne\u00e7\u0259 i\u015f\u00e7i il\u0259 m\u0259ni \u00fcz-\u00fcz\u0259 qoyduqlar\u0131 \u00fc\u00e7\u00fcn ba\u015fa d\u00fc\u015fd\u00fcm ki, m\u0259ni l\u0259k\u0259l\u0259m\u0259y\u0259 \u00e7al\u0131\u015f\u0131rlar. G\u00f6rd\u00fcm ki, bunlar n\u0259s\u0259 qondarma quramayla m\u0259ni l\u0259k\u0259l\u0259m\u0259y\u0259 \u00e7al\u0131\u015f\u0131r. Buna g\u00f6r\u0259 d\u0259 \u0259riz\u0259mi yaz\u0131b, i\u015fd\u0259n ayr\u0131ld\u0131m\u201d.\n<\/p>\n<p>\n  \u015eikay\u0259t\u00e7i deyir ki, m\u0259qs\u0259di kollecd\u0259 ba\u015f ver\u0259n qanun pozuntular\u0131n\u0131n t\u0259krarlanmamas\u0131d\u0131r. \u018flind\u0259 ciddi faktlar\u0131n oldu\u011funu bildir\u0259n Nicat G\u00f6y\u00fc\u015fl\u00fc, m\u0259s\u0259l\u0259 il\u0259 ba\u011fl\u0131 d\u00f6vl\u0259t ba\u015f\u00e7\u0131s\u0131 \u0130lham \u018fliyev\u0259 m\u00fcraci\u0259t edib:\n<\/p>\n<p>\n  \u201cBir daha s\u00f6yl\u0259yir\u0259m, \u0259limd\u0259 kollecin f\u0259aliyy\u0259ti il\u0259 ba\u011fl\u0131 \u0259sasl\u0131 \u015f\u0259kild\u0259 qanunsuzluqlar\u0131 \u0259ks etdir\u0259n faktlar var. \u00d6lk\u0259 ba\u015f\u00e7\u0131s\u0131n\u0131n son d\u00f6vrl\u0259r apard\u0131\u011f\u0131 islahatlara g\u00fcv\u0259n\u0259r\u0259k, yola \u00e7\u0131xm\u0131\u015fam. C\u0259nab Prezidentin A\u011fstafada v\u0259 Neft\u00e7alada ke\u00e7irdiyi islahat, h\u0259m\u00e7inin B\u0259rd\u0259 \u0130dar\u0259etm\u0259 v\u0259 Texnologiya Kollecinin direktoru v\u0259 direktor m\u00fcavininin korrupsiya fakt\u0131na g\u00f6r\u0259 h\u0259bs olunmas\u0131 \u0259sas verdi ki, m\u0259n d\u0259 fikrimi bildirim. \u0130st\u0259y\u0259rdim ki, bu m\u0259s\u0259l\u0259 c\u0259nab Prezidentin diqq\u0259tini \u00e7\u0259ksin. Qazax D\u00f6vl\u0259t Sosial-\u0130qtisadi Kollecind\u0259 ba\u015f ver\u0259n bu \u00f6zba\u015f\u0131nal\u0131qlarla ba\u011fl\u0131 da bir t\u0259dbir g\u00f6r\u00fcls\u00fcn. Eyni zamanda da m\u0259nim \u00fcz\u0259rimd\u0259 olan bu d\u0131rnaqaras\u0131 l\u0259k\u0259 aradan g\u00f6t\u00fcr\u00fclm\u00fc\u015f olsun\u201d.\n<\/p>\n<p>\n  Qazax D\u00f6vl\u0259t Sosial-\u0130qtisadi Kollecinin direktoru El\u015fad Quliyev Meydan TV-y\u0259 a\u00e7\u0131qlamas\u0131nda ona qar\u015f\u0131 ir\u0259li s\u00fcr\u00fcl\u0259n iddialar\u0131 \u0259sass\u0131z adland\u0131r\u0131b:\n<\/p>\n<p>\n  \u201cQanunsuzluqlar\u0131 Nicat m\u00fc\u0259llim \u00f6z\u00fc etmi\u015f olar. O, eks-t\u0259hsil naziri Mikay\u0131l Cabbarovun \u0259mri il\u0259 biz\u0259 g\u0259lib. Nazir Ceyhun Bayramovun vaxt\u0131nda da m\u0259nim x\u0259b\u0259rim olmadan, \u0259riz\u0259 yaz\u0131b, i\u015fd\u0259n \u00e7\u0131x\u0131b. M\u0259nim onun n\u0259 vaxt \u0259riz\u0259 yaz\u0131b i\u015fd\u0259n getm\u0259yind\u0259n x\u0259b\u0259rim olmay\u0131b.\n<\/p>\n<p>\n  V\u00fcqar Eyyubov on ildir ki, kollecimizd\u0259 i\u015fl\u0259yir. Nicat G\u00f6y\u00fc\u015fl\u00fc g\u0259lm\u0259mi\u015fd\u0259n \u00f6nc\u0259, m\u00fcv\u0259qq\u0259ti \u0259mr ver\u0259r\u0259k, t\u0259dris i\u015fl\u0259ri \u00fczr\u0259 direktor m\u00fcavini t\u0259yin etmi\u015fdik. Nicat G\u00f6y\u00fc\u015fl\u00fc bu v\u0259zif\u0259y\u0259 t\u0259yin olunduqdan sonra V\u00fcqar Eyyubov \u015f\u00f6b\u0259 m\u00fcdiri v\u0259zif\u0259sin\u0259 ke\u00e7di.\n<\/p>\n<p>\n  Nicat m\u00fc\u0259llim i\u015fl\u0259diyi m\u00fcdd\u0259td\u0259 m\u0259n deyirdim ki, qat\u0131q a\u011fd\u0131r, o deyirdi ki, qarad\u0131r. O, kollecd\u0259 i\u015fl\u0259y\u0259nd\u0259, 27-28 ya\u015f\u0131 var idi. Ota\u011fa a\u00e7ar\u0131 \u0259lind\u0259 f\u0131rlada-f\u0131rlada girirdi. M\u0259ni direktor kimi saym\u0131rd\u0131. Bel\u0259 h\u0259r\u0259k\u0259tl\u0259ri vard\u0131, xo\u015fuma g\u0259lmirdi. D\u0259f\u0259l\u0259rl\u0259 bunu \u00f6z\u00fcn\u0259 irad tutmu\u015fdum. \u0130cra ba\u015f\u00e7\u0131s\u0131 il\u0259 m\u00fcnasib\u0259tl\u0259rin\u0259 g\u0259linc\u0259, m\u0259nim n\u0259yim\u0259 laz\u0131md\u0131r? \u0130cra ba\u015f\u00e7\u0131s\u0131 il\u0259 m\u00fcnasib\u0259ti ola da bil\u0259r, olmaya da. \u018fg\u0259r onun ba\u015f\u00e7\u0131 il\u0259 m\u00fcnasib\u0259ti yoxuydusa, niy\u0259 onu \u00e7a\u011f\u0131r\u0131b demi\u015fdil\u0259r ki, El\u015fad m\u00fc\u0259llimi \u00e7\u0131xaraq, yerin\u0259 s\u0259ni direktor qoyaq? Bel\u0259 \u015feyl\u0259r g\u00f6r\u0259nd\u0259, xo\u015fum g\u0259lm\u0259di, h\u0259tta ona dedim ki, Nicat m\u00fc\u0259llim, bel\u0259 i\u015fl\u0259m\u0259k olmaz. M\u0259n otuz ildir, bu kollektivd\u0259 i\u015fl\u0259yir\u0259m. \u0130\u015f\u00e7il\u0259rin doxsan be\u015f faizi qad\u0131nd\u0131r. Ona deyirdim ki, kollektivl\u0259 yola get. Lakin o, kollektivl\u0259 yola getm\u0259di, onunla dala\u015fd\u0131, bununla dala\u015fd\u0131. Haqq\u0131nda \u015fikay\u0259tl\u0259r oldu.\n<\/p>\n<p>\n  Prezident se\u00e7kisi \u00f6nc\u0259si gedib icra ba\u015f\u00e7\u0131s\u0131na demi\u015fdi ki, kollecd\u0259 qeyri-ixtisas m\u00fc\u0259lliml\u0259ri var, onlar\u0131 \u00e7\u0131xar\u0131r\u0131q. M\u0259n d\u0259 dedim ki, vallah, \u00e7\u0131xarmaq m\u00fcmk\u00fcn deyil. Onlar on ild\u0259n d\u0259 \u00e7oxdur i\u015fl\u0259yirl\u0259r. \u0130xtisaslar l\u0259\u011fv olunsa da, \u00e7\u0131xarmaq d\u00fczg\u00fcn deyil. Ba\u015f\u00e7\u0131 dedi ki, El\u015fad m\u00fc\u0259llim, s\u0259n k\u0259nara dur, Nicat m\u00fc\u0259llim d\u0259rsi b\u00f6ls\u00fcn. Nicat m\u00fc\u0259llim d\u0259rsi b\u00f6ld\u00fc. 16 n\u0259f\u0259r m\u00fc\u0259llimin 14 n\u0259f\u0259rini q\u0131ra\u011fa \u00e7\u0131xard\u0131. Onlar da g\u00f6t\u00fcr\u00fcb, c\u0259nab Prezident\u0259 m\u00fcraci\u0259tl\u0259 \u015fikay\u0259t etdil\u0259r, internetd\u0259 yaz\u0131 verdil\u0259r. \u0130cra ba\u015f\u00e7\u0131s\u0131 bizim ikimizi d\u0259 q\u0259bul etdi ki, bel\u0259 olmaz. M\u0259n d\u0259 Mikay\u0131l Cabbarova m\u00fcraci\u0259t etdim, h\u0259min m\u00fc\u0259lliml\u0259rin ixtisaslar\u0131 l\u0259\u011fv olunmas\u0131na baxmayaraq, kollecd\u0259 saxlan\u0131ld\u0131. Nicat m\u00fc\u0259llim bunu t\u0259sdiql\u0259y\u0259n s\u0259n\u0259d\u0259 qol \u00e7\u0259km\u0259di. Bununla da m\u00fcnasib\u0259tl\u0259r getdikc\u0259 korland\u0131.\n<\/p>\n<p>\n  Sonuncu d\u0259f\u0259 iki y\u00fcz n\u0259f\u0259r t\u0259l\u0259b\u0259y\u0259 qol \u00e7\u0259kdimi\u015fdi, guya hans\u0131sa t\u0259dbir\u0259 apar\u0131r. H\u0259min ka\u011f\u0131zla tan\u0131\u015f oldum, imzalanan s\u0259n\u0259dd\u0259 ba\u015fl\u0131q-filan yoxdur, el\u0259c\u0259 qol \u00e7\u0259kilib. Bilinmirdi ki, u\u015faqlar\u0131 hara, n\u0259 i\u015f\u0259 apar\u0131r? Ka\u011f\u0131z\u0131n n\u00fcsx\u0259sini prokurorlu\u011fa, dig\u0259rini is\u0259 T\u0259hsil Nazirliyin\u0259 g\u00f6nd\u0259rdim. \u0130cra ba\u015f\u00e7\u0131s\u0131 da bundan x\u0259b\u0259r tutandan sonra Nicat m\u00fc\u0259llim\u0259 dedi ki, m\u0259n \u0259g\u0259r bu i\u015fd\u0259n \u00e7\u0131xmasam, bu haqda c\u0259nab Prezident\u0259 m\u0259ruz\u0259 ed\u0259c\u0259y\u0259m. Nicat m\u00fc\u0259llim d\u0259 gedib, \u0259riz\u0259sini yaz\u0131b, i\u015fd\u0259n \u00e7\u0131xd\u0131\u201d.\n<\/p>\n<p>\n  Qazax Rayon \u0130cra Hakimiyy\u0259tind\u0259n m\u0259s\u0259l\u0259y\u0259 m\u00fcnasib\u0259t \u00f6yr\u0259nm\u0259k m\u00fcmk\u00fcn olmay\u0131b.<\/p>\n","protected":false},"excerpt":{"rendered":"<p>&#8220;\u0130st\u0259y\u0259rdim ki, bu m\u0259s\u0259l\u0259 c\u0259nab Prezidentin diqq\u0259tini \u00e7\u0259ksin&#8221;<\/p>\n","protected":false},"author":11,"featured_media":139630,"comment_status":"closed","ping_status":"open","sticky":false,"template":"","format":"standard","meta":{"_acf_changed":false,"_sitemap_exclude":false,"_sitemap_priority":"","_sitemap_frequency":"","footnotes":""},"categories":[60],"tags":[],"class_list":["post-199861","post","type-post","status-publish","format-standard","has-post-thumbnail","hentry","category-bolge","infinite-scroll-item","generate-columns","tablet-grid-50","mobile-grid-100","grid-parent","grid-33","no-featured-image-padding"],"acf":[],"yoast_head":"<!-- This site is optimized with the Yoast SEO plugin v27.5 - https:\/\/yoast.com\/product\/yoast-seo-wordpress\/ -->\n<title>\u201cQazax D\u00f6vl\u0259t Sosial-\u0130qtisadi Kollecind\u0259ki \u00f6zba\u015f\u0131nal\u0131qlarla ba\u011fl\u0131 t\u0259dbir g\u00f6r\u00fcls\u00fcn\u201d - MEYDAN.TV<\/title>\n<meta name=\"robots\" content=\"index, follow, max-snippet:-1, max-image-preview:large, max-video-preview:-1\" \/>\n<link rel=\"canonical\" href=\"https:\/\/www.meydan.tv\/az\/article\/qazax-dovlet-sosial-iqtisadi-kollecindeki-ozbasinaliqlarla-bagli-tedbir-gorulsun\/\" \/>\n<meta property=\"og:locale\" content=\"az_AZ\" \/>\n<meta property=\"og:type\" content=\"article\" \/>\n<meta property=\"og:title\" content=\"\u201cQazax D\u00f6vl\u0259t Sosial-\u0130qtisadi Kollecind\u0259ki \u00f6zba\u015f\u0131nal\u0131qlarla ba\u011fl\u0131 t\u0259dbir g\u00f6r\u00fcls\u00fcn\u201d - MEYDAN.TV\" \/>\n<meta property=\"og:description\" content=\"&quot;\u0130st\u0259y\u0259rdim ki, bu m\u0259s\u0259l\u0259 c\u0259nab Prezidentin diqq\u0259tini \u00e7\u0259ksin&quot;\" \/>\n<meta property=\"og:url\" content=\"https:\/\/www.meydan.tv\/az\/article\/qazax-dovlet-sosial-iqtisadi-kollecindeki-ozbasinaliqlarla-bagli-tedbir-gorulsun\/\" \/>\n<meta property=\"og:site_name\" content=\"MEYDAN.TV\" \/>\n<meta property=\"article:published_time\" content=\"2020-03-27T11:19:04+00:00\" \/>\n<meta property=\"og:image\" content=\"https:\/\/www.meydan.tv\/wp-content\/uploads\/image_from_ios_7gxadod.jpg\" \/>\n\t<meta property=\"og:image:width\" content=\"640\" \/>\n\t<meta property=\"og:image:height\" content=\"960\" \/>\n\t<meta property=\"og:image:type\" content=\"image\/jpeg\" \/>\n<meta name=\"author\" content=\"user-manager\" \/>\n<meta name=\"twitter:card\" content=\"summary_large_image\" \/>\n<script type=\"application\/ld+json\" class=\"yoast-schema-graph\">{\"@context\":\"https:\\\/\\\/schema.org\",\"@graph\":[{\"@type\":\"Article\",\"@id\":\"https:\\\/\\\/www.meydan.tv\\\/az\\\/article\\\/qazax-dovlet-sosial-iqtisadi-kollecindeki-ozbasinaliqlarla-bagli-tedbir-gorulsun\\\/#article\",\"isPartOf\":{\"@id\":\"https:\\\/\\\/www.meydan.tv\\\/az\\\/article\\\/qazax-dovlet-sosial-iqtisadi-kollecindeki-ozbasinaliqlarla-bagli-tedbir-gorulsun\\\/\"},\"author\":{\"name\":\"user-manager\",\"@id\":\"https:\\\/\\\/www.meydan.tv\\\/az\\\/#\\\/schema\\\/person\\\/10d11eccf6da3662cf5fdab9806ea91a\"},\"headline\":\"\u201cQazax D\u00f6vl\u0259t Sosial-\u0130qtisadi Kollecind\u0259ki \u00f6zba\u015f\u0131nal\u0131qlarla ba\u011fl\u0131 t\u0259dbir g\u00f6r\u00fcls\u00fcn\u201d\",\"datePublished\":\"2020-03-27T11:19:04+00:00\",\"mainEntityOfPage\":{\"@id\":\"https:\\\/\\\/www.meydan.tv\\\/az\\\/article\\\/qazax-dovlet-sosial-iqtisadi-kollecindeki-ozbasinaliqlarla-bagli-tedbir-gorulsun\\\/\"},\"wordCount\":2212,\"publisher\":{\"@id\":\"https:\\\/\\\/www.meydan.tv\\\/az\\\/#organization\"},\"image\":{\"@id\":\"https:\\\/\\\/www.meydan.tv\\\/az\\\/article\\\/qazax-dovlet-sosial-iqtisadi-kollecindeki-ozbasinaliqlarla-bagli-tedbir-gorulsun\\\/#primaryimage\"},\"thumbnailUrl\":\"https:\\\/\\\/www.meydan.tv\\\/wp-content\\\/uploads\\\/image_from_ios_7gxadod.jpg\",\"articleSection\":[\"B\u00f6lg\u0259\"],\"inLanguage\":\"az\"},{\"@type\":\"WebPage\",\"@id\":\"https:\\\/\\\/www.meydan.tv\\\/az\\\/article\\\/qazax-dovlet-sosial-iqtisadi-kollecindeki-ozbasinaliqlarla-bagli-tedbir-gorulsun\\\/\",\"url\":\"https:\\\/\\\/www.meydan.tv\\\/az\\\/article\\\/qazax-dovlet-sosial-iqtisadi-kollecindeki-ozbasinaliqlarla-bagli-tedbir-gorulsun\\\/\",\"name\":\"\u201cQazax D\u00f6vl\u0259t Sosial-\u0130qtisadi Kollecind\u0259ki \u00f6zba\u015f\u0131nal\u0131qlarla ba\u011fl\u0131 t\u0259dbir g\u00f6r\u00fcls\u00fcn\u201d - MEYDAN.TV\",\"isPartOf\":{\"@id\":\"https:\\\/\\\/www.meydan.tv\\\/az\\\/#website\"},\"primaryImageOfPage\":{\"@id\":\"https:\\\/\\\/www.meydan.tv\\\/az\\\/article\\\/qazax-dovlet-sosial-iqtisadi-kollecindeki-ozbasinaliqlarla-bagli-tedbir-gorulsun\\\/#primaryimage\"},\"image\":{\"@id\":\"https:\\\/\\\/www.meydan.tv\\\/az\\\/article\\\/qazax-dovlet-sosial-iqtisadi-kollecindeki-ozbasinaliqlarla-bagli-tedbir-gorulsun\\\/#primaryimage\"},\"thumbnailUrl\":\"https:\\\/\\\/www.meydan.tv\\\/wp-content\\\/uploads\\\/image_from_ios_7gxadod.jpg\",\"datePublished\":\"2020-03-27T11:19:04+00:00\",\"breadcrumb\":{\"@id\":\"https:\\\/\\\/www.meydan.tv\\\/az\\\/article\\\/qazax-dovlet-sosial-iqtisadi-kollecindeki-ozbasinaliqlarla-bagli-tedbir-gorulsun\\\/#breadcrumb\"},\"inLanguage\":\"az\",\"potentialAction\":[{\"@type\":\"ReadAction\",\"target\":[\"https:\\\/\\\/www.meydan.tv\\\/az\\\/article\\\/qazax-dovlet-sosial-iqtisadi-kollecindeki-ozbasinaliqlarla-bagli-tedbir-gorulsun\\\/\"]}]},{\"@type\":\"ImageObject\",\"inLanguage\":\"az\",\"@id\":\"https:\\\/\\\/www.meydan.tv\\\/az\\\/article\\\/qazax-dovlet-sosial-iqtisadi-kollecindeki-ozbasinaliqlarla-bagli-tedbir-gorulsun\\\/#primaryimage\",\"url\":\"https:\\\/\\\/www.meydan.tv\\\/wp-content\\\/uploads\\\/image_from_ios_7gxadod.jpg\",\"contentUrl\":\"https:\\\/\\\/www.meydan.tv\\\/wp-content\\\/uploads\\\/image_from_ios_7gxadod.jpg\",\"width\":640,\"height\":960,\"caption\":\"Source: Specify Source\"},{\"@type\":\"BreadcrumbList\",\"@id\":\"https:\\\/\\\/www.meydan.tv\\\/az\\\/article\\\/qazax-dovlet-sosial-iqtisadi-kollecindeki-ozbasinaliqlarla-bagli-tedbir-gorulsun\\\/#breadcrumb\",\"itemListElement\":[{\"@type\":\"ListItem\",\"position\":1,\"name\":\"Ana s\u0259hif\u0259\",\"item\":\"https:\\\/\\\/www.meydan.tv\\\/az\\\/\"},{\"@type\":\"ListItem\",\"position\":2,\"name\":\"B\u00f6lg\u0259\",\"item\":\"https:\\\/\\\/www.meydan.tv\\\/az\\\/section\\\/bolge\\\/\"},{\"@type\":\"ListItem\",\"position\":3,\"name\":\"\u201cQazax D\u00f6vl\u0259t Sosial-\u0130qtisadi Kollecind\u0259ki \u00f6zba\u015f\u0131nal\u0131qlarla ba\u011fl\u0131 t\u0259dbir g\u00f6r\u00fcls\u00fcn\u201d\"}]},{\"@type\":\"WebSite\",\"@id\":\"https:\\\/\\\/www.meydan.tv\\\/az\\\/#website\",\"url\":\"https:\\\/\\\/www.meydan.tv\\\/az\\\/\",\"name\":\"MEYDAN.TV\",\"description\":\"Meydan TV Az\u0259rbaycan\u0131n media m\u0259kan\u0131ndak\u0131 alternativ s\u0259sidir\",\"publisher\":{\"@id\":\"https:\\\/\\\/www.meydan.tv\\\/az\\\/#organization\"},\"potentialAction\":[{\"@type\":\"SearchAction\",\"target\":{\"@type\":\"EntryPoint\",\"urlTemplate\":\"https:\\\/\\\/www.meydan.tv\\\/az\\\/?s={search_term_string}\"},\"query-input\":{\"@type\":\"PropertyValueSpecification\",\"valueRequired\":true,\"valueName\":\"search_term_string\"}}],\"inLanguage\":\"az\"},{\"@type\":\"Organization\",\"@id\":\"https:\\\/\\\/www.meydan.tv\\\/az\\\/#organization\",\"name\":\"Meydan TV\",\"url\":\"https:\\\/\\\/www.meydan.tv\\\/az\\\/\",\"logo\":{\"@type\":\"ImageObject\",\"inLanguage\":\"az\",\"@id\":\"https:\\\/\\\/www.meydan.tv\\\/az\\\/#\\\/schema\\\/logo\\\/image\\\/\",\"url\":\"https:\\\/\\\/www.meydan.tv\\\/wp-content\\\/uploads\\\/2021\\\/07\\\/meydan-logo.svg\",\"contentUrl\":\"https:\\\/\\\/www.meydan.tv\\\/wp-content\\\/uploads\\\/2021\\\/07\\\/meydan-logo.svg\",\"width\":195,\"height\":46,\"caption\":\"Meydan TV\"},\"image\":{\"@id\":\"https:\\\/\\\/www.meydan.tv\\\/az\\\/#\\\/schema\\\/logo\\\/image\\\/\"}},{\"@type\":\"Person\",\"@id\":\"https:\\\/\\\/www.meydan.tv\\\/az\\\/#\\\/schema\\\/person\\\/10d11eccf6da3662cf5fdab9806ea91a\",\"name\":\"user-manager\"}]}<\/script>\n<!-- \/ Yoast SEO plugin. -->","yoast_head_json":{"title":"\u201cQazax D\u00f6vl\u0259t Sosial-\u0130qtisadi Kollecind\u0259ki \u00f6zba\u015f\u0131nal\u0131qlarla ba\u011fl\u0131 t\u0259dbir g\u00f6r\u00fcls\u00fcn\u201d - MEYDAN.TV","robots":{"index":"index","follow":"follow","max-snippet":"max-snippet:-1","max-image-preview":"max-image-preview:large","max-video-preview":"max-video-preview:-1"},"canonical":"https:\/\/www.meydan.tv\/az\/article\/qazax-dovlet-sosial-iqtisadi-kollecindeki-ozbasinaliqlarla-bagli-tedbir-gorulsun\/","og_locale":"az_AZ","og_type":"article","og_title":"\u201cQazax D\u00f6vl\u0259t Sosial-\u0130qtisadi Kollecind\u0259ki \u00f6zba\u015f\u0131nal\u0131qlarla ba\u011fl\u0131 t\u0259dbir g\u00f6r\u00fcls\u00fcn\u201d - MEYDAN.TV","og_description":"\"\u0130st\u0259y\u0259rdim ki, bu m\u0259s\u0259l\u0259 c\u0259nab Prezidentin diqq\u0259tini \u00e7\u0259ksin\"","og_url":"https:\/\/www.meydan.tv\/az\/article\/qazax-dovlet-sosial-iqtisadi-kollecindeki-ozbasinaliqlarla-bagli-tedbir-gorulsun\/","og_site_name":"MEYDAN.TV","article_published_time":"2020-03-27T11:19:04+00:00","og_image":[{"width":640,"height":960,"url":"https:\/\/www.meydan.tv\/wp-content\/uploads\/image_from_ios_7gxadod.jpg","type":"image\/jpeg"}],"author":"user-manager","twitter_card":"summary_large_image","schema":{"@context":"https:\/\/schema.org","@graph":[{"@type":"Article","@id":"https:\/\/www.meydan.tv\/az\/article\/qazax-dovlet-sosial-iqtisadi-kollecindeki-ozbasinaliqlarla-bagli-tedbir-gorulsun\/#article","isPartOf":{"@id":"https:\/\/www.meydan.tv\/az\/article\/qazax-dovlet-sosial-iqtisadi-kollecindeki-ozbasinaliqlarla-bagli-tedbir-gorulsun\/"},"author":{"name":"user-manager","@id":"https:\/\/www.meydan.tv\/az\/#\/schema\/person\/10d11eccf6da3662cf5fdab9806ea91a"},"headline":"\u201cQazax D\u00f6vl\u0259t Sosial-\u0130qtisadi Kollecind\u0259ki \u00f6zba\u015f\u0131nal\u0131qlarla ba\u011fl\u0131 t\u0259dbir g\u00f6r\u00fcls\u00fcn\u201d","datePublished":"2020-03-27T11:19:04+00:00","mainEntityOfPage":{"@id":"https:\/\/www.meydan.tv\/az\/article\/qazax-dovlet-sosial-iqtisadi-kollecindeki-ozbasinaliqlarla-bagli-tedbir-gorulsun\/"},"wordCount":2212,"publisher":{"@id":"https:\/\/www.meydan.tv\/az\/#organization"},"image":{"@id":"https:\/\/www.meydan.tv\/az\/article\/qazax-dovlet-sosial-iqtisadi-kollecindeki-ozbasinaliqlarla-bagli-tedbir-gorulsun\/#primaryimage"},"thumbnailUrl":"https:\/\/www.meydan.tv\/wp-content\/uploads\/image_from_ios_7gxadod.jpg","articleSection":["B\u00f6lg\u0259"],"inLanguage":"az"},{"@type":"WebPage","@id":"https:\/\/www.meydan.tv\/az\/article\/qazax-dovlet-sosial-iqtisadi-kollecindeki-ozbasinaliqlarla-bagli-tedbir-gorulsun\/","url":"https:\/\/www.meydan.tv\/az\/article\/qazax-dovlet-sosial-iqtisadi-kollecindeki-ozbasinaliqlarla-bagli-tedbir-gorulsun\/","name":"\u201cQazax D\u00f6vl\u0259t Sosial-\u0130qtisadi Kollecind\u0259ki \u00f6zba\u015f\u0131nal\u0131qlarla ba\u011fl\u0131 t\u0259dbir g\u00f6r\u00fcls\u00fcn\u201d - MEYDAN.TV","isPartOf":{"@id":"https:\/\/www.meydan.tv\/az\/#website"},"primaryImageOfPage":{"@id":"https:\/\/www.meydan.tv\/az\/article\/qazax-dovlet-sosial-iqtisadi-kollecindeki-ozbasinaliqlarla-bagli-tedbir-gorulsun\/#primaryimage"},"image":{"@id":"https:\/\/www.meydan.tv\/az\/article\/qazax-dovlet-sosial-iqtisadi-kollecindeki-ozbasinaliqlarla-bagli-tedbir-gorulsun\/#primaryimage"},"thumbnailUrl":"https:\/\/www.meydan.tv\/wp-content\/uploads\/image_from_ios_7gxadod.jpg","datePublished":"2020-03-27T11:19:04+00:00","breadcrumb":{"@id":"https:\/\/www.meydan.tv\/az\/article\/qazax-dovlet-sosial-iqtisadi-kollecindeki-ozbasinaliqlarla-bagli-tedbir-gorulsun\/#breadcrumb"},"inLanguage":"az","potentialAction":[{"@type":"ReadAction","target":["https:\/\/www.meydan.tv\/az\/article\/qazax-dovlet-sosial-iqtisadi-kollecindeki-ozbasinaliqlarla-bagli-tedbir-gorulsun\/"]}]},{"@type":"ImageObject","inLanguage":"az","@id":"https:\/\/www.meydan.tv\/az\/article\/qazax-dovlet-sosial-iqtisadi-kollecindeki-ozbasinaliqlarla-bagli-tedbir-gorulsun\/#primaryimage","url":"https:\/\/www.meydan.tv\/wp-content\/uploads\/image_from_ios_7gxadod.jpg","contentUrl":"https:\/\/www.meydan.tv\/wp-content\/uploads\/image_from_ios_7gxadod.jpg","width":640,"height":960,"caption":"Source: Specify Source"},{"@type":"BreadcrumbList","@id":"https:\/\/www.meydan.tv\/az\/article\/qazax-dovlet-sosial-iqtisadi-kollecindeki-ozbasinaliqlarla-bagli-tedbir-gorulsun\/#breadcrumb","itemListElement":[{"@type":"ListItem","position":1,"name":"Ana s\u0259hif\u0259","item":"https:\/\/www.meydan.tv\/az\/"},{"@type":"ListItem","position":2,"name":"B\u00f6lg\u0259","item":"https:\/\/www.meydan.tv\/az\/section\/bolge\/"},{"@type":"ListItem","position":3,"name":"\u201cQazax D\u00f6vl\u0259t Sosial-\u0130qtisadi Kollecind\u0259ki \u00f6zba\u015f\u0131nal\u0131qlarla ba\u011fl\u0131 t\u0259dbir g\u00f6r\u00fcls\u00fcn\u201d"}]},{"@type":"WebSite","@id":"https:\/\/www.meydan.tv\/az\/#website","url":"https:\/\/www.meydan.tv\/az\/","name":"MEYDAN.TV","description":"Meydan TV Az\u0259rbaycan\u0131n media m\u0259kan\u0131ndak\u0131 alternativ s\u0259sidir","publisher":{"@id":"https:\/\/www.meydan.tv\/az\/#organization"},"potentialAction":[{"@type":"SearchAction","target":{"@type":"EntryPoint","urlTemplate":"https:\/\/www.meydan.tv\/az\/?s={search_term_string}"},"query-input":{"@type":"PropertyValueSpecification","valueRequired":true,"valueName":"search_term_string"}}],"inLanguage":"az"},{"@type":"Organization","@id":"https:\/\/www.meydan.tv\/az\/#organization","name":"Meydan TV","url":"https:\/\/www.meydan.tv\/az\/","logo":{"@type":"ImageObject","inLanguage":"az","@id":"https:\/\/www.meydan.tv\/az\/#\/schema\/logo\/image\/","url":"https:\/\/www.meydan.tv\/wp-content\/uploads\/2021\/07\/meydan-logo.svg","contentUrl":"https:\/\/www.meydan.tv\/wp-content\/uploads\/2021\/07\/meydan-logo.svg","width":195,"height":46,"caption":"Meydan TV"},"image":{"@id":"https:\/\/www.meydan.tv\/az\/#\/schema\/logo\/image\/"}},{"@type":"Person","@id":"https:\/\/www.meydan.tv\/az\/#\/schema\/person\/10d11eccf6da3662cf5fdab9806ea91a","name":"user-manager"}]}},"_links":{"self":[{"href":"https:\/\/www.meydan.tv\/az\/wp-json\/wp\/v2\/posts\/199861","targetHints":{"allow":["GET"]}}],"collection":[{"href":"https:\/\/www.meydan.tv\/az\/wp-json\/wp\/v2\/posts"}],"about":[{"href":"https:\/\/www.meydan.tv\/az\/wp-json\/wp\/v2\/types\/post"}],"author":[{"embeddable":true,"href":"https:\/\/www.meydan.tv\/az\/wp-json\/wp\/v2\/users\/11"}],"replies":[{"embeddable":true,"href":"https:\/\/www.meydan.tv\/az\/wp-json\/wp\/v2\/comments?post=199861"}],"version-history":[{"count":0,"href":"https:\/\/www.meydan.tv\/az\/wp-json\/wp\/v2\/posts\/199861\/revisions"}],"wp:featuredmedia":[{"embeddable":true,"href":"https:\/\/www.meydan.tv\/az\/wp-json\/wp\/v2\/media\/139630"}],"wp:attachment":[{"href":"https:\/\/www.meydan.tv\/az\/wp-json\/wp\/v2\/media?parent=199861"}],"wp:term":[{"taxonomy":"category","embeddable":true,"href":"https:\/\/www.meydan.tv\/az\/wp-json\/wp\/v2\/categories?post=199861"},{"taxonomy":"post_tag","embeddable":true,"href":"https:\/\/www.meydan.tv\/az\/wp-json\/wp\/v2\/tags?post=199861"}],"curies":[{"name":"wp","href":"https:\/\/api.w.org\/{rel}","templated":true}]}}