{"id":199845,"date":"2020-03-26T11:35:44","date_gmt":"2020-03-26T11:35:44","guid":{"rendered":"https:\/\/www.meydan.tv\/article\/saatlinin-80-yasli-sakini-7-nefer-palciq-evin-bir-otagina-siginib\/"},"modified":"2020-03-26T11:35:44","modified_gmt":"2020-03-26T11:35:44","slug":"saatlinin-80-yasli-sakini-7-nefer-palciq-evin-bir-otagina-siginib","status":"publish","type":"post","link":"https:\/\/www.meydan.tv\/az\/article\/saatlinin-80-yasli-sakini-7-nefer-palciq-evin-bir-otagina-siginib\/","title":{"rendered":"Saatl\u0131n\u0131n 80 ya\u015fl\u0131 sakini: 7 n\u0259f\u0259r pal\u00e7\u0131q evin bir ota\u011f\u0131na s\u0131\u011f\u0131n\u0131b"},"content":{"rendered":"<p>\n  <i><br \/>\n    Ail\u0259d\u0259 qar\u0131ndolusu yem\u0259k yey\u0259 bilm\u0259y\u0259n \u00fc\u00e7 u\u015faq, bir yeniyetm\u0259 var<br \/>\n  <\/i>\n<\/p>\n<p>\n  \u201c7 n\u0259f\u0259rlik ail\u0259 m\u0259nim pensiyamla dolan\u0131r. 4 n\u0259v\u0259m var, \u00fc\u00e7\u00fc azya\u015fl\u0131, biri yeniyetm\u0259dir. Ba\u015fqalar\u0131 kimi qar\u0131ndolusu yey\u0259, g\u00f6zudolusu geyin\u0259 bilmirl\u0259r. Adam baxanda \u00fcr\u0259yi par\u00e7a-par\u00e7a olur\u201d.\n<\/p>\n<p>\n  80 ya\u015fl\u0131 Z\u0259hra \u018fliyeva Saatl\u0131 rayonu, Mais \u018fliyev k\u00fc\u00e7\u0259sinin sakinidir. Meydan TV-y\u0259 dan\u0131\u015f\u0131r ki, h\u0259min \u00fcnvandak\u0131 birotaql\u0131 evd\u0259 o\u011flu, g\u0259lini v\u0259 d\u00f6rd n\u0259v\u0259si d\u0259 onunla b\u0259rab\u0259r ya\u015fay\u0131r. Deyir, o\u011flunun ayaqlar\u0131 tutulandan ail\u0259 ehtiyac i\u00e7ind\u0259dir, el\u0259 g\u00fcn olur ki, \u00e7\u00f6r\u0259k d\u0259 tapm\u0131rlar.\n<\/p>\n<p>\n  <b><br \/>\n    \u201cAllah bundan bet\u0259rind\u0259n saxlas\u0131n\u201d<br \/>\n  <\/b>\n<\/p>\n<p>\n  \u201cO\u011flum \u0259vv\u0259ll\u0259r i\u015fl\u0259yirdi, avtobus s\u00fcr\u00fcrd\u00fc, yax\u015f\u0131-pis ail\u0259ni doland\u0131r\u0131rd\u0131. Sonra ayaqlar\u0131 tutuldu, yeriy\u0259 bilmir, \u0259m\u0259k f\u0259aliyy\u0259ti il\u0259 m\u0259\u015f\u011ful olmur. El\u0259 g\u00fcn olur ki, yem\u0259y\u0259 yavan \u00e7\u00f6r\u0259k d\u0259 tapm\u0131r\u0131q, ax\u015fama kimi birt\u0259h\u0259r g\u00fcn\u00fc ac qar\u0131na yola verib, ax\u015fam yat\u0131r\u0131q. \u018fn \u00e7ox da u\u015faqlara \u00fcr\u0259yim a\u011fr\u0131y\u0131r, onlar\u0131n indi yeyib, inki\u015faf el\u0259y\u0259n vaxtlar\u0131d\u0131r, ancaq \u00e7\u00f6hr\u0259l\u0259ri sol\u011fun, \u0259ll\u0259ri a\u011fappaq, buz kimi, qan faizi a\u015fa\u011f\u0131, vitamin yox&#8230; H\u0259rd\u0259n adam fikirl\u0259\u015fir ki, Allah bundan bet\u0259rind\u0259n saxlas\u0131n, ancaq m\u0259nc\u0259 bu, el\u0259 h\u0259r \u015feyin \u0259n bet\u0259ridir, bundan o t\u0259r\u0259fi yoxdur\u201d, &#8211; ana deyir.\n<\/p>\n<p>\n  <b><br \/>\n    \u201cKim pul verdis\u0259, pal\u00e7\u0131q evi da\u015fa \u00e7evrildi\u201d<br \/>\n  <\/b>\n<\/p>\n<p>\n  Z\u0259hra \u018fliyeva deyir, 7 n\u0259f\u0259rin s\u0131\u011f\u0131nd\u0131\u011f\u0131 o bir otaq da q\u0259zal\u0131 v\u0259ziyy\u0259td\u0259dir, h\u00f6kum\u0259t n\u00fcmay\u0259nd\u0259l\u0259ri d\u0259f\u0259l\u0259rl\u0259 g\u0259lib evi siyah\u0131ya alsa da, he\u00e7 bir n\u0259tic\u0259si olmay\u0131b:\n<\/p>\n<p>\n  \u201cBu \u0259razil\u0259rd\u0259 \u00e7oxu evini o vaxtlar pal\u00e7\u0131qdan tikib. K\u00fcr-Araz da\u015fq\u0131nlar\u0131 vaxt\u0131 sel-su alt\u0131nda qalmasa da, o hadis\u0259l\u0259rin bizim evl\u0259r\u0259 d\u0259 z\u0259r\u0259ri toxundu, evl\u0259r q\u0259zal\u0131 v\u0259ziyy\u0259t\u0259 d\u00fc\u015fd\u00fc. Evin divar\u0131 ortadan yar\u0131l\u0131b. \u0130cra hakimiyy\u0259tinin, F\u00f6vq\u0259lad\u0259 Hallar Komisiyyas\u0131n\u0131n \u00fczvl\u0259ri g\u0259lib bu \u0259razid\u0259ki evl\u0259r\u0259 baxd\u0131lar, dedil\u0259r, Prezidentin tap\u015f\u0131r\u0131\u011f\u0131 var, birc\u0259 d\u0259n\u0259 d\u0259 pal\u00e7\u0131q ev qalmayacaq, ham\u0131s\u0131 s\u00f6k\u00fcl\u00fcb yerind\u0259 da\u015f evl\u0259r tikil\u0259c\u0259k. H\u0259tta Bak\u0131dan da g\u0259lib baxm\u0131\u015fd\u0131lar. M\u0259ktub da alm\u0131\u015fd\u0131q ki, tezlikl\u0259 ev tikil\u0259c\u0259k. Qon\u015fuda iki evi olan\u0131n pal\u00e7\u0131q evini s\u00f6k\u00fcb da\u015f ev tikdil\u0259r, ancaq biz qald\u0131q. Kim pul verdis\u0259, g\u0259lib ona da\u015f ev tikdil\u0259r, kim pulunu verm\u0259dis\u0259, pal\u00e7\u0131q evd\u0259 qald\u0131\u201d.\n<\/p>\n<p>\n  <b><br \/>\n    \u201cAil\u0259likc\u0259 revmatizmadan \u0259ziyyy\u0259t \u00e7\u0259kirik\u201d<br \/>\n  <\/b>\n<\/p>\n<p>\n  Z\u0259hra xan\u0131m deyir, pal\u00e7\u0131q ev h\u0259m onun, h\u0259m d\u0259 ail\u0259 \u00fczvl\u0259rinin s\u0259hh\u0259tind\u0259 ciddi probleml\u0259r yarad\u0131b:\n<\/p>\n<p>\n  \u201cAil\u0259likc\u0259 revmatizmadan \u0259ziyy\u0259t \u00e7\u0259kirik, ayaqlar\u0131m\u0131z a\u011fray\u0131r, n\u0259mi\u015flik can\u0131m\u0131za hopub, b\u00f6y\u00fck n\u0259v\u0259min 18 ya\u015f\u0131 olacaq, bu pal\u00e7\u0131q evd\u0259n \u00e7\u0131xar\u0131b v\u0259t\u0259ni qoruma\u011fa aparacaqlar. O\u011flumun ayaqlar\u0131 tamamil\u0259 tutulub, yeriy\u0259 bilmir. U\u015faqlar ilin \u00e7ox vaxt\u0131n\u0131 x\u0259st\u0259l\u0259ndikl\u0259ri \u00fc\u00e7\u00fcn evd\u0259 qal\u0131rlar, m\u0259kt\u0259b\u0259 ged\u0259 bilmirl\u0259r. M\u0259nim 250 manat pensiyam\u0131n \u00e7ox hiss\u0259si d\u0259rmanlar\u0131m\u0131za gedir. Sabah ba\u015f\u0131m\u0131 yer\u0259 qoysam, o pensiya da k\u0259sil\u0259c\u0259k, bu tifill\u0259rin aqib\u0259ti nec\u0259 olacaq, bilmir\u0259m\u201d.\n<\/p>\n<p>\n  <b><br \/>\n    \u201c\u0130\u015f tap\u0131lmasa, daha \u00e7\u0259tin olacaq\u201d<br \/>\n  <\/b>\n<\/p>\n<p>\n  Z\u0259hra xan\u0131m\u0131n o\u011flunun \u0259m\u0259k f\u0259aliyy\u0259ti il\u0259 m\u0259\u015f\u011ful olmaq imkan\u0131 yoxdur, g\u0259lini is\u0259 i\u015f \u00fc\u00e7\u00fcn tez-tez d\u00f6v\u0259t qurumlar\u0131na \u00fcz tutub, ancaq m\u00fcnasib i\u015f tapa bilm\u0259yib:\n<\/p>\n<p>\n  \u201cD\u0259f\u0259l\u0259rl\u0259 icra hakimiyy\u0259tin\u0259 gedib, ba\u015fqa idar\u0259l\u0259r\u0259 m\u00fcraci\u0259t edib, ancaq qap\u0131dan i\u00e7\u0259ri buraxmay\u0131blar. Deyirl\u0259r, rayonun yar\u0131s\u0131ndan \u00e7oxu i\u015fsizdir, s\u0259n\u0259 hardan i\u015f ver\u0259k&#8230; G\u0259linim\u0259 i\u015f verilm\u0259s\u0259, v\u0259ziyy\u0259timiz bundan da a\u011f\u0131r olacaq. Demirik ki, s\u00fcfr\u0259miz\u0259 cibl\u0259rind\u0259n \u00e7\u00f6r\u0259k al\u0131b qoysunlar. D\u00f6vl\u0259tin bir manat\u0131n\u0131 da ist\u0259mirik, i\u015f versin, camaat i\u015fl\u0259yib, \u00e7\u00f6r\u0259yinin pulunu qazans\u0131n, balas\u0131n\u0131 b\u00f6y\u00fcts\u00fcn\u201d.\n<\/p>\n<p>\n  Saatl\u0131 Rayon \u0130cra Hakimiyy\u0259tind\u0259n Meydan TV-y\u0259 bildirilib ki, \u00f6lk\u0259 \u0259rzisind\u0259 koronavirusla ba\u011fl\u0131 karantin m\u00fcdd\u0259ti bitdikd\u0259n sonra i\u015f axtaran v\u0259t\u0259nda\u015f \u018fm\u0259k v\u0259 \u018fhalinin Sosial M\u00fcdafi\u0259si Nazirliyi n\u0259zdind\u0259 yarad\u0131lm\u0131\u015f \u00f6z\u00fcn\u0259m\u0259\u015f\u011fulluq m\u0259rk\u0259zin\u0259 v\u0259 DOST \u0130\u015f M\u0259rk\u0259zin\u0259 m\u00fcraci\u0259t ed\u0259 bil\u0259r: \u201cRayonda xeyli insan d\u00f6vl\u0259tin bu sosial layih\u0259l\u0259rin\u0259 qo\u015fulub v\u0259 onlara t\u0259klif olunan i\u015fl\u0259rd\u0259n raz\u0131d\u0131lar. \u00d6lk\u0259daxili karantin m\u00fcdd\u0259ti bitdikd\u0259n sonra xan\u0131m aidiyy\u0259ti \u00fczr\u0259 h\u0259min \u00fcnvanlara r\u0259smi \u0259riz\u0259yl\u0259 m\u00fcraci\u0259t ed\u0259 bil\u0259r\u201d.\n<\/p>\n<figure class=\"wp-block-image size-large\">\n  <img decoding=\"async\" src=\"https:\/\/www.meydan.tv\/az\/image-from-ios-1-jpg-10\/\" alt=\"Image from iOS (1).jpg\" class=\"wp-image-139588\"\/><figcaption>\n    Evin v\u0259ziyy\u0259ti<br \/>\n  <\/figcaption><\/figure>\n","protected":false},"excerpt":{"rendered":"<p>Ail\u0259d\u0259 qar\u0131ndolusu yem\u0259k yey\u0259 bilm\u0259y\u0259n \u00fc\u00e7 u\u015faq, bir yeniyetm\u0259 var<\/p>\n","protected":false},"author":11,"featured_media":139585,"comment_status":"closed","ping_status":"open","sticky":false,"template":"","format":"standard","meta":{"_acf_changed":false,"_sitemap_exclude":false,"_sitemap_priority":"","_sitemap_frequency":"","footnotes":""},"categories":[60],"tags":[],"class_list":["post-199845","post","type-post","status-publish","format-standard","has-post-thumbnail","hentry","category-bolge","infinite-scroll-item","generate-columns","tablet-grid-50","mobile-grid-100","grid-parent","grid-33","no-featured-image-padding"],"acf":[],"yoast_head":"<!-- This site is optimized with the Yoast SEO plugin v27.5 - https:\/\/yoast.com\/product\/yoast-seo-wordpress\/ -->\n<title>Saatl\u0131n\u0131n 80 ya\u015fl\u0131 sakini: 7 n\u0259f\u0259r pal\u00e7\u0131q evin bir ota\u011f\u0131na s\u0131\u011f\u0131n\u0131b - MEYDAN.TV<\/title>\n<meta name=\"robots\" content=\"index, follow, max-snippet:-1, max-image-preview:large, max-video-preview:-1\" \/>\n<link rel=\"canonical\" href=\"https:\/\/www.meydan.tv\/az\/article\/saatlinin-80-yasli-sakini-7-nefer-palciq-evin-bir-otagina-siginib\/\" \/>\n<meta property=\"og:locale\" content=\"az_AZ\" \/>\n<meta property=\"og:type\" content=\"article\" \/>\n<meta property=\"og:title\" content=\"Saatl\u0131n\u0131n 80 ya\u015fl\u0131 sakini: 7 n\u0259f\u0259r pal\u00e7\u0131q evin bir ota\u011f\u0131na s\u0131\u011f\u0131n\u0131b - MEYDAN.TV\" \/>\n<meta property=\"og:description\" content=\"Ail\u0259d\u0259 qar\u0131ndolusu yem\u0259k yey\u0259 bilm\u0259y\u0259n \u00fc\u00e7 u\u015faq, bir yeniyetm\u0259 var\" \/>\n<meta property=\"og:url\" content=\"https:\/\/www.meydan.tv\/az\/article\/saatlinin-80-yasli-sakini-7-nefer-palciq-evin-bir-otagina-siginib\/\" \/>\n<meta property=\"og:site_name\" content=\"MEYDAN.TV\" \/>\n<meta property=\"article:published_time\" content=\"2020-03-26T11:35:44+00:00\" \/>\n<meta property=\"og:image\" content=\"https:\/\/www.meydan.tv\/wp-content\/uploads\/image_from_ios_s3rmxiv.jpg\" \/>\n\t<meta property=\"og:image:width\" content=\"1032\" \/>\n\t<meta property=\"og:image:height\" content=\"774\" \/>\n\t<meta property=\"og:image:type\" content=\"image\/jpeg\" \/>\n<meta name=\"author\" content=\"user-manager\" \/>\n<meta name=\"twitter:card\" content=\"summary_large_image\" \/>\n<script type=\"application\/ld+json\" class=\"yoast-schema-graph\">{\"@context\":\"https:\\\/\\\/schema.org\",\"@graph\":[{\"@type\":\"Article\",\"@id\":\"https:\\\/\\\/www.meydan.tv\\\/az\\\/article\\\/saatlinin-80-yasli-sakini-7-nefer-palciq-evin-bir-otagina-siginib\\\/#article\",\"isPartOf\":{\"@id\":\"https:\\\/\\\/www.meydan.tv\\\/az\\\/article\\\/saatlinin-80-yasli-sakini-7-nefer-palciq-evin-bir-otagina-siginib\\\/\"},\"author\":{\"name\":\"user-manager\",\"@id\":\"https:\\\/\\\/www.meydan.tv\\\/az\\\/#\\\/schema\\\/person\\\/10d11eccf6da3662cf5fdab9806ea91a\"},\"headline\":\"Saatl\u0131n\u0131n 80 ya\u015fl\u0131 sakini: 7 n\u0259f\u0259r pal\u00e7\u0131q evin bir ota\u011f\u0131na s\u0131\u011f\u0131n\u0131b\",\"datePublished\":\"2020-03-26T11:35:44+00:00\",\"mainEntityOfPage\":{\"@id\":\"https:\\\/\\\/www.meydan.tv\\\/az\\\/article\\\/saatlinin-80-yasli-sakini-7-nefer-palciq-evin-bir-otagina-siginib\\\/\"},\"wordCount\":868,\"publisher\":{\"@id\":\"https:\\\/\\\/www.meydan.tv\\\/az\\\/#organization\"},\"image\":{\"@id\":\"https:\\\/\\\/www.meydan.tv\\\/az\\\/article\\\/saatlinin-80-yasli-sakini-7-nefer-palciq-evin-bir-otagina-siginib\\\/#primaryimage\"},\"thumbnailUrl\":\"https:\\\/\\\/www.meydan.tv\\\/wp-content\\\/uploads\\\/image_from_ios_s3rmxiv.jpg\",\"articleSection\":[\"B\u00f6lg\u0259\"],\"inLanguage\":\"az\"},{\"@type\":\"WebPage\",\"@id\":\"https:\\\/\\\/www.meydan.tv\\\/az\\\/article\\\/saatlinin-80-yasli-sakini-7-nefer-palciq-evin-bir-otagina-siginib\\\/\",\"url\":\"https:\\\/\\\/www.meydan.tv\\\/az\\\/article\\\/saatlinin-80-yasli-sakini-7-nefer-palciq-evin-bir-otagina-siginib\\\/\",\"name\":\"Saatl\u0131n\u0131n 80 ya\u015fl\u0131 sakini: 7 n\u0259f\u0259r pal\u00e7\u0131q evin bir ota\u011f\u0131na s\u0131\u011f\u0131n\u0131b - MEYDAN.TV\",\"isPartOf\":{\"@id\":\"https:\\\/\\\/www.meydan.tv\\\/az\\\/#website\"},\"primaryImageOfPage\":{\"@id\":\"https:\\\/\\\/www.meydan.tv\\\/az\\\/article\\\/saatlinin-80-yasli-sakini-7-nefer-palciq-evin-bir-otagina-siginib\\\/#primaryimage\"},\"image\":{\"@id\":\"https:\\\/\\\/www.meydan.tv\\\/az\\\/article\\\/saatlinin-80-yasli-sakini-7-nefer-palciq-evin-bir-otagina-siginib\\\/#primaryimage\"},\"thumbnailUrl\":\"https:\\\/\\\/www.meydan.tv\\\/wp-content\\\/uploads\\\/image_from_ios_s3rmxiv.jpg\",\"datePublished\":\"2020-03-26T11:35:44+00:00\",\"breadcrumb\":{\"@id\":\"https:\\\/\\\/www.meydan.tv\\\/az\\\/article\\\/saatlinin-80-yasli-sakini-7-nefer-palciq-evin-bir-otagina-siginib\\\/#breadcrumb\"},\"inLanguage\":\"az\",\"potentialAction\":[{\"@type\":\"ReadAction\",\"target\":[\"https:\\\/\\\/www.meydan.tv\\\/az\\\/article\\\/saatlinin-80-yasli-sakini-7-nefer-palciq-evin-bir-otagina-siginib\\\/\"]}]},{\"@type\":\"ImageObject\",\"inLanguage\":\"az\",\"@id\":\"https:\\\/\\\/www.meydan.tv\\\/az\\\/article\\\/saatlinin-80-yasli-sakini-7-nefer-palciq-evin-bir-otagina-siginib\\\/#primaryimage\",\"url\":\"https:\\\/\\\/www.meydan.tv\\\/wp-content\\\/uploads\\\/image_from_ios_s3rmxiv.jpg\",\"contentUrl\":\"https:\\\/\\\/www.meydan.tv\\\/wp-content\\\/uploads\\\/image_from_ios_s3rmxiv.jpg\",\"width\":1032,\"height\":774,\"caption\":\"Source: Meydan Tv\"},{\"@type\":\"BreadcrumbList\",\"@id\":\"https:\\\/\\\/www.meydan.tv\\\/az\\\/article\\\/saatlinin-80-yasli-sakini-7-nefer-palciq-evin-bir-otagina-siginib\\\/#breadcrumb\",\"itemListElement\":[{\"@type\":\"ListItem\",\"position\":1,\"name\":\"Ana s\u0259hif\u0259\",\"item\":\"https:\\\/\\\/www.meydan.tv\\\/az\\\/\"},{\"@type\":\"ListItem\",\"position\":2,\"name\":\"B\u00f6lg\u0259\",\"item\":\"https:\\\/\\\/www.meydan.tv\\\/az\\\/section\\\/bolge\\\/\"},{\"@type\":\"ListItem\",\"position\":3,\"name\":\"Saatl\u0131n\u0131n 80 ya\u015fl\u0131 sakini: 7 n\u0259f\u0259r pal\u00e7\u0131q evin bir ota\u011f\u0131na s\u0131\u011f\u0131n\u0131b\"}]},{\"@type\":\"WebSite\",\"@id\":\"https:\\\/\\\/www.meydan.tv\\\/az\\\/#website\",\"url\":\"https:\\\/\\\/www.meydan.tv\\\/az\\\/\",\"name\":\"MEYDAN.TV\",\"description\":\"Meydan TV Az\u0259rbaycan\u0131n media m\u0259kan\u0131ndak\u0131 alternativ s\u0259sidir\",\"publisher\":{\"@id\":\"https:\\\/\\\/www.meydan.tv\\\/az\\\/#organization\"},\"potentialAction\":[{\"@type\":\"SearchAction\",\"target\":{\"@type\":\"EntryPoint\",\"urlTemplate\":\"https:\\\/\\\/www.meydan.tv\\\/az\\\/?s={search_term_string}\"},\"query-input\":{\"@type\":\"PropertyValueSpecification\",\"valueRequired\":true,\"valueName\":\"search_term_string\"}}],\"inLanguage\":\"az\"},{\"@type\":\"Organization\",\"@id\":\"https:\\\/\\\/www.meydan.tv\\\/az\\\/#organization\",\"name\":\"Meydan TV\",\"url\":\"https:\\\/\\\/www.meydan.tv\\\/az\\\/\",\"logo\":{\"@type\":\"ImageObject\",\"inLanguage\":\"az\",\"@id\":\"https:\\\/\\\/www.meydan.tv\\\/az\\\/#\\\/schema\\\/logo\\\/image\\\/\",\"url\":\"https:\\\/\\\/www.meydan.tv\\\/wp-content\\\/uploads\\\/2021\\\/07\\\/meydan-logo.svg\",\"contentUrl\":\"https:\\\/\\\/www.meydan.tv\\\/wp-content\\\/uploads\\\/2021\\\/07\\\/meydan-logo.svg\",\"width\":195,\"height\":46,\"caption\":\"Meydan TV\"},\"image\":{\"@id\":\"https:\\\/\\\/www.meydan.tv\\\/az\\\/#\\\/schema\\\/logo\\\/image\\\/\"}},{\"@type\":\"Person\",\"@id\":\"https:\\\/\\\/www.meydan.tv\\\/az\\\/#\\\/schema\\\/person\\\/10d11eccf6da3662cf5fdab9806ea91a\",\"name\":\"user-manager\"}]}<\/script>\n<!-- \/ Yoast SEO plugin. -->","yoast_head_json":{"title":"Saatl\u0131n\u0131n 80 ya\u015fl\u0131 sakini: 7 n\u0259f\u0259r pal\u00e7\u0131q evin bir ota\u011f\u0131na s\u0131\u011f\u0131n\u0131b - MEYDAN.TV","robots":{"index":"index","follow":"follow","max-snippet":"max-snippet:-1","max-image-preview":"max-image-preview:large","max-video-preview":"max-video-preview:-1"},"canonical":"https:\/\/www.meydan.tv\/az\/article\/saatlinin-80-yasli-sakini-7-nefer-palciq-evin-bir-otagina-siginib\/","og_locale":"az_AZ","og_type":"article","og_title":"Saatl\u0131n\u0131n 80 ya\u015fl\u0131 sakini: 7 n\u0259f\u0259r pal\u00e7\u0131q evin bir ota\u011f\u0131na s\u0131\u011f\u0131n\u0131b - MEYDAN.TV","og_description":"Ail\u0259d\u0259 qar\u0131ndolusu yem\u0259k yey\u0259 bilm\u0259y\u0259n \u00fc\u00e7 u\u015faq, bir yeniyetm\u0259 var","og_url":"https:\/\/www.meydan.tv\/az\/article\/saatlinin-80-yasli-sakini-7-nefer-palciq-evin-bir-otagina-siginib\/","og_site_name":"MEYDAN.TV","article_published_time":"2020-03-26T11:35:44+00:00","og_image":[{"width":1032,"height":774,"url":"https:\/\/www.meydan.tv\/wp-content\/uploads\/image_from_ios_s3rmxiv.jpg","type":"image\/jpeg"}],"author":"user-manager","twitter_card":"summary_large_image","schema":{"@context":"https:\/\/schema.org","@graph":[{"@type":"Article","@id":"https:\/\/www.meydan.tv\/az\/article\/saatlinin-80-yasli-sakini-7-nefer-palciq-evin-bir-otagina-siginib\/#article","isPartOf":{"@id":"https:\/\/www.meydan.tv\/az\/article\/saatlinin-80-yasli-sakini-7-nefer-palciq-evin-bir-otagina-siginib\/"},"author":{"name":"user-manager","@id":"https:\/\/www.meydan.tv\/az\/#\/schema\/person\/10d11eccf6da3662cf5fdab9806ea91a"},"headline":"Saatl\u0131n\u0131n 80 ya\u015fl\u0131 sakini: 7 n\u0259f\u0259r pal\u00e7\u0131q evin bir ota\u011f\u0131na s\u0131\u011f\u0131n\u0131b","datePublished":"2020-03-26T11:35:44+00:00","mainEntityOfPage":{"@id":"https:\/\/www.meydan.tv\/az\/article\/saatlinin-80-yasli-sakini-7-nefer-palciq-evin-bir-otagina-siginib\/"},"wordCount":868,"publisher":{"@id":"https:\/\/www.meydan.tv\/az\/#organization"},"image":{"@id":"https:\/\/www.meydan.tv\/az\/article\/saatlinin-80-yasli-sakini-7-nefer-palciq-evin-bir-otagina-siginib\/#primaryimage"},"thumbnailUrl":"https:\/\/www.meydan.tv\/wp-content\/uploads\/image_from_ios_s3rmxiv.jpg","articleSection":["B\u00f6lg\u0259"],"inLanguage":"az"},{"@type":"WebPage","@id":"https:\/\/www.meydan.tv\/az\/article\/saatlinin-80-yasli-sakini-7-nefer-palciq-evin-bir-otagina-siginib\/","url":"https:\/\/www.meydan.tv\/az\/article\/saatlinin-80-yasli-sakini-7-nefer-palciq-evin-bir-otagina-siginib\/","name":"Saatl\u0131n\u0131n 80 ya\u015fl\u0131 sakini: 7 n\u0259f\u0259r pal\u00e7\u0131q evin bir ota\u011f\u0131na s\u0131\u011f\u0131n\u0131b - MEYDAN.TV","isPartOf":{"@id":"https:\/\/www.meydan.tv\/az\/#website"},"primaryImageOfPage":{"@id":"https:\/\/www.meydan.tv\/az\/article\/saatlinin-80-yasli-sakini-7-nefer-palciq-evin-bir-otagina-siginib\/#primaryimage"},"image":{"@id":"https:\/\/www.meydan.tv\/az\/article\/saatlinin-80-yasli-sakini-7-nefer-palciq-evin-bir-otagina-siginib\/#primaryimage"},"thumbnailUrl":"https:\/\/www.meydan.tv\/wp-content\/uploads\/image_from_ios_s3rmxiv.jpg","datePublished":"2020-03-26T11:35:44+00:00","breadcrumb":{"@id":"https:\/\/www.meydan.tv\/az\/article\/saatlinin-80-yasli-sakini-7-nefer-palciq-evin-bir-otagina-siginib\/#breadcrumb"},"inLanguage":"az","potentialAction":[{"@type":"ReadAction","target":["https:\/\/www.meydan.tv\/az\/article\/saatlinin-80-yasli-sakini-7-nefer-palciq-evin-bir-otagina-siginib\/"]}]},{"@type":"ImageObject","inLanguage":"az","@id":"https:\/\/www.meydan.tv\/az\/article\/saatlinin-80-yasli-sakini-7-nefer-palciq-evin-bir-otagina-siginib\/#primaryimage","url":"https:\/\/www.meydan.tv\/wp-content\/uploads\/image_from_ios_s3rmxiv.jpg","contentUrl":"https:\/\/www.meydan.tv\/wp-content\/uploads\/image_from_ios_s3rmxiv.jpg","width":1032,"height":774,"caption":"Source: Meydan Tv"},{"@type":"BreadcrumbList","@id":"https:\/\/www.meydan.tv\/az\/article\/saatlinin-80-yasli-sakini-7-nefer-palciq-evin-bir-otagina-siginib\/#breadcrumb","itemListElement":[{"@type":"ListItem","position":1,"name":"Ana s\u0259hif\u0259","item":"https:\/\/www.meydan.tv\/az\/"},{"@type":"ListItem","position":2,"name":"B\u00f6lg\u0259","item":"https:\/\/www.meydan.tv\/az\/section\/bolge\/"},{"@type":"ListItem","position":3,"name":"Saatl\u0131n\u0131n 80 ya\u015fl\u0131 sakini: 7 n\u0259f\u0259r pal\u00e7\u0131q evin bir ota\u011f\u0131na s\u0131\u011f\u0131n\u0131b"}]},{"@type":"WebSite","@id":"https:\/\/www.meydan.tv\/az\/#website","url":"https:\/\/www.meydan.tv\/az\/","name":"MEYDAN.TV","description":"Meydan TV Az\u0259rbaycan\u0131n media m\u0259kan\u0131ndak\u0131 alternativ s\u0259sidir","publisher":{"@id":"https:\/\/www.meydan.tv\/az\/#organization"},"potentialAction":[{"@type":"SearchAction","target":{"@type":"EntryPoint","urlTemplate":"https:\/\/www.meydan.tv\/az\/?s={search_term_string}"},"query-input":{"@type":"PropertyValueSpecification","valueRequired":true,"valueName":"search_term_string"}}],"inLanguage":"az"},{"@type":"Organization","@id":"https:\/\/www.meydan.tv\/az\/#organization","name":"Meydan TV","url":"https:\/\/www.meydan.tv\/az\/","logo":{"@type":"ImageObject","inLanguage":"az","@id":"https:\/\/www.meydan.tv\/az\/#\/schema\/logo\/image\/","url":"https:\/\/www.meydan.tv\/wp-content\/uploads\/2021\/07\/meydan-logo.svg","contentUrl":"https:\/\/www.meydan.tv\/wp-content\/uploads\/2021\/07\/meydan-logo.svg","width":195,"height":46,"caption":"Meydan TV"},"image":{"@id":"https:\/\/www.meydan.tv\/az\/#\/schema\/logo\/image\/"}},{"@type":"Person","@id":"https:\/\/www.meydan.tv\/az\/#\/schema\/person\/10d11eccf6da3662cf5fdab9806ea91a","name":"user-manager"}]}},"_links":{"self":[{"href":"https:\/\/www.meydan.tv\/az\/wp-json\/wp\/v2\/posts\/199845","targetHints":{"allow":["GET"]}}],"collection":[{"href":"https:\/\/www.meydan.tv\/az\/wp-json\/wp\/v2\/posts"}],"about":[{"href":"https:\/\/www.meydan.tv\/az\/wp-json\/wp\/v2\/types\/post"}],"author":[{"embeddable":true,"href":"https:\/\/www.meydan.tv\/az\/wp-json\/wp\/v2\/users\/11"}],"replies":[{"embeddable":true,"href":"https:\/\/www.meydan.tv\/az\/wp-json\/wp\/v2\/comments?post=199845"}],"version-history":[{"count":0,"href":"https:\/\/www.meydan.tv\/az\/wp-json\/wp\/v2\/posts\/199845\/revisions"}],"wp:featuredmedia":[{"embeddable":true,"href":"https:\/\/www.meydan.tv\/az\/wp-json\/wp\/v2\/media\/139585"}],"wp:attachment":[{"href":"https:\/\/www.meydan.tv\/az\/wp-json\/wp\/v2\/media?parent=199845"}],"wp:term":[{"taxonomy":"category","embeddable":true,"href":"https:\/\/www.meydan.tv\/az\/wp-json\/wp\/v2\/categories?post=199845"},{"taxonomy":"post_tag","embeddable":true,"href":"https:\/\/www.meydan.tv\/az\/wp-json\/wp\/v2\/tags?post=199845"}],"curies":[{"name":"wp","href":"https:\/\/api.w.org\/{rel}","templated":true}]}}