{"id":199787,"date":"2020-03-22T09:53:08","date_gmt":"2020-03-22T09:53:08","guid":{"rendered":"https:\/\/www.meydan.tv\/article\/elil-qardasim-betonun-ustunde-yatir\/"},"modified":"2020-03-22T09:53:08","modified_gmt":"2020-03-22T09:53:08","slug":"elil-qardasim-betonun-ustunde-yatir","status":"publish","type":"post","link":"https:\/\/www.meydan.tv\/az\/article\/elil-qardasim-betonun-ustunde-yatir\/","title":{"rendered":"\u201c\u018flil qarda\u015f\u0131m betonun \u00fcst\u00fcnd\u0259 yat\u0131r\u201d"},"content":{"rendered":"<p>\n  <i><br \/>\n    A\u011fsu sakini: \u201cH\u0259yat yolda\u015f\u0131m el\u0259 \u015f\u0259raitsizlikd\u0259n b\u00f6yr\u0259k \u00e7at\u0131\u015fmazl\u0131\u011f\u0131na tutuldu\u201d<br \/>\n  <\/i>\n<\/p>\n<p>\n  \u201cB\u00fcdc\u0259ni da\u011f\u0131d\u0131rlar, \u0259lil\u0259, x\u0259st\u0259y\u0259 baxan yoxdur. V\u0259t\u0259nda\u015f\u0131 qap\u0131dan qovurlar, \u0130kinci qrup \u0259lil qarda\u015f\u0131m, x\u0259st\u0259 anam, bac\u0131m, h\u0259yat yolda\u015f\u0131m \u2013 ham\u0131m\u0131z betonun \u00fcst\u00fcnd\u0259 yat\u0131r\u0131q. H\u0259r\u0259miz bir x\u0259st\u0259likd\u0259n \u0259ziyy\u0259t \u00e7\u0259kirik. \u0130\u015f vermirl\u0259r ki, ba\u015f\u0131m\u0131z\u0131 doland\u0131raq\u201d.\n<\/p>\n<p>\n  <b><br \/>\n    \u201cHam\u0131m\u0131z x\u0259st\u0259, yar\u0131mcan&#8230;\u201d<br \/>\n  <\/b>\n<\/p>\n<p>\n  A\u011fsu sakini Ramil K\u0259rimov Meydan TV-y\u0259 dan\u0131\u015f\u0131r ki, atas\u0131 Qaraba\u011f d\u00f6y\u00fc\u015fl\u0259rind\u0259 yaralan\u0131b. M\u00fcharib\u0259nin yaralar\u0131 onu h\u0259yatdan \u00e7ox erk\u0259n apar\u0131b. O v\u0259 dig\u0259r 5 u\u015faq t\u0259k anan\u0131n himay\u0259sind\u0259 b\u00f6y\u00fcy\u00fcb. Ancaq \u015f\u0259raitsizlik, kas\u0131bl\u0131q, i\u015fsizlik ail\u0259 \u00fczvl\u0259rinin ham\u0131s\u0131n\u0131 x\u0259st\u0259, yar\u0131mcan edib. Ramil K\u0259rimov ail\u0259nin durumundan dan\u0131\u015f\u0131r:\n<\/p>\n<p>\n  \u201cBizi \u0259ziyy\u0259tl\u0259 b\u00f6y\u00fcd\u0259n anam yataq x\u0259st\u0259sidir, bac\u0131m da, h\u0259yat yolda\u015f\u0131m da x\u0259st\u0259dir, m\u00fcalic\u0259l\u0259rin\u0259 maddi imkan\u0131m\u0131z yoxdur. H\u0259yat yolda\u015f\u0131m b\u00f6yr\u0259k \u00e7at\u0131\u015fmazl\u0131\u011f\u0131ndan \u0259ziyy\u0259t \u00e7\u0259kir, qarda\u015f\u0131msa 2-ci qrup \u0259lildir. Betonun \u00fcst\u00fcnd\u0259 yat\u0131r. \u00c7ox ac\u0131nacaql\u0131 durumday\u0131q, el\u0259 ham\u0131m\u0131z betonun \u00fcst\u00fcnd\u0259 yat\u0131r\u0131q, evimiz ba\u015f\u0131m\u0131za u\u00e7ur, dam \u00f6rt\u00fcy\u00fc da\u011f\u0131l\u0131b, ya\u011f\u0131\u015f ba\u015f\u0131m\u0131za ya\u011f\u0131r. D\u00f6rd a\u011f\u0131r x\u0259st\u0259 bel\u0259 v\u0259ziyy\u0259td\u0259 z\u00fclm \u00e7\u0259kir. H\u0259yat yolda\u015f\u0131m el\u0259 \u015f\u0259raitsizlikd\u0259n b\u00f6yr\u0259k \u00e7at\u0131\u015fmazl\u0131\u011f\u0131na tutuldu. \u00dcst\u0259lik d\u0259 ail\u0259mizd\u0259 he\u00e7 kimin \u0259m\u0259k f\u0259aliyy\u0259ti il\u0259 m\u0259\u015f\u011ful olmaq imkan\u0131 yoxdur. H\u0259tta m\u0259\u015f\u011ful olmaq ist\u0259s\u0259k bel\u0259, i\u015f d\u0259 yoxdur\u201d.\n<\/p>\n<p>\n  <b><br \/>\n    \u201cS\u0259simizi e\u015fid\u0259n yoxdur\u201d<br \/>\n  <\/b>\n<\/p>\n<p>\n  Ramil K\u0259rimov deyir ki, ail\u0259 g\u00f6z\u00fcn\u00fc 2-ci qrup \u0259lilin pensiyas\u0131na dikib. Bu pensiya ail\u0259nin n\u0259inki d\u0259rmanlar\u0131na, he\u00e7 yavan \u00e7\u00f6r\u0259yin\u0259 d\u0259 \u00e7atm\u0131r. Ail\u0259 \u00fczvl\u0259ri \u00fcnvanl\u0131 sosial yard\u0131m \u00fc\u00e7\u00fcn m\u00fcraci\u0259t ets\u0259l\u0259r d\u0259, imtina cavab\u0131 al\u0131blar.\n<\/p>\n<p>\n  \u015eikay\u0259t\u00e7inin s\u00f6zl\u0259rin\u0259 g\u00f6r\u0259, h\u0259m \u00f6z\u00fc, h\u0259m d\u0259 ail\u0259 \u00fczvl\u0259ri A\u011fsu Rayon \u0130cra Hakimiyy\u0259tind\u0259 olsalar da, onlara bildirilib ki, qurumun k\u00f6m\u0259k etm\u0259k imkan\u0131 yoxdur:\n<\/p>\n<p>\n  \u201cGedirik icra hakimiyy\u0259tin\u0259, deyirl\u0259r, ba\u015f\u00e7\u0131 m\u0259\u015f\u011fuldur. Son vaxtlar ordan da \u00fcmidimizi \u00fczm\u00fc\u015f\u00fck, daha getmirik. Hans\u0131 quruma m\u00fcraci\u0259t ediriks\u0259, deyirl\u0259r, bura sizin\u00e7\u00fcn yard\u0131m paylayan t\u0259\u015fkilat deyil. Prezident rayonlara icra ba\u015f\u00e7\u0131s\u0131 t\u0259yin edir ki, xalq\u0131n d\u0259rdiyl\u0259 maraqlans\u0131n, problemini h\u0259ll el\u0259sin.Ancaq bizim icra hakimiyy\u0259tin\u0259 g\u0259l\u0259n v\u0259t\u0259nda\u015flara deyirl\u0259r, bura yard\u0131m paylayan, i\u015f ver\u0259n t\u0259\u015fkilat deyil. B\u0259s v\u0259t\u0259nda\u015f neyl\u0259sin, gedib o\u011furluqla m\u0259\u015f\u011ful olsun?\u201d\n<\/p>\n<figure class=\"wp-block-image size-large\">\n  <img decoding=\"async\" src=\"https:\/\/www.meydan.tv\/az\/image_from_ios-1-jpg-118\/\" alt=\"image_from_ios (1).jpg\" class=\"wp-image-139392\"\/><figcaption>\n    &#8220;Ancaq \u015f\u0259raitsizlik, kas\u0131bl\u0131q, i\u015fsizlik ail\u0259 \u00fczvl\u0259rinin ham\u0131s\u0131n\u0131 x\u0259st\u0259, yar\u0131mcan edib&#8221;.<br \/>\n  <\/figcaption><\/figure>\n<p>\n  <b><br \/>\n    \u201cV\u0259t\u0259nda\u015f aidiyy\u0259ti \u00fczr\u0259 m\u00fcraci\u0259t etsin\u201d<br \/>\n  <\/b>\n<\/p>\n<p>\n  A\u011fsu Rayon \u0130cra Hakimiyy\u0259tind\u0259n bildirilib ki, K\u0259rimovlar ail\u0259sin\u0259 k\u00f6m\u0259k etm\u0259y\u0259 b\u00fcdc\u0259d\u0259 v\u0259sait n\u0259z\u0259rd\u0259 tutulmay\u0131b: \u201cEvin dam \u00f6rt\u00fcy\u00fc yarars\u0131zd\u0131rsa, b\u0259l\u0259diyy\u0259y\u0259 m\u00fcraci\u0259t ed\u0259 bil\u0259r. Sosial yard\u0131m\u0131n\u0131 k\u0259sibl\u0259r, bunun \u00fc\u00e7\u00fcn ayr\u0131ca qurum var, m\u00fcraci\u0259t etsin, ara\u015fd\u0131rs\u0131nlar ki, niy\u0259 k\u0259sibl\u0259r. \u0130\u015fsizdir, m\u0259\u015f\u011fulluq m\u0259rk\u0259zin\u0259 m\u00fcraci\u0259t etsin, d\u0259rman\u0131 yoxdur, bundan \u00f6tr\u00fc s\u0259hiyy\u0259 qurumlar\u0131 var. \u0130cra hakimiyy\u0259ti bu qurumlar\u0131n yerin\u0259 i\u015fl\u0259m\u0259li deyil ax\u0131&#8230; H\u0259r qurumun \u00f6z v\u0259zif\u0259sin\u0259, s\u0259lahiyy\u0259tin\u0259 daxil olan i\u015fi var\u201d.\n<\/p>\n<p>\n  Ramil K\u0259rimov sadalanan h\u0259min qurumlara m\u00fcraci\u0259t etdiyini, ancaq cavab almad\u0131\u011f\u0131n\u0131 bildirir.\n<\/p>\n<p>\n  <b><br \/>\n    \u201cV\u0259t\u0259nda\u015f\u0131 geri \u00e7evirm\u0259k qanunsuzdur\u201d<br \/>\n  <\/b>\n<\/p>\n<p>\n  H\u00fcquq\u015f\u00fcnas Namiz\u0259d S\u0259f\u0259rov deyir, v\u0259t\u0259nda\u015f problemi il\u0259 ba\u011fl\u0131 icra hakimiyy\u0259tin\u0259 m\u00fcraci\u0259t edirs\u0259, h\u0259min qurum onun m\u0259ktubunu \u00f6z\u00fcn\u0259 qaytarmal\u0131, \u201cbu m\u0259s\u0259l\u0259nin biz\u0259 aidiyy\u0259ti yoxdur\u201d dem\u0259li deyil. M\u0259ktubu aidiyy\u0259ti \u00fczr\u0259 quruma g\u00f6nd\u0259rm\u0259li v\u0259 v\u0259t\u0259nda\u015f\u0131n probleminin ara\u015fd\u0131r\u0131lmas\u0131n\u0131 t\u00f6vsiy\u0259 etm\u0259lidir. Aidiyy\u0259ti qurum da v\u0259t\u0259nda\u015fa qanunda n\u0259z\u0259rd\u0259 tutulmu\u015f m\u00fcdd\u0259t \u0259rzind\u0259 cavab verm\u0259lidir:\n<\/p>\n<p>\n  \u201cM\u00fcsb\u0259t, ya m\u0259nfi, f\u0259rq el\u0259m\u0259z, v\u0259t\u0259nda\u015fa \u0259g\u0259r ara\u015fd\u0131rma t\u0259l\u0259b olunmursa, 5 i\u015f g\u00fcn\u00fc, ara\u015fd\u0131rma t\u0259l\u0259b olunursa, 2 i\u015f h\u0259ft\u0259si, istisna hallarda, 1 ay \u0259rzind\u0259 cavab verilm\u0259lidir\u201d.\n<\/p>\n<p>\n  Ramil K\u0259rimov Prezident\u0259 m\u00fcraci\u0259t edib ki, rayondak\u0131 m\u0259murlar\u0131n ail\u0259nin \u015f\u0259raiti, ya\u015fay\u0131\u015f\u0131 il\u0259 maraqlanmas\u0131 \u00fc\u00e7\u00fcn g\u00f6st\u0259ri\u015f versin. O, \u00f6lk\u0259 ba\u015f\u00e7\u0131s\u0131na yazd\u0131\u011f\u0131 m\u0259ktubun aqib\u0259tind\u0259n d\u0259 x\u0259b\u0259rsizdir.<\/p>\n","protected":false},"excerpt":{"rendered":"<p>\u201cM\u00fcsb\u0259t, ya m\u0259nfi, f\u0259rq el\u0259m\u0259z, v\u0259t\u0259nda\u015fa \u0259g\u0259r ara\u015fd\u0131rma t\u0259l\u0259b olunmursa, 5 i\u015f g\u00fcn\u00fc, ara\u015fd\u0131rma t\u0259l\u0259b olunursa, 2 i\u015f h\u0259ft\u0259si, istisna hallarda, 1 ay \u0259rzind\u0259 cavab verilm\u0259lidir\u201d.<\/p>\n","protected":false},"author":11,"featured_media":139387,"comment_status":"closed","ping_status":"open","sticky":false,"template":"","format":"standard","meta":{"_acf_changed":false,"_sitemap_exclude":false,"_sitemap_priority":"","_sitemap_frequency":"","footnotes":""},"categories":[60],"tags":[],"class_list":["post-199787","post","type-post","status-publish","format-standard","has-post-thumbnail","hentry","category-bolge","infinite-scroll-item","generate-columns","tablet-grid-50","mobile-grid-100","grid-parent","grid-33","no-featured-image-padding"],"acf":[],"yoast_head":"<!-- This site is optimized with the Yoast SEO plugin v27.5 - https:\/\/yoast.com\/product\/yoast-seo-wordpress\/ -->\n<title>\u201c\u018flil qarda\u015f\u0131m betonun \u00fcst\u00fcnd\u0259 yat\u0131r\u201d - MEYDAN.TV<\/title>\n<meta name=\"robots\" content=\"index, follow, max-snippet:-1, max-image-preview:large, max-video-preview:-1\" \/>\n<link rel=\"canonical\" href=\"https:\/\/www.meydan.tv\/az\/article\/elil-qardasim-betonun-ustunde-yatir\/\" \/>\n<meta property=\"og:locale\" content=\"az_AZ\" \/>\n<meta property=\"og:type\" content=\"article\" \/>\n<meta property=\"og:title\" content=\"\u201c\u018flil qarda\u015f\u0131m betonun \u00fcst\u00fcnd\u0259 yat\u0131r\u201d - MEYDAN.TV\" \/>\n<meta property=\"og:description\" content=\"\u201cM\u00fcsb\u0259t, ya m\u0259nfi, f\u0259rq el\u0259m\u0259z, v\u0259t\u0259nda\u015fa \u0259g\u0259r ara\u015fd\u0131rma t\u0259l\u0259b olunmursa, 5 i\u015f g\u00fcn\u00fc, ara\u015fd\u0131rma t\u0259l\u0259b olunursa, 2 i\u015f h\u0259ft\u0259si, istisna hallarda, 1 ay \u0259rzind\u0259 cavab verilm\u0259lidir\u201d.\" \/>\n<meta property=\"og:url\" content=\"https:\/\/www.meydan.tv\/az\/article\/elil-qardasim-betonun-ustunde-yatir\/\" \/>\n<meta property=\"og:site_name\" content=\"MEYDAN.TV\" \/>\n<meta property=\"article:published_time\" content=\"2020-03-22T09:53:08+00:00\" \/>\n<meta property=\"og:image\" content=\"https:\/\/www.meydan.tv\/wp-content\/uploads\/image_from_ios_w7jkz7j.jpg\" \/>\n\t<meta property=\"og:image:width\" content=\"1024\" \/>\n\t<meta property=\"og:image:height\" content=\"768\" \/>\n\t<meta property=\"og:image:type\" content=\"image\/jpeg\" \/>\n<meta name=\"author\" content=\"user-manager\" \/>\n<meta name=\"twitter:card\" content=\"summary_large_image\" \/>\n<script type=\"application\/ld+json\" class=\"yoast-schema-graph\">{\"@context\":\"https:\\\/\\\/schema.org\",\"@graph\":[{\"@type\":\"Article\",\"@id\":\"https:\\\/\\\/www.meydan.tv\\\/az\\\/article\\\/elil-qardasim-betonun-ustunde-yatir\\\/#article\",\"isPartOf\":{\"@id\":\"https:\\\/\\\/www.meydan.tv\\\/az\\\/article\\\/elil-qardasim-betonun-ustunde-yatir\\\/\"},\"author\":{\"name\":\"user-manager\",\"@id\":\"https:\\\/\\\/www.meydan.tv\\\/az\\\/#\\\/schema\\\/person\\\/10d11eccf6da3662cf5fdab9806ea91a\"},\"headline\":\"\u201c\u018flil qarda\u015f\u0131m betonun \u00fcst\u00fcnd\u0259 yat\u0131r\u201d\",\"datePublished\":\"2020-03-22T09:53:08+00:00\",\"mainEntityOfPage\":{\"@id\":\"https:\\\/\\\/www.meydan.tv\\\/az\\\/article\\\/elil-qardasim-betonun-ustunde-yatir\\\/\"},\"wordCount\":837,\"publisher\":{\"@id\":\"https:\\\/\\\/www.meydan.tv\\\/az\\\/#organization\"},\"image\":{\"@id\":\"https:\\\/\\\/www.meydan.tv\\\/az\\\/article\\\/elil-qardasim-betonun-ustunde-yatir\\\/#primaryimage\"},\"thumbnailUrl\":\"https:\\\/\\\/www.meydan.tv\\\/wp-content\\\/uploads\\\/image_from_ios_w7jkz7j.jpg\",\"articleSection\":[\"B\u00f6lg\u0259\"],\"inLanguage\":\"az\"},{\"@type\":\"WebPage\",\"@id\":\"https:\\\/\\\/www.meydan.tv\\\/az\\\/article\\\/elil-qardasim-betonun-ustunde-yatir\\\/\",\"url\":\"https:\\\/\\\/www.meydan.tv\\\/az\\\/article\\\/elil-qardasim-betonun-ustunde-yatir\\\/\",\"name\":\"\u201c\u018flil qarda\u015f\u0131m betonun \u00fcst\u00fcnd\u0259 yat\u0131r\u201d - MEYDAN.TV\",\"isPartOf\":{\"@id\":\"https:\\\/\\\/www.meydan.tv\\\/az\\\/#website\"},\"primaryImageOfPage\":{\"@id\":\"https:\\\/\\\/www.meydan.tv\\\/az\\\/article\\\/elil-qardasim-betonun-ustunde-yatir\\\/#primaryimage\"},\"image\":{\"@id\":\"https:\\\/\\\/www.meydan.tv\\\/az\\\/article\\\/elil-qardasim-betonun-ustunde-yatir\\\/#primaryimage\"},\"thumbnailUrl\":\"https:\\\/\\\/www.meydan.tv\\\/wp-content\\\/uploads\\\/image_from_ios_w7jkz7j.jpg\",\"datePublished\":\"2020-03-22T09:53:08+00:00\",\"breadcrumb\":{\"@id\":\"https:\\\/\\\/www.meydan.tv\\\/az\\\/article\\\/elil-qardasim-betonun-ustunde-yatir\\\/#breadcrumb\"},\"inLanguage\":\"az\",\"potentialAction\":[{\"@type\":\"ReadAction\",\"target\":[\"https:\\\/\\\/www.meydan.tv\\\/az\\\/article\\\/elil-qardasim-betonun-ustunde-yatir\\\/\"]}]},{\"@type\":\"ImageObject\",\"inLanguage\":\"az\",\"@id\":\"https:\\\/\\\/www.meydan.tv\\\/az\\\/article\\\/elil-qardasim-betonun-ustunde-yatir\\\/#primaryimage\",\"url\":\"https:\\\/\\\/www.meydan.tv\\\/wp-content\\\/uploads\\\/image_from_ios_w7jkz7j.jpg\",\"contentUrl\":\"https:\\\/\\\/www.meydan.tv\\\/wp-content\\\/uploads\\\/image_from_ios_w7jkz7j.jpg\",\"width\":1024,\"height\":768,\"caption\":\"Source: Specify Source\"},{\"@type\":\"BreadcrumbList\",\"@id\":\"https:\\\/\\\/www.meydan.tv\\\/az\\\/article\\\/elil-qardasim-betonun-ustunde-yatir\\\/#breadcrumb\",\"itemListElement\":[{\"@type\":\"ListItem\",\"position\":1,\"name\":\"Ana s\u0259hif\u0259\",\"item\":\"https:\\\/\\\/www.meydan.tv\\\/az\\\/\"},{\"@type\":\"ListItem\",\"position\":2,\"name\":\"B\u00f6lg\u0259\",\"item\":\"https:\\\/\\\/www.meydan.tv\\\/az\\\/section\\\/bolge\\\/\"},{\"@type\":\"ListItem\",\"position\":3,\"name\":\"\u201c\u018flil qarda\u015f\u0131m betonun \u00fcst\u00fcnd\u0259 yat\u0131r\u201d\"}]},{\"@type\":\"WebSite\",\"@id\":\"https:\\\/\\\/www.meydan.tv\\\/az\\\/#website\",\"url\":\"https:\\\/\\\/www.meydan.tv\\\/az\\\/\",\"name\":\"MEYDAN.TV\",\"description\":\"Meydan TV Az\u0259rbaycan\u0131n media m\u0259kan\u0131ndak\u0131 alternativ s\u0259sidir\",\"publisher\":{\"@id\":\"https:\\\/\\\/www.meydan.tv\\\/az\\\/#organization\"},\"potentialAction\":[{\"@type\":\"SearchAction\",\"target\":{\"@type\":\"EntryPoint\",\"urlTemplate\":\"https:\\\/\\\/www.meydan.tv\\\/az\\\/?s={search_term_string}\"},\"query-input\":{\"@type\":\"PropertyValueSpecification\",\"valueRequired\":true,\"valueName\":\"search_term_string\"}}],\"inLanguage\":\"az\"},{\"@type\":\"Organization\",\"@id\":\"https:\\\/\\\/www.meydan.tv\\\/az\\\/#organization\",\"name\":\"Meydan TV\",\"url\":\"https:\\\/\\\/www.meydan.tv\\\/az\\\/\",\"logo\":{\"@type\":\"ImageObject\",\"inLanguage\":\"az\",\"@id\":\"https:\\\/\\\/www.meydan.tv\\\/az\\\/#\\\/schema\\\/logo\\\/image\\\/\",\"url\":\"https:\\\/\\\/www.meydan.tv\\\/wp-content\\\/uploads\\\/2021\\\/07\\\/meydan-logo.svg\",\"contentUrl\":\"https:\\\/\\\/www.meydan.tv\\\/wp-content\\\/uploads\\\/2021\\\/07\\\/meydan-logo.svg\",\"width\":195,\"height\":46,\"caption\":\"Meydan TV\"},\"image\":{\"@id\":\"https:\\\/\\\/www.meydan.tv\\\/az\\\/#\\\/schema\\\/logo\\\/image\\\/\"}},{\"@type\":\"Person\",\"@id\":\"https:\\\/\\\/www.meydan.tv\\\/az\\\/#\\\/schema\\\/person\\\/10d11eccf6da3662cf5fdab9806ea91a\",\"name\":\"user-manager\"}]}<\/script>\n<!-- \/ Yoast SEO plugin. -->","yoast_head_json":{"title":"\u201c\u018flil qarda\u015f\u0131m betonun \u00fcst\u00fcnd\u0259 yat\u0131r\u201d - MEYDAN.TV","robots":{"index":"index","follow":"follow","max-snippet":"max-snippet:-1","max-image-preview":"max-image-preview:large","max-video-preview":"max-video-preview:-1"},"canonical":"https:\/\/www.meydan.tv\/az\/article\/elil-qardasim-betonun-ustunde-yatir\/","og_locale":"az_AZ","og_type":"article","og_title":"\u201c\u018flil qarda\u015f\u0131m betonun \u00fcst\u00fcnd\u0259 yat\u0131r\u201d - MEYDAN.TV","og_description":"\u201cM\u00fcsb\u0259t, ya m\u0259nfi, f\u0259rq el\u0259m\u0259z, v\u0259t\u0259nda\u015fa \u0259g\u0259r ara\u015fd\u0131rma t\u0259l\u0259b olunmursa, 5 i\u015f g\u00fcn\u00fc, ara\u015fd\u0131rma t\u0259l\u0259b olunursa, 2 i\u015f h\u0259ft\u0259si, istisna hallarda, 1 ay \u0259rzind\u0259 cavab verilm\u0259lidir\u201d.","og_url":"https:\/\/www.meydan.tv\/az\/article\/elil-qardasim-betonun-ustunde-yatir\/","og_site_name":"MEYDAN.TV","article_published_time":"2020-03-22T09:53:08+00:00","og_image":[{"width":1024,"height":768,"url":"https:\/\/www.meydan.tv\/wp-content\/uploads\/image_from_ios_w7jkz7j.jpg","type":"image\/jpeg"}],"author":"user-manager","twitter_card":"summary_large_image","schema":{"@context":"https:\/\/schema.org","@graph":[{"@type":"Article","@id":"https:\/\/www.meydan.tv\/az\/article\/elil-qardasim-betonun-ustunde-yatir\/#article","isPartOf":{"@id":"https:\/\/www.meydan.tv\/az\/article\/elil-qardasim-betonun-ustunde-yatir\/"},"author":{"name":"user-manager","@id":"https:\/\/www.meydan.tv\/az\/#\/schema\/person\/10d11eccf6da3662cf5fdab9806ea91a"},"headline":"\u201c\u018flil qarda\u015f\u0131m betonun \u00fcst\u00fcnd\u0259 yat\u0131r\u201d","datePublished":"2020-03-22T09:53:08+00:00","mainEntityOfPage":{"@id":"https:\/\/www.meydan.tv\/az\/article\/elil-qardasim-betonun-ustunde-yatir\/"},"wordCount":837,"publisher":{"@id":"https:\/\/www.meydan.tv\/az\/#organization"},"image":{"@id":"https:\/\/www.meydan.tv\/az\/article\/elil-qardasim-betonun-ustunde-yatir\/#primaryimage"},"thumbnailUrl":"https:\/\/www.meydan.tv\/wp-content\/uploads\/image_from_ios_w7jkz7j.jpg","articleSection":["B\u00f6lg\u0259"],"inLanguage":"az"},{"@type":"WebPage","@id":"https:\/\/www.meydan.tv\/az\/article\/elil-qardasim-betonun-ustunde-yatir\/","url":"https:\/\/www.meydan.tv\/az\/article\/elil-qardasim-betonun-ustunde-yatir\/","name":"\u201c\u018flil qarda\u015f\u0131m betonun \u00fcst\u00fcnd\u0259 yat\u0131r\u201d - MEYDAN.TV","isPartOf":{"@id":"https:\/\/www.meydan.tv\/az\/#website"},"primaryImageOfPage":{"@id":"https:\/\/www.meydan.tv\/az\/article\/elil-qardasim-betonun-ustunde-yatir\/#primaryimage"},"image":{"@id":"https:\/\/www.meydan.tv\/az\/article\/elil-qardasim-betonun-ustunde-yatir\/#primaryimage"},"thumbnailUrl":"https:\/\/www.meydan.tv\/wp-content\/uploads\/image_from_ios_w7jkz7j.jpg","datePublished":"2020-03-22T09:53:08+00:00","breadcrumb":{"@id":"https:\/\/www.meydan.tv\/az\/article\/elil-qardasim-betonun-ustunde-yatir\/#breadcrumb"},"inLanguage":"az","potentialAction":[{"@type":"ReadAction","target":["https:\/\/www.meydan.tv\/az\/article\/elil-qardasim-betonun-ustunde-yatir\/"]}]},{"@type":"ImageObject","inLanguage":"az","@id":"https:\/\/www.meydan.tv\/az\/article\/elil-qardasim-betonun-ustunde-yatir\/#primaryimage","url":"https:\/\/www.meydan.tv\/wp-content\/uploads\/image_from_ios_w7jkz7j.jpg","contentUrl":"https:\/\/www.meydan.tv\/wp-content\/uploads\/image_from_ios_w7jkz7j.jpg","width":1024,"height":768,"caption":"Source: Specify Source"},{"@type":"BreadcrumbList","@id":"https:\/\/www.meydan.tv\/az\/article\/elil-qardasim-betonun-ustunde-yatir\/#breadcrumb","itemListElement":[{"@type":"ListItem","position":1,"name":"Ana s\u0259hif\u0259","item":"https:\/\/www.meydan.tv\/az\/"},{"@type":"ListItem","position":2,"name":"B\u00f6lg\u0259","item":"https:\/\/www.meydan.tv\/az\/section\/bolge\/"},{"@type":"ListItem","position":3,"name":"\u201c\u018flil qarda\u015f\u0131m betonun \u00fcst\u00fcnd\u0259 yat\u0131r\u201d"}]},{"@type":"WebSite","@id":"https:\/\/www.meydan.tv\/az\/#website","url":"https:\/\/www.meydan.tv\/az\/","name":"MEYDAN.TV","description":"Meydan TV Az\u0259rbaycan\u0131n media m\u0259kan\u0131ndak\u0131 alternativ s\u0259sidir","publisher":{"@id":"https:\/\/www.meydan.tv\/az\/#organization"},"potentialAction":[{"@type":"SearchAction","target":{"@type":"EntryPoint","urlTemplate":"https:\/\/www.meydan.tv\/az\/?s={search_term_string}"},"query-input":{"@type":"PropertyValueSpecification","valueRequired":true,"valueName":"search_term_string"}}],"inLanguage":"az"},{"@type":"Organization","@id":"https:\/\/www.meydan.tv\/az\/#organization","name":"Meydan TV","url":"https:\/\/www.meydan.tv\/az\/","logo":{"@type":"ImageObject","inLanguage":"az","@id":"https:\/\/www.meydan.tv\/az\/#\/schema\/logo\/image\/","url":"https:\/\/www.meydan.tv\/wp-content\/uploads\/2021\/07\/meydan-logo.svg","contentUrl":"https:\/\/www.meydan.tv\/wp-content\/uploads\/2021\/07\/meydan-logo.svg","width":195,"height":46,"caption":"Meydan TV"},"image":{"@id":"https:\/\/www.meydan.tv\/az\/#\/schema\/logo\/image\/"}},{"@type":"Person","@id":"https:\/\/www.meydan.tv\/az\/#\/schema\/person\/10d11eccf6da3662cf5fdab9806ea91a","name":"user-manager"}]}},"_links":{"self":[{"href":"https:\/\/www.meydan.tv\/az\/wp-json\/wp\/v2\/posts\/199787","targetHints":{"allow":["GET"]}}],"collection":[{"href":"https:\/\/www.meydan.tv\/az\/wp-json\/wp\/v2\/posts"}],"about":[{"href":"https:\/\/www.meydan.tv\/az\/wp-json\/wp\/v2\/types\/post"}],"author":[{"embeddable":true,"href":"https:\/\/www.meydan.tv\/az\/wp-json\/wp\/v2\/users\/11"}],"replies":[{"embeddable":true,"href":"https:\/\/www.meydan.tv\/az\/wp-json\/wp\/v2\/comments?post=199787"}],"version-history":[{"count":0,"href":"https:\/\/www.meydan.tv\/az\/wp-json\/wp\/v2\/posts\/199787\/revisions"}],"wp:featuredmedia":[{"embeddable":true,"href":"https:\/\/www.meydan.tv\/az\/wp-json\/wp\/v2\/media\/139387"}],"wp:attachment":[{"href":"https:\/\/www.meydan.tv\/az\/wp-json\/wp\/v2\/media?parent=199787"}],"wp:term":[{"taxonomy":"category","embeddable":true,"href":"https:\/\/www.meydan.tv\/az\/wp-json\/wp\/v2\/categories?post=199787"},{"taxonomy":"post_tag","embeddable":true,"href":"https:\/\/www.meydan.tv\/az\/wp-json\/wp\/v2\/tags?post=199787"}],"curies":[{"name":"wp","href":"https:\/\/api.w.org\/{rel}","templated":true}]}}