{"id":199768,"date":"2020-03-20T10:19:26","date_gmt":"2020-03-20T10:19:26","guid":{"rendered":"https:\/\/www.meydan.tv\/article\/murovdag-ucun-ac-ayagiyalin-dord-oglan-boyudurem\/"},"modified":"2020-03-20T10:19:26","modified_gmt":"2020-03-20T10:19:26","slug":"murovdag-ucun-ac-ayagiyalin-dord-oglan-boyudurem","status":"publish","type":"post","link":"https:\/\/www.meydan.tv\/az\/article\/murovdag-ucun-ac-ayagiyalin-dord-oglan-boyudurem\/","title":{"rendered":"\u201cMurovda\u011f \u00fc\u00e7\u00fcn ac, aya\u011f\u0131yal\u0131n d\u00f6rd o\u011flan b\u00f6y\u00fcd\u00fcr\u0259m\u201d"},"content":{"rendered":"<p>\n  <i><br \/>\n    Siy\u0259z\u0259n sakini i\u015fsizlikd\u0259n \u0259ziyy\u0259t \u00e7\u0259kir, ail\u0259sini doland\u0131ra bilmir<br \/>\n  <\/i>\n<\/p>\n<p>\n  Siy\u0259z\u0259n sakini Vahid Qas\u0131movun 5 u\u015fa\u011f\u0131 var. Onlardan d\u00f6rd\u00fc o\u011fland\u0131r v\u0259 m\u0259kt\u0259blidir. Ancaq atan\u0131n dem\u0259sin\u0259 g\u00f6r\u0259, onlar bu il m\u0259kt\u0259b\u0259 ged\u0259 bilm\u0259yibl\u0259r. Ata s\u0259b\u0259bl\u0259rd\u0259n dan\u0131\u015f\u0131r. Deyir, \u0259vv\u0259ll\u0259r \u0259lind\u0259 i\u015fi, qazanc\u0131 vard\u0131, ail\u0259 qay\u011f\u0131lar\u0131n\u0131n \u00f6hd\u0259sind\u0259n g\u0259lirdi:\n<\/p>\n<p>\n  \u201c\u0130\u015fsizlik belimi q\u0131r\u0131b. U\u015faqlar\u0131n \u00fcz\u00fcn\u0259 baxa bilmir\u0259m. \u00c7\u00f6r\u0259k tapa bilmir\u0259m. Paltarlar\u0131, m\u0259kt\u0259bli l\u0259vazimatlar\u0131, h\u0259tta ayaqqab\u0131lar\u0131 da yoxdur&#8230; H\u0259yat yolda\u015f\u0131m x\u0259st\u0259dir, dializ q\u0259bul edir. Onun da \u0259m\u0259k f\u0259aliyy\u0259ti il\u0259 m\u0259\u015f\u011ful olmaq imkan\u0131 yoxdur. \u00d6z\u00fcm d\u0259 stresd\u0259n, d\u0259rdd\u0259n \u015f\u0259k\u0259r x\u0259st\u0259liyi tapm\u0131\u015fam. \u0130\u015fsizlik ham\u0131n\u0131 x\u0259st\u0259, yar\u0131mcan edib. \u018fvv\u0259l Xa\u00e7mazdan, Qubadan Rusiyaya meyv\u0259 aparanlarla i\u015fl\u0259yirdim, normal qazanc\u0131m vard\u0131, o sah\u0259nin d\u0259 belini q\u0131rd\u0131lar, camaat ac\u0131ndan q\u0131r\u0131l\u0131r\u201d.\n<\/p>\n<p>\n  <b><br \/>\n    \u201cD\u00f6vl\u0259tin ba\u015f\u0131nda dayananlara s\u0259sl\u0259nir\u0259m\u201d<br \/>\n  <\/b>\n<\/p>\n<p>\n  Vahid Qas\u0131mov k\u00f6m\u0259k \u00fc\u00e7\u00fcn rayonun icra hakimiyy\u0259tind\u0259 d\u0259 olub:\n<\/p>\n<p>\n  \u201c\u00d6z\u00fcm d\u0259, h\u0259yat yolda\u015f\u0131m da icra hakimiyy\u0259tin\u0259 getmi\u015fik, demi\u015fik ki, u\u015faqlar\u0131 m\u0259kt\u0259b\u0259 g\u00f6nd\u0259r\u0259, dolana bilmirik. Ya\u015fad\u0131\u011f\u0131m\u0131z yeri g\u00f6rs\u0259niz, dey\u0259rsiz ki, bura iti ba\u011flasan, dayanmaz. \u015e\u0259raitsizlik, r\u00fctub\u0259t, n\u0259mi\u015flik bir yerd\u0259 v\u0259t\u0259n \u00fc\u00e7\u00fcn 4 o\u011ful b\u00f6y\u00fcy\u00fcr. Burdan d\u00f6vl\u0259tin ba\u015f\u0131nda dayananlara s\u0259sl\u0259nir\u0259m, bu ac, aya\u011f\u0131yal\u0131n b\u00f6y\u00fcy\u0259n u\u015faqlar 18 ya\u015f\u0131na \u00e7atanda n\u0259 \u00fczl\u0259 g\u0259lib, \u0259limd\u0259n al\u0131b, apar\u0131b Murovda\u011f\u0131n ba\u015f\u0131nda posta qoyacaqs\u0131z?\u201d.\n<\/p>\n<figure class=\"wp-block-image size-large\">\n  <img decoding=\"async\" src=\"https:\/\/www.meydan.tv\/az\/image_from_ios-1-jpg-116\/\" alt=\"image_from_ios (1).jpg\" class=\"wp-image-139179\"\/><figcaption>\n    &#8220;\u015e\u0259raitsizlik, r\u00fctub\u0259t, n\u0259mi\u015flik bir yerd\u0259 v\u0259t\u0259n \u00fc\u00e7\u00fcn 4 o\u011ful b\u00f6y\u00fcy\u00fcr&#8221;.<br \/>\n  <\/figcaption><\/figure>\n<p>\n  <b><br \/>\n    \u201cBilmir\u0259m hans\u0131 k\u00fc\u00e7\u0259d\u0259n ke\u00e7im ki&#8230;\u201d<br \/>\n  <\/b>\n<\/p>\n<p>\n  Vahid Qas\u0131mov deyir ki, ma\u011fazalara v\u0259 aptekl\u0259r\u0259 \u00fcst-\u00fcst\u0259 2 min manatdan \u00e7ox borcu y\u0131\u011f\u0131l\u0131b:\n<\/p>\n<p>\n  \u201cEvd\u0259n \u00e7\u0131xanda bilmir\u0259m hans\u0131 k\u00fc\u00e7\u0259d\u0259n ke\u00e7im ki, nisy\u0259 d\u0259rman, \u00e7\u00f6r\u0259k g\u00f6t\u00fcrd\u00fcy\u00fcm aptekin, ma\u011fazan\u0131n sahibiyl\u0259 \u00fcz-\u00fcz\u0259 g\u0259lm\u0259yim. Xalq\u0131 bu q\u0259d\u0259r \u0259zm\u0259k, adamlar\u0131 bir-birinin yan\u0131nda utancaq, ba\u015f\u0131a\u015fa\u011f\u0131, x\u0259cal\u0259tli el\u0259m\u0259k, alt\u0131-\u00fcst\u00fc qazanc m\u0259nb\u0259yi olan torpaqdan h\u0259r yolla m\u0259hrum el\u0259m\u0259k g\u00fcnahd\u0131r. K\u0259ndd\u0259 atam\u0131n torpa\u011f\u0131 var, d\u0259f\u0259l\u0259rl\u0259 \u0259km\u0259k, m\u0259hsul g\u00f6t\u00fcrm\u0259k ist\u0259mi\u015f\u0259m, g\u00fcbr\u0259 vaxt\u0131 g\u00fcbr\u0259, suvarma vaxt\u0131 su, m\u0259hsulu y\u0131\u011fmaq vaxt\u0131 texnika verilmir. H\u0259r \u015fey bir qrup m\u0259mur \u00fc\u00e7\u00fcn hesablan\u0131b. G\u00fcbr\u0259 d\u0259, su da, texnika da yaln\u0131z \u00f6z torpaqlar\u0131 \u00fc\u00e7\u00fcnd\u00fcr. Kas\u0131b el\u0259c\u0259 k\u0259nardan \u00f6z torpa\u011f\u0131na tama\u015fa ed\u0259-ed\u0259 qal\u0131r. Halbuki, o torpa\u011fa n\u0259 atsan, yeti\u015f\u0259c\u0259k, artacaq, torpaq \u0259limizin alt\u0131ndad\u0131r, alt\u0131-\u00fcst\u00fc s\u0259rv\u0259tdir, g\u0259l ki, \u0259linin alt\u0131ndak\u0131 torpaq kas\u0131b \u00fc\u00e7\u00fcn \u0259l\u00e7atmaz olub, ac\u0131ndan \u00f6l\u00fcr\u00fck\u201d.\n<\/p>\n<p>\n  <b><br \/>\n    \u201cBunlar\u0131 ist\u0259m\u0259k haqq\u0131md\u0131r\u201d<br \/>\n  <\/b>\n<\/p>\n<p>\n  Vahid Qas\u0131mov h\u00f6kum\u0259td\u0259n normal maa\u015f\u0131 olan i\u015f yeri, u\u015faqpulu, bir d\u0259 5 u\u015fa\u011f\u0131n \u0259ziyy\u0259t \u00e7\u0259kdiyi q\u0259zal\u0131 evin t\u0259mirin\u0259 yard\u0131m\u00e7\u0131 olma\u011f\u0131 ist\u0259yir:\n<\/p>\n<p>\n  \u201cBir v\u0259t\u0259nda\u015f kimi bunlar\u0131 ist\u0259m\u0259k m\u0259nim haqq\u0131md\u0131r. \u00c7\u00fcnki \u00f6vladlar\u0131m\u0131 \u00f6z\u00fcm \u00fc\u00e7\u00fcn yox, d\u00f6vl\u0259t \u00fc\u00e7\u00fcn b\u00f6y\u00fcd\u00fcr\u0259m. Sabah vaxt \u00e7atanda onlar\u0131 bir-bir h\u0259rbi xidm\u0259t\u0259 yola salacam. Onlar\u0131n sa\u011flam, qay\u011f\u0131s\u0131z b\u00f6y\u00fcm\u0259sind\u0259 m\u0259nd\u0259n \u0259vv\u0259l h\u00f6kum\u0259tin mara\u011f\u0131 olmal\u0131d\u0131r. Sabah \u00f6lk\u0259nin s\u0259rh\u0259dl\u0259rini d\u00fc\u015fm\u0259nd\u0259n qoruyacaq d\u00f6rd o\u011fulun atas\u0131 nisy\u0259 d\u0259rman, \u00e7\u00f6r\u0259k g\u00f6t\u00fcrd\u00fcy\u00fc aptekl\u0259rin, ma\u011fazalar\u0131n qar\u015f\u0131s\u0131ndan ke\u00e7\u0259nd\u0259 \u00fcz\u00fcn\u00fc tutur ki, g\u00f6rm\u0259sinl\u0259r\u201d.\n<\/p>\n<p>\n  Siy\u0259z\u0259n rayon M\u0259\u015f\u011fulluq M\u0259rk\u0259zind\u0259n Meydan TV-y\u0259 bildirilib ki, Vahid Qas\u0131mov he\u00e7 vaxt onlara i\u015f \u00fc\u00e7\u00fcn r\u0259smi m\u00fcraci\u0259t etm\u0259yib. M\u00fcraci\u0259t ed\u0259rs\u0259, \u018fm\u0259k v\u0259 \u018fhalinin Sosial M\u00fcdafi\u0259si Nazirliyi n\u0259zdind\u0259 yarad\u0131lm\u0131\u015f \u00f6z\u00fcn\u0259m\u0259\u011fululluq proqramlar\u0131na c\u0259lb oluna, yaxud uy\u011fun i\u015f yeri varsa, i\u015fl\u0259 t\u0259min edil\u0259 bil\u0259r.\n<\/p>\n<figure class=\"wp-block-image size-large\">\n  <img decoding=\"async\" src=\"https:\/\/www.meydan.tv\/az\/image_from_ios-2-jpg-132\/\" alt=\"image_from_ios (2).jpg\" class=\"wp-image-139182\"\/><figcaption>\n    &#8220;\u201cEvd\u0259n \u00e7\u0131xanda bilmir\u0259m hans\u0131 k\u00fc\u00e7\u0259d\u0259n ke\u00e7im ki, nisy\u0259 d\u0259rman, \u00e7\u00f6r\u0259k g\u00f6t\u00fcrd\u00fcy\u00fcm aptekin, ma\u011fazan\u0131n sahibiyl\u0259 \u00fcz-\u00fcz\u0259 g\u0259lm\u0259yim&#8221;.<br \/>\n  <\/figcaption><\/figure>\n","protected":false},"excerpt":{"rendered":"<p>Vahid Qas\u0131mov deyir ki, ma\u011fazalara v\u0259 aptekl\u0259r\u0259 \u00fcst-\u00fcst\u0259 2 min manatdan \u00e7ox borcu y\u0131\u011f\u0131l\u0131b<\/p>\n","protected":false},"author":11,"featured_media":139174,"comment_status":"closed","ping_status":"open","sticky":false,"template":"","format":"standard","meta":{"_acf_changed":false,"_sitemap_exclude":false,"_sitemap_priority":"","_sitemap_frequency":"","footnotes":""},"categories":[60],"tags":[],"class_list":["post-199768","post","type-post","status-publish","format-standard","has-post-thumbnail","hentry","category-bolge","infinite-scroll-item","generate-columns","tablet-grid-50","mobile-grid-100","grid-parent","grid-33","no-featured-image-padding"],"acf":[],"yoast_head":"<!-- This site is optimized with the Yoast SEO plugin v27.5 - https:\/\/yoast.com\/product\/yoast-seo-wordpress\/ -->\n<title>\u201cMurovda\u011f \u00fc\u00e7\u00fcn ac, aya\u011f\u0131yal\u0131n d\u00f6rd o\u011flan b\u00f6y\u00fcd\u00fcr\u0259m\u201d - MEYDAN.TV<\/title>\n<meta name=\"robots\" content=\"index, follow, max-snippet:-1, max-image-preview:large, max-video-preview:-1\" \/>\n<link rel=\"canonical\" href=\"https:\/\/www.meydan.tv\/az\/article\/murovdag-ucun-ac-ayagiyalin-dord-oglan-boyudurem\/\" \/>\n<meta property=\"og:locale\" content=\"az_AZ\" \/>\n<meta property=\"og:type\" content=\"article\" \/>\n<meta property=\"og:title\" content=\"\u201cMurovda\u011f \u00fc\u00e7\u00fcn ac, aya\u011f\u0131yal\u0131n d\u00f6rd o\u011flan b\u00f6y\u00fcd\u00fcr\u0259m\u201d - MEYDAN.TV\" \/>\n<meta property=\"og:description\" content=\"Vahid Qas\u0131mov deyir ki, ma\u011fazalara v\u0259 aptekl\u0259r\u0259 \u00fcst-\u00fcst\u0259 2 min manatdan \u00e7ox borcu y\u0131\u011f\u0131l\u0131b\" \/>\n<meta property=\"og:url\" content=\"https:\/\/www.meydan.tv\/az\/article\/murovdag-ucun-ac-ayagiyalin-dord-oglan-boyudurem\/\" \/>\n<meta property=\"og:site_name\" content=\"MEYDAN.TV\" \/>\n<meta property=\"article:published_time\" content=\"2020-03-20T10:19:26+00:00\" \/>\n<meta property=\"og:image\" content=\"https:\/\/www.meydan.tv\/wp-content\/uploads\/image_from_ios_ixdwuax.jpg\" \/>\n\t<meta property=\"og:image:width\" content=\"960\" \/>\n\t<meta property=\"og:image:height\" content=\"1280\" \/>\n\t<meta property=\"og:image:type\" content=\"image\/jpeg\" \/>\n<meta name=\"author\" content=\"user-manager\" \/>\n<meta name=\"twitter:card\" content=\"summary_large_image\" \/>\n<script type=\"application\/ld+json\" class=\"yoast-schema-graph\">{\"@context\":\"https:\\\/\\\/schema.org\",\"@graph\":[{\"@type\":\"Article\",\"@id\":\"https:\\\/\\\/www.meydan.tv\\\/az\\\/article\\\/murovdag-ucun-ac-ayagiyalin-dord-oglan-boyudurem\\\/#article\",\"isPartOf\":{\"@id\":\"https:\\\/\\\/www.meydan.tv\\\/az\\\/article\\\/murovdag-ucun-ac-ayagiyalin-dord-oglan-boyudurem\\\/\"},\"author\":{\"name\":\"user-manager\",\"@id\":\"https:\\\/\\\/www.meydan.tv\\\/az\\\/#\\\/schema\\\/person\\\/10d11eccf6da3662cf5fdab9806ea91a\"},\"headline\":\"\u201cMurovda\u011f \u00fc\u00e7\u00fcn ac, aya\u011f\u0131yal\u0131n d\u00f6rd o\u011flan b\u00f6y\u00fcd\u00fcr\u0259m\u201d\",\"datePublished\":\"2020-03-20T10:19:26+00:00\",\"mainEntityOfPage\":{\"@id\":\"https:\\\/\\\/www.meydan.tv\\\/az\\\/article\\\/murovdag-ucun-ac-ayagiyalin-dord-oglan-boyudurem\\\/\"},\"wordCount\":808,\"publisher\":{\"@id\":\"https:\\\/\\\/www.meydan.tv\\\/az\\\/#organization\"},\"image\":{\"@id\":\"https:\\\/\\\/www.meydan.tv\\\/az\\\/article\\\/murovdag-ucun-ac-ayagiyalin-dord-oglan-boyudurem\\\/#primaryimage\"},\"thumbnailUrl\":\"https:\\\/\\\/www.meydan.tv\\\/wp-content\\\/uploads\\\/image_from_ios_ixdwuax.jpg\",\"articleSection\":[\"B\u00f6lg\u0259\"],\"inLanguage\":\"az\"},{\"@type\":\"WebPage\",\"@id\":\"https:\\\/\\\/www.meydan.tv\\\/az\\\/article\\\/murovdag-ucun-ac-ayagiyalin-dord-oglan-boyudurem\\\/\",\"url\":\"https:\\\/\\\/www.meydan.tv\\\/az\\\/article\\\/murovdag-ucun-ac-ayagiyalin-dord-oglan-boyudurem\\\/\",\"name\":\"\u201cMurovda\u011f \u00fc\u00e7\u00fcn ac, aya\u011f\u0131yal\u0131n d\u00f6rd o\u011flan b\u00f6y\u00fcd\u00fcr\u0259m\u201d - MEYDAN.TV\",\"isPartOf\":{\"@id\":\"https:\\\/\\\/www.meydan.tv\\\/az\\\/#website\"},\"primaryImageOfPage\":{\"@id\":\"https:\\\/\\\/www.meydan.tv\\\/az\\\/article\\\/murovdag-ucun-ac-ayagiyalin-dord-oglan-boyudurem\\\/#primaryimage\"},\"image\":{\"@id\":\"https:\\\/\\\/www.meydan.tv\\\/az\\\/article\\\/murovdag-ucun-ac-ayagiyalin-dord-oglan-boyudurem\\\/#primaryimage\"},\"thumbnailUrl\":\"https:\\\/\\\/www.meydan.tv\\\/wp-content\\\/uploads\\\/image_from_ios_ixdwuax.jpg\",\"datePublished\":\"2020-03-20T10:19:26+00:00\",\"breadcrumb\":{\"@id\":\"https:\\\/\\\/www.meydan.tv\\\/az\\\/article\\\/murovdag-ucun-ac-ayagiyalin-dord-oglan-boyudurem\\\/#breadcrumb\"},\"inLanguage\":\"az\",\"potentialAction\":[{\"@type\":\"ReadAction\",\"target\":[\"https:\\\/\\\/www.meydan.tv\\\/az\\\/article\\\/murovdag-ucun-ac-ayagiyalin-dord-oglan-boyudurem\\\/\"]}]},{\"@type\":\"ImageObject\",\"inLanguage\":\"az\",\"@id\":\"https:\\\/\\\/www.meydan.tv\\\/az\\\/article\\\/murovdag-ucun-ac-ayagiyalin-dord-oglan-boyudurem\\\/#primaryimage\",\"url\":\"https:\\\/\\\/www.meydan.tv\\\/wp-content\\\/uploads\\\/image_from_ios_ixdwuax.jpg\",\"contentUrl\":\"https:\\\/\\\/www.meydan.tv\\\/wp-content\\\/uploads\\\/image_from_ios_ixdwuax.jpg\",\"width\":960,\"height\":1280,\"caption\":\"Source: Specify Source\"},{\"@type\":\"BreadcrumbList\",\"@id\":\"https:\\\/\\\/www.meydan.tv\\\/az\\\/article\\\/murovdag-ucun-ac-ayagiyalin-dord-oglan-boyudurem\\\/#breadcrumb\",\"itemListElement\":[{\"@type\":\"ListItem\",\"position\":1,\"name\":\"Ana s\u0259hif\u0259\",\"item\":\"https:\\\/\\\/www.meydan.tv\\\/az\\\/\"},{\"@type\":\"ListItem\",\"position\":2,\"name\":\"B\u00f6lg\u0259\",\"item\":\"https:\\\/\\\/www.meydan.tv\\\/az\\\/section\\\/bolge\\\/\"},{\"@type\":\"ListItem\",\"position\":3,\"name\":\"\u201cMurovda\u011f \u00fc\u00e7\u00fcn ac, aya\u011f\u0131yal\u0131n d\u00f6rd o\u011flan b\u00f6y\u00fcd\u00fcr\u0259m\u201d\"}]},{\"@type\":\"WebSite\",\"@id\":\"https:\\\/\\\/www.meydan.tv\\\/az\\\/#website\",\"url\":\"https:\\\/\\\/www.meydan.tv\\\/az\\\/\",\"name\":\"MEYDAN.TV\",\"description\":\"Meydan TV Az\u0259rbaycan\u0131n media m\u0259kan\u0131ndak\u0131 alternativ s\u0259sidir\",\"publisher\":{\"@id\":\"https:\\\/\\\/www.meydan.tv\\\/az\\\/#organization\"},\"potentialAction\":[{\"@type\":\"SearchAction\",\"target\":{\"@type\":\"EntryPoint\",\"urlTemplate\":\"https:\\\/\\\/www.meydan.tv\\\/az\\\/?s={search_term_string}\"},\"query-input\":{\"@type\":\"PropertyValueSpecification\",\"valueRequired\":true,\"valueName\":\"search_term_string\"}}],\"inLanguage\":\"az\"},{\"@type\":\"Organization\",\"@id\":\"https:\\\/\\\/www.meydan.tv\\\/az\\\/#organization\",\"name\":\"Meydan TV\",\"url\":\"https:\\\/\\\/www.meydan.tv\\\/az\\\/\",\"logo\":{\"@type\":\"ImageObject\",\"inLanguage\":\"az\",\"@id\":\"https:\\\/\\\/www.meydan.tv\\\/az\\\/#\\\/schema\\\/logo\\\/image\\\/\",\"url\":\"https:\\\/\\\/www.meydan.tv\\\/wp-content\\\/uploads\\\/2021\\\/07\\\/meydan-logo.svg\",\"contentUrl\":\"https:\\\/\\\/www.meydan.tv\\\/wp-content\\\/uploads\\\/2021\\\/07\\\/meydan-logo.svg\",\"width\":195,\"height\":46,\"caption\":\"Meydan TV\"},\"image\":{\"@id\":\"https:\\\/\\\/www.meydan.tv\\\/az\\\/#\\\/schema\\\/logo\\\/image\\\/\"}},{\"@type\":\"Person\",\"@id\":\"https:\\\/\\\/www.meydan.tv\\\/az\\\/#\\\/schema\\\/person\\\/10d11eccf6da3662cf5fdab9806ea91a\",\"name\":\"user-manager\"}]}<\/script>\n<!-- \/ Yoast SEO plugin. -->","yoast_head_json":{"title":"\u201cMurovda\u011f \u00fc\u00e7\u00fcn ac, aya\u011f\u0131yal\u0131n d\u00f6rd o\u011flan b\u00f6y\u00fcd\u00fcr\u0259m\u201d - MEYDAN.TV","robots":{"index":"index","follow":"follow","max-snippet":"max-snippet:-1","max-image-preview":"max-image-preview:large","max-video-preview":"max-video-preview:-1"},"canonical":"https:\/\/www.meydan.tv\/az\/article\/murovdag-ucun-ac-ayagiyalin-dord-oglan-boyudurem\/","og_locale":"az_AZ","og_type":"article","og_title":"\u201cMurovda\u011f \u00fc\u00e7\u00fcn ac, aya\u011f\u0131yal\u0131n d\u00f6rd o\u011flan b\u00f6y\u00fcd\u00fcr\u0259m\u201d - MEYDAN.TV","og_description":"Vahid Qas\u0131mov deyir ki, ma\u011fazalara v\u0259 aptekl\u0259r\u0259 \u00fcst-\u00fcst\u0259 2 min manatdan \u00e7ox borcu y\u0131\u011f\u0131l\u0131b","og_url":"https:\/\/www.meydan.tv\/az\/article\/murovdag-ucun-ac-ayagiyalin-dord-oglan-boyudurem\/","og_site_name":"MEYDAN.TV","article_published_time":"2020-03-20T10:19:26+00:00","og_image":[{"width":960,"height":1280,"url":"https:\/\/www.meydan.tv\/wp-content\/uploads\/image_from_ios_ixdwuax.jpg","type":"image\/jpeg"}],"author":"user-manager","twitter_card":"summary_large_image","schema":{"@context":"https:\/\/schema.org","@graph":[{"@type":"Article","@id":"https:\/\/www.meydan.tv\/az\/article\/murovdag-ucun-ac-ayagiyalin-dord-oglan-boyudurem\/#article","isPartOf":{"@id":"https:\/\/www.meydan.tv\/az\/article\/murovdag-ucun-ac-ayagiyalin-dord-oglan-boyudurem\/"},"author":{"name":"user-manager","@id":"https:\/\/www.meydan.tv\/az\/#\/schema\/person\/10d11eccf6da3662cf5fdab9806ea91a"},"headline":"\u201cMurovda\u011f \u00fc\u00e7\u00fcn ac, aya\u011f\u0131yal\u0131n d\u00f6rd o\u011flan b\u00f6y\u00fcd\u00fcr\u0259m\u201d","datePublished":"2020-03-20T10:19:26+00:00","mainEntityOfPage":{"@id":"https:\/\/www.meydan.tv\/az\/article\/murovdag-ucun-ac-ayagiyalin-dord-oglan-boyudurem\/"},"wordCount":808,"publisher":{"@id":"https:\/\/www.meydan.tv\/az\/#organization"},"image":{"@id":"https:\/\/www.meydan.tv\/az\/article\/murovdag-ucun-ac-ayagiyalin-dord-oglan-boyudurem\/#primaryimage"},"thumbnailUrl":"https:\/\/www.meydan.tv\/wp-content\/uploads\/image_from_ios_ixdwuax.jpg","articleSection":["B\u00f6lg\u0259"],"inLanguage":"az"},{"@type":"WebPage","@id":"https:\/\/www.meydan.tv\/az\/article\/murovdag-ucun-ac-ayagiyalin-dord-oglan-boyudurem\/","url":"https:\/\/www.meydan.tv\/az\/article\/murovdag-ucun-ac-ayagiyalin-dord-oglan-boyudurem\/","name":"\u201cMurovda\u011f \u00fc\u00e7\u00fcn ac, aya\u011f\u0131yal\u0131n d\u00f6rd o\u011flan b\u00f6y\u00fcd\u00fcr\u0259m\u201d - MEYDAN.TV","isPartOf":{"@id":"https:\/\/www.meydan.tv\/az\/#website"},"primaryImageOfPage":{"@id":"https:\/\/www.meydan.tv\/az\/article\/murovdag-ucun-ac-ayagiyalin-dord-oglan-boyudurem\/#primaryimage"},"image":{"@id":"https:\/\/www.meydan.tv\/az\/article\/murovdag-ucun-ac-ayagiyalin-dord-oglan-boyudurem\/#primaryimage"},"thumbnailUrl":"https:\/\/www.meydan.tv\/wp-content\/uploads\/image_from_ios_ixdwuax.jpg","datePublished":"2020-03-20T10:19:26+00:00","breadcrumb":{"@id":"https:\/\/www.meydan.tv\/az\/article\/murovdag-ucun-ac-ayagiyalin-dord-oglan-boyudurem\/#breadcrumb"},"inLanguage":"az","potentialAction":[{"@type":"ReadAction","target":["https:\/\/www.meydan.tv\/az\/article\/murovdag-ucun-ac-ayagiyalin-dord-oglan-boyudurem\/"]}]},{"@type":"ImageObject","inLanguage":"az","@id":"https:\/\/www.meydan.tv\/az\/article\/murovdag-ucun-ac-ayagiyalin-dord-oglan-boyudurem\/#primaryimage","url":"https:\/\/www.meydan.tv\/wp-content\/uploads\/image_from_ios_ixdwuax.jpg","contentUrl":"https:\/\/www.meydan.tv\/wp-content\/uploads\/image_from_ios_ixdwuax.jpg","width":960,"height":1280,"caption":"Source: Specify Source"},{"@type":"BreadcrumbList","@id":"https:\/\/www.meydan.tv\/az\/article\/murovdag-ucun-ac-ayagiyalin-dord-oglan-boyudurem\/#breadcrumb","itemListElement":[{"@type":"ListItem","position":1,"name":"Ana s\u0259hif\u0259","item":"https:\/\/www.meydan.tv\/az\/"},{"@type":"ListItem","position":2,"name":"B\u00f6lg\u0259","item":"https:\/\/www.meydan.tv\/az\/section\/bolge\/"},{"@type":"ListItem","position":3,"name":"\u201cMurovda\u011f \u00fc\u00e7\u00fcn ac, aya\u011f\u0131yal\u0131n d\u00f6rd o\u011flan b\u00f6y\u00fcd\u00fcr\u0259m\u201d"}]},{"@type":"WebSite","@id":"https:\/\/www.meydan.tv\/az\/#website","url":"https:\/\/www.meydan.tv\/az\/","name":"MEYDAN.TV","description":"Meydan TV Az\u0259rbaycan\u0131n media m\u0259kan\u0131ndak\u0131 alternativ s\u0259sidir","publisher":{"@id":"https:\/\/www.meydan.tv\/az\/#organization"},"potentialAction":[{"@type":"SearchAction","target":{"@type":"EntryPoint","urlTemplate":"https:\/\/www.meydan.tv\/az\/?s={search_term_string}"},"query-input":{"@type":"PropertyValueSpecification","valueRequired":true,"valueName":"search_term_string"}}],"inLanguage":"az"},{"@type":"Organization","@id":"https:\/\/www.meydan.tv\/az\/#organization","name":"Meydan TV","url":"https:\/\/www.meydan.tv\/az\/","logo":{"@type":"ImageObject","inLanguage":"az","@id":"https:\/\/www.meydan.tv\/az\/#\/schema\/logo\/image\/","url":"https:\/\/www.meydan.tv\/wp-content\/uploads\/2021\/07\/meydan-logo.svg","contentUrl":"https:\/\/www.meydan.tv\/wp-content\/uploads\/2021\/07\/meydan-logo.svg","width":195,"height":46,"caption":"Meydan TV"},"image":{"@id":"https:\/\/www.meydan.tv\/az\/#\/schema\/logo\/image\/"}},{"@type":"Person","@id":"https:\/\/www.meydan.tv\/az\/#\/schema\/person\/10d11eccf6da3662cf5fdab9806ea91a","name":"user-manager"}]}},"_links":{"self":[{"href":"https:\/\/www.meydan.tv\/az\/wp-json\/wp\/v2\/posts\/199768","targetHints":{"allow":["GET"]}}],"collection":[{"href":"https:\/\/www.meydan.tv\/az\/wp-json\/wp\/v2\/posts"}],"about":[{"href":"https:\/\/www.meydan.tv\/az\/wp-json\/wp\/v2\/types\/post"}],"author":[{"embeddable":true,"href":"https:\/\/www.meydan.tv\/az\/wp-json\/wp\/v2\/users\/11"}],"replies":[{"embeddable":true,"href":"https:\/\/www.meydan.tv\/az\/wp-json\/wp\/v2\/comments?post=199768"}],"version-history":[{"count":0,"href":"https:\/\/www.meydan.tv\/az\/wp-json\/wp\/v2\/posts\/199768\/revisions"}],"wp:featuredmedia":[{"embeddable":true,"href":"https:\/\/www.meydan.tv\/az\/wp-json\/wp\/v2\/media\/139174"}],"wp:attachment":[{"href":"https:\/\/www.meydan.tv\/az\/wp-json\/wp\/v2\/media?parent=199768"}],"wp:term":[{"taxonomy":"category","embeddable":true,"href":"https:\/\/www.meydan.tv\/az\/wp-json\/wp\/v2\/categories?post=199768"},{"taxonomy":"post_tag","embeddable":true,"href":"https:\/\/www.meydan.tv\/az\/wp-json\/wp\/v2\/tags?post=199768"}],"curies":[{"name":"wp","href":"https:\/\/api.w.org\/{rel}","templated":true}]}}