{"id":199765,"date":"2020-03-19T16:00:24","date_gmt":"2020-03-19T16:00:24","guid":{"rendered":"https:\/\/www.meydan.tv\/article\/sahibkar-avtobuslarda-dezinfeksiya-isleri-ucun-pul-teleb-olunur\/"},"modified":"2020-03-19T16:00:24","modified_gmt":"2020-03-19T16:00:24","slug":"sahibkar-avtobuslarda-dezinfeksiya-isleri-ucun-pul-teleb-olunur","status":"publish","type":"post","link":"https:\/\/www.meydan.tv\/az\/article\/sahibkar-avtobuslarda-dezinfeksiya-isleri-ucun-pul-teleb-olunur\/","title":{"rendered":"Sahibkar: Avtobuslarda dezinfeksiya i\u015fl\u0259ri \u00fc\u00e7\u00fcn pul t\u0259l\u0259b olunur"},"content":{"rendered":"<p>\n  <i><br \/>\n    R\u00f6yal R\u0259himovun dem\u0259sin\u0259 g\u00f6r\u0259, pul verm\u0259diyi \u00fc\u00e7\u00fcn 1 h\u0259ft\u0259dir ki, avtobuslar dezinfeklsiya olunmur<br \/>\n  <\/i>\n<\/p>\n<p>\n  \u201cBir h\u0259ft\u0259dir ki, Ming\u0259\u00e7evird\u0259 \u0259haliy\u0259 xidm\u0259t g\u00f6st\u0259r\u0259n ictimai n\u0259qliyyatda \u2013 avtobuslarda dezinfeksiya i\u015fl\u0259ri apar\u0131lm\u0131r. S\u0259b\u0259b Ming\u0259\u00e7evir \u015e\u0259h\u0259r Dezinfeksiya Stansiyas\u0131n\u0131n ba\u015f h\u0259kimi Tahir Sad\u0131qovun dezinfeksiya i\u015fl\u0259rin\u0259 g\u00f6r\u0259 sahibkarlardan pul ist\u0259m\u0259sidir. Adam r\u0259sm\u0259n insanlar\u0131n h\u0259yat\u0131 il\u0259 oynay\u0131r\u201d.\n<\/p>\n<p>\n  Bunu Meydan TV-y\u0259 Ming\u0259\u00e7evir \u015f\u0259h\u0259rind\u0259 7 v\u0259 8 sayl\u0131 mar\u015frut x\u0259tl\u0259ri \u00fczr\u0259 h\u0259r\u0259k\u0259t ed\u0259n avtobuslar\u0131n sahibi R\u00f6yal R\u0259himov deyir. Onun s\u00f6zl\u0259rin\u0259 g\u00f6r\u0259, sonuncu d\u0259f\u0259 dezinfeksiya i\u015fl\u0259ri mart\u0131n 13-d\u0259 g\u00f6r\u00fcl\u00fcb.\n<\/p>\n<p>\n  <b><br \/>\n    \u201cPula g\u00f6r\u0259 insanlar\u0131n h\u0259yat\u0131n\u0131 t\u0259hl\u00fck\u0259y\u0259 at\u0131b\u201d<br \/>\n  <\/b>\n<\/p>\n<p>\n  R\u00f6yal R\u0259himovun s\u00f6zl\u0259rin\u0259 g\u00f6r\u0259, 7 sayl\u0131 mar\u015frut x\u0259tti \u00fczr\u0259 h\u0259r\u0259k\u0259t ed\u0259n ki\u00e7ik tutumlu v\u0259 8 sayl\u0131 mar\u015frut x\u0259tti \u00fczr\u0259 h\u0259r\u0259k\u0259t ed\u0259n iritutumlu avtobuslar\u0131nda dezinfeksiya i\u015fl\u0259rinin apar\u0131lmamas\u0131na s\u0259b\u0259b bu i\u015fl\u0259r\u0259 g\u00f6r\u0259 ondan t\u0259l\u0259b olunan g\u00fcnd\u0259lik pulu verm\u0259m\u0259sidir:\n<\/p>\n<p>\n  \u201c\u018fvv\u0259ll\u0259r bu i\u015f\u0259 g\u00f6r\u0259 sahibkarlardan g\u00fcnd\u0259lik 3, sonra 5 manat y\u0131\u011f\u0131l\u0131rd\u0131. Ancaq bu yax\u0131nlarda koronavirusla \u0259laq\u0259dar Prezident tap\u015f\u0131r\u0131q verdi ki, bu i\u015fl\u0259r d\u00f6vl\u0259t hesab\u0131na g\u00f6r\u00fcls\u00fcn, buna g\u00f6r\u0259 b\u00fcdc\u0259d\u0259n pul da ayr\u0131ld\u0131. Tahir Sad\u0131qov is\u0259 Prezidentin tap\u015f\u0131r\u0131\u011f\u0131n\u0131 saym\u0131r, \u00f6z maddi m\u0259nafel\u0259rin\u0259 g\u00f6r\u0259 \u0259halinin h\u0259yat\u0131 il\u0259 oynay\u0131r. \u0130nsanlar\u0131 t\u0259hl\u00fck\u0259y\u0259 at\u0131b, deyir, sahibkar g\u0259tirib h\u0259r avtobusa g\u00f6r\u0259 g\u00fcnd\u0259lik 26 manat pul verm\u0259s\u0259, he\u00e7 bir avtobusda dezinfeksiya i\u015fl\u0259ri apar\u0131lmayacaq. Ming\u0259\u00e7evirin h\u0259r g\u00fcn, h\u0259r saat ictimai n\u0259qliyyatdan istifad\u0259 ed\u0259n minl\u0259rl\u0259 sakininin h\u0259yat\u0131 Tahir Sad\u0131qova g\u00f6r\u0259 t\u0259hl\u00fck\u0259 il\u0259 \u00fcz-\u00fcz\u0259 qal\u0131b\u201d.\n<\/p>\n<p>\n  <b><br \/>\n    84 avtobusun h\u0259r birin\u0259 g\u00f6r\u0259 g\u00fcnd\u0259lik 26 manat?<br \/>\n  <\/b>\n<\/p>\n<p>\n  R\u00f6yal R\u0259himovun dem\u0259sin\u0259 g\u00f6r\u0259, 7 sayl\u0131 ma\u015frut x\u0259ttind\u0259 48 \u0259d\u0259d ki\u00e7iktutumlu, 8 sayl\u0131 mar\u015frut x\u0259tti \u00fczr\u0259 36 \u0259d\u0259d iritutumlu avtobus var. \u00dcmumilikd\u0259 84 avtobusun h\u0259r birin\u0259 g\u00f6r\u0259 sahibkardan 26 manat ist\u0259nilir. \u018fks halda dezinfeksiya i\u015fl\u0259rinin g\u00f6r\u00fclm\u0259y\u0259c\u0259yi bildirilir:\n<\/p>\n<p>\n  \u201cM\u0259s\u0259l\u0259 buras\u0131ndad\u0131r ki, \u0259vv\u0259ll\u0259r bizd\u0259n al\u0131nan 3, sonralar 5 manata g\u00f6r\u0259 q\u0259bz verilmirdi. Bu pullar bizd\u0259n al\u0131n\u0131r v\u0259 q\u0259bz verilmir. Bir ka\u011f\u0131z par\u00e7as\u0131 verilir, orda da el\u0259c\u0259 qeyd olunub ki, filan tarixd\u0259 filan avtobusda koronavirusa g\u00f6r\u0259 dezinfeksiya i\u015fi g\u00f6r\u00fcl\u00fcb, v\u0259ssalam. Bax\u0131n, bu g\u00fcn ay\u0131n 19-dur, bu g\u00fcn d\u0259 m\u00fcraci\u0259t etdim, dezinfeksiya i\u015fl\u0259ri apar\u0131lmad\u0131. Ya bu ba\u015f h\u0259kim v\u0259ziyy\u0259tin n\u0259 q\u0259d\u0259r ciddi oldu\u011fundan x\u0259b\u0259rsizdir, ya da adamlar\u0131n taleyini q\u0259sd\u0259n t\u0259hl\u00fck\u0259y\u0259 at\u0131r. Xahi\u015f edirik, s\u0259simiz Prezident\u0259 v\u0259 aidiyy\u0259ti qurumlara \u00e7atd\u0131r\u0131ls\u0131n, t\u0259cili v\u0259 t\u0259xir\u0259sal\u0131nmaz t\u0259dbirl\u0259r g\u00f6r\u00fcls\u00fcn, yoxsa tezlikl\u0259 Ming\u0259\u00e7evird\u0259 ham\u0131 koronavirusa yoluxacaq, sonra gec olacaq v\u0259 qar\u015f\u0131s\u0131n\u0131a almaq m\u00fcmk\u00fcn olmayacaq\u201d.\n<\/p>\n<p>\n  Ming\u0259\u00e7evir \u015e\u0259h\u0259r Dezinfeksiya Stansiyas\u0131n\u0131n ba\u015f h\u0259kimi Tahir Sad\u0131qov Meydan TV-y\u0259 deyib ki, qurum t\u0259s\u0259rr\u00fcfat hesabl\u0131 oldu\u011fundan sahibkarlar\u0131n pul \u00f6d\u0259m\u0259si vacibdir:\n<\/p>\n<p>\n  \u201cSahibkarlarla m\u00fcqavil\u0259 ba\u011flay\u0131r\u0131q, m\u00fcqavil\u0259 \u0259sas\u0131nda ke\u00e7\u0259n pullarla i\u015f\u00e7il\u0259r\u0259 maa\u015f veririk, d\u0259rman al\u0131r\u0131q. \u0130dar\u0259nin dig\u0259r probleml\u0259rini o pullar\u0131n hesab\u0131na h\u0259ll edirik. Bir avtobusda ne\u00e7\u0259 kvadrat yer d\u0259rmanlan\u0131rsa, sahibkara ona uy\u011fun qiym\u0259t deyilir. Sahibkara bunlar ba\u015fa sal\u0131n\u0131b, h\u0259r g\u00fcn pul qazan\u0131r, indi bu koronavirusun t\u00fc\u011fyan etdiyi bir vaxtda dezinfeklsiya i\u015fl\u0259ri aparmaqdansa, durub gedib ora-bura \u015fikay\u0259t edir\u201d.\n<\/p>\n<p>\n  Ancaq Tahir Sad\u0131qov onu da bildirib ki, m\u00fcqavil\u0259 sahibkarlarla f\u0259rdi qaydaya yox, departamentl\u0259 ba\u011flan\u0131r.\n<\/p>\n<figure class=\"wp-block-image size-large\">\n  <img decoding=\"async\" src=\"https:\/\/www.meydan.tv\/az\/sened\/\" alt=\"S\u0259n\u0259d\" class=\"wp-image-139170\"\/><figcaption>\n    S\u0259n\u0259d<br \/>\n  <\/figcaption><\/figure>\n","protected":false},"excerpt":{"rendered":"<p>R\u00f6yal R\u0259himovun dem\u0259sin\u0259 g\u00f6r\u0259, pul verm\u0259diyi \u00fc\u00e7\u00fcn 1 h\u0259ft\u0259dir ki, avtobuslar dezinfeklsiya olunmur<\/p>\n","protected":false},"author":11,"featured_media":58157,"comment_status":"closed","ping_status":"open","sticky":false,"template":"","format":"standard","meta":{"_acf_changed":false,"_sitemap_exclude":false,"_sitemap_priority":"","_sitemap_frequency":"","footnotes":""},"categories":[60],"tags":[],"class_list":["post-199765","post","type-post","status-publish","format-standard","has-post-thumbnail","hentry","category-bolge","infinite-scroll-item","generate-columns","tablet-grid-50","mobile-grid-100","grid-parent","grid-33","no-featured-image-padding"],"acf":[],"yoast_head":"<!-- This site is optimized with the Yoast SEO plugin v27.5 - https:\/\/yoast.com\/product\/yoast-seo-wordpress\/ -->\n<title>Sahibkar: Avtobuslarda dezinfeksiya i\u015fl\u0259ri \u00fc\u00e7\u00fcn pul t\u0259l\u0259b olunur - MEYDAN.TV<\/title>\n<meta name=\"robots\" content=\"index, follow, max-snippet:-1, max-image-preview:large, max-video-preview:-1\" \/>\n<link rel=\"canonical\" href=\"https:\/\/www.meydan.tv\/az\/article\/sahibkar-avtobuslarda-dezinfeksiya-isleri-ucun-pul-teleb-olunur\/\" \/>\n<meta property=\"og:locale\" content=\"az_AZ\" \/>\n<meta property=\"og:type\" content=\"article\" \/>\n<meta property=\"og:title\" content=\"Sahibkar: Avtobuslarda dezinfeksiya i\u015fl\u0259ri \u00fc\u00e7\u00fcn pul t\u0259l\u0259b olunur - MEYDAN.TV\" \/>\n<meta property=\"og:description\" content=\"R\u00f6yal R\u0259himovun dem\u0259sin\u0259 g\u00f6r\u0259, pul verm\u0259diyi \u00fc\u00e7\u00fcn 1 h\u0259ft\u0259dir ki, avtobuslar dezinfeklsiya olunmur\" \/>\n<meta property=\"og:url\" content=\"https:\/\/www.meydan.tv\/az\/article\/sahibkar-avtobuslarda-dezinfeksiya-isleri-ucun-pul-teleb-olunur\/\" \/>\n<meta property=\"og:site_name\" content=\"MEYDAN.TV\" \/>\n<meta property=\"article:published_time\" content=\"2020-03-19T16:00:24+00:00\" \/>\n<meta property=\"og:image\" content=\"https:\/\/www.meydan.tv\/wp-content\/uploads\/22035.jpg\" \/>\n\t<meta property=\"og:image:width\" content=\"1800\" \/>\n\t<meta property=\"og:image:height\" content=\"1200\" \/>\n\t<meta property=\"og:image:type\" content=\"image\/jpeg\" \/>\n<meta name=\"author\" content=\"user-manager\" \/>\n<meta name=\"twitter:card\" content=\"summary_large_image\" \/>\n<script type=\"application\/ld+json\" class=\"yoast-schema-graph\">{\"@context\":\"https:\\\/\\\/schema.org\",\"@graph\":[{\"@type\":\"Article\",\"@id\":\"https:\\\/\\\/www.meydan.tv\\\/az\\\/article\\\/sahibkar-avtobuslarda-dezinfeksiya-isleri-ucun-pul-teleb-olunur\\\/#article\",\"isPartOf\":{\"@id\":\"https:\\\/\\\/www.meydan.tv\\\/az\\\/article\\\/sahibkar-avtobuslarda-dezinfeksiya-isleri-ucun-pul-teleb-olunur\\\/\"},\"author\":{\"name\":\"user-manager\",\"@id\":\"https:\\\/\\\/www.meydan.tv\\\/az\\\/#\\\/schema\\\/person\\\/10d11eccf6da3662cf5fdab9806ea91a\"},\"headline\":\"Sahibkar: Avtobuslarda dezinfeksiya i\u015fl\u0259ri \u00fc\u00e7\u00fcn pul t\u0259l\u0259b olunur\",\"datePublished\":\"2020-03-19T16:00:24+00:00\",\"mainEntityOfPage\":{\"@id\":\"https:\\\/\\\/www.meydan.tv\\\/az\\\/article\\\/sahibkar-avtobuslarda-dezinfeksiya-isleri-ucun-pul-teleb-olunur\\\/\"},\"wordCount\":732,\"publisher\":{\"@id\":\"https:\\\/\\\/www.meydan.tv\\\/az\\\/#organization\"},\"image\":{\"@id\":\"https:\\\/\\\/www.meydan.tv\\\/az\\\/article\\\/sahibkar-avtobuslarda-dezinfeksiya-isleri-ucun-pul-teleb-olunur\\\/#primaryimage\"},\"thumbnailUrl\":\"https:\\\/\\\/www.meydan.tv\\\/wp-content\\\/uploads\\\/22035.jpg\",\"articleSection\":[\"B\u00f6lg\u0259\"],\"inLanguage\":\"az\"},{\"@type\":\"WebPage\",\"@id\":\"https:\\\/\\\/www.meydan.tv\\\/az\\\/article\\\/sahibkar-avtobuslarda-dezinfeksiya-isleri-ucun-pul-teleb-olunur\\\/\",\"url\":\"https:\\\/\\\/www.meydan.tv\\\/az\\\/article\\\/sahibkar-avtobuslarda-dezinfeksiya-isleri-ucun-pul-teleb-olunur\\\/\",\"name\":\"Sahibkar: Avtobuslarda dezinfeksiya i\u015fl\u0259ri \u00fc\u00e7\u00fcn pul t\u0259l\u0259b olunur - MEYDAN.TV\",\"isPartOf\":{\"@id\":\"https:\\\/\\\/www.meydan.tv\\\/az\\\/#website\"},\"primaryImageOfPage\":{\"@id\":\"https:\\\/\\\/www.meydan.tv\\\/az\\\/article\\\/sahibkar-avtobuslarda-dezinfeksiya-isleri-ucun-pul-teleb-olunur\\\/#primaryimage\"},\"image\":{\"@id\":\"https:\\\/\\\/www.meydan.tv\\\/az\\\/article\\\/sahibkar-avtobuslarda-dezinfeksiya-isleri-ucun-pul-teleb-olunur\\\/#primaryimage\"},\"thumbnailUrl\":\"https:\\\/\\\/www.meydan.tv\\\/wp-content\\\/uploads\\\/22035.jpg\",\"datePublished\":\"2020-03-19T16:00:24+00:00\",\"breadcrumb\":{\"@id\":\"https:\\\/\\\/www.meydan.tv\\\/az\\\/article\\\/sahibkar-avtobuslarda-dezinfeksiya-isleri-ucun-pul-teleb-olunur\\\/#breadcrumb\"},\"inLanguage\":\"az\",\"potentialAction\":[{\"@type\":\"ReadAction\",\"target\":[\"https:\\\/\\\/www.meydan.tv\\\/az\\\/article\\\/sahibkar-avtobuslarda-dezinfeksiya-isleri-ucun-pul-teleb-olunur\\\/\"]}]},{\"@type\":\"ImageObject\",\"inLanguage\":\"az\",\"@id\":\"https:\\\/\\\/www.meydan.tv\\\/az\\\/article\\\/sahibkar-avtobuslarda-dezinfeksiya-isleri-ucun-pul-teleb-olunur\\\/#primaryimage\",\"url\":\"https:\\\/\\\/www.meydan.tv\\\/wp-content\\\/uploads\\\/22035.jpg\",\"contentUrl\":\"https:\\\/\\\/www.meydan.tv\\\/wp-content\\\/uploads\\\/22035.jpg\",\"width\":1800,\"height\":1200,\"caption\":\"Source:\"},{\"@type\":\"BreadcrumbList\",\"@id\":\"https:\\\/\\\/www.meydan.tv\\\/az\\\/article\\\/sahibkar-avtobuslarda-dezinfeksiya-isleri-ucun-pul-teleb-olunur\\\/#breadcrumb\",\"itemListElement\":[{\"@type\":\"ListItem\",\"position\":1,\"name\":\"Ana s\u0259hif\u0259\",\"item\":\"https:\\\/\\\/www.meydan.tv\\\/az\\\/\"},{\"@type\":\"ListItem\",\"position\":2,\"name\":\"B\u00f6lg\u0259\",\"item\":\"https:\\\/\\\/www.meydan.tv\\\/az\\\/section\\\/bolge\\\/\"},{\"@type\":\"ListItem\",\"position\":3,\"name\":\"Sahibkar: Avtobuslarda dezinfeksiya i\u015fl\u0259ri \u00fc\u00e7\u00fcn pul t\u0259l\u0259b olunur\"}]},{\"@type\":\"WebSite\",\"@id\":\"https:\\\/\\\/www.meydan.tv\\\/az\\\/#website\",\"url\":\"https:\\\/\\\/www.meydan.tv\\\/az\\\/\",\"name\":\"MEYDAN.TV\",\"description\":\"Meydan TV Az\u0259rbaycan\u0131n media m\u0259kan\u0131ndak\u0131 alternativ s\u0259sidir\",\"publisher\":{\"@id\":\"https:\\\/\\\/www.meydan.tv\\\/az\\\/#organization\"},\"potentialAction\":[{\"@type\":\"SearchAction\",\"target\":{\"@type\":\"EntryPoint\",\"urlTemplate\":\"https:\\\/\\\/www.meydan.tv\\\/az\\\/?s={search_term_string}\"},\"query-input\":{\"@type\":\"PropertyValueSpecification\",\"valueRequired\":true,\"valueName\":\"search_term_string\"}}],\"inLanguage\":\"az\"},{\"@type\":\"Organization\",\"@id\":\"https:\\\/\\\/www.meydan.tv\\\/az\\\/#organization\",\"name\":\"Meydan TV\",\"url\":\"https:\\\/\\\/www.meydan.tv\\\/az\\\/\",\"logo\":{\"@type\":\"ImageObject\",\"inLanguage\":\"az\",\"@id\":\"https:\\\/\\\/www.meydan.tv\\\/az\\\/#\\\/schema\\\/logo\\\/image\\\/\",\"url\":\"https:\\\/\\\/www.meydan.tv\\\/wp-content\\\/uploads\\\/2021\\\/07\\\/meydan-logo.svg\",\"contentUrl\":\"https:\\\/\\\/www.meydan.tv\\\/wp-content\\\/uploads\\\/2021\\\/07\\\/meydan-logo.svg\",\"width\":195,\"height\":46,\"caption\":\"Meydan TV\"},\"image\":{\"@id\":\"https:\\\/\\\/www.meydan.tv\\\/az\\\/#\\\/schema\\\/logo\\\/image\\\/\"}},{\"@type\":\"Person\",\"@id\":\"https:\\\/\\\/www.meydan.tv\\\/az\\\/#\\\/schema\\\/person\\\/10d11eccf6da3662cf5fdab9806ea91a\",\"name\":\"user-manager\"}]}<\/script>\n<!-- \/ Yoast SEO plugin. -->","yoast_head_json":{"title":"Sahibkar: Avtobuslarda dezinfeksiya i\u015fl\u0259ri \u00fc\u00e7\u00fcn pul t\u0259l\u0259b olunur - MEYDAN.TV","robots":{"index":"index","follow":"follow","max-snippet":"max-snippet:-1","max-image-preview":"max-image-preview:large","max-video-preview":"max-video-preview:-1"},"canonical":"https:\/\/www.meydan.tv\/az\/article\/sahibkar-avtobuslarda-dezinfeksiya-isleri-ucun-pul-teleb-olunur\/","og_locale":"az_AZ","og_type":"article","og_title":"Sahibkar: Avtobuslarda dezinfeksiya i\u015fl\u0259ri \u00fc\u00e7\u00fcn pul t\u0259l\u0259b olunur - MEYDAN.TV","og_description":"R\u00f6yal R\u0259himovun dem\u0259sin\u0259 g\u00f6r\u0259, pul verm\u0259diyi \u00fc\u00e7\u00fcn 1 h\u0259ft\u0259dir ki, avtobuslar dezinfeklsiya olunmur","og_url":"https:\/\/www.meydan.tv\/az\/article\/sahibkar-avtobuslarda-dezinfeksiya-isleri-ucun-pul-teleb-olunur\/","og_site_name":"MEYDAN.TV","article_published_time":"2020-03-19T16:00:24+00:00","og_image":[{"width":1800,"height":1200,"url":"https:\/\/www.meydan.tv\/wp-content\/uploads\/22035.jpg","type":"image\/jpeg"}],"author":"user-manager","twitter_card":"summary_large_image","schema":{"@context":"https:\/\/schema.org","@graph":[{"@type":"Article","@id":"https:\/\/www.meydan.tv\/az\/article\/sahibkar-avtobuslarda-dezinfeksiya-isleri-ucun-pul-teleb-olunur\/#article","isPartOf":{"@id":"https:\/\/www.meydan.tv\/az\/article\/sahibkar-avtobuslarda-dezinfeksiya-isleri-ucun-pul-teleb-olunur\/"},"author":{"name":"user-manager","@id":"https:\/\/www.meydan.tv\/az\/#\/schema\/person\/10d11eccf6da3662cf5fdab9806ea91a"},"headline":"Sahibkar: Avtobuslarda dezinfeksiya i\u015fl\u0259ri \u00fc\u00e7\u00fcn pul t\u0259l\u0259b olunur","datePublished":"2020-03-19T16:00:24+00:00","mainEntityOfPage":{"@id":"https:\/\/www.meydan.tv\/az\/article\/sahibkar-avtobuslarda-dezinfeksiya-isleri-ucun-pul-teleb-olunur\/"},"wordCount":732,"publisher":{"@id":"https:\/\/www.meydan.tv\/az\/#organization"},"image":{"@id":"https:\/\/www.meydan.tv\/az\/article\/sahibkar-avtobuslarda-dezinfeksiya-isleri-ucun-pul-teleb-olunur\/#primaryimage"},"thumbnailUrl":"https:\/\/www.meydan.tv\/wp-content\/uploads\/22035.jpg","articleSection":["B\u00f6lg\u0259"],"inLanguage":"az"},{"@type":"WebPage","@id":"https:\/\/www.meydan.tv\/az\/article\/sahibkar-avtobuslarda-dezinfeksiya-isleri-ucun-pul-teleb-olunur\/","url":"https:\/\/www.meydan.tv\/az\/article\/sahibkar-avtobuslarda-dezinfeksiya-isleri-ucun-pul-teleb-olunur\/","name":"Sahibkar: Avtobuslarda dezinfeksiya i\u015fl\u0259ri \u00fc\u00e7\u00fcn pul t\u0259l\u0259b olunur - MEYDAN.TV","isPartOf":{"@id":"https:\/\/www.meydan.tv\/az\/#website"},"primaryImageOfPage":{"@id":"https:\/\/www.meydan.tv\/az\/article\/sahibkar-avtobuslarda-dezinfeksiya-isleri-ucun-pul-teleb-olunur\/#primaryimage"},"image":{"@id":"https:\/\/www.meydan.tv\/az\/article\/sahibkar-avtobuslarda-dezinfeksiya-isleri-ucun-pul-teleb-olunur\/#primaryimage"},"thumbnailUrl":"https:\/\/www.meydan.tv\/wp-content\/uploads\/22035.jpg","datePublished":"2020-03-19T16:00:24+00:00","breadcrumb":{"@id":"https:\/\/www.meydan.tv\/az\/article\/sahibkar-avtobuslarda-dezinfeksiya-isleri-ucun-pul-teleb-olunur\/#breadcrumb"},"inLanguage":"az","potentialAction":[{"@type":"ReadAction","target":["https:\/\/www.meydan.tv\/az\/article\/sahibkar-avtobuslarda-dezinfeksiya-isleri-ucun-pul-teleb-olunur\/"]}]},{"@type":"ImageObject","inLanguage":"az","@id":"https:\/\/www.meydan.tv\/az\/article\/sahibkar-avtobuslarda-dezinfeksiya-isleri-ucun-pul-teleb-olunur\/#primaryimage","url":"https:\/\/www.meydan.tv\/wp-content\/uploads\/22035.jpg","contentUrl":"https:\/\/www.meydan.tv\/wp-content\/uploads\/22035.jpg","width":1800,"height":1200,"caption":"Source:"},{"@type":"BreadcrumbList","@id":"https:\/\/www.meydan.tv\/az\/article\/sahibkar-avtobuslarda-dezinfeksiya-isleri-ucun-pul-teleb-olunur\/#breadcrumb","itemListElement":[{"@type":"ListItem","position":1,"name":"Ana s\u0259hif\u0259","item":"https:\/\/www.meydan.tv\/az\/"},{"@type":"ListItem","position":2,"name":"B\u00f6lg\u0259","item":"https:\/\/www.meydan.tv\/az\/section\/bolge\/"},{"@type":"ListItem","position":3,"name":"Sahibkar: Avtobuslarda dezinfeksiya i\u015fl\u0259ri \u00fc\u00e7\u00fcn pul t\u0259l\u0259b olunur"}]},{"@type":"WebSite","@id":"https:\/\/www.meydan.tv\/az\/#website","url":"https:\/\/www.meydan.tv\/az\/","name":"MEYDAN.TV","description":"Meydan TV Az\u0259rbaycan\u0131n media m\u0259kan\u0131ndak\u0131 alternativ s\u0259sidir","publisher":{"@id":"https:\/\/www.meydan.tv\/az\/#organization"},"potentialAction":[{"@type":"SearchAction","target":{"@type":"EntryPoint","urlTemplate":"https:\/\/www.meydan.tv\/az\/?s={search_term_string}"},"query-input":{"@type":"PropertyValueSpecification","valueRequired":true,"valueName":"search_term_string"}}],"inLanguage":"az"},{"@type":"Organization","@id":"https:\/\/www.meydan.tv\/az\/#organization","name":"Meydan TV","url":"https:\/\/www.meydan.tv\/az\/","logo":{"@type":"ImageObject","inLanguage":"az","@id":"https:\/\/www.meydan.tv\/az\/#\/schema\/logo\/image\/","url":"https:\/\/www.meydan.tv\/wp-content\/uploads\/2021\/07\/meydan-logo.svg","contentUrl":"https:\/\/www.meydan.tv\/wp-content\/uploads\/2021\/07\/meydan-logo.svg","width":195,"height":46,"caption":"Meydan TV"},"image":{"@id":"https:\/\/www.meydan.tv\/az\/#\/schema\/logo\/image\/"}},{"@type":"Person","@id":"https:\/\/www.meydan.tv\/az\/#\/schema\/person\/10d11eccf6da3662cf5fdab9806ea91a","name":"user-manager"}]}},"_links":{"self":[{"href":"https:\/\/www.meydan.tv\/az\/wp-json\/wp\/v2\/posts\/199765","targetHints":{"allow":["GET"]}}],"collection":[{"href":"https:\/\/www.meydan.tv\/az\/wp-json\/wp\/v2\/posts"}],"about":[{"href":"https:\/\/www.meydan.tv\/az\/wp-json\/wp\/v2\/types\/post"}],"author":[{"embeddable":true,"href":"https:\/\/www.meydan.tv\/az\/wp-json\/wp\/v2\/users\/11"}],"replies":[{"embeddable":true,"href":"https:\/\/www.meydan.tv\/az\/wp-json\/wp\/v2\/comments?post=199765"}],"version-history":[{"count":0,"href":"https:\/\/www.meydan.tv\/az\/wp-json\/wp\/v2\/posts\/199765\/revisions"}],"wp:featuredmedia":[{"embeddable":true,"href":"https:\/\/www.meydan.tv\/az\/wp-json\/wp\/v2\/media\/58157"}],"wp:attachment":[{"href":"https:\/\/www.meydan.tv\/az\/wp-json\/wp\/v2\/media?parent=199765"}],"wp:term":[{"taxonomy":"category","embeddable":true,"href":"https:\/\/www.meydan.tv\/az\/wp-json\/wp\/v2\/categories?post=199765"},{"taxonomy":"post_tag","embeddable":true,"href":"https:\/\/www.meydan.tv\/az\/wp-json\/wp\/v2\/tags?post=199765"}],"curies":[{"name":"wp","href":"https:\/\/api.w.org\/{rel}","templated":true}]}}