{"id":199760,"date":"2020-03-19T12:46:55","date_gmt":"2020-03-19T12:46:55","guid":{"rendered":"https:\/\/www.meydan.tv\/article\/qamis-evde-yasayan-aile-hokumete-seslenir-bize-verin\/"},"modified":"2020-03-19T12:46:55","modified_gmt":"2020-03-19T12:46:55","slug":"qamis-evde-yasayan-aile-hokumete-seslenir-bize-verin","status":"publish","type":"post","link":"https:\/\/www.meydan.tv\/az\/article\/qamis-evde-yasayan-aile-hokumete-seslenir-bize-verin\/","title":{"rendered":"Qam\u0131\u015f evd\u0259 ya\u015fayan ail\u0259 h\u00f6kum\u0259t\u0259 s\u0259sl\u0259nir: Biz\u0259 i\u015f verin"},"content":{"rendered":"<p>\n  <i><br \/>\n    Saatl\u0131 sakini \u00dclk\u0259r \u018fliyeva \u00f6z\u00fcn\u0259 i\u015f tapm\u0131r, h\u0259yat yolda\u015f\u0131 is\u0259 x\u0259st\u0259liy\u0259 g\u00f6r\u0259 \u0259m\u0259k f\u0259aliyy\u0259ti il\u0259 m\u0259\u015f\u011ful ola bilmir<br \/>\n  <\/i>\n<\/p>\n<p>\n  \u201cD\u00f6\u015f\u0259m\u0259 o q\u0259d\u0259r \u00e7\u00fcr\u00fcy\u00fcb ki, \u00fcst\u00fcnd\u0259 g\u0259z\u0259 bilmirik. Yer\u0259 d\u0259mirl\u0259r b\u0259rkitmi\u015fik ki, aya\u011f\u0131m\u0131z d\u00f6\u015f\u0259m\u0259nin aras\u0131na d\u00fc\u015f\u00fcb yaralanmas\u0131n. Ev ba\u015f\u0131m\u0131za \u00e7\u00f6k\u00fcr, ac, susuz, i\u015f yox, \u00e7\u00f6r\u0259k yox, nec\u0259 ya\u015fayaq, bilmirik\u201d.\n<\/p>\n<p>\n  <b><br \/>\n    \u0130\u015fsiz, \u00e7ar\u0259siz v\u0259t\u0259nda\u015f<br \/>\n  <\/b>\n<\/p>\n<p>\n  Saatl\u0131 sakini \u00dclk\u0259r \u018fliyeva i\u015fsiz v\u0259 \u00e7ar\u0259sizdir. O, xan\u0131m\u0131 oldu\u011fu 4 n\u0259f\u0259rlik ail\u0259nin dolan\u0131\u015f\u0131\u011f\u0131ndan gileylidir.\n<\/p>\n<p>\n  \u00dclk\u0259r xan\u0131m dan\u0131\u015f\u0131r ki, h\u0259yat yolda\u015f\u0131 ruhi x\u0259st\u0259dir, \u0259m\u0259k f\u0259aliyy\u0259ti il\u0259 m\u0259\u015f\u011ful ola bilmir. Bu s\u0259b\u0259bd\u0259n d\u0259 ail\u0259nin y\u00fck\u00fc onun \u00e7iyinl\u0259rin\u0259 d\u00fc\u015f\u00fcb. Ancaq \u00dclk\u0259r xan\u0131m uzun m\u00fcdd\u0259tdir ki, bu y\u00fck\u00fc bir yer\u0259 \u00e7\u0131xarmaq \u00fc\u00e7\u00fcn \u00f6z\u00fcn\u0259 m\u00fcnasib bir i\u015f tapa bilmir:\n<\/p>\n<p>\n  \u201cD\u0259f\u0259l\u0259rl\u0259 Saatl\u0131 Rayon \u0130cra Hakimiyy\u0259tind\u0259, rayondak\u0131 M\u0259\u015f\u011fulluq M\u0259rk\u0259zind\u0259 olmu\u015fam. Konkret deyirl\u0259r ki, bizd\u0259 i\u015f yoxdur. B\u0259s v\u0259t\u0259nda\u015f nec\u0259 ya\u015fas\u0131n? V\u0259t\u0259nda\u015f\u0131 kim d\u00fc\u015f\u00fcns\u00fcn? H\u0259yat yolda\u015f\u0131m\u0131n x\u0259st\u0259liyin\u0259 g\u00f6r\u0259 ald\u0131\u011f\u0131 pensiyas\u0131 he\u00e7 d\u0259rmanlar\u0131na \u00e7atm\u0131r. Valideynl\u0259rim aradabir k\u00f6m\u0259k etm\u0259s\u0259l\u0259r, \u00e7oxdan ac\u0131ndan \u00f6lm\u00fc\u015fd\u00fck. Valideynl\u0259rim d\u0259 pensiya\u00e7\u0131d\u0131lar, pensiyalar\u0131n\u0131 \u00f6m\u00fcrl\u0259rinin sonunad\u0259k biz\u0259 x\u0259rcl\u0259m\u0259li deyill\u0259r, onlar\u0131n da \u00f6z qay\u011f\u0131lar\u0131 var. \u0130kisi d\u0259 x\u0259st\u0259dir, biri \u00fcr\u0259yind\u0259n, biri \u015f\u0259k\u0259rd\u0259n \u0259ziyy\u0259t \u00e7\u0259kir, onlar\u0131n biz\u0259 \u00e7\u00f6r\u0259k ver\u0259n vaxt\u0131 deyil\u201d.\n<\/p>\n<figure class=\"wp-block-image size-large\">\n  <img decoding=\"async\" src=\"https:\/\/www.meydan.tv\/az\/image_from_ios-2-jpg-131\/\" alt=\"image_from_ios (2).jpg\" class=\"wp-image-139161\"\/><figcaption>\n    &#8220;B\u0259s v\u0259t\u0259nda\u015f nec\u0259 ya\u015fas\u0131n?&#8221;<br \/>\n  <\/figcaption><\/figure>\n<p>\n  <b><br \/>\n    \u201cT\u0259hsil\u0259 h\u0259v\u0259slidil\u0259r, ancaq oxutma\u011fa imkan yoxdur\u201d<br \/>\n  <\/b>\n<\/p>\n<p>\n  \u00dclk\u0259r xan\u0131m h\u0259r iki \u00f6vlad\u0131n\u0131n t\u0259hsil\u0259 h\u0259v\u0259s g\u00f6st\u0259rm\u0259sind\u0259n sevinir, ancaq u\u015faqlar\u0131n t\u0259hsill\u0259rini davam etdirm\u0259y\u0259 maddi imkanlar\u0131n\u0131n olmamas\u0131ndan \u00fcz\u00fcl\u00fcr:\n<\/p>\n<p>\n  \u201cO\u011flumun 19 ya\u015f\u0131 var, t\u0259l\u0259b\u0259dir, ancaq imkans\u0131zl\u0131qdan d\u0259rsl\u0259ri il\u0259 ist\u0259diyi kimi m\u0259\u015f\u011ful ola bilmir. D\u0259rs v\u0259saitl\u0259rini ala bilmir, t\u0259l\u0259b\u0259 olaraq ba\u015fqa maddi t\u0259l\u0259bl\u0259rini \u00f6d\u0259y\u0259 bilmir. Q\u0131z\u0131m\u0131n 17 ya\u015f\u0131 var, o da ali m\u0259kt\u0259b\u0259 haz\u0131rla\u015f\u0131r. Ancaq aya\u011f\u0131nda ayaqqab\u0131s\u0131 da yoxdur. Haz\u0131rla\u015fmas\u0131 \u00fc\u00e7\u00fcn laz\u0131m olan d\u0259rs v\u0259saitl\u0259rini ala bilmirik. Bu u\u015faqlar qar\u0131ndolusu yem\u0259k yemirl\u0259r, \u0259yinl\u0259rin\u0259 paltar, ayaqlar\u0131na ayaqqab\u0131 ala bilmir\u0259m, m\u0259n bu u\u015faqlar\u0131 nec\u0259 oxudum?\u201d\n<\/p>\n<p>\n  <b><br \/>\n    Qam\u0131\u015f ev<br \/>\n  <\/b>\n<\/p>\n<p>\n  Daha bir problem ail\u0259nin ya\u015fad\u0131\u011f\u0131 evl\u0259 ba\u011fl\u0131d\u0131r. \u00dclk\u0259r \u018fliyevan\u0131n s\u00f6zl\u0259rin\u0259 g\u00f6r\u0259, ill\u0259r \u0259vv\u0259l qam\u0131\u015fdan h\u00f6r\u00fclm\u00fc\u015f v\u0259 taxta dayaqlar\u0131n \u00fcst\u00fcnd\u0259 dayanan ev ba\u015flar\u0131na u\u00e7ur:\n<\/p>\n<p>\n  \u201cBax, bu qam\u0131\u015f\u0131n i\u00e7ind\u0259 ya\u015fay\u0131r\u0131q. \u00c7ar\u0259sizlikd\u0259n ill\u0259r \u0259vv\u0259l qam\u0131\u015fdan otaq h\u00f6r\u00fcb girmi\u015fik i\u00e7in\u0259. Hamam da qam\u0131\u015fdan idi, da\u011f\u0131l\u0131b. D\u00f6\u015f\u0259m\u0259nin da\u011f\u0131lan hiss\u0259l\u0259rini d\u0259mir, taxta par\u00e7alar\u0131yla ba\u011flam\u0131\u015f\u0131q ki, aya\u011f\u0131m\u0131z i\u00e7in\u0259 d\u00fc\u015fm\u0259sin. 21-ci \u0259srd\u0259 neft \u00f6lk\u0259sinin v\u0259t\u0259nda\u015flar\u0131 qam\u0131\u015f\u0131n i\u00e7ind\u0259 ya\u015fay\u0131r. V\u0259ziyy\u0259t budur. H\u00f6kum\u0259td\u0259n k\u00f6m\u0259k, i\u015f ist\u0259yirik, dolan\u0131\u015f\u0131q ist\u0259yirik, i\u015fimiz, maa\u015f\u0131m\u0131z olsun ki, dolan\u0131\u015f\u0131\u011f\u0131m\u0131z\u0131 t\u0259min ed\u0259k, u\u015faqlar\u0131m\u0131z\u0131 oxudaq, evimizi abad el\u0259y\u0259k, dava-d\u0259rman\u0131m\u0131z\u0131 ala bil\u0259k\u201d.\n<\/p>\n<p>\n  Saatl\u0131 Rayon \u0130cra Hakimiyy\u0259tind\u0259n bildirilib ki, qurumun ail\u0259y\u0259 yard\u0131m etm\u0259k kimi n\u0259 v\u0259zif\u0259si, n\u0259 d\u0259 imkan\u0131 yoxdur: \u201c\u00dclk\u0259r \u018fliyeva i\u015f \u00fc\u00e7\u00fcn M\u0259\u015f\u011fulluq M\u0259rk\u0259zin\u0259, h\u0259r hans\u0131 \u015f\u0259kild\u0259 sosial yard\u0131m\u0131n g\u00f6st\u0259rilm\u0259si \u00fc\u00e7\u00fcn \u018fm\u0259k v\u0259 \u018fhalinin Sosial M\u00fcdafi\u0259si Nazirliyin\u0259 m\u00fcraci\u0259t etm\u0259lidir. \u201cDOST\u201d \u0130\u015f M\u0259rk\u0259zi var, \u00f6z\u00fcn\u0259m\u0259\u015f\u011fulluq proqram\u0131 var, xan\u0131m m\u00fcraci\u0259t etsin, y\u0259qin ki, uy\u011fun i\u015f t\u0259klif olunar\u201d.\n<\/p>\n<figure class=\"wp-block-image size-large\">\n  <img decoding=\"async\" src=\"https:\/\/www.meydan.tv\/az\/image_from_ios-jpg-160\/\" alt=\"image_from_ios.jpg\" class=\"wp-image-139155\"\/><figcaption>\n    &#8220;\u00c7ar\u0259sizlikd\u0259n ill\u0259r \u0259vv\u0259l qam\u0131\u015fdan otaq h\u00f6r\u00fcb girmi\u015fik i\u00e7in\u0259&#8221;<br \/>\n  <\/figcaption><\/figure>\n","protected":false},"excerpt":{"rendered":"<p>&#8220;Valideynl\u0259rim aradabir k\u00f6m\u0259k etm\u0259s\u0259l\u0259r, \u00e7oxdan ac\u0131ndan \u00f6lm\u00fc\u015fd\u00fck&#8221;<\/p>\n","protected":false},"author":11,"featured_media":139158,"comment_status":"closed","ping_status":"open","sticky":false,"template":"","format":"standard","meta":{"_acf_changed":false,"_sitemap_exclude":false,"_sitemap_priority":"","_sitemap_frequency":"","footnotes":""},"categories":[60],"tags":[],"class_list":["post-199760","post","type-post","status-publish","format-standard","has-post-thumbnail","hentry","category-bolge","infinite-scroll-item","generate-columns","tablet-grid-50","mobile-grid-100","grid-parent","grid-33","no-featured-image-padding"],"acf":[],"yoast_head":"<!-- This site is optimized with the Yoast SEO plugin v27.5 - https:\/\/yoast.com\/product\/yoast-seo-wordpress\/ -->\n<title>Qam\u0131\u015f evd\u0259 ya\u015fayan ail\u0259 h\u00f6kum\u0259t\u0259 s\u0259sl\u0259nir: Biz\u0259 i\u015f verin - MEYDAN.TV<\/title>\n<meta name=\"robots\" content=\"index, follow, max-snippet:-1, max-image-preview:large, max-video-preview:-1\" \/>\n<link rel=\"canonical\" href=\"https:\/\/www.meydan.tv\/az\/article\/qamis-evde-yasayan-aile-hokumete-seslenir-bize-verin\/\" \/>\n<meta property=\"og:locale\" content=\"az_AZ\" \/>\n<meta property=\"og:type\" content=\"article\" \/>\n<meta property=\"og:title\" content=\"Qam\u0131\u015f evd\u0259 ya\u015fayan ail\u0259 h\u00f6kum\u0259t\u0259 s\u0259sl\u0259nir: Biz\u0259 i\u015f verin - MEYDAN.TV\" \/>\n<meta property=\"og:description\" content=\"&quot;Valideynl\u0259rim aradabir k\u00f6m\u0259k etm\u0259s\u0259l\u0259r, \u00e7oxdan ac\u0131ndan \u00f6lm\u00fc\u015fd\u00fck&quot;\" \/>\n<meta property=\"og:url\" content=\"https:\/\/www.meydan.tv\/az\/article\/qamis-evde-yasayan-aile-hokumete-seslenir-bize-verin\/\" \/>\n<meta property=\"og:site_name\" content=\"MEYDAN.TV\" \/>\n<meta property=\"article:published_time\" content=\"2020-03-19T12:46:55+00:00\" \/>\n<meta property=\"og:image\" content=\"https:\/\/www.meydan.tv\/wp-content\/uploads\/image_from_ios_1_xvp4bta.jpg\" \/>\n\t<meta property=\"og:image:width\" content=\"1000\" \/>\n\t<meta property=\"og:image:height\" content=\"750\" \/>\n\t<meta property=\"og:image:type\" content=\"image\/jpeg\" \/>\n<meta name=\"author\" content=\"user-manager\" \/>\n<meta name=\"twitter:card\" content=\"summary_large_image\" \/>\n<script type=\"application\/ld+json\" class=\"yoast-schema-graph\">{\"@context\":\"https:\\\/\\\/schema.org\",\"@graph\":[{\"@type\":\"Article\",\"@id\":\"https:\\\/\\\/www.meydan.tv\\\/az\\\/article\\\/qamis-evde-yasayan-aile-hokumete-seslenir-bize-verin\\\/#article\",\"isPartOf\":{\"@id\":\"https:\\\/\\\/www.meydan.tv\\\/az\\\/article\\\/qamis-evde-yasayan-aile-hokumete-seslenir-bize-verin\\\/\"},\"author\":{\"name\":\"user-manager\",\"@id\":\"https:\\\/\\\/www.meydan.tv\\\/az\\\/#\\\/schema\\\/person\\\/10d11eccf6da3662cf5fdab9806ea91a\"},\"headline\":\"Qam\u0131\u015f evd\u0259 ya\u015fayan ail\u0259 h\u00f6kum\u0259t\u0259 s\u0259sl\u0259nir: Biz\u0259 i\u015f verin\",\"datePublished\":\"2020-03-19T12:46:55+00:00\",\"mainEntityOfPage\":{\"@id\":\"https:\\\/\\\/www.meydan.tv\\\/az\\\/article\\\/qamis-evde-yasayan-aile-hokumete-seslenir-bize-verin\\\/\"},\"wordCount\":754,\"publisher\":{\"@id\":\"https:\\\/\\\/www.meydan.tv\\\/az\\\/#organization\"},\"image\":{\"@id\":\"https:\\\/\\\/www.meydan.tv\\\/az\\\/article\\\/qamis-evde-yasayan-aile-hokumete-seslenir-bize-verin\\\/#primaryimage\"},\"thumbnailUrl\":\"https:\\\/\\\/www.meydan.tv\\\/wp-content\\\/uploads\\\/image_from_ios_1_xvp4bta.jpg\",\"articleSection\":[\"B\u00f6lg\u0259\"],\"inLanguage\":\"az\"},{\"@type\":\"WebPage\",\"@id\":\"https:\\\/\\\/www.meydan.tv\\\/az\\\/article\\\/qamis-evde-yasayan-aile-hokumete-seslenir-bize-verin\\\/\",\"url\":\"https:\\\/\\\/www.meydan.tv\\\/az\\\/article\\\/qamis-evde-yasayan-aile-hokumete-seslenir-bize-verin\\\/\",\"name\":\"Qam\u0131\u015f evd\u0259 ya\u015fayan ail\u0259 h\u00f6kum\u0259t\u0259 s\u0259sl\u0259nir: Biz\u0259 i\u015f verin - MEYDAN.TV\",\"isPartOf\":{\"@id\":\"https:\\\/\\\/www.meydan.tv\\\/az\\\/#website\"},\"primaryImageOfPage\":{\"@id\":\"https:\\\/\\\/www.meydan.tv\\\/az\\\/article\\\/qamis-evde-yasayan-aile-hokumete-seslenir-bize-verin\\\/#primaryimage\"},\"image\":{\"@id\":\"https:\\\/\\\/www.meydan.tv\\\/az\\\/article\\\/qamis-evde-yasayan-aile-hokumete-seslenir-bize-verin\\\/#primaryimage\"},\"thumbnailUrl\":\"https:\\\/\\\/www.meydan.tv\\\/wp-content\\\/uploads\\\/image_from_ios_1_xvp4bta.jpg\",\"datePublished\":\"2020-03-19T12:46:55+00:00\",\"breadcrumb\":{\"@id\":\"https:\\\/\\\/www.meydan.tv\\\/az\\\/article\\\/qamis-evde-yasayan-aile-hokumete-seslenir-bize-verin\\\/#breadcrumb\"},\"inLanguage\":\"az\",\"potentialAction\":[{\"@type\":\"ReadAction\",\"target\":[\"https:\\\/\\\/www.meydan.tv\\\/az\\\/article\\\/qamis-evde-yasayan-aile-hokumete-seslenir-bize-verin\\\/\"]}]},{\"@type\":\"ImageObject\",\"inLanguage\":\"az\",\"@id\":\"https:\\\/\\\/www.meydan.tv\\\/az\\\/article\\\/qamis-evde-yasayan-aile-hokumete-seslenir-bize-verin\\\/#primaryimage\",\"url\":\"https:\\\/\\\/www.meydan.tv\\\/wp-content\\\/uploads\\\/image_from_ios_1_xvp4bta.jpg\",\"contentUrl\":\"https:\\\/\\\/www.meydan.tv\\\/wp-content\\\/uploads\\\/image_from_ios_1_xvp4bta.jpg\",\"width\":1000,\"height\":750,\"caption\":\"Source: Specify Source\"},{\"@type\":\"BreadcrumbList\",\"@id\":\"https:\\\/\\\/www.meydan.tv\\\/az\\\/article\\\/qamis-evde-yasayan-aile-hokumete-seslenir-bize-verin\\\/#breadcrumb\",\"itemListElement\":[{\"@type\":\"ListItem\",\"position\":1,\"name\":\"Ana s\u0259hif\u0259\",\"item\":\"https:\\\/\\\/www.meydan.tv\\\/az\\\/\"},{\"@type\":\"ListItem\",\"position\":2,\"name\":\"B\u00f6lg\u0259\",\"item\":\"https:\\\/\\\/www.meydan.tv\\\/az\\\/section\\\/bolge\\\/\"},{\"@type\":\"ListItem\",\"position\":3,\"name\":\"Qam\u0131\u015f evd\u0259 ya\u015fayan ail\u0259 h\u00f6kum\u0259t\u0259 s\u0259sl\u0259nir: Biz\u0259 i\u015f verin\"}]},{\"@type\":\"WebSite\",\"@id\":\"https:\\\/\\\/www.meydan.tv\\\/az\\\/#website\",\"url\":\"https:\\\/\\\/www.meydan.tv\\\/az\\\/\",\"name\":\"MEYDAN.TV\",\"description\":\"Meydan TV Az\u0259rbaycan\u0131n media m\u0259kan\u0131ndak\u0131 alternativ s\u0259sidir\",\"publisher\":{\"@id\":\"https:\\\/\\\/www.meydan.tv\\\/az\\\/#organization\"},\"potentialAction\":[{\"@type\":\"SearchAction\",\"target\":{\"@type\":\"EntryPoint\",\"urlTemplate\":\"https:\\\/\\\/www.meydan.tv\\\/az\\\/?s={search_term_string}\"},\"query-input\":{\"@type\":\"PropertyValueSpecification\",\"valueRequired\":true,\"valueName\":\"search_term_string\"}}],\"inLanguage\":\"az\"},{\"@type\":\"Organization\",\"@id\":\"https:\\\/\\\/www.meydan.tv\\\/az\\\/#organization\",\"name\":\"Meydan TV\",\"url\":\"https:\\\/\\\/www.meydan.tv\\\/az\\\/\",\"logo\":{\"@type\":\"ImageObject\",\"inLanguage\":\"az\",\"@id\":\"https:\\\/\\\/www.meydan.tv\\\/az\\\/#\\\/schema\\\/logo\\\/image\\\/\",\"url\":\"https:\\\/\\\/www.meydan.tv\\\/wp-content\\\/uploads\\\/2021\\\/07\\\/meydan-logo.svg\",\"contentUrl\":\"https:\\\/\\\/www.meydan.tv\\\/wp-content\\\/uploads\\\/2021\\\/07\\\/meydan-logo.svg\",\"width\":195,\"height\":46,\"caption\":\"Meydan TV\"},\"image\":{\"@id\":\"https:\\\/\\\/www.meydan.tv\\\/az\\\/#\\\/schema\\\/logo\\\/image\\\/\"}},{\"@type\":\"Person\",\"@id\":\"https:\\\/\\\/www.meydan.tv\\\/az\\\/#\\\/schema\\\/person\\\/10d11eccf6da3662cf5fdab9806ea91a\",\"name\":\"user-manager\"}]}<\/script>\n<!-- \/ Yoast SEO plugin. -->","yoast_head_json":{"title":"Qam\u0131\u015f evd\u0259 ya\u015fayan ail\u0259 h\u00f6kum\u0259t\u0259 s\u0259sl\u0259nir: Biz\u0259 i\u015f verin - MEYDAN.TV","robots":{"index":"index","follow":"follow","max-snippet":"max-snippet:-1","max-image-preview":"max-image-preview:large","max-video-preview":"max-video-preview:-1"},"canonical":"https:\/\/www.meydan.tv\/az\/article\/qamis-evde-yasayan-aile-hokumete-seslenir-bize-verin\/","og_locale":"az_AZ","og_type":"article","og_title":"Qam\u0131\u015f evd\u0259 ya\u015fayan ail\u0259 h\u00f6kum\u0259t\u0259 s\u0259sl\u0259nir: Biz\u0259 i\u015f verin - MEYDAN.TV","og_description":"\"Valideynl\u0259rim aradabir k\u00f6m\u0259k etm\u0259s\u0259l\u0259r, \u00e7oxdan ac\u0131ndan \u00f6lm\u00fc\u015fd\u00fck\"","og_url":"https:\/\/www.meydan.tv\/az\/article\/qamis-evde-yasayan-aile-hokumete-seslenir-bize-verin\/","og_site_name":"MEYDAN.TV","article_published_time":"2020-03-19T12:46:55+00:00","og_image":[{"width":1000,"height":750,"url":"https:\/\/www.meydan.tv\/wp-content\/uploads\/image_from_ios_1_xvp4bta.jpg","type":"image\/jpeg"}],"author":"user-manager","twitter_card":"summary_large_image","schema":{"@context":"https:\/\/schema.org","@graph":[{"@type":"Article","@id":"https:\/\/www.meydan.tv\/az\/article\/qamis-evde-yasayan-aile-hokumete-seslenir-bize-verin\/#article","isPartOf":{"@id":"https:\/\/www.meydan.tv\/az\/article\/qamis-evde-yasayan-aile-hokumete-seslenir-bize-verin\/"},"author":{"name":"user-manager","@id":"https:\/\/www.meydan.tv\/az\/#\/schema\/person\/10d11eccf6da3662cf5fdab9806ea91a"},"headline":"Qam\u0131\u015f evd\u0259 ya\u015fayan ail\u0259 h\u00f6kum\u0259t\u0259 s\u0259sl\u0259nir: Biz\u0259 i\u015f verin","datePublished":"2020-03-19T12:46:55+00:00","mainEntityOfPage":{"@id":"https:\/\/www.meydan.tv\/az\/article\/qamis-evde-yasayan-aile-hokumete-seslenir-bize-verin\/"},"wordCount":754,"publisher":{"@id":"https:\/\/www.meydan.tv\/az\/#organization"},"image":{"@id":"https:\/\/www.meydan.tv\/az\/article\/qamis-evde-yasayan-aile-hokumete-seslenir-bize-verin\/#primaryimage"},"thumbnailUrl":"https:\/\/www.meydan.tv\/wp-content\/uploads\/image_from_ios_1_xvp4bta.jpg","articleSection":["B\u00f6lg\u0259"],"inLanguage":"az"},{"@type":"WebPage","@id":"https:\/\/www.meydan.tv\/az\/article\/qamis-evde-yasayan-aile-hokumete-seslenir-bize-verin\/","url":"https:\/\/www.meydan.tv\/az\/article\/qamis-evde-yasayan-aile-hokumete-seslenir-bize-verin\/","name":"Qam\u0131\u015f evd\u0259 ya\u015fayan ail\u0259 h\u00f6kum\u0259t\u0259 s\u0259sl\u0259nir: Biz\u0259 i\u015f verin - MEYDAN.TV","isPartOf":{"@id":"https:\/\/www.meydan.tv\/az\/#website"},"primaryImageOfPage":{"@id":"https:\/\/www.meydan.tv\/az\/article\/qamis-evde-yasayan-aile-hokumete-seslenir-bize-verin\/#primaryimage"},"image":{"@id":"https:\/\/www.meydan.tv\/az\/article\/qamis-evde-yasayan-aile-hokumete-seslenir-bize-verin\/#primaryimage"},"thumbnailUrl":"https:\/\/www.meydan.tv\/wp-content\/uploads\/image_from_ios_1_xvp4bta.jpg","datePublished":"2020-03-19T12:46:55+00:00","breadcrumb":{"@id":"https:\/\/www.meydan.tv\/az\/article\/qamis-evde-yasayan-aile-hokumete-seslenir-bize-verin\/#breadcrumb"},"inLanguage":"az","potentialAction":[{"@type":"ReadAction","target":["https:\/\/www.meydan.tv\/az\/article\/qamis-evde-yasayan-aile-hokumete-seslenir-bize-verin\/"]}]},{"@type":"ImageObject","inLanguage":"az","@id":"https:\/\/www.meydan.tv\/az\/article\/qamis-evde-yasayan-aile-hokumete-seslenir-bize-verin\/#primaryimage","url":"https:\/\/www.meydan.tv\/wp-content\/uploads\/image_from_ios_1_xvp4bta.jpg","contentUrl":"https:\/\/www.meydan.tv\/wp-content\/uploads\/image_from_ios_1_xvp4bta.jpg","width":1000,"height":750,"caption":"Source: Specify Source"},{"@type":"BreadcrumbList","@id":"https:\/\/www.meydan.tv\/az\/article\/qamis-evde-yasayan-aile-hokumete-seslenir-bize-verin\/#breadcrumb","itemListElement":[{"@type":"ListItem","position":1,"name":"Ana s\u0259hif\u0259","item":"https:\/\/www.meydan.tv\/az\/"},{"@type":"ListItem","position":2,"name":"B\u00f6lg\u0259","item":"https:\/\/www.meydan.tv\/az\/section\/bolge\/"},{"@type":"ListItem","position":3,"name":"Qam\u0131\u015f evd\u0259 ya\u015fayan ail\u0259 h\u00f6kum\u0259t\u0259 s\u0259sl\u0259nir: Biz\u0259 i\u015f verin"}]},{"@type":"WebSite","@id":"https:\/\/www.meydan.tv\/az\/#website","url":"https:\/\/www.meydan.tv\/az\/","name":"MEYDAN.TV","description":"Meydan TV Az\u0259rbaycan\u0131n media m\u0259kan\u0131ndak\u0131 alternativ s\u0259sidir","publisher":{"@id":"https:\/\/www.meydan.tv\/az\/#organization"},"potentialAction":[{"@type":"SearchAction","target":{"@type":"EntryPoint","urlTemplate":"https:\/\/www.meydan.tv\/az\/?s={search_term_string}"},"query-input":{"@type":"PropertyValueSpecification","valueRequired":true,"valueName":"search_term_string"}}],"inLanguage":"az"},{"@type":"Organization","@id":"https:\/\/www.meydan.tv\/az\/#organization","name":"Meydan TV","url":"https:\/\/www.meydan.tv\/az\/","logo":{"@type":"ImageObject","inLanguage":"az","@id":"https:\/\/www.meydan.tv\/az\/#\/schema\/logo\/image\/","url":"https:\/\/www.meydan.tv\/wp-content\/uploads\/2021\/07\/meydan-logo.svg","contentUrl":"https:\/\/www.meydan.tv\/wp-content\/uploads\/2021\/07\/meydan-logo.svg","width":195,"height":46,"caption":"Meydan TV"},"image":{"@id":"https:\/\/www.meydan.tv\/az\/#\/schema\/logo\/image\/"}},{"@type":"Person","@id":"https:\/\/www.meydan.tv\/az\/#\/schema\/person\/10d11eccf6da3662cf5fdab9806ea91a","name":"user-manager"}]}},"_links":{"self":[{"href":"https:\/\/www.meydan.tv\/az\/wp-json\/wp\/v2\/posts\/199760","targetHints":{"allow":["GET"]}}],"collection":[{"href":"https:\/\/www.meydan.tv\/az\/wp-json\/wp\/v2\/posts"}],"about":[{"href":"https:\/\/www.meydan.tv\/az\/wp-json\/wp\/v2\/types\/post"}],"author":[{"embeddable":true,"href":"https:\/\/www.meydan.tv\/az\/wp-json\/wp\/v2\/users\/11"}],"replies":[{"embeddable":true,"href":"https:\/\/www.meydan.tv\/az\/wp-json\/wp\/v2\/comments?post=199760"}],"version-history":[{"count":0,"href":"https:\/\/www.meydan.tv\/az\/wp-json\/wp\/v2\/posts\/199760\/revisions"}],"wp:featuredmedia":[{"embeddable":true,"href":"https:\/\/www.meydan.tv\/az\/wp-json\/wp\/v2\/media\/139158"}],"wp:attachment":[{"href":"https:\/\/www.meydan.tv\/az\/wp-json\/wp\/v2\/media?parent=199760"}],"wp:term":[{"taxonomy":"category","embeddable":true,"href":"https:\/\/www.meydan.tv\/az\/wp-json\/wp\/v2\/categories?post=199760"},{"taxonomy":"post_tag","embeddable":true,"href":"https:\/\/www.meydan.tv\/az\/wp-json\/wp\/v2\/tags?post=199760"}],"curies":[{"name":"wp","href":"https:\/\/api.w.org\/{rel}","templated":true}]}}