{"id":199748,"date":"2020-03-18T15:27:01","date_gmt":"2020-03-18T15:27:01","guid":{"rendered":"https:\/\/www.meydan.tv\/article\/eurovision-2020-texire-dusdu\/"},"modified":"2020-03-18T15:27:01","modified_gmt":"2020-03-18T15:27:01","slug":"eurovision-2020-texire-dusdu","status":"publish","type":"post","link":"https:\/\/www.meydan.tv\/az\/article\/eurovision-2020-texire-dusdu\/","title":{"rendered":"&#8220;Eurovision-2020\u201d t\u0259xir\u0259 d\u00fc\u015fd\u00fc"},"content":{"rendered":"<p>\n  <i><br \/>\n    M\u00fcsabiq\u0259nin g\u0259l\u0259n il ke\u00e7irilib-ke\u00e7irilm\u0259y\u0259c\u0259yi m\u00fczakir\u0259 olunacaq<br \/>\n  <\/i>\n<\/p>\n<p>\n  <a href=\"https:\/\/eurovision.tv\/story\/eurovision-2020-in-rotterdam-is-cancelled\"><br \/>\n    &quot;Eurovision-2020\u201d<br \/>\n  <\/a><br \/>\n  mahn\u0131 m\u00fcsabiq\u0259si koronavirusa g\u00f6r\u0259 t\u0259xir\u0259 sal\u0131n\u0131b.\n<\/p>\n<p>\n  Bu bar\u0259d\u0259 mahn\u0131 yar\u0131\u015fmas\u0131n\u0131n sayt\u0131nda m\u0259lumat yerl\u0259\u015fdirilib.\n<\/p>\n<p>\n  T\u0259\u015fkilat\u00e7\u0131lar t\u0259\u0259ss\u00fcfl\u0259 bildiribl\u0259r ki, Rotterdamda ke\u00e7iril\u0259c\u0259k \u201cEurovision 2020\u201d mahn\u0131 m\u00fcsabiq\u0259si l\u0259\u011fv olunur.\n<\/p>\n<p>\n  \u201cSon bir ne\u00e7\u0259 h\u0259ft\u0259 \u0259rzind\u0259 \u201cEurovision\u201d Mahn\u0131 M\u00fcsabiq\u0259sinin ir\u0259lil\u0259m\u0259sin\u0259 imkan yaratmaq \u00fc\u00e7\u00fcn bir \u00e7ox alternativ variantlar\u0131 ara\u015fd\u0131rd\u0131q. Ancaq COVID-19-un Avropaya yay\u0131lmas\u0131 il\u0259 yaranan qeyri-m\u00fc\u0259yy\u0259nlik v\u0259 i\u015ftirak ed\u0259n yay\u0131m\u00e7\u0131 \u00f6lk\u0259l\u0259rin h\u00f6kum\u0259tl\u0259ri v\u0259 Niderland hakimiyy\u0259ti t\u0259r\u0259find\u0259n qoyulan m\u0259hdudiyy\u0259tl\u0259r yar\u0131\u015fman\u0131n davam etm\u0259m\u0259si q\u0259rar\u0131n\u0131 alma\u011f\u0131m\u0131za vadar el\u0259di. S\u0259n\u0259t\u00e7il\u0259rin, i\u015f\u00e7il\u0259rin v\u0259 ziyar\u0259t\u00e7il\u0259rin sa\u011flaml\u0131\u011f\u0131 bizim \u00fc\u00e7\u00fcn vacib oldu\u011fundan \u201cEurovision 2020\u201d t\u0259xir\u0259 salmal\u0131 olduq. Biz \u00e7ox q\u00fcrur duyuruq ki, \u201cEurovision\u201d Mahn\u0131 Yar\u0131\u015fmas\u0131 64 il \u0259rzind\u0259 fasil\u0259siz olaraq h\u0259r il tama\u015fa\u00e7\u0131lar\u0131 birl\u0259\u015fdirirdi v\u0259 biz d\u00fcnyada milyonlarla insan kimi t\u0259dbirin may ay\u0131nda realla\u015fmayaca\u011f\u0131ndan \u00e7ox k\u0259d\u0259rl\u0259nirik\u201d.\n<\/p>\n<p>\n  Sonda qeyd olunub ki, g\u0259l\u0259n il Rotterdam \u015f\u0259h\u0259rind\u0259 \u201cEurovision\u201d Mahn\u0131 M\u00fcsabiq\u0259sinin ke\u00e7irilm\u0259sinin m\u00fcmk\u00fcn olub-olmad\u0131\u011f\u0131n\u0131 m\u00fczakir\u0259 ed\u0259c\u0259kl\u0259r.\n<\/p>\n<p>\n  \u201cEurovision-2020\u201d m\u00fcsabiq\u0259si 12-16 may tarixl\u0259rind\u0259 Niderland\u0131n Rotterdam \u015f\u0259h\u0259rind\u0259 ke\u00e7iril\u0259c\u0259kdi. Az\u0259rbaycan\u0131 m\u00fcsabiq\u0259d\u0259 Samir\u0259 \u018ff\u0259ndi \u201cKleopatra\u201d mahn\u0131s\u0131 il\u0259 t\u0259msil ed\u0259c\u0259kdi.<\/p>\n","protected":false},"excerpt":{"rendered":"<p>&#8220;Ancaq COVID-19-un Avropaya yay\u0131lmas\u0131 il\u0259 yaranan qeyri-m\u00fc\u0259yy\u0259nlik v\u0259 i\u015ftirak ed\u0259n yay\u0131m\u00e7\u0131 \u00f6lk\u0259l\u0259rin h\u00f6kum\u0259tl\u0259ri v\u0259 Niderland hakimiyy\u0259ti t\u0259r\u0259find\u0259n qoyulan m\u0259hdudiyy\u0259tl\u0259r yar\u0131\u015fman\u0131n davam etm\u0259m\u0259si q\u0259rar\u0131n\u0131 alma\u011f\u0131m\u0131za vadar el\u0259di&#8221;.<\/p>\n","protected":false},"author":11,"featured_media":139137,"comment_status":"closed","ping_status":"open","sticky":false,"template":"","format":"standard","meta":{"_acf_changed":false,"_sitemap_exclude":false,"_sitemap_priority":"","_sitemap_frequency":"","footnotes":""},"categories":[52],"tags":[],"class_list":["post-199748","post","type-post","status-publish","format-standard","has-post-thumbnail","hentry","category-medeniyyet","infinite-scroll-item","generate-columns","tablet-grid-50","mobile-grid-100","grid-parent","grid-33","no-featured-image-padding"],"acf":[],"yoast_head":"<!-- This site is optimized with the Yoast SEO plugin v27.4 - https:\/\/yoast.com\/product\/yoast-seo-wordpress\/ -->\n<title>&quot;Eurovision-2020\u201d t\u0259xir\u0259 d\u00fc\u015fd\u00fc - MEYDAN.TV<\/title>\n<meta name=\"robots\" content=\"index, follow, max-snippet:-1, max-image-preview:large, max-video-preview:-1\" \/>\n<link rel=\"canonical\" href=\"https:\/\/www.meydan.tv\/az\/article\/eurovision-2020-texire-dusdu\/\" \/>\n<meta property=\"og:locale\" content=\"az_AZ\" \/>\n<meta property=\"og:type\" content=\"article\" \/>\n<meta property=\"og:title\" content=\"&quot;Eurovision-2020\u201d t\u0259xir\u0259 d\u00fc\u015fd\u00fc - MEYDAN.TV\" \/>\n<meta property=\"og:description\" content=\"&quot;Ancaq COVID-19-un Avropaya yay\u0131lmas\u0131 il\u0259 yaranan qeyri-m\u00fc\u0259yy\u0259nlik v\u0259 i\u015ftirak ed\u0259n yay\u0131m\u00e7\u0131 \u00f6lk\u0259l\u0259rin h\u00f6kum\u0259tl\u0259ri v\u0259 Niderland hakimiyy\u0259ti t\u0259r\u0259find\u0259n qoyulan m\u0259hdudiyy\u0259tl\u0259r yar\u0131\u015fman\u0131n davam etm\u0259m\u0259si q\u0259rar\u0131n\u0131 alma\u011f\u0131m\u0131za vadar el\u0259di&quot;.\" \/>\n<meta property=\"og:url\" content=\"https:\/\/www.meydan.tv\/az\/article\/eurovision-2020-texire-dusdu\/\" \/>\n<meta property=\"og:site_name\" content=\"MEYDAN.TV\" \/>\n<meta property=\"article:published_time\" content=\"2020-03-18T15:27:01+00:00\" \/>\n<meta property=\"og:image\" content=\"https:\/\/www.meydan.tv\/wp-content\/uploads\/euro.jpg\" \/>\n\t<meta property=\"og:image:width\" content=\"1500\" \/>\n\t<meta property=\"og:image:height\" content=\"750\" \/>\n\t<meta property=\"og:image:type\" content=\"image\/jpeg\" \/>\n<meta name=\"author\" content=\"user-manager\" \/>\n<meta name=\"twitter:card\" content=\"summary_large_image\" \/>\n<script type=\"application\/ld+json\" class=\"yoast-schema-graph\">{\"@context\":\"https:\\\/\\\/schema.org\",\"@graph\":[{\"@type\":\"Article\",\"@id\":\"https:\\\/\\\/www.meydan.tv\\\/az\\\/article\\\/eurovision-2020-texire-dusdu\\\/#article\",\"isPartOf\":{\"@id\":\"https:\\\/\\\/www.meydan.tv\\\/az\\\/article\\\/eurovision-2020-texire-dusdu\\\/\"},\"author\":{\"name\":\"user-manager\",\"@id\":\"https:\\\/\\\/www.meydan.tv\\\/az\\\/#\\\/schema\\\/person\\\/10d11eccf6da3662cf5fdab9806ea91a\"},\"headline\":\"&#8220;Eurovision-2020\u201d t\u0259xir\u0259 d\u00fc\u015fd\u00fc\",\"datePublished\":\"2020-03-18T15:27:01+00:00\",\"mainEntityOfPage\":{\"@id\":\"https:\\\/\\\/www.meydan.tv\\\/az\\\/article\\\/eurovision-2020-texire-dusdu\\\/\"},\"wordCount\":283,\"publisher\":{\"@id\":\"https:\\\/\\\/www.meydan.tv\\\/az\\\/#organization\"},\"image\":{\"@id\":\"https:\\\/\\\/www.meydan.tv\\\/az\\\/article\\\/eurovision-2020-texire-dusdu\\\/#primaryimage\"},\"thumbnailUrl\":\"https:\\\/\\\/www.meydan.tv\\\/wp-content\\\/uploads\\\/euro.jpg\",\"articleSection\":[\"M\u0259d\u0259niyy\u0259t\"],\"inLanguage\":\"az\"},{\"@type\":\"WebPage\",\"@id\":\"https:\\\/\\\/www.meydan.tv\\\/az\\\/article\\\/eurovision-2020-texire-dusdu\\\/\",\"url\":\"https:\\\/\\\/www.meydan.tv\\\/az\\\/article\\\/eurovision-2020-texire-dusdu\\\/\",\"name\":\"\\\"Eurovision-2020\u201d t\u0259xir\u0259 d\u00fc\u015fd\u00fc - MEYDAN.TV\",\"isPartOf\":{\"@id\":\"https:\\\/\\\/www.meydan.tv\\\/az\\\/#website\"},\"primaryImageOfPage\":{\"@id\":\"https:\\\/\\\/www.meydan.tv\\\/az\\\/article\\\/eurovision-2020-texire-dusdu\\\/#primaryimage\"},\"image\":{\"@id\":\"https:\\\/\\\/www.meydan.tv\\\/az\\\/article\\\/eurovision-2020-texire-dusdu\\\/#primaryimage\"},\"thumbnailUrl\":\"https:\\\/\\\/www.meydan.tv\\\/wp-content\\\/uploads\\\/euro.jpg\",\"datePublished\":\"2020-03-18T15:27:01+00:00\",\"breadcrumb\":{\"@id\":\"https:\\\/\\\/www.meydan.tv\\\/az\\\/article\\\/eurovision-2020-texire-dusdu\\\/#breadcrumb\"},\"inLanguage\":\"az\",\"potentialAction\":[{\"@type\":\"ReadAction\",\"target\":[\"https:\\\/\\\/www.meydan.tv\\\/az\\\/article\\\/eurovision-2020-texire-dusdu\\\/\"]}]},{\"@type\":\"ImageObject\",\"inLanguage\":\"az\",\"@id\":\"https:\\\/\\\/www.meydan.tv\\\/az\\\/article\\\/eurovision-2020-texire-dusdu\\\/#primaryimage\",\"url\":\"https:\\\/\\\/www.meydan.tv\\\/wp-content\\\/uploads\\\/euro.jpg\",\"contentUrl\":\"https:\\\/\\\/www.meydan.tv\\\/wp-content\\\/uploads\\\/euro.jpg\",\"width\":1500,\"height\":750,\"caption\":\"Source: google.az\"},{\"@type\":\"BreadcrumbList\",\"@id\":\"https:\\\/\\\/www.meydan.tv\\\/az\\\/article\\\/eurovision-2020-texire-dusdu\\\/#breadcrumb\",\"itemListElement\":[{\"@type\":\"ListItem\",\"position\":1,\"name\":\"Ana s\u0259hif\u0259\",\"item\":\"https:\\\/\\\/www.meydan.tv\\\/az\\\/\"},{\"@type\":\"ListItem\",\"position\":2,\"name\":\"M\u0259d\u0259niyy\u0259t\",\"item\":\"https:\\\/\\\/www.meydan.tv\\\/az\\\/section\\\/medeniyyet\\\/\"},{\"@type\":\"ListItem\",\"position\":3,\"name\":\"&#8220;Eurovision-2020\u201d t\u0259xir\u0259 d\u00fc\u015fd\u00fc\"}]},{\"@type\":\"WebSite\",\"@id\":\"https:\\\/\\\/www.meydan.tv\\\/az\\\/#website\",\"url\":\"https:\\\/\\\/www.meydan.tv\\\/az\\\/\",\"name\":\"MEYDAN.TV\",\"description\":\"Meydan TV Az\u0259rbaycan\u0131n media m\u0259kan\u0131ndak\u0131 alternativ s\u0259sidir\",\"publisher\":{\"@id\":\"https:\\\/\\\/www.meydan.tv\\\/az\\\/#organization\"},\"potentialAction\":[{\"@type\":\"SearchAction\",\"target\":{\"@type\":\"EntryPoint\",\"urlTemplate\":\"https:\\\/\\\/www.meydan.tv\\\/az\\\/?s={search_term_string}\"},\"query-input\":{\"@type\":\"PropertyValueSpecification\",\"valueRequired\":true,\"valueName\":\"search_term_string\"}}],\"inLanguage\":\"az\"},{\"@type\":\"Organization\",\"@id\":\"https:\\\/\\\/www.meydan.tv\\\/az\\\/#organization\",\"name\":\"Meydan TV\",\"url\":\"https:\\\/\\\/www.meydan.tv\\\/az\\\/\",\"logo\":{\"@type\":\"ImageObject\",\"inLanguage\":\"az\",\"@id\":\"https:\\\/\\\/www.meydan.tv\\\/az\\\/#\\\/schema\\\/logo\\\/image\\\/\",\"url\":\"https:\\\/\\\/www.meydan.tv\\\/wp-content\\\/uploads\\\/2021\\\/07\\\/meydan-logo.svg\",\"contentUrl\":\"https:\\\/\\\/www.meydan.tv\\\/wp-content\\\/uploads\\\/2021\\\/07\\\/meydan-logo.svg\",\"width\":195,\"height\":46,\"caption\":\"Meydan TV\"},\"image\":{\"@id\":\"https:\\\/\\\/www.meydan.tv\\\/az\\\/#\\\/schema\\\/logo\\\/image\\\/\"}},{\"@type\":\"Person\",\"@id\":\"https:\\\/\\\/www.meydan.tv\\\/az\\\/#\\\/schema\\\/person\\\/10d11eccf6da3662cf5fdab9806ea91a\",\"name\":\"user-manager\"}]}<\/script>\n<!-- \/ Yoast SEO plugin. -->","yoast_head_json":{"title":"\"Eurovision-2020\u201d t\u0259xir\u0259 d\u00fc\u015fd\u00fc - MEYDAN.TV","robots":{"index":"index","follow":"follow","max-snippet":"max-snippet:-1","max-image-preview":"max-image-preview:large","max-video-preview":"max-video-preview:-1"},"canonical":"https:\/\/www.meydan.tv\/az\/article\/eurovision-2020-texire-dusdu\/","og_locale":"az_AZ","og_type":"article","og_title":"\"Eurovision-2020\u201d t\u0259xir\u0259 d\u00fc\u015fd\u00fc - MEYDAN.TV","og_description":"\"Ancaq COVID-19-un Avropaya yay\u0131lmas\u0131 il\u0259 yaranan qeyri-m\u00fc\u0259yy\u0259nlik v\u0259 i\u015ftirak ed\u0259n yay\u0131m\u00e7\u0131 \u00f6lk\u0259l\u0259rin h\u00f6kum\u0259tl\u0259ri v\u0259 Niderland hakimiyy\u0259ti t\u0259r\u0259find\u0259n qoyulan m\u0259hdudiyy\u0259tl\u0259r yar\u0131\u015fman\u0131n davam etm\u0259m\u0259si q\u0259rar\u0131n\u0131 alma\u011f\u0131m\u0131za vadar el\u0259di\".","og_url":"https:\/\/www.meydan.tv\/az\/article\/eurovision-2020-texire-dusdu\/","og_site_name":"MEYDAN.TV","article_published_time":"2020-03-18T15:27:01+00:00","og_image":[{"width":1500,"height":750,"url":"https:\/\/www.meydan.tv\/wp-content\/uploads\/euro.jpg","type":"image\/jpeg"}],"author":"user-manager","twitter_card":"summary_large_image","schema":{"@context":"https:\/\/schema.org","@graph":[{"@type":"Article","@id":"https:\/\/www.meydan.tv\/az\/article\/eurovision-2020-texire-dusdu\/#article","isPartOf":{"@id":"https:\/\/www.meydan.tv\/az\/article\/eurovision-2020-texire-dusdu\/"},"author":{"name":"user-manager","@id":"https:\/\/www.meydan.tv\/az\/#\/schema\/person\/10d11eccf6da3662cf5fdab9806ea91a"},"headline":"&#8220;Eurovision-2020\u201d t\u0259xir\u0259 d\u00fc\u015fd\u00fc","datePublished":"2020-03-18T15:27:01+00:00","mainEntityOfPage":{"@id":"https:\/\/www.meydan.tv\/az\/article\/eurovision-2020-texire-dusdu\/"},"wordCount":283,"publisher":{"@id":"https:\/\/www.meydan.tv\/az\/#organization"},"image":{"@id":"https:\/\/www.meydan.tv\/az\/article\/eurovision-2020-texire-dusdu\/#primaryimage"},"thumbnailUrl":"https:\/\/www.meydan.tv\/wp-content\/uploads\/euro.jpg","articleSection":["M\u0259d\u0259niyy\u0259t"],"inLanguage":"az"},{"@type":"WebPage","@id":"https:\/\/www.meydan.tv\/az\/article\/eurovision-2020-texire-dusdu\/","url":"https:\/\/www.meydan.tv\/az\/article\/eurovision-2020-texire-dusdu\/","name":"\"Eurovision-2020\u201d t\u0259xir\u0259 d\u00fc\u015fd\u00fc - MEYDAN.TV","isPartOf":{"@id":"https:\/\/www.meydan.tv\/az\/#website"},"primaryImageOfPage":{"@id":"https:\/\/www.meydan.tv\/az\/article\/eurovision-2020-texire-dusdu\/#primaryimage"},"image":{"@id":"https:\/\/www.meydan.tv\/az\/article\/eurovision-2020-texire-dusdu\/#primaryimage"},"thumbnailUrl":"https:\/\/www.meydan.tv\/wp-content\/uploads\/euro.jpg","datePublished":"2020-03-18T15:27:01+00:00","breadcrumb":{"@id":"https:\/\/www.meydan.tv\/az\/article\/eurovision-2020-texire-dusdu\/#breadcrumb"},"inLanguage":"az","potentialAction":[{"@type":"ReadAction","target":["https:\/\/www.meydan.tv\/az\/article\/eurovision-2020-texire-dusdu\/"]}]},{"@type":"ImageObject","inLanguage":"az","@id":"https:\/\/www.meydan.tv\/az\/article\/eurovision-2020-texire-dusdu\/#primaryimage","url":"https:\/\/www.meydan.tv\/wp-content\/uploads\/euro.jpg","contentUrl":"https:\/\/www.meydan.tv\/wp-content\/uploads\/euro.jpg","width":1500,"height":750,"caption":"Source: google.az"},{"@type":"BreadcrumbList","@id":"https:\/\/www.meydan.tv\/az\/article\/eurovision-2020-texire-dusdu\/#breadcrumb","itemListElement":[{"@type":"ListItem","position":1,"name":"Ana s\u0259hif\u0259","item":"https:\/\/www.meydan.tv\/az\/"},{"@type":"ListItem","position":2,"name":"M\u0259d\u0259niyy\u0259t","item":"https:\/\/www.meydan.tv\/az\/section\/medeniyyet\/"},{"@type":"ListItem","position":3,"name":"&#8220;Eurovision-2020\u201d t\u0259xir\u0259 d\u00fc\u015fd\u00fc"}]},{"@type":"WebSite","@id":"https:\/\/www.meydan.tv\/az\/#website","url":"https:\/\/www.meydan.tv\/az\/","name":"MEYDAN.TV","description":"Meydan TV Az\u0259rbaycan\u0131n media m\u0259kan\u0131ndak\u0131 alternativ s\u0259sidir","publisher":{"@id":"https:\/\/www.meydan.tv\/az\/#organization"},"potentialAction":[{"@type":"SearchAction","target":{"@type":"EntryPoint","urlTemplate":"https:\/\/www.meydan.tv\/az\/?s={search_term_string}"},"query-input":{"@type":"PropertyValueSpecification","valueRequired":true,"valueName":"search_term_string"}}],"inLanguage":"az"},{"@type":"Organization","@id":"https:\/\/www.meydan.tv\/az\/#organization","name":"Meydan TV","url":"https:\/\/www.meydan.tv\/az\/","logo":{"@type":"ImageObject","inLanguage":"az","@id":"https:\/\/www.meydan.tv\/az\/#\/schema\/logo\/image\/","url":"https:\/\/www.meydan.tv\/wp-content\/uploads\/2021\/07\/meydan-logo.svg","contentUrl":"https:\/\/www.meydan.tv\/wp-content\/uploads\/2021\/07\/meydan-logo.svg","width":195,"height":46,"caption":"Meydan TV"},"image":{"@id":"https:\/\/www.meydan.tv\/az\/#\/schema\/logo\/image\/"}},{"@type":"Person","@id":"https:\/\/www.meydan.tv\/az\/#\/schema\/person\/10d11eccf6da3662cf5fdab9806ea91a","name":"user-manager"}]}},"_links":{"self":[{"href":"https:\/\/www.meydan.tv\/az\/wp-json\/wp\/v2\/posts\/199748","targetHints":{"allow":["GET"]}}],"collection":[{"href":"https:\/\/www.meydan.tv\/az\/wp-json\/wp\/v2\/posts"}],"about":[{"href":"https:\/\/www.meydan.tv\/az\/wp-json\/wp\/v2\/types\/post"}],"author":[{"embeddable":true,"href":"https:\/\/www.meydan.tv\/az\/wp-json\/wp\/v2\/users\/11"}],"replies":[{"embeddable":true,"href":"https:\/\/www.meydan.tv\/az\/wp-json\/wp\/v2\/comments?post=199748"}],"version-history":[{"count":0,"href":"https:\/\/www.meydan.tv\/az\/wp-json\/wp\/v2\/posts\/199748\/revisions"}],"wp:featuredmedia":[{"embeddable":true,"href":"https:\/\/www.meydan.tv\/az\/wp-json\/wp\/v2\/media\/139137"}],"wp:attachment":[{"href":"https:\/\/www.meydan.tv\/az\/wp-json\/wp\/v2\/media?parent=199748"}],"wp:term":[{"taxonomy":"category","embeddable":true,"href":"https:\/\/www.meydan.tv\/az\/wp-json\/wp\/v2\/categories?post=199748"},{"taxonomy":"post_tag","embeddable":true,"href":"https:\/\/www.meydan.tv\/az\/wp-json\/wp\/v2\/tags?post=199748"}],"curies":[{"name":"wp","href":"https:\/\/api.w.org\/{rel}","templated":true}]}}