{"id":199743,"date":"2020-03-18T12:44:04","date_gmt":"2020-03-18T12:44:04","guid":{"rendered":"https:\/\/www.meydan.tv\/article\/socar-mubariz-mensimovun-hebsine-munasibet-bildirib\/"},"modified":"2020-03-18T12:44:04","modified_gmt":"2020-03-18T12:44:04","slug":"socar-mubariz-mensimovun-hebsine-munasibet-bildirib","status":"publish","type":"post","link":"https:\/\/www.meydan.tv\/az\/article\/socar-mubariz-mensimovun-hebsine-munasibet-bildirib\/","title":{"rendered":"SOCAR M\u00fcbariz M\u0259nsimovun h\u0259bsin\u0259 m\u00fcnasib\u0259t bildirib"},"content":{"rendered":"<p>\n  <i><br \/>\n    \u201c\u0130\u015f adam\u0131n\u0131n h\u0259bsi SOCAR-\u0131n kommersiya mara\u011f\u0131nda ola bilm\u0259z\u201d<br \/>\n  <\/i>\n<\/p>\n<p>\n  <a href=\"http:\/\/www.socar.az\/socar\/az\/news-and-media\/news-archives\/news-archives\/id\/11449\"><br \/>\n    Az\u0259rbaycan D\u00f6vl\u0259t Neft \u015eirk\u0259ti<br \/>\n  <\/a><br \/>\n  (SOCAR) \u201cPalmal\u0131\u201d \u015eirk\u0259tl\u0259r Qrupunun sahibi, T\u00fcrkiy\u0259d\u0259 ya\u015fayan i\u015fadam\u0131 M\u00fcbariz M\u0259nsimovun h\u0259bsind\u0259 ad\u0131n\u0131n hallanmas\u0131 il\u0259 ba\u011fl\u0131 b\u0259yanat yay\u0131b.\n<\/p>\n<p>\n  \u015eirk\u0259t ad\u0131n\u0131n M\u00fcbariz M\u0259nsimovun saxlan\u0131lmas\u0131 il\u0259 \u0259laq\u0259l\u0259ndirilm\u0259sin\u0259 etiraz edir.\n<\/p>\n<p>\n  B\u0259yanatda qeyd olunub ki, sahibkar\u0131n saxlan\u0131lmas\u0131 SOCAR-\u0131n kommersiya mara\u011f\u0131nda ola bilm\u0259z:\n<\/p>\n<p>\n  \u201cSon g\u00fcnl\u0259rd\u0259 T\u00fcrkiy\u0259d\u0259 \u201cPalmali\u201d \u015eirk\u0259tl\u0259r Qrupunun r\u0259hb\u0259ri M\u00fcbariz M\u0259nsimovun saxlan\u0131lmas\u0131 il\u0259 ba\u011fl\u0131 sosial \u015f\u0259b\u0259k\u0259l\u0259rd\u0259 yay\u0131lan m\u00fcxt\u0259lif f\u0259rziyy\u0259l\u0259rd\u0259 Az\u0259rbaycan D\u00f6vl\u0259t Neft \u015eirk\u0259tinin ad\u0131 halland\u0131r\u0131lib. Bildiririk ki, M\u00fcbariz M\u0259nsimovun T\u00fcrkiy\u0259 C\u00fcmhuriyy\u0259tind\u0259 h\u00fcquq-m\u00fchafiz\u0259 orqanlar\u0131 t\u0259r\u0259find\u0259n saxlan\u0131lmas\u0131n\u0131n SOCAR qrupuna qar\u015f\u0131 London v\u0259 Dubayda ke\u00e7iril\u0259c\u0259k arbitraj prosesl\u0259ri il\u0259 he\u00e7 bir \u0259laq\u0259si yoxdur. M\u00fcbariz M\u0259nsimovun T\u00fcrkiy\u0259d\u0259 saxlan\u0131lmas\u0131, \u0259ksin\u0259, onun London v\u0259 Dubaydak\u0131 arbitraj prosesl\u0259rind\u0259 i\u015ftirak\u0131n\u0131 \u0259ng\u0259ll\u0259y\u0259r\u0259k, onun maliyy\u0259 \u00f6hd\u0259likl\u0259rinin yerin\u0259 yetirilm\u0259sini gecikdir\u0259 bil\u0259r. 2018-ci ild\u0259n b\u0259ri SOCAR t\u0259r\u0259find\u0259n \u201cPalmali\u201d qrupuna qar\u015f\u0131 ba\u015flad\u0131\u011f\u0131 arbitraj prosedurlar\u0131n\u0131n uzanmas\u0131 SOCAR-\u0131n maliyy\u0259 balans\u0131na, \u0259mlak h\u00fcquqlar\u0131na v\u0259 qeyri-\u0259mlak maraqlar\u0131na m\u0259nfi t\u0259sir g\u00f6st\u0259r\u0259 bil\u0259r v\u0259 buna g\u00f6r\u0259 SOCAR-\u0131n kommersiya mara\u011f\u0131nda ola bilm\u0259z\u201d.\n<\/p>\n<p>\n  SOCAR T\u00fcrkiy\u0259nin \u0259dliyy\u0259 sisteminin effektivliyin\u0259 inand\u0131\u011f\u0131n\u0131 bildirib v\u0259 m\u0259hk\u0259m\u0259 prosesl\u0259rin\u0259 m\u00fcdaxil\u0259 ehtimallar\u0131n\u0131 t\u0259kzib edib.\n<\/p>\n<p>\n  B\u0259yanatda vur\u011fulan\u0131b ki, SOCAR v\u0259 \u201cPalmali\u201d \u015eirk\u0259tl\u0259ri aras\u0131nda daha \u0259vv\u0259l kommersiya m\u00fcnasib\u0259tl\u0259ri m\u00f6vcud olub. Bununla bel\u0259 t\u0259r\u0259fl\u0259r he\u00e7 vaxt birg\u0259 m\u00fc\u0259ssis\u0259 qurmay\u0131blar.\n<\/p>\n<p>\n  \u201cPalmali\u201d \u015firk\u0259tinin \u00f6z \u00f6hd\u0259likl\u0259rini yerin\u0259 yetirm\u0259m\u0259si n\u0259tic\u0259sind\u0259 SOCAR qrupuna daxil olan \u015firk\u0259tl\u0259r 2018-ci ild\u0259n b\u0259ri \u201cPalmali\u201d qrupuna daxil olan \u015fik\u0259tl\u0259r\u0259 v\u0259 M\u00fcbariz M\u0259nsimova qar\u015f\u0131 arbitraj prosedurlar\u0131na ba\u015flay\u0131b. \u00dcmumilikd\u0259 3 arbitraj prosesinin ke\u00e7irilm\u0259si Londan v\u0259 Dubay \u015f\u0259h\u0259rl\u0259rind\u0259 n\u0259z\u0259rd\u0259 tutulur. \u0130ki il\u0259 yax\u0131n davam ed\u0259n arbitraj prosedurlar\u0131 indiy\u0259 q\u0259d\u0259r m\u0259hz \u201cPalmali\u201d t\u0259r\u0259find\u0259n m\u00fcxt\u0259lif \u0259saslarla t\u0259xir\u0259 sal\u0131n\u0131b.\n<\/p>\n<p>\n  <a href=\"https:\/\/www.meydan.tv\/az\/article\/mubariz-mensimovun-saxlanildigi-deyilir\/?ref=list-news\"><br \/>\n    M\u00fcbariz M\u0259nsimov<br \/>\n  <\/a><br \/>\n  mart\u0131n 15-d\u0259 saxlan\u0131l\u0131b.<br \/>\n  <a href=\"https:\/\/www.meydan.tv\/az\/article\/mubariz-mensimov-baresinde-hebs-qetimkan-tedbiri-secilib\/?ref=list-news\"><br \/>\n    \u0130ki g\u00fcn sonra<br \/>\n  <\/a><br \/>\n  T\u00fcrkiy\u0259 medias\u0131 M\u00fcbariz M\u0259nsimov v\u0259 meneceri Nuray Nurcihan Pekerin \u0130stanbul \u018fdal\u0259t Saray\u0131na apar\u0131ld\u0131\u011f\u0131 haqda m\u0259lumat yay\u0131b.\n<\/p>\n<p>\n  Bildirilib ki, m\u0259hk\u0259m\u0259 q\u0259rar\u0131 il\u0259 M\u00fcbariz M\u0259nsimov bar\u0259sind\u0259 h\u0259bs q\u0259timkan t\u0259dbiri se\u00e7ilib. Nuray Nurcihan Peker is\u0259 s\u0259rb\u0259st burax\u0131l\u0131b.\n<\/p>\n<p>\n  H\u0259l\u0259 \u00f6t\u0259n ay M\u00fcbariz M\u0259nsimov bar\u0259sind\u0259 ara\u015fd\u0131rma apar\u0131ld\u0131\u011f\u0131 bildirilirdi.\n<\/p>\n<p>\n  H\u0259min vaxt M\u00fcbariz M\u0259nsimov sosial \u015f\u0259b\u0259k\u0259l\u0259rd\u0259ki hesab\u0131nda bu bar\u0259d\u0259 yaz\u0131b:\n<\/p>\n<p>\n  \u201cM\u0259ni terrorla, FET\u00d6 terror qrupla\u015fmas\u0131 il\u0259 \u0259laq\u0259d\u0259 v\u0259 casusluqda yalandan ittiham ed\u0259r\u0259k \u00fcz\u0259rim\u0259 su\u00e7 atmaq ist\u0259yirl\u0259r. Sizin etdiyiniz bu \u015f\u0259r\u0259fsizliyi d\u00fc\u015fm\u0259n bel\u0259 etm\u0259zdi. Bu, m\u0259ni d\u0259rind\u0259n yaralad\u0131. M\u0259n\u0259 FET\u00d6-\u00e7u dem\u0259kd\u0259ns\u0259, \u00f6z\u00fcn\u00fcz\u0259, ke\u00e7mi\u015fimiz\u0259 v\u0259 u\u015faqlar\u0131n\u0131z\u0131n harada t\u0259hsil ald\u0131\u011f\u0131na bax\u0131n\u201d.\n<\/p>\n<p>\n  Bundan \u0259vv\u0259l m\u0259tbuatda v\u0259 sosial \u015f\u0259b\u0259k\u0259l\u0259rd\u0259 i\u015f adam\u0131n\u0131n SOCAR prezidenti R\u00f6vn\u0259q Abdullayevl\u0259 m\u00fcnasib\u0259tl\u0259rinin k\u0259skinl\u0259\u015fdiyi deyilirdi. H\u0259bsin T\u00fcrkiy\u0259 Prezidenti R\u0259c\u0259b Tayyib \u018frdo\u011fan\u0131n Az\u0259rbaycana s\u0259f\u0259rind\u0259n sonra ba\u015f tutmas\u0131 bu bar\u0259d\u0259 Az\u0259rbaycan r\u0259hb\u0259rliyi il\u0259 raz\u0131la\u015fd\u0131rma ehtimal\u0131n\u0131 art\u0131r\u0131b.\n<\/p>\n<p>\n  D\u00f6vl\u0259t Neft \u015eirk\u0259ti il\u0259 ortaq olan \u201cPalmali\u201d bir m\u00fcdd\u0259t \u0259vv\u0259l \u201cTekfen \u0130n\u015faat\u201d\u0131n 50 faiz hiss\u0259sini 520 milyon dollara sat\u0131n al\u0131b. Raz\u0131la\u015fma qar\u015f\u0131l\u0131\u011f\u0131nda \u201cPalmali\u201d v\u0259 \u201cSOCAR\u201d ortaql\u0131\u011f\u0131 5 il \u0259rzind\u0259 \u201cTekfen \u0130n\u015faat\u201da 37 milyard dollarl\u0131q i\u015f ver\u0259c\u0259k. Amma 2 il \u0259vv\u0259l \u201cPalmali\u201d \u015eirk\u0259tl\u0259r Qrupu SOCAR-la \u0259laq\u0259l\u0259rini dayand\u0131r\u0131b v\u0259 m\u0259hk\u0259m\u0259y\u0259 ver\u0259c\u0259yi haqq\u0131nda m\u0259lumat yay\u0131lm\u0131\u015fd\u0131.\n<\/p>\n<p>\n  M\u00fcbariz M\u0259nsimov 1968-ci ild\u0259 Bak\u0131da do\u011fulub. Bak\u0131 h\u0259rbi m\u0259kt\u0259bini bitirib.\n<\/p>\n<p>\n  Haz\u0131rda illik d\u00f6vriyy\u0259si 3 milyard dollar olan \u201cPalmali\u201d \u015eirk\u0259tl\u0259r Qrupunu 1998-ci ild\u0259 T\u00fcrkiy\u0259y\u0259 g\u0259tirib. Bu \u015firk\u0259tin haz\u0131rda 21 \u00f6lk\u0259d\u0259 ofisi var.<\/p>\n","protected":false},"excerpt":{"rendered":"<p>&#8220;M\u00fcbariz M\u0259nsimovun T\u00fcrkiy\u0259d\u0259 saxlan\u0131lmas\u0131, \u0259ksin\u0259, onun London v\u0259 Dubaydak\u0131 arbitraj prosesl\u0259rind\u0259 i\u015ftirak\u0131n\u0131 \u0259ng\u0259ll\u0259y\u0259r\u0259k, onun maliyy\u0259 \u00f6hd\u0259likl\u0259rinin yerin\u0259 yetirilm\u0259sini gecikdir\u0259 bil\u0259r&#8221;.<\/p>\n","protected":false},"author":11,"featured_media":125091,"comment_status":"closed","ping_status":"open","sticky":false,"template":"","format":"standard","meta":{"_acf_changed":false,"_sitemap_exclude":false,"_sitemap_priority":"","_sitemap_frequency":"","footnotes":""},"categories":[59],"tags":[],"class_list":["post-199743","post","type-post","status-publish","format-standard","has-post-thumbnail","hentry","category-siyaset","infinite-scroll-item","generate-columns","tablet-grid-50","mobile-grid-100","grid-parent","grid-33","no-featured-image-padding"],"acf":[],"yoast_head":"<!-- This site is optimized with the Yoast SEO plugin v27.5 - https:\/\/yoast.com\/product\/yoast-seo-wordpress\/ -->\n<title>SOCAR M\u00fcbariz M\u0259nsimovun h\u0259bsin\u0259 m\u00fcnasib\u0259t bildirib - MEYDAN.TV<\/title>\n<meta name=\"robots\" content=\"index, follow, max-snippet:-1, max-image-preview:large, max-video-preview:-1\" \/>\n<link rel=\"canonical\" href=\"https:\/\/www.meydan.tv\/az\/article\/socar-mubariz-mensimovun-hebsine-munasibet-bildirib\/\" \/>\n<meta property=\"og:locale\" content=\"az_AZ\" \/>\n<meta property=\"og:type\" content=\"article\" \/>\n<meta property=\"og:title\" content=\"SOCAR M\u00fcbariz M\u0259nsimovun h\u0259bsin\u0259 m\u00fcnasib\u0259t bildirib - MEYDAN.TV\" \/>\n<meta property=\"og:description\" content=\"&quot;M\u00fcbariz M\u0259nsimovun T\u00fcrkiy\u0259d\u0259 saxlan\u0131lmas\u0131, \u0259ksin\u0259, onun London v\u0259 Dubaydak\u0131 arbitraj prosesl\u0259rind\u0259 i\u015ftirak\u0131n\u0131 \u0259ng\u0259ll\u0259y\u0259r\u0259k, onun maliyy\u0259 \u00f6hd\u0259likl\u0259rinin yerin\u0259 yetirilm\u0259sini gecikdir\u0259 bil\u0259r&quot;.\" \/>\n<meta property=\"og:url\" content=\"https:\/\/www.meydan.tv\/az\/article\/socar-mubariz-mensimovun-hebsine-munasibet-bildirib\/\" \/>\n<meta property=\"og:site_name\" content=\"MEYDAN.TV\" \/>\n<meta property=\"article:published_time\" content=\"2020-03-18T12:44:04+00:00\" \/>\n<meta property=\"og:image\" content=\"https:\/\/www.meydan.tv\/wp-content\/uploads\/socar_dugho1y.jpg\" \/>\n\t<meta property=\"og:image:width\" content=\"1000\" \/>\n\t<meta property=\"og:image:height\" content=\"627\" \/>\n\t<meta property=\"og:image:type\" content=\"image\/jpeg\" \/>\n<meta name=\"author\" content=\"user-manager\" \/>\n<meta name=\"twitter:card\" content=\"summary_large_image\" \/>\n<script type=\"application\/ld+json\" class=\"yoast-schema-graph\">{\"@context\":\"https:\\\/\\\/schema.org\",\"@graph\":[{\"@type\":\"Article\",\"@id\":\"https:\\\/\\\/www.meydan.tv\\\/az\\\/article\\\/socar-mubariz-mensimovun-hebsine-munasibet-bildirib\\\/#article\",\"isPartOf\":{\"@id\":\"https:\\\/\\\/www.meydan.tv\\\/az\\\/article\\\/socar-mubariz-mensimovun-hebsine-munasibet-bildirib\\\/\"},\"author\":{\"name\":\"user-manager\",\"@id\":\"https:\\\/\\\/www.meydan.tv\\\/az\\\/#\\\/schema\\\/person\\\/10d11eccf6da3662cf5fdab9806ea91a\"},\"headline\":\"SOCAR M\u00fcbariz M\u0259nsimovun h\u0259bsin\u0259 m\u00fcnasib\u0259t bildirib\",\"datePublished\":\"2020-03-18T12:44:04+00:00\",\"mainEntityOfPage\":{\"@id\":\"https:\\\/\\\/www.meydan.tv\\\/az\\\/article\\\/socar-mubariz-mensimovun-hebsine-munasibet-bildirib\\\/\"},\"wordCount\":806,\"publisher\":{\"@id\":\"https:\\\/\\\/www.meydan.tv\\\/az\\\/#organization\"},\"image\":{\"@id\":\"https:\\\/\\\/www.meydan.tv\\\/az\\\/article\\\/socar-mubariz-mensimovun-hebsine-munasibet-bildirib\\\/#primaryimage\"},\"thumbnailUrl\":\"https:\\\/\\\/www.meydan.tv\\\/wp-content\\\/uploads\\\/socar_dugho1y.jpg\",\"articleSection\":[\"Siyas\u0259t\"],\"inLanguage\":\"az\"},{\"@type\":\"WebPage\",\"@id\":\"https:\\\/\\\/www.meydan.tv\\\/az\\\/article\\\/socar-mubariz-mensimovun-hebsine-munasibet-bildirib\\\/\",\"url\":\"https:\\\/\\\/www.meydan.tv\\\/az\\\/article\\\/socar-mubariz-mensimovun-hebsine-munasibet-bildirib\\\/\",\"name\":\"SOCAR M\u00fcbariz M\u0259nsimovun h\u0259bsin\u0259 m\u00fcnasib\u0259t bildirib - MEYDAN.TV\",\"isPartOf\":{\"@id\":\"https:\\\/\\\/www.meydan.tv\\\/az\\\/#website\"},\"primaryImageOfPage\":{\"@id\":\"https:\\\/\\\/www.meydan.tv\\\/az\\\/article\\\/socar-mubariz-mensimovun-hebsine-munasibet-bildirib\\\/#primaryimage\"},\"image\":{\"@id\":\"https:\\\/\\\/www.meydan.tv\\\/az\\\/article\\\/socar-mubariz-mensimovun-hebsine-munasibet-bildirib\\\/#primaryimage\"},\"thumbnailUrl\":\"https:\\\/\\\/www.meydan.tv\\\/wp-content\\\/uploads\\\/socar_dugho1y.jpg\",\"datePublished\":\"2020-03-18T12:44:04+00:00\",\"breadcrumb\":{\"@id\":\"https:\\\/\\\/www.meydan.tv\\\/az\\\/article\\\/socar-mubariz-mensimovun-hebsine-munasibet-bildirib\\\/#breadcrumb\"},\"inLanguage\":\"az\",\"potentialAction\":[{\"@type\":\"ReadAction\",\"target\":[\"https:\\\/\\\/www.meydan.tv\\\/az\\\/article\\\/socar-mubariz-mensimovun-hebsine-munasibet-bildirib\\\/\"]}]},{\"@type\":\"ImageObject\",\"inLanguage\":\"az\",\"@id\":\"https:\\\/\\\/www.meydan.tv\\\/az\\\/article\\\/socar-mubariz-mensimovun-hebsine-munasibet-bildirib\\\/#primaryimage\",\"url\":\"https:\\\/\\\/www.meydan.tv\\\/wp-content\\\/uploads\\\/socar_dugho1y.jpg\",\"contentUrl\":\"https:\\\/\\\/www.meydan.tv\\\/wp-content\\\/uploads\\\/socar_dugho1y.jpg\",\"width\":1000,\"height\":627,\"caption\":\"Source: google.az\"},{\"@type\":\"BreadcrumbList\",\"@id\":\"https:\\\/\\\/www.meydan.tv\\\/az\\\/article\\\/socar-mubariz-mensimovun-hebsine-munasibet-bildirib\\\/#breadcrumb\",\"itemListElement\":[{\"@type\":\"ListItem\",\"position\":1,\"name\":\"Ana s\u0259hif\u0259\",\"item\":\"https:\\\/\\\/www.meydan.tv\\\/az\\\/\"},{\"@type\":\"ListItem\",\"position\":2,\"name\":\"Siyas\u0259t\",\"item\":\"https:\\\/\\\/www.meydan.tv\\\/az\\\/section\\\/siyaset\\\/\"},{\"@type\":\"ListItem\",\"position\":3,\"name\":\"SOCAR M\u00fcbariz M\u0259nsimovun h\u0259bsin\u0259 m\u00fcnasib\u0259t bildirib\"}]},{\"@type\":\"WebSite\",\"@id\":\"https:\\\/\\\/www.meydan.tv\\\/az\\\/#website\",\"url\":\"https:\\\/\\\/www.meydan.tv\\\/az\\\/\",\"name\":\"MEYDAN.TV\",\"description\":\"Meydan TV Az\u0259rbaycan\u0131n media m\u0259kan\u0131ndak\u0131 alternativ s\u0259sidir\",\"publisher\":{\"@id\":\"https:\\\/\\\/www.meydan.tv\\\/az\\\/#organization\"},\"potentialAction\":[{\"@type\":\"SearchAction\",\"target\":{\"@type\":\"EntryPoint\",\"urlTemplate\":\"https:\\\/\\\/www.meydan.tv\\\/az\\\/?s={search_term_string}\"},\"query-input\":{\"@type\":\"PropertyValueSpecification\",\"valueRequired\":true,\"valueName\":\"search_term_string\"}}],\"inLanguage\":\"az\"},{\"@type\":\"Organization\",\"@id\":\"https:\\\/\\\/www.meydan.tv\\\/az\\\/#organization\",\"name\":\"Meydan TV\",\"url\":\"https:\\\/\\\/www.meydan.tv\\\/az\\\/\",\"logo\":{\"@type\":\"ImageObject\",\"inLanguage\":\"az\",\"@id\":\"https:\\\/\\\/www.meydan.tv\\\/az\\\/#\\\/schema\\\/logo\\\/image\\\/\",\"url\":\"https:\\\/\\\/www.meydan.tv\\\/wp-content\\\/uploads\\\/2021\\\/07\\\/meydan-logo.svg\",\"contentUrl\":\"https:\\\/\\\/www.meydan.tv\\\/wp-content\\\/uploads\\\/2021\\\/07\\\/meydan-logo.svg\",\"width\":195,\"height\":46,\"caption\":\"Meydan TV\"},\"image\":{\"@id\":\"https:\\\/\\\/www.meydan.tv\\\/az\\\/#\\\/schema\\\/logo\\\/image\\\/\"}},{\"@type\":\"Person\",\"@id\":\"https:\\\/\\\/www.meydan.tv\\\/az\\\/#\\\/schema\\\/person\\\/10d11eccf6da3662cf5fdab9806ea91a\",\"name\":\"user-manager\"}]}<\/script>\n<!-- \/ Yoast SEO plugin. -->","yoast_head_json":{"title":"SOCAR M\u00fcbariz M\u0259nsimovun h\u0259bsin\u0259 m\u00fcnasib\u0259t bildirib - MEYDAN.TV","robots":{"index":"index","follow":"follow","max-snippet":"max-snippet:-1","max-image-preview":"max-image-preview:large","max-video-preview":"max-video-preview:-1"},"canonical":"https:\/\/www.meydan.tv\/az\/article\/socar-mubariz-mensimovun-hebsine-munasibet-bildirib\/","og_locale":"az_AZ","og_type":"article","og_title":"SOCAR M\u00fcbariz M\u0259nsimovun h\u0259bsin\u0259 m\u00fcnasib\u0259t bildirib - MEYDAN.TV","og_description":"\"M\u00fcbariz M\u0259nsimovun T\u00fcrkiy\u0259d\u0259 saxlan\u0131lmas\u0131, \u0259ksin\u0259, onun London v\u0259 Dubaydak\u0131 arbitraj prosesl\u0259rind\u0259 i\u015ftirak\u0131n\u0131 \u0259ng\u0259ll\u0259y\u0259r\u0259k, onun maliyy\u0259 \u00f6hd\u0259likl\u0259rinin yerin\u0259 yetirilm\u0259sini gecikdir\u0259 bil\u0259r\".","og_url":"https:\/\/www.meydan.tv\/az\/article\/socar-mubariz-mensimovun-hebsine-munasibet-bildirib\/","og_site_name":"MEYDAN.TV","article_published_time":"2020-03-18T12:44:04+00:00","og_image":[{"width":1000,"height":627,"url":"https:\/\/www.meydan.tv\/wp-content\/uploads\/socar_dugho1y.jpg","type":"image\/jpeg"}],"author":"user-manager","twitter_card":"summary_large_image","schema":{"@context":"https:\/\/schema.org","@graph":[{"@type":"Article","@id":"https:\/\/www.meydan.tv\/az\/article\/socar-mubariz-mensimovun-hebsine-munasibet-bildirib\/#article","isPartOf":{"@id":"https:\/\/www.meydan.tv\/az\/article\/socar-mubariz-mensimovun-hebsine-munasibet-bildirib\/"},"author":{"name":"user-manager","@id":"https:\/\/www.meydan.tv\/az\/#\/schema\/person\/10d11eccf6da3662cf5fdab9806ea91a"},"headline":"SOCAR M\u00fcbariz M\u0259nsimovun h\u0259bsin\u0259 m\u00fcnasib\u0259t bildirib","datePublished":"2020-03-18T12:44:04+00:00","mainEntityOfPage":{"@id":"https:\/\/www.meydan.tv\/az\/article\/socar-mubariz-mensimovun-hebsine-munasibet-bildirib\/"},"wordCount":806,"publisher":{"@id":"https:\/\/www.meydan.tv\/az\/#organization"},"image":{"@id":"https:\/\/www.meydan.tv\/az\/article\/socar-mubariz-mensimovun-hebsine-munasibet-bildirib\/#primaryimage"},"thumbnailUrl":"https:\/\/www.meydan.tv\/wp-content\/uploads\/socar_dugho1y.jpg","articleSection":["Siyas\u0259t"],"inLanguage":"az"},{"@type":"WebPage","@id":"https:\/\/www.meydan.tv\/az\/article\/socar-mubariz-mensimovun-hebsine-munasibet-bildirib\/","url":"https:\/\/www.meydan.tv\/az\/article\/socar-mubariz-mensimovun-hebsine-munasibet-bildirib\/","name":"SOCAR M\u00fcbariz M\u0259nsimovun h\u0259bsin\u0259 m\u00fcnasib\u0259t bildirib - MEYDAN.TV","isPartOf":{"@id":"https:\/\/www.meydan.tv\/az\/#website"},"primaryImageOfPage":{"@id":"https:\/\/www.meydan.tv\/az\/article\/socar-mubariz-mensimovun-hebsine-munasibet-bildirib\/#primaryimage"},"image":{"@id":"https:\/\/www.meydan.tv\/az\/article\/socar-mubariz-mensimovun-hebsine-munasibet-bildirib\/#primaryimage"},"thumbnailUrl":"https:\/\/www.meydan.tv\/wp-content\/uploads\/socar_dugho1y.jpg","datePublished":"2020-03-18T12:44:04+00:00","breadcrumb":{"@id":"https:\/\/www.meydan.tv\/az\/article\/socar-mubariz-mensimovun-hebsine-munasibet-bildirib\/#breadcrumb"},"inLanguage":"az","potentialAction":[{"@type":"ReadAction","target":["https:\/\/www.meydan.tv\/az\/article\/socar-mubariz-mensimovun-hebsine-munasibet-bildirib\/"]}]},{"@type":"ImageObject","inLanguage":"az","@id":"https:\/\/www.meydan.tv\/az\/article\/socar-mubariz-mensimovun-hebsine-munasibet-bildirib\/#primaryimage","url":"https:\/\/www.meydan.tv\/wp-content\/uploads\/socar_dugho1y.jpg","contentUrl":"https:\/\/www.meydan.tv\/wp-content\/uploads\/socar_dugho1y.jpg","width":1000,"height":627,"caption":"Source: google.az"},{"@type":"BreadcrumbList","@id":"https:\/\/www.meydan.tv\/az\/article\/socar-mubariz-mensimovun-hebsine-munasibet-bildirib\/#breadcrumb","itemListElement":[{"@type":"ListItem","position":1,"name":"Ana s\u0259hif\u0259","item":"https:\/\/www.meydan.tv\/az\/"},{"@type":"ListItem","position":2,"name":"Siyas\u0259t","item":"https:\/\/www.meydan.tv\/az\/section\/siyaset\/"},{"@type":"ListItem","position":3,"name":"SOCAR M\u00fcbariz M\u0259nsimovun h\u0259bsin\u0259 m\u00fcnasib\u0259t bildirib"}]},{"@type":"WebSite","@id":"https:\/\/www.meydan.tv\/az\/#website","url":"https:\/\/www.meydan.tv\/az\/","name":"MEYDAN.TV","description":"Meydan TV Az\u0259rbaycan\u0131n media m\u0259kan\u0131ndak\u0131 alternativ s\u0259sidir","publisher":{"@id":"https:\/\/www.meydan.tv\/az\/#organization"},"potentialAction":[{"@type":"SearchAction","target":{"@type":"EntryPoint","urlTemplate":"https:\/\/www.meydan.tv\/az\/?s={search_term_string}"},"query-input":{"@type":"PropertyValueSpecification","valueRequired":true,"valueName":"search_term_string"}}],"inLanguage":"az"},{"@type":"Organization","@id":"https:\/\/www.meydan.tv\/az\/#organization","name":"Meydan TV","url":"https:\/\/www.meydan.tv\/az\/","logo":{"@type":"ImageObject","inLanguage":"az","@id":"https:\/\/www.meydan.tv\/az\/#\/schema\/logo\/image\/","url":"https:\/\/www.meydan.tv\/wp-content\/uploads\/2021\/07\/meydan-logo.svg","contentUrl":"https:\/\/www.meydan.tv\/wp-content\/uploads\/2021\/07\/meydan-logo.svg","width":195,"height":46,"caption":"Meydan TV"},"image":{"@id":"https:\/\/www.meydan.tv\/az\/#\/schema\/logo\/image\/"}},{"@type":"Person","@id":"https:\/\/www.meydan.tv\/az\/#\/schema\/person\/10d11eccf6da3662cf5fdab9806ea91a","name":"user-manager"}]}},"_links":{"self":[{"href":"https:\/\/www.meydan.tv\/az\/wp-json\/wp\/v2\/posts\/199743","targetHints":{"allow":["GET"]}}],"collection":[{"href":"https:\/\/www.meydan.tv\/az\/wp-json\/wp\/v2\/posts"}],"about":[{"href":"https:\/\/www.meydan.tv\/az\/wp-json\/wp\/v2\/types\/post"}],"author":[{"embeddable":true,"href":"https:\/\/www.meydan.tv\/az\/wp-json\/wp\/v2\/users\/11"}],"replies":[{"embeddable":true,"href":"https:\/\/www.meydan.tv\/az\/wp-json\/wp\/v2\/comments?post=199743"}],"version-history":[{"count":0,"href":"https:\/\/www.meydan.tv\/az\/wp-json\/wp\/v2\/posts\/199743\/revisions"}],"wp:featuredmedia":[{"embeddable":true,"href":"https:\/\/www.meydan.tv\/az\/wp-json\/wp\/v2\/media\/125091"}],"wp:attachment":[{"href":"https:\/\/www.meydan.tv\/az\/wp-json\/wp\/v2\/media?parent=199743"}],"wp:term":[{"taxonomy":"category","embeddable":true,"href":"https:\/\/www.meydan.tv\/az\/wp-json\/wp\/v2\/categories?post=199743"},{"taxonomy":"post_tag","embeddable":true,"href":"https:\/\/www.meydan.tv\/az\/wp-json\/wp\/v2\/tags?post=199743"}],"curies":[{"name":"wp","href":"https:\/\/api.w.org\/{rel}","templated":true}]}}