{"id":199732,"date":"2020-03-17T13:16:38","date_gmt":"2020-03-17T13:16:38","guid":{"rendered":"https:\/\/www.meydan.tv\/article\/kelbecerli-kockun-usaqlar-3-ay-masanin-ustunde-yatib\/"},"modified":"2020-03-17T13:16:38","modified_gmt":"2020-03-17T13:16:38","slug":"kelbecerli-kockun-usaqlar-3-ay-masanin-ustunde-yatib","status":"publish","type":"post","link":"https:\/\/www.meydan.tv\/az\/article\/kelbecerli-kockun-usaqlar-3-ay-masanin-ustunde-yatib\/","title":{"rendered":"K\u0259lb\u0259c\u0259rli k\u00f6\u00e7k\u00fcn: U\u015faqlar 3 ay masan\u0131n \u00fcst\u00fcnd\u0259 yat\u0131b"},"content":{"rendered":"<p>\n  <i><br \/>\n    \u201cH\u00f6kum\u0259t \u00fc\u00e7\u00fcn bir ail\u0259ni yerl\u0259\u015fdirm\u0259k n\u0259 q\u0259d\u0259r \u00e7\u0259tin i\u015fdir?\u201d<br \/>\n  <\/i>\n<\/p>\n<p>\n  K\u0259lb\u0259c\u0259rin F\u0259tallah k\u0259ndind\u0259n olan m\u0259cburi k\u00f6\u00e7k\u00fcn ail\u0259si Yevlaxda ke\u00e7mi\u015fd\u0259 d\u00f6vl\u0259t binas\u0131 kimi f\u0259aliyy\u0259t g\u00f6st\u0259r\u0259n, indi is\u0259 in\u015faat materiallar\u0131 sat\u0131lan yarmarka \u0259razisind\u0259 m\u0259skunla\u015f\u0131b.\n<\/p>\n<p>\n  F\u0259t\u0259liyevl\u0259r ail\u0259si 4 n\u0259f\u0259rd\u0259n ibar\u0259tdir. Ata Namiq F\u0259t\u0259liyevin 42 ya\u015f\u0131 var. Deyir, bel\u0259 bir \u015f\u0259raitd\u0259 u\u015faq b\u00f6y\u00fctm\u0259k \u00e7ox \u00e7\u0259tindir:\n<\/p>\n<p>\n  \u201cQ\u0131\u015f aylar\u0131nda x\u00fcsus\u0259n d\u0259 ya\u011f\u0131nt\u0131 \u00e7ox olanda evin i\u00e7ini su bas\u0131r. \u00d6t\u0259n il d\u00fcz 3 ay bu u\u015faqlar masan\u0131n \u00fcz\u0259rind\u0259 yat\u0131blar. B\u00fct\u00fcn yor\u011fan-d\u00f6\u015f\u0259yimiz, \u0259\u015fyalar\u0131m\u0131z suyun alt\u0131nda qalm\u0131\u015fd\u0131. H\u0259min vaxt yolda\u015f\u0131m v\u0259 m\u0259n gec\u0259l\u0259ri oturulu a\u00e7m\u0131\u015f\u0131q\u201d.\n<\/p>\n<figure class=\"wp-block-image size-large\">\n  <img decoding=\"async\" src=\"https:\/\/www.meydan.tv\/az\/image_from_ios_7_4i6xsef\/\" alt=\"image_from_ios_7_4i6xsef\" class=\"wp-image-139074\"\/><figcaption>\n    F\u0259t\u0259liyevl\u0259rin evi<br \/>\n  <\/figcaption><\/figure>\n<p>\n  Namiq F\u0259t\u0259liyev deyir ki, su \u00e7\u0259kil\u0259nd\u0259n sonra ilan, k\u0259rt\u0259nk\u0259l\u0259, \u0259qr\u0259b dolur ev\u0259. Bu d\u0259f\u0259 d\u0259 u\u015faqlar\u0131n\u0131 bu z\u0259h\u0259rli h\u0259\u015faratlardan qorumal\u0131 olurlar:\n<\/p>\n<p>\n  \u201cBel\u0259 d\u0259 bax\u0131n d\u0259. \u018fvv\u0259l he\u00e7 olmasa qon\u015fu ota\u011f\u0131 da istifad\u0259 ed\u0259 bilirdik. \u0130ndi m\u00fcmk\u00fcn deyil. Ora y\u0131\u011f\u0131lan sudan \u00e7\u00fcr\u00fcy\u00fcb, t\u00f6k\u00fcl\u00fcb. \u0130ndi ancaq bu balaca otaq qal\u0131b. Burada da biz\u0259 \u00e7ox \u00e7\u0259tindir\u201d.\n<\/p>\n<p>\n  Evin xan\u0131m\u0131 F\u0259rqan\u0259 F\u0259t\u0259liyeva deyir ki, g\u00f6z\u00fcn\u00fc a\u00e7andan bel\u0259 \u015f\u0259raitli yerl\u0259rd\u0259 ya\u015fay\u0131b. H\u0259mi\u015f\u0259 normal evinin olmas\u0131n\u0131 x\u0259yal edib, ancaq m\u00f6vcud imkanlar\u0131 buna uy\u011fun olmay\u0131b:\n<\/p>\n<p>\n  \u201cVallah yolda\u015f\u0131m da sa\u011flam deyil ki, gedib i\u015fl\u0259y\u0259, n\u0259 bilim i\u015f tapa. Epilepsiya x\u0259st\u0259sidir. A\u011f\u0131r i\u015fl\u0259r g\u00f6r\u0259 bilm\u0259z. Ald\u0131\u011f\u0131m\u0131z k\u00f6\u00e7k\u00fcnl\u0259r\u0259 veril\u0259n \u201c\u00e7\u00f6r\u0259k pulu\u201ddur. Bununla da kommunal x\u0259rcl\u0259rimizi, yem\u0259yimizi g\u00fccl\u0259 \u00e7atd\u0131r\u0131r\u0131q. H\u0259min pulla ev almaq v\u0259 ya kiray\u0259y\u0259 \u00e7\u0131xmaq m\u00fcmk\u00fcn deyil\u201d.\n<\/p>\n<figure class=\"wp-block-image size-large\">\n  <img decoding=\"async\" src=\"https:\/\/www.meydan.tv\/az\/image_from_ios-5-jpg-88\/\" alt=\"image_from_ios (5).jpg\" class=\"wp-image-139062\"\/><figcaption>\n    Namiq F\u0259t\u0259liyev<br \/>\n  <\/figcaption><\/figure>\n<p>\n  F\u0259rqan\u0259 F\u0259t\u0259liyeva deyir ki, d\u0259f\u0259l\u0259rl\u0259 probleml\u0259ri il\u0259 ba\u011fl\u0131 Yevax Rayon \u0130cra Hakimiyy\u0259tin\u0259, K\u0259lb\u0259c\u0259r Rayon \u0130cra Hakimiyy\u0259tin\u0259 m\u00fcraci\u0259t edibl\u0259r. H\u0259r d\u0259f\u0259sind\u0259 d\u0259 \u201cbiz n\u0259 ed\u0259k? \u018flimizd\u0259n g\u0259l\u0259n n\u0259s\u0259 yoxdur\u201d, &#8211; cavab\u0131n\u0131 al\u0131blar:\n<\/p>\n<p>\n  \u201cBir bax\u0131n, bel\u0259 bir \u015f\u0259raitd\u0259 2 bala b\u00f6y\u00fcd\u00fcr\u00fck. Yaz\u0131q u\u015faqlar revmatizmadan \u0259ziyy\u0259t \u00e7\u0259kirl\u0259r. Vallah, \u00e7\u0259tindir. Bizi \u015f\u0259raitsizlik, d\u0259rd bo\u011fur. Anamgil d\u0259 m\u0259cburi k\u00f6\u00e7k\u00fcnd\u00fcrl\u0259r v\u0259 ba\u015fqa bir yerd\u0259 m\u0259skunla\u015fm\u0131\u015fd\u0131lar. Onlar\u0131n ham\u0131s\u0131na ev tikilib verildi. Bizi yada salan yoxdur. Dey\u0259nd\u0259 d\u0259 deyirl\u0259r ki, siyah\u0131ya alm\u0131\u015f\u0131q, n\u0259 vaxtsa ver\u0259c\u0259yik. Daha biz x\u0259st\u0259 d\u00fc\u015f\u00fcm\u00fc\u015f\u00fck, \u00f6z\u00fcm\u00fcz, u\u015faqlar\u0131m\u0131z pis g\u00fcnd\u0259dir. N\u0259 zaman ver\u0259c\u0259kl\u0259r evi? Biz \u00f6l\u0259nd\u0259n sonra?\u201d\n<\/p>\n<p>\n  Namiq F\u0259t\u0259liyev deyir ki, bir ne\u00e7\u0259 il bundan \u00f6nc\u0259y\u0259 q\u0259d\u0259r \u015f\u0259raitl\u0259ri \u00e7ox da b\u0259rbad olmay\u0131b. El\u0259 ki, ota\u011f\u0131n biri tamamil\u0259 s\u0131radan \u00e7\u0131x\u0131b. Bundan sonra \u0259\u015fyalar\u0131 \u00fcst-\u00fcst\u0259 qalaqlan\u0131b:\n<\/p>\n<p>\n  \u201cVallah, ya\u015faya bilmirik. Ya\u015f artd\u0131qca, problem, x\u0259st\u0259lik d\u0259 onunla b\u0259rab\u0259r art\u0131r. Burada qalmaq art\u0131q bizim \u00fc\u00e7\u00fcn \u00e7ox risklidir. 2 u\u015faq b\u00f6y\u00fcy\u00fcr bu evd\u0259. \u00d6z\u00fc d\u0259 o q\u0259d\u0259r yax\u015f\u0131 oxuyurlar ki&#8230; Utan\u0131ram onlar\u0131n \u00fcz\u00fcn\u0259 baxanda. Ham\u0131 ist\u0259y\u0259r ki, \u00f6vlad\u0131n\u0131 normal b\u00f6y\u00fcts\u00fcn. Biz d\u0259 ist\u0259yirik, amma al\u0131nm\u0131r, al\u0131nd\u0131ra bilmirik. Yan\u0131b t\u00f6k\u00fcl\u00fcr\u00fck. H\u00f6kum\u0259t \u00fc\u00e7\u00fcn bir ail\u0259ni yerl\u0259\u015fdirm\u0259k n\u0259 q\u0259d\u0259r \u00e7\u0259tin i\u015fdir?\u201d\n<\/p>\n<figure class=\"wp-block-image size-large\">\n  <img decoding=\"async\" src=\"https:\/\/www.meydan.tv\/az\/image_from_ios-6-jpg-75\/\" alt=\"image_from_ios (6).jpg\" class=\"wp-image-139071\"\/><figcaption>\n    &#8220;Bir bax\u0131n, bel\u0259 bir \u015f\u0259raitd\u0259 2 bala b\u00f6y\u00fcd\u00fcr\u00fck&#8221;.<br \/>\n  <\/figcaption><\/figure>\n<p>\n  Yevlax Rayon Qa\u00e7q\u0131n v\u0259 M\u0259cburi K\u00f6\u00e7k\u00fcnl\u0259rin \u0130\u015fl\u0259ri \u00fczr\u0259 D\u00f6vl\u0259t Komit\u0259si r\u0259hb\u0259rinin m\u00fcavini M\u0259h\u0259bb\u0259t H\u00fcmb\u0259tov Meydan TV-y\u0259 deyib ki, b\u0259li, m\u0259cburi k\u00f6\u00e7k\u00fcnl\u0259r var ki, onlar \u015f\u0259raitsiz yerl\u0259rd\u0259 ya\u015fay\u0131rlar. Ancaq ham\u0131s\u0131 qeydiyyata al\u0131n\u0131b:\n<\/p>\n<p>\n  \u201cN\u0259 zamansa bu \u0259razid\u0259 m\u0259cburi k\u00f6\u00e7k\u00fcnl\u0259r \u00fc\u00e7\u00fcn ev tikil\u0259c\u0259k. Onlar\u0131n ham\u0131s\u0131 m\u00fcv\u0259qq\u0259ti m\u0259skunla\u015fd\u0131qlar\u0131 \u0259razil\u0259rd\u0259n k\u00f6\u00e7\u00fcr\u00fcl\u0259c\u0259kl\u0259r. H\u0259min evl\u0259rl\u0259 t\u0259min edil\u0259c\u0259kl\u0259r. Hal-haz\u0131rda Yevlaxda bu t\u0259yinatda tikinti yoxdur\u201d.\n<\/p>\n<p>\n  Meydan TV ail\u0259nin m\u00fcraci\u0259ti il\u0259 ba\u011fl\u0131 Qa\u00e7q\u0131nlar\u0131n v\u0259 M\u0259cburi K\u00f6\u00e7k\u00fcnl\u0259rin \u0130\u015fl\u0259ri \u00dczr\u0259 D\u00f6vl\u0259t Komit\u0259sin\u0259 sor\u011fu g\u00f6nd\u0259rib. Bir h\u0259ft\u0259 \u0259rzind\u0259 sor\u011fuya cavab ala bilm\u0259yib.\n<\/p>\n<p>\n  Ancaq komit\u0259sinin bel\u0259 durumlarda ad\u0259t\u0259n bir cavab\u0131 olur. H\u0259r d\u0259f\u0259sind\u0259 bildirirl\u0259r ki, b\u00fct\u00fcn m\u0259cburi k\u00f6\u00e7k\u00fcnl\u0259r siyah\u0131ya al\u0131n\u0131b, ham\u0131 bir g\u00fcn evl\u0259 t\u0259min edil\u0259c\u0259k. Sad\u0259c\u0259 bu i\u015fl\u0259r m\u0259rh\u0259l\u0259li \u015f\u0259kild\u0259 h\u0259yata ke\u00e7irilir. N\u00f6vb\u0259 ham\u0131ya \u00e7atacaq.\n<\/p>\n<figure class=\"wp-block-image size-large\">\n  <img decoding=\"async\" src=\"https:\/\/www.meydan.tv\/az\/image_from_ios-3-jpg-83\/\" alt=\"image_from_ios (3).jpg\" class=\"wp-image-139065\"\/><figcaption>\n    Evin xan\u0131m\u0131 F\u0259rqan\u0259 F\u0259t\u0259liyeva deyir ki, g\u00f6z\u00fcn\u00fc a\u00e7andan bel\u0259 \u015f\u0259raitli yerl\u0259rd\u0259 ya\u015fay\u0131b.<br \/>\n  <\/figcaption><\/figure>\n<p>\n  1990-c\u0131 ilin \u0259vv\u0259ll\u0259rind\u0259 Qaraba\u011fda Az\u0259rbaycan v\u0259 Erm\u0259nistan aras\u0131nda silahl\u0131 m\u00fcnaqi\u015f\u0259 y\u00fcz minl\u0259rl\u0259 insan\u0131 evind\u0259n k\u00f6\u00e7k\u00fcn sal\u0131b.\n<\/p>\n<p>\n  BMT-nin Miqrasiya Agentliyinin m\u0259lumat\u0131na (https:\/\/www.refworld.org\/country,,UNHCR,,AZE,,5b081e2f4,0.html) \u0259sas\u0259n, 1994-c\u00fc ild\u0259 at\u0259\u015fk\u0259s imzalanana q\u0259d\u0259r m\u00fcharib\u0259d\u0259 30000-d\u0259n \u00e7ox insan h\u0259yat\u0131n\u0131 itirib, 600 mind\u0259n \u00e7ox insan m\u0259cburi k\u00f6\u00e7k\u00fcn v\u0259 250 mind\u0259n \u00e7ox etnik az\u0259rbaycanl\u0131 is\u0259 qa\u00e7q\u0131n d\u00fc\u015f\u00fcb.\n<\/p>\n<p>\n  K\u00f6\u00e7k\u00fcn d\u00fc\u015fm\u00fc\u015f \u0259hali s\u0131\u011f\u0131nacaq kimi istifad\u0259 ed\u0259 bil\u0259c\u0259kl\u0259ri h\u0259r yerd\u0259 m\u0259skunla\u015f\u0131b. M\u0259kt\u0259bl\u0259r, x\u0259st\u0259xanalar, u\u015faq ba\u011f\u00e7alar\u0131, kitabxanalar, yol k\u0259narlar\u0131, ya da bu ail\u0259 kimi ki\u00e7ik daxmalarda m\u0259skunla\u015f\u0131blar. H\u0259tta ilk vaxtlarda \u00e7ad\u0131rlarda qalanlar da var idi. Bu s\u0131\u011f\u0131nacaqlar m\u00fcv\u0259qq\u0259ti say\u0131l\u0131rd\u0131, ancaq insanlar 25 ild\u0259n art\u0131qd\u0131r ki, bu yerl\u0259rd\u0259 ya\u015fay\u0131rlar. M\u00fcv\u0259qq\u0259ti s\u0131\u011f\u0131nd\u0131qlar\u0131 bu yerl\u0259r onlar\u0131n daimi ya\u015fay\u0131\u015f m\u0259sk\u0259nl\u0259rin\u0259 \u00e7evrilib.\n<\/p>\n<figure class=\"wp-block-image size-large\">\n  <img decoding=\"async\" src=\"https:\/\/www.meydan.tv\/az\/image_from_ios-4-jpg-120\/\" alt=\"image_from_ios (4).jpg\" class=\"wp-image-139068\"\/><figcaption>\n    F\u0259rqan\u0259 F\u0259t\u0259liyeva: H\u0259mi\u015f\u0259 normal evinin olmas\u0131n\u0131 x\u0259yal edib, ancaq m\u00f6vcud imkanlar\u0131 buna uy\u011fun olmay\u0131b<br \/>\n  <\/figcaption><\/figure>\n","protected":false},"excerpt":{"rendered":"<p>&#8220;Bundan sonra \u0259\u015fyalar\u0131 \u00fcst-\u00fcst\u0259 qalaqlan\u0131b&#8221;<\/p>\n","protected":false},"author":11,"featured_media":139059,"comment_status":"closed","ping_status":"open","sticky":false,"template":"","format":"standard","meta":{"_acf_changed":false,"_sitemap_exclude":false,"_sitemap_priority":"","_sitemap_frequency":"","footnotes":""},"categories":[60],"tags":[],"class_list":["post-199732","post","type-post","status-publish","format-standard","has-post-thumbnail","hentry","category-bolge","infinite-scroll-item","generate-columns","tablet-grid-50","mobile-grid-100","grid-parent","grid-33","no-featured-image-padding"],"acf":[],"yoast_head":"<!-- This site is optimized with the Yoast SEO plugin v27.5 - https:\/\/yoast.com\/product\/yoast-seo-wordpress\/ -->\n<title>K\u0259lb\u0259c\u0259rli k\u00f6\u00e7k\u00fcn: U\u015faqlar 3 ay masan\u0131n \u00fcst\u00fcnd\u0259 yat\u0131b - MEYDAN.TV<\/title>\n<meta name=\"robots\" content=\"index, follow, max-snippet:-1, max-image-preview:large, max-video-preview:-1\" \/>\n<link rel=\"canonical\" href=\"https:\/\/www.meydan.tv\/az\/article\/kelbecerli-kockun-usaqlar-3-ay-masanin-ustunde-yatib\/\" \/>\n<meta property=\"og:locale\" content=\"az_AZ\" \/>\n<meta property=\"og:type\" content=\"article\" \/>\n<meta property=\"og:title\" content=\"K\u0259lb\u0259c\u0259rli k\u00f6\u00e7k\u00fcn: U\u015faqlar 3 ay masan\u0131n \u00fcst\u00fcnd\u0259 yat\u0131b - MEYDAN.TV\" \/>\n<meta property=\"og:description\" content=\"&quot;Bundan sonra \u0259\u015fyalar\u0131 \u00fcst-\u00fcst\u0259 qalaqlan\u0131b&quot;\" \/>\n<meta property=\"og:url\" content=\"https:\/\/www.meydan.tv\/az\/article\/kelbecerli-kockun-usaqlar-3-ay-masanin-ustunde-yatib\/\" \/>\n<meta property=\"og:site_name\" content=\"MEYDAN.TV\" \/>\n<meta property=\"article:published_time\" content=\"2020-03-17T13:16:38+00:00\" \/>\n<meta property=\"og:image\" content=\"https:\/\/www.meydan.tv\/wp-content\/uploads\/image_from_ios_2_lsongyj-scaled.jpg\" \/>\n\t<meta property=\"og:image:width\" content=\"2560\" \/>\n\t<meta property=\"og:image:height\" content=\"1920\" \/>\n\t<meta property=\"og:image:type\" content=\"image\/jpeg\" \/>\n<meta name=\"author\" content=\"user-manager\" \/>\n<meta name=\"twitter:card\" content=\"summary_large_image\" \/>\n<script type=\"application\/ld+json\" class=\"yoast-schema-graph\">{\"@context\":\"https:\\\/\\\/schema.org\",\"@graph\":[{\"@type\":\"Article\",\"@id\":\"https:\\\/\\\/www.meydan.tv\\\/az\\\/article\\\/kelbecerli-kockun-usaqlar-3-ay-masanin-ustunde-yatib\\\/#article\",\"isPartOf\":{\"@id\":\"https:\\\/\\\/www.meydan.tv\\\/az\\\/article\\\/kelbecerli-kockun-usaqlar-3-ay-masanin-ustunde-yatib\\\/\"},\"author\":{\"name\":\"user-manager\",\"@id\":\"https:\\\/\\\/www.meydan.tv\\\/az\\\/#\\\/schema\\\/person\\\/10d11eccf6da3662cf5fdab9806ea91a\"},\"headline\":\"K\u0259lb\u0259c\u0259rli k\u00f6\u00e7k\u00fcn: U\u015faqlar 3 ay masan\u0131n \u00fcst\u00fcnd\u0259 yat\u0131b\",\"datePublished\":\"2020-03-17T13:16:38+00:00\",\"mainEntityOfPage\":{\"@id\":\"https:\\\/\\\/www.meydan.tv\\\/az\\\/article\\\/kelbecerli-kockun-usaqlar-3-ay-masanin-ustunde-yatib\\\/\"},\"wordCount\":1137,\"publisher\":{\"@id\":\"https:\\\/\\\/www.meydan.tv\\\/az\\\/#organization\"},\"image\":{\"@id\":\"https:\\\/\\\/www.meydan.tv\\\/az\\\/article\\\/kelbecerli-kockun-usaqlar-3-ay-masanin-ustunde-yatib\\\/#primaryimage\"},\"thumbnailUrl\":\"https:\\\/\\\/www.meydan.tv\\\/wp-content\\\/uploads\\\/image_from_ios_2_lsongyj-scaled.jpg\",\"articleSection\":[\"B\u00f6lg\u0259\"],\"inLanguage\":\"az\"},{\"@type\":\"WebPage\",\"@id\":\"https:\\\/\\\/www.meydan.tv\\\/az\\\/article\\\/kelbecerli-kockun-usaqlar-3-ay-masanin-ustunde-yatib\\\/\",\"url\":\"https:\\\/\\\/www.meydan.tv\\\/az\\\/article\\\/kelbecerli-kockun-usaqlar-3-ay-masanin-ustunde-yatib\\\/\",\"name\":\"K\u0259lb\u0259c\u0259rli k\u00f6\u00e7k\u00fcn: U\u015faqlar 3 ay masan\u0131n \u00fcst\u00fcnd\u0259 yat\u0131b - MEYDAN.TV\",\"isPartOf\":{\"@id\":\"https:\\\/\\\/www.meydan.tv\\\/az\\\/#website\"},\"primaryImageOfPage\":{\"@id\":\"https:\\\/\\\/www.meydan.tv\\\/az\\\/article\\\/kelbecerli-kockun-usaqlar-3-ay-masanin-ustunde-yatib\\\/#primaryimage\"},\"image\":{\"@id\":\"https:\\\/\\\/www.meydan.tv\\\/az\\\/article\\\/kelbecerli-kockun-usaqlar-3-ay-masanin-ustunde-yatib\\\/#primaryimage\"},\"thumbnailUrl\":\"https:\\\/\\\/www.meydan.tv\\\/wp-content\\\/uploads\\\/image_from_ios_2_lsongyj-scaled.jpg\",\"datePublished\":\"2020-03-17T13:16:38+00:00\",\"breadcrumb\":{\"@id\":\"https:\\\/\\\/www.meydan.tv\\\/az\\\/article\\\/kelbecerli-kockun-usaqlar-3-ay-masanin-ustunde-yatib\\\/#breadcrumb\"},\"inLanguage\":\"az\",\"potentialAction\":[{\"@type\":\"ReadAction\",\"target\":[\"https:\\\/\\\/www.meydan.tv\\\/az\\\/article\\\/kelbecerli-kockun-usaqlar-3-ay-masanin-ustunde-yatib\\\/\"]}]},{\"@type\":\"ImageObject\",\"inLanguage\":\"az\",\"@id\":\"https:\\\/\\\/www.meydan.tv\\\/az\\\/article\\\/kelbecerli-kockun-usaqlar-3-ay-masanin-ustunde-yatib\\\/#primaryimage\",\"url\":\"https:\\\/\\\/www.meydan.tv\\\/wp-content\\\/uploads\\\/image_from_ios_2_lsongyj-scaled.jpg\",\"contentUrl\":\"https:\\\/\\\/www.meydan.tv\\\/wp-content\\\/uploads\\\/image_from_ios_2_lsongyj-scaled.jpg\",\"width\":2560,\"height\":1920,\"caption\":\"Source: Specify Source\"},{\"@type\":\"BreadcrumbList\",\"@id\":\"https:\\\/\\\/www.meydan.tv\\\/az\\\/article\\\/kelbecerli-kockun-usaqlar-3-ay-masanin-ustunde-yatib\\\/#breadcrumb\",\"itemListElement\":[{\"@type\":\"ListItem\",\"position\":1,\"name\":\"Ana s\u0259hif\u0259\",\"item\":\"https:\\\/\\\/www.meydan.tv\\\/az\\\/\"},{\"@type\":\"ListItem\",\"position\":2,\"name\":\"B\u00f6lg\u0259\",\"item\":\"https:\\\/\\\/www.meydan.tv\\\/az\\\/section\\\/bolge\\\/\"},{\"@type\":\"ListItem\",\"position\":3,\"name\":\"K\u0259lb\u0259c\u0259rli k\u00f6\u00e7k\u00fcn: U\u015faqlar 3 ay masan\u0131n \u00fcst\u00fcnd\u0259 yat\u0131b\"}]},{\"@type\":\"WebSite\",\"@id\":\"https:\\\/\\\/www.meydan.tv\\\/az\\\/#website\",\"url\":\"https:\\\/\\\/www.meydan.tv\\\/az\\\/\",\"name\":\"MEYDAN.TV\",\"description\":\"Meydan TV Az\u0259rbaycan\u0131n media m\u0259kan\u0131ndak\u0131 alternativ s\u0259sidir\",\"publisher\":{\"@id\":\"https:\\\/\\\/www.meydan.tv\\\/az\\\/#organization\"},\"potentialAction\":[{\"@type\":\"SearchAction\",\"target\":{\"@type\":\"EntryPoint\",\"urlTemplate\":\"https:\\\/\\\/www.meydan.tv\\\/az\\\/?s={search_term_string}\"},\"query-input\":{\"@type\":\"PropertyValueSpecification\",\"valueRequired\":true,\"valueName\":\"search_term_string\"}}],\"inLanguage\":\"az\"},{\"@type\":\"Organization\",\"@id\":\"https:\\\/\\\/www.meydan.tv\\\/az\\\/#organization\",\"name\":\"Meydan TV\",\"url\":\"https:\\\/\\\/www.meydan.tv\\\/az\\\/\",\"logo\":{\"@type\":\"ImageObject\",\"inLanguage\":\"az\",\"@id\":\"https:\\\/\\\/www.meydan.tv\\\/az\\\/#\\\/schema\\\/logo\\\/image\\\/\",\"url\":\"https:\\\/\\\/www.meydan.tv\\\/wp-content\\\/uploads\\\/2021\\\/07\\\/meydan-logo.svg\",\"contentUrl\":\"https:\\\/\\\/www.meydan.tv\\\/wp-content\\\/uploads\\\/2021\\\/07\\\/meydan-logo.svg\",\"width\":195,\"height\":46,\"caption\":\"Meydan TV\"},\"image\":{\"@id\":\"https:\\\/\\\/www.meydan.tv\\\/az\\\/#\\\/schema\\\/logo\\\/image\\\/\"}},{\"@type\":\"Person\",\"@id\":\"https:\\\/\\\/www.meydan.tv\\\/az\\\/#\\\/schema\\\/person\\\/10d11eccf6da3662cf5fdab9806ea91a\",\"name\":\"user-manager\"}]}<\/script>\n<!-- \/ Yoast SEO plugin. -->","yoast_head_json":{"title":"K\u0259lb\u0259c\u0259rli k\u00f6\u00e7k\u00fcn: U\u015faqlar 3 ay masan\u0131n \u00fcst\u00fcnd\u0259 yat\u0131b - MEYDAN.TV","robots":{"index":"index","follow":"follow","max-snippet":"max-snippet:-1","max-image-preview":"max-image-preview:large","max-video-preview":"max-video-preview:-1"},"canonical":"https:\/\/www.meydan.tv\/az\/article\/kelbecerli-kockun-usaqlar-3-ay-masanin-ustunde-yatib\/","og_locale":"az_AZ","og_type":"article","og_title":"K\u0259lb\u0259c\u0259rli k\u00f6\u00e7k\u00fcn: U\u015faqlar 3 ay masan\u0131n \u00fcst\u00fcnd\u0259 yat\u0131b - MEYDAN.TV","og_description":"\"Bundan sonra \u0259\u015fyalar\u0131 \u00fcst-\u00fcst\u0259 qalaqlan\u0131b\"","og_url":"https:\/\/www.meydan.tv\/az\/article\/kelbecerli-kockun-usaqlar-3-ay-masanin-ustunde-yatib\/","og_site_name":"MEYDAN.TV","article_published_time":"2020-03-17T13:16:38+00:00","og_image":[{"width":2560,"height":1920,"url":"https:\/\/www.meydan.tv\/wp-content\/uploads\/image_from_ios_2_lsongyj-scaled.jpg","type":"image\/jpeg"}],"author":"user-manager","twitter_card":"summary_large_image","schema":{"@context":"https:\/\/schema.org","@graph":[{"@type":"Article","@id":"https:\/\/www.meydan.tv\/az\/article\/kelbecerli-kockun-usaqlar-3-ay-masanin-ustunde-yatib\/#article","isPartOf":{"@id":"https:\/\/www.meydan.tv\/az\/article\/kelbecerli-kockun-usaqlar-3-ay-masanin-ustunde-yatib\/"},"author":{"name":"user-manager","@id":"https:\/\/www.meydan.tv\/az\/#\/schema\/person\/10d11eccf6da3662cf5fdab9806ea91a"},"headline":"K\u0259lb\u0259c\u0259rli k\u00f6\u00e7k\u00fcn: U\u015faqlar 3 ay masan\u0131n \u00fcst\u00fcnd\u0259 yat\u0131b","datePublished":"2020-03-17T13:16:38+00:00","mainEntityOfPage":{"@id":"https:\/\/www.meydan.tv\/az\/article\/kelbecerli-kockun-usaqlar-3-ay-masanin-ustunde-yatib\/"},"wordCount":1137,"publisher":{"@id":"https:\/\/www.meydan.tv\/az\/#organization"},"image":{"@id":"https:\/\/www.meydan.tv\/az\/article\/kelbecerli-kockun-usaqlar-3-ay-masanin-ustunde-yatib\/#primaryimage"},"thumbnailUrl":"https:\/\/www.meydan.tv\/wp-content\/uploads\/image_from_ios_2_lsongyj-scaled.jpg","articleSection":["B\u00f6lg\u0259"],"inLanguage":"az"},{"@type":"WebPage","@id":"https:\/\/www.meydan.tv\/az\/article\/kelbecerli-kockun-usaqlar-3-ay-masanin-ustunde-yatib\/","url":"https:\/\/www.meydan.tv\/az\/article\/kelbecerli-kockun-usaqlar-3-ay-masanin-ustunde-yatib\/","name":"K\u0259lb\u0259c\u0259rli k\u00f6\u00e7k\u00fcn: U\u015faqlar 3 ay masan\u0131n \u00fcst\u00fcnd\u0259 yat\u0131b - MEYDAN.TV","isPartOf":{"@id":"https:\/\/www.meydan.tv\/az\/#website"},"primaryImageOfPage":{"@id":"https:\/\/www.meydan.tv\/az\/article\/kelbecerli-kockun-usaqlar-3-ay-masanin-ustunde-yatib\/#primaryimage"},"image":{"@id":"https:\/\/www.meydan.tv\/az\/article\/kelbecerli-kockun-usaqlar-3-ay-masanin-ustunde-yatib\/#primaryimage"},"thumbnailUrl":"https:\/\/www.meydan.tv\/wp-content\/uploads\/image_from_ios_2_lsongyj-scaled.jpg","datePublished":"2020-03-17T13:16:38+00:00","breadcrumb":{"@id":"https:\/\/www.meydan.tv\/az\/article\/kelbecerli-kockun-usaqlar-3-ay-masanin-ustunde-yatib\/#breadcrumb"},"inLanguage":"az","potentialAction":[{"@type":"ReadAction","target":["https:\/\/www.meydan.tv\/az\/article\/kelbecerli-kockun-usaqlar-3-ay-masanin-ustunde-yatib\/"]}]},{"@type":"ImageObject","inLanguage":"az","@id":"https:\/\/www.meydan.tv\/az\/article\/kelbecerli-kockun-usaqlar-3-ay-masanin-ustunde-yatib\/#primaryimage","url":"https:\/\/www.meydan.tv\/wp-content\/uploads\/image_from_ios_2_lsongyj-scaled.jpg","contentUrl":"https:\/\/www.meydan.tv\/wp-content\/uploads\/image_from_ios_2_lsongyj-scaled.jpg","width":2560,"height":1920,"caption":"Source: Specify Source"},{"@type":"BreadcrumbList","@id":"https:\/\/www.meydan.tv\/az\/article\/kelbecerli-kockun-usaqlar-3-ay-masanin-ustunde-yatib\/#breadcrumb","itemListElement":[{"@type":"ListItem","position":1,"name":"Ana s\u0259hif\u0259","item":"https:\/\/www.meydan.tv\/az\/"},{"@type":"ListItem","position":2,"name":"B\u00f6lg\u0259","item":"https:\/\/www.meydan.tv\/az\/section\/bolge\/"},{"@type":"ListItem","position":3,"name":"K\u0259lb\u0259c\u0259rli k\u00f6\u00e7k\u00fcn: U\u015faqlar 3 ay masan\u0131n \u00fcst\u00fcnd\u0259 yat\u0131b"}]},{"@type":"WebSite","@id":"https:\/\/www.meydan.tv\/az\/#website","url":"https:\/\/www.meydan.tv\/az\/","name":"MEYDAN.TV","description":"Meydan TV Az\u0259rbaycan\u0131n media m\u0259kan\u0131ndak\u0131 alternativ s\u0259sidir","publisher":{"@id":"https:\/\/www.meydan.tv\/az\/#organization"},"potentialAction":[{"@type":"SearchAction","target":{"@type":"EntryPoint","urlTemplate":"https:\/\/www.meydan.tv\/az\/?s={search_term_string}"},"query-input":{"@type":"PropertyValueSpecification","valueRequired":true,"valueName":"search_term_string"}}],"inLanguage":"az"},{"@type":"Organization","@id":"https:\/\/www.meydan.tv\/az\/#organization","name":"Meydan TV","url":"https:\/\/www.meydan.tv\/az\/","logo":{"@type":"ImageObject","inLanguage":"az","@id":"https:\/\/www.meydan.tv\/az\/#\/schema\/logo\/image\/","url":"https:\/\/www.meydan.tv\/wp-content\/uploads\/2021\/07\/meydan-logo.svg","contentUrl":"https:\/\/www.meydan.tv\/wp-content\/uploads\/2021\/07\/meydan-logo.svg","width":195,"height":46,"caption":"Meydan TV"},"image":{"@id":"https:\/\/www.meydan.tv\/az\/#\/schema\/logo\/image\/"}},{"@type":"Person","@id":"https:\/\/www.meydan.tv\/az\/#\/schema\/person\/10d11eccf6da3662cf5fdab9806ea91a","name":"user-manager"}]}},"_links":{"self":[{"href":"https:\/\/www.meydan.tv\/az\/wp-json\/wp\/v2\/posts\/199732","targetHints":{"allow":["GET"]}}],"collection":[{"href":"https:\/\/www.meydan.tv\/az\/wp-json\/wp\/v2\/posts"}],"about":[{"href":"https:\/\/www.meydan.tv\/az\/wp-json\/wp\/v2\/types\/post"}],"author":[{"embeddable":true,"href":"https:\/\/www.meydan.tv\/az\/wp-json\/wp\/v2\/users\/11"}],"replies":[{"embeddable":true,"href":"https:\/\/www.meydan.tv\/az\/wp-json\/wp\/v2\/comments?post=199732"}],"version-history":[{"count":0,"href":"https:\/\/www.meydan.tv\/az\/wp-json\/wp\/v2\/posts\/199732\/revisions"}],"wp:featuredmedia":[{"embeddable":true,"href":"https:\/\/www.meydan.tv\/az\/wp-json\/wp\/v2\/media\/139059"}],"wp:attachment":[{"href":"https:\/\/www.meydan.tv\/az\/wp-json\/wp\/v2\/media?parent=199732"}],"wp:term":[{"taxonomy":"category","embeddable":true,"href":"https:\/\/www.meydan.tv\/az\/wp-json\/wp\/v2\/categories?post=199732"},{"taxonomy":"post_tag","embeddable":true,"href":"https:\/\/www.meydan.tv\/az\/wp-json\/wp\/v2\/tags?post=199732"}],"curies":[{"name":"wp","href":"https:\/\/api.w.org\/{rel}","templated":true}]}}