{"id":199705,"date":"2020-03-16T11:18:02","date_gmt":"2020-03-16T11:18:02","guid":{"rendered":"https:\/\/www.meydan.tv\/article\/zelzeleden-zererceken-niye-bu-yasimda-kirayelerde-qalmaliyam\/"},"modified":"2020-03-16T11:18:02","modified_gmt":"2020-03-16T11:18:02","slug":"zelzeleden-zererceken-niye-bu-yasimda-kirayelerde-qalmaliyam","status":"publish","type":"post","link":"https:\/\/www.meydan.tv\/az\/article\/zelzeleden-zererceken-niye-bu-yasimda-kirayelerde-qalmaliyam\/","title":{"rendered":"Z\u0259lz\u0259l\u0259d\u0259n z\u0259r\u0259r\u00e7\u0259k\u0259n: Niy\u0259 bu ya\u015f\u0131mda kiray\u0259l\u0259rd\u0259 qalmal\u0131yam?"},"content":{"rendered":"<p>\n  <i><br \/>\n    \u201cEvimizi b\u0259rpa edib, t\u0259hvil verin\u201d<br \/>\n  <\/i>\n<\/p>\n<p>\n  \u201c\u00d6t\u0259n il ba\u015f ver\u0259n z\u0259lz\u0259l\u0259d\u0259n sonra A\u011fsu Rayon \u0130cra Hakimiyy\u0259tin\u0259 m\u00fcraci\u0259t etdik. G\u0259lib, ev\u0259 bax\u0131b t\u0259mir yazm\u0131\u015fd\u0131lar. \u00dcz\u0259rind\u0259n aylar ke\u00e7s\u0259 d\u0259, he\u00e7 bir x\u0259b\u0259r-\u0259t\u0259r \u00e7\u0131xmad\u0131. M\u0259n F\u00f6vq\u0259lad\u0259 Hallar Nazirliyin\u0259 m\u0259ktub yazandan sonra cavab g\u0259ldi ki, sizin eviniz siyah\u0131ya al\u0131nmay\u0131b\u201d.\n<\/p>\n<p>\n  Bu s\u00f6zl\u0259ri Meydan TV-y\u0259 A\u011fsu \u015f\u0259h\u0259ri, S\u00f6hb\u0259t Quliyev k\u00fc\u00e7\u0259si 5, ev 10 \u00fcnvan\u0131nda ya\u015fayan 1964-c\u00fc il t\u0259v\u0259ll\u00fcdl\u00fc Dilar\u0259 \u00c7oban q\u0131z\u0131 Nem\u0259tova deyir.\n<\/p>\n<p>\n  Bildirdiyin\u0259 g\u00f6r\u0259, \u00f6t\u0259nilki z\u0259lz\u0259l\u0259d\u0259n sonra onlara aid f\u0259rdi ya\u015fay\u0131\u015f evi q\u0259zal\u0131 v\u0259ziyy\u0259t\u0259 d\u00fc\u015f\u00fcb. \u015eikay\u0259t\u00e7i s\u00f6yl\u0259yir ki, z\u0259lz\u0259l\u0259d\u0259n 15 g\u00fcn sonra yerli icra hakimiyy\u0259tin\u0259 m\u00fcraci\u0259t edib. F\u00f6vq\u0259lad\u0259 Hallar Nazirliyi t\u0259r\u0259find\u0259n yarad\u0131lan komissiya \u00fczvl\u0259rinin evd\u0259 ke\u00e7irdiyi ilkin bax\u0131\u015fdan sonra verdiyi r\u0259y onlar\u0131 qane etm\u0259yib:\n<\/p>\n<p>\n  \u201cM\u00fcraci\u0259timizd\u0259n sonra g\u0259lib maraqland\u0131lar, ev\u0259 t\u0259mir yazm\u0131\u015fd\u0131lar. Bir m\u00fcdd\u0259t he\u00e7 bir x\u0259b\u0259r-\u0259t\u0259r \u00e7\u0131xmad\u0131. \u0130kinci d\u0259f\u0259 Layih\u0259 \u0130nstitutundan g\u0259lib baxd\u0131lar. Bizd\u0259n soru\u015fdular ki, bu ev\u0259 n\u0259y\u0259 g\u00f6r\u0259 t\u0259mir yaz\u0131l\u0131b? T\u0259mirlik deyil, m\u00fctl\u0259q b\u0259rpa olunmal\u0131d\u0131r. Layih\u0259 \u0130nstitutundan g\u0259l\u0259nl\u0259r d\u0259 baxd\u0131lar, \u00e7\u0131x\u0131b getdil\u0259r. \u00d6zl\u0259ri d\u0259 g\u00f6rd\u00fc ki, evin i\u00e7\u0259risind\u0259n baxanda bay\u0131r g\u00f6r\u00fcn\u00fcr. Yeriy\u0259nd\u0259 d\u00f6\u015f\u0259m\u0259 silkl\u0259nir. \u018fvv\u0259ll\u0259r ev bu v\u0259ziyy\u0259td\u0259 deyildi. G\u00fccl\u00fc bir adam divara m\u00f6hk\u0259m yumruq vursa, u\u00e7acaq. Bundan sonra Prezident \u0130lham \u018fliyev\u0259, Birinci vitse-prezident Mehriban \u018fliyevaya, F\u00f6vq\u0259lad\u0259 Hallar Nazirliyin\u0259 d\u0259f\u0259l\u0259rl\u0259 m\u0259ktub yazd\u0131m. F\u00f6vq\u0259lad\u0259 Hallar Nazirliyind\u0259n cavab g\u0259ldi ki, evl\u0259 ba\u011fl\u0131 \u015fikay\u0259tinizi ara\u015fd\u0131rd\u0131q, qeydiyyat sistemind\u0259 ad-soyad\u0131n\u0131z yoxdur\u201d.\n<\/p>\n<figure class=\"wp-block-image size-large\">\n  <img decoding=\"async\" src=\"https:\/\/www.meydan.tv\/az\/89506599_2543159556004422_2763752085643067392_n-jpg\/\" alt=\"89506599_2543159556004422_2763752085643067392_n.jpg\" class=\"wp-image-139002\"\/><figcaption>\n    &#8220;Layih\u0259 \u0130nstitutundan g\u0259l\u0259nl\u0259r d\u0259 baxd\u0131lar, \u00e7\u0131x\u0131b getdil\u0259r&#8221;<br \/>\n  <\/figcaption><\/figure>\n<p>\n  Dilar\u0259 Nem\u0259tova bu m\u0259s\u0259l\u0259 il\u0259 ba\u011fl\u0131 A\u011fsu Rayon \u0130cra Hakimiyy\u0259tin\u0259 ged\u0259r\u0259k, icra ba\u015f\u00e7\u0131s\u0131 Vahid Ta\u011f\u0131yevin q\u0259bulunda olub. Ara\u015fd\u0131rma zaman\u0131 siyah\u0131yaalmada ad-soyad\u0131n\u0131n oldu\u011fu ortaya \u00e7\u0131x\u0131b:\n<\/p>\n<p>\n  \u201c\u0130cra Hakimiyytin\u0259 getdim, yoxlatd\u0131rd\u0131m, orada sistemd\u0259 ad-soyad\u0131m \u00e7\u0131xd\u0131, 197-ci adam idim. G\u00f6r\u00fc\u015f zaman\u0131 yeni icra ba\u015f\u00e7\u0131s\u0131 adamlara dedi ki, evl\u0259 ba\u011fl\u0131 buraya g\u0259lm\u0259yin, m\u0259ni narahat etm\u0259yin, bu i\u015fl\u0259r\u0259 F\u00f6vq\u0259lad\u0259 Hallar Nazirliyi bax\u0131r. Fikir verdim, orada kim ki, yalvar-yaxar etdi, imkans\u0131z oldu\u011funu dedi, onlar\u0131 qaba\u011fa \u00e7\u0259kdil\u0259r. Bel\u0259 etdikl\u0259ri \u00fc\u00e7\u00fcn \u00fcz\u0259rind\u0259n bir ild\u0259n \u00e7ox vaxt ke\u00e7m\u0259yin\u0259 baxmayaraq, h\u0259l\u0259 d\u0259 bizim evimiz\u0259 he\u00e7 bir \u0259ncam \u00e7\u0259kilm\u0259yib. M\u0259n orada bildirdim ki, bizim ya\u015fayacaq yerimiz yoxdur. Rayonda dolanmaq olmur. M\u0259cbur olub, kiray\u0259d\u0259 ya\u015fay\u0131r\u0131q. Evimizi b\u0259rpa edib, t\u0259hvil verin. Bildirdil\u0259r ki, narahat olmay\u0131n, sizin n\u00f6vb\u0259niz \u00e7atanda biz \u00f6z\u00fcm\u00fcz axtar\u0131b sizi tapaca\u011f\u0131q. \u00dcz\u0259rind\u0259n ne\u00e7\u0259 ay ke\u00e7di, x\u0259b\u0259r \u00e7\u0131xmad\u0131. Bu yax\u0131nlarda, t\u0259xmin\u0259n \u00fc\u00e7 ay \u00f6nc\u0259 yen\u0259 d\u0259 Prezident \u0130lham \u018fliyev\u0259, Birinci vitse-prezident Mehriban \u018fliyevaya, F\u00f6vq\u0259lad\u0259 Hallar Nazirliyin\u0259 m\u0259ktub yazd\u0131m. F\u00f6vq\u0259lad\u0259 Hallar Nazirliyind\u0259n m\u0259n\u0259 cavab g\u0259ldi ki, sizin evinizin smeta d\u0259y\u0259ri hesablan\u0131r. Hesablama ba\u015fa \u00e7atandan sonra rayonun icra hakimiyy\u0259tin\u0259 g\u00f6nd\u0259ril\u0259c\u0259k. \u0130cra hakimiyy\u0259tind\u0259n sizi \u00e7a\u011f\u0131racaqlar, i\u015f\u0259 ba\u015flan\u0131lacaq. \u00dcz\u0259rind\u0259n \u00fc\u00e7 ay ke\u00e7ib, h\u0259l\u0259 d\u0259 \u00e7a\u011f\u0131rmay\u0131blar\u201d.\n<\/p>\n<figure class=\"wp-block-image size-large\">\n  <img decoding=\"async\" src=\"https:\/\/www.meydan.tv\/az\/89548519_2543159846004393_5562158535820705792_n-jpg-2\/\" alt=\"89548519_2543159846004393_5562158535820705792_n.jpg\" class=\"wp-image-138996\"\/><figcaption>\n    Dilar\u0259 Nem\u0259tova<br \/>\n  <\/figcaption><\/figure>\n<p>\n  \u201cEvi \u00f6z\u00fcm\u00fcz ail\u0259 qurandan bir ne\u00e7\u0259 il sonra, 1989-1990-c\u0131 ill\u0259rd\u0259 tikmi\u015fik. \u00dc\u00e7otaql\u0131 evdir, qar\u015f\u0131 hiss\u0259sind\u0259 is\u0259 art\u0131rma- zal var. Rayon yeridir, i\u015f yoxdur, kas\u0131bl\u0131q ucbat\u0131ndan evi tam t\u0259mir etdir\u0259 bilm\u0259mi\u015fik. Otaqlardan biri tavans\u0131z v\u0259 d\u00f6\u015f\u0259m\u0259sizdir\u201d,- \u015fikay\u0259t\u00e7i deyir:\n<\/p>\n<p>\n  \u201cO vaxt ham\u0131 evi k\u00fcrs\u00fcy\u0259 kimi ikiqat mi\u015far da\u015f\u0131 il\u0259 tikirdi. K\u00fcrs\u00fcd\u0259n sonra da birqat da\u015fla h\u00f6r\u00fcl\u00fcrd\u00fc. Biz d\u0259 kas\u0131bl\u0131q d\u0259rdind\u0259n el\u0259 tikdik. Daha fikirl\u0259\u015fm\u0259dik ki, bunun g\u0259l\u0259c\u0259yi nec\u0259 olacaq. \u00dc\u00e7 u\u015faqla n\u0259 vaxta kimi qay\u0131nata-qay\u0131nana yan\u0131nda ya\u015fayacaqd\u0131q? \u018fvv\u0259ld\u0259n divarlarda \u00e7atlar var idi. Z\u0259lz\u0259l\u0259d\u0259 is\u0259 \u00fcmumiyy\u0259tl\u0259, \u0259l\u0259g\u0259lm\u0259z hala d\u00fc\u015fd\u00fc. Birqat da\u015fla h\u00f6r\u00fcld\u00fcy\u00fc \u00fc\u00e7\u00fcn divarlardak\u0131 \u00e7atlar d\u0259rinl\u0259\u015fdi, ya\u015famaq \u00fc\u00e7\u00fcn t\u0259hl\u00fck\u0259lidir. Z\u0259lz\u0259l\u0259 olanda n\u0259v\u0259m yeni do\u011fulmu\u015fdu, yeddi ayl\u0131q idi. K\u00f6rp\u0259d\u0259 oksigen \u00e7at\u0131\u015fmazl\u0131\u011f\u0131 vard\u0131. G\u0259lin qorxurdu ki, u\u015fa\u011fa n\u0259s\u0259 olar. Divar\u0131n da \u00e7atlar\u0131 getdikc\u0259 b\u00f6y\u00fcy\u00fcrd\u00fc. G\u0259lin dedi ki, m\u0259n burada ya\u015fama\u011fa qorxuram, o\u011flum onu da g\u00f6t\u00fcr\u00fcb Bak\u0131ya g\u0259ldi. Kiray\u0259 ev tutdular\u201d.\n<\/p>\n<p>\n  Dilar\u0259 Nem\u0259tova haz\u0131rda be\u015f n\u0259f\u0259rd\u0259n ibar\u0259t ail\u0259si il\u0259 birg\u0259 Bak\u0131 \u015f\u0259h\u0259rind\u0259 kiray\u0259 evd\u0259 m\u0259skunla\u015f\u0131b. S\u00f6yl\u0259yir ki, A\u011fsu rayonunda i\u015f olmad\u0131\u011f\u0131 \u00fc\u00e7\u00fcn orada m\u0259nzil kiray\u0259l\u0259y\u0259 bilm\u0259yibl\u0259r:\n<\/p>\n<p>\n  \u201cO\u011flumun arxas\u0131nca da biz Bak\u0131ya g\u0259ldik. D\u00fc\u015f\u00fcnd\u00fck ki, A\u011fsuda t\u0259k, i\u015fsiz-g\u00fccs\u00fcz qal\u0131b n\u0259 ed\u0259c\u0259yik. M\u0259n demir\u0259m ki, evimi m\u00fctl\u0259q s\u00f6k\u00fcb yenisini tiksinl\u0259r. He\u00e7 olmasa b\u0259rpa etsinl\u0259r. Ev yell\u0259nc\u0259k kimi yell\u0259nir Ail\u0259d\u0259 be\u015f n\u0259f\u0259rik, h\u0259yat yolda\u015f\u0131m, m\u0259n, o\u011flumla, g\u0259linim v\u0259 bir d\u0259 k\u00f6rp\u0259 u\u015faq. \u0130\u015f yoxdur, dolan\u0131\u015f\u0131q yoxdur. \u0130\u015f olsa, h\u0259m dolanar\u0131q, h\u0259m d\u0259 evin \u00e7atlay\u0131b-partlam\u0131\u015f yerl\u0259rini \u00f6z\u00fcm\u00fcz d\u00fcz\u0259ld\u0259rdik. Ona da imkan yoxdur. O\u011flum zorla kiray\u0259 pulunu verir, qalan pul da ancaq yem\u0259yimiz\u0259 \u00e7at\u0131r. H\u0259l\u0259 indiy\u0259d\u0259k bizim ev\u0259 h\u00f6kum\u0259td\u0259n bir q\u0259pik girm\u0259yib. Niy\u0259 m\u0259n bu ya\u015f\u0131mda kiray\u0259l\u0259rd\u0259 qalmal\u0131yam? Rayonda \u00e7oxu pul verib, evini s\u00f6kd\u00fcr\u00fcb yenid\u0259n tikdirdi. Bu q\u0259d\u0259r haqs\u0131zl\u0131q olar? Bizim ev\u0259 yaln\u0131z t\u0259mir yazmaqlar\u0131 adama pis t\u0259sir edir. \u0130cra Hakimiyy\u0259tind\u0259 dedil\u0259r ki, narahat olma, get, \u0259lini qoy qula\u011f\u0131n\u0131n dibin\u0259, otur. Nec\u0259 y\u0259ni get otur, g\u00f6zl\u0259. Nec\u0259 olur ki, n\u00f6vb\u0259 g\u0259lib m\u0259nim evim\u0259 \u00e7atmad\u0131? M\u0259n 197-ci adamam, \u00fcz\u0259rind\u0259n bir ild\u0259n \u00e7ox vaxt ke\u00e7ib\u201d.\n<\/p>\n<figure class=\"wp-block-image size-large\">\n  <img decoding=\"async\" src=\"https:\/\/www.meydan.tv\/az\/89846552_2548230885497289_6747793028204724224_n-jpg\/\" alt=\"89846552_2548230885497289_6747793028204724224_n.jpg\" class=\"wp-image-138984\"\/><figcaption>\n    &#8220;F\u00f6vq\u0259lad\u0259 Hallar Nazirliyind\u0259n cavab g\u0259ldi ki, evl\u0259 ba\u011fl\u0131 \u015fikay\u0259tinizi ara\u015fd\u0131rd\u0131q, qeydiyyat sistemind\u0259 ad-soyad\u0131n\u0131z yoxdur\u201d.<br \/>\n  <\/figcaption><\/figure>\n<p>\n  A\u011fsu Rayon \u0130cra Hakimiyy\u0259tinin \u0130nformasiya t\u0259minat\u0131 v\u0259 t\u0259hlili sektorundan Meydan TV-y\u0259 bildirilib ki, \u015fikay\u0259t\u00e7inin r\u00fc\u015fv\u0259t iddias\u0131 \u0259sass\u0131zd\u0131r:\n<\/p>\n<p>\n  \u201cZ\u0259lz\u0259l\u0259d\u0259n sonra h\u0259r hans\u0131 bir evin tikilm\u0259si s\u0259n\u0259dl\u0259\u015fm\u0259 \u0259sas\u0131nda apar\u0131l\u0131r. Ekspertiza r\u0259yind\u0259n, iki nazirliyin qiym\u0259tl\u0259ndirm\u0259sind\u0259n ke\u00e7ir. Ondan sonra tikintiy\u0259, yaxud b\u0259rpaya q\u0259rar verilir. V\u0259t\u0259nda\u015f\u0131n ad\u0131 siyah\u0131da varsa, onun evind\u0259 d\u0259 t\u0259yinat\u0131na uy\u011fun t\u0259mir-b\u0259rpa i\u015fl\u0259ri apar\u0131lacaq. Bu i\u015f icra hakimiyy\u0259tinin yox, F\u00f6vq\u0259lad\u0259 Hallar Nazirliyinin s\u0259lahiyy\u0259tind\u0259dir\u201d.\n<\/p>\n<p>\n  F\u00f6vq\u0259lad\u0259 Hallar Nazirliyi Z\u0259lz\u0259l\u0259 b\u00f6lg\u0259si \u00fczr\u0259 Q\u0259rargah\u0131n\u0131n r\u0259isi H\u0259s\u0259n Qas\u0131mzad\u0259 Meydan TV \u0259m\u0259kda\u015f\u0131 il\u0259 s\u00f6hb\u0259tind\u0259 evl\u0259rd\u0259 apar\u0131lan qiym\u0259tl\u0259ndirm\u0259nin d\u0259yi\u015fm\u0259y\u0259c\u0259yini bildirib:\n<\/p>\n<p>\n  \u201cM\u00fcraci\u0259tl\u0259rd\u0259n sonra t\u0259rkibind\u0259 rayon icra hakimiyy\u0259tinin n\u00fcmay\u0259nd\u0259l\u0259ri v\u0259 h\u0259m\u00e7inin bizim m\u00fct\u0259x\u0259sisil\u0259rin oldu\u011fu hey\u0259t evl\u0259r\u0259 bax\u0131\u015f ke\u00e7irib. Smeta d\u0259y\u0259ri m\u00fc\u0259yy\u0259n olunduqdan sonra t\u0259mir i\u015fl\u0259rin\u0259 ba\u015flan\u0131lacaq\u201d.\n<\/p>\n<p>\n  2019-cu il fevral\u0131n 5-d\u0259 Pirqulu stansiyas\u0131ndan 7 km c\u0259nubda, A\u011fsu \u0259razisind\u0259 4,4 bal g\u00fcc\u00fcnd\u0259 z\u0259lz\u0259l\u0259 qeyd\u0259 al\u0131n\u0131b. H\u0259min z\u0259lz\u0259l\u0259 episentrd\u0259 5 bala yax\u0131n, \u0259traf rayonlarda 4,3 bala q\u0259d\u0259r hiss olunub. H\u0259min g\u00fcn Pirqulu stansiyas\u0131ndan 9 km c\u0259nub-q\u0259rbd\u0259 \u0130smay\u0131ll\u0131 \u0259razisind\u0259 z\u0259lz\u0259l\u0259 qeyd\u0259 al\u0131n\u0131b. Fevral\u0131n 9-da v\u0259 11-d\u0259 d\u0259 Pirqulu stansiyas\u0131ndan 8 v\u0259 9 km c\u0259nub-q\u0259rbd\u0259 v\u0259 q\u0259rbd\u0259 yeralt\u0131 t\u0259kanlar ba\u015f verib.\n<\/p>\n<p>\n  Z\u0259lz\u0259l\u0259 n\u0259tic\u0259sind\u0259 \u015eamax\u0131, \u0130smay\u0131ll\u0131 v\u0259 A\u011fsu rayonlar\u0131nda bir \u00e7ox f\u0259rdi v\u0259 \u00e7oxm\u0259nzilli ya\u015fay\u0131\u015f evl\u0259rin\u0259 ziyan d\u0259yib.\n<\/p>\n<p>\n  Prezident \u0130lham \u018fliyevin s\u0259r\u0259ncam\u0131na \u0259sas\u0259n, indiy\u0259d\u0259k d\u00f6vl\u0259t b\u00fcdc\u0259sind\u0259n t\u0259bii f\u0259lak\u0259td\u0259n z\u0259r\u0259r g\u00f6rm\u00fc\u015f h\u0259r \u00fc\u00e7 rayona \u00fcmumilikd\u0259 7 milyon manat ayr\u0131l\u0131b.\n<\/p>\n<figure class=\"wp-block-image size-large\">\n  <img decoding=\"async\" src=\"https:\/\/www.meydan.tv\/az\/89771121_2548232378830473_3561303726981382144_n-1-jpg\/\" alt=\"89771121_2548232378830473_3561303726981382144_n (1).jpg\" class=\"wp-image-138990\"\/><figcaption>\n    &#8220;\u00dc\u00e7 u\u015faqla n\u0259 vaxta kimi qay\u0131nata-qay\u0131nana yan\u0131nda ya\u015fayacaqd\u0131q?&#8221;<br \/>\n  <\/figcaption><\/figure>\n<figure class=\"wp-block-image size-large\">\n  <img decoding=\"async\" src=\"https:\/\/www.meydan.tv\/az\/90262461_2548235862163458_7249179208167981056_o-jpg\/\" alt=\"90262461_2548235862163458_7249179208167981056_o.jpg\" class=\"wp-image-139005\"\/><figcaption>\n    &#8220;T\u0259mirlik deyil, m\u00fctl\u0259q b\u0259rpa olunmal\u0131d\u0131r&#8221;<br \/>\n  <\/figcaption><\/figure>\n<figure class=\"wp-block-image size-large\">\n  <img decoding=\"async\" src=\"https:\/\/www.meydan.tv\/az\/89850475_2548232532163791_8210277174003892224_n-jpg\/\" alt=\"89850475_2548232532163791_8210277174003892224_n.jpg\" class=\"wp-image-139011\"\/><figcaption>\n    &#8220;G\u00fccl\u00fc bir adam divara m\u00f6hk\u0259m yumruq vursa, u\u00e7acaq&#8221;<br \/>\n  <\/figcaption><\/figure>\n","protected":false},"excerpt":{"rendered":"<p>&#8220;Fikir verdim, orada kim ki, yalvar-yaxar etdi, imkans\u0131z oldu\u011funu dedi, onlar\u0131 qaba\u011fa \u00e7\u0259kdil\u0259r&#8221;<\/p>\n","protected":false},"author":11,"featured_media":138987,"comment_status":"closed","ping_status":"open","sticky":false,"template":"","format":"standard","meta":{"_acf_changed":false,"_sitemap_exclude":false,"_sitemap_priority":"","_sitemap_frequency":"","footnotes":""},"categories":[60],"tags":[],"class_list":["post-199705","post","type-post","status-publish","format-standard","has-post-thumbnail","hentry","category-bolge","infinite-scroll-item","generate-columns","tablet-grid-50","mobile-grid-100","grid-parent","grid-33","no-featured-image-padding"],"acf":[],"yoast_head":"<!-- This site is optimized with the Yoast SEO plugin v27.5 - https:\/\/yoast.com\/product\/yoast-seo-wordpress\/ -->\n<title>Z\u0259lz\u0259l\u0259d\u0259n z\u0259r\u0259r\u00e7\u0259k\u0259n: Niy\u0259 bu ya\u015f\u0131mda kiray\u0259l\u0259rd\u0259 qalmal\u0131yam? - MEYDAN.TV<\/title>\n<meta name=\"robots\" content=\"index, follow, max-snippet:-1, max-image-preview:large, max-video-preview:-1\" \/>\n<link rel=\"canonical\" href=\"https:\/\/www.meydan.tv\/az\/article\/zelzeleden-zererceken-niye-bu-yasimda-kirayelerde-qalmaliyam\/\" \/>\n<meta property=\"og:locale\" content=\"az_AZ\" \/>\n<meta property=\"og:type\" content=\"article\" \/>\n<meta property=\"og:title\" content=\"Z\u0259lz\u0259l\u0259d\u0259n z\u0259r\u0259r\u00e7\u0259k\u0259n: Niy\u0259 bu ya\u015f\u0131mda kiray\u0259l\u0259rd\u0259 qalmal\u0131yam? - MEYDAN.TV\" \/>\n<meta property=\"og:description\" content=\"&quot;Fikir verdim, orada kim ki, yalvar-yaxar etdi, imkans\u0131z oldu\u011funu dedi, onlar\u0131 qaba\u011fa \u00e7\u0259kdil\u0259r&quot;\" \/>\n<meta property=\"og:url\" content=\"https:\/\/www.meydan.tv\/az\/article\/zelzeleden-zererceken-niye-bu-yasimda-kirayelerde-qalmaliyam\/\" \/>\n<meta property=\"og:site_name\" content=\"MEYDAN.TV\" \/>\n<meta property=\"article:published_time\" content=\"2020-03-16T11:18:02+00:00\" \/>\n<meta property=\"og:image\" content=\"https:\/\/www.meydan.tv\/wp-content\/uploads\/89830178_2548232315497146_7294246673667063808_n_1.jpg\" \/>\n\t<meta property=\"og:image:width\" content=\"960\" \/>\n\t<meta property=\"og:image:height\" content=\"540\" \/>\n\t<meta property=\"og:image:type\" content=\"image\/jpeg\" \/>\n<meta name=\"author\" content=\"user-manager\" \/>\n<meta name=\"twitter:card\" content=\"summary_large_image\" \/>\n<script type=\"application\/ld+json\" class=\"yoast-schema-graph\">{\"@context\":\"https:\\\/\\\/schema.org\",\"@graph\":[{\"@type\":\"Article\",\"@id\":\"https:\\\/\\\/www.meydan.tv\\\/az\\\/article\\\/zelzeleden-zererceken-niye-bu-yasimda-kirayelerde-qalmaliyam\\\/#article\",\"isPartOf\":{\"@id\":\"https:\\\/\\\/www.meydan.tv\\\/az\\\/article\\\/zelzeleden-zererceken-niye-bu-yasimda-kirayelerde-qalmaliyam\\\/\"},\"author\":{\"name\":\"user-manager\",\"@id\":\"https:\\\/\\\/www.meydan.tv\\\/az\\\/#\\\/schema\\\/person\\\/10d11eccf6da3662cf5fdab9806ea91a\"},\"headline\":\"Z\u0259lz\u0259l\u0259d\u0259n z\u0259r\u0259r\u00e7\u0259k\u0259n: Niy\u0259 bu ya\u015f\u0131mda kiray\u0259l\u0259rd\u0259 qalmal\u0131yam?\",\"datePublished\":\"2020-03-16T11:18:02+00:00\",\"mainEntityOfPage\":{\"@id\":\"https:\\\/\\\/www.meydan.tv\\\/az\\\/article\\\/zelzeleden-zererceken-niye-bu-yasimda-kirayelerde-qalmaliyam\\\/\"},\"wordCount\":1582,\"publisher\":{\"@id\":\"https:\\\/\\\/www.meydan.tv\\\/az\\\/#organization\"},\"image\":{\"@id\":\"https:\\\/\\\/www.meydan.tv\\\/az\\\/article\\\/zelzeleden-zererceken-niye-bu-yasimda-kirayelerde-qalmaliyam\\\/#primaryimage\"},\"thumbnailUrl\":\"https:\\\/\\\/www.meydan.tv\\\/wp-content\\\/uploads\\\/89830178_2548232315497146_7294246673667063808_n_1.jpg\",\"articleSection\":[\"B\u00f6lg\u0259\"],\"inLanguage\":\"az\"},{\"@type\":\"WebPage\",\"@id\":\"https:\\\/\\\/www.meydan.tv\\\/az\\\/article\\\/zelzeleden-zererceken-niye-bu-yasimda-kirayelerde-qalmaliyam\\\/\",\"url\":\"https:\\\/\\\/www.meydan.tv\\\/az\\\/article\\\/zelzeleden-zererceken-niye-bu-yasimda-kirayelerde-qalmaliyam\\\/\",\"name\":\"Z\u0259lz\u0259l\u0259d\u0259n z\u0259r\u0259r\u00e7\u0259k\u0259n: Niy\u0259 bu ya\u015f\u0131mda kiray\u0259l\u0259rd\u0259 qalmal\u0131yam? - MEYDAN.TV\",\"isPartOf\":{\"@id\":\"https:\\\/\\\/www.meydan.tv\\\/az\\\/#website\"},\"primaryImageOfPage\":{\"@id\":\"https:\\\/\\\/www.meydan.tv\\\/az\\\/article\\\/zelzeleden-zererceken-niye-bu-yasimda-kirayelerde-qalmaliyam\\\/#primaryimage\"},\"image\":{\"@id\":\"https:\\\/\\\/www.meydan.tv\\\/az\\\/article\\\/zelzeleden-zererceken-niye-bu-yasimda-kirayelerde-qalmaliyam\\\/#primaryimage\"},\"thumbnailUrl\":\"https:\\\/\\\/www.meydan.tv\\\/wp-content\\\/uploads\\\/89830178_2548232315497146_7294246673667063808_n_1.jpg\",\"datePublished\":\"2020-03-16T11:18:02+00:00\",\"breadcrumb\":{\"@id\":\"https:\\\/\\\/www.meydan.tv\\\/az\\\/article\\\/zelzeleden-zererceken-niye-bu-yasimda-kirayelerde-qalmaliyam\\\/#breadcrumb\"},\"inLanguage\":\"az\",\"potentialAction\":[{\"@type\":\"ReadAction\",\"target\":[\"https:\\\/\\\/www.meydan.tv\\\/az\\\/article\\\/zelzeleden-zererceken-niye-bu-yasimda-kirayelerde-qalmaliyam\\\/\"]}]},{\"@type\":\"ImageObject\",\"inLanguage\":\"az\",\"@id\":\"https:\\\/\\\/www.meydan.tv\\\/az\\\/article\\\/zelzeleden-zererceken-niye-bu-yasimda-kirayelerde-qalmaliyam\\\/#primaryimage\",\"url\":\"https:\\\/\\\/www.meydan.tv\\\/wp-content\\\/uploads\\\/89830178_2548232315497146_7294246673667063808_n_1.jpg\",\"contentUrl\":\"https:\\\/\\\/www.meydan.tv\\\/wp-content\\\/uploads\\\/89830178_2548232315497146_7294246673667063808_n_1.jpg\",\"width\":960,\"height\":540,\"caption\":\"Source: Specify Source\"},{\"@type\":\"BreadcrumbList\",\"@id\":\"https:\\\/\\\/www.meydan.tv\\\/az\\\/article\\\/zelzeleden-zererceken-niye-bu-yasimda-kirayelerde-qalmaliyam\\\/#breadcrumb\",\"itemListElement\":[{\"@type\":\"ListItem\",\"position\":1,\"name\":\"Ana s\u0259hif\u0259\",\"item\":\"https:\\\/\\\/www.meydan.tv\\\/az\\\/\"},{\"@type\":\"ListItem\",\"position\":2,\"name\":\"B\u00f6lg\u0259\",\"item\":\"https:\\\/\\\/www.meydan.tv\\\/az\\\/section\\\/bolge\\\/\"},{\"@type\":\"ListItem\",\"position\":3,\"name\":\"Z\u0259lz\u0259l\u0259d\u0259n z\u0259r\u0259r\u00e7\u0259k\u0259n: Niy\u0259 bu ya\u015f\u0131mda kiray\u0259l\u0259rd\u0259 qalmal\u0131yam?\"}]},{\"@type\":\"WebSite\",\"@id\":\"https:\\\/\\\/www.meydan.tv\\\/az\\\/#website\",\"url\":\"https:\\\/\\\/www.meydan.tv\\\/az\\\/\",\"name\":\"MEYDAN.TV\",\"description\":\"Meydan TV Az\u0259rbaycan\u0131n media m\u0259kan\u0131ndak\u0131 alternativ s\u0259sidir\",\"publisher\":{\"@id\":\"https:\\\/\\\/www.meydan.tv\\\/az\\\/#organization\"},\"potentialAction\":[{\"@type\":\"SearchAction\",\"target\":{\"@type\":\"EntryPoint\",\"urlTemplate\":\"https:\\\/\\\/www.meydan.tv\\\/az\\\/?s={search_term_string}\"},\"query-input\":{\"@type\":\"PropertyValueSpecification\",\"valueRequired\":true,\"valueName\":\"search_term_string\"}}],\"inLanguage\":\"az\"},{\"@type\":\"Organization\",\"@id\":\"https:\\\/\\\/www.meydan.tv\\\/az\\\/#organization\",\"name\":\"Meydan TV\",\"url\":\"https:\\\/\\\/www.meydan.tv\\\/az\\\/\",\"logo\":{\"@type\":\"ImageObject\",\"inLanguage\":\"az\",\"@id\":\"https:\\\/\\\/www.meydan.tv\\\/az\\\/#\\\/schema\\\/logo\\\/image\\\/\",\"url\":\"https:\\\/\\\/www.meydan.tv\\\/wp-content\\\/uploads\\\/2021\\\/07\\\/meydan-logo.svg\",\"contentUrl\":\"https:\\\/\\\/www.meydan.tv\\\/wp-content\\\/uploads\\\/2021\\\/07\\\/meydan-logo.svg\",\"width\":195,\"height\":46,\"caption\":\"Meydan TV\"},\"image\":{\"@id\":\"https:\\\/\\\/www.meydan.tv\\\/az\\\/#\\\/schema\\\/logo\\\/image\\\/\"}},{\"@type\":\"Person\",\"@id\":\"https:\\\/\\\/www.meydan.tv\\\/az\\\/#\\\/schema\\\/person\\\/10d11eccf6da3662cf5fdab9806ea91a\",\"name\":\"user-manager\"}]}<\/script>\n<!-- \/ Yoast SEO plugin. -->","yoast_head_json":{"title":"Z\u0259lz\u0259l\u0259d\u0259n z\u0259r\u0259r\u00e7\u0259k\u0259n: Niy\u0259 bu ya\u015f\u0131mda kiray\u0259l\u0259rd\u0259 qalmal\u0131yam? - MEYDAN.TV","robots":{"index":"index","follow":"follow","max-snippet":"max-snippet:-1","max-image-preview":"max-image-preview:large","max-video-preview":"max-video-preview:-1"},"canonical":"https:\/\/www.meydan.tv\/az\/article\/zelzeleden-zererceken-niye-bu-yasimda-kirayelerde-qalmaliyam\/","og_locale":"az_AZ","og_type":"article","og_title":"Z\u0259lz\u0259l\u0259d\u0259n z\u0259r\u0259r\u00e7\u0259k\u0259n: Niy\u0259 bu ya\u015f\u0131mda kiray\u0259l\u0259rd\u0259 qalmal\u0131yam? - MEYDAN.TV","og_description":"\"Fikir verdim, orada kim ki, yalvar-yaxar etdi, imkans\u0131z oldu\u011funu dedi, onlar\u0131 qaba\u011fa \u00e7\u0259kdil\u0259r\"","og_url":"https:\/\/www.meydan.tv\/az\/article\/zelzeleden-zererceken-niye-bu-yasimda-kirayelerde-qalmaliyam\/","og_site_name":"MEYDAN.TV","article_published_time":"2020-03-16T11:18:02+00:00","og_image":[{"width":960,"height":540,"url":"https:\/\/www.meydan.tv\/wp-content\/uploads\/89830178_2548232315497146_7294246673667063808_n_1.jpg","type":"image\/jpeg"}],"author":"user-manager","twitter_card":"summary_large_image","schema":{"@context":"https:\/\/schema.org","@graph":[{"@type":"Article","@id":"https:\/\/www.meydan.tv\/az\/article\/zelzeleden-zererceken-niye-bu-yasimda-kirayelerde-qalmaliyam\/#article","isPartOf":{"@id":"https:\/\/www.meydan.tv\/az\/article\/zelzeleden-zererceken-niye-bu-yasimda-kirayelerde-qalmaliyam\/"},"author":{"name":"user-manager","@id":"https:\/\/www.meydan.tv\/az\/#\/schema\/person\/10d11eccf6da3662cf5fdab9806ea91a"},"headline":"Z\u0259lz\u0259l\u0259d\u0259n z\u0259r\u0259r\u00e7\u0259k\u0259n: Niy\u0259 bu ya\u015f\u0131mda kiray\u0259l\u0259rd\u0259 qalmal\u0131yam?","datePublished":"2020-03-16T11:18:02+00:00","mainEntityOfPage":{"@id":"https:\/\/www.meydan.tv\/az\/article\/zelzeleden-zererceken-niye-bu-yasimda-kirayelerde-qalmaliyam\/"},"wordCount":1582,"publisher":{"@id":"https:\/\/www.meydan.tv\/az\/#organization"},"image":{"@id":"https:\/\/www.meydan.tv\/az\/article\/zelzeleden-zererceken-niye-bu-yasimda-kirayelerde-qalmaliyam\/#primaryimage"},"thumbnailUrl":"https:\/\/www.meydan.tv\/wp-content\/uploads\/89830178_2548232315497146_7294246673667063808_n_1.jpg","articleSection":["B\u00f6lg\u0259"],"inLanguage":"az"},{"@type":"WebPage","@id":"https:\/\/www.meydan.tv\/az\/article\/zelzeleden-zererceken-niye-bu-yasimda-kirayelerde-qalmaliyam\/","url":"https:\/\/www.meydan.tv\/az\/article\/zelzeleden-zererceken-niye-bu-yasimda-kirayelerde-qalmaliyam\/","name":"Z\u0259lz\u0259l\u0259d\u0259n z\u0259r\u0259r\u00e7\u0259k\u0259n: Niy\u0259 bu ya\u015f\u0131mda kiray\u0259l\u0259rd\u0259 qalmal\u0131yam? - MEYDAN.TV","isPartOf":{"@id":"https:\/\/www.meydan.tv\/az\/#website"},"primaryImageOfPage":{"@id":"https:\/\/www.meydan.tv\/az\/article\/zelzeleden-zererceken-niye-bu-yasimda-kirayelerde-qalmaliyam\/#primaryimage"},"image":{"@id":"https:\/\/www.meydan.tv\/az\/article\/zelzeleden-zererceken-niye-bu-yasimda-kirayelerde-qalmaliyam\/#primaryimage"},"thumbnailUrl":"https:\/\/www.meydan.tv\/wp-content\/uploads\/89830178_2548232315497146_7294246673667063808_n_1.jpg","datePublished":"2020-03-16T11:18:02+00:00","breadcrumb":{"@id":"https:\/\/www.meydan.tv\/az\/article\/zelzeleden-zererceken-niye-bu-yasimda-kirayelerde-qalmaliyam\/#breadcrumb"},"inLanguage":"az","potentialAction":[{"@type":"ReadAction","target":["https:\/\/www.meydan.tv\/az\/article\/zelzeleden-zererceken-niye-bu-yasimda-kirayelerde-qalmaliyam\/"]}]},{"@type":"ImageObject","inLanguage":"az","@id":"https:\/\/www.meydan.tv\/az\/article\/zelzeleden-zererceken-niye-bu-yasimda-kirayelerde-qalmaliyam\/#primaryimage","url":"https:\/\/www.meydan.tv\/wp-content\/uploads\/89830178_2548232315497146_7294246673667063808_n_1.jpg","contentUrl":"https:\/\/www.meydan.tv\/wp-content\/uploads\/89830178_2548232315497146_7294246673667063808_n_1.jpg","width":960,"height":540,"caption":"Source: Specify Source"},{"@type":"BreadcrumbList","@id":"https:\/\/www.meydan.tv\/az\/article\/zelzeleden-zererceken-niye-bu-yasimda-kirayelerde-qalmaliyam\/#breadcrumb","itemListElement":[{"@type":"ListItem","position":1,"name":"Ana s\u0259hif\u0259","item":"https:\/\/www.meydan.tv\/az\/"},{"@type":"ListItem","position":2,"name":"B\u00f6lg\u0259","item":"https:\/\/www.meydan.tv\/az\/section\/bolge\/"},{"@type":"ListItem","position":3,"name":"Z\u0259lz\u0259l\u0259d\u0259n z\u0259r\u0259r\u00e7\u0259k\u0259n: Niy\u0259 bu ya\u015f\u0131mda kiray\u0259l\u0259rd\u0259 qalmal\u0131yam?"}]},{"@type":"WebSite","@id":"https:\/\/www.meydan.tv\/az\/#website","url":"https:\/\/www.meydan.tv\/az\/","name":"MEYDAN.TV","description":"Meydan TV Az\u0259rbaycan\u0131n media m\u0259kan\u0131ndak\u0131 alternativ s\u0259sidir","publisher":{"@id":"https:\/\/www.meydan.tv\/az\/#organization"},"potentialAction":[{"@type":"SearchAction","target":{"@type":"EntryPoint","urlTemplate":"https:\/\/www.meydan.tv\/az\/?s={search_term_string}"},"query-input":{"@type":"PropertyValueSpecification","valueRequired":true,"valueName":"search_term_string"}}],"inLanguage":"az"},{"@type":"Organization","@id":"https:\/\/www.meydan.tv\/az\/#organization","name":"Meydan TV","url":"https:\/\/www.meydan.tv\/az\/","logo":{"@type":"ImageObject","inLanguage":"az","@id":"https:\/\/www.meydan.tv\/az\/#\/schema\/logo\/image\/","url":"https:\/\/www.meydan.tv\/wp-content\/uploads\/2021\/07\/meydan-logo.svg","contentUrl":"https:\/\/www.meydan.tv\/wp-content\/uploads\/2021\/07\/meydan-logo.svg","width":195,"height":46,"caption":"Meydan TV"},"image":{"@id":"https:\/\/www.meydan.tv\/az\/#\/schema\/logo\/image\/"}},{"@type":"Person","@id":"https:\/\/www.meydan.tv\/az\/#\/schema\/person\/10d11eccf6da3662cf5fdab9806ea91a","name":"user-manager"}]}},"_links":{"self":[{"href":"https:\/\/www.meydan.tv\/az\/wp-json\/wp\/v2\/posts\/199705","targetHints":{"allow":["GET"]}}],"collection":[{"href":"https:\/\/www.meydan.tv\/az\/wp-json\/wp\/v2\/posts"}],"about":[{"href":"https:\/\/www.meydan.tv\/az\/wp-json\/wp\/v2\/types\/post"}],"author":[{"embeddable":true,"href":"https:\/\/www.meydan.tv\/az\/wp-json\/wp\/v2\/users\/11"}],"replies":[{"embeddable":true,"href":"https:\/\/www.meydan.tv\/az\/wp-json\/wp\/v2\/comments?post=199705"}],"version-history":[{"count":0,"href":"https:\/\/www.meydan.tv\/az\/wp-json\/wp\/v2\/posts\/199705\/revisions"}],"wp:featuredmedia":[{"embeddable":true,"href":"https:\/\/www.meydan.tv\/az\/wp-json\/wp\/v2\/media\/138987"}],"wp:attachment":[{"href":"https:\/\/www.meydan.tv\/az\/wp-json\/wp\/v2\/media?parent=199705"}],"wp:term":[{"taxonomy":"category","embeddable":true,"href":"https:\/\/www.meydan.tv\/az\/wp-json\/wp\/v2\/categories?post=199705"},{"taxonomy":"post_tag","embeddable":true,"href":"https:\/\/www.meydan.tv\/az\/wp-json\/wp\/v2\/tags?post=199705"}],"curies":[{"name":"wp","href":"https:\/\/api.w.org\/{rel}","templated":true}]}}