{"id":199700,"date":"2020-03-15T15:57:19","date_gmt":"2020-03-15T15:57:19","guid":{"rendered":"https:\/\/www.meydan.tv\/article\/mubariz-mensimovun-saxlanildigi-deyilir\/"},"modified":"2020-03-15T15:57:19","modified_gmt":"2020-03-15T15:57:19","slug":"mubariz-mensimovun-saxlanildigi-deyilir","status":"publish","type":"post","link":"https:\/\/www.meydan.tv\/az\/article\/mubariz-mensimovun-saxlanildigi-deyilir\/","title":{"rendered":"M\u00fcbariz M\u0259nsimovun saxlan\u0131ld\u0131\u011f\u0131 deyilir"},"content":{"rendered":"<p>\n  <i><br \/>\n    \u0130\u015f adam\u0131n\u0131n ofisind\u0259 axtar\u0131\u015f apar\u0131ld\u0131\u011f\u0131 t\u0259sdiql\u0259nib<br \/>\n  <\/i>\n<\/p>\n<p>\n  \u201cPalmal\u0131\u201d \u015eirk\u0259tl\u0259r Qrupunun sahibi, T\u00fcrkiy\u0259d\u0259 ya\u015fayan i\u015fadam\u0131 M\u00fcbariz M\u0259nsimovun mart\u0131n 15-d\u0259 saxlan\u0131ld\u0131\u011f\u0131 deyilir.\n<\/p>\n<p>\n  M\u0259lumat\u0131 T\u00fcrkiy\u0259nin \u201c<br \/>\n  <a href=\"https:\/\/www.sabah.com.tr\/gundem\/2020\/03\/15\/son-dakika-unlu-isadami-mubariz-mansimov-gurbanoglu-gozaltina-alindi\"><br \/>\n    Sabah<br \/>\n  <\/a><br \/>\n  \u201d q\u0259zeti yay\u0131b.\n<\/p>\n<p>\n  Q\u0259zet yaz\u0131r ki, M\u00fcbariz M\u0259nsimov \u0130stanbul Ba\u015f Prukurorlu\u011fu Maliyy\u0259 Cinay\u0259tl\u0259ri il\u0259 M\u00fcbariz\u0259 Idar\u0259sinin apard\u0131\u011f\u0131 ara\u015fd\u0131rma n\u0259tic\u0259sind\u0259 saxlan\u0131l\u0131b.\n<\/p>\n<p>\n  M\u00fcbariz M\u0259nsimovu F\u0259tullah G\u00fcl\u0259nl\u0259 (FET\u00d6) ba\u011fl\u0131 istintaq \u00e7\u0259r\u00e7iv\u0259si d\u0259 dindir\u0259c\u0259kl\u0259ri qeyd olunub. M\u0259lumat h\u0259l\u0259 T\u00fcrkiy\u0259 r\u0259smil\u0259ri t\u0259r\u0259find\u0259n t\u0259sdiql\u0259nm\u0259yib.\n<\/p>\n<p>\n  Ancaq M.M\u0259nsimovun k\u00f6m\u0259k\u00e7isi Fidan Quliyeva m\u0259lumat\u0131 APA-ya t\u0259sdiql\u0259yib. O, bildirib ki, haz\u0131rda i\u015f adam\u0131n\u0131n \u0130stanbuldak\u0131 ofisind\u0259 polis axtar\u0131\u015f apar\u0131r.\n<\/p>\n<p>\n  H\u0259l\u0259 \u00f6t\u0259n ay<br \/>\n  <a href=\"http:\/\/www.cumhuriyet.com.tr\/haber\/erdoganin-oglu-ve-kardesinin-eski-ortagina-feto-sorusturmasi-1719415\"><br \/>\n    M\u00fcbariz M\u0259simov<br \/>\n  <\/a><br \/>\n  bar\u0259sind\u0259 ara\u015fd\u0131rma apar\u0131ld\u0131\u011f\u0131 bildirilirdi.\n<\/p>\n<p>\n  H\u0259min vaxt M\u00fcbariz M\u0259nsimov sosial \u015f\u0259b\u0259k\u0259l\u0259rd\u0259ki hesab\u0131nda bu bar\u0259d\u0259 yaz\u0131b:\n<\/p>\n<p>\n  \u201cM\u0259ni terrorla, FET\u00d6 terror qrupla\u015fmas\u0131 il\u0259 \u0259laq\u0259d\u0259 v\u0259 casusluqda yalandan ittiham ed\u0259r\u0259k \u00fcz\u0259rim\u0259 su\u00e7 atmaq ist\u0259yirl\u0259r. Sizin etdiyiniz bu \u015f\u0259r\u0259fsizliyi d\u00fc\u015fm\u0259n bel\u0259 etm\u0259zdi. Bu, m\u0259ni d\u0259rind\u0259n yaralad\u0131. M\u0259n\u0259 FET\u00d6-\u00e7u dem\u0259kd\u0259ns\u0259, \u00f6z\u00fcn\u00fcz\u0259, ke\u00e7mi\u015fimiz\u0259 v\u0259 u\u015faqlar\u0131n\u0131z\u0131n harada t\u0259hsil ald\u0131\u011f\u0131na bax\u0131n\u201d.\n<\/p>\n<p>\n  \u0130\u015f adam\u0131n\u0131n Az\u0259rbaycan D\u00f6vl\u0259t Neft \u015eirk\u0259tinin prezidenti R\u00f6vn\u0259q Abdullayevl\u0259 m\u00fcnasib\u0259tl\u0259rinin k\u0259skinl\u0259\u015fdiyi deyilirdi. H\u0259bsin T\u00fcrkiy\u0259 Prezidenti R\u0259c\u0259b Tayyib \u018frdo\u011fan\u0131n Az\u0259rbaycana s\u0259f\u0259rind\u0259n sonra ba\u015f tutmas\u0131 bu bar\u0259d\u0259 Az\u0259rbaycan r\u0259hb\u0259rliyi il\u0259 raz\u0131la\u015fd\u0131rma ehtimal\u0131n\u0131n art\u0131r\u0131b.\n<\/p>\n<p>\n  M\u00fcbariz M\u0259nsimov 1968-ci ild\u0259 Bak\u0131da do\u011fulub. Bak\u0131 h\u0259rbi m\u0259kt\u0259bini bitirib.\n<\/p>\n<p>\n  Haz\u0131rda illik d\u00f6vriyy\u0259si 3 milyard dollar olan &quot;Palmali&quot; \u015eirk\u0259tl\u0259r Qrupunu 1998-ci ild\u0259 T\u00fcrkiy\u0259y\u0259 g\u0259tirib. Bu \u015firk\u0259tin haz\u0131rda 21 \u00f6lk\u0259d\u0259 ofisi var.\n<\/p>\n<p>\n  D\u00f6vl\u0259t Neft \u015eirk\u0259ti il\u0259 ortaq olan &quot;Palmali&quot; bir m\u00fcdd\u0259t \u0259vv\u0259l &quot;Tekfen in\u015faat&quot;\u0131n 50 faiz hiss\u0259sini 520 milyon dollara sat\u0131n al\u0131b. Raz\u0131la\u015fma qar\u015f\u0131l\u0131\u011f\u0131nda &quot;Palmali&quot; v\u0259 &quot;SOCAR&quot; ortaql\u0131\u011f\u0131 5 il \u0259rzind\u0259 &quot;Tekfen \u0130n\u015faat&quot;a 37 milyard dollarl\u0131q i\u015f ver\u0259c\u0259k. Amma 2 il \u0259vv\u0259l \u201c<br \/>\n  <a href=\"https:\/\/www.meydan.tv\/az\/article\/palmali-socar-i-mehkemeye-verecek\/?ref=search\"><br \/>\n    Palmal\u0131<br \/>\n  <\/a><br \/>\n  \u201d \u015eirk\u0259tl\u0259r Qrupu SOCAR-la \u0259laq\u0259l\u0259rini dayand\u0131r\u0131b v\u0259 m\u0259hk\u0259m\u0259y\u0259 ver\u0259c\u0259yi haqq\u0131nda m\u0259lumat yay\u0131lm\u0131\u015fd\u0131.<\/p>\n","protected":false},"excerpt":{"rendered":"<p>H\u0259min vaxt M\u00fcbariz M\u0259nsimov sosial \u015f\u0259b\u0259k\u0259l\u0259rd\u0259ki hesab\u0131nda bu bar\u0259d\u0259 yaz\u0131b<\/p>\n","protected":false},"author":11,"featured_media":97522,"comment_status":"closed","ping_status":"open","sticky":false,"template":"","format":"standard","meta":{"_acf_changed":false,"_sitemap_exclude":false,"_sitemap_priority":"","_sitemap_frequency":"","footnotes":""},"categories":[59],"tags":[],"class_list":["post-199700","post","type-post","status-publish","format-standard","has-post-thumbnail","hentry","category-siyaset","infinite-scroll-item","generate-columns","tablet-grid-50","mobile-grid-100","grid-parent","grid-33","no-featured-image-padding"],"acf":[],"yoast_head":"<!-- This site is optimized with the Yoast SEO plugin v27.5 - https:\/\/yoast.com\/product\/yoast-seo-wordpress\/ -->\n<title>M\u00fcbariz M\u0259nsimovun saxlan\u0131ld\u0131\u011f\u0131 deyilir - MEYDAN.TV<\/title>\n<meta name=\"robots\" content=\"index, follow, max-snippet:-1, max-image-preview:large, max-video-preview:-1\" \/>\n<link rel=\"canonical\" href=\"https:\/\/www.meydan.tv\/az\/article\/mubariz-mensimovun-saxlanildigi-deyilir\/\" \/>\n<meta property=\"og:locale\" content=\"az_AZ\" \/>\n<meta property=\"og:type\" content=\"article\" \/>\n<meta property=\"og:title\" content=\"M\u00fcbariz M\u0259nsimovun saxlan\u0131ld\u0131\u011f\u0131 deyilir - MEYDAN.TV\" \/>\n<meta property=\"og:description\" content=\"H\u0259min vaxt M\u00fcbariz M\u0259nsimov sosial \u015f\u0259b\u0259k\u0259l\u0259rd\u0259ki hesab\u0131nda bu bar\u0259d\u0259 yaz\u0131b\" \/>\n<meta property=\"og:url\" content=\"https:\/\/www.meydan.tv\/az\/article\/mubariz-mensimovun-saxlanildigi-deyilir\/\" \/>\n<meta property=\"og:site_name\" content=\"MEYDAN.TV\" \/>\n<meta property=\"article:published_time\" content=\"2020-03-15T15:57:19+00:00\" \/>\n<meta property=\"og:image\" content=\"https:\/\/www.meydan.tv\/wp-content\/uploads\/38759-scaled.jpg\" \/>\n\t<meta property=\"og:image:width\" content=\"2560\" \/>\n\t<meta property=\"og:image:height\" content=\"1164\" \/>\n\t<meta property=\"og:image:type\" content=\"image\/jpeg\" \/>\n<meta name=\"author\" content=\"user-manager\" \/>\n<meta name=\"twitter:card\" content=\"summary_large_image\" \/>\n<script type=\"application\/ld+json\" class=\"yoast-schema-graph\">{\"@context\":\"https:\\\/\\\/schema.org\",\"@graph\":[{\"@type\":\"Article\",\"@id\":\"https:\\\/\\\/www.meydan.tv\\\/az\\\/article\\\/mubariz-mensimovun-saxlanildigi-deyilir\\\/#article\",\"isPartOf\":{\"@id\":\"https:\\\/\\\/www.meydan.tv\\\/az\\\/article\\\/mubariz-mensimovun-saxlanildigi-deyilir\\\/\"},\"author\":{\"name\":\"user-manager\",\"@id\":\"https:\\\/\\\/www.meydan.tv\\\/az\\\/#\\\/schema\\\/person\\\/10d11eccf6da3662cf5fdab9806ea91a\"},\"headline\":\"M\u00fcbariz M\u0259nsimovun saxlan\u0131ld\u0131\u011f\u0131 deyilir\",\"datePublished\":\"2020-03-15T15:57:19+00:00\",\"mainEntityOfPage\":{\"@id\":\"https:\\\/\\\/www.meydan.tv\\\/az\\\/article\\\/mubariz-mensimovun-saxlanildigi-deyilir\\\/\"},\"wordCount\":465,\"publisher\":{\"@id\":\"https:\\\/\\\/www.meydan.tv\\\/az\\\/#organization\"},\"image\":{\"@id\":\"https:\\\/\\\/www.meydan.tv\\\/az\\\/article\\\/mubariz-mensimovun-saxlanildigi-deyilir\\\/#primaryimage\"},\"thumbnailUrl\":\"https:\\\/\\\/www.meydan.tv\\\/wp-content\\\/uploads\\\/38759-scaled.jpg\",\"articleSection\":[\"Siyas\u0259t\"],\"inLanguage\":\"az\"},{\"@type\":\"WebPage\",\"@id\":\"https:\\\/\\\/www.meydan.tv\\\/az\\\/article\\\/mubariz-mensimovun-saxlanildigi-deyilir\\\/\",\"url\":\"https:\\\/\\\/www.meydan.tv\\\/az\\\/article\\\/mubariz-mensimovun-saxlanildigi-deyilir\\\/\",\"name\":\"M\u00fcbariz M\u0259nsimovun saxlan\u0131ld\u0131\u011f\u0131 deyilir - MEYDAN.TV\",\"isPartOf\":{\"@id\":\"https:\\\/\\\/www.meydan.tv\\\/az\\\/#website\"},\"primaryImageOfPage\":{\"@id\":\"https:\\\/\\\/www.meydan.tv\\\/az\\\/article\\\/mubariz-mensimovun-saxlanildigi-deyilir\\\/#primaryimage\"},\"image\":{\"@id\":\"https:\\\/\\\/www.meydan.tv\\\/az\\\/article\\\/mubariz-mensimovun-saxlanildigi-deyilir\\\/#primaryimage\"},\"thumbnailUrl\":\"https:\\\/\\\/www.meydan.tv\\\/wp-content\\\/uploads\\\/38759-scaled.jpg\",\"datePublished\":\"2020-03-15T15:57:19+00:00\",\"breadcrumb\":{\"@id\":\"https:\\\/\\\/www.meydan.tv\\\/az\\\/article\\\/mubariz-mensimovun-saxlanildigi-deyilir\\\/#breadcrumb\"},\"inLanguage\":\"az\",\"potentialAction\":[{\"@type\":\"ReadAction\",\"target\":[\"https:\\\/\\\/www.meydan.tv\\\/az\\\/article\\\/mubariz-mensimovun-saxlanildigi-deyilir\\\/\"]}]},{\"@type\":\"ImageObject\",\"inLanguage\":\"az\",\"@id\":\"https:\\\/\\\/www.meydan.tv\\\/az\\\/article\\\/mubariz-mensimovun-saxlanildigi-deyilir\\\/#primaryimage\",\"url\":\"https:\\\/\\\/www.meydan.tv\\\/wp-content\\\/uploads\\\/38759-scaled.jpg\",\"contentUrl\":\"https:\\\/\\\/www.meydan.tv\\\/wp-content\\\/uploads\\\/38759-scaled.jpg\",\"width\":2560,\"height\":1164,\"caption\":\"Source:\"},{\"@type\":\"BreadcrumbList\",\"@id\":\"https:\\\/\\\/www.meydan.tv\\\/az\\\/article\\\/mubariz-mensimovun-saxlanildigi-deyilir\\\/#breadcrumb\",\"itemListElement\":[{\"@type\":\"ListItem\",\"position\":1,\"name\":\"Ana s\u0259hif\u0259\",\"item\":\"https:\\\/\\\/www.meydan.tv\\\/az\\\/\"},{\"@type\":\"ListItem\",\"position\":2,\"name\":\"Siyas\u0259t\",\"item\":\"https:\\\/\\\/www.meydan.tv\\\/az\\\/section\\\/siyaset\\\/\"},{\"@type\":\"ListItem\",\"position\":3,\"name\":\"M\u00fcbariz M\u0259nsimovun saxlan\u0131ld\u0131\u011f\u0131 deyilir\"}]},{\"@type\":\"WebSite\",\"@id\":\"https:\\\/\\\/www.meydan.tv\\\/az\\\/#website\",\"url\":\"https:\\\/\\\/www.meydan.tv\\\/az\\\/\",\"name\":\"MEYDAN.TV\",\"description\":\"Meydan TV Az\u0259rbaycan\u0131n media m\u0259kan\u0131ndak\u0131 alternativ s\u0259sidir\",\"publisher\":{\"@id\":\"https:\\\/\\\/www.meydan.tv\\\/az\\\/#organization\"},\"potentialAction\":[{\"@type\":\"SearchAction\",\"target\":{\"@type\":\"EntryPoint\",\"urlTemplate\":\"https:\\\/\\\/www.meydan.tv\\\/az\\\/?s={search_term_string}\"},\"query-input\":{\"@type\":\"PropertyValueSpecification\",\"valueRequired\":true,\"valueName\":\"search_term_string\"}}],\"inLanguage\":\"az\"},{\"@type\":\"Organization\",\"@id\":\"https:\\\/\\\/www.meydan.tv\\\/az\\\/#organization\",\"name\":\"Meydan TV\",\"url\":\"https:\\\/\\\/www.meydan.tv\\\/az\\\/\",\"logo\":{\"@type\":\"ImageObject\",\"inLanguage\":\"az\",\"@id\":\"https:\\\/\\\/www.meydan.tv\\\/az\\\/#\\\/schema\\\/logo\\\/image\\\/\",\"url\":\"https:\\\/\\\/www.meydan.tv\\\/wp-content\\\/uploads\\\/2021\\\/07\\\/meydan-logo.svg\",\"contentUrl\":\"https:\\\/\\\/www.meydan.tv\\\/wp-content\\\/uploads\\\/2021\\\/07\\\/meydan-logo.svg\",\"width\":195,\"height\":46,\"caption\":\"Meydan TV\"},\"image\":{\"@id\":\"https:\\\/\\\/www.meydan.tv\\\/az\\\/#\\\/schema\\\/logo\\\/image\\\/\"}},{\"@type\":\"Person\",\"@id\":\"https:\\\/\\\/www.meydan.tv\\\/az\\\/#\\\/schema\\\/person\\\/10d11eccf6da3662cf5fdab9806ea91a\",\"name\":\"user-manager\"}]}<\/script>\n<!-- \/ Yoast SEO plugin. -->","yoast_head_json":{"title":"M\u00fcbariz M\u0259nsimovun saxlan\u0131ld\u0131\u011f\u0131 deyilir - MEYDAN.TV","robots":{"index":"index","follow":"follow","max-snippet":"max-snippet:-1","max-image-preview":"max-image-preview:large","max-video-preview":"max-video-preview:-1"},"canonical":"https:\/\/www.meydan.tv\/az\/article\/mubariz-mensimovun-saxlanildigi-deyilir\/","og_locale":"az_AZ","og_type":"article","og_title":"M\u00fcbariz M\u0259nsimovun saxlan\u0131ld\u0131\u011f\u0131 deyilir - MEYDAN.TV","og_description":"H\u0259min vaxt M\u00fcbariz M\u0259nsimov sosial \u015f\u0259b\u0259k\u0259l\u0259rd\u0259ki hesab\u0131nda bu bar\u0259d\u0259 yaz\u0131b","og_url":"https:\/\/www.meydan.tv\/az\/article\/mubariz-mensimovun-saxlanildigi-deyilir\/","og_site_name":"MEYDAN.TV","article_published_time":"2020-03-15T15:57:19+00:00","og_image":[{"width":2560,"height":1164,"url":"https:\/\/www.meydan.tv\/wp-content\/uploads\/38759-scaled.jpg","type":"image\/jpeg"}],"author":"user-manager","twitter_card":"summary_large_image","schema":{"@context":"https:\/\/schema.org","@graph":[{"@type":"Article","@id":"https:\/\/www.meydan.tv\/az\/article\/mubariz-mensimovun-saxlanildigi-deyilir\/#article","isPartOf":{"@id":"https:\/\/www.meydan.tv\/az\/article\/mubariz-mensimovun-saxlanildigi-deyilir\/"},"author":{"name":"user-manager","@id":"https:\/\/www.meydan.tv\/az\/#\/schema\/person\/10d11eccf6da3662cf5fdab9806ea91a"},"headline":"M\u00fcbariz M\u0259nsimovun saxlan\u0131ld\u0131\u011f\u0131 deyilir","datePublished":"2020-03-15T15:57:19+00:00","mainEntityOfPage":{"@id":"https:\/\/www.meydan.tv\/az\/article\/mubariz-mensimovun-saxlanildigi-deyilir\/"},"wordCount":465,"publisher":{"@id":"https:\/\/www.meydan.tv\/az\/#organization"},"image":{"@id":"https:\/\/www.meydan.tv\/az\/article\/mubariz-mensimovun-saxlanildigi-deyilir\/#primaryimage"},"thumbnailUrl":"https:\/\/www.meydan.tv\/wp-content\/uploads\/38759-scaled.jpg","articleSection":["Siyas\u0259t"],"inLanguage":"az"},{"@type":"WebPage","@id":"https:\/\/www.meydan.tv\/az\/article\/mubariz-mensimovun-saxlanildigi-deyilir\/","url":"https:\/\/www.meydan.tv\/az\/article\/mubariz-mensimovun-saxlanildigi-deyilir\/","name":"M\u00fcbariz M\u0259nsimovun saxlan\u0131ld\u0131\u011f\u0131 deyilir - MEYDAN.TV","isPartOf":{"@id":"https:\/\/www.meydan.tv\/az\/#website"},"primaryImageOfPage":{"@id":"https:\/\/www.meydan.tv\/az\/article\/mubariz-mensimovun-saxlanildigi-deyilir\/#primaryimage"},"image":{"@id":"https:\/\/www.meydan.tv\/az\/article\/mubariz-mensimovun-saxlanildigi-deyilir\/#primaryimage"},"thumbnailUrl":"https:\/\/www.meydan.tv\/wp-content\/uploads\/38759-scaled.jpg","datePublished":"2020-03-15T15:57:19+00:00","breadcrumb":{"@id":"https:\/\/www.meydan.tv\/az\/article\/mubariz-mensimovun-saxlanildigi-deyilir\/#breadcrumb"},"inLanguage":"az","potentialAction":[{"@type":"ReadAction","target":["https:\/\/www.meydan.tv\/az\/article\/mubariz-mensimovun-saxlanildigi-deyilir\/"]}]},{"@type":"ImageObject","inLanguage":"az","@id":"https:\/\/www.meydan.tv\/az\/article\/mubariz-mensimovun-saxlanildigi-deyilir\/#primaryimage","url":"https:\/\/www.meydan.tv\/wp-content\/uploads\/38759-scaled.jpg","contentUrl":"https:\/\/www.meydan.tv\/wp-content\/uploads\/38759-scaled.jpg","width":2560,"height":1164,"caption":"Source:"},{"@type":"BreadcrumbList","@id":"https:\/\/www.meydan.tv\/az\/article\/mubariz-mensimovun-saxlanildigi-deyilir\/#breadcrumb","itemListElement":[{"@type":"ListItem","position":1,"name":"Ana s\u0259hif\u0259","item":"https:\/\/www.meydan.tv\/az\/"},{"@type":"ListItem","position":2,"name":"Siyas\u0259t","item":"https:\/\/www.meydan.tv\/az\/section\/siyaset\/"},{"@type":"ListItem","position":3,"name":"M\u00fcbariz M\u0259nsimovun saxlan\u0131ld\u0131\u011f\u0131 deyilir"}]},{"@type":"WebSite","@id":"https:\/\/www.meydan.tv\/az\/#website","url":"https:\/\/www.meydan.tv\/az\/","name":"MEYDAN.TV","description":"Meydan TV Az\u0259rbaycan\u0131n media m\u0259kan\u0131ndak\u0131 alternativ s\u0259sidir","publisher":{"@id":"https:\/\/www.meydan.tv\/az\/#organization"},"potentialAction":[{"@type":"SearchAction","target":{"@type":"EntryPoint","urlTemplate":"https:\/\/www.meydan.tv\/az\/?s={search_term_string}"},"query-input":{"@type":"PropertyValueSpecification","valueRequired":true,"valueName":"search_term_string"}}],"inLanguage":"az"},{"@type":"Organization","@id":"https:\/\/www.meydan.tv\/az\/#organization","name":"Meydan TV","url":"https:\/\/www.meydan.tv\/az\/","logo":{"@type":"ImageObject","inLanguage":"az","@id":"https:\/\/www.meydan.tv\/az\/#\/schema\/logo\/image\/","url":"https:\/\/www.meydan.tv\/wp-content\/uploads\/2021\/07\/meydan-logo.svg","contentUrl":"https:\/\/www.meydan.tv\/wp-content\/uploads\/2021\/07\/meydan-logo.svg","width":195,"height":46,"caption":"Meydan TV"},"image":{"@id":"https:\/\/www.meydan.tv\/az\/#\/schema\/logo\/image\/"}},{"@type":"Person","@id":"https:\/\/www.meydan.tv\/az\/#\/schema\/person\/10d11eccf6da3662cf5fdab9806ea91a","name":"user-manager"}]}},"_links":{"self":[{"href":"https:\/\/www.meydan.tv\/az\/wp-json\/wp\/v2\/posts\/199700","targetHints":{"allow":["GET"]}}],"collection":[{"href":"https:\/\/www.meydan.tv\/az\/wp-json\/wp\/v2\/posts"}],"about":[{"href":"https:\/\/www.meydan.tv\/az\/wp-json\/wp\/v2\/types\/post"}],"author":[{"embeddable":true,"href":"https:\/\/www.meydan.tv\/az\/wp-json\/wp\/v2\/users\/11"}],"replies":[{"embeddable":true,"href":"https:\/\/www.meydan.tv\/az\/wp-json\/wp\/v2\/comments?post=199700"}],"version-history":[{"count":0,"href":"https:\/\/www.meydan.tv\/az\/wp-json\/wp\/v2\/posts\/199700\/revisions"}],"wp:featuredmedia":[{"embeddable":true,"href":"https:\/\/www.meydan.tv\/az\/wp-json\/wp\/v2\/media\/97522"}],"wp:attachment":[{"href":"https:\/\/www.meydan.tv\/az\/wp-json\/wp\/v2\/media?parent=199700"}],"wp:term":[{"taxonomy":"category","embeddable":true,"href":"https:\/\/www.meydan.tv\/az\/wp-json\/wp\/v2\/categories?post=199700"},{"taxonomy":"post_tag","embeddable":true,"href":"https:\/\/www.meydan.tv\/az\/wp-json\/wp\/v2\/tags?post=199700"}],"curies":[{"name":"wp","href":"https:\/\/api.w.org\/{rel}","templated":true}]}}