{"id":199697,"date":"2020-03-14T13:39:27","date_gmt":"2020-03-14T13:39:27","guid":{"rendered":"https:\/\/www.meydan.tv\/article\/yayda-ilanla-qisda-sicovullarla-yasayan-aile\/"},"modified":"2020-03-14T13:39:27","modified_gmt":"2020-03-14T13:39:27","slug":"yayda-ilanla-qisda-sicovullarla-yasayan-aile","status":"publish","type":"post","link":"https:\/\/www.meydan.tv\/az\/article\/yayda-ilanla-qisda-sicovullarla-yasayan-aile\/","title":{"rendered":"Yayda ilanla, q\u0131\u015fda si\u00e7ovullarla ya\u015fayan ail\u0259&#8230;"},"content":{"rendered":"<p>\n  <i><br \/>\n    Baba\u015fovlar ail\u0259sind\u0259 u\u015faqlar imkans\u0131zl\u0131qdan m\u0259kt\u0259b\u0259 davaml\u0131 getmir<br \/>\n  <\/i>\n<\/p>\n<p>\n  Sabirabad\u0131n X\u0259lf\u0259li k\u0259ndind\u0259 \u015eamil Baba\u015fovla Dilb\u0259r X\u0259l\u0259fovan\u0131n iki \u00f6vlad b\u00f6y\u00fctd\u00fcy\u00fc yeri ev adland\u0131rmaq da olmur. Pal\u00e7\u0131qdan yap\u0131lan komada normal ya\u015fay\u0131\u015f \u00fc\u00e7\u00fcn he\u00e7 bir \u015f\u0259rait yoxdur.\n<\/p>\n<p>\n  <b><br \/>\n    \u201cH\u0259r g\u00fcn yavan \u00e7\u00f6r\u0259yi g\u00fccl\u0259 al\u0131r\u0131q\u201d<br \/>\n  <\/b>\n<\/p>\n<p>\n  Dilb\u0259r X\u0259l\u0259fova s\u00f6hb\u0259t\u0259 h\u0259yat yolda\u015f\u0131n\u0131n x\u0259st\u0259liyi bar\u0259d\u0259 dan\u0131\u015fmaqla ba\u015flay\u0131r. Deyir ki, ill\u0259rdir onu m\u00fcalic\u0259 etdirm\u0259y\u0259 \u00e7al\u0131\u015f\u0131rlar. Sonra s\u00f6z a\u011f\u0131r \u015f\u0259rtl\u0259r alt\u0131nda ya\u015famaqdan d\u00fc\u015f\u00fcr: \u201cM\u0259rk\u0259zi x\u0259st\u0259xanada tibb bac\u0131s\u0131 i\u015fl\u0259yirdim, sonra k\u0259nd\u0259 ke\u00e7irdil\u0259r. Ail\u0259 m\u0259nim maa\u015f\u0131ma bax\u0131r. 300 manatdan bir az \u00e7ox al\u0131ram, 170-i kredit\u0259 gedir. Qohum-\u0259qr\u0259ba k\u00f6m\u0259k el\u0259yir. Yax\u015f\u0131 qon\u015fular\u0131m\u0131z var. Yoxsa lap pis g\u00fcnd\u0259 oluruq, s\u00f6z\u00fcn \u0259sl m\u0259nas\u0131nda ac\u0131ndan \u00f6l\u0259rik&quot;.\n<\/p>\n<p>\n  Otaqdak\u0131 \u0259\u015fyalardan he\u00e7 biri \u201ccan\u0131sulu\u201d g\u00f6r\u00fcnm\u00fcr. Televizorun \u00e7ox k\u00f6hn\u0259 oldu\u011fu hiss edilir. Qad\u0131n deyir ki, bunu da onlara qon\u015fu verib: \u201cBir televizor alma\u011fa g\u00fcc\u00fc \u00e7atmayan ail\u0259 t\u0259s\u0259vv\u00fcr edin. H\u0259r g\u00fcn yavan \u00e7\u00f6r\u0259yi g\u00fccl\u0259 al\u0131r\u0131q\u201d.\n<\/p>\n<p>\n  Ail\u0259nin b\u00f6y\u00fck o\u011flu imkans\u0131zl\u0131qdan d\u0259rs\u0259 getmir. Evin ki\u00e7iyi h\u0259rd\u0259n m\u0259kt\u0259bd\u0259 g\u00f6r\u00fcn\u00fcr.\n<\/p>\n<figure class=\"wp-block-image size-large\">\n  <img decoding=\"async\" src=\"https:\/\/www.meydan.tv\/az\/image_from_ios-1-jpg-113\/\" alt=\"image_from_ios (1).jpg\" class=\"wp-image-138930\"\/><figcaption>\n    \u015eamil Baba\u015fov v\u0259 Dilb\u0259r X\u0259l\u0259fova<br \/>\n  <\/figcaption><\/figure>\n<p>\n  <b><br \/>\n    \u201cBunu ya\u015fay\u0131\u015f adland\u0131rmaq olmur\u201d<br \/>\n  <\/b>\n<\/p>\n<p>\n  \u015eamil Baba\u015fov da dan\u0131\u015f\u0131r. Deyir ki, si\u00e7anlara, ilanlara g\u00f6r\u0259 gec\u0259 g\u00f6z\u00fcn\u0259 yuxu getmir. Dilb\u0259r xan\u0131m t\u0259sdiq edir:\n<\/p>\n<p>\n  \u201cU\u015faqlar zarafat el\u0259yir ki, &quot;ana ilantutand\u0131&quot;. Yay vaxt\u0131 ilan daha \u00e7ox \u00e7\u0131x\u0131r. G\u00f6r\u00fcn\u0259nd\u0259 d\u0259 \u00e7ox vaxt u\u015faqlardan gizl\u0259dir\u0259m. Q\u0131\u015fda da si\u00e7ovullar&#8230; Gec\u0259l\u0259r ke\u015fik \u00e7\u0259kir\u0259m ki, u\u015faqlar\u0131n burun-qula\u011f\u0131n\u0131 yem\u0259sin&quot;.\n<\/p>\n<p>\n  \u018fr-arvad evin dammas\u0131ndan gileyl\u0259nir. \u015eamil deyir ki, bura ev dem\u0259yin \u00f6z\u00fc haqs\u0131zl\u0131qd\u0131r:\n<\/p>\n<p>\n  \u201cYor\u011fan-d\u00f6\u015f\u0259k su i\u00e7ind\u0259 olur. Ev u\u00e7ur. Bunu ya\u015fay\u0131\u015f adland\u0131rmaq olmur. 10-15 ildir torpa\u011f\u0131n \u00fcst\u00fcnd\u0259 ya\u015fay\u0131r\u0131q. Neyl\u0259y\u0259 bil\u0259rik? Hara gediriks\u0259, bigan\u0259lik g\u00f6r\u00fcr\u00fck. \u018fs\u0259bl\u0259rim yerind\u0259 deyil. \u0130\u015f qabiliyy\u0259tim yoxdu. Bax\u0131n, cibimd\u0259 d\u0259rman g\u0259zdirir\u0259m. Bununla ya\u015fay\u0131ram. Psixotrop d\u0259rmand\u0131. \u0130ndiy\u0259 q\u0259d\u0259r \u00fc\u00e7 evin pulunu x\u0259rcl\u0259mi\u015fik. Deyirl\u0259r ki, get, bizlik deyil. M\u0259n i\u015fl\u0259y\u0259r\u0259m, amma olmur. Bu d\u0259rmanlar\u0131 atan adam nec\u0259 i\u015fl\u0259sin? D\u00f6vl\u0259t idar\u0259l\u0259rin\u0259 getm\u0259kd\u0259n d\u0259 bezmi\u015fik\u201d.\n<\/p>\n<p>\n  Dilb\u0259r xan\u0131m h\u0259yat yolda\u015f\u0131n\u0131n s\u00f6z\u00fcn\u0259 q\u00fcvv\u0259t verir. Deyir ki, d\u00f6vl\u0259t idar\u0259l\u0259rind\u0259 o q\u0259d\u0259r s\u00fcr\u00fcnd\u00fcr\u00fcrl\u0259r, insan \u00f6z\u00fcn\u0259 nifr\u0259t edir:\n<\/p>\n<p>\n  \u201cAx\u0131rda deyirs\u0259n ki, c\u0259h\u0259nn\u0259m, ac\u0131ndan \u00f6l\u00fcm, daha bu yolu getm\u0259yim\u201d.\n<\/p>\n<figure class=\"wp-block-image size-large\">\n  <img decoding=\"async\" src=\"https:\/\/www.meydan.tv\/az\/image_from_ios-7-jpg-49\/\" alt=\"image_from_ios (7).jpg\" class=\"wp-image-138948\"\/><figcaption>\n    \u018fr-arvad evin dammas\u0131ndan gileyl\u0259nir<br \/>\n  <\/figcaption><\/figure>\n<p>\n  <b><br \/>\n    \u201cAdamlar\u0131 saym\u0131rlar\u201d<br \/>\n  <\/b>\n<\/p>\n<p>\n  Ail\u0259nin o q\u0259d\u0259r problemi var ki, dan\u0131\u015fd\u0131qca bitmir. Dilb\u0259r xan\u0131m xat\u0131rlay\u0131r ki, 10-11 ay ard\u0131c\u0131l i\u015f\u0131qs\u0131z ya\u015fayan vaxtlar\u0131 olub. El\u0259 indi d\u0259 elektrik enerjisin\u0259 g\u00f6r\u0259 2070 manat borclar\u0131 qal\u0131b.\n<\/p>\n<p>\n  \u201c\u0130cra Hakimiyy\u0259tin\u0259 m\u00fcraci\u0259t el\u0259mi\u015fdik. \u00d6t\u00fcr-\u00f6t\u00fcr oldu. \u0130ndi i\u015f\u0131q idar\u0259sinin \u0259m\u0259kda\u015flar\u0131 g\u00fcz\u0259\u015ft el\u0259yir, k\u0259smirl\u0259r. H\u0259r ay 10 manat borcdan verm\u0259y\u0259 \u00e7al\u0131\u015f\u0131r\u0131q. Ham\u0131s\u0131n\u0131 \u00f6d\u0259m\u0259y\u0259 imkan yoxdu. Ald\u0131\u011f\u0131m maa\u015f g\u00f6z qaba\u011f\u0131ndad\u0131. Bir az kredit\u0259 verir\u0259m, bir az d\u0259rmanlara. Ortada he\u00e7 n\u0259 qalm\u0131r\u201d, &#8211; qad\u0131n bel\u0259 deyir.\n<\/p>\n<p>\n  \u015eamil \u00fc\u00e7\u00fcn pensiya d\u00fcz\u0259ltm\u0259y\u0259 \u00e7al\u0131\u015f\u0131blar, al\u0131nmay\u0131b. Sosial yard\u0131m \u00fc\u00e7\u00fcn m\u00fcraci\u0259t zaman\u0131 da \u201cyox\u201d cavab\u0131n\u0131 e\u015fidibl\u0259r.\n<\/p>\n<figure class=\"wp-block-image size-large\">\n  <img decoding=\"async\" src=\"https:\/\/www.meydan.tv\/az\/image_from_ios_10_eok6ka9\/\" alt=\"image_from_ios_10_eok6ka9\" class=\"wp-image-138954\"\/><figcaption>\n    Sosial yard\u0131m \u00fc\u00e7\u00fcn m\u00fcraci\u0259t zaman\u0131 da \u201cyox\u201d cavab\u0131n\u0131 e\u015fidibl\u0259r.<br \/>\n  <\/figcaption><\/figure>\n<p>\n  \u201cOrtada adam\u0131n n\u0259 q\u0259d\u0259r pulu gedir. G\u00fcc\u00fcm\u00fcz \u00e7atm\u0131r. G\u0259lirl\u0259r, deyirl\u0259r ki, el\u0259y\u0259rik, bird\u0259f\u0259lik gedirl\u0259r. B\u0259l\u0259diyy\u0259d\u0259n tutmu\u015f icra hakimiyy\u0259tin\u0259 q\u0259d\u0259r ham\u0131 v\u0259ziyy\u0259timizi bilir. D\u00f6vl\u0259t biz\u0259 k\u00f6m\u0259k el\u0259sin\u201d, &#8211; Dilb\u0259r xan\u0131m \u00e7ar\u0259siz g\u00f6r\u00fcn\u00fcr.\n<\/p>\n<p>\n  \u015eamil \u0130cra Hakimiyy\u0259tind\u0259n g\u0259l\u0259n n\u00fcmay\u0259nd\u0259nin s\u00f6z\u00fcn\u00fc q\u0259z\u0259bl\u0259 xat\u0131rlay\u0131r: \u201cDeyirdi ki, h\u0259yat yolda\u015f\u0131n gedib kol y\u0131\u011fs\u0131n. He\u00e7 kimd\u0259n qorxmurlar. Adamlar\u0131 saym\u0131rlar. Burda kim ya\u015fayar? Bunun ad\u0131 ya\u015fay\u0131\u015fd\u0131? D\u00f6vl\u0259t m\u0259n\u0259 baxmay\u0131b, u\u015faqlar\u0131ma yard\u0131m el\u0259m\u0259yib. Sabah dey\u0259c\u0259kl\u0259r ki, g\u0259lsin h\u0259rbi xidm\u0259t\u0259. D\u00f6vl\u0259t bu u\u015fa\u011fa n\u0259 verdi ki, bir il sonra da g\u0259lib ondan V\u0259t\u0259n\u0259 borcu qaytarma\u011f\u0131 t\u0259l\u0259b ed\u0259c\u0259kl\u0259r?!&quot;\n<\/p>\n<p>\n  U\u015faqlar\u0131n birinin 11, o birinin is\u0259 17 ya\u015f\u0131 var. Dilb\u0259r X\u0259l\u0259fova g\u00f6z ya\u015f\u0131 i\u00e7ind\u0259 deyir ki, \u00f6vladlar\u0131 n\u0259 qar\u0131ndolusu yem\u0259k yey\u0259 bilir, n\u0259 d\u0259 \u0259yinl\u0259ri t\u0259z\u0259 paltar g\u00f6r\u00fcr:\n<\/p>\n<p>\n  &quot;\u0130ndi \u00fcst-ba\u015flar\u0131nda g\u00f6rd\u00fckl\u0259riniz d\u0259 onun-bunun verdiyi paltarlard\u0131r&#8230;&quot;\n<\/p>\n<figure class=\"wp-block-image size-large\">\n  <img decoding=\"async\" src=\"https:\/\/www.meydan.tv\/az\/image_from_ios-5-jpg-87\/\" alt=\"image_from_ios (5).jpg\" class=\"wp-image-138942\"\/><figcaption>\n    Dilb\u0259r X\u0259l\u0259fova g\u00f6z ya\u015f\u0131 i\u00e7ind\u0259 deyir ki, \u00f6vladlar\u0131 n\u0259 qar\u0131ndolusu yem\u0259k yey\u0259 bilir, n\u0259 d\u0259 \u0259yinl\u0259ri t\u0259z\u0259 paltar g\u00f6r\u00fcr<br \/>\n  <\/figcaption><\/figure>\n<p>\n  Biz daxmada ba\u015fqa k\u0259d\u0259rli m\u0259nz\u0259r\u0259ni qoyub gedirik. G\u00f6zl\u0259rind\u0259n q\u00fcss\u0259 ya\u011fan u\u015faqlar divar\u0131n dibin\u0259 \u00e7\u00f6k\u00fcb qal\u0131blar&#8230;\n<\/p>\n<p>\n  Sabirabad Rayon \u0130cra Hakimiyy\u0259tind\u0259n Meydan TV-y\u0259 deyibl\u0259r ki, v\u0259t\u0259nda\u015flara maddi yard\u0131m g\u00f6st\u0259rm\u0259k v\u0259 i\u015f tapmaq onlar\u0131n v\u0259zif\u0259si deyil:\n<\/p>\n<p>\n  \u201cYen\u0259 d\u0259 v\u0259t\u0259nda\u015f r\u0259smi \u015f\u0259kild\u0259 m\u00fcraci\u0259t etsin, probleml\u0259rini ara\u015fd\u0131raq, laz\u0131mi orqanlara y\u00f6n\u0259ld\u0259k\u201d.\n<\/p>\n<figure class=\"wp-block-image size-large\">\n  <img decoding=\"async\" src=\"https:\/\/www.meydan.tv\/az\/image_from_ios-jpg-158\/\" alt=\"image_from_ios.jpg\" class=\"wp-image-138924\"\/><figcaption>\n    G\u00f6zl\u0259rind\u0259n q\u00fcss\u0259 ya\u011fan u\u015faqlar divar\u0131n dibin\u0259 \u00e7\u00f6k\u00fcb qal\u0131blar&#8230;<br \/>\n  <\/figcaption><\/figure>\n<figure class=\"wp-block-image size-large\">\n  <img decoding=\"async\" src=\"https:\/\/www.meydan.tv\/az\/image_from_ios-9-jpg-29\/\" alt=\"image_from_ios (9).jpg\" class=\"wp-image-138951\"\/><figcaption>\n    \u015eamil deyir ki, bura ev dem\u0259yin \u00f6z\u00fc haqs\u0131zl\u0131qd\u0131r<br \/>\n  <\/figcaption><\/figure>\n","protected":false},"excerpt":{"rendered":"<p>&#8220;Gec\u0259l\u0259r ke\u015fik \u00e7\u0259kir\u0259m ki, u\u015faqlar\u0131n burun-qula\u011f\u0131n\u0131 yem\u0259sin&#8221;<\/p>\n","protected":false},"author":11,"featured_media":138936,"comment_status":"closed","ping_status":"open","sticky":false,"template":"","format":"standard","meta":{"_acf_changed":false,"_sitemap_exclude":false,"_sitemap_priority":"","_sitemap_frequency":"","footnotes":""},"categories":[60],"tags":[],"class_list":["post-199697","post","type-post","status-publish","format-standard","has-post-thumbnail","hentry","category-bolge","infinite-scroll-item","generate-columns","tablet-grid-50","mobile-grid-100","grid-parent","grid-33","no-featured-image-padding"],"acf":[],"yoast_head":"<!-- This site is optimized with the Yoast SEO plugin v27.5 - https:\/\/yoast.com\/product\/yoast-seo-wordpress\/ -->\n<title>Yayda ilanla, q\u0131\u015fda si\u00e7ovullarla ya\u015fayan ail\u0259... - MEYDAN.TV<\/title>\n<meta name=\"robots\" content=\"index, follow, max-snippet:-1, max-image-preview:large, max-video-preview:-1\" \/>\n<link rel=\"canonical\" href=\"https:\/\/www.meydan.tv\/az\/article\/yayda-ilanla-qisda-sicovullarla-yasayan-aile\/\" \/>\n<meta property=\"og:locale\" content=\"az_AZ\" \/>\n<meta property=\"og:type\" content=\"article\" \/>\n<meta property=\"og:title\" content=\"Yayda ilanla, q\u0131\u015fda si\u00e7ovullarla ya\u015fayan ail\u0259... - MEYDAN.TV\" \/>\n<meta property=\"og:description\" content=\"&quot;Gec\u0259l\u0259r ke\u015fik \u00e7\u0259kir\u0259m ki, u\u015faqlar\u0131n burun-qula\u011f\u0131n\u0131 yem\u0259sin&quot;\" \/>\n<meta property=\"og:url\" content=\"https:\/\/www.meydan.tv\/az\/article\/yayda-ilanla-qisda-sicovullarla-yasayan-aile\/\" \/>\n<meta property=\"og:site_name\" content=\"MEYDAN.TV\" \/>\n<meta property=\"article:published_time\" content=\"2020-03-14T13:39:27+00:00\" \/>\n<meta property=\"og:image\" content=\"https:\/\/www.meydan.tv\/wp-content\/uploads\/image_from_ios_3_xqfarbn.jpg\" \/>\n\t<meta property=\"og:image:width\" content=\"1280\" \/>\n\t<meta property=\"og:image:height\" content=\"960\" \/>\n\t<meta property=\"og:image:type\" content=\"image\/jpeg\" \/>\n<meta name=\"author\" content=\"user-manager\" \/>\n<meta name=\"twitter:card\" content=\"summary_large_image\" \/>\n<script type=\"application\/ld+json\" class=\"yoast-schema-graph\">{\"@context\":\"https:\\\/\\\/schema.org\",\"@graph\":[{\"@type\":\"Article\",\"@id\":\"https:\\\/\\\/www.meydan.tv\\\/az\\\/article\\\/yayda-ilanla-qisda-sicovullarla-yasayan-aile\\\/#article\",\"isPartOf\":{\"@id\":\"https:\\\/\\\/www.meydan.tv\\\/az\\\/article\\\/yayda-ilanla-qisda-sicovullarla-yasayan-aile\\\/\"},\"author\":{\"name\":\"user-manager\",\"@id\":\"https:\\\/\\\/www.meydan.tv\\\/az\\\/#\\\/schema\\\/person\\\/10d11eccf6da3662cf5fdab9806ea91a\"},\"headline\":\"Yayda ilanla, q\u0131\u015fda si\u00e7ovullarla ya\u015fayan ail\u0259&#8230;\",\"datePublished\":\"2020-03-14T13:39:27+00:00\",\"mainEntityOfPage\":{\"@id\":\"https:\\\/\\\/www.meydan.tv\\\/az\\\/article\\\/yayda-ilanla-qisda-sicovullarla-yasayan-aile\\\/\"},\"wordCount\":1080,\"publisher\":{\"@id\":\"https:\\\/\\\/www.meydan.tv\\\/az\\\/#organization\"},\"image\":{\"@id\":\"https:\\\/\\\/www.meydan.tv\\\/az\\\/article\\\/yayda-ilanla-qisda-sicovullarla-yasayan-aile\\\/#primaryimage\"},\"thumbnailUrl\":\"https:\\\/\\\/www.meydan.tv\\\/wp-content\\\/uploads\\\/image_from_ios_3_xqfarbn.jpg\",\"articleSection\":[\"B\u00f6lg\u0259\"],\"inLanguage\":\"az\"},{\"@type\":\"WebPage\",\"@id\":\"https:\\\/\\\/www.meydan.tv\\\/az\\\/article\\\/yayda-ilanla-qisda-sicovullarla-yasayan-aile\\\/\",\"url\":\"https:\\\/\\\/www.meydan.tv\\\/az\\\/article\\\/yayda-ilanla-qisda-sicovullarla-yasayan-aile\\\/\",\"name\":\"Yayda ilanla, q\u0131\u015fda si\u00e7ovullarla ya\u015fayan ail\u0259... - MEYDAN.TV\",\"isPartOf\":{\"@id\":\"https:\\\/\\\/www.meydan.tv\\\/az\\\/#website\"},\"primaryImageOfPage\":{\"@id\":\"https:\\\/\\\/www.meydan.tv\\\/az\\\/article\\\/yayda-ilanla-qisda-sicovullarla-yasayan-aile\\\/#primaryimage\"},\"image\":{\"@id\":\"https:\\\/\\\/www.meydan.tv\\\/az\\\/article\\\/yayda-ilanla-qisda-sicovullarla-yasayan-aile\\\/#primaryimage\"},\"thumbnailUrl\":\"https:\\\/\\\/www.meydan.tv\\\/wp-content\\\/uploads\\\/image_from_ios_3_xqfarbn.jpg\",\"datePublished\":\"2020-03-14T13:39:27+00:00\",\"breadcrumb\":{\"@id\":\"https:\\\/\\\/www.meydan.tv\\\/az\\\/article\\\/yayda-ilanla-qisda-sicovullarla-yasayan-aile\\\/#breadcrumb\"},\"inLanguage\":\"az\",\"potentialAction\":[{\"@type\":\"ReadAction\",\"target\":[\"https:\\\/\\\/www.meydan.tv\\\/az\\\/article\\\/yayda-ilanla-qisda-sicovullarla-yasayan-aile\\\/\"]}]},{\"@type\":\"ImageObject\",\"inLanguage\":\"az\",\"@id\":\"https:\\\/\\\/www.meydan.tv\\\/az\\\/article\\\/yayda-ilanla-qisda-sicovullarla-yasayan-aile\\\/#primaryimage\",\"url\":\"https:\\\/\\\/www.meydan.tv\\\/wp-content\\\/uploads\\\/image_from_ios_3_xqfarbn.jpg\",\"contentUrl\":\"https:\\\/\\\/www.meydan.tv\\\/wp-content\\\/uploads\\\/image_from_ios_3_xqfarbn.jpg\",\"width\":1280,\"height\":960,\"caption\":\"Source: Specify Source\"},{\"@type\":\"BreadcrumbList\",\"@id\":\"https:\\\/\\\/www.meydan.tv\\\/az\\\/article\\\/yayda-ilanla-qisda-sicovullarla-yasayan-aile\\\/#breadcrumb\",\"itemListElement\":[{\"@type\":\"ListItem\",\"position\":1,\"name\":\"Ana s\u0259hif\u0259\",\"item\":\"https:\\\/\\\/www.meydan.tv\\\/az\\\/\"},{\"@type\":\"ListItem\",\"position\":2,\"name\":\"B\u00f6lg\u0259\",\"item\":\"https:\\\/\\\/www.meydan.tv\\\/az\\\/section\\\/bolge\\\/\"},{\"@type\":\"ListItem\",\"position\":3,\"name\":\"Yayda ilanla, q\u0131\u015fda si\u00e7ovullarla ya\u015fayan ail\u0259&#8230;\"}]},{\"@type\":\"WebSite\",\"@id\":\"https:\\\/\\\/www.meydan.tv\\\/az\\\/#website\",\"url\":\"https:\\\/\\\/www.meydan.tv\\\/az\\\/\",\"name\":\"MEYDAN.TV\",\"description\":\"Meydan TV Az\u0259rbaycan\u0131n media m\u0259kan\u0131ndak\u0131 alternativ s\u0259sidir\",\"publisher\":{\"@id\":\"https:\\\/\\\/www.meydan.tv\\\/az\\\/#organization\"},\"potentialAction\":[{\"@type\":\"SearchAction\",\"target\":{\"@type\":\"EntryPoint\",\"urlTemplate\":\"https:\\\/\\\/www.meydan.tv\\\/az\\\/?s={search_term_string}\"},\"query-input\":{\"@type\":\"PropertyValueSpecification\",\"valueRequired\":true,\"valueName\":\"search_term_string\"}}],\"inLanguage\":\"az\"},{\"@type\":\"Organization\",\"@id\":\"https:\\\/\\\/www.meydan.tv\\\/az\\\/#organization\",\"name\":\"Meydan TV\",\"url\":\"https:\\\/\\\/www.meydan.tv\\\/az\\\/\",\"logo\":{\"@type\":\"ImageObject\",\"inLanguage\":\"az\",\"@id\":\"https:\\\/\\\/www.meydan.tv\\\/az\\\/#\\\/schema\\\/logo\\\/image\\\/\",\"url\":\"https:\\\/\\\/www.meydan.tv\\\/wp-content\\\/uploads\\\/2021\\\/07\\\/meydan-logo.svg\",\"contentUrl\":\"https:\\\/\\\/www.meydan.tv\\\/wp-content\\\/uploads\\\/2021\\\/07\\\/meydan-logo.svg\",\"width\":195,\"height\":46,\"caption\":\"Meydan TV\"},\"image\":{\"@id\":\"https:\\\/\\\/www.meydan.tv\\\/az\\\/#\\\/schema\\\/logo\\\/image\\\/\"}},{\"@type\":\"Person\",\"@id\":\"https:\\\/\\\/www.meydan.tv\\\/az\\\/#\\\/schema\\\/person\\\/10d11eccf6da3662cf5fdab9806ea91a\",\"name\":\"user-manager\"}]}<\/script>\n<!-- \/ Yoast SEO plugin. -->","yoast_head_json":{"title":"Yayda ilanla, q\u0131\u015fda si\u00e7ovullarla ya\u015fayan ail\u0259... - MEYDAN.TV","robots":{"index":"index","follow":"follow","max-snippet":"max-snippet:-1","max-image-preview":"max-image-preview:large","max-video-preview":"max-video-preview:-1"},"canonical":"https:\/\/www.meydan.tv\/az\/article\/yayda-ilanla-qisda-sicovullarla-yasayan-aile\/","og_locale":"az_AZ","og_type":"article","og_title":"Yayda ilanla, q\u0131\u015fda si\u00e7ovullarla ya\u015fayan ail\u0259... - MEYDAN.TV","og_description":"\"Gec\u0259l\u0259r ke\u015fik \u00e7\u0259kir\u0259m ki, u\u015faqlar\u0131n burun-qula\u011f\u0131n\u0131 yem\u0259sin\"","og_url":"https:\/\/www.meydan.tv\/az\/article\/yayda-ilanla-qisda-sicovullarla-yasayan-aile\/","og_site_name":"MEYDAN.TV","article_published_time":"2020-03-14T13:39:27+00:00","og_image":[{"width":1280,"height":960,"url":"https:\/\/www.meydan.tv\/wp-content\/uploads\/image_from_ios_3_xqfarbn.jpg","type":"image\/jpeg"}],"author":"user-manager","twitter_card":"summary_large_image","schema":{"@context":"https:\/\/schema.org","@graph":[{"@type":"Article","@id":"https:\/\/www.meydan.tv\/az\/article\/yayda-ilanla-qisda-sicovullarla-yasayan-aile\/#article","isPartOf":{"@id":"https:\/\/www.meydan.tv\/az\/article\/yayda-ilanla-qisda-sicovullarla-yasayan-aile\/"},"author":{"name":"user-manager","@id":"https:\/\/www.meydan.tv\/az\/#\/schema\/person\/10d11eccf6da3662cf5fdab9806ea91a"},"headline":"Yayda ilanla, q\u0131\u015fda si\u00e7ovullarla ya\u015fayan ail\u0259&#8230;","datePublished":"2020-03-14T13:39:27+00:00","mainEntityOfPage":{"@id":"https:\/\/www.meydan.tv\/az\/article\/yayda-ilanla-qisda-sicovullarla-yasayan-aile\/"},"wordCount":1080,"publisher":{"@id":"https:\/\/www.meydan.tv\/az\/#organization"},"image":{"@id":"https:\/\/www.meydan.tv\/az\/article\/yayda-ilanla-qisda-sicovullarla-yasayan-aile\/#primaryimage"},"thumbnailUrl":"https:\/\/www.meydan.tv\/wp-content\/uploads\/image_from_ios_3_xqfarbn.jpg","articleSection":["B\u00f6lg\u0259"],"inLanguage":"az"},{"@type":"WebPage","@id":"https:\/\/www.meydan.tv\/az\/article\/yayda-ilanla-qisda-sicovullarla-yasayan-aile\/","url":"https:\/\/www.meydan.tv\/az\/article\/yayda-ilanla-qisda-sicovullarla-yasayan-aile\/","name":"Yayda ilanla, q\u0131\u015fda si\u00e7ovullarla ya\u015fayan ail\u0259... - MEYDAN.TV","isPartOf":{"@id":"https:\/\/www.meydan.tv\/az\/#website"},"primaryImageOfPage":{"@id":"https:\/\/www.meydan.tv\/az\/article\/yayda-ilanla-qisda-sicovullarla-yasayan-aile\/#primaryimage"},"image":{"@id":"https:\/\/www.meydan.tv\/az\/article\/yayda-ilanla-qisda-sicovullarla-yasayan-aile\/#primaryimage"},"thumbnailUrl":"https:\/\/www.meydan.tv\/wp-content\/uploads\/image_from_ios_3_xqfarbn.jpg","datePublished":"2020-03-14T13:39:27+00:00","breadcrumb":{"@id":"https:\/\/www.meydan.tv\/az\/article\/yayda-ilanla-qisda-sicovullarla-yasayan-aile\/#breadcrumb"},"inLanguage":"az","potentialAction":[{"@type":"ReadAction","target":["https:\/\/www.meydan.tv\/az\/article\/yayda-ilanla-qisda-sicovullarla-yasayan-aile\/"]}]},{"@type":"ImageObject","inLanguage":"az","@id":"https:\/\/www.meydan.tv\/az\/article\/yayda-ilanla-qisda-sicovullarla-yasayan-aile\/#primaryimage","url":"https:\/\/www.meydan.tv\/wp-content\/uploads\/image_from_ios_3_xqfarbn.jpg","contentUrl":"https:\/\/www.meydan.tv\/wp-content\/uploads\/image_from_ios_3_xqfarbn.jpg","width":1280,"height":960,"caption":"Source: Specify Source"},{"@type":"BreadcrumbList","@id":"https:\/\/www.meydan.tv\/az\/article\/yayda-ilanla-qisda-sicovullarla-yasayan-aile\/#breadcrumb","itemListElement":[{"@type":"ListItem","position":1,"name":"Ana s\u0259hif\u0259","item":"https:\/\/www.meydan.tv\/az\/"},{"@type":"ListItem","position":2,"name":"B\u00f6lg\u0259","item":"https:\/\/www.meydan.tv\/az\/section\/bolge\/"},{"@type":"ListItem","position":3,"name":"Yayda ilanla, q\u0131\u015fda si\u00e7ovullarla ya\u015fayan ail\u0259&#8230;"}]},{"@type":"WebSite","@id":"https:\/\/www.meydan.tv\/az\/#website","url":"https:\/\/www.meydan.tv\/az\/","name":"MEYDAN.TV","description":"Meydan TV Az\u0259rbaycan\u0131n media m\u0259kan\u0131ndak\u0131 alternativ s\u0259sidir","publisher":{"@id":"https:\/\/www.meydan.tv\/az\/#organization"},"potentialAction":[{"@type":"SearchAction","target":{"@type":"EntryPoint","urlTemplate":"https:\/\/www.meydan.tv\/az\/?s={search_term_string}"},"query-input":{"@type":"PropertyValueSpecification","valueRequired":true,"valueName":"search_term_string"}}],"inLanguage":"az"},{"@type":"Organization","@id":"https:\/\/www.meydan.tv\/az\/#organization","name":"Meydan TV","url":"https:\/\/www.meydan.tv\/az\/","logo":{"@type":"ImageObject","inLanguage":"az","@id":"https:\/\/www.meydan.tv\/az\/#\/schema\/logo\/image\/","url":"https:\/\/www.meydan.tv\/wp-content\/uploads\/2021\/07\/meydan-logo.svg","contentUrl":"https:\/\/www.meydan.tv\/wp-content\/uploads\/2021\/07\/meydan-logo.svg","width":195,"height":46,"caption":"Meydan TV"},"image":{"@id":"https:\/\/www.meydan.tv\/az\/#\/schema\/logo\/image\/"}},{"@type":"Person","@id":"https:\/\/www.meydan.tv\/az\/#\/schema\/person\/10d11eccf6da3662cf5fdab9806ea91a","name":"user-manager"}]}},"_links":{"self":[{"href":"https:\/\/www.meydan.tv\/az\/wp-json\/wp\/v2\/posts\/199697","targetHints":{"allow":["GET"]}}],"collection":[{"href":"https:\/\/www.meydan.tv\/az\/wp-json\/wp\/v2\/posts"}],"about":[{"href":"https:\/\/www.meydan.tv\/az\/wp-json\/wp\/v2\/types\/post"}],"author":[{"embeddable":true,"href":"https:\/\/www.meydan.tv\/az\/wp-json\/wp\/v2\/users\/11"}],"replies":[{"embeddable":true,"href":"https:\/\/www.meydan.tv\/az\/wp-json\/wp\/v2\/comments?post=199697"}],"version-history":[{"count":0,"href":"https:\/\/www.meydan.tv\/az\/wp-json\/wp\/v2\/posts\/199697\/revisions"}],"wp:featuredmedia":[{"embeddable":true,"href":"https:\/\/www.meydan.tv\/az\/wp-json\/wp\/v2\/media\/138936"}],"wp:attachment":[{"href":"https:\/\/www.meydan.tv\/az\/wp-json\/wp\/v2\/media?parent=199697"}],"wp:term":[{"taxonomy":"category","embeddable":true,"href":"https:\/\/www.meydan.tv\/az\/wp-json\/wp\/v2\/categories?post=199697"},{"taxonomy":"post_tag","embeddable":true,"href":"https:\/\/www.meydan.tv\/az\/wp-json\/wp\/v2\/tags?post=199697"}],"curies":[{"name":"wp","href":"https:\/\/api.w.org\/{rel}","templated":true}]}}