{"id":199691,"date":"2020-03-14T10:31:34","date_gmt":"2020-03-14T10:31:34","guid":{"rendered":"https:\/\/www.meydan.tv\/article\/miskinlinin-73-yasli-sakini-evim-basima-ucur-pensiyam-dermana-yetmir\/"},"modified":"2020-03-14T10:31:34","modified_gmt":"2020-03-14T10:31:34","slug":"miskinlinin-73-yasli-sakini-evim-basima-ucur-pensiyam-dermana-yetmir","status":"publish","type":"post","link":"https:\/\/www.meydan.tv\/az\/article\/miskinlinin-73-yasli-sakini-evim-basima-ucur-pensiyam-dermana-yetmir\/","title":{"rendered":"Miskinlinin 73 ya\u015fl\u0131 sakini: Evim ba\u015f\u0131ma u\u00e7ur, pensiyam d\u0259rmana yetmir"},"content":{"rendered":"<p>\n  <i><br \/>\n    R\u00fctub\u0259tli, q\u0259zal\u0131 evd\u0259 ya\u015fayan Hava S\u00fcleymanova v\u0259 \u00f6vladlar\u0131 m\u00fcxt\u0259lif x\u0259st\u0259likl\u0259rd\u0259n \u0259ziyy\u0259t \u00e7\u0259kir<br \/>\n  <\/i>\n<\/p>\n<p>\n  \u201cX\u0259st\u0259y\u0259m, qocayam, imkans\u0131zam, bu \u015f\u0259raitd\u0259 ya\u015fama\u011fa g\u00fcc\u00fcm qalmay\u0131b. H\u00f6kum\u0259td\u0259n ist\u0259diyim odur ki, q\u0259zal\u0131 evimi t\u0259mir el\u0259sin, ba\u015f\u0131ma u\u00e7ur\u201d.\n<\/p>\n<p>\n  G\u0259d\u0259b\u0259yin Miskinli k\u0259nd sakini Hava S\u00fcleymanovan\u0131n 73 ya\u015f\u0131 var. Diabetd\u0259n \u0259ziyy\u0259t \u00e7\u0259kir. Ail\u0259 qurmayan 53 v\u0259 47 ya\u015fl\u0131, m\u00fcxt\u0259lif x\u0259st\u0259likl\u0259rd\u0259n \u0259ziyy\u0259t \u00e7\u0259k\u0259n \u00f6vladlar\u0131 da onunla eyni evd\u0259 ya\u015fay\u0131r. Ancaq ora ev dem\u0259k m\u00fcmk\u00fcns\u0259&#8230;\n<\/p>\n<p>\n  Hava xan\u0131m Meydan TV-y\u0259 dan\u0131\u015f\u0131r ki, 32 il \u0259vv\u0259l h\u0259yat yolda\u015f\u0131 k\u0259ndd\u0259 ev tikm\u0259k ist\u0259yib. Evin \u00f6z\u00fcl\u00fcn\u00fc at\u0131b, bir ne\u00e7\u0259 da\u015f qald\u0131rd\u0131qdan sonra m\u00fcharib\u0259 ba\u015flad\u0131\u011f\u0131ndan tibb qarda\u015f\u0131 kimi m\u00fcharib\u0259 zonas\u0131na gedib, sonrak\u0131 ill\u0259rd\u0259 is\u0259 evin tikintisini davam etdir\u0259 bilm\u0259yibl\u0259r.\n<\/p>\n<p>\n  <b><br \/>\n    \u201cDivarlar araland\u0131, \u00f6z\u00fcl v\u0259 tavan da\u011f\u0131ld\u0131\u201d<br \/>\n  <\/b>\n<\/p>\n<p>\n  \u201cYolda\u015f\u0131m Tofiq S\u00fcleymanov m\u00fcharib\u0259 vaxt\u0131 G\u0259d\u0259b\u0259y rayon X\u0259st\u0259xanas\u0131n\u0131n t\u0259cili yard\u0131m \u015f\u00f6b\u0259sind\u0259 feld\u015fer i\u015fl\u0259yirdi, c\u0259bh\u0259 x\u0259ttind\u0259 \u0259sg\u0259rl\u0259rin yaras\u0131n\u0131 sar\u0131y\u0131rd\u0131, at\u0259\u015fk\u0259sd\u0259n sonra da x\u0259st\u0259xanada i\u015fl\u0259diyi m\u00fcdd\u0259td\u0259 c\u0259bh\u0259 x\u0259ttind\u0259ki \u0259sg\u0259rl\u0259rin qullu\u011funda dayan\u0131rd\u0131. M\u00fcharib\u0259 vaxt\u0131 aylarla ev\u0259 g\u0259lmirdi, bu s\u0259b\u0259bd\u0259n d\u0259 ail\u0259mizin v\u0259ziyy\u0259ti \u00e7\u0259tinl\u0259\u015fdi, evi yar\u0131m\u00e7\u0131q d\u00fcz\u0259ldib k\u00f6\u00e7d\u00fck ki, \u00e7\u00f6ld\u0259 qalmayaq. \u0130ll\u0259r ke\u00e7dikc\u0259 ba\u015f ver\u0259n z\u0259lz\u0259l\u0259, ara-s\u0131ra yeralt\u0131 t\u0259kanlar, dolu, leysan h\u0259r d\u0259f\u0259 ev\u0259 z\u0259r\u0259r vurdu. Divarlar araland\u0131, tavan da\u011f\u0131ld\u0131\u201d, &#8211; qad\u0131n dan\u0131\u015f\u0131r.\n<\/p>\n<p>\n  Hava S\u00fcleymanovan\u0131n h\u0259yat yolda\u015f\u0131 21 ildir ki, v\u0259fat edib. \u00d6vladlar\u0131ndan biri ali t\u0259hsilli olsa da, ill\u0259rdir ki, i\u015f tapa bilmir, dig\u0259r bir \u00f6vlad\u0131 v\u0259 x\u0259st\u0259 olduqlar\u0131ndan h\u0259r d\u0259f\u0259 \u00f6z\u00fcl\u00fc v\u0259 divarlar\u0131 s\u0131radan \u00e7\u0131xan ev\u0259 \u0259l g\u0259zdir\u0259 bilm\u0259yib. \u0130ndi is\u0259 durum son h\u0259dd\u0259 \u00e7at\u0131b.\n<\/p>\n<p>\n  <b><br \/>\n    \u201cN\u0259mi\u015flik, r\u00fctub\u0259t can\u0131m\u0131za i\u015fl\u0259yir\u201d<br \/>\n  <\/b>\n<\/p>\n<p>\n  \u201cN\u0259mi\u015flik, r\u00fctub\u0259t x\u0259st\u0259 can\u0131m\u0131z\u0131 daha da \u0259ld\u0259n sal\u0131r. Divarlar aralan\u0131b, yar\u0131qlar g\u00fcnb\u0259g\u00fcn geni\u015fl\u0259nir, yel \u0259s\u0259nd\u0259 ev silk\u0259l\u0259nir, sanki indi ba\u015f\u0131m\u0131za u\u00e7acaq. 233 manat pensiya al\u0131ram, ald\u0131\u011f\u0131m he\u00e7 d\u0259rmanlar\u0131m\u0131za \u00e7atm\u0131r. Bilmirik ki, d\u0259rdimizi kim\u0259 dey\u0259k. D\u0259f\u0259l\u0259rl\u0259 icra hakimiyy\u0259tind\u0259 olmu\u015fam, h\u0259r d\u0259f\u0259 \u201cn\u0259n\u0259, get, g\u0259lib ev\u0259 baxacaqlar\u201d, deyib, yola sal\u0131rlar. M\u0259nim h\u0259yat yolda\u015f\u0131m vaxtil\u0259 \u015e\u0131n\u0131xda, Erm\u0259nistanla h\u0259ms\u0259rh\u0259d olan ba\u015fqa k\u0259ndl\u0259rd\u0259 g\u00fcll\u0259 ya\u011f\u0131\u015f\u0131n\u0131n alt\u0131nda \u00f6l\u00fcm\u00fcn\u00fc g\u00f6z\u0259 al\u0131b, y\u00fczl\u0259rl\u0259 \u0259sg\u0259rin h\u0259yat\u0131n\u0131 xilas edib, ancaq g\u0259lin, g\u00f6r\u00fcn x\u0259st\u0259 ail\u0259si hans\u0131 durumda ya\u015fay\u0131r. H\u0259yat yolda\u015f\u0131m \u00f6z\u00fcn\u00fc g\u00fcll\u0259 alt\u0131nda atanda, bu g\u00fcn m\u0259ni icra hakimiyy\u0259tinin binas\u0131ndan geri qaytaranlar orda-burda gizl\u0259nmi\u015fdil\u0259r\u201d.\n<\/p>\n<figure class=\"wp-block-image size-large\">\n  <img decoding=\"async\" src=\"https:\/\/www.meydan.tv\/az\/image_from_ios-2-jpg-127\/\" alt=\"image_from_ios (2).jpg\" class=\"wp-image-138926\"\/><figcaption>\n    &#8220;Divarlar araland\u0131, tavan da\u011f\u0131ld\u0131\u201d<br \/>\n  <\/figcaption><\/figure>\n<p>\n  Hava xan\u0131m deyir, \u0259slind\u0259 h\u0259r d\u0259f\u0259 z\u0259lz\u0259l\u0259, yeralt\u0131 t\u0259kan, dolu v\u0259 leysan ba\u015f ver\u0259nd\u0259 g\u0259lib ev\u0259 bax\u0131\u015f ke\u00e7irirl\u0259r, ancaq n\u0259tic\u0259si olmur:\n<\/p>\n<p>\n  \u201cH\u0259r d\u0259f\u0259 t\u0259bii f\u0259lak\u0259t olanda g\u0259lirl\u0259r, bax\u0131\u015f ke\u00e7irirl\u0259r, evi qeyd\u0259 al\u0131rlar, sonra da yard\u0131m etmirl\u0259r. Bizd\u0259 d\u0259 bel\u0259 fikir yaran\u0131r ki, dem\u0259li, bunlara bizim evimiz \u00f6zl\u0259rin\u0259 pul qazanmaq \u00fc\u00e7\u00fcn laz\u0131md\u0131r. G\u0259lib yaz\u0131b, gedib, pul ay\u0131r\u0131b, sonra da o pulu m\u0259nims\u0259yirl\u0259r. Ke\u00e7mi\u015f ba\u015f\u00e7\u0131n\u0131n q\u0259bulunda d\u0259f\u0259l\u0259rl\u0259, indiki ba\u015f\u00e7\u0131n\u0131n q\u0259bulunda iki d\u0259f\u0259 olmu\u015fam. Q\u0131z\u0131m indiki ba\u015f\u00e7\u0131n\u0131n q\u0259buluna ged\u0259nd\u0259 deyibl\u0259r, bilirik n\u0259y\u0259 g\u0259lmis\u0259n, get, g\u0259lib ev\u0259 bax\u0131\u015f ke\u00e7ir\u0259c\u0259kl\u0259r. H\u0259r d\u0259f\u0259 aldad\u0131blar\u201d.\n<\/p>\n<p>\n  G\u0259d\u0259b\u0259y Rayon \u0130cra Hakimiyy\u0259tind\u0259n Meydan TV-y\u0259 bildirilib ki, Hava S\u00fcleymanovan\u0131n evi t\u0259bii f\u0259lak\u0259tl\u0259r n\u0259tic\u0259sind\u0259 q\u0259zal\u0131 v\u0259ziyy\u0259t\u0259 d\u00fc\u015f\u00fcbs\u0259, bununla ba\u011fl\u0131 F\u00f6vq\u0259lad\u0259 Hallar Komissiyas\u0131na m\u00fcraci\u0259t etm\u0259lidir: \u201c\u0130cra hakimiyy\u0259ti ev tikmir, tikinti material\u0131, kompensasiya vermir, bu i\u015fl\u0259rl\u0259 komissiya m\u0259\u015f\u011ful olur. B\u0259lk\u0259 d\u0259 xan\u0131ma vaxt\u0131nda tikinti material\u0131 verilib, \u00fcst\u00fcnd\u0259n xeyli vaxt ke\u00e7ib, bilmirik. Xan\u0131m qurumumuza yax\u0131nla\u015fs\u0131n, ara\u015fd\u0131r\u0131ls\u0131n, \u0259g\u0259r ev n\u0259 vaxtsa t\u0259bii f\u0259lak\u0259td\u0259n q\u0259zal\u0131 v\u0259ziyy\u0259t\u0259 d\u00fc\u015f\u0259n tikilil\u0259rin siyah\u0131s\u0131na daxil edilibs\u0259, komissiya vaxt\u0131nda t\u0259dbir g\u00f6rm\u0259li idi\u201d.\n<\/p>\n<p>\n  Qurumdan bildirilib ki, son ill\u0259rd\u0259 G\u0259d\u0259b\u0259yd\u0259 t\u0259bii f\u0259lak\u0259t qeyd\u0259 al\u0131nmay\u0131b.<\/p>\n","protected":false},"excerpt":{"rendered":"<p>&#8220;H\u0259r d\u0259f\u0259 t\u0259bii f\u0259lak\u0259t olanda g\u0259lirl\u0259r, bax\u0131\u015f ke\u00e7irirl\u0259r, evi qeyd\u0259 al\u0131rlar, sonra da yard\u0131m etmirl\u0259r&#8221;.<\/p>\n","protected":false},"author":11,"featured_media":138921,"comment_status":"closed","ping_status":"open","sticky":false,"template":"","format":"standard","meta":{"_acf_changed":false,"_sitemap_exclude":false,"_sitemap_priority":"","_sitemap_frequency":"","footnotes":""},"categories":[60],"tags":[],"class_list":["post-199691","post","type-post","status-publish","format-standard","has-post-thumbnail","hentry","category-bolge","infinite-scroll-item","generate-columns","tablet-grid-50","mobile-grid-100","grid-parent","grid-33","no-featured-image-padding"],"acf":[],"yoast_head":"<!-- This site is optimized with the Yoast SEO plugin v27.5 - https:\/\/yoast.com\/product\/yoast-seo-wordpress\/ -->\n<title>Miskinlinin 73 ya\u015fl\u0131 sakini: Evim ba\u015f\u0131ma u\u00e7ur, pensiyam d\u0259rmana yetmir - MEYDAN.TV<\/title>\n<meta name=\"robots\" content=\"index, follow, max-snippet:-1, max-image-preview:large, max-video-preview:-1\" \/>\n<link rel=\"canonical\" href=\"https:\/\/www.meydan.tv\/az\/article\/miskinlinin-73-yasli-sakini-evim-basima-ucur-pensiyam-dermana-yetmir\/\" \/>\n<meta property=\"og:locale\" content=\"az_AZ\" \/>\n<meta property=\"og:type\" content=\"article\" \/>\n<meta property=\"og:title\" content=\"Miskinlinin 73 ya\u015fl\u0131 sakini: Evim ba\u015f\u0131ma u\u00e7ur, pensiyam d\u0259rmana yetmir - MEYDAN.TV\" \/>\n<meta property=\"og:description\" content=\"&quot;H\u0259r d\u0259f\u0259 t\u0259bii f\u0259lak\u0259t olanda g\u0259lirl\u0259r, bax\u0131\u015f ke\u00e7irirl\u0259r, evi qeyd\u0259 al\u0131rlar, sonra da yard\u0131m etmirl\u0259r&quot;.\" \/>\n<meta property=\"og:url\" content=\"https:\/\/www.meydan.tv\/az\/article\/miskinlinin-73-yasli-sakini-evim-basima-ucur-pensiyam-dermana-yetmir\/\" \/>\n<meta property=\"og:site_name\" content=\"MEYDAN.TV\" \/>\n<meta property=\"article:published_time\" content=\"2020-03-14T10:31:34+00:00\" \/>\n<meta property=\"og:image\" content=\"https:\/\/www.meydan.tv\/wp-content\/uploads\/image_from_ios_1_kpsxp9g.jpg\" \/>\n\t<meta property=\"og:image:width\" content=\"1032\" \/>\n\t<meta property=\"og:image:height\" content=\"581\" \/>\n\t<meta property=\"og:image:type\" content=\"image\/jpeg\" \/>\n<meta name=\"author\" content=\"user-manager\" \/>\n<meta name=\"twitter:card\" content=\"summary_large_image\" \/>\n<script type=\"application\/ld+json\" class=\"yoast-schema-graph\">{\"@context\":\"https:\\\/\\\/schema.org\",\"@graph\":[{\"@type\":\"Article\",\"@id\":\"https:\\\/\\\/www.meydan.tv\\\/az\\\/article\\\/miskinlinin-73-yasli-sakini-evim-basima-ucur-pensiyam-dermana-yetmir\\\/#article\",\"isPartOf\":{\"@id\":\"https:\\\/\\\/www.meydan.tv\\\/az\\\/article\\\/miskinlinin-73-yasli-sakini-evim-basima-ucur-pensiyam-dermana-yetmir\\\/\"},\"author\":{\"name\":\"user-manager\",\"@id\":\"https:\\\/\\\/www.meydan.tv\\\/az\\\/#\\\/schema\\\/person\\\/10d11eccf6da3662cf5fdab9806ea91a\"},\"headline\":\"Miskinlinin 73 ya\u015fl\u0131 sakini: Evim ba\u015f\u0131ma u\u00e7ur, pensiyam d\u0259rmana yetmir\",\"datePublished\":\"2020-03-14T10:31:34+00:00\",\"mainEntityOfPage\":{\"@id\":\"https:\\\/\\\/www.meydan.tv\\\/az\\\/article\\\/miskinlinin-73-yasli-sakini-evim-basima-ucur-pensiyam-dermana-yetmir\\\/\"},\"wordCount\":882,\"publisher\":{\"@id\":\"https:\\\/\\\/www.meydan.tv\\\/az\\\/#organization\"},\"image\":{\"@id\":\"https:\\\/\\\/www.meydan.tv\\\/az\\\/article\\\/miskinlinin-73-yasli-sakini-evim-basima-ucur-pensiyam-dermana-yetmir\\\/#primaryimage\"},\"thumbnailUrl\":\"https:\\\/\\\/www.meydan.tv\\\/wp-content\\\/uploads\\\/image_from_ios_1_kpsxp9g.jpg\",\"articleSection\":[\"B\u00f6lg\u0259\"],\"inLanguage\":\"az\"},{\"@type\":\"WebPage\",\"@id\":\"https:\\\/\\\/www.meydan.tv\\\/az\\\/article\\\/miskinlinin-73-yasli-sakini-evim-basima-ucur-pensiyam-dermana-yetmir\\\/\",\"url\":\"https:\\\/\\\/www.meydan.tv\\\/az\\\/article\\\/miskinlinin-73-yasli-sakini-evim-basima-ucur-pensiyam-dermana-yetmir\\\/\",\"name\":\"Miskinlinin 73 ya\u015fl\u0131 sakini: Evim ba\u015f\u0131ma u\u00e7ur, pensiyam d\u0259rmana yetmir - MEYDAN.TV\",\"isPartOf\":{\"@id\":\"https:\\\/\\\/www.meydan.tv\\\/az\\\/#website\"},\"primaryImageOfPage\":{\"@id\":\"https:\\\/\\\/www.meydan.tv\\\/az\\\/article\\\/miskinlinin-73-yasli-sakini-evim-basima-ucur-pensiyam-dermana-yetmir\\\/#primaryimage\"},\"image\":{\"@id\":\"https:\\\/\\\/www.meydan.tv\\\/az\\\/article\\\/miskinlinin-73-yasli-sakini-evim-basima-ucur-pensiyam-dermana-yetmir\\\/#primaryimage\"},\"thumbnailUrl\":\"https:\\\/\\\/www.meydan.tv\\\/wp-content\\\/uploads\\\/image_from_ios_1_kpsxp9g.jpg\",\"datePublished\":\"2020-03-14T10:31:34+00:00\",\"breadcrumb\":{\"@id\":\"https:\\\/\\\/www.meydan.tv\\\/az\\\/article\\\/miskinlinin-73-yasli-sakini-evim-basima-ucur-pensiyam-dermana-yetmir\\\/#breadcrumb\"},\"inLanguage\":\"az\",\"potentialAction\":[{\"@type\":\"ReadAction\",\"target\":[\"https:\\\/\\\/www.meydan.tv\\\/az\\\/article\\\/miskinlinin-73-yasli-sakini-evim-basima-ucur-pensiyam-dermana-yetmir\\\/\"]}]},{\"@type\":\"ImageObject\",\"inLanguage\":\"az\",\"@id\":\"https:\\\/\\\/www.meydan.tv\\\/az\\\/article\\\/miskinlinin-73-yasli-sakini-evim-basima-ucur-pensiyam-dermana-yetmir\\\/#primaryimage\",\"url\":\"https:\\\/\\\/www.meydan.tv\\\/wp-content\\\/uploads\\\/image_from_ios_1_kpsxp9g.jpg\",\"contentUrl\":\"https:\\\/\\\/www.meydan.tv\\\/wp-content\\\/uploads\\\/image_from_ios_1_kpsxp9g.jpg\",\"width\":1032,\"height\":581,\"caption\":\"Source: Specify Source\"},{\"@type\":\"BreadcrumbList\",\"@id\":\"https:\\\/\\\/www.meydan.tv\\\/az\\\/article\\\/miskinlinin-73-yasli-sakini-evim-basima-ucur-pensiyam-dermana-yetmir\\\/#breadcrumb\",\"itemListElement\":[{\"@type\":\"ListItem\",\"position\":1,\"name\":\"Ana s\u0259hif\u0259\",\"item\":\"https:\\\/\\\/www.meydan.tv\\\/az\\\/\"},{\"@type\":\"ListItem\",\"position\":2,\"name\":\"B\u00f6lg\u0259\",\"item\":\"https:\\\/\\\/www.meydan.tv\\\/az\\\/section\\\/bolge\\\/\"},{\"@type\":\"ListItem\",\"position\":3,\"name\":\"Miskinlinin 73 ya\u015fl\u0131 sakini: Evim ba\u015f\u0131ma u\u00e7ur, pensiyam d\u0259rmana yetmir\"}]},{\"@type\":\"WebSite\",\"@id\":\"https:\\\/\\\/www.meydan.tv\\\/az\\\/#website\",\"url\":\"https:\\\/\\\/www.meydan.tv\\\/az\\\/\",\"name\":\"MEYDAN.TV\",\"description\":\"Meydan TV Az\u0259rbaycan\u0131n media m\u0259kan\u0131ndak\u0131 alternativ s\u0259sidir\",\"publisher\":{\"@id\":\"https:\\\/\\\/www.meydan.tv\\\/az\\\/#organization\"},\"potentialAction\":[{\"@type\":\"SearchAction\",\"target\":{\"@type\":\"EntryPoint\",\"urlTemplate\":\"https:\\\/\\\/www.meydan.tv\\\/az\\\/?s={search_term_string}\"},\"query-input\":{\"@type\":\"PropertyValueSpecification\",\"valueRequired\":true,\"valueName\":\"search_term_string\"}}],\"inLanguage\":\"az\"},{\"@type\":\"Organization\",\"@id\":\"https:\\\/\\\/www.meydan.tv\\\/az\\\/#organization\",\"name\":\"Meydan TV\",\"url\":\"https:\\\/\\\/www.meydan.tv\\\/az\\\/\",\"logo\":{\"@type\":\"ImageObject\",\"inLanguage\":\"az\",\"@id\":\"https:\\\/\\\/www.meydan.tv\\\/az\\\/#\\\/schema\\\/logo\\\/image\\\/\",\"url\":\"https:\\\/\\\/www.meydan.tv\\\/wp-content\\\/uploads\\\/2021\\\/07\\\/meydan-logo.svg\",\"contentUrl\":\"https:\\\/\\\/www.meydan.tv\\\/wp-content\\\/uploads\\\/2021\\\/07\\\/meydan-logo.svg\",\"width\":195,\"height\":46,\"caption\":\"Meydan TV\"},\"image\":{\"@id\":\"https:\\\/\\\/www.meydan.tv\\\/az\\\/#\\\/schema\\\/logo\\\/image\\\/\"}},{\"@type\":\"Person\",\"@id\":\"https:\\\/\\\/www.meydan.tv\\\/az\\\/#\\\/schema\\\/person\\\/10d11eccf6da3662cf5fdab9806ea91a\",\"name\":\"user-manager\"}]}<\/script>\n<!-- \/ Yoast SEO plugin. -->","yoast_head_json":{"title":"Miskinlinin 73 ya\u015fl\u0131 sakini: Evim ba\u015f\u0131ma u\u00e7ur, pensiyam d\u0259rmana yetmir - MEYDAN.TV","robots":{"index":"index","follow":"follow","max-snippet":"max-snippet:-1","max-image-preview":"max-image-preview:large","max-video-preview":"max-video-preview:-1"},"canonical":"https:\/\/www.meydan.tv\/az\/article\/miskinlinin-73-yasli-sakini-evim-basima-ucur-pensiyam-dermana-yetmir\/","og_locale":"az_AZ","og_type":"article","og_title":"Miskinlinin 73 ya\u015fl\u0131 sakini: Evim ba\u015f\u0131ma u\u00e7ur, pensiyam d\u0259rmana yetmir - MEYDAN.TV","og_description":"\"H\u0259r d\u0259f\u0259 t\u0259bii f\u0259lak\u0259t olanda g\u0259lirl\u0259r, bax\u0131\u015f ke\u00e7irirl\u0259r, evi qeyd\u0259 al\u0131rlar, sonra da yard\u0131m etmirl\u0259r\".","og_url":"https:\/\/www.meydan.tv\/az\/article\/miskinlinin-73-yasli-sakini-evim-basima-ucur-pensiyam-dermana-yetmir\/","og_site_name":"MEYDAN.TV","article_published_time":"2020-03-14T10:31:34+00:00","og_image":[{"width":1032,"height":581,"url":"https:\/\/www.meydan.tv\/wp-content\/uploads\/image_from_ios_1_kpsxp9g.jpg","type":"image\/jpeg"}],"author":"user-manager","twitter_card":"summary_large_image","schema":{"@context":"https:\/\/schema.org","@graph":[{"@type":"Article","@id":"https:\/\/www.meydan.tv\/az\/article\/miskinlinin-73-yasli-sakini-evim-basima-ucur-pensiyam-dermana-yetmir\/#article","isPartOf":{"@id":"https:\/\/www.meydan.tv\/az\/article\/miskinlinin-73-yasli-sakini-evim-basima-ucur-pensiyam-dermana-yetmir\/"},"author":{"name":"user-manager","@id":"https:\/\/www.meydan.tv\/az\/#\/schema\/person\/10d11eccf6da3662cf5fdab9806ea91a"},"headline":"Miskinlinin 73 ya\u015fl\u0131 sakini: Evim ba\u015f\u0131ma u\u00e7ur, pensiyam d\u0259rmana yetmir","datePublished":"2020-03-14T10:31:34+00:00","mainEntityOfPage":{"@id":"https:\/\/www.meydan.tv\/az\/article\/miskinlinin-73-yasli-sakini-evim-basima-ucur-pensiyam-dermana-yetmir\/"},"wordCount":882,"publisher":{"@id":"https:\/\/www.meydan.tv\/az\/#organization"},"image":{"@id":"https:\/\/www.meydan.tv\/az\/article\/miskinlinin-73-yasli-sakini-evim-basima-ucur-pensiyam-dermana-yetmir\/#primaryimage"},"thumbnailUrl":"https:\/\/www.meydan.tv\/wp-content\/uploads\/image_from_ios_1_kpsxp9g.jpg","articleSection":["B\u00f6lg\u0259"],"inLanguage":"az"},{"@type":"WebPage","@id":"https:\/\/www.meydan.tv\/az\/article\/miskinlinin-73-yasli-sakini-evim-basima-ucur-pensiyam-dermana-yetmir\/","url":"https:\/\/www.meydan.tv\/az\/article\/miskinlinin-73-yasli-sakini-evim-basima-ucur-pensiyam-dermana-yetmir\/","name":"Miskinlinin 73 ya\u015fl\u0131 sakini: Evim ba\u015f\u0131ma u\u00e7ur, pensiyam d\u0259rmana yetmir - MEYDAN.TV","isPartOf":{"@id":"https:\/\/www.meydan.tv\/az\/#website"},"primaryImageOfPage":{"@id":"https:\/\/www.meydan.tv\/az\/article\/miskinlinin-73-yasli-sakini-evim-basima-ucur-pensiyam-dermana-yetmir\/#primaryimage"},"image":{"@id":"https:\/\/www.meydan.tv\/az\/article\/miskinlinin-73-yasli-sakini-evim-basima-ucur-pensiyam-dermana-yetmir\/#primaryimage"},"thumbnailUrl":"https:\/\/www.meydan.tv\/wp-content\/uploads\/image_from_ios_1_kpsxp9g.jpg","datePublished":"2020-03-14T10:31:34+00:00","breadcrumb":{"@id":"https:\/\/www.meydan.tv\/az\/article\/miskinlinin-73-yasli-sakini-evim-basima-ucur-pensiyam-dermana-yetmir\/#breadcrumb"},"inLanguage":"az","potentialAction":[{"@type":"ReadAction","target":["https:\/\/www.meydan.tv\/az\/article\/miskinlinin-73-yasli-sakini-evim-basima-ucur-pensiyam-dermana-yetmir\/"]}]},{"@type":"ImageObject","inLanguage":"az","@id":"https:\/\/www.meydan.tv\/az\/article\/miskinlinin-73-yasli-sakini-evim-basima-ucur-pensiyam-dermana-yetmir\/#primaryimage","url":"https:\/\/www.meydan.tv\/wp-content\/uploads\/image_from_ios_1_kpsxp9g.jpg","contentUrl":"https:\/\/www.meydan.tv\/wp-content\/uploads\/image_from_ios_1_kpsxp9g.jpg","width":1032,"height":581,"caption":"Source: Specify Source"},{"@type":"BreadcrumbList","@id":"https:\/\/www.meydan.tv\/az\/article\/miskinlinin-73-yasli-sakini-evim-basima-ucur-pensiyam-dermana-yetmir\/#breadcrumb","itemListElement":[{"@type":"ListItem","position":1,"name":"Ana s\u0259hif\u0259","item":"https:\/\/www.meydan.tv\/az\/"},{"@type":"ListItem","position":2,"name":"B\u00f6lg\u0259","item":"https:\/\/www.meydan.tv\/az\/section\/bolge\/"},{"@type":"ListItem","position":3,"name":"Miskinlinin 73 ya\u015fl\u0131 sakini: Evim ba\u015f\u0131ma u\u00e7ur, pensiyam d\u0259rmana yetmir"}]},{"@type":"WebSite","@id":"https:\/\/www.meydan.tv\/az\/#website","url":"https:\/\/www.meydan.tv\/az\/","name":"MEYDAN.TV","description":"Meydan TV Az\u0259rbaycan\u0131n media m\u0259kan\u0131ndak\u0131 alternativ s\u0259sidir","publisher":{"@id":"https:\/\/www.meydan.tv\/az\/#organization"},"potentialAction":[{"@type":"SearchAction","target":{"@type":"EntryPoint","urlTemplate":"https:\/\/www.meydan.tv\/az\/?s={search_term_string}"},"query-input":{"@type":"PropertyValueSpecification","valueRequired":true,"valueName":"search_term_string"}}],"inLanguage":"az"},{"@type":"Organization","@id":"https:\/\/www.meydan.tv\/az\/#organization","name":"Meydan TV","url":"https:\/\/www.meydan.tv\/az\/","logo":{"@type":"ImageObject","inLanguage":"az","@id":"https:\/\/www.meydan.tv\/az\/#\/schema\/logo\/image\/","url":"https:\/\/www.meydan.tv\/wp-content\/uploads\/2021\/07\/meydan-logo.svg","contentUrl":"https:\/\/www.meydan.tv\/wp-content\/uploads\/2021\/07\/meydan-logo.svg","width":195,"height":46,"caption":"Meydan TV"},"image":{"@id":"https:\/\/www.meydan.tv\/az\/#\/schema\/logo\/image\/"}},{"@type":"Person","@id":"https:\/\/www.meydan.tv\/az\/#\/schema\/person\/10d11eccf6da3662cf5fdab9806ea91a","name":"user-manager"}]}},"_links":{"self":[{"href":"https:\/\/www.meydan.tv\/az\/wp-json\/wp\/v2\/posts\/199691","targetHints":{"allow":["GET"]}}],"collection":[{"href":"https:\/\/www.meydan.tv\/az\/wp-json\/wp\/v2\/posts"}],"about":[{"href":"https:\/\/www.meydan.tv\/az\/wp-json\/wp\/v2\/types\/post"}],"author":[{"embeddable":true,"href":"https:\/\/www.meydan.tv\/az\/wp-json\/wp\/v2\/users\/11"}],"replies":[{"embeddable":true,"href":"https:\/\/www.meydan.tv\/az\/wp-json\/wp\/v2\/comments?post=199691"}],"version-history":[{"count":0,"href":"https:\/\/www.meydan.tv\/az\/wp-json\/wp\/v2\/posts\/199691\/revisions"}],"wp:featuredmedia":[{"embeddable":true,"href":"https:\/\/www.meydan.tv\/az\/wp-json\/wp\/v2\/media\/138921"}],"wp:attachment":[{"href":"https:\/\/www.meydan.tv\/az\/wp-json\/wp\/v2\/media?parent=199691"}],"wp:term":[{"taxonomy":"category","embeddable":true,"href":"https:\/\/www.meydan.tv\/az\/wp-json\/wp\/v2\/categories?post=199691"},{"taxonomy":"post_tag","embeddable":true,"href":"https:\/\/www.meydan.tv\/az\/wp-json\/wp\/v2\/tags?post=199691"}],"curies":[{"name":"wp","href":"https:\/\/api.w.org\/{rel}","templated":true}]}}