{"id":199594,"date":"2020-03-06T11:22:31","date_gmt":"2020-03-06T11:22:31","guid":{"rendered":"https:\/\/www.meydan.tv\/article\/vilyam-haciyev-deyir-nece-dunyaya-getirmisen-ele-de-bax\/"},"modified":"2020-03-06T11:22:31","modified_gmt":"2020-03-06T11:22:31","slug":"vilyam-haciyev-deyir-nece-dunyaya-getirmisen-ele-de-bax","status":"publish","type":"post","link":"https:\/\/www.meydan.tv\/az\/article\/vilyam-haciyev-deyir-nece-dunyaya-getirmisen-ele-de-bax\/","title":{"rendered":"\u201cVilyam Hac\u0131yev deyir, nec\u0259 d\u00fcnyaya g\u0259tirmis\u0259n, el\u0259 d\u0259 bax\u201d"},"content":{"rendered":"<p>\n  <i><br \/>\n    \u015eu\u015fadan olan m\u0259cburi k\u00f6\u00e7k\u00fcn ail\u0259si \u0130mi\u015flid\u0259 idar\u0259 binas\u0131nda ya\u015fay\u0131r<br \/>\n  <\/i>\n<\/p>\n<p>\n  \u201cDeyir\u0259m, 4 \u00f6vlad\u0131mla ac\u0131ndan \u00f6l\u00fcr\u00fck, k\u00f6rp\u0259y\u0259 s\u00fcd ala bilmir\u0259m. \u0130cra ba\u015f\u00e7\u0131s\u0131 m\u0259n\u0259 deyir ki, d\u00fcnyaya g\u0259tirm\u0259zdin, nec\u0259 d\u00fcnyaya g\u0259tirmis\u0259n, el\u0259 d\u0259 bax. Bu, ba\u015f\u00e7\u0131ya yara\u015fan s\u00f6zl\u0259rdir?\u201d\n<\/p>\n<p>\n  \u0130mi\u015flinin R\u0259sullu k\u0259ndind\u0259 ya\u015fayan 30 ya\u015fl\u0131 G\u00fcnel Abdullayeva bel\u0259 deyir.\n<\/p>\n<p>\n  G\u00fcnel Abdullayeva \u0130mi\u015fli sakini, 47 ya\u015fl\u0131 Araz Ba\u011f\u0131rovla 8 il \u0259vv\u0259l ail\u0259 h\u0259yat\u0131 qurub. Ya\u015fad\u0131\u011f\u0131 G\u0259nc\u0259 \u015f\u0259h\u0259rind\u0259n \u0130mi\u015fliy\u0259 k\u00f6\u00e7\u00fcb. Ail\u0259nin 4 \u00f6vlad\u0131 var. B\u00f6y\u00fcy\u00fc 1-ci sinf\u0259 getm\u0259lidir. Anas\u0131 deyir, n\u0259 paltar\u0131, n\u0259 d\u0259 m\u0259kt\u0259b l\u0259vazimatlar\u0131n\u0131 ala bilib:\n<\/p>\n<p>\n  \u201cBel\u0259 gets\u0259, he\u00e7 g\u00f6nd\u0259r\u0259 bilm\u0259y\u0259c\u0259y\u0259m. Qar\u0131nlar\u0131n\u0131 doydurmaq m\u0259nim \u00fc\u00e7\u00fcn problemdir. Qald\u0131 paltar alma\u011f\u0131n he\u00e7 yax\u0131n\u0131na da d\u00fc\u015f\u0259 bilmir\u0259m. Ki\u00e7ik o\u011fluma yem\u0259k almaqdan \u00f6tr\u00fc b\u00fct\u00fcn g\u00fcn\u00fc icra hakimiyy\u0259tinin qap\u0131s\u0131nda yat\u0131ram. \u0130cra ba\u015f\u00e7\u0131s\u0131 Vilyam m\u00fc\u0259llim m\u0259n\u0259 deyir ki, burada pul paylam\u0131rlar, get evin\u0259. M\u0259n demir\u0259m, siz deyin, b\u0259s m\u0259n n\u0259 etm\u0259liy\u0259m?\u201d\n<\/p>\n<p>\n  G\u00fcnel Abdullayeva deyir ki, sonbe\u015fiyinin, 5 ayl\u0131q k\u00f6rp\u0259sinin \u00fcr\u0259kgetm\u0259si var. M\u00fcalic\u0259 etdirm\u0259y\u0259 imkan\u0131 yoxdur. Getdikc\u0259 v\u0259ziyy\u0259ti pisl\u0259\u015fir:\n<\/p>\n<p>\n  \u201c\u018flimizd\u0259n he\u00e7 n\u0259 g\u0259lmir. O q\u0259d\u0259r b\u0259rbad qidalan\u0131r\u0131q ki&#8230; U\u015fa\u011fa verm\u0259y\u0259 s\u00fcd\u00fcm d\u0259 olmad\u0131. Yediyi haz\u0131r yem\u0259yin bir qutusu is\u0259 22 manatd\u0131r. Alanda bir h\u0259ft\u0259 b\u0259s edir. A\u00e7\u0131\u011f\u0131 he\u00e7 onu da ala bilmir\u0259m. U\u015faq b\u00fct\u00fcn g\u00fcn\u00fc ac\u0131ndan a\u011flay\u0131r. Bu, azm\u0131\u015f kimi, bir d\u0259 anadang\u0259lm\u0259 g\u00f6zl\u0259ri g\u00f6rm\u00fcr. N\u0259 \u0259lillik d\u0259r\u0259c\u0259si ala bilir\u0259m, n\u0259 d\u0259 \u0259limd\u0259n n\u0259s\u0259 g\u0259lir. T\u0259k qap\u0131s\u0131na getdiyim icra ba\u015f\u00e7\u0131s\u0131d\u0131r. O da deyir ki, hara gedirs\u0259n, get, m\u0259n s\u0259nin \u00fc\u00e7\u00fcn he\u00e7 n\u0259 ed\u0259 bilm\u0259r\u0259m. Lap ist\u0259yirs\u0259n, get, dil\u0259n\u201d.\n<\/p>\n<figure class=\"wp-block-image size-large\">\n  <img decoding=\"async\" src=\"https:\/\/www.meydan.tv\/az\/image_from_ios__1_-jpg-9\/\" alt=\"image_from_ios__1_.jpg\" class=\"wp-image-138614\"\/><figcaption>\n    G\u00fcnel Abdullayeva<br \/>\n  <\/figcaption><\/figure>\n<p>\n  G\u00fcnelin h\u0259yat yolda\u015f\u0131 Ayaz Ba\u011f\u0131rov \u015eu\u015fadan m\u0259cburi k\u00f6\u00e7k\u00fcn oldu\u011funu deyir. 8 ya\u015f\u0131nda olandan \u0130mi\u015flid\u0259 m\u0259skunla\u015f\u0131b. Anas\u0131n\u0131-atas\u0131n\u0131 itirib. Bac\u0131s\u0131 ail\u0259 h\u0259yat\u0131 qurub. O is\u0259 ill\u0259rl\u0259 \u0130mi\u015flid\u0259ki \u201cNuray\u201d adl\u0131 \u015fadl\u0131q evinin bir ota\u011f\u0131nda ya\u015fay\u0131b. Sonradan oradan da \u00e7\u0131xar\u0131blar. \u0130ndi is\u0259 R\u0259sulluda k\u00f6hn\u0259 kolxoz binas\u0131nda m\u0259skunla\u015f\u0131b. Yeri-g\u00f6y\u00fc beton olan bu tikilinin p\u0259nc\u0259r\u0259l\u0259rini sellofanla tutub, i\u00e7in\u0259 odun pe\u00e7i qoyublar. Ancaq normal isid\u0259 bilmirl\u0259r:\n<\/p>\n<p>\n  \u201cEvin i\u00e7i buz olur. He\u00e7 g\u00f6r\u00fcn bu \u015f\u0259raitd\u0259 d\u0259 k\u00f6rp\u0259 u\u015faq saxlayarlar? T\u0259\u0259ss\u00fcf ki, ba\u015fqa \u00e7ar\u0259miz yoxdur. Ald\u0131\u011f\u0131m 50 manat \u00e7\u00f6r\u0259kpulu il\u0259 bundan art\u0131\u011f\u0131n\u0131 ed\u0259 bilmir\u0259m. O pulu da h\u0259r ay al\u0131ram, he\u00e7 bilmir\u0259m, i\u015f\u0131\u011fa, qaza verim, yoxsa bu q\u0259d\u0259r u\u015fa\u011fa \u00e7\u00f6r\u0259k al\u0131m. F\u0259hl\u0259lik edir\u0259m, o da h\u0259mi\u015f\u0259 olmur. D\u00fc\u015f\u0259nd\u0259 gedib g\u00fcn\u00fc 5-6 manata i\u015fl\u0259yir\u0259m. Olmayanda da ac\u0131ndan \u00f6l\u00fcr\u00fck. Bu u\u015faqlar\u0131n s\u0259h\u0259r\u0259c\u0259n a\u011flay\u0131b \u00e7\u00f6r\u0259k ist\u0259dikl\u0259ri g\u00fcnl\u0259r olur. Ax\u0131rda yorulub, birt\u0259h\u0259r yuxuya gedirl\u0259r\u201d.\n<\/p>\n<p>\n  Araz v\u0259 G\u00fcnel h\u0259ft\u0259d\u0259 bir ne\u00e7\u0259 d\u0259f\u0259 \u0130mi\u015fli Rayon \u0130cra Hakimiyy\u0259tinin binas\u0131n\u0131n \u00f6n\u00fcn\u0259 gedir. \u0130mi\u015flinin icra ba\u015f\u00e7\u0131s\u0131 Vilyam Hac\u0131yevd\u0259n k\u00f6rp\u0259l\u0259rin\u0259 s\u00fcd, \u00f6zl\u0259rin\u0259 \u00e7\u00f6r\u0259kpulu ist\u0259yirl\u0259r. Ail\u0259 b\u0259z\u0259n gec\u0259 yar\u0131lar\u0131na q\u0259d\u0259r icra hakimiyy\u0259tinin qap\u0131s\u0131nda qal\u0131r:\n<\/p>\n<p>\n  \u201cEl\u0259 olur saat 10-11-d\u0259k Vilyam Hac\u0131yevin \u00e7\u0131xmas\u0131n\u0131 g\u00f6zl\u0259yirik. Yalvar\u0131r\u0131q, ancaq \u00fcz\u00fcm\u00fcz\u0259 d\u0259 baxm\u0131r. Binan\u0131n \u00f6n\u00fcnd\u0259 bir da\u015f var. Saatlarla \u00fcst\u00fcnd\u0259 oturub g\u00f6zl\u0259yirik. Ax\u0131rda \u00fcz\u00fcm\u00fcz\u0259 d\u0259 baxmay\u0131b, l\u00fcks ma\u015f\u0131n\u0131na minib gedir. N\u0259 i\u015f verirl\u0259r, n\u0259 sosial yard\u0131m ala bilirik, n\u0259 d\u0259 k\u00f6m\u0259k edirl\u0259r. \u00c7ar\u0259sizik\u201d \u2013 deyir, G\u00fcnel Abdullayeva.\n<\/p>\n<figure class=\"wp-block-image size-large\">\n  <img decoding=\"async\" src=\"https:\/\/www.meydan.tv\/az\/image_from_ios__2_-jpg-6\/\" alt=\"image_from_ios__2_.jpg\" class=\"wp-image-138609\"\/><figcaption>\n    Araz Ba\u011f\u0131rov<br \/>\n  <\/figcaption><\/figure>\n<p>\n  Araz Ba\u011f\u0131rov deyir ki, d\u0259f\u0259l\u0259rl\u0259 sosial yard\u0131m \u00fc\u00e7\u00fcn m\u00fcraci\u0259t edibl\u0259r. Ancaq h\u0259r d\u0259f\u0259sind\u0259 onlara \u201csiz\u0259 yard\u0131m d\u00fc\u015fm\u00fcr\u201d \u2013 deyib, yola sal\u0131blar:\n<\/p>\n<p>\n  \u201cAx\u0131rda \u00e7ox dava-dala\u015fdan sonra dedil\u0259r ki, elektrondu, \u00f6z\u00fcn\u00fcz m\u00fcraci\u0259t etm\u0259lisiniz. M\u0259n ad\u0131m\u0131 yaza bilm\u0259y\u0259n insan, nec\u0259 m\u00fcraci\u0259t edim, onu da bilmir\u0259m. He\u00e7 yerd\u0259n d\u0259 k\u00f6m\u0259yim yoxdur. Daha do\u011frusu, \u0259traf\u0131mdak\u0131 insanlar\u0131n ham\u0131s\u0131 da m\u0259ng\u00fcnl\u00fcd\u00fcr\u201d.\n<\/p>\n<p>\n  Ail\u0259 t\u0259z\u0259likc\u0259 evl\u0259 ba\u011fl\u0131 Qa\u00e7\u0131nlar\u0131n v\u0259 M\u0259cburi K\u00f6\u00e7k\u00fcnl\u0259rin \u0130\u015fl\u0259ri \u00fczr\u0259 D\u00f6vl\u0259t Komit\u0259sin\u0259, \u0130mi\u015fli Rayon \u0130cra Hakimiyy\u0259tin\u0259 m\u00fcraci\u0259t edib. Deyirl\u0259r ki, onlara v\u0259r\u0259m x\u0259st\u0259xanas\u0131ndan bir otaq veribl\u0259r:\n<\/p>\n<p>\n  \u201cGedib baxd\u0131q. N\u0259 p\u0259nc\u0259r\u0259si, n\u0259 qap\u0131s\u0131 var. M\u0259n 4 u\u015faqla, q\u0131\u015f\u0131n g\u00fcn\u00fcnd\u0259 orada nec\u0259 qal\u0131m? Yenid\u0259n getdim Vilyam m\u00fc\u0259llimin yan\u0131na. Bu d\u0259f\u0259 d\u0259 m\u0259ni h\u0259d\u0259l\u0259di ki, bir d\u0259 g\u0259ls\u0259n, s\u0259ni polis\u0259 ver\u0259c\u0259y\u0259m. Ax\u0131rda da dedi ki, get, hara ist\u0259yirs\u0259n, m\u00fcraci\u0259t et. He\u00e7 n\u0259yimiz yoxdur, bir \u00fcmidimiz vard\u0131, deyirdik, b\u0259lk\u0259 biz\u0259 d\u0259 ev, i\u015f veril\u0259r. Art\u0131q o da qalmay\u0131b\u201d.\n<\/p>\n<figure class=\"wp-block-image size-large\">\n  <img decoding=\"async\" src=\"https:\/\/www.meydan.tv\/az\/image_from_ios__6_-jpg\/\" alt=\"image_from_ios__6_.jpg\" class=\"wp-image-138603\"\/><figcaption>\n    1 ota\u011fa s\u0131\u011f\u0131nan ail\u0259 h\u0259r yer beton oldu\u011fundan buran\u0131 isid\u0259 bilmir<br \/>\n  <\/figcaption><\/figure>\n<p>\n  \u0130mi\u015fli Rayon \u0130cra Hakimiyy\u0259tind\u0259 yerli idar\u0259etm\u0259 orqanlar\u0131 il\u0259 i\u015f \u015f\u00f6b\u0259sinin m\u00fcdiri Mirz\u0259 Quliyev Meydan TV-y\u0259 deyib ki, h\u0259min ail\u0259nin v\u0259ziyy\u0259tind\u0259n x\u0259b\u0259rdard\u0131rlar. D\u0259f\u0259l\u0259rl\u0259 k\u00f6m\u0259k d\u0259 edibl\u0259r. Ancaq o insanlar \u00f6zl\u0259ri dolanmaq \u00fc\u00e7\u00fcn he\u00e7 bir \u015fey etm\u0259k ist\u0259mirl\u0259r:\n<\/p>\n<p>\n  \u201cB\u0259lk\u0259 d\u0259 onlara sosial yard\u0131m d\u00fc\u015f\u0259r. Deyin, g\u0259lsinl\u0259r. \u018fg\u0259r nec\u0259 m\u00fcraci\u0259t etm\u0259yi bilmirl\u0259rs\u0259, biz k\u00f6m\u0259k ed\u0259rik. G\u0259lsinl\u0259r, \u0259limizd\u0259n g\u0259l\u0259ni ed\u0259c\u0259yik\u201d.\n<\/p>\n<p>\n  D\u00f6vl\u0259t Sosial M\u00fcdafi\u0259 Fondunun \u0130mi\u015fli rayon \u015f\u00f6b\u0259sind\u0259n is\u0259 bildiribl\u0259r ki, yard\u0131m\u0131n d\u00fc\u015f\u00fcb, d\u00fc\u015fm\u0259diyini bilm\u0259k \u00fc\u00e7\u00fcn ail\u0259 elektron \u0259riz\u0259 il\u0259 m\u00fcraci\u0259t etm\u0259lidir:\n<\/p>\n<p>\n  \u201c\u0130ndi fondluq bir \u015fey yoxdur. \u018fvv\u0259l idi, biz\u0259 m\u00fcraci\u0259t edirdil\u0259r. \u0130ndi birba\u015fa \u00f6zl\u0259ri m\u00fcraci\u0259t edir, cavab\u0131 da \u00f6zl\u0259ri al\u0131rlar. Yox, bunu etm\u0259yi bacarm\u0131rlarsa, yax\u0131nla\u015fs\u0131nlar izah ed\u0259k, \u00f6yr\u0259d\u0259k. Ancaq bel\u0259 k\u00f6m\u0259k ed\u0259 bil\u0259rik\u201d.\n<\/p>\n<figure class=\"wp-block-image size-large\">\n  <img decoding=\"async\" src=\"https:\/\/www.meydan.tv\/az\/image_from_ios-jpg-154\/\" alt=\"image_from_ios.jpg\" class=\"wp-image-138618\"\/><figcaption>\n    Evd\u0259n \u0259li \u00fcz\u00fcl\u0259n G\u00fcnel, m\u0259cburiyy\u0259td\u0259n burada ya\u015fay\u0131r<br \/>\n  <\/figcaption><\/figure>\n<figure class=\"wp-block-image size-large\">\n  <img decoding=\"async\" src=\"https:\/\/www.meydan.tv\/az\/image_from_ios__5_-jpg\/\" alt=\"image_from_ios__5_.jpg\" class=\"wp-image-138606\"\/><figcaption>\n    Soyuq, 4 divar\u0131 betondan olan idar\u0259 binas\u0131 k\u00f6rp\u0259 u\u015faqlar \u00fc\u00e7\u00fcn t\u0259hl\u00fck\u0259lidir<br \/>\n  <\/figcaption><\/figure>\n<figure class=\"wp-block-image size-large\">\n  <img decoding=\"async\" src=\"https:\/\/www.meydan.tv\/az\/image_from_ios__4_-1-jpg\/\" alt=\"image_from_ios__4_ (1).jpg\" class=\"wp-image-138624\"\/><figcaption>\n    Ana ki\u00e7ik u\u015fa\u011f\u0131na s\u00fcd ala bilmir<br \/>\n  <\/figcaption><\/figure>\n","protected":false},"excerpt":{"rendered":"<p>&#8220;Ald\u0131\u011f\u0131m 50 manat \u00e7\u00f6r\u0259kpulu il\u0259 bundan art\u0131\u011f\u0131n\u0131 ed\u0259 bilmir\u0259m&#8221;<\/p>\n","protected":false},"author":11,"featured_media":138621,"comment_status":"closed","ping_status":"open","sticky":false,"template":"","format":"standard","meta":{"_acf_changed":false,"_sitemap_exclude":false,"_sitemap_priority":"","_sitemap_frequency":"","footnotes":""},"categories":[60],"tags":[],"class_list":["post-199594","post","type-post","status-publish","format-standard","has-post-thumbnail","hentry","category-bolge","infinite-scroll-item","generate-columns","tablet-grid-50","mobile-grid-100","grid-parent","grid-33","no-featured-image-padding"],"acf":[],"yoast_head":"<!-- This site is optimized with the Yoast SEO plugin v27.5 - https:\/\/yoast.com\/product\/yoast-seo-wordpress\/ -->\n<title>\u201cVilyam Hac\u0131yev deyir, nec\u0259 d\u00fcnyaya g\u0259tirmis\u0259n, el\u0259 d\u0259 bax\u201d - MEYDAN.TV<\/title>\n<meta name=\"robots\" content=\"index, follow, max-snippet:-1, max-image-preview:large, max-video-preview:-1\" \/>\n<link rel=\"canonical\" href=\"https:\/\/www.meydan.tv\/az\/article\/vilyam-haciyev-deyir-nece-dunyaya-getirmisen-ele-de-bax\/\" \/>\n<meta property=\"og:locale\" content=\"az_AZ\" \/>\n<meta property=\"og:type\" content=\"article\" \/>\n<meta property=\"og:title\" content=\"\u201cVilyam Hac\u0131yev deyir, nec\u0259 d\u00fcnyaya g\u0259tirmis\u0259n, el\u0259 d\u0259 bax\u201d - MEYDAN.TV\" \/>\n<meta property=\"og:description\" content=\"&quot;Ald\u0131\u011f\u0131m 50 manat \u00e7\u00f6r\u0259kpulu il\u0259 bundan art\u0131\u011f\u0131n\u0131 ed\u0259 bilmir\u0259m&quot;\" \/>\n<meta property=\"og:url\" content=\"https:\/\/www.meydan.tv\/az\/article\/vilyam-haciyev-deyir-nece-dunyaya-getirmisen-ele-de-bax\/\" \/>\n<meta property=\"og:site_name\" content=\"MEYDAN.TV\" \/>\n<meta property=\"article:published_time\" content=\"2020-03-06T11:22:31+00:00\" \/>\n<meta property=\"og:image\" content=\"https:\/\/www.meydan.tv\/wp-content\/uploads\/image_from_ios__3__lgkuezg-scaled.jpg\" \/>\n\t<meta property=\"og:image:width\" content=\"2560\" \/>\n\t<meta property=\"og:image:height\" content=\"1920\" \/>\n\t<meta property=\"og:image:type\" content=\"image\/jpeg\" \/>\n<meta name=\"author\" content=\"user-manager\" \/>\n<meta name=\"twitter:card\" content=\"summary_large_image\" \/>\n<script type=\"application\/ld+json\" class=\"yoast-schema-graph\">{\"@context\":\"https:\\\/\\\/schema.org\",\"@graph\":[{\"@type\":\"Article\",\"@id\":\"https:\\\/\\\/www.meydan.tv\\\/az\\\/article\\\/vilyam-haciyev-deyir-nece-dunyaya-getirmisen-ele-de-bax\\\/#article\",\"isPartOf\":{\"@id\":\"https:\\\/\\\/www.meydan.tv\\\/az\\\/article\\\/vilyam-haciyev-deyir-nece-dunyaya-getirmisen-ele-de-bax\\\/\"},\"author\":{\"name\":\"user-manager\",\"@id\":\"https:\\\/\\\/www.meydan.tv\\\/az\\\/#\\\/schema\\\/person\\\/10d11eccf6da3662cf5fdab9806ea91a\"},\"headline\":\"\u201cVilyam Hac\u0131yev deyir, nec\u0259 d\u00fcnyaya g\u0259tirmis\u0259n, el\u0259 d\u0259 bax\u201d\",\"datePublished\":\"2020-03-06T11:22:31+00:00\",\"mainEntityOfPage\":{\"@id\":\"https:\\\/\\\/www.meydan.tv\\\/az\\\/article\\\/vilyam-haciyev-deyir-nece-dunyaya-getirmisen-ele-de-bax\\\/\"},\"wordCount\":1230,\"publisher\":{\"@id\":\"https:\\\/\\\/www.meydan.tv\\\/az\\\/#organization\"},\"image\":{\"@id\":\"https:\\\/\\\/www.meydan.tv\\\/az\\\/article\\\/vilyam-haciyev-deyir-nece-dunyaya-getirmisen-ele-de-bax\\\/#primaryimage\"},\"thumbnailUrl\":\"https:\\\/\\\/www.meydan.tv\\\/wp-content\\\/uploads\\\/image_from_ios__3__lgkuezg-scaled.jpg\",\"articleSection\":[\"B\u00f6lg\u0259\"],\"inLanguage\":\"az\"},{\"@type\":\"WebPage\",\"@id\":\"https:\\\/\\\/www.meydan.tv\\\/az\\\/article\\\/vilyam-haciyev-deyir-nece-dunyaya-getirmisen-ele-de-bax\\\/\",\"url\":\"https:\\\/\\\/www.meydan.tv\\\/az\\\/article\\\/vilyam-haciyev-deyir-nece-dunyaya-getirmisen-ele-de-bax\\\/\",\"name\":\"\u201cVilyam Hac\u0131yev deyir, nec\u0259 d\u00fcnyaya g\u0259tirmis\u0259n, el\u0259 d\u0259 bax\u201d - MEYDAN.TV\",\"isPartOf\":{\"@id\":\"https:\\\/\\\/www.meydan.tv\\\/az\\\/#website\"},\"primaryImageOfPage\":{\"@id\":\"https:\\\/\\\/www.meydan.tv\\\/az\\\/article\\\/vilyam-haciyev-deyir-nece-dunyaya-getirmisen-ele-de-bax\\\/#primaryimage\"},\"image\":{\"@id\":\"https:\\\/\\\/www.meydan.tv\\\/az\\\/article\\\/vilyam-haciyev-deyir-nece-dunyaya-getirmisen-ele-de-bax\\\/#primaryimage\"},\"thumbnailUrl\":\"https:\\\/\\\/www.meydan.tv\\\/wp-content\\\/uploads\\\/image_from_ios__3__lgkuezg-scaled.jpg\",\"datePublished\":\"2020-03-06T11:22:31+00:00\",\"breadcrumb\":{\"@id\":\"https:\\\/\\\/www.meydan.tv\\\/az\\\/article\\\/vilyam-haciyev-deyir-nece-dunyaya-getirmisen-ele-de-bax\\\/#breadcrumb\"},\"inLanguage\":\"az\",\"potentialAction\":[{\"@type\":\"ReadAction\",\"target\":[\"https:\\\/\\\/www.meydan.tv\\\/az\\\/article\\\/vilyam-haciyev-deyir-nece-dunyaya-getirmisen-ele-de-bax\\\/\"]}]},{\"@type\":\"ImageObject\",\"inLanguage\":\"az\",\"@id\":\"https:\\\/\\\/www.meydan.tv\\\/az\\\/article\\\/vilyam-haciyev-deyir-nece-dunyaya-getirmisen-ele-de-bax\\\/#primaryimage\",\"url\":\"https:\\\/\\\/www.meydan.tv\\\/wp-content\\\/uploads\\\/image_from_ios__3__lgkuezg-scaled.jpg\",\"contentUrl\":\"https:\\\/\\\/www.meydan.tv\\\/wp-content\\\/uploads\\\/image_from_ios__3__lgkuezg-scaled.jpg\",\"width\":2560,\"height\":1920,\"caption\":\"Source: Specify Source\"},{\"@type\":\"BreadcrumbList\",\"@id\":\"https:\\\/\\\/www.meydan.tv\\\/az\\\/article\\\/vilyam-haciyev-deyir-nece-dunyaya-getirmisen-ele-de-bax\\\/#breadcrumb\",\"itemListElement\":[{\"@type\":\"ListItem\",\"position\":1,\"name\":\"Ana s\u0259hif\u0259\",\"item\":\"https:\\\/\\\/www.meydan.tv\\\/az\\\/\"},{\"@type\":\"ListItem\",\"position\":2,\"name\":\"B\u00f6lg\u0259\",\"item\":\"https:\\\/\\\/www.meydan.tv\\\/az\\\/section\\\/bolge\\\/\"},{\"@type\":\"ListItem\",\"position\":3,\"name\":\"\u201cVilyam Hac\u0131yev deyir, nec\u0259 d\u00fcnyaya g\u0259tirmis\u0259n, el\u0259 d\u0259 bax\u201d\"}]},{\"@type\":\"WebSite\",\"@id\":\"https:\\\/\\\/www.meydan.tv\\\/az\\\/#website\",\"url\":\"https:\\\/\\\/www.meydan.tv\\\/az\\\/\",\"name\":\"MEYDAN.TV\",\"description\":\"Meydan TV Az\u0259rbaycan\u0131n media m\u0259kan\u0131ndak\u0131 alternativ s\u0259sidir\",\"publisher\":{\"@id\":\"https:\\\/\\\/www.meydan.tv\\\/az\\\/#organization\"},\"potentialAction\":[{\"@type\":\"SearchAction\",\"target\":{\"@type\":\"EntryPoint\",\"urlTemplate\":\"https:\\\/\\\/www.meydan.tv\\\/az\\\/?s={search_term_string}\"},\"query-input\":{\"@type\":\"PropertyValueSpecification\",\"valueRequired\":true,\"valueName\":\"search_term_string\"}}],\"inLanguage\":\"az\"},{\"@type\":\"Organization\",\"@id\":\"https:\\\/\\\/www.meydan.tv\\\/az\\\/#organization\",\"name\":\"Meydan TV\",\"url\":\"https:\\\/\\\/www.meydan.tv\\\/az\\\/\",\"logo\":{\"@type\":\"ImageObject\",\"inLanguage\":\"az\",\"@id\":\"https:\\\/\\\/www.meydan.tv\\\/az\\\/#\\\/schema\\\/logo\\\/image\\\/\",\"url\":\"https:\\\/\\\/www.meydan.tv\\\/wp-content\\\/uploads\\\/2021\\\/07\\\/meydan-logo.svg\",\"contentUrl\":\"https:\\\/\\\/www.meydan.tv\\\/wp-content\\\/uploads\\\/2021\\\/07\\\/meydan-logo.svg\",\"width\":195,\"height\":46,\"caption\":\"Meydan TV\"},\"image\":{\"@id\":\"https:\\\/\\\/www.meydan.tv\\\/az\\\/#\\\/schema\\\/logo\\\/image\\\/\"}},{\"@type\":\"Person\",\"@id\":\"https:\\\/\\\/www.meydan.tv\\\/az\\\/#\\\/schema\\\/person\\\/10d11eccf6da3662cf5fdab9806ea91a\",\"name\":\"user-manager\"}]}<\/script>\n<!-- \/ Yoast SEO plugin. -->","yoast_head_json":{"title":"\u201cVilyam Hac\u0131yev deyir, nec\u0259 d\u00fcnyaya g\u0259tirmis\u0259n, el\u0259 d\u0259 bax\u201d - MEYDAN.TV","robots":{"index":"index","follow":"follow","max-snippet":"max-snippet:-1","max-image-preview":"max-image-preview:large","max-video-preview":"max-video-preview:-1"},"canonical":"https:\/\/www.meydan.tv\/az\/article\/vilyam-haciyev-deyir-nece-dunyaya-getirmisen-ele-de-bax\/","og_locale":"az_AZ","og_type":"article","og_title":"\u201cVilyam Hac\u0131yev deyir, nec\u0259 d\u00fcnyaya g\u0259tirmis\u0259n, el\u0259 d\u0259 bax\u201d - MEYDAN.TV","og_description":"\"Ald\u0131\u011f\u0131m 50 manat \u00e7\u00f6r\u0259kpulu il\u0259 bundan art\u0131\u011f\u0131n\u0131 ed\u0259 bilmir\u0259m\"","og_url":"https:\/\/www.meydan.tv\/az\/article\/vilyam-haciyev-deyir-nece-dunyaya-getirmisen-ele-de-bax\/","og_site_name":"MEYDAN.TV","article_published_time":"2020-03-06T11:22:31+00:00","og_image":[{"width":2560,"height":1920,"url":"https:\/\/www.meydan.tv\/wp-content\/uploads\/image_from_ios__3__lgkuezg-scaled.jpg","type":"image\/jpeg"}],"author":"user-manager","twitter_card":"summary_large_image","schema":{"@context":"https:\/\/schema.org","@graph":[{"@type":"Article","@id":"https:\/\/www.meydan.tv\/az\/article\/vilyam-haciyev-deyir-nece-dunyaya-getirmisen-ele-de-bax\/#article","isPartOf":{"@id":"https:\/\/www.meydan.tv\/az\/article\/vilyam-haciyev-deyir-nece-dunyaya-getirmisen-ele-de-bax\/"},"author":{"name":"user-manager","@id":"https:\/\/www.meydan.tv\/az\/#\/schema\/person\/10d11eccf6da3662cf5fdab9806ea91a"},"headline":"\u201cVilyam Hac\u0131yev deyir, nec\u0259 d\u00fcnyaya g\u0259tirmis\u0259n, el\u0259 d\u0259 bax\u201d","datePublished":"2020-03-06T11:22:31+00:00","mainEntityOfPage":{"@id":"https:\/\/www.meydan.tv\/az\/article\/vilyam-haciyev-deyir-nece-dunyaya-getirmisen-ele-de-bax\/"},"wordCount":1230,"publisher":{"@id":"https:\/\/www.meydan.tv\/az\/#organization"},"image":{"@id":"https:\/\/www.meydan.tv\/az\/article\/vilyam-haciyev-deyir-nece-dunyaya-getirmisen-ele-de-bax\/#primaryimage"},"thumbnailUrl":"https:\/\/www.meydan.tv\/wp-content\/uploads\/image_from_ios__3__lgkuezg-scaled.jpg","articleSection":["B\u00f6lg\u0259"],"inLanguage":"az"},{"@type":"WebPage","@id":"https:\/\/www.meydan.tv\/az\/article\/vilyam-haciyev-deyir-nece-dunyaya-getirmisen-ele-de-bax\/","url":"https:\/\/www.meydan.tv\/az\/article\/vilyam-haciyev-deyir-nece-dunyaya-getirmisen-ele-de-bax\/","name":"\u201cVilyam Hac\u0131yev deyir, nec\u0259 d\u00fcnyaya g\u0259tirmis\u0259n, el\u0259 d\u0259 bax\u201d - MEYDAN.TV","isPartOf":{"@id":"https:\/\/www.meydan.tv\/az\/#website"},"primaryImageOfPage":{"@id":"https:\/\/www.meydan.tv\/az\/article\/vilyam-haciyev-deyir-nece-dunyaya-getirmisen-ele-de-bax\/#primaryimage"},"image":{"@id":"https:\/\/www.meydan.tv\/az\/article\/vilyam-haciyev-deyir-nece-dunyaya-getirmisen-ele-de-bax\/#primaryimage"},"thumbnailUrl":"https:\/\/www.meydan.tv\/wp-content\/uploads\/image_from_ios__3__lgkuezg-scaled.jpg","datePublished":"2020-03-06T11:22:31+00:00","breadcrumb":{"@id":"https:\/\/www.meydan.tv\/az\/article\/vilyam-haciyev-deyir-nece-dunyaya-getirmisen-ele-de-bax\/#breadcrumb"},"inLanguage":"az","potentialAction":[{"@type":"ReadAction","target":["https:\/\/www.meydan.tv\/az\/article\/vilyam-haciyev-deyir-nece-dunyaya-getirmisen-ele-de-bax\/"]}]},{"@type":"ImageObject","inLanguage":"az","@id":"https:\/\/www.meydan.tv\/az\/article\/vilyam-haciyev-deyir-nece-dunyaya-getirmisen-ele-de-bax\/#primaryimage","url":"https:\/\/www.meydan.tv\/wp-content\/uploads\/image_from_ios__3__lgkuezg-scaled.jpg","contentUrl":"https:\/\/www.meydan.tv\/wp-content\/uploads\/image_from_ios__3__lgkuezg-scaled.jpg","width":2560,"height":1920,"caption":"Source: Specify Source"},{"@type":"BreadcrumbList","@id":"https:\/\/www.meydan.tv\/az\/article\/vilyam-haciyev-deyir-nece-dunyaya-getirmisen-ele-de-bax\/#breadcrumb","itemListElement":[{"@type":"ListItem","position":1,"name":"Ana s\u0259hif\u0259","item":"https:\/\/www.meydan.tv\/az\/"},{"@type":"ListItem","position":2,"name":"B\u00f6lg\u0259","item":"https:\/\/www.meydan.tv\/az\/section\/bolge\/"},{"@type":"ListItem","position":3,"name":"\u201cVilyam Hac\u0131yev deyir, nec\u0259 d\u00fcnyaya g\u0259tirmis\u0259n, el\u0259 d\u0259 bax\u201d"}]},{"@type":"WebSite","@id":"https:\/\/www.meydan.tv\/az\/#website","url":"https:\/\/www.meydan.tv\/az\/","name":"MEYDAN.TV","description":"Meydan TV Az\u0259rbaycan\u0131n media m\u0259kan\u0131ndak\u0131 alternativ s\u0259sidir","publisher":{"@id":"https:\/\/www.meydan.tv\/az\/#organization"},"potentialAction":[{"@type":"SearchAction","target":{"@type":"EntryPoint","urlTemplate":"https:\/\/www.meydan.tv\/az\/?s={search_term_string}"},"query-input":{"@type":"PropertyValueSpecification","valueRequired":true,"valueName":"search_term_string"}}],"inLanguage":"az"},{"@type":"Organization","@id":"https:\/\/www.meydan.tv\/az\/#organization","name":"Meydan TV","url":"https:\/\/www.meydan.tv\/az\/","logo":{"@type":"ImageObject","inLanguage":"az","@id":"https:\/\/www.meydan.tv\/az\/#\/schema\/logo\/image\/","url":"https:\/\/www.meydan.tv\/wp-content\/uploads\/2021\/07\/meydan-logo.svg","contentUrl":"https:\/\/www.meydan.tv\/wp-content\/uploads\/2021\/07\/meydan-logo.svg","width":195,"height":46,"caption":"Meydan TV"},"image":{"@id":"https:\/\/www.meydan.tv\/az\/#\/schema\/logo\/image\/"}},{"@type":"Person","@id":"https:\/\/www.meydan.tv\/az\/#\/schema\/person\/10d11eccf6da3662cf5fdab9806ea91a","name":"user-manager"}]}},"_links":{"self":[{"href":"https:\/\/www.meydan.tv\/az\/wp-json\/wp\/v2\/posts\/199594","targetHints":{"allow":["GET"]}}],"collection":[{"href":"https:\/\/www.meydan.tv\/az\/wp-json\/wp\/v2\/posts"}],"about":[{"href":"https:\/\/www.meydan.tv\/az\/wp-json\/wp\/v2\/types\/post"}],"author":[{"embeddable":true,"href":"https:\/\/www.meydan.tv\/az\/wp-json\/wp\/v2\/users\/11"}],"replies":[{"embeddable":true,"href":"https:\/\/www.meydan.tv\/az\/wp-json\/wp\/v2\/comments?post=199594"}],"version-history":[{"count":0,"href":"https:\/\/www.meydan.tv\/az\/wp-json\/wp\/v2\/posts\/199594\/revisions"}],"wp:featuredmedia":[{"embeddable":true,"href":"https:\/\/www.meydan.tv\/az\/wp-json\/wp\/v2\/media\/138621"}],"wp:attachment":[{"href":"https:\/\/www.meydan.tv\/az\/wp-json\/wp\/v2\/media?parent=199594"}],"wp:term":[{"taxonomy":"category","embeddable":true,"href":"https:\/\/www.meydan.tv\/az\/wp-json\/wp\/v2\/categories?post=199594"},{"taxonomy":"post_tag","embeddable":true,"href":"https:\/\/www.meydan.tv\/az\/wp-json\/wp\/v2\/tags?post=199594"}],"curies":[{"name":"wp","href":"https:\/\/api.w.org\/{rel}","templated":true}]}}