{"id":199557,"date":"2020-03-04T12:28:26","date_gmt":"2020-03-04T12:28:26","guid":{"rendered":"https:\/\/www.meydan.tv\/article\/goradil-sakini-zakir-ferecovun-qoculari-taxil-sahemin-altini-ustune-cevirmisdi\/"},"modified":"2020-03-04T12:28:26","modified_gmt":"2020-03-04T12:28:26","slug":"goradil-sakini-zakir-ferecovun-qoculari-taxil-sahemin-altini-ustune-cevirmisdi","status":"publish","type":"post","link":"https:\/\/www.meydan.tv\/az\/article\/goradil-sakini-zakir-ferecovun-qoculari-taxil-sahemin-altini-ustune-cevirmisdi\/","title":{"rendered":"Goradil sakini: Zakir F\u0259r\u0259covun qo\u00e7ular\u0131 tax\u0131l sah\u0259min alt\u0131n\u0131 \u00fcst\u00fcn\u0259 \u00e7evirmi\u015fdi"},"content":{"rendered":"<p>\n  <i><br \/>\n    \u018fl\u0259mdar Allahverdiyevin \u00f6lk\u0259 r\u0259hb\u0259rliyin\u0259 m\u00fcraci\u0259t edib<br \/>\n  <\/i>\n<\/p>\n<p>\n  Ab\u015feron rayonu, Goradil q\u0259s\u0259b\u0259si sakini \u018fl\u0259mdar Allahverdiyev rayonun ke\u00e7mi\u015f icra ba\u015f\u00e7\u0131s\u0131, haz\u0131ra Sumqay\u0131t \u015e\u0259h\u0259r \u0130cra Hakimiyy\u0259ti ba\u015f\u00e7\u0131s\u0131 Zakir F\u0259r\u0259covdan \u015fikay\u0259t\u00e7idir:\n<\/p>\n<p>\n  \u201cG\u0259l\u0259nl\u0259ri ba\u015fa salma\u011fa \u00e7al\u0131\u015fd\u0131m ki, bu sah\u0259 m\u0259nimdir, tax\u0131l \u0259kmi\u015f\u0259m, s\u0259n\u0259dl\u0259rim var, ill\u0259rdir x\u0259rc \u00e7\u0259kib bu sah\u0259ni \u0259rs\u0259y\u0259 g\u0259tirmi\u015f\u0259m. Dedil\u0259r, Zakir F\u0259r\u0259covun g\u00f6st\u0259ri\u015fi var, bu \u0259razi sat\u0131l\u0131r. Yerimd\u0259 donub qalm\u0131\u015fd\u0131m, c\u00fcc\u0259rmi\u015f tax\u0131l sah\u0259sin\u0259 nec\u0259 traktor sal\u0131b torpa\u011f\u0131n alt\u0131n\u0131 \u00fcst\u00fcn\u0259 \u00e7evirm\u0259k olard\u0131? Ancaq onlar bunu etdil\u0259r. \u018frazini \u015fumlay\u0131b q\u0131sa bir m\u00fcdd\u0259td\u0259 ayr\u0131-ayr\u0131 adamlara satd\u0131lar\u201d.\n<\/p>\n<p>\n  \u018fl\u0259mdar Allahverdiyev Meydan TV-y\u0259 dan\u0131\u015f\u0131r ki, 1991-ci ild\u0259 k\u0259ndli t\u0259s\u0259rr\u00fcfat\u0131 yarad\u0131b. Bu f\u0259aliyy\u0259tl\u0259 m\u0259\u015f\u011ful olmaq m\u0259qs\u0259dil\u0259 Ab\u015feron Rayon \u0130cra Hakimiyy\u0259tinin 20 yanvar 1991-ci il tarixli 15 sayl\u0131 q\u0259rar\u0131na \u0259sas\u0259n ona Ab\u015feron rayonu, 2 sayl\u0131 T\u0259r\u0259v\u0259z\u00e7ilik Sovxozundan 3 hektar torpaq sah\u0259si ayr\u0131l\u0131b. \u018flav\u0259 olaraq h\u0259min sah\u0259y\u0259 biti\u015fik 3 hektar sah\u0259 d\u0259 sonradan s\u0259n\u0259dl\u0259\u015fdirilm\u0259k \u015f\u0259rti il\u0259 onun istifad\u0259sin\u0259 verilib. O, ail\u0259 \u00fczvl\u0259riyl\u0259 birlikd\u0259 \u00fcmumilikd\u0259 6 hektar sah\u0259ni da\u015f-k\u0259s\u0259kd\u0259n, kol-kosdan t\u0259mizl\u0259yib, dir\u0259kl\u0259rl\u0259 \u0259hat\u0259y\u0259 alaraq 15 il istifad\u0259 edib. H\u0259min ill\u0259r \u0259rzind\u0259 sah\u0259d\u0259 meyv\u0259 a\u011faclar\u0131, mal-qara \u00fc\u00e7\u00fcn yonca, tax\u0131l \u0259kib. H\u0259tta bu torpaqdan yararlanmaq \u00fc\u00e7\u00fcn yax\u0131nl\u0131\u011f\u0131ndak\u0131 ehtiyacl\u0131 ail\u0259l\u0259r\u0259 d\u0259 imkan yarad\u0131b.\n<\/p>\n<p>\n  <b><br \/>\n    \u201cFermer t\u0259s\u0259rr\u00fcfatlar\u0131n\u0131n g\u00f6z\u00fcn\u00fc kor qoymu\u015fdu\u201d<br \/>\n  <\/b>\n<\/p>\n<p>\n  \u201cDolan\u0131\u015f\u0131q \u00e7\u0259tin oldu\u011funa g\u00f6r\u0259 bir ne\u00e7\u0259 ail\u0259y\u0259 d\u0259 sah\u0259 ay\u0131rm\u0131\u015fd\u0131m ki, \u00f6z heyvanlar\u0131 \u00fc\u00e7\u00fcn yem \u0259ksinl\u0259r. Ba\u015fqa h\u0259mk\u0259ndlil\u0259rim\u0259 d\u0259 ot, saman verirdim. \u00c7\u0259tinlikl\u0259 d\u0259 olsa, 7-8 ba\u015f mal-qara, 40 ba\u015f qoyun al\u0131b art\u0131rm\u0131\u015fd\u0131m. 3 traktor, 2 lafet, ot bi\u00e7\u0259n, ot presl\u0259y\u0259n ma\u015f\u0131nlar alm\u0131\u015fd\u0131m. Torpa\u011f\u0131n m\u00fcnbitliyini art\u0131rmaq m\u0259qs\u0259dil\u0259 \u00fczvi v\u0259 mineral g\u00fcbr\u0259 al\u0131b sah\u0259y\u0259 s\u0259pmi\u015fdim. Torpa\u011f\u0131 bu d\u0259r\u0259c\u0259d\u0259 i\u015fl\u0259k v\u0259ziyy\u0259t\u0259 g\u0259tirm\u0259yim\u0259 baxmayaraq, \u00f6z\u0259ll\u0259\u015fdim\u0259k \u00fc\u00e7\u00fcn aidiyy\u0259ti qurumlara m\u00fcraci\u0259t ets\u0259m d\u0259, m\u00fcxt\u0259lif b\u0259han\u0259l\u0259rl\u0259 m\u0259s\u0259l\u0259ni uzad\u0131rd\u0131lar. Zakir F\u0259r\u0259cov Ab\u015feron Rayon \u0130cra Hakimiyy\u0259tinin ba\u015f\u00e7\u0131s\u0131 t\u0259yin olunandan sonra Ab\u015feron rayonu \u0259razisind\u0259ki \u0259kin\u0259 yararl\u0131 torpaqlar v\u0259t\u0259nda\u015flar\u0131n \u0259lind\u0259n al\u0131nma\u011fa ba\u015flad\u0131. Zakir F\u0259r\u0259cov Ab\u015feron rayonunu \u201cqo\u00e7u qaydalar\u0131\u201d il\u0259 idar\u0259 edirdi. \u018frazid\u0259ki bir \u00e7ox fermer t\u0259s\u0259rr\u00fcfatlar\u0131n\u0131n g\u00f6z\u00fcn\u00fc kor qoymu\u015fdu, torpaqlar\u0131n\u0131 talam\u0131\u015fd\u0131, t\u0259\u015fkilatlar\u0131n\u0131 da\u011f\u0131d\u0131b torpaqlar\u0131n\u0131 satm\u0131\u015fd\u0131. Bir g\u00fcn n\u00f6vb\u0259 m\u0259n\u0259 d\u0259 \u00e7atd\u0131\u201d.\n<\/p>\n<p>\n  <b><br \/>\n    \u201cC\u00fcc\u0259rmi\u015f tax\u0131l\u0131m\u0131 m\u0259hv el\u0259yib, \u0259razini satd\u0131lar\u201d<br \/>\n  <\/b>\n<\/p>\n<p>\n  \u018fl\u0259mdar Allahverdiyev deyir, g\u00fcnl\u0259rin birind\u0259 Ab\u015feron Rayon \u0130cra Hakimiyy\u0259tinin i\u015f\u00e7il\u0259ri g\u0259l\u0259r\u0259k sah\u0259ni b\u00f6lm\u0259y\u0259 \u00e7al\u0131\u015f\u0131blar:\n<\/p>\n<p>\n  \u201cPay\u0131z idi, torpa\u011fa s\u0259pdiyim tax\u0131l xeyli c\u00fcc\u0259rmi\u015fdi. Bir g\u00fcn g\u00f6rd\u00fcm sah\u0259y\u0259 traktor sal\u0131rlar. M\u0259lum oldu ki, sah\u0259ni b\u00f6lm\u0259y\u0259 g\u0259libl\u0259r. G\u0259l\u0259nl\u0259ri ba\u015fa salma\u011fa \u00e7al\u0131\u015fd\u0131m ki, bu sah\u0259 m\u0259nimdir, tax\u0131l \u0259kmi\u015f\u0259m, s\u0259n\u0259dl\u0259rim var, ill\u0259rdir x\u0259rc \u00e7\u0259kib bu sah\u0259ni \u0259rs\u0259y\u0259 g\u0259tirmi\u015f\u0259m. Dedil\u0259r, Zakir F\u0259r\u0259covun g\u00f6st\u0259ri\u015fi var, bu \u0259razi sat\u0131l\u0131r. Yerimd\u0259 donub qalm\u0131\u015fd\u0131m, c\u00fcc\u0259rmi\u015f tax\u0131l sah\u0259sin\u0259 nec\u0259 traktor sal\u0131b torpa\u011f\u0131n alt\u0131n\u0131 \u00fcst\u00fcn\u0259 \u00e7evirm\u0259k olard\u0131? Ancaq onlar bunu etdil\u0259r. C\u00fcc\u0259rmi\u015f tax\u0131l\u0131, 50-d\u0259n \u00e7ox bar ver\u0259n meyv\u0259 a\u011fac\u0131n\u0131, yoncan\u0131 m\u0259hv el\u0259dil\u0259r, sah\u0259ni hiss\u0259l\u0259r\u0259 b\u00f6l\u00fcb, q\u0131sa bir m\u00fcdd\u0259td\u0259 ayr\u0131-ayr\u0131 adamlara satd\u0131lar. K\u0259nd b\u0259l\u0259diyy\u0259 s\u0259dri dedi, m\u0259n sah\u0259ni alanlar\u0131n he\u00e7 birini tan\u0131m\u0131ram, ham\u0131s\u0131 Zakir F\u0259r\u0259covun adamlar\u0131d\u0131r\u201d.\n<\/p>\n<p>\n  Ke\u00e7mi\u015f fermer deyir ki, t\u0259s\u0259rr\u00fcfat\u0131 da\u011f\u0131lm\u0131\u015f ail\u0259 tezlikl\u0259 heyvanlar\u0131n\u0131 da itirir. Yonca sah\u0259si \u0259ld\u0259n \u00e7\u0131xd\u0131\u011f\u0131 \u00fc\u00e7\u00fcn heyvanlar yemsiz qal\u0131r, s\u00fcdl\u00fck, \u0259tlik heyvan\u0131n bir ne\u00e7\u0259si ac\u0131ndan \u00f6l\u00fcr, sa\u011f qalanlar\u0131 d\u0259y\u0259r-d\u0259ym\u0259zin\u0259 sat\u0131l\u0131r. \u018fl\u0259md\u0259ar Allahverdiyev v\u0259 h\u0259yat yolda\u015f\u0131 \u0259s\u0259b g\u0259rginliyind\u0259n m\u00fcxt\u0259lif x\u0259st\u0259likl\u0259r\u0259 tutulur. Olan-qalan \u0259mlak\u0131 sat\u0131b m\u00fcalic\u0259l\u0259rin\u0259 x\u0259rcl\u0259yirl\u0259r. Ail\u0259 \u00fczvl\u0259ri t\u0259s\u0259rr\u00fcfatlar\u0131n\u0131 itirdikl\u0259ri vaxtdan i\u015fsiz qal\u0131rlar.\n<\/p>\n<p>\n  <b><br \/>\n    \u201cV\u0259t\u0259nda\u015f\u0131 d\u00f6vl\u0259td\u0259n q\u0259sd\u0259n naraz\u0131 sal\u0131rlar\u201d<br \/>\n  <\/b>\n<\/p>\n<p>\n  \u201cO\u011flanlar\u0131m h\u0259l\u0259 d\u0259 i\u015fsizdir. Ald\u0131\u011f\u0131m\u0131z pensiya d\u0259rman\u0131m\u0131za \u00e7atm\u0131r. Halbuki, t\u0259s\u0259rr\u00fcfat\u0131m\u0131z bizim b\u00fct\u00fcn t\u0259l\u0259batlar\u0131m\u0131z\u0131 \u00f6d\u0259yirdi, \u00fcst\u0259lik, dediyim kimi, h\u0259l\u0259 qohum-qon\u015fudak\u0131 imkans\u0131zlara da i\u015f verirdik, \u0259l tuturduq. Biz d\u00f6vl\u0259td\u0259n he\u00e7 n\u0259 ist\u0259mirdik, t\u0259l\u0259batlar\u0131m\u0131z\u0131 \u00f6z\u00fcm\u00fcz \u00f6d\u0259yirdik, d\u00f6vl\u0259t\u0259 y\u00fck deyildik. Ancaq m\u0259murlar t\u0259s\u0259rr\u00fcfat\u0131m\u0131z\u0131 da\u011f\u0131d\u0131b b\u00f6y\u00fck bir ail\u0259ni i\u015fsiz, ac qoymaqla bizi d\u00f6vl\u0259td\u0259n incik sald\u0131lar. M\u0259hk\u0259m\u0259l\u0259rs\u0259 s\u00f6zd\u0259 m\u0259nim haql\u0131 oldu\u011fumu deyib, b\u00fct\u00fcn q\u0259rarlar\u0131 qorxular\u0131ndan qar\u015f\u0131 t\u0259r\u0259fin xeyrin\u0259 \u00e7\u0131xard\u0131lar. H\u0259tta b\u0259zi hakiml\u0259rin katibl\u0259ri z\u0259ng vurub a\u00e7\u0131q \u015f\u0259kild\u0259 dil\u0259 tuturdular ki, \u0259riz\u0259mi geri g\u00f6t\u00fcr\u00fcm\u201d, &#8211; \u015fikay\u0259t\u00e7i deyir.\n<\/p>\n<p>\n  \u018fl\u0259mdar Allahverdiyev Prezident \u0130lham \u018fliyev\u0259 m\u00fcraci\u0259t edib. O, m\u00fcraci\u0259tind\u0259 \u00f6lk\u0259 ba\u015f\u00e7\u0131s\u0131ndan da\u011f\u0131d\u0131lm\u0131\u015f t\u0259s\u0259rr\u00fcfat\u0131n\u0131n b\u0259rpa olunmas\u0131 \u00fc\u00e7\u00fcn torpaq sah\u0259si ayr\u0131lmas\u0131na, ail\u0259sin\u0259 d\u0259ymi\u015f maddi v\u0259 m\u0259n\u0259vi z\u0259r\u0259rin t\u0259s\u0259rr\u00fcfat\u0131n\u0131 da\u011f\u0131danlar t\u0259r\u0259find\u0259n \u00f6d\u0259nilm\u0259sin\u0259 g\u00f6st\u0259ri\u015f verm\u0259sini ist\u0259yib.\n<\/p>\n<p>\n  Ab\u015feron Rayon \u0130cra Hakimiyy\u0259tind\u0259n bildirilib ki, \u018fl\u0259mdar Allahverdiyevl\u0259 ke\u00e7mi\u015f ba\u015f\u00e7\u0131 aras\u0131nda ba\u015f ver\u0259nl\u0259rd\u0259n m\u0259lumatlar\u0131 yoxdur. \u018fl\u0259mdar Allahverdiyev k\u0259nd t\u0259s\u0259rr\u00fcfat\u0131 il\u0259 m\u0259\u015f\u011ful olmaq \u00fc\u00e7\u00fcn qanunda n\u0259z\u0259rd\u0259 tutulmu\u015f qaydada m\u00fcraci\u0259t ed\u0259, m\u00fcraci\u0259tin\u0259 bax\u0131la bil\u0259r:\n<\/p>\n<p>\n  \u201cZakir F\u0259r\u0259cov bir ne\u00e7\u0259 ildir ki, Sumqay\u0131t \u015e\u0259h\u0259r \u0130cra Hakimiyy\u0259tinin ba\u015f\u00e7\u0131s\u0131d\u0131r. Vaxtil\u0259 n\u0259 ba\u015f veribs\u0259, bizim x\u0259b\u0259rimiz yoxdur. Birc\u0259 onu dey\u0259 bil\u0259rik ki, \u018fl\u0259mdar Allahverdiyevin iddia etdiyi h\u0259min sah\u0259l\u0259r d\u00f6vl\u0259t ehtiyatlar\u0131 \u00fc\u00e7\u00fcn al\u0131n\u0131b. V\u0259t\u0259nda\u015f k\u0259nd t\u0259s\u0259rr\u00fcfat\u0131 il\u0259 m\u0259\u015f\u011ful olmaq m\u0259qs\u0259dil\u0259 torpaq sah\u0259si ayr\u0131lmas\u0131na g\u00f6r\u0259 qanunda n\u0259z\u0259rd\u0259 tutulmu\u015f qaydada m\u00fcraci\u0259t ed\u0259 bil\u0259r. Ab\u015feron rayonu \u0259razisind\u0259 uy\u011fun torpaq sah\u0259si olarsa, qurum bir q\u0259rar ver\u0259r\u201d.<\/p>\n","protected":false},"excerpt":{"rendered":"<p>&#8220;H\u0259tta bu torpaqdan yararlanmaq \u00fc\u00e7\u00fcn yax\u0131nl\u0131\u011f\u0131ndak\u0131 ehtiyacl\u0131 ail\u0259l\u0259r\u0259 d\u0259 imkan yarad\u0131b&#8221;.<\/p>\n","protected":false},"author":11,"featured_media":138528,"comment_status":"closed","ping_status":"open","sticky":false,"template":"","format":"standard","meta":{"_acf_changed":false,"_sitemap_exclude":false,"_sitemap_priority":"","_sitemap_frequency":"","footnotes":""},"categories":[60],"tags":[],"class_list":["post-199557","post","type-post","status-publish","format-standard","has-post-thumbnail","hentry","category-bolge","infinite-scroll-item","generate-columns","tablet-grid-50","mobile-grid-100","grid-parent","grid-33","no-featured-image-padding"],"acf":[],"yoast_head":"<!-- This site is optimized with the Yoast SEO plugin v27.5 - https:\/\/yoast.com\/product\/yoast-seo-wordpress\/ -->\n<title>Goradil sakini: Zakir F\u0259r\u0259covun qo\u00e7ular\u0131 tax\u0131l sah\u0259min alt\u0131n\u0131 \u00fcst\u00fcn\u0259 \u00e7evirmi\u015fdi - MEYDAN.TV<\/title>\n<meta name=\"robots\" content=\"index, follow, max-snippet:-1, max-image-preview:large, max-video-preview:-1\" \/>\n<link rel=\"canonical\" href=\"https:\/\/www.meydan.tv\/az\/article\/goradil-sakini-zakir-ferecovun-qoculari-taxil-sahemin-altini-ustune-cevirmisdi\/\" \/>\n<meta property=\"og:locale\" content=\"az_AZ\" \/>\n<meta property=\"og:type\" content=\"article\" \/>\n<meta property=\"og:title\" content=\"Goradil sakini: Zakir F\u0259r\u0259covun qo\u00e7ular\u0131 tax\u0131l sah\u0259min alt\u0131n\u0131 \u00fcst\u00fcn\u0259 \u00e7evirmi\u015fdi - MEYDAN.TV\" \/>\n<meta property=\"og:description\" content=\"&quot;H\u0259tta bu torpaqdan yararlanmaq \u00fc\u00e7\u00fcn yax\u0131nl\u0131\u011f\u0131ndak\u0131 ehtiyacl\u0131 ail\u0259l\u0259r\u0259 d\u0259 imkan yarad\u0131b&quot;.\" \/>\n<meta property=\"og:url\" content=\"https:\/\/www.meydan.tv\/az\/article\/goradil-sakini-zakir-ferecovun-qoculari-taxil-sahemin-altini-ustune-cevirmisdi\/\" \/>\n<meta property=\"og:site_name\" content=\"MEYDAN.TV\" \/>\n<meta property=\"article:published_time\" content=\"2020-03-04T12:28:26+00:00\" \/>\n<meta property=\"og:image\" content=\"https:\/\/www.meydan.tv\/wp-content\/uploads\/untitled9__1__yuulixl.png\" \/>\n\t<meta property=\"og:image:width\" content=\"1000\" \/>\n\t<meta property=\"og:image:height\" content=\"555\" \/>\n\t<meta property=\"og:image:type\" content=\"image\/png\" \/>\n<meta name=\"author\" content=\"user-manager\" \/>\n<meta name=\"twitter:card\" content=\"summary_large_image\" \/>\n<script type=\"application\/ld+json\" class=\"yoast-schema-graph\">{\"@context\":\"https:\\\/\\\/schema.org\",\"@graph\":[{\"@type\":\"Article\",\"@id\":\"https:\\\/\\\/www.meydan.tv\\\/az\\\/article\\\/goradil-sakini-zakir-ferecovun-qoculari-taxil-sahemin-altini-ustune-cevirmisdi\\\/#article\",\"isPartOf\":{\"@id\":\"https:\\\/\\\/www.meydan.tv\\\/az\\\/article\\\/goradil-sakini-zakir-ferecovun-qoculari-taxil-sahemin-altini-ustune-cevirmisdi\\\/\"},\"author\":{\"name\":\"user-manager\",\"@id\":\"https:\\\/\\\/www.meydan.tv\\\/az\\\/#\\\/schema\\\/person\\\/10d11eccf6da3662cf5fdab9806ea91a\"},\"headline\":\"Goradil sakini: Zakir F\u0259r\u0259covun qo\u00e7ular\u0131 tax\u0131l sah\u0259min alt\u0131n\u0131 \u00fcst\u00fcn\u0259 \u00e7evirmi\u015fdi\",\"datePublished\":\"2020-03-04T12:28:26+00:00\",\"mainEntityOfPage\":{\"@id\":\"https:\\\/\\\/www.meydan.tv\\\/az\\\/article\\\/goradil-sakini-zakir-ferecovun-qoculari-taxil-sahemin-altini-ustune-cevirmisdi\\\/\"},\"wordCount\":1271,\"publisher\":{\"@id\":\"https:\\\/\\\/www.meydan.tv\\\/az\\\/#organization\"},\"image\":{\"@id\":\"https:\\\/\\\/www.meydan.tv\\\/az\\\/article\\\/goradil-sakini-zakir-ferecovun-qoculari-taxil-sahemin-altini-ustune-cevirmisdi\\\/#primaryimage\"},\"thumbnailUrl\":\"https:\\\/\\\/www.meydan.tv\\\/wp-content\\\/uploads\\\/untitled9__1__yuulixl.png\",\"articleSection\":[\"B\u00f6lg\u0259\"],\"inLanguage\":\"az\"},{\"@type\":\"WebPage\",\"@id\":\"https:\\\/\\\/www.meydan.tv\\\/az\\\/article\\\/goradil-sakini-zakir-ferecovun-qoculari-taxil-sahemin-altini-ustune-cevirmisdi\\\/\",\"url\":\"https:\\\/\\\/www.meydan.tv\\\/az\\\/article\\\/goradil-sakini-zakir-ferecovun-qoculari-taxil-sahemin-altini-ustune-cevirmisdi\\\/\",\"name\":\"Goradil sakini: Zakir F\u0259r\u0259covun qo\u00e7ular\u0131 tax\u0131l sah\u0259min alt\u0131n\u0131 \u00fcst\u00fcn\u0259 \u00e7evirmi\u015fdi - MEYDAN.TV\",\"isPartOf\":{\"@id\":\"https:\\\/\\\/www.meydan.tv\\\/az\\\/#website\"},\"primaryImageOfPage\":{\"@id\":\"https:\\\/\\\/www.meydan.tv\\\/az\\\/article\\\/goradil-sakini-zakir-ferecovun-qoculari-taxil-sahemin-altini-ustune-cevirmisdi\\\/#primaryimage\"},\"image\":{\"@id\":\"https:\\\/\\\/www.meydan.tv\\\/az\\\/article\\\/goradil-sakini-zakir-ferecovun-qoculari-taxil-sahemin-altini-ustune-cevirmisdi\\\/#primaryimage\"},\"thumbnailUrl\":\"https:\\\/\\\/www.meydan.tv\\\/wp-content\\\/uploads\\\/untitled9__1__yuulixl.png\",\"datePublished\":\"2020-03-04T12:28:26+00:00\",\"breadcrumb\":{\"@id\":\"https:\\\/\\\/www.meydan.tv\\\/az\\\/article\\\/goradil-sakini-zakir-ferecovun-qoculari-taxil-sahemin-altini-ustune-cevirmisdi\\\/#breadcrumb\"},\"inLanguage\":\"az\",\"potentialAction\":[{\"@type\":\"ReadAction\",\"target\":[\"https:\\\/\\\/www.meydan.tv\\\/az\\\/article\\\/goradil-sakini-zakir-ferecovun-qoculari-taxil-sahemin-altini-ustune-cevirmisdi\\\/\"]}]},{\"@type\":\"ImageObject\",\"inLanguage\":\"az\",\"@id\":\"https:\\\/\\\/www.meydan.tv\\\/az\\\/article\\\/goradil-sakini-zakir-ferecovun-qoculari-taxil-sahemin-altini-ustune-cevirmisdi\\\/#primaryimage\",\"url\":\"https:\\\/\\\/www.meydan.tv\\\/wp-content\\\/uploads\\\/untitled9__1__yuulixl.png\",\"contentUrl\":\"https:\\\/\\\/www.meydan.tv\\\/wp-content\\\/uploads\\\/untitled9__1__yuulixl.png\",\"width\":1000,\"height\":555,\"caption\":\"Zakir F\u0259r\u0259cov, m\u0259nb\u0259: Meydan TV\"},{\"@type\":\"BreadcrumbList\",\"@id\":\"https:\\\/\\\/www.meydan.tv\\\/az\\\/article\\\/goradil-sakini-zakir-ferecovun-qoculari-taxil-sahemin-altini-ustune-cevirmisdi\\\/#breadcrumb\",\"itemListElement\":[{\"@type\":\"ListItem\",\"position\":1,\"name\":\"Ana s\u0259hif\u0259\",\"item\":\"https:\\\/\\\/www.meydan.tv\\\/az\\\/\"},{\"@type\":\"ListItem\",\"position\":2,\"name\":\"B\u00f6lg\u0259\",\"item\":\"https:\\\/\\\/www.meydan.tv\\\/az\\\/section\\\/bolge\\\/\"},{\"@type\":\"ListItem\",\"position\":3,\"name\":\"Goradil sakini: Zakir F\u0259r\u0259covun qo\u00e7ular\u0131 tax\u0131l sah\u0259min alt\u0131n\u0131 \u00fcst\u00fcn\u0259 \u00e7evirmi\u015fdi\"}]},{\"@type\":\"WebSite\",\"@id\":\"https:\\\/\\\/www.meydan.tv\\\/az\\\/#website\",\"url\":\"https:\\\/\\\/www.meydan.tv\\\/az\\\/\",\"name\":\"MEYDAN.TV\",\"description\":\"Meydan TV Az\u0259rbaycan\u0131n media m\u0259kan\u0131ndak\u0131 alternativ s\u0259sidir\",\"publisher\":{\"@id\":\"https:\\\/\\\/www.meydan.tv\\\/az\\\/#organization\"},\"potentialAction\":[{\"@type\":\"SearchAction\",\"target\":{\"@type\":\"EntryPoint\",\"urlTemplate\":\"https:\\\/\\\/www.meydan.tv\\\/az\\\/?s={search_term_string}\"},\"query-input\":{\"@type\":\"PropertyValueSpecification\",\"valueRequired\":true,\"valueName\":\"search_term_string\"}}],\"inLanguage\":\"az\"},{\"@type\":\"Organization\",\"@id\":\"https:\\\/\\\/www.meydan.tv\\\/az\\\/#organization\",\"name\":\"Meydan TV\",\"url\":\"https:\\\/\\\/www.meydan.tv\\\/az\\\/\",\"logo\":{\"@type\":\"ImageObject\",\"inLanguage\":\"az\",\"@id\":\"https:\\\/\\\/www.meydan.tv\\\/az\\\/#\\\/schema\\\/logo\\\/image\\\/\",\"url\":\"https:\\\/\\\/www.meydan.tv\\\/wp-content\\\/uploads\\\/2021\\\/07\\\/meydan-logo.svg\",\"contentUrl\":\"https:\\\/\\\/www.meydan.tv\\\/wp-content\\\/uploads\\\/2021\\\/07\\\/meydan-logo.svg\",\"width\":195,\"height\":46,\"caption\":\"Meydan TV\"},\"image\":{\"@id\":\"https:\\\/\\\/www.meydan.tv\\\/az\\\/#\\\/schema\\\/logo\\\/image\\\/\"}},{\"@type\":\"Person\",\"@id\":\"https:\\\/\\\/www.meydan.tv\\\/az\\\/#\\\/schema\\\/person\\\/10d11eccf6da3662cf5fdab9806ea91a\",\"name\":\"user-manager\"}]}<\/script>\n<!-- \/ Yoast SEO plugin. -->","yoast_head_json":{"title":"Goradil sakini: Zakir F\u0259r\u0259covun qo\u00e7ular\u0131 tax\u0131l sah\u0259min alt\u0131n\u0131 \u00fcst\u00fcn\u0259 \u00e7evirmi\u015fdi - MEYDAN.TV","robots":{"index":"index","follow":"follow","max-snippet":"max-snippet:-1","max-image-preview":"max-image-preview:large","max-video-preview":"max-video-preview:-1"},"canonical":"https:\/\/www.meydan.tv\/az\/article\/goradil-sakini-zakir-ferecovun-qoculari-taxil-sahemin-altini-ustune-cevirmisdi\/","og_locale":"az_AZ","og_type":"article","og_title":"Goradil sakini: Zakir F\u0259r\u0259covun qo\u00e7ular\u0131 tax\u0131l sah\u0259min alt\u0131n\u0131 \u00fcst\u00fcn\u0259 \u00e7evirmi\u015fdi - MEYDAN.TV","og_description":"\"H\u0259tta bu torpaqdan yararlanmaq \u00fc\u00e7\u00fcn yax\u0131nl\u0131\u011f\u0131ndak\u0131 ehtiyacl\u0131 ail\u0259l\u0259r\u0259 d\u0259 imkan yarad\u0131b\".","og_url":"https:\/\/www.meydan.tv\/az\/article\/goradil-sakini-zakir-ferecovun-qoculari-taxil-sahemin-altini-ustune-cevirmisdi\/","og_site_name":"MEYDAN.TV","article_published_time":"2020-03-04T12:28:26+00:00","og_image":[{"width":1000,"height":555,"url":"https:\/\/www.meydan.tv\/wp-content\/uploads\/untitled9__1__yuulixl.png","type":"image\/png"}],"author":"user-manager","twitter_card":"summary_large_image","schema":{"@context":"https:\/\/schema.org","@graph":[{"@type":"Article","@id":"https:\/\/www.meydan.tv\/az\/article\/goradil-sakini-zakir-ferecovun-qoculari-taxil-sahemin-altini-ustune-cevirmisdi\/#article","isPartOf":{"@id":"https:\/\/www.meydan.tv\/az\/article\/goradil-sakini-zakir-ferecovun-qoculari-taxil-sahemin-altini-ustune-cevirmisdi\/"},"author":{"name":"user-manager","@id":"https:\/\/www.meydan.tv\/az\/#\/schema\/person\/10d11eccf6da3662cf5fdab9806ea91a"},"headline":"Goradil sakini: Zakir F\u0259r\u0259covun qo\u00e7ular\u0131 tax\u0131l sah\u0259min alt\u0131n\u0131 \u00fcst\u00fcn\u0259 \u00e7evirmi\u015fdi","datePublished":"2020-03-04T12:28:26+00:00","mainEntityOfPage":{"@id":"https:\/\/www.meydan.tv\/az\/article\/goradil-sakini-zakir-ferecovun-qoculari-taxil-sahemin-altini-ustune-cevirmisdi\/"},"wordCount":1271,"publisher":{"@id":"https:\/\/www.meydan.tv\/az\/#organization"},"image":{"@id":"https:\/\/www.meydan.tv\/az\/article\/goradil-sakini-zakir-ferecovun-qoculari-taxil-sahemin-altini-ustune-cevirmisdi\/#primaryimage"},"thumbnailUrl":"https:\/\/www.meydan.tv\/wp-content\/uploads\/untitled9__1__yuulixl.png","articleSection":["B\u00f6lg\u0259"],"inLanguage":"az"},{"@type":"WebPage","@id":"https:\/\/www.meydan.tv\/az\/article\/goradil-sakini-zakir-ferecovun-qoculari-taxil-sahemin-altini-ustune-cevirmisdi\/","url":"https:\/\/www.meydan.tv\/az\/article\/goradil-sakini-zakir-ferecovun-qoculari-taxil-sahemin-altini-ustune-cevirmisdi\/","name":"Goradil sakini: Zakir F\u0259r\u0259covun qo\u00e7ular\u0131 tax\u0131l sah\u0259min alt\u0131n\u0131 \u00fcst\u00fcn\u0259 \u00e7evirmi\u015fdi - MEYDAN.TV","isPartOf":{"@id":"https:\/\/www.meydan.tv\/az\/#website"},"primaryImageOfPage":{"@id":"https:\/\/www.meydan.tv\/az\/article\/goradil-sakini-zakir-ferecovun-qoculari-taxil-sahemin-altini-ustune-cevirmisdi\/#primaryimage"},"image":{"@id":"https:\/\/www.meydan.tv\/az\/article\/goradil-sakini-zakir-ferecovun-qoculari-taxil-sahemin-altini-ustune-cevirmisdi\/#primaryimage"},"thumbnailUrl":"https:\/\/www.meydan.tv\/wp-content\/uploads\/untitled9__1__yuulixl.png","datePublished":"2020-03-04T12:28:26+00:00","breadcrumb":{"@id":"https:\/\/www.meydan.tv\/az\/article\/goradil-sakini-zakir-ferecovun-qoculari-taxil-sahemin-altini-ustune-cevirmisdi\/#breadcrumb"},"inLanguage":"az","potentialAction":[{"@type":"ReadAction","target":["https:\/\/www.meydan.tv\/az\/article\/goradil-sakini-zakir-ferecovun-qoculari-taxil-sahemin-altini-ustune-cevirmisdi\/"]}]},{"@type":"ImageObject","inLanguage":"az","@id":"https:\/\/www.meydan.tv\/az\/article\/goradil-sakini-zakir-ferecovun-qoculari-taxil-sahemin-altini-ustune-cevirmisdi\/#primaryimage","url":"https:\/\/www.meydan.tv\/wp-content\/uploads\/untitled9__1__yuulixl.png","contentUrl":"https:\/\/www.meydan.tv\/wp-content\/uploads\/untitled9__1__yuulixl.png","width":1000,"height":555,"caption":"Zakir F\u0259r\u0259cov, m\u0259nb\u0259: Meydan TV"},{"@type":"BreadcrumbList","@id":"https:\/\/www.meydan.tv\/az\/article\/goradil-sakini-zakir-ferecovun-qoculari-taxil-sahemin-altini-ustune-cevirmisdi\/#breadcrumb","itemListElement":[{"@type":"ListItem","position":1,"name":"Ana s\u0259hif\u0259","item":"https:\/\/www.meydan.tv\/az\/"},{"@type":"ListItem","position":2,"name":"B\u00f6lg\u0259","item":"https:\/\/www.meydan.tv\/az\/section\/bolge\/"},{"@type":"ListItem","position":3,"name":"Goradil sakini: Zakir F\u0259r\u0259covun qo\u00e7ular\u0131 tax\u0131l sah\u0259min alt\u0131n\u0131 \u00fcst\u00fcn\u0259 \u00e7evirmi\u015fdi"}]},{"@type":"WebSite","@id":"https:\/\/www.meydan.tv\/az\/#website","url":"https:\/\/www.meydan.tv\/az\/","name":"MEYDAN.TV","description":"Meydan TV Az\u0259rbaycan\u0131n media m\u0259kan\u0131ndak\u0131 alternativ s\u0259sidir","publisher":{"@id":"https:\/\/www.meydan.tv\/az\/#organization"},"potentialAction":[{"@type":"SearchAction","target":{"@type":"EntryPoint","urlTemplate":"https:\/\/www.meydan.tv\/az\/?s={search_term_string}"},"query-input":{"@type":"PropertyValueSpecification","valueRequired":true,"valueName":"search_term_string"}}],"inLanguage":"az"},{"@type":"Organization","@id":"https:\/\/www.meydan.tv\/az\/#organization","name":"Meydan TV","url":"https:\/\/www.meydan.tv\/az\/","logo":{"@type":"ImageObject","inLanguage":"az","@id":"https:\/\/www.meydan.tv\/az\/#\/schema\/logo\/image\/","url":"https:\/\/www.meydan.tv\/wp-content\/uploads\/2021\/07\/meydan-logo.svg","contentUrl":"https:\/\/www.meydan.tv\/wp-content\/uploads\/2021\/07\/meydan-logo.svg","width":195,"height":46,"caption":"Meydan TV"},"image":{"@id":"https:\/\/www.meydan.tv\/az\/#\/schema\/logo\/image\/"}},{"@type":"Person","@id":"https:\/\/www.meydan.tv\/az\/#\/schema\/person\/10d11eccf6da3662cf5fdab9806ea91a","name":"user-manager"}]}},"_links":{"self":[{"href":"https:\/\/www.meydan.tv\/az\/wp-json\/wp\/v2\/posts\/199557","targetHints":{"allow":["GET"]}}],"collection":[{"href":"https:\/\/www.meydan.tv\/az\/wp-json\/wp\/v2\/posts"}],"about":[{"href":"https:\/\/www.meydan.tv\/az\/wp-json\/wp\/v2\/types\/post"}],"author":[{"embeddable":true,"href":"https:\/\/www.meydan.tv\/az\/wp-json\/wp\/v2\/users\/11"}],"replies":[{"embeddable":true,"href":"https:\/\/www.meydan.tv\/az\/wp-json\/wp\/v2\/comments?post=199557"}],"version-history":[{"count":0,"href":"https:\/\/www.meydan.tv\/az\/wp-json\/wp\/v2\/posts\/199557\/revisions"}],"wp:featuredmedia":[{"embeddable":true,"href":"https:\/\/www.meydan.tv\/az\/wp-json\/wp\/v2\/media\/138528"}],"wp:attachment":[{"href":"https:\/\/www.meydan.tv\/az\/wp-json\/wp\/v2\/media?parent=199557"}],"wp:term":[{"taxonomy":"category","embeddable":true,"href":"https:\/\/www.meydan.tv\/az\/wp-json\/wp\/v2\/categories?post=199557"},{"taxonomy":"post_tag","embeddable":true,"href":"https:\/\/www.meydan.tv\/az\/wp-json\/wp\/v2\/tags?post=199557"}],"curies":[{"name":"wp","href":"https:\/\/api.w.org\/{rel}","templated":true}]}}