{"id":199555,"date":"2020-03-04T12:06:01","date_gmt":"2020-03-04T12:06:01","guid":{"rendered":"https:\/\/www.meydan.tv\/article\/tagli-sakini-belediyye-sedri-icaremde-olan-torpagi-elimden-almaq-isteyir\/"},"modified":"2020-03-04T12:06:01","modified_gmt":"2020-03-04T12:06:01","slug":"tagli-sakini-belediyye-sedri-icaremde-olan-torpagi-elimden-almaq-isteyir","status":"publish","type":"post","link":"https:\/\/www.meydan.tv\/az\/article\/tagli-sakini-belediyye-sedri-icaremde-olan-torpagi-elimden-almaq-isteyir\/","title":{"rendered":"Ta\u011fl\u0131 sakini: B\u0259l\u0259diyy\u0259 s\u0259dri icar\u0259md\u0259 olan torpa\u011f\u0131 \u0259limd\u0259n almaq ist\u0259yir"},"content":{"rendered":"<p>\n  <i><br \/>\n    \u201cArxas\u0131nda Hac\u0131qabul Rayon Polis \u015e\u00f6b\u0259sinin t\u0259hqiqat\u00e7\u0131s\u0131 dayan\u0131r\u201d<br \/>\n  <\/i>\n<\/p>\n<p>\n  \u201cGah bizi qad\u0131nlar\u0131n \u0259li il\u0259 \u015f\u0259rl\u0259m\u0259y\u0259 c\u0259hd edir, gah torpaq sah\u0259mizin \u00e7\u0259p\u0259rl\u0259rini s\u00f6kd\u00fcr\u00fcr, gah da \u00fcst\u00fcm\u00fcz\u0259 guya torpaqdan qanunsuz istifad\u0259 etm\u0259yimiz bar\u0259d\u0259 saxta bildiri\u015fl\u0259r g\u00f6nd\u0259rir. Qad\u0131nlar\u0131n \u0259li il\u0259 bizi polis \u015f\u00f6b\u0259sin\u0259 \u00e7\u0259kdirir, torpaq sah\u0259miz\u0259 ged\u0259n yollar\u0131m\u0131z\u0131 k\u0259sir, min oyundan \u00e7\u0131x\u0131r ki, icar\u0259mizd\u0259 olan torpaqlar\u0131m\u0131zdan k\u00f6n\u00fcll\u00fc imtina ed\u0259k\u201d.\n<\/p>\n<p>\n  Bunu Meydan TV-y\u0259 Hac\u0131qabulun Ta\u011fl\u0131 k\u0259nd sakini \u0130lkin R\u0259himov deyir. Onun s\u00f6zl\u0259rin\u0259 g\u00f6r\u0259, \u0130kinci Udullu b\u0259l\u0259diyy\u0259sinin s\u0259dri M\u00fcbariz S\u00fcleymanov onun istifad\u0259sind\u0259 olan 50 sot torpaq sah\u0259sini \u0259lind\u0259n alma\u011fa \u00e7al\u0131\u015f\u0131r.\n<\/p>\n<p>\n  \u0130lkin R\u0259himov dan\u0131\u015f\u0131r ki, ya\u015fad\u0131\u011f\u0131 k\u0259ndd\u0259 h\u0259l\u0259 2006-c\u0131 ild\u0259 ke\u00e7mi\u015f b\u0259l\u0259diyy\u0259 ona \u00f6r\u00fc\u015f sah\u0259si kimi istifad\u0259 etm\u0259k \u00fc\u00e7\u00fcn 50 sot torpaq sah\u0259sini 50 illik icar\u0259y\u0259 verib. O da \u00f6t\u0259n ill\u0259r \u0259rzind\u0259 bu torpaq sah\u0259sind\u0259n t\u0259yinat\u0131 \u00fczr\u0259 istifad\u0259 edib. Ancaq bir m\u00fcdd\u0259tdir ki, haz\u0131rk\u0131 b\u0259l\u0259diyy\u0259 s\u0259dri M\u00fcbariz S\u00fcleymanov torpaq sah\u0259sini onun \u0259lind\u0259n al\u0131ma\u011fa \u00e7al\u0131\u015f\u0131r.\n<\/p>\n<p>\n  <b><br \/>\n    \u201cM\u0259ni l\u0259k\u0259l\u0259m\u0259k, \u015f\u0259rl\u0259m\u0259k ist\u0259yir\u201d<br \/>\n  <\/b>\n<\/p>\n<p>\n  \u201cM\u00fcbariz S\u00fcleymanovun atas\u0131 k\u0259ndimizin icra n\u00fcmay\u0259nd\u0259si i\u015fl\u0259diyi vaxtlarda bir k\u0259nd sakinin\u0259 qar\u015f\u0131 haqs\u0131zl\u0131q etmi\u015fdi. M\u0259n d\u0259 h\u0259min k\u0259nd sakininin iddias\u0131 \u0259sas\u0131nda ke\u00e7iril\u0259n m\u0259hk\u0259m\u0259d\u0259 n\u00fcmay\u0259nd\u0259si kimi \u00e7\u0131x\u0131\u015f edirdim. O vaxtdan m\u00fcnasib\u0259tl\u0259rimiz k\u0259skin pisl\u0259\u015fib, M\u00fcbariz S\u00fcleymanov k\u0259nd b\u0259l\u0259diyy\u0259 s\u0259dri olandan sonra bizim ail\u0259d\u0259n atas\u0131n\u0131n hay\u0131f\u0131n\u0131 alma\u011fa \u00e7al\u0131\u015f\u0131r. Bir d\u0259f\u0259 ke\u00e7mi\u015f b\u0259l\u0259diyy\u0259 s\u0259drini rayon icra hakimiyy\u0259tin\u0259 \u00e7a\u011f\u0131r\u0131blar, orada M\u00fcbariz S\u00fcleymanov v\u0259 arxaland\u0131\u011f\u0131 m\u0259mur ke\u00e7mi\u015f b\u0259l\u0259diyy\u0259 s\u0259drind\u0259n t\u0259l\u0259b edibl\u0259r yazs\u0131n ki, guya torpaq sah\u0259si m\u0259n\u0259 2006-c\u0131 ild\u0259 yox, 2018-ci ild\u0259 verilib. Guya m\u0259n \u00f6zba\u015f\u0131na s\u0259n\u0259dl\u0259ri saxtala\u015fd\u0131rm\u0131\u015fam. Ke\u00e7mi\u015f b\u0259l\u0259diyy\u0259 s\u0259dri is\u0259 bu i\u015f\u0259 qol qoymay\u0131b, deyib, 80-d\u0259n \u00e7ox ya\u015f\u0131m var, bel\u0259 i\u015fl\u0259r\u0259 ba\u015f qo\u015fmaq, kimis\u0259 l\u0259k\u0259l\u0259m\u0259k, \u015f\u0259rl\u0259m\u0259k m\u0259nim\u00e7\u00fcn k\u0259nd i\u00e7ind\u0259 ay\u0131b olar\u201d, &#8211; \u0130lkin R\u0259himov dan\u0131\u015f\u0131r.\n<\/p>\n<p>\n  Onun s\u00f6zl\u0259rin\u0259 g\u00f6r\u0259, ke\u00e7mi\u015f b\u0259l\u0259diyy\u0259 s\u0259drini yola g\u0259tir\u0259 bilm\u0259y\u0259nd\u0259n sonra haz\u0131rk\u0131 b\u0259l\u0259diyy\u0259 s\u0259dri, nec\u0259 dey\u0259rl\u0259r, \u201cb\u201d plan\u0131na ke\u00e7ib:\n<\/p>\n<p>\n  \u201cK\u0259ndin b\u0259zi qad\u0131nlar\u0131n\u0131 \u00fcz\u00fcm\u0259 dur\u011fuzma\u011fa, onlar\u0131n \u0259li il\u0259 \u015f\u0259rl\u0259m\u0259y\u0259 \u00e7al\u0131\u015f\u0131b. H\u0259min qad\u0131nlar \u00f6zl\u0259ri etiraf edibl\u0259r ki, b\u0259l\u0259diyy\u0259 s\u0259dri torpa\u011f\u0131 m\u0259nim \u0259limd\u0259n ala bils\u0259, bu i\u015fd\u0259 ona \u201ck\u00f6m\u0259k etdikl\u0259rin\u0259 g\u00f6r\u0259\u201d onlar\u0131n aras\u0131nda b\u00f6l\u00fc\u015fd\u00fcr\u0259c\u0259k. H\u0259min qad\u0131nlar \u00e7\u0259p\u0259ri da\u011f\u0131d\u0131blar, d\u0259f\u0259l\u0259rl\u0259 \u00fcst\u00fcm\u0259 h\u00fccum \u00e7\u0259kibl\u0259r, ail\u0259 \u00fczvl\u0259rimi s\u00f6y\u00fcbl\u0259r, m\u0259ni vadar edibl\u0259r ki, onlara \u0259l qald\u0131r\u0131m, ancaq m\u0259n s\u0259brli davranm\u0131\u015fam, anlam\u0131\u015fam ki, bunlar ham\u0131s\u0131 b\u0259l\u0259diyy\u0259 s\u0259drinin quramas\u0131d\u0131r\u201d.\n<\/p>\n<figure class=\"wp-block-image size-large\">\n  <img decoding=\"async\" src=\"https:\/\/www.meydan.tv\/az\/ilkinin-jpeg\/\" alt=\"ilkinin.jpeg\" class=\"wp-image-138513\"\/><figcaption>\n    Torpaq icar\u0259si m\u00fcqavil\u0259si<br \/>\n  <\/figcaption><\/figure>\n<p>\n  <b><br \/>\n    \u201cOnlar\u0131n \u015f\u0259r-b\u00f6htanlar\u0131 ara\u015fd\u0131r\u0131l\u0131r, bizim \u015fikay\u0259tl\u0259rimiz yox\u201d<br \/>\n  <\/b>\n<\/p>\n<p>\n  \u0130lkin R\u0259himov v\u0259 anas\u0131 Ziyar\u0259t R\u0259himova b\u0259l\u0259diyy\u0259 s\u0259drinin v\u0259 onlara \u201csata\u015fan\u201d qad\u0131nlar\u0131n h\u0259r\u0259k\u0259tl\u0259rind\u0259n d\u0259f\u0259l\u0259rl\u0259 polis\u0259, prokurorlu\u011fa, rayon icra hakimiyy\u0259tin\u0259, aidiyy\u0259ti \u00fczr\u0259 ba\u015fqa qurumlara m\u00fcraci\u0259t edibl\u0259r. Ziyar\u0259t R\u0259himovan\u0131n iddias\u0131na g\u00f6r\u0259, qar\u015f\u0131 t\u0259r\u0259fi polis himay\u0259 edir:\n<\/p>\n<p>\n  \u201cArxas\u0131nda Hac\u0131qabul Rayon Polis \u015e\u00f6b\u0259sinin t\u0259hqiqat\u00e7\u0131s\u0131 dayan\u0131r. O, bizd\u0259n t\u0259l\u0259b edir ki, \u00fcz\u00fcm\u00fcz\u0259 duran qad\u0131nlar\u0131n k\u0259nd torpaqlar\u0131n\u0131 z\u0259bt etm\u0259l\u0259ri, \u00f6r\u00fc\u015f sah\u0259l\u0259rimiz\u0259 ged\u0259n yollar\u0131 k\u0259sm\u0259l\u0259ri il\u0259 ba\u011fl\u0131 D\u0130N 102 xidm\u0259tin\u0259, dig\u0259r qurumlara etdiyimiz \u015fikay\u0259tl\u0259ri geri g\u00f6t\u00fcr\u0259k. H\u0259min qad\u0131nlar q\u0259sd\u0259n o\u011flumu q\u0131c\u0131qland\u0131r\u0131rlar, qa\u00e7\u0131rlar polis\u0259 \u015fikay\u0259t edirl\u0259r, polis d\u0259 bizi ail\u0259likc\u0259 s\u00fcr\u00fcnd\u00fcr\u00fcr. H\u0259r d\u0259f\u0259 qad\u0131nlar, yaxud b\u0259l\u0259diyy\u0259 s\u0259dri polis\u0259 yalan m\u0259lumatlar verir, bizi \u015f\u00f6b\u0259y\u0259 y\u0131\u011f\u0131b saatlarla saxlay\u0131rlar, o otaqda, bu otaqda dindirirl\u0259r, psixoloji t\u0259sir g\u00f6st\u0259rirl\u0259r. Ancaq h\u0259m o qad\u0131nlardan, h\u0259m d\u0259 b\u0259l\u0259diyy\u0259 s\u0259drind\u0259n indiy\u0259d\u0259k etdiyimiz \u015fikay\u0259tl\u0259rin he\u00e7 birin\u0259 baxmay\u0131blar. Ona g\u00f6r\u0259 ki, qar\u015f\u0131 t\u0259r\u0259fin polis \u015f\u00f6b\u0259sind\u0259 qohumu var, h\u0259m b\u0259l\u0259diyy\u0259 s\u0259drinin, h\u0259m d\u0259 o qohumun tap\u015f\u0131r\u0131\u011f\u0131yla bizi incidirl\u0259r. Bu yolla ist\u0259kl\u0259rin\u0259 \u00e7atmaq ist\u0259yirl\u0259r. \u0130st\u0259yirl\u0259r ki, istifad\u0259mizd\u0259 olan torpaqdan k\u00f6n\u00fcll\u00fc imtina ed\u0259k\u201d.\n<\/p>\n<p>\n  Meydan TV m\u00fcxbiri \u0130lkin R\u0259himovun iddialar\u0131na ayd\u0131nl\u0131q g\u0259tirm\u0259si \u00fc\u00e7\u00fcn b\u0259l\u0259diyy\u0259 s\u0259drin\u0259 m\u00fcraci\u0259t ets\u0259 d\u0259, o, suallar\u0131 cavabland\u0131rmay\u0131b. Daha sonra is\u0259 telefon z\u0259ngl\u0259rin\u0259 cavab verm\u0259yib.\n<\/p>\n<p>\n  Hac\u0131qabul Rayon \u0130cra Hakimiyy\u0259tind\u0259n is\u0259 bildirilib ki, \u0130lkin R\u0259himovun b\u0259l\u0259diyy\u0259 il\u0259 ba\u011fl\u0131 \u015fikay\u0259ti varsa, h\u00fcquq-m\u00fchafiz\u0259 orqanlar\u0131na m\u00fcraci\u0259t ed\u0259 bil\u0259r:\n<\/p>\n<p>\n  \u201cBu, v\u0259t\u0259nda\u015fla b\u0259l\u0259diyy\u0259 s\u0259dri aras\u0131ndak\u0131 m\u0259s\u0259l\u0259 oldu\u011funa g\u00f6r\u0259 icra hakimiyy\u0259tin\u0259 aidiyy\u0259ti yoxdur. V\u0259t\u0259nda\u015f b\u0259l\u0259diyy\u0259 s\u0259drinin h\u0259r hans\u0131 qanunsuz h\u0259r\u0259k\u0259ti il\u0259 \u00fczl\u0259\u015fibs\u0259, buna g\u00f6r\u0259 h\u00fcquq-m\u00fchafiz\u0259 orqanlar\u0131 var, m\u00fcraci\u0259t etm\u0259k d\u0259 h\u00fcququdur\u201d.\n<\/p>\n<p>\n  Hac\u0131qabul Rayon Polis \u015e\u00f6b\u0259sind\u0259n is\u0259 m\u0259s\u0259l\u0259nin onlara aidiyyat\u0131 olmad\u0131\u011f\u0131n\u0131, bu bar\u0259d\u0259 a\u00e7\u0131qlama verm\u0259y\u0259c\u0259kl\u0259rini deyibl\u0259r.<\/p>\n","protected":false},"excerpt":{"rendered":"<p>\u201cArxas\u0131nda Hac\u0131qabul Rayon Polis \u015e\u00f6b\u0259sinin t\u0259hqiqat\u00e7\u0131s\u0131 dayan\u0131r&#8221;.<\/p>\n","protected":false},"author":11,"featured_media":138522,"comment_status":"closed","ping_status":"open","sticky":false,"template":"","format":"standard","meta":{"_acf_changed":false,"_sitemap_exclude":false,"_sitemap_priority":"","_sitemap_frequency":"","footnotes":""},"categories":[60],"tags":[],"class_list":["post-199555","post","type-post","status-publish","format-standard","has-post-thumbnail","hentry","category-bolge","infinite-scroll-item","generate-columns","tablet-grid-50","mobile-grid-100","grid-parent","grid-33","no-featured-image-padding"],"acf":[],"yoast_head":"<!-- This site is optimized with the Yoast SEO plugin v27.5 - https:\/\/yoast.com\/product\/yoast-seo-wordpress\/ -->\n<title>Ta\u011fl\u0131 sakini: B\u0259l\u0259diyy\u0259 s\u0259dri icar\u0259md\u0259 olan torpa\u011f\u0131 \u0259limd\u0259n almaq ist\u0259yir - MEYDAN.TV<\/title>\n<meta name=\"robots\" content=\"index, follow, max-snippet:-1, max-image-preview:large, max-video-preview:-1\" \/>\n<link rel=\"canonical\" href=\"https:\/\/www.meydan.tv\/az\/article\/tagli-sakini-belediyye-sedri-icaremde-olan-torpagi-elimden-almaq-isteyir\/\" \/>\n<meta property=\"og:locale\" content=\"az_AZ\" \/>\n<meta property=\"og:type\" content=\"article\" \/>\n<meta property=\"og:title\" content=\"Ta\u011fl\u0131 sakini: B\u0259l\u0259diyy\u0259 s\u0259dri icar\u0259md\u0259 olan torpa\u011f\u0131 \u0259limd\u0259n almaq ist\u0259yir - MEYDAN.TV\" \/>\n<meta property=\"og:description\" content=\"\u201cArxas\u0131nda Hac\u0131qabul Rayon Polis \u015e\u00f6b\u0259sinin t\u0259hqiqat\u00e7\u0131s\u0131 dayan\u0131r&quot;.\" \/>\n<meta property=\"og:url\" content=\"https:\/\/www.meydan.tv\/az\/article\/tagli-sakini-belediyye-sedri-icaremde-olan-torpagi-elimden-almaq-isteyir\/\" \/>\n<meta property=\"og:site_name\" content=\"MEYDAN.TV\" \/>\n<meta property=\"article:published_time\" content=\"2020-03-04T12:06:01+00:00\" \/>\n<meta property=\"og:image\" content=\"https:\/\/www.meydan.tv\/wp-content\/uploads\/untitled9_ryqcm7c.png\" \/>\n\t<meta property=\"og:image:width\" content=\"1000\" \/>\n\t<meta property=\"og:image:height\" content=\"555\" \/>\n\t<meta property=\"og:image:type\" content=\"image\/png\" \/>\n<meta name=\"author\" content=\"user-manager\" \/>\n<meta name=\"twitter:card\" content=\"summary_large_image\" \/>\n<script type=\"application\/ld+json\" class=\"yoast-schema-graph\">{\"@context\":\"https:\\\/\\\/schema.org\",\"@graph\":[{\"@type\":\"Article\",\"@id\":\"https:\\\/\\\/www.meydan.tv\\\/az\\\/article\\\/tagli-sakini-belediyye-sedri-icaremde-olan-torpagi-elimden-almaq-isteyir\\\/#article\",\"isPartOf\":{\"@id\":\"https:\\\/\\\/www.meydan.tv\\\/az\\\/article\\\/tagli-sakini-belediyye-sedri-icaremde-olan-torpagi-elimden-almaq-isteyir\\\/\"},\"author\":{\"name\":\"user-manager\",\"@id\":\"https:\\\/\\\/www.meydan.tv\\\/az\\\/#\\\/schema\\\/person\\\/10d11eccf6da3662cf5fdab9806ea91a\"},\"headline\":\"Ta\u011fl\u0131 sakini: B\u0259l\u0259diyy\u0259 s\u0259dri icar\u0259md\u0259 olan torpa\u011f\u0131 \u0259limd\u0259n almaq ist\u0259yir\",\"datePublished\":\"2020-03-04T12:06:01+00:00\",\"mainEntityOfPage\":{\"@id\":\"https:\\\/\\\/www.meydan.tv\\\/az\\\/article\\\/tagli-sakini-belediyye-sedri-icaremde-olan-torpagi-elimden-almaq-isteyir\\\/\"},\"wordCount\":1079,\"publisher\":{\"@id\":\"https:\\\/\\\/www.meydan.tv\\\/az\\\/#organization\"},\"image\":{\"@id\":\"https:\\\/\\\/www.meydan.tv\\\/az\\\/article\\\/tagli-sakini-belediyye-sedri-icaremde-olan-torpagi-elimden-almaq-isteyir\\\/#primaryimage\"},\"thumbnailUrl\":\"https:\\\/\\\/www.meydan.tv\\\/wp-content\\\/uploads\\\/untitled9_ryqcm7c.png\",\"articleSection\":[\"B\u00f6lg\u0259\"],\"inLanguage\":\"az\"},{\"@type\":\"WebPage\",\"@id\":\"https:\\\/\\\/www.meydan.tv\\\/az\\\/article\\\/tagli-sakini-belediyye-sedri-icaremde-olan-torpagi-elimden-almaq-isteyir\\\/\",\"url\":\"https:\\\/\\\/www.meydan.tv\\\/az\\\/article\\\/tagli-sakini-belediyye-sedri-icaremde-olan-torpagi-elimden-almaq-isteyir\\\/\",\"name\":\"Ta\u011fl\u0131 sakini: B\u0259l\u0259diyy\u0259 s\u0259dri icar\u0259md\u0259 olan torpa\u011f\u0131 \u0259limd\u0259n almaq ist\u0259yir - MEYDAN.TV\",\"isPartOf\":{\"@id\":\"https:\\\/\\\/www.meydan.tv\\\/az\\\/#website\"},\"primaryImageOfPage\":{\"@id\":\"https:\\\/\\\/www.meydan.tv\\\/az\\\/article\\\/tagli-sakini-belediyye-sedri-icaremde-olan-torpagi-elimden-almaq-isteyir\\\/#primaryimage\"},\"image\":{\"@id\":\"https:\\\/\\\/www.meydan.tv\\\/az\\\/article\\\/tagli-sakini-belediyye-sedri-icaremde-olan-torpagi-elimden-almaq-isteyir\\\/#primaryimage\"},\"thumbnailUrl\":\"https:\\\/\\\/www.meydan.tv\\\/wp-content\\\/uploads\\\/untitled9_ryqcm7c.png\",\"datePublished\":\"2020-03-04T12:06:01+00:00\",\"breadcrumb\":{\"@id\":\"https:\\\/\\\/www.meydan.tv\\\/az\\\/article\\\/tagli-sakini-belediyye-sedri-icaremde-olan-torpagi-elimden-almaq-isteyir\\\/#breadcrumb\"},\"inLanguage\":\"az\",\"potentialAction\":[{\"@type\":\"ReadAction\",\"target\":[\"https:\\\/\\\/www.meydan.tv\\\/az\\\/article\\\/tagli-sakini-belediyye-sedri-icaremde-olan-torpagi-elimden-almaq-isteyir\\\/\"]}]},{\"@type\":\"ImageObject\",\"inLanguage\":\"az\",\"@id\":\"https:\\\/\\\/www.meydan.tv\\\/az\\\/article\\\/tagli-sakini-belediyye-sedri-icaremde-olan-torpagi-elimden-almaq-isteyir\\\/#primaryimage\",\"url\":\"https:\\\/\\\/www.meydan.tv\\\/wp-content\\\/uploads\\\/untitled9_ryqcm7c.png\",\"contentUrl\":\"https:\\\/\\\/www.meydan.tv\\\/wp-content\\\/uploads\\\/untitled9_ryqcm7c.png\",\"width\":1000,\"height\":555,\"caption\":\"Source: Specify Source\"},{\"@type\":\"BreadcrumbList\",\"@id\":\"https:\\\/\\\/www.meydan.tv\\\/az\\\/article\\\/tagli-sakini-belediyye-sedri-icaremde-olan-torpagi-elimden-almaq-isteyir\\\/#breadcrumb\",\"itemListElement\":[{\"@type\":\"ListItem\",\"position\":1,\"name\":\"Ana s\u0259hif\u0259\",\"item\":\"https:\\\/\\\/www.meydan.tv\\\/az\\\/\"},{\"@type\":\"ListItem\",\"position\":2,\"name\":\"B\u00f6lg\u0259\",\"item\":\"https:\\\/\\\/www.meydan.tv\\\/az\\\/section\\\/bolge\\\/\"},{\"@type\":\"ListItem\",\"position\":3,\"name\":\"Ta\u011fl\u0131 sakini: B\u0259l\u0259diyy\u0259 s\u0259dri icar\u0259md\u0259 olan torpa\u011f\u0131 \u0259limd\u0259n almaq ist\u0259yir\"}]},{\"@type\":\"WebSite\",\"@id\":\"https:\\\/\\\/www.meydan.tv\\\/az\\\/#website\",\"url\":\"https:\\\/\\\/www.meydan.tv\\\/az\\\/\",\"name\":\"MEYDAN.TV\",\"description\":\"Meydan TV Az\u0259rbaycan\u0131n media m\u0259kan\u0131ndak\u0131 alternativ s\u0259sidir\",\"publisher\":{\"@id\":\"https:\\\/\\\/www.meydan.tv\\\/az\\\/#organization\"},\"potentialAction\":[{\"@type\":\"SearchAction\",\"target\":{\"@type\":\"EntryPoint\",\"urlTemplate\":\"https:\\\/\\\/www.meydan.tv\\\/az\\\/?s={search_term_string}\"},\"query-input\":{\"@type\":\"PropertyValueSpecification\",\"valueRequired\":true,\"valueName\":\"search_term_string\"}}],\"inLanguage\":\"az\"},{\"@type\":\"Organization\",\"@id\":\"https:\\\/\\\/www.meydan.tv\\\/az\\\/#organization\",\"name\":\"Meydan TV\",\"url\":\"https:\\\/\\\/www.meydan.tv\\\/az\\\/\",\"logo\":{\"@type\":\"ImageObject\",\"inLanguage\":\"az\",\"@id\":\"https:\\\/\\\/www.meydan.tv\\\/az\\\/#\\\/schema\\\/logo\\\/image\\\/\",\"url\":\"https:\\\/\\\/www.meydan.tv\\\/wp-content\\\/uploads\\\/2021\\\/07\\\/meydan-logo.svg\",\"contentUrl\":\"https:\\\/\\\/www.meydan.tv\\\/wp-content\\\/uploads\\\/2021\\\/07\\\/meydan-logo.svg\",\"width\":195,\"height\":46,\"caption\":\"Meydan TV\"},\"image\":{\"@id\":\"https:\\\/\\\/www.meydan.tv\\\/az\\\/#\\\/schema\\\/logo\\\/image\\\/\"}},{\"@type\":\"Person\",\"@id\":\"https:\\\/\\\/www.meydan.tv\\\/az\\\/#\\\/schema\\\/person\\\/10d11eccf6da3662cf5fdab9806ea91a\",\"name\":\"user-manager\"}]}<\/script>\n<!-- \/ Yoast SEO plugin. -->","yoast_head_json":{"title":"Ta\u011fl\u0131 sakini: B\u0259l\u0259diyy\u0259 s\u0259dri icar\u0259md\u0259 olan torpa\u011f\u0131 \u0259limd\u0259n almaq ist\u0259yir - MEYDAN.TV","robots":{"index":"index","follow":"follow","max-snippet":"max-snippet:-1","max-image-preview":"max-image-preview:large","max-video-preview":"max-video-preview:-1"},"canonical":"https:\/\/www.meydan.tv\/az\/article\/tagli-sakini-belediyye-sedri-icaremde-olan-torpagi-elimden-almaq-isteyir\/","og_locale":"az_AZ","og_type":"article","og_title":"Ta\u011fl\u0131 sakini: B\u0259l\u0259diyy\u0259 s\u0259dri icar\u0259md\u0259 olan torpa\u011f\u0131 \u0259limd\u0259n almaq ist\u0259yir - MEYDAN.TV","og_description":"\u201cArxas\u0131nda Hac\u0131qabul Rayon Polis \u015e\u00f6b\u0259sinin t\u0259hqiqat\u00e7\u0131s\u0131 dayan\u0131r\".","og_url":"https:\/\/www.meydan.tv\/az\/article\/tagli-sakini-belediyye-sedri-icaremde-olan-torpagi-elimden-almaq-isteyir\/","og_site_name":"MEYDAN.TV","article_published_time":"2020-03-04T12:06:01+00:00","og_image":[{"width":1000,"height":555,"url":"https:\/\/www.meydan.tv\/wp-content\/uploads\/untitled9_ryqcm7c.png","type":"image\/png"}],"author":"user-manager","twitter_card":"summary_large_image","schema":{"@context":"https:\/\/schema.org","@graph":[{"@type":"Article","@id":"https:\/\/www.meydan.tv\/az\/article\/tagli-sakini-belediyye-sedri-icaremde-olan-torpagi-elimden-almaq-isteyir\/#article","isPartOf":{"@id":"https:\/\/www.meydan.tv\/az\/article\/tagli-sakini-belediyye-sedri-icaremde-olan-torpagi-elimden-almaq-isteyir\/"},"author":{"name":"user-manager","@id":"https:\/\/www.meydan.tv\/az\/#\/schema\/person\/10d11eccf6da3662cf5fdab9806ea91a"},"headline":"Ta\u011fl\u0131 sakini: B\u0259l\u0259diyy\u0259 s\u0259dri icar\u0259md\u0259 olan torpa\u011f\u0131 \u0259limd\u0259n almaq ist\u0259yir","datePublished":"2020-03-04T12:06:01+00:00","mainEntityOfPage":{"@id":"https:\/\/www.meydan.tv\/az\/article\/tagli-sakini-belediyye-sedri-icaremde-olan-torpagi-elimden-almaq-isteyir\/"},"wordCount":1079,"publisher":{"@id":"https:\/\/www.meydan.tv\/az\/#organization"},"image":{"@id":"https:\/\/www.meydan.tv\/az\/article\/tagli-sakini-belediyye-sedri-icaremde-olan-torpagi-elimden-almaq-isteyir\/#primaryimage"},"thumbnailUrl":"https:\/\/www.meydan.tv\/wp-content\/uploads\/untitled9_ryqcm7c.png","articleSection":["B\u00f6lg\u0259"],"inLanguage":"az"},{"@type":"WebPage","@id":"https:\/\/www.meydan.tv\/az\/article\/tagli-sakini-belediyye-sedri-icaremde-olan-torpagi-elimden-almaq-isteyir\/","url":"https:\/\/www.meydan.tv\/az\/article\/tagli-sakini-belediyye-sedri-icaremde-olan-torpagi-elimden-almaq-isteyir\/","name":"Ta\u011fl\u0131 sakini: B\u0259l\u0259diyy\u0259 s\u0259dri icar\u0259md\u0259 olan torpa\u011f\u0131 \u0259limd\u0259n almaq ist\u0259yir - MEYDAN.TV","isPartOf":{"@id":"https:\/\/www.meydan.tv\/az\/#website"},"primaryImageOfPage":{"@id":"https:\/\/www.meydan.tv\/az\/article\/tagli-sakini-belediyye-sedri-icaremde-olan-torpagi-elimden-almaq-isteyir\/#primaryimage"},"image":{"@id":"https:\/\/www.meydan.tv\/az\/article\/tagli-sakini-belediyye-sedri-icaremde-olan-torpagi-elimden-almaq-isteyir\/#primaryimage"},"thumbnailUrl":"https:\/\/www.meydan.tv\/wp-content\/uploads\/untitled9_ryqcm7c.png","datePublished":"2020-03-04T12:06:01+00:00","breadcrumb":{"@id":"https:\/\/www.meydan.tv\/az\/article\/tagli-sakini-belediyye-sedri-icaremde-olan-torpagi-elimden-almaq-isteyir\/#breadcrumb"},"inLanguage":"az","potentialAction":[{"@type":"ReadAction","target":["https:\/\/www.meydan.tv\/az\/article\/tagli-sakini-belediyye-sedri-icaremde-olan-torpagi-elimden-almaq-isteyir\/"]}]},{"@type":"ImageObject","inLanguage":"az","@id":"https:\/\/www.meydan.tv\/az\/article\/tagli-sakini-belediyye-sedri-icaremde-olan-torpagi-elimden-almaq-isteyir\/#primaryimage","url":"https:\/\/www.meydan.tv\/wp-content\/uploads\/untitled9_ryqcm7c.png","contentUrl":"https:\/\/www.meydan.tv\/wp-content\/uploads\/untitled9_ryqcm7c.png","width":1000,"height":555,"caption":"Source: Specify Source"},{"@type":"BreadcrumbList","@id":"https:\/\/www.meydan.tv\/az\/article\/tagli-sakini-belediyye-sedri-icaremde-olan-torpagi-elimden-almaq-isteyir\/#breadcrumb","itemListElement":[{"@type":"ListItem","position":1,"name":"Ana s\u0259hif\u0259","item":"https:\/\/www.meydan.tv\/az\/"},{"@type":"ListItem","position":2,"name":"B\u00f6lg\u0259","item":"https:\/\/www.meydan.tv\/az\/section\/bolge\/"},{"@type":"ListItem","position":3,"name":"Ta\u011fl\u0131 sakini: B\u0259l\u0259diyy\u0259 s\u0259dri icar\u0259md\u0259 olan torpa\u011f\u0131 \u0259limd\u0259n almaq ist\u0259yir"}]},{"@type":"WebSite","@id":"https:\/\/www.meydan.tv\/az\/#website","url":"https:\/\/www.meydan.tv\/az\/","name":"MEYDAN.TV","description":"Meydan TV Az\u0259rbaycan\u0131n media m\u0259kan\u0131ndak\u0131 alternativ s\u0259sidir","publisher":{"@id":"https:\/\/www.meydan.tv\/az\/#organization"},"potentialAction":[{"@type":"SearchAction","target":{"@type":"EntryPoint","urlTemplate":"https:\/\/www.meydan.tv\/az\/?s={search_term_string}"},"query-input":{"@type":"PropertyValueSpecification","valueRequired":true,"valueName":"search_term_string"}}],"inLanguage":"az"},{"@type":"Organization","@id":"https:\/\/www.meydan.tv\/az\/#organization","name":"Meydan TV","url":"https:\/\/www.meydan.tv\/az\/","logo":{"@type":"ImageObject","inLanguage":"az","@id":"https:\/\/www.meydan.tv\/az\/#\/schema\/logo\/image\/","url":"https:\/\/www.meydan.tv\/wp-content\/uploads\/2021\/07\/meydan-logo.svg","contentUrl":"https:\/\/www.meydan.tv\/wp-content\/uploads\/2021\/07\/meydan-logo.svg","width":195,"height":46,"caption":"Meydan TV"},"image":{"@id":"https:\/\/www.meydan.tv\/az\/#\/schema\/logo\/image\/"}},{"@type":"Person","@id":"https:\/\/www.meydan.tv\/az\/#\/schema\/person\/10d11eccf6da3662cf5fdab9806ea91a","name":"user-manager"}]}},"_links":{"self":[{"href":"https:\/\/www.meydan.tv\/az\/wp-json\/wp\/v2\/posts\/199555","targetHints":{"allow":["GET"]}}],"collection":[{"href":"https:\/\/www.meydan.tv\/az\/wp-json\/wp\/v2\/posts"}],"about":[{"href":"https:\/\/www.meydan.tv\/az\/wp-json\/wp\/v2\/types\/post"}],"author":[{"embeddable":true,"href":"https:\/\/www.meydan.tv\/az\/wp-json\/wp\/v2\/users\/11"}],"replies":[{"embeddable":true,"href":"https:\/\/www.meydan.tv\/az\/wp-json\/wp\/v2\/comments?post=199555"}],"version-history":[{"count":0,"href":"https:\/\/www.meydan.tv\/az\/wp-json\/wp\/v2\/posts\/199555\/revisions"}],"wp:featuredmedia":[{"embeddable":true,"href":"https:\/\/www.meydan.tv\/az\/wp-json\/wp\/v2\/media\/138522"}],"wp:attachment":[{"href":"https:\/\/www.meydan.tv\/az\/wp-json\/wp\/v2\/media?parent=199555"}],"wp:term":[{"taxonomy":"category","embeddable":true,"href":"https:\/\/www.meydan.tv\/az\/wp-json\/wp\/v2\/categories?post=199555"},{"taxonomy":"post_tag","embeddable":true,"href":"https:\/\/www.meydan.tv\/az\/wp-json\/wp\/v2\/tags?post=199555"}],"curies":[{"name":"wp","href":"https:\/\/api.w.org\/{rel}","templated":true}]}}