{"id":199533,"date":"2020-03-02T15:27:47","date_gmt":"2020-03-02T15:27:47","guid":{"rendered":"https:\/\/www.meydan.tv\/article\/yerli-yoxsa-ecnebi-milli-komanda-kime-tapsirilsin\/"},"modified":"2020-03-02T15:27:47","modified_gmt":"2020-03-02T15:27:47","slug":"yerli-yoxsa-ecnebi-milli-komanda-kime-tapsirilsin","status":"publish","type":"post","link":"https:\/\/www.meydan.tv\/az\/article\/yerli-yoxsa-ecnebi-milli-komanda-kime-tapsirilsin\/","title":{"rendered":"Yerli, yoxsa \u0259cn\u0259bi: Milli komanda kim\u0259 tap\u015f\u0131r\u0131ls\u0131n?"},"content":{"rendered":"<p>\n  Futbol \u00fczr\u0259 Az\u0259rbaycan milli komandas\u0131n\u0131n ba\u015f m\u0259\u015fq\u00e7i postu h\u0259l\u0259 d\u0259 bo\u015fdur. Art\u0131q iki aydan da \u00e7oxdur ki, \u00f6lk\u0259nin futbol ictimaiyy\u0259ti yeni ba\u015f m\u0259\u015fq\u00e7i m\u0259s\u0259l\u0259sini m\u00fczakir\u0259 edir, m\u00fcxt\u0259lif namiz\u0259dl\u0259rin adlar\u0131 hallan\u0131r. Amma g\u00f6r\u00fcn\u0259n budur ki, AFFA r\u0259hb\u0259rliyi \u00f6t\u0259n ilin dekabr ay\u0131nda yollar\u0131n\u0131 ay\u0131rd\u0131\u011f\u0131 xorvatiyal\u0131 m\u00fct\u0259x\u0259ssis Nikola Yur\u00e7evi\u00e7i \u0259v\u0259zl\u0259y\u0259c\u0259k m\u0259\u015fq\u00e7ini h\u0259l\u0259 tapa bilm\u0259yib.\n<\/p>\n<p>\n  Az\u0259rbaycan millisinin ba\u015f m\u0259\u015fqi postu il\u0259 ba\u011fl\u0131 m\u00fczakir\u0259l\u0259r daha \u00e7ox bir sual \u0259traf\u0131nda gedir: y\u0131\u011fma komandan\u0131n \u201cs\u00fckan\u201d\u0131 yerli, yoxsa xarici m\u00fct\u0259x\u0259siss\u0259 tap\u015f\u0131r\u0131lmal\u0131d\u0131r?\n<\/p>\n<p>\n  \u0130ndiy\u0259d\u0259k Az\u0259rbaycan milli komandan\u0131n ba\u015f m\u0259\u015fq\u00e7i postunda yerlil\u0259r\u0259 d\u0259, xarici m\u0259\u015fq\u00e7il\u0259r\u0259 d\u0259 kifay\u0259t q\u0259d\u0259r \u015fans verilib. Amma n\u0259tic\u0259&#8230; N\u0259tic\u0259 bizim \u00fc\u00e7\u00fcn h\u0259mi\u015f\u0259 ox\u015far olub. \u0130\u015ftirak etdiyimiz d\u00fcnya v\u0259 Avropa \u00e7empionatlar\u0131n\u0131n qrup m\u0259rh\u0259l\u0259l\u0259rind\u0259 ya sonuncu, ya da \u0259n yax\u015f\u0131 halda sonuncudan \u0259vv\u0259lki yeri tutmu\u015fuq. D\u00fcnya v\u0259 Avropa \u00e7empionatlar\u0131n\u0131n final m\u0259rh\u0259l\u0259l\u0259rin\u0259 v\u0259siq\u0259 qazanmaq is\u0259 h\u0259l\u0259 d\u0259 b\u00fct\u00fcn az\u0259rbaycanl\u0131lar \u00fc\u00e7\u00fcn \u015firin x\u0259yaldan ba\u015fqa bir \u015fey deyil. Ancaq h\u0259r halda, jurnalistl\u0259r, azarke\u015fl\u0259r aras\u0131nda \u201cmilli komandan\u0131n yeni ba\u015f m\u0259\u015fq\u00e7isi kim olmal\u0131d\u0131r\u201d sual\u0131 \u0259traf\u0131nda m\u00fczakir\u0259l\u0259r, m\u00fcbahis\u0259l\u0259r gedir. \u0130ndiy\u0259d\u0259k milli komandan\u0131n d\u00fcnya v\u0259 Avropa \u00e7empionatlar\u0131n\u0131n qrup m\u0259rh\u0259l\u0259l\u0259rind\u0259 ba\u015f m\u0259\u015fq\u00e7il\u0259ri olmu\u015f m\u00fct\u0259x\u0259ssisl\u0259rin n\u0259tic\u0259l\u0259rin\u0259 n\u0259z\u0259r salmaqla, g\u00f6z \u00f6n\u00fcnd\u0259 m\u00fc\u0259yy\u0259n tablo canland\u0131rmaq olar.\n<\/p>\n<figure class=\"wp-block-image size-large\">\n  <img decoding=\"async\" src=\"https:\/\/www.meydan.tv\/az\/88175472_189130642523541_4278519113149579264_n-jpg\/\" alt=\"88175472_189130642523541_4278519113149579264_n.jpg\" class=\"wp-image-138444\"\/><figcaption>\n    A\u011fas\u0259lim Mircavadov<br \/>\n  <\/figcaption><\/figure>\n<h3>\n  A\u011fas\u0259lim Mircavadov: A\u00c7-1996 &#8211; 1 xal<br \/>\n<\/h3>\n<p>\n  Az\u0259rbaycan millisi ilk d\u0259f\u0259 i\u015ftirak etdiyi Avropa \u00e7empionat\u0131n\u0131n se\u00e7m\u0259 m\u0259rh\u0259l\u0259sind\u0259 Rum\u0131niya, Pol\u015fa, Fransa, Slovakiya, \u0130sraill\u0259 1-ci qrupda yer alm\u0131\u015fd\u0131. 10 oyunda yaln\u0131z Pol\u015fa il\u0259 qolsuz b\u0259rab\u0259r\u0259 qalan milli komanda se\u00e7m\u0259 m\u0259rh\u0259l\u0259ni 1 xalla t\u0259rk edib. Mircavadovun r\u0259hb\u0259rlik etdiyi komanda 10 oyunda 2 qol vurub, 29 top buraxm\u0131\u015fd\u0131. &quot;Oser faci\u0259si&quot; adlanan oyun d\u0259 m\u0259hz Mircavadovun y\u0131\u011fmadak\u0131 ba\u015f m\u0259\u015fq\u00e7ilik d\u00f6vr\u00fcn\u0259 t\u0259sad\u00fcf edib. Komanda Fransa y\u0131\u011fmas\u0131na s\u0259f\u0259rd\u0259 0:10 hesab\u0131yla uduzub.\n<\/p>\n<h3>\n  Kazbek Tuayev: D\u00c7-1998 &#8211; 3 xal<br \/>\n<\/h3>\n<p>\n  D\u00c7-1998-d\u0259 Az\u0259rbaycan y\u0131\u011fmas\u0131 Norve\u00e7, Macar\u0131stan, Finlandiya v\u0259 \u0130sve\u00e7r\u0259 il\u0259 bir qrupda m\u00fcbariz\u0259 apar\u0131b. 8 oyunda 1 q\u0259l\u0259b\u0259, 7 m\u0259\u011flubiyy\u0259t alan millinin yegan\u0259 3 xal\u0131 \u0130sve\u00e7r\u0259 il\u0259 oyuna t\u0259sad\u00fcf edib. Vidadi Rzayevin vurdu\u011fu qol, milli komandan\u0131n d\u00fcnya \u00e7empionatlar\u0131 tarixind\u0259 ilk qolu olub.\n<\/p>\n<h3>\n  \u018fhm\u0259d \u018fl\u0259sg\u0259rov: A\u00c7-2000 &#8211; 4 xal<br \/>\n<\/h3>\n<p>\n  A\u00c7-2000-d\u0259 Az\u0259rbaycan y\u0131\u011fmas\u0131 Rum\u0131niya, Portuqaliya, Slovakiya, Macar\u0131stan v\u0259 Lixten\u015fteynl\u0259 bir qrupda yer al\u0131b. 10 oyunda 4 xal qazanan y\u0131\u011fma komanda yegan\u0259 q\u0259l\u0259b\u0259sini Lixten\u015fteynl\u0259 oyunda al\u0131b &#8211; 4:0.\n<\/p>\n<h3>\n  \u0130qor Ponomaryov: D\u00c7-2002 &#8211; 5 xal<br \/>\n<\/h3>\n<p>\n  D\u00c7-2002-d\u0259 Az\u0259rbaycan millisi \u0130sve\u00e7, T\u00fcrkiy\u0259, Slovakiya, Makedoniya v\u0259 Moldova il\u0259 bir qrupda yer al\u0131b. 10 oyunda 5 xal toplayan millinin yegan\u0259 q\u0259l\u0259b\u0259si Slovakiyaya qar\u015f\u0131 oyunda olub &#8211; 2:0.\n<\/p>\n<h3>\n  \u018fsg\u0259r Abdullayev: A\u00c7-2004 &#8211; 4 xal<br \/>\n<\/h3>\n<p>\n  A\u00c7-2004-d\u0259 milli komanda \u0130taliya, Serbiya, Uels v\u0259 Finlandiya il\u0259 bir qrupda yer al\u0131b. 8 oyunda 4 xal toplayan millinin yegan\u0259 q\u0259l\u0259b\u0259si Serbiya il\u0259 qar\u015f\u0131la\u015fmada olub &#8211; 2:1. El\u0259 2:2 hesabl\u0131 he\u00e7-he\u00e7\u0259 il\u0259 \u0259ld\u0259 olunan 1 xal da serbl\u0259rl\u0259 s\u0259f\u0259rd\u0259ki mat\u00e7da \u0259ld\u0259 edilmi\u015fdi.\n<\/p>\n<figure class=\"wp-block-image size-large\">\n  <img decoding=\"async\" src=\"https:\/\/www.meydan.tv\/az\/88184788_619014155325587_3263628829414916096_n-jpg\/\" alt=\"88184788_619014155325587_3263628829414916096_n.jpg\" class=\"wp-image-138450\"\/><figcaption>\n    Karlos Alberto Torres<br \/>\n  <\/figcaption><\/figure>\n<h3>\n  Karlos Alberto Torres: D\u00c7-2006 &#8211; 3 xal<br \/>\n<\/h3>\n<p>\n  M\u0259rhum braziliyal\u0131 Karlos Alberto Torresin r\u0259hbr\u0259lik etdiyi Az\u0259rbaycan millisi D\u00c7-2006-da \u0130ngilt\u0259r\u0259, Pol\u015fa, \u015eimali \u0130rlandiya, Uels v\u0259 Avstriya il\u0259 bir qrupda yer alm\u0131\u015fd\u0131. 10 oyunda 3 xal toplayan y\u0131\u011fma komanda turniri q\u0259l\u0259b\u0259siz ba\u015fa vurmu\u015fdu. Se\u00e7m\u0259 m\u0259rh\u0259l\u0259 \u00e7\u0259r\u00e7iv\u0259sind\u0259 Az\u0259rbaycan millisi s\u0259f\u0259rd\u0259 Pol\u015faya biab\u0131r\u00e7\u0131 &#8211; 0:8 hesab\u0131yla m\u0259\u011flub olmu\u015fdu.\n<\/p>\n<h3>\n  \u015eahin Diniyev: A\u00c7-2008 &#8211; 5 xal<br \/>\n<\/h3>\n<p>\n  A\u00c7-2008-d\u0259 Az\u0259rbaycan millisi Pol\u015fa, Qazax\u0131stan, Finlandiya, Bel\u00e7ika, Serbiya v\u0259 Portuqaliya il\u0259 eyni qrupda yer alm\u0131\u015fd\u0131. 12 oyunda 5 xal toplayan y\u0131\u011fma, yegan\u0259 q\u0259l\u0259b\u0259sini Finlandiya il\u0259 Bak\u0131dak\u0131 oyununda qazan\u0131b &#8211; 2:1.\n<\/p>\n<h3>\n  Berti Foqts: D\u00c7-2010 &#8211; 5 xal<br \/>\n<\/h3>\n<p>\n  Almaniyal\u0131 Berti Foqtsun ba\u015f\u00e7\u0131l\u0131q etdiyi milli komanda D\u00c7-2010-da Almaniya, Rusiya, Finlandiya, Uels v\u0259 Lixten\u015fteynl\u0259 eyni qrupda m\u00fcbariz\u0259 apar\u0131b. 10 oyunda 5 xal qazanan y\u0131\u011fman\u0131n yegan\u0259 q\u0259l\u0259b\u0259si Lixten\u015fteynl\u0259 oyunda olub &#8211; 2:0.\n<\/p>\n<figure class=\"wp-block-image size-large\">\n  <img decoding=\"async\" src=\"https:\/\/www.meydan.tv\/az\/88197321_517474478824957_2857999507956695040_n-jpg\/\" alt=\"88197321_517474478824957_2857999507956695040_n.jpg\" class=\"wp-image-138452\"\/><figcaption>\n    Berti Foqts<br \/>\n  <\/figcaption><\/figure>\n<h3>\n  Berti Foqts: A\u00c7-2012 &#8211; 7 xal<br \/>\n<\/h3>\n<p>\n  A\u00c7-2012-d\u0259 d\u0259 Az\u0259rbaycan millisinin \u201cs\u00fckan\u0131 arxas\u0131nda\u201d Berti Foqts dayanm\u0131\u015fd\u0131. Onun r\u0259hb\u0259rliyi alt\u0131nda meydana \u00e7\u0131xan milli komanda Almaniya, T\u00fcrkiy\u0259, Bel\u00e7ika, Avstriya v\u0259 Qazax\u0131stanla bir qrupda yer alaraq, 10 oyunda 7 xal toplaya bilmi\u015fdi.\n<\/p>\n<h3>\n  Berti Foqts: D\u00c7-2014 &#8211; 9 xal<br \/>\n<\/h3>\n<p>\n  AFFA r\u0259hb\u0259rliyinin vaz ke\u00e7m\u0259k ist\u0259m\u0259diyi Foqts, D\u00c7-2014-d\u0259 d\u0259 Az\u0259rbaycan millisinin ba\u015f m\u0259\u015fq\u00e7i postunu tuturdu. Rusiya, Portuqaliya, \u0130srail, \u015eimali \u0130rlandiya v\u0259 L\u00fcksemburqla bir qrupda yer alan Az\u0259rbaycan millisi 10 oyunda 9 xal \u0259ld\u0259 ed\u0259 bilmi\u015fdi.\n<\/p>\n<h3>\n  Robert Prosine\u00e7ki: A\u00c7-2016 &#8211; 6 xal<br \/>\n<\/h3>\n<p>\n  A\u00c7-2016-da \u0130taliya, Xorvatiya, Norve\u00e7, Bolqar\u0131stan v\u0259 Malta il\u0259 bir qrupda yer alan milli komanda 6 xal toplay\u0131b. Xorvatiyal\u0131 Robert Prosine\u00e7kinin ba\u015f\u00e7\u0131l\u0131q etdiyi millinin yegan\u0259 q\u0259l\u0259b\u0259si Malta il\u0259 g\u00f6r\u00fc\u015fd\u0259 qazan\u0131l\u0131b &#8211; 2:0.\n<\/p>\n<figure class=\"wp-block-image size-large\">\n  <img decoding=\"async\" src=\"https:\/\/www.meydan.tv\/az\/88064008_2596266234032377_743693421461372928_n-jpg\/\" alt=\"88064008_2596266234032377_743693421461372928_n.jpg\" class=\"wp-image-138456\"\/><figcaption>\n    Robert Prosine\u00e7ki<br \/>\n  <\/figcaption><\/figure>\n<h3>\n  Robert Prosine\u00e7ki: D\u00c7-2018 &#8211; 10 xal<br \/>\n<\/h3>\n<p>\n  D\u00c7-2018-d\u0259 d\u0259 Az\u0259rbaycan millisinin \u201cs\u00fckan\u0131 arxas\u0131nda\u201d Prosine\u00e7ki var idi. Almaniya, \u015eimali \u0130rlandiya, \u00c7exiya, Norve\u00e7 v\u0259 San Marino il\u0259 bir qrupda yer alan Az\u0259rbaycan millisi 3 q\u0259l\u0259b\u0259 qazan\u0131b v\u0259 tarixinin \u0259n yax\u015f\u0131 n\u0259tic\u0259sini \u0259ld\u0259 edib &#8211; 10 xal.\n<\/p>\n<figure class=\"wp-block-image size-large\">\n  <img decoding=\"async\" src=\"https:\/\/www.meydan.tv\/az\/72732584_587727685100337_3982361683363364864_n-jpg-2\/\" alt=\"72732584_587727685100337_3982361683363364864_n.jpg\" class=\"wp-image-138447\"\/><figcaption>\n    Nikola Yur\u00e7evi\u00e7<br \/>\n  <\/figcaption><\/figure>\n<h3>\n  Nikola Yur\u00e7evi\u00e7: A\u00c7-2020 &#8211; 1 xal<br \/>\n<\/h3>\n<p>\n  A\u00c7-2020-d\u0259 Slovakiya, Xorvatiya, Macar\u0131stan v\u0259 Uelsl\u0259 bir qrupda yer alan Az\u0259rbaycan y\u0131\u011fmas\u0131 Nikola Yur\u00e7evi\u00e7in r\u0259hb\u0259rliyi alt\u0131nda c\u0259mi 1 xal qazana bilib. Sonuncu d\u0259f\u0259 1996-c\u0131 ild\u0259 bir turniri bu n\u0259tic\u0259 il\u0259 ba\u015fa vuran milli komanda, A\u00c7-2020-nin qrup m\u0259rh\u0259l\u0259sind\u0259 yegan\u0259 xal\u0131n\u0131 Bak\u0131da &#8211; Xorvatiya y\u0131\u011fmas\u0131na qar\u015f\u0131 ke\u00e7iril\u0259n oyunda \u0259ld\u0259 edib &#8211; 1:1.\n<\/p>\n<h3>\n  Qurban Qurbanov v\u0259 ba\u015fqalar\u0131<br \/>\n<\/h3>\n<p>\n  Az\u0259rbaycan milli komandas\u0131n\u0131n ba\u015f m\u0259\u015fq\u00e7i postunda m\u00fcv\u0259qq\u0259ti, bir ne\u00e7\u0259 oyunluq \u0259yl\u0259\u015f\u0259nl\u0259r d\u0259 olub. M\u0259s\u0259l\u0259n, Vaqif Sad\u0131qov, Qyoko Hacievski kimi m\u00fct\u0259x\u0259ssisl\u0259r bir ne\u00e7\u0259 d\u0259f\u0259 milli komandan\u0131 oyuna \u00e7\u0131xar\u0131b. Hacievskinin Az\u0259rbaycan millisinin ba\u015f m\u0259\u015fq\u00e7isi kimi q\u0259l\u0259b\u0259si olmay\u0131bsa (2 oyun, 2 m\u0259\u011flubiyy\u0259t), Sad\u0131qov m\u0259rhum Karlos Alberto Torresin istefas\u0131ndan sonra \u201cs\u00fckan arxas\u0131na\u201d ke\u00e7m\u0259kl\u0259, Bak\u0131da Avstriya il\u0259 oyunda he\u00e7-he\u00e7\u0259y\u0259 nail olmu\u015fdu. Amma bu m\u00fcv\u0259qq\u0259ti m\u0259\u015fq\u00e7il\u0259rin m\u0259nfi-m\u00fcsb\u0259t n\u0259tic\u0259l\u0259ri d\u0259 \u00fcmumi se\u00e7m\u0259 m\u0259rh\u0259l\u0259y\u0259 aid oldu\u011fundan, onlar\u0131 x\u00fcsusi f\u0259rql\u0259ndirm\u0259y\u0259 ehtiyac yoxdur.\n<\/p>\n<p>\n  Haz\u0131rda \u201cQaraba\u011f\u201d\u0131 \u00e7al\u0131\u015fd\u0131ran Qurban Qurbanov is\u0259 Az\u0259rbaycan millisinin ba\u015f m\u0259\u015fq\u00e7isi postunda yaln\u0131z UEFA Mill\u0259tl\u0259r Liqas\u0131nda m\u00fcbariz\u0259 apar\u0131b. H\u0259min UEFA Mill\u0259tl\u0259r Liqas\u0131 ki, Az\u0259rbaycan y\u0131\u011fmas\u0131 orda u\u011fursuz \u00e7\u0131x\u0131\u015f etmi\u015f, n\u0259tic\u0259d\u0259, Qurbanov ba\u015f m\u0259\u015fq\u00e7i postundan g\u00f6nd\u0259rilmi\u015fdi.\n<\/p>\n<h3>\n  Lap Mourinyonu g\u0259tir e&#8230;<br \/>\n<\/h3>\n<p>\n  \u201cMan\u00e7ester Yunayted\u201din ke\u00e7mi\u015f ba\u015f m\u0259\u015fq\u00e7isi Aleks Ferqyusonun bir ifad\u0259si var: \u201cStatistika mini yubka kimidir, \u00e7ox \u015feyi g\u00f6st\u0259rs\u0259 d\u0259, \u0259sas olan\u0131 g\u00f6st\u0259rmir\u201d. Amma n\u0259 yaz\u0131q ki, Az\u0259rbaycan milli komandas\u0131n\u0131n statistikas\u0131 da, meydanda s\u0259rgil\u0259diyi oyun da bir \u015feyi g\u00f6st\u0259rir: u\u011fursuzluq! Ke\u00e7mi\u015f\u0259 boylananda bir \u015feyi g\u00f6r\u00fcr v\u0259 anlay\u0131rsan ki, ba\u015f m\u0259\u015fq\u00e7i postunda kimin olmas\u0131ndan as\u0131l\u0131 olmayaraq, biz se\u00e7m\u0259 m\u0259rh\u0259l\u0259l\u0259ri sonuncu, ya da sonuncudan \u0259vv\u0259lki kimi ba\u015fa vurmu\u015fuq. H\u0259, b\u0259z\u0259n b\u0259xtimiz g\u0259tirib, se\u00e7m\u0259 m\u0259rh\u0259l\u0259d\u0259 San Marino, Lixten\u015fteyn, Malta kimi \u201cc\u0131rtdan\u201d r\u0259qibl\u0259rl\u0259 qar\u015f\u0131la\u015fm\u0131\u015f\u0131q, bunun da say\u0259sind\u0259 qrup m\u0259rh\u0259l\u0259sini 1-2 xalla ba\u015fa vurmaq r\u00fcsvay\u00e7\u0131l\u0131\u011f\u0131ndan can\u0131m\u0131z qurtar\u0131b. Ancaq \u00fcm\u00fcmulikd\u0259, ayd\u0131n olan bir \u015fey var ki, az\u0259rbaycanl\u0131 futbolsev\u0259rl\u0259rin dilind\u0259n d\u00fc\u015fm\u0259y\u0259n h\u0259min o ifad\u0259 haqs\u0131z yer\u0259 ortaya \u00e7\u0131xmay\u0131b: \u201cAz\u0259rbaycan milli komandas\u0131na lap Joze Mourinyonu g\u0259tir e, xeyri yoxdur\u201d.<\/p>\n","protected":false},"excerpt":{"rendered":"<p>\u201cAz\u0259rbaycan milli komandas\u0131na lap Mourinyonu g\u0259tir e&#8230;\u201d<\/p>\n","protected":false},"author":11,"featured_media":138441,"comment_status":"closed","ping_status":"open","sticky":false,"template":"","format":"standard","meta":{"_acf_changed":false,"_sitemap_exclude":false,"_sitemap_priority":"","_sitemap_frequency":"","footnotes":""},"categories":[51],"tags":[],"class_list":["post-199533","post","type-post","status-publish","format-standard","has-post-thumbnail","hentry","category-analitika","infinite-scroll-item","generate-columns","tablet-grid-50","mobile-grid-100","grid-parent","grid-33","no-featured-image-padding"],"acf":[],"yoast_head":"<!-- This site is optimized with the Yoast SEO plugin v27.4 - https:\/\/yoast.com\/product\/yoast-seo-wordpress\/ -->\n<title>Yerli, yoxsa \u0259cn\u0259bi: Milli komanda kim\u0259 tap\u015f\u0131r\u0131ls\u0131n? - MEYDAN.TV<\/title>\n<meta name=\"robots\" content=\"index, follow, max-snippet:-1, max-image-preview:large, max-video-preview:-1\" \/>\n<link rel=\"canonical\" href=\"https:\/\/www.meydan.tv\/az\/article\/yerli-yoxsa-ecnebi-milli-komanda-kime-tapsirilsin\/\" \/>\n<meta property=\"og:locale\" content=\"az_AZ\" \/>\n<meta property=\"og:type\" content=\"article\" \/>\n<meta property=\"og:title\" content=\"Yerli, yoxsa \u0259cn\u0259bi: Milli komanda kim\u0259 tap\u015f\u0131r\u0131ls\u0131n? - MEYDAN.TV\" \/>\n<meta property=\"og:description\" content=\"\u201cAz\u0259rbaycan milli komandas\u0131na lap Mourinyonu g\u0259tir e...\u201d\" \/>\n<meta property=\"og:url\" content=\"https:\/\/www.meydan.tv\/az\/article\/yerli-yoxsa-ecnebi-milli-komanda-kime-tapsirilsin\/\" \/>\n<meta property=\"og:site_name\" content=\"MEYDAN.TV\" \/>\n<meta property=\"article:published_time\" content=\"2020-03-02T15:27:47+00:00\" \/>\n<meta property=\"og:image\" content=\"https:\/\/www.meydan.tv\/wp-content\/uploads\/15648162371606927744_1200x630.jpg\" \/>\n\t<meta property=\"og:image:width\" content=\"922\" \/>\n\t<meta property=\"og:image:height\" content=\"630\" \/>\n\t<meta property=\"og:image:type\" content=\"image\/jpeg\" \/>\n<meta name=\"author\" content=\"user-manager\" \/>\n<meta name=\"twitter:card\" content=\"summary_large_image\" \/>\n<script type=\"application\/ld+json\" class=\"yoast-schema-graph\">{\"@context\":\"https:\\\/\\\/schema.org\",\"@graph\":[{\"@type\":\"Article\",\"@id\":\"https:\\\/\\\/www.meydan.tv\\\/az\\\/article\\\/yerli-yoxsa-ecnebi-milli-komanda-kime-tapsirilsin\\\/#article\",\"isPartOf\":{\"@id\":\"https:\\\/\\\/www.meydan.tv\\\/az\\\/article\\\/yerli-yoxsa-ecnebi-milli-komanda-kime-tapsirilsin\\\/\"},\"author\":{\"name\":\"user-manager\",\"@id\":\"https:\\\/\\\/www.meydan.tv\\\/az\\\/#\\\/schema\\\/person\\\/10d11eccf6da3662cf5fdab9806ea91a\"},\"headline\":\"Yerli, yoxsa \u0259cn\u0259bi: Milli komanda kim\u0259 tap\u015f\u0131r\u0131ls\u0131n?\",\"datePublished\":\"2020-03-02T15:27:47+00:00\",\"mainEntityOfPage\":{\"@id\":\"https:\\\/\\\/www.meydan.tv\\\/az\\\/article\\\/yerli-yoxsa-ecnebi-milli-komanda-kime-tapsirilsin\\\/\"},\"wordCount\":1514,\"publisher\":{\"@id\":\"https:\\\/\\\/www.meydan.tv\\\/az\\\/#organization\"},\"image\":{\"@id\":\"https:\\\/\\\/www.meydan.tv\\\/az\\\/article\\\/yerli-yoxsa-ecnebi-milli-komanda-kime-tapsirilsin\\\/#primaryimage\"},\"thumbnailUrl\":\"https:\\\/\\\/www.meydan.tv\\\/wp-content\\\/uploads\\\/15648162371606927744_1200x630.jpg\",\"articleSection\":[\"Analitika\"],\"inLanguage\":\"az\"},{\"@type\":\"WebPage\",\"@id\":\"https:\\\/\\\/www.meydan.tv\\\/az\\\/article\\\/yerli-yoxsa-ecnebi-milli-komanda-kime-tapsirilsin\\\/\",\"url\":\"https:\\\/\\\/www.meydan.tv\\\/az\\\/article\\\/yerli-yoxsa-ecnebi-milli-komanda-kime-tapsirilsin\\\/\",\"name\":\"Yerli, yoxsa \u0259cn\u0259bi: Milli komanda kim\u0259 tap\u015f\u0131r\u0131ls\u0131n? - MEYDAN.TV\",\"isPartOf\":{\"@id\":\"https:\\\/\\\/www.meydan.tv\\\/az\\\/#website\"},\"primaryImageOfPage\":{\"@id\":\"https:\\\/\\\/www.meydan.tv\\\/az\\\/article\\\/yerli-yoxsa-ecnebi-milli-komanda-kime-tapsirilsin\\\/#primaryimage\"},\"image\":{\"@id\":\"https:\\\/\\\/www.meydan.tv\\\/az\\\/article\\\/yerli-yoxsa-ecnebi-milli-komanda-kime-tapsirilsin\\\/#primaryimage\"},\"thumbnailUrl\":\"https:\\\/\\\/www.meydan.tv\\\/wp-content\\\/uploads\\\/15648162371606927744_1200x630.jpg\",\"datePublished\":\"2020-03-02T15:27:47+00:00\",\"breadcrumb\":{\"@id\":\"https:\\\/\\\/www.meydan.tv\\\/az\\\/article\\\/yerli-yoxsa-ecnebi-milli-komanda-kime-tapsirilsin\\\/#breadcrumb\"},\"inLanguage\":\"az\",\"potentialAction\":[{\"@type\":\"ReadAction\",\"target\":[\"https:\\\/\\\/www.meydan.tv\\\/az\\\/article\\\/yerli-yoxsa-ecnebi-milli-komanda-kime-tapsirilsin\\\/\"]}]},{\"@type\":\"ImageObject\",\"inLanguage\":\"az\",\"@id\":\"https:\\\/\\\/www.meydan.tv\\\/az\\\/article\\\/yerli-yoxsa-ecnebi-milli-komanda-kime-tapsirilsin\\\/#primaryimage\",\"url\":\"https:\\\/\\\/www.meydan.tv\\\/wp-content\\\/uploads\\\/15648162371606927744_1200x630.jpg\",\"contentUrl\":\"https:\\\/\\\/www.meydan.tv\\\/wp-content\\\/uploads\\\/15648162371606927744_1200x630.jpg\",\"width\":922,\"height\":630,\"caption\":\"Source: Meydan TV\"},{\"@type\":\"BreadcrumbList\",\"@id\":\"https:\\\/\\\/www.meydan.tv\\\/az\\\/article\\\/yerli-yoxsa-ecnebi-milli-komanda-kime-tapsirilsin\\\/#breadcrumb\",\"itemListElement\":[{\"@type\":\"ListItem\",\"position\":1,\"name\":\"Ana s\u0259hif\u0259\",\"item\":\"https:\\\/\\\/www.meydan.tv\\\/az\\\/\"},{\"@type\":\"ListItem\",\"position\":2,\"name\":\"Analitika\",\"item\":\"https:\\\/\\\/www.meydan.tv\\\/az\\\/section\\\/analitika\\\/\"},{\"@type\":\"ListItem\",\"position\":3,\"name\":\"Yerli, yoxsa \u0259cn\u0259bi: Milli komanda kim\u0259 tap\u015f\u0131r\u0131ls\u0131n?\"}]},{\"@type\":\"WebSite\",\"@id\":\"https:\\\/\\\/www.meydan.tv\\\/az\\\/#website\",\"url\":\"https:\\\/\\\/www.meydan.tv\\\/az\\\/\",\"name\":\"MEYDAN.TV\",\"description\":\"Meydan TV Az\u0259rbaycan\u0131n media m\u0259kan\u0131ndak\u0131 alternativ s\u0259sidir\",\"publisher\":{\"@id\":\"https:\\\/\\\/www.meydan.tv\\\/az\\\/#organization\"},\"potentialAction\":[{\"@type\":\"SearchAction\",\"target\":{\"@type\":\"EntryPoint\",\"urlTemplate\":\"https:\\\/\\\/www.meydan.tv\\\/az\\\/?s={search_term_string}\"},\"query-input\":{\"@type\":\"PropertyValueSpecification\",\"valueRequired\":true,\"valueName\":\"search_term_string\"}}],\"inLanguage\":\"az\"},{\"@type\":\"Organization\",\"@id\":\"https:\\\/\\\/www.meydan.tv\\\/az\\\/#organization\",\"name\":\"Meydan TV\",\"url\":\"https:\\\/\\\/www.meydan.tv\\\/az\\\/\",\"logo\":{\"@type\":\"ImageObject\",\"inLanguage\":\"az\",\"@id\":\"https:\\\/\\\/www.meydan.tv\\\/az\\\/#\\\/schema\\\/logo\\\/image\\\/\",\"url\":\"https:\\\/\\\/www.meydan.tv\\\/wp-content\\\/uploads\\\/2021\\\/07\\\/meydan-logo.svg\",\"contentUrl\":\"https:\\\/\\\/www.meydan.tv\\\/wp-content\\\/uploads\\\/2021\\\/07\\\/meydan-logo.svg\",\"width\":195,\"height\":46,\"caption\":\"Meydan TV\"},\"image\":{\"@id\":\"https:\\\/\\\/www.meydan.tv\\\/az\\\/#\\\/schema\\\/logo\\\/image\\\/\"}},{\"@type\":\"Person\",\"@id\":\"https:\\\/\\\/www.meydan.tv\\\/az\\\/#\\\/schema\\\/person\\\/10d11eccf6da3662cf5fdab9806ea91a\",\"name\":\"user-manager\"}]}<\/script>\n<!-- \/ Yoast SEO plugin. -->","yoast_head_json":{"title":"Yerli, yoxsa \u0259cn\u0259bi: Milli komanda kim\u0259 tap\u015f\u0131r\u0131ls\u0131n? - MEYDAN.TV","robots":{"index":"index","follow":"follow","max-snippet":"max-snippet:-1","max-image-preview":"max-image-preview:large","max-video-preview":"max-video-preview:-1"},"canonical":"https:\/\/www.meydan.tv\/az\/article\/yerli-yoxsa-ecnebi-milli-komanda-kime-tapsirilsin\/","og_locale":"az_AZ","og_type":"article","og_title":"Yerli, yoxsa \u0259cn\u0259bi: Milli komanda kim\u0259 tap\u015f\u0131r\u0131ls\u0131n? - MEYDAN.TV","og_description":"\u201cAz\u0259rbaycan milli komandas\u0131na lap Mourinyonu g\u0259tir e...\u201d","og_url":"https:\/\/www.meydan.tv\/az\/article\/yerli-yoxsa-ecnebi-milli-komanda-kime-tapsirilsin\/","og_site_name":"MEYDAN.TV","article_published_time":"2020-03-02T15:27:47+00:00","og_image":[{"width":922,"height":630,"url":"https:\/\/www.meydan.tv\/wp-content\/uploads\/15648162371606927744_1200x630.jpg","type":"image\/jpeg"}],"author":"user-manager","twitter_card":"summary_large_image","schema":{"@context":"https:\/\/schema.org","@graph":[{"@type":"Article","@id":"https:\/\/www.meydan.tv\/az\/article\/yerli-yoxsa-ecnebi-milli-komanda-kime-tapsirilsin\/#article","isPartOf":{"@id":"https:\/\/www.meydan.tv\/az\/article\/yerli-yoxsa-ecnebi-milli-komanda-kime-tapsirilsin\/"},"author":{"name":"user-manager","@id":"https:\/\/www.meydan.tv\/az\/#\/schema\/person\/10d11eccf6da3662cf5fdab9806ea91a"},"headline":"Yerli, yoxsa \u0259cn\u0259bi: Milli komanda kim\u0259 tap\u015f\u0131r\u0131ls\u0131n?","datePublished":"2020-03-02T15:27:47+00:00","mainEntityOfPage":{"@id":"https:\/\/www.meydan.tv\/az\/article\/yerli-yoxsa-ecnebi-milli-komanda-kime-tapsirilsin\/"},"wordCount":1514,"publisher":{"@id":"https:\/\/www.meydan.tv\/az\/#organization"},"image":{"@id":"https:\/\/www.meydan.tv\/az\/article\/yerli-yoxsa-ecnebi-milli-komanda-kime-tapsirilsin\/#primaryimage"},"thumbnailUrl":"https:\/\/www.meydan.tv\/wp-content\/uploads\/15648162371606927744_1200x630.jpg","articleSection":["Analitika"],"inLanguage":"az"},{"@type":"WebPage","@id":"https:\/\/www.meydan.tv\/az\/article\/yerli-yoxsa-ecnebi-milli-komanda-kime-tapsirilsin\/","url":"https:\/\/www.meydan.tv\/az\/article\/yerli-yoxsa-ecnebi-milli-komanda-kime-tapsirilsin\/","name":"Yerli, yoxsa \u0259cn\u0259bi: Milli komanda kim\u0259 tap\u015f\u0131r\u0131ls\u0131n? - MEYDAN.TV","isPartOf":{"@id":"https:\/\/www.meydan.tv\/az\/#website"},"primaryImageOfPage":{"@id":"https:\/\/www.meydan.tv\/az\/article\/yerli-yoxsa-ecnebi-milli-komanda-kime-tapsirilsin\/#primaryimage"},"image":{"@id":"https:\/\/www.meydan.tv\/az\/article\/yerli-yoxsa-ecnebi-milli-komanda-kime-tapsirilsin\/#primaryimage"},"thumbnailUrl":"https:\/\/www.meydan.tv\/wp-content\/uploads\/15648162371606927744_1200x630.jpg","datePublished":"2020-03-02T15:27:47+00:00","breadcrumb":{"@id":"https:\/\/www.meydan.tv\/az\/article\/yerli-yoxsa-ecnebi-milli-komanda-kime-tapsirilsin\/#breadcrumb"},"inLanguage":"az","potentialAction":[{"@type":"ReadAction","target":["https:\/\/www.meydan.tv\/az\/article\/yerli-yoxsa-ecnebi-milli-komanda-kime-tapsirilsin\/"]}]},{"@type":"ImageObject","inLanguage":"az","@id":"https:\/\/www.meydan.tv\/az\/article\/yerli-yoxsa-ecnebi-milli-komanda-kime-tapsirilsin\/#primaryimage","url":"https:\/\/www.meydan.tv\/wp-content\/uploads\/15648162371606927744_1200x630.jpg","contentUrl":"https:\/\/www.meydan.tv\/wp-content\/uploads\/15648162371606927744_1200x630.jpg","width":922,"height":630,"caption":"Source: Meydan TV"},{"@type":"BreadcrumbList","@id":"https:\/\/www.meydan.tv\/az\/article\/yerli-yoxsa-ecnebi-milli-komanda-kime-tapsirilsin\/#breadcrumb","itemListElement":[{"@type":"ListItem","position":1,"name":"Ana s\u0259hif\u0259","item":"https:\/\/www.meydan.tv\/az\/"},{"@type":"ListItem","position":2,"name":"Analitika","item":"https:\/\/www.meydan.tv\/az\/section\/analitika\/"},{"@type":"ListItem","position":3,"name":"Yerli, yoxsa \u0259cn\u0259bi: Milli komanda kim\u0259 tap\u015f\u0131r\u0131ls\u0131n?"}]},{"@type":"WebSite","@id":"https:\/\/www.meydan.tv\/az\/#website","url":"https:\/\/www.meydan.tv\/az\/","name":"MEYDAN.TV","description":"Meydan TV Az\u0259rbaycan\u0131n media m\u0259kan\u0131ndak\u0131 alternativ s\u0259sidir","publisher":{"@id":"https:\/\/www.meydan.tv\/az\/#organization"},"potentialAction":[{"@type":"SearchAction","target":{"@type":"EntryPoint","urlTemplate":"https:\/\/www.meydan.tv\/az\/?s={search_term_string}"},"query-input":{"@type":"PropertyValueSpecification","valueRequired":true,"valueName":"search_term_string"}}],"inLanguage":"az"},{"@type":"Organization","@id":"https:\/\/www.meydan.tv\/az\/#organization","name":"Meydan TV","url":"https:\/\/www.meydan.tv\/az\/","logo":{"@type":"ImageObject","inLanguage":"az","@id":"https:\/\/www.meydan.tv\/az\/#\/schema\/logo\/image\/","url":"https:\/\/www.meydan.tv\/wp-content\/uploads\/2021\/07\/meydan-logo.svg","contentUrl":"https:\/\/www.meydan.tv\/wp-content\/uploads\/2021\/07\/meydan-logo.svg","width":195,"height":46,"caption":"Meydan TV"},"image":{"@id":"https:\/\/www.meydan.tv\/az\/#\/schema\/logo\/image\/"}},{"@type":"Person","@id":"https:\/\/www.meydan.tv\/az\/#\/schema\/person\/10d11eccf6da3662cf5fdab9806ea91a","name":"user-manager"}]}},"_links":{"self":[{"href":"https:\/\/www.meydan.tv\/az\/wp-json\/wp\/v2\/posts\/199533","targetHints":{"allow":["GET"]}}],"collection":[{"href":"https:\/\/www.meydan.tv\/az\/wp-json\/wp\/v2\/posts"}],"about":[{"href":"https:\/\/www.meydan.tv\/az\/wp-json\/wp\/v2\/types\/post"}],"author":[{"embeddable":true,"href":"https:\/\/www.meydan.tv\/az\/wp-json\/wp\/v2\/users\/11"}],"replies":[{"embeddable":true,"href":"https:\/\/www.meydan.tv\/az\/wp-json\/wp\/v2\/comments?post=199533"}],"version-history":[{"count":0,"href":"https:\/\/www.meydan.tv\/az\/wp-json\/wp\/v2\/posts\/199533\/revisions"}],"wp:featuredmedia":[{"embeddable":true,"href":"https:\/\/www.meydan.tv\/az\/wp-json\/wp\/v2\/media\/138441"}],"wp:attachment":[{"href":"https:\/\/www.meydan.tv\/az\/wp-json\/wp\/v2\/media?parent=199533"}],"wp:term":[{"taxonomy":"category","embeddable":true,"href":"https:\/\/www.meydan.tv\/az\/wp-json\/wp\/v2\/categories?post=199533"},{"taxonomy":"post_tag","embeddable":true,"href":"https:\/\/www.meydan.tv\/az\/wp-json\/wp\/v2\/tags?post=199533"}],"curies":[{"name":"wp","href":"https:\/\/api.w.org\/{rel}","templated":true}]}}