{"id":199512,"date":"2020-02-29T08:44:02","date_gmt":"2020-02-29T08:44:02","guid":{"rendered":"https:\/\/www.meydan.tv\/article\/goycay-sakini-icra-bascisi-mene-borcunu-odemir\/"},"modified":"2020-02-29T08:44:02","modified_gmt":"2020-02-29T08:44:02","slug":"goycay-sakini-icra-bascisi-mene-borcunu-odemir","status":"publish","type":"post","link":"https:\/\/www.meydan.tv\/az\/article\/goycay-sakini-icra-bascisi-mene-borcunu-odemir\/","title":{"rendered":"G\u00f6y\u00e7ay sakini: \u0130cra ba\u015f\u00e7\u0131s\u0131 m\u0259n\u0259 borcunu \u00f6d\u0259mir"},"content":{"rendered":"<p>\n  <i><br \/>\n    \u201cQ\u0259rarda g\u00f6st\u0259rilir ki, \u0259m\u0259khaqq\u0131n\u0131 hiss\u0259-hiss\u0259 \u00f6d\u0259m\u0259k olmaz\u201d<br \/>\n  <\/i>\n<\/p>\n<p>\n  \u201cArt\u0131q \u00fc\u00e7 ild\u0259n \u00e7oxdur ki, G\u00f6y\u00e7ay Rayon \u0130cra Hakimiyy\u0259ti m\u0259n\u0259 olan 3653 manat borcunu \u00f6d\u0259mir. \u0130cra ba\u015f\u00e7\u0131s\u0131 Mehdi S\u0259limzad\u0259 deyir ki, m\u0259n prezidentin yax\u0131n qohumuyam, ail\u0259 \u00fczv\u00fcy\u0259m. M\u0259n\u0259 d\u0259xli yoxdur, kim-kimin qohum-\u0259qr\u0259bas\u0131d\u0131r. Az\u0259rbaycan d\u00f6vl\u0259ti varsa, m\u00f6vcuddursa, q\u0259tnam\u0259 yerin\u0259 yetirilm\u0259lidir\u201d.\n<\/p>\n<p>\n  Bu s\u00f6zl\u0259ri Meydan TV-y\u0259 G\u00f6y\u00e7ay Rayon Sanitar-T\u0259mizlik \u0130dar\u0259sinin ke\u00e7mi\u015f r\u0259isi Lo\u011fman \u018fliyev deyir. Bildirir ki, 2017-ci ild\u0259 yerli m\u0259hk\u0259m\u0259nin \u00e7\u0131xard\u0131\u011f\u0131 q\u0259rara \u0259sas\u0259n, G\u00f6y\u00e7ay Rayon \u0130cra Hakimiyy\u0259ti ona 2012-ci ilin dekabr\u0131n 12-d\u0259n, 2015-ci ilin mart\u0131n 5-d\u0259k m\u00fcdd\u0259td\u0259 olan \u0259m\u0259khaqq\u0131n\u0131 verm\u0259li oldu\u011fu halda, buna \u0259m\u0259l etmir:\n<\/p>\n<p>\n  \u201cNec\u0259 olur ki, Az\u0259rbaycan d\u00f6vl\u0259ti Avropa \u015euras\u0131nda, h\u0259m\u00e7inin BMT-nin iclaslar\u0131nda Erm\u0259nistan\u0131n uzun ill\u0259rdir T\u0259hl\u00fck\u0259sizlik \u015euras\u0131n\u0131n q\u0259tnam\u0259l\u0259rin\u0259 m\u0259h\u0259l qoymamas\u0131n\u0131 deyir, t\u0259l\u0259b edir, amma burada, \u00f6z \u00f6lk\u0259mizd\u0259, G\u00f6y\u00e7ay Rayon \u0130cra Hakimiyy\u0259ti t\u0259r\u0259find\u0259n m\u0259hk\u0259m\u0259 q\u0259tnam\u0259si icra olunmur? Bunu nec\u0259 ba\u015fa d\u00fc\u015fm\u0259k olar? Niy\u0259 bununla ba\u011fl\u0131 he\u00e7 bir t\u0259dbir g\u00f6r\u00fclm\u00fcr. Erm\u0259nil\u0259rd\u0259n t\u0259l\u0259b edirs\u0259n ki, niy\u0259 q\u0259tnam\u0259 icra olunmur, b\u0259s yax\u015f\u0131, \u00f6z\u00fcm\u00fcz\u00fcnk\u00fcl\u0259rd\u0259n niy\u0259 bu t\u0259l\u0259b olunmur? M\u0259n bu m\u0259zmunda \u018fdliyy\u0259 Nazirliyin\u0259 teleqram vurmu\u015fam. H\u0259m\u00e7inin Prezident\u0259 d\u0259 teleqram vurmu\u015fam, soru\u015fmu\u015fam ki, \u0259g\u0259r BMT-nin d\u00f6rd q\u0259tnam\u0259sini irad tutursunuzsa, b\u0259s m\u0259hk\u0259m\u0259 q\u0259tnam\u0259sini niy\u0259 yerin\u0259 yetirmirsiniz? T\u0259s\u0259vv\u00fcr edin, q\u0259tnam\u0259 2017-ci yanvar\u0131n 9-da q\u0259bul olunub, h\u00fcquqi q\u00fcvv\u0259sini al\u0131b. Amma Mehdi S\u0259limzad\u0259 he\u00e7 bir qanunu saym\u0131r. 2017-ci il yanvar\u0131n 9-da G\u00f6y\u00e7ay Rayon M\u0259hk\u0259m\u0259si m\u00fcraci\u0259tim \u0259sas\u0131nda, qanunsuz h\u0259bs olundu\u011fuma v\u0259 i\u015fd\u0259n m\u0259cburi buraxd\u0131\u011f\u0131m g\u00fcnl\u0259r\u0259 g\u00f6r\u0259 q\u0259tnam\u0259 \u00e7\u0131xard\u0131. Q\u0259tnam\u0259d\u0259 g\u00f6st\u0259rilirdi ki, Lo\u011fman \u018fliyev K\u0259rim o\u011flunun 2012-2015-ci ill\u0259r aras\u0131nda olan \u0259m\u0259khaqq\u0131 G\u00f6y\u00e7ay Rayon \u0130cra Hakimiyy\u0259ti t\u0259r\u0259find\u0259n hesablan\u0131b verilsin. Q\u0259rarda g\u00f6st\u0259rilir ki, \u0259m\u0259khaqq\u0131n\u0131 hiss\u0259-hiss\u0259 \u00f6d\u0259m\u0259k olmaz\u201d.\n<\/p>\n<figure class=\"wp-block-image size-large\">\n  <img decoding=\"async\" src=\"https:\/\/www.meydan.tv\/az\/1533503888_1-6-jpg\/\" alt=\"1533503888_1-6.jpg\" class=\"wp-image-138402\"\/><figcaption>\n    Mehdi S\u0259limzad\u0259<br \/>\n  <\/figcaption><\/figure>\n<p>\n  Lo\u011fman \u018fliyev m\u0259s\u0259l\u0259 il\u0259 ba\u011fl\u0131 \u00f6t\u0259n il noyabr\u0131n 21-d\u0259 t\u0259krar G\u00f6y\u00e7ay Rayon M\u0259hk\u0259m\u0259sin\u0259 m\u00fcraci\u0259t edib. Dediyin\u0259 g\u00f6r\u0259, \u00f6t\u0259n il i\u015fd\u0259n \u00e7\u0131xar\u0131lmas\u0131 il\u0259 ba\u011fl\u0131 67 n\u0259f\u0259rin d\u0259 qol \u00e7\u0259kdiyi \u015fikay\u0259t s\u0259n\u0259di m\u0259hk\u0259m\u0259y\u0259 t\u0259qdim olunub:\n<\/p>\n<p>\n  \u201cM\u0259n Mehdi S\u0259limzad\u0259d\u0259n haqq\u0131m\u0131 ist\u0259dim. Maa\u015f\u0131m\u0131 verm\u0259k \u0259v\u0259zin\u0259 saxta imza toplay\u0131b i\u015fd\u0259n \u00e7\u0131xard\u0131. Siyah\u0131da ad\u0131 olan adamlar\u0131n kimliyi bel\u0259 bilinmir, \u00fcnvan\u0131 da g\u00f6st\u0259rilm\u0259yib. \u015e\u0259xsiyy\u0259t v\u0259siq\u0259sinin n\u00f6mr\u0259si, \u0259riz\u0259nin yaz\u0131lma tarixi yoxdur. \u018friz\u0259d\u0259 olan imzalar\u0131n \u0259ks\u0259riyy\u0259ti bir-birin\u0259 ox\u015fay\u0131r. Su Kanalizasiya \u0130dar\u0259sinin m\u00fct\u0259x\u0259ssisi var, ad\u0131n\u0131 \u00e7\u0259km\u0259k ist\u0259mir\u0259m. O, m\u0259n\u0259 dedi ki, \u00e7ay\u00e7\u0131da 10-20 manat t\u0259klif ed\u0259r\u0259k, s\u0259nin \u0259leyhin\u0259 \u0259riz\u0259 yaz\u0131b, burada adamlara qol \u00e7\u0259kdirirdil\u0259r. M\u0259hk\u0259m\u0259 prosesind\u0259 h\u0259min \u0259riz\u0259nin saxta olmas\u0131n\u0131 diqq\u0259t\u0259 \u00e7atd\u0131rm\u0131\u015fam. H\u0259min \u015fikay\u0259td\u0259 ad-soyadlar\u0131 yaz\u0131lan adamlar\u0131n he\u00e7 birini tan\u0131m\u0131ram. H\u0259tta bir n\u0259f\u0259r xarakterim bar\u0259d\u0259 yaz\u0131b. Ax\u0131 ka\u011f\u0131zda ad-soyad\u0131 g\u00f6st\u0259ril\u0259n adamlar\u0131 tan\u0131m\u0131ramsa, onlar m\u0259nim xasiyy\u0259timi nec\u0259 bilibl\u0259r? Bunlar ham\u0131s\u0131 G\u00f6y\u00e7ay Rayon \u0130cra Hakimiyy\u0259ti ba\u015f\u00e7\u0131s\u0131n\u0131n s\u00f6zl\u0259ridir. Haz\u0131rda m\u0259hk\u0259m\u0259 prosesi davam edir. M\u0259n m\u0259hk\u0259m\u0259d\u0259 t\u0259rtib edil\u0259n akt \u00fczr\u0259 67 n\u0259f\u0259rin \u00e7a\u011fr\u0131laraq, dindirilm\u0259sini ist\u0259dim. Hakim ist\u0259yimi n\u0259z\u0259r\u0259 ald\u0131. Lakin imzas\u0131 olan adamlardam he\u00e7 biri m\u0259hk\u0259m\u0259y\u0259 g\u0259lm\u0259di. Ka\u011f\u0131zda da \u00f6z\u00fcn\u00fcz g\u00f6r\u00fcrs\u00fcn\u00fcz ki, imzalar bir-birin\u0259 ox\u015fay\u0131r\u201d.\n<\/p>\n<p>\n  \u015eikay\u0259t\u00e7inin s\u00f6zl\u0259rin\u0259 g\u00f6r\u0259, G\u00f6y\u00e7ay Rayon \u0130cra Hakimiyy\u0259ti r\u0259hb\u0259rliyi m\u0259hk\u0259m\u0259nin i\u015fin\u0259 ciddi mane olur. Hakim t\u0259r\u0259find\u0259n t\u0259l\u0259b olunan s\u0259n\u0259d v\u0259 \u015fahidl\u0259ri t\u0259qdim etmir:\n<\/p>\n<p>\n  \u201cBununla da m\u0259hk\u0259m\u0259 prosesinin gedi\u015fin\u0259 \u0259ng\u0259l t\u00f6r\u0259tmi\u015f olurlar. Yerli m\u0259hk\u0259m\u0259 q\u0259rar \u00e7\u0131xar\u0131b ki, borc hiss\u0259-hiss\u0259 \u00f6d\u0259nil\u0259 bilm\u0259z. G\u00f6y\u00e7ay Rayon \u0130cra Hakimiyy\u0259tinin Ba\u015f m\u00fchasibi Kamran K\u0259rimovdan s\u0259n\u0259d ist\u0259yirl\u0259r, g\u0259tirmir. Ya da bil\u0259r\u0259kd\u0259n ba\u015fqa s\u0259n\u0259dl\u0259r g\u0259tirir. 2017-ci yanvar\u0131n 9-da G\u00f6y\u00e7ay Rayonu M\u0259hk\u0259m\u0259si t\u0259r\u0259find\u0259n q\u0259tnam\u0259 q\u0259bul olunub. Qanuni, h\u00fcquqi q\u00fcvv\u0259sini al\u0131b. M\u0259hk\u0259m\u0259 Mehdi S\u0259limzad\u0259nin d\u00f6vr\u00fcnd\u0259 olub. Onlar n\u0259 naraz\u0131l\u0131qlar\u0131n\u0131 bildiribl\u0259r, n\u0259 d\u0259 apelyasiya \u015fikay\u0259ti veribl\u0259r. \u00dc\u00e7 il, \u00fc\u00e7 ayd\u0131r ki, m\u0259nim pulumu vermirl\u0259r. Sonradan apelyasiya \u015fikay\u0259ti veribl\u0259r. \u015e\u0259ki Apelyasiya M\u0259hk\u0259m\u0259sinin 16 noyabr 2019-cu il q\u0259rar\u0131na \u0259sas\u0259n, onlar\u0131n iddias\u0131 r\u0259dd olunub. Yerli m\u0259hk\u0259m\u0259nin q\u0259rar\u0131n\u0131 q\u00fcvv\u0259d\u0259 saxlay\u0131b ki, birba\u015fa \u00f6d\u0259nilm\u0259lidir\u201d.\n<\/p>\n<p>\n  G\u00f6y\u00e7ay Rayon \u0130cra Hakimiyy\u0259tinin Ba\u015f m\u00fchasibi Kamran K\u0259rimov Meydan TV-y\u0259 bildirib ki, Lo\u011fman \u018fliyev\u0259 olan borc icra hakimiyy\u0259ti t\u0259r\u0259find\u0259n \u00f6d\u0259nilir.\n<\/p>\n<figure class=\"wp-block-image size-large\">\n  <img decoding=\"async\" src=\"https:\/\/www.meydan.tv\/az\/image_from_ios-3-jpg-80\/\" alt=\"image_from_ios (3).jpg\" class=\"wp-image-138399\"\/><figcaption>\n    Mehdi S\u0259limzad\u0259y\u0259 \u00fcnvanlanm\u0131\u015f \u0259riz\u0259<br \/>\n  <\/figcaption><\/figure>\n<p>\n  Lo\u011fman \u018fliyev is\u0259 m\u00fchasibin dedikl\u0259rini t\u0259kzib edib. S\u00f6yl\u0259yib ki, qurum t\u0259r\u0259find\u0259n indiy\u0259d\u0259k ona be\u015f y\u00fcz manat \u00f6d\u0259nilib:\n<\/p>\n<p>\n  \u201cH\u0259l\u0259 bu g\u00fcn\u0259 q\u0259d\u0259r Kamran pulu \u00f6d\u0259m\u0259yib. Yalan deyir. \u0130ki il, alt\u0131 ay \u0259rzind\u0259 m\u0259n\u0259 be\u015f y\u00fcz manat pul verilib. Onu da m\u0259hk\u0259m\u0259 prosesi getdiyi \u00fc\u00e7\u00fcn \u00f6d\u0259yibl\u0259r. \u018fg\u0259r m\u0259n\u0259 pul \u00f6d\u0259nilibs\u0259, d\u0259liy\u0259m, h\u0259r g\u00fcn teleqram vururam? Kamran yalan dan\u0131\u015f\u0131r, onun \u0259lind\u0259 he\u00e7 bir h\u00fcquqi \u0259sas yoxdur. Sonuncu m\u0259hk\u0259m\u0259 iclas\u0131nda hakim m\u0259nd\u0259n soru\u015fdu ki, pulu alm\u0131san? Dedim, xeyr, G\u00f6y\u00e7ay Rayon \u0130cra Hakimiyy\u0259tinin Ba\u015f m\u00fchasibi Kamran K\u0259rimov deyir ki, ona pul verm\u0259y\u0259c\u0259yik. Lo\u011fman \u0259lind\u0259n n\u0259 g\u0259lir, etsin. Bu m\u0259s\u0259l\u0259 il\u0259 ba\u011fl\u0131 yerli m\u0259hk\u0259m\u0259 Prezident Adminstrasiyas\u0131na m\u00fcraci\u0259t edib. M\u0259hk\u0259m\u0259y\u0259 v\u0259 \u0130cra Hakimiyy\u0259tin\u0259 r\u0259smi m\u0259ktub g\u0259lib ki, d\u00f6vl\u0259tin v\u0259t\u0259nda\u015fa olan borcu bird\u0259f\u0259lik v\u0259 qeyri-\u015f\u0259rtsiz \u00f6d\u0259nilm\u0259lidir\u201d.\n<\/p>\n<figure class=\"wp-block-image size-large\">\n  <img decoding=\"async\" src=\"https:\/\/www.meydan.tv\/az\/image_from_ios-2-jpg-125\/\" alt=\"image_from_ios (2).jpg\" class=\"wp-image-138396\"\/><figcaption>\n    \u0259riz\u0259<br \/>\n  <\/figcaption><\/figure>\n<figure class=\"wp-block-image size-large\">\n  <img decoding=\"async\" src=\"https:\/\/www.meydan.tv\/az\/image_from_ios-1-jpg-109\/\" alt=\"image_from_ios (1).jpg\" class=\"wp-image-138393\"\/><figcaption>\n    \u0259riz\u0259<br \/>\n  <\/figcaption><\/figure>\n","protected":false},"excerpt":{"rendered":"<p>&#8220;Mehdi S\u0259limzad\u0259 he\u00e7 bir qanunu saym\u0131r&#8221;.<\/p>\n","protected":false},"author":11,"featured_media":138390,"comment_status":"closed","ping_status":"open","sticky":false,"template":"","format":"standard","meta":{"_acf_changed":false,"_sitemap_exclude":false,"_sitemap_priority":"","_sitemap_frequency":"","footnotes":""},"categories":[60],"tags":[],"class_list":["post-199512","post","type-post","status-publish","format-standard","has-post-thumbnail","hentry","category-bolge","infinite-scroll-item","generate-columns","tablet-grid-50","mobile-grid-100","grid-parent","grid-33","no-featured-image-padding"],"acf":[],"yoast_head":"<!-- This site is optimized with the Yoast SEO plugin v27.5 - https:\/\/yoast.com\/product\/yoast-seo-wordpress\/ -->\n<title>G\u00f6y\u00e7ay sakini: \u0130cra ba\u015f\u00e7\u0131s\u0131 m\u0259n\u0259 borcunu \u00f6d\u0259mir - MEYDAN.TV<\/title>\n<meta name=\"robots\" content=\"index, follow, max-snippet:-1, max-image-preview:large, max-video-preview:-1\" \/>\n<link rel=\"canonical\" href=\"https:\/\/www.meydan.tv\/az\/article\/goycay-sakini-icra-bascisi-mene-borcunu-odemir\/\" \/>\n<meta property=\"og:locale\" content=\"az_AZ\" \/>\n<meta property=\"og:type\" content=\"article\" \/>\n<meta property=\"og:title\" content=\"G\u00f6y\u00e7ay sakini: \u0130cra ba\u015f\u00e7\u0131s\u0131 m\u0259n\u0259 borcunu \u00f6d\u0259mir - MEYDAN.TV\" \/>\n<meta property=\"og:description\" content=\"&quot;Mehdi S\u0259limzad\u0259 he\u00e7 bir qanunu saym\u0131r&quot;.\" \/>\n<meta property=\"og:url\" content=\"https:\/\/www.meydan.tv\/az\/article\/goycay-sakini-icra-bascisi-mene-borcunu-odemir\/\" \/>\n<meta property=\"og:site_name\" content=\"MEYDAN.TV\" \/>\n<meta property=\"article:published_time\" content=\"2020-02-29T08:44:02+00:00\" \/>\n<meta property=\"og:image\" content=\"https:\/\/www.meydan.tv\/wp-content\/uploads\/image_from_ios_yexhxqh.jpg\" \/>\n\t<meta property=\"og:image:width\" content=\"960\" \/>\n\t<meta property=\"og:image:height\" content=\"720\" \/>\n\t<meta property=\"og:image:type\" content=\"image\/jpeg\" \/>\n<meta name=\"author\" content=\"user-manager\" \/>\n<meta name=\"twitter:card\" content=\"summary_large_image\" \/>\n<script type=\"application\/ld+json\" class=\"yoast-schema-graph\">{\"@context\":\"https:\\\/\\\/schema.org\",\"@graph\":[{\"@type\":\"Article\",\"@id\":\"https:\\\/\\\/www.meydan.tv\\\/az\\\/article\\\/goycay-sakini-icra-bascisi-mene-borcunu-odemir\\\/#article\",\"isPartOf\":{\"@id\":\"https:\\\/\\\/www.meydan.tv\\\/az\\\/article\\\/goycay-sakini-icra-bascisi-mene-borcunu-odemir\\\/\"},\"author\":{\"name\":\"user-manager\",\"@id\":\"https:\\\/\\\/www.meydan.tv\\\/az\\\/#\\\/schema\\\/person\\\/10d11eccf6da3662cf5fdab9806ea91a\"},\"headline\":\"G\u00f6y\u00e7ay sakini: \u0130cra ba\u015f\u00e7\u0131s\u0131 m\u0259n\u0259 borcunu \u00f6d\u0259mir\",\"datePublished\":\"2020-02-29T08:44:02+00:00\",\"mainEntityOfPage\":{\"@id\":\"https:\\\/\\\/www.meydan.tv\\\/az\\\/article\\\/goycay-sakini-icra-bascisi-mene-borcunu-odemir\\\/\"},\"wordCount\":1213,\"publisher\":{\"@id\":\"https:\\\/\\\/www.meydan.tv\\\/az\\\/#organization\"},\"image\":{\"@id\":\"https:\\\/\\\/www.meydan.tv\\\/az\\\/article\\\/goycay-sakini-icra-bascisi-mene-borcunu-odemir\\\/#primaryimage\"},\"thumbnailUrl\":\"https:\\\/\\\/www.meydan.tv\\\/wp-content\\\/uploads\\\/image_from_ios_yexhxqh.jpg\",\"articleSection\":[\"B\u00f6lg\u0259\"],\"inLanguage\":\"az\"},{\"@type\":\"WebPage\",\"@id\":\"https:\\\/\\\/www.meydan.tv\\\/az\\\/article\\\/goycay-sakini-icra-bascisi-mene-borcunu-odemir\\\/\",\"url\":\"https:\\\/\\\/www.meydan.tv\\\/az\\\/article\\\/goycay-sakini-icra-bascisi-mene-borcunu-odemir\\\/\",\"name\":\"G\u00f6y\u00e7ay sakini: \u0130cra ba\u015f\u00e7\u0131s\u0131 m\u0259n\u0259 borcunu \u00f6d\u0259mir - MEYDAN.TV\",\"isPartOf\":{\"@id\":\"https:\\\/\\\/www.meydan.tv\\\/az\\\/#website\"},\"primaryImageOfPage\":{\"@id\":\"https:\\\/\\\/www.meydan.tv\\\/az\\\/article\\\/goycay-sakini-icra-bascisi-mene-borcunu-odemir\\\/#primaryimage\"},\"image\":{\"@id\":\"https:\\\/\\\/www.meydan.tv\\\/az\\\/article\\\/goycay-sakini-icra-bascisi-mene-borcunu-odemir\\\/#primaryimage\"},\"thumbnailUrl\":\"https:\\\/\\\/www.meydan.tv\\\/wp-content\\\/uploads\\\/image_from_ios_yexhxqh.jpg\",\"datePublished\":\"2020-02-29T08:44:02+00:00\",\"breadcrumb\":{\"@id\":\"https:\\\/\\\/www.meydan.tv\\\/az\\\/article\\\/goycay-sakini-icra-bascisi-mene-borcunu-odemir\\\/#breadcrumb\"},\"inLanguage\":\"az\",\"potentialAction\":[{\"@type\":\"ReadAction\",\"target\":[\"https:\\\/\\\/www.meydan.tv\\\/az\\\/article\\\/goycay-sakini-icra-bascisi-mene-borcunu-odemir\\\/\"]}]},{\"@type\":\"ImageObject\",\"inLanguage\":\"az\",\"@id\":\"https:\\\/\\\/www.meydan.tv\\\/az\\\/article\\\/goycay-sakini-icra-bascisi-mene-borcunu-odemir\\\/#primaryimage\",\"url\":\"https:\\\/\\\/www.meydan.tv\\\/wp-content\\\/uploads\\\/image_from_ios_yexhxqh.jpg\",\"contentUrl\":\"https:\\\/\\\/www.meydan.tv\\\/wp-content\\\/uploads\\\/image_from_ios_yexhxqh.jpg\",\"width\":960,\"height\":720,\"caption\":\"Source: Specify Source\"},{\"@type\":\"BreadcrumbList\",\"@id\":\"https:\\\/\\\/www.meydan.tv\\\/az\\\/article\\\/goycay-sakini-icra-bascisi-mene-borcunu-odemir\\\/#breadcrumb\",\"itemListElement\":[{\"@type\":\"ListItem\",\"position\":1,\"name\":\"Ana s\u0259hif\u0259\",\"item\":\"https:\\\/\\\/www.meydan.tv\\\/az\\\/\"},{\"@type\":\"ListItem\",\"position\":2,\"name\":\"B\u00f6lg\u0259\",\"item\":\"https:\\\/\\\/www.meydan.tv\\\/az\\\/section\\\/bolge\\\/\"},{\"@type\":\"ListItem\",\"position\":3,\"name\":\"G\u00f6y\u00e7ay sakini: \u0130cra ba\u015f\u00e7\u0131s\u0131 m\u0259n\u0259 borcunu \u00f6d\u0259mir\"}]},{\"@type\":\"WebSite\",\"@id\":\"https:\\\/\\\/www.meydan.tv\\\/az\\\/#website\",\"url\":\"https:\\\/\\\/www.meydan.tv\\\/az\\\/\",\"name\":\"MEYDAN.TV\",\"description\":\"Meydan TV Az\u0259rbaycan\u0131n media m\u0259kan\u0131ndak\u0131 alternativ s\u0259sidir\",\"publisher\":{\"@id\":\"https:\\\/\\\/www.meydan.tv\\\/az\\\/#organization\"},\"potentialAction\":[{\"@type\":\"SearchAction\",\"target\":{\"@type\":\"EntryPoint\",\"urlTemplate\":\"https:\\\/\\\/www.meydan.tv\\\/az\\\/?s={search_term_string}\"},\"query-input\":{\"@type\":\"PropertyValueSpecification\",\"valueRequired\":true,\"valueName\":\"search_term_string\"}}],\"inLanguage\":\"az\"},{\"@type\":\"Organization\",\"@id\":\"https:\\\/\\\/www.meydan.tv\\\/az\\\/#organization\",\"name\":\"Meydan TV\",\"url\":\"https:\\\/\\\/www.meydan.tv\\\/az\\\/\",\"logo\":{\"@type\":\"ImageObject\",\"inLanguage\":\"az\",\"@id\":\"https:\\\/\\\/www.meydan.tv\\\/az\\\/#\\\/schema\\\/logo\\\/image\\\/\",\"url\":\"https:\\\/\\\/www.meydan.tv\\\/wp-content\\\/uploads\\\/2021\\\/07\\\/meydan-logo.svg\",\"contentUrl\":\"https:\\\/\\\/www.meydan.tv\\\/wp-content\\\/uploads\\\/2021\\\/07\\\/meydan-logo.svg\",\"width\":195,\"height\":46,\"caption\":\"Meydan TV\"},\"image\":{\"@id\":\"https:\\\/\\\/www.meydan.tv\\\/az\\\/#\\\/schema\\\/logo\\\/image\\\/\"}},{\"@type\":\"Person\",\"@id\":\"https:\\\/\\\/www.meydan.tv\\\/az\\\/#\\\/schema\\\/person\\\/10d11eccf6da3662cf5fdab9806ea91a\",\"name\":\"user-manager\"}]}<\/script>\n<!-- \/ Yoast SEO plugin. -->","yoast_head_json":{"title":"G\u00f6y\u00e7ay sakini: \u0130cra ba\u015f\u00e7\u0131s\u0131 m\u0259n\u0259 borcunu \u00f6d\u0259mir - MEYDAN.TV","robots":{"index":"index","follow":"follow","max-snippet":"max-snippet:-1","max-image-preview":"max-image-preview:large","max-video-preview":"max-video-preview:-1"},"canonical":"https:\/\/www.meydan.tv\/az\/article\/goycay-sakini-icra-bascisi-mene-borcunu-odemir\/","og_locale":"az_AZ","og_type":"article","og_title":"G\u00f6y\u00e7ay sakini: \u0130cra ba\u015f\u00e7\u0131s\u0131 m\u0259n\u0259 borcunu \u00f6d\u0259mir - MEYDAN.TV","og_description":"\"Mehdi S\u0259limzad\u0259 he\u00e7 bir qanunu saym\u0131r\".","og_url":"https:\/\/www.meydan.tv\/az\/article\/goycay-sakini-icra-bascisi-mene-borcunu-odemir\/","og_site_name":"MEYDAN.TV","article_published_time":"2020-02-29T08:44:02+00:00","og_image":[{"width":960,"height":720,"url":"https:\/\/www.meydan.tv\/wp-content\/uploads\/image_from_ios_yexhxqh.jpg","type":"image\/jpeg"}],"author":"user-manager","twitter_card":"summary_large_image","schema":{"@context":"https:\/\/schema.org","@graph":[{"@type":"Article","@id":"https:\/\/www.meydan.tv\/az\/article\/goycay-sakini-icra-bascisi-mene-borcunu-odemir\/#article","isPartOf":{"@id":"https:\/\/www.meydan.tv\/az\/article\/goycay-sakini-icra-bascisi-mene-borcunu-odemir\/"},"author":{"name":"user-manager","@id":"https:\/\/www.meydan.tv\/az\/#\/schema\/person\/10d11eccf6da3662cf5fdab9806ea91a"},"headline":"G\u00f6y\u00e7ay sakini: \u0130cra ba\u015f\u00e7\u0131s\u0131 m\u0259n\u0259 borcunu \u00f6d\u0259mir","datePublished":"2020-02-29T08:44:02+00:00","mainEntityOfPage":{"@id":"https:\/\/www.meydan.tv\/az\/article\/goycay-sakini-icra-bascisi-mene-borcunu-odemir\/"},"wordCount":1213,"publisher":{"@id":"https:\/\/www.meydan.tv\/az\/#organization"},"image":{"@id":"https:\/\/www.meydan.tv\/az\/article\/goycay-sakini-icra-bascisi-mene-borcunu-odemir\/#primaryimage"},"thumbnailUrl":"https:\/\/www.meydan.tv\/wp-content\/uploads\/image_from_ios_yexhxqh.jpg","articleSection":["B\u00f6lg\u0259"],"inLanguage":"az"},{"@type":"WebPage","@id":"https:\/\/www.meydan.tv\/az\/article\/goycay-sakini-icra-bascisi-mene-borcunu-odemir\/","url":"https:\/\/www.meydan.tv\/az\/article\/goycay-sakini-icra-bascisi-mene-borcunu-odemir\/","name":"G\u00f6y\u00e7ay sakini: \u0130cra ba\u015f\u00e7\u0131s\u0131 m\u0259n\u0259 borcunu \u00f6d\u0259mir - MEYDAN.TV","isPartOf":{"@id":"https:\/\/www.meydan.tv\/az\/#website"},"primaryImageOfPage":{"@id":"https:\/\/www.meydan.tv\/az\/article\/goycay-sakini-icra-bascisi-mene-borcunu-odemir\/#primaryimage"},"image":{"@id":"https:\/\/www.meydan.tv\/az\/article\/goycay-sakini-icra-bascisi-mene-borcunu-odemir\/#primaryimage"},"thumbnailUrl":"https:\/\/www.meydan.tv\/wp-content\/uploads\/image_from_ios_yexhxqh.jpg","datePublished":"2020-02-29T08:44:02+00:00","breadcrumb":{"@id":"https:\/\/www.meydan.tv\/az\/article\/goycay-sakini-icra-bascisi-mene-borcunu-odemir\/#breadcrumb"},"inLanguage":"az","potentialAction":[{"@type":"ReadAction","target":["https:\/\/www.meydan.tv\/az\/article\/goycay-sakini-icra-bascisi-mene-borcunu-odemir\/"]}]},{"@type":"ImageObject","inLanguage":"az","@id":"https:\/\/www.meydan.tv\/az\/article\/goycay-sakini-icra-bascisi-mene-borcunu-odemir\/#primaryimage","url":"https:\/\/www.meydan.tv\/wp-content\/uploads\/image_from_ios_yexhxqh.jpg","contentUrl":"https:\/\/www.meydan.tv\/wp-content\/uploads\/image_from_ios_yexhxqh.jpg","width":960,"height":720,"caption":"Source: Specify Source"},{"@type":"BreadcrumbList","@id":"https:\/\/www.meydan.tv\/az\/article\/goycay-sakini-icra-bascisi-mene-borcunu-odemir\/#breadcrumb","itemListElement":[{"@type":"ListItem","position":1,"name":"Ana s\u0259hif\u0259","item":"https:\/\/www.meydan.tv\/az\/"},{"@type":"ListItem","position":2,"name":"B\u00f6lg\u0259","item":"https:\/\/www.meydan.tv\/az\/section\/bolge\/"},{"@type":"ListItem","position":3,"name":"G\u00f6y\u00e7ay sakini: \u0130cra ba\u015f\u00e7\u0131s\u0131 m\u0259n\u0259 borcunu \u00f6d\u0259mir"}]},{"@type":"WebSite","@id":"https:\/\/www.meydan.tv\/az\/#website","url":"https:\/\/www.meydan.tv\/az\/","name":"MEYDAN.TV","description":"Meydan TV Az\u0259rbaycan\u0131n media m\u0259kan\u0131ndak\u0131 alternativ s\u0259sidir","publisher":{"@id":"https:\/\/www.meydan.tv\/az\/#organization"},"potentialAction":[{"@type":"SearchAction","target":{"@type":"EntryPoint","urlTemplate":"https:\/\/www.meydan.tv\/az\/?s={search_term_string}"},"query-input":{"@type":"PropertyValueSpecification","valueRequired":true,"valueName":"search_term_string"}}],"inLanguage":"az"},{"@type":"Organization","@id":"https:\/\/www.meydan.tv\/az\/#organization","name":"Meydan TV","url":"https:\/\/www.meydan.tv\/az\/","logo":{"@type":"ImageObject","inLanguage":"az","@id":"https:\/\/www.meydan.tv\/az\/#\/schema\/logo\/image\/","url":"https:\/\/www.meydan.tv\/wp-content\/uploads\/2021\/07\/meydan-logo.svg","contentUrl":"https:\/\/www.meydan.tv\/wp-content\/uploads\/2021\/07\/meydan-logo.svg","width":195,"height":46,"caption":"Meydan TV"},"image":{"@id":"https:\/\/www.meydan.tv\/az\/#\/schema\/logo\/image\/"}},{"@type":"Person","@id":"https:\/\/www.meydan.tv\/az\/#\/schema\/person\/10d11eccf6da3662cf5fdab9806ea91a","name":"user-manager"}]}},"_links":{"self":[{"href":"https:\/\/www.meydan.tv\/az\/wp-json\/wp\/v2\/posts\/199512","targetHints":{"allow":["GET"]}}],"collection":[{"href":"https:\/\/www.meydan.tv\/az\/wp-json\/wp\/v2\/posts"}],"about":[{"href":"https:\/\/www.meydan.tv\/az\/wp-json\/wp\/v2\/types\/post"}],"author":[{"embeddable":true,"href":"https:\/\/www.meydan.tv\/az\/wp-json\/wp\/v2\/users\/11"}],"replies":[{"embeddable":true,"href":"https:\/\/www.meydan.tv\/az\/wp-json\/wp\/v2\/comments?post=199512"}],"version-history":[{"count":0,"href":"https:\/\/www.meydan.tv\/az\/wp-json\/wp\/v2\/posts\/199512\/revisions"}],"wp:featuredmedia":[{"embeddable":true,"href":"https:\/\/www.meydan.tv\/az\/wp-json\/wp\/v2\/media\/138390"}],"wp:attachment":[{"href":"https:\/\/www.meydan.tv\/az\/wp-json\/wp\/v2\/media?parent=199512"}],"wp:term":[{"taxonomy":"category","embeddable":true,"href":"https:\/\/www.meydan.tv\/az\/wp-json\/wp\/v2\/categories?post=199512"},{"taxonomy":"post_tag","embeddable":true,"href":"https:\/\/www.meydan.tv\/az\/wp-json\/wp\/v2\/tags?post=199512"}],"curies":[{"name":"wp","href":"https:\/\/api.w.org\/{rel}","templated":true}]}}