{"id":199507,"date":"2020-02-28T19:21:55","date_gmt":"2020-02-28T19:21:55","guid":{"rendered":"https:\/\/www.meydan.tv\/article\/hakimiyyetin-eleyhine-cixmiram-amma-gelib-yasayisima-baxsinlar\/"},"modified":"2020-02-28T19:21:55","modified_gmt":"2020-02-28T19:21:55","slug":"hakimiyyetin-eleyhine-cixmiram-amma-gelib-yasayisima-baxsinlar","status":"publish","type":"post","link":"https:\/\/www.meydan.tv\/az\/article\/hakimiyyetin-eleyhine-cixmiram-amma-gelib-yasayisima-baxsinlar\/","title":{"rendered":"\u201cHakimiyy\u0259tin \u0259leyhin\u0259 \u00e7\u0131xm\u0131ram, amma g\u0259lib ya\u015fay\u0131\u015f\u0131ma baxs\u0131nlar\u201d"},"content":{"rendered":"<p>\n  <i><br \/>\n    Ming\u0259\u00e7evir sakini: \u201cG\u0259r\u0259k gedib \u0259ti dilinl\u0259 ist\u0259y\u0259s\u0259n&#8230;\u201d<br \/>\n  <\/i>\n<\/p>\n<p>\n  Ming\u0259\u00e7evir sakini Niluf\u0259r Balaki\u015fiyevan\u0131n g\u00f6zl\u0259ri g\u00f6rm\u00fcr. 28 ya\u015fl\u0131 q\u0131z yax\u0131nlar\u0131n\u0131n k\u00f6m\u0259yi olmasa, add\u0131m ata bilmir.\n<\/p>\n<p>\n  <b><br \/>\n    Yar\u0131qaranl\u0131q h\u0259yat<br \/>\n  <\/b>\n<\/p>\n<p>\n  Nilif\u0259rin atas\u0131 Kamil Balaki\u015fiyevl\u0259 t\u0259sad\u00fcf\u0259n qar\u015f\u0131la\u015f\u0131r\u0131q. \u201cGed\u0259k, g\u00f6zd\u0259n \u0259lilin n\u0259 v\u0259ziyy\u0259td\u0259 ya\u015fad\u0131\u011f\u0131n\u0131 g\u00f6r\u00fcn\u201d, &#8211; bu ifad\u0259d\u0259n sonra onun evin\u0259 yola d\u00fc\u015f\u00fcr\u00fck. Balaki\u015fiyevl\u0259rin evi Ming\u0259\u00e7evird\u0259n xeyli k\u0259nardad\u0131r. Ora he\u00e7 mar\u015frut avtobuslar\u0131 da getmir. Taksi bizi toz-torpaql\u0131 yollarla apar\u0131r, nimda\u015f g\u00f6rk\u0259mli evl\u0259rd\u0259n birinin qar\u015f\u0131s\u0131nda saxlay\u0131r.\n<\/p>\n<p>\n  Kamil Balaki\u015fiyev deyir ki, \u00e7ox dan\u0131\u015fma\u011fa ehtiyac da yoxdur, h\u0259r \u015fey g\u00f6z qaba\u011f\u0131ndad\u0131r. O, m\u0259hdud imkanlarla daxma tikdiyini, t\u0259mir etm\u0259y\u0259 imkan\u0131 \u00e7atmad\u0131\u011f\u0131n\u0131 bildirir. Da\u011f\u0131lm\u0131\u015f d\u00f6\u015f\u0259m\u0259ni g\u00f6st\u0259rir. Yar\u0131qaranl\u0131q otaqda, k\u00f6hn\u0259 \u00e7arpay\u0131n\u0131n \u00fcz\u0259rind\u0259 Niluf\u0259r \u0259yl\u0259\u015fib. G\u00f6zl\u0259rini m\u0259chul n\u00f6qt\u0259y\u0259 zill\u0259yib, bir az b\u00fcz\u00fc\u015f\u00fcb, sanki \u00fc\u015f\u00fcy\u00fcr. S\u00f6hb\u0259t\u0259 ba\u015flay\u0131r\u0131q. Bir az sonra Niluf\u0259rin hal\u0131 pisl\u0259\u015fir. Q\u0131z \u0259sm\u0259y\u0259 ba\u015flay\u0131r, ona yard\u0131m g\u00f6st\u0259rm\u0259k laz\u0131m g\u0259lir. S\u00f6hb\u0259ti lap \u0259vv\u0259ld\u0259 m\u00fcv\u0259qq\u0259ti saxlamal\u0131 oluruq&#8230;\n<\/p>\n<p>\n  <b><br \/>\n    \u201cG\u0259lib ya\u015fay\u0131\u015f\u0131ma baxs\u0131nlar\u201d<br \/>\n  <\/b>\n<\/p>\n<p>\n  Niluf\u0259r anas\u0131n\u0131 do\u011fulanda itirib. Bundan sonra \u0259misinin himay\u0259sin\u0259 verilib. Sa\u011flaml\u0131\u011f\u0131nda problem oldu\u011fu \u00fcz\u0259 \u00e7\u0131x\u0131b. \u018fmisi v\u0259fat ed\u0259nd\u0259n sonra 12 ya\u015fl\u0131 Niluf\u0259r atas\u0131na s\u0131\u011f\u0131n\u0131b. Atas\u0131 ikinci d\u0259f\u0259 evl\u0259nib ki, q\u0131z\u0131na baxan olsun. \u0130ndi Niluf\u0259rin h\u0259r qay\u011f\u0131s\u0131n\u0131 anal\u0131\u011f\u0131 \u00e7\u0259kir.\n<\/p>\n<p>\n  \u201c\u00c7ox \u00e7\u0259tindir. Adic\u0259 ayaqyoluna t\u0259k ged\u0259 bilmir. H\u0259mi\u015f\u0259 yan\u0131nda bir adam olmal\u0131d\u0131r. 28 ya\u015f\u0131 var, amma biz \u00e7imizdiririk. Gec\u0259l\u0259r hal\u0131 qar\u0131\u015f\u0131r. Bayaq \u00f6z\u00fcn\u00fcz d\u0259 g\u00f6rd\u00fcn\u00fcz. H\u0259min anlarda adam \u00f6z\u00fc bilmir ki, nec\u0259 davrans\u0131n\u201d, &#8211; Kamil Balaki\u015fiyev dan\u0131\u015f\u0131r.\n<\/p>\n<p>\n  \u201c\u018fsas \u015fikay\u0259tiniz n\u0259d\u0259ndir?\u201d sual\u0131na ata \u201cu\u015fa\u011fa \u015f\u0259rait yarats\u0131nlar\u201d cavab\u0131n\u0131 verir. Deyir ki, Niluf\u0259rl\u0259 he\u00e7 kim maraqlanm\u0131r: \u201cD\u00f6vl\u0259td\u0259n he\u00e7 n\u0259 ist\u0259mir\u0259m. Hakimiyy\u0259tin \u0259leyhin\u0259 \u00e7\u0131xm\u0131ram, amma g\u0259lib ya\u015fay\u0131\u015f\u0131ma baxs\u0131nlar. Bu \u015f\u0259raitd\u0259 \u0259lil\u0259 baxmaq olmur. Bu d\u0259qiq\u0259 yaln\u0131z q\u0131z\u0131m haqda d\u00fc\u015f\u00fcn\u00fcr\u0259m. Ona bu c\u00fcr v\u0259ziyy\u0259td\u0259 ya\u015famaq olmaz\u201d.\n<\/p>\n<figure class=\"wp-block-image size-large\">\n  <img decoding=\"async\" src=\"https:\/\/www.meydan.tv\/az\/image_from_ios-jpg-151\/\" alt=\"image_from_ios.jpg\" class=\"wp-image-138372\"\/><figcaption>\n    Deyir ki, Niluf\u0259rl\u0259 he\u00e7 kim maraqlanm\u0131r<br \/>\n  <\/figcaption><\/figure>\n<p>\n  <b><br \/>\n    \u201cPulu olan sosial yard\u0131m al\u0131r\u201d<br \/>\n  <\/b>\n<\/p>\n<p>\n  Niluf\u0259r birinci qrup \u0259lildir. M\u00fcavin\u0259t he\u00e7 onun m\u00fcalic\u0259 x\u0259rcl\u0259rin\u0259 yetmir. Kommunal T\u0259s\u0259rr\u00fcfat \u0130dar\u0259sind\u0259 i\u015fl\u0259y\u0259n atas\u0131 c\u0259mi 300 manat maa\u015f al\u0131r. Bu pulla ail\u0259 birt\u0259h\u0259r ya\u015fay\u0131r, amma ev \u015f\u0259raitini yax\u015f\u0131la\u015fd\u0131rma\u011fa he\u00e7 n\u0259 qalm\u0131r. \u201cBu yerl\u0259r\u0259 imkans\u0131z adamlar y\u0131\u011f\u0131\u015f\u0131b. Probleml\u0259ri h\u0259ll ed\u0259n yoxdur. Adic\u0259 qaz\u0131 da \u00f6z g\u00fcc\u00fcm\u0259 \u00e7\u0259kdirmi\u015f\u0259m\u201d, &#8211; Kamil Balaki\u015fiyev bel\u0259 deyir.\n<\/p>\n<p>\n  Niluf\u0259rin atas\u0131 bildirir ki, \u00fcz tutdu\u011fu h\u0259r qurumda laqeyd n\u00fcmasib\u0259tl\u0259 qar\u015f\u0131la\u015f\u0131b. Sosial yard\u0131m alma\u011fa da c\u0259hd g\u00f6st\u0259rib: \u201cNe\u00e7\u0259 d\u0259f\u0259 m\u00fcraci\u0259t el\u0259mi\u015f\u0259m, xeyri yoxdur. Deyirl\u0259r ki, elektronla\u015fd\u0131r\u0131l\u0131b. M\u0259nim bu \u015f\u0259h\u0259rd\u0259 tan\u0131mad\u0131\u011f\u0131m adam yoxdur. Elektronla\u015fd\u0131rma bo\u015f s\u00f6hb\u0259tdi. Pulu olan sosial yard\u0131m ala bilir\u201d.\n<\/p>\n<p>\n  Niluf\u0259r susur, hiss olunur ki, diqq\u0259tl\u0259 qulaq as\u0131r. Daha h\u0259y\u0259canlanm\u0131r, evd\u0259ki yad adama al\u0131\u015f\u0131b. Atas\u0131 is\u0259 q\u0131z\u0131na laz\u0131m\u0131nca qulluq ed\u0259 bilm\u0259m\u0259yin \u0259ziyy\u0259tini ya\u015fay\u0131r: \u201cG\u00f6zd\u0259n \u018flill\u0259r C\u0259miyy\u0259tind\u0259 qeydiyyatdad\u0131r. Qurban bayram\u0131nda \u0259t paylay\u0131rlar. M\u0259nim u\u015fa\u011f\u0131m d\u00fcz-\u0259m\u0259lli \u0259t yemir. G\u0259r\u0259k gedib orada dilinl\u0259 \u0259t ist\u0259y\u0259s\u0259n. Adam q\u00fcruruna s\u0131\u011f\u0131\u015fd\u0131rm\u0131r&#8230;&quot;\n<\/p>\n<p>\n  Ming\u0259\u00e7evir \u015e\u0259h\u0259r \u0130cra Hakimiyy\u0259tind\u0259n m\u0259s\u0259l\u0259y\u0259 m\u00fcnasib\u0259t \u00f6yr\u0259nm\u0259k m\u00fcmk\u00fcn olmay\u0131b. Sosial M\u00fcdafi\u0259 Fondundan is\u0259 Meydan TV-y\u0259 deyilib ki, sosial m\u00fcavin\u0259tl\u0259r elektron \u015f\u0259kild\u0259 q\u0259bul edilmi\u015f s\u0259n\u0259d\u0259r \u0259sas\u0131nda verilir:\n<\/p>\n<p>\n  \u201c\u018fg\u0259r kims\u0259 v\u0259t\u0259nda\u015fa pulla h\u0259ll olundu\u011funu deyirs\u0259, onu aldad\u0131r. Bel\u0259 bir probleml\u0259 \u00fczl\u0259\u015fibs\u0259, fonda m\u00fcraci\u0259t etsin, ara\u015fd\u0131raq\u201d.\n<\/p>\n<figure class=\"wp-block-image size-large\">\n  <img decoding=\"async\" src=\"https:\/\/www.meydan.tv\/az\/image_from_ios-1-jpg-108\/\" alt=\"image_from_ios (1).jpg\" class=\"wp-image-138381\"\/><figcaption>\n    Balaki\u015fiyevl\u0259rin evi Ming\u0259\u00e7evird\u0259n xeyli k\u0259nardad\u0131r.<br \/>\n  <\/figcaption><\/figure>\n","protected":false},"excerpt":{"rendered":"<p>&#8220;Adic\u0259 ayaqyoluna t\u0259k ged\u0259 bilmir&#8221;<\/p>\n","protected":false},"author":11,"featured_media":138384,"comment_status":"closed","ping_status":"open","sticky":false,"template":"","format":"standard","meta":{"_acf_changed":false,"_sitemap_exclude":false,"_sitemap_priority":"","_sitemap_frequency":"","footnotes":""},"categories":[60],"tags":[],"class_list":["post-199507","post","type-post","status-publish","format-standard","has-post-thumbnail","hentry","category-bolge","infinite-scroll-item","generate-columns","tablet-grid-50","mobile-grid-100","grid-parent","grid-33","no-featured-image-padding"],"acf":[],"yoast_head":"<!-- This site is optimized with the Yoast SEO plugin v27.5 - https:\/\/yoast.com\/product\/yoast-seo-wordpress\/ -->\n<title>\u201cHakimiyy\u0259tin \u0259leyhin\u0259 \u00e7\u0131xm\u0131ram, amma g\u0259lib ya\u015fay\u0131\u015f\u0131ma baxs\u0131nlar\u201d - MEYDAN.TV<\/title>\n<meta name=\"robots\" content=\"index, follow, max-snippet:-1, max-image-preview:large, max-video-preview:-1\" \/>\n<link rel=\"canonical\" href=\"https:\/\/www.meydan.tv\/az\/article\/hakimiyyetin-eleyhine-cixmiram-amma-gelib-yasayisima-baxsinlar\/\" \/>\n<meta property=\"og:locale\" content=\"az_AZ\" \/>\n<meta property=\"og:type\" content=\"article\" \/>\n<meta property=\"og:title\" content=\"\u201cHakimiyy\u0259tin \u0259leyhin\u0259 \u00e7\u0131xm\u0131ram, amma g\u0259lib ya\u015fay\u0131\u015f\u0131ma baxs\u0131nlar\u201d - MEYDAN.TV\" \/>\n<meta property=\"og:description\" content=\"&quot;Adic\u0259 ayaqyoluna t\u0259k ged\u0259 bilmir&quot;\" \/>\n<meta property=\"og:url\" content=\"https:\/\/www.meydan.tv\/az\/article\/hakimiyyetin-eleyhine-cixmiram-amma-gelib-yasayisima-baxsinlar\/\" \/>\n<meta property=\"og:site_name\" content=\"MEYDAN.TV\" \/>\n<meta property=\"article:published_time\" content=\"2020-02-28T19:21:55+00:00\" \/>\n<meta property=\"og:image\" content=\"https:\/\/www.meydan.tv\/wp-content\/uploads\/image_from_ios_2_dewy3fo.jpg\" \/>\n\t<meta property=\"og:image:width\" content=\"1280\" \/>\n\t<meta property=\"og:image:height\" content=\"956\" \/>\n\t<meta property=\"og:image:type\" content=\"image\/jpeg\" \/>\n<meta name=\"author\" content=\"user-manager\" \/>\n<meta name=\"twitter:card\" content=\"summary_large_image\" \/>\n<script type=\"application\/ld+json\" class=\"yoast-schema-graph\">{\"@context\":\"https:\\\/\\\/schema.org\",\"@graph\":[{\"@type\":\"Article\",\"@id\":\"https:\\\/\\\/www.meydan.tv\\\/az\\\/article\\\/hakimiyyetin-eleyhine-cixmiram-amma-gelib-yasayisima-baxsinlar\\\/#article\",\"isPartOf\":{\"@id\":\"https:\\\/\\\/www.meydan.tv\\\/az\\\/article\\\/hakimiyyetin-eleyhine-cixmiram-amma-gelib-yasayisima-baxsinlar\\\/\"},\"author\":{\"name\":\"user-manager\",\"@id\":\"https:\\\/\\\/www.meydan.tv\\\/az\\\/#\\\/schema\\\/person\\\/10d11eccf6da3662cf5fdab9806ea91a\"},\"headline\":\"\u201cHakimiyy\u0259tin \u0259leyhin\u0259 \u00e7\u0131xm\u0131ram, amma g\u0259lib ya\u015fay\u0131\u015f\u0131ma baxs\u0131nlar\u201d\",\"datePublished\":\"2020-02-28T19:21:55+00:00\",\"mainEntityOfPage\":{\"@id\":\"https:\\\/\\\/www.meydan.tv\\\/az\\\/article\\\/hakimiyyetin-eleyhine-cixmiram-amma-gelib-yasayisima-baxsinlar\\\/\"},\"wordCount\":803,\"publisher\":{\"@id\":\"https:\\\/\\\/www.meydan.tv\\\/az\\\/#organization\"},\"image\":{\"@id\":\"https:\\\/\\\/www.meydan.tv\\\/az\\\/article\\\/hakimiyyetin-eleyhine-cixmiram-amma-gelib-yasayisima-baxsinlar\\\/#primaryimage\"},\"thumbnailUrl\":\"https:\\\/\\\/www.meydan.tv\\\/wp-content\\\/uploads\\\/image_from_ios_2_dewy3fo.jpg\",\"articleSection\":[\"B\u00f6lg\u0259\"],\"inLanguage\":\"az\"},{\"@type\":\"WebPage\",\"@id\":\"https:\\\/\\\/www.meydan.tv\\\/az\\\/article\\\/hakimiyyetin-eleyhine-cixmiram-amma-gelib-yasayisima-baxsinlar\\\/\",\"url\":\"https:\\\/\\\/www.meydan.tv\\\/az\\\/article\\\/hakimiyyetin-eleyhine-cixmiram-amma-gelib-yasayisima-baxsinlar\\\/\",\"name\":\"\u201cHakimiyy\u0259tin \u0259leyhin\u0259 \u00e7\u0131xm\u0131ram, amma g\u0259lib ya\u015fay\u0131\u015f\u0131ma baxs\u0131nlar\u201d - MEYDAN.TV\",\"isPartOf\":{\"@id\":\"https:\\\/\\\/www.meydan.tv\\\/az\\\/#website\"},\"primaryImageOfPage\":{\"@id\":\"https:\\\/\\\/www.meydan.tv\\\/az\\\/article\\\/hakimiyyetin-eleyhine-cixmiram-amma-gelib-yasayisima-baxsinlar\\\/#primaryimage\"},\"image\":{\"@id\":\"https:\\\/\\\/www.meydan.tv\\\/az\\\/article\\\/hakimiyyetin-eleyhine-cixmiram-amma-gelib-yasayisima-baxsinlar\\\/#primaryimage\"},\"thumbnailUrl\":\"https:\\\/\\\/www.meydan.tv\\\/wp-content\\\/uploads\\\/image_from_ios_2_dewy3fo.jpg\",\"datePublished\":\"2020-02-28T19:21:55+00:00\",\"breadcrumb\":{\"@id\":\"https:\\\/\\\/www.meydan.tv\\\/az\\\/article\\\/hakimiyyetin-eleyhine-cixmiram-amma-gelib-yasayisima-baxsinlar\\\/#breadcrumb\"},\"inLanguage\":\"az\",\"potentialAction\":[{\"@type\":\"ReadAction\",\"target\":[\"https:\\\/\\\/www.meydan.tv\\\/az\\\/article\\\/hakimiyyetin-eleyhine-cixmiram-amma-gelib-yasayisima-baxsinlar\\\/\"]}]},{\"@type\":\"ImageObject\",\"inLanguage\":\"az\",\"@id\":\"https:\\\/\\\/www.meydan.tv\\\/az\\\/article\\\/hakimiyyetin-eleyhine-cixmiram-amma-gelib-yasayisima-baxsinlar\\\/#primaryimage\",\"url\":\"https:\\\/\\\/www.meydan.tv\\\/wp-content\\\/uploads\\\/image_from_ios_2_dewy3fo.jpg\",\"contentUrl\":\"https:\\\/\\\/www.meydan.tv\\\/wp-content\\\/uploads\\\/image_from_ios_2_dewy3fo.jpg\",\"width\":1280,\"height\":956,\"caption\":\"Source: Specify Source\"},{\"@type\":\"BreadcrumbList\",\"@id\":\"https:\\\/\\\/www.meydan.tv\\\/az\\\/article\\\/hakimiyyetin-eleyhine-cixmiram-amma-gelib-yasayisima-baxsinlar\\\/#breadcrumb\",\"itemListElement\":[{\"@type\":\"ListItem\",\"position\":1,\"name\":\"Ana s\u0259hif\u0259\",\"item\":\"https:\\\/\\\/www.meydan.tv\\\/az\\\/\"},{\"@type\":\"ListItem\",\"position\":2,\"name\":\"B\u00f6lg\u0259\",\"item\":\"https:\\\/\\\/www.meydan.tv\\\/az\\\/section\\\/bolge\\\/\"},{\"@type\":\"ListItem\",\"position\":3,\"name\":\"\u201cHakimiyy\u0259tin \u0259leyhin\u0259 \u00e7\u0131xm\u0131ram, amma g\u0259lib ya\u015fay\u0131\u015f\u0131ma baxs\u0131nlar\u201d\"}]},{\"@type\":\"WebSite\",\"@id\":\"https:\\\/\\\/www.meydan.tv\\\/az\\\/#website\",\"url\":\"https:\\\/\\\/www.meydan.tv\\\/az\\\/\",\"name\":\"MEYDAN.TV\",\"description\":\"Meydan TV Az\u0259rbaycan\u0131n media m\u0259kan\u0131ndak\u0131 alternativ s\u0259sidir\",\"publisher\":{\"@id\":\"https:\\\/\\\/www.meydan.tv\\\/az\\\/#organization\"},\"potentialAction\":[{\"@type\":\"SearchAction\",\"target\":{\"@type\":\"EntryPoint\",\"urlTemplate\":\"https:\\\/\\\/www.meydan.tv\\\/az\\\/?s={search_term_string}\"},\"query-input\":{\"@type\":\"PropertyValueSpecification\",\"valueRequired\":true,\"valueName\":\"search_term_string\"}}],\"inLanguage\":\"az\"},{\"@type\":\"Organization\",\"@id\":\"https:\\\/\\\/www.meydan.tv\\\/az\\\/#organization\",\"name\":\"Meydan TV\",\"url\":\"https:\\\/\\\/www.meydan.tv\\\/az\\\/\",\"logo\":{\"@type\":\"ImageObject\",\"inLanguage\":\"az\",\"@id\":\"https:\\\/\\\/www.meydan.tv\\\/az\\\/#\\\/schema\\\/logo\\\/image\\\/\",\"url\":\"https:\\\/\\\/www.meydan.tv\\\/wp-content\\\/uploads\\\/2021\\\/07\\\/meydan-logo.svg\",\"contentUrl\":\"https:\\\/\\\/www.meydan.tv\\\/wp-content\\\/uploads\\\/2021\\\/07\\\/meydan-logo.svg\",\"width\":195,\"height\":46,\"caption\":\"Meydan TV\"},\"image\":{\"@id\":\"https:\\\/\\\/www.meydan.tv\\\/az\\\/#\\\/schema\\\/logo\\\/image\\\/\"}},{\"@type\":\"Person\",\"@id\":\"https:\\\/\\\/www.meydan.tv\\\/az\\\/#\\\/schema\\\/person\\\/10d11eccf6da3662cf5fdab9806ea91a\",\"name\":\"user-manager\"}]}<\/script>\n<!-- \/ Yoast SEO plugin. -->","yoast_head_json":{"title":"\u201cHakimiyy\u0259tin \u0259leyhin\u0259 \u00e7\u0131xm\u0131ram, amma g\u0259lib ya\u015fay\u0131\u015f\u0131ma baxs\u0131nlar\u201d - MEYDAN.TV","robots":{"index":"index","follow":"follow","max-snippet":"max-snippet:-1","max-image-preview":"max-image-preview:large","max-video-preview":"max-video-preview:-1"},"canonical":"https:\/\/www.meydan.tv\/az\/article\/hakimiyyetin-eleyhine-cixmiram-amma-gelib-yasayisima-baxsinlar\/","og_locale":"az_AZ","og_type":"article","og_title":"\u201cHakimiyy\u0259tin \u0259leyhin\u0259 \u00e7\u0131xm\u0131ram, amma g\u0259lib ya\u015fay\u0131\u015f\u0131ma baxs\u0131nlar\u201d - MEYDAN.TV","og_description":"\"Adic\u0259 ayaqyoluna t\u0259k ged\u0259 bilmir\"","og_url":"https:\/\/www.meydan.tv\/az\/article\/hakimiyyetin-eleyhine-cixmiram-amma-gelib-yasayisima-baxsinlar\/","og_site_name":"MEYDAN.TV","article_published_time":"2020-02-28T19:21:55+00:00","og_image":[{"width":1280,"height":956,"url":"https:\/\/www.meydan.tv\/wp-content\/uploads\/image_from_ios_2_dewy3fo.jpg","type":"image\/jpeg"}],"author":"user-manager","twitter_card":"summary_large_image","schema":{"@context":"https:\/\/schema.org","@graph":[{"@type":"Article","@id":"https:\/\/www.meydan.tv\/az\/article\/hakimiyyetin-eleyhine-cixmiram-amma-gelib-yasayisima-baxsinlar\/#article","isPartOf":{"@id":"https:\/\/www.meydan.tv\/az\/article\/hakimiyyetin-eleyhine-cixmiram-amma-gelib-yasayisima-baxsinlar\/"},"author":{"name":"user-manager","@id":"https:\/\/www.meydan.tv\/az\/#\/schema\/person\/10d11eccf6da3662cf5fdab9806ea91a"},"headline":"\u201cHakimiyy\u0259tin \u0259leyhin\u0259 \u00e7\u0131xm\u0131ram, amma g\u0259lib ya\u015fay\u0131\u015f\u0131ma baxs\u0131nlar\u201d","datePublished":"2020-02-28T19:21:55+00:00","mainEntityOfPage":{"@id":"https:\/\/www.meydan.tv\/az\/article\/hakimiyyetin-eleyhine-cixmiram-amma-gelib-yasayisima-baxsinlar\/"},"wordCount":803,"publisher":{"@id":"https:\/\/www.meydan.tv\/az\/#organization"},"image":{"@id":"https:\/\/www.meydan.tv\/az\/article\/hakimiyyetin-eleyhine-cixmiram-amma-gelib-yasayisima-baxsinlar\/#primaryimage"},"thumbnailUrl":"https:\/\/www.meydan.tv\/wp-content\/uploads\/image_from_ios_2_dewy3fo.jpg","articleSection":["B\u00f6lg\u0259"],"inLanguage":"az"},{"@type":"WebPage","@id":"https:\/\/www.meydan.tv\/az\/article\/hakimiyyetin-eleyhine-cixmiram-amma-gelib-yasayisima-baxsinlar\/","url":"https:\/\/www.meydan.tv\/az\/article\/hakimiyyetin-eleyhine-cixmiram-amma-gelib-yasayisima-baxsinlar\/","name":"\u201cHakimiyy\u0259tin \u0259leyhin\u0259 \u00e7\u0131xm\u0131ram, amma g\u0259lib ya\u015fay\u0131\u015f\u0131ma baxs\u0131nlar\u201d - MEYDAN.TV","isPartOf":{"@id":"https:\/\/www.meydan.tv\/az\/#website"},"primaryImageOfPage":{"@id":"https:\/\/www.meydan.tv\/az\/article\/hakimiyyetin-eleyhine-cixmiram-amma-gelib-yasayisima-baxsinlar\/#primaryimage"},"image":{"@id":"https:\/\/www.meydan.tv\/az\/article\/hakimiyyetin-eleyhine-cixmiram-amma-gelib-yasayisima-baxsinlar\/#primaryimage"},"thumbnailUrl":"https:\/\/www.meydan.tv\/wp-content\/uploads\/image_from_ios_2_dewy3fo.jpg","datePublished":"2020-02-28T19:21:55+00:00","breadcrumb":{"@id":"https:\/\/www.meydan.tv\/az\/article\/hakimiyyetin-eleyhine-cixmiram-amma-gelib-yasayisima-baxsinlar\/#breadcrumb"},"inLanguage":"az","potentialAction":[{"@type":"ReadAction","target":["https:\/\/www.meydan.tv\/az\/article\/hakimiyyetin-eleyhine-cixmiram-amma-gelib-yasayisima-baxsinlar\/"]}]},{"@type":"ImageObject","inLanguage":"az","@id":"https:\/\/www.meydan.tv\/az\/article\/hakimiyyetin-eleyhine-cixmiram-amma-gelib-yasayisima-baxsinlar\/#primaryimage","url":"https:\/\/www.meydan.tv\/wp-content\/uploads\/image_from_ios_2_dewy3fo.jpg","contentUrl":"https:\/\/www.meydan.tv\/wp-content\/uploads\/image_from_ios_2_dewy3fo.jpg","width":1280,"height":956,"caption":"Source: Specify Source"},{"@type":"BreadcrumbList","@id":"https:\/\/www.meydan.tv\/az\/article\/hakimiyyetin-eleyhine-cixmiram-amma-gelib-yasayisima-baxsinlar\/#breadcrumb","itemListElement":[{"@type":"ListItem","position":1,"name":"Ana s\u0259hif\u0259","item":"https:\/\/www.meydan.tv\/az\/"},{"@type":"ListItem","position":2,"name":"B\u00f6lg\u0259","item":"https:\/\/www.meydan.tv\/az\/section\/bolge\/"},{"@type":"ListItem","position":3,"name":"\u201cHakimiyy\u0259tin \u0259leyhin\u0259 \u00e7\u0131xm\u0131ram, amma g\u0259lib ya\u015fay\u0131\u015f\u0131ma baxs\u0131nlar\u201d"}]},{"@type":"WebSite","@id":"https:\/\/www.meydan.tv\/az\/#website","url":"https:\/\/www.meydan.tv\/az\/","name":"MEYDAN.TV","description":"Meydan TV Az\u0259rbaycan\u0131n media m\u0259kan\u0131ndak\u0131 alternativ s\u0259sidir","publisher":{"@id":"https:\/\/www.meydan.tv\/az\/#organization"},"potentialAction":[{"@type":"SearchAction","target":{"@type":"EntryPoint","urlTemplate":"https:\/\/www.meydan.tv\/az\/?s={search_term_string}"},"query-input":{"@type":"PropertyValueSpecification","valueRequired":true,"valueName":"search_term_string"}}],"inLanguage":"az"},{"@type":"Organization","@id":"https:\/\/www.meydan.tv\/az\/#organization","name":"Meydan TV","url":"https:\/\/www.meydan.tv\/az\/","logo":{"@type":"ImageObject","inLanguage":"az","@id":"https:\/\/www.meydan.tv\/az\/#\/schema\/logo\/image\/","url":"https:\/\/www.meydan.tv\/wp-content\/uploads\/2021\/07\/meydan-logo.svg","contentUrl":"https:\/\/www.meydan.tv\/wp-content\/uploads\/2021\/07\/meydan-logo.svg","width":195,"height":46,"caption":"Meydan TV"},"image":{"@id":"https:\/\/www.meydan.tv\/az\/#\/schema\/logo\/image\/"}},{"@type":"Person","@id":"https:\/\/www.meydan.tv\/az\/#\/schema\/person\/10d11eccf6da3662cf5fdab9806ea91a","name":"user-manager"}]}},"_links":{"self":[{"href":"https:\/\/www.meydan.tv\/az\/wp-json\/wp\/v2\/posts\/199507","targetHints":{"allow":["GET"]}}],"collection":[{"href":"https:\/\/www.meydan.tv\/az\/wp-json\/wp\/v2\/posts"}],"about":[{"href":"https:\/\/www.meydan.tv\/az\/wp-json\/wp\/v2\/types\/post"}],"author":[{"embeddable":true,"href":"https:\/\/www.meydan.tv\/az\/wp-json\/wp\/v2\/users\/11"}],"replies":[{"embeddable":true,"href":"https:\/\/www.meydan.tv\/az\/wp-json\/wp\/v2\/comments?post=199507"}],"version-history":[{"count":0,"href":"https:\/\/www.meydan.tv\/az\/wp-json\/wp\/v2\/posts\/199507\/revisions"}],"wp:featuredmedia":[{"embeddable":true,"href":"https:\/\/www.meydan.tv\/az\/wp-json\/wp\/v2\/media\/138384"}],"wp:attachment":[{"href":"https:\/\/www.meydan.tv\/az\/wp-json\/wp\/v2\/media?parent=199507"}],"wp:term":[{"taxonomy":"category","embeddable":true,"href":"https:\/\/www.meydan.tv\/az\/wp-json\/wp\/v2\/categories?post=199507"},{"taxonomy":"post_tag","embeddable":true,"href":"https:\/\/www.meydan.tv\/az\/wp-json\/wp\/v2\/tags?post=199507"}],"curies":[{"name":"wp","href":"https:\/\/api.w.org\/{rel}","templated":true}]}}