{"id":199503,"date":"2020-02-28T19:05:19","date_gmt":"2020-02-28T19:05:19","guid":{"rendered":"https:\/\/www.meydan.tv\/article\/zeng-edib-aglaya-aglaya-dedi-ki-mende-koronavirus-askarlanib\/"},"modified":"2020-02-28T19:05:19","modified_gmt":"2020-02-28T19:05:19","slug":"zeng-edib-aglaya-aglaya-dedi-ki-mende-koronavirus-askarlanib","status":"publish","type":"post","link":"https:\/\/www.meydan.tv\/az\/article\/zeng-edib-aglaya-aglaya-dedi-ki-mende-koronavirus-askarlanib\/","title":{"rendered":"\u201cZ\u0259ng edib a\u011flaya-a\u011flaya dedi ki, m\u0259nd\u0259 koronavirus a\u015fkarlan\u0131b\u201d"},"content":{"rendered":"<p>\n  <i><br \/>\n    25 ya\u015fl\u0131 t\u0259l\u0259b\u0259nin ba\u015fqa x\u0259st\u0259xanaya k\u00f6\u00e7\u00fcr\u00fclm\u0259si t\u0259\u015fvi\u015f yarad\u0131b<br \/>\n  <\/i>\n<\/p>\n<p>\n  C\u0259lilabad Rayon M\u0259rk\u0259zi X\u0259st\u0259xanas\u0131nda saxlan\u0131lan 25 ya\u015fl\u0131 t\u0259l\u0259b\u0259nin Astara Rayon M\u0259rk\u0259zi X\u0259st\u0259xanas\u0131na apar\u0131lmas\u0131 panikaya s\u0259b\u0259b olub.\n<\/p>\n<p>\n  Haz\u0131rda C\u0259lilabad Rayon M\u0259rk\u0259zi X\u0259st\u0259xanas\u0131nda saxlan\u0131lan Qadir \u0130srafilov Meydan TV-y\u0259 deyib ki, C\u0259lilabad rayon sakini F.\u018f onlardan ayr\u0131laraq apar\u0131l\u0131b:\n<\/p>\n<p>\n  \u201cBiz \u0130ran\u0131n T\u0259briz \u015f\u0259h\u0259rind\u0259 t\u0259hsil al\u0131r\u0131q. Fevral\u0131n 25-d\u0259 birlikd\u0259 Az\u0259rbaycan qay\u0131tm\u0131\u015f\u0131q v\u0259 ham\u0131m\u0131z\u0131 D\u00f6vl\u0259t S\u0259rh\u0259d Xidm\u0259tinin avtobuslar\u0131na y\u0131\u011f\u0131b bura g\u0259tiribl\u0259r. Ne\u00e7\u0259 g\u00fcnd\u00fcr bir otaqda qal\u0131r\u0131q, \u00fcnsiyy\u0259td\u0259 oluruq. 3 g\u00fcnd\u00fcr burday\u0131q, h\u0259l\u0259 d\u00fcn\u0259n gec\u0259 g\u0259lib bizd\u0259n analiz g\u00f6t\u00fcr\u00fcbl\u0259r. Bu g\u00fcn ax\u015fam saatlar\u0131nda da g\u0259lib F.\u018f-y\u0259 dedil\u0259r ki, ev \u015f\u0259raitind\u0259 m\u00fcalic\u0259 almaq \u00fc\u00e7\u00fcn apar\u0131r\u0131q s\u0259ni. Aldad\u0131b apard\u0131lar. Amma onu x\u00fcsusi tibbi yard\u0131m ma\u015f\u0131n\u0131nda aparmalar\u0131ndan \u015f\u00fcbh\u0259l\u0259ndik. Sonra \u00f6z\u00fc yoldan z\u0259ng etdi, a\u011flaya-a\u011flaya dedi ki, m\u0259n\u0259 deyirl\u0259r, s\u0259nd\u0259 koronavirus a\u015fkarlan\u0131b, apar\u0131r\u0131q Astara Rayon M\u0259rk\u0259zi X\u0259st\u0259xanas\u0131na\u201d.\n<\/p>\n<p>\n  Qadir \u0130srafilov haz\u0131rda saxlanma \u015f\u0259raitl\u0259rinin t\u0259hl\u00fck\u0259li oldu\u011funu, h\u0259r an x\u0259st\u0259liy\u0259 yoluxa bil\u0259c\u0259kl\u0259rini deyir:\n<\/p>\n<p>\n  \u201c\u00c7ox antisanitariya \u015f\u0259raitind\u0259yik. 40-42 n\u0259f\u0259r \u00fcnsiyy\u0259td\u0259yik, \u0259g\u0259r aram\u0131zda kims\u0259 yoluxubsa, art\u0131q ham\u0131m\u0131za bula\u015f\u0131b. M\u0259n \u0130randan g\u0259l\u0259nd\u0259 he\u00e7 n\u0259yim yox idi. 3 g\u00fcn bir otaqda qald\u0131\u011f\u0131m, \u00e7ay i\u00e7ib, \u00fcnsiyy\u0259t qurdu\u011fum adam\u0131 indi \u201cvirusa yoluxmusan\u201d ad\u0131yla apar\u0131blar. Biz haradan bil\u0259k ki, sabah eyni diaqnozla bizi d\u0259 aparmayacaqlar? \u00c7ox a\u011f\u0131r v\u0259ziyy\u0259td\u0259yik, h\u0259r k\u0259s panika i\u00e7\u0259risind\u0259dir\u201d.\n<\/p>\n<p>\n  Qadir \u0130srafilov deyir ki, x\u0259st\u0259xana r\u0259hb\u0259rliyi orada saxlan\u0131lanlar aras\u0131nda g\u0259rginliyi azaltmaq \u0259v\u0259zin\u0259 daha da art\u0131r\u0131r:\n<\/p>\n<p>\n  \u201cHe\u00e7 bir m\u0259lumat verilmir. Ba\u015f h\u0259kimin m\u00fcavini var, Seyid Valeh deyirl\u0259r, ondan soru\u015furuq ki, bilirdinizs\u0259 adam x\u0259st\u0259dir, niy\u0259 biz\u0259 demirdiz ehtiyatl\u0131 olaq, cavab verir: \u201cBorcluyam siz\u0259 m\u0259lumat verim?\u201d Bel\u0259 bir v\u0259ziyy\u0259td\u0259, bu adamlar\u0131n yan\u0131nda nec\u0259 qalaq?\u201d\n<\/p>\n<p>\n  Tibbi \u018frazi B\u00f6lm\u0259l\u0259rini \u0130dar\u0259etm\u0259 Birliyinin (T\u018fB\u0130B) m\u0259tbuat xidm\u0259tind\u0259n Meydan TV-y\u0259 deyilib ki, s\u00f6z\u00fcged\u0259n \u015f\u0259xsd\u0259 koronavirus a\u015fkarlanmay\u0131b:\n<\/p>\n<p>\n  \u201cM\u00fc\u015fahid\u0259 alt\u0131na al\u0131nan \u015f\u0259xsl\u0259rd\u0259n analiz g\u00f6t\u00fcr\u00fcl\u00fcb. Kimd\u0259 yan x\u0259st\u0259likl\u0259r, m\u0259s\u0259l\u0259n, b\u00f6yr\u0259k da\u015f\u0131 v\u0259 sair a\u015fkarlan\u0131rsa, h\u0259min \u015f\u0259xsl\u0259ri dig\u0259rl\u0259rind\u0259n ay\u0131r\u0131b m\u00fct\u0259x\u0259ssisl\u0259rin oldu\u011fu m\u00fc\u0259ssis\u0259l\u0259r\u0259 k\u00f6\u00e7\u00fcr\u00fcrl\u0259r. H\u0259min \u015f\u0259xs d\u0259 bu m\u0259qs\u0259dl\u0259 C\u0259lilabaddan Astaraya apar\u0131l\u0131b. Panikaya \u0259sas yoxdur\u201d.<\/p>\n","protected":false},"excerpt":{"rendered":"<p>Qadir \u0130srafilov haz\u0131rda saxlanma \u015f\u0259raitl\u0259rinin t\u0259hl\u00fck\u0259li oldu\u011funu, h\u0259r an x\u0259st\u0259liy\u0259 yoluxa bil\u0259c\u0259kl\u0259rini deyir<\/p>\n","protected":false},"author":11,"featured_media":138375,"comment_status":"closed","ping_status":"open","sticky":false,"template":"","format":"standard","meta":{"_acf_changed":false,"_sitemap_exclude":false,"_sitemap_priority":"","_sitemap_frequency":"","footnotes":""},"categories":[60],"tags":[],"class_list":["post-199503","post","type-post","status-publish","format-standard","has-post-thumbnail","hentry","category-bolge","infinite-scroll-item","generate-columns","tablet-grid-50","mobile-grid-100","grid-parent","grid-33","no-featured-image-padding"],"acf":[],"yoast_head":"<!-- This site is optimized with the Yoast SEO plugin v27.5 - https:\/\/yoast.com\/product\/yoast-seo-wordpress\/ -->\n<title>\u201cZ\u0259ng edib a\u011flaya-a\u011flaya dedi ki, m\u0259nd\u0259 koronavirus a\u015fkarlan\u0131b\u201d - MEYDAN.TV<\/title>\n<meta name=\"robots\" content=\"index, follow, max-snippet:-1, max-image-preview:large, max-video-preview:-1\" \/>\n<link rel=\"canonical\" href=\"https:\/\/www.meydan.tv\/az\/article\/zeng-edib-aglaya-aglaya-dedi-ki-mende-koronavirus-askarlanib\/\" \/>\n<meta property=\"og:locale\" content=\"az_AZ\" \/>\n<meta property=\"og:type\" content=\"article\" \/>\n<meta property=\"og:title\" content=\"\u201cZ\u0259ng edib a\u011flaya-a\u011flaya dedi ki, m\u0259nd\u0259 koronavirus a\u015fkarlan\u0131b\u201d - MEYDAN.TV\" \/>\n<meta property=\"og:description\" content=\"Qadir \u0130srafilov haz\u0131rda saxlanma \u015f\u0259raitl\u0259rinin t\u0259hl\u00fck\u0259li oldu\u011funu, h\u0259r an x\u0259st\u0259liy\u0259 yoluxa bil\u0259c\u0259kl\u0259rini deyir\" \/>\n<meta property=\"og:url\" content=\"https:\/\/www.meydan.tv\/az\/article\/zeng-edib-aglaya-aglaya-dedi-ki-mende-koronavirus-askarlanib\/\" \/>\n<meta property=\"og:site_name\" content=\"MEYDAN.TV\" \/>\n<meta property=\"article:published_time\" content=\"2020-02-28T19:05:19+00:00\" \/>\n<meta property=\"og:image\" content=\"https:\/\/www.meydan.tv\/wp-content\/uploads\/unnamed_p74qw0c.jpg\" \/>\n\t<meta property=\"og:image:width\" content=\"707\" \/>\n\t<meta property=\"og:image:height\" content=\"485\" \/>\n\t<meta property=\"og:image:type\" content=\"image\/jpeg\" \/>\n<meta name=\"author\" content=\"user-manager\" \/>\n<meta name=\"twitter:card\" content=\"summary_large_image\" \/>\n<script type=\"application\/ld+json\" class=\"yoast-schema-graph\">{\"@context\":\"https:\\\/\\\/schema.org\",\"@graph\":[{\"@type\":\"Article\",\"@id\":\"https:\\\/\\\/www.meydan.tv\\\/az\\\/article\\\/zeng-edib-aglaya-aglaya-dedi-ki-mende-koronavirus-askarlanib\\\/#article\",\"isPartOf\":{\"@id\":\"https:\\\/\\\/www.meydan.tv\\\/az\\\/article\\\/zeng-edib-aglaya-aglaya-dedi-ki-mende-koronavirus-askarlanib\\\/\"},\"author\":{\"name\":\"user-manager\",\"@id\":\"https:\\\/\\\/www.meydan.tv\\\/az\\\/#\\\/schema\\\/person\\\/10d11eccf6da3662cf5fdab9806ea91a\"},\"headline\":\"\u201cZ\u0259ng edib a\u011flaya-a\u011flaya dedi ki, m\u0259nd\u0259 koronavirus a\u015fkarlan\u0131b\u201d\",\"datePublished\":\"2020-02-28T19:05:19+00:00\",\"mainEntityOfPage\":{\"@id\":\"https:\\\/\\\/www.meydan.tv\\\/az\\\/article\\\/zeng-edib-aglaya-aglaya-dedi-ki-mende-koronavirus-askarlanib\\\/\"},\"wordCount\":537,\"publisher\":{\"@id\":\"https:\\\/\\\/www.meydan.tv\\\/az\\\/#organization\"},\"image\":{\"@id\":\"https:\\\/\\\/www.meydan.tv\\\/az\\\/article\\\/zeng-edib-aglaya-aglaya-dedi-ki-mende-koronavirus-askarlanib\\\/#primaryimage\"},\"thumbnailUrl\":\"https:\\\/\\\/www.meydan.tv\\\/wp-content\\\/uploads\\\/unnamed_p74qw0c.jpg\",\"articleSection\":[\"B\u00f6lg\u0259\"],\"inLanguage\":\"az\"},{\"@type\":\"WebPage\",\"@id\":\"https:\\\/\\\/www.meydan.tv\\\/az\\\/article\\\/zeng-edib-aglaya-aglaya-dedi-ki-mende-koronavirus-askarlanib\\\/\",\"url\":\"https:\\\/\\\/www.meydan.tv\\\/az\\\/article\\\/zeng-edib-aglaya-aglaya-dedi-ki-mende-koronavirus-askarlanib\\\/\",\"name\":\"\u201cZ\u0259ng edib a\u011flaya-a\u011flaya dedi ki, m\u0259nd\u0259 koronavirus a\u015fkarlan\u0131b\u201d - MEYDAN.TV\",\"isPartOf\":{\"@id\":\"https:\\\/\\\/www.meydan.tv\\\/az\\\/#website\"},\"primaryImageOfPage\":{\"@id\":\"https:\\\/\\\/www.meydan.tv\\\/az\\\/article\\\/zeng-edib-aglaya-aglaya-dedi-ki-mende-koronavirus-askarlanib\\\/#primaryimage\"},\"image\":{\"@id\":\"https:\\\/\\\/www.meydan.tv\\\/az\\\/article\\\/zeng-edib-aglaya-aglaya-dedi-ki-mende-koronavirus-askarlanib\\\/#primaryimage\"},\"thumbnailUrl\":\"https:\\\/\\\/www.meydan.tv\\\/wp-content\\\/uploads\\\/unnamed_p74qw0c.jpg\",\"datePublished\":\"2020-02-28T19:05:19+00:00\",\"breadcrumb\":{\"@id\":\"https:\\\/\\\/www.meydan.tv\\\/az\\\/article\\\/zeng-edib-aglaya-aglaya-dedi-ki-mende-koronavirus-askarlanib\\\/#breadcrumb\"},\"inLanguage\":\"az\",\"potentialAction\":[{\"@type\":\"ReadAction\",\"target\":[\"https:\\\/\\\/www.meydan.tv\\\/az\\\/article\\\/zeng-edib-aglaya-aglaya-dedi-ki-mende-koronavirus-askarlanib\\\/\"]}]},{\"@type\":\"ImageObject\",\"inLanguage\":\"az\",\"@id\":\"https:\\\/\\\/www.meydan.tv\\\/az\\\/article\\\/zeng-edib-aglaya-aglaya-dedi-ki-mende-koronavirus-askarlanib\\\/#primaryimage\",\"url\":\"https:\\\/\\\/www.meydan.tv\\\/wp-content\\\/uploads\\\/unnamed_p74qw0c.jpg\",\"contentUrl\":\"https:\\\/\\\/www.meydan.tv\\\/wp-content\\\/uploads\\\/unnamed_p74qw0c.jpg\",\"width\":707,\"height\":485,\"caption\":\"Source: Foto: sosial \u015f\u0259b\u0259k\u0259\"},{\"@type\":\"BreadcrumbList\",\"@id\":\"https:\\\/\\\/www.meydan.tv\\\/az\\\/article\\\/zeng-edib-aglaya-aglaya-dedi-ki-mende-koronavirus-askarlanib\\\/#breadcrumb\",\"itemListElement\":[{\"@type\":\"ListItem\",\"position\":1,\"name\":\"Ana s\u0259hif\u0259\",\"item\":\"https:\\\/\\\/www.meydan.tv\\\/az\\\/\"},{\"@type\":\"ListItem\",\"position\":2,\"name\":\"B\u00f6lg\u0259\",\"item\":\"https:\\\/\\\/www.meydan.tv\\\/az\\\/section\\\/bolge\\\/\"},{\"@type\":\"ListItem\",\"position\":3,\"name\":\"\u201cZ\u0259ng edib a\u011flaya-a\u011flaya dedi ki, m\u0259nd\u0259 koronavirus a\u015fkarlan\u0131b\u201d\"}]},{\"@type\":\"WebSite\",\"@id\":\"https:\\\/\\\/www.meydan.tv\\\/az\\\/#website\",\"url\":\"https:\\\/\\\/www.meydan.tv\\\/az\\\/\",\"name\":\"MEYDAN.TV\",\"description\":\"Meydan TV Az\u0259rbaycan\u0131n media m\u0259kan\u0131ndak\u0131 alternativ s\u0259sidir\",\"publisher\":{\"@id\":\"https:\\\/\\\/www.meydan.tv\\\/az\\\/#organization\"},\"potentialAction\":[{\"@type\":\"SearchAction\",\"target\":{\"@type\":\"EntryPoint\",\"urlTemplate\":\"https:\\\/\\\/www.meydan.tv\\\/az\\\/?s={search_term_string}\"},\"query-input\":{\"@type\":\"PropertyValueSpecification\",\"valueRequired\":true,\"valueName\":\"search_term_string\"}}],\"inLanguage\":\"az\"},{\"@type\":\"Organization\",\"@id\":\"https:\\\/\\\/www.meydan.tv\\\/az\\\/#organization\",\"name\":\"Meydan TV\",\"url\":\"https:\\\/\\\/www.meydan.tv\\\/az\\\/\",\"logo\":{\"@type\":\"ImageObject\",\"inLanguage\":\"az\",\"@id\":\"https:\\\/\\\/www.meydan.tv\\\/az\\\/#\\\/schema\\\/logo\\\/image\\\/\",\"url\":\"https:\\\/\\\/www.meydan.tv\\\/wp-content\\\/uploads\\\/2021\\\/07\\\/meydan-logo.svg\",\"contentUrl\":\"https:\\\/\\\/www.meydan.tv\\\/wp-content\\\/uploads\\\/2021\\\/07\\\/meydan-logo.svg\",\"width\":195,\"height\":46,\"caption\":\"Meydan TV\"},\"image\":{\"@id\":\"https:\\\/\\\/www.meydan.tv\\\/az\\\/#\\\/schema\\\/logo\\\/image\\\/\"}},{\"@type\":\"Person\",\"@id\":\"https:\\\/\\\/www.meydan.tv\\\/az\\\/#\\\/schema\\\/person\\\/10d11eccf6da3662cf5fdab9806ea91a\",\"name\":\"user-manager\"}]}<\/script>\n<!-- \/ Yoast SEO plugin. -->","yoast_head_json":{"title":"\u201cZ\u0259ng edib a\u011flaya-a\u011flaya dedi ki, m\u0259nd\u0259 koronavirus a\u015fkarlan\u0131b\u201d - MEYDAN.TV","robots":{"index":"index","follow":"follow","max-snippet":"max-snippet:-1","max-image-preview":"max-image-preview:large","max-video-preview":"max-video-preview:-1"},"canonical":"https:\/\/www.meydan.tv\/az\/article\/zeng-edib-aglaya-aglaya-dedi-ki-mende-koronavirus-askarlanib\/","og_locale":"az_AZ","og_type":"article","og_title":"\u201cZ\u0259ng edib a\u011flaya-a\u011flaya dedi ki, m\u0259nd\u0259 koronavirus a\u015fkarlan\u0131b\u201d - MEYDAN.TV","og_description":"Qadir \u0130srafilov haz\u0131rda saxlanma \u015f\u0259raitl\u0259rinin t\u0259hl\u00fck\u0259li oldu\u011funu, h\u0259r an x\u0259st\u0259liy\u0259 yoluxa bil\u0259c\u0259kl\u0259rini deyir","og_url":"https:\/\/www.meydan.tv\/az\/article\/zeng-edib-aglaya-aglaya-dedi-ki-mende-koronavirus-askarlanib\/","og_site_name":"MEYDAN.TV","article_published_time":"2020-02-28T19:05:19+00:00","og_image":[{"width":707,"height":485,"url":"https:\/\/www.meydan.tv\/wp-content\/uploads\/unnamed_p74qw0c.jpg","type":"image\/jpeg"}],"author":"user-manager","twitter_card":"summary_large_image","schema":{"@context":"https:\/\/schema.org","@graph":[{"@type":"Article","@id":"https:\/\/www.meydan.tv\/az\/article\/zeng-edib-aglaya-aglaya-dedi-ki-mende-koronavirus-askarlanib\/#article","isPartOf":{"@id":"https:\/\/www.meydan.tv\/az\/article\/zeng-edib-aglaya-aglaya-dedi-ki-mende-koronavirus-askarlanib\/"},"author":{"name":"user-manager","@id":"https:\/\/www.meydan.tv\/az\/#\/schema\/person\/10d11eccf6da3662cf5fdab9806ea91a"},"headline":"\u201cZ\u0259ng edib a\u011flaya-a\u011flaya dedi ki, m\u0259nd\u0259 koronavirus a\u015fkarlan\u0131b\u201d","datePublished":"2020-02-28T19:05:19+00:00","mainEntityOfPage":{"@id":"https:\/\/www.meydan.tv\/az\/article\/zeng-edib-aglaya-aglaya-dedi-ki-mende-koronavirus-askarlanib\/"},"wordCount":537,"publisher":{"@id":"https:\/\/www.meydan.tv\/az\/#organization"},"image":{"@id":"https:\/\/www.meydan.tv\/az\/article\/zeng-edib-aglaya-aglaya-dedi-ki-mende-koronavirus-askarlanib\/#primaryimage"},"thumbnailUrl":"https:\/\/www.meydan.tv\/wp-content\/uploads\/unnamed_p74qw0c.jpg","articleSection":["B\u00f6lg\u0259"],"inLanguage":"az"},{"@type":"WebPage","@id":"https:\/\/www.meydan.tv\/az\/article\/zeng-edib-aglaya-aglaya-dedi-ki-mende-koronavirus-askarlanib\/","url":"https:\/\/www.meydan.tv\/az\/article\/zeng-edib-aglaya-aglaya-dedi-ki-mende-koronavirus-askarlanib\/","name":"\u201cZ\u0259ng edib a\u011flaya-a\u011flaya dedi ki, m\u0259nd\u0259 koronavirus a\u015fkarlan\u0131b\u201d - MEYDAN.TV","isPartOf":{"@id":"https:\/\/www.meydan.tv\/az\/#website"},"primaryImageOfPage":{"@id":"https:\/\/www.meydan.tv\/az\/article\/zeng-edib-aglaya-aglaya-dedi-ki-mende-koronavirus-askarlanib\/#primaryimage"},"image":{"@id":"https:\/\/www.meydan.tv\/az\/article\/zeng-edib-aglaya-aglaya-dedi-ki-mende-koronavirus-askarlanib\/#primaryimage"},"thumbnailUrl":"https:\/\/www.meydan.tv\/wp-content\/uploads\/unnamed_p74qw0c.jpg","datePublished":"2020-02-28T19:05:19+00:00","breadcrumb":{"@id":"https:\/\/www.meydan.tv\/az\/article\/zeng-edib-aglaya-aglaya-dedi-ki-mende-koronavirus-askarlanib\/#breadcrumb"},"inLanguage":"az","potentialAction":[{"@type":"ReadAction","target":["https:\/\/www.meydan.tv\/az\/article\/zeng-edib-aglaya-aglaya-dedi-ki-mende-koronavirus-askarlanib\/"]}]},{"@type":"ImageObject","inLanguage":"az","@id":"https:\/\/www.meydan.tv\/az\/article\/zeng-edib-aglaya-aglaya-dedi-ki-mende-koronavirus-askarlanib\/#primaryimage","url":"https:\/\/www.meydan.tv\/wp-content\/uploads\/unnamed_p74qw0c.jpg","contentUrl":"https:\/\/www.meydan.tv\/wp-content\/uploads\/unnamed_p74qw0c.jpg","width":707,"height":485,"caption":"Source: Foto: sosial \u015f\u0259b\u0259k\u0259"},{"@type":"BreadcrumbList","@id":"https:\/\/www.meydan.tv\/az\/article\/zeng-edib-aglaya-aglaya-dedi-ki-mende-koronavirus-askarlanib\/#breadcrumb","itemListElement":[{"@type":"ListItem","position":1,"name":"Ana s\u0259hif\u0259","item":"https:\/\/www.meydan.tv\/az\/"},{"@type":"ListItem","position":2,"name":"B\u00f6lg\u0259","item":"https:\/\/www.meydan.tv\/az\/section\/bolge\/"},{"@type":"ListItem","position":3,"name":"\u201cZ\u0259ng edib a\u011flaya-a\u011flaya dedi ki, m\u0259nd\u0259 koronavirus a\u015fkarlan\u0131b\u201d"}]},{"@type":"WebSite","@id":"https:\/\/www.meydan.tv\/az\/#website","url":"https:\/\/www.meydan.tv\/az\/","name":"MEYDAN.TV","description":"Meydan TV Az\u0259rbaycan\u0131n media m\u0259kan\u0131ndak\u0131 alternativ s\u0259sidir","publisher":{"@id":"https:\/\/www.meydan.tv\/az\/#organization"},"potentialAction":[{"@type":"SearchAction","target":{"@type":"EntryPoint","urlTemplate":"https:\/\/www.meydan.tv\/az\/?s={search_term_string}"},"query-input":{"@type":"PropertyValueSpecification","valueRequired":true,"valueName":"search_term_string"}}],"inLanguage":"az"},{"@type":"Organization","@id":"https:\/\/www.meydan.tv\/az\/#organization","name":"Meydan TV","url":"https:\/\/www.meydan.tv\/az\/","logo":{"@type":"ImageObject","inLanguage":"az","@id":"https:\/\/www.meydan.tv\/az\/#\/schema\/logo\/image\/","url":"https:\/\/www.meydan.tv\/wp-content\/uploads\/2021\/07\/meydan-logo.svg","contentUrl":"https:\/\/www.meydan.tv\/wp-content\/uploads\/2021\/07\/meydan-logo.svg","width":195,"height":46,"caption":"Meydan TV"},"image":{"@id":"https:\/\/www.meydan.tv\/az\/#\/schema\/logo\/image\/"}},{"@type":"Person","@id":"https:\/\/www.meydan.tv\/az\/#\/schema\/person\/10d11eccf6da3662cf5fdab9806ea91a","name":"user-manager"}]}},"_links":{"self":[{"href":"https:\/\/www.meydan.tv\/az\/wp-json\/wp\/v2\/posts\/199503","targetHints":{"allow":["GET"]}}],"collection":[{"href":"https:\/\/www.meydan.tv\/az\/wp-json\/wp\/v2\/posts"}],"about":[{"href":"https:\/\/www.meydan.tv\/az\/wp-json\/wp\/v2\/types\/post"}],"author":[{"embeddable":true,"href":"https:\/\/www.meydan.tv\/az\/wp-json\/wp\/v2\/users\/11"}],"replies":[{"embeddable":true,"href":"https:\/\/www.meydan.tv\/az\/wp-json\/wp\/v2\/comments?post=199503"}],"version-history":[{"count":0,"href":"https:\/\/www.meydan.tv\/az\/wp-json\/wp\/v2\/posts\/199503\/revisions"}],"wp:featuredmedia":[{"embeddable":true,"href":"https:\/\/www.meydan.tv\/az\/wp-json\/wp\/v2\/media\/138375"}],"wp:attachment":[{"href":"https:\/\/www.meydan.tv\/az\/wp-json\/wp\/v2\/media?parent=199503"}],"wp:term":[{"taxonomy":"category","embeddable":true,"href":"https:\/\/www.meydan.tv\/az\/wp-json\/wp\/v2\/categories?post=199503"},{"taxonomy":"post_tag","embeddable":true,"href":"https:\/\/www.meydan.tv\/az\/wp-json\/wp\/v2\/tags?post=199503"}],"curies":[{"name":"wp","href":"https:\/\/api.w.org\/{rel}","templated":true}]}}