{"id":199494,"date":"2020-02-28T13:05:22","date_gmt":"2020-02-28T13:05:22","guid":{"rendered":"https:\/\/www.meydan.tv\/article\/kukla-teatrinin-direktoru-beynelxalq-festivalda\/"},"modified":"2020-02-28T13:05:22","modified_gmt":"2020-02-28T13:05:22","slug":"kukla-teatrinin-direktoru-beynelxalq-festivalda","status":"publish","type":"post","link":"https:\/\/www.meydan.tv\/az\/article\/kukla-teatrinin-direktoru-beynelxalq-festivalda\/","title":{"rendered":"Kukla teatr\u0131n\u0131n direktoru beyn\u0259lxalq festivalda"},"content":{"rendered":"<p>\n  <i><br \/>\n    R\u0259\u015fad \u018fhm\u0259dzad\u0259 Az\u0259rbaycan\u0131 IX Monodram Tama\u015falar Festival\u0131nda f\u0259xri qonaq qismind\u0259 t\u0259msil edib<br \/>\n  <\/i>\n<\/p>\n<p>\n  Abdulla \u015eaiq ad\u0131na Az\u0259rbaycan D\u00f6vl\u0259t Kukla Teatr\u0131n\u0131n direktoru, UN\u0130MA Milli M\u0259rk\u0259zinin prezidenti R\u0259\u015fad \u018fhm\u0259dzad\u0259 n\u00f6vb\u0259ti beyn\u0259lxalq s\u0259n\u0259t festival\u0131nda i\u015ftirak edib.\n<\/p>\n<p>\n  O, Az\u0259rbaycan\u0131 IX Monodram Tama\u015falar Festival\u0131nda f\u0259xri qonaq qismind\u0259 t\u0259msil edib.\n<\/p>\n<p>\n  Birl\u0259\u015fmi\u015f \u018fr\u0259b \u018fmirlikl\u0259rinin \u018fl-F\u00fcceyra \u0259mirliyind\u0259 iki ild\u0259n bir ba\u015f tutan bu s\u0259n\u0259t t\u0259dbiri III \u018fl-F\u00fcceyra \u0130nc\u0259s\u0259n\u0259t Festival\u0131 \u00e7\u0259r\u00e7iv\u0259sind\u0259 ke\u00e7irilib.\n<\/p>\n<figure class=\"wp-block-image size-large\">\n  <img decoding=\"async\" src=\"https:\/\/www.meydan.tv\/az\/r____ad___hm__dzad__-jpg\/\" alt=\"r____ad___hm__dzad__.jpg\" class=\"wp-image-138333\"\/><figcaption>\n    R\u0259\u015fad \u018fhm\u0259dzad\u0259<br \/>\n  <\/figcaption><\/figure>\n<p>\n  \u018fmirliyin M\u0259d\u0259niyy\u0259t v\u0259 Media M\u00fcv\u0259kkilliyinin t\u0259\u015fkil etdiyi t\u0259dbir \u0259sas\u0259n \u0259r\u0259b d\u00f6vl\u0259tl\u0259ri olmaqla, \u00fcmumilikd\u0259, d\u00fcnyan\u0131n m\u00fcxt\u0259lif \u00f6lk\u0259l\u0259rind\u0259ki teatr, musiqi, s\u0259n\u0259t adamlar\u0131n\u0131 bir araya g\u0259tirir. H\u0259r il \u00f6z \u0259hat\u0259 dair\u0259sini daha da geni\u015fl\u0259ndir\u0259n s\u0259n\u0259t bayram\u0131nda bu d\u0259f\u0259 60 \u00f6lk\u0259d\u0259n 600 n\u0259f\u0259rd\u0259n \u00e7ox i\u015ftirak\u00e7\u0131 \u00f6z yarad\u0131c\u0131l\u0131q imkanlar\u0131n\u0131 n\u00fcmayi\u015f etdirib.\n<\/p>\n<p>\n  Festival \u00e7\u0259r\u00e7iv\u0259sind\u0259 tama\u015falar\u0131n n\u00fcmayi\u015fi v\u0259 m\u00fckafatland\u0131r\u0131lmas\u0131 il\u0259 yana\u015f\u0131, seminarlar, forumlar, kitab t\u0259qdimatlar\u0131, konsertl\u0259r d\u0259 t\u0259\u015fkil olunub.\n<\/p>\n<p>\n  Festival\u0131n t\u0259\u015fkilind\u0259 \u0259sas m\u0259qs\u0259d \u0259r\u0259b d\u00fcnyas\u0131nda o q\u0259d\u0259r d\u0259 tan\u0131nmayan monodrama diqq\u0259t \u00e7\u0259km\u0259k v\u0259 onu bir s\u0259n\u0259t n\u00f6v\u00fc kimi daha da inki\u015faf etdirm\u0259kdir.<\/p>\n","protected":false},"excerpt":{"rendered":"<p>Festival\u0131n t\u0259\u015fkilind\u0259 \u0259sas m\u0259qs\u0259d \u0259r\u0259b d\u00fcnyas\u0131nda o q\u0259d\u0259r d\u0259 tan\u0131nmayan monodrama diqq\u0259t \u00e7\u0259km\u0259k v\u0259 onu bir s\u0259n\u0259t n\u00f6v\u00fc kimi daha da inki\u015faf etdirm\u0259kdir.<\/p>\n","protected":false},"author":11,"featured_media":138330,"comment_status":"closed","ping_status":"open","sticky":false,"template":"","format":"standard","meta":{"_acf_changed":false,"_sitemap_exclude":false,"_sitemap_priority":"","_sitemap_frequency":"","footnotes":""},"categories":[52],"tags":[],"class_list":["post-199494","post","type-post","status-publish","format-standard","has-post-thumbnail","hentry","category-medeniyyet","infinite-scroll-item","generate-columns","tablet-grid-50","mobile-grid-100","grid-parent","grid-33","no-featured-image-padding"],"acf":[],"yoast_head":"<!-- This site is optimized with the Yoast SEO plugin v27.4 - https:\/\/yoast.com\/product\/yoast-seo-wordpress\/ -->\n<title>Kukla teatr\u0131n\u0131n direktoru beyn\u0259lxalq festivalda - MEYDAN.TV<\/title>\n<meta name=\"robots\" content=\"index, follow, max-snippet:-1, max-image-preview:large, max-video-preview:-1\" \/>\n<link rel=\"canonical\" href=\"https:\/\/www.meydan.tv\/az\/article\/kukla-teatrinin-direktoru-beynelxalq-festivalda\/\" \/>\n<meta property=\"og:locale\" content=\"az_AZ\" \/>\n<meta property=\"og:type\" content=\"article\" \/>\n<meta property=\"og:title\" content=\"Kukla teatr\u0131n\u0131n direktoru beyn\u0259lxalq festivalda - MEYDAN.TV\" \/>\n<meta property=\"og:description\" content=\"Festival\u0131n t\u0259\u015fkilind\u0259 \u0259sas m\u0259qs\u0259d \u0259r\u0259b d\u00fcnyas\u0131nda o q\u0259d\u0259r d\u0259 tan\u0131nmayan monodrama diqq\u0259t \u00e7\u0259km\u0259k v\u0259 onu bir s\u0259n\u0259t n\u00f6v\u00fc kimi daha da inki\u015faf etdirm\u0259kdir.\" \/>\n<meta property=\"og:url\" content=\"https:\/\/www.meydan.tv\/az\/article\/kukla-teatrinin-direktoru-beynelxalq-festivalda\/\" \/>\n<meta property=\"og:site_name\" content=\"MEYDAN.TV\" \/>\n<meta property=\"article:published_time\" content=\"2020-02-28T13:05:22+00:00\" \/>\n<meta property=\"og:image\" content=\"https:\/\/www.meydan.tv\/wp-content\/uploads\/abdulla___aiq_ad__na_d__vl__t_kukla_teatr__.jpg\" \/>\n\t<meta property=\"og:image:width\" content=\"1200\" \/>\n\t<meta property=\"og:image:height\" content=\"900\" \/>\n\t<meta property=\"og:image:type\" content=\"image\/jpeg\" \/>\n<meta name=\"author\" content=\"user-manager\" \/>\n<meta name=\"twitter:card\" content=\"summary_large_image\" \/>\n<script type=\"application\/ld+json\" class=\"yoast-schema-graph\">{\"@context\":\"https:\\\/\\\/schema.org\",\"@graph\":[{\"@type\":\"Article\",\"@id\":\"https:\\\/\\\/www.meydan.tv\\\/az\\\/article\\\/kukla-teatrinin-direktoru-beynelxalq-festivalda\\\/#article\",\"isPartOf\":{\"@id\":\"https:\\\/\\\/www.meydan.tv\\\/az\\\/article\\\/kukla-teatrinin-direktoru-beynelxalq-festivalda\\\/\"},\"author\":{\"name\":\"user-manager\",\"@id\":\"https:\\\/\\\/www.meydan.tv\\\/az\\\/#\\\/schema\\\/person\\\/10d11eccf6da3662cf5fdab9806ea91a\"},\"headline\":\"Kukla teatr\u0131n\u0131n direktoru beyn\u0259lxalq festivalda\",\"datePublished\":\"2020-02-28T13:05:22+00:00\",\"mainEntityOfPage\":{\"@id\":\"https:\\\/\\\/www.meydan.tv\\\/az\\\/article\\\/kukla-teatrinin-direktoru-beynelxalq-festivalda\\\/\"},\"wordCount\":274,\"publisher\":{\"@id\":\"https:\\\/\\\/www.meydan.tv\\\/az\\\/#organization\"},\"image\":{\"@id\":\"https:\\\/\\\/www.meydan.tv\\\/az\\\/article\\\/kukla-teatrinin-direktoru-beynelxalq-festivalda\\\/#primaryimage\"},\"thumbnailUrl\":\"https:\\\/\\\/www.meydan.tv\\\/wp-content\\\/uploads\\\/abdulla___aiq_ad__na_d__vl__t_kukla_teatr__.jpg\",\"articleSection\":[\"M\u0259d\u0259niyy\u0259t\"],\"inLanguage\":\"az\"},{\"@type\":\"WebPage\",\"@id\":\"https:\\\/\\\/www.meydan.tv\\\/az\\\/article\\\/kukla-teatrinin-direktoru-beynelxalq-festivalda\\\/\",\"url\":\"https:\\\/\\\/www.meydan.tv\\\/az\\\/article\\\/kukla-teatrinin-direktoru-beynelxalq-festivalda\\\/\",\"name\":\"Kukla teatr\u0131n\u0131n direktoru beyn\u0259lxalq festivalda - MEYDAN.TV\",\"isPartOf\":{\"@id\":\"https:\\\/\\\/www.meydan.tv\\\/az\\\/#website\"},\"primaryImageOfPage\":{\"@id\":\"https:\\\/\\\/www.meydan.tv\\\/az\\\/article\\\/kukla-teatrinin-direktoru-beynelxalq-festivalda\\\/#primaryimage\"},\"image\":{\"@id\":\"https:\\\/\\\/www.meydan.tv\\\/az\\\/article\\\/kukla-teatrinin-direktoru-beynelxalq-festivalda\\\/#primaryimage\"},\"thumbnailUrl\":\"https:\\\/\\\/www.meydan.tv\\\/wp-content\\\/uploads\\\/abdulla___aiq_ad__na_d__vl__t_kukla_teatr__.jpg\",\"datePublished\":\"2020-02-28T13:05:22+00:00\",\"breadcrumb\":{\"@id\":\"https:\\\/\\\/www.meydan.tv\\\/az\\\/article\\\/kukla-teatrinin-direktoru-beynelxalq-festivalda\\\/#breadcrumb\"},\"inLanguage\":\"az\",\"potentialAction\":[{\"@type\":\"ReadAction\",\"target\":[\"https:\\\/\\\/www.meydan.tv\\\/az\\\/article\\\/kukla-teatrinin-direktoru-beynelxalq-festivalda\\\/\"]}]},{\"@type\":\"ImageObject\",\"inLanguage\":\"az\",\"@id\":\"https:\\\/\\\/www.meydan.tv\\\/az\\\/article\\\/kukla-teatrinin-direktoru-beynelxalq-festivalda\\\/#primaryimage\",\"url\":\"https:\\\/\\\/www.meydan.tv\\\/wp-content\\\/uploads\\\/abdulla___aiq_ad__na_d__vl__t_kukla_teatr__.jpg\",\"contentUrl\":\"https:\\\/\\\/www.meydan.tv\\\/wp-content\\\/uploads\\\/abdulla___aiq_ad__na_d__vl__t_kukla_teatr__.jpg\",\"width\":1200,\"height\":900,\"caption\":\"Source: Specify Source\"},{\"@type\":\"BreadcrumbList\",\"@id\":\"https:\\\/\\\/www.meydan.tv\\\/az\\\/article\\\/kukla-teatrinin-direktoru-beynelxalq-festivalda\\\/#breadcrumb\",\"itemListElement\":[{\"@type\":\"ListItem\",\"position\":1,\"name\":\"Ana s\u0259hif\u0259\",\"item\":\"https:\\\/\\\/www.meydan.tv\\\/az\\\/\"},{\"@type\":\"ListItem\",\"position\":2,\"name\":\"M\u0259d\u0259niyy\u0259t\",\"item\":\"https:\\\/\\\/www.meydan.tv\\\/az\\\/section\\\/medeniyyet\\\/\"},{\"@type\":\"ListItem\",\"position\":3,\"name\":\"Kukla teatr\u0131n\u0131n direktoru beyn\u0259lxalq festivalda\"}]},{\"@type\":\"WebSite\",\"@id\":\"https:\\\/\\\/www.meydan.tv\\\/az\\\/#website\",\"url\":\"https:\\\/\\\/www.meydan.tv\\\/az\\\/\",\"name\":\"MEYDAN.TV\",\"description\":\"Meydan TV Az\u0259rbaycan\u0131n media m\u0259kan\u0131ndak\u0131 alternativ s\u0259sidir\",\"publisher\":{\"@id\":\"https:\\\/\\\/www.meydan.tv\\\/az\\\/#organization\"},\"potentialAction\":[{\"@type\":\"SearchAction\",\"target\":{\"@type\":\"EntryPoint\",\"urlTemplate\":\"https:\\\/\\\/www.meydan.tv\\\/az\\\/?s={search_term_string}\"},\"query-input\":{\"@type\":\"PropertyValueSpecification\",\"valueRequired\":true,\"valueName\":\"search_term_string\"}}],\"inLanguage\":\"az\"},{\"@type\":\"Organization\",\"@id\":\"https:\\\/\\\/www.meydan.tv\\\/az\\\/#organization\",\"name\":\"Meydan TV\",\"url\":\"https:\\\/\\\/www.meydan.tv\\\/az\\\/\",\"logo\":{\"@type\":\"ImageObject\",\"inLanguage\":\"az\",\"@id\":\"https:\\\/\\\/www.meydan.tv\\\/az\\\/#\\\/schema\\\/logo\\\/image\\\/\",\"url\":\"https:\\\/\\\/www.meydan.tv\\\/wp-content\\\/uploads\\\/2021\\\/07\\\/meydan-logo.svg\",\"contentUrl\":\"https:\\\/\\\/www.meydan.tv\\\/wp-content\\\/uploads\\\/2021\\\/07\\\/meydan-logo.svg\",\"width\":195,\"height\":46,\"caption\":\"Meydan TV\"},\"image\":{\"@id\":\"https:\\\/\\\/www.meydan.tv\\\/az\\\/#\\\/schema\\\/logo\\\/image\\\/\"}},{\"@type\":\"Person\",\"@id\":\"https:\\\/\\\/www.meydan.tv\\\/az\\\/#\\\/schema\\\/person\\\/10d11eccf6da3662cf5fdab9806ea91a\",\"name\":\"user-manager\"}]}<\/script>\n<!-- \/ Yoast SEO plugin. -->","yoast_head_json":{"title":"Kukla teatr\u0131n\u0131n direktoru beyn\u0259lxalq festivalda - MEYDAN.TV","robots":{"index":"index","follow":"follow","max-snippet":"max-snippet:-1","max-image-preview":"max-image-preview:large","max-video-preview":"max-video-preview:-1"},"canonical":"https:\/\/www.meydan.tv\/az\/article\/kukla-teatrinin-direktoru-beynelxalq-festivalda\/","og_locale":"az_AZ","og_type":"article","og_title":"Kukla teatr\u0131n\u0131n direktoru beyn\u0259lxalq festivalda - MEYDAN.TV","og_description":"Festival\u0131n t\u0259\u015fkilind\u0259 \u0259sas m\u0259qs\u0259d \u0259r\u0259b d\u00fcnyas\u0131nda o q\u0259d\u0259r d\u0259 tan\u0131nmayan monodrama diqq\u0259t \u00e7\u0259km\u0259k v\u0259 onu bir s\u0259n\u0259t n\u00f6v\u00fc kimi daha da inki\u015faf etdirm\u0259kdir.","og_url":"https:\/\/www.meydan.tv\/az\/article\/kukla-teatrinin-direktoru-beynelxalq-festivalda\/","og_site_name":"MEYDAN.TV","article_published_time":"2020-02-28T13:05:22+00:00","og_image":[{"width":1200,"height":900,"url":"https:\/\/www.meydan.tv\/wp-content\/uploads\/abdulla___aiq_ad__na_d__vl__t_kukla_teatr__.jpg","type":"image\/jpeg"}],"author":"user-manager","twitter_card":"summary_large_image","schema":{"@context":"https:\/\/schema.org","@graph":[{"@type":"Article","@id":"https:\/\/www.meydan.tv\/az\/article\/kukla-teatrinin-direktoru-beynelxalq-festivalda\/#article","isPartOf":{"@id":"https:\/\/www.meydan.tv\/az\/article\/kukla-teatrinin-direktoru-beynelxalq-festivalda\/"},"author":{"name":"user-manager","@id":"https:\/\/www.meydan.tv\/az\/#\/schema\/person\/10d11eccf6da3662cf5fdab9806ea91a"},"headline":"Kukla teatr\u0131n\u0131n direktoru beyn\u0259lxalq festivalda","datePublished":"2020-02-28T13:05:22+00:00","mainEntityOfPage":{"@id":"https:\/\/www.meydan.tv\/az\/article\/kukla-teatrinin-direktoru-beynelxalq-festivalda\/"},"wordCount":274,"publisher":{"@id":"https:\/\/www.meydan.tv\/az\/#organization"},"image":{"@id":"https:\/\/www.meydan.tv\/az\/article\/kukla-teatrinin-direktoru-beynelxalq-festivalda\/#primaryimage"},"thumbnailUrl":"https:\/\/www.meydan.tv\/wp-content\/uploads\/abdulla___aiq_ad__na_d__vl__t_kukla_teatr__.jpg","articleSection":["M\u0259d\u0259niyy\u0259t"],"inLanguage":"az"},{"@type":"WebPage","@id":"https:\/\/www.meydan.tv\/az\/article\/kukla-teatrinin-direktoru-beynelxalq-festivalda\/","url":"https:\/\/www.meydan.tv\/az\/article\/kukla-teatrinin-direktoru-beynelxalq-festivalda\/","name":"Kukla teatr\u0131n\u0131n direktoru beyn\u0259lxalq festivalda - MEYDAN.TV","isPartOf":{"@id":"https:\/\/www.meydan.tv\/az\/#website"},"primaryImageOfPage":{"@id":"https:\/\/www.meydan.tv\/az\/article\/kukla-teatrinin-direktoru-beynelxalq-festivalda\/#primaryimage"},"image":{"@id":"https:\/\/www.meydan.tv\/az\/article\/kukla-teatrinin-direktoru-beynelxalq-festivalda\/#primaryimage"},"thumbnailUrl":"https:\/\/www.meydan.tv\/wp-content\/uploads\/abdulla___aiq_ad__na_d__vl__t_kukla_teatr__.jpg","datePublished":"2020-02-28T13:05:22+00:00","breadcrumb":{"@id":"https:\/\/www.meydan.tv\/az\/article\/kukla-teatrinin-direktoru-beynelxalq-festivalda\/#breadcrumb"},"inLanguage":"az","potentialAction":[{"@type":"ReadAction","target":["https:\/\/www.meydan.tv\/az\/article\/kukla-teatrinin-direktoru-beynelxalq-festivalda\/"]}]},{"@type":"ImageObject","inLanguage":"az","@id":"https:\/\/www.meydan.tv\/az\/article\/kukla-teatrinin-direktoru-beynelxalq-festivalda\/#primaryimage","url":"https:\/\/www.meydan.tv\/wp-content\/uploads\/abdulla___aiq_ad__na_d__vl__t_kukla_teatr__.jpg","contentUrl":"https:\/\/www.meydan.tv\/wp-content\/uploads\/abdulla___aiq_ad__na_d__vl__t_kukla_teatr__.jpg","width":1200,"height":900,"caption":"Source: Specify Source"},{"@type":"BreadcrumbList","@id":"https:\/\/www.meydan.tv\/az\/article\/kukla-teatrinin-direktoru-beynelxalq-festivalda\/#breadcrumb","itemListElement":[{"@type":"ListItem","position":1,"name":"Ana s\u0259hif\u0259","item":"https:\/\/www.meydan.tv\/az\/"},{"@type":"ListItem","position":2,"name":"M\u0259d\u0259niyy\u0259t","item":"https:\/\/www.meydan.tv\/az\/section\/medeniyyet\/"},{"@type":"ListItem","position":3,"name":"Kukla teatr\u0131n\u0131n direktoru beyn\u0259lxalq festivalda"}]},{"@type":"WebSite","@id":"https:\/\/www.meydan.tv\/az\/#website","url":"https:\/\/www.meydan.tv\/az\/","name":"MEYDAN.TV","description":"Meydan TV Az\u0259rbaycan\u0131n media m\u0259kan\u0131ndak\u0131 alternativ s\u0259sidir","publisher":{"@id":"https:\/\/www.meydan.tv\/az\/#organization"},"potentialAction":[{"@type":"SearchAction","target":{"@type":"EntryPoint","urlTemplate":"https:\/\/www.meydan.tv\/az\/?s={search_term_string}"},"query-input":{"@type":"PropertyValueSpecification","valueRequired":true,"valueName":"search_term_string"}}],"inLanguage":"az"},{"@type":"Organization","@id":"https:\/\/www.meydan.tv\/az\/#organization","name":"Meydan TV","url":"https:\/\/www.meydan.tv\/az\/","logo":{"@type":"ImageObject","inLanguage":"az","@id":"https:\/\/www.meydan.tv\/az\/#\/schema\/logo\/image\/","url":"https:\/\/www.meydan.tv\/wp-content\/uploads\/2021\/07\/meydan-logo.svg","contentUrl":"https:\/\/www.meydan.tv\/wp-content\/uploads\/2021\/07\/meydan-logo.svg","width":195,"height":46,"caption":"Meydan TV"},"image":{"@id":"https:\/\/www.meydan.tv\/az\/#\/schema\/logo\/image\/"}},{"@type":"Person","@id":"https:\/\/www.meydan.tv\/az\/#\/schema\/person\/10d11eccf6da3662cf5fdab9806ea91a","name":"user-manager"}]}},"_links":{"self":[{"href":"https:\/\/www.meydan.tv\/az\/wp-json\/wp\/v2\/posts\/199494","targetHints":{"allow":["GET"]}}],"collection":[{"href":"https:\/\/www.meydan.tv\/az\/wp-json\/wp\/v2\/posts"}],"about":[{"href":"https:\/\/www.meydan.tv\/az\/wp-json\/wp\/v2\/types\/post"}],"author":[{"embeddable":true,"href":"https:\/\/www.meydan.tv\/az\/wp-json\/wp\/v2\/users\/11"}],"replies":[{"embeddable":true,"href":"https:\/\/www.meydan.tv\/az\/wp-json\/wp\/v2\/comments?post=199494"}],"version-history":[{"count":0,"href":"https:\/\/www.meydan.tv\/az\/wp-json\/wp\/v2\/posts\/199494\/revisions"}],"wp:featuredmedia":[{"embeddable":true,"href":"https:\/\/www.meydan.tv\/az\/wp-json\/wp\/v2\/media\/138330"}],"wp:attachment":[{"href":"https:\/\/www.meydan.tv\/az\/wp-json\/wp\/v2\/media?parent=199494"}],"wp:term":[{"taxonomy":"category","embeddable":true,"href":"https:\/\/www.meydan.tv\/az\/wp-json\/wp\/v2\/categories?post=199494"},{"taxonomy":"post_tag","embeddable":true,"href":"https:\/\/www.meydan.tv\/az\/wp-json\/wp\/v2\/tags?post=199494"}],"curies":[{"name":"wp","href":"https:\/\/api.w.org\/{rel}","templated":true}]}}