{"id":199492,"date":"2020-02-28T12:06:23","date_gmt":"2020-02-28T12:06:23","guid":{"rendered":"https:\/\/www.meydan.tv\/article\/azerbaycanda-resmi-olaraq-ilk-koronavirus-fakti-tesdiq-edilib\/"},"modified":"2020-02-28T12:06:23","modified_gmt":"2020-02-28T12:06:23","slug":"azerbaycanda-resmi-olaraq-ilk-koronavirus-fakti-tesdiq-edilib","status":"publish","type":"post","link":"https:\/\/www.meydan.tv\/az\/article\/azerbaycanda-resmi-olaraq-ilk-koronavirus-fakti-tesdiq-edilib\/","title":{"rendered":"Az\u0259rbaycanda r\u0259smi olaraq ilk koronavirus fakt\u0131 t\u0259sdiq edilib"},"content":{"rendered":"<p>\n  <i><br \/>\n    \u0130randan g\u0259l\u0259n Rusiya v\u0259t\u0259nda\u015f\u0131 x\u00fcsusi bloka yerl\u0259\u015fdirilib<br \/>\n  <\/i>\n<\/p>\n<p>\n  Az\u0259rbaycan Respublikas\u0131 Nazirl\u0259r Kabinetinin yan\u0131nda operativ q\u0259rargah Az\u0259rbaycanda ilk koronavirus (COV\u0130D-19) infeksiyas\u0131na yoluxma fakt\u0131n\u0131n qeyd\u0259 al\u0131nd\u0131\u011f\u0131n\u0131 t\u0259sdiq edib.\n<\/p>\n<p>\n  Nazirl\u0259r Kabineti yan\u0131nda m\u00fcvafiq d\u00f6vl\u0259t orqanlar\u0131n\u0131n r\u0259hb\u0259rl\u0259rind\u0259n ibar\u0259t q\u0259rargahdan \u201c<br \/>\n  <a href=\"https:\/\/azertag.az\/xeber\/Operativ_qerargah_Azerbaycanda_ilk_koronavirus_infeksiyasina_yoluxma_faktini_tesdiq_etdi-1427805\"><br \/>\n    Az\u0259rtac<br \/>\n  <\/a><br \/>\n  \u201da bildiribl\u0259r ki, x\u0259st\u0259l\u0259n\u0259n \u015f\u0259xs Rusiya Federasiyas\u0131n\u0131n v\u0259t\u0259nda\u015f\u0131d\u0131r:\n<\/p>\n<p>\n  \u201c\u0130ran \u0130slam Respublikas\u0131ndan Az\u0259rbaycana daxil olark\u0259n onda x\u0259st\u0259liyin \u0259lam\u0259tl\u0259ri m\u00fc\u0259yy\u0259n olunub. H\u0259min \u015f\u0259xs x\u0259st\u0259xanan\u0131n x\u00fcsusi rejimli infeksion boksunda yerl\u0259\u015fdirilib. Haz\u0131rda pasiyentin v\u0259ziyy\u0259ti sabitdir. Virusun yay\u0131lmas\u0131n\u0131n m\u0259hdudla\u015fd\u0131r\u0131lmas\u0131 v\u0259 onun arzuolunmaz n\u0259tic\u0259l\u0259r\u0259 yol a\u00e7mas\u0131n\u0131n qar\u015f\u0131s\u0131n\u0131n al\u0131nmas\u0131 \u00fc\u00e7\u00fcn m\u00fcvafiq t\u0259dbirl\u0259rin h\u0259yata ke\u00e7irilm\u0259sin\u0259, o c\u00fcml\u0259d\u0259n b\u00fct\u00fcn laz\u0131mi m\u0259lumatlar\u0131 \u0259ld\u0259 etm\u0259k m\u0259qs\u0259dil\u0259 virusun m\u0259nb\u0259yinin v\u0259 yay\u0131lma yollar\u0131n\u0131n, dig\u0259r yoluxma hallar\u0131n\u0131n a\u015fkarlanmas\u0131 il\u0259 ba\u011fl\u0131 x\u0259st\u0259nin \u0259laq\u0259d\u0259 oldu\u011fu \u015f\u0259xsl\u0259rin m\u00fc\u0259yy\u0259n edilm\u0259sin\u0259 ba\u015flan\u0131l\u0131b\u201d.\n<\/p>\n<p>\n  Fevral\u0131n 27-d\u0259 koronavirusla ba\u011fl\u0131 riskl\u0259rin qar\u015f\u0131s\u0131n\u0131n al\u0131nmas\u0131, operativ qabaqlay\u0131c\u0131 t\u0259dbirl\u0259rin h\u0259yata ke\u00e7irilm\u0259si m\u0259qs\u0259dil\u0259 Nazirl\u0259r Kabineti yan\u0131nda m\u00fcvafiq d\u00f6vl\u0259t orqanlar\u0131n\u0131n r\u0259hb\u0259rl\u0259rind\u0259n ibar\u0259t q\u0259rargah yarad\u0131l\u0131b.\n<\/p>\n<p>\n  Q\u0259rargah \u0130ranla s\u0259rh\u0259dd\u0259 n\u0259zar\u0259t-burax\u0131l\u0131\u015f m\u0259nt\u0259q\u0259l\u0259rinin yax\u0131nl\u0131\u011f\u0131nda FHN-in s\u0259yyar \u00e7ad\u0131r hospitallar\u0131n\u0131 yaratmaq q\u0259rar\u0131 q\u0259bul edib. Az\u0259rbaycana g\u0259l\u0259n h\u0259r k\u0259s bu hospitallarda ilkin m\u00fcayin\u0259d\u0259n ke\u00e7\u0259c\u0259k. X\u0259st\u0259lik simptomlar\u0131 a\u015fkar edildikd\u0259 koronavirus \u015f\u00fcbh\u0259si olan \u015f\u0259xsl\u0259r h\u0259kim n\u0259zar\u0259ti alt\u0131nda x\u0259st\u0259xanalara y\u00f6nl\u0259ndiril\u0259c\u0259k .\n<\/p>\n<p>\n  Az\u0259rbaycan Qida T\u0259hl\u00fck\u0259sizliyi Agentliyi (AQTA) d\u0259 koronavirusun yay\u0131lmas\u0131n\u0131n qar\u015f\u0131s\u0131n\u0131 almaq \u00fc\u00e7\u00fcn t\u0259xir\u0259sal\u0131nmaz t\u0259dbirl\u0259r g\u00f6r\u00fcr \u00f6z n\u00f6vb\u0259sind\u0259 bildirib ki, \u00f6lk\u0259y\u0259 idxal edil\u0259n, \u00f6lk\u0259d\u0259n ixrac edil\u0259n v\u0259 \u00f6lk\u0259d\u0259 istehsal edil\u0259n \u0259rza\u011f\u0131n keyfiyy\u0259ti v\u0259 t\u0259hl\u00fck\u0259sizliyi yoxlan\u0131l\u0131r.<\/p>\n","protected":false},"excerpt":{"rendered":"<p>&#8220;H\u0259min \u015f\u0259xs x\u0259st\u0259xanan\u0131n x\u00fcsusi rejimli infeksion boksunda yerl\u0259\u015fdirilib. Haz\u0131rda pasiyentin v\u0259ziyy\u0259ti sabitdir&#8221;.<\/p>\n","protected":false},"author":11,"featured_media":138324,"comment_status":"closed","ping_status":"open","sticky":false,"template":"","format":"standard","meta":{"_acf_changed":false,"_sitemap_exclude":false,"_sitemap_priority":"","_sitemap_frequency":"","footnotes":""},"categories":[62],"tags":[],"class_list":["post-199492","post","type-post","status-publish","format-standard","has-post-thumbnail","hentry","category-sosial","infinite-scroll-item","generate-columns","tablet-grid-50","mobile-grid-100","grid-parent","grid-33","no-featured-image-padding"],"acf":[],"yoast_head":"<!-- This site is optimized with the Yoast SEO plugin v27.4 - https:\/\/yoast.com\/product\/yoast-seo-wordpress\/ -->\n<title>Az\u0259rbaycanda r\u0259smi olaraq ilk koronavirus fakt\u0131 t\u0259sdiq edilib - MEYDAN.TV<\/title>\n<meta name=\"robots\" content=\"index, follow, max-snippet:-1, max-image-preview:large, max-video-preview:-1\" \/>\n<link rel=\"canonical\" href=\"https:\/\/www.meydan.tv\/az\/article\/azerbaycanda-resmi-olaraq-ilk-koronavirus-fakti-tesdiq-edilib\/\" \/>\n<meta property=\"og:locale\" content=\"az_AZ\" \/>\n<meta property=\"og:type\" content=\"article\" \/>\n<meta property=\"og:title\" content=\"Az\u0259rbaycanda r\u0259smi olaraq ilk koronavirus fakt\u0131 t\u0259sdiq edilib - MEYDAN.TV\" \/>\n<meta property=\"og:description\" content=\"&quot;H\u0259min \u015f\u0259xs x\u0259st\u0259xanan\u0131n x\u00fcsusi rejimli infeksion boksunda yerl\u0259\u015fdirilib. Haz\u0131rda pasiyentin v\u0259ziyy\u0259ti sabitdir&quot;.\" \/>\n<meta property=\"og:url\" content=\"https:\/\/www.meydan.tv\/az\/article\/azerbaycanda-resmi-olaraq-ilk-koronavirus-fakti-tesdiq-edilib\/\" \/>\n<meta property=\"og:site_name\" content=\"MEYDAN.TV\" \/>\n<meta property=\"article:published_time\" content=\"2020-02-28T12:06:23+00:00\" \/>\n<meta property=\"og:image\" content=\"https:\/\/www.meydan.tv\/wp-content\/uploads\/2020-02-20t161431z_288275846_rc2g4f9902ry_rtrmadp_3_china-health-iraq-scaled.jpg\" \/>\n\t<meta property=\"og:image:width\" content=\"2560\" \/>\n\t<meta property=\"og:image:height\" content=\"1706\" \/>\n\t<meta property=\"og:image:type\" content=\"image\/jpeg\" \/>\n<meta name=\"author\" content=\"user-manager\" \/>\n<meta name=\"twitter:card\" content=\"summary_large_image\" \/>\n<script type=\"application\/ld+json\" class=\"yoast-schema-graph\">{\"@context\":\"https:\\\/\\\/schema.org\",\"@graph\":[{\"@type\":\"Article\",\"@id\":\"https:\\\/\\\/www.meydan.tv\\\/az\\\/article\\\/azerbaycanda-resmi-olaraq-ilk-koronavirus-fakti-tesdiq-edilib\\\/#article\",\"isPartOf\":{\"@id\":\"https:\\\/\\\/www.meydan.tv\\\/az\\\/article\\\/azerbaycanda-resmi-olaraq-ilk-koronavirus-fakti-tesdiq-edilib\\\/\"},\"author\":{\"name\":\"user-manager\",\"@id\":\"https:\\\/\\\/www.meydan.tv\\\/az\\\/#\\\/schema\\\/person\\\/10d11eccf6da3662cf5fdab9806ea91a\"},\"headline\":\"Az\u0259rbaycanda r\u0259smi olaraq ilk koronavirus fakt\u0131 t\u0259sdiq edilib\",\"datePublished\":\"2020-02-28T12:06:23+00:00\",\"mainEntityOfPage\":{\"@id\":\"https:\\\/\\\/www.meydan.tv\\\/az\\\/article\\\/azerbaycanda-resmi-olaraq-ilk-koronavirus-fakti-tesdiq-edilib\\\/\"},\"wordCount\":430,\"publisher\":{\"@id\":\"https:\\\/\\\/www.meydan.tv\\\/az\\\/#organization\"},\"image\":{\"@id\":\"https:\\\/\\\/www.meydan.tv\\\/az\\\/article\\\/azerbaycanda-resmi-olaraq-ilk-koronavirus-fakti-tesdiq-edilib\\\/#primaryimage\"},\"thumbnailUrl\":\"https:\\\/\\\/www.meydan.tv\\\/wp-content\\\/uploads\\\/2020-02-20t161431z_288275846_rc2g4f9902ry_rtrmadp_3_china-health-iraq-scaled.jpg\",\"articleSection\":[\"Sosial\"],\"inLanguage\":\"az\"},{\"@type\":\"WebPage\",\"@id\":\"https:\\\/\\\/www.meydan.tv\\\/az\\\/article\\\/azerbaycanda-resmi-olaraq-ilk-koronavirus-fakti-tesdiq-edilib\\\/\",\"url\":\"https:\\\/\\\/www.meydan.tv\\\/az\\\/article\\\/azerbaycanda-resmi-olaraq-ilk-koronavirus-fakti-tesdiq-edilib\\\/\",\"name\":\"Az\u0259rbaycanda r\u0259smi olaraq ilk koronavirus fakt\u0131 t\u0259sdiq edilib - MEYDAN.TV\",\"isPartOf\":{\"@id\":\"https:\\\/\\\/www.meydan.tv\\\/az\\\/#website\"},\"primaryImageOfPage\":{\"@id\":\"https:\\\/\\\/www.meydan.tv\\\/az\\\/article\\\/azerbaycanda-resmi-olaraq-ilk-koronavirus-fakti-tesdiq-edilib\\\/#primaryimage\"},\"image\":{\"@id\":\"https:\\\/\\\/www.meydan.tv\\\/az\\\/article\\\/azerbaycanda-resmi-olaraq-ilk-koronavirus-fakti-tesdiq-edilib\\\/#primaryimage\"},\"thumbnailUrl\":\"https:\\\/\\\/www.meydan.tv\\\/wp-content\\\/uploads\\\/2020-02-20t161431z_288275846_rc2g4f9902ry_rtrmadp_3_china-health-iraq-scaled.jpg\",\"datePublished\":\"2020-02-28T12:06:23+00:00\",\"breadcrumb\":{\"@id\":\"https:\\\/\\\/www.meydan.tv\\\/az\\\/article\\\/azerbaycanda-resmi-olaraq-ilk-koronavirus-fakti-tesdiq-edilib\\\/#breadcrumb\"},\"inLanguage\":\"az\",\"potentialAction\":[{\"@type\":\"ReadAction\",\"target\":[\"https:\\\/\\\/www.meydan.tv\\\/az\\\/article\\\/azerbaycanda-resmi-olaraq-ilk-koronavirus-fakti-tesdiq-edilib\\\/\"]}]},{\"@type\":\"ImageObject\",\"inLanguage\":\"az\",\"@id\":\"https:\\\/\\\/www.meydan.tv\\\/az\\\/article\\\/azerbaycanda-resmi-olaraq-ilk-koronavirus-fakti-tesdiq-edilib\\\/#primaryimage\",\"url\":\"https:\\\/\\\/www.meydan.tv\\\/wp-content\\\/uploads\\\/2020-02-20t161431z_288275846_rc2g4f9902ry_rtrmadp_3_china-health-iraq-scaled.jpg\",\"contentUrl\":\"https:\\\/\\\/www.meydan.tv\\\/wp-content\\\/uploads\\\/2020-02-20t161431z_288275846_rc2g4f9902ry_rtrmadp_3_china-health-iraq-scaled.jpg\",\"width\":2560,\"height\":1706,\"caption\":\"Source: Specify Source\"},{\"@type\":\"BreadcrumbList\",\"@id\":\"https:\\\/\\\/www.meydan.tv\\\/az\\\/article\\\/azerbaycanda-resmi-olaraq-ilk-koronavirus-fakti-tesdiq-edilib\\\/#breadcrumb\",\"itemListElement\":[{\"@type\":\"ListItem\",\"position\":1,\"name\":\"Ana s\u0259hif\u0259\",\"item\":\"https:\\\/\\\/www.meydan.tv\\\/az\\\/\"},{\"@type\":\"ListItem\",\"position\":2,\"name\":\"Sosial\",\"item\":\"https:\\\/\\\/www.meydan.tv\\\/az\\\/section\\\/sosial\\\/\"},{\"@type\":\"ListItem\",\"position\":3,\"name\":\"Az\u0259rbaycanda r\u0259smi olaraq ilk koronavirus fakt\u0131 t\u0259sdiq edilib\"}]},{\"@type\":\"WebSite\",\"@id\":\"https:\\\/\\\/www.meydan.tv\\\/az\\\/#website\",\"url\":\"https:\\\/\\\/www.meydan.tv\\\/az\\\/\",\"name\":\"MEYDAN.TV\",\"description\":\"Meydan TV Az\u0259rbaycan\u0131n media m\u0259kan\u0131ndak\u0131 alternativ s\u0259sidir\",\"publisher\":{\"@id\":\"https:\\\/\\\/www.meydan.tv\\\/az\\\/#organization\"},\"potentialAction\":[{\"@type\":\"SearchAction\",\"target\":{\"@type\":\"EntryPoint\",\"urlTemplate\":\"https:\\\/\\\/www.meydan.tv\\\/az\\\/?s={search_term_string}\"},\"query-input\":{\"@type\":\"PropertyValueSpecification\",\"valueRequired\":true,\"valueName\":\"search_term_string\"}}],\"inLanguage\":\"az\"},{\"@type\":\"Organization\",\"@id\":\"https:\\\/\\\/www.meydan.tv\\\/az\\\/#organization\",\"name\":\"Meydan TV\",\"url\":\"https:\\\/\\\/www.meydan.tv\\\/az\\\/\",\"logo\":{\"@type\":\"ImageObject\",\"inLanguage\":\"az\",\"@id\":\"https:\\\/\\\/www.meydan.tv\\\/az\\\/#\\\/schema\\\/logo\\\/image\\\/\",\"url\":\"https:\\\/\\\/www.meydan.tv\\\/wp-content\\\/uploads\\\/2021\\\/07\\\/meydan-logo.svg\",\"contentUrl\":\"https:\\\/\\\/www.meydan.tv\\\/wp-content\\\/uploads\\\/2021\\\/07\\\/meydan-logo.svg\",\"width\":195,\"height\":46,\"caption\":\"Meydan TV\"},\"image\":{\"@id\":\"https:\\\/\\\/www.meydan.tv\\\/az\\\/#\\\/schema\\\/logo\\\/image\\\/\"}},{\"@type\":\"Person\",\"@id\":\"https:\\\/\\\/www.meydan.tv\\\/az\\\/#\\\/schema\\\/person\\\/10d11eccf6da3662cf5fdab9806ea91a\",\"name\":\"user-manager\"}]}<\/script>\n<!-- \/ Yoast SEO plugin. -->","yoast_head_json":{"title":"Az\u0259rbaycanda r\u0259smi olaraq ilk koronavirus fakt\u0131 t\u0259sdiq edilib - MEYDAN.TV","robots":{"index":"index","follow":"follow","max-snippet":"max-snippet:-1","max-image-preview":"max-image-preview:large","max-video-preview":"max-video-preview:-1"},"canonical":"https:\/\/www.meydan.tv\/az\/article\/azerbaycanda-resmi-olaraq-ilk-koronavirus-fakti-tesdiq-edilib\/","og_locale":"az_AZ","og_type":"article","og_title":"Az\u0259rbaycanda r\u0259smi olaraq ilk koronavirus fakt\u0131 t\u0259sdiq edilib - MEYDAN.TV","og_description":"\"H\u0259min \u015f\u0259xs x\u0259st\u0259xanan\u0131n x\u00fcsusi rejimli infeksion boksunda yerl\u0259\u015fdirilib. Haz\u0131rda pasiyentin v\u0259ziyy\u0259ti sabitdir\".","og_url":"https:\/\/www.meydan.tv\/az\/article\/azerbaycanda-resmi-olaraq-ilk-koronavirus-fakti-tesdiq-edilib\/","og_site_name":"MEYDAN.TV","article_published_time":"2020-02-28T12:06:23+00:00","og_image":[{"width":2560,"height":1706,"url":"https:\/\/www.meydan.tv\/wp-content\/uploads\/2020-02-20t161431z_288275846_rc2g4f9902ry_rtrmadp_3_china-health-iraq-scaled.jpg","type":"image\/jpeg"}],"author":"user-manager","twitter_card":"summary_large_image","schema":{"@context":"https:\/\/schema.org","@graph":[{"@type":"Article","@id":"https:\/\/www.meydan.tv\/az\/article\/azerbaycanda-resmi-olaraq-ilk-koronavirus-fakti-tesdiq-edilib\/#article","isPartOf":{"@id":"https:\/\/www.meydan.tv\/az\/article\/azerbaycanda-resmi-olaraq-ilk-koronavirus-fakti-tesdiq-edilib\/"},"author":{"name":"user-manager","@id":"https:\/\/www.meydan.tv\/az\/#\/schema\/person\/10d11eccf6da3662cf5fdab9806ea91a"},"headline":"Az\u0259rbaycanda r\u0259smi olaraq ilk koronavirus fakt\u0131 t\u0259sdiq edilib","datePublished":"2020-02-28T12:06:23+00:00","mainEntityOfPage":{"@id":"https:\/\/www.meydan.tv\/az\/article\/azerbaycanda-resmi-olaraq-ilk-koronavirus-fakti-tesdiq-edilib\/"},"wordCount":430,"publisher":{"@id":"https:\/\/www.meydan.tv\/az\/#organization"},"image":{"@id":"https:\/\/www.meydan.tv\/az\/article\/azerbaycanda-resmi-olaraq-ilk-koronavirus-fakti-tesdiq-edilib\/#primaryimage"},"thumbnailUrl":"https:\/\/www.meydan.tv\/wp-content\/uploads\/2020-02-20t161431z_288275846_rc2g4f9902ry_rtrmadp_3_china-health-iraq-scaled.jpg","articleSection":["Sosial"],"inLanguage":"az"},{"@type":"WebPage","@id":"https:\/\/www.meydan.tv\/az\/article\/azerbaycanda-resmi-olaraq-ilk-koronavirus-fakti-tesdiq-edilib\/","url":"https:\/\/www.meydan.tv\/az\/article\/azerbaycanda-resmi-olaraq-ilk-koronavirus-fakti-tesdiq-edilib\/","name":"Az\u0259rbaycanda r\u0259smi olaraq ilk koronavirus fakt\u0131 t\u0259sdiq edilib - MEYDAN.TV","isPartOf":{"@id":"https:\/\/www.meydan.tv\/az\/#website"},"primaryImageOfPage":{"@id":"https:\/\/www.meydan.tv\/az\/article\/azerbaycanda-resmi-olaraq-ilk-koronavirus-fakti-tesdiq-edilib\/#primaryimage"},"image":{"@id":"https:\/\/www.meydan.tv\/az\/article\/azerbaycanda-resmi-olaraq-ilk-koronavirus-fakti-tesdiq-edilib\/#primaryimage"},"thumbnailUrl":"https:\/\/www.meydan.tv\/wp-content\/uploads\/2020-02-20t161431z_288275846_rc2g4f9902ry_rtrmadp_3_china-health-iraq-scaled.jpg","datePublished":"2020-02-28T12:06:23+00:00","breadcrumb":{"@id":"https:\/\/www.meydan.tv\/az\/article\/azerbaycanda-resmi-olaraq-ilk-koronavirus-fakti-tesdiq-edilib\/#breadcrumb"},"inLanguage":"az","potentialAction":[{"@type":"ReadAction","target":["https:\/\/www.meydan.tv\/az\/article\/azerbaycanda-resmi-olaraq-ilk-koronavirus-fakti-tesdiq-edilib\/"]}]},{"@type":"ImageObject","inLanguage":"az","@id":"https:\/\/www.meydan.tv\/az\/article\/azerbaycanda-resmi-olaraq-ilk-koronavirus-fakti-tesdiq-edilib\/#primaryimage","url":"https:\/\/www.meydan.tv\/wp-content\/uploads\/2020-02-20t161431z_288275846_rc2g4f9902ry_rtrmadp_3_china-health-iraq-scaled.jpg","contentUrl":"https:\/\/www.meydan.tv\/wp-content\/uploads\/2020-02-20t161431z_288275846_rc2g4f9902ry_rtrmadp_3_china-health-iraq-scaled.jpg","width":2560,"height":1706,"caption":"Source: Specify Source"},{"@type":"BreadcrumbList","@id":"https:\/\/www.meydan.tv\/az\/article\/azerbaycanda-resmi-olaraq-ilk-koronavirus-fakti-tesdiq-edilib\/#breadcrumb","itemListElement":[{"@type":"ListItem","position":1,"name":"Ana s\u0259hif\u0259","item":"https:\/\/www.meydan.tv\/az\/"},{"@type":"ListItem","position":2,"name":"Sosial","item":"https:\/\/www.meydan.tv\/az\/section\/sosial\/"},{"@type":"ListItem","position":3,"name":"Az\u0259rbaycanda r\u0259smi olaraq ilk koronavirus fakt\u0131 t\u0259sdiq edilib"}]},{"@type":"WebSite","@id":"https:\/\/www.meydan.tv\/az\/#website","url":"https:\/\/www.meydan.tv\/az\/","name":"MEYDAN.TV","description":"Meydan TV Az\u0259rbaycan\u0131n media m\u0259kan\u0131ndak\u0131 alternativ s\u0259sidir","publisher":{"@id":"https:\/\/www.meydan.tv\/az\/#organization"},"potentialAction":[{"@type":"SearchAction","target":{"@type":"EntryPoint","urlTemplate":"https:\/\/www.meydan.tv\/az\/?s={search_term_string}"},"query-input":{"@type":"PropertyValueSpecification","valueRequired":true,"valueName":"search_term_string"}}],"inLanguage":"az"},{"@type":"Organization","@id":"https:\/\/www.meydan.tv\/az\/#organization","name":"Meydan TV","url":"https:\/\/www.meydan.tv\/az\/","logo":{"@type":"ImageObject","inLanguage":"az","@id":"https:\/\/www.meydan.tv\/az\/#\/schema\/logo\/image\/","url":"https:\/\/www.meydan.tv\/wp-content\/uploads\/2021\/07\/meydan-logo.svg","contentUrl":"https:\/\/www.meydan.tv\/wp-content\/uploads\/2021\/07\/meydan-logo.svg","width":195,"height":46,"caption":"Meydan TV"},"image":{"@id":"https:\/\/www.meydan.tv\/az\/#\/schema\/logo\/image\/"}},{"@type":"Person","@id":"https:\/\/www.meydan.tv\/az\/#\/schema\/person\/10d11eccf6da3662cf5fdab9806ea91a","name":"user-manager"}]}},"_links":{"self":[{"href":"https:\/\/www.meydan.tv\/az\/wp-json\/wp\/v2\/posts\/199492","targetHints":{"allow":["GET"]}}],"collection":[{"href":"https:\/\/www.meydan.tv\/az\/wp-json\/wp\/v2\/posts"}],"about":[{"href":"https:\/\/www.meydan.tv\/az\/wp-json\/wp\/v2\/types\/post"}],"author":[{"embeddable":true,"href":"https:\/\/www.meydan.tv\/az\/wp-json\/wp\/v2\/users\/11"}],"replies":[{"embeddable":true,"href":"https:\/\/www.meydan.tv\/az\/wp-json\/wp\/v2\/comments?post=199492"}],"version-history":[{"count":0,"href":"https:\/\/www.meydan.tv\/az\/wp-json\/wp\/v2\/posts\/199492\/revisions"}],"wp:featuredmedia":[{"embeddable":true,"href":"https:\/\/www.meydan.tv\/az\/wp-json\/wp\/v2\/media\/138324"}],"wp:attachment":[{"href":"https:\/\/www.meydan.tv\/az\/wp-json\/wp\/v2\/media?parent=199492"}],"wp:term":[{"taxonomy":"category","embeddable":true,"href":"https:\/\/www.meydan.tv\/az\/wp-json\/wp\/v2\/categories?post=199492"},{"taxonomy":"post_tag","embeddable":true,"href":"https:\/\/www.meydan.tv\/az\/wp-json\/wp\/v2\/tags?post=199492"}],"curies":[{"name":"wp","href":"https:\/\/api.w.org\/{rel}","templated":true}]}}