{"id":199486,"date":"2020-02-27T15:57:19","date_gmt":"2020-02-27T15:57:19","guid":{"rendered":"https:\/\/www.meydan.tv\/article\/40-basdan-cox-iribuynuzlu-heyvanimiz-ogurlanib\/"},"modified":"2020-02-27T15:57:19","modified_gmt":"2020-02-27T15:57:19","slug":"40-basdan-cox-iribuynuzlu-heyvanimiz-ogurlanib","status":"publish","type":"post","link":"https:\/\/www.meydan.tv\/az\/article\/40-basdan-cox-iribuynuzlu-heyvanimiz-ogurlanib\/","title":{"rendered":"\u201c40 ba\u015fdan \u00e7ox iribuynuzlu heyvan\u0131m\u0131z o\u011furlan\u0131b\u201d"},"content":{"rendered":"<p>\n  <i><br \/>\n    K\u0259lb\u0259c\u0259r k\u00f6\u00e7k\u00fcnl\u0259ri deyir, k\u0259nd\u0259 dadanan mal-qara o\u011frular\u0131 6 aya yax\u0131nd\u0131r ki, tap\u0131lm\u0131r<br \/>\n  <\/i>\n<\/p>\n<p>\n  \u201cAvqustdan oktyabrad\u0259k 9 qap\u0131dan \u00fcmumilikd\u0259 40 ba\u015fdan \u00e7ox iribuynuzlu heyvan apar\u0131l\u0131b. 6 aydan \u00e7ox vaxt ke\u00e7ir, polis h\u0259l\u0259 d\u0259 o\u011frunu tapmay\u0131b\u201d.\n<\/p>\n<p>\n  Goranboyun Me\u015f\u0259li k\u0259ndind\u0259 m\u0259skunla\u015fan k\u0259lb\u0259c\u0259rli M\u00fcr\u015f\u00fcd Zeynalov Meydan TV-y\u0259 dan\u0131\u015f\u0131r ki, o\u011frular onun h\u0259y\u0259tinin arxac deyil\u0259n hiss\u0259sind\u0259n ayr\u0131-ayr\u0131 vaxtlarda xeyli heyvan apar\u0131blar. Ancaq o\u011furlanan t\u0259kc\u0259 onun mal-qaras\u0131 deyil, h\u0259min \u0259razid\u0259 ya\u015fayan bir ne\u00e7\u0259 ail\u0259nin heyvan\u0131 yoxa \u00e7\u0131x\u0131b.\n<\/p>\n<p>\n  <b><br \/>\n    \u201cH\u0259y\u0259timd\u0259n 14 ba\u015f heyvan apar\u0131l\u0131b\u201d<br \/>\n  <\/b>\n<\/p>\n<p>\n  \u201cBirinin heyvan\u0131n\u0131 otlaqdan o\u011furlay\u0131rlar, birinin heyvan\u0131n\u0131 h\u0259y\u0259tind\u0259n&#8230; \u015e\u0259xs\u0259n m\u0259nim 6 ba\u015f in\u0259yim avqustun 22-d\u0259, 8 ba\u015f heyvan\u0131m oktyabr\u0131n 2-d\u0259 h\u0259y\u0259timd\u0259ki arxacdan apar\u0131l\u0131b. Nec\u0259 pe\u015f\u0259kard\u0131larsa, in\u0259kl\u0259ri el\u0259 apar\u0131rlar, he\u00e7 k\u0259s x\u0259b\u0259r tutmur. Adamlar i\u015f-g\u00fccl\u0259rini at\u0131b, s\u0259h\u0259rd\u0259n ax\u015fama, ax\u015famdan s\u0259h\u0259r\u0259d\u0259k heyvan\u0131n\u0131 g\u00fcd\u00fcr. S\u00f6hb\u0259t 4-5 heyvandan yox, dediyim kimi, az\u0131 40-45 heyvandan gedir. Nec\u0259 c\u0259sar\u0259tli o\u011fru olasan ki, eyni k\u0259ndd\u0259n q\u0131sa m\u00fcdd\u0259td\u0259 bu q\u0259d\u0259r heyvan o\u011furlayasan. Ged\u0259s\u0259n, o\u011furluq etdiyin yer\u0259 yen\u0259 qay\u0131d\u0131b, d\u0259f\u0259l\u0259rl\u0259 o\u011furluq ed\u0259s\u0259n. Bu o\u011frular c\u0259sar\u0259ti kimd\u0259n, hardan al\u0131r? Kim\u0259 arxay\u0131nd\u0131lar, kim t\u0259r\u0259find\u0259n himay\u0259 olunurlar ki, he\u00e7 kimd\u0259n qorxmurlar? Bu suallar\u0131n cavab\u0131 biz\u0259 d\u0259 qaranl\u0131q qal\u0131b\u201d, &#8211; M\u00fcr\u015f\u00fcd Zeynalov deyir.\n<\/p>\n<p>\n  <b><br \/>\n    \u201cH\u0259r yer kamerad\u0131r, o\u011frularsa tap\u0131lm\u0131r\u201d<br \/>\n  <\/b>\n<\/p>\n<p>\n  M\u00fcr\u015f\u00fcd Zeynalov deyir, heyvanlar\u0131n o\u011furland\u0131\u011f\u0131 \u0259razil\u0259r kamerala\u015fd\u0131r\u0131lm\u0131\u015f \u0259razidir:\n<\/p>\n<p>\n  \u201cYa\u015fad\u0131\u011f\u0131m\u0131z \u0259razi d\u00f6y\u00fc\u015f b\u00f6lg\u0259si hesab olunur. Buralar d\u00fcz Murovda\u011fa, Tapqaraqoyunluya q\u0259d\u0259r kamerala\u015fd\u0131r\u0131l\u0131b. O\u011fru hans\u0131 t\u0259r\u0259fd\u0259n gets\u0259, o kameraya d\u00fc\u015fm\u0259liydi. Ancaq polis deyir, o\u011fru kameraya d\u00fc\u015fm\u0259yib. \u015e\u0259xs\u0259n m\u0259ni \u00e7a\u011f\u0131r\u0131b, g\u00f6r\u00fcnt\u00fcl\u0259ri g\u00f6st\u0259ribl\u0259r, o g\u00f6r\u00fcnt\u00fcl\u0259rd\u0259 \u015f\u00fcbh\u0259li he\u00e7 n\u0259 g\u00f6rm\u0259mi\u015f\u0259m. H\u0259r\u00e7\u0259nd ki, texnologiyadan ba\u015f\u0131m \u00e7\u0131xm\u0131r, bilmir\u0259m ki, m\u0259n\u0259 hans\u0131 tarixin, hans\u0131 saat\u0131n g\u00f6r\u00fcnt\u00fcl\u0259ri g\u00f6st\u0259rilib. Bu o\u011fru iyn\u0259 o\u011furlamay\u0131b, h\u0259r d\u0259f\u0259sind\u0259 az\u0131 7-8 in\u0259k apar\u0131b, nec\u0259 ola bil\u0259r ki, o boyda h\u0259ngam\u0259 kameraya d\u00fc\u015fm\u0259sin, bu da biz\u0259 \u015f\u00fcbh\u0259li qal\u0131b\u201d.\n<\/p>\n<p>\n  Mal-qaras\u0131 o\u011furlanan k\u00f6\u00e7k\u00fcnl\u0259r \u015f\u00fcbh\u0259l\u0259ri bar\u0259d\u0259 d\u0259f\u0259l\u0259rl\u0259 polis\u0259, prokurorlu\u011fa bildiribl\u0259r. Lakin n\u0259tic\u0259si olmay\u0131b.\n<\/p>\n<p>\n  <b><br \/>\n    \u201cG\u00f6z\u00fcm bazarlarda heyvanlar\u0131m\u0131 axtar\u0131r\u201d<br \/>\n  <\/b>\n<\/p>\n<p>\n  M\u00fcr\u015f\u00fcd Zeynalov deyir, \u015f\u0259xs\u0259n \u00f6z\u00fc bazarlar\u0131 dola\u015f\u0131b ki, b\u0259lk\u0259 mal-qaras\u0131 il\u0259 rastla\u015far:\n<\/p>\n<p>\n  \u201cG\u00fcnl\u0259rl\u0259 bazarlar\u0131 dola\u015fm\u0131\u015fam, mal-qaram\u0131 axtarm\u0131\u015fam, onu da deyim ki, o\u011fru h\u0259r d\u0259f\u0259 se\u00e7ib, \u0259n sa\u011flam, \u0259tlik in\u0259kl\u0259ri apar\u0131b. \u0130ll\u0259rdir ki, mal-qarayla dolan\u0131r\u0131q, s\u00fcd\u00fcn\u00fc, \u0259tini sat\u0131b ail\u0259l\u0259rimizi saxlay\u0131r\u0131q. Bir t\u0259r\u0259fd\u0259n d\u0259 dadan\u0131blar k\u0259nd\u0259, gec\u0259yl\u0259 y\u0131\u011f\u0131b-y\u0131\u011f\u0131\u015fd\u0131r\u0131b apar\u0131rlar. \u015e\u0259xs\u0259n m\u0259n\u0259 30 min manata yax\u0131n z\u0259r\u0259r d\u0259yib. O\u011furlanan in\u0259kl\u0259rimin ham\u0131s\u0131 sa\u011fmal, \u0259tlik idi, bazara \u00e7\u0259ks\u0259ydim, az\u0131 2500-3000 manata sata bil\u0259rdim.\n<\/p>\n<p>\n  \u018fraziy\u0259 Xocal\u0131 \u015e\u0259h\u0259r Polis \u015e\u00f6b\u0259si bax\u0131r. H\u0259min \u015f\u00f6b\u0259d\u0259n Meydan TV-y\u0259 bildiribl\u0259r ki, k\u00f6\u00e7k\u00fcnl\u0259r d\u0259f\u0259l\u0259rl\u0259 Xocal\u0131 polisind\u0259 olublar, \u015f\u00fcbh\u0259l\u0259ri il\u0259 ba\u011fl\u0131 verdikl\u0259ri m\u0259lumatlar ara\u015fd\u0131r\u0131l\u0131b v\u0259 t\u0259sdiqini tapmay\u0131b. Mal-qara o\u011furlu\u011fu il\u0259 ba\u011fl\u0131 ara\u015fd\u0131rmalar davam etdirilir.\n<\/p>\n<p>\n  Me\u015f\u0259lid\u0259ki k\u00f6\u00e7k\u00fcnl\u0259rs\u0259 gec\u0259l\u0259ri rahat yata bilmirl\u0259r. Deyirl\u0259r, o\u011frular a\u015fkar edilib c\u0259zalar\u0131na \u00e7atmay\u0131nca, bu k\u0259ndd\u0259 s\u0259h\u0259r\u0259d\u0259k yatan olmayacaq. H\u0259r k\u0259sin g\u00f6z\u00fc gec\u0259l\u0259r h\u0259y\u0259tind\u0259ki, g\u00fcnd\u00fczl\u0259r \u00f6r\u00fc\u015fd\u0259ki heyvan\u0131n\u0131n \u00fcz\u0259rind\u0259dir.<\/p>\n","protected":false},"excerpt":{"rendered":"<p>K\u0259lb\u0259c\u0259r k\u00f6\u00e7k\u00fcnl\u0259ri deyir, k\u0259nd\u0259 dadanan mal-qara o\u011frular\u0131 6 aya yax\u0131nd\u0131r ki, tap\u0131lm\u0131r<\/p>\n","protected":false},"author":11,"featured_media":138306,"comment_status":"closed","ping_status":"open","sticky":false,"template":"","format":"standard","meta":{"_acf_changed":false,"_sitemap_exclude":false,"_sitemap_priority":"","_sitemap_frequency":"","footnotes":""},"categories":[60],"tags":[],"class_list":["post-199486","post","type-post","status-publish","format-standard","has-post-thumbnail","hentry","category-bolge","infinite-scroll-item","generate-columns","tablet-grid-50","mobile-grid-100","grid-parent","grid-33","no-featured-image-padding"],"acf":[],"yoast_head":"<!-- This site is optimized with the Yoast SEO plugin v27.5 - https:\/\/yoast.com\/product\/yoast-seo-wordpress\/ -->\n<title>\u201c40 ba\u015fdan \u00e7ox iribuynuzlu heyvan\u0131m\u0131z o\u011furlan\u0131b\u201d - MEYDAN.TV<\/title>\n<meta name=\"robots\" content=\"index, follow, max-snippet:-1, max-image-preview:large, max-video-preview:-1\" \/>\n<link rel=\"canonical\" href=\"https:\/\/www.meydan.tv\/az\/article\/40-basdan-cox-iribuynuzlu-heyvanimiz-ogurlanib\/\" \/>\n<meta property=\"og:locale\" content=\"az_AZ\" \/>\n<meta property=\"og:type\" content=\"article\" \/>\n<meta property=\"og:title\" content=\"\u201c40 ba\u015fdan \u00e7ox iribuynuzlu heyvan\u0131m\u0131z o\u011furlan\u0131b\u201d - MEYDAN.TV\" \/>\n<meta property=\"og:description\" content=\"K\u0259lb\u0259c\u0259r k\u00f6\u00e7k\u00fcnl\u0259ri deyir, k\u0259nd\u0259 dadanan mal-qara o\u011frular\u0131 6 aya yax\u0131nd\u0131r ki, tap\u0131lm\u0131r\" \/>\n<meta property=\"og:url\" content=\"https:\/\/www.meydan.tv\/az\/article\/40-basdan-cox-iribuynuzlu-heyvanimiz-ogurlanib\/\" \/>\n<meta property=\"og:site_name\" content=\"MEYDAN.TV\" \/>\n<meta property=\"article:published_time\" content=\"2020-02-27T15:57:19+00:00\" \/>\n<meta property=\"og:image\" content=\"https:\/\/www.meydan.tv\/wp-content\/uploads\/1d68dacb-305c-427a-8e7b-b41cad4d17b2_cx25_cy27_cw67_w1200_r1_s.jpg\" \/>\n\t<meta property=\"og:image:width\" content=\"1200\" \/>\n\t<meta property=\"og:image:height\" content=\"675\" \/>\n\t<meta property=\"og:image:type\" content=\"image\/jpeg\" \/>\n<meta name=\"author\" content=\"user-manager\" \/>\n<meta name=\"twitter:card\" content=\"summary_large_image\" \/>\n<script type=\"application\/ld+json\" class=\"yoast-schema-graph\">{\"@context\":\"https:\\\/\\\/schema.org\",\"@graph\":[{\"@type\":\"Article\",\"@id\":\"https:\\\/\\\/www.meydan.tv\\\/az\\\/article\\\/40-basdan-cox-iribuynuzlu-heyvanimiz-ogurlanib\\\/#article\",\"isPartOf\":{\"@id\":\"https:\\\/\\\/www.meydan.tv\\\/az\\\/article\\\/40-basdan-cox-iribuynuzlu-heyvanimiz-ogurlanib\\\/\"},\"author\":{\"name\":\"user-manager\",\"@id\":\"https:\\\/\\\/www.meydan.tv\\\/az\\\/#\\\/schema\\\/person\\\/10d11eccf6da3662cf5fdab9806ea91a\"},\"headline\":\"\u201c40 ba\u015fdan \u00e7ox iribuynuzlu heyvan\u0131m\u0131z o\u011furlan\u0131b\u201d\",\"datePublished\":\"2020-02-27T15:57:19+00:00\",\"mainEntityOfPage\":{\"@id\":\"https:\\\/\\\/www.meydan.tv\\\/az\\\/article\\\/40-basdan-cox-iribuynuzlu-heyvanimiz-ogurlanib\\\/\"},\"wordCount\":756,\"publisher\":{\"@id\":\"https:\\\/\\\/www.meydan.tv\\\/az\\\/#organization\"},\"image\":{\"@id\":\"https:\\\/\\\/www.meydan.tv\\\/az\\\/article\\\/40-basdan-cox-iribuynuzlu-heyvanimiz-ogurlanib\\\/#primaryimage\"},\"thumbnailUrl\":\"https:\\\/\\\/www.meydan.tv\\\/wp-content\\\/uploads\\\/1d68dacb-305c-427a-8e7b-b41cad4d17b2_cx25_cy27_cw67_w1200_r1_s.jpg\",\"articleSection\":[\"B\u00f6lg\u0259\"],\"inLanguage\":\"az\"},{\"@type\":\"WebPage\",\"@id\":\"https:\\\/\\\/www.meydan.tv\\\/az\\\/article\\\/40-basdan-cox-iribuynuzlu-heyvanimiz-ogurlanib\\\/\",\"url\":\"https:\\\/\\\/www.meydan.tv\\\/az\\\/article\\\/40-basdan-cox-iribuynuzlu-heyvanimiz-ogurlanib\\\/\",\"name\":\"\u201c40 ba\u015fdan \u00e7ox iribuynuzlu heyvan\u0131m\u0131z o\u011furlan\u0131b\u201d - MEYDAN.TV\",\"isPartOf\":{\"@id\":\"https:\\\/\\\/www.meydan.tv\\\/az\\\/#website\"},\"primaryImageOfPage\":{\"@id\":\"https:\\\/\\\/www.meydan.tv\\\/az\\\/article\\\/40-basdan-cox-iribuynuzlu-heyvanimiz-ogurlanib\\\/#primaryimage\"},\"image\":{\"@id\":\"https:\\\/\\\/www.meydan.tv\\\/az\\\/article\\\/40-basdan-cox-iribuynuzlu-heyvanimiz-ogurlanib\\\/#primaryimage\"},\"thumbnailUrl\":\"https:\\\/\\\/www.meydan.tv\\\/wp-content\\\/uploads\\\/1d68dacb-305c-427a-8e7b-b41cad4d17b2_cx25_cy27_cw67_w1200_r1_s.jpg\",\"datePublished\":\"2020-02-27T15:57:19+00:00\",\"breadcrumb\":{\"@id\":\"https:\\\/\\\/www.meydan.tv\\\/az\\\/article\\\/40-basdan-cox-iribuynuzlu-heyvanimiz-ogurlanib\\\/#breadcrumb\"},\"inLanguage\":\"az\",\"potentialAction\":[{\"@type\":\"ReadAction\",\"target\":[\"https:\\\/\\\/www.meydan.tv\\\/az\\\/article\\\/40-basdan-cox-iribuynuzlu-heyvanimiz-ogurlanib\\\/\"]}]},{\"@type\":\"ImageObject\",\"inLanguage\":\"az\",\"@id\":\"https:\\\/\\\/www.meydan.tv\\\/az\\\/article\\\/40-basdan-cox-iribuynuzlu-heyvanimiz-ogurlanib\\\/#primaryimage\",\"url\":\"https:\\\/\\\/www.meydan.tv\\\/wp-content\\\/uploads\\\/1d68dacb-305c-427a-8e7b-b41cad4d17b2_cx25_cy27_cw67_w1200_r1_s.jpg\",\"contentUrl\":\"https:\\\/\\\/www.meydan.tv\\\/wp-content\\\/uploads\\\/1d68dacb-305c-427a-8e7b-b41cad4d17b2_cx25_cy27_cw67_w1200_r1_s.jpg\",\"width\":1200,\"height\":675,\"caption\":\"Source: Arxiv foto\"},{\"@type\":\"BreadcrumbList\",\"@id\":\"https:\\\/\\\/www.meydan.tv\\\/az\\\/article\\\/40-basdan-cox-iribuynuzlu-heyvanimiz-ogurlanib\\\/#breadcrumb\",\"itemListElement\":[{\"@type\":\"ListItem\",\"position\":1,\"name\":\"Ana s\u0259hif\u0259\",\"item\":\"https:\\\/\\\/www.meydan.tv\\\/az\\\/\"},{\"@type\":\"ListItem\",\"position\":2,\"name\":\"B\u00f6lg\u0259\",\"item\":\"https:\\\/\\\/www.meydan.tv\\\/az\\\/section\\\/bolge\\\/\"},{\"@type\":\"ListItem\",\"position\":3,\"name\":\"\u201c40 ba\u015fdan \u00e7ox iribuynuzlu heyvan\u0131m\u0131z o\u011furlan\u0131b\u201d\"}]},{\"@type\":\"WebSite\",\"@id\":\"https:\\\/\\\/www.meydan.tv\\\/az\\\/#website\",\"url\":\"https:\\\/\\\/www.meydan.tv\\\/az\\\/\",\"name\":\"MEYDAN.TV\",\"description\":\"Meydan TV Az\u0259rbaycan\u0131n media m\u0259kan\u0131ndak\u0131 alternativ s\u0259sidir\",\"publisher\":{\"@id\":\"https:\\\/\\\/www.meydan.tv\\\/az\\\/#organization\"},\"potentialAction\":[{\"@type\":\"SearchAction\",\"target\":{\"@type\":\"EntryPoint\",\"urlTemplate\":\"https:\\\/\\\/www.meydan.tv\\\/az\\\/?s={search_term_string}\"},\"query-input\":{\"@type\":\"PropertyValueSpecification\",\"valueRequired\":true,\"valueName\":\"search_term_string\"}}],\"inLanguage\":\"az\"},{\"@type\":\"Organization\",\"@id\":\"https:\\\/\\\/www.meydan.tv\\\/az\\\/#organization\",\"name\":\"Meydan TV\",\"url\":\"https:\\\/\\\/www.meydan.tv\\\/az\\\/\",\"logo\":{\"@type\":\"ImageObject\",\"inLanguage\":\"az\",\"@id\":\"https:\\\/\\\/www.meydan.tv\\\/az\\\/#\\\/schema\\\/logo\\\/image\\\/\",\"url\":\"https:\\\/\\\/www.meydan.tv\\\/wp-content\\\/uploads\\\/2021\\\/07\\\/meydan-logo.svg\",\"contentUrl\":\"https:\\\/\\\/www.meydan.tv\\\/wp-content\\\/uploads\\\/2021\\\/07\\\/meydan-logo.svg\",\"width\":195,\"height\":46,\"caption\":\"Meydan TV\"},\"image\":{\"@id\":\"https:\\\/\\\/www.meydan.tv\\\/az\\\/#\\\/schema\\\/logo\\\/image\\\/\"}},{\"@type\":\"Person\",\"@id\":\"https:\\\/\\\/www.meydan.tv\\\/az\\\/#\\\/schema\\\/person\\\/10d11eccf6da3662cf5fdab9806ea91a\",\"name\":\"user-manager\"}]}<\/script>\n<!-- \/ Yoast SEO plugin. -->","yoast_head_json":{"title":"\u201c40 ba\u015fdan \u00e7ox iribuynuzlu heyvan\u0131m\u0131z o\u011furlan\u0131b\u201d - MEYDAN.TV","robots":{"index":"index","follow":"follow","max-snippet":"max-snippet:-1","max-image-preview":"max-image-preview:large","max-video-preview":"max-video-preview:-1"},"canonical":"https:\/\/www.meydan.tv\/az\/article\/40-basdan-cox-iribuynuzlu-heyvanimiz-ogurlanib\/","og_locale":"az_AZ","og_type":"article","og_title":"\u201c40 ba\u015fdan \u00e7ox iribuynuzlu heyvan\u0131m\u0131z o\u011furlan\u0131b\u201d - MEYDAN.TV","og_description":"K\u0259lb\u0259c\u0259r k\u00f6\u00e7k\u00fcnl\u0259ri deyir, k\u0259nd\u0259 dadanan mal-qara o\u011frular\u0131 6 aya yax\u0131nd\u0131r ki, tap\u0131lm\u0131r","og_url":"https:\/\/www.meydan.tv\/az\/article\/40-basdan-cox-iribuynuzlu-heyvanimiz-ogurlanib\/","og_site_name":"MEYDAN.TV","article_published_time":"2020-02-27T15:57:19+00:00","og_image":[{"width":1200,"height":675,"url":"https:\/\/www.meydan.tv\/wp-content\/uploads\/1d68dacb-305c-427a-8e7b-b41cad4d17b2_cx25_cy27_cw67_w1200_r1_s.jpg","type":"image\/jpeg"}],"author":"user-manager","twitter_card":"summary_large_image","schema":{"@context":"https:\/\/schema.org","@graph":[{"@type":"Article","@id":"https:\/\/www.meydan.tv\/az\/article\/40-basdan-cox-iribuynuzlu-heyvanimiz-ogurlanib\/#article","isPartOf":{"@id":"https:\/\/www.meydan.tv\/az\/article\/40-basdan-cox-iribuynuzlu-heyvanimiz-ogurlanib\/"},"author":{"name":"user-manager","@id":"https:\/\/www.meydan.tv\/az\/#\/schema\/person\/10d11eccf6da3662cf5fdab9806ea91a"},"headline":"\u201c40 ba\u015fdan \u00e7ox iribuynuzlu heyvan\u0131m\u0131z o\u011furlan\u0131b\u201d","datePublished":"2020-02-27T15:57:19+00:00","mainEntityOfPage":{"@id":"https:\/\/www.meydan.tv\/az\/article\/40-basdan-cox-iribuynuzlu-heyvanimiz-ogurlanib\/"},"wordCount":756,"publisher":{"@id":"https:\/\/www.meydan.tv\/az\/#organization"},"image":{"@id":"https:\/\/www.meydan.tv\/az\/article\/40-basdan-cox-iribuynuzlu-heyvanimiz-ogurlanib\/#primaryimage"},"thumbnailUrl":"https:\/\/www.meydan.tv\/wp-content\/uploads\/1d68dacb-305c-427a-8e7b-b41cad4d17b2_cx25_cy27_cw67_w1200_r1_s.jpg","articleSection":["B\u00f6lg\u0259"],"inLanguage":"az"},{"@type":"WebPage","@id":"https:\/\/www.meydan.tv\/az\/article\/40-basdan-cox-iribuynuzlu-heyvanimiz-ogurlanib\/","url":"https:\/\/www.meydan.tv\/az\/article\/40-basdan-cox-iribuynuzlu-heyvanimiz-ogurlanib\/","name":"\u201c40 ba\u015fdan \u00e7ox iribuynuzlu heyvan\u0131m\u0131z o\u011furlan\u0131b\u201d - MEYDAN.TV","isPartOf":{"@id":"https:\/\/www.meydan.tv\/az\/#website"},"primaryImageOfPage":{"@id":"https:\/\/www.meydan.tv\/az\/article\/40-basdan-cox-iribuynuzlu-heyvanimiz-ogurlanib\/#primaryimage"},"image":{"@id":"https:\/\/www.meydan.tv\/az\/article\/40-basdan-cox-iribuynuzlu-heyvanimiz-ogurlanib\/#primaryimage"},"thumbnailUrl":"https:\/\/www.meydan.tv\/wp-content\/uploads\/1d68dacb-305c-427a-8e7b-b41cad4d17b2_cx25_cy27_cw67_w1200_r1_s.jpg","datePublished":"2020-02-27T15:57:19+00:00","breadcrumb":{"@id":"https:\/\/www.meydan.tv\/az\/article\/40-basdan-cox-iribuynuzlu-heyvanimiz-ogurlanib\/#breadcrumb"},"inLanguage":"az","potentialAction":[{"@type":"ReadAction","target":["https:\/\/www.meydan.tv\/az\/article\/40-basdan-cox-iribuynuzlu-heyvanimiz-ogurlanib\/"]}]},{"@type":"ImageObject","inLanguage":"az","@id":"https:\/\/www.meydan.tv\/az\/article\/40-basdan-cox-iribuynuzlu-heyvanimiz-ogurlanib\/#primaryimage","url":"https:\/\/www.meydan.tv\/wp-content\/uploads\/1d68dacb-305c-427a-8e7b-b41cad4d17b2_cx25_cy27_cw67_w1200_r1_s.jpg","contentUrl":"https:\/\/www.meydan.tv\/wp-content\/uploads\/1d68dacb-305c-427a-8e7b-b41cad4d17b2_cx25_cy27_cw67_w1200_r1_s.jpg","width":1200,"height":675,"caption":"Source: Arxiv foto"},{"@type":"BreadcrumbList","@id":"https:\/\/www.meydan.tv\/az\/article\/40-basdan-cox-iribuynuzlu-heyvanimiz-ogurlanib\/#breadcrumb","itemListElement":[{"@type":"ListItem","position":1,"name":"Ana s\u0259hif\u0259","item":"https:\/\/www.meydan.tv\/az\/"},{"@type":"ListItem","position":2,"name":"B\u00f6lg\u0259","item":"https:\/\/www.meydan.tv\/az\/section\/bolge\/"},{"@type":"ListItem","position":3,"name":"\u201c40 ba\u015fdan \u00e7ox iribuynuzlu heyvan\u0131m\u0131z o\u011furlan\u0131b\u201d"}]},{"@type":"WebSite","@id":"https:\/\/www.meydan.tv\/az\/#website","url":"https:\/\/www.meydan.tv\/az\/","name":"MEYDAN.TV","description":"Meydan TV Az\u0259rbaycan\u0131n media m\u0259kan\u0131ndak\u0131 alternativ s\u0259sidir","publisher":{"@id":"https:\/\/www.meydan.tv\/az\/#organization"},"potentialAction":[{"@type":"SearchAction","target":{"@type":"EntryPoint","urlTemplate":"https:\/\/www.meydan.tv\/az\/?s={search_term_string}"},"query-input":{"@type":"PropertyValueSpecification","valueRequired":true,"valueName":"search_term_string"}}],"inLanguage":"az"},{"@type":"Organization","@id":"https:\/\/www.meydan.tv\/az\/#organization","name":"Meydan TV","url":"https:\/\/www.meydan.tv\/az\/","logo":{"@type":"ImageObject","inLanguage":"az","@id":"https:\/\/www.meydan.tv\/az\/#\/schema\/logo\/image\/","url":"https:\/\/www.meydan.tv\/wp-content\/uploads\/2021\/07\/meydan-logo.svg","contentUrl":"https:\/\/www.meydan.tv\/wp-content\/uploads\/2021\/07\/meydan-logo.svg","width":195,"height":46,"caption":"Meydan TV"},"image":{"@id":"https:\/\/www.meydan.tv\/az\/#\/schema\/logo\/image\/"}},{"@type":"Person","@id":"https:\/\/www.meydan.tv\/az\/#\/schema\/person\/10d11eccf6da3662cf5fdab9806ea91a","name":"user-manager"}]}},"_links":{"self":[{"href":"https:\/\/www.meydan.tv\/az\/wp-json\/wp\/v2\/posts\/199486","targetHints":{"allow":["GET"]}}],"collection":[{"href":"https:\/\/www.meydan.tv\/az\/wp-json\/wp\/v2\/posts"}],"about":[{"href":"https:\/\/www.meydan.tv\/az\/wp-json\/wp\/v2\/types\/post"}],"author":[{"embeddable":true,"href":"https:\/\/www.meydan.tv\/az\/wp-json\/wp\/v2\/users\/11"}],"replies":[{"embeddable":true,"href":"https:\/\/www.meydan.tv\/az\/wp-json\/wp\/v2\/comments?post=199486"}],"version-history":[{"count":0,"href":"https:\/\/www.meydan.tv\/az\/wp-json\/wp\/v2\/posts\/199486\/revisions"}],"wp:featuredmedia":[{"embeddable":true,"href":"https:\/\/www.meydan.tv\/az\/wp-json\/wp\/v2\/media\/138306"}],"wp:attachment":[{"href":"https:\/\/www.meydan.tv\/az\/wp-json\/wp\/v2\/media?parent=199486"}],"wp:term":[{"taxonomy":"category","embeddable":true,"href":"https:\/\/www.meydan.tv\/az\/wp-json\/wp\/v2\/categories?post=199486"},{"taxonomy":"post_tag","embeddable":true,"href":"https:\/\/www.meydan.tv\/az\/wp-json\/wp\/v2\/tags?post=199486"}],"curies":[{"name":"wp","href":"https:\/\/api.w.org\/{rel}","templated":true}]}}