{"id":199483,"date":"2020-02-27T15:14:00","date_gmt":"2020-02-27T15:14:00","guid":{"rendered":"https:\/\/www.meydan.tv\/article\/4-il-qaranliqda-yasayan-aile\/"},"modified":"2020-02-27T15:14:00","modified_gmt":"2020-02-27T15:14:00","slug":"4-il-qaranliqda-yasayan-aile","status":"publish","type":"post","link":"https:\/\/www.meydan.tv\/az\/article\/4-il-qaranliqda-yasayan-aile\/","title":{"rendered":"4 il qaranl\u0131qda ya\u015fayan ail\u0259"},"content":{"rendered":"<p>\n  <i><br \/>\n    \u201cSay\u011fac \u00fc\u00e7\u00fcn \u00f6d\u0259diyim pulu kredit\u0259 g\u00f6t\u00fcrm\u00fc\u015fd\u00fcm\u201d<br \/>\n  <\/i>\n<\/p>\n<p>\n  Sabirabad\u0131n X\u0259lf\u0259li k\u0259ndind\u0259 ya\u015fayan Abbasovlar ail\u0259si d\u00f6rd il\u0259 yax\u0131nd\u0131r evd\u0259 i\u015f\u0131q yand\u0131ra bilmir. Say\u011fac\u0131n pulu \u00f6d\u0259nils\u0259 d\u0259, i\u015f\u0131q idar\u0259si cihaz\u0131 qura\u015fd\u0131rma\u011fa, elektrik enerjisi verm\u0259y\u0259 t\u0259l\u0259smir.\n<\/p>\n<p>\n  <b><br \/>\n    \u201cHe\u00e7 n\u0259d\u0259n incidirl\u0259r\u201d<br \/>\n  <\/b>\n<\/p>\n<p>\n  Ail\u0259 2016-c\u0131 ilin sentyabr\u0131nda k\u0259ndd\u0259 \u00f6z\u00fcn\u0259 ki\u00e7ik bir ev tikib. Amma i\u015f\u0131q problemini he\u00e7 c\u00fcr h\u0259ll ed\u0259 bilm\u0259yibl\u0259r. \u0130\u015f \u0259vv\u0259lc\u0259 aylarla, sonra ill\u0259rl\u0259 uzan\u0131b. Sabirabad Elektik \u015e\u0259b\u0259k\u0259d\u0259 ax\u0131rda b\u0259han\u0259 edibl\u0259r ki, say\u011fac\u0131n pulu \u00f6d\u0259nilm\u0259lidir.\n<\/p>\n<p>\n  \u201cKe\u00e7\u0259n il dekabr\u0131n 16-da ASAN Xidm\u0259td\u0259 say\u011fac \u00fc\u00e7\u00fcn 209 manat k\u00f6\u00e7\u00fcrd\u00fcm. Dedil\u0259r ki, 160-170 manatl\u0131q say\u011faclar da var. Guya bu, daha yax\u015f\u0131s\u0131d\u0131r. S\u00f6z verdil\u0259r ki, 20 g\u00fcn \u0259rzind\u0259 g\u0259l\u0259c\u0259kl\u0259r. O vaxtdan g\u00f6zl\u0259yirik. \u0130\u015f\u0131q \u0130dar\u0259si il\u0259 ASAN Xidm\u0259t bir-birinin boynuna at\u0131r. Deyirl\u0259r ki, s\u0259nin s\u0259n\u0259dl\u0259rin s\u0259hvdir. Evin \u015f\u0259klini, \u00e7ertyoju, b\u00f6lg\u00fc plan\u0131n\u0131 aparm\u0131\u015fd\u0131m. Konkret hans\u0131 s\u0259n\u0259din s\u0259hv oldu\u011funu demirl\u0259r. He\u00e7 n\u0259d\u0259n incidirl\u0259r. \u018fg\u0259r s\u0259n\u0259dl\u0259rimd\u0259 s\u0259hv vard\u0131sa, onda niy\u0259 say\u011fac\u0131n pulunu \u00f6d\u0259tdirirdil\u0259r?\u201c, &#8211; M\u0259h\u0259ddin Abbasov bel\u0259 deyir.\n<\/p>\n<p>\n  <b><br \/>\n    \u201cS\u00f6z verdil\u0259r, he\u00e7 bir i\u015f g\u00f6rm\u0259dil\u0259r\u201d<br \/>\n  <\/b>\n<\/p>\n<p>\n  Ail\u0259 dan\u0131\u015f\u0131r ki, Sabirabad Rayon Elektrik \u015e\u0259b\u0259k\u0259sind\u0259n n\u00fcmay\u0259nd\u0259 g\u0259lib, yerli \u015f\u0259raitl\u0259 tan\u0131\u015f olub. H\u0259min adam i\u015f\u0131q idar\u0259sinin ail\u0259ni elektrik enerjisi il\u0259 t\u0259min ed\u0259c\u0259yin\u0259 s\u00f6z verib. Bildirib ki, dir\u0259k basd\u0131r\u0131lacaq, say\u011fac qura\u015fd\u0131r\u0131lacaq. Amma b\u00fct\u00fcn bunlar s\u00f6z olaraq qal\u0131b. He\u00e7 bir i\u015f g\u00f6r\u00fclm\u0259yib.\n<\/p>\n<p>\n  \u201cTezlikl\u0259 d\u00f6rd il olacaq ki, bu v\u0259ziyy\u0259td\u0259yik. \u0130ndi hans\u0131 d\u00f6vrd\u00fcr ki, i\u015f\u0131qs\u0131z ya\u015fayasan? He\u00e7 qaz da yox idi, bir ayd\u0131r \u00e7\u0259kdirmi\u015fik. Odun par\u00e7alar\u0131 tap\u0131b evi q\u0131zd\u0131r\u0131rd\u0131q. N\u0259 q\u0259d\u0259r bel\u0259 ya\u015famaq olar? \u0130nan\u0131n, ASAN Xidm\u0259t\u0259 \u00f6d\u0259diyim pulu kredit\u0259 g\u00f6t\u00fcrm\u00fc\u015fd\u00fcm. 300 manat maa\u015f al\u0131ram, bunun da h\u0259r ay 80 manat\u0131n\u0131 kredit\u0259 verir\u0259m. Qalan pula ya\u015fama\u011fa \u00e7al\u0131\u015f\u0131r\u0131q\u201d, &#8211; M\u0259h\u0259ddin ail\u0259nin ac\u0131nacaql\u0131 v\u0259ziyy\u0259tini t\u0259svir edir.\n<\/p>\n<p>\n  <b><br \/>\n    \u201c\u0130cra Hakimiyy\u0259tind\u0259 dedil\u0259r ki, get pamb\u0131q \u0259k\u201d<br \/>\n  <\/b>\n<\/p>\n<p>\n  Ail\u0259 evd\u0259, n\u0259hay\u0259t, i\u015f\u0131q yanmas\u0131n\u0131, haqq\u0131n\u0131n b\u0259rpa olunmas\u0131n\u0131 ist\u0259yir. Ya\u015fay\u0131\u015f \u015f\u0259rtl\u0259rinin a\u011f\u0131r olmas\u0131ndan \u00e7ox dan\u0131\u015fm\u0131rlar. Amma h\u0259r \u015fey g\u00f6z qaba\u011f\u0131ndad\u0131r.\n<\/p>\n<p>\n  G\u00fclbik\u0259 Abbasova deyir ki, d\u00f6vl\u0259t orqanlar\u0131na s\u0259sl\u0259rini \u00e7atd\u0131rma\u011fa \u00e7al\u0131\u015f\u0131blar. He\u00e7 n\u0259 al\u0131nm\u0131r: \u201c\u0130cra hakimiyy\u0259tin\u0259 getmi\u015fdim, dedil\u0259r ki, get, pamb\u0131q \u0259k. M\u0259n iki k\u00f6rp\u0259 u\u015faqla nec\u0259 pamb\u0131q \u0259kim? H\u0259m indiki, h\u0259m d\u0259 \u0259vv\u0259lki icra ba\u015f\u00e7\u0131s\u0131n\u0131n q\u0259bulunda olmu\u015fuq. Birc\u0259 onu deyirl\u0259r ki, d\u00fcz\u0259l\u0259c\u0259k. He\u00e7 n\u0259 vaxt d\u00fcz\u0259l\u0259c\u0259yini d\u0259 demirl\u0259r\u201d.\n<\/p>\n<p>\n  M\u0259h\u0259ddin \u0259lav\u0259 edir ki, sosial yard\u0131m almaq \u00fc\u00e7\u00fcn c\u0259hd g\u00f6st\u0259ribl\u0259r. Bu m\u0259s\u0259l\u0259d\u0259 d\u0259 m\u00fcsb\u0259t cavab almay\u0131blar. M\u0259h\u0259ddinin i\u015fl\u0259diyini b\u0259han\u0259 g\u0259tiribl\u0259r. Halbuki, sosial m\u00fcdafi\u0259 \u015f\u00f6b\u0259l\u0259rind\u0259, ad\u0259t\u0259n, \u0259ksini s\u00f6yl\u0259yirl\u0259r. Y\u0259ni r\u0259smi i\u015f yeri olmayanlara sosial yard\u0131m verilmir.\n<\/p>\n<p>\n  Sabirabad Rayon \u0130cra Hakimiyy\u0259tind\u0259n Abbasovlar\u0131n onlara r\u0259smi \u015fikay\u0259t \u00fcnvanlamad\u0131qlar\u0131n\u0131 deyibl\u0259r. Sabirabad Rayon Elektrik \u015e\u0259b\u0259k\u0259sind\u0259n is\u0259 Meydan TV-y\u0259 deyibl\u0259r ki, m\u0259s\u0259l\u0259ni ara\u015fd\u0131racaqlar.\n<\/p>\n<figure class=\"wp-block-image size-large\">\n  <img decoding=\"async\" src=\"https:\/\/www.meydan.tv\/az\/hemin-ev\/\" alt=\"H\u0259min ev\" class=\"wp-image-138294\"\/><figcaption>\n    H\u0259min ev<br \/>\n  <\/figcaption><\/figure>\n<figure class=\"wp-block-image size-large\">\n  <img decoding=\"async\" src=\"https:\/\/www.meydan.tv\/az\/senedler-14\/\" alt=\"S\u0259n\u0259dl\u0259r\" class=\"wp-image-138297\"\/><figcaption>\n    s\u0259n\u0259dl\u0259r<br \/>\n  <\/figcaption><\/figure>\n<figure class=\"wp-block-image size-large\">\n  <img decoding=\"async\" src=\"https:\/\/www.meydan.tv\/az\/senedler-15\/\" alt=\"S\u0259n\u0259dl\u0259r\" class=\"wp-image-138300\"\/><figcaption>\n    S\u0259n\u0259dl\u0259r<br \/>\n  <\/figcaption><\/figure>\n","protected":false},"excerpt":{"rendered":"<p>\u201cSay\u011fac \u00fc\u00e7\u00fcn \u00f6d\u0259diyim pulu kredit\u0259 g\u00f6t\u00fcrm\u00fc\u015fd\u00fcm\u201d<\/p>\n","protected":false},"author":11,"featured_media":138291,"comment_status":"closed","ping_status":"open","sticky":false,"template":"","format":"standard","meta":{"_acf_changed":false,"_sitemap_exclude":false,"_sitemap_priority":"","_sitemap_frequency":"","footnotes":""},"categories":[60],"tags":[],"class_list":["post-199483","post","type-post","status-publish","format-standard","has-post-thumbnail","hentry","category-bolge","infinite-scroll-item","generate-columns","tablet-grid-50","mobile-grid-100","grid-parent","grid-33","no-featured-image-padding"],"acf":[],"yoast_head":"<!-- This site is optimized with the Yoast SEO plugin v27.5 - https:\/\/yoast.com\/product\/yoast-seo-wordpress\/ -->\n<title>4 il qaranl\u0131qda ya\u015fayan ail\u0259 - MEYDAN.TV<\/title>\n<meta name=\"robots\" content=\"index, follow, max-snippet:-1, max-image-preview:large, max-video-preview:-1\" \/>\n<link rel=\"canonical\" href=\"https:\/\/www.meydan.tv\/az\/article\/4-il-qaranliqda-yasayan-aile\/\" \/>\n<meta property=\"og:locale\" content=\"az_AZ\" \/>\n<meta property=\"og:type\" content=\"article\" \/>\n<meta property=\"og:title\" content=\"4 il qaranl\u0131qda ya\u015fayan ail\u0259 - MEYDAN.TV\" \/>\n<meta property=\"og:description\" content=\"\u201cSay\u011fac \u00fc\u00e7\u00fcn \u00f6d\u0259diyim pulu kredit\u0259 g\u00f6t\u00fcrm\u00fc\u015fd\u00fcm\u201d\" \/>\n<meta property=\"og:url\" content=\"https:\/\/www.meydan.tv\/az\/article\/4-il-qaranliqda-yasayan-aile\/\" \/>\n<meta property=\"og:site_name\" content=\"MEYDAN.TV\" \/>\n<meta property=\"article:published_time\" content=\"2020-02-27T15:14:00+00:00\" \/>\n<meta property=\"og:image\" content=\"https:\/\/www.meydan.tv\/wp-content\/uploads\/image_from_ios_116.jpg\" \/>\n\t<meta property=\"og:image:width\" content=\"1280\" \/>\n\t<meta property=\"og:image:height\" content=\"960\" \/>\n\t<meta property=\"og:image:type\" content=\"image\/jpeg\" \/>\n<meta name=\"author\" content=\"user-manager\" \/>\n<meta name=\"twitter:card\" content=\"summary_large_image\" \/>\n<script type=\"application\/ld+json\" class=\"yoast-schema-graph\">{\"@context\":\"https:\\\/\\\/schema.org\",\"@graph\":[{\"@type\":\"Article\",\"@id\":\"https:\\\/\\\/www.meydan.tv\\\/az\\\/article\\\/4-il-qaranliqda-yasayan-aile\\\/#article\",\"isPartOf\":{\"@id\":\"https:\\\/\\\/www.meydan.tv\\\/az\\\/article\\\/4-il-qaranliqda-yasayan-aile\\\/\"},\"author\":{\"name\":\"user-manager\",\"@id\":\"https:\\\/\\\/www.meydan.tv\\\/az\\\/#\\\/schema\\\/person\\\/10d11eccf6da3662cf5fdab9806ea91a\"},\"headline\":\"4 il qaranl\u0131qda ya\u015fayan ail\u0259\",\"datePublished\":\"2020-02-27T15:14:00+00:00\",\"mainEntityOfPage\":{\"@id\":\"https:\\\/\\\/www.meydan.tv\\\/az\\\/article\\\/4-il-qaranliqda-yasayan-aile\\\/\"},\"wordCount\":681,\"publisher\":{\"@id\":\"https:\\\/\\\/www.meydan.tv\\\/az\\\/#organization\"},\"image\":{\"@id\":\"https:\\\/\\\/www.meydan.tv\\\/az\\\/article\\\/4-il-qaranliqda-yasayan-aile\\\/#primaryimage\"},\"thumbnailUrl\":\"https:\\\/\\\/www.meydan.tv\\\/wp-content\\\/uploads\\\/image_from_ios_116.jpg\",\"articleSection\":[\"B\u00f6lg\u0259\"],\"inLanguage\":\"az\"},{\"@type\":\"WebPage\",\"@id\":\"https:\\\/\\\/www.meydan.tv\\\/az\\\/article\\\/4-il-qaranliqda-yasayan-aile\\\/\",\"url\":\"https:\\\/\\\/www.meydan.tv\\\/az\\\/article\\\/4-il-qaranliqda-yasayan-aile\\\/\",\"name\":\"4 il qaranl\u0131qda ya\u015fayan ail\u0259 - MEYDAN.TV\",\"isPartOf\":{\"@id\":\"https:\\\/\\\/www.meydan.tv\\\/az\\\/#website\"},\"primaryImageOfPage\":{\"@id\":\"https:\\\/\\\/www.meydan.tv\\\/az\\\/article\\\/4-il-qaranliqda-yasayan-aile\\\/#primaryimage\"},\"image\":{\"@id\":\"https:\\\/\\\/www.meydan.tv\\\/az\\\/article\\\/4-il-qaranliqda-yasayan-aile\\\/#primaryimage\"},\"thumbnailUrl\":\"https:\\\/\\\/www.meydan.tv\\\/wp-content\\\/uploads\\\/image_from_ios_116.jpg\",\"datePublished\":\"2020-02-27T15:14:00+00:00\",\"breadcrumb\":{\"@id\":\"https:\\\/\\\/www.meydan.tv\\\/az\\\/article\\\/4-il-qaranliqda-yasayan-aile\\\/#breadcrumb\"},\"inLanguage\":\"az\",\"potentialAction\":[{\"@type\":\"ReadAction\",\"target\":[\"https:\\\/\\\/www.meydan.tv\\\/az\\\/article\\\/4-il-qaranliqda-yasayan-aile\\\/\"]}]},{\"@type\":\"ImageObject\",\"inLanguage\":\"az\",\"@id\":\"https:\\\/\\\/www.meydan.tv\\\/az\\\/article\\\/4-il-qaranliqda-yasayan-aile\\\/#primaryimage\",\"url\":\"https:\\\/\\\/www.meydan.tv\\\/wp-content\\\/uploads\\\/image_from_ios_116.jpg\",\"contentUrl\":\"https:\\\/\\\/www.meydan.tv\\\/wp-content\\\/uploads\\\/image_from_ios_116.jpg\",\"width\":1280,\"height\":960,\"caption\":\"Source: Meydan TV\"},{\"@type\":\"BreadcrumbList\",\"@id\":\"https:\\\/\\\/www.meydan.tv\\\/az\\\/article\\\/4-il-qaranliqda-yasayan-aile\\\/#breadcrumb\",\"itemListElement\":[{\"@type\":\"ListItem\",\"position\":1,\"name\":\"Ana s\u0259hif\u0259\",\"item\":\"https:\\\/\\\/www.meydan.tv\\\/az\\\/\"},{\"@type\":\"ListItem\",\"position\":2,\"name\":\"B\u00f6lg\u0259\",\"item\":\"https:\\\/\\\/www.meydan.tv\\\/az\\\/section\\\/bolge\\\/\"},{\"@type\":\"ListItem\",\"position\":3,\"name\":\"4 il qaranl\u0131qda ya\u015fayan ail\u0259\"}]},{\"@type\":\"WebSite\",\"@id\":\"https:\\\/\\\/www.meydan.tv\\\/az\\\/#website\",\"url\":\"https:\\\/\\\/www.meydan.tv\\\/az\\\/\",\"name\":\"MEYDAN.TV\",\"description\":\"Meydan TV Az\u0259rbaycan\u0131n media m\u0259kan\u0131ndak\u0131 alternativ s\u0259sidir\",\"publisher\":{\"@id\":\"https:\\\/\\\/www.meydan.tv\\\/az\\\/#organization\"},\"potentialAction\":[{\"@type\":\"SearchAction\",\"target\":{\"@type\":\"EntryPoint\",\"urlTemplate\":\"https:\\\/\\\/www.meydan.tv\\\/az\\\/?s={search_term_string}\"},\"query-input\":{\"@type\":\"PropertyValueSpecification\",\"valueRequired\":true,\"valueName\":\"search_term_string\"}}],\"inLanguage\":\"az\"},{\"@type\":\"Organization\",\"@id\":\"https:\\\/\\\/www.meydan.tv\\\/az\\\/#organization\",\"name\":\"Meydan TV\",\"url\":\"https:\\\/\\\/www.meydan.tv\\\/az\\\/\",\"logo\":{\"@type\":\"ImageObject\",\"inLanguage\":\"az\",\"@id\":\"https:\\\/\\\/www.meydan.tv\\\/az\\\/#\\\/schema\\\/logo\\\/image\\\/\",\"url\":\"https:\\\/\\\/www.meydan.tv\\\/wp-content\\\/uploads\\\/2021\\\/07\\\/meydan-logo.svg\",\"contentUrl\":\"https:\\\/\\\/www.meydan.tv\\\/wp-content\\\/uploads\\\/2021\\\/07\\\/meydan-logo.svg\",\"width\":195,\"height\":46,\"caption\":\"Meydan TV\"},\"image\":{\"@id\":\"https:\\\/\\\/www.meydan.tv\\\/az\\\/#\\\/schema\\\/logo\\\/image\\\/\"}},{\"@type\":\"Person\",\"@id\":\"https:\\\/\\\/www.meydan.tv\\\/az\\\/#\\\/schema\\\/person\\\/10d11eccf6da3662cf5fdab9806ea91a\",\"name\":\"user-manager\"}]}<\/script>\n<!-- \/ Yoast SEO plugin. -->","yoast_head_json":{"title":"4 il qaranl\u0131qda ya\u015fayan ail\u0259 - MEYDAN.TV","robots":{"index":"index","follow":"follow","max-snippet":"max-snippet:-1","max-image-preview":"max-image-preview:large","max-video-preview":"max-video-preview:-1"},"canonical":"https:\/\/www.meydan.tv\/az\/article\/4-il-qaranliqda-yasayan-aile\/","og_locale":"az_AZ","og_type":"article","og_title":"4 il qaranl\u0131qda ya\u015fayan ail\u0259 - MEYDAN.TV","og_description":"\u201cSay\u011fac \u00fc\u00e7\u00fcn \u00f6d\u0259diyim pulu kredit\u0259 g\u00f6t\u00fcrm\u00fc\u015fd\u00fcm\u201d","og_url":"https:\/\/www.meydan.tv\/az\/article\/4-il-qaranliqda-yasayan-aile\/","og_site_name":"MEYDAN.TV","article_published_time":"2020-02-27T15:14:00+00:00","og_image":[{"width":1280,"height":960,"url":"https:\/\/www.meydan.tv\/wp-content\/uploads\/image_from_ios_116.jpg","type":"image\/jpeg"}],"author":"user-manager","twitter_card":"summary_large_image","schema":{"@context":"https:\/\/schema.org","@graph":[{"@type":"Article","@id":"https:\/\/www.meydan.tv\/az\/article\/4-il-qaranliqda-yasayan-aile\/#article","isPartOf":{"@id":"https:\/\/www.meydan.tv\/az\/article\/4-il-qaranliqda-yasayan-aile\/"},"author":{"name":"user-manager","@id":"https:\/\/www.meydan.tv\/az\/#\/schema\/person\/10d11eccf6da3662cf5fdab9806ea91a"},"headline":"4 il qaranl\u0131qda ya\u015fayan ail\u0259","datePublished":"2020-02-27T15:14:00+00:00","mainEntityOfPage":{"@id":"https:\/\/www.meydan.tv\/az\/article\/4-il-qaranliqda-yasayan-aile\/"},"wordCount":681,"publisher":{"@id":"https:\/\/www.meydan.tv\/az\/#organization"},"image":{"@id":"https:\/\/www.meydan.tv\/az\/article\/4-il-qaranliqda-yasayan-aile\/#primaryimage"},"thumbnailUrl":"https:\/\/www.meydan.tv\/wp-content\/uploads\/image_from_ios_116.jpg","articleSection":["B\u00f6lg\u0259"],"inLanguage":"az"},{"@type":"WebPage","@id":"https:\/\/www.meydan.tv\/az\/article\/4-il-qaranliqda-yasayan-aile\/","url":"https:\/\/www.meydan.tv\/az\/article\/4-il-qaranliqda-yasayan-aile\/","name":"4 il qaranl\u0131qda ya\u015fayan ail\u0259 - MEYDAN.TV","isPartOf":{"@id":"https:\/\/www.meydan.tv\/az\/#website"},"primaryImageOfPage":{"@id":"https:\/\/www.meydan.tv\/az\/article\/4-il-qaranliqda-yasayan-aile\/#primaryimage"},"image":{"@id":"https:\/\/www.meydan.tv\/az\/article\/4-il-qaranliqda-yasayan-aile\/#primaryimage"},"thumbnailUrl":"https:\/\/www.meydan.tv\/wp-content\/uploads\/image_from_ios_116.jpg","datePublished":"2020-02-27T15:14:00+00:00","breadcrumb":{"@id":"https:\/\/www.meydan.tv\/az\/article\/4-il-qaranliqda-yasayan-aile\/#breadcrumb"},"inLanguage":"az","potentialAction":[{"@type":"ReadAction","target":["https:\/\/www.meydan.tv\/az\/article\/4-il-qaranliqda-yasayan-aile\/"]}]},{"@type":"ImageObject","inLanguage":"az","@id":"https:\/\/www.meydan.tv\/az\/article\/4-il-qaranliqda-yasayan-aile\/#primaryimage","url":"https:\/\/www.meydan.tv\/wp-content\/uploads\/image_from_ios_116.jpg","contentUrl":"https:\/\/www.meydan.tv\/wp-content\/uploads\/image_from_ios_116.jpg","width":1280,"height":960,"caption":"Source: Meydan TV"},{"@type":"BreadcrumbList","@id":"https:\/\/www.meydan.tv\/az\/article\/4-il-qaranliqda-yasayan-aile\/#breadcrumb","itemListElement":[{"@type":"ListItem","position":1,"name":"Ana s\u0259hif\u0259","item":"https:\/\/www.meydan.tv\/az\/"},{"@type":"ListItem","position":2,"name":"B\u00f6lg\u0259","item":"https:\/\/www.meydan.tv\/az\/section\/bolge\/"},{"@type":"ListItem","position":3,"name":"4 il qaranl\u0131qda ya\u015fayan ail\u0259"}]},{"@type":"WebSite","@id":"https:\/\/www.meydan.tv\/az\/#website","url":"https:\/\/www.meydan.tv\/az\/","name":"MEYDAN.TV","description":"Meydan TV Az\u0259rbaycan\u0131n media m\u0259kan\u0131ndak\u0131 alternativ s\u0259sidir","publisher":{"@id":"https:\/\/www.meydan.tv\/az\/#organization"},"potentialAction":[{"@type":"SearchAction","target":{"@type":"EntryPoint","urlTemplate":"https:\/\/www.meydan.tv\/az\/?s={search_term_string}"},"query-input":{"@type":"PropertyValueSpecification","valueRequired":true,"valueName":"search_term_string"}}],"inLanguage":"az"},{"@type":"Organization","@id":"https:\/\/www.meydan.tv\/az\/#organization","name":"Meydan TV","url":"https:\/\/www.meydan.tv\/az\/","logo":{"@type":"ImageObject","inLanguage":"az","@id":"https:\/\/www.meydan.tv\/az\/#\/schema\/logo\/image\/","url":"https:\/\/www.meydan.tv\/wp-content\/uploads\/2021\/07\/meydan-logo.svg","contentUrl":"https:\/\/www.meydan.tv\/wp-content\/uploads\/2021\/07\/meydan-logo.svg","width":195,"height":46,"caption":"Meydan TV"},"image":{"@id":"https:\/\/www.meydan.tv\/az\/#\/schema\/logo\/image\/"}},{"@type":"Person","@id":"https:\/\/www.meydan.tv\/az\/#\/schema\/person\/10d11eccf6da3662cf5fdab9806ea91a","name":"user-manager"}]}},"_links":{"self":[{"href":"https:\/\/www.meydan.tv\/az\/wp-json\/wp\/v2\/posts\/199483","targetHints":{"allow":["GET"]}}],"collection":[{"href":"https:\/\/www.meydan.tv\/az\/wp-json\/wp\/v2\/posts"}],"about":[{"href":"https:\/\/www.meydan.tv\/az\/wp-json\/wp\/v2\/types\/post"}],"author":[{"embeddable":true,"href":"https:\/\/www.meydan.tv\/az\/wp-json\/wp\/v2\/users\/11"}],"replies":[{"embeddable":true,"href":"https:\/\/www.meydan.tv\/az\/wp-json\/wp\/v2\/comments?post=199483"}],"version-history":[{"count":0,"href":"https:\/\/www.meydan.tv\/az\/wp-json\/wp\/v2\/posts\/199483\/revisions"}],"wp:featuredmedia":[{"embeddable":true,"href":"https:\/\/www.meydan.tv\/az\/wp-json\/wp\/v2\/media\/138291"}],"wp:attachment":[{"href":"https:\/\/www.meydan.tv\/az\/wp-json\/wp\/v2\/media?parent=199483"}],"wp:term":[{"taxonomy":"category","embeddable":true,"href":"https:\/\/www.meydan.tv\/az\/wp-json\/wp\/v2\/categories?post=199483"},{"taxonomy":"post_tag","embeddable":true,"href":"https:\/\/www.meydan.tv\/az\/wp-json\/wp\/v2\/tags?post=199483"}],"curies":[{"name":"wp","href":"https:\/\/api.w.org\/{rel}","templated":true}]}}