{"id":199474,"date":"2020-02-27T08:58:40","date_gmt":"2020-02-27T08:58:40","guid":{"rendered":"https:\/\/www.meydan.tv\/article\/kucede-qalmagimiz-hec-kimin-vecine-deyil\/"},"modified":"2020-02-27T08:58:40","modified_gmt":"2020-02-27T08:58:40","slug":"kucede-qalmagimiz-hec-kimin-vecine-deyil","status":"publish","type":"post","link":"https:\/\/www.meydan.tv\/az\/article\/kucede-qalmagimiz-hec-kimin-vecine-deyil\/","title":{"rendered":"\u201cK\u00fc\u00e7\u0259d\u0259 qalma\u011f\u0131m\u0131z he\u00e7 kimin vecin\u0259 deyil\u201d"},"content":{"rendered":"<p>\n  <i><br \/>\n    F\u00fczulid\u0259n olan m\u0259cburi k\u00f6\u00e7k\u00fcn ail\u0259si ya\u015fay\u0131\u015f \u015f\u0259raitind\u0259n \u015fikay\u0259t\u00e7idir<br \/>\n  <\/i>\n<\/p>\n<p>\n  F\u00fczulinin 6 sayl\u0131 \u201cQay\u0131d\u0131\u015f\u201d q\u0259s\u0259b\u0259sind\u0259 5 n\u0259f\u0259rlik bir ail\u0259 taxtadan tikilm\u0259, 10 kvadratl\u0131q bir daxmada ya\u015fay\u0131r. Novruz \u0130bayev v\u0259 xan\u0131m\u0131 Z\u0259rbab Mirz\u0259yeva F\u00fczulinin Qaraxanb\u0259yli k\u0259ndind\u0259n m\u0259cburi k\u00f6\u00e7k\u00fcnd\u00fcr. 16 il \u0259vv\u0259l ail\u0259 quran c\u00fctl\u00fcy\u00fcn b\u00f6y\u00fck o\u011flu, 14 ya\u015fl\u0131 Nadir \u0130bayev 1-ci qrup \u0259lildir. Daha 2 m\u0259kt\u0259bli \u00f6vladlar\u0131 var. Ata he\u00e7 yerd\u0259 i\u015fl\u0259mir, ana \u0259lilliyi olan o\u011fluna bax\u0131r. \u018flilliyi olan Nadirin pensiyas\u0131 v\u0259 m\u0259cburi k\u00f6\u00e7k\u00fcnl\u0259r\u0259 veril\u0259n \u201c\u00e7\u00f6r\u0259k pulu\u201d il\u0259 b\u0259rab\u0259r ail\u0259y\u0259 h\u0259r ay 500 manat g\u0259lir.\n<\/p>\n<p>\n  31 ya\u015fl\u0131 Z\u0259rbab Mirz\u0259yeva deyir ki, ald\u0131qlar\u0131 pulun yar\u0131 faizi u\u015fa\u011f\u0131n bax\u0131m\u0131na gedir. Qalan pulla da kommunal, yem\u0259k v\u0259 iki m\u0259kt\u0259bli u\u015fa\u011f\u0131n x\u0259rcl\u0259rini g\u00fccl\u0259 \u00f6d\u0259yirl\u0259r:\n<\/p>\n<p>\n  \u201cBir s\u00f6zl\u0259, \u00f6z\u00fcm\u00fcz\u0259 ev almaq v\u0259 ya kiray\u0259d\u0259 qalmaq imkan\u0131m\u0131z yoxdur. Ev problemi il\u0259 ba\u011fl\u0131 d\u0259f\u0259l\u0259rl\u0259 F\u00fczuli Rayon \u0130cra Hakimiyy\u0259tin\u0259, Qa\u00e7q\u0131nlar\u0131n v\u0259 M\u0259cburi K\u00f6\u00e7k\u00fcnl\u0259rin \u0130\u015fl\u0259ri \u00dczr\u0259 D\u00f6vl\u0259t Komit\u0259sin\u0259 m\u00fcraci\u0259t etmi\u015fik. S\u0259simizi e\u015fid\u0259n, \u0259limizd\u0259n tutan yoxdur. Bu \u00f6lk\u0259d\u0259 k\u00fc\u00e7\u0259d\u0259 qalma\u011f\u0131m\u0131z he\u00e7 kimin vecin\u0259 deyil. \u0130nan\u0131n, ilk siz a\u00e7m\u0131s\u0131n\u0131z qap\u0131m\u0131z\u0131\u201d.\n<\/p>\n<p>\n  37 ya\u015fl\u0131 Novruz \u0130bayev deyir ki, ail\u0259 qurmadan \u00f6nc\u0259, 16 il \u0259vv\u0259l ata v\u0259 anas\u0131 il\u0259 birg\u0259 idar\u0259 binas\u0131nda ya\u015fay\u0131rm\u0131\u015f. Sonra d\u00f6vl\u0259t onlara ev verib, yerl\u0259\u015fdirib. Onlar\u0131n 3 n\u0259f\u0259rlik ail\u0259sin\u0259 d\u0259 2 otaql\u0131, 40 kvadratl\u0131q ev d\u00fc\u015f\u00fcb. Sonra evl\u0259nib, ev\u0259 g\u0259lin d\u0259 g\u0259tirib. \u00c7\u0259tinlikl\u0259 d\u0259 olsa, 2 ota\u011fa birt\u0259h\u0259r s\u0131\u011f\u0131\u015f\u0131blar.\n<\/p>\n<figure class=\"wp-block-image size-large\">\n  <img decoding=\"async\" src=\"https:\/\/www.meydan.tv\/az\/image_from_ios-1-jpg-107\/\" alt=\"image_from_ios (1).jpg\" class=\"wp-image-138228\"\/><figcaption>\n    Novruz \u0130bayev<br \/>\n  <\/figcaption><\/figure>\n<p>\n  \u201cSonra 3 \u00f6vlad\u0131m\u0131z oldu. Olduq 7 n\u0259f\u0259r. Bir otaqda biz, dig\u0259rind\u0259 atamgil ya\u015fay\u0131rd\u0131. Anam d\u00fcnyas\u0131n\u0131 d\u0259yi\u015f\u0259nd\u0259n 1 il sonra atam ikinci d\u0259f\u0259 ail\u0259 qurdu. Art\u0131q 2 n\u0259f\u0259rlik ail\u0259nin birg\u0259 ya\u015famas\u0131 m\u00fcmk\u00fcn olmad\u0131 v\u0259 biz evd\u0259n \u00e7\u0131xd\u0131q. Yaydan b\u0259ri bu taxta daxmada ya\u015fay\u0131r\u0131q. \u0130ndi atam deyir ki, yaya q\u0259d\u0259r vaxt\u0131n\u0131z var, burdan da \u00e7\u0131x\u0131b, \u00f6z\u00fcn\u00fcz\u0259 normal \u015f\u0259rait qurun. Buna is\u0259 imkan\u0131m\u0131z yoxdur. A\u00e7\u0131\u011f\u0131 3 u\u015faqla, \u00fcst\u0259lik, onlardan biri yataq x\u0259st\u0259sidir \u2013 m\u0259n \u00e7atd\u0131ra bilmir\u0259m. N\u0259 ev alma\u011fa, n\u0259 d\u0259 kiray\u0259 \u00e7\u0131xma\u011fa pulum var. Bel\u0259 \u00e7\u0131x\u0131r ki, yaydan sonra \u00fcmumiyy\u0259tl\u0259, k\u00fc\u00e7\u0259d\u0259 qalaca\u011f\u0131q\u201d.\n<\/p>\n<p>\n  Z\u0259rbab Mirz\u0259yeva deyir ki, i\u00e7ind\u0259 ya\u015fad\u0131qlar\u0131 daxma 10 kvadrat ola, ya olmaya. 5 n\u0259f\u0259r \u00e7ox \u00e7\u0259tinlikl\u0259 yerl\u0259\u015firl\u0259r i\u00e7in\u0259:\n<\/p>\n<p>\n  \u201cAyaq \u00fcst\u0259 duranda ba\u015f\u0131n tavana, uzananda aya\u011f\u0131n torpa\u011fa d\u0259yir. Ya\u011f\u0131\u015f ya\u011fanda torpaq su \u00e7\u0259kir v\u0259 yatd\u0131\u011f\u0131m\u0131z yer n\u0259m olur. Tavandan da su dam\u0131r. \u0130nan\u0131n, 5 n\u0259f\u0259r gec\u0259l\u0259ri bir-birimizin \u00fcst\u00fcnd\u0259 yat\u0131r\u0131q. \u00c7ox ac\u0131nacaql\u0131 durumday\u0131q. Bizim s\u0259simizi e\u015fitmirl\u0259r\u201d.\n<\/p>\n<p>\n  Ail\u0259d\u0259 i\u015fl\u0259y\u0259n yoxdur. \u018flilliyi olan u\u015fa\u011f\u0131n pensiyas\u0131 v\u0259 k\u00f6\u00e7k\u00fcnl\u0259r\u0259 veril\u0259n \u201c\u00e7\u00f6r\u0259k pulu\u201d 500 manat edir. Bir d\u0259 aprel ay\u0131ndan Z\u0259rbab Mirz\u0259yeva \u0259lilliyi olan \u00f6vlad\u0131na baxd\u0131\u011f\u0131 \u00fc\u00e7\u00fcn 50 manat bax\u0131c\u0131 pulu verilir. \u018fkib-bec\u0259rm\u0259k \u00fc\u00e7\u00fcn torpaqlar\u0131, saxlama\u011fa heyvanlar\u0131 da yoxdur:\n<\/p>\n<p>\n  \u201cHeyvan\u0131m\u0131z olsa, sat\u0131b, he\u00e7 olmasa kiray\u0259 \u00e7\u0131xard\u0131q. Yolda\u015f\u0131m is\u0259 ill\u0259rdir i\u015fsizdir. \u0130\u015f tapa bilmir. M\u0259n is\u0259 u\u015faqlar\u0131 at\u0131b, i\u015fl\u0259y\u0259 bilmir\u0259m. Lap dey\u0259k, i\u015fl\u0259dim, he\u00e7 i\u015f d\u0259 yoxdur. Ald\u0131\u011f\u0131m\u0131z da h\u0259m 5 n\u0259f\u0259rlik ail\u0259ni doland\u0131r\u0131b, h\u0259m d\u0259 ev alma\u011fa, kiray\u0259 \u00e7\u0131xma\u011fa yetmir. D\u00f6vl\u0259t\u0259 yalvar\u0131ram, biz\u0259 ba\u015f\u0131m\u0131z\u0131 i\u00e7in\u0259 sala bil\u0259c\u0259yimiz bir yer t\u0259\u015fkil edin. Qalan\u0131n\u0131 \u00f6z\u00fcm\u00fcz h\u0259ll ed\u0259rik\u201d \u2013 deyir, Z\u0259rbab Mirz\u0259yeva.\n<\/p>\n<figure class=\"wp-block-image size-large\">\n  <img decoding=\"async\" src=\"https:\/\/www.meydan.tv\/az\/image_from_ios-3-jpg-79\/\" alt=\"image_from_ios (3).jpg\" class=\"wp-image-138234\"\/><figcaption>\n    Z\u0259rbab Mirz\u0259yeva<br \/>\n  <\/figcaption><\/figure>\n<p>\n  Ail\u0259 Prezident \u0130lham \u018fliyev\u0259, Birinci vitse-prezident Mehriban \u018fliyevaya m\u00fcraci\u0259t edir. Deyirl\u0259r ki, onlara da dig\u0259r m\u0259cburi k\u00f6\u00e7k\u00fcnl\u0259r\u0259 verdikl\u0259ri evd\u0259n versinl\u0259r. Qalan he\u00e7 n\u0259 laz\u0131m deyil:\n<\/p>\n<p>\n  \u201cBirt\u0259h\u0259r ald\u0131qlar\u0131m\u0131zla dolanar\u0131q. Vallah, qalm\u0131\u015f\u0131q k\u00fc\u00e7\u0259l\u0259rd\u0259. He\u00e7 n\u0259 demir\u0259m, adam g\u00f6nd\u0259rsinl\u0259r, g\u0259lib m\u0259nim ya\u015fad\u0131\u011f\u0131m yer\u0259 baxs\u0131n. Ondan sonra q\u0259rar versinl\u0259r ki, biz\u0259 ev d\u00fc\u015f\u00fcr, ya yox. Biz \u00f6z\u00fcm\u00fcz m\u00fcraci\u0259t edirik, baxm\u0131rlar. F\u00fczuli Rayon \u0130cra Hakimiyy\u0259ti bizi Qa\u00e7q\u0131nlar\u0131n v\u0259 M\u0259cburi K\u00f6\u00e7k\u00fcnl\u0259rin \u0130\u015fl\u0259ri \u00dczr\u0259 D\u00f6vl\u0259t Komit\u0259sin\u0259 g\u00f6nd\u0259rir. Komit\u0259 d\u0259 yenid\u0259n yerli icra hakimiyy\u0259tin\u0259 y\u00f6nl\u0259ndirir. Qalm\u0131\u015f\u0131q bu iki idar\u0259nin aras\u0131nda. Get-g\u0259ld\u0259yik. Yalvar\u0131ram, biz\u0259 k\u00f6m\u0259k edin. Siz d\u0259 ata v\u0259 anas\u0131z. Biz\u0259 ac\u0131y\u0131n, \u00e7ox \u00e7ar\u0259sizik. \u00d6vladlar\u0131m\u0131 q\u0131\u015f\u0131n g\u00fcn\u00fc k\u00fc\u00e7\u0259l\u0259rd\u0259 kims\u0259siz, \u00e7ar\u0259siz qoymay\u0131n, onlar\u0131 sevindirin\u201d.\n<\/p>\n<p>\n  Ana soyuqda, q\u0131\u015fda bel\u0259 bir yerd\u0259 ya\u015fama\u011f\u0131n \u00e7\u0259tinlikl\u0259rind\u0259n dan\u0131\u015f\u0131r. Deyir, taxtan\u0131n i\u00e7ind\u0259 q\u0131\u015fda adam\u0131n s\u00fcm\u00fckl\u0259ri d\u0259 titr\u0259yir:\n<\/p>\n<figure class=\"wp-block-image size-large\">\n  <img decoding=\"async\" src=\"https:\/\/www.meydan.tv\/az\/image_from_ios-jpg-150\/\" alt=\"image_from_ios.jpg\" class=\"wp-image-138252\"\/><figcaption>\n    K\u00f6\u00e7k\u00fcn ail\u0259sinin ya\u015fad\u0131\u011f\u0131 ev<br \/>\n  <\/figcaption><\/figure>\n<p>\n  \u201cSoyuq ilikl\u0259rimiz\u0259 i\u015fl\u0259yib. Ham\u0131m\u0131z x\u0259st\u0259yik. M\u0259nim b\u00f6yr\u0259kl\u0259rim, yolda\u015f\u0131m\u0131n ciy\u0259rl\u0259ri, u\u015faqlar da daim \u00f6sk\u00fcr\u00fcrl\u0259r. B\u00f6y\u00fck o\u011flum da anadang\u0259lm\u0259 \u0259lildir. H\u0259m ayaqlar\u0131 i\u015fl\u0259mir, h\u0259m d\u0259 g\u00f6zl\u0259ri g\u00f6rm\u00fcr. B\u00fct\u00fcn g\u00fcn\u00fc uzan\u0131r. Ya da \u0259lil arabas\u0131na qoyuruq, oturur h\u0259y\u0259td\u0259. Vallah, bizim ya\u015fay\u0131\u015f\u0131m\u0131z ya\u015fay\u0131\u015f deyil\u201d.\n<\/p>\n<p>\n  F\u00fczuli Rayon \u0130cra Hakimiyy\u0259tinin \u00fcmumi \u015f\u00f6b\u0259sind\u0259n qa\u00e7q\u0131n v\u0259 m\u0259cburi k\u00f6\u00e7k\u00fcnl\u0259rin ev m\u0259s\u0259l\u0259si il\u0259 ba\u011fl\u0131 i\u015fl\u0259r\u0259 onlar\u0131n baxmad\u0131qlar\u0131n\u0131 s\u00f6yl\u0259yibl\u0259r:\n<\/p>\n<p>\n  \u201cBu i\u015f\u0259 Qa\u00e7q\u0131nlar\u0131n v\u0259 M\u0259cburi K\u00f6\u00e7k\u00fcnl\u0259rin \u0130\u015fl\u0259ri \u00dczr\u0259 D\u00f6vl\u0259t Komit\u0259si bax\u0131r. V\u0259t\u0259nda\u015f\u0131n \u00f6z\u00fcn\u0259 d\u0259 deyilib. Onlara deyin, komit\u0259y\u0259 m\u00fcraci\u0259t etsinl\u0259r. Evi onlardan ist\u0259sinl\u0259r\u201d.\n<\/p>\n<p>\n  Meydan TV ail\u0259nin m\u00fcraci\u0259ti il\u0259 ba\u011fl\u0131 Qa\u00e7q\u0131nlar\u0131n v\u0259 M\u0259cburi K\u00f6\u00e7k\u00fcnl\u0259rin \u0130\u015fl\u0259ri \u00dczr\u0259 D\u00f6vl\u0259t Komit\u0259sin\u0259 sor\u011fu g\u00f6nd\u0259rib. Bir h\u0259ft\u0259 \u0259rzind\u0259 sor\u011fuya cavab ala bilm\u0259yib.\n<\/p>\n<p>\n  Ancaq komit\u0259sinin bel\u0259 durumlarda ad\u0259t\u0259n bir cavab\u0131 olur. H\u0259r d\u0259f\u0259sind\u0259 bildirirl\u0259r ki, b\u00fct\u00fcn m\u0259cburi k\u00f6\u00e7k\u00fcnl\u0259r siyah\u0131ya al\u0131n\u0131b, ham\u0131 bir g\u00fcn evl\u0259 t\u0259min edil\u0259c\u0259k. Sad\u0259c\u0259 bu i\u015fl\u0259r m\u0259rh\u0259l\u0259li \u015f\u0259kild\u0259 h\u0259yata ke\u00e7irilir. N\u00f6vb\u0259 ham\u0131ya \u00e7atacaq.\n<\/p>\n<figure class=\"wp-block-image size-large\">\n  <img decoding=\"async\" src=\"https:\/\/www.meydan.tv\/az\/image_from_ios-jpg-149\/\" alt=\"image_from_ios.jpg\" class=\"wp-image-138225\"\/><figcaption>\n    &#8220;He\u00e7 n\u0259 demir\u0259m, adam g\u00f6nd\u0259rsinl\u0259r, g\u0259lib m\u0259nim ya\u015fad\u0131\u011f\u0131m yer\u0259 baxs\u0131n&#8221;.<br \/>\n  <\/figcaption><\/figure>\n<p>\n  1990-c\u0131 ilin \u0259vv\u0259ll\u0259rind\u0259 Qaraba\u011fda Az\u0259rbaycan v\u0259 Erm\u0259nistan aras\u0131nda silahl\u0131 m\u00fcnaqi\u015f\u0259 y\u00fcz minl\u0259rl\u0259 insan\u0131 evind\u0259n k\u00f6\u00e7k\u00fcn sal\u0131b.\n<\/p>\n<p>\n  BMT-nin Miqrasiya Agentliyinin m\u0259lumat\u0131na (https:\/\/www.refworld.org\/country,,UNHCR,,AZE,,5b081e2f4,0.html) \u0259sas\u0259n, 1994-c\u00fc ild\u0259 at\u0259\u015fk\u0259s imzalanana q\u0259d\u0259r m\u00fcharib\u0259d\u0259 30000-d\u0259n \u00e7ox insan h\u0259yat\u0131n\u0131 itirib, 600 mind\u0259n \u00e7ox insan m\u0259cburi k\u00f6\u00e7k\u00fcn v\u0259 250 mind\u0259n \u00e7ox etnik az\u0259rbaycanl\u0131 is\u0259 qa\u00e7q\u0131n d\u00fc\u015f\u00fcb.\n<\/p>\n<p>\n  K\u00f6\u00e7k\u00fcn d\u00fc\u015fm\u00fc\u015f \u0259hali s\u0131\u011f\u0131nacaq kimi istifad\u0259 ed\u0259 bil\u0259c\u0259kl\u0259ri h\u0259r yerd\u0259 m\u0259skunla\u015f\u0131b. M\u0259kt\u0259bl\u0259r, x\u0259st\u0259xanalar, u\u015faq ba\u011f\u00e7alar\u0131, kitabxanalar, yol k\u0259narlar\u0131, ya da bu ail\u0259 kimi ki\u00e7ik daxmalarda m\u0259skunla\u015f\u0131blar. H\u0259tta ilk vaxtlarda \u00e7ad\u0131rlarda qalanlar da var idi. Bu s\u0131\u011f\u0131nacaqlar m\u00fcv\u0259qq\u0259ti say\u0131l\u0131rd\u0131, ancaq insanlar 25 ild\u0259n art\u0131qd\u0131r ki, bu yerl\u0259rd\u0259 ya\u015fay\u0131rlar. M\u00fcv\u0259qq\u0259ti s\u0131\u011f\u0131nd\u0131qlar\u0131 bu yerl\u0259r onlar\u0131n daimi ya\u015fay\u0131\u015f m\u0259sk\u0259nl\u0259rin\u0259 \u00e7evrilib.\n<\/p>\n<figure class=\"wp-block-image size-large\">\n  <img decoding=\"async\" src=\"https:\/\/www.meydan.tv\/az\/20200226_141049-jpg\/\" alt=\"20200226_141049.jpg\" class=\"wp-image-138231\"\/><figcaption>\n    Deyir, taxtan\u0131n i\u00e7ind\u0259 q\u0131\u015fda adam\u0131n s\u00fcm\u00fckl\u0259ri d\u0259 titr\u0259yir<br \/>\n  <\/figcaption><\/figure>\n","protected":false},"excerpt":{"rendered":"<p>&#8220;Yalvar\u0131ram, biz\u0259 k\u00f6m\u0259k edin&#8221;.<\/p>\n","protected":false},"author":11,"featured_media":138237,"comment_status":"closed","ping_status":"open","sticky":false,"template":"","format":"standard","meta":{"_acf_changed":false,"_sitemap_exclude":false,"_sitemap_priority":"","_sitemap_frequency":"","footnotes":""},"categories":[60],"tags":[],"class_list":["post-199474","post","type-post","status-publish","format-standard","has-post-thumbnail","hentry","category-bolge","infinite-scroll-item","generate-columns","tablet-grid-50","mobile-grid-100","grid-parent","grid-33","no-featured-image-padding"],"acf":[],"yoast_head":"<!-- This site is optimized with the Yoast SEO plugin v27.5 - https:\/\/yoast.com\/product\/yoast-seo-wordpress\/ -->\n<title>\u201cK\u00fc\u00e7\u0259d\u0259 qalma\u011f\u0131m\u0131z he\u00e7 kimin vecin\u0259 deyil\u201d - MEYDAN.TV<\/title>\n<meta name=\"robots\" content=\"index, follow, max-snippet:-1, max-image-preview:large, max-video-preview:-1\" \/>\n<link rel=\"canonical\" href=\"https:\/\/www.meydan.tv\/az\/article\/kucede-qalmagimiz-hec-kimin-vecine-deyil\/\" \/>\n<meta property=\"og:locale\" content=\"az_AZ\" \/>\n<meta property=\"og:type\" content=\"article\" \/>\n<meta property=\"og:title\" content=\"\u201cK\u00fc\u00e7\u0259d\u0259 qalma\u011f\u0131m\u0131z he\u00e7 kimin vecin\u0259 deyil\u201d - MEYDAN.TV\" \/>\n<meta property=\"og:description\" content=\"&quot;Yalvar\u0131ram, biz\u0259 k\u00f6m\u0259k edin&quot;.\" \/>\n<meta property=\"og:url\" content=\"https:\/\/www.meydan.tv\/az\/article\/kucede-qalmagimiz-hec-kimin-vecine-deyil\/\" \/>\n<meta property=\"og:site_name\" content=\"MEYDAN.TV\" \/>\n<meta property=\"article:published_time\" content=\"2020-02-27T08:58:40+00:00\" \/>\n<meta property=\"og:image\" content=\"https:\/\/www.meydan.tv\/wp-content\/uploads\/image_from_ios_2_l0n57i7-scaled.jpg\" \/>\n\t<meta property=\"og:image:width\" content=\"2560\" \/>\n\t<meta property=\"og:image:height\" content=\"1920\" \/>\n\t<meta property=\"og:image:type\" content=\"image\/jpeg\" \/>\n<meta name=\"author\" content=\"user-manager\" \/>\n<meta name=\"twitter:card\" content=\"summary_large_image\" \/>\n<script type=\"application\/ld+json\" class=\"yoast-schema-graph\">{\"@context\":\"https:\\\/\\\/schema.org\",\"@graph\":[{\"@type\":\"Article\",\"@id\":\"https:\\\/\\\/www.meydan.tv\\\/az\\\/article\\\/kucede-qalmagimiz-hec-kimin-vecine-deyil\\\/#article\",\"isPartOf\":{\"@id\":\"https:\\\/\\\/www.meydan.tv\\\/az\\\/article\\\/kucede-qalmagimiz-hec-kimin-vecine-deyil\\\/\"},\"author\":{\"name\":\"user-manager\",\"@id\":\"https:\\\/\\\/www.meydan.tv\\\/az\\\/#\\\/schema\\\/person\\\/10d11eccf6da3662cf5fdab9806ea91a\"},\"headline\":\"\u201cK\u00fc\u00e7\u0259d\u0259 qalma\u011f\u0131m\u0131z he\u00e7 kimin vecin\u0259 deyil\u201d\",\"datePublished\":\"2020-02-27T08:58:40+00:00\",\"mainEntityOfPage\":{\"@id\":\"https:\\\/\\\/www.meydan.tv\\\/az\\\/article\\\/kucede-qalmagimiz-hec-kimin-vecine-deyil\\\/\"},\"wordCount\":1433,\"publisher\":{\"@id\":\"https:\\\/\\\/www.meydan.tv\\\/az\\\/#organization\"},\"image\":{\"@id\":\"https:\\\/\\\/www.meydan.tv\\\/az\\\/article\\\/kucede-qalmagimiz-hec-kimin-vecine-deyil\\\/#primaryimage\"},\"thumbnailUrl\":\"https:\\\/\\\/www.meydan.tv\\\/wp-content\\\/uploads\\\/image_from_ios_2_l0n57i7-scaled.jpg\",\"articleSection\":[\"B\u00f6lg\u0259\"],\"inLanguage\":\"az\"},{\"@type\":\"WebPage\",\"@id\":\"https:\\\/\\\/www.meydan.tv\\\/az\\\/article\\\/kucede-qalmagimiz-hec-kimin-vecine-deyil\\\/\",\"url\":\"https:\\\/\\\/www.meydan.tv\\\/az\\\/article\\\/kucede-qalmagimiz-hec-kimin-vecine-deyil\\\/\",\"name\":\"\u201cK\u00fc\u00e7\u0259d\u0259 qalma\u011f\u0131m\u0131z he\u00e7 kimin vecin\u0259 deyil\u201d - MEYDAN.TV\",\"isPartOf\":{\"@id\":\"https:\\\/\\\/www.meydan.tv\\\/az\\\/#website\"},\"primaryImageOfPage\":{\"@id\":\"https:\\\/\\\/www.meydan.tv\\\/az\\\/article\\\/kucede-qalmagimiz-hec-kimin-vecine-deyil\\\/#primaryimage\"},\"image\":{\"@id\":\"https:\\\/\\\/www.meydan.tv\\\/az\\\/article\\\/kucede-qalmagimiz-hec-kimin-vecine-deyil\\\/#primaryimage\"},\"thumbnailUrl\":\"https:\\\/\\\/www.meydan.tv\\\/wp-content\\\/uploads\\\/image_from_ios_2_l0n57i7-scaled.jpg\",\"datePublished\":\"2020-02-27T08:58:40+00:00\",\"breadcrumb\":{\"@id\":\"https:\\\/\\\/www.meydan.tv\\\/az\\\/article\\\/kucede-qalmagimiz-hec-kimin-vecine-deyil\\\/#breadcrumb\"},\"inLanguage\":\"az\",\"potentialAction\":[{\"@type\":\"ReadAction\",\"target\":[\"https:\\\/\\\/www.meydan.tv\\\/az\\\/article\\\/kucede-qalmagimiz-hec-kimin-vecine-deyil\\\/\"]}]},{\"@type\":\"ImageObject\",\"inLanguage\":\"az\",\"@id\":\"https:\\\/\\\/www.meydan.tv\\\/az\\\/article\\\/kucede-qalmagimiz-hec-kimin-vecine-deyil\\\/#primaryimage\",\"url\":\"https:\\\/\\\/www.meydan.tv\\\/wp-content\\\/uploads\\\/image_from_ios_2_l0n57i7-scaled.jpg\",\"contentUrl\":\"https:\\\/\\\/www.meydan.tv\\\/wp-content\\\/uploads\\\/image_from_ios_2_l0n57i7-scaled.jpg\",\"width\":2560,\"height\":1920,\"caption\":\"Source: Specify Source\"},{\"@type\":\"BreadcrumbList\",\"@id\":\"https:\\\/\\\/www.meydan.tv\\\/az\\\/article\\\/kucede-qalmagimiz-hec-kimin-vecine-deyil\\\/#breadcrumb\",\"itemListElement\":[{\"@type\":\"ListItem\",\"position\":1,\"name\":\"Ana s\u0259hif\u0259\",\"item\":\"https:\\\/\\\/www.meydan.tv\\\/az\\\/\"},{\"@type\":\"ListItem\",\"position\":2,\"name\":\"B\u00f6lg\u0259\",\"item\":\"https:\\\/\\\/www.meydan.tv\\\/az\\\/section\\\/bolge\\\/\"},{\"@type\":\"ListItem\",\"position\":3,\"name\":\"\u201cK\u00fc\u00e7\u0259d\u0259 qalma\u011f\u0131m\u0131z he\u00e7 kimin vecin\u0259 deyil\u201d\"}]},{\"@type\":\"WebSite\",\"@id\":\"https:\\\/\\\/www.meydan.tv\\\/az\\\/#website\",\"url\":\"https:\\\/\\\/www.meydan.tv\\\/az\\\/\",\"name\":\"MEYDAN.TV\",\"description\":\"Meydan TV Az\u0259rbaycan\u0131n media m\u0259kan\u0131ndak\u0131 alternativ s\u0259sidir\",\"publisher\":{\"@id\":\"https:\\\/\\\/www.meydan.tv\\\/az\\\/#organization\"},\"potentialAction\":[{\"@type\":\"SearchAction\",\"target\":{\"@type\":\"EntryPoint\",\"urlTemplate\":\"https:\\\/\\\/www.meydan.tv\\\/az\\\/?s={search_term_string}\"},\"query-input\":{\"@type\":\"PropertyValueSpecification\",\"valueRequired\":true,\"valueName\":\"search_term_string\"}}],\"inLanguage\":\"az\"},{\"@type\":\"Organization\",\"@id\":\"https:\\\/\\\/www.meydan.tv\\\/az\\\/#organization\",\"name\":\"Meydan TV\",\"url\":\"https:\\\/\\\/www.meydan.tv\\\/az\\\/\",\"logo\":{\"@type\":\"ImageObject\",\"inLanguage\":\"az\",\"@id\":\"https:\\\/\\\/www.meydan.tv\\\/az\\\/#\\\/schema\\\/logo\\\/image\\\/\",\"url\":\"https:\\\/\\\/www.meydan.tv\\\/wp-content\\\/uploads\\\/2021\\\/07\\\/meydan-logo.svg\",\"contentUrl\":\"https:\\\/\\\/www.meydan.tv\\\/wp-content\\\/uploads\\\/2021\\\/07\\\/meydan-logo.svg\",\"width\":195,\"height\":46,\"caption\":\"Meydan TV\"},\"image\":{\"@id\":\"https:\\\/\\\/www.meydan.tv\\\/az\\\/#\\\/schema\\\/logo\\\/image\\\/\"}},{\"@type\":\"Person\",\"@id\":\"https:\\\/\\\/www.meydan.tv\\\/az\\\/#\\\/schema\\\/person\\\/10d11eccf6da3662cf5fdab9806ea91a\",\"name\":\"user-manager\"}]}<\/script>\n<!-- \/ Yoast SEO plugin. -->","yoast_head_json":{"title":"\u201cK\u00fc\u00e7\u0259d\u0259 qalma\u011f\u0131m\u0131z he\u00e7 kimin vecin\u0259 deyil\u201d - MEYDAN.TV","robots":{"index":"index","follow":"follow","max-snippet":"max-snippet:-1","max-image-preview":"max-image-preview:large","max-video-preview":"max-video-preview:-1"},"canonical":"https:\/\/www.meydan.tv\/az\/article\/kucede-qalmagimiz-hec-kimin-vecine-deyil\/","og_locale":"az_AZ","og_type":"article","og_title":"\u201cK\u00fc\u00e7\u0259d\u0259 qalma\u011f\u0131m\u0131z he\u00e7 kimin vecin\u0259 deyil\u201d - MEYDAN.TV","og_description":"\"Yalvar\u0131ram, biz\u0259 k\u00f6m\u0259k edin\".","og_url":"https:\/\/www.meydan.tv\/az\/article\/kucede-qalmagimiz-hec-kimin-vecine-deyil\/","og_site_name":"MEYDAN.TV","article_published_time":"2020-02-27T08:58:40+00:00","og_image":[{"width":2560,"height":1920,"url":"https:\/\/www.meydan.tv\/wp-content\/uploads\/image_from_ios_2_l0n57i7-scaled.jpg","type":"image\/jpeg"}],"author":"user-manager","twitter_card":"summary_large_image","schema":{"@context":"https:\/\/schema.org","@graph":[{"@type":"Article","@id":"https:\/\/www.meydan.tv\/az\/article\/kucede-qalmagimiz-hec-kimin-vecine-deyil\/#article","isPartOf":{"@id":"https:\/\/www.meydan.tv\/az\/article\/kucede-qalmagimiz-hec-kimin-vecine-deyil\/"},"author":{"name":"user-manager","@id":"https:\/\/www.meydan.tv\/az\/#\/schema\/person\/10d11eccf6da3662cf5fdab9806ea91a"},"headline":"\u201cK\u00fc\u00e7\u0259d\u0259 qalma\u011f\u0131m\u0131z he\u00e7 kimin vecin\u0259 deyil\u201d","datePublished":"2020-02-27T08:58:40+00:00","mainEntityOfPage":{"@id":"https:\/\/www.meydan.tv\/az\/article\/kucede-qalmagimiz-hec-kimin-vecine-deyil\/"},"wordCount":1433,"publisher":{"@id":"https:\/\/www.meydan.tv\/az\/#organization"},"image":{"@id":"https:\/\/www.meydan.tv\/az\/article\/kucede-qalmagimiz-hec-kimin-vecine-deyil\/#primaryimage"},"thumbnailUrl":"https:\/\/www.meydan.tv\/wp-content\/uploads\/image_from_ios_2_l0n57i7-scaled.jpg","articleSection":["B\u00f6lg\u0259"],"inLanguage":"az"},{"@type":"WebPage","@id":"https:\/\/www.meydan.tv\/az\/article\/kucede-qalmagimiz-hec-kimin-vecine-deyil\/","url":"https:\/\/www.meydan.tv\/az\/article\/kucede-qalmagimiz-hec-kimin-vecine-deyil\/","name":"\u201cK\u00fc\u00e7\u0259d\u0259 qalma\u011f\u0131m\u0131z he\u00e7 kimin vecin\u0259 deyil\u201d - MEYDAN.TV","isPartOf":{"@id":"https:\/\/www.meydan.tv\/az\/#website"},"primaryImageOfPage":{"@id":"https:\/\/www.meydan.tv\/az\/article\/kucede-qalmagimiz-hec-kimin-vecine-deyil\/#primaryimage"},"image":{"@id":"https:\/\/www.meydan.tv\/az\/article\/kucede-qalmagimiz-hec-kimin-vecine-deyil\/#primaryimage"},"thumbnailUrl":"https:\/\/www.meydan.tv\/wp-content\/uploads\/image_from_ios_2_l0n57i7-scaled.jpg","datePublished":"2020-02-27T08:58:40+00:00","breadcrumb":{"@id":"https:\/\/www.meydan.tv\/az\/article\/kucede-qalmagimiz-hec-kimin-vecine-deyil\/#breadcrumb"},"inLanguage":"az","potentialAction":[{"@type":"ReadAction","target":["https:\/\/www.meydan.tv\/az\/article\/kucede-qalmagimiz-hec-kimin-vecine-deyil\/"]}]},{"@type":"ImageObject","inLanguage":"az","@id":"https:\/\/www.meydan.tv\/az\/article\/kucede-qalmagimiz-hec-kimin-vecine-deyil\/#primaryimage","url":"https:\/\/www.meydan.tv\/wp-content\/uploads\/image_from_ios_2_l0n57i7-scaled.jpg","contentUrl":"https:\/\/www.meydan.tv\/wp-content\/uploads\/image_from_ios_2_l0n57i7-scaled.jpg","width":2560,"height":1920,"caption":"Source: Specify Source"},{"@type":"BreadcrumbList","@id":"https:\/\/www.meydan.tv\/az\/article\/kucede-qalmagimiz-hec-kimin-vecine-deyil\/#breadcrumb","itemListElement":[{"@type":"ListItem","position":1,"name":"Ana s\u0259hif\u0259","item":"https:\/\/www.meydan.tv\/az\/"},{"@type":"ListItem","position":2,"name":"B\u00f6lg\u0259","item":"https:\/\/www.meydan.tv\/az\/section\/bolge\/"},{"@type":"ListItem","position":3,"name":"\u201cK\u00fc\u00e7\u0259d\u0259 qalma\u011f\u0131m\u0131z he\u00e7 kimin vecin\u0259 deyil\u201d"}]},{"@type":"WebSite","@id":"https:\/\/www.meydan.tv\/az\/#website","url":"https:\/\/www.meydan.tv\/az\/","name":"MEYDAN.TV","description":"Meydan TV Az\u0259rbaycan\u0131n media m\u0259kan\u0131ndak\u0131 alternativ s\u0259sidir","publisher":{"@id":"https:\/\/www.meydan.tv\/az\/#organization"},"potentialAction":[{"@type":"SearchAction","target":{"@type":"EntryPoint","urlTemplate":"https:\/\/www.meydan.tv\/az\/?s={search_term_string}"},"query-input":{"@type":"PropertyValueSpecification","valueRequired":true,"valueName":"search_term_string"}}],"inLanguage":"az"},{"@type":"Organization","@id":"https:\/\/www.meydan.tv\/az\/#organization","name":"Meydan TV","url":"https:\/\/www.meydan.tv\/az\/","logo":{"@type":"ImageObject","inLanguage":"az","@id":"https:\/\/www.meydan.tv\/az\/#\/schema\/logo\/image\/","url":"https:\/\/www.meydan.tv\/wp-content\/uploads\/2021\/07\/meydan-logo.svg","contentUrl":"https:\/\/www.meydan.tv\/wp-content\/uploads\/2021\/07\/meydan-logo.svg","width":195,"height":46,"caption":"Meydan TV"},"image":{"@id":"https:\/\/www.meydan.tv\/az\/#\/schema\/logo\/image\/"}},{"@type":"Person","@id":"https:\/\/www.meydan.tv\/az\/#\/schema\/person\/10d11eccf6da3662cf5fdab9806ea91a","name":"user-manager"}]}},"_links":{"self":[{"href":"https:\/\/www.meydan.tv\/az\/wp-json\/wp\/v2\/posts\/199474","targetHints":{"allow":["GET"]}}],"collection":[{"href":"https:\/\/www.meydan.tv\/az\/wp-json\/wp\/v2\/posts"}],"about":[{"href":"https:\/\/www.meydan.tv\/az\/wp-json\/wp\/v2\/types\/post"}],"author":[{"embeddable":true,"href":"https:\/\/www.meydan.tv\/az\/wp-json\/wp\/v2\/users\/11"}],"replies":[{"embeddable":true,"href":"https:\/\/www.meydan.tv\/az\/wp-json\/wp\/v2\/comments?post=199474"}],"version-history":[{"count":0,"href":"https:\/\/www.meydan.tv\/az\/wp-json\/wp\/v2\/posts\/199474\/revisions"}],"wp:featuredmedia":[{"embeddable":true,"href":"https:\/\/www.meydan.tv\/az\/wp-json\/wp\/v2\/media\/138237"}],"wp:attachment":[{"href":"https:\/\/www.meydan.tv\/az\/wp-json\/wp\/v2\/media?parent=199474"}],"wp:term":[{"taxonomy":"category","embeddable":true,"href":"https:\/\/www.meydan.tv\/az\/wp-json\/wp\/v2\/categories?post=199474"},{"taxonomy":"post_tag","embeddable":true,"href":"https:\/\/www.meydan.tv\/az\/wp-json\/wp\/v2\/tags?post=199474"}],"curies":[{"name":"wp","href":"https:\/\/api.w.org\/{rel}","templated":true}]}}