{"id":199471,"date":"2020-02-27T09:53:18","date_gmt":"2020-02-27T09:53:18","guid":{"rendered":"https:\/\/www.meydan.tv\/article\/gurcustanda-koronavirusdan-yoluxma-qeyde-alinib\/"},"modified":"2020-02-27T09:53:18","modified_gmt":"2020-02-27T09:53:18","slug":"gurcustanda-koronavirusdan-yoluxma-qeyde-alinib","status":"publish","type":"post","link":"https:\/\/www.meydan.tv\/az\/article\/gurcustanda-koronavirusdan-yoluxma-qeyde-alinib\/","title":{"rendered":"G\u00fcrc\u00fcstanda koronavirusdan yoluxma qeyd\u0259 al\u0131n\u0131b"},"content":{"rendered":"<p>\n  <i><br \/>\n    Nazir s\u0259rh\u0259d\u00e7il\u0259rin d\u0259 karantin\u0259 al\u0259nd\u0131\u011f\u0131n\u0131 deyib<br \/>\n  <\/i>\n<\/p>\n<p>\n  G\u00fcrc\u00fcstan\u0131n S\u0259hiyy\u0259 naziri Ekaterine Tikaradze \u00e7\u0259r\u015f\u0259nb\u0259 g\u00fcn\u00fc \u0130rana i\u015fg\u00fczar s\u0259f\u0259r\u0259 getmi\u015f bir G\u00fcrc\u00fcstan v\u0259t\u0259nda\u015f\u0131n\u0131n koronavirusa yoluxdu\u011funu a\u00e7\u0131qlay\u0131b, &#8211; yerli g\u00fcrc\u00fc medialar\u0131 x\u0259b\u0259r verir.\n<\/p>\n<p>\n  Tikaradze \u00e7\u0259r\u015f\u0259nb\u0259 ax\u015fam\u0131 Az\u0259rbaycan \u00fcz\u0259rind\u0259n G\u00fcrc\u00fcstana qay\u0131dan \u015f\u0259xsin d\u0259rhal Tbilisi yoluxucu x\u0259st\u0259likl\u0259r x\u0259st\u0259xanas\u0131na \u00e7atd\u0131r\u0131ld\u0131\u011f\u0131n\u0131 v\u0259 onun s\u0259rh\u0259d\u00e7il\u0259rd\u0259n ba\u015fqa dig\u0259r v\u0259t\u0259nda\u015flarla he\u00e7 bir \u00fcnsiyy\u0259tinin olmad\u0131\u011f\u0131n\u0131 deyib.\n<\/p>\n<p>\n  S\u0259hiyy\u0259 naziri onu da qeyd edib ki, G\u00fcrc\u00fcstan s\u0259rh\u0259d\u00e7il\u0259ri qoruyucu vasit\u0259l\u0259rd\u0259n istifad\u0259 ets\u0259l\u0259r d\u0259, onlar da karantin alt\u0131na al\u0131nacaq.\n<\/p>\n<p>\n  \u201cG\u00fcrc\u00fcstan v\u0259t\u0259nda\u015flar\u0131n\u0131 \u0259min etm\u0259k ist\u0259rdim. Panikaya \u0259sas yoxdur, \u00e7\u00fcnki h\u00f6kum\u0259timiz h\u0259r \u015feyi edir v\u0259 biz G\u00fcrc\u00fcstanda koronavirus epidemiyas\u0131n\u0131n qar\u015f\u0131s\u0131n\u0131 almaq \u00fc\u00e7\u00fcn b\u00fct\u00fcn s\u0259yl\u0259rimizi s\u0259f\u0259rb\u0259r edirik\u201d,- Tikaradze deyib.\n<\/p>\n<figure class=\"wp-block-image size-large\">\n  <img decoding=\"async\" src=\"https:\/\/www.meydan.tv\/az\/1560853262-%e1%83%94%e1%83%99%e1%83%90%e1%83%a2%e1%83%94%e1%83%a0%e1%83%98%e1%83%9c%e1%83%94-%e1%83%a2%e1%83%98%e1%83%99%e1%83%90%e1%83%a0%e1%83%90%e1%83%ab%e1%83%94-jpg\/\" alt=\"1560853262-\u10d4\u10d9\u10d0\u10e2\u10d4\u10e0\u10d8\u10dc\u10d4-\u10e2\u10d8\u10d9\u10d0\u10e0\u10d0\u10eb\u10d4.jpg\" class=\"wp-image-138267\"\/><figcaption>\n    Ekaterine Tikaradze<br \/>\n  <\/figcaption><\/figure>\n<p>\n  Bazar g\u00fcn\u00fc koronavirusun b\u00f6lg\u0259y\u0259 yay\u0131lmas\u0131ndan sonra G\u00fcrc\u00fcstan \u0130ranla u\u00e7u\u015flar\u0131 dayand\u0131r\u0131b. Nazir Tikaradze bu g\u00fcn quru yolla h\u0259r\u0259k\u0259t\u0259 d\u0259 iki h\u0259ft\u0259lik m\u0259hdudiyy\u0259t qoyulaca\u011f\u0131n\u0131 bildirib.\n<\/p>\n<p>\n  G\u00fcrc\u00fcstan Milli X\u0259st\u0259likl\u0259r\u0259 N\u0259zar\u0259t M\u0259rk\u0259zinin r\u0259hb\u0259ri Amiran Gamkrelidze koronavirusun yay\u0131lmas\u0131 fonunda v\u0259t\u0259nda\u015flara m\u00fcv\u0259qq\u0259ti olaraq \u00c7in, \u0130ran, C\u0259nubi Koreya v\u0259 \u0130taliyaya getm\u0259m\u0259l\u0259rini t\u00f6vsiy\u0259 edib.\n<\/p>\n<p>\n  Koronavirus ke\u00e7\u0259n ilin dekabr ay\u0131nda \u00c7inin Vuhan \u015f\u0259h\u0259rind\u0259 meydana g\u0259lib. O vaxtdan b\u0259ri virusun d\u00fcnyan\u0131n 30-a yax\u0131n \u00f6lk\u0259sin\u0259 yay\u0131ld\u0131\u011f\u0131 bildirilir.<\/p>\n","protected":false},"excerpt":{"rendered":"<p>S\u0259hiyy\u0259 naziri onu da qeyd edib ki, G\u00fcrc\u00fcstan s\u0259rh\u0259d\u00e7il\u0259ri qoruyucu vasit\u0259l\u0259rd\u0259n istifad\u0259 ets\u0259l\u0259r d\u0259, onlar da karantin alt\u0131na al\u0131nacaq.<\/p>\n","protected":false},"author":11,"featured_media":138255,"comment_status":"closed","ping_status":"open","sticky":false,"template":"","format":"standard","meta":{"_acf_changed":false,"_sitemap_exclude":false,"_sitemap_priority":"","_sitemap_frequency":"","footnotes":""},"categories":[64],"tags":[],"class_list":["post-199471","post","type-post","status-publish","format-standard","has-post-thumbnail","hentry","category-dunya","infinite-scroll-item","generate-columns","tablet-grid-50","mobile-grid-100","grid-parent","grid-33","no-featured-image-padding"],"acf":[],"yoast_head":"<!-- This site is optimized with the Yoast SEO plugin v27.4 - https:\/\/yoast.com\/product\/yoast-seo-wordpress\/ -->\n<title>G\u00fcrc\u00fcstanda koronavirusdan yoluxma qeyd\u0259 al\u0131n\u0131b - MEYDAN.TV<\/title>\n<meta name=\"robots\" content=\"index, follow, max-snippet:-1, max-image-preview:large, max-video-preview:-1\" \/>\n<link rel=\"canonical\" href=\"https:\/\/www.meydan.tv\/az\/article\/gurcustanda-koronavirusdan-yoluxma-qeyde-alinib\/\" \/>\n<meta property=\"og:locale\" content=\"az_AZ\" \/>\n<meta property=\"og:type\" content=\"article\" \/>\n<meta property=\"og:title\" content=\"G\u00fcrc\u00fcstanda koronavirusdan yoluxma qeyd\u0259 al\u0131n\u0131b - MEYDAN.TV\" \/>\n<meta property=\"og:description\" content=\"S\u0259hiyy\u0259 naziri onu da qeyd edib ki, G\u00fcrc\u00fcstan s\u0259rh\u0259d\u00e7il\u0259ri qoruyucu vasit\u0259l\u0259rd\u0259n istifad\u0259 ets\u0259l\u0259r d\u0259, onlar da karantin alt\u0131na al\u0131nacaq.\" \/>\n<meta property=\"og:url\" content=\"https:\/\/www.meydan.tv\/az\/article\/gurcustanda-koronavirusdan-yoluxma-qeyde-alinib\/\" \/>\n<meta property=\"og:site_name\" content=\"MEYDAN.TV\" \/>\n<meta property=\"article:published_time\" content=\"2020-02-27T09:53:18+00:00\" \/>\n<meta property=\"og:image\" content=\"https:\/\/www.meydan.tv\/wp-content\/uploads\/755827908801788.jpeg\" \/>\n\t<meta property=\"og:image:width\" content=\"1180\" \/>\n\t<meta property=\"og:image:height\" content=\"730\" \/>\n\t<meta property=\"og:image:type\" content=\"image\/jpeg\" \/>\n<meta name=\"author\" content=\"user-manager\" \/>\n<meta name=\"twitter:card\" content=\"summary_large_image\" \/>\n<script type=\"application\/ld+json\" class=\"yoast-schema-graph\">{\"@context\":\"https:\\\/\\\/schema.org\",\"@graph\":[{\"@type\":\"Article\",\"@id\":\"https:\\\/\\\/www.meydan.tv\\\/az\\\/article\\\/gurcustanda-koronavirusdan-yoluxma-qeyde-alinib\\\/#article\",\"isPartOf\":{\"@id\":\"https:\\\/\\\/www.meydan.tv\\\/az\\\/article\\\/gurcustanda-koronavirusdan-yoluxma-qeyde-alinib\\\/\"},\"author\":{\"name\":\"user-manager\",\"@id\":\"https:\\\/\\\/www.meydan.tv\\\/az\\\/#\\\/schema\\\/person\\\/10d11eccf6da3662cf5fdab9806ea91a\"},\"headline\":\"G\u00fcrc\u00fcstanda koronavirusdan yoluxma qeyd\u0259 al\u0131n\u0131b\",\"datePublished\":\"2020-02-27T09:53:18+00:00\",\"mainEntityOfPage\":{\"@id\":\"https:\\\/\\\/www.meydan.tv\\\/az\\\/article\\\/gurcustanda-koronavirusdan-yoluxma-qeyde-alinib\\\/\"},\"wordCount\":327,\"publisher\":{\"@id\":\"https:\\\/\\\/www.meydan.tv\\\/az\\\/#organization\"},\"image\":{\"@id\":\"https:\\\/\\\/www.meydan.tv\\\/az\\\/article\\\/gurcustanda-koronavirusdan-yoluxma-qeyde-alinib\\\/#primaryimage\"},\"thumbnailUrl\":\"https:\\\/\\\/www.meydan.tv\\\/wp-content\\\/uploads\\\/755827908801788.jpeg\",\"articleSection\":[\"D\u00fcnya\"],\"inLanguage\":\"az\"},{\"@type\":\"WebPage\",\"@id\":\"https:\\\/\\\/www.meydan.tv\\\/az\\\/article\\\/gurcustanda-koronavirusdan-yoluxma-qeyde-alinib\\\/\",\"url\":\"https:\\\/\\\/www.meydan.tv\\\/az\\\/article\\\/gurcustanda-koronavirusdan-yoluxma-qeyde-alinib\\\/\",\"name\":\"G\u00fcrc\u00fcstanda koronavirusdan yoluxma qeyd\u0259 al\u0131n\u0131b - MEYDAN.TV\",\"isPartOf\":{\"@id\":\"https:\\\/\\\/www.meydan.tv\\\/az\\\/#website\"},\"primaryImageOfPage\":{\"@id\":\"https:\\\/\\\/www.meydan.tv\\\/az\\\/article\\\/gurcustanda-koronavirusdan-yoluxma-qeyde-alinib\\\/#primaryimage\"},\"image\":{\"@id\":\"https:\\\/\\\/www.meydan.tv\\\/az\\\/article\\\/gurcustanda-koronavirusdan-yoluxma-qeyde-alinib\\\/#primaryimage\"},\"thumbnailUrl\":\"https:\\\/\\\/www.meydan.tv\\\/wp-content\\\/uploads\\\/755827908801788.jpeg\",\"datePublished\":\"2020-02-27T09:53:18+00:00\",\"breadcrumb\":{\"@id\":\"https:\\\/\\\/www.meydan.tv\\\/az\\\/article\\\/gurcustanda-koronavirusdan-yoluxma-qeyde-alinib\\\/#breadcrumb\"},\"inLanguage\":\"az\",\"potentialAction\":[{\"@type\":\"ReadAction\",\"target\":[\"https:\\\/\\\/www.meydan.tv\\\/az\\\/article\\\/gurcustanda-koronavirusdan-yoluxma-qeyde-alinib\\\/\"]}]},{\"@type\":\"ImageObject\",\"inLanguage\":\"az\",\"@id\":\"https:\\\/\\\/www.meydan.tv\\\/az\\\/article\\\/gurcustanda-koronavirusdan-yoluxma-qeyde-alinib\\\/#primaryimage\",\"url\":\"https:\\\/\\\/www.meydan.tv\\\/wp-content\\\/uploads\\\/755827908801788.jpeg\",\"contentUrl\":\"https:\\\/\\\/www.meydan.tv\\\/wp-content\\\/uploads\\\/755827908801788.jpeg\",\"width\":1180,\"height\":730,\"caption\":\"Source: Foto: ria novosti\"},{\"@type\":\"BreadcrumbList\",\"@id\":\"https:\\\/\\\/www.meydan.tv\\\/az\\\/article\\\/gurcustanda-koronavirusdan-yoluxma-qeyde-alinib\\\/#breadcrumb\",\"itemListElement\":[{\"@type\":\"ListItem\",\"position\":1,\"name\":\"Ana s\u0259hif\u0259\",\"item\":\"https:\\\/\\\/www.meydan.tv\\\/az\\\/\"},{\"@type\":\"ListItem\",\"position\":2,\"name\":\"D\u00fcnya\",\"item\":\"https:\\\/\\\/www.meydan.tv\\\/az\\\/section\\\/dunya\\\/\"},{\"@type\":\"ListItem\",\"position\":3,\"name\":\"G\u00fcrc\u00fcstanda koronavirusdan yoluxma qeyd\u0259 al\u0131n\u0131b\"}]},{\"@type\":\"WebSite\",\"@id\":\"https:\\\/\\\/www.meydan.tv\\\/az\\\/#website\",\"url\":\"https:\\\/\\\/www.meydan.tv\\\/az\\\/\",\"name\":\"MEYDAN.TV\",\"description\":\"Meydan TV Az\u0259rbaycan\u0131n media m\u0259kan\u0131ndak\u0131 alternativ s\u0259sidir\",\"publisher\":{\"@id\":\"https:\\\/\\\/www.meydan.tv\\\/az\\\/#organization\"},\"potentialAction\":[{\"@type\":\"SearchAction\",\"target\":{\"@type\":\"EntryPoint\",\"urlTemplate\":\"https:\\\/\\\/www.meydan.tv\\\/az\\\/?s={search_term_string}\"},\"query-input\":{\"@type\":\"PropertyValueSpecification\",\"valueRequired\":true,\"valueName\":\"search_term_string\"}}],\"inLanguage\":\"az\"},{\"@type\":\"Organization\",\"@id\":\"https:\\\/\\\/www.meydan.tv\\\/az\\\/#organization\",\"name\":\"Meydan TV\",\"url\":\"https:\\\/\\\/www.meydan.tv\\\/az\\\/\",\"logo\":{\"@type\":\"ImageObject\",\"inLanguage\":\"az\",\"@id\":\"https:\\\/\\\/www.meydan.tv\\\/az\\\/#\\\/schema\\\/logo\\\/image\\\/\",\"url\":\"https:\\\/\\\/www.meydan.tv\\\/wp-content\\\/uploads\\\/2021\\\/07\\\/meydan-logo.svg\",\"contentUrl\":\"https:\\\/\\\/www.meydan.tv\\\/wp-content\\\/uploads\\\/2021\\\/07\\\/meydan-logo.svg\",\"width\":195,\"height\":46,\"caption\":\"Meydan TV\"},\"image\":{\"@id\":\"https:\\\/\\\/www.meydan.tv\\\/az\\\/#\\\/schema\\\/logo\\\/image\\\/\"}},{\"@type\":\"Person\",\"@id\":\"https:\\\/\\\/www.meydan.tv\\\/az\\\/#\\\/schema\\\/person\\\/10d11eccf6da3662cf5fdab9806ea91a\",\"name\":\"user-manager\"}]}<\/script>\n<!-- \/ Yoast SEO plugin. -->","yoast_head_json":{"title":"G\u00fcrc\u00fcstanda koronavirusdan yoluxma qeyd\u0259 al\u0131n\u0131b - MEYDAN.TV","robots":{"index":"index","follow":"follow","max-snippet":"max-snippet:-1","max-image-preview":"max-image-preview:large","max-video-preview":"max-video-preview:-1"},"canonical":"https:\/\/www.meydan.tv\/az\/article\/gurcustanda-koronavirusdan-yoluxma-qeyde-alinib\/","og_locale":"az_AZ","og_type":"article","og_title":"G\u00fcrc\u00fcstanda koronavirusdan yoluxma qeyd\u0259 al\u0131n\u0131b - MEYDAN.TV","og_description":"S\u0259hiyy\u0259 naziri onu da qeyd edib ki, G\u00fcrc\u00fcstan s\u0259rh\u0259d\u00e7il\u0259ri qoruyucu vasit\u0259l\u0259rd\u0259n istifad\u0259 ets\u0259l\u0259r d\u0259, onlar da karantin alt\u0131na al\u0131nacaq.","og_url":"https:\/\/www.meydan.tv\/az\/article\/gurcustanda-koronavirusdan-yoluxma-qeyde-alinib\/","og_site_name":"MEYDAN.TV","article_published_time":"2020-02-27T09:53:18+00:00","og_image":[{"width":1180,"height":730,"url":"https:\/\/www.meydan.tv\/wp-content\/uploads\/755827908801788.jpeg","type":"image\/jpeg"}],"author":"user-manager","twitter_card":"summary_large_image","schema":{"@context":"https:\/\/schema.org","@graph":[{"@type":"Article","@id":"https:\/\/www.meydan.tv\/az\/article\/gurcustanda-koronavirusdan-yoluxma-qeyde-alinib\/#article","isPartOf":{"@id":"https:\/\/www.meydan.tv\/az\/article\/gurcustanda-koronavirusdan-yoluxma-qeyde-alinib\/"},"author":{"name":"user-manager","@id":"https:\/\/www.meydan.tv\/az\/#\/schema\/person\/10d11eccf6da3662cf5fdab9806ea91a"},"headline":"G\u00fcrc\u00fcstanda koronavirusdan yoluxma qeyd\u0259 al\u0131n\u0131b","datePublished":"2020-02-27T09:53:18+00:00","mainEntityOfPage":{"@id":"https:\/\/www.meydan.tv\/az\/article\/gurcustanda-koronavirusdan-yoluxma-qeyde-alinib\/"},"wordCount":327,"publisher":{"@id":"https:\/\/www.meydan.tv\/az\/#organization"},"image":{"@id":"https:\/\/www.meydan.tv\/az\/article\/gurcustanda-koronavirusdan-yoluxma-qeyde-alinib\/#primaryimage"},"thumbnailUrl":"https:\/\/www.meydan.tv\/wp-content\/uploads\/755827908801788.jpeg","articleSection":["D\u00fcnya"],"inLanguage":"az"},{"@type":"WebPage","@id":"https:\/\/www.meydan.tv\/az\/article\/gurcustanda-koronavirusdan-yoluxma-qeyde-alinib\/","url":"https:\/\/www.meydan.tv\/az\/article\/gurcustanda-koronavirusdan-yoluxma-qeyde-alinib\/","name":"G\u00fcrc\u00fcstanda koronavirusdan yoluxma qeyd\u0259 al\u0131n\u0131b - MEYDAN.TV","isPartOf":{"@id":"https:\/\/www.meydan.tv\/az\/#website"},"primaryImageOfPage":{"@id":"https:\/\/www.meydan.tv\/az\/article\/gurcustanda-koronavirusdan-yoluxma-qeyde-alinib\/#primaryimage"},"image":{"@id":"https:\/\/www.meydan.tv\/az\/article\/gurcustanda-koronavirusdan-yoluxma-qeyde-alinib\/#primaryimage"},"thumbnailUrl":"https:\/\/www.meydan.tv\/wp-content\/uploads\/755827908801788.jpeg","datePublished":"2020-02-27T09:53:18+00:00","breadcrumb":{"@id":"https:\/\/www.meydan.tv\/az\/article\/gurcustanda-koronavirusdan-yoluxma-qeyde-alinib\/#breadcrumb"},"inLanguage":"az","potentialAction":[{"@type":"ReadAction","target":["https:\/\/www.meydan.tv\/az\/article\/gurcustanda-koronavirusdan-yoluxma-qeyde-alinib\/"]}]},{"@type":"ImageObject","inLanguage":"az","@id":"https:\/\/www.meydan.tv\/az\/article\/gurcustanda-koronavirusdan-yoluxma-qeyde-alinib\/#primaryimage","url":"https:\/\/www.meydan.tv\/wp-content\/uploads\/755827908801788.jpeg","contentUrl":"https:\/\/www.meydan.tv\/wp-content\/uploads\/755827908801788.jpeg","width":1180,"height":730,"caption":"Source: Foto: ria novosti"},{"@type":"BreadcrumbList","@id":"https:\/\/www.meydan.tv\/az\/article\/gurcustanda-koronavirusdan-yoluxma-qeyde-alinib\/#breadcrumb","itemListElement":[{"@type":"ListItem","position":1,"name":"Ana s\u0259hif\u0259","item":"https:\/\/www.meydan.tv\/az\/"},{"@type":"ListItem","position":2,"name":"D\u00fcnya","item":"https:\/\/www.meydan.tv\/az\/section\/dunya\/"},{"@type":"ListItem","position":3,"name":"G\u00fcrc\u00fcstanda koronavirusdan yoluxma qeyd\u0259 al\u0131n\u0131b"}]},{"@type":"WebSite","@id":"https:\/\/www.meydan.tv\/az\/#website","url":"https:\/\/www.meydan.tv\/az\/","name":"MEYDAN.TV","description":"Meydan TV Az\u0259rbaycan\u0131n media m\u0259kan\u0131ndak\u0131 alternativ s\u0259sidir","publisher":{"@id":"https:\/\/www.meydan.tv\/az\/#organization"},"potentialAction":[{"@type":"SearchAction","target":{"@type":"EntryPoint","urlTemplate":"https:\/\/www.meydan.tv\/az\/?s={search_term_string}"},"query-input":{"@type":"PropertyValueSpecification","valueRequired":true,"valueName":"search_term_string"}}],"inLanguage":"az"},{"@type":"Organization","@id":"https:\/\/www.meydan.tv\/az\/#organization","name":"Meydan TV","url":"https:\/\/www.meydan.tv\/az\/","logo":{"@type":"ImageObject","inLanguage":"az","@id":"https:\/\/www.meydan.tv\/az\/#\/schema\/logo\/image\/","url":"https:\/\/www.meydan.tv\/wp-content\/uploads\/2021\/07\/meydan-logo.svg","contentUrl":"https:\/\/www.meydan.tv\/wp-content\/uploads\/2021\/07\/meydan-logo.svg","width":195,"height":46,"caption":"Meydan TV"},"image":{"@id":"https:\/\/www.meydan.tv\/az\/#\/schema\/logo\/image\/"}},{"@type":"Person","@id":"https:\/\/www.meydan.tv\/az\/#\/schema\/person\/10d11eccf6da3662cf5fdab9806ea91a","name":"user-manager"}]}},"_links":{"self":[{"href":"https:\/\/www.meydan.tv\/az\/wp-json\/wp\/v2\/posts\/199471","targetHints":{"allow":["GET"]}}],"collection":[{"href":"https:\/\/www.meydan.tv\/az\/wp-json\/wp\/v2\/posts"}],"about":[{"href":"https:\/\/www.meydan.tv\/az\/wp-json\/wp\/v2\/types\/post"}],"author":[{"embeddable":true,"href":"https:\/\/www.meydan.tv\/az\/wp-json\/wp\/v2\/users\/11"}],"replies":[{"embeddable":true,"href":"https:\/\/www.meydan.tv\/az\/wp-json\/wp\/v2\/comments?post=199471"}],"version-history":[{"count":0,"href":"https:\/\/www.meydan.tv\/az\/wp-json\/wp\/v2\/posts\/199471\/revisions"}],"wp:featuredmedia":[{"embeddable":true,"href":"https:\/\/www.meydan.tv\/az\/wp-json\/wp\/v2\/media\/138255"}],"wp:attachment":[{"href":"https:\/\/www.meydan.tv\/az\/wp-json\/wp\/v2\/media?parent=199471"}],"wp:term":[{"taxonomy":"category","embeddable":true,"href":"https:\/\/www.meydan.tv\/az\/wp-json\/wp\/v2\/categories?post=199471"},{"taxonomy":"post_tag","embeddable":true,"href":"https:\/\/www.meydan.tv\/az\/wp-json\/wp\/v2\/tags?post=199471"}],"curies":[{"name":"wp","href":"https:\/\/api.w.org\/{rel}","templated":true}]}}